{"id":245749,"date":"2025-07-02T21:32:10","date_gmt":"2025-07-02T18:32:10","guid":{"rendered":"https:\/\/vof-news.eu\/laurent-wauquiez-et-lr-veulent-un-budget-0-hausse-dimpots-et-propose-un-projet-de-loi-contre-la-fraude-sociale\/"},"modified":"2025-07-02T21:32:30","modified_gmt":"2025-07-02T18:32:30","slug":"laurent-wauquiez-et-lr-veulent-un-budget-0-hausse-dimpots-et-propose-un-projet-de-loi-contre-la-fraude-sociale","status":"publish","type":"post","link":"https:\/\/vof-news.eu\/fr\/laurent-wauquiez-et-lr-veulent-un-budget-0-hausse-dimpots-et-propose-un-projet-de-loi-contre-la-fraude-sociale\/","title":{"rendered":"Laurent Wauquiez et LR veulent un budget \u00ab\u00a00\u00a0% hausse d\u2019imp\u00f4ts\u00a0\u00bb et propose un projet de loi contre \u00ab\u00a0la fraude sociale\u00a0\u00bb"},"content":{"rendered":"<article>\n<p>Il tient en six pages, mais le titre d\u00e9voile l\u2019essentiel\u00a0: \u00ab\u00a0100\u00a0% d\u2019\u00e9conomies, 0\u00a0% de hausse d\u2019imp\u00f4ts\u00a0\u00bb. Mercredi 2\u00a0juillet, Laurent Wauquiez a pr\u00e9sent\u00e9 le \u00ab\u00a0pacte budg\u00e9taire\u00a0\u00bb du groupe des d\u00e9put\u00e9s Les R\u00e9publicains (LR), qu\u2019il pr\u00e9side, \u00e0 l\u2019Assembl\u00e9e nationale. Derri\u00e8re les chiffres, le message est tr\u00e8s politique et s\u2019adresse \u00e0 Fran\u00e7ois Bayrou. A la recherche de 40\u00a0milliards d\u2019euros d\u2019\u00e9conomies, le premier ministre doit d\u00e9voiler une feuille de route \u00e0 la mi-juillet pour pr\u00e9parer l\u2019examen d\u2019un budget de tous les dangers \u00e0 l\u2019automne. Plut\u00f4t que r\u00e9agir, la droite pr\u00e9f\u00e8re agir, et peint d\u00e9j\u00e0 une ligne rouge devant Matignon. , a insist\u00e9 Laurent Wauquiez, selon qui <\/p>\n<p>A l\u2019automne 2024, le d\u00e9put\u00e9 de la Haute-Loire avait accept\u00e9 \u00e0 contrec\u0153ur certaines hausses cibl\u00e9es (notamment sur les grandes entreprises et les superprofits) car elles \u00e9taient propos\u00e9es par un premier ministre LR, Michel Barnier, et que ce dernier . Malgr\u00e9 un \u00e9tat des lieux comparable, son successeur ne b\u00e9n\u00e9ficie pas de la m\u00eame mansu\u00e9tude. Un euro d\u2019imp\u00f4t en plus et Fran\u00e7ois Bayrou verra LR \u2013 membre de sa majorit\u00e9, pourtant \u2013 ne pas voter son budget., assure M. Wauquiez. Son groupe en aura-t-il \u00e0 en arriver l\u00e0\u00a0?, observe un d\u00e9put\u00e9 LR.<\/p>\n<p><strong>Il vous reste 62.91% de cet article \u00e0 lire. La suite est r\u00e9serv\u00e9e aux abonn\u00e9s.<\/strong><\/p>\n<\/article>\n","protected":false},"excerpt":{"rendered":"<p>Il tient en six pages, mais le titre d\u00e9voile l\u2019essentiel\u00a0: \u00ab\u00a0100\u00a0% d\u2019\u00e9conomies, 0\u00a0% de hausse d\u2019imp\u00f4ts\u00a0\u00bb. Mercredi 2\u00a0juillet, Laurent Wauquiez a pr\u00e9sent\u00e9 le \u00ab\u00a0pacte budg\u00e9taire\u00a0\u00bb du groupe des d\u00e9put\u00e9s Les R\u00e9publicains (LR), qu\u2019il pr\u00e9side, \u00e0 l\u2019Assembl\u00e9e nationale. Derri\u00e8re les chiffres, le message est tr\u00e8s politique et s\u2019adresse \u00e0 Fran\u00e7ois Bayrou. A la recherche de 40\u00a0milliards<\/p>\n","protected":false},"author":1,"featured_media":245750,"comment_status":"open","ping_status":"open","sticky":false,"template":"","format":"standard","meta":{"footnotes":""},"categories":[68],"tags":[],"class_list":["post-245749","post","type-post","status-publish","format-standard","has-post-thumbnail","hentry","category-politics-fr"],"acf":[],"yoast_head":"<!-- This site is optimized with the Yoast SEO plugin v22.9 - https:\/\/yoast.com\/wordpress\/plugins\/seo\/ -->\n<title>Laurent Wauquiez et LR veulent un budget \u00ab\u00a00\u00a0% hausse d\u2019imp\u00f4ts\u00a0\u00bb et propose un projet de loi contre \u00ab\u00a0la fraude sociale\u00a0\u00bb - vof-news.eu<\/title>\n<meta name=\"description\" content=\"Il tient en six pages, mais le titre d\u00e9voile l\u2019essentiel\u00a0: \u00ab\u00a0100\u00a0% d\u2019\u00e9conomies, 0\u00a0% de hausse d\u2019imp\u00f4ts\u00a0\u00bb. Mercredi 2\u00a0juillet, Laurent Wauquiez a pr\u00e9sent\u00e9 le \u00ab\u00a0pacte budg\u00e9taire\u00a0\u00bb du groupe des d\u00e9put\u00e9s Les R\u00e9publicains (LR), qu\u2019il pr\u00e9side, \u00e0 l\u2019Assembl\u00e9e nationale. Derri\u00e8re les chiffres, le message est tr\u00e8s politique et s\u2019adresse \u00e0 Fran\u00e7ois Bayrou. A la recherche de 40\u00a0milliards d\u2019euros d\u2019\u00e9conomies, le premier ministre doit d\u00e9voiler une feuille de route \u00e0 la mi-juillet pour pr\u00e9parer l\u2019examen d\u2019un budget de tous les dangers \u00e0 l\u2019automne. Plut\u00f4t que r\u00e9agir, la droite pr\u00e9f\u00e8re agir, et peint d\u00e9j\u00e0 une ligne rouge devant Matignon. , a insist\u00e9 Laurent Wauquiez, selon qui  A l\u2019automne 2024, le d\u00e9put\u00e9 de la Haute-Loire avait accept\u00e9 \u00e0 contrec\u0153ur certaines hausses cibl\u00e9es (notamment sur les grandes entreprises et les superprofits) car elles \u00e9taient propos\u00e9es par un premier ministre LR, Michel Barnier, et que ce dernier . Malgr\u00e9 un \u00e9tat des lieux comparable, son successeur ne b\u00e9n\u00e9ficie pas de la m\u00eame mansu\u00e9tude. Un euro d\u2019imp\u00f4t en plus et Fran\u00e7ois Bayrou verra LR \u2013 membre de sa majorit\u00e9, pourtant \u2013 ne pas voter son budget., assure M. Wauquiez. Son groupe en aura-t-il \u00e0 en arriver l\u00e0\u00a0?, observe un d\u00e9put\u00e9 LR. Il vous reste 62.91% de cet article \u00e0 lire. La suite est r\u00e9serv\u00e9e aux abonn\u00e9s.\" \/>\n<meta name=\"robots\" content=\"noindex, follow, max-snippet:-1, max-image-preview:large, max-video-preview:-1\" \/>\n<meta property=\"og:locale\" content=\"fr_FR\" \/>\n<meta property=\"og:type\" content=\"article\" \/>\n<meta property=\"og:title\" content=\"Laurent Wauquiez et LR veulent un budget \u00ab\u00a00\u00a0% hausse d\u2019imp\u00f4ts\u00a0\u00bb et propose un projet de loi contre \u00ab\u00a0la fraude sociale\u00a0\u00bb - vof-news.eu\" \/>\n<meta property=\"og:description\" content=\"Il tient en six pages, mais le titre d\u00e9voile l\u2019essentiel\u00a0: \u00ab\u00a0100\u00a0% d\u2019\u00e9conomies, 0\u00a0% de hausse d\u2019imp\u00f4ts\u00a0\u00bb. Mercredi 2\u00a0juillet, Laurent Wauquiez a pr\u00e9sent\u00e9 le \u00ab\u00a0pacte budg\u00e9taire\u00a0\u00bb du groupe des d\u00e9put\u00e9s Les R\u00e9publicains (LR), qu\u2019il pr\u00e9side, \u00e0 l\u2019Assembl\u00e9e nationale. Derri\u00e8re les chiffres, le message est tr\u00e8s politique et s\u2019adresse \u00e0 Fran\u00e7ois Bayrou. A la recherche de 40\u00a0milliards d\u2019euros d\u2019\u00e9conomies, le premier ministre doit d\u00e9voiler une feuille de route \u00e0 la mi-juillet pour pr\u00e9parer l\u2019examen d\u2019un budget de tous les dangers \u00e0 l\u2019automne. Plut\u00f4t que r\u00e9agir, la droite pr\u00e9f\u00e8re agir, et peint d\u00e9j\u00e0 une ligne rouge devant Matignon. , a insist\u00e9 Laurent Wauquiez, selon qui  A l\u2019automne 2024, le d\u00e9put\u00e9 de la Haute-Loire avait accept\u00e9 \u00e0 contrec\u0153ur certaines hausses cibl\u00e9es (notamment sur les grandes entreprises et les superprofits) car elles \u00e9taient propos\u00e9es par un premier ministre LR, Michel Barnier, et que ce dernier . Malgr\u00e9 un \u00e9tat des lieux comparable, son successeur ne b\u00e9n\u00e9ficie pas de la m\u00eame mansu\u00e9tude. Un euro d\u2019imp\u00f4t en plus et Fran\u00e7ois Bayrou verra LR \u2013 membre de sa majorit\u00e9, pourtant \u2013 ne pas voter son budget., assure M. Wauquiez. Son groupe en aura-t-il \u00e0 en arriver l\u00e0\u00a0?, observe un d\u00e9put\u00e9 LR. Il vous reste 62.91% de cet article \u00e0 lire. La suite est r\u00e9serv\u00e9e aux abonn\u00e9s.\" \/>\n<meta property=\"og:url\" content=\"https:\/\/vof-news.eu\/fr\/laurent-wauquiez-et-lr-veulent-un-budget-0-hausse-dimpots-et-propose-un-projet-de-loi-contre-la-fraude-sociale\/\" \/>\n<meta property=\"og:site_name\" content=\"vof-news.eu\" \/>\n<meta property=\"article:published_time\" content=\"2025-07-02T18:32:10+00:00\" \/>\n<meta property=\"article:modified_time\" content=\"2025-07-02T18:32:30+00:00\" \/>\n<meta property=\"og:image\" content=\"https:\/\/vof-news.eu\/wp-content\/uploads\/2025\/07\/bacda95_upload-1-xtk5whismr70-000-63qg6nd.jpg\" \/>\n\t<meta property=\"og:image:width\" content=\"664\" \/>\n\t<meta property=\"og:image:height\" content=\"443\" \/>\n\t<meta property=\"og:image:type\" content=\"image\/jpeg\" \/>\n<meta name=\"author\" content=\"Author\" \/>\n<meta name=\"twitter:card\" content=\"summary_large_image\" \/>\n<meta name=\"twitter:label1\" content=\"\u00c9crit par\" \/>\n\t<meta name=\"twitter:data1\" content=\"Author\" \/>\n\t<meta name=\"twitter:label2\" content=\"Dur\u00e9e de lecture estim\u00e9e\" \/>\n\t<meta name=\"twitter:data2\" content=\"1 minute\" \/>\n<script type=\"application\/ld+json\" class=\"yoast-schema-graph\">{\"@context\":\"https:\/\/schema.org\",\"@graph\":[{\"@type\":\"WebPage\",\"@id\":\"https:\/\/vof-news.eu\/fr\/laurent-wauquiez-et-lr-veulent-un-budget-0-hausse-dimpots-et-propose-un-projet-de-loi-contre-la-fraude-sociale\/\",\"url\":\"https:\/\/vof-news.eu\/fr\/laurent-wauquiez-et-lr-veulent-un-budget-0-hausse-dimpots-et-propose-un-projet-de-loi-contre-la-fraude-sociale\/\",\"name\":\"Laurent Wauquiez et LR veulent un budget \u00ab\u00a00\u00a0% hausse d\u2019imp\u00f4ts\u00a0\u00bb et propose un projet de loi contre \u00ab\u00a0la fraude sociale\u00a0\u00bb - vof-news.eu\",\"isPartOf\":{\"@id\":\"https:\/\/vof-news.eu\/fr\/#website\"},\"primaryImageOfPage\":{\"@id\":\"https:\/\/vof-news.eu\/fr\/laurent-wauquiez-et-lr-veulent-un-budget-0-hausse-dimpots-et-propose-un-projet-de-loi-contre-la-fraude-sociale\/#primaryimage\"},\"image\":{\"@id\":\"https:\/\/vof-news.eu\/fr\/laurent-wauquiez-et-lr-veulent-un-budget-0-hausse-dimpots-et-propose-un-projet-de-loi-contre-la-fraude-sociale\/#primaryimage\"},\"thumbnailUrl\":\"https:\/\/vof-news.eu\/wp-content\/uploads\/2025\/07\/bacda95_upload-1-xtk5whismr70-000-63qg6nd.jpg\",\"datePublished\":\"2025-07-02T18:32:10+00:00\",\"dateModified\":\"2025-07-02T18:32:30+00:00\",\"author\":{\"@id\":\"https:\/\/vof-news.eu\/fr\/#\/schema\/person\/f6a2a4309f0561835797fd8c19b333ed\"},\"description\":\"Il tient en six pages, mais le titre d\u00e9voile l\u2019essentiel\u00a0: \u00ab\u00a0100\u00a0% d\u2019\u00e9conomies, 0\u00a0% de hausse d\u2019imp\u00f4ts\u00a0\u00bb. Mercredi 2\u00a0juillet, Laurent Wauquiez a pr\u00e9sent\u00e9 le \u00ab\u00a0pacte budg\u00e9taire\u00a0\u00bb du groupe des d\u00e9put\u00e9s Les R\u00e9publicains (LR), qu\u2019il pr\u00e9side, \u00e0 l\u2019Assembl\u00e9e nationale. Derri\u00e8re les chiffres, le message est tr\u00e8s politique et s\u2019adresse \u00e0 Fran\u00e7ois Bayrou. A la recherche de 40\u00a0milliards d\u2019euros d\u2019\u00e9conomies, le premier ministre doit d\u00e9voiler une feuille de route \u00e0 la mi-juillet pour pr\u00e9parer l\u2019examen d\u2019un budget de tous les dangers \u00e0 l\u2019automne. Plut\u00f4t que r\u00e9agir, la droite pr\u00e9f\u00e8re agir, et peint d\u00e9j\u00e0 une ligne rouge devant Matignon. , a insist\u00e9 Laurent Wauquiez, selon qui A l\u2019automne 2024, le d\u00e9put\u00e9 de la Haute-Loire avait accept\u00e9 \u00e0 contrec\u0153ur certaines hausses cibl\u00e9es (notamment sur les grandes entreprises et les superprofits) car elles \u00e9taient propos\u00e9es par un premier ministre LR, Michel Barnier, et que ce dernier . Malgr\u00e9 un \u00e9tat des lieux comparable, son successeur ne b\u00e9n\u00e9ficie pas de la m\u00eame mansu\u00e9tude. Un euro d\u2019imp\u00f4t en plus et Fran\u00e7ois Bayrou verra LR \u2013 membre de sa majorit\u00e9, pourtant \u2013 ne pas voter son budget., assure M. Wauquiez. Son groupe en aura-t-il \u00e0 en arriver l\u00e0\u00a0?, observe un d\u00e9put\u00e9 LR. Il vous reste 62.91% de cet article \u00e0 lire. La suite est r\u00e9serv\u00e9e aux abonn\u00e9s.\",\"breadcrumb\":{\"@id\":\"https:\/\/vof-news.eu\/fr\/laurent-wauquiez-et-lr-veulent-un-budget-0-hausse-dimpots-et-propose-un-projet-de-loi-contre-la-fraude-sociale\/#breadcrumb\"},\"inLanguage\":\"fr-FR\",\"potentialAction\":[{\"@type\":\"ReadAction\",\"target\":[\"https:\/\/vof-news.eu\/fr\/laurent-wauquiez-et-lr-veulent-un-budget-0-hausse-dimpots-et-propose-un-projet-de-loi-contre-la-fraude-sociale\/\"]}]},{\"@type\":\"ImageObject\",\"inLanguage\":\"fr-FR\",\"@id\":\"https:\/\/vof-news.eu\/fr\/laurent-wauquiez-et-lr-veulent-un-budget-0-hausse-dimpots-et-propose-un-projet-de-loi-contre-la-fraude-sociale\/#primaryimage\",\"url\":\"https:\/\/vof-news.eu\/wp-content\/uploads\/2025\/07\/bacda95_upload-1-xtk5whismr70-000-63qg6nd.jpg\",\"contentUrl\":\"https:\/\/vof-news.eu\/wp-content\/uploads\/2025\/07\/bacda95_upload-1-xtk5whismr70-000-63qg6nd.jpg\",\"width\":664,\"height\":443},{\"@type\":\"BreadcrumbList\",\"@id\":\"https:\/\/vof-news.eu\/fr\/laurent-wauquiez-et-lr-veulent-un-budget-0-hausse-dimpots-et-propose-un-projet-de-loi-contre-la-fraude-sociale\/#breadcrumb\",\"itemListElement\":[{\"@type\":\"ListItem\",\"position\":1,\"name\":\"Home\",\"item\":\"https:\/\/vof-news.eu\/fr\/\"},{\"@type\":\"ListItem\",\"position\":2,\"name\":\"Laurent Wauquiez et LR veulent un budget \u00ab\u00a00\u00a0% hausse d\u2019imp\u00f4ts\u00a0\u00bb et propose un projet de loi contre \u00ab\u00a0la fraude sociale\u00a0\u00bb\"}]},{\"@type\":\"WebSite\",\"@id\":\"https:\/\/vof-news.eu\/fr\/#website\",\"url\":\"https:\/\/vof-news.eu\/fr\/\",\"name\":\"vof-news.eu\",\"description\":\"\",\"potentialAction\":[{\"@type\":\"SearchAction\",\"target\":{\"@type\":\"EntryPoint\",\"urlTemplate\":\"https:\/\/vof-news.eu\/fr\/?s={search_term_string}\"},\"query-input\":\"required name=search_term_string\"}],\"inLanguage\":\"fr-FR\"},{\"@type\":\"Person\",\"@id\":\"https:\/\/vof-news.eu\/fr\/#\/schema\/person\/f6a2a4309f0561835797fd8c19b333ed\",\"name\":\"Author\",\"image\":{\"@type\":\"ImageObject\",\"inLanguage\":\"fr-FR\",\"@id\":\"https:\/\/vof-news.eu\/fr\/#\/schema\/person\/image\/\",\"url\":\"https:\/\/secure.gravatar.com\/avatar\/b67e614b1b25b3e9c0c239efdd2fde5ab015b5affd6f1c3c85911ca4b384e790?s=96&d=mm&r=g\",\"contentUrl\":\"https:\/\/secure.gravatar.com\/avatar\/b67e614b1b25b3e9c0c239efdd2fde5ab015b5affd6f1c3c85911ca4b384e790?s=96&d=mm&r=g\",\"caption\":\"Author\"},\"sameAs\":[\"http:\/\/vof-news.eu\"],\"url\":\"https:\/\/vof-news.eu\/fr\/author\/zwt6qxnjulxbnyg\/\"}]}<\/script>\n<!-- \/ Yoast SEO plugin. -->","yoast_head_json":{"title":"Laurent Wauquiez et LR veulent un budget \u00ab\u00a00\u00a0% hausse d\u2019imp\u00f4ts\u00a0\u00bb et propose un projet de loi contre \u00ab\u00a0la fraude sociale\u00a0\u00bb - vof-news.eu","description":"Il tient en six pages, mais le titre d\u00e9voile l\u2019essentiel\u00a0: \u00ab\u00a0100\u00a0% d\u2019\u00e9conomies, 0\u00a0% de hausse d\u2019imp\u00f4ts\u00a0\u00bb. Mercredi 2\u00a0juillet, Laurent Wauquiez a pr\u00e9sent\u00e9 le \u00ab\u00a0pacte budg\u00e9taire\u00a0\u00bb du groupe des d\u00e9put\u00e9s Les R\u00e9publicains (LR), qu\u2019il pr\u00e9side, \u00e0 l\u2019Assembl\u00e9e nationale. Derri\u00e8re les chiffres, le message est tr\u00e8s politique et s\u2019adresse \u00e0 Fran\u00e7ois Bayrou. A la recherche de 40\u00a0milliards d\u2019euros d\u2019\u00e9conomies, le premier ministre doit d\u00e9voiler une feuille de route \u00e0 la mi-juillet pour pr\u00e9parer l\u2019examen d\u2019un budget de tous les dangers \u00e0 l\u2019automne. Plut\u00f4t que r\u00e9agir, la droite pr\u00e9f\u00e8re agir, et peint d\u00e9j\u00e0 une ligne rouge devant Matignon. , a insist\u00e9 Laurent Wauquiez, selon qui  A l\u2019automne 2024, le d\u00e9put\u00e9 de la Haute-Loire avait accept\u00e9 \u00e0 contrec\u0153ur certaines hausses cibl\u00e9es (notamment sur les grandes entreprises et les superprofits) car elles \u00e9taient propos\u00e9es par un premier ministre LR, Michel Barnier, et que ce dernier . Malgr\u00e9 un \u00e9tat des lieux comparable, son successeur ne b\u00e9n\u00e9ficie pas de la m\u00eame mansu\u00e9tude. Un euro d\u2019imp\u00f4t en plus et Fran\u00e7ois Bayrou verra LR \u2013 membre de sa majorit\u00e9, pourtant \u2013 ne pas voter son budget., assure M. Wauquiez. Son groupe en aura-t-il \u00e0 en arriver l\u00e0\u00a0?, observe un d\u00e9put\u00e9 LR. Il vous reste 62.91% de cet article \u00e0 lire. La suite est r\u00e9serv\u00e9e aux abonn\u00e9s.","robots":{"index":"noindex","follow":"follow","max-snippet":"max-snippet:-1","max-image-preview":"max-image-preview:large","max-video-preview":"max-video-preview:-1"},"og_locale":"fr_FR","og_type":"article","og_title":"Laurent Wauquiez et LR veulent un budget \u00ab\u00a00\u00a0% hausse d\u2019imp\u00f4ts\u00a0\u00bb et propose un projet de loi contre \u00ab\u00a0la fraude sociale\u00a0\u00bb - vof-news.eu","og_description":"Il tient en six pages, mais le titre d\u00e9voile l\u2019essentiel\u00a0: \u00ab\u00a0100\u00a0% d\u2019\u00e9conomies, 0\u00a0% de hausse d\u2019imp\u00f4ts\u00a0\u00bb. Mercredi 2\u00a0juillet, Laurent Wauquiez a pr\u00e9sent\u00e9 le \u00ab\u00a0pacte budg\u00e9taire\u00a0\u00bb du groupe des d\u00e9put\u00e9s Les R\u00e9publicains (LR), qu\u2019il pr\u00e9side, \u00e0 l\u2019Assembl\u00e9e nationale. Derri\u00e8re les chiffres, le message est tr\u00e8s politique et s\u2019adresse \u00e0 Fran\u00e7ois Bayrou. A la recherche de 40\u00a0milliards d\u2019euros d\u2019\u00e9conomies, le premier ministre doit d\u00e9voiler une feuille de route \u00e0 la mi-juillet pour pr\u00e9parer l\u2019examen d\u2019un budget de tous les dangers \u00e0 l\u2019automne. Plut\u00f4t que r\u00e9agir, la droite pr\u00e9f\u00e8re agir, et peint d\u00e9j\u00e0 une ligne rouge devant Matignon. , a insist\u00e9 Laurent Wauquiez, selon qui  A l\u2019automne 2024, le d\u00e9put\u00e9 de la Haute-Loire avait accept\u00e9 \u00e0 contrec\u0153ur certaines hausses cibl\u00e9es (notamment sur les grandes entreprises et les superprofits) car elles \u00e9taient propos\u00e9es par un premier ministre LR, Michel Barnier, et que ce dernier . Malgr\u00e9 un \u00e9tat des lieux comparable, son successeur ne b\u00e9n\u00e9ficie pas de la m\u00eame mansu\u00e9tude. Un euro d\u2019imp\u00f4t en plus et Fran\u00e7ois Bayrou verra LR \u2013 membre de sa majorit\u00e9, pourtant \u2013 ne pas voter son budget., assure M. Wauquiez. Son groupe en aura-t-il \u00e0 en arriver l\u00e0\u00a0?, observe un d\u00e9put\u00e9 LR. Il vous reste 62.91% de cet article \u00e0 lire. La suite est r\u00e9serv\u00e9e aux abonn\u00e9s.","og_url":"https:\/\/vof-news.eu\/fr\/laurent-wauquiez-et-lr-veulent-un-budget-0-hausse-dimpots-et-propose-un-projet-de-loi-contre-la-fraude-sociale\/","og_site_name":"vof-news.eu","article_published_time":"2025-07-02T18:32:10+00:00","article_modified_time":"2025-07-02T18:32:30+00:00","og_image":[{"width":664,"height":443,"url":"https:\/\/vof-news.eu\/wp-content\/uploads\/2025\/07\/bacda95_upload-1-xtk5whismr70-000-63qg6nd.jpg","type":"image\/jpeg"}],"author":"Author","twitter_card":"summary_large_image","twitter_misc":{"\u00c9crit par":"Author","Dur\u00e9e de lecture estim\u00e9e":"1 minute"},"schema":{"@context":"https:\/\/schema.org","@graph":[{"@type":"WebPage","@id":"https:\/\/vof-news.eu\/fr\/laurent-wauquiez-et-lr-veulent-un-budget-0-hausse-dimpots-et-propose-un-projet-de-loi-contre-la-fraude-sociale\/","url":"https:\/\/vof-news.eu\/fr\/laurent-wauquiez-et-lr-veulent-un-budget-0-hausse-dimpots-et-propose-un-projet-de-loi-contre-la-fraude-sociale\/","name":"Laurent Wauquiez et LR veulent un budget \u00ab\u00a00\u00a0% hausse d\u2019imp\u00f4ts\u00a0\u00bb et propose un projet de loi contre \u00ab\u00a0la fraude sociale\u00a0\u00bb - vof-news.eu","isPartOf":{"@id":"https:\/\/vof-news.eu\/fr\/#website"},"primaryImageOfPage":{"@id":"https:\/\/vof-news.eu\/fr\/laurent-wauquiez-et-lr-veulent-un-budget-0-hausse-dimpots-et-propose-un-projet-de-loi-contre-la-fraude-sociale\/#primaryimage"},"image":{"@id":"https:\/\/vof-news.eu\/fr\/laurent-wauquiez-et-lr-veulent-un-budget-0-hausse-dimpots-et-propose-un-projet-de-loi-contre-la-fraude-sociale\/#primaryimage"},"thumbnailUrl":"https:\/\/vof-news.eu\/wp-content\/uploads\/2025\/07\/bacda95_upload-1-xtk5whismr70-000-63qg6nd.jpg","datePublished":"2025-07-02T18:32:10+00:00","dateModified":"2025-07-02T18:32:30+00:00","author":{"@id":"https:\/\/vof-news.eu\/fr\/#\/schema\/person\/f6a2a4309f0561835797fd8c19b333ed"},"description":"Il tient en six pages, mais le titre d\u00e9voile l\u2019essentiel\u00a0: \u00ab\u00a0100\u00a0% d\u2019\u00e9conomies, 0\u00a0% de hausse d\u2019imp\u00f4ts\u00a0\u00bb. Mercredi 2\u00a0juillet, Laurent Wauquiez a pr\u00e9sent\u00e9 le \u00ab\u00a0pacte budg\u00e9taire\u00a0\u00bb du groupe des d\u00e9put\u00e9s Les R\u00e9publicains (LR), qu\u2019il pr\u00e9side, \u00e0 l\u2019Assembl\u00e9e nationale. Derri\u00e8re les chiffres, le message est tr\u00e8s politique et s\u2019adresse \u00e0 Fran\u00e7ois Bayrou. A la recherche de 40\u00a0milliards d\u2019euros d\u2019\u00e9conomies, le premier ministre doit d\u00e9voiler une feuille de route \u00e0 la mi-juillet pour pr\u00e9parer l\u2019examen d\u2019un budget de tous les dangers \u00e0 l\u2019automne. Plut\u00f4t que r\u00e9agir, la droite pr\u00e9f\u00e8re agir, et peint d\u00e9j\u00e0 une ligne rouge devant Matignon. , a insist\u00e9 Laurent Wauquiez, selon qui A l\u2019automne 2024, le d\u00e9put\u00e9 de la Haute-Loire avait accept\u00e9 \u00e0 contrec\u0153ur certaines hausses cibl\u00e9es (notamment sur les grandes entreprises et les superprofits) car elles \u00e9taient propos\u00e9es par un premier ministre LR, Michel Barnier, et que ce dernier . Malgr\u00e9 un \u00e9tat des lieux comparable, son successeur ne b\u00e9n\u00e9ficie pas de la m\u00eame mansu\u00e9tude. Un euro d\u2019imp\u00f4t en plus et Fran\u00e7ois Bayrou verra LR \u2013 membre de sa majorit\u00e9, pourtant \u2013 ne pas voter son budget., assure M. Wauquiez. Son groupe en aura-t-il \u00e0 en arriver l\u00e0\u00a0?, observe un d\u00e9put\u00e9 LR. Il vous reste 62.91% de cet article \u00e0 lire. La suite est r\u00e9serv\u00e9e aux abonn\u00e9s.","breadcrumb":{"@id":"https:\/\/vof-news.eu\/fr\/laurent-wauquiez-et-lr-veulent-un-budget-0-hausse-dimpots-et-propose-un-projet-de-loi-contre-la-fraude-sociale\/#breadcrumb"},"inLanguage":"fr-FR","potentialAction":[{"@type":"ReadAction","target":["https:\/\/vof-news.eu\/fr\/laurent-wauquiez-et-lr-veulent-un-budget-0-hausse-dimpots-et-propose-un-projet-de-loi-contre-la-fraude-sociale\/"]}]},{"@type":"ImageObject","inLanguage":"fr-FR","@id":"https:\/\/vof-news.eu\/fr\/laurent-wauquiez-et-lr-veulent-un-budget-0-hausse-dimpots-et-propose-un-projet-de-loi-contre-la-fraude-sociale\/#primaryimage","url":"https:\/\/vof-news.eu\/wp-content\/uploads\/2025\/07\/bacda95_upload-1-xtk5whismr70-000-63qg6nd.jpg","contentUrl":"https:\/\/vof-news.eu\/wp-content\/uploads\/2025\/07\/bacda95_upload-1-xtk5whismr70-000-63qg6nd.jpg","width":664,"height":443},{"@type":"BreadcrumbList","@id":"https:\/\/vof-news.eu\/fr\/laurent-wauquiez-et-lr-veulent-un-budget-0-hausse-dimpots-et-propose-un-projet-de-loi-contre-la-fraude-sociale\/#breadcrumb","itemListElement":[{"@type":"ListItem","position":1,"name":"Home","item":"https:\/\/vof-news.eu\/fr\/"},{"@type":"ListItem","position":2,"name":"Laurent Wauquiez et LR veulent un budget \u00ab\u00a00\u00a0% hausse d\u2019imp\u00f4ts\u00a0\u00bb et propose un projet de loi contre \u00ab\u00a0la fraude sociale\u00a0\u00bb"}]},{"@type":"WebSite","@id":"https:\/\/vof-news.eu\/fr\/#website","url":"https:\/\/vof-news.eu\/fr\/","name":"vof-news.eu","description":"","potentialAction":[{"@type":"SearchAction","target":{"@type":"EntryPoint","urlTemplate":"https:\/\/vof-news.eu\/fr\/?s={search_term_string}"},"query-input":"required name=search_term_string"}],"inLanguage":"fr-FR"},{"@type":"Person","@id":"https:\/\/vof-news.eu\/fr\/#\/schema\/person\/f6a2a4309f0561835797fd8c19b333ed","name":"Author","image":{"@type":"ImageObject","inLanguage":"fr-FR","@id":"https:\/\/vof-news.eu\/fr\/#\/schema\/person\/image\/","url":"https:\/\/secure.gravatar.com\/avatar\/b67e614b1b25b3e9c0c239efdd2fde5ab015b5affd6f1c3c85911ca4b384e790?s=96&d=mm&r=g","contentUrl":"https:\/\/secure.gravatar.com\/avatar\/b67e614b1b25b3e9c0c239efdd2fde5ab015b5affd6f1c3c85911ca4b384e790?s=96&d=mm&r=g","caption":"Author"},"sameAs":["http:\/\/vof-news.eu"],"url":"https:\/\/vof-news.eu\/fr\/author\/zwt6qxnjulxbnyg\/"}]}},"yoast_meta":{"yoast_wpseo_title":"","yoast_wpseo_metadesc":"","yoast_wpseo_canonical":""},"_links":{"self":[{"href":"https:\/\/vof-news.eu\/fr\/wp-json\/wp\/v2\/posts\/245749","targetHints":{"allow":["GET"]}}],"collection":[{"href":"https:\/\/vof-news.eu\/fr\/wp-json\/wp\/v2\/posts"}],"about":[{"href":"https:\/\/vof-news.eu\/fr\/wp-json\/wp\/v2\/types\/post"}],"author":[{"embeddable":true,"href":"https:\/\/vof-news.eu\/fr\/wp-json\/wp\/v2\/users\/1"}],"replies":[{"embeddable":true,"href":"https:\/\/vof-news.eu\/fr\/wp-json\/wp\/v2\/comments?post=245749"}],"version-history":[{"count":1,"href":"https:\/\/vof-news.eu\/fr\/wp-json\/wp\/v2\/posts\/245749\/revisions"}],"predecessor-version":[{"id":245756,"href":"https:\/\/vof-news.eu\/fr\/wp-json\/wp\/v2\/posts\/245749\/revisions\/245756"}],"wp:featuredmedia":[{"embeddable":true,"href":"https:\/\/vof-news.eu\/fr\/wp-json\/wp\/v2\/media\/245750"}],"wp:attachment":[{"href":"https:\/\/vof-news.eu\/fr\/wp-json\/wp\/v2\/media?parent=245749"}],"wp:term":[{"taxonomy":"category","embeddable":true,"href":"https:\/\/vof-news.eu\/fr\/wp-json\/wp\/v2\/categories?post=245749"},{"taxonomy":"post_tag","embeddable":true,"href":"https:\/\/vof-news.eu\/fr\/wp-json\/wp\/v2\/tags?post=245749"}],"curies":[{"name":"wp","href":"https:\/\/api.w.org\/{rel}","templated":true}]}}