{"id":245689,"date":"2025-07-02T19:33:14","date_gmt":"2025-07-02T16:33:14","guid":{"rendered":"https:\/\/vof-news.eu\/microsoft-annonce-une-nouvelle-vague-de-milliers-de-licenciements\/"},"modified":"2025-07-02T19:33:38","modified_gmt":"2025-07-02T16:33:38","slug":"microsoft-annonce-une-nouvelle-vague-de-milliers-de-licenciements","status":"publish","type":"post","link":"https:\/\/vof-news.eu\/fr\/microsoft-annonce-une-nouvelle-vague-de-milliers-de-licenciements\/","title":{"rendered":"Microsoft annonce une nouvelle vague de milliers de licenciements"},"content":{"rendered":"<article>\n<p>Microsoft va licencier plusieurs milliers de personnes suppl\u00e9mentaires apr\u00e8s une premi\u00e8re vague en mai, a communiqu\u00e9 le groupe \u00e0 l\u2019Agence France-Presse (AFP), mercredi 2\u00a0juillet, notamment en r\u00e9duisant certains \u00e9chelons hi\u00e9rarchiques. , selon une porte-parole \u00e0 l\u2019AFP, soit jusqu\u2019\u00e0 environ 9\u00a0000 employ\u00e9s, sur un effectif total de 228\u00a0000 personnes selon le dernier rapport annuel.<\/p>\n<p>, a expliqu\u00e9 la porte-parole. Mi-mai, le groupe de Redmond, ville situ\u00e9e dans l\u2019Etat de Washington, avait d\u00e9j\u00e0 d\u00e9voil\u00e9 un plan social portant sur  des personnels, soit environ 6\u00a0000 personnes.<\/p>\n<p> hi\u00e9rarchiques, a pr\u00e9cis\u00e9 Microsoft, qui, selon plusieurs m\u00e9dias, s\u2019\u00e9tait d\u00e9j\u00e0 s\u00e9par\u00e9 d\u2019environ 2\u00a0000 salari\u00e9s depuis le d\u00e9but de l\u2019ann\u00e9e avant ces deux salves de suppressions de postes.<\/p>\n<h2>Une place grandissante de l\u2019IA<\/h2>\n<p>Des observateurs font le lien entre cette cure d\u2019amaigrissement et le d\u00e9ploiement de l\u2019intelligence artificielle (IA) au sein de l\u2019entreprise, parmi les plus avanc\u00e9es dans ce domaine. Fin avril, le directeur g\u00e9n\u00e9ral de Microsoft, Satya Nadella, avait r\u00e9v\u00e9l\u00e9 que 20 \u00e0 30\u00a0% du code de programmation en interne \u00e9tait d\u00e9sormais \u00e9crit par de l\u2019IA. Interrog\u00e9 sur l\u2019impact de l\u2019intelligence artificielle sur ses effectifs, le groupe n\u2019a pas donn\u00e9 suite dans l\u2019imm\u00e9diat.<\/p>\n<p>Microsoft parle simplement de [ses][ses][ses][ses] . , a d\u00e9crit Microsoft, mercredi.<\/p>\n<p>D\u00e9but 2023, <a href=\"https:\/\/www.lemonde.fr\/economie\/article\/2023\/01\/19\/microsoft-prevoit-le-licenciement-de-10-000-employes-soit-pres-de-5-de-ses-effectifs_6158461_3234.html\" rel=\"nofollow\">l\u2019entreprise avait licenci\u00e9 environ 10\u00a0000 personnes,<\/a> une d\u00e9cision pr\u00e9sent\u00e9e comme le r\u00e9sultat d\u2019un contrecoup \u00e0 l\u2019acc\u00e9l\u00e9ration des d\u00e9penses informatiques lors de la pand\u00e9mie de coronavirus. Pour autant, la soci\u00e9t\u00e9 avait continu\u00e9 d\u2019accro\u00eetre ses effectifs en net, les 228\u00a0000 salari\u00e9s de 2024 constituant un pic, en hausse de 63\u00a0% par rapport au total de 2019, juste avant la pand\u00e9mie.<\/p>\n<section>   <\/section>\n<section>\n<p> <span>Le Monde avec AFP<\/span> <\/p>\n<\/section>\n<section>\n<section>\n<header>   <\/header>\n<section>\n<section> <a href=\"https:\/\/abo.lemonde.fr\/?lmd_medium=BOUTONS_LMFR&amp;lmd_campaign=CONTRIBUTION_ARTICLE\" rel=\"nofollow\">S\u2019abonner<\/a> <\/section>\n<\/section>\n<section><\/section>\n<\/section>\n<p>Contribuer<\/p>\n<p> <a href=\"https:\/\/www.lemonde.fr\/syndication\/\" rel=\"nofollow\">R\u00e9utiliser ce contenu<\/a> <\/section>\n<\/article>\n","protected":false},"excerpt":{"rendered":"<p>Microsoft va licencier plusieurs milliers de personnes suppl\u00e9mentaires apr\u00e8s une premi\u00e8re vague en mai, a communiqu\u00e9 le groupe \u00e0 l\u2019Agence France-Presse (AFP), mercredi 2\u00a0juillet, notamment en r\u00e9duisant certains \u00e9chelons hi\u00e9rarchiques. , selon une porte-parole \u00e0 l\u2019AFP, soit jusqu\u2019\u00e0 environ 9\u00a0000 employ\u00e9s, sur un effectif total de 228\u00a0000 personnes selon le dernier rapport annuel. , a<\/p>\n","protected":false},"author":1,"featured_media":245690,"comment_status":"open","ping_status":"open","sticky":false,"template":"","format":"standard","meta":{"footnotes":""},"categories":[58],"tags":[],"class_list":["post-245689","post","type-post","status-publish","format-standard","has-post-thumbnail","hentry","category-business-fr"],"acf":[],"yoast_head":"<!-- This site is optimized with the Yoast SEO plugin v22.9 - https:\/\/yoast.com\/wordpress\/plugins\/seo\/ -->\n<title>Microsoft annonce une nouvelle vague de milliers de licenciements - vof-news.eu<\/title>\n<meta name=\"description\" content=\"Microsoft va licencier plusieurs milliers de personnes suppl\u00e9mentaires apr\u00e8s une premi\u00e8re vague en mai, a communiqu\u00e9 le groupe \u00e0 l\u2019Agence France-Presse (AFP), mercredi 2\u00a0juillet, notamment en r\u00e9duisant certains \u00e9chelons hi\u00e9rarchiques. , selon une porte-parole \u00e0 l\u2019AFP, soit jusqu\u2019\u00e0 environ 9\u00a0000 employ\u00e9s, sur un effectif total de 228\u00a0000 personnes selon le dernier rapport annuel. , a expliqu\u00e9 la porte-parole. Mi-mai, le groupe de Redmond, ville situ\u00e9e dans l\u2019Etat de Washington, avait d\u00e9j\u00e0 d\u00e9voil\u00e9 un plan social portant sur des personnels, soit environ 6\u00a0000 personnes. hi\u00e9rarchiques, a pr\u00e9cis\u00e9 Microsoft, qui, selon plusieurs m\u00e9dias, s\u2019\u00e9tait d\u00e9j\u00e0 s\u00e9par\u00e9 d\u2019environ 2\u00a0000 salari\u00e9s depuis le d\u00e9but de l\u2019ann\u00e9e avant ces deux salves de suppressions de postes. Une place grandissante de l\u2019IA Des observateurs font le lien entre cette cure d\u2019amaigrissement et le d\u00e9ploiement de l\u2019intelligence artificielle (IA) au sein de l\u2019entreprise, parmi les plus avanc\u00e9es dans ce domaine. Fin avril, le directeur g\u00e9n\u00e9ral de Microsoft, Satya Nadella, avait r\u00e9v\u00e9l\u00e9 que 20 \u00e0 30\u00a0% du code de programmation en interne \u00e9tait d\u00e9sormais \u00e9crit par de l\u2019IA. Interrog\u00e9 sur l\u2019impact de l\u2019intelligence artificielle sur ses effectifs, le groupe n\u2019a pas donn\u00e9 suite dans l\u2019imm\u00e9diat. Microsoft parle simplement de [ses][ses][ses][ses] . , a d\u00e9crit Microsoft, mercredi. D\u00e9but 2023, l\u2019entreprise avait licenci\u00e9 environ 10\u00a0000 personnes, une d\u00e9cision pr\u00e9sent\u00e9e comme le r\u00e9sultat d\u2019un contrecoup \u00e0 l\u2019acc\u00e9l\u00e9ration des d\u00e9penses informatiques lors de la pand\u00e9mie de coronavirus. Pour autant, la soci\u00e9t\u00e9 avait continu\u00e9 d\u2019accro\u00eetre ses effectifs en net, les 228\u00a0000 salari\u00e9s de 2024 constituant un pic, en hausse de 63\u00a0% par rapport au total de 2019, juste avant la pand\u00e9mie.    Le Monde avec AFP      S\u2019abonner   Contribuer R\u00e9utiliser ce contenu\" \/>\n<meta name=\"robots\" content=\"noindex, follow, max-snippet:-1, max-image-preview:large, max-video-preview:-1\" \/>\n<meta property=\"og:locale\" content=\"fr_FR\" \/>\n<meta property=\"og:type\" content=\"article\" \/>\n<meta property=\"og:title\" content=\"Microsoft annonce une nouvelle vague de milliers de licenciements - vof-news.eu\" \/>\n<meta property=\"og:description\" content=\"Microsoft va licencier plusieurs milliers de personnes suppl\u00e9mentaires apr\u00e8s une premi\u00e8re vague en mai, a communiqu\u00e9 le groupe \u00e0 l\u2019Agence France-Presse (AFP), mercredi 2\u00a0juillet, notamment en r\u00e9duisant certains \u00e9chelons hi\u00e9rarchiques. , selon une porte-parole \u00e0 l\u2019AFP, soit jusqu\u2019\u00e0 environ 9\u00a0000 employ\u00e9s, sur un effectif total de 228\u00a0000 personnes selon le dernier rapport annuel. , a expliqu\u00e9 la porte-parole. Mi-mai, le groupe de Redmond, ville situ\u00e9e dans l\u2019Etat de Washington, avait d\u00e9j\u00e0 d\u00e9voil\u00e9 un plan social portant sur des personnels, soit environ 6\u00a0000 personnes. hi\u00e9rarchiques, a pr\u00e9cis\u00e9 Microsoft, qui, selon plusieurs m\u00e9dias, s\u2019\u00e9tait d\u00e9j\u00e0 s\u00e9par\u00e9 d\u2019environ 2\u00a0000 salari\u00e9s depuis le d\u00e9but de l\u2019ann\u00e9e avant ces deux salves de suppressions de postes. Une place grandissante de l\u2019IA Des observateurs font le lien entre cette cure d\u2019amaigrissement et le d\u00e9ploiement de l\u2019intelligence artificielle (IA) au sein de l\u2019entreprise, parmi les plus avanc\u00e9es dans ce domaine. Fin avril, le directeur g\u00e9n\u00e9ral de Microsoft, Satya Nadella, avait r\u00e9v\u00e9l\u00e9 que 20 \u00e0 30\u00a0% du code de programmation en interne \u00e9tait d\u00e9sormais \u00e9crit par de l\u2019IA. Interrog\u00e9 sur l\u2019impact de l\u2019intelligence artificielle sur ses effectifs, le groupe n\u2019a pas donn\u00e9 suite dans l\u2019imm\u00e9diat. Microsoft parle simplement de [ses][ses][ses][ses] . , a d\u00e9crit Microsoft, mercredi. D\u00e9but 2023, l\u2019entreprise avait licenci\u00e9 environ 10\u00a0000 personnes, une d\u00e9cision pr\u00e9sent\u00e9e comme le r\u00e9sultat d\u2019un contrecoup \u00e0 l\u2019acc\u00e9l\u00e9ration des d\u00e9penses informatiques lors de la pand\u00e9mie de coronavirus. Pour autant, la soci\u00e9t\u00e9 avait continu\u00e9 d\u2019accro\u00eetre ses effectifs en net, les 228\u00a0000 salari\u00e9s de 2024 constituant un pic, en hausse de 63\u00a0% par rapport au total de 2019, juste avant la pand\u00e9mie.    Le Monde avec AFP      S\u2019abonner   Contribuer R\u00e9utiliser ce contenu\" \/>\n<meta property=\"og:url\" content=\"https:\/\/vof-news.eu\/fr\/microsoft-annonce-une-nouvelle-vague-de-milliers-de-licenciements\/\" \/>\n<meta property=\"og:site_name\" content=\"vof-news.eu\" \/>\n<meta property=\"article:published_time\" content=\"2025-07-02T16:33:14+00:00\" \/>\n<meta property=\"article:modified_time\" content=\"2025-07-02T16:33:38+00:00\" \/>\n<meta property=\"og:image\" content=\"https:\/\/vof-news.eu\/wp-content\/uploads\/2025\/07\/56640b7_ftp-import-images-1-e1mp4hppkaqv-2025-07-02t131525z-975331836-rc2f6catv07r-rtrmadp-3-microsoft-layoffs.jpg\" \/>\n\t<meta property=\"og:image:width\" content=\"664\" \/>\n\t<meta property=\"og:image:height\" content=\"444\" \/>\n\t<meta property=\"og:image:type\" content=\"image\/jpeg\" \/>\n<meta name=\"author\" content=\"Author\" \/>\n<meta name=\"twitter:card\" content=\"summary_large_image\" \/>\n<meta name=\"twitter:label1\" content=\"\u00c9crit par\" \/>\n\t<meta name=\"twitter:data1\" content=\"Author\" \/>\n\t<meta name=\"twitter:label2\" content=\"Dur\u00e9e de lecture estim\u00e9e\" \/>\n\t<meta name=\"twitter:data2\" content=\"2 minutes\" \/>\n<script type=\"application\/ld+json\" class=\"yoast-schema-graph\">{\"@context\":\"https:\/\/schema.org\",\"@graph\":[{\"@type\":\"WebPage\",\"@id\":\"https:\/\/vof-news.eu\/fr\/microsoft-annonce-une-nouvelle-vague-de-milliers-de-licenciements\/\",\"url\":\"https:\/\/vof-news.eu\/fr\/microsoft-annonce-une-nouvelle-vague-de-milliers-de-licenciements\/\",\"name\":\"Microsoft annonce une nouvelle vague de milliers de licenciements - vof-news.eu\",\"isPartOf\":{\"@id\":\"https:\/\/vof-news.eu\/fr\/#website\"},\"primaryImageOfPage\":{\"@id\":\"https:\/\/vof-news.eu\/fr\/microsoft-annonce-une-nouvelle-vague-de-milliers-de-licenciements\/#primaryimage\"},\"image\":{\"@id\":\"https:\/\/vof-news.eu\/fr\/microsoft-annonce-une-nouvelle-vague-de-milliers-de-licenciements\/#primaryimage\"},\"thumbnailUrl\":\"https:\/\/vof-news.eu\/wp-content\/uploads\/2025\/07\/56640b7_ftp-import-images-1-e1mp4hppkaqv-2025-07-02t131525z-975331836-rc2f6catv07r-rtrmadp-3-microsoft-layoffs.jpg\",\"datePublished\":\"2025-07-02T16:33:14+00:00\",\"dateModified\":\"2025-07-02T16:33:38+00:00\",\"author\":{\"@id\":\"https:\/\/vof-news.eu\/fr\/#\/schema\/person\/f6a2a4309f0561835797fd8c19b333ed\"},\"description\":\"Microsoft va licencier plusieurs milliers de personnes suppl\u00e9mentaires apr\u00e8s une premi\u00e8re vague en mai, a communiqu\u00e9 le groupe \u00e0 l\u2019Agence France-Presse (AFP), mercredi 2\u00a0juillet, notamment en r\u00e9duisant certains \u00e9chelons hi\u00e9rarchiques. , selon une porte-parole \u00e0 l\u2019AFP, soit jusqu\u2019\u00e0 environ 9\u00a0000 employ\u00e9s, sur un effectif total de 228\u00a0000 personnes selon le dernier rapport annuel. , a expliqu\u00e9 la porte-parole. Mi-mai, le groupe de Redmond, ville situ\u00e9e dans l\u2019Etat de Washington, avait d\u00e9j\u00e0 d\u00e9voil\u00e9 un plan social portant sur des personnels, soit environ 6\u00a0000 personnes. hi\u00e9rarchiques, a pr\u00e9cis\u00e9 Microsoft, qui, selon plusieurs m\u00e9dias, s\u2019\u00e9tait d\u00e9j\u00e0 s\u00e9par\u00e9 d\u2019environ 2\u00a0000 salari\u00e9s depuis le d\u00e9but de l\u2019ann\u00e9e avant ces deux salves de suppressions de postes. Une place grandissante de l\u2019IA Des observateurs font le lien entre cette cure d\u2019amaigrissement et le d\u00e9ploiement de l\u2019intelligence artificielle (IA) au sein de l\u2019entreprise, parmi les plus avanc\u00e9es dans ce domaine. Fin avril, le directeur g\u00e9n\u00e9ral de Microsoft, Satya Nadella, avait r\u00e9v\u00e9l\u00e9 que 20 \u00e0 30\u00a0% du code de programmation en interne \u00e9tait d\u00e9sormais \u00e9crit par de l\u2019IA. Interrog\u00e9 sur l\u2019impact de l\u2019intelligence artificielle sur ses effectifs, le groupe n\u2019a pas donn\u00e9 suite dans l\u2019imm\u00e9diat. Microsoft parle simplement de [ses][ses][ses][ses] . , a d\u00e9crit Microsoft, mercredi. D\u00e9but 2023, l\u2019entreprise avait licenci\u00e9 environ 10\u00a0000 personnes, une d\u00e9cision pr\u00e9sent\u00e9e comme le r\u00e9sultat d\u2019un contrecoup \u00e0 l\u2019acc\u00e9l\u00e9ration des d\u00e9penses informatiques lors de la pand\u00e9mie de coronavirus. Pour autant, la soci\u00e9t\u00e9 avait continu\u00e9 d\u2019accro\u00eetre ses effectifs en net, les 228\u00a0000 salari\u00e9s de 2024 constituant un pic, en hausse de 63\u00a0% par rapport au total de 2019, juste avant la pand\u00e9mie. Le Monde avec AFP S\u2019abonner Contribuer R\u00e9utiliser ce contenu\",\"breadcrumb\":{\"@id\":\"https:\/\/vof-news.eu\/fr\/microsoft-annonce-une-nouvelle-vague-de-milliers-de-licenciements\/#breadcrumb\"},\"inLanguage\":\"fr-FR\",\"potentialAction\":[{\"@type\":\"ReadAction\",\"target\":[\"https:\/\/vof-news.eu\/fr\/microsoft-annonce-une-nouvelle-vague-de-milliers-de-licenciements\/\"]}]},{\"@type\":\"ImageObject\",\"inLanguage\":\"fr-FR\",\"@id\":\"https:\/\/vof-news.eu\/fr\/microsoft-annonce-une-nouvelle-vague-de-milliers-de-licenciements\/#primaryimage\",\"url\":\"https:\/\/vof-news.eu\/wp-content\/uploads\/2025\/07\/56640b7_ftp-import-images-1-e1mp4hppkaqv-2025-07-02t131525z-975331836-rc2f6catv07r-rtrmadp-3-microsoft-layoffs.jpg\",\"contentUrl\":\"https:\/\/vof-news.eu\/wp-content\/uploads\/2025\/07\/56640b7_ftp-import-images-1-e1mp4hppkaqv-2025-07-02t131525z-975331836-rc2f6catv07r-rtrmadp-3-microsoft-layoffs.jpg\",\"width\":664,\"height\":444},{\"@type\":\"BreadcrumbList\",\"@id\":\"https:\/\/vof-news.eu\/fr\/microsoft-annonce-une-nouvelle-vague-de-milliers-de-licenciements\/#breadcrumb\",\"itemListElement\":[{\"@type\":\"ListItem\",\"position\":1,\"name\":\"Home\",\"item\":\"https:\/\/vof-news.eu\/fr\/\"},{\"@type\":\"ListItem\",\"position\":2,\"name\":\"Microsoft annonce une nouvelle vague de milliers de licenciements\"}]},{\"@type\":\"WebSite\",\"@id\":\"https:\/\/vof-news.eu\/fr\/#website\",\"url\":\"https:\/\/vof-news.eu\/fr\/\",\"name\":\"vof-news.eu\",\"description\":\"\",\"potentialAction\":[{\"@type\":\"SearchAction\",\"target\":{\"@type\":\"EntryPoint\",\"urlTemplate\":\"https:\/\/vof-news.eu\/fr\/?s={search_term_string}\"},\"query-input\":\"required name=search_term_string\"}],\"inLanguage\":\"fr-FR\"},{\"@type\":\"Person\",\"@id\":\"https:\/\/vof-news.eu\/fr\/#\/schema\/person\/f6a2a4309f0561835797fd8c19b333ed\",\"name\":\"Author\",\"image\":{\"@type\":\"ImageObject\",\"inLanguage\":\"fr-FR\",\"@id\":\"https:\/\/vof-news.eu\/fr\/#\/schema\/person\/image\/\",\"url\":\"https:\/\/secure.gravatar.com\/avatar\/b67e614b1b25b3e9c0c239efdd2fde5ab015b5affd6f1c3c85911ca4b384e790?s=96&d=mm&r=g\",\"contentUrl\":\"https:\/\/secure.gravatar.com\/avatar\/b67e614b1b25b3e9c0c239efdd2fde5ab015b5affd6f1c3c85911ca4b384e790?s=96&d=mm&r=g\",\"caption\":\"Author\"},\"sameAs\":[\"http:\/\/vof-news.eu\"],\"url\":\"https:\/\/vof-news.eu\/fr\/author\/zwt6qxnjulxbnyg\/\"}]}<\/script>\n<!-- \/ Yoast SEO plugin. -->","yoast_head_json":{"title":"Microsoft annonce une nouvelle vague de milliers de licenciements - vof-news.eu","description":"Microsoft va licencier plusieurs milliers de personnes suppl\u00e9mentaires apr\u00e8s une premi\u00e8re vague en mai, a communiqu\u00e9 le groupe \u00e0 l\u2019Agence France-Presse (AFP), mercredi 2\u00a0juillet, notamment en r\u00e9duisant certains \u00e9chelons hi\u00e9rarchiques. , selon une porte-parole \u00e0 l\u2019AFP, soit jusqu\u2019\u00e0 environ 9\u00a0000 employ\u00e9s, sur un effectif total de 228\u00a0000 personnes selon le dernier rapport annuel. , a expliqu\u00e9 la porte-parole. Mi-mai, le groupe de Redmond, ville situ\u00e9e dans l\u2019Etat de Washington, avait d\u00e9j\u00e0 d\u00e9voil\u00e9 un plan social portant sur des personnels, soit environ 6\u00a0000 personnes. hi\u00e9rarchiques, a pr\u00e9cis\u00e9 Microsoft, qui, selon plusieurs m\u00e9dias, s\u2019\u00e9tait d\u00e9j\u00e0 s\u00e9par\u00e9 d\u2019environ 2\u00a0000 salari\u00e9s depuis le d\u00e9but de l\u2019ann\u00e9e avant ces deux salves de suppressions de postes. Une place grandissante de l\u2019IA Des observateurs font le lien entre cette cure d\u2019amaigrissement et le d\u00e9ploiement de l\u2019intelligence artificielle (IA) au sein de l\u2019entreprise, parmi les plus avanc\u00e9es dans ce domaine. Fin avril, le directeur g\u00e9n\u00e9ral de Microsoft, Satya Nadella, avait r\u00e9v\u00e9l\u00e9 que 20 \u00e0 30\u00a0% du code de programmation en interne \u00e9tait d\u00e9sormais \u00e9crit par de l\u2019IA. Interrog\u00e9 sur l\u2019impact de l\u2019intelligence artificielle sur ses effectifs, le groupe n\u2019a pas donn\u00e9 suite dans l\u2019imm\u00e9diat. Microsoft parle simplement de [ses][ses][ses][ses] . , a d\u00e9crit Microsoft, mercredi. D\u00e9but 2023, l\u2019entreprise avait licenci\u00e9 environ 10\u00a0000 personnes, une d\u00e9cision pr\u00e9sent\u00e9e comme le r\u00e9sultat d\u2019un contrecoup \u00e0 l\u2019acc\u00e9l\u00e9ration des d\u00e9penses informatiques lors de la pand\u00e9mie de coronavirus. Pour autant, la soci\u00e9t\u00e9 avait continu\u00e9 d\u2019accro\u00eetre ses effectifs en net, les 228\u00a0000 salari\u00e9s de 2024 constituant un pic, en hausse de 63\u00a0% par rapport au total de 2019, juste avant la pand\u00e9mie.    Le Monde avec AFP      S\u2019abonner   Contribuer R\u00e9utiliser ce contenu","robots":{"index":"noindex","follow":"follow","max-snippet":"max-snippet:-1","max-image-preview":"max-image-preview:large","max-video-preview":"max-video-preview:-1"},"og_locale":"fr_FR","og_type":"article","og_title":"Microsoft annonce une nouvelle vague de milliers de licenciements - vof-news.eu","og_description":"Microsoft va licencier plusieurs milliers de personnes suppl\u00e9mentaires apr\u00e8s une premi\u00e8re vague en mai, a communiqu\u00e9 le groupe \u00e0 l\u2019Agence France-Presse (AFP), mercredi 2\u00a0juillet, notamment en r\u00e9duisant certains \u00e9chelons hi\u00e9rarchiques. , selon une porte-parole \u00e0 l\u2019AFP, soit jusqu\u2019\u00e0 environ 9\u00a0000 employ\u00e9s, sur un effectif total de 228\u00a0000 personnes selon le dernier rapport annuel. , a expliqu\u00e9 la porte-parole. Mi-mai, le groupe de Redmond, ville situ\u00e9e dans l\u2019Etat de Washington, avait d\u00e9j\u00e0 d\u00e9voil\u00e9 un plan social portant sur des personnels, soit environ 6\u00a0000 personnes. hi\u00e9rarchiques, a pr\u00e9cis\u00e9 Microsoft, qui, selon plusieurs m\u00e9dias, s\u2019\u00e9tait d\u00e9j\u00e0 s\u00e9par\u00e9 d\u2019environ 2\u00a0000 salari\u00e9s depuis le d\u00e9but de l\u2019ann\u00e9e avant ces deux salves de suppressions de postes. Une place grandissante de l\u2019IA Des observateurs font le lien entre cette cure d\u2019amaigrissement et le d\u00e9ploiement de l\u2019intelligence artificielle (IA) au sein de l\u2019entreprise, parmi les plus avanc\u00e9es dans ce domaine. Fin avril, le directeur g\u00e9n\u00e9ral de Microsoft, Satya Nadella, avait r\u00e9v\u00e9l\u00e9 que 20 \u00e0 30\u00a0% du code de programmation en interne \u00e9tait d\u00e9sormais \u00e9crit par de l\u2019IA. Interrog\u00e9 sur l\u2019impact de l\u2019intelligence artificielle sur ses effectifs, le groupe n\u2019a pas donn\u00e9 suite dans l\u2019imm\u00e9diat. Microsoft parle simplement de [ses][ses][ses][ses] . , a d\u00e9crit Microsoft, mercredi. D\u00e9but 2023, l\u2019entreprise avait licenci\u00e9 environ 10\u00a0000 personnes, une d\u00e9cision pr\u00e9sent\u00e9e comme le r\u00e9sultat d\u2019un contrecoup \u00e0 l\u2019acc\u00e9l\u00e9ration des d\u00e9penses informatiques lors de la pand\u00e9mie de coronavirus. Pour autant, la soci\u00e9t\u00e9 avait continu\u00e9 d\u2019accro\u00eetre ses effectifs en net, les 228\u00a0000 salari\u00e9s de 2024 constituant un pic, en hausse de 63\u00a0% par rapport au total de 2019, juste avant la pand\u00e9mie.    Le Monde avec AFP      S\u2019abonner   Contribuer R\u00e9utiliser ce contenu","og_url":"https:\/\/vof-news.eu\/fr\/microsoft-annonce-une-nouvelle-vague-de-milliers-de-licenciements\/","og_site_name":"vof-news.eu","article_published_time":"2025-07-02T16:33:14+00:00","article_modified_time":"2025-07-02T16:33:38+00:00","og_image":[{"width":664,"height":444,"url":"https:\/\/vof-news.eu\/wp-content\/uploads\/2025\/07\/56640b7_ftp-import-images-1-e1mp4hppkaqv-2025-07-02t131525z-975331836-rc2f6catv07r-rtrmadp-3-microsoft-layoffs.jpg","type":"image\/jpeg"}],"author":"Author","twitter_card":"summary_large_image","twitter_misc":{"\u00c9crit par":"Author","Dur\u00e9e de lecture estim\u00e9e":"2 minutes"},"schema":{"@context":"https:\/\/schema.org","@graph":[{"@type":"WebPage","@id":"https:\/\/vof-news.eu\/fr\/microsoft-annonce-une-nouvelle-vague-de-milliers-de-licenciements\/","url":"https:\/\/vof-news.eu\/fr\/microsoft-annonce-une-nouvelle-vague-de-milliers-de-licenciements\/","name":"Microsoft annonce une nouvelle vague de milliers de licenciements - vof-news.eu","isPartOf":{"@id":"https:\/\/vof-news.eu\/fr\/#website"},"primaryImageOfPage":{"@id":"https:\/\/vof-news.eu\/fr\/microsoft-annonce-une-nouvelle-vague-de-milliers-de-licenciements\/#primaryimage"},"image":{"@id":"https:\/\/vof-news.eu\/fr\/microsoft-annonce-une-nouvelle-vague-de-milliers-de-licenciements\/#primaryimage"},"thumbnailUrl":"https:\/\/vof-news.eu\/wp-content\/uploads\/2025\/07\/56640b7_ftp-import-images-1-e1mp4hppkaqv-2025-07-02t131525z-975331836-rc2f6catv07r-rtrmadp-3-microsoft-layoffs.jpg","datePublished":"2025-07-02T16:33:14+00:00","dateModified":"2025-07-02T16:33:38+00:00","author":{"@id":"https:\/\/vof-news.eu\/fr\/#\/schema\/person\/f6a2a4309f0561835797fd8c19b333ed"},"description":"Microsoft va licencier plusieurs milliers de personnes suppl\u00e9mentaires apr\u00e8s une premi\u00e8re vague en mai, a communiqu\u00e9 le groupe \u00e0 l\u2019Agence France-Presse (AFP), mercredi 2\u00a0juillet, notamment en r\u00e9duisant certains \u00e9chelons hi\u00e9rarchiques. , selon une porte-parole \u00e0 l\u2019AFP, soit jusqu\u2019\u00e0 environ 9\u00a0000 employ\u00e9s, sur un effectif total de 228\u00a0000 personnes selon le dernier rapport annuel. , a expliqu\u00e9 la porte-parole. Mi-mai, le groupe de Redmond, ville situ\u00e9e dans l\u2019Etat de Washington, avait d\u00e9j\u00e0 d\u00e9voil\u00e9 un plan social portant sur des personnels, soit environ 6\u00a0000 personnes. hi\u00e9rarchiques, a pr\u00e9cis\u00e9 Microsoft, qui, selon plusieurs m\u00e9dias, s\u2019\u00e9tait d\u00e9j\u00e0 s\u00e9par\u00e9 d\u2019environ 2\u00a0000 salari\u00e9s depuis le d\u00e9but de l\u2019ann\u00e9e avant ces deux salves de suppressions de postes. Une place grandissante de l\u2019IA Des observateurs font le lien entre cette cure d\u2019amaigrissement et le d\u00e9ploiement de l\u2019intelligence artificielle (IA) au sein de l\u2019entreprise, parmi les plus avanc\u00e9es dans ce domaine. Fin avril, le directeur g\u00e9n\u00e9ral de Microsoft, Satya Nadella, avait r\u00e9v\u00e9l\u00e9 que 20 \u00e0 30\u00a0% du code de programmation en interne \u00e9tait d\u00e9sormais \u00e9crit par de l\u2019IA. Interrog\u00e9 sur l\u2019impact de l\u2019intelligence artificielle sur ses effectifs, le groupe n\u2019a pas donn\u00e9 suite dans l\u2019imm\u00e9diat. Microsoft parle simplement de [ses][ses][ses][ses] . , a d\u00e9crit Microsoft, mercredi. D\u00e9but 2023, l\u2019entreprise avait licenci\u00e9 environ 10\u00a0000 personnes, une d\u00e9cision pr\u00e9sent\u00e9e comme le r\u00e9sultat d\u2019un contrecoup \u00e0 l\u2019acc\u00e9l\u00e9ration des d\u00e9penses informatiques lors de la pand\u00e9mie de coronavirus. Pour autant, la soci\u00e9t\u00e9 avait continu\u00e9 d\u2019accro\u00eetre ses effectifs en net, les 228\u00a0000 salari\u00e9s de 2024 constituant un pic, en hausse de 63\u00a0% par rapport au total de 2019, juste avant la pand\u00e9mie. Le Monde avec AFP S\u2019abonner Contribuer R\u00e9utiliser ce contenu","breadcrumb":{"@id":"https:\/\/vof-news.eu\/fr\/microsoft-annonce-une-nouvelle-vague-de-milliers-de-licenciements\/#breadcrumb"},"inLanguage":"fr-FR","potentialAction":[{"@type":"ReadAction","target":["https:\/\/vof-news.eu\/fr\/microsoft-annonce-une-nouvelle-vague-de-milliers-de-licenciements\/"]}]},{"@type":"ImageObject","inLanguage":"fr-FR","@id":"https:\/\/vof-news.eu\/fr\/microsoft-annonce-une-nouvelle-vague-de-milliers-de-licenciements\/#primaryimage","url":"https:\/\/vof-news.eu\/wp-content\/uploads\/2025\/07\/56640b7_ftp-import-images-1-e1mp4hppkaqv-2025-07-02t131525z-975331836-rc2f6catv07r-rtrmadp-3-microsoft-layoffs.jpg","contentUrl":"https:\/\/vof-news.eu\/wp-content\/uploads\/2025\/07\/56640b7_ftp-import-images-1-e1mp4hppkaqv-2025-07-02t131525z-975331836-rc2f6catv07r-rtrmadp-3-microsoft-layoffs.jpg","width":664,"height":444},{"@type":"BreadcrumbList","@id":"https:\/\/vof-news.eu\/fr\/microsoft-annonce-une-nouvelle-vague-de-milliers-de-licenciements\/#breadcrumb","itemListElement":[{"@type":"ListItem","position":1,"name":"Home","item":"https:\/\/vof-news.eu\/fr\/"},{"@type":"ListItem","position":2,"name":"Microsoft annonce une nouvelle vague de milliers de licenciements"}]},{"@type":"WebSite","@id":"https:\/\/vof-news.eu\/fr\/#website","url":"https:\/\/vof-news.eu\/fr\/","name":"vof-news.eu","description":"","potentialAction":[{"@type":"SearchAction","target":{"@type":"EntryPoint","urlTemplate":"https:\/\/vof-news.eu\/fr\/?s={search_term_string}"},"query-input":"required name=search_term_string"}],"inLanguage":"fr-FR"},{"@type":"Person","@id":"https:\/\/vof-news.eu\/fr\/#\/schema\/person\/f6a2a4309f0561835797fd8c19b333ed","name":"Author","image":{"@type":"ImageObject","inLanguage":"fr-FR","@id":"https:\/\/vof-news.eu\/fr\/#\/schema\/person\/image\/","url":"https:\/\/secure.gravatar.com\/avatar\/b67e614b1b25b3e9c0c239efdd2fde5ab015b5affd6f1c3c85911ca4b384e790?s=96&d=mm&r=g","contentUrl":"https:\/\/secure.gravatar.com\/avatar\/b67e614b1b25b3e9c0c239efdd2fde5ab015b5affd6f1c3c85911ca4b384e790?s=96&d=mm&r=g","caption":"Author"},"sameAs":["http:\/\/vof-news.eu"],"url":"https:\/\/vof-news.eu\/fr\/author\/zwt6qxnjulxbnyg\/"}]}},"yoast_meta":{"yoast_wpseo_title":"","yoast_wpseo_metadesc":"","yoast_wpseo_canonical":""},"_links":{"self":[{"href":"https:\/\/vof-news.eu\/fr\/wp-json\/wp\/v2\/posts\/245689","targetHints":{"allow":["GET"]}}],"collection":[{"href":"https:\/\/vof-news.eu\/fr\/wp-json\/wp\/v2\/posts"}],"about":[{"href":"https:\/\/vof-news.eu\/fr\/wp-json\/wp\/v2\/types\/post"}],"author":[{"embeddable":true,"href":"https:\/\/vof-news.eu\/fr\/wp-json\/wp\/v2\/users\/1"}],"replies":[{"embeddable":true,"href":"https:\/\/vof-news.eu\/fr\/wp-json\/wp\/v2\/comments?post=245689"}],"version-history":[{"count":1,"href":"https:\/\/vof-news.eu\/fr\/wp-json\/wp\/v2\/posts\/245689\/revisions"}],"predecessor-version":[{"id":245696,"href":"https:\/\/vof-news.eu\/fr\/wp-json\/wp\/v2\/posts\/245689\/revisions\/245696"}],"wp:featuredmedia":[{"embeddable":true,"href":"https:\/\/vof-news.eu\/fr\/wp-json\/wp\/v2\/media\/245690"}],"wp:attachment":[{"href":"https:\/\/vof-news.eu\/fr\/wp-json\/wp\/v2\/media?parent=245689"}],"wp:term":[{"taxonomy":"category","embeddable":true,"href":"https:\/\/vof-news.eu\/fr\/wp-json\/wp\/v2\/categories?post=245689"},{"taxonomy":"post_tag","embeddable":true,"href":"https:\/\/vof-news.eu\/fr\/wp-json\/wp\/v2\/tags?post=245689"}],"curies":[{"name":"wp","href":"https:\/\/api.w.org\/{rel}","templated":true}]}}