{"id":245681,"date":"2025-07-02T19:31:55","date_gmt":"2025-07-02T16:31:55","guid":{"rendered":"https:\/\/vof-news.eu\/retraites-de-letat-des-normes-qui-gonflent-les-chiffres-sur-le-financement-de-laction-publique\/"},"modified":"2025-07-02T19:32:22","modified_gmt":"2025-07-02T16:32:22","slug":"retraites-de-letat-des-normes-qui-gonflent-les-chiffres-sur-le-financement-de-laction-publique","status":"publish","type":"post","link":"https:\/\/vof-news.eu\/fr\/retraites-de-letat-des-normes-qui-gonflent-les-chiffres-sur-le-financement-de-laction-publique\/","title":{"rendered":"Retraites de l\u2019Etat\u00a0: des normes qui gonflent les chiffres sur le financement de l\u2019action publique"},"content":{"rendered":"<article>\n<p>Les retraites des fonctionnaires d\u2019Etat sont comptabilis\u00e9es selon une m\u00e9thode qui a pour effet de surestimer l\u2019effort budg\u00e9taire en faveur d\u2019actions minist\u00e9rielles. C\u2019est l\u2019un des principaux enseignements d\u2019une <a href=\"https:\/\/www.ipp.eu\/publication\/retraites-des-fonctionnaires-detat-faut-il-changer-la-convention-comptable\/\" rel=\"nofollow\">\u00e9tude<\/a> diffus\u00e9e, lundi 30\u00a0juin, par l\u2019Institut des politiques publiques (IPP). Sous des dehors tr\u00e8s techniques, cette recherche pourrait \u00eatre vue comme un objet r\u00e9serv\u00e9 aux initi\u00e9s mais sa port\u00e9e est, en r\u00e9alit\u00e9, importante, car elle fait \u0153uvre de transparence dans un d\u00e9bat qui va au-del\u00e0 de la seule th\u00e9matique des pensions.<\/p>\n<p>A l\u2019heure actuelle, les sommes relatives aux retraites des fonctionnaires d\u2019Etat sont retrac\u00e9es par un \u00ab\u00a0compte d\u2019affectation sp\u00e9ciale\u00a0\u00bb qui figure, chaque ann\u00e9e, dans la loi de finances. Le compte en question doit \u00eatre \u00e9quilibr\u00e9. C\u2019est l\u2019Etat, en tant qu\u2019employeur, qui apporte la plus grosse masse de cr\u00e9dits\u00a0: pr\u00e8s de 41\u00a0milliards d\u2019euros en\u00a02020 pour environ 55\u00a0milliards d\u2019euros de d\u00e9penses (le solde \u00e9tant couvert par d\u2019autres apports tels que \u2013 entre autres \u2013 les cotisations des agents titulaires).<\/p>\n<p>Cette situation se traduit par des niveaux de contribution tr\u00e8s \u00e9lev\u00e9s pour l\u2019Etat\u00a0: 74,28\u00a0% de la r\u00e9mun\u00e9ration (hors primes), s\u2019agissant des fonctionnaires civils, et 126,07\u00a0% dans le cas des militaires, jusqu\u2019en\u00a02024. Ces taux sont nettement sup\u00e9rieurs \u00e0 ceux qui s\u2019appliquent aux patrons du priv\u00e9 (16,67\u00a0%).<\/p>\n<p><strong>Il vous reste 74.56% de cet article \u00e0 lire. La suite est r\u00e9serv\u00e9e aux abonn\u00e9s.<\/strong><\/p>\n<\/article>\n","protected":false},"excerpt":{"rendered":"<p>Les retraites des fonctionnaires d\u2019Etat sont comptabilis\u00e9es selon une m\u00e9thode qui a pour effet de surestimer l\u2019effort budg\u00e9taire en faveur d\u2019actions minist\u00e9rielles. C\u2019est l\u2019un des principaux enseignements d\u2019une \u00e9tude diffus\u00e9e, lundi 30\u00a0juin, par l\u2019Institut des politiques publiques (IPP). Sous des dehors tr\u00e8s techniques, cette recherche pourrait \u00eatre vue comme un objet r\u00e9serv\u00e9 aux initi\u00e9s mais<\/p>\n","protected":false},"author":1,"featured_media":245682,"comment_status":"open","ping_status":"open","sticky":false,"template":"","format":"standard","meta":{"footnotes":""},"categories":[68],"tags":[],"class_list":["post-245681","post","type-post","status-publish","format-standard","has-post-thumbnail","hentry","category-politics-fr"],"acf":[],"yoast_head":"<!-- This site is optimized with the Yoast SEO plugin v22.9 - https:\/\/yoast.com\/wordpress\/plugins\/seo\/ -->\n<title>Retraites de l\u2019Etat\u00a0: des normes qui gonflent les chiffres sur le financement de l\u2019action publique - vof-news.eu<\/title>\n<meta name=\"description\" content=\"Les retraites des fonctionnaires d\u2019Etat sont comptabilis\u00e9es selon une m\u00e9thode qui a pour effet de surestimer l\u2019effort budg\u00e9taire en faveur d\u2019actions minist\u00e9rielles. C\u2019est l\u2019un des principaux enseignements d\u2019une \u00e9tude diffus\u00e9e, lundi 30\u00a0juin, par l\u2019Institut des politiques publiques (IPP). Sous des dehors tr\u00e8s techniques, cette recherche pourrait \u00eatre vue comme un objet r\u00e9serv\u00e9 aux initi\u00e9s mais sa port\u00e9e est, en r\u00e9alit\u00e9, importante, car elle fait \u0153uvre de transparence dans un d\u00e9bat qui va au-del\u00e0 de la seule th\u00e9matique des pensions. A l\u2019heure actuelle, les sommes relatives aux retraites des fonctionnaires d\u2019Etat sont retrac\u00e9es par un \u00ab\u00a0compte d\u2019affectation sp\u00e9ciale\u00a0\u00bb qui figure, chaque ann\u00e9e, dans la loi de finances. Le compte en question doit \u00eatre \u00e9quilibr\u00e9. C\u2019est l\u2019Etat, en tant qu\u2019employeur, qui apporte la plus grosse masse de cr\u00e9dits\u00a0: pr\u00e8s de 41\u00a0milliards d\u2019euros en\u00a02020 pour environ 55\u00a0milliards d\u2019euros de d\u00e9penses (le solde \u00e9tant couvert par d\u2019autres apports tels que \u2013 entre autres \u2013 les cotisations des agents titulaires). Cette situation se traduit par des niveaux de contribution tr\u00e8s \u00e9lev\u00e9s pour l\u2019Etat\u00a0: 74,28\u00a0% de la r\u00e9mun\u00e9ration (hors primes), s\u2019agissant des fonctionnaires civils, et 126,07\u00a0% dans le cas des militaires, jusqu\u2019en\u00a02024. Ces taux sont nettement sup\u00e9rieurs \u00e0 ceux qui s\u2019appliquent aux patrons du priv\u00e9 (16,67\u00a0%). Il vous reste 74.56% de cet article \u00e0 lire. La suite est r\u00e9serv\u00e9e aux abonn\u00e9s.\" \/>\n<meta name=\"robots\" content=\"noindex, follow, max-snippet:-1, max-image-preview:large, max-video-preview:-1\" \/>\n<meta property=\"og:locale\" content=\"fr_FR\" \/>\n<meta property=\"og:type\" content=\"article\" \/>\n<meta property=\"og:title\" content=\"Retraites de l\u2019Etat\u00a0: des normes qui gonflent les chiffres sur le financement de l\u2019action publique - vof-news.eu\" \/>\n<meta property=\"og:description\" content=\"Les retraites des fonctionnaires d\u2019Etat sont comptabilis\u00e9es selon une m\u00e9thode qui a pour effet de surestimer l\u2019effort budg\u00e9taire en faveur d\u2019actions minist\u00e9rielles. C\u2019est l\u2019un des principaux enseignements d\u2019une \u00e9tude diffus\u00e9e, lundi 30\u00a0juin, par l\u2019Institut des politiques publiques (IPP). Sous des dehors tr\u00e8s techniques, cette recherche pourrait \u00eatre vue comme un objet r\u00e9serv\u00e9 aux initi\u00e9s mais sa port\u00e9e est, en r\u00e9alit\u00e9, importante, car elle fait \u0153uvre de transparence dans un d\u00e9bat qui va au-del\u00e0 de la seule th\u00e9matique des pensions. A l\u2019heure actuelle, les sommes relatives aux retraites des fonctionnaires d\u2019Etat sont retrac\u00e9es par un \u00ab\u00a0compte d\u2019affectation sp\u00e9ciale\u00a0\u00bb qui figure, chaque ann\u00e9e, dans la loi de finances. Le compte en question doit \u00eatre \u00e9quilibr\u00e9. C\u2019est l\u2019Etat, en tant qu\u2019employeur, qui apporte la plus grosse masse de cr\u00e9dits\u00a0: pr\u00e8s de 41\u00a0milliards d\u2019euros en\u00a02020 pour environ 55\u00a0milliards d\u2019euros de d\u00e9penses (le solde \u00e9tant couvert par d\u2019autres apports tels que \u2013 entre autres \u2013 les cotisations des agents titulaires). Cette situation se traduit par des niveaux de contribution tr\u00e8s \u00e9lev\u00e9s pour l\u2019Etat\u00a0: 74,28\u00a0% de la r\u00e9mun\u00e9ration (hors primes), s\u2019agissant des fonctionnaires civils, et 126,07\u00a0% dans le cas des militaires, jusqu\u2019en\u00a02024. Ces taux sont nettement sup\u00e9rieurs \u00e0 ceux qui s\u2019appliquent aux patrons du priv\u00e9 (16,67\u00a0%). Il vous reste 74.56% de cet article \u00e0 lire. La suite est r\u00e9serv\u00e9e aux abonn\u00e9s.\" \/>\n<meta property=\"og:url\" content=\"https:\/\/vof-news.eu\/fr\/retraites-de-letat-des-normes-qui-gonflent-les-chiffres-sur-le-financement-de-laction-publique\/\" \/>\n<meta property=\"og:site_name\" content=\"vof-news.eu\" \/>\n<meta property=\"article:published_time\" content=\"2025-07-02T16:31:55+00:00\" \/>\n<meta property=\"article:modified_time\" content=\"2025-07-02T16:32:22+00:00\" \/>\n<meta property=\"og:image\" content=\"https:\/\/vof-news.eu\/wp-content\/uploads\/2025\/07\/ba4957e_upload-1-mliktvedtsmh-000-433t42j.jpg\" \/>\n\t<meta property=\"og:image:width\" content=\"664\" \/>\n\t<meta property=\"og:image:height\" content=\"443\" \/>\n\t<meta property=\"og:image:type\" content=\"image\/jpeg\" \/>\n<meta name=\"author\" content=\"Author\" \/>\n<meta name=\"twitter:card\" content=\"summary_large_image\" \/>\n<meta name=\"twitter:label1\" content=\"\u00c9crit par\" \/>\n\t<meta name=\"twitter:data1\" content=\"Author\" \/>\n\t<meta name=\"twitter:label2\" content=\"Dur\u00e9e de lecture estim\u00e9e\" \/>\n\t<meta name=\"twitter:data2\" content=\"1 minute\" \/>\n<script type=\"application\/ld+json\" class=\"yoast-schema-graph\">{\"@context\":\"https:\/\/schema.org\",\"@graph\":[{\"@type\":\"WebPage\",\"@id\":\"https:\/\/vof-news.eu\/fr\/retraites-de-letat-des-normes-qui-gonflent-les-chiffres-sur-le-financement-de-laction-publique\/\",\"url\":\"https:\/\/vof-news.eu\/fr\/retraites-de-letat-des-normes-qui-gonflent-les-chiffres-sur-le-financement-de-laction-publique\/\",\"name\":\"Retraites de l\u2019Etat\u00a0: des normes qui gonflent les chiffres sur le financement de l\u2019action publique - vof-news.eu\",\"isPartOf\":{\"@id\":\"https:\/\/vof-news.eu\/fr\/#website\"},\"primaryImageOfPage\":{\"@id\":\"https:\/\/vof-news.eu\/fr\/retraites-de-letat-des-normes-qui-gonflent-les-chiffres-sur-le-financement-de-laction-publique\/#primaryimage\"},\"image\":{\"@id\":\"https:\/\/vof-news.eu\/fr\/retraites-de-letat-des-normes-qui-gonflent-les-chiffres-sur-le-financement-de-laction-publique\/#primaryimage\"},\"thumbnailUrl\":\"https:\/\/vof-news.eu\/wp-content\/uploads\/2025\/07\/ba4957e_upload-1-mliktvedtsmh-000-433t42j.jpg\",\"datePublished\":\"2025-07-02T16:31:55+00:00\",\"dateModified\":\"2025-07-02T16:32:22+00:00\",\"author\":{\"@id\":\"https:\/\/vof-news.eu\/fr\/#\/schema\/person\/f6a2a4309f0561835797fd8c19b333ed\"},\"description\":\"Les retraites des fonctionnaires d\u2019Etat sont comptabilis\u00e9es selon une m\u00e9thode qui a pour effet de surestimer l\u2019effort budg\u00e9taire en faveur d\u2019actions minist\u00e9rielles. C\u2019est l\u2019un des principaux enseignements d\u2019une \u00e9tude diffus\u00e9e, lundi 30\u00a0juin, par l\u2019Institut des politiques publiques (IPP). Sous des dehors tr\u00e8s techniques, cette recherche pourrait \u00eatre vue comme un objet r\u00e9serv\u00e9 aux initi\u00e9s mais sa port\u00e9e est, en r\u00e9alit\u00e9, importante, car elle fait \u0153uvre de transparence dans un d\u00e9bat qui va au-del\u00e0 de la seule th\u00e9matique des pensions. A l\u2019heure actuelle, les sommes relatives aux retraites des fonctionnaires d\u2019Etat sont retrac\u00e9es par un \u00ab\u00a0compte d\u2019affectation sp\u00e9ciale\u00a0\u00bb qui figure, chaque ann\u00e9e, dans la loi de finances. Le compte en question doit \u00eatre \u00e9quilibr\u00e9. C\u2019est l\u2019Etat, en tant qu\u2019employeur, qui apporte la plus grosse masse de cr\u00e9dits\u00a0: pr\u00e8s de 41\u00a0milliards d\u2019euros en\u00a02020 pour environ 55\u00a0milliards d\u2019euros de d\u00e9penses (le solde \u00e9tant couvert par d\u2019autres apports tels que \u2013 entre autres \u2013 les cotisations des agents titulaires). Cette situation se traduit par des niveaux de contribution tr\u00e8s \u00e9lev\u00e9s pour l\u2019Etat\u00a0: 74,28\u00a0% de la r\u00e9mun\u00e9ration (hors primes), s\u2019agissant des fonctionnaires civils, et 126,07\u00a0% dans le cas des militaires, jusqu\u2019en\u00a02024. Ces taux sont nettement sup\u00e9rieurs \u00e0 ceux qui s\u2019appliquent aux patrons du priv\u00e9 (16,67\u00a0%). Il vous reste 74.56% de cet article \u00e0 lire. La suite est r\u00e9serv\u00e9e aux abonn\u00e9s.\",\"breadcrumb\":{\"@id\":\"https:\/\/vof-news.eu\/fr\/retraites-de-letat-des-normes-qui-gonflent-les-chiffres-sur-le-financement-de-laction-publique\/#breadcrumb\"},\"inLanguage\":\"fr-FR\",\"potentialAction\":[{\"@type\":\"ReadAction\",\"target\":[\"https:\/\/vof-news.eu\/fr\/retraites-de-letat-des-normes-qui-gonflent-les-chiffres-sur-le-financement-de-laction-publique\/\"]}]},{\"@type\":\"ImageObject\",\"inLanguage\":\"fr-FR\",\"@id\":\"https:\/\/vof-news.eu\/fr\/retraites-de-letat-des-normes-qui-gonflent-les-chiffres-sur-le-financement-de-laction-publique\/#primaryimage\",\"url\":\"https:\/\/vof-news.eu\/wp-content\/uploads\/2025\/07\/ba4957e_upload-1-mliktvedtsmh-000-433t42j.jpg\",\"contentUrl\":\"https:\/\/vof-news.eu\/wp-content\/uploads\/2025\/07\/ba4957e_upload-1-mliktvedtsmh-000-433t42j.jpg\",\"width\":664,\"height\":443},{\"@type\":\"BreadcrumbList\",\"@id\":\"https:\/\/vof-news.eu\/fr\/retraites-de-letat-des-normes-qui-gonflent-les-chiffres-sur-le-financement-de-laction-publique\/#breadcrumb\",\"itemListElement\":[{\"@type\":\"ListItem\",\"position\":1,\"name\":\"Home\",\"item\":\"https:\/\/vof-news.eu\/fr\/\"},{\"@type\":\"ListItem\",\"position\":2,\"name\":\"Retraites de l\u2019Etat\u00a0: des normes qui gonflent les chiffres sur le financement de l\u2019action publique\"}]},{\"@type\":\"WebSite\",\"@id\":\"https:\/\/vof-news.eu\/fr\/#website\",\"url\":\"https:\/\/vof-news.eu\/fr\/\",\"name\":\"vof-news.eu\",\"description\":\"\",\"potentialAction\":[{\"@type\":\"SearchAction\",\"target\":{\"@type\":\"EntryPoint\",\"urlTemplate\":\"https:\/\/vof-news.eu\/fr\/?s={search_term_string}\"},\"query-input\":\"required name=search_term_string\"}],\"inLanguage\":\"fr-FR\"},{\"@type\":\"Person\",\"@id\":\"https:\/\/vof-news.eu\/fr\/#\/schema\/person\/f6a2a4309f0561835797fd8c19b333ed\",\"name\":\"Author\",\"image\":{\"@type\":\"ImageObject\",\"inLanguage\":\"fr-FR\",\"@id\":\"https:\/\/vof-news.eu\/fr\/#\/schema\/person\/image\/\",\"url\":\"https:\/\/secure.gravatar.com\/avatar\/b67e614b1b25b3e9c0c239efdd2fde5ab015b5affd6f1c3c85911ca4b384e790?s=96&d=mm&r=g\",\"contentUrl\":\"https:\/\/secure.gravatar.com\/avatar\/b67e614b1b25b3e9c0c239efdd2fde5ab015b5affd6f1c3c85911ca4b384e790?s=96&d=mm&r=g\",\"caption\":\"Author\"},\"sameAs\":[\"http:\/\/vof-news.eu\"],\"url\":\"https:\/\/vof-news.eu\/fr\/author\/zwt6qxnjulxbnyg\/\"}]}<\/script>\n<!-- \/ Yoast SEO plugin. -->","yoast_head_json":{"title":"Retraites de l\u2019Etat\u00a0: des normes qui gonflent les chiffres sur le financement de l\u2019action publique - vof-news.eu","description":"Les retraites des fonctionnaires d\u2019Etat sont comptabilis\u00e9es selon une m\u00e9thode qui a pour effet de surestimer l\u2019effort budg\u00e9taire en faveur d\u2019actions minist\u00e9rielles. C\u2019est l\u2019un des principaux enseignements d\u2019une \u00e9tude diffus\u00e9e, lundi 30\u00a0juin, par l\u2019Institut des politiques publiques (IPP). Sous des dehors tr\u00e8s techniques, cette recherche pourrait \u00eatre vue comme un objet r\u00e9serv\u00e9 aux initi\u00e9s mais sa port\u00e9e est, en r\u00e9alit\u00e9, importante, car elle fait \u0153uvre de transparence dans un d\u00e9bat qui va au-del\u00e0 de la seule th\u00e9matique des pensions. A l\u2019heure actuelle, les sommes relatives aux retraites des fonctionnaires d\u2019Etat sont retrac\u00e9es par un \u00ab\u00a0compte d\u2019affectation sp\u00e9ciale\u00a0\u00bb qui figure, chaque ann\u00e9e, dans la loi de finances. Le compte en question doit \u00eatre \u00e9quilibr\u00e9. C\u2019est l\u2019Etat, en tant qu\u2019employeur, qui apporte la plus grosse masse de cr\u00e9dits\u00a0: pr\u00e8s de 41\u00a0milliards d\u2019euros en\u00a02020 pour environ 55\u00a0milliards d\u2019euros de d\u00e9penses (le solde \u00e9tant couvert par d\u2019autres apports tels que \u2013 entre autres \u2013 les cotisations des agents titulaires). Cette situation se traduit par des niveaux de contribution tr\u00e8s \u00e9lev\u00e9s pour l\u2019Etat\u00a0: 74,28\u00a0% de la r\u00e9mun\u00e9ration (hors primes), s\u2019agissant des fonctionnaires civils, et 126,07\u00a0% dans le cas des militaires, jusqu\u2019en\u00a02024. Ces taux sont nettement sup\u00e9rieurs \u00e0 ceux qui s\u2019appliquent aux patrons du priv\u00e9 (16,67\u00a0%). Il vous reste 74.56% de cet article \u00e0 lire. La suite est r\u00e9serv\u00e9e aux abonn\u00e9s.","robots":{"index":"noindex","follow":"follow","max-snippet":"max-snippet:-1","max-image-preview":"max-image-preview:large","max-video-preview":"max-video-preview:-1"},"og_locale":"fr_FR","og_type":"article","og_title":"Retraites de l\u2019Etat\u00a0: des normes qui gonflent les chiffres sur le financement de l\u2019action publique - vof-news.eu","og_description":"Les retraites des fonctionnaires d\u2019Etat sont comptabilis\u00e9es selon une m\u00e9thode qui a pour effet de surestimer l\u2019effort budg\u00e9taire en faveur d\u2019actions minist\u00e9rielles. C\u2019est l\u2019un des principaux enseignements d\u2019une \u00e9tude diffus\u00e9e, lundi 30\u00a0juin, par l\u2019Institut des politiques publiques (IPP). Sous des dehors tr\u00e8s techniques, cette recherche pourrait \u00eatre vue comme un objet r\u00e9serv\u00e9 aux initi\u00e9s mais sa port\u00e9e est, en r\u00e9alit\u00e9, importante, car elle fait \u0153uvre de transparence dans un d\u00e9bat qui va au-del\u00e0 de la seule th\u00e9matique des pensions. A l\u2019heure actuelle, les sommes relatives aux retraites des fonctionnaires d\u2019Etat sont retrac\u00e9es par un \u00ab\u00a0compte d\u2019affectation sp\u00e9ciale\u00a0\u00bb qui figure, chaque ann\u00e9e, dans la loi de finances. Le compte en question doit \u00eatre \u00e9quilibr\u00e9. C\u2019est l\u2019Etat, en tant qu\u2019employeur, qui apporte la plus grosse masse de cr\u00e9dits\u00a0: pr\u00e8s de 41\u00a0milliards d\u2019euros en\u00a02020 pour environ 55\u00a0milliards d\u2019euros de d\u00e9penses (le solde \u00e9tant couvert par d\u2019autres apports tels que \u2013 entre autres \u2013 les cotisations des agents titulaires). Cette situation se traduit par des niveaux de contribution tr\u00e8s \u00e9lev\u00e9s pour l\u2019Etat\u00a0: 74,28\u00a0% de la r\u00e9mun\u00e9ration (hors primes), s\u2019agissant des fonctionnaires civils, et 126,07\u00a0% dans le cas des militaires, jusqu\u2019en\u00a02024. Ces taux sont nettement sup\u00e9rieurs \u00e0 ceux qui s\u2019appliquent aux patrons du priv\u00e9 (16,67\u00a0%). Il vous reste 74.56% de cet article \u00e0 lire. La suite est r\u00e9serv\u00e9e aux abonn\u00e9s.","og_url":"https:\/\/vof-news.eu\/fr\/retraites-de-letat-des-normes-qui-gonflent-les-chiffres-sur-le-financement-de-laction-publique\/","og_site_name":"vof-news.eu","article_published_time":"2025-07-02T16:31:55+00:00","article_modified_time":"2025-07-02T16:32:22+00:00","og_image":[{"width":664,"height":443,"url":"https:\/\/vof-news.eu\/wp-content\/uploads\/2025\/07\/ba4957e_upload-1-mliktvedtsmh-000-433t42j.jpg","type":"image\/jpeg"}],"author":"Author","twitter_card":"summary_large_image","twitter_misc":{"\u00c9crit par":"Author","Dur\u00e9e de lecture estim\u00e9e":"1 minute"},"schema":{"@context":"https:\/\/schema.org","@graph":[{"@type":"WebPage","@id":"https:\/\/vof-news.eu\/fr\/retraites-de-letat-des-normes-qui-gonflent-les-chiffres-sur-le-financement-de-laction-publique\/","url":"https:\/\/vof-news.eu\/fr\/retraites-de-letat-des-normes-qui-gonflent-les-chiffres-sur-le-financement-de-laction-publique\/","name":"Retraites de l\u2019Etat\u00a0: des normes qui gonflent les chiffres sur le financement de l\u2019action publique - vof-news.eu","isPartOf":{"@id":"https:\/\/vof-news.eu\/fr\/#website"},"primaryImageOfPage":{"@id":"https:\/\/vof-news.eu\/fr\/retraites-de-letat-des-normes-qui-gonflent-les-chiffres-sur-le-financement-de-laction-publique\/#primaryimage"},"image":{"@id":"https:\/\/vof-news.eu\/fr\/retraites-de-letat-des-normes-qui-gonflent-les-chiffres-sur-le-financement-de-laction-publique\/#primaryimage"},"thumbnailUrl":"https:\/\/vof-news.eu\/wp-content\/uploads\/2025\/07\/ba4957e_upload-1-mliktvedtsmh-000-433t42j.jpg","datePublished":"2025-07-02T16:31:55+00:00","dateModified":"2025-07-02T16:32:22+00:00","author":{"@id":"https:\/\/vof-news.eu\/fr\/#\/schema\/person\/f6a2a4309f0561835797fd8c19b333ed"},"description":"Les retraites des fonctionnaires d\u2019Etat sont comptabilis\u00e9es selon une m\u00e9thode qui a pour effet de surestimer l\u2019effort budg\u00e9taire en faveur d\u2019actions minist\u00e9rielles. C\u2019est l\u2019un des principaux enseignements d\u2019une \u00e9tude diffus\u00e9e, lundi 30\u00a0juin, par l\u2019Institut des politiques publiques (IPP). Sous des dehors tr\u00e8s techniques, cette recherche pourrait \u00eatre vue comme un objet r\u00e9serv\u00e9 aux initi\u00e9s mais sa port\u00e9e est, en r\u00e9alit\u00e9, importante, car elle fait \u0153uvre de transparence dans un d\u00e9bat qui va au-del\u00e0 de la seule th\u00e9matique des pensions. A l\u2019heure actuelle, les sommes relatives aux retraites des fonctionnaires d\u2019Etat sont retrac\u00e9es par un \u00ab\u00a0compte d\u2019affectation sp\u00e9ciale\u00a0\u00bb qui figure, chaque ann\u00e9e, dans la loi de finances. Le compte en question doit \u00eatre \u00e9quilibr\u00e9. C\u2019est l\u2019Etat, en tant qu\u2019employeur, qui apporte la plus grosse masse de cr\u00e9dits\u00a0: pr\u00e8s de 41\u00a0milliards d\u2019euros en\u00a02020 pour environ 55\u00a0milliards d\u2019euros de d\u00e9penses (le solde \u00e9tant couvert par d\u2019autres apports tels que \u2013 entre autres \u2013 les cotisations des agents titulaires). Cette situation se traduit par des niveaux de contribution tr\u00e8s \u00e9lev\u00e9s pour l\u2019Etat\u00a0: 74,28\u00a0% de la r\u00e9mun\u00e9ration (hors primes), s\u2019agissant des fonctionnaires civils, et 126,07\u00a0% dans le cas des militaires, jusqu\u2019en\u00a02024. Ces taux sont nettement sup\u00e9rieurs \u00e0 ceux qui s\u2019appliquent aux patrons du priv\u00e9 (16,67\u00a0%). Il vous reste 74.56% de cet article \u00e0 lire. La suite est r\u00e9serv\u00e9e aux abonn\u00e9s.","breadcrumb":{"@id":"https:\/\/vof-news.eu\/fr\/retraites-de-letat-des-normes-qui-gonflent-les-chiffres-sur-le-financement-de-laction-publique\/#breadcrumb"},"inLanguage":"fr-FR","potentialAction":[{"@type":"ReadAction","target":["https:\/\/vof-news.eu\/fr\/retraites-de-letat-des-normes-qui-gonflent-les-chiffres-sur-le-financement-de-laction-publique\/"]}]},{"@type":"ImageObject","inLanguage":"fr-FR","@id":"https:\/\/vof-news.eu\/fr\/retraites-de-letat-des-normes-qui-gonflent-les-chiffres-sur-le-financement-de-laction-publique\/#primaryimage","url":"https:\/\/vof-news.eu\/wp-content\/uploads\/2025\/07\/ba4957e_upload-1-mliktvedtsmh-000-433t42j.jpg","contentUrl":"https:\/\/vof-news.eu\/wp-content\/uploads\/2025\/07\/ba4957e_upload-1-mliktvedtsmh-000-433t42j.jpg","width":664,"height":443},{"@type":"BreadcrumbList","@id":"https:\/\/vof-news.eu\/fr\/retraites-de-letat-des-normes-qui-gonflent-les-chiffres-sur-le-financement-de-laction-publique\/#breadcrumb","itemListElement":[{"@type":"ListItem","position":1,"name":"Home","item":"https:\/\/vof-news.eu\/fr\/"},{"@type":"ListItem","position":2,"name":"Retraites de l\u2019Etat\u00a0: des normes qui gonflent les chiffres sur le financement de l\u2019action publique"}]},{"@type":"WebSite","@id":"https:\/\/vof-news.eu\/fr\/#website","url":"https:\/\/vof-news.eu\/fr\/","name":"vof-news.eu","description":"","potentialAction":[{"@type":"SearchAction","target":{"@type":"EntryPoint","urlTemplate":"https:\/\/vof-news.eu\/fr\/?s={search_term_string}"},"query-input":"required name=search_term_string"}],"inLanguage":"fr-FR"},{"@type":"Person","@id":"https:\/\/vof-news.eu\/fr\/#\/schema\/person\/f6a2a4309f0561835797fd8c19b333ed","name":"Author","image":{"@type":"ImageObject","inLanguage":"fr-FR","@id":"https:\/\/vof-news.eu\/fr\/#\/schema\/person\/image\/","url":"https:\/\/secure.gravatar.com\/avatar\/b67e614b1b25b3e9c0c239efdd2fde5ab015b5affd6f1c3c85911ca4b384e790?s=96&d=mm&r=g","contentUrl":"https:\/\/secure.gravatar.com\/avatar\/b67e614b1b25b3e9c0c239efdd2fde5ab015b5affd6f1c3c85911ca4b384e790?s=96&d=mm&r=g","caption":"Author"},"sameAs":["http:\/\/vof-news.eu"],"url":"https:\/\/vof-news.eu\/fr\/author\/zwt6qxnjulxbnyg\/"}]}},"yoast_meta":{"yoast_wpseo_title":"","yoast_wpseo_metadesc":"","yoast_wpseo_canonical":""},"_links":{"self":[{"href":"https:\/\/vof-news.eu\/fr\/wp-json\/wp\/v2\/posts\/245681","targetHints":{"allow":["GET"]}}],"collection":[{"href":"https:\/\/vof-news.eu\/fr\/wp-json\/wp\/v2\/posts"}],"about":[{"href":"https:\/\/vof-news.eu\/fr\/wp-json\/wp\/v2\/types\/post"}],"author":[{"embeddable":true,"href":"https:\/\/vof-news.eu\/fr\/wp-json\/wp\/v2\/users\/1"}],"replies":[{"embeddable":true,"href":"https:\/\/vof-news.eu\/fr\/wp-json\/wp\/v2\/comments?post=245681"}],"version-history":[{"count":1,"href":"https:\/\/vof-news.eu\/fr\/wp-json\/wp\/v2\/posts\/245681\/revisions"}],"predecessor-version":[{"id":245688,"href":"https:\/\/vof-news.eu\/fr\/wp-json\/wp\/v2\/posts\/245681\/revisions\/245688"}],"wp:featuredmedia":[{"embeddable":true,"href":"https:\/\/vof-news.eu\/fr\/wp-json\/wp\/v2\/media\/245682"}],"wp:attachment":[{"href":"https:\/\/vof-news.eu\/fr\/wp-json\/wp\/v2\/media?parent=245681"}],"wp:term":[{"taxonomy":"category","embeddable":true,"href":"https:\/\/vof-news.eu\/fr\/wp-json\/wp\/v2\/categories?post=245681"},{"taxonomy":"post_tag","embeddable":true,"href":"https:\/\/vof-news.eu\/fr\/wp-json\/wp\/v2\/tags?post=245681"}],"curies":[{"name":"wp","href":"https:\/\/api.w.org\/{rel}","templated":true}]}}