{"id":245619,"date":"2025-07-02T17:36:12","date_gmt":"2025-07-02T14:36:12","guid":{"rendered":"https:\/\/vof-news.eu\/en-pologne-le-soutien-a-lentree-de-lukraine-dans-lue-serode\/"},"modified":"2025-07-02T17:36:43","modified_gmt":"2025-07-02T14:36:43","slug":"en-pologne-le-soutien-a-lentree-de-lukraine-dans-lue-serode","status":"publish","type":"post","link":"https:\/\/vof-news.eu\/fr\/en-pologne-le-soutien-a-lentree-de-lukraine-dans-lue-serode\/","title":{"rendered":"En Pologne, le soutien \u00e0 l\u2019entr\u00e9e de l\u2019Ukraine dans l\u2019UE s\u2019\u00e9rode"},"content":{"rendered":"<article>\n<p>Soutien de premier plan de l\u2019Ukraine depuis l\u2019invasion de ce pays par la Russie, le 24\u00a0f\u00e9vrier\u00a02022, la Pologne n\u2019a pas su profiter de sa pr\u00e9sidence du Conseil de l\u2019Union europ\u00e9enne (UE) qui s\u2019est achev\u00e9e le 30\u00a0juin, pour rapprocher Kiev de Bruxelles. En d\u00e9cembre\u00a02024, le premier ministre polonais, Donald Tusk, esp\u00e9rait ouvrir au moins un chapitre des n\u00e9gociations pour l\u2019entr\u00e9e de l\u2019Ukraine dans l\u2019UE et affirmait\u00a0:  Il n\u2019en a rien \u00e9t\u00e9. Ces \u00e9tapes, indispensables \u00e0 l\u2019adh\u00e9sion, n\u00e9cessitent une d\u00e9cision \u00e0 l\u2019unanimit\u00e9 des Etats membres, or la Hongrie ne cache pas son opposition au projet. La perspective s\u2019est compliqu\u00e9e encore davantage avec l\u2019\u00e9lection en Pologne d\u2019un pr\u00e9sident tr\u00e8s ambivalent sur le sujet.<\/p>\n<p>Victorieux le 1<sup>er<\/sup>\u00a0juin avec 50,89\u00a0% des voix, <a href=\"https:\/\/www.lemonde.fr\/international\/article\/2025\/06\/02\/karol-nawrocki-du-hooliganisme-a-la-presidence-de-la-pologne_6610139_3210.html\" rel=\"nofollow\">le nationaliste Karol Nawrocki<\/a>, soutenu par le parti ultraconservateur Droit et justice (PiS), s\u2019est engag\u00e9 pendant la campagne \u00e0 s\u2019opposer \u00e0 l\u2019adh\u00e9sion de l\u2019Ukraine \u00e0 l\u2019UE. Une semaine apr\u00e8s le scrutin, dans son premier<strong> <\/strong>entretien \u00e0 un m\u00e9dia \u00e9tranger, en l\u2019occurrence le journal  proche du Fidesz, le parti du premier ministre hongrois Viktor Orban, il a affirm\u00e9 que . Le 30\u00a0juin, il a nuanc\u00e9 son propos en consid\u00e9rant que l\u2019Ukraine devait remplir les attentes et normes europ\u00e9ennes avant de pr\u00e9tendre \u00e0 une adh\u00e9sion, ce qui est l\u2019objectif des n\u00e9gociations d\u2019adh\u00e9sion, qui prennent g\u00e9n\u00e9ralement des ann\u00e9es.<\/p>\n<p><strong>Il vous reste 67.68% de cet article \u00e0 lire. La suite est r\u00e9serv\u00e9e aux abonn\u00e9s.<\/strong><\/p>\n<\/article>\n","protected":false},"excerpt":{"rendered":"<p>Soutien de premier plan de l\u2019Ukraine depuis l\u2019invasion de ce pays par la Russie, le 24\u00a0f\u00e9vrier\u00a02022, la Pologne n\u2019a pas su profiter de sa pr\u00e9sidence du Conseil de l\u2019Union europ\u00e9enne (UE) qui s\u2019est achev\u00e9e le 30\u00a0juin, pour rapprocher Kiev de Bruxelles. En d\u00e9cembre\u00a02024, le premier ministre polonais, Donald Tusk, esp\u00e9rait ouvrir au moins un chapitre<\/p>\n","protected":false},"author":1,"featured_media":245620,"comment_status":"open","ping_status":"open","sticky":false,"template":"","format":"standard","meta":{"footnotes":""},"categories":[115],"tags":[],"class_list":["post-245619","post","type-post","status-publish","format-standard","has-post-thumbnail","hentry","category-war-chronicles-fr"],"acf":[],"yoast_head":"<!-- This site is optimized with the Yoast SEO plugin v22.9 - https:\/\/yoast.com\/wordpress\/plugins\/seo\/ -->\n<title>En Pologne, le soutien \u00e0 l\u2019entr\u00e9e de l\u2019Ukraine dans l\u2019UE s\u2019\u00e9rode - vof-news.eu<\/title>\n<meta name=\"description\" content=\"Soutien de premier plan de l\u2019Ukraine depuis l\u2019invasion de ce pays par la Russie, le 24\u00a0f\u00e9vrier\u00a02022, la Pologne n\u2019a pas su profiter de sa pr\u00e9sidence du Conseil de l\u2019Union europ\u00e9enne (UE) qui s\u2019est achev\u00e9e le 30\u00a0juin, pour rapprocher Kiev de Bruxelles. En d\u00e9cembre\u00a02024, le premier ministre polonais, Donald Tusk, esp\u00e9rait ouvrir au moins un chapitre des n\u00e9gociations pour l\u2019entr\u00e9e de l\u2019Ukraine dans l\u2019UE et affirmait\u00a0: Il n\u2019en a rien \u00e9t\u00e9. Ces \u00e9tapes, indispensables \u00e0 l\u2019adh\u00e9sion, n\u00e9cessitent une d\u00e9cision \u00e0 l\u2019unanimit\u00e9 des Etats membres, or la Hongrie ne cache pas son opposition au projet. La perspective s\u2019est compliqu\u00e9e encore davantage avec l\u2019\u00e9lection en Pologne d\u2019un pr\u00e9sident tr\u00e8s ambivalent sur le sujet. Victorieux le 1er\u00a0juin avec 50,89\u00a0% des voix, le nationaliste Karol Nawrocki, soutenu par le parti ultraconservateur Droit et justice (PiS), s\u2019est engag\u00e9 pendant la campagne \u00e0 s\u2019opposer \u00e0 l\u2019adh\u00e9sion de l\u2019Ukraine \u00e0 l\u2019UE. Une semaine apr\u00e8s le scrutin, dans son premier entretien \u00e0 un m\u00e9dia \u00e9tranger, en l\u2019occurrence le journal proche du Fidesz, le parti du premier ministre hongrois Viktor Orban, il a affirm\u00e9 que . Le 30\u00a0juin, il a nuanc\u00e9 son propos en consid\u00e9rant que l\u2019Ukraine devait remplir les attentes et normes europ\u00e9ennes avant de pr\u00e9tendre \u00e0 une adh\u00e9sion, ce qui est l\u2019objectif des n\u00e9gociations d\u2019adh\u00e9sion, qui prennent g\u00e9n\u00e9ralement des ann\u00e9es. Il vous reste 67.68% de cet article \u00e0 lire. La suite est r\u00e9serv\u00e9e aux abonn\u00e9s.\" \/>\n<meta name=\"robots\" content=\"noindex, follow, max-snippet:-1, max-image-preview:large, max-video-preview:-1\" \/>\n<meta property=\"og:locale\" content=\"fr_FR\" \/>\n<meta property=\"og:type\" content=\"article\" \/>\n<meta property=\"og:title\" content=\"En Pologne, le soutien \u00e0 l\u2019entr\u00e9e de l\u2019Ukraine dans l\u2019UE s\u2019\u00e9rode - vof-news.eu\" \/>\n<meta property=\"og:description\" content=\"Soutien de premier plan de l\u2019Ukraine depuis l\u2019invasion de ce pays par la Russie, le 24\u00a0f\u00e9vrier\u00a02022, la Pologne n\u2019a pas su profiter de sa pr\u00e9sidence du Conseil de l\u2019Union europ\u00e9enne (UE) qui s\u2019est achev\u00e9e le 30\u00a0juin, pour rapprocher Kiev de Bruxelles. En d\u00e9cembre\u00a02024, le premier ministre polonais, Donald Tusk, esp\u00e9rait ouvrir au moins un chapitre des n\u00e9gociations pour l\u2019entr\u00e9e de l\u2019Ukraine dans l\u2019UE et affirmait\u00a0: Il n\u2019en a rien \u00e9t\u00e9. Ces \u00e9tapes, indispensables \u00e0 l\u2019adh\u00e9sion, n\u00e9cessitent une d\u00e9cision \u00e0 l\u2019unanimit\u00e9 des Etats membres, or la Hongrie ne cache pas son opposition au projet. La perspective s\u2019est compliqu\u00e9e encore davantage avec l\u2019\u00e9lection en Pologne d\u2019un pr\u00e9sident tr\u00e8s ambivalent sur le sujet. Victorieux le 1er\u00a0juin avec 50,89\u00a0% des voix, le nationaliste Karol Nawrocki, soutenu par le parti ultraconservateur Droit et justice (PiS), s\u2019est engag\u00e9 pendant la campagne \u00e0 s\u2019opposer \u00e0 l\u2019adh\u00e9sion de l\u2019Ukraine \u00e0 l\u2019UE. Une semaine apr\u00e8s le scrutin, dans son premier entretien \u00e0 un m\u00e9dia \u00e9tranger, en l\u2019occurrence le journal proche du Fidesz, le parti du premier ministre hongrois Viktor Orban, il a affirm\u00e9 que . Le 30\u00a0juin, il a nuanc\u00e9 son propos en consid\u00e9rant que l\u2019Ukraine devait remplir les attentes et normes europ\u00e9ennes avant de pr\u00e9tendre \u00e0 une adh\u00e9sion, ce qui est l\u2019objectif des n\u00e9gociations d\u2019adh\u00e9sion, qui prennent g\u00e9n\u00e9ralement des ann\u00e9es. Il vous reste 67.68% de cet article \u00e0 lire. La suite est r\u00e9serv\u00e9e aux abonn\u00e9s.\" \/>\n<meta property=\"og:url\" content=\"https:\/\/vof-news.eu\/fr\/en-pologne-le-soutien-a-lentree-de-lukraine-dans-lue-serode\/\" \/>\n<meta property=\"og:site_name\" content=\"vof-news.eu\" \/>\n<meta property=\"article:published_time\" content=\"2025-07-02T14:36:12+00:00\" \/>\n<meta property=\"article:modified_time\" content=\"2025-07-02T14:36:43+00:00\" \/>\n<meta property=\"og:image\" content=\"https:\/\/vof-news.eu\/wp-content\/uploads\/2025\/07\/0cd4463_ftp-import-images-1-ka4xascy5bi2-b6e478687f334c828bb211d9fd6c90d3-0-0d2fbcb766f44b29b96384a3e670261d.jpg\" \/>\n\t<meta property=\"og:image:width\" content=\"664\" \/>\n\t<meta property=\"og:image:height\" content=\"443\" \/>\n\t<meta property=\"og:image:type\" content=\"image\/jpeg\" \/>\n<meta name=\"author\" content=\"Author\" \/>\n<meta name=\"twitter:card\" content=\"summary_large_image\" \/>\n<meta name=\"twitter:label1\" content=\"\u00c9crit par\" \/>\n\t<meta name=\"twitter:data1\" content=\"Author\" \/>\n\t<meta name=\"twitter:label2\" content=\"Dur\u00e9e de lecture estim\u00e9e\" \/>\n\t<meta name=\"twitter:data2\" content=\"1 minute\" \/>\n<script type=\"application\/ld+json\" class=\"yoast-schema-graph\">{\"@context\":\"https:\/\/schema.org\",\"@graph\":[{\"@type\":\"WebPage\",\"@id\":\"https:\/\/vof-news.eu\/fr\/en-pologne-le-soutien-a-lentree-de-lukraine-dans-lue-serode\/\",\"url\":\"https:\/\/vof-news.eu\/fr\/en-pologne-le-soutien-a-lentree-de-lukraine-dans-lue-serode\/\",\"name\":\"En Pologne, le soutien \u00e0 l\u2019entr\u00e9e de l\u2019Ukraine dans l\u2019UE s\u2019\u00e9rode - vof-news.eu\",\"isPartOf\":{\"@id\":\"https:\/\/vof-news.eu\/fr\/#website\"},\"primaryImageOfPage\":{\"@id\":\"https:\/\/vof-news.eu\/fr\/en-pologne-le-soutien-a-lentree-de-lukraine-dans-lue-serode\/#primaryimage\"},\"image\":{\"@id\":\"https:\/\/vof-news.eu\/fr\/en-pologne-le-soutien-a-lentree-de-lukraine-dans-lue-serode\/#primaryimage\"},\"thumbnailUrl\":\"https:\/\/vof-news.eu\/wp-content\/uploads\/2025\/07\/0cd4463_ftp-import-images-1-ka4xascy5bi2-b6e478687f334c828bb211d9fd6c90d3-0-0d2fbcb766f44b29b96384a3e670261d.jpg\",\"datePublished\":\"2025-07-02T14:36:12+00:00\",\"dateModified\":\"2025-07-02T14:36:43+00:00\",\"author\":{\"@id\":\"https:\/\/vof-news.eu\/fr\/#\/schema\/person\/f6a2a4309f0561835797fd8c19b333ed\"},\"description\":\"Soutien de premier plan de l\u2019Ukraine depuis l\u2019invasion de ce pays par la Russie, le 24\u00a0f\u00e9vrier\u00a02022, la Pologne n\u2019a pas su profiter de sa pr\u00e9sidence du Conseil de l\u2019Union europ\u00e9enne (UE) qui s\u2019est achev\u00e9e le 30\u00a0juin, pour rapprocher Kiev de Bruxelles. En d\u00e9cembre\u00a02024, le premier ministre polonais, Donald Tusk, esp\u00e9rait ouvrir au moins un chapitre des n\u00e9gociations pour l\u2019entr\u00e9e de l\u2019Ukraine dans l\u2019UE et affirmait\u00a0: Il n\u2019en a rien \u00e9t\u00e9. Ces \u00e9tapes, indispensables \u00e0 l\u2019adh\u00e9sion, n\u00e9cessitent une d\u00e9cision \u00e0 l\u2019unanimit\u00e9 des Etats membres, or la Hongrie ne cache pas son opposition au projet. La perspective s\u2019est compliqu\u00e9e encore davantage avec l\u2019\u00e9lection en Pologne d\u2019un pr\u00e9sident tr\u00e8s ambivalent sur le sujet. Victorieux le 1er\u00a0juin avec 50,89\u00a0% des voix, le nationaliste Karol Nawrocki, soutenu par le parti ultraconservateur Droit et justice (PiS), s\u2019est engag\u00e9 pendant la campagne \u00e0 s\u2019opposer \u00e0 l\u2019adh\u00e9sion de l\u2019Ukraine \u00e0 l\u2019UE. Une semaine apr\u00e8s le scrutin, dans son premier entretien \u00e0 un m\u00e9dia \u00e9tranger, en l\u2019occurrence le journal proche du Fidesz, le parti du premier ministre hongrois Viktor Orban, il a affirm\u00e9 que . Le 30\u00a0juin, il a nuanc\u00e9 son propos en consid\u00e9rant que l\u2019Ukraine devait remplir les attentes et normes europ\u00e9ennes avant de pr\u00e9tendre \u00e0 une adh\u00e9sion, ce qui est l\u2019objectif des n\u00e9gociations d\u2019adh\u00e9sion, qui prennent g\u00e9n\u00e9ralement des ann\u00e9es. Il vous reste 67.68% de cet article \u00e0 lire. La suite est r\u00e9serv\u00e9e aux abonn\u00e9s.\",\"breadcrumb\":{\"@id\":\"https:\/\/vof-news.eu\/fr\/en-pologne-le-soutien-a-lentree-de-lukraine-dans-lue-serode\/#breadcrumb\"},\"inLanguage\":\"fr-FR\",\"potentialAction\":[{\"@type\":\"ReadAction\",\"target\":[\"https:\/\/vof-news.eu\/fr\/en-pologne-le-soutien-a-lentree-de-lukraine-dans-lue-serode\/\"]}]},{\"@type\":\"ImageObject\",\"inLanguage\":\"fr-FR\",\"@id\":\"https:\/\/vof-news.eu\/fr\/en-pologne-le-soutien-a-lentree-de-lukraine-dans-lue-serode\/#primaryimage\",\"url\":\"https:\/\/vof-news.eu\/wp-content\/uploads\/2025\/07\/0cd4463_ftp-import-images-1-ka4xascy5bi2-b6e478687f334c828bb211d9fd6c90d3-0-0d2fbcb766f44b29b96384a3e670261d.jpg\",\"contentUrl\":\"https:\/\/vof-news.eu\/wp-content\/uploads\/2025\/07\/0cd4463_ftp-import-images-1-ka4xascy5bi2-b6e478687f334c828bb211d9fd6c90d3-0-0d2fbcb766f44b29b96384a3e670261d.jpg\",\"width\":664,\"height\":443},{\"@type\":\"BreadcrumbList\",\"@id\":\"https:\/\/vof-news.eu\/fr\/en-pologne-le-soutien-a-lentree-de-lukraine-dans-lue-serode\/#breadcrumb\",\"itemListElement\":[{\"@type\":\"ListItem\",\"position\":1,\"name\":\"Home\",\"item\":\"https:\/\/vof-news.eu\/fr\/\"},{\"@type\":\"ListItem\",\"position\":2,\"name\":\"En Pologne, le soutien \u00e0 l\u2019entr\u00e9e de l\u2019Ukraine dans l\u2019UE s\u2019\u00e9rode\"}]},{\"@type\":\"WebSite\",\"@id\":\"https:\/\/vof-news.eu\/fr\/#website\",\"url\":\"https:\/\/vof-news.eu\/fr\/\",\"name\":\"vof-news.eu\",\"description\":\"\",\"potentialAction\":[{\"@type\":\"SearchAction\",\"target\":{\"@type\":\"EntryPoint\",\"urlTemplate\":\"https:\/\/vof-news.eu\/fr\/?s={search_term_string}\"},\"query-input\":\"required name=search_term_string\"}],\"inLanguage\":\"fr-FR\"},{\"@type\":\"Person\",\"@id\":\"https:\/\/vof-news.eu\/fr\/#\/schema\/person\/f6a2a4309f0561835797fd8c19b333ed\",\"name\":\"Author\",\"image\":{\"@type\":\"ImageObject\",\"inLanguage\":\"fr-FR\",\"@id\":\"https:\/\/vof-news.eu\/fr\/#\/schema\/person\/image\/\",\"url\":\"https:\/\/secure.gravatar.com\/avatar\/b67e614b1b25b3e9c0c239efdd2fde5ab015b5affd6f1c3c85911ca4b384e790?s=96&d=mm&r=g\",\"contentUrl\":\"https:\/\/secure.gravatar.com\/avatar\/b67e614b1b25b3e9c0c239efdd2fde5ab015b5affd6f1c3c85911ca4b384e790?s=96&d=mm&r=g\",\"caption\":\"Author\"},\"sameAs\":[\"http:\/\/vof-news.eu\"],\"url\":\"https:\/\/vof-news.eu\/fr\/author\/zwt6qxnjulxbnyg\/\"}]}<\/script>\n<!-- \/ Yoast SEO plugin. -->","yoast_head_json":{"title":"En Pologne, le soutien \u00e0 l\u2019entr\u00e9e de l\u2019Ukraine dans l\u2019UE s\u2019\u00e9rode - vof-news.eu","description":"Soutien de premier plan de l\u2019Ukraine depuis l\u2019invasion de ce pays par la Russie, le 24\u00a0f\u00e9vrier\u00a02022, la Pologne n\u2019a pas su profiter de sa pr\u00e9sidence du Conseil de l\u2019Union europ\u00e9enne (UE) qui s\u2019est achev\u00e9e le 30\u00a0juin, pour rapprocher Kiev de Bruxelles. En d\u00e9cembre\u00a02024, le premier ministre polonais, Donald Tusk, esp\u00e9rait ouvrir au moins un chapitre des n\u00e9gociations pour l\u2019entr\u00e9e de l\u2019Ukraine dans l\u2019UE et affirmait\u00a0: Il n\u2019en a rien \u00e9t\u00e9. Ces \u00e9tapes, indispensables \u00e0 l\u2019adh\u00e9sion, n\u00e9cessitent une d\u00e9cision \u00e0 l\u2019unanimit\u00e9 des Etats membres, or la Hongrie ne cache pas son opposition au projet. La perspective s\u2019est compliqu\u00e9e encore davantage avec l\u2019\u00e9lection en Pologne d\u2019un pr\u00e9sident tr\u00e8s ambivalent sur le sujet. Victorieux le 1er\u00a0juin avec 50,89\u00a0% des voix, le nationaliste Karol Nawrocki, soutenu par le parti ultraconservateur Droit et justice (PiS), s\u2019est engag\u00e9 pendant la campagne \u00e0 s\u2019opposer \u00e0 l\u2019adh\u00e9sion de l\u2019Ukraine \u00e0 l\u2019UE. Une semaine apr\u00e8s le scrutin, dans son premier entretien \u00e0 un m\u00e9dia \u00e9tranger, en l\u2019occurrence le journal proche du Fidesz, le parti du premier ministre hongrois Viktor Orban, il a affirm\u00e9 que . Le 30\u00a0juin, il a nuanc\u00e9 son propos en consid\u00e9rant que l\u2019Ukraine devait remplir les attentes et normes europ\u00e9ennes avant de pr\u00e9tendre \u00e0 une adh\u00e9sion, ce qui est l\u2019objectif des n\u00e9gociations d\u2019adh\u00e9sion, qui prennent g\u00e9n\u00e9ralement des ann\u00e9es. Il vous reste 67.68% de cet article \u00e0 lire. La suite est r\u00e9serv\u00e9e aux abonn\u00e9s.","robots":{"index":"noindex","follow":"follow","max-snippet":"max-snippet:-1","max-image-preview":"max-image-preview:large","max-video-preview":"max-video-preview:-1"},"og_locale":"fr_FR","og_type":"article","og_title":"En Pologne, le soutien \u00e0 l\u2019entr\u00e9e de l\u2019Ukraine dans l\u2019UE s\u2019\u00e9rode - vof-news.eu","og_description":"Soutien de premier plan de l\u2019Ukraine depuis l\u2019invasion de ce pays par la Russie, le 24\u00a0f\u00e9vrier\u00a02022, la Pologne n\u2019a pas su profiter de sa pr\u00e9sidence du Conseil de l\u2019Union europ\u00e9enne (UE) qui s\u2019est achev\u00e9e le 30\u00a0juin, pour rapprocher Kiev de Bruxelles. En d\u00e9cembre\u00a02024, le premier ministre polonais, Donald Tusk, esp\u00e9rait ouvrir au moins un chapitre des n\u00e9gociations pour l\u2019entr\u00e9e de l\u2019Ukraine dans l\u2019UE et affirmait\u00a0: Il n\u2019en a rien \u00e9t\u00e9. Ces \u00e9tapes, indispensables \u00e0 l\u2019adh\u00e9sion, n\u00e9cessitent une d\u00e9cision \u00e0 l\u2019unanimit\u00e9 des Etats membres, or la Hongrie ne cache pas son opposition au projet. La perspective s\u2019est compliqu\u00e9e encore davantage avec l\u2019\u00e9lection en Pologne d\u2019un pr\u00e9sident tr\u00e8s ambivalent sur le sujet. Victorieux le 1er\u00a0juin avec 50,89\u00a0% des voix, le nationaliste Karol Nawrocki, soutenu par le parti ultraconservateur Droit et justice (PiS), s\u2019est engag\u00e9 pendant la campagne \u00e0 s\u2019opposer \u00e0 l\u2019adh\u00e9sion de l\u2019Ukraine \u00e0 l\u2019UE. Une semaine apr\u00e8s le scrutin, dans son premier entretien \u00e0 un m\u00e9dia \u00e9tranger, en l\u2019occurrence le journal proche du Fidesz, le parti du premier ministre hongrois Viktor Orban, il a affirm\u00e9 que . Le 30\u00a0juin, il a nuanc\u00e9 son propos en consid\u00e9rant que l\u2019Ukraine devait remplir les attentes et normes europ\u00e9ennes avant de pr\u00e9tendre \u00e0 une adh\u00e9sion, ce qui est l\u2019objectif des n\u00e9gociations d\u2019adh\u00e9sion, qui prennent g\u00e9n\u00e9ralement des ann\u00e9es. Il vous reste 67.68% de cet article \u00e0 lire. La suite est r\u00e9serv\u00e9e aux abonn\u00e9s.","og_url":"https:\/\/vof-news.eu\/fr\/en-pologne-le-soutien-a-lentree-de-lukraine-dans-lue-serode\/","og_site_name":"vof-news.eu","article_published_time":"2025-07-02T14:36:12+00:00","article_modified_time":"2025-07-02T14:36:43+00:00","og_image":[{"width":664,"height":443,"url":"https:\/\/vof-news.eu\/wp-content\/uploads\/2025\/07\/0cd4463_ftp-import-images-1-ka4xascy5bi2-b6e478687f334c828bb211d9fd6c90d3-0-0d2fbcb766f44b29b96384a3e670261d.jpg","type":"image\/jpeg"}],"author":"Author","twitter_card":"summary_large_image","twitter_misc":{"\u00c9crit par":"Author","Dur\u00e9e de lecture estim\u00e9e":"1 minute"},"schema":{"@context":"https:\/\/schema.org","@graph":[{"@type":"WebPage","@id":"https:\/\/vof-news.eu\/fr\/en-pologne-le-soutien-a-lentree-de-lukraine-dans-lue-serode\/","url":"https:\/\/vof-news.eu\/fr\/en-pologne-le-soutien-a-lentree-de-lukraine-dans-lue-serode\/","name":"En Pologne, le soutien \u00e0 l\u2019entr\u00e9e de l\u2019Ukraine dans l\u2019UE s\u2019\u00e9rode - vof-news.eu","isPartOf":{"@id":"https:\/\/vof-news.eu\/fr\/#website"},"primaryImageOfPage":{"@id":"https:\/\/vof-news.eu\/fr\/en-pologne-le-soutien-a-lentree-de-lukraine-dans-lue-serode\/#primaryimage"},"image":{"@id":"https:\/\/vof-news.eu\/fr\/en-pologne-le-soutien-a-lentree-de-lukraine-dans-lue-serode\/#primaryimage"},"thumbnailUrl":"https:\/\/vof-news.eu\/wp-content\/uploads\/2025\/07\/0cd4463_ftp-import-images-1-ka4xascy5bi2-b6e478687f334c828bb211d9fd6c90d3-0-0d2fbcb766f44b29b96384a3e670261d.jpg","datePublished":"2025-07-02T14:36:12+00:00","dateModified":"2025-07-02T14:36:43+00:00","author":{"@id":"https:\/\/vof-news.eu\/fr\/#\/schema\/person\/f6a2a4309f0561835797fd8c19b333ed"},"description":"Soutien de premier plan de l\u2019Ukraine depuis l\u2019invasion de ce pays par la Russie, le 24\u00a0f\u00e9vrier\u00a02022, la Pologne n\u2019a pas su profiter de sa pr\u00e9sidence du Conseil de l\u2019Union europ\u00e9enne (UE) qui s\u2019est achev\u00e9e le 30\u00a0juin, pour rapprocher Kiev de Bruxelles. En d\u00e9cembre\u00a02024, le premier ministre polonais, Donald Tusk, esp\u00e9rait ouvrir au moins un chapitre des n\u00e9gociations pour l\u2019entr\u00e9e de l\u2019Ukraine dans l\u2019UE et affirmait\u00a0: Il n\u2019en a rien \u00e9t\u00e9. Ces \u00e9tapes, indispensables \u00e0 l\u2019adh\u00e9sion, n\u00e9cessitent une d\u00e9cision \u00e0 l\u2019unanimit\u00e9 des Etats membres, or la Hongrie ne cache pas son opposition au projet. La perspective s\u2019est compliqu\u00e9e encore davantage avec l\u2019\u00e9lection en Pologne d\u2019un pr\u00e9sident tr\u00e8s ambivalent sur le sujet. Victorieux le 1er\u00a0juin avec 50,89\u00a0% des voix, le nationaliste Karol Nawrocki, soutenu par le parti ultraconservateur Droit et justice (PiS), s\u2019est engag\u00e9 pendant la campagne \u00e0 s\u2019opposer \u00e0 l\u2019adh\u00e9sion de l\u2019Ukraine \u00e0 l\u2019UE. Une semaine apr\u00e8s le scrutin, dans son premier entretien \u00e0 un m\u00e9dia \u00e9tranger, en l\u2019occurrence le journal proche du Fidesz, le parti du premier ministre hongrois Viktor Orban, il a affirm\u00e9 que . Le 30\u00a0juin, il a nuanc\u00e9 son propos en consid\u00e9rant que l\u2019Ukraine devait remplir les attentes et normes europ\u00e9ennes avant de pr\u00e9tendre \u00e0 une adh\u00e9sion, ce qui est l\u2019objectif des n\u00e9gociations d\u2019adh\u00e9sion, qui prennent g\u00e9n\u00e9ralement des ann\u00e9es. Il vous reste 67.68% de cet article \u00e0 lire. La suite est r\u00e9serv\u00e9e aux abonn\u00e9s.","breadcrumb":{"@id":"https:\/\/vof-news.eu\/fr\/en-pologne-le-soutien-a-lentree-de-lukraine-dans-lue-serode\/#breadcrumb"},"inLanguage":"fr-FR","potentialAction":[{"@type":"ReadAction","target":["https:\/\/vof-news.eu\/fr\/en-pologne-le-soutien-a-lentree-de-lukraine-dans-lue-serode\/"]}]},{"@type":"ImageObject","inLanguage":"fr-FR","@id":"https:\/\/vof-news.eu\/fr\/en-pologne-le-soutien-a-lentree-de-lukraine-dans-lue-serode\/#primaryimage","url":"https:\/\/vof-news.eu\/wp-content\/uploads\/2025\/07\/0cd4463_ftp-import-images-1-ka4xascy5bi2-b6e478687f334c828bb211d9fd6c90d3-0-0d2fbcb766f44b29b96384a3e670261d.jpg","contentUrl":"https:\/\/vof-news.eu\/wp-content\/uploads\/2025\/07\/0cd4463_ftp-import-images-1-ka4xascy5bi2-b6e478687f334c828bb211d9fd6c90d3-0-0d2fbcb766f44b29b96384a3e670261d.jpg","width":664,"height":443},{"@type":"BreadcrumbList","@id":"https:\/\/vof-news.eu\/fr\/en-pologne-le-soutien-a-lentree-de-lukraine-dans-lue-serode\/#breadcrumb","itemListElement":[{"@type":"ListItem","position":1,"name":"Home","item":"https:\/\/vof-news.eu\/fr\/"},{"@type":"ListItem","position":2,"name":"En Pologne, le soutien \u00e0 l\u2019entr\u00e9e de l\u2019Ukraine dans l\u2019UE s\u2019\u00e9rode"}]},{"@type":"WebSite","@id":"https:\/\/vof-news.eu\/fr\/#website","url":"https:\/\/vof-news.eu\/fr\/","name":"vof-news.eu","description":"","potentialAction":[{"@type":"SearchAction","target":{"@type":"EntryPoint","urlTemplate":"https:\/\/vof-news.eu\/fr\/?s={search_term_string}"},"query-input":"required name=search_term_string"}],"inLanguage":"fr-FR"},{"@type":"Person","@id":"https:\/\/vof-news.eu\/fr\/#\/schema\/person\/f6a2a4309f0561835797fd8c19b333ed","name":"Author","image":{"@type":"ImageObject","inLanguage":"fr-FR","@id":"https:\/\/vof-news.eu\/fr\/#\/schema\/person\/image\/","url":"https:\/\/secure.gravatar.com\/avatar\/b67e614b1b25b3e9c0c239efdd2fde5ab015b5affd6f1c3c85911ca4b384e790?s=96&d=mm&r=g","contentUrl":"https:\/\/secure.gravatar.com\/avatar\/b67e614b1b25b3e9c0c239efdd2fde5ab015b5affd6f1c3c85911ca4b384e790?s=96&d=mm&r=g","caption":"Author"},"sameAs":["http:\/\/vof-news.eu"],"url":"https:\/\/vof-news.eu\/fr\/author\/zwt6qxnjulxbnyg\/"}]}},"yoast_meta":{"yoast_wpseo_title":"","yoast_wpseo_metadesc":"","yoast_wpseo_canonical":""},"_links":{"self":[{"href":"https:\/\/vof-news.eu\/fr\/wp-json\/wp\/v2\/posts\/245619","targetHints":{"allow":["GET"]}}],"collection":[{"href":"https:\/\/vof-news.eu\/fr\/wp-json\/wp\/v2\/posts"}],"about":[{"href":"https:\/\/vof-news.eu\/fr\/wp-json\/wp\/v2\/types\/post"}],"author":[{"embeddable":true,"href":"https:\/\/vof-news.eu\/fr\/wp-json\/wp\/v2\/users\/1"}],"replies":[{"embeddable":true,"href":"https:\/\/vof-news.eu\/fr\/wp-json\/wp\/v2\/comments?post=245619"}],"version-history":[{"count":1,"href":"https:\/\/vof-news.eu\/fr\/wp-json\/wp\/v2\/posts\/245619\/revisions"}],"predecessor-version":[{"id":245626,"href":"https:\/\/vof-news.eu\/fr\/wp-json\/wp\/v2\/posts\/245619\/revisions\/245626"}],"wp:featuredmedia":[{"embeddable":true,"href":"https:\/\/vof-news.eu\/fr\/wp-json\/wp\/v2\/media\/245620"}],"wp:attachment":[{"href":"https:\/\/vof-news.eu\/fr\/wp-json\/wp\/v2\/media?parent=245619"}],"wp:term":[{"taxonomy":"category","embeddable":true,"href":"https:\/\/vof-news.eu\/fr\/wp-json\/wp\/v2\/categories?post=245619"},{"taxonomy":"post_tag","embeddable":true,"href":"https:\/\/vof-news.eu\/fr\/wp-json\/wp\/v2\/tags?post=245619"}],"curies":[{"name":"wp","href":"https:\/\/api.w.org\/{rel}","templated":true}]}}