{"id":245595,"date":"2025-07-02T17:33:29","date_gmt":"2025-07-02T14:33:29","guid":{"rendered":"https:\/\/vof-news.eu\/face-a-la-canicule-des-familles-inquietes-pour-leurs-proches-dans-les-ehpad-publics\/"},"modified":"2025-07-02T17:33:44","modified_gmt":"2025-07-02T14:33:44","slug":"face-a-la-canicule-des-familles-inquietes-pour-leurs-proches-dans-les-ehpad-publics","status":"publish","type":"post","link":"https:\/\/vof-news.eu\/fr\/face-a-la-canicule-des-familles-inquietes-pour-leurs-proches-dans-les-ehpad-publics\/","title":{"rendered":"Face \u00e0 la canicule, des familles inqui\u00e8tes pour leurs proches dans les Ehpad publics"},"content":{"rendered":"<article>\n<p>Enfin une journ\u00e9e \u00e0 la fra\u00eeche\u00a0! Il aura fallu que le thermom\u00e8tre s\u2019approche des 40\u00a0\u00b0C, mardi 1<sup>er<\/sup>\u00a0juillet, en Loir-et-Cher, pour que Michelle Bourgoin, 89\u00a0ans, soit autoris\u00e9e \u00e0 passer quelques heures \u2013 devant la t\u00e9l\u00e9 \u2013 dans la salle de restaurant climatis\u00e9e de l\u2019Ehpad Pimpeneau Oasis, \u00e0 Blois.\u00a0Depuis le passage, mardi, du d\u00e9partement en vigilance rouge canicule, l\u2019\u00e9tablissement est sur le pied de guerre. Mardi\u00a0matin, cinq soignants et une stagiaire ont eu pour consigne de conduire M<sup>me<\/sup>\u00a0Bourgoin et les 43\u00a0autres r\u00e9sidents de son \u00e9tage dans une pi\u00e8ce fra\u00eeche. Un renfort aussi soudain que bienvenu, note son fils, Dominique Bourgoin.  ,d\u00e9plore M.\u00a0Bourgoin.<\/p>\n<section>   <\/section>\n<p>La direction du centre hospitalier de Blois, dont d\u00e9pendent l\u2019\u00e9tablissement Pimpeneau Oasis et quatre autres Ehpad, r\u00e9fute les critiques sur le manque de personnel. des maisons de retraite publiques en France,assure le cabinet du directeur de l\u2019h\u00f4pital, Francis Bruneau. Plusieurs soignants, sous le couvert de l\u2019anonymat, s\u2019estiment toutefois en sous-effectif. , regrette une salari\u00e9e, agente de soins, de la structure Pimpeneau Oasis. , ajoute une aide-soignante. <\/p>\n<p><strong>Il vous reste 72.92% de cet article \u00e0 lire. La suite est r\u00e9serv\u00e9e aux abonn\u00e9s.<\/strong><\/p>\n<\/article>\n","protected":false},"excerpt":{"rendered":"<p>Enfin une journ\u00e9e \u00e0 la fra\u00eeche\u00a0! Il aura fallu que le thermom\u00e8tre s\u2019approche des 40\u00a0\u00b0C, mardi 1er\u00a0juillet, en Loir-et-Cher, pour que Michelle Bourgoin, 89\u00a0ans, soit autoris\u00e9e \u00e0 passer quelques heures \u2013 devant la t\u00e9l\u00e9 \u2013 dans la salle de restaurant climatis\u00e9e de l\u2019Ehpad Pimpeneau Oasis, \u00e0 Blois.\u00a0Depuis le passage, mardi, du d\u00e9partement en vigilance rouge<\/p>\n","protected":false},"author":1,"featured_media":245596,"comment_status":"open","ping_status":"open","sticky":false,"template":"","format":"standard","meta":{"footnotes":""},"categories":[58],"tags":[],"class_list":["post-245595","post","type-post","status-publish","format-standard","has-post-thumbnail","hentry","category-business-fr"],"acf":[],"yoast_head":"<!-- This site is optimized with the Yoast SEO plugin v22.9 - https:\/\/yoast.com\/wordpress\/plugins\/seo\/ -->\n<title>Face \u00e0 la canicule, des familles inqui\u00e8tes pour leurs proches dans les Ehpad publics - vof-news.eu<\/title>\n<meta name=\"description\" content=\"Enfin une journ\u00e9e \u00e0 la fra\u00eeche\u00a0! Il aura fallu que le thermom\u00e8tre s\u2019approche des 40\u00a0\u00b0C, mardi 1er\u00a0juillet, en Loir-et-Cher, pour que Michelle Bourgoin, 89\u00a0ans, soit autoris\u00e9e \u00e0 passer quelques heures \u2013 devant la t\u00e9l\u00e9 \u2013 dans la salle de restaurant climatis\u00e9e de l\u2019Ehpad Pimpeneau Oasis, \u00e0 Blois.\u00a0Depuis le passage, mardi, du d\u00e9partement en vigilance rouge canicule, l\u2019\u00e9tablissement est sur le pied de guerre. Mardi\u00a0matin, cinq soignants et une stagiaire ont eu pour consigne de conduire Mme\u00a0Bourgoin et les 43\u00a0autres r\u00e9sidents de son \u00e9tage dans une pi\u00e8ce fra\u00eeche. Un renfort aussi soudain que bienvenu, note son fils, Dominique Bourgoin. ,d\u00e9plore M.\u00a0Bourgoin.   La direction du centre hospitalier de Blois, dont d\u00e9pendent l\u2019\u00e9tablissement Pimpeneau Oasis et quatre autres Ehpad, r\u00e9fute les critiques sur le manque de personnel. des maisons de retraite publiques en France,assure le cabinet du directeur de l\u2019h\u00f4pital, Francis Bruneau. Plusieurs soignants, sous le couvert de l\u2019anonymat, s\u2019estiment toutefois en sous-effectif. , regrette une salari\u00e9e, agente de soins, de la structure Pimpeneau Oasis. , ajoute une aide-soignante. Il vous reste 72.92% de cet article \u00e0 lire. La suite est r\u00e9serv\u00e9e aux abonn\u00e9s.\" \/>\n<meta name=\"robots\" content=\"noindex, follow, max-snippet:-1, max-image-preview:large, max-video-preview:-1\" \/>\n<meta property=\"og:locale\" content=\"fr_FR\" \/>\n<meta property=\"og:type\" content=\"article\" \/>\n<meta property=\"og:title\" content=\"Face \u00e0 la canicule, des familles inqui\u00e8tes pour leurs proches dans les Ehpad publics - vof-news.eu\" \/>\n<meta property=\"og:description\" content=\"Enfin une journ\u00e9e \u00e0 la fra\u00eeche\u00a0! Il aura fallu que le thermom\u00e8tre s\u2019approche des 40\u00a0\u00b0C, mardi 1er\u00a0juillet, en Loir-et-Cher, pour que Michelle Bourgoin, 89\u00a0ans, soit autoris\u00e9e \u00e0 passer quelques heures \u2013 devant la t\u00e9l\u00e9 \u2013 dans la salle de restaurant climatis\u00e9e de l\u2019Ehpad Pimpeneau Oasis, \u00e0 Blois.\u00a0Depuis le passage, mardi, du d\u00e9partement en vigilance rouge canicule, l\u2019\u00e9tablissement est sur le pied de guerre. Mardi\u00a0matin, cinq soignants et une stagiaire ont eu pour consigne de conduire Mme\u00a0Bourgoin et les 43\u00a0autres r\u00e9sidents de son \u00e9tage dans une pi\u00e8ce fra\u00eeche. Un renfort aussi soudain que bienvenu, note son fils, Dominique Bourgoin. ,d\u00e9plore M.\u00a0Bourgoin.   La direction du centre hospitalier de Blois, dont d\u00e9pendent l\u2019\u00e9tablissement Pimpeneau Oasis et quatre autres Ehpad, r\u00e9fute les critiques sur le manque de personnel. des maisons de retraite publiques en France,assure le cabinet du directeur de l\u2019h\u00f4pital, Francis Bruneau. Plusieurs soignants, sous le couvert de l\u2019anonymat, s\u2019estiment toutefois en sous-effectif. , regrette une salari\u00e9e, agente de soins, de la structure Pimpeneau Oasis. , ajoute une aide-soignante. Il vous reste 72.92% de cet article \u00e0 lire. La suite est r\u00e9serv\u00e9e aux abonn\u00e9s.\" \/>\n<meta property=\"og:url\" content=\"https:\/\/vof-news.eu\/fr\/face-a-la-canicule-des-familles-inquietes-pour-leurs-proches-dans-les-ehpad-publics\/\" \/>\n<meta property=\"og:site_name\" content=\"vof-news.eu\" \/>\n<meta property=\"article:published_time\" content=\"2025-07-02T14:33:29+00:00\" \/>\n<meta property=\"article:modified_time\" content=\"2025-07-02T14:33:44+00:00\" \/>\n<meta property=\"og:image\" content=\"https:\/\/vof-news.eu\/wp-content\/uploads\/2025\/07\/e2b4379_ftp-import-images-1-g9enak7qazsu-5302116-01-06.jpg\" \/>\n\t<meta property=\"og:image:width\" content=\"664\" \/>\n\t<meta property=\"og:image:height\" content=\"443\" \/>\n\t<meta property=\"og:image:type\" content=\"image\/jpeg\" \/>\n<meta name=\"author\" content=\"Author\" \/>\n<meta name=\"twitter:card\" content=\"summary_large_image\" \/>\n<meta name=\"twitter:label1\" content=\"\u00c9crit par\" \/>\n\t<meta name=\"twitter:data1\" content=\"Author\" \/>\n\t<meta name=\"twitter:label2\" content=\"Dur\u00e9e de lecture estim\u00e9e\" \/>\n\t<meta name=\"twitter:data2\" content=\"1 minute\" \/>\n<script type=\"application\/ld+json\" class=\"yoast-schema-graph\">{\"@context\":\"https:\/\/schema.org\",\"@graph\":[{\"@type\":\"WebPage\",\"@id\":\"https:\/\/vof-news.eu\/fr\/face-a-la-canicule-des-familles-inquietes-pour-leurs-proches-dans-les-ehpad-publics\/\",\"url\":\"https:\/\/vof-news.eu\/fr\/face-a-la-canicule-des-familles-inquietes-pour-leurs-proches-dans-les-ehpad-publics\/\",\"name\":\"Face \u00e0 la canicule, des familles inqui\u00e8tes pour leurs proches dans les Ehpad publics - vof-news.eu\",\"isPartOf\":{\"@id\":\"https:\/\/vof-news.eu\/fr\/#website\"},\"primaryImageOfPage\":{\"@id\":\"https:\/\/vof-news.eu\/fr\/face-a-la-canicule-des-familles-inquietes-pour-leurs-proches-dans-les-ehpad-publics\/#primaryimage\"},\"image\":{\"@id\":\"https:\/\/vof-news.eu\/fr\/face-a-la-canicule-des-familles-inquietes-pour-leurs-proches-dans-les-ehpad-publics\/#primaryimage\"},\"thumbnailUrl\":\"https:\/\/vof-news.eu\/wp-content\/uploads\/2025\/07\/e2b4379_ftp-import-images-1-g9enak7qazsu-5302116-01-06.jpg\",\"datePublished\":\"2025-07-02T14:33:29+00:00\",\"dateModified\":\"2025-07-02T14:33:44+00:00\",\"author\":{\"@id\":\"https:\/\/vof-news.eu\/fr\/#\/schema\/person\/f6a2a4309f0561835797fd8c19b333ed\"},\"description\":\"Enfin une journ\u00e9e \u00e0 la fra\u00eeche\u00a0! Il aura fallu que le thermom\u00e8tre s\u2019approche des 40\u00a0\u00b0C, mardi 1er\u00a0juillet, en Loir-et-Cher, pour que Michelle Bourgoin, 89\u00a0ans, soit autoris\u00e9e \u00e0 passer quelques heures \u2013 devant la t\u00e9l\u00e9 \u2013 dans la salle de restaurant climatis\u00e9e de l\u2019Ehpad Pimpeneau Oasis, \u00e0 Blois.\u00a0Depuis le passage, mardi, du d\u00e9partement en vigilance rouge canicule, l\u2019\u00e9tablissement est sur le pied de guerre. Mardi\u00a0matin, cinq soignants et une stagiaire ont eu pour consigne de conduire Mme\u00a0Bourgoin et les 43\u00a0autres r\u00e9sidents de son \u00e9tage dans une pi\u00e8ce fra\u00eeche. Un renfort aussi soudain que bienvenu, note son fils, Dominique Bourgoin. ,d\u00e9plore M.\u00a0Bourgoin. La direction du centre hospitalier de Blois, dont d\u00e9pendent l\u2019\u00e9tablissement Pimpeneau Oasis et quatre autres Ehpad, r\u00e9fute les critiques sur le manque de personnel. des maisons de retraite publiques en France,assure le cabinet du directeur de l\u2019h\u00f4pital, Francis Bruneau. Plusieurs soignants, sous le couvert de l\u2019anonymat, s\u2019estiment toutefois en sous-effectif. , regrette une salari\u00e9e, agente de soins, de la structure Pimpeneau Oasis. , ajoute une aide-soignante. Il vous reste 72.92% de cet article \u00e0 lire. La suite est r\u00e9serv\u00e9e aux abonn\u00e9s.\",\"breadcrumb\":{\"@id\":\"https:\/\/vof-news.eu\/fr\/face-a-la-canicule-des-familles-inquietes-pour-leurs-proches-dans-les-ehpad-publics\/#breadcrumb\"},\"inLanguage\":\"fr-FR\",\"potentialAction\":[{\"@type\":\"ReadAction\",\"target\":[\"https:\/\/vof-news.eu\/fr\/face-a-la-canicule-des-familles-inquietes-pour-leurs-proches-dans-les-ehpad-publics\/\"]}]},{\"@type\":\"ImageObject\",\"inLanguage\":\"fr-FR\",\"@id\":\"https:\/\/vof-news.eu\/fr\/face-a-la-canicule-des-familles-inquietes-pour-leurs-proches-dans-les-ehpad-publics\/#primaryimage\",\"url\":\"https:\/\/vof-news.eu\/wp-content\/uploads\/2025\/07\/e2b4379_ftp-import-images-1-g9enak7qazsu-5302116-01-06.jpg\",\"contentUrl\":\"https:\/\/vof-news.eu\/wp-content\/uploads\/2025\/07\/e2b4379_ftp-import-images-1-g9enak7qazsu-5302116-01-06.jpg\",\"width\":664,\"height\":443},{\"@type\":\"BreadcrumbList\",\"@id\":\"https:\/\/vof-news.eu\/fr\/face-a-la-canicule-des-familles-inquietes-pour-leurs-proches-dans-les-ehpad-publics\/#breadcrumb\",\"itemListElement\":[{\"@type\":\"ListItem\",\"position\":1,\"name\":\"Home\",\"item\":\"https:\/\/vof-news.eu\/fr\/\"},{\"@type\":\"ListItem\",\"position\":2,\"name\":\"Face \u00e0 la canicule, des familles inqui\u00e8tes pour leurs proches dans les Ehpad publics\"}]},{\"@type\":\"WebSite\",\"@id\":\"https:\/\/vof-news.eu\/fr\/#website\",\"url\":\"https:\/\/vof-news.eu\/fr\/\",\"name\":\"vof-news.eu\",\"description\":\"\",\"potentialAction\":[{\"@type\":\"SearchAction\",\"target\":{\"@type\":\"EntryPoint\",\"urlTemplate\":\"https:\/\/vof-news.eu\/fr\/?s={search_term_string}\"},\"query-input\":\"required name=search_term_string\"}],\"inLanguage\":\"fr-FR\"},{\"@type\":\"Person\",\"@id\":\"https:\/\/vof-news.eu\/fr\/#\/schema\/person\/f6a2a4309f0561835797fd8c19b333ed\",\"name\":\"Author\",\"image\":{\"@type\":\"ImageObject\",\"inLanguage\":\"fr-FR\",\"@id\":\"https:\/\/vof-news.eu\/fr\/#\/schema\/person\/image\/\",\"url\":\"https:\/\/secure.gravatar.com\/avatar\/b67e614b1b25b3e9c0c239efdd2fde5ab015b5affd6f1c3c85911ca4b384e790?s=96&d=mm&r=g\",\"contentUrl\":\"https:\/\/secure.gravatar.com\/avatar\/b67e614b1b25b3e9c0c239efdd2fde5ab015b5affd6f1c3c85911ca4b384e790?s=96&d=mm&r=g\",\"caption\":\"Author\"},\"sameAs\":[\"http:\/\/vof-news.eu\"],\"url\":\"https:\/\/vof-news.eu\/fr\/author\/zwt6qxnjulxbnyg\/\"}]}<\/script>\n<!-- \/ Yoast SEO plugin. -->","yoast_head_json":{"title":"Face \u00e0 la canicule, des familles inqui\u00e8tes pour leurs proches dans les Ehpad publics - vof-news.eu","description":"Enfin une journ\u00e9e \u00e0 la fra\u00eeche\u00a0! Il aura fallu que le thermom\u00e8tre s\u2019approche des 40\u00a0\u00b0C, mardi 1er\u00a0juillet, en Loir-et-Cher, pour que Michelle Bourgoin, 89\u00a0ans, soit autoris\u00e9e \u00e0 passer quelques heures \u2013 devant la t\u00e9l\u00e9 \u2013 dans la salle de restaurant climatis\u00e9e de l\u2019Ehpad Pimpeneau Oasis, \u00e0 Blois.\u00a0Depuis le passage, mardi, du d\u00e9partement en vigilance rouge canicule, l\u2019\u00e9tablissement est sur le pied de guerre. Mardi\u00a0matin, cinq soignants et une stagiaire ont eu pour consigne de conduire Mme\u00a0Bourgoin et les 43\u00a0autres r\u00e9sidents de son \u00e9tage dans une pi\u00e8ce fra\u00eeche. Un renfort aussi soudain que bienvenu, note son fils, Dominique Bourgoin. ,d\u00e9plore M.\u00a0Bourgoin.   La direction du centre hospitalier de Blois, dont d\u00e9pendent l\u2019\u00e9tablissement Pimpeneau Oasis et quatre autres Ehpad, r\u00e9fute les critiques sur le manque de personnel. des maisons de retraite publiques en France,assure le cabinet du directeur de l\u2019h\u00f4pital, Francis Bruneau. Plusieurs soignants, sous le couvert de l\u2019anonymat, s\u2019estiment toutefois en sous-effectif. , regrette une salari\u00e9e, agente de soins, de la structure Pimpeneau Oasis. , ajoute une aide-soignante. Il vous reste 72.92% de cet article \u00e0 lire. La suite est r\u00e9serv\u00e9e aux abonn\u00e9s.","robots":{"index":"noindex","follow":"follow","max-snippet":"max-snippet:-1","max-image-preview":"max-image-preview:large","max-video-preview":"max-video-preview:-1"},"og_locale":"fr_FR","og_type":"article","og_title":"Face \u00e0 la canicule, des familles inqui\u00e8tes pour leurs proches dans les Ehpad publics - vof-news.eu","og_description":"Enfin une journ\u00e9e \u00e0 la fra\u00eeche\u00a0! Il aura fallu que le thermom\u00e8tre s\u2019approche des 40\u00a0\u00b0C, mardi 1er\u00a0juillet, en Loir-et-Cher, pour que Michelle Bourgoin, 89\u00a0ans, soit autoris\u00e9e \u00e0 passer quelques heures \u2013 devant la t\u00e9l\u00e9 \u2013 dans la salle de restaurant climatis\u00e9e de l\u2019Ehpad Pimpeneau Oasis, \u00e0 Blois.\u00a0Depuis le passage, mardi, du d\u00e9partement en vigilance rouge canicule, l\u2019\u00e9tablissement est sur le pied de guerre. Mardi\u00a0matin, cinq soignants et une stagiaire ont eu pour consigne de conduire Mme\u00a0Bourgoin et les 43\u00a0autres r\u00e9sidents de son \u00e9tage dans une pi\u00e8ce fra\u00eeche. Un renfort aussi soudain que bienvenu, note son fils, Dominique Bourgoin. ,d\u00e9plore M.\u00a0Bourgoin.   La direction du centre hospitalier de Blois, dont d\u00e9pendent l\u2019\u00e9tablissement Pimpeneau Oasis et quatre autres Ehpad, r\u00e9fute les critiques sur le manque de personnel. des maisons de retraite publiques en France,assure le cabinet du directeur de l\u2019h\u00f4pital, Francis Bruneau. Plusieurs soignants, sous le couvert de l\u2019anonymat, s\u2019estiment toutefois en sous-effectif. , regrette une salari\u00e9e, agente de soins, de la structure Pimpeneau Oasis. , ajoute une aide-soignante. Il vous reste 72.92% de cet article \u00e0 lire. La suite est r\u00e9serv\u00e9e aux abonn\u00e9s.","og_url":"https:\/\/vof-news.eu\/fr\/face-a-la-canicule-des-familles-inquietes-pour-leurs-proches-dans-les-ehpad-publics\/","og_site_name":"vof-news.eu","article_published_time":"2025-07-02T14:33:29+00:00","article_modified_time":"2025-07-02T14:33:44+00:00","og_image":[{"width":664,"height":443,"url":"https:\/\/vof-news.eu\/wp-content\/uploads\/2025\/07\/e2b4379_ftp-import-images-1-g9enak7qazsu-5302116-01-06.jpg","type":"image\/jpeg"}],"author":"Author","twitter_card":"summary_large_image","twitter_misc":{"\u00c9crit par":"Author","Dur\u00e9e de lecture estim\u00e9e":"1 minute"},"schema":{"@context":"https:\/\/schema.org","@graph":[{"@type":"WebPage","@id":"https:\/\/vof-news.eu\/fr\/face-a-la-canicule-des-familles-inquietes-pour-leurs-proches-dans-les-ehpad-publics\/","url":"https:\/\/vof-news.eu\/fr\/face-a-la-canicule-des-familles-inquietes-pour-leurs-proches-dans-les-ehpad-publics\/","name":"Face \u00e0 la canicule, des familles inqui\u00e8tes pour leurs proches dans les Ehpad publics - vof-news.eu","isPartOf":{"@id":"https:\/\/vof-news.eu\/fr\/#website"},"primaryImageOfPage":{"@id":"https:\/\/vof-news.eu\/fr\/face-a-la-canicule-des-familles-inquietes-pour-leurs-proches-dans-les-ehpad-publics\/#primaryimage"},"image":{"@id":"https:\/\/vof-news.eu\/fr\/face-a-la-canicule-des-familles-inquietes-pour-leurs-proches-dans-les-ehpad-publics\/#primaryimage"},"thumbnailUrl":"https:\/\/vof-news.eu\/wp-content\/uploads\/2025\/07\/e2b4379_ftp-import-images-1-g9enak7qazsu-5302116-01-06.jpg","datePublished":"2025-07-02T14:33:29+00:00","dateModified":"2025-07-02T14:33:44+00:00","author":{"@id":"https:\/\/vof-news.eu\/fr\/#\/schema\/person\/f6a2a4309f0561835797fd8c19b333ed"},"description":"Enfin une journ\u00e9e \u00e0 la fra\u00eeche\u00a0! Il aura fallu que le thermom\u00e8tre s\u2019approche des 40\u00a0\u00b0C, mardi 1er\u00a0juillet, en Loir-et-Cher, pour que Michelle Bourgoin, 89\u00a0ans, soit autoris\u00e9e \u00e0 passer quelques heures \u2013 devant la t\u00e9l\u00e9 \u2013 dans la salle de restaurant climatis\u00e9e de l\u2019Ehpad Pimpeneau Oasis, \u00e0 Blois.\u00a0Depuis le passage, mardi, du d\u00e9partement en vigilance rouge canicule, l\u2019\u00e9tablissement est sur le pied de guerre. Mardi\u00a0matin, cinq soignants et une stagiaire ont eu pour consigne de conduire Mme\u00a0Bourgoin et les 43\u00a0autres r\u00e9sidents de son \u00e9tage dans une pi\u00e8ce fra\u00eeche. Un renfort aussi soudain que bienvenu, note son fils, Dominique Bourgoin. ,d\u00e9plore M.\u00a0Bourgoin. La direction du centre hospitalier de Blois, dont d\u00e9pendent l\u2019\u00e9tablissement Pimpeneau Oasis et quatre autres Ehpad, r\u00e9fute les critiques sur le manque de personnel. des maisons de retraite publiques en France,assure le cabinet du directeur de l\u2019h\u00f4pital, Francis Bruneau. Plusieurs soignants, sous le couvert de l\u2019anonymat, s\u2019estiment toutefois en sous-effectif. , regrette une salari\u00e9e, agente de soins, de la structure Pimpeneau Oasis. , ajoute une aide-soignante. Il vous reste 72.92% de cet article \u00e0 lire. La suite est r\u00e9serv\u00e9e aux abonn\u00e9s.","breadcrumb":{"@id":"https:\/\/vof-news.eu\/fr\/face-a-la-canicule-des-familles-inquietes-pour-leurs-proches-dans-les-ehpad-publics\/#breadcrumb"},"inLanguage":"fr-FR","potentialAction":[{"@type":"ReadAction","target":["https:\/\/vof-news.eu\/fr\/face-a-la-canicule-des-familles-inquietes-pour-leurs-proches-dans-les-ehpad-publics\/"]}]},{"@type":"ImageObject","inLanguage":"fr-FR","@id":"https:\/\/vof-news.eu\/fr\/face-a-la-canicule-des-familles-inquietes-pour-leurs-proches-dans-les-ehpad-publics\/#primaryimage","url":"https:\/\/vof-news.eu\/wp-content\/uploads\/2025\/07\/e2b4379_ftp-import-images-1-g9enak7qazsu-5302116-01-06.jpg","contentUrl":"https:\/\/vof-news.eu\/wp-content\/uploads\/2025\/07\/e2b4379_ftp-import-images-1-g9enak7qazsu-5302116-01-06.jpg","width":664,"height":443},{"@type":"BreadcrumbList","@id":"https:\/\/vof-news.eu\/fr\/face-a-la-canicule-des-familles-inquietes-pour-leurs-proches-dans-les-ehpad-publics\/#breadcrumb","itemListElement":[{"@type":"ListItem","position":1,"name":"Home","item":"https:\/\/vof-news.eu\/fr\/"},{"@type":"ListItem","position":2,"name":"Face \u00e0 la canicule, des familles inqui\u00e8tes pour leurs proches dans les Ehpad publics"}]},{"@type":"WebSite","@id":"https:\/\/vof-news.eu\/fr\/#website","url":"https:\/\/vof-news.eu\/fr\/","name":"vof-news.eu","description":"","potentialAction":[{"@type":"SearchAction","target":{"@type":"EntryPoint","urlTemplate":"https:\/\/vof-news.eu\/fr\/?s={search_term_string}"},"query-input":"required name=search_term_string"}],"inLanguage":"fr-FR"},{"@type":"Person","@id":"https:\/\/vof-news.eu\/fr\/#\/schema\/person\/f6a2a4309f0561835797fd8c19b333ed","name":"Author","image":{"@type":"ImageObject","inLanguage":"fr-FR","@id":"https:\/\/vof-news.eu\/fr\/#\/schema\/person\/image\/","url":"https:\/\/secure.gravatar.com\/avatar\/b67e614b1b25b3e9c0c239efdd2fde5ab015b5affd6f1c3c85911ca4b384e790?s=96&d=mm&r=g","contentUrl":"https:\/\/secure.gravatar.com\/avatar\/b67e614b1b25b3e9c0c239efdd2fde5ab015b5affd6f1c3c85911ca4b384e790?s=96&d=mm&r=g","caption":"Author"},"sameAs":["http:\/\/vof-news.eu"],"url":"https:\/\/vof-news.eu\/fr\/author\/zwt6qxnjulxbnyg\/"}]}},"yoast_meta":{"yoast_wpseo_title":"","yoast_wpseo_metadesc":"","yoast_wpseo_canonical":""},"_links":{"self":[{"href":"https:\/\/vof-news.eu\/fr\/wp-json\/wp\/v2\/posts\/245595","targetHints":{"allow":["GET"]}}],"collection":[{"href":"https:\/\/vof-news.eu\/fr\/wp-json\/wp\/v2\/posts"}],"about":[{"href":"https:\/\/vof-news.eu\/fr\/wp-json\/wp\/v2\/types\/post"}],"author":[{"embeddable":true,"href":"https:\/\/vof-news.eu\/fr\/wp-json\/wp\/v2\/users\/1"}],"replies":[{"embeddable":true,"href":"https:\/\/vof-news.eu\/fr\/wp-json\/wp\/v2\/comments?post=245595"}],"version-history":[{"count":1,"href":"https:\/\/vof-news.eu\/fr\/wp-json\/wp\/v2\/posts\/245595\/revisions"}],"predecessor-version":[{"id":245602,"href":"https:\/\/vof-news.eu\/fr\/wp-json\/wp\/v2\/posts\/245595\/revisions\/245602"}],"wp:featuredmedia":[{"embeddable":true,"href":"https:\/\/vof-news.eu\/fr\/wp-json\/wp\/v2\/media\/245596"}],"wp:attachment":[{"href":"https:\/\/vof-news.eu\/fr\/wp-json\/wp\/v2\/media?parent=245595"}],"wp:term":[{"taxonomy":"category","embeddable":true,"href":"https:\/\/vof-news.eu\/fr\/wp-json\/wp\/v2\/categories?post=245595"},{"taxonomy":"post_tag","embeddable":true,"href":"https:\/\/vof-news.eu\/fr\/wp-json\/wp\/v2\/tags?post=245595"}],"curies":[{"name":"wp","href":"https:\/\/api.w.org\/{rel}","templated":true}]}}