{"id":245587,"date":"2025-07-02T17:32:55","date_gmt":"2025-07-02T14:32:55","guid":{"rendered":"https:\/\/vof-news.eu\/canicule-au-travail-notre-attention-diminue-le-risque-de-se-blesser-avec-les-machines-augmente-aussi\/"},"modified":"2025-07-02T17:33:11","modified_gmt":"2025-07-02T14:33:11","slug":"canicule-au-travail-notre-attention-diminue-le-risque-de-se-blesser-avec-les-machines-augmente-aussi","status":"publish","type":"post","link":"https:\/\/vof-news.eu\/fr\/canicule-au-travail-notre-attention-diminue-le-risque-de-se-blesser-avec-les-machines-augmente-aussi\/","title":{"rendered":"Canicule\u00a0: \u00ab\u00a0Au travail, notre attention diminue, le risque de se blesser avec les machines augmente aussi\u00a0\u00bb"},"content":{"rendered":"<article>\n<p>La chaleur, ce sont peut-\u00eatre les couvreurs qui en parlent le mieux. , s\u2019amuse Barth\u00e9l\u00e9my Bach, charpentier-couvreur \u00e0 Bergerac, une commune de Dordogne en vigilance orange et jaune depuis le d\u00e9but de la semaine. Cog\u00e9rant d\u2019une entreprise de quatre personnes, ils ont d\u00e9cid\u00e9 en \u00e9quipe d\u2019am\u00e9nager leurs horaires de travail et de commencer \u00e0 l\u2019aube\u00a0: 6\u00a0heures-14\u00a0heures, avec une pause sandwich de quinze minutes \u00e0 10\u00a0heures. L\u2019un de ses salari\u00e9s a tout de m\u00eame d\u00fb partir plus t\u00f4t lundi, car il se sentait mal.<\/p>\n<p> l\u2019a contact\u00e9 apr\u00e8s qu\u2019il a r\u00e9pondu \u00e0 un appel \u00e0 t\u00e9moignages. Vendeurs du petit commerce, cuisiniers, chauffeurs poids lourds, cadres dans l\u2019administration, mara\u00eechers, enseignants\u2026 En quelques heures, pr\u00e8s d\u2019une centaine de salari\u00e9s et fonctionnaires ont, comme lui, voulu faire part de leurs conditions de travail par ces fortes chaleurs. Signe que ce sujet s\u2019impose chaque \u00e9t\u00e9 un peu plus comme une pr\u00e9occupation majeure. Leurs t\u00e9moignages r\u00e9v\u00e8lent les d\u00e9fis qui persistent en termes d\u2019adaptation, d\u2019anticipation, et le r\u00f4le-cl\u00e9 du dialogue social.<\/p>\n<p><strong>Il vous reste 82.71% de cet article \u00e0 lire. La suite est r\u00e9serv\u00e9e aux abonn\u00e9s.<\/strong><\/p>\n<\/article>\n","protected":false},"excerpt":{"rendered":"<p>La chaleur, ce sont peut-\u00eatre les couvreurs qui en parlent le mieux. , s\u2019amuse Barth\u00e9l\u00e9my Bach, charpentier-couvreur \u00e0 Bergerac, une commune de Dordogne en vigilance orange et jaune depuis le d\u00e9but de la semaine. Cog\u00e9rant d\u2019une entreprise de quatre personnes, ils ont d\u00e9cid\u00e9 en \u00e9quipe d\u2019am\u00e9nager leurs horaires de travail et de commencer \u00e0 l\u2019aube\u00a0:<\/p>\n","protected":false},"author":1,"featured_media":245588,"comment_status":"open","ping_status":"open","sticky":false,"template":"","format":"standard","meta":{"footnotes":""},"categories":[58],"tags":[],"class_list":["post-245587","post","type-post","status-publish","format-standard","has-post-thumbnail","hentry","category-business-fr"],"acf":[],"yoast_head":"<!-- This site is optimized with the Yoast SEO plugin v22.9 - https:\/\/yoast.com\/wordpress\/plugins\/seo\/ -->\n<title>Canicule\u00a0: \u00ab\u00a0Au travail, notre attention diminue, le risque de se blesser avec les machines augmente aussi\u00a0\u00bb - vof-news.eu<\/title>\n<meta name=\"description\" content=\"La chaleur, ce sont peut-\u00eatre les couvreurs qui en parlent le mieux. , s\u2019amuse Barth\u00e9l\u00e9my Bach, charpentier-couvreur \u00e0 Bergerac, une commune de Dordogne en vigilance orange et jaune depuis le d\u00e9but de la semaine. Cog\u00e9rant d\u2019une entreprise de quatre personnes, ils ont d\u00e9cid\u00e9 en \u00e9quipe d\u2019am\u00e9nager leurs horaires de travail et de commencer \u00e0 l\u2019aube\u00a0: 6\u00a0heures-14\u00a0heures, avec une pause sandwich de quinze minutes \u00e0 10\u00a0heures. L\u2019un de ses salari\u00e9s a tout de m\u00eame d\u00fb partir plus t\u00f4t lundi, car il se sentait mal.  l\u2019a contact\u00e9 apr\u00e8s qu\u2019il a r\u00e9pondu \u00e0 un appel \u00e0 t\u00e9moignages. Vendeurs du petit commerce, cuisiniers, chauffeurs poids lourds, cadres dans l\u2019administration, mara\u00eechers, enseignants\u2026 En quelques heures, pr\u00e8s d\u2019une centaine de salari\u00e9s et fonctionnaires ont, comme lui, voulu faire part de leurs conditions de travail par ces fortes chaleurs. Signe que ce sujet s\u2019impose chaque \u00e9t\u00e9 un peu plus comme une pr\u00e9occupation majeure. Leurs t\u00e9moignages r\u00e9v\u00e8lent les d\u00e9fis qui persistent en termes d\u2019adaptation, d\u2019anticipation, et le r\u00f4le-cl\u00e9 du dialogue social. Il vous reste 82.71% de cet article \u00e0 lire. La suite est r\u00e9serv\u00e9e aux abonn\u00e9s.\" \/>\n<meta name=\"robots\" content=\"noindex, follow, max-snippet:-1, max-image-preview:large, max-video-preview:-1\" \/>\n<meta property=\"og:locale\" content=\"fr_FR\" \/>\n<meta property=\"og:type\" content=\"article\" \/>\n<meta property=\"og:title\" content=\"Canicule\u00a0: \u00ab\u00a0Au travail, notre attention diminue, le risque de se blesser avec les machines augmente aussi\u00a0\u00bb - vof-news.eu\" \/>\n<meta property=\"og:description\" content=\"La chaleur, ce sont peut-\u00eatre les couvreurs qui en parlent le mieux. , s\u2019amuse Barth\u00e9l\u00e9my Bach, charpentier-couvreur \u00e0 Bergerac, une commune de Dordogne en vigilance orange et jaune depuis le d\u00e9but de la semaine. Cog\u00e9rant d\u2019une entreprise de quatre personnes, ils ont d\u00e9cid\u00e9 en \u00e9quipe d\u2019am\u00e9nager leurs horaires de travail et de commencer \u00e0 l\u2019aube\u00a0: 6\u00a0heures-14\u00a0heures, avec une pause sandwich de quinze minutes \u00e0 10\u00a0heures. L\u2019un de ses salari\u00e9s a tout de m\u00eame d\u00fb partir plus t\u00f4t lundi, car il se sentait mal.  l\u2019a contact\u00e9 apr\u00e8s qu\u2019il a r\u00e9pondu \u00e0 un appel \u00e0 t\u00e9moignages. Vendeurs du petit commerce, cuisiniers, chauffeurs poids lourds, cadres dans l\u2019administration, mara\u00eechers, enseignants\u2026 En quelques heures, pr\u00e8s d\u2019une centaine de salari\u00e9s et fonctionnaires ont, comme lui, voulu faire part de leurs conditions de travail par ces fortes chaleurs. Signe que ce sujet s\u2019impose chaque \u00e9t\u00e9 un peu plus comme une pr\u00e9occupation majeure. Leurs t\u00e9moignages r\u00e9v\u00e8lent les d\u00e9fis qui persistent en termes d\u2019adaptation, d\u2019anticipation, et le r\u00f4le-cl\u00e9 du dialogue social. Il vous reste 82.71% de cet article \u00e0 lire. La suite est r\u00e9serv\u00e9e aux abonn\u00e9s.\" \/>\n<meta property=\"og:url\" content=\"https:\/\/vof-news.eu\/fr\/canicule-au-travail-notre-attention-diminue-le-risque-de-se-blesser-avec-les-machines-augmente-aussi\/\" \/>\n<meta property=\"og:site_name\" content=\"vof-news.eu\" \/>\n<meta property=\"article:published_time\" content=\"2025-07-02T14:32:55+00:00\" \/>\n<meta property=\"article:modified_time\" content=\"2025-07-02T14:33:11+00:00\" \/>\n<meta property=\"og:image\" content=\"https:\/\/vof-news.eu\/wp-content\/uploads\/2025\/07\/15d4ad6_upload-1-0gzcqivtiozy-31-canicule.jpg\" \/>\n\t<meta property=\"og:image:width\" content=\"664\" \/>\n\t<meta property=\"og:image:height\" content=\"513\" \/>\n\t<meta property=\"og:image:type\" content=\"image\/jpeg\" \/>\n<meta name=\"author\" content=\"Author\" \/>\n<meta name=\"twitter:card\" content=\"summary_large_image\" \/>\n<meta name=\"twitter:label1\" content=\"\u00c9crit par\" \/>\n\t<meta name=\"twitter:data1\" content=\"Author\" \/>\n\t<meta name=\"twitter:label2\" content=\"Dur\u00e9e de lecture estim\u00e9e\" \/>\n\t<meta name=\"twitter:data2\" content=\"1 minute\" \/>\n<script type=\"application\/ld+json\" class=\"yoast-schema-graph\">{\"@context\":\"https:\/\/schema.org\",\"@graph\":[{\"@type\":\"WebPage\",\"@id\":\"https:\/\/vof-news.eu\/fr\/canicule-au-travail-notre-attention-diminue-le-risque-de-se-blesser-avec-les-machines-augmente-aussi\/\",\"url\":\"https:\/\/vof-news.eu\/fr\/canicule-au-travail-notre-attention-diminue-le-risque-de-se-blesser-avec-les-machines-augmente-aussi\/\",\"name\":\"Canicule\u00a0: \u00ab\u00a0Au travail, notre attention diminue, le risque de se blesser avec les machines augmente aussi\u00a0\u00bb - vof-news.eu\",\"isPartOf\":{\"@id\":\"https:\/\/vof-news.eu\/fr\/#website\"},\"primaryImageOfPage\":{\"@id\":\"https:\/\/vof-news.eu\/fr\/canicule-au-travail-notre-attention-diminue-le-risque-de-se-blesser-avec-les-machines-augmente-aussi\/#primaryimage\"},\"image\":{\"@id\":\"https:\/\/vof-news.eu\/fr\/canicule-au-travail-notre-attention-diminue-le-risque-de-se-blesser-avec-les-machines-augmente-aussi\/#primaryimage\"},\"thumbnailUrl\":\"https:\/\/vof-news.eu\/wp-content\/uploads\/2025\/07\/15d4ad6_upload-1-0gzcqivtiozy-31-canicule.jpg\",\"datePublished\":\"2025-07-02T14:32:55+00:00\",\"dateModified\":\"2025-07-02T14:33:11+00:00\",\"author\":{\"@id\":\"https:\/\/vof-news.eu\/fr\/#\/schema\/person\/f6a2a4309f0561835797fd8c19b333ed\"},\"description\":\"La chaleur, ce sont peut-\u00eatre les couvreurs qui en parlent le mieux. , s\u2019amuse Barth\u00e9l\u00e9my Bach, charpentier-couvreur \u00e0 Bergerac, une commune de Dordogne en vigilance orange et jaune depuis le d\u00e9but de la semaine. Cog\u00e9rant d\u2019une entreprise de quatre personnes, ils ont d\u00e9cid\u00e9 en \u00e9quipe d\u2019am\u00e9nager leurs horaires de travail et de commencer \u00e0 l\u2019aube\u00a0: 6\u00a0heures-14\u00a0heures, avec une pause sandwich de quinze minutes \u00e0 10\u00a0heures. L\u2019un de ses salari\u00e9s a tout de m\u00eame d\u00fb partir plus t\u00f4t lundi, car il se sentait mal. l\u2019a contact\u00e9 apr\u00e8s qu\u2019il a r\u00e9pondu \u00e0 un appel \u00e0 t\u00e9moignages. Vendeurs du petit commerce, cuisiniers, chauffeurs poids lourds, cadres dans l\u2019administration, mara\u00eechers, enseignants\u2026 En quelques heures, pr\u00e8s d\u2019une centaine de salari\u00e9s et fonctionnaires ont, comme lui, voulu faire part de leurs conditions de travail par ces fortes chaleurs. Signe que ce sujet s\u2019impose chaque \u00e9t\u00e9 un peu plus comme une pr\u00e9occupation majeure. Leurs t\u00e9moignages r\u00e9v\u00e8lent les d\u00e9fis qui persistent en termes d\u2019adaptation, d\u2019anticipation, et le r\u00f4le-cl\u00e9 du dialogue social. Il vous reste 82.71% de cet article \u00e0 lire. La suite est r\u00e9serv\u00e9e aux abonn\u00e9s.\",\"breadcrumb\":{\"@id\":\"https:\/\/vof-news.eu\/fr\/canicule-au-travail-notre-attention-diminue-le-risque-de-se-blesser-avec-les-machines-augmente-aussi\/#breadcrumb\"},\"inLanguage\":\"fr-FR\",\"potentialAction\":[{\"@type\":\"ReadAction\",\"target\":[\"https:\/\/vof-news.eu\/fr\/canicule-au-travail-notre-attention-diminue-le-risque-de-se-blesser-avec-les-machines-augmente-aussi\/\"]}]},{\"@type\":\"ImageObject\",\"inLanguage\":\"fr-FR\",\"@id\":\"https:\/\/vof-news.eu\/fr\/canicule-au-travail-notre-attention-diminue-le-risque-de-se-blesser-avec-les-machines-augmente-aussi\/#primaryimage\",\"url\":\"https:\/\/vof-news.eu\/wp-content\/uploads\/2025\/07\/15d4ad6_upload-1-0gzcqivtiozy-31-canicule.jpg\",\"contentUrl\":\"https:\/\/vof-news.eu\/wp-content\/uploads\/2025\/07\/15d4ad6_upload-1-0gzcqivtiozy-31-canicule.jpg\",\"width\":664,\"height\":513},{\"@type\":\"BreadcrumbList\",\"@id\":\"https:\/\/vof-news.eu\/fr\/canicule-au-travail-notre-attention-diminue-le-risque-de-se-blesser-avec-les-machines-augmente-aussi\/#breadcrumb\",\"itemListElement\":[{\"@type\":\"ListItem\",\"position\":1,\"name\":\"Home\",\"item\":\"https:\/\/vof-news.eu\/fr\/\"},{\"@type\":\"ListItem\",\"position\":2,\"name\":\"Canicule\u00a0: \u00ab\u00a0Au travail, notre attention diminue, le risque de se blesser avec les machines augmente aussi\u00a0\u00bb\"}]},{\"@type\":\"WebSite\",\"@id\":\"https:\/\/vof-news.eu\/fr\/#website\",\"url\":\"https:\/\/vof-news.eu\/fr\/\",\"name\":\"vof-news.eu\",\"description\":\"\",\"potentialAction\":[{\"@type\":\"SearchAction\",\"target\":{\"@type\":\"EntryPoint\",\"urlTemplate\":\"https:\/\/vof-news.eu\/fr\/?s={search_term_string}\"},\"query-input\":\"required name=search_term_string\"}],\"inLanguage\":\"fr-FR\"},{\"@type\":\"Person\",\"@id\":\"https:\/\/vof-news.eu\/fr\/#\/schema\/person\/f6a2a4309f0561835797fd8c19b333ed\",\"name\":\"Author\",\"image\":{\"@type\":\"ImageObject\",\"inLanguage\":\"fr-FR\",\"@id\":\"https:\/\/vof-news.eu\/fr\/#\/schema\/person\/image\/\",\"url\":\"https:\/\/secure.gravatar.com\/avatar\/b67e614b1b25b3e9c0c239efdd2fde5ab015b5affd6f1c3c85911ca4b384e790?s=96&d=mm&r=g\",\"contentUrl\":\"https:\/\/secure.gravatar.com\/avatar\/b67e614b1b25b3e9c0c239efdd2fde5ab015b5affd6f1c3c85911ca4b384e790?s=96&d=mm&r=g\",\"caption\":\"Author\"},\"sameAs\":[\"http:\/\/vof-news.eu\"],\"url\":\"https:\/\/vof-news.eu\/fr\/author\/zwt6qxnjulxbnyg\/\"}]}<\/script>\n<!-- \/ Yoast SEO plugin. -->","yoast_head_json":{"title":"Canicule\u00a0: \u00ab\u00a0Au travail, notre attention diminue, le risque de se blesser avec les machines augmente aussi\u00a0\u00bb - vof-news.eu","description":"La chaleur, ce sont peut-\u00eatre les couvreurs qui en parlent le mieux. , s\u2019amuse Barth\u00e9l\u00e9my Bach, charpentier-couvreur \u00e0 Bergerac, une commune de Dordogne en vigilance orange et jaune depuis le d\u00e9but de la semaine. Cog\u00e9rant d\u2019une entreprise de quatre personnes, ils ont d\u00e9cid\u00e9 en \u00e9quipe d\u2019am\u00e9nager leurs horaires de travail et de commencer \u00e0 l\u2019aube\u00a0: 6\u00a0heures-14\u00a0heures, avec une pause sandwich de quinze minutes \u00e0 10\u00a0heures. L\u2019un de ses salari\u00e9s a tout de m\u00eame d\u00fb partir plus t\u00f4t lundi, car il se sentait mal.  l\u2019a contact\u00e9 apr\u00e8s qu\u2019il a r\u00e9pondu \u00e0 un appel \u00e0 t\u00e9moignages. Vendeurs du petit commerce, cuisiniers, chauffeurs poids lourds, cadres dans l\u2019administration, mara\u00eechers, enseignants\u2026 En quelques heures, pr\u00e8s d\u2019une centaine de salari\u00e9s et fonctionnaires ont, comme lui, voulu faire part de leurs conditions de travail par ces fortes chaleurs. Signe que ce sujet s\u2019impose chaque \u00e9t\u00e9 un peu plus comme une pr\u00e9occupation majeure. Leurs t\u00e9moignages r\u00e9v\u00e8lent les d\u00e9fis qui persistent en termes d\u2019adaptation, d\u2019anticipation, et le r\u00f4le-cl\u00e9 du dialogue social. Il vous reste 82.71% de cet article \u00e0 lire. La suite est r\u00e9serv\u00e9e aux abonn\u00e9s.","robots":{"index":"noindex","follow":"follow","max-snippet":"max-snippet:-1","max-image-preview":"max-image-preview:large","max-video-preview":"max-video-preview:-1"},"og_locale":"fr_FR","og_type":"article","og_title":"Canicule\u00a0: \u00ab\u00a0Au travail, notre attention diminue, le risque de se blesser avec les machines augmente aussi\u00a0\u00bb - vof-news.eu","og_description":"La chaleur, ce sont peut-\u00eatre les couvreurs qui en parlent le mieux. , s\u2019amuse Barth\u00e9l\u00e9my Bach, charpentier-couvreur \u00e0 Bergerac, une commune de Dordogne en vigilance orange et jaune depuis le d\u00e9but de la semaine. Cog\u00e9rant d\u2019une entreprise de quatre personnes, ils ont d\u00e9cid\u00e9 en \u00e9quipe d\u2019am\u00e9nager leurs horaires de travail et de commencer \u00e0 l\u2019aube\u00a0: 6\u00a0heures-14\u00a0heures, avec une pause sandwich de quinze minutes \u00e0 10\u00a0heures. L\u2019un de ses salari\u00e9s a tout de m\u00eame d\u00fb partir plus t\u00f4t lundi, car il se sentait mal.  l\u2019a contact\u00e9 apr\u00e8s qu\u2019il a r\u00e9pondu \u00e0 un appel \u00e0 t\u00e9moignages. Vendeurs du petit commerce, cuisiniers, chauffeurs poids lourds, cadres dans l\u2019administration, mara\u00eechers, enseignants\u2026 En quelques heures, pr\u00e8s d\u2019une centaine de salari\u00e9s et fonctionnaires ont, comme lui, voulu faire part de leurs conditions de travail par ces fortes chaleurs. Signe que ce sujet s\u2019impose chaque \u00e9t\u00e9 un peu plus comme une pr\u00e9occupation majeure. Leurs t\u00e9moignages r\u00e9v\u00e8lent les d\u00e9fis qui persistent en termes d\u2019adaptation, d\u2019anticipation, et le r\u00f4le-cl\u00e9 du dialogue social. Il vous reste 82.71% de cet article \u00e0 lire. La suite est r\u00e9serv\u00e9e aux abonn\u00e9s.","og_url":"https:\/\/vof-news.eu\/fr\/canicule-au-travail-notre-attention-diminue-le-risque-de-se-blesser-avec-les-machines-augmente-aussi\/","og_site_name":"vof-news.eu","article_published_time":"2025-07-02T14:32:55+00:00","article_modified_time":"2025-07-02T14:33:11+00:00","og_image":[{"width":664,"height":513,"url":"https:\/\/vof-news.eu\/wp-content\/uploads\/2025\/07\/15d4ad6_upload-1-0gzcqivtiozy-31-canicule.jpg","type":"image\/jpeg"}],"author":"Author","twitter_card":"summary_large_image","twitter_misc":{"\u00c9crit par":"Author","Dur\u00e9e de lecture estim\u00e9e":"1 minute"},"schema":{"@context":"https:\/\/schema.org","@graph":[{"@type":"WebPage","@id":"https:\/\/vof-news.eu\/fr\/canicule-au-travail-notre-attention-diminue-le-risque-de-se-blesser-avec-les-machines-augmente-aussi\/","url":"https:\/\/vof-news.eu\/fr\/canicule-au-travail-notre-attention-diminue-le-risque-de-se-blesser-avec-les-machines-augmente-aussi\/","name":"Canicule\u00a0: \u00ab\u00a0Au travail, notre attention diminue, le risque de se blesser avec les machines augmente aussi\u00a0\u00bb - vof-news.eu","isPartOf":{"@id":"https:\/\/vof-news.eu\/fr\/#website"},"primaryImageOfPage":{"@id":"https:\/\/vof-news.eu\/fr\/canicule-au-travail-notre-attention-diminue-le-risque-de-se-blesser-avec-les-machines-augmente-aussi\/#primaryimage"},"image":{"@id":"https:\/\/vof-news.eu\/fr\/canicule-au-travail-notre-attention-diminue-le-risque-de-se-blesser-avec-les-machines-augmente-aussi\/#primaryimage"},"thumbnailUrl":"https:\/\/vof-news.eu\/wp-content\/uploads\/2025\/07\/15d4ad6_upload-1-0gzcqivtiozy-31-canicule.jpg","datePublished":"2025-07-02T14:32:55+00:00","dateModified":"2025-07-02T14:33:11+00:00","author":{"@id":"https:\/\/vof-news.eu\/fr\/#\/schema\/person\/f6a2a4309f0561835797fd8c19b333ed"},"description":"La chaleur, ce sont peut-\u00eatre les couvreurs qui en parlent le mieux. , s\u2019amuse Barth\u00e9l\u00e9my Bach, charpentier-couvreur \u00e0 Bergerac, une commune de Dordogne en vigilance orange et jaune depuis le d\u00e9but de la semaine. Cog\u00e9rant d\u2019une entreprise de quatre personnes, ils ont d\u00e9cid\u00e9 en \u00e9quipe d\u2019am\u00e9nager leurs horaires de travail et de commencer \u00e0 l\u2019aube\u00a0: 6\u00a0heures-14\u00a0heures, avec une pause sandwich de quinze minutes \u00e0 10\u00a0heures. L\u2019un de ses salari\u00e9s a tout de m\u00eame d\u00fb partir plus t\u00f4t lundi, car il se sentait mal. l\u2019a contact\u00e9 apr\u00e8s qu\u2019il a r\u00e9pondu \u00e0 un appel \u00e0 t\u00e9moignages. Vendeurs du petit commerce, cuisiniers, chauffeurs poids lourds, cadres dans l\u2019administration, mara\u00eechers, enseignants\u2026 En quelques heures, pr\u00e8s d\u2019une centaine de salari\u00e9s et fonctionnaires ont, comme lui, voulu faire part de leurs conditions de travail par ces fortes chaleurs. Signe que ce sujet s\u2019impose chaque \u00e9t\u00e9 un peu plus comme une pr\u00e9occupation majeure. Leurs t\u00e9moignages r\u00e9v\u00e8lent les d\u00e9fis qui persistent en termes d\u2019adaptation, d\u2019anticipation, et le r\u00f4le-cl\u00e9 du dialogue social. Il vous reste 82.71% de cet article \u00e0 lire. La suite est r\u00e9serv\u00e9e aux abonn\u00e9s.","breadcrumb":{"@id":"https:\/\/vof-news.eu\/fr\/canicule-au-travail-notre-attention-diminue-le-risque-de-se-blesser-avec-les-machines-augmente-aussi\/#breadcrumb"},"inLanguage":"fr-FR","potentialAction":[{"@type":"ReadAction","target":["https:\/\/vof-news.eu\/fr\/canicule-au-travail-notre-attention-diminue-le-risque-de-se-blesser-avec-les-machines-augmente-aussi\/"]}]},{"@type":"ImageObject","inLanguage":"fr-FR","@id":"https:\/\/vof-news.eu\/fr\/canicule-au-travail-notre-attention-diminue-le-risque-de-se-blesser-avec-les-machines-augmente-aussi\/#primaryimage","url":"https:\/\/vof-news.eu\/wp-content\/uploads\/2025\/07\/15d4ad6_upload-1-0gzcqivtiozy-31-canicule.jpg","contentUrl":"https:\/\/vof-news.eu\/wp-content\/uploads\/2025\/07\/15d4ad6_upload-1-0gzcqivtiozy-31-canicule.jpg","width":664,"height":513},{"@type":"BreadcrumbList","@id":"https:\/\/vof-news.eu\/fr\/canicule-au-travail-notre-attention-diminue-le-risque-de-se-blesser-avec-les-machines-augmente-aussi\/#breadcrumb","itemListElement":[{"@type":"ListItem","position":1,"name":"Home","item":"https:\/\/vof-news.eu\/fr\/"},{"@type":"ListItem","position":2,"name":"Canicule\u00a0: \u00ab\u00a0Au travail, notre attention diminue, le risque de se blesser avec les machines augmente aussi\u00a0\u00bb"}]},{"@type":"WebSite","@id":"https:\/\/vof-news.eu\/fr\/#website","url":"https:\/\/vof-news.eu\/fr\/","name":"vof-news.eu","description":"","potentialAction":[{"@type":"SearchAction","target":{"@type":"EntryPoint","urlTemplate":"https:\/\/vof-news.eu\/fr\/?s={search_term_string}"},"query-input":"required name=search_term_string"}],"inLanguage":"fr-FR"},{"@type":"Person","@id":"https:\/\/vof-news.eu\/fr\/#\/schema\/person\/f6a2a4309f0561835797fd8c19b333ed","name":"Author","image":{"@type":"ImageObject","inLanguage":"fr-FR","@id":"https:\/\/vof-news.eu\/fr\/#\/schema\/person\/image\/","url":"https:\/\/secure.gravatar.com\/avatar\/b67e614b1b25b3e9c0c239efdd2fde5ab015b5affd6f1c3c85911ca4b384e790?s=96&d=mm&r=g","contentUrl":"https:\/\/secure.gravatar.com\/avatar\/b67e614b1b25b3e9c0c239efdd2fde5ab015b5affd6f1c3c85911ca4b384e790?s=96&d=mm&r=g","caption":"Author"},"sameAs":["http:\/\/vof-news.eu"],"url":"https:\/\/vof-news.eu\/fr\/author\/zwt6qxnjulxbnyg\/"}]}},"yoast_meta":{"yoast_wpseo_title":"","yoast_wpseo_metadesc":"","yoast_wpseo_canonical":""},"_links":{"self":[{"href":"https:\/\/vof-news.eu\/fr\/wp-json\/wp\/v2\/posts\/245587","targetHints":{"allow":["GET"]}}],"collection":[{"href":"https:\/\/vof-news.eu\/fr\/wp-json\/wp\/v2\/posts"}],"about":[{"href":"https:\/\/vof-news.eu\/fr\/wp-json\/wp\/v2\/types\/post"}],"author":[{"embeddable":true,"href":"https:\/\/vof-news.eu\/fr\/wp-json\/wp\/v2\/users\/1"}],"replies":[{"embeddable":true,"href":"https:\/\/vof-news.eu\/fr\/wp-json\/wp\/v2\/comments?post=245587"}],"version-history":[{"count":1,"href":"https:\/\/vof-news.eu\/fr\/wp-json\/wp\/v2\/posts\/245587\/revisions"}],"predecessor-version":[{"id":245594,"href":"https:\/\/vof-news.eu\/fr\/wp-json\/wp\/v2\/posts\/245587\/revisions\/245594"}],"wp:featuredmedia":[{"embeddable":true,"href":"https:\/\/vof-news.eu\/fr\/wp-json\/wp\/v2\/media\/245588"}],"wp:attachment":[{"href":"https:\/\/vof-news.eu\/fr\/wp-json\/wp\/v2\/media?parent=245587"}],"wp:term":[{"taxonomy":"category","embeddable":true,"href":"https:\/\/vof-news.eu\/fr\/wp-json\/wp\/v2\/categories?post=245587"},{"taxonomy":"post_tag","embeddable":true,"href":"https:\/\/vof-news.eu\/fr\/wp-json\/wp\/v2\/tags?post=245587"}],"curies":[{"name":"wp","href":"https:\/\/api.w.org\/{rel}","templated":true}]}}