{"id":245509,"date":"2025-07-02T15:34:40","date_gmt":"2025-07-02T12:34:40","guid":{"rendered":"https:\/\/vof-news.eu\/la-suisse-accueille-leuro-2025-feminin-de-football-quelle-espere-fondateur\/"},"modified":"2025-07-02T15:35:15","modified_gmt":"2025-07-02T12:35:15","slug":"la-suisse-accueille-leuro-2025-feminin-de-football-quelle-espere-fondateur","status":"publish","type":"post","link":"https:\/\/vof-news.eu\/fr\/la-suisse-accueille-leuro-2025-feminin-de-football-quelle-espere-fondateur\/","title":{"rendered":"La Suisse accueille l\u2019Euro 2025\u00a0f\u00e9minin de football, qu\u2019elle esp\u00e8re fondateur"},"content":{"rendered":"<article>\n<p>Est-ce dans l\u2019espoir d\u2019y prendre du relief que l\u2019\u00e9quipe de Suisse f\u00e9minine de football s\u2019est nich\u00e9e, ces derni\u00e8res semaines, \u00e0 Thoune, Macolin ou Saint-Gall, au pied des montagnes\u00a0? H\u00f4te de<a href=\"https:\/\/www.lemonde.fr\/sport\/article\/2024\/12\/16\/euro-feminin-2025-de-football-une-dotation-record-encore-tres-eloignee-de-celle-versee-aux-hommes_6452090_3242.html\" rel=\"nofollow\"> l\u2019Euro f\u00e9minin de footbal<\/a>l \u2013 du 2\u00a0au 27\u00a0juillet \u2013, la s\u00e9lection helv\u00e8te est fort attendue, elle qui n\u2019a jusque-l\u00e0 jamais d\u00e9pass\u00e9 la phase de groupes.<\/p>\n<section>   <\/section>\n<p>Avant son match d\u2019ouverture contre la Norv\u00e8ge, mercredi 2\u00a0juillet \u00e0 21\u00a0heures au Parc Saint-Jacques de B\u00e2le, la Nati a mis fin \u00e0 une pesante s\u00e9rie de huit matchs cons\u00e9cutifs sans succ\u00e8s, en s\u2019imposant en amical face \u00e0 la R\u00e9publique tch\u00e8que (4-1). De quoi aborder plus sereinement un p\u00e9rilleux championnat d\u2019Europe, pour lequel l\u2019Association suisse de football (ASF) s\u2019est rigoureusement pr\u00e9par\u00e9e. D\u00e8s l\u2019obtention des festivit\u00e9s, en avril\u00a02023. La f\u00e9d\u00e9ration helv\u00e8te s\u2019est donn\u00e9 pour mission de , un mantra r\u00e9p\u00e9t\u00e9 par Dominique Blanc, son pr\u00e9sident depuis six ans.<\/p>\n<p>Tout, ou presque, \u00e9tait alors \u00e0 revoir dans la copie de la Nati, dont les r\u00eanes ont \u00e9t\u00e9 confi\u00e9es \u00e0 Pia Sundhage, pionni\u00e8re su\u00e9doise du ballon rond. L\u2019ancienne s\u00e9lectionneuse de plusieurs mastodontes internationaux (les Etats-Unis de 2008\u00a0\u00e0 2012, et le Br\u00e9sil de 2019\u00a0\u00e0 2023) s\u2019est dite , autant que Dominique Blanc, qui voyait dans sa nomination, en janvier\u00a02024, <\/p>\n<h2>\u00ab\u00a0Cr\u00e9er rapidement quelque chose de ph\u00e9nom\u00e9nal\u00a0\u00bb<\/h2>\n<p>La tacticienne scandinave, vainqueure crampons aux pieds de la comp\u00e9tition continentale en\u00a01984, doit notamment aider \u00e0 atteindre l\u2019objectif de doubler les effectifs f\u00e9minins du football helv\u00e8te d\u2019ici 2027 \u2013 aussi bien concernant les 40\u00a0000\u00a0licenci\u00e9es actuelles, que les 134\u00a0arbitres f\u00e9minines. , garantissait Pia Sundhage \u00e0 son arriv\u00e9e. Une vive ambition qu\u2019elle tente d\u2019inculquer \u00e0 ses troupes, qu\u2019elle jugeait alors , apr\u00e8s leur rel\u00e9gation dans le groupe B de la Ligue des nations, d\u00e9but juin. <\/p>\n<p>Une t\u00e2che d\u00e9licate pour la 23<sup>e<\/sup> nation au classement de la F\u00e9d\u00e9ration internationale (FIFA), engag\u00e9e dans une phase de d\u00e9veloppement. Si une jeunesse talentueuse renforce progressivement les rangs helv\u00e8tes, les cadres de la Nati restent majoritairement exil\u00e9es dans des championnats \u00e9trangers. Seules cinq des 23\u00a0joueuses s\u00e9lectionn\u00e9es par Pia Sundhage pour la comp\u00e9tition \u00e9voluaient cette saison dans la Women\u2019s Super League helv\u00e8te, et deux d\u2019entre elles \u2013 Iman Beney (18\u00a0ans) et Noemi Ivelj (18\u00a0ans) \u2013 joueront l\u2019an prochain en Angleterre et en Allemagne.<\/p>\n<h2>\u00ab\u00a0Encore un grand \u00e9cart entre les s\u00e9lections\u00a0\u00bb<\/h2>\n<p>Cette vague de d\u00e9parts pr\u00e9matur\u00e9s, comme souvent dans les ligues europ\u00e9ennes mineures, r\u00e9sulte surtout d\u2019une rude concurrence et de faibles moyens allou\u00e9s aux clubs, qui peinent toujours \u00e0 franchir pleinement le cap de la professionnalisation. Aussi les joueuses helv\u00e8tes les plus exp\u00e9riment\u00e9es restent lucides face aux promesses de l\u2019ASF. L\u2019attaquante Meriame Terchoune (29\u00a0ans, 44\u00a0s\u00e9lections), partie pour Dijon en\u00a02022, confiait ainsi au  \u00eatre quant aux potentielles retomb\u00e9es de l\u2019\u00e9v\u00e8nement\u00a0:  temp\u00e9rait-elle au pr\u00e9alable. <\/p>\n<section>   <\/section>\n<p><a href=\"https:\/\/www.lemonde.fr\/sport\/article\/2025\/02\/21\/football-l-angleterre-nouvel-horizon-pour-les-joueuses-francaises_6557734_3242.html\" rel=\"nofollow\">Si la r\u00e9ussite du mod\u00e8le anglais<\/a> est lorgn\u00e9e par ses concurrents continentaux, difficile pour la Suisse de s\u2019en inspirer. La f\u00e9d\u00e9ration suisse peut se f\u00e9liciter d\u2019accueillir l\u2019Euro f\u00e9minin le plus lucratif de l\u2019histoire, avec une dotation de l\u2019UEFA port\u00e9e \u00e0 41\u00a0millions d\u2019euros, mais elle ne doit ni griller les \u00e9tapes, ni s\u2019imaginer plus imposante qu\u2019elle ne l\u2019est en Europe. , confirme Meriam Terchoune, en utilisant la Ligue des nations comme \u00e9chelle. <\/p>\n<section>   <\/section>\n<p>Cette situation pourrait \u00e9voluer prochainement, si la Nati r\u00e9ussit son tournoi \u2013 une qualification en phase \u00e9liminatoire serait d\u00e9j\u00e0 in\u00e9dite \u2013, et si l\u2019ASF prolonge son investissement. L\u2019\u00e9closion r\u00e9cente de plusieurs joueuses prometteuses, comme la Barcelonaise Sydney Schertenleib (18\u00a0ans) ou la Lyonnaise Leila Wandeler (19\u00a0ans) \u2013 convoqu\u00e9es par Pia Sundhage \u2013 est un signe positif. Tout comme la vente de plus de 80\u00a0% des billets pour la comp\u00e9tition avant son coup d\u2019envoi. Et pour ses d\u00e9buts, mercredi face \u00e0 la Norv\u00e8ge de l\u2019ancienne Ballon d\u2019or Ada Hegerberg, la Suisse pourra compter sur un Parc Saint-Jacques \u00e0 guichets ferm\u00e9s, de quoi esp\u00e9rer pousser sa s\u00e9lection vers des sommets inexplor\u00e9s.<\/p>\n<section>\n<p> <span><a href=\"https:\/\/www.lemonde.fr\/signataires\/valentin-baudry\/\" rel=\"nofollow\"> <span>Valentin Baudry<\/span><\/a><\/span> <\/p>\n<\/section>\n<section>\n<section>\n<header>   <\/header>\n<section>\n<section> <a href=\"https:\/\/abo.lemonde.fr\/?lmd_medium=BOUTONS_LMFR&amp;lmd_campaign=CONTRIBUTION_ARTICLE\" rel=\"nofollow\">S\u2019abonner<\/a> <\/section>\n<\/section>\n<section><\/section>\n<\/section>\n<p>Contribuer<\/p>\n<p> <a href=\"https:\/\/www.lemonde.fr\/syndication\/\" rel=\"nofollow\">R\u00e9utiliser ce contenu<\/a> <\/section>\n<\/article>\n","protected":false},"excerpt":{"rendered":"<p>Est-ce dans l\u2019espoir d\u2019y prendre du relief que l\u2019\u00e9quipe de Suisse f\u00e9minine de football s\u2019est nich\u00e9e, ces derni\u00e8res semaines, \u00e0 Thoune, Macolin ou Saint-Gall, au pied des montagnes\u00a0? H\u00f4te de l\u2019Euro f\u00e9minin de football \u2013 du 2\u00a0au 27\u00a0juillet \u2013, la s\u00e9lection helv\u00e8te est fort attendue, elle qui n\u2019a jusque-l\u00e0 jamais d\u00e9pass\u00e9 la phase de groupes.<\/p>\n","protected":false},"author":1,"featured_media":245510,"comment_status":"open","ping_status":"open","sticky":false,"template":"","format":"standard","meta":{"footnotes":""},"categories":[73],"tags":[],"class_list":["post-245509","post","type-post","status-publish","format-standard","has-post-thumbnail","hentry","category-sport-fr"],"acf":[],"yoast_head":"<!-- This site is optimized with the Yoast SEO plugin v22.9 - https:\/\/yoast.com\/wordpress\/plugins\/seo\/ -->\n<title>La Suisse accueille l\u2019Euro 2025\u00a0f\u00e9minin de football, qu\u2019elle esp\u00e8re fondateur - vof-news.eu<\/title>\n<meta name=\"description\" content=\"Est-ce dans l\u2019espoir d\u2019y prendre du relief que l\u2019\u00e9quipe de Suisse f\u00e9minine de football s\u2019est nich\u00e9e, ces derni\u00e8res semaines, \u00e0 Thoune, Macolin ou Saint-Gall, au pied des montagnes\u00a0? H\u00f4te de l\u2019Euro f\u00e9minin de football \u2013 du 2\u00a0au 27\u00a0juillet \u2013, la s\u00e9lection helv\u00e8te est fort attendue, elle qui n\u2019a jusque-l\u00e0 jamais d\u00e9pass\u00e9 la phase de groupes.   Avant son match d\u2019ouverture contre la Norv\u00e8ge, mercredi 2\u00a0juillet \u00e0 21\u00a0heures au Parc Saint-Jacques de B\u00e2le, la Nati a mis fin \u00e0 une pesante s\u00e9rie de huit matchs cons\u00e9cutifs sans succ\u00e8s, en s\u2019imposant en amical face \u00e0 la R\u00e9publique tch\u00e8que (4-1). De quoi aborder plus sereinement un p\u00e9rilleux championnat d\u2019Europe, pour lequel l\u2019Association suisse de football (ASF) s\u2019est rigoureusement pr\u00e9par\u00e9e. D\u00e8s l\u2019obtention des festivit\u00e9s, en avril\u00a02023. La f\u00e9d\u00e9ration helv\u00e8te s\u2019est donn\u00e9 pour mission de , un mantra r\u00e9p\u00e9t\u00e9 par Dominique Blanc, son pr\u00e9sident depuis six ans. Tout, ou presque, \u00e9tait alors \u00e0 revoir dans la copie de la Nati, dont les r\u00eanes ont \u00e9t\u00e9 confi\u00e9es \u00e0 Pia Sundhage, pionni\u00e8re su\u00e9doise du ballon rond. L\u2019ancienne s\u00e9lectionneuse de plusieurs mastodontes internationaux (les Etats-Unis de 2008\u00a0\u00e0 2012, et le Br\u00e9sil de 2019\u00a0\u00e0 2023) s\u2019est dite , autant que Dominique Blanc, qui voyait dans sa nomination, en janvier\u00a02024, \u00ab\u00a0Cr\u00e9er rapidement quelque chose de ph\u00e9nom\u00e9nal\u00a0\u00bb La tacticienne scandinave, vainqueure crampons aux pieds de la comp\u00e9tition continentale en\u00a01984, doit notamment aider \u00e0 atteindre l\u2019objectif de doubler les effectifs f\u00e9minins du football helv\u00e8te d\u2019ici 2027 \u2013 aussi bien concernant les 40\u00a0000\u00a0licenci\u00e9es actuelles, que les 134\u00a0arbitres f\u00e9minines. , garantissait Pia Sundhage \u00e0 son arriv\u00e9e. Une vive ambition qu\u2019elle tente d\u2019inculquer \u00e0 ses troupes, qu\u2019elle jugeait alors , apr\u00e8s leur rel\u00e9gation dans le groupe B de la Ligue des nations, d\u00e9but juin.  Une t\u00e2che d\u00e9licate pour la 23e nation au classement de la F\u00e9d\u00e9ration internationale (FIFA), engag\u00e9e dans une phase de d\u00e9veloppement. Si une jeunesse talentueuse renforce progressivement les rangs helv\u00e8tes, les cadres de la Nati restent majoritairement exil\u00e9es dans des championnats \u00e9trangers. Seules cinq des 23\u00a0joueuses s\u00e9lectionn\u00e9es par Pia Sundhage pour la comp\u00e9tition \u00e9voluaient cette saison dans la Women\u2019s Super League helv\u00e8te, et deux d\u2019entre elles \u2013 Iman Beney (18\u00a0ans) et Noemi Ivelj (18\u00a0ans) \u2013 joueront l\u2019an prochain en Angleterre et en Allemagne. \u00ab\u00a0Encore un grand \u00e9cart entre les s\u00e9lections\u00a0\u00bb Cette vague de d\u00e9parts pr\u00e9matur\u00e9s, comme souvent dans les ligues europ\u00e9ennes mineures, r\u00e9sulte surtout d\u2019une rude concurrence et de faibles moyens allou\u00e9s aux clubs, qui peinent toujours \u00e0 franchir pleinement le cap de la professionnalisation. Aussi les joueuses helv\u00e8tes les plus exp\u00e9riment\u00e9es restent lucides face aux promesses de l\u2019ASF. L\u2019attaquante Meriame Terchoune (29\u00a0ans, 44\u00a0s\u00e9lections), partie pour Dijon en\u00a02022, confiait ainsi au \u00eatre quant aux potentielles retomb\u00e9es de l\u2019\u00e9v\u00e8nement\u00a0: temp\u00e9rait-elle au pr\u00e9alable.   Si la r\u00e9ussite du mod\u00e8le anglais est lorgn\u00e9e par ses concurrents continentaux, difficile pour la Suisse de s\u2019en inspirer. La f\u00e9d\u00e9ration suisse peut se f\u00e9liciter d\u2019accueillir l\u2019Euro f\u00e9minin le plus lucratif de l\u2019histoire, avec une dotation de l\u2019UEFA port\u00e9e \u00e0 41\u00a0millions d\u2019euros, mais elle ne doit ni griller les \u00e9tapes, ni s\u2019imaginer plus imposante qu\u2019elle ne l\u2019est en Europe. , confirme Meriam Terchoune, en utilisant la Ligue des nations comme \u00e9chelle.   Cette situation pourrait \u00e9voluer prochainement, si la Nati r\u00e9ussit son tournoi \u2013 une qualification en phase \u00e9liminatoire serait d\u00e9j\u00e0 in\u00e9dite \u2013, et si l\u2019ASF prolonge son investissement. L\u2019\u00e9closion r\u00e9cente de plusieurs joueuses prometteuses, comme la Barcelonaise Sydney Schertenleib (18\u00a0ans) ou la Lyonnaise Leila Wandeler (19\u00a0ans) \u2013 convoqu\u00e9es par Pia Sundhage \u2013 est un signe positif. Tout comme la vente de plus de 80\u00a0% des billets pour la comp\u00e9tition avant son coup d\u2019envoi. Et pour ses d\u00e9buts, mercredi face \u00e0 la Norv\u00e8ge de l\u2019ancienne Ballon d\u2019or Ada Hegerberg, la Suisse pourra compter sur un Parc Saint-Jacques \u00e0 guichets ferm\u00e9s, de quoi esp\u00e9rer pousser sa s\u00e9lection vers des sommets inexplor\u00e9s.  Valentin Baudry      S\u2019abonner   Contribuer R\u00e9utiliser ce contenu\" \/>\n<meta name=\"robots\" content=\"noindex, follow, max-snippet:-1, max-image-preview:large, max-video-preview:-1\" \/>\n<meta property=\"og:locale\" content=\"fr_FR\" \/>\n<meta property=\"og:type\" content=\"article\" \/>\n<meta property=\"og:title\" content=\"La Suisse accueille l\u2019Euro 2025\u00a0f\u00e9minin de football, qu\u2019elle esp\u00e8re fondateur - vof-news.eu\" \/>\n<meta property=\"og:description\" content=\"Est-ce dans l\u2019espoir d\u2019y prendre du relief que l\u2019\u00e9quipe de Suisse f\u00e9minine de football s\u2019est nich\u00e9e, ces derni\u00e8res semaines, \u00e0 Thoune, Macolin ou Saint-Gall, au pied des montagnes\u00a0? H\u00f4te de l\u2019Euro f\u00e9minin de football \u2013 du 2\u00a0au 27\u00a0juillet \u2013, la s\u00e9lection helv\u00e8te est fort attendue, elle qui n\u2019a jusque-l\u00e0 jamais d\u00e9pass\u00e9 la phase de groupes.   Avant son match d\u2019ouverture contre la Norv\u00e8ge, mercredi 2\u00a0juillet \u00e0 21\u00a0heures au Parc Saint-Jacques de B\u00e2le, la Nati a mis fin \u00e0 une pesante s\u00e9rie de huit matchs cons\u00e9cutifs sans succ\u00e8s, en s\u2019imposant en amical face \u00e0 la R\u00e9publique tch\u00e8que (4-1). De quoi aborder plus sereinement un p\u00e9rilleux championnat d\u2019Europe, pour lequel l\u2019Association suisse de football (ASF) s\u2019est rigoureusement pr\u00e9par\u00e9e. D\u00e8s l\u2019obtention des festivit\u00e9s, en avril\u00a02023. La f\u00e9d\u00e9ration helv\u00e8te s\u2019est donn\u00e9 pour mission de , un mantra r\u00e9p\u00e9t\u00e9 par Dominique Blanc, son pr\u00e9sident depuis six ans. Tout, ou presque, \u00e9tait alors \u00e0 revoir dans la copie de la Nati, dont les r\u00eanes ont \u00e9t\u00e9 confi\u00e9es \u00e0 Pia Sundhage, pionni\u00e8re su\u00e9doise du ballon rond. L\u2019ancienne s\u00e9lectionneuse de plusieurs mastodontes internationaux (les Etats-Unis de 2008\u00a0\u00e0 2012, et le Br\u00e9sil de 2019\u00a0\u00e0 2023) s\u2019est dite , autant que Dominique Blanc, qui voyait dans sa nomination, en janvier\u00a02024, \u00ab\u00a0Cr\u00e9er rapidement quelque chose de ph\u00e9nom\u00e9nal\u00a0\u00bb La tacticienne scandinave, vainqueure crampons aux pieds de la comp\u00e9tition continentale en\u00a01984, doit notamment aider \u00e0 atteindre l\u2019objectif de doubler les effectifs f\u00e9minins du football helv\u00e8te d\u2019ici 2027 \u2013 aussi bien concernant les 40\u00a0000\u00a0licenci\u00e9es actuelles, que les 134\u00a0arbitres f\u00e9minines. , garantissait Pia Sundhage \u00e0 son arriv\u00e9e. Une vive ambition qu\u2019elle tente d\u2019inculquer \u00e0 ses troupes, qu\u2019elle jugeait alors , apr\u00e8s leur rel\u00e9gation dans le groupe B de la Ligue des nations, d\u00e9but juin.  Une t\u00e2che d\u00e9licate pour la 23e nation au classement de la F\u00e9d\u00e9ration internationale (FIFA), engag\u00e9e dans une phase de d\u00e9veloppement. Si une jeunesse talentueuse renforce progressivement les rangs helv\u00e8tes, les cadres de la Nati restent majoritairement exil\u00e9es dans des championnats \u00e9trangers. Seules cinq des 23\u00a0joueuses s\u00e9lectionn\u00e9es par Pia Sundhage pour la comp\u00e9tition \u00e9voluaient cette saison dans la Women\u2019s Super League helv\u00e8te, et deux d\u2019entre elles \u2013 Iman Beney (18\u00a0ans) et Noemi Ivelj (18\u00a0ans) \u2013 joueront l\u2019an prochain en Angleterre et en Allemagne. \u00ab\u00a0Encore un grand \u00e9cart entre les s\u00e9lections\u00a0\u00bb Cette vague de d\u00e9parts pr\u00e9matur\u00e9s, comme souvent dans les ligues europ\u00e9ennes mineures, r\u00e9sulte surtout d\u2019une rude concurrence et de faibles moyens allou\u00e9s aux clubs, qui peinent toujours \u00e0 franchir pleinement le cap de la professionnalisation. Aussi les joueuses helv\u00e8tes les plus exp\u00e9riment\u00e9es restent lucides face aux promesses de l\u2019ASF. L\u2019attaquante Meriame Terchoune (29\u00a0ans, 44\u00a0s\u00e9lections), partie pour Dijon en\u00a02022, confiait ainsi au \u00eatre quant aux potentielles retomb\u00e9es de l\u2019\u00e9v\u00e8nement\u00a0: temp\u00e9rait-elle au pr\u00e9alable.   Si la r\u00e9ussite du mod\u00e8le anglais est lorgn\u00e9e par ses concurrents continentaux, difficile pour la Suisse de s\u2019en inspirer. La f\u00e9d\u00e9ration suisse peut se f\u00e9liciter d\u2019accueillir l\u2019Euro f\u00e9minin le plus lucratif de l\u2019histoire, avec une dotation de l\u2019UEFA port\u00e9e \u00e0 41\u00a0millions d\u2019euros, mais elle ne doit ni griller les \u00e9tapes, ni s\u2019imaginer plus imposante qu\u2019elle ne l\u2019est en Europe. , confirme Meriam Terchoune, en utilisant la Ligue des nations comme \u00e9chelle.   Cette situation pourrait \u00e9voluer prochainement, si la Nati r\u00e9ussit son tournoi \u2013 une qualification en phase \u00e9liminatoire serait d\u00e9j\u00e0 in\u00e9dite \u2013, et si l\u2019ASF prolonge son investissement. L\u2019\u00e9closion r\u00e9cente de plusieurs joueuses prometteuses, comme la Barcelonaise Sydney Schertenleib (18\u00a0ans) ou la Lyonnaise Leila Wandeler (19\u00a0ans) \u2013 convoqu\u00e9es par Pia Sundhage \u2013 est un signe positif. Tout comme la vente de plus de 80\u00a0% des billets pour la comp\u00e9tition avant son coup d\u2019envoi. Et pour ses d\u00e9buts, mercredi face \u00e0 la Norv\u00e8ge de l\u2019ancienne Ballon d\u2019or Ada Hegerberg, la Suisse pourra compter sur un Parc Saint-Jacques \u00e0 guichets ferm\u00e9s, de quoi esp\u00e9rer pousser sa s\u00e9lection vers des sommets inexplor\u00e9s.  Valentin Baudry      S\u2019abonner   Contribuer R\u00e9utiliser ce contenu\" \/>\n<meta property=\"og:url\" content=\"https:\/\/vof-news.eu\/fr\/la-suisse-accueille-leuro-2025-feminin-de-football-quelle-espere-fondateur\/\" \/>\n<meta property=\"og:site_name\" content=\"vof-news.eu\" \/>\n<meta property=\"article:published_time\" content=\"2025-07-02T12:34:40+00:00\" \/>\n<meta property=\"article:modified_time\" content=\"2025-07-02T12:35:15+00:00\" \/>\n<meta property=\"og:image\" content=\"https:\/\/vof-news.eu\/wp-content\/uploads\/2025\/07\/97e8af2_ftp-import-images-1-2uz5gw4a0twu-5260901-01-06.jpg\" \/>\n\t<meta property=\"og:image:width\" content=\"664\" \/>\n\t<meta property=\"og:image:height\" content=\"443\" \/>\n\t<meta property=\"og:image:type\" content=\"image\/jpeg\" \/>\n<meta name=\"author\" content=\"Author\" \/>\n<meta name=\"twitter:card\" content=\"summary_large_image\" \/>\n<meta name=\"twitter:label1\" content=\"\u00c9crit par\" \/>\n\t<meta name=\"twitter:data1\" content=\"Author\" \/>\n\t<meta name=\"twitter:label2\" content=\"Dur\u00e9e de lecture estim\u00e9e\" \/>\n\t<meta name=\"twitter:data2\" content=\"4 minutes\" \/>\n<script type=\"application\/ld+json\" class=\"yoast-schema-graph\">{\"@context\":\"https:\/\/schema.org\",\"@graph\":[{\"@type\":\"WebPage\",\"@id\":\"https:\/\/vof-news.eu\/fr\/la-suisse-accueille-leuro-2025-feminin-de-football-quelle-espere-fondateur\/\",\"url\":\"https:\/\/vof-news.eu\/fr\/la-suisse-accueille-leuro-2025-feminin-de-football-quelle-espere-fondateur\/\",\"name\":\"La Suisse accueille l\u2019Euro 2025\u00a0f\u00e9minin de football, qu\u2019elle esp\u00e8re fondateur - vof-news.eu\",\"isPartOf\":{\"@id\":\"https:\/\/vof-news.eu\/fr\/#website\"},\"primaryImageOfPage\":{\"@id\":\"https:\/\/vof-news.eu\/fr\/la-suisse-accueille-leuro-2025-feminin-de-football-quelle-espere-fondateur\/#primaryimage\"},\"image\":{\"@id\":\"https:\/\/vof-news.eu\/fr\/la-suisse-accueille-leuro-2025-feminin-de-football-quelle-espere-fondateur\/#primaryimage\"},\"thumbnailUrl\":\"https:\/\/vof-news.eu\/wp-content\/uploads\/2025\/07\/97e8af2_ftp-import-images-1-2uz5gw4a0twu-5260901-01-06.jpg\",\"datePublished\":\"2025-07-02T12:34:40+00:00\",\"dateModified\":\"2025-07-02T12:35:15+00:00\",\"author\":{\"@id\":\"https:\/\/vof-news.eu\/fr\/#\/schema\/person\/f6a2a4309f0561835797fd8c19b333ed\"},\"description\":\"Est-ce dans l\u2019espoir d\u2019y prendre du relief que l\u2019\u00e9quipe de Suisse f\u00e9minine de football s\u2019est nich\u00e9e, ces derni\u00e8res semaines, \u00e0 Thoune, Macolin ou Saint-Gall, au pied des montagnes\u00a0? H\u00f4te de l\u2019Euro f\u00e9minin de football \u2013 du 2\u00a0au 27\u00a0juillet \u2013, la s\u00e9lection helv\u00e8te est fort attendue, elle qui n\u2019a jusque-l\u00e0 jamais d\u00e9pass\u00e9 la phase de groupes. Avant son match d\u2019ouverture contre la Norv\u00e8ge, mercredi 2\u00a0juillet \u00e0 21\u00a0heures au Parc Saint-Jacques de B\u00e2le, la Nati a mis fin \u00e0 une pesante s\u00e9rie de huit matchs cons\u00e9cutifs sans succ\u00e8s, en s\u2019imposant en amical face \u00e0 la R\u00e9publique tch\u00e8que (4-1). De quoi aborder plus sereinement un p\u00e9rilleux championnat d\u2019Europe, pour lequel l\u2019Association suisse de football (ASF) s\u2019est rigoureusement pr\u00e9par\u00e9e. D\u00e8s l\u2019obtention des festivit\u00e9s, en avril\u00a02023. La f\u00e9d\u00e9ration helv\u00e8te s\u2019est donn\u00e9 pour mission de , un mantra r\u00e9p\u00e9t\u00e9 par Dominique Blanc, son pr\u00e9sident depuis six ans. Tout, ou presque, \u00e9tait alors \u00e0 revoir dans la copie de la Nati, dont les r\u00eanes ont \u00e9t\u00e9 confi\u00e9es \u00e0 Pia Sundhage, pionni\u00e8re su\u00e9doise du ballon rond. L\u2019ancienne s\u00e9lectionneuse de plusieurs mastodontes internationaux (les Etats-Unis de 2008\u00a0\u00e0 2012, et le Br\u00e9sil de 2019\u00a0\u00e0 2023) s\u2019est dite , autant que Dominique Blanc, qui voyait dans sa nomination, en janvier\u00a02024, \u00ab\u00a0Cr\u00e9er rapidement quelque chose de ph\u00e9nom\u00e9nal\u00a0\u00bb La tacticienne scandinave, vainqueure crampons aux pieds de la comp\u00e9tition continentale en\u00a01984, doit notamment aider \u00e0 atteindre l\u2019objectif de doubler les effectifs f\u00e9minins du football helv\u00e8te d\u2019ici 2027 \u2013 aussi bien concernant les 40\u00a0000\u00a0licenci\u00e9es actuelles, que les 134\u00a0arbitres f\u00e9minines. , garantissait Pia Sundhage \u00e0 son arriv\u00e9e. Une vive ambition qu\u2019elle tente d\u2019inculquer \u00e0 ses troupes, qu\u2019elle jugeait alors , apr\u00e8s leur rel\u00e9gation dans le groupe B de la Ligue des nations, d\u00e9but juin. Une t\u00e2che d\u00e9licate pour la 23e nation au classement de la F\u00e9d\u00e9ration internationale (FIFA), engag\u00e9e dans une phase de d\u00e9veloppement. Si une jeunesse talentueuse renforce progressivement les rangs helv\u00e8tes, les cadres de la Nati restent majoritairement exil\u00e9es dans des championnats \u00e9trangers. Seules cinq des 23\u00a0joueuses s\u00e9lectionn\u00e9es par Pia Sundhage pour la comp\u00e9tition \u00e9voluaient cette saison dans la Women\u2019s Super League helv\u00e8te, et deux d\u2019entre elles \u2013 Iman Beney (18\u00a0ans) et Noemi Ivelj (18\u00a0ans) \u2013 joueront l\u2019an prochain en Angleterre et en Allemagne. \u00ab\u00a0Encore un grand \u00e9cart entre les s\u00e9lections\u00a0\u00bb Cette vague de d\u00e9parts pr\u00e9matur\u00e9s, comme souvent dans les ligues europ\u00e9ennes mineures, r\u00e9sulte surtout d\u2019une rude concurrence et de faibles moyens allou\u00e9s aux clubs, qui peinent toujours \u00e0 franchir pleinement le cap de la professionnalisation. Aussi les joueuses helv\u00e8tes les plus exp\u00e9riment\u00e9es restent lucides face aux promesses de l\u2019ASF. L\u2019attaquante Meriame Terchoune (29\u00a0ans, 44\u00a0s\u00e9lections), partie pour Dijon en\u00a02022, confiait ainsi au \u00eatre quant aux potentielles retomb\u00e9es de l\u2019\u00e9v\u00e8nement\u00a0: temp\u00e9rait-elle au pr\u00e9alable. Si la r\u00e9ussite du mod\u00e8le anglais est lorgn\u00e9e par ses concurrents continentaux, difficile pour la Suisse de s\u2019en inspirer. La f\u00e9d\u00e9ration suisse peut se f\u00e9liciter d\u2019accueillir l\u2019Euro f\u00e9minin le plus lucratif de l\u2019histoire, avec une dotation de l\u2019UEFA port\u00e9e \u00e0 41\u00a0millions d\u2019euros, mais elle ne doit ni griller les \u00e9tapes, ni s\u2019imaginer plus imposante qu\u2019elle ne l\u2019est en Europe. , confirme Meriam Terchoune, en utilisant la Ligue des nations comme \u00e9chelle. Cette situation pourrait \u00e9voluer prochainement, si la Nati r\u00e9ussit son tournoi \u2013 une qualification en phase \u00e9liminatoire serait d\u00e9j\u00e0 in\u00e9dite \u2013, et si l\u2019ASF prolonge son investissement. L\u2019\u00e9closion r\u00e9cente de plusieurs joueuses prometteuses, comme la Barcelonaise Sydney Schertenleib (18\u00a0ans) ou la Lyonnaise Leila Wandeler (19\u00a0ans) \u2013 convoqu\u00e9es par Pia Sundhage \u2013 est un signe positif. Tout comme la vente de plus de 80\u00a0% des billets pour la comp\u00e9tition avant son coup d\u2019envoi. Et pour ses d\u00e9buts, mercredi face \u00e0 la Norv\u00e8ge de l\u2019ancienne Ballon d\u2019or Ada Hegerberg, la Suisse pourra compter sur un Parc Saint-Jacques \u00e0 guichets ferm\u00e9s, de quoi esp\u00e9rer pousser sa s\u00e9lection vers des sommets inexplor\u00e9s. Valentin Baudry S\u2019abonner Contribuer R\u00e9utiliser ce contenu\",\"breadcrumb\":{\"@id\":\"https:\/\/vof-news.eu\/fr\/la-suisse-accueille-leuro-2025-feminin-de-football-quelle-espere-fondateur\/#breadcrumb\"},\"inLanguage\":\"fr-FR\",\"potentialAction\":[{\"@type\":\"ReadAction\",\"target\":[\"https:\/\/vof-news.eu\/fr\/la-suisse-accueille-leuro-2025-feminin-de-football-quelle-espere-fondateur\/\"]}]},{\"@type\":\"ImageObject\",\"inLanguage\":\"fr-FR\",\"@id\":\"https:\/\/vof-news.eu\/fr\/la-suisse-accueille-leuro-2025-feminin-de-football-quelle-espere-fondateur\/#primaryimage\",\"url\":\"https:\/\/vof-news.eu\/wp-content\/uploads\/2025\/07\/97e8af2_ftp-import-images-1-2uz5gw4a0twu-5260901-01-06.jpg\",\"contentUrl\":\"https:\/\/vof-news.eu\/wp-content\/uploads\/2025\/07\/97e8af2_ftp-import-images-1-2uz5gw4a0twu-5260901-01-06.jpg\",\"width\":664,\"height\":443},{\"@type\":\"BreadcrumbList\",\"@id\":\"https:\/\/vof-news.eu\/fr\/la-suisse-accueille-leuro-2025-feminin-de-football-quelle-espere-fondateur\/#breadcrumb\",\"itemListElement\":[{\"@type\":\"ListItem\",\"position\":1,\"name\":\"Home\",\"item\":\"https:\/\/vof-news.eu\/fr\/\"},{\"@type\":\"ListItem\",\"position\":2,\"name\":\"La Suisse accueille l\u2019Euro 2025\u00a0f\u00e9minin de football, qu\u2019elle esp\u00e8re fondateur\"}]},{\"@type\":\"WebSite\",\"@id\":\"https:\/\/vof-news.eu\/fr\/#website\",\"url\":\"https:\/\/vof-news.eu\/fr\/\",\"name\":\"vof-news.eu\",\"description\":\"\",\"potentialAction\":[{\"@type\":\"SearchAction\",\"target\":{\"@type\":\"EntryPoint\",\"urlTemplate\":\"https:\/\/vof-news.eu\/fr\/?s={search_term_string}\"},\"query-input\":\"required name=search_term_string\"}],\"inLanguage\":\"fr-FR\"},{\"@type\":\"Person\",\"@id\":\"https:\/\/vof-news.eu\/fr\/#\/schema\/person\/f6a2a4309f0561835797fd8c19b333ed\",\"name\":\"Author\",\"image\":{\"@type\":\"ImageObject\",\"inLanguage\":\"fr-FR\",\"@id\":\"https:\/\/vof-news.eu\/fr\/#\/schema\/person\/image\/\",\"url\":\"https:\/\/secure.gravatar.com\/avatar\/b67e614b1b25b3e9c0c239efdd2fde5ab015b5affd6f1c3c85911ca4b384e790?s=96&d=mm&r=g\",\"contentUrl\":\"https:\/\/secure.gravatar.com\/avatar\/b67e614b1b25b3e9c0c239efdd2fde5ab015b5affd6f1c3c85911ca4b384e790?s=96&d=mm&r=g\",\"caption\":\"Author\"},\"sameAs\":[\"http:\/\/vof-news.eu\"],\"url\":\"https:\/\/vof-news.eu\/fr\/author\/zwt6qxnjulxbnyg\/\"}]}<\/script>\n<!-- \/ Yoast SEO plugin. -->","yoast_head_json":{"title":"La Suisse accueille l\u2019Euro 2025\u00a0f\u00e9minin de football, qu\u2019elle esp\u00e8re fondateur - vof-news.eu","description":"Est-ce dans l\u2019espoir d\u2019y prendre du relief que l\u2019\u00e9quipe de Suisse f\u00e9minine de football s\u2019est nich\u00e9e, ces derni\u00e8res semaines, \u00e0 Thoune, Macolin ou Saint-Gall, au pied des montagnes\u00a0? H\u00f4te de l\u2019Euro f\u00e9minin de football \u2013 du 2\u00a0au 27\u00a0juillet \u2013, la s\u00e9lection helv\u00e8te est fort attendue, elle qui n\u2019a jusque-l\u00e0 jamais d\u00e9pass\u00e9 la phase de groupes.   Avant son match d\u2019ouverture contre la Norv\u00e8ge, mercredi 2\u00a0juillet \u00e0 21\u00a0heures au Parc Saint-Jacques de B\u00e2le, la Nati a mis fin \u00e0 une pesante s\u00e9rie de huit matchs cons\u00e9cutifs sans succ\u00e8s, en s\u2019imposant en amical face \u00e0 la R\u00e9publique tch\u00e8que (4-1). De quoi aborder plus sereinement un p\u00e9rilleux championnat d\u2019Europe, pour lequel l\u2019Association suisse de football (ASF) s\u2019est rigoureusement pr\u00e9par\u00e9e. D\u00e8s l\u2019obtention des festivit\u00e9s, en avril\u00a02023. La f\u00e9d\u00e9ration helv\u00e8te s\u2019est donn\u00e9 pour mission de , un mantra r\u00e9p\u00e9t\u00e9 par Dominique Blanc, son pr\u00e9sident depuis six ans. Tout, ou presque, \u00e9tait alors \u00e0 revoir dans la copie de la Nati, dont les r\u00eanes ont \u00e9t\u00e9 confi\u00e9es \u00e0 Pia Sundhage, pionni\u00e8re su\u00e9doise du ballon rond. L\u2019ancienne s\u00e9lectionneuse de plusieurs mastodontes internationaux (les Etats-Unis de 2008\u00a0\u00e0 2012, et le Br\u00e9sil de 2019\u00a0\u00e0 2023) s\u2019est dite , autant que Dominique Blanc, qui voyait dans sa nomination, en janvier\u00a02024, \u00ab\u00a0Cr\u00e9er rapidement quelque chose de ph\u00e9nom\u00e9nal\u00a0\u00bb La tacticienne scandinave, vainqueure crampons aux pieds de la comp\u00e9tition continentale en\u00a01984, doit notamment aider \u00e0 atteindre l\u2019objectif de doubler les effectifs f\u00e9minins du football helv\u00e8te d\u2019ici 2027 \u2013 aussi bien concernant les 40\u00a0000\u00a0licenci\u00e9es actuelles, que les 134\u00a0arbitres f\u00e9minines. , garantissait Pia Sundhage \u00e0 son arriv\u00e9e. Une vive ambition qu\u2019elle tente d\u2019inculquer \u00e0 ses troupes, qu\u2019elle jugeait alors , apr\u00e8s leur rel\u00e9gation dans le groupe B de la Ligue des nations, d\u00e9but juin.  Une t\u00e2che d\u00e9licate pour la 23e nation au classement de la F\u00e9d\u00e9ration internationale (FIFA), engag\u00e9e dans une phase de d\u00e9veloppement. Si une jeunesse talentueuse renforce progressivement les rangs helv\u00e8tes, les cadres de la Nati restent majoritairement exil\u00e9es dans des championnats \u00e9trangers. Seules cinq des 23\u00a0joueuses s\u00e9lectionn\u00e9es par Pia Sundhage pour la comp\u00e9tition \u00e9voluaient cette saison dans la Women\u2019s Super League helv\u00e8te, et deux d\u2019entre elles \u2013 Iman Beney (18\u00a0ans) et Noemi Ivelj (18\u00a0ans) \u2013 joueront l\u2019an prochain en Angleterre et en Allemagne. \u00ab\u00a0Encore un grand \u00e9cart entre les s\u00e9lections\u00a0\u00bb Cette vague de d\u00e9parts pr\u00e9matur\u00e9s, comme souvent dans les ligues europ\u00e9ennes mineures, r\u00e9sulte surtout d\u2019une rude concurrence et de faibles moyens allou\u00e9s aux clubs, qui peinent toujours \u00e0 franchir pleinement le cap de la professionnalisation. Aussi les joueuses helv\u00e8tes les plus exp\u00e9riment\u00e9es restent lucides face aux promesses de l\u2019ASF. L\u2019attaquante Meriame Terchoune (29\u00a0ans, 44\u00a0s\u00e9lections), partie pour Dijon en\u00a02022, confiait ainsi au \u00eatre quant aux potentielles retomb\u00e9es de l\u2019\u00e9v\u00e8nement\u00a0: temp\u00e9rait-elle au pr\u00e9alable.   Si la r\u00e9ussite du mod\u00e8le anglais est lorgn\u00e9e par ses concurrents continentaux, difficile pour la Suisse de s\u2019en inspirer. La f\u00e9d\u00e9ration suisse peut se f\u00e9liciter d\u2019accueillir l\u2019Euro f\u00e9minin le plus lucratif de l\u2019histoire, avec une dotation de l\u2019UEFA port\u00e9e \u00e0 41\u00a0millions d\u2019euros, mais elle ne doit ni griller les \u00e9tapes, ni s\u2019imaginer plus imposante qu\u2019elle ne l\u2019est en Europe. , confirme Meriam Terchoune, en utilisant la Ligue des nations comme \u00e9chelle.   Cette situation pourrait \u00e9voluer prochainement, si la Nati r\u00e9ussit son tournoi \u2013 une qualification en phase \u00e9liminatoire serait d\u00e9j\u00e0 in\u00e9dite \u2013, et si l\u2019ASF prolonge son investissement. L\u2019\u00e9closion r\u00e9cente de plusieurs joueuses prometteuses, comme la Barcelonaise Sydney Schertenleib (18\u00a0ans) ou la Lyonnaise Leila Wandeler (19\u00a0ans) \u2013 convoqu\u00e9es par Pia Sundhage \u2013 est un signe positif. Tout comme la vente de plus de 80\u00a0% des billets pour la comp\u00e9tition avant son coup d\u2019envoi. Et pour ses d\u00e9buts, mercredi face \u00e0 la Norv\u00e8ge de l\u2019ancienne Ballon d\u2019or Ada Hegerberg, la Suisse pourra compter sur un Parc Saint-Jacques \u00e0 guichets ferm\u00e9s, de quoi esp\u00e9rer pousser sa s\u00e9lection vers des sommets inexplor\u00e9s.  Valentin Baudry      S\u2019abonner   Contribuer R\u00e9utiliser ce contenu","robots":{"index":"noindex","follow":"follow","max-snippet":"max-snippet:-1","max-image-preview":"max-image-preview:large","max-video-preview":"max-video-preview:-1"},"og_locale":"fr_FR","og_type":"article","og_title":"La Suisse accueille l\u2019Euro 2025\u00a0f\u00e9minin de football, qu\u2019elle esp\u00e8re fondateur - vof-news.eu","og_description":"Est-ce dans l\u2019espoir d\u2019y prendre du relief que l\u2019\u00e9quipe de Suisse f\u00e9minine de football s\u2019est nich\u00e9e, ces derni\u00e8res semaines, \u00e0 Thoune, Macolin ou Saint-Gall, au pied des montagnes\u00a0? H\u00f4te de l\u2019Euro f\u00e9minin de football \u2013 du 2\u00a0au 27\u00a0juillet \u2013, la s\u00e9lection helv\u00e8te est fort attendue, elle qui n\u2019a jusque-l\u00e0 jamais d\u00e9pass\u00e9 la phase de groupes.   Avant son match d\u2019ouverture contre la Norv\u00e8ge, mercredi 2\u00a0juillet \u00e0 21\u00a0heures au Parc Saint-Jacques de B\u00e2le, la Nati a mis fin \u00e0 une pesante s\u00e9rie de huit matchs cons\u00e9cutifs sans succ\u00e8s, en s\u2019imposant en amical face \u00e0 la R\u00e9publique tch\u00e8que (4-1). De quoi aborder plus sereinement un p\u00e9rilleux championnat d\u2019Europe, pour lequel l\u2019Association suisse de football (ASF) s\u2019est rigoureusement pr\u00e9par\u00e9e. D\u00e8s l\u2019obtention des festivit\u00e9s, en avril\u00a02023. La f\u00e9d\u00e9ration helv\u00e8te s\u2019est donn\u00e9 pour mission de , un mantra r\u00e9p\u00e9t\u00e9 par Dominique Blanc, son pr\u00e9sident depuis six ans. Tout, ou presque, \u00e9tait alors \u00e0 revoir dans la copie de la Nati, dont les r\u00eanes ont \u00e9t\u00e9 confi\u00e9es \u00e0 Pia Sundhage, pionni\u00e8re su\u00e9doise du ballon rond. L\u2019ancienne s\u00e9lectionneuse de plusieurs mastodontes internationaux (les Etats-Unis de 2008\u00a0\u00e0 2012, et le Br\u00e9sil de 2019\u00a0\u00e0 2023) s\u2019est dite , autant que Dominique Blanc, qui voyait dans sa nomination, en janvier\u00a02024, \u00ab\u00a0Cr\u00e9er rapidement quelque chose de ph\u00e9nom\u00e9nal\u00a0\u00bb La tacticienne scandinave, vainqueure crampons aux pieds de la comp\u00e9tition continentale en\u00a01984, doit notamment aider \u00e0 atteindre l\u2019objectif de doubler les effectifs f\u00e9minins du football helv\u00e8te d\u2019ici 2027 \u2013 aussi bien concernant les 40\u00a0000\u00a0licenci\u00e9es actuelles, que les 134\u00a0arbitres f\u00e9minines. , garantissait Pia Sundhage \u00e0 son arriv\u00e9e. Une vive ambition qu\u2019elle tente d\u2019inculquer \u00e0 ses troupes, qu\u2019elle jugeait alors , apr\u00e8s leur rel\u00e9gation dans le groupe B de la Ligue des nations, d\u00e9but juin.  Une t\u00e2che d\u00e9licate pour la 23e nation au classement de la F\u00e9d\u00e9ration internationale (FIFA), engag\u00e9e dans une phase de d\u00e9veloppement. Si une jeunesse talentueuse renforce progressivement les rangs helv\u00e8tes, les cadres de la Nati restent majoritairement exil\u00e9es dans des championnats \u00e9trangers. Seules cinq des 23\u00a0joueuses s\u00e9lectionn\u00e9es par Pia Sundhage pour la comp\u00e9tition \u00e9voluaient cette saison dans la Women\u2019s Super League helv\u00e8te, et deux d\u2019entre elles \u2013 Iman Beney (18\u00a0ans) et Noemi Ivelj (18\u00a0ans) \u2013 joueront l\u2019an prochain en Angleterre et en Allemagne. \u00ab\u00a0Encore un grand \u00e9cart entre les s\u00e9lections\u00a0\u00bb Cette vague de d\u00e9parts pr\u00e9matur\u00e9s, comme souvent dans les ligues europ\u00e9ennes mineures, r\u00e9sulte surtout d\u2019une rude concurrence et de faibles moyens allou\u00e9s aux clubs, qui peinent toujours \u00e0 franchir pleinement le cap de la professionnalisation. Aussi les joueuses helv\u00e8tes les plus exp\u00e9riment\u00e9es restent lucides face aux promesses de l\u2019ASF. L\u2019attaquante Meriame Terchoune (29\u00a0ans, 44\u00a0s\u00e9lections), partie pour Dijon en\u00a02022, confiait ainsi au \u00eatre quant aux potentielles retomb\u00e9es de l\u2019\u00e9v\u00e8nement\u00a0: temp\u00e9rait-elle au pr\u00e9alable.   Si la r\u00e9ussite du mod\u00e8le anglais est lorgn\u00e9e par ses concurrents continentaux, difficile pour la Suisse de s\u2019en inspirer. La f\u00e9d\u00e9ration suisse peut se f\u00e9liciter d\u2019accueillir l\u2019Euro f\u00e9minin le plus lucratif de l\u2019histoire, avec une dotation de l\u2019UEFA port\u00e9e \u00e0 41\u00a0millions d\u2019euros, mais elle ne doit ni griller les \u00e9tapes, ni s\u2019imaginer plus imposante qu\u2019elle ne l\u2019est en Europe. , confirme Meriam Terchoune, en utilisant la Ligue des nations comme \u00e9chelle.   Cette situation pourrait \u00e9voluer prochainement, si la Nati r\u00e9ussit son tournoi \u2013 une qualification en phase \u00e9liminatoire serait d\u00e9j\u00e0 in\u00e9dite \u2013, et si l\u2019ASF prolonge son investissement. L\u2019\u00e9closion r\u00e9cente de plusieurs joueuses prometteuses, comme la Barcelonaise Sydney Schertenleib (18\u00a0ans) ou la Lyonnaise Leila Wandeler (19\u00a0ans) \u2013 convoqu\u00e9es par Pia Sundhage \u2013 est un signe positif. Tout comme la vente de plus de 80\u00a0% des billets pour la comp\u00e9tition avant son coup d\u2019envoi. Et pour ses d\u00e9buts, mercredi face \u00e0 la Norv\u00e8ge de l\u2019ancienne Ballon d\u2019or Ada Hegerberg, la Suisse pourra compter sur un Parc Saint-Jacques \u00e0 guichets ferm\u00e9s, de quoi esp\u00e9rer pousser sa s\u00e9lection vers des sommets inexplor\u00e9s.  Valentin Baudry      S\u2019abonner   Contribuer R\u00e9utiliser ce contenu","og_url":"https:\/\/vof-news.eu\/fr\/la-suisse-accueille-leuro-2025-feminin-de-football-quelle-espere-fondateur\/","og_site_name":"vof-news.eu","article_published_time":"2025-07-02T12:34:40+00:00","article_modified_time":"2025-07-02T12:35:15+00:00","og_image":[{"width":664,"height":443,"url":"https:\/\/vof-news.eu\/wp-content\/uploads\/2025\/07\/97e8af2_ftp-import-images-1-2uz5gw4a0twu-5260901-01-06.jpg","type":"image\/jpeg"}],"author":"Author","twitter_card":"summary_large_image","twitter_misc":{"\u00c9crit par":"Author","Dur\u00e9e de lecture estim\u00e9e":"4 minutes"},"schema":{"@context":"https:\/\/schema.org","@graph":[{"@type":"WebPage","@id":"https:\/\/vof-news.eu\/fr\/la-suisse-accueille-leuro-2025-feminin-de-football-quelle-espere-fondateur\/","url":"https:\/\/vof-news.eu\/fr\/la-suisse-accueille-leuro-2025-feminin-de-football-quelle-espere-fondateur\/","name":"La Suisse accueille l\u2019Euro 2025\u00a0f\u00e9minin de football, qu\u2019elle esp\u00e8re fondateur - vof-news.eu","isPartOf":{"@id":"https:\/\/vof-news.eu\/fr\/#website"},"primaryImageOfPage":{"@id":"https:\/\/vof-news.eu\/fr\/la-suisse-accueille-leuro-2025-feminin-de-football-quelle-espere-fondateur\/#primaryimage"},"image":{"@id":"https:\/\/vof-news.eu\/fr\/la-suisse-accueille-leuro-2025-feminin-de-football-quelle-espere-fondateur\/#primaryimage"},"thumbnailUrl":"https:\/\/vof-news.eu\/wp-content\/uploads\/2025\/07\/97e8af2_ftp-import-images-1-2uz5gw4a0twu-5260901-01-06.jpg","datePublished":"2025-07-02T12:34:40+00:00","dateModified":"2025-07-02T12:35:15+00:00","author":{"@id":"https:\/\/vof-news.eu\/fr\/#\/schema\/person\/f6a2a4309f0561835797fd8c19b333ed"},"description":"Est-ce dans l\u2019espoir d\u2019y prendre du relief que l\u2019\u00e9quipe de Suisse f\u00e9minine de football s\u2019est nich\u00e9e, ces derni\u00e8res semaines, \u00e0 Thoune, Macolin ou Saint-Gall, au pied des montagnes\u00a0? H\u00f4te de l\u2019Euro f\u00e9minin de football \u2013 du 2\u00a0au 27\u00a0juillet \u2013, la s\u00e9lection helv\u00e8te est fort attendue, elle qui n\u2019a jusque-l\u00e0 jamais d\u00e9pass\u00e9 la phase de groupes. Avant son match d\u2019ouverture contre la Norv\u00e8ge, mercredi 2\u00a0juillet \u00e0 21\u00a0heures au Parc Saint-Jacques de B\u00e2le, la Nati a mis fin \u00e0 une pesante s\u00e9rie de huit matchs cons\u00e9cutifs sans succ\u00e8s, en s\u2019imposant en amical face \u00e0 la R\u00e9publique tch\u00e8que (4-1). De quoi aborder plus sereinement un p\u00e9rilleux championnat d\u2019Europe, pour lequel l\u2019Association suisse de football (ASF) s\u2019est rigoureusement pr\u00e9par\u00e9e. D\u00e8s l\u2019obtention des festivit\u00e9s, en avril\u00a02023. La f\u00e9d\u00e9ration helv\u00e8te s\u2019est donn\u00e9 pour mission de , un mantra r\u00e9p\u00e9t\u00e9 par Dominique Blanc, son pr\u00e9sident depuis six ans. Tout, ou presque, \u00e9tait alors \u00e0 revoir dans la copie de la Nati, dont les r\u00eanes ont \u00e9t\u00e9 confi\u00e9es \u00e0 Pia Sundhage, pionni\u00e8re su\u00e9doise du ballon rond. L\u2019ancienne s\u00e9lectionneuse de plusieurs mastodontes internationaux (les Etats-Unis de 2008\u00a0\u00e0 2012, et le Br\u00e9sil de 2019\u00a0\u00e0 2023) s\u2019est dite , autant que Dominique Blanc, qui voyait dans sa nomination, en janvier\u00a02024, \u00ab\u00a0Cr\u00e9er rapidement quelque chose de ph\u00e9nom\u00e9nal\u00a0\u00bb La tacticienne scandinave, vainqueure crampons aux pieds de la comp\u00e9tition continentale en\u00a01984, doit notamment aider \u00e0 atteindre l\u2019objectif de doubler les effectifs f\u00e9minins du football helv\u00e8te d\u2019ici 2027 \u2013 aussi bien concernant les 40\u00a0000\u00a0licenci\u00e9es actuelles, que les 134\u00a0arbitres f\u00e9minines. , garantissait Pia Sundhage \u00e0 son arriv\u00e9e. Une vive ambition qu\u2019elle tente d\u2019inculquer \u00e0 ses troupes, qu\u2019elle jugeait alors , apr\u00e8s leur rel\u00e9gation dans le groupe B de la Ligue des nations, d\u00e9but juin. Une t\u00e2che d\u00e9licate pour la 23e nation au classement de la F\u00e9d\u00e9ration internationale (FIFA), engag\u00e9e dans une phase de d\u00e9veloppement. Si une jeunesse talentueuse renforce progressivement les rangs helv\u00e8tes, les cadres de la Nati restent majoritairement exil\u00e9es dans des championnats \u00e9trangers. Seules cinq des 23\u00a0joueuses s\u00e9lectionn\u00e9es par Pia Sundhage pour la comp\u00e9tition \u00e9voluaient cette saison dans la Women\u2019s Super League helv\u00e8te, et deux d\u2019entre elles \u2013 Iman Beney (18\u00a0ans) et Noemi Ivelj (18\u00a0ans) \u2013 joueront l\u2019an prochain en Angleterre et en Allemagne. \u00ab\u00a0Encore un grand \u00e9cart entre les s\u00e9lections\u00a0\u00bb Cette vague de d\u00e9parts pr\u00e9matur\u00e9s, comme souvent dans les ligues europ\u00e9ennes mineures, r\u00e9sulte surtout d\u2019une rude concurrence et de faibles moyens allou\u00e9s aux clubs, qui peinent toujours \u00e0 franchir pleinement le cap de la professionnalisation. Aussi les joueuses helv\u00e8tes les plus exp\u00e9riment\u00e9es restent lucides face aux promesses de l\u2019ASF. L\u2019attaquante Meriame Terchoune (29\u00a0ans, 44\u00a0s\u00e9lections), partie pour Dijon en\u00a02022, confiait ainsi au \u00eatre quant aux potentielles retomb\u00e9es de l\u2019\u00e9v\u00e8nement\u00a0: temp\u00e9rait-elle au pr\u00e9alable. Si la r\u00e9ussite du mod\u00e8le anglais est lorgn\u00e9e par ses concurrents continentaux, difficile pour la Suisse de s\u2019en inspirer. La f\u00e9d\u00e9ration suisse peut se f\u00e9liciter d\u2019accueillir l\u2019Euro f\u00e9minin le plus lucratif de l\u2019histoire, avec une dotation de l\u2019UEFA port\u00e9e \u00e0 41\u00a0millions d\u2019euros, mais elle ne doit ni griller les \u00e9tapes, ni s\u2019imaginer plus imposante qu\u2019elle ne l\u2019est en Europe. , confirme Meriam Terchoune, en utilisant la Ligue des nations comme \u00e9chelle. Cette situation pourrait \u00e9voluer prochainement, si la Nati r\u00e9ussit son tournoi \u2013 une qualification en phase \u00e9liminatoire serait d\u00e9j\u00e0 in\u00e9dite \u2013, et si l\u2019ASF prolonge son investissement. L\u2019\u00e9closion r\u00e9cente de plusieurs joueuses prometteuses, comme la Barcelonaise Sydney Schertenleib (18\u00a0ans) ou la Lyonnaise Leila Wandeler (19\u00a0ans) \u2013 convoqu\u00e9es par Pia Sundhage \u2013 est un signe positif. Tout comme la vente de plus de 80\u00a0% des billets pour la comp\u00e9tition avant son coup d\u2019envoi. Et pour ses d\u00e9buts, mercredi face \u00e0 la Norv\u00e8ge de l\u2019ancienne Ballon d\u2019or Ada Hegerberg, la Suisse pourra compter sur un Parc Saint-Jacques \u00e0 guichets ferm\u00e9s, de quoi esp\u00e9rer pousser sa s\u00e9lection vers des sommets inexplor\u00e9s. Valentin Baudry S\u2019abonner Contribuer R\u00e9utiliser ce contenu","breadcrumb":{"@id":"https:\/\/vof-news.eu\/fr\/la-suisse-accueille-leuro-2025-feminin-de-football-quelle-espere-fondateur\/#breadcrumb"},"inLanguage":"fr-FR","potentialAction":[{"@type":"ReadAction","target":["https:\/\/vof-news.eu\/fr\/la-suisse-accueille-leuro-2025-feminin-de-football-quelle-espere-fondateur\/"]}]},{"@type":"ImageObject","inLanguage":"fr-FR","@id":"https:\/\/vof-news.eu\/fr\/la-suisse-accueille-leuro-2025-feminin-de-football-quelle-espere-fondateur\/#primaryimage","url":"https:\/\/vof-news.eu\/wp-content\/uploads\/2025\/07\/97e8af2_ftp-import-images-1-2uz5gw4a0twu-5260901-01-06.jpg","contentUrl":"https:\/\/vof-news.eu\/wp-content\/uploads\/2025\/07\/97e8af2_ftp-import-images-1-2uz5gw4a0twu-5260901-01-06.jpg","width":664,"height":443},{"@type":"BreadcrumbList","@id":"https:\/\/vof-news.eu\/fr\/la-suisse-accueille-leuro-2025-feminin-de-football-quelle-espere-fondateur\/#breadcrumb","itemListElement":[{"@type":"ListItem","position":1,"name":"Home","item":"https:\/\/vof-news.eu\/fr\/"},{"@type":"ListItem","position":2,"name":"La Suisse accueille l\u2019Euro 2025\u00a0f\u00e9minin de football, qu\u2019elle esp\u00e8re fondateur"}]},{"@type":"WebSite","@id":"https:\/\/vof-news.eu\/fr\/#website","url":"https:\/\/vof-news.eu\/fr\/","name":"vof-news.eu","description":"","potentialAction":[{"@type":"SearchAction","target":{"@type":"EntryPoint","urlTemplate":"https:\/\/vof-news.eu\/fr\/?s={search_term_string}"},"query-input":"required name=search_term_string"}],"inLanguage":"fr-FR"},{"@type":"Person","@id":"https:\/\/vof-news.eu\/fr\/#\/schema\/person\/f6a2a4309f0561835797fd8c19b333ed","name":"Author","image":{"@type":"ImageObject","inLanguage":"fr-FR","@id":"https:\/\/vof-news.eu\/fr\/#\/schema\/person\/image\/","url":"https:\/\/secure.gravatar.com\/avatar\/b67e614b1b25b3e9c0c239efdd2fde5ab015b5affd6f1c3c85911ca4b384e790?s=96&d=mm&r=g","contentUrl":"https:\/\/secure.gravatar.com\/avatar\/b67e614b1b25b3e9c0c239efdd2fde5ab015b5affd6f1c3c85911ca4b384e790?s=96&d=mm&r=g","caption":"Author"},"sameAs":["http:\/\/vof-news.eu"],"url":"https:\/\/vof-news.eu\/fr\/author\/zwt6qxnjulxbnyg\/"}]}},"yoast_meta":{"yoast_wpseo_title":"","yoast_wpseo_metadesc":"","yoast_wpseo_canonical":""},"_links":{"self":[{"href":"https:\/\/vof-news.eu\/fr\/wp-json\/wp\/v2\/posts\/245509","targetHints":{"allow":["GET"]}}],"collection":[{"href":"https:\/\/vof-news.eu\/fr\/wp-json\/wp\/v2\/posts"}],"about":[{"href":"https:\/\/vof-news.eu\/fr\/wp-json\/wp\/v2\/types\/post"}],"author":[{"embeddable":true,"href":"https:\/\/vof-news.eu\/fr\/wp-json\/wp\/v2\/users\/1"}],"replies":[{"embeddable":true,"href":"https:\/\/vof-news.eu\/fr\/wp-json\/wp\/v2\/comments?post=245509"}],"version-history":[{"count":1,"href":"https:\/\/vof-news.eu\/fr\/wp-json\/wp\/v2\/posts\/245509\/revisions"}],"predecessor-version":[{"id":245516,"href":"https:\/\/vof-news.eu\/fr\/wp-json\/wp\/v2\/posts\/245509\/revisions\/245516"}],"wp:featuredmedia":[{"embeddable":true,"href":"https:\/\/vof-news.eu\/fr\/wp-json\/wp\/v2\/media\/245510"}],"wp:attachment":[{"href":"https:\/\/vof-news.eu\/fr\/wp-json\/wp\/v2\/media?parent=245509"}],"wp:term":[{"taxonomy":"category","embeddable":true,"href":"https:\/\/vof-news.eu\/fr\/wp-json\/wp\/v2\/categories?post=245509"},{"taxonomy":"post_tag","embeddable":true,"href":"https:\/\/vof-news.eu\/fr\/wp-json\/wp\/v2\/tags?post=245509"}],"curies":[{"name":"wp","href":"https:\/\/api.w.org\/{rel}","templated":true}]}}