{"id":245493,"date":"2025-07-02T15:33:00","date_gmt":"2025-07-02T12:33:00","guid":{"rendered":"https:\/\/vof-news.eu\/nouvelle-caledonie-les-republicains-a-loffensive-contre-une-independance-de-larchipel\/"},"modified":"2025-07-02T15:33:16","modified_gmt":"2025-07-02T12:33:16","slug":"nouvelle-caledonie-les-republicains-a-loffensive-contre-une-independance-de-larchipel","status":"publish","type":"post","link":"https:\/\/vof-news.eu\/fr\/nouvelle-caledonie-les-republicains-a-loffensive-contre-une-independance-de-larchipel\/","title":{"rendered":"Nouvelle-Cal\u00e9donie\u00a0: Les R\u00e9publicains \u00e0 l\u2019offensive contre une ind\u00e9pendance de l\u2019archipel"},"content":{"rendered":"<article>\n<p>Sur ce sujet au moins, Laurent Wauquiez ne d\u00e9vie jamais. assure le patron des d\u00e9put\u00e9s Les R\u00e9publicains (LR) \u00e0 l\u2019Assembl\u00e9e nationale interrog\u00e9, lundi 30\u00a0juin, par la cha\u00eene Outre-Mer la 1<sup>\u00e8re<\/sup>. En\u00a02019, il promettait m\u00eame \u2013 depuis Noum\u00e9a \u2013 pour  en cas d\u2019une victoire duouiau r\u00e9f\u00e9rendum sur l\u2019ind\u00e9pendance de l\u2019archipel.<\/p>\n<p>Dans son parti, le d\u00e9put\u00e9 de la Haute-Loire est l\u2019un des rares pontes LR \u00e0 suivre de tr\u00e8s pr\u00e8s le dossier n\u00e9o-cal\u00e9donien. Virginie Ruffenach, cheffe du groupe Le\u00a0Rassemblement-Les\u00a0R\u00e9publicains au Congr\u00e8s de Nouvelle-Cal\u00e9donie, admettait il y a quelques mois trouver en lui son principal interlocuteur. M.\u00a0Wauquiez doit d\u2019ailleurs se rendre sur place \u00e0 la rentr\u00e9e. D\u2019ici l\u00e0, le vaincu de l\u2019\u00e9lection pour la pr\u00e9sidence du parti LR compte bien faire entendre la voix de la droite sur le sujet. pr\u00e9vient-il. <\/p>\n<p><strong>Il vous reste 68.45% de cet article \u00e0 lire. La suite est r\u00e9serv\u00e9e aux abonn\u00e9s.<\/strong><\/p>\n<\/article>\n","protected":false},"excerpt":{"rendered":"<p>Sur ce sujet au moins, Laurent Wauquiez ne d\u00e9vie jamais. assure le patron des d\u00e9put\u00e9s Les R\u00e9publicains (LR) \u00e0 l\u2019Assembl\u00e9e nationale interrog\u00e9, lundi 30\u00a0juin, par la cha\u00eene Outre-Mer la 1\u00e8re. En\u00a02019, il promettait m\u00eame \u2013 depuis Noum\u00e9a \u2013 pour en cas d\u2019une victoire duouiau r\u00e9f\u00e9rendum sur l\u2019ind\u00e9pendance de l\u2019archipel. Dans son parti, le d\u00e9put\u00e9 de<\/p>\n","protected":false},"author":1,"featured_media":245494,"comment_status":"open","ping_status":"open","sticky":false,"template":"","format":"standard","meta":{"footnotes":""},"categories":[68],"tags":[],"class_list":["post-245493","post","type-post","status-publish","format-standard","has-post-thumbnail","hentry","category-politics-fr"],"acf":[],"yoast_head":"<!-- This site is optimized with the Yoast SEO plugin v22.9 - https:\/\/yoast.com\/wordpress\/plugins\/seo\/ -->\n<title>Nouvelle-Cal\u00e9donie\u00a0: Les R\u00e9publicains \u00e0 l\u2019offensive contre une ind\u00e9pendance de l\u2019archipel - vof-news.eu<\/title>\n<meta name=\"description\" content=\"Sur ce sujet au moins, Laurent Wauquiez ne d\u00e9vie jamais. assure le patron des d\u00e9put\u00e9s Les R\u00e9publicains (LR) \u00e0 l\u2019Assembl\u00e9e nationale interrog\u00e9, lundi 30\u00a0juin, par la cha\u00eene Outre-Mer la 1\u00e8re. En\u00a02019, il promettait m\u00eame \u2013 depuis Noum\u00e9a \u2013 pour en cas d\u2019une victoire duouiau r\u00e9f\u00e9rendum sur l\u2019ind\u00e9pendance de l\u2019archipel. Dans son parti, le d\u00e9put\u00e9 de la Haute-Loire est l\u2019un des rares pontes LR \u00e0 suivre de tr\u00e8s pr\u00e8s le dossier n\u00e9o-cal\u00e9donien. Virginie Ruffenach, cheffe du groupe Le\u00a0Rassemblement-Les\u00a0R\u00e9publicains au Congr\u00e8s de Nouvelle-Cal\u00e9donie, admettait il y a quelques mois trouver en lui son principal interlocuteur. M.\u00a0Wauquiez doit d\u2019ailleurs se rendre sur place \u00e0 la rentr\u00e9e. D\u2019ici l\u00e0, le vaincu de l\u2019\u00e9lection pour la pr\u00e9sidence du parti LR compte bien faire entendre la voix de la droite sur le sujet. pr\u00e9vient-il. Il vous reste 68.45% de cet article \u00e0 lire. La suite est r\u00e9serv\u00e9e aux abonn\u00e9s.\" \/>\n<meta name=\"robots\" content=\"noindex, follow, max-snippet:-1, max-image-preview:large, max-video-preview:-1\" \/>\n<meta property=\"og:locale\" content=\"fr_FR\" \/>\n<meta property=\"og:type\" content=\"article\" \/>\n<meta property=\"og:title\" content=\"Nouvelle-Cal\u00e9donie\u00a0: Les R\u00e9publicains \u00e0 l\u2019offensive contre une ind\u00e9pendance de l\u2019archipel - vof-news.eu\" \/>\n<meta property=\"og:description\" content=\"Sur ce sujet au moins, Laurent Wauquiez ne d\u00e9vie jamais. assure le patron des d\u00e9put\u00e9s Les R\u00e9publicains (LR) \u00e0 l\u2019Assembl\u00e9e nationale interrog\u00e9, lundi 30\u00a0juin, par la cha\u00eene Outre-Mer la 1\u00e8re. En\u00a02019, il promettait m\u00eame \u2013 depuis Noum\u00e9a \u2013 pour en cas d\u2019une victoire duouiau r\u00e9f\u00e9rendum sur l\u2019ind\u00e9pendance de l\u2019archipel. Dans son parti, le d\u00e9put\u00e9 de la Haute-Loire est l\u2019un des rares pontes LR \u00e0 suivre de tr\u00e8s pr\u00e8s le dossier n\u00e9o-cal\u00e9donien. Virginie Ruffenach, cheffe du groupe Le\u00a0Rassemblement-Les\u00a0R\u00e9publicains au Congr\u00e8s de Nouvelle-Cal\u00e9donie, admettait il y a quelques mois trouver en lui son principal interlocuteur. M.\u00a0Wauquiez doit d\u2019ailleurs se rendre sur place \u00e0 la rentr\u00e9e. D\u2019ici l\u00e0, le vaincu de l\u2019\u00e9lection pour la pr\u00e9sidence du parti LR compte bien faire entendre la voix de la droite sur le sujet. pr\u00e9vient-il. Il vous reste 68.45% de cet article \u00e0 lire. La suite est r\u00e9serv\u00e9e aux abonn\u00e9s.\" \/>\n<meta property=\"og:url\" content=\"https:\/\/vof-news.eu\/fr\/nouvelle-caledonie-les-republicains-a-loffensive-contre-une-independance-de-larchipel\/\" \/>\n<meta property=\"og:site_name\" content=\"vof-news.eu\" \/>\n<meta property=\"article:published_time\" content=\"2025-07-02T12:33:00+00:00\" \/>\n<meta property=\"article:modified_time\" content=\"2025-07-02T12:33:16+00:00\" \/>\n<meta property=\"og:image\" content=\"https:\/\/vof-news.eu\/wp-content\/uploads\/2025\/07\/4de1fae_upload-1-s75z8lcbnr8k-jmug250701100.jpg\" \/>\n\t<meta property=\"og:image:width\" content=\"664\" \/>\n\t<meta property=\"og:image:height\" content=\"443\" \/>\n\t<meta property=\"og:image:type\" content=\"image\/jpeg\" \/>\n<meta name=\"author\" content=\"Author\" \/>\n<meta name=\"twitter:card\" content=\"summary_large_image\" \/>\n<meta name=\"twitter:label1\" content=\"\u00c9crit par\" \/>\n\t<meta name=\"twitter:data1\" content=\"Author\" \/>\n\t<meta name=\"twitter:label2\" content=\"Dur\u00e9e de lecture estim\u00e9e\" \/>\n\t<meta name=\"twitter:data2\" content=\"1 minute\" \/>\n<script type=\"application\/ld+json\" class=\"yoast-schema-graph\">{\"@context\":\"https:\/\/schema.org\",\"@graph\":[{\"@type\":\"WebPage\",\"@id\":\"https:\/\/vof-news.eu\/fr\/nouvelle-caledonie-les-republicains-a-loffensive-contre-une-independance-de-larchipel\/\",\"url\":\"https:\/\/vof-news.eu\/fr\/nouvelle-caledonie-les-republicains-a-loffensive-contre-une-independance-de-larchipel\/\",\"name\":\"Nouvelle-Cal\u00e9donie\u00a0: Les R\u00e9publicains \u00e0 l\u2019offensive contre une ind\u00e9pendance de l\u2019archipel - vof-news.eu\",\"isPartOf\":{\"@id\":\"https:\/\/vof-news.eu\/fr\/#website\"},\"primaryImageOfPage\":{\"@id\":\"https:\/\/vof-news.eu\/fr\/nouvelle-caledonie-les-republicains-a-loffensive-contre-une-independance-de-larchipel\/#primaryimage\"},\"image\":{\"@id\":\"https:\/\/vof-news.eu\/fr\/nouvelle-caledonie-les-republicains-a-loffensive-contre-une-independance-de-larchipel\/#primaryimage\"},\"thumbnailUrl\":\"https:\/\/vof-news.eu\/wp-content\/uploads\/2025\/07\/4de1fae_upload-1-s75z8lcbnr8k-jmug250701100.jpg\",\"datePublished\":\"2025-07-02T12:33:00+00:00\",\"dateModified\":\"2025-07-02T12:33:16+00:00\",\"author\":{\"@id\":\"https:\/\/vof-news.eu\/fr\/#\/schema\/person\/f6a2a4309f0561835797fd8c19b333ed\"},\"description\":\"Sur ce sujet au moins, Laurent Wauquiez ne d\u00e9vie jamais. assure le patron des d\u00e9put\u00e9s Les R\u00e9publicains (LR) \u00e0 l\u2019Assembl\u00e9e nationale interrog\u00e9, lundi 30\u00a0juin, par la cha\u00eene Outre-Mer la 1\u00e8re. En\u00a02019, il promettait m\u00eame \u2013 depuis Noum\u00e9a \u2013 pour en cas d\u2019une victoire duouiau r\u00e9f\u00e9rendum sur l\u2019ind\u00e9pendance de l\u2019archipel. Dans son parti, le d\u00e9put\u00e9 de la Haute-Loire est l\u2019un des rares pontes LR \u00e0 suivre de tr\u00e8s pr\u00e8s le dossier n\u00e9o-cal\u00e9donien. Virginie Ruffenach, cheffe du groupe Le\u00a0Rassemblement-Les\u00a0R\u00e9publicains au Congr\u00e8s de Nouvelle-Cal\u00e9donie, admettait il y a quelques mois trouver en lui son principal interlocuteur. M.\u00a0Wauquiez doit d\u2019ailleurs se rendre sur place \u00e0 la rentr\u00e9e. D\u2019ici l\u00e0, le vaincu de l\u2019\u00e9lection pour la pr\u00e9sidence du parti LR compte bien faire entendre la voix de la droite sur le sujet. pr\u00e9vient-il. Il vous reste 68.45% de cet article \u00e0 lire. La suite est r\u00e9serv\u00e9e aux abonn\u00e9s.\",\"breadcrumb\":{\"@id\":\"https:\/\/vof-news.eu\/fr\/nouvelle-caledonie-les-republicains-a-loffensive-contre-une-independance-de-larchipel\/#breadcrumb\"},\"inLanguage\":\"fr-FR\",\"potentialAction\":[{\"@type\":\"ReadAction\",\"target\":[\"https:\/\/vof-news.eu\/fr\/nouvelle-caledonie-les-republicains-a-loffensive-contre-une-independance-de-larchipel\/\"]}]},{\"@type\":\"ImageObject\",\"inLanguage\":\"fr-FR\",\"@id\":\"https:\/\/vof-news.eu\/fr\/nouvelle-caledonie-les-republicains-a-loffensive-contre-une-independance-de-larchipel\/#primaryimage\",\"url\":\"https:\/\/vof-news.eu\/wp-content\/uploads\/2025\/07\/4de1fae_upload-1-s75z8lcbnr8k-jmug250701100.jpg\",\"contentUrl\":\"https:\/\/vof-news.eu\/wp-content\/uploads\/2025\/07\/4de1fae_upload-1-s75z8lcbnr8k-jmug250701100.jpg\",\"width\":664,\"height\":443},{\"@type\":\"BreadcrumbList\",\"@id\":\"https:\/\/vof-news.eu\/fr\/nouvelle-caledonie-les-republicains-a-loffensive-contre-une-independance-de-larchipel\/#breadcrumb\",\"itemListElement\":[{\"@type\":\"ListItem\",\"position\":1,\"name\":\"Home\",\"item\":\"https:\/\/vof-news.eu\/fr\/\"},{\"@type\":\"ListItem\",\"position\":2,\"name\":\"Nouvelle-Cal\u00e9donie\u00a0: Les R\u00e9publicains \u00e0 l\u2019offensive contre une ind\u00e9pendance de l\u2019archipel\"}]},{\"@type\":\"WebSite\",\"@id\":\"https:\/\/vof-news.eu\/fr\/#website\",\"url\":\"https:\/\/vof-news.eu\/fr\/\",\"name\":\"vof-news.eu\",\"description\":\"\",\"potentialAction\":[{\"@type\":\"SearchAction\",\"target\":{\"@type\":\"EntryPoint\",\"urlTemplate\":\"https:\/\/vof-news.eu\/fr\/?s={search_term_string}\"},\"query-input\":\"required name=search_term_string\"}],\"inLanguage\":\"fr-FR\"},{\"@type\":\"Person\",\"@id\":\"https:\/\/vof-news.eu\/fr\/#\/schema\/person\/f6a2a4309f0561835797fd8c19b333ed\",\"name\":\"Author\",\"image\":{\"@type\":\"ImageObject\",\"inLanguage\":\"fr-FR\",\"@id\":\"https:\/\/vof-news.eu\/fr\/#\/schema\/person\/image\/\",\"url\":\"https:\/\/secure.gravatar.com\/avatar\/b67e614b1b25b3e9c0c239efdd2fde5ab015b5affd6f1c3c85911ca4b384e790?s=96&d=mm&r=g\",\"contentUrl\":\"https:\/\/secure.gravatar.com\/avatar\/b67e614b1b25b3e9c0c239efdd2fde5ab015b5affd6f1c3c85911ca4b384e790?s=96&d=mm&r=g\",\"caption\":\"Author\"},\"sameAs\":[\"http:\/\/vof-news.eu\"],\"url\":\"https:\/\/vof-news.eu\/fr\/author\/zwt6qxnjulxbnyg\/\"}]}<\/script>\n<!-- \/ Yoast SEO plugin. -->","yoast_head_json":{"title":"Nouvelle-Cal\u00e9donie\u00a0: Les R\u00e9publicains \u00e0 l\u2019offensive contre une ind\u00e9pendance de l\u2019archipel - vof-news.eu","description":"Sur ce sujet au moins, Laurent Wauquiez ne d\u00e9vie jamais. assure le patron des d\u00e9put\u00e9s Les R\u00e9publicains (LR) \u00e0 l\u2019Assembl\u00e9e nationale interrog\u00e9, lundi 30\u00a0juin, par la cha\u00eene Outre-Mer la 1\u00e8re. En\u00a02019, il promettait m\u00eame \u2013 depuis Noum\u00e9a \u2013 pour en cas d\u2019une victoire duouiau r\u00e9f\u00e9rendum sur l\u2019ind\u00e9pendance de l\u2019archipel. Dans son parti, le d\u00e9put\u00e9 de la Haute-Loire est l\u2019un des rares pontes LR \u00e0 suivre de tr\u00e8s pr\u00e8s le dossier n\u00e9o-cal\u00e9donien. Virginie Ruffenach, cheffe du groupe Le\u00a0Rassemblement-Les\u00a0R\u00e9publicains au Congr\u00e8s de Nouvelle-Cal\u00e9donie, admettait il y a quelques mois trouver en lui son principal interlocuteur. M.\u00a0Wauquiez doit d\u2019ailleurs se rendre sur place \u00e0 la rentr\u00e9e. D\u2019ici l\u00e0, le vaincu de l\u2019\u00e9lection pour la pr\u00e9sidence du parti LR compte bien faire entendre la voix de la droite sur le sujet. pr\u00e9vient-il. Il vous reste 68.45% de cet article \u00e0 lire. La suite est r\u00e9serv\u00e9e aux abonn\u00e9s.","robots":{"index":"noindex","follow":"follow","max-snippet":"max-snippet:-1","max-image-preview":"max-image-preview:large","max-video-preview":"max-video-preview:-1"},"og_locale":"fr_FR","og_type":"article","og_title":"Nouvelle-Cal\u00e9donie\u00a0: Les R\u00e9publicains \u00e0 l\u2019offensive contre une ind\u00e9pendance de l\u2019archipel - vof-news.eu","og_description":"Sur ce sujet au moins, Laurent Wauquiez ne d\u00e9vie jamais. assure le patron des d\u00e9put\u00e9s Les R\u00e9publicains (LR) \u00e0 l\u2019Assembl\u00e9e nationale interrog\u00e9, lundi 30\u00a0juin, par la cha\u00eene Outre-Mer la 1\u00e8re. En\u00a02019, il promettait m\u00eame \u2013 depuis Noum\u00e9a \u2013 pour en cas d\u2019une victoire duouiau r\u00e9f\u00e9rendum sur l\u2019ind\u00e9pendance de l\u2019archipel. Dans son parti, le d\u00e9put\u00e9 de la Haute-Loire est l\u2019un des rares pontes LR \u00e0 suivre de tr\u00e8s pr\u00e8s le dossier n\u00e9o-cal\u00e9donien. Virginie Ruffenach, cheffe du groupe Le\u00a0Rassemblement-Les\u00a0R\u00e9publicains au Congr\u00e8s de Nouvelle-Cal\u00e9donie, admettait il y a quelques mois trouver en lui son principal interlocuteur. M.\u00a0Wauquiez doit d\u2019ailleurs se rendre sur place \u00e0 la rentr\u00e9e. D\u2019ici l\u00e0, le vaincu de l\u2019\u00e9lection pour la pr\u00e9sidence du parti LR compte bien faire entendre la voix de la droite sur le sujet. pr\u00e9vient-il. Il vous reste 68.45% de cet article \u00e0 lire. La suite est r\u00e9serv\u00e9e aux abonn\u00e9s.","og_url":"https:\/\/vof-news.eu\/fr\/nouvelle-caledonie-les-republicains-a-loffensive-contre-une-independance-de-larchipel\/","og_site_name":"vof-news.eu","article_published_time":"2025-07-02T12:33:00+00:00","article_modified_time":"2025-07-02T12:33:16+00:00","og_image":[{"width":664,"height":443,"url":"https:\/\/vof-news.eu\/wp-content\/uploads\/2025\/07\/4de1fae_upload-1-s75z8lcbnr8k-jmug250701100.jpg","type":"image\/jpeg"}],"author":"Author","twitter_card":"summary_large_image","twitter_misc":{"\u00c9crit par":"Author","Dur\u00e9e de lecture estim\u00e9e":"1 minute"},"schema":{"@context":"https:\/\/schema.org","@graph":[{"@type":"WebPage","@id":"https:\/\/vof-news.eu\/fr\/nouvelle-caledonie-les-republicains-a-loffensive-contre-une-independance-de-larchipel\/","url":"https:\/\/vof-news.eu\/fr\/nouvelle-caledonie-les-republicains-a-loffensive-contre-une-independance-de-larchipel\/","name":"Nouvelle-Cal\u00e9donie\u00a0: Les R\u00e9publicains \u00e0 l\u2019offensive contre une ind\u00e9pendance de l\u2019archipel - vof-news.eu","isPartOf":{"@id":"https:\/\/vof-news.eu\/fr\/#website"},"primaryImageOfPage":{"@id":"https:\/\/vof-news.eu\/fr\/nouvelle-caledonie-les-republicains-a-loffensive-contre-une-independance-de-larchipel\/#primaryimage"},"image":{"@id":"https:\/\/vof-news.eu\/fr\/nouvelle-caledonie-les-republicains-a-loffensive-contre-une-independance-de-larchipel\/#primaryimage"},"thumbnailUrl":"https:\/\/vof-news.eu\/wp-content\/uploads\/2025\/07\/4de1fae_upload-1-s75z8lcbnr8k-jmug250701100.jpg","datePublished":"2025-07-02T12:33:00+00:00","dateModified":"2025-07-02T12:33:16+00:00","author":{"@id":"https:\/\/vof-news.eu\/fr\/#\/schema\/person\/f6a2a4309f0561835797fd8c19b333ed"},"description":"Sur ce sujet au moins, Laurent Wauquiez ne d\u00e9vie jamais. assure le patron des d\u00e9put\u00e9s Les R\u00e9publicains (LR) \u00e0 l\u2019Assembl\u00e9e nationale interrog\u00e9, lundi 30\u00a0juin, par la cha\u00eene Outre-Mer la 1\u00e8re. En\u00a02019, il promettait m\u00eame \u2013 depuis Noum\u00e9a \u2013 pour en cas d\u2019une victoire duouiau r\u00e9f\u00e9rendum sur l\u2019ind\u00e9pendance de l\u2019archipel. Dans son parti, le d\u00e9put\u00e9 de la Haute-Loire est l\u2019un des rares pontes LR \u00e0 suivre de tr\u00e8s pr\u00e8s le dossier n\u00e9o-cal\u00e9donien. Virginie Ruffenach, cheffe du groupe Le\u00a0Rassemblement-Les\u00a0R\u00e9publicains au Congr\u00e8s de Nouvelle-Cal\u00e9donie, admettait il y a quelques mois trouver en lui son principal interlocuteur. M.\u00a0Wauquiez doit d\u2019ailleurs se rendre sur place \u00e0 la rentr\u00e9e. D\u2019ici l\u00e0, le vaincu de l\u2019\u00e9lection pour la pr\u00e9sidence du parti LR compte bien faire entendre la voix de la droite sur le sujet. pr\u00e9vient-il. Il vous reste 68.45% de cet article \u00e0 lire. La suite est r\u00e9serv\u00e9e aux abonn\u00e9s.","breadcrumb":{"@id":"https:\/\/vof-news.eu\/fr\/nouvelle-caledonie-les-republicains-a-loffensive-contre-une-independance-de-larchipel\/#breadcrumb"},"inLanguage":"fr-FR","potentialAction":[{"@type":"ReadAction","target":["https:\/\/vof-news.eu\/fr\/nouvelle-caledonie-les-republicains-a-loffensive-contre-une-independance-de-larchipel\/"]}]},{"@type":"ImageObject","inLanguage":"fr-FR","@id":"https:\/\/vof-news.eu\/fr\/nouvelle-caledonie-les-republicains-a-loffensive-contre-une-independance-de-larchipel\/#primaryimage","url":"https:\/\/vof-news.eu\/wp-content\/uploads\/2025\/07\/4de1fae_upload-1-s75z8lcbnr8k-jmug250701100.jpg","contentUrl":"https:\/\/vof-news.eu\/wp-content\/uploads\/2025\/07\/4de1fae_upload-1-s75z8lcbnr8k-jmug250701100.jpg","width":664,"height":443},{"@type":"BreadcrumbList","@id":"https:\/\/vof-news.eu\/fr\/nouvelle-caledonie-les-republicains-a-loffensive-contre-une-independance-de-larchipel\/#breadcrumb","itemListElement":[{"@type":"ListItem","position":1,"name":"Home","item":"https:\/\/vof-news.eu\/fr\/"},{"@type":"ListItem","position":2,"name":"Nouvelle-Cal\u00e9donie\u00a0: Les R\u00e9publicains \u00e0 l\u2019offensive contre une ind\u00e9pendance de l\u2019archipel"}]},{"@type":"WebSite","@id":"https:\/\/vof-news.eu\/fr\/#website","url":"https:\/\/vof-news.eu\/fr\/","name":"vof-news.eu","description":"","potentialAction":[{"@type":"SearchAction","target":{"@type":"EntryPoint","urlTemplate":"https:\/\/vof-news.eu\/fr\/?s={search_term_string}"},"query-input":"required name=search_term_string"}],"inLanguage":"fr-FR"},{"@type":"Person","@id":"https:\/\/vof-news.eu\/fr\/#\/schema\/person\/f6a2a4309f0561835797fd8c19b333ed","name":"Author","image":{"@type":"ImageObject","inLanguage":"fr-FR","@id":"https:\/\/vof-news.eu\/fr\/#\/schema\/person\/image\/","url":"https:\/\/secure.gravatar.com\/avatar\/b67e614b1b25b3e9c0c239efdd2fde5ab015b5affd6f1c3c85911ca4b384e790?s=96&d=mm&r=g","contentUrl":"https:\/\/secure.gravatar.com\/avatar\/b67e614b1b25b3e9c0c239efdd2fde5ab015b5affd6f1c3c85911ca4b384e790?s=96&d=mm&r=g","caption":"Author"},"sameAs":["http:\/\/vof-news.eu"],"url":"https:\/\/vof-news.eu\/fr\/author\/zwt6qxnjulxbnyg\/"}]}},"yoast_meta":{"yoast_wpseo_title":"","yoast_wpseo_metadesc":"","yoast_wpseo_canonical":""},"_links":{"self":[{"href":"https:\/\/vof-news.eu\/fr\/wp-json\/wp\/v2\/posts\/245493","targetHints":{"allow":["GET"]}}],"collection":[{"href":"https:\/\/vof-news.eu\/fr\/wp-json\/wp\/v2\/posts"}],"about":[{"href":"https:\/\/vof-news.eu\/fr\/wp-json\/wp\/v2\/types\/post"}],"author":[{"embeddable":true,"href":"https:\/\/vof-news.eu\/fr\/wp-json\/wp\/v2\/users\/1"}],"replies":[{"embeddable":true,"href":"https:\/\/vof-news.eu\/fr\/wp-json\/wp\/v2\/comments?post=245493"}],"version-history":[{"count":1,"href":"https:\/\/vof-news.eu\/fr\/wp-json\/wp\/v2\/posts\/245493\/revisions"}],"predecessor-version":[{"id":245500,"href":"https:\/\/vof-news.eu\/fr\/wp-json\/wp\/v2\/posts\/245493\/revisions\/245500"}],"wp:featuredmedia":[{"embeddable":true,"href":"https:\/\/vof-news.eu\/fr\/wp-json\/wp\/v2\/media\/245494"}],"wp:attachment":[{"href":"https:\/\/vof-news.eu\/fr\/wp-json\/wp\/v2\/media?parent=245493"}],"wp:term":[{"taxonomy":"category","embeddable":true,"href":"https:\/\/vof-news.eu\/fr\/wp-json\/wp\/v2\/categories?post=245493"},{"taxonomy":"post_tag","embeddable":true,"href":"https:\/\/vof-news.eu\/fr\/wp-json\/wp\/v2\/tags?post=245493"}],"curies":[{"name":"wp","href":"https:\/\/api.w.org\/{rel}","templated":true}]}}