{"id":245418,"date":"2025-07-02T13:35:42","date_gmt":"2025-07-02T10:35:42","guid":{"rendered":"https:\/\/vof-news.eu\/jean-noel-barrot-sur-le-nucleaire-iranien-il-est-essentiel-que-nos-interets-de-securite-soient-pris-en-compte\/"},"modified":"2025-07-02T13:35:54","modified_gmt":"2025-07-02T10:35:54","slug":"jean-noel-barrot-sur-le-nucleaire-iranien-il-est-essentiel-que-nos-interets-de-securite-soient-pris-en-compte","status":"publish","type":"post","link":"https:\/\/vof-news.eu\/fr\/jean-noel-barrot-sur-le-nucleaire-iranien-il-est-essentiel-que-nos-interets-de-securite-soient-pris-en-compte\/","title":{"rendered":"Jean-No\u00ebl Barrot, sur le nucl\u00e9aire iranien\u00a0: \u00ab\u00a0Il est essentiel que nos int\u00e9r\u00eats de s\u00e9curit\u00e9 soient pris en compte\u00a0\u00bb"},"content":{"rendered":"<article>\n<p>Jean-No\u00ebl Barrot, ministre des affaires \u00e9trang\u00e8res fran\u00e7ais depuis septembre\u00a02024, \u00e9voque les conflits \u00e0 Gaza, en Ukraine et la situation en Iran.<\/p>\n<h3>Avec Donald Trump, l\u2019Europe est spectatrice de la puissance militaire am\u00e9ricaine. Faut-il se r\u00e9signer \u00e0 l\u2019effacement europ\u00e9en\u00a0?<\/h3>\n<p>Cessons de nous flageller\u00a0!<strong> <\/strong>Pour r\u00e9soudre la crise iranienne, la France et ses partenaires allemand et britannique disposent d\u2019un levier tr\u00e8s puissant. Par une simple lettre \u00e0 la poste, nous pouvons r\u00e9appliquer \u00e0 l\u2019Iran un embargo mondial sur les armes, les \u00e9quipements nucl\u00e9aires, les banques et les assurances qui avait \u00e9t\u00e9 lev\u00e9 il y a dix ans. Si T\u00e9h\u00e9ran se refuse \u00e0 n\u00e9gocier un encadrement strict et durable de ses activit\u00e9s nucl\u00e9aires et garantissant nos int\u00e9r\u00eats de s\u00e9curit\u00e9, nous pourrons activer ce m\u00e9canisme au cours de l\u2019\u00e9t\u00e9.<\/p>\n<p><strong>Il vous reste 92.93% de cet article \u00e0 lire. La suite est r\u00e9serv\u00e9e aux abonn\u00e9s.<\/strong><\/p>\n<\/article>\n","protected":false},"excerpt":{"rendered":"<p>Jean-No\u00ebl Barrot, ministre des affaires \u00e9trang\u00e8res fran\u00e7ais depuis septembre\u00a02024, \u00e9voque les conflits \u00e0 Gaza, en Ukraine et la situation en Iran. Avec Donald Trump, l\u2019Europe est spectatrice de la puissance militaire am\u00e9ricaine. Faut-il se r\u00e9signer \u00e0 l\u2019effacement europ\u00e9en\u00a0? Cessons de nous flageller\u00a0! Pour r\u00e9soudre la crise iranienne, la France et ses partenaires allemand et britannique<\/p>\n","protected":false},"author":1,"featured_media":245419,"comment_status":"open","ping_status":"open","sticky":false,"template":"","format":"standard","meta":{"footnotes":""},"categories":[115],"tags":[],"class_list":["post-245418","post","type-post","status-publish","format-standard","has-post-thumbnail","hentry","category-war-chronicles-fr"],"acf":[],"yoast_head":"<!-- This site is optimized with the Yoast SEO plugin v22.9 - https:\/\/yoast.com\/wordpress\/plugins\/seo\/ -->\n<title>Jean-No\u00ebl Barrot, sur le nucl\u00e9aire iranien\u00a0: \u00ab\u00a0Il est essentiel que nos int\u00e9r\u00eats de s\u00e9curit\u00e9 soient pris en compte\u00a0\u00bb - vof-news.eu<\/title>\n<meta name=\"description\" content=\"Jean-No\u00ebl Barrot, ministre des affaires \u00e9trang\u00e8res fran\u00e7ais depuis septembre\u00a02024, \u00e9voque les conflits \u00e0 Gaza, en Ukraine et la situation en Iran. Avec Donald Trump, l\u2019Europe est spectatrice de la puissance militaire am\u00e9ricaine. Faut-il se r\u00e9signer \u00e0 l\u2019effacement europ\u00e9en\u00a0? Cessons de nous flageller\u00a0! Pour r\u00e9soudre la crise iranienne, la France et ses partenaires allemand et britannique disposent d\u2019un levier tr\u00e8s puissant. Par une simple lettre \u00e0 la poste, nous pouvons r\u00e9appliquer \u00e0 l\u2019Iran un embargo mondial sur les armes, les \u00e9quipements nucl\u00e9aires, les banques et les assurances qui avait \u00e9t\u00e9 lev\u00e9 il y a dix ans. Si T\u00e9h\u00e9ran se refuse \u00e0 n\u00e9gocier un encadrement strict et durable de ses activit\u00e9s nucl\u00e9aires et garantissant nos int\u00e9r\u00eats de s\u00e9curit\u00e9, nous pourrons activer ce m\u00e9canisme au cours de l\u2019\u00e9t\u00e9. Il vous reste 92.93% de cet article \u00e0 lire. La suite est r\u00e9serv\u00e9e aux abonn\u00e9s.\" \/>\n<meta name=\"robots\" content=\"noindex, follow, max-snippet:-1, max-image-preview:large, max-video-preview:-1\" \/>\n<meta property=\"og:locale\" content=\"fr_FR\" \/>\n<meta property=\"og:type\" content=\"article\" \/>\n<meta property=\"og:title\" content=\"Jean-No\u00ebl Barrot, sur le nucl\u00e9aire iranien\u00a0: \u00ab\u00a0Il est essentiel que nos int\u00e9r\u00eats de s\u00e9curit\u00e9 soient pris en compte\u00a0\u00bb - vof-news.eu\" \/>\n<meta property=\"og:description\" content=\"Jean-No\u00ebl Barrot, ministre des affaires \u00e9trang\u00e8res fran\u00e7ais depuis septembre\u00a02024, \u00e9voque les conflits \u00e0 Gaza, en Ukraine et la situation en Iran. Avec Donald Trump, l\u2019Europe est spectatrice de la puissance militaire am\u00e9ricaine. Faut-il se r\u00e9signer \u00e0 l\u2019effacement europ\u00e9en\u00a0? Cessons de nous flageller\u00a0! Pour r\u00e9soudre la crise iranienne, la France et ses partenaires allemand et britannique disposent d\u2019un levier tr\u00e8s puissant. Par une simple lettre \u00e0 la poste, nous pouvons r\u00e9appliquer \u00e0 l\u2019Iran un embargo mondial sur les armes, les \u00e9quipements nucl\u00e9aires, les banques et les assurances qui avait \u00e9t\u00e9 lev\u00e9 il y a dix ans. Si T\u00e9h\u00e9ran se refuse \u00e0 n\u00e9gocier un encadrement strict et durable de ses activit\u00e9s nucl\u00e9aires et garantissant nos int\u00e9r\u00eats de s\u00e9curit\u00e9, nous pourrons activer ce m\u00e9canisme au cours de l\u2019\u00e9t\u00e9. Il vous reste 92.93% de cet article \u00e0 lire. La suite est r\u00e9serv\u00e9e aux abonn\u00e9s.\" \/>\n<meta property=\"og:url\" content=\"https:\/\/vof-news.eu\/fr\/jean-noel-barrot-sur-le-nucleaire-iranien-il-est-essentiel-que-nos-interets-de-securite-soient-pris-en-compte\/\" \/>\n<meta property=\"og:site_name\" content=\"vof-news.eu\" \/>\n<meta property=\"article:published_time\" content=\"2025-07-02T10:35:42+00:00\" \/>\n<meta property=\"article:modified_time\" content=\"2025-07-02T10:35:54+00:00\" \/>\n<meta property=\"og:image\" content=\"https:\/\/vof-news.eu\/wp-content\/uploads\/2025\/07\/80dee02_upload-1-vm0zhjv6v3d6-barrot-alcock-023.jpg\" \/>\n\t<meta property=\"og:image:width\" content=\"664\" \/>\n\t<meta property=\"og:image:height\" content=\"996\" \/>\n\t<meta property=\"og:image:type\" content=\"image\/jpeg\" \/>\n<meta name=\"author\" content=\"Author\" \/>\n<meta name=\"twitter:card\" content=\"summary_large_image\" \/>\n<meta name=\"twitter:label1\" content=\"\u00c9crit par\" \/>\n\t<meta name=\"twitter:data1\" content=\"Author\" \/>\n\t<meta name=\"twitter:label2\" content=\"Dur\u00e9e de lecture estim\u00e9e\" \/>\n\t<meta name=\"twitter:data2\" content=\"1 minute\" \/>\n<script type=\"application\/ld+json\" class=\"yoast-schema-graph\">{\"@context\":\"https:\/\/schema.org\",\"@graph\":[{\"@type\":\"WebPage\",\"@id\":\"https:\/\/vof-news.eu\/fr\/jean-noel-barrot-sur-le-nucleaire-iranien-il-est-essentiel-que-nos-interets-de-securite-soient-pris-en-compte\/\",\"url\":\"https:\/\/vof-news.eu\/fr\/jean-noel-barrot-sur-le-nucleaire-iranien-il-est-essentiel-que-nos-interets-de-securite-soient-pris-en-compte\/\",\"name\":\"Jean-No\u00ebl Barrot, sur le nucl\u00e9aire iranien\u00a0: \u00ab\u00a0Il est essentiel que nos int\u00e9r\u00eats de s\u00e9curit\u00e9 soient pris en compte\u00a0\u00bb - vof-news.eu\",\"isPartOf\":{\"@id\":\"https:\/\/vof-news.eu\/fr\/#website\"},\"primaryImageOfPage\":{\"@id\":\"https:\/\/vof-news.eu\/fr\/jean-noel-barrot-sur-le-nucleaire-iranien-il-est-essentiel-que-nos-interets-de-securite-soient-pris-en-compte\/#primaryimage\"},\"image\":{\"@id\":\"https:\/\/vof-news.eu\/fr\/jean-noel-barrot-sur-le-nucleaire-iranien-il-est-essentiel-que-nos-interets-de-securite-soient-pris-en-compte\/#primaryimage\"},\"thumbnailUrl\":\"https:\/\/vof-news.eu\/wp-content\/uploads\/2025\/07\/80dee02_upload-1-vm0zhjv6v3d6-barrot-alcock-023.jpg\",\"datePublished\":\"2025-07-02T10:35:42+00:00\",\"dateModified\":\"2025-07-02T10:35:54+00:00\",\"author\":{\"@id\":\"https:\/\/vof-news.eu\/fr\/#\/schema\/person\/f6a2a4309f0561835797fd8c19b333ed\"},\"description\":\"Jean-No\u00ebl Barrot, ministre des affaires \u00e9trang\u00e8res fran\u00e7ais depuis septembre\u00a02024, \u00e9voque les conflits \u00e0 Gaza, en Ukraine et la situation en Iran. Avec Donald Trump, l\u2019Europe est spectatrice de la puissance militaire am\u00e9ricaine. Faut-il se r\u00e9signer \u00e0 l\u2019effacement europ\u00e9en\u00a0? Cessons de nous flageller\u00a0! Pour r\u00e9soudre la crise iranienne, la France et ses partenaires allemand et britannique disposent d\u2019un levier tr\u00e8s puissant. Par une simple lettre \u00e0 la poste, nous pouvons r\u00e9appliquer \u00e0 l\u2019Iran un embargo mondial sur les armes, les \u00e9quipements nucl\u00e9aires, les banques et les assurances qui avait \u00e9t\u00e9 lev\u00e9 il y a dix ans. Si T\u00e9h\u00e9ran se refuse \u00e0 n\u00e9gocier un encadrement strict et durable de ses activit\u00e9s nucl\u00e9aires et garantissant nos int\u00e9r\u00eats de s\u00e9curit\u00e9, nous pourrons activer ce m\u00e9canisme au cours de l\u2019\u00e9t\u00e9. Il vous reste 92.93% de cet article \u00e0 lire. La suite est r\u00e9serv\u00e9e aux abonn\u00e9s.\",\"breadcrumb\":{\"@id\":\"https:\/\/vof-news.eu\/fr\/jean-noel-barrot-sur-le-nucleaire-iranien-il-est-essentiel-que-nos-interets-de-securite-soient-pris-en-compte\/#breadcrumb\"},\"inLanguage\":\"fr-FR\",\"potentialAction\":[{\"@type\":\"ReadAction\",\"target\":[\"https:\/\/vof-news.eu\/fr\/jean-noel-barrot-sur-le-nucleaire-iranien-il-est-essentiel-que-nos-interets-de-securite-soient-pris-en-compte\/\"]}]},{\"@type\":\"ImageObject\",\"inLanguage\":\"fr-FR\",\"@id\":\"https:\/\/vof-news.eu\/fr\/jean-noel-barrot-sur-le-nucleaire-iranien-il-est-essentiel-que-nos-interets-de-securite-soient-pris-en-compte\/#primaryimage\",\"url\":\"https:\/\/vof-news.eu\/wp-content\/uploads\/2025\/07\/80dee02_upload-1-vm0zhjv6v3d6-barrot-alcock-023.jpg\",\"contentUrl\":\"https:\/\/vof-news.eu\/wp-content\/uploads\/2025\/07\/80dee02_upload-1-vm0zhjv6v3d6-barrot-alcock-023.jpg\",\"width\":664,\"height\":996},{\"@type\":\"BreadcrumbList\",\"@id\":\"https:\/\/vof-news.eu\/fr\/jean-noel-barrot-sur-le-nucleaire-iranien-il-est-essentiel-que-nos-interets-de-securite-soient-pris-en-compte\/#breadcrumb\",\"itemListElement\":[{\"@type\":\"ListItem\",\"position\":1,\"name\":\"Home\",\"item\":\"https:\/\/vof-news.eu\/fr\/\"},{\"@type\":\"ListItem\",\"position\":2,\"name\":\"Jean-No\u00ebl Barrot, sur le nucl\u00e9aire iranien\u00a0: \u00ab\u00a0Il est essentiel que nos int\u00e9r\u00eats de s\u00e9curit\u00e9 soient pris en compte\u00a0\u00bb\"}]},{\"@type\":\"WebSite\",\"@id\":\"https:\/\/vof-news.eu\/fr\/#website\",\"url\":\"https:\/\/vof-news.eu\/fr\/\",\"name\":\"vof-news.eu\",\"description\":\"\",\"potentialAction\":[{\"@type\":\"SearchAction\",\"target\":{\"@type\":\"EntryPoint\",\"urlTemplate\":\"https:\/\/vof-news.eu\/fr\/?s={search_term_string}\"},\"query-input\":\"required name=search_term_string\"}],\"inLanguage\":\"fr-FR\"},{\"@type\":\"Person\",\"@id\":\"https:\/\/vof-news.eu\/fr\/#\/schema\/person\/f6a2a4309f0561835797fd8c19b333ed\",\"name\":\"Author\",\"image\":{\"@type\":\"ImageObject\",\"inLanguage\":\"fr-FR\",\"@id\":\"https:\/\/vof-news.eu\/fr\/#\/schema\/person\/image\/\",\"url\":\"https:\/\/secure.gravatar.com\/avatar\/b67e614b1b25b3e9c0c239efdd2fde5ab015b5affd6f1c3c85911ca4b384e790?s=96&d=mm&r=g\",\"contentUrl\":\"https:\/\/secure.gravatar.com\/avatar\/b67e614b1b25b3e9c0c239efdd2fde5ab015b5affd6f1c3c85911ca4b384e790?s=96&d=mm&r=g\",\"caption\":\"Author\"},\"sameAs\":[\"http:\/\/vof-news.eu\"],\"url\":\"https:\/\/vof-news.eu\/fr\/author\/zwt6qxnjulxbnyg\/\"}]}<\/script>\n<!-- \/ Yoast SEO plugin. -->","yoast_head_json":{"title":"Jean-No\u00ebl Barrot, sur le nucl\u00e9aire iranien\u00a0: \u00ab\u00a0Il est essentiel que nos int\u00e9r\u00eats de s\u00e9curit\u00e9 soient pris en compte\u00a0\u00bb - vof-news.eu","description":"Jean-No\u00ebl Barrot, ministre des affaires \u00e9trang\u00e8res fran\u00e7ais depuis septembre\u00a02024, \u00e9voque les conflits \u00e0 Gaza, en Ukraine et la situation en Iran. Avec Donald Trump, l\u2019Europe est spectatrice de la puissance militaire am\u00e9ricaine. Faut-il se r\u00e9signer \u00e0 l\u2019effacement europ\u00e9en\u00a0? Cessons de nous flageller\u00a0! Pour r\u00e9soudre la crise iranienne, la France et ses partenaires allemand et britannique disposent d\u2019un levier tr\u00e8s puissant. Par une simple lettre \u00e0 la poste, nous pouvons r\u00e9appliquer \u00e0 l\u2019Iran un embargo mondial sur les armes, les \u00e9quipements nucl\u00e9aires, les banques et les assurances qui avait \u00e9t\u00e9 lev\u00e9 il y a dix ans. Si T\u00e9h\u00e9ran se refuse \u00e0 n\u00e9gocier un encadrement strict et durable de ses activit\u00e9s nucl\u00e9aires et garantissant nos int\u00e9r\u00eats de s\u00e9curit\u00e9, nous pourrons activer ce m\u00e9canisme au cours de l\u2019\u00e9t\u00e9. Il vous reste 92.93% de cet article \u00e0 lire. La suite est r\u00e9serv\u00e9e aux abonn\u00e9s.","robots":{"index":"noindex","follow":"follow","max-snippet":"max-snippet:-1","max-image-preview":"max-image-preview:large","max-video-preview":"max-video-preview:-1"},"og_locale":"fr_FR","og_type":"article","og_title":"Jean-No\u00ebl Barrot, sur le nucl\u00e9aire iranien\u00a0: \u00ab\u00a0Il est essentiel que nos int\u00e9r\u00eats de s\u00e9curit\u00e9 soient pris en compte\u00a0\u00bb - vof-news.eu","og_description":"Jean-No\u00ebl Barrot, ministre des affaires \u00e9trang\u00e8res fran\u00e7ais depuis septembre\u00a02024, \u00e9voque les conflits \u00e0 Gaza, en Ukraine et la situation en Iran. Avec Donald Trump, l\u2019Europe est spectatrice de la puissance militaire am\u00e9ricaine. Faut-il se r\u00e9signer \u00e0 l\u2019effacement europ\u00e9en\u00a0? Cessons de nous flageller\u00a0! Pour r\u00e9soudre la crise iranienne, la France et ses partenaires allemand et britannique disposent d\u2019un levier tr\u00e8s puissant. Par une simple lettre \u00e0 la poste, nous pouvons r\u00e9appliquer \u00e0 l\u2019Iran un embargo mondial sur les armes, les \u00e9quipements nucl\u00e9aires, les banques et les assurances qui avait \u00e9t\u00e9 lev\u00e9 il y a dix ans. Si T\u00e9h\u00e9ran se refuse \u00e0 n\u00e9gocier un encadrement strict et durable de ses activit\u00e9s nucl\u00e9aires et garantissant nos int\u00e9r\u00eats de s\u00e9curit\u00e9, nous pourrons activer ce m\u00e9canisme au cours de l\u2019\u00e9t\u00e9. Il vous reste 92.93% de cet article \u00e0 lire. La suite est r\u00e9serv\u00e9e aux abonn\u00e9s.","og_url":"https:\/\/vof-news.eu\/fr\/jean-noel-barrot-sur-le-nucleaire-iranien-il-est-essentiel-que-nos-interets-de-securite-soient-pris-en-compte\/","og_site_name":"vof-news.eu","article_published_time":"2025-07-02T10:35:42+00:00","article_modified_time":"2025-07-02T10:35:54+00:00","og_image":[{"width":664,"height":996,"url":"https:\/\/vof-news.eu\/wp-content\/uploads\/2025\/07\/80dee02_upload-1-vm0zhjv6v3d6-barrot-alcock-023.jpg","type":"image\/jpeg"}],"author":"Author","twitter_card":"summary_large_image","twitter_misc":{"\u00c9crit par":"Author","Dur\u00e9e de lecture estim\u00e9e":"1 minute"},"schema":{"@context":"https:\/\/schema.org","@graph":[{"@type":"WebPage","@id":"https:\/\/vof-news.eu\/fr\/jean-noel-barrot-sur-le-nucleaire-iranien-il-est-essentiel-que-nos-interets-de-securite-soient-pris-en-compte\/","url":"https:\/\/vof-news.eu\/fr\/jean-noel-barrot-sur-le-nucleaire-iranien-il-est-essentiel-que-nos-interets-de-securite-soient-pris-en-compte\/","name":"Jean-No\u00ebl Barrot, sur le nucl\u00e9aire iranien\u00a0: \u00ab\u00a0Il est essentiel que nos int\u00e9r\u00eats de s\u00e9curit\u00e9 soient pris en compte\u00a0\u00bb - vof-news.eu","isPartOf":{"@id":"https:\/\/vof-news.eu\/fr\/#website"},"primaryImageOfPage":{"@id":"https:\/\/vof-news.eu\/fr\/jean-noel-barrot-sur-le-nucleaire-iranien-il-est-essentiel-que-nos-interets-de-securite-soient-pris-en-compte\/#primaryimage"},"image":{"@id":"https:\/\/vof-news.eu\/fr\/jean-noel-barrot-sur-le-nucleaire-iranien-il-est-essentiel-que-nos-interets-de-securite-soient-pris-en-compte\/#primaryimage"},"thumbnailUrl":"https:\/\/vof-news.eu\/wp-content\/uploads\/2025\/07\/80dee02_upload-1-vm0zhjv6v3d6-barrot-alcock-023.jpg","datePublished":"2025-07-02T10:35:42+00:00","dateModified":"2025-07-02T10:35:54+00:00","author":{"@id":"https:\/\/vof-news.eu\/fr\/#\/schema\/person\/f6a2a4309f0561835797fd8c19b333ed"},"description":"Jean-No\u00ebl Barrot, ministre des affaires \u00e9trang\u00e8res fran\u00e7ais depuis septembre\u00a02024, \u00e9voque les conflits \u00e0 Gaza, en Ukraine et la situation en Iran. Avec Donald Trump, l\u2019Europe est spectatrice de la puissance militaire am\u00e9ricaine. Faut-il se r\u00e9signer \u00e0 l\u2019effacement europ\u00e9en\u00a0? Cessons de nous flageller\u00a0! Pour r\u00e9soudre la crise iranienne, la France et ses partenaires allemand et britannique disposent d\u2019un levier tr\u00e8s puissant. Par une simple lettre \u00e0 la poste, nous pouvons r\u00e9appliquer \u00e0 l\u2019Iran un embargo mondial sur les armes, les \u00e9quipements nucl\u00e9aires, les banques et les assurances qui avait \u00e9t\u00e9 lev\u00e9 il y a dix ans. Si T\u00e9h\u00e9ran se refuse \u00e0 n\u00e9gocier un encadrement strict et durable de ses activit\u00e9s nucl\u00e9aires et garantissant nos int\u00e9r\u00eats de s\u00e9curit\u00e9, nous pourrons activer ce m\u00e9canisme au cours de l\u2019\u00e9t\u00e9. Il vous reste 92.93% de cet article \u00e0 lire. La suite est r\u00e9serv\u00e9e aux abonn\u00e9s.","breadcrumb":{"@id":"https:\/\/vof-news.eu\/fr\/jean-noel-barrot-sur-le-nucleaire-iranien-il-est-essentiel-que-nos-interets-de-securite-soient-pris-en-compte\/#breadcrumb"},"inLanguage":"fr-FR","potentialAction":[{"@type":"ReadAction","target":["https:\/\/vof-news.eu\/fr\/jean-noel-barrot-sur-le-nucleaire-iranien-il-est-essentiel-que-nos-interets-de-securite-soient-pris-en-compte\/"]}]},{"@type":"ImageObject","inLanguage":"fr-FR","@id":"https:\/\/vof-news.eu\/fr\/jean-noel-barrot-sur-le-nucleaire-iranien-il-est-essentiel-que-nos-interets-de-securite-soient-pris-en-compte\/#primaryimage","url":"https:\/\/vof-news.eu\/wp-content\/uploads\/2025\/07\/80dee02_upload-1-vm0zhjv6v3d6-barrot-alcock-023.jpg","contentUrl":"https:\/\/vof-news.eu\/wp-content\/uploads\/2025\/07\/80dee02_upload-1-vm0zhjv6v3d6-barrot-alcock-023.jpg","width":664,"height":996},{"@type":"BreadcrumbList","@id":"https:\/\/vof-news.eu\/fr\/jean-noel-barrot-sur-le-nucleaire-iranien-il-est-essentiel-que-nos-interets-de-securite-soient-pris-en-compte\/#breadcrumb","itemListElement":[{"@type":"ListItem","position":1,"name":"Home","item":"https:\/\/vof-news.eu\/fr\/"},{"@type":"ListItem","position":2,"name":"Jean-No\u00ebl Barrot, sur le nucl\u00e9aire iranien\u00a0: \u00ab\u00a0Il est essentiel que nos int\u00e9r\u00eats de s\u00e9curit\u00e9 soient pris en compte\u00a0\u00bb"}]},{"@type":"WebSite","@id":"https:\/\/vof-news.eu\/fr\/#website","url":"https:\/\/vof-news.eu\/fr\/","name":"vof-news.eu","description":"","potentialAction":[{"@type":"SearchAction","target":{"@type":"EntryPoint","urlTemplate":"https:\/\/vof-news.eu\/fr\/?s={search_term_string}"},"query-input":"required name=search_term_string"}],"inLanguage":"fr-FR"},{"@type":"Person","@id":"https:\/\/vof-news.eu\/fr\/#\/schema\/person\/f6a2a4309f0561835797fd8c19b333ed","name":"Author","image":{"@type":"ImageObject","inLanguage":"fr-FR","@id":"https:\/\/vof-news.eu\/fr\/#\/schema\/person\/image\/","url":"https:\/\/secure.gravatar.com\/avatar\/b67e614b1b25b3e9c0c239efdd2fde5ab015b5affd6f1c3c85911ca4b384e790?s=96&d=mm&r=g","contentUrl":"https:\/\/secure.gravatar.com\/avatar\/b67e614b1b25b3e9c0c239efdd2fde5ab015b5affd6f1c3c85911ca4b384e790?s=96&d=mm&r=g","caption":"Author"},"sameAs":["http:\/\/vof-news.eu"],"url":"https:\/\/vof-news.eu\/fr\/author\/zwt6qxnjulxbnyg\/"}]}},"yoast_meta":{"yoast_wpseo_title":"","yoast_wpseo_metadesc":"","yoast_wpseo_canonical":""},"_links":{"self":[{"href":"https:\/\/vof-news.eu\/fr\/wp-json\/wp\/v2\/posts\/245418","targetHints":{"allow":["GET"]}}],"collection":[{"href":"https:\/\/vof-news.eu\/fr\/wp-json\/wp\/v2\/posts"}],"about":[{"href":"https:\/\/vof-news.eu\/fr\/wp-json\/wp\/v2\/types\/post"}],"author":[{"embeddable":true,"href":"https:\/\/vof-news.eu\/fr\/wp-json\/wp\/v2\/users\/1"}],"replies":[{"embeddable":true,"href":"https:\/\/vof-news.eu\/fr\/wp-json\/wp\/v2\/comments?post=245418"}],"version-history":[{"count":1,"href":"https:\/\/vof-news.eu\/fr\/wp-json\/wp\/v2\/posts\/245418\/revisions"}],"predecessor-version":[{"id":245425,"href":"https:\/\/vof-news.eu\/fr\/wp-json\/wp\/v2\/posts\/245418\/revisions\/245425"}],"wp:featuredmedia":[{"embeddable":true,"href":"https:\/\/vof-news.eu\/fr\/wp-json\/wp\/v2\/media\/245419"}],"wp:attachment":[{"href":"https:\/\/vof-news.eu\/fr\/wp-json\/wp\/v2\/media?parent=245418"}],"wp:term":[{"taxonomy":"category","embeddable":true,"href":"https:\/\/vof-news.eu\/fr\/wp-json\/wp\/v2\/categories?post=245418"},{"taxonomy":"post_tag","embeddable":true,"href":"https:\/\/vof-news.eu\/fr\/wp-json\/wp\/v2\/tags?post=245418"}],"curies":[{"name":"wp","href":"https:\/\/api.w.org\/{rel}","templated":true}]}}