{"id":245400,"date":"2025-07-02T13:33:23","date_gmt":"2025-07-02T10:33:23","guid":{"rendered":"https:\/\/vof-news.eu\/ce-que-les-entreprises-font-des-aides-publiques-on-ne-sait-pas-plongee-dans-six-mois-dauditions-de-la-commission-denquete\/"},"modified":"2025-07-02T13:33:36","modified_gmt":"2025-07-02T10:33:36","slug":"ce-que-les-entreprises-font-des-aides-publiques-on-ne-sait-pas-plongee-dans-six-mois-dauditions-de-la-commission-denquete","status":"publish","type":"post","link":"https:\/\/vof-news.eu\/fr\/ce-que-les-entreprises-font-des-aides-publiques-on-ne-sait-pas-plongee-dans-six-mois-dauditions-de-la-commission-denquete\/","title":{"rendered":"\u00ab\u00a0Ce que les entreprises\u00a0font des aides publiques, on ne sait pas\u00a0\u00bb\u00a0: plong\u00e9e dans six mois d\u2019auditions de la commission d\u2019enqu\u00eate"},"content":{"rendered":"<article>\n<p>Les quelque 70\u00a0auditions \u00e9tal\u00e9es sur six mois de la commission d\u2019enqu\u00eate s\u00e9natoriale sur l\u2019utilit\u00e9 des aides publiques aux grandes entreprises ont mis au jour un certain nombre de d\u00e9bats r\u00e9currents et d\u2019enjeux-cl\u00e9s. Floril\u00e8ge des d\u00e9bats men\u00e9s par les s\u00e9nateurs Olivier Rietmann (Les R\u00e9publicains, Haute-Sa\u00f4ne), en tant que pr\u00e9sident, et Fabien Gay (Parti communiste, Seine-Saint-Denis), comme rapporteur.<\/p>\n<h3>\u00ab\u00a0Du cr\u00e9dit d\u2019imp\u00f4t recherche, les entreprises peuvent faire ce qu\u2019elles veulent\u00a0\u00bb<\/h3>\n<p> pour le PDG de Thales. Une aide  pour le directeur g\u00e9n\u00e9ral d\u2019Air liquide. Un  pour le pr\u00e9sident d\u2019ArcelorMittal. Les grands patrons, premiers d\u00e9fenseurs du cr\u00e9dit d\u2019imp\u00f4t recherche (CIR). Cette d\u00e9pense annuelle de 8\u00a0milliards d\u2019euros pour l\u2019Etat vise \u00e0 [R&amp;D][jusqu\u2019\u00e0 30\u00a0millions d\u2019euros pour 100\u00a0millions d\u2019euros de d\u00e9penses], explique Carole Maudet, sous-directrice de la direction g\u00e9n\u00e9rale des finances publiques, auditionn\u00e9e d\u00e9but mars.<\/p>\n<p>Cela a repr\u00e9sent\u00e9 171\u00a0millions d\u2019euros en\u00a02023\u00a0pour Thales, 98\u00a0millions pour Airbus, 36,4\u00a0millions pour Air liquide, 20\u00a0millions pour Vinci\u2026 Mais qui contr\u00f4le l\u2019utilit\u00e9 de cette d\u00e9pense budg\u00e9taire\u00a0? , d\u00e9veloppe M<sup>me<\/sup>\u00a0Maudet, qui constate que , ses services devant faire appel \u00e0  aux .<\/p>\n<p><strong>Il vous reste 89.22% de cet article \u00e0 lire. La suite est r\u00e9serv\u00e9e aux abonn\u00e9s.<\/strong><\/p>\n<\/article>\n","protected":false},"excerpt":{"rendered":"<p>Les quelque 70\u00a0auditions \u00e9tal\u00e9es sur six mois de la commission d\u2019enqu\u00eate s\u00e9natoriale sur l\u2019utilit\u00e9 des aides publiques aux grandes entreprises ont mis au jour un certain nombre de d\u00e9bats r\u00e9currents et d\u2019enjeux-cl\u00e9s. Floril\u00e8ge des d\u00e9bats men\u00e9s par les s\u00e9nateurs Olivier Rietmann (Les R\u00e9publicains, Haute-Sa\u00f4ne), en tant que pr\u00e9sident, et Fabien Gay (Parti communiste, Seine-Saint-Denis), comme<\/p>\n","protected":false},"author":1,"featured_media":0,"comment_status":"open","ping_status":"open","sticky":false,"template":"","format":"standard","meta":{"footnotes":""},"categories":[58],"tags":[],"class_list":["post-245400","post","type-post","status-publish","format-standard","hentry","category-business-fr"],"acf":[],"yoast_head":"<!-- This site is optimized with the Yoast SEO plugin v22.9 - https:\/\/yoast.com\/wordpress\/plugins\/seo\/ -->\n<title>\u00ab\u00a0Ce que les entreprises\u00a0font des aides publiques, on ne sait pas\u00a0\u00bb\u00a0: plong\u00e9e dans six mois d\u2019auditions de la commission d\u2019enqu\u00eate - vof-news.eu<\/title>\n<meta name=\"description\" content=\"Les quelque 70\u00a0auditions \u00e9tal\u00e9es sur six mois de la commission d\u2019enqu\u00eate s\u00e9natoriale sur l\u2019utilit\u00e9 des aides publiques aux grandes entreprises ont mis au jour un certain nombre de d\u00e9bats r\u00e9currents et d\u2019enjeux-cl\u00e9s. Floril\u00e8ge des d\u00e9bats men\u00e9s par les s\u00e9nateurs Olivier Rietmann (Les R\u00e9publicains, Haute-Sa\u00f4ne), en tant que pr\u00e9sident, et Fabien Gay (Parti communiste, Seine-Saint-Denis), comme rapporteur. \u00ab\u00a0Du cr\u00e9dit d\u2019imp\u00f4t recherche, les entreprises peuvent faire ce qu\u2019elles veulent\u00a0\u00bb pour le PDG de Thales. Une aide pour le directeur g\u00e9n\u00e9ral d\u2019Air liquide. Un pour le pr\u00e9sident d\u2019ArcelorMittal. Les grands patrons, premiers d\u00e9fenseurs du cr\u00e9dit d\u2019imp\u00f4t recherche (CIR). Cette d\u00e9pense annuelle de 8\u00a0milliards d\u2019euros pour l\u2019Etat vise \u00e0 [R&amp;D][jusqu\u2019\u00e0 30\u00a0millions d\u2019euros pour 100\u00a0millions d\u2019euros de d\u00e9penses], explique Carole Maudet, sous-directrice de la direction g\u00e9n\u00e9rale des finances publiques, auditionn\u00e9e d\u00e9but mars. Cela a repr\u00e9sent\u00e9 171\u00a0millions d\u2019euros en\u00a02023\u00a0pour Thales, 98\u00a0millions pour Airbus, 36,4\u00a0millions pour Air liquide, 20\u00a0millions pour Vinci\u2026 Mais qui contr\u00f4le l\u2019utilit\u00e9 de cette d\u00e9pense budg\u00e9taire\u00a0? , d\u00e9veloppe Mme\u00a0Maudet, qui constate que , ses services devant faire appel \u00e0 aux . Il vous reste 89.22% de cet article \u00e0 lire. La suite est r\u00e9serv\u00e9e aux abonn\u00e9s.\" \/>\n<meta name=\"robots\" content=\"noindex, follow, max-snippet:-1, max-image-preview:large, max-video-preview:-1\" \/>\n<meta property=\"og:locale\" content=\"fr_FR\" \/>\n<meta property=\"og:type\" content=\"article\" \/>\n<meta property=\"og:title\" content=\"\u00ab\u00a0Ce que les entreprises\u00a0font des aides publiques, on ne sait pas\u00a0\u00bb\u00a0: plong\u00e9e dans six mois d\u2019auditions de la commission d\u2019enqu\u00eate - vof-news.eu\" \/>\n<meta property=\"og:description\" content=\"Les quelque 70\u00a0auditions \u00e9tal\u00e9es sur six mois de la commission d\u2019enqu\u00eate s\u00e9natoriale sur l\u2019utilit\u00e9 des aides publiques aux grandes entreprises ont mis au jour un certain nombre de d\u00e9bats r\u00e9currents et d\u2019enjeux-cl\u00e9s. Floril\u00e8ge des d\u00e9bats men\u00e9s par les s\u00e9nateurs Olivier Rietmann (Les R\u00e9publicains, Haute-Sa\u00f4ne), en tant que pr\u00e9sident, et Fabien Gay (Parti communiste, Seine-Saint-Denis), comme rapporteur. \u00ab\u00a0Du cr\u00e9dit d\u2019imp\u00f4t recherche, les entreprises peuvent faire ce qu\u2019elles veulent\u00a0\u00bb pour le PDG de Thales. Une aide pour le directeur g\u00e9n\u00e9ral d\u2019Air liquide. Un pour le pr\u00e9sident d\u2019ArcelorMittal. Les grands patrons, premiers d\u00e9fenseurs du cr\u00e9dit d\u2019imp\u00f4t recherche (CIR). Cette d\u00e9pense annuelle de 8\u00a0milliards d\u2019euros pour l\u2019Etat vise \u00e0 [R&amp;D][jusqu\u2019\u00e0 30\u00a0millions d\u2019euros pour 100\u00a0millions d\u2019euros de d\u00e9penses], explique Carole Maudet, sous-directrice de la direction g\u00e9n\u00e9rale des finances publiques, auditionn\u00e9e d\u00e9but mars. Cela a repr\u00e9sent\u00e9 171\u00a0millions d\u2019euros en\u00a02023\u00a0pour Thales, 98\u00a0millions pour Airbus, 36,4\u00a0millions pour Air liquide, 20\u00a0millions pour Vinci\u2026 Mais qui contr\u00f4le l\u2019utilit\u00e9 de cette d\u00e9pense budg\u00e9taire\u00a0? , d\u00e9veloppe Mme\u00a0Maudet, qui constate que , ses services devant faire appel \u00e0 aux . Il vous reste 89.22% de cet article \u00e0 lire. La suite est r\u00e9serv\u00e9e aux abonn\u00e9s.\" \/>\n<meta property=\"og:url\" content=\"https:\/\/vof-news.eu\/fr\/ce-que-les-entreprises-font-des-aides-publiques-on-ne-sait-pas-plongee-dans-six-mois-dauditions-de-la-commission-denquete\/\" \/>\n<meta property=\"og:site_name\" content=\"vof-news.eu\" \/>\n<meta property=\"article:published_time\" content=\"2025-07-02T10:33:23+00:00\" \/>\n<meta property=\"article:modified_time\" content=\"2025-07-02T10:33:36+00:00\" \/>\n<meta name=\"author\" content=\"Author\" \/>\n<meta name=\"twitter:card\" content=\"summary_large_image\" \/>\n<meta name=\"twitter:label1\" content=\"\u00c9crit par\" \/>\n\t<meta name=\"twitter:data1\" content=\"Author\" \/>\n\t<meta name=\"twitter:label2\" content=\"Dur\u00e9e de lecture estim\u00e9e\" \/>\n\t<meta name=\"twitter:data2\" content=\"1 minute\" \/>\n<script type=\"application\/ld+json\" class=\"yoast-schema-graph\">{\"@context\":\"https:\/\/schema.org\",\"@graph\":[{\"@type\":\"WebPage\",\"@id\":\"https:\/\/vof-news.eu\/fr\/ce-que-les-entreprises-font-des-aides-publiques-on-ne-sait-pas-plongee-dans-six-mois-dauditions-de-la-commission-denquete\/\",\"url\":\"https:\/\/vof-news.eu\/fr\/ce-que-les-entreprises-font-des-aides-publiques-on-ne-sait-pas-plongee-dans-six-mois-dauditions-de-la-commission-denquete\/\",\"name\":\"\u00ab\u00a0Ce que les entreprises\u00a0font des aides publiques, on ne sait pas\u00a0\u00bb\u00a0: plong\u00e9e dans six mois d\u2019auditions de la commission d\u2019enqu\u00eate - vof-news.eu\",\"isPartOf\":{\"@id\":\"https:\/\/vof-news.eu\/fr\/#website\"},\"datePublished\":\"2025-07-02T10:33:23+00:00\",\"dateModified\":\"2025-07-02T10:33:36+00:00\",\"author\":{\"@id\":\"https:\/\/vof-news.eu\/fr\/#\/schema\/person\/f6a2a4309f0561835797fd8c19b333ed\"},\"description\":\"Les quelque 70\u00a0auditions \u00e9tal\u00e9es sur six mois de la commission d\u2019enqu\u00eate s\u00e9natoriale sur l\u2019utilit\u00e9 des aides publiques aux grandes entreprises ont mis au jour un certain nombre de d\u00e9bats r\u00e9currents et d\u2019enjeux-cl\u00e9s. Floril\u00e8ge des d\u00e9bats men\u00e9s par les s\u00e9nateurs Olivier Rietmann (Les R\u00e9publicains, Haute-Sa\u00f4ne), en tant que pr\u00e9sident, et Fabien Gay (Parti communiste, Seine-Saint-Denis), comme rapporteur. \u00ab\u00a0Du cr\u00e9dit d\u2019imp\u00f4t recherche, les entreprises peuvent faire ce qu\u2019elles veulent\u00a0\u00bb pour le PDG de Thales. Une aide pour le directeur g\u00e9n\u00e9ral d\u2019Air liquide. Un pour le pr\u00e9sident d\u2019ArcelorMittal. Les grands patrons, premiers d\u00e9fenseurs du cr\u00e9dit d\u2019imp\u00f4t recherche (CIR). Cette d\u00e9pense annuelle de 8\u00a0milliards d\u2019euros pour l\u2019Etat vise \u00e0 [R&amp;D][jusqu\u2019\u00e0 30\u00a0millions d\u2019euros pour 100\u00a0millions d\u2019euros de d\u00e9penses], explique Carole Maudet, sous-directrice de la direction g\u00e9n\u00e9rale des finances publiques, auditionn\u00e9e d\u00e9but mars. Cela a repr\u00e9sent\u00e9 171\u00a0millions d\u2019euros en\u00a02023\u00a0pour Thales, 98\u00a0millions pour Airbus, 36,4\u00a0millions pour Air liquide, 20\u00a0millions pour Vinci\u2026 Mais qui contr\u00f4le l\u2019utilit\u00e9 de cette d\u00e9pense budg\u00e9taire\u00a0? , d\u00e9veloppe Mme\u00a0Maudet, qui constate que , ses services devant faire appel \u00e0 aux . Il vous reste 89.22% de cet article \u00e0 lire. La suite est r\u00e9serv\u00e9e aux abonn\u00e9s.\",\"breadcrumb\":{\"@id\":\"https:\/\/vof-news.eu\/fr\/ce-que-les-entreprises-font-des-aides-publiques-on-ne-sait-pas-plongee-dans-six-mois-dauditions-de-la-commission-denquete\/#breadcrumb\"},\"inLanguage\":\"fr-FR\",\"potentialAction\":[{\"@type\":\"ReadAction\",\"target\":[\"https:\/\/vof-news.eu\/fr\/ce-que-les-entreprises-font-des-aides-publiques-on-ne-sait-pas-plongee-dans-six-mois-dauditions-de-la-commission-denquete\/\"]}]},{\"@type\":\"BreadcrumbList\",\"@id\":\"https:\/\/vof-news.eu\/fr\/ce-que-les-entreprises-font-des-aides-publiques-on-ne-sait-pas-plongee-dans-six-mois-dauditions-de-la-commission-denquete\/#breadcrumb\",\"itemListElement\":[{\"@type\":\"ListItem\",\"position\":1,\"name\":\"Home\",\"item\":\"https:\/\/vof-news.eu\/fr\/\"},{\"@type\":\"ListItem\",\"position\":2,\"name\":\"\u00ab\u00a0Ce que les entreprises\u00a0font des aides publiques, on ne sait pas\u00a0\u00bb\u00a0: plong\u00e9e dans six mois d\u2019auditions de la commission d\u2019enqu\u00eate\"}]},{\"@type\":\"WebSite\",\"@id\":\"https:\/\/vof-news.eu\/fr\/#website\",\"url\":\"https:\/\/vof-news.eu\/fr\/\",\"name\":\"vof-news.eu\",\"description\":\"\",\"potentialAction\":[{\"@type\":\"SearchAction\",\"target\":{\"@type\":\"EntryPoint\",\"urlTemplate\":\"https:\/\/vof-news.eu\/fr\/?s={search_term_string}\"},\"query-input\":\"required name=search_term_string\"}],\"inLanguage\":\"fr-FR\"},{\"@type\":\"Person\",\"@id\":\"https:\/\/vof-news.eu\/fr\/#\/schema\/person\/f6a2a4309f0561835797fd8c19b333ed\",\"name\":\"Author\",\"image\":{\"@type\":\"ImageObject\",\"inLanguage\":\"fr-FR\",\"@id\":\"https:\/\/vof-news.eu\/fr\/#\/schema\/person\/image\/\",\"url\":\"https:\/\/secure.gravatar.com\/avatar\/b67e614b1b25b3e9c0c239efdd2fde5ab015b5affd6f1c3c85911ca4b384e790?s=96&d=mm&r=g\",\"contentUrl\":\"https:\/\/secure.gravatar.com\/avatar\/b67e614b1b25b3e9c0c239efdd2fde5ab015b5affd6f1c3c85911ca4b384e790?s=96&d=mm&r=g\",\"caption\":\"Author\"},\"sameAs\":[\"http:\/\/vof-news.eu\"],\"url\":\"https:\/\/vof-news.eu\/fr\/author\/zwt6qxnjulxbnyg\/\"}]}<\/script>\n<!-- \/ Yoast SEO plugin. -->","yoast_head_json":{"title":"\u00ab\u00a0Ce que les entreprises\u00a0font des aides publiques, on ne sait pas\u00a0\u00bb\u00a0: plong\u00e9e dans six mois d\u2019auditions de la commission d\u2019enqu\u00eate - vof-news.eu","description":"Les quelque 70\u00a0auditions \u00e9tal\u00e9es sur six mois de la commission d\u2019enqu\u00eate s\u00e9natoriale sur l\u2019utilit\u00e9 des aides publiques aux grandes entreprises ont mis au jour un certain nombre de d\u00e9bats r\u00e9currents et d\u2019enjeux-cl\u00e9s. Floril\u00e8ge des d\u00e9bats men\u00e9s par les s\u00e9nateurs Olivier Rietmann (Les R\u00e9publicains, Haute-Sa\u00f4ne), en tant que pr\u00e9sident, et Fabien Gay (Parti communiste, Seine-Saint-Denis), comme rapporteur. \u00ab\u00a0Du cr\u00e9dit d\u2019imp\u00f4t recherche, les entreprises peuvent faire ce qu\u2019elles veulent\u00a0\u00bb pour le PDG de Thales. Une aide pour le directeur g\u00e9n\u00e9ral d\u2019Air liquide. Un pour le pr\u00e9sident d\u2019ArcelorMittal. Les grands patrons, premiers d\u00e9fenseurs du cr\u00e9dit d\u2019imp\u00f4t recherche (CIR). Cette d\u00e9pense annuelle de 8\u00a0milliards d\u2019euros pour l\u2019Etat vise \u00e0 [R&amp;D][jusqu\u2019\u00e0 30\u00a0millions d\u2019euros pour 100\u00a0millions d\u2019euros de d\u00e9penses], explique Carole Maudet, sous-directrice de la direction g\u00e9n\u00e9rale des finances publiques, auditionn\u00e9e d\u00e9but mars. Cela a repr\u00e9sent\u00e9 171\u00a0millions d\u2019euros en\u00a02023\u00a0pour Thales, 98\u00a0millions pour Airbus, 36,4\u00a0millions pour Air liquide, 20\u00a0millions pour Vinci\u2026 Mais qui contr\u00f4le l\u2019utilit\u00e9 de cette d\u00e9pense budg\u00e9taire\u00a0? , d\u00e9veloppe Mme\u00a0Maudet, qui constate que , ses services devant faire appel \u00e0 aux . Il vous reste 89.22% de cet article \u00e0 lire. La suite est r\u00e9serv\u00e9e aux abonn\u00e9s.","robots":{"index":"noindex","follow":"follow","max-snippet":"max-snippet:-1","max-image-preview":"max-image-preview:large","max-video-preview":"max-video-preview:-1"},"og_locale":"fr_FR","og_type":"article","og_title":"\u00ab\u00a0Ce que les entreprises\u00a0font des aides publiques, on ne sait pas\u00a0\u00bb\u00a0: plong\u00e9e dans six mois d\u2019auditions de la commission d\u2019enqu\u00eate - vof-news.eu","og_description":"Les quelque 70\u00a0auditions \u00e9tal\u00e9es sur six mois de la commission d\u2019enqu\u00eate s\u00e9natoriale sur l\u2019utilit\u00e9 des aides publiques aux grandes entreprises ont mis au jour un certain nombre de d\u00e9bats r\u00e9currents et d\u2019enjeux-cl\u00e9s. Floril\u00e8ge des d\u00e9bats men\u00e9s par les s\u00e9nateurs Olivier Rietmann (Les R\u00e9publicains, Haute-Sa\u00f4ne), en tant que pr\u00e9sident, et Fabien Gay (Parti communiste, Seine-Saint-Denis), comme rapporteur. \u00ab\u00a0Du cr\u00e9dit d\u2019imp\u00f4t recherche, les entreprises peuvent faire ce qu\u2019elles veulent\u00a0\u00bb pour le PDG de Thales. Une aide pour le directeur g\u00e9n\u00e9ral d\u2019Air liquide. Un pour le pr\u00e9sident d\u2019ArcelorMittal. Les grands patrons, premiers d\u00e9fenseurs du cr\u00e9dit d\u2019imp\u00f4t recherche (CIR). Cette d\u00e9pense annuelle de 8\u00a0milliards d\u2019euros pour l\u2019Etat vise \u00e0 [R&amp;D][jusqu\u2019\u00e0 30\u00a0millions d\u2019euros pour 100\u00a0millions d\u2019euros de d\u00e9penses], explique Carole Maudet, sous-directrice de la direction g\u00e9n\u00e9rale des finances publiques, auditionn\u00e9e d\u00e9but mars. Cela a repr\u00e9sent\u00e9 171\u00a0millions d\u2019euros en\u00a02023\u00a0pour Thales, 98\u00a0millions pour Airbus, 36,4\u00a0millions pour Air liquide, 20\u00a0millions pour Vinci\u2026 Mais qui contr\u00f4le l\u2019utilit\u00e9 de cette d\u00e9pense budg\u00e9taire\u00a0? , d\u00e9veloppe Mme\u00a0Maudet, qui constate que , ses services devant faire appel \u00e0 aux . Il vous reste 89.22% de cet article \u00e0 lire. La suite est r\u00e9serv\u00e9e aux abonn\u00e9s.","og_url":"https:\/\/vof-news.eu\/fr\/ce-que-les-entreprises-font-des-aides-publiques-on-ne-sait-pas-plongee-dans-six-mois-dauditions-de-la-commission-denquete\/","og_site_name":"vof-news.eu","article_published_time":"2025-07-02T10:33:23+00:00","article_modified_time":"2025-07-02T10:33:36+00:00","author":"Author","twitter_card":"summary_large_image","twitter_misc":{"\u00c9crit par":"Author","Dur\u00e9e de lecture estim\u00e9e":"1 minute"},"schema":{"@context":"https:\/\/schema.org","@graph":[{"@type":"WebPage","@id":"https:\/\/vof-news.eu\/fr\/ce-que-les-entreprises-font-des-aides-publiques-on-ne-sait-pas-plongee-dans-six-mois-dauditions-de-la-commission-denquete\/","url":"https:\/\/vof-news.eu\/fr\/ce-que-les-entreprises-font-des-aides-publiques-on-ne-sait-pas-plongee-dans-six-mois-dauditions-de-la-commission-denquete\/","name":"\u00ab\u00a0Ce que les entreprises\u00a0font des aides publiques, on ne sait pas\u00a0\u00bb\u00a0: plong\u00e9e dans six mois d\u2019auditions de la commission d\u2019enqu\u00eate - vof-news.eu","isPartOf":{"@id":"https:\/\/vof-news.eu\/fr\/#website"},"datePublished":"2025-07-02T10:33:23+00:00","dateModified":"2025-07-02T10:33:36+00:00","author":{"@id":"https:\/\/vof-news.eu\/fr\/#\/schema\/person\/f6a2a4309f0561835797fd8c19b333ed"},"description":"Les quelque 70\u00a0auditions \u00e9tal\u00e9es sur six mois de la commission d\u2019enqu\u00eate s\u00e9natoriale sur l\u2019utilit\u00e9 des aides publiques aux grandes entreprises ont mis au jour un certain nombre de d\u00e9bats r\u00e9currents et d\u2019enjeux-cl\u00e9s. Floril\u00e8ge des d\u00e9bats men\u00e9s par les s\u00e9nateurs Olivier Rietmann (Les R\u00e9publicains, Haute-Sa\u00f4ne), en tant que pr\u00e9sident, et Fabien Gay (Parti communiste, Seine-Saint-Denis), comme rapporteur. \u00ab\u00a0Du cr\u00e9dit d\u2019imp\u00f4t recherche, les entreprises peuvent faire ce qu\u2019elles veulent\u00a0\u00bb pour le PDG de Thales. Une aide pour le directeur g\u00e9n\u00e9ral d\u2019Air liquide. Un pour le pr\u00e9sident d\u2019ArcelorMittal. Les grands patrons, premiers d\u00e9fenseurs du cr\u00e9dit d\u2019imp\u00f4t recherche (CIR). Cette d\u00e9pense annuelle de 8\u00a0milliards d\u2019euros pour l\u2019Etat vise \u00e0 [R&amp;D][jusqu\u2019\u00e0 30\u00a0millions d\u2019euros pour 100\u00a0millions d\u2019euros de d\u00e9penses], explique Carole Maudet, sous-directrice de la direction g\u00e9n\u00e9rale des finances publiques, auditionn\u00e9e d\u00e9but mars. Cela a repr\u00e9sent\u00e9 171\u00a0millions d\u2019euros en\u00a02023\u00a0pour Thales, 98\u00a0millions pour Airbus, 36,4\u00a0millions pour Air liquide, 20\u00a0millions pour Vinci\u2026 Mais qui contr\u00f4le l\u2019utilit\u00e9 de cette d\u00e9pense budg\u00e9taire\u00a0? , d\u00e9veloppe Mme\u00a0Maudet, qui constate que , ses services devant faire appel \u00e0 aux . Il vous reste 89.22% de cet article \u00e0 lire. La suite est r\u00e9serv\u00e9e aux abonn\u00e9s.","breadcrumb":{"@id":"https:\/\/vof-news.eu\/fr\/ce-que-les-entreprises-font-des-aides-publiques-on-ne-sait-pas-plongee-dans-six-mois-dauditions-de-la-commission-denquete\/#breadcrumb"},"inLanguage":"fr-FR","potentialAction":[{"@type":"ReadAction","target":["https:\/\/vof-news.eu\/fr\/ce-que-les-entreprises-font-des-aides-publiques-on-ne-sait-pas-plongee-dans-six-mois-dauditions-de-la-commission-denquete\/"]}]},{"@type":"BreadcrumbList","@id":"https:\/\/vof-news.eu\/fr\/ce-que-les-entreprises-font-des-aides-publiques-on-ne-sait-pas-plongee-dans-six-mois-dauditions-de-la-commission-denquete\/#breadcrumb","itemListElement":[{"@type":"ListItem","position":1,"name":"Home","item":"https:\/\/vof-news.eu\/fr\/"},{"@type":"ListItem","position":2,"name":"\u00ab\u00a0Ce que les entreprises\u00a0font des aides publiques, on ne sait pas\u00a0\u00bb\u00a0: plong\u00e9e dans six mois d\u2019auditions de la commission d\u2019enqu\u00eate"}]},{"@type":"WebSite","@id":"https:\/\/vof-news.eu\/fr\/#website","url":"https:\/\/vof-news.eu\/fr\/","name":"vof-news.eu","description":"","potentialAction":[{"@type":"SearchAction","target":{"@type":"EntryPoint","urlTemplate":"https:\/\/vof-news.eu\/fr\/?s={search_term_string}"},"query-input":"required name=search_term_string"}],"inLanguage":"fr-FR"},{"@type":"Person","@id":"https:\/\/vof-news.eu\/fr\/#\/schema\/person\/f6a2a4309f0561835797fd8c19b333ed","name":"Author","image":{"@type":"ImageObject","inLanguage":"fr-FR","@id":"https:\/\/vof-news.eu\/fr\/#\/schema\/person\/image\/","url":"https:\/\/secure.gravatar.com\/avatar\/b67e614b1b25b3e9c0c239efdd2fde5ab015b5affd6f1c3c85911ca4b384e790?s=96&d=mm&r=g","contentUrl":"https:\/\/secure.gravatar.com\/avatar\/b67e614b1b25b3e9c0c239efdd2fde5ab015b5affd6f1c3c85911ca4b384e790?s=96&d=mm&r=g","caption":"Author"},"sameAs":["http:\/\/vof-news.eu"],"url":"https:\/\/vof-news.eu\/fr\/author\/zwt6qxnjulxbnyg\/"}]}},"yoast_meta":{"yoast_wpseo_title":"","yoast_wpseo_metadesc":"","yoast_wpseo_canonical":""},"_links":{"self":[{"href":"https:\/\/vof-news.eu\/fr\/wp-json\/wp\/v2\/posts\/245400","targetHints":{"allow":["GET"]}}],"collection":[{"href":"https:\/\/vof-news.eu\/fr\/wp-json\/wp\/v2\/posts"}],"about":[{"href":"https:\/\/vof-news.eu\/fr\/wp-json\/wp\/v2\/types\/post"}],"author":[{"embeddable":true,"href":"https:\/\/vof-news.eu\/fr\/wp-json\/wp\/v2\/users\/1"}],"replies":[{"embeddable":true,"href":"https:\/\/vof-news.eu\/fr\/wp-json\/wp\/v2\/comments?post=245400"}],"version-history":[{"count":1,"href":"https:\/\/vof-news.eu\/fr\/wp-json\/wp\/v2\/posts\/245400\/revisions"}],"predecessor-version":[{"id":245401,"href":"https:\/\/vof-news.eu\/fr\/wp-json\/wp\/v2\/posts\/245400\/revisions\/245401"}],"wp:attachment":[{"href":"https:\/\/vof-news.eu\/fr\/wp-json\/wp\/v2\/media?parent=245400"}],"wp:term":[{"taxonomy":"category","embeddable":true,"href":"https:\/\/vof-news.eu\/fr\/wp-json\/wp\/v2\/categories?post=245400"},{"taxonomy":"post_tag","embeddable":true,"href":"https:\/\/vof-news.eu\/fr\/wp-json\/wp\/v2\/tags?post=245400"}],"curies":[{"name":"wp","href":"https:\/\/api.w.org\/{rel}","templated":true}]}}