{"id":245392,"date":"2025-07-02T13:32:34","date_gmt":"2025-07-02T10:32:34","guid":{"rendered":"https:\/\/vof-news.eu\/nouvelle-caledonie-le-sommet-convoque-par-emmanuel-macron-loin-du-compromis-espere\/"},"modified":"2025-07-02T13:32:50","modified_gmt":"2025-07-02T10:32:50","slug":"nouvelle-caledonie-le-sommet-convoque-par-emmanuel-macron-loin-du-compromis-espere","status":"publish","type":"post","link":"https:\/\/vof-news.eu\/fr\/nouvelle-caledonie-le-sommet-convoque-par-emmanuel-macron-loin-du-compromis-espere\/","title":{"rendered":"Nouvelle-Cal\u00e9donie\u00a0: le sommet convoqu\u00e9 par Emmanuel Macron loin du compromis esp\u00e9r\u00e9"},"content":{"rendered":"<article>\n<p>Un sommet sur l\u2019avenir de la Nouvelle-Cal\u00e9donie est convoqu\u00e9 par le pr\u00e9sident de la R\u00e9publique, Emmanuel Macron, mercredi 2\u00a0juillet, \u00e0 l\u2019Elys\u00e9e. Mais pour quoi faire\u00a0? A la veille du raout, qui mobilise le premier ministre et plusieurs ministres, les acteurs politiques, \u00e9conomiques et associatifs venus de Noum\u00e9a n\u2019avaient aucune id\u00e9e de ce que le chef de l\u2019Etat allait leur dire. Ce dernier a pris la temp\u00e9rature lors d\u2019une r\u00e9union en amont il y a deux semaines, organis\u00e9e avec le ministre des outre-mer, Manuel Valls, et les deux d\u00e9put\u00e9s du territoire, le loyaliste Nicolas Metzdorf et l\u2019ind\u00e9pendantiste Emmanuel Tjibaou. Mais il a laiss\u00e9 tout le monde dans l\u2019expectative.<\/p>\n<p>L\u2019\u00e9v\u00e9nement ne sera pas ouvert \u00e0 la presse. , pr\u00e9cise une note d\u2019information publi\u00e9e \u00e0 minuit, mercredi 2\u00a0juillet, <\/p>\n<p><strong>Il vous reste 83.9% de cet article \u00e0 lire. La suite est r\u00e9serv\u00e9e aux abonn\u00e9s.<\/strong><\/p>\n<\/article>\n","protected":false},"excerpt":{"rendered":"<p>Un sommet sur l\u2019avenir de la Nouvelle-Cal\u00e9donie est convoqu\u00e9 par le pr\u00e9sident de la R\u00e9publique, Emmanuel Macron, mercredi 2\u00a0juillet, \u00e0 l\u2019Elys\u00e9e. Mais pour quoi faire\u00a0? A la veille du raout, qui mobilise le premier ministre et plusieurs ministres, les acteurs politiques, \u00e9conomiques et associatifs venus de Noum\u00e9a n\u2019avaient aucune id\u00e9e de ce que le chef<\/p>\n","protected":false},"author":1,"featured_media":245393,"comment_status":"open","ping_status":"open","sticky":false,"template":"","format":"standard","meta":{"footnotes":""},"categories":[68],"tags":[],"class_list":["post-245392","post","type-post","status-publish","format-standard","has-post-thumbnail","hentry","category-politics-fr"],"acf":[],"yoast_head":"<!-- This site is optimized with the Yoast SEO plugin v22.9 - https:\/\/yoast.com\/wordpress\/plugins\/seo\/ -->\n<title>Nouvelle-Cal\u00e9donie\u00a0: le sommet convoqu\u00e9 par Emmanuel Macron loin du compromis esp\u00e9r\u00e9 - vof-news.eu<\/title>\n<meta name=\"description\" content=\"Un sommet sur l\u2019avenir de la Nouvelle-Cal\u00e9donie est convoqu\u00e9 par le pr\u00e9sident de la R\u00e9publique, Emmanuel Macron, mercredi 2\u00a0juillet, \u00e0 l\u2019Elys\u00e9e. Mais pour quoi faire\u00a0? A la veille du raout, qui mobilise le premier ministre et plusieurs ministres, les acteurs politiques, \u00e9conomiques et associatifs venus de Noum\u00e9a n\u2019avaient aucune id\u00e9e de ce que le chef de l\u2019Etat allait leur dire. Ce dernier a pris la temp\u00e9rature lors d\u2019une r\u00e9union en amont il y a deux semaines, organis\u00e9e avec le ministre des outre-mer, Manuel Valls, et les deux d\u00e9put\u00e9s du territoire, le loyaliste Nicolas Metzdorf et l\u2019ind\u00e9pendantiste Emmanuel Tjibaou. Mais il a laiss\u00e9 tout le monde dans l\u2019expectative. L\u2019\u00e9v\u00e9nement ne sera pas ouvert \u00e0 la presse. , pr\u00e9cise une note d\u2019information publi\u00e9e \u00e0 minuit, mercredi 2\u00a0juillet, Il vous reste 83.9% de cet article \u00e0 lire. La suite est r\u00e9serv\u00e9e aux abonn\u00e9s.\" \/>\n<meta name=\"robots\" content=\"noindex, follow, max-snippet:-1, max-image-preview:large, max-video-preview:-1\" \/>\n<meta property=\"og:locale\" content=\"fr_FR\" \/>\n<meta property=\"og:type\" content=\"article\" \/>\n<meta property=\"og:title\" content=\"Nouvelle-Cal\u00e9donie\u00a0: le sommet convoqu\u00e9 par Emmanuel Macron loin du compromis esp\u00e9r\u00e9 - vof-news.eu\" \/>\n<meta property=\"og:description\" content=\"Un sommet sur l\u2019avenir de la Nouvelle-Cal\u00e9donie est convoqu\u00e9 par le pr\u00e9sident de la R\u00e9publique, Emmanuel Macron, mercredi 2\u00a0juillet, \u00e0 l\u2019Elys\u00e9e. Mais pour quoi faire\u00a0? A la veille du raout, qui mobilise le premier ministre et plusieurs ministres, les acteurs politiques, \u00e9conomiques et associatifs venus de Noum\u00e9a n\u2019avaient aucune id\u00e9e de ce que le chef de l\u2019Etat allait leur dire. Ce dernier a pris la temp\u00e9rature lors d\u2019une r\u00e9union en amont il y a deux semaines, organis\u00e9e avec le ministre des outre-mer, Manuel Valls, et les deux d\u00e9put\u00e9s du territoire, le loyaliste Nicolas Metzdorf et l\u2019ind\u00e9pendantiste Emmanuel Tjibaou. Mais il a laiss\u00e9 tout le monde dans l\u2019expectative. L\u2019\u00e9v\u00e9nement ne sera pas ouvert \u00e0 la presse. , pr\u00e9cise une note d\u2019information publi\u00e9e \u00e0 minuit, mercredi 2\u00a0juillet, Il vous reste 83.9% de cet article \u00e0 lire. La suite est r\u00e9serv\u00e9e aux abonn\u00e9s.\" \/>\n<meta property=\"og:url\" content=\"https:\/\/vof-news.eu\/fr\/nouvelle-caledonie-le-sommet-convoque-par-emmanuel-macron-loin-du-compromis-espere\/\" \/>\n<meta property=\"og:site_name\" content=\"vof-news.eu\" \/>\n<meta property=\"article:published_time\" content=\"2025-07-02T10:32:34+00:00\" \/>\n<meta property=\"article:modified_time\" content=\"2025-07-02T10:32:50+00:00\" \/>\n<meta property=\"og:image\" content=\"https:\/\/vof-news.eu\/wp-content\/uploads\/2025\/07\/5995482_upload-1-hytduhsxq47j-080-hl-dmayeur-2755299.jpg\" \/>\n\t<meta property=\"og:image:width\" content=\"664\" \/>\n\t<meta property=\"og:image:height\" content=\"443\" \/>\n\t<meta property=\"og:image:type\" content=\"image\/jpeg\" \/>\n<meta name=\"author\" content=\"Author\" \/>\n<meta name=\"twitter:card\" content=\"summary_large_image\" \/>\n<meta name=\"twitter:label1\" content=\"\u00c9crit par\" \/>\n\t<meta name=\"twitter:data1\" content=\"Author\" \/>\n\t<meta name=\"twitter:label2\" content=\"Dur\u00e9e de lecture estim\u00e9e\" \/>\n\t<meta name=\"twitter:data2\" content=\"1 minute\" \/>\n<script type=\"application\/ld+json\" class=\"yoast-schema-graph\">{\"@context\":\"https:\/\/schema.org\",\"@graph\":[{\"@type\":\"WebPage\",\"@id\":\"https:\/\/vof-news.eu\/fr\/nouvelle-caledonie-le-sommet-convoque-par-emmanuel-macron-loin-du-compromis-espere\/\",\"url\":\"https:\/\/vof-news.eu\/fr\/nouvelle-caledonie-le-sommet-convoque-par-emmanuel-macron-loin-du-compromis-espere\/\",\"name\":\"Nouvelle-Cal\u00e9donie\u00a0: le sommet convoqu\u00e9 par Emmanuel Macron loin du compromis esp\u00e9r\u00e9 - vof-news.eu\",\"isPartOf\":{\"@id\":\"https:\/\/vof-news.eu\/fr\/#website\"},\"primaryImageOfPage\":{\"@id\":\"https:\/\/vof-news.eu\/fr\/nouvelle-caledonie-le-sommet-convoque-par-emmanuel-macron-loin-du-compromis-espere\/#primaryimage\"},\"image\":{\"@id\":\"https:\/\/vof-news.eu\/fr\/nouvelle-caledonie-le-sommet-convoque-par-emmanuel-macron-loin-du-compromis-espere\/#primaryimage\"},\"thumbnailUrl\":\"https:\/\/vof-news.eu\/wp-content\/uploads\/2025\/07\/5995482_upload-1-hytduhsxq47j-080-hl-dmayeur-2755299.jpg\",\"datePublished\":\"2025-07-02T10:32:34+00:00\",\"dateModified\":\"2025-07-02T10:32:50+00:00\",\"author\":{\"@id\":\"https:\/\/vof-news.eu\/fr\/#\/schema\/person\/f6a2a4309f0561835797fd8c19b333ed\"},\"description\":\"Un sommet sur l\u2019avenir de la Nouvelle-Cal\u00e9donie est convoqu\u00e9 par le pr\u00e9sident de la R\u00e9publique, Emmanuel Macron, mercredi 2\u00a0juillet, \u00e0 l\u2019Elys\u00e9e. Mais pour quoi faire\u00a0? A la veille du raout, qui mobilise le premier ministre et plusieurs ministres, les acteurs politiques, \u00e9conomiques et associatifs venus de Noum\u00e9a n\u2019avaient aucune id\u00e9e de ce que le chef de l\u2019Etat allait leur dire. Ce dernier a pris la temp\u00e9rature lors d\u2019une r\u00e9union en amont il y a deux semaines, organis\u00e9e avec le ministre des outre-mer, Manuel Valls, et les deux d\u00e9put\u00e9s du territoire, le loyaliste Nicolas Metzdorf et l\u2019ind\u00e9pendantiste Emmanuel Tjibaou. Mais il a laiss\u00e9 tout le monde dans l\u2019expectative. L\u2019\u00e9v\u00e9nement ne sera pas ouvert \u00e0 la presse. , pr\u00e9cise une note d\u2019information publi\u00e9e \u00e0 minuit, mercredi 2\u00a0juillet, Il vous reste 83.9% de cet article \u00e0 lire. La suite est r\u00e9serv\u00e9e aux abonn\u00e9s.\",\"breadcrumb\":{\"@id\":\"https:\/\/vof-news.eu\/fr\/nouvelle-caledonie-le-sommet-convoque-par-emmanuel-macron-loin-du-compromis-espere\/#breadcrumb\"},\"inLanguage\":\"fr-FR\",\"potentialAction\":[{\"@type\":\"ReadAction\",\"target\":[\"https:\/\/vof-news.eu\/fr\/nouvelle-caledonie-le-sommet-convoque-par-emmanuel-macron-loin-du-compromis-espere\/\"]}]},{\"@type\":\"ImageObject\",\"inLanguage\":\"fr-FR\",\"@id\":\"https:\/\/vof-news.eu\/fr\/nouvelle-caledonie-le-sommet-convoque-par-emmanuel-macron-loin-du-compromis-espere\/#primaryimage\",\"url\":\"https:\/\/vof-news.eu\/wp-content\/uploads\/2025\/07\/5995482_upload-1-hytduhsxq47j-080-hl-dmayeur-2755299.jpg\",\"contentUrl\":\"https:\/\/vof-news.eu\/wp-content\/uploads\/2025\/07\/5995482_upload-1-hytduhsxq47j-080-hl-dmayeur-2755299.jpg\",\"width\":664,\"height\":443},{\"@type\":\"BreadcrumbList\",\"@id\":\"https:\/\/vof-news.eu\/fr\/nouvelle-caledonie-le-sommet-convoque-par-emmanuel-macron-loin-du-compromis-espere\/#breadcrumb\",\"itemListElement\":[{\"@type\":\"ListItem\",\"position\":1,\"name\":\"Home\",\"item\":\"https:\/\/vof-news.eu\/fr\/\"},{\"@type\":\"ListItem\",\"position\":2,\"name\":\"Nouvelle-Cal\u00e9donie\u00a0: le sommet convoqu\u00e9 par Emmanuel Macron loin du compromis esp\u00e9r\u00e9\"}]},{\"@type\":\"WebSite\",\"@id\":\"https:\/\/vof-news.eu\/fr\/#website\",\"url\":\"https:\/\/vof-news.eu\/fr\/\",\"name\":\"vof-news.eu\",\"description\":\"\",\"potentialAction\":[{\"@type\":\"SearchAction\",\"target\":{\"@type\":\"EntryPoint\",\"urlTemplate\":\"https:\/\/vof-news.eu\/fr\/?s={search_term_string}\"},\"query-input\":\"required name=search_term_string\"}],\"inLanguage\":\"fr-FR\"},{\"@type\":\"Person\",\"@id\":\"https:\/\/vof-news.eu\/fr\/#\/schema\/person\/f6a2a4309f0561835797fd8c19b333ed\",\"name\":\"Author\",\"image\":{\"@type\":\"ImageObject\",\"inLanguage\":\"fr-FR\",\"@id\":\"https:\/\/vof-news.eu\/fr\/#\/schema\/person\/image\/\",\"url\":\"https:\/\/secure.gravatar.com\/avatar\/b67e614b1b25b3e9c0c239efdd2fde5ab015b5affd6f1c3c85911ca4b384e790?s=96&d=mm&r=g\",\"contentUrl\":\"https:\/\/secure.gravatar.com\/avatar\/b67e614b1b25b3e9c0c239efdd2fde5ab015b5affd6f1c3c85911ca4b384e790?s=96&d=mm&r=g\",\"caption\":\"Author\"},\"sameAs\":[\"http:\/\/vof-news.eu\"],\"url\":\"https:\/\/vof-news.eu\/fr\/author\/zwt6qxnjulxbnyg\/\"}]}<\/script>\n<!-- \/ Yoast SEO plugin. -->","yoast_head_json":{"title":"Nouvelle-Cal\u00e9donie\u00a0: le sommet convoqu\u00e9 par Emmanuel Macron loin du compromis esp\u00e9r\u00e9 - vof-news.eu","description":"Un sommet sur l\u2019avenir de la Nouvelle-Cal\u00e9donie est convoqu\u00e9 par le pr\u00e9sident de la R\u00e9publique, Emmanuel Macron, mercredi 2\u00a0juillet, \u00e0 l\u2019Elys\u00e9e. Mais pour quoi faire\u00a0? A la veille du raout, qui mobilise le premier ministre et plusieurs ministres, les acteurs politiques, \u00e9conomiques et associatifs venus de Noum\u00e9a n\u2019avaient aucune id\u00e9e de ce que le chef de l\u2019Etat allait leur dire. Ce dernier a pris la temp\u00e9rature lors d\u2019une r\u00e9union en amont il y a deux semaines, organis\u00e9e avec le ministre des outre-mer, Manuel Valls, et les deux d\u00e9put\u00e9s du territoire, le loyaliste Nicolas Metzdorf et l\u2019ind\u00e9pendantiste Emmanuel Tjibaou. Mais il a laiss\u00e9 tout le monde dans l\u2019expectative. L\u2019\u00e9v\u00e9nement ne sera pas ouvert \u00e0 la presse. , pr\u00e9cise une note d\u2019information publi\u00e9e \u00e0 minuit, mercredi 2\u00a0juillet, Il vous reste 83.9% de cet article \u00e0 lire. La suite est r\u00e9serv\u00e9e aux abonn\u00e9s.","robots":{"index":"noindex","follow":"follow","max-snippet":"max-snippet:-1","max-image-preview":"max-image-preview:large","max-video-preview":"max-video-preview:-1"},"og_locale":"fr_FR","og_type":"article","og_title":"Nouvelle-Cal\u00e9donie\u00a0: le sommet convoqu\u00e9 par Emmanuel Macron loin du compromis esp\u00e9r\u00e9 - vof-news.eu","og_description":"Un sommet sur l\u2019avenir de la Nouvelle-Cal\u00e9donie est convoqu\u00e9 par le pr\u00e9sident de la R\u00e9publique, Emmanuel Macron, mercredi 2\u00a0juillet, \u00e0 l\u2019Elys\u00e9e. Mais pour quoi faire\u00a0? A la veille du raout, qui mobilise le premier ministre et plusieurs ministres, les acteurs politiques, \u00e9conomiques et associatifs venus de Noum\u00e9a n\u2019avaient aucune id\u00e9e de ce que le chef de l\u2019Etat allait leur dire. Ce dernier a pris la temp\u00e9rature lors d\u2019une r\u00e9union en amont il y a deux semaines, organis\u00e9e avec le ministre des outre-mer, Manuel Valls, et les deux d\u00e9put\u00e9s du territoire, le loyaliste Nicolas Metzdorf et l\u2019ind\u00e9pendantiste Emmanuel Tjibaou. Mais il a laiss\u00e9 tout le monde dans l\u2019expectative. L\u2019\u00e9v\u00e9nement ne sera pas ouvert \u00e0 la presse. , pr\u00e9cise une note d\u2019information publi\u00e9e \u00e0 minuit, mercredi 2\u00a0juillet, Il vous reste 83.9% de cet article \u00e0 lire. La suite est r\u00e9serv\u00e9e aux abonn\u00e9s.","og_url":"https:\/\/vof-news.eu\/fr\/nouvelle-caledonie-le-sommet-convoque-par-emmanuel-macron-loin-du-compromis-espere\/","og_site_name":"vof-news.eu","article_published_time":"2025-07-02T10:32:34+00:00","article_modified_time":"2025-07-02T10:32:50+00:00","og_image":[{"width":664,"height":443,"url":"https:\/\/vof-news.eu\/wp-content\/uploads\/2025\/07\/5995482_upload-1-hytduhsxq47j-080-hl-dmayeur-2755299.jpg","type":"image\/jpeg"}],"author":"Author","twitter_card":"summary_large_image","twitter_misc":{"\u00c9crit par":"Author","Dur\u00e9e de lecture estim\u00e9e":"1 minute"},"schema":{"@context":"https:\/\/schema.org","@graph":[{"@type":"WebPage","@id":"https:\/\/vof-news.eu\/fr\/nouvelle-caledonie-le-sommet-convoque-par-emmanuel-macron-loin-du-compromis-espere\/","url":"https:\/\/vof-news.eu\/fr\/nouvelle-caledonie-le-sommet-convoque-par-emmanuel-macron-loin-du-compromis-espere\/","name":"Nouvelle-Cal\u00e9donie\u00a0: le sommet convoqu\u00e9 par Emmanuel Macron loin du compromis esp\u00e9r\u00e9 - vof-news.eu","isPartOf":{"@id":"https:\/\/vof-news.eu\/fr\/#website"},"primaryImageOfPage":{"@id":"https:\/\/vof-news.eu\/fr\/nouvelle-caledonie-le-sommet-convoque-par-emmanuel-macron-loin-du-compromis-espere\/#primaryimage"},"image":{"@id":"https:\/\/vof-news.eu\/fr\/nouvelle-caledonie-le-sommet-convoque-par-emmanuel-macron-loin-du-compromis-espere\/#primaryimage"},"thumbnailUrl":"https:\/\/vof-news.eu\/wp-content\/uploads\/2025\/07\/5995482_upload-1-hytduhsxq47j-080-hl-dmayeur-2755299.jpg","datePublished":"2025-07-02T10:32:34+00:00","dateModified":"2025-07-02T10:32:50+00:00","author":{"@id":"https:\/\/vof-news.eu\/fr\/#\/schema\/person\/f6a2a4309f0561835797fd8c19b333ed"},"description":"Un sommet sur l\u2019avenir de la Nouvelle-Cal\u00e9donie est convoqu\u00e9 par le pr\u00e9sident de la R\u00e9publique, Emmanuel Macron, mercredi 2\u00a0juillet, \u00e0 l\u2019Elys\u00e9e. Mais pour quoi faire\u00a0? A la veille du raout, qui mobilise le premier ministre et plusieurs ministres, les acteurs politiques, \u00e9conomiques et associatifs venus de Noum\u00e9a n\u2019avaient aucune id\u00e9e de ce que le chef de l\u2019Etat allait leur dire. Ce dernier a pris la temp\u00e9rature lors d\u2019une r\u00e9union en amont il y a deux semaines, organis\u00e9e avec le ministre des outre-mer, Manuel Valls, et les deux d\u00e9put\u00e9s du territoire, le loyaliste Nicolas Metzdorf et l\u2019ind\u00e9pendantiste Emmanuel Tjibaou. Mais il a laiss\u00e9 tout le monde dans l\u2019expectative. L\u2019\u00e9v\u00e9nement ne sera pas ouvert \u00e0 la presse. , pr\u00e9cise une note d\u2019information publi\u00e9e \u00e0 minuit, mercredi 2\u00a0juillet, Il vous reste 83.9% de cet article \u00e0 lire. La suite est r\u00e9serv\u00e9e aux abonn\u00e9s.","breadcrumb":{"@id":"https:\/\/vof-news.eu\/fr\/nouvelle-caledonie-le-sommet-convoque-par-emmanuel-macron-loin-du-compromis-espere\/#breadcrumb"},"inLanguage":"fr-FR","potentialAction":[{"@type":"ReadAction","target":["https:\/\/vof-news.eu\/fr\/nouvelle-caledonie-le-sommet-convoque-par-emmanuel-macron-loin-du-compromis-espere\/"]}]},{"@type":"ImageObject","inLanguage":"fr-FR","@id":"https:\/\/vof-news.eu\/fr\/nouvelle-caledonie-le-sommet-convoque-par-emmanuel-macron-loin-du-compromis-espere\/#primaryimage","url":"https:\/\/vof-news.eu\/wp-content\/uploads\/2025\/07\/5995482_upload-1-hytduhsxq47j-080-hl-dmayeur-2755299.jpg","contentUrl":"https:\/\/vof-news.eu\/wp-content\/uploads\/2025\/07\/5995482_upload-1-hytduhsxq47j-080-hl-dmayeur-2755299.jpg","width":664,"height":443},{"@type":"BreadcrumbList","@id":"https:\/\/vof-news.eu\/fr\/nouvelle-caledonie-le-sommet-convoque-par-emmanuel-macron-loin-du-compromis-espere\/#breadcrumb","itemListElement":[{"@type":"ListItem","position":1,"name":"Home","item":"https:\/\/vof-news.eu\/fr\/"},{"@type":"ListItem","position":2,"name":"Nouvelle-Cal\u00e9donie\u00a0: le sommet convoqu\u00e9 par Emmanuel Macron loin du compromis esp\u00e9r\u00e9"}]},{"@type":"WebSite","@id":"https:\/\/vof-news.eu\/fr\/#website","url":"https:\/\/vof-news.eu\/fr\/","name":"vof-news.eu","description":"","potentialAction":[{"@type":"SearchAction","target":{"@type":"EntryPoint","urlTemplate":"https:\/\/vof-news.eu\/fr\/?s={search_term_string}"},"query-input":"required name=search_term_string"}],"inLanguage":"fr-FR"},{"@type":"Person","@id":"https:\/\/vof-news.eu\/fr\/#\/schema\/person\/f6a2a4309f0561835797fd8c19b333ed","name":"Author","image":{"@type":"ImageObject","inLanguage":"fr-FR","@id":"https:\/\/vof-news.eu\/fr\/#\/schema\/person\/image\/","url":"https:\/\/secure.gravatar.com\/avatar\/b67e614b1b25b3e9c0c239efdd2fde5ab015b5affd6f1c3c85911ca4b384e790?s=96&d=mm&r=g","contentUrl":"https:\/\/secure.gravatar.com\/avatar\/b67e614b1b25b3e9c0c239efdd2fde5ab015b5affd6f1c3c85911ca4b384e790?s=96&d=mm&r=g","caption":"Author"},"sameAs":["http:\/\/vof-news.eu"],"url":"https:\/\/vof-news.eu\/fr\/author\/zwt6qxnjulxbnyg\/"}]}},"yoast_meta":{"yoast_wpseo_title":"","yoast_wpseo_metadesc":"","yoast_wpseo_canonical":""},"_links":{"self":[{"href":"https:\/\/vof-news.eu\/fr\/wp-json\/wp\/v2\/posts\/245392","targetHints":{"allow":["GET"]}}],"collection":[{"href":"https:\/\/vof-news.eu\/fr\/wp-json\/wp\/v2\/posts"}],"about":[{"href":"https:\/\/vof-news.eu\/fr\/wp-json\/wp\/v2\/types\/post"}],"author":[{"embeddable":true,"href":"https:\/\/vof-news.eu\/fr\/wp-json\/wp\/v2\/users\/1"}],"replies":[{"embeddable":true,"href":"https:\/\/vof-news.eu\/fr\/wp-json\/wp\/v2\/comments?post=245392"}],"version-history":[{"count":1,"href":"https:\/\/vof-news.eu\/fr\/wp-json\/wp\/v2\/posts\/245392\/revisions"}],"predecessor-version":[{"id":245399,"href":"https:\/\/vof-news.eu\/fr\/wp-json\/wp\/v2\/posts\/245392\/revisions\/245399"}],"wp:featuredmedia":[{"embeddable":true,"href":"https:\/\/vof-news.eu\/fr\/wp-json\/wp\/v2\/media\/245393"}],"wp:attachment":[{"href":"https:\/\/vof-news.eu\/fr\/wp-json\/wp\/v2\/media?parent=245392"}],"wp:term":[{"taxonomy":"category","embeddable":true,"href":"https:\/\/vof-news.eu\/fr\/wp-json\/wp\/v2\/categories?post=245392"},{"taxonomy":"post_tag","embeddable":true,"href":"https:\/\/vof-news.eu\/fr\/wp-json\/wp\/v2\/tags?post=245392"}],"curies":[{"name":"wp","href":"https:\/\/api.w.org\/{rel}","templated":true}]}}