{"id":245390,"date":"2025-07-02T13:31:40","date_gmt":"2025-07-02T10:31:40","guid":{"rendered":"https:\/\/vof-news.eu\/lamelioration-des-conditions-de-travail-pourrait-contribuer-a-lequilibre-des-caisses-de-retraite\/"},"modified":"2025-07-02T13:32:03","modified_gmt":"2025-07-02T10:32:03","slug":"lamelioration-des-conditions-de-travail-pourrait-contribuer-a-lequilibre-des-caisses-de-retraite","status":"publish","type":"post","link":"https:\/\/vof-news.eu\/fr\/lamelioration-des-conditions-de-travail-pourrait-contribuer-a-lequilibre-des-caisses-de-retraite\/","title":{"rendered":"\u00ab\u00a0L\u2019am\u00e9lioration des conditions de travail pourrait contribuer \u00e0 l\u2019\u00e9quilibre des caisses de retraite\u00a0\u00bb"},"content":{"rendered":"<article>\n<p><span>A<\/span>lors que les partenaires sociaux ont \u00e9chou\u00e9 \u00e0 trouver <a href=\"https:\/\/www.lemonde.fr\/politique\/article\/2025\/06\/25\/l-introuvable-voie-de-passage-de-francois-bayrou-apres-l-echec-du-conclave-sur-les-retraites_6615701_823448.html\" rel=\"nofollow\">un accord sur la r\u00e9forme des retraites,<\/a> on peut s\u2019interroger sur cette possibilit\u00e9 g\u00e2ch\u00e9e non seulement de dialogue social mais, plus profond\u00e9ment, de d\u00e9bat soci\u00e9tal. Les sociologues et les \u00e9conomistes nous alertent\u00a0: la France souffre au travail, les travailleurs veulent plus de sens et de reconnaissance.<\/p>\n<section>   <\/section>\n<p>Du dialogue sur les retraites aurait pu ressortir une vraie r\u00e9flexion sur le travail et sa place dans la vie personnelle et sociale des Fran\u00e7ais. Au lieu de cela, le d\u00e9bat achoppe sur des discussions comptables et param\u00e9triques\u00a0: 66\u00a0ans et demi ou 67\u00a0ans pour l\u2019abaissement de l\u2019\u00e2ge de d\u00e9part sans d\u00e9cote\u00a0? Certificat m\u00e9dical ou pas pour reconna\u00eetre la souffrance au travail\u00a0?<\/p>\n<p>Une r\u00e9flexion plus profonde sur le travail permettrait de penser la fa\u00e7on dont l\u2019am\u00e9lioration des conditions de travail pourrait apporter plus de sens aux travailleurs et am\u00e9liorer leur productivit\u00e9, contribuant ainsi aux profits du patronat et \u00e0 l\u2019\u00e9quilibre des caisses de retraite. C\u2019est ce que met en \u00e9vidence <a href=\"https:\/\/papers.ssrn.com\/sol3\/papers.cfm?abstract_id=5253315#\" rel=\"nofollow\">l\u2019\u00e9tude \u00ab\u00a0Meaning at Work\u00a0\u00bb<\/a> (le sens au travail), publi\u00e9e en mai, par quatre \u00e9conomistes, Nava Ashraf, Oriana Bandiera, Virginia Minni et Luigi Zingales, en partenariat avec une grande multinationale, dont ils taisent le nom.<\/p>\n<h2>Un degr\u00e9 de confiance<\/h2>\n<p>Cette \u00e9tude \u00e9value l\u2019impact d\u2019un programme invitant les employ\u00e9s \u00e0 une r\u00e9flexion sur le sens de leur vie et leur relation au travail. Ce programme, intitul\u00e9  se fonde sur les principes de la logoth\u00e9rapie, une forme de psychoth\u00e9rapie destin\u00e9e \u00e0 sensibiliser l\u2019individu au sens de sa vie. Le programme invite les employ\u00e9s \u00e0 r\u00e9fl\u00e9chir, au travers d\u2019essais et d\u2019ateliers, sur leurs exp\u00e9riences personnelles, leurs priorit\u00e9s, leur raison d\u2019\u00eatre et comment leur travail y contribue ou au contraire y fait obstacle.<\/p>\n<section>   <\/section>\n<p>Les chercheurs ont conduit une exp\u00e9rience randomis\u00e9e consistant \u00e0 offrir ce programme \u00e0 un groupe dit , puis \u00e0 comparer leur carri\u00e8re, leur productivit\u00e9, leur salaire et leur satisfaction \u00e0 un groupe de contr\u00f4le. Au total, les chercheurs ont eu acc\u00e8s aux donn\u00e9es de 2\u00a0976 employ\u00e9s de la firme dans 14 pays diff\u00e9rents pendant deux ans.<\/p>\n<p><strong>Il vous reste 46.48% de cet article \u00e0 lire. La suite est r\u00e9serv\u00e9e aux abonn\u00e9s.<\/strong><\/p>\n<\/article>\n","protected":false},"excerpt":{"rendered":"<p>Alors que les partenaires sociaux ont \u00e9chou\u00e9 \u00e0 trouver un accord sur la r\u00e9forme des retraites, on peut s\u2019interroger sur cette possibilit\u00e9 g\u00e2ch\u00e9e non seulement de dialogue social mais, plus profond\u00e9ment, de d\u00e9bat soci\u00e9tal. Les sociologues et les \u00e9conomistes nous alertent\u00a0: la France souffre au travail, les travailleurs veulent plus de sens et de reconnaissance.<\/p>\n","protected":false},"author":1,"featured_media":0,"comment_status":"open","ping_status":"open","sticky":false,"template":"","format":"standard","meta":{"footnotes":""},"categories":[68],"tags":[],"class_list":["post-245390","post","type-post","status-publish","format-standard","hentry","category-politics-fr"],"acf":[],"yoast_head":"<!-- This site is optimized with the Yoast SEO plugin v22.9 - https:\/\/yoast.com\/wordpress\/plugins\/seo\/ -->\n<title>\u00ab\u00a0L\u2019am\u00e9lioration des conditions de travail pourrait contribuer \u00e0 l\u2019\u00e9quilibre des caisses de retraite\u00a0\u00bb - vof-news.eu<\/title>\n<meta name=\"description\" content=\"Alors que les partenaires sociaux ont \u00e9chou\u00e9 \u00e0 trouver un accord sur la r\u00e9forme des retraites, on peut s\u2019interroger sur cette possibilit\u00e9 g\u00e2ch\u00e9e non seulement de dialogue social mais, plus profond\u00e9ment, de d\u00e9bat soci\u00e9tal. Les sociologues et les \u00e9conomistes nous alertent\u00a0: la France souffre au travail, les travailleurs veulent plus de sens et de reconnaissance.   Du dialogue sur les retraites aurait pu ressortir une vraie r\u00e9flexion sur le travail et sa place dans la vie personnelle et sociale des Fran\u00e7ais. Au lieu de cela, le d\u00e9bat achoppe sur des discussions comptables et param\u00e9triques\u00a0: 66\u00a0ans et demi ou 67\u00a0ans pour l\u2019abaissement de l\u2019\u00e2ge de d\u00e9part sans d\u00e9cote\u00a0? Certificat m\u00e9dical ou pas pour reconna\u00eetre la souffrance au travail\u00a0? Une r\u00e9flexion plus profonde sur le travail permettrait de penser la fa\u00e7on dont l\u2019am\u00e9lioration des conditions de travail pourrait apporter plus de sens aux travailleurs et am\u00e9liorer leur productivit\u00e9, contribuant ainsi aux profits du patronat et \u00e0 l\u2019\u00e9quilibre des caisses de retraite. C\u2019est ce que met en \u00e9vidence l\u2019\u00e9tude \u00ab\u00a0Meaning at Work\u00a0\u00bb (le sens au travail), publi\u00e9e en mai, par quatre \u00e9conomistes, Nava Ashraf, Oriana Bandiera, Virginia Minni et Luigi Zingales, en partenariat avec une grande multinationale, dont ils taisent le nom. Un degr\u00e9 de confiance Cette \u00e9tude \u00e9value l\u2019impact d\u2019un programme invitant les employ\u00e9s \u00e0 une r\u00e9flexion sur le sens de leur vie et leur relation au travail. Ce programme, intitul\u00e9 se fonde sur les principes de la logoth\u00e9rapie, une forme de psychoth\u00e9rapie destin\u00e9e \u00e0 sensibiliser l\u2019individu au sens de sa vie. Le programme invite les employ\u00e9s \u00e0 r\u00e9fl\u00e9chir, au travers d\u2019essais et d\u2019ateliers, sur leurs exp\u00e9riences personnelles, leurs priorit\u00e9s, leur raison d\u2019\u00eatre et comment leur travail y contribue ou au contraire y fait obstacle.   Les chercheurs ont conduit une exp\u00e9rience randomis\u00e9e consistant \u00e0 offrir ce programme \u00e0 un groupe dit , puis \u00e0 comparer leur carri\u00e8re, leur productivit\u00e9, leur salaire et leur satisfaction \u00e0 un groupe de contr\u00f4le. Au total, les chercheurs ont eu acc\u00e8s aux donn\u00e9es de 2\u00a0976 employ\u00e9s de la firme dans 14 pays diff\u00e9rents pendant deux ans. Il vous reste 46.48% de cet article \u00e0 lire. La suite est r\u00e9serv\u00e9e aux abonn\u00e9s.\" \/>\n<meta name=\"robots\" content=\"noindex, follow, max-snippet:-1, max-image-preview:large, max-video-preview:-1\" \/>\n<meta property=\"og:locale\" content=\"fr_FR\" \/>\n<meta property=\"og:type\" content=\"article\" \/>\n<meta property=\"og:title\" content=\"\u00ab\u00a0L\u2019am\u00e9lioration des conditions de travail pourrait contribuer \u00e0 l\u2019\u00e9quilibre des caisses de retraite\u00a0\u00bb - vof-news.eu\" \/>\n<meta property=\"og:description\" content=\"Alors que les partenaires sociaux ont \u00e9chou\u00e9 \u00e0 trouver un accord sur la r\u00e9forme des retraites, on peut s\u2019interroger sur cette possibilit\u00e9 g\u00e2ch\u00e9e non seulement de dialogue social mais, plus profond\u00e9ment, de d\u00e9bat soci\u00e9tal. Les sociologues et les \u00e9conomistes nous alertent\u00a0: la France souffre au travail, les travailleurs veulent plus de sens et de reconnaissance.   Du dialogue sur les retraites aurait pu ressortir une vraie r\u00e9flexion sur le travail et sa place dans la vie personnelle et sociale des Fran\u00e7ais. Au lieu de cela, le d\u00e9bat achoppe sur des discussions comptables et param\u00e9triques\u00a0: 66\u00a0ans et demi ou 67\u00a0ans pour l\u2019abaissement de l\u2019\u00e2ge de d\u00e9part sans d\u00e9cote\u00a0? Certificat m\u00e9dical ou pas pour reconna\u00eetre la souffrance au travail\u00a0? Une r\u00e9flexion plus profonde sur le travail permettrait de penser la fa\u00e7on dont l\u2019am\u00e9lioration des conditions de travail pourrait apporter plus de sens aux travailleurs et am\u00e9liorer leur productivit\u00e9, contribuant ainsi aux profits du patronat et \u00e0 l\u2019\u00e9quilibre des caisses de retraite. C\u2019est ce que met en \u00e9vidence l\u2019\u00e9tude \u00ab\u00a0Meaning at Work\u00a0\u00bb (le sens au travail), publi\u00e9e en mai, par quatre \u00e9conomistes, Nava Ashraf, Oriana Bandiera, Virginia Minni et Luigi Zingales, en partenariat avec une grande multinationale, dont ils taisent le nom. Un degr\u00e9 de confiance Cette \u00e9tude \u00e9value l\u2019impact d\u2019un programme invitant les employ\u00e9s \u00e0 une r\u00e9flexion sur le sens de leur vie et leur relation au travail. Ce programme, intitul\u00e9 se fonde sur les principes de la logoth\u00e9rapie, une forme de psychoth\u00e9rapie destin\u00e9e \u00e0 sensibiliser l\u2019individu au sens de sa vie. Le programme invite les employ\u00e9s \u00e0 r\u00e9fl\u00e9chir, au travers d\u2019essais et d\u2019ateliers, sur leurs exp\u00e9riences personnelles, leurs priorit\u00e9s, leur raison d\u2019\u00eatre et comment leur travail y contribue ou au contraire y fait obstacle.   Les chercheurs ont conduit une exp\u00e9rience randomis\u00e9e consistant \u00e0 offrir ce programme \u00e0 un groupe dit , puis \u00e0 comparer leur carri\u00e8re, leur productivit\u00e9, leur salaire et leur satisfaction \u00e0 un groupe de contr\u00f4le. Au total, les chercheurs ont eu acc\u00e8s aux donn\u00e9es de 2\u00a0976 employ\u00e9s de la firme dans 14 pays diff\u00e9rents pendant deux ans. Il vous reste 46.48% de cet article \u00e0 lire. La suite est r\u00e9serv\u00e9e aux abonn\u00e9s.\" \/>\n<meta property=\"og:url\" content=\"https:\/\/vof-news.eu\/fr\/lamelioration-des-conditions-de-travail-pourrait-contribuer-a-lequilibre-des-caisses-de-retraite\/\" \/>\n<meta property=\"og:site_name\" content=\"vof-news.eu\" \/>\n<meta property=\"article:published_time\" content=\"2025-07-02T10:31:40+00:00\" \/>\n<meta property=\"article:modified_time\" content=\"2025-07-02T10:32:03+00:00\" \/>\n<meta name=\"author\" content=\"Author\" \/>\n<meta name=\"twitter:card\" content=\"summary_large_image\" \/>\n<meta name=\"twitter:label1\" content=\"\u00c9crit par\" \/>\n\t<meta name=\"twitter:data1\" content=\"Author\" \/>\n\t<meta name=\"twitter:label2\" content=\"Dur\u00e9e de lecture estim\u00e9e\" \/>\n\t<meta name=\"twitter:data2\" content=\"2 minutes\" \/>\n<script type=\"application\/ld+json\" class=\"yoast-schema-graph\">{\"@context\":\"https:\/\/schema.org\",\"@graph\":[{\"@type\":\"WebPage\",\"@id\":\"https:\/\/vof-news.eu\/fr\/lamelioration-des-conditions-de-travail-pourrait-contribuer-a-lequilibre-des-caisses-de-retraite\/\",\"url\":\"https:\/\/vof-news.eu\/fr\/lamelioration-des-conditions-de-travail-pourrait-contribuer-a-lequilibre-des-caisses-de-retraite\/\",\"name\":\"\u00ab\u00a0L\u2019am\u00e9lioration des conditions de travail pourrait contribuer \u00e0 l\u2019\u00e9quilibre des caisses de retraite\u00a0\u00bb - vof-news.eu\",\"isPartOf\":{\"@id\":\"https:\/\/vof-news.eu\/fr\/#website\"},\"datePublished\":\"2025-07-02T10:31:40+00:00\",\"dateModified\":\"2025-07-02T10:32:03+00:00\",\"author\":{\"@id\":\"https:\/\/vof-news.eu\/fr\/#\/schema\/person\/f6a2a4309f0561835797fd8c19b333ed\"},\"description\":\"Alors que les partenaires sociaux ont \u00e9chou\u00e9 \u00e0 trouver un accord sur la r\u00e9forme des retraites, on peut s\u2019interroger sur cette possibilit\u00e9 g\u00e2ch\u00e9e non seulement de dialogue social mais, plus profond\u00e9ment, de d\u00e9bat soci\u00e9tal. Les sociologues et les \u00e9conomistes nous alertent\u00a0: la France souffre au travail, les travailleurs veulent plus de sens et de reconnaissance. Du dialogue sur les retraites aurait pu ressortir une vraie r\u00e9flexion sur le travail et sa place dans la vie personnelle et sociale des Fran\u00e7ais. Au lieu de cela, le d\u00e9bat achoppe sur des discussions comptables et param\u00e9triques\u00a0: 66\u00a0ans et demi ou 67\u00a0ans pour l\u2019abaissement de l\u2019\u00e2ge de d\u00e9part sans d\u00e9cote\u00a0? Certificat m\u00e9dical ou pas pour reconna\u00eetre la souffrance au travail\u00a0? Une r\u00e9flexion plus profonde sur le travail permettrait de penser la fa\u00e7on dont l\u2019am\u00e9lioration des conditions de travail pourrait apporter plus de sens aux travailleurs et am\u00e9liorer leur productivit\u00e9, contribuant ainsi aux profits du patronat et \u00e0 l\u2019\u00e9quilibre des caisses de retraite. C\u2019est ce que met en \u00e9vidence l\u2019\u00e9tude \u00ab\u00a0Meaning at Work\u00a0\u00bb (le sens au travail), publi\u00e9e en mai, par quatre \u00e9conomistes, Nava Ashraf, Oriana Bandiera, Virginia Minni et Luigi Zingales, en partenariat avec une grande multinationale, dont ils taisent le nom. Un degr\u00e9 de confiance Cette \u00e9tude \u00e9value l\u2019impact d\u2019un programme invitant les employ\u00e9s \u00e0 une r\u00e9flexion sur le sens de leur vie et leur relation au travail. Ce programme, intitul\u00e9 se fonde sur les principes de la logoth\u00e9rapie, une forme de psychoth\u00e9rapie destin\u00e9e \u00e0 sensibiliser l\u2019individu au sens de sa vie. Le programme invite les employ\u00e9s \u00e0 r\u00e9fl\u00e9chir, au travers d\u2019essais et d\u2019ateliers, sur leurs exp\u00e9riences personnelles, leurs priorit\u00e9s, leur raison d\u2019\u00eatre et comment leur travail y contribue ou au contraire y fait obstacle. Les chercheurs ont conduit une exp\u00e9rience randomis\u00e9e consistant \u00e0 offrir ce programme \u00e0 un groupe dit , puis \u00e0 comparer leur carri\u00e8re, leur productivit\u00e9, leur salaire et leur satisfaction \u00e0 un groupe de contr\u00f4le. Au total, les chercheurs ont eu acc\u00e8s aux donn\u00e9es de 2\u00a0976 employ\u00e9s de la firme dans 14 pays diff\u00e9rents pendant deux ans. Il vous reste 46.48% de cet article \u00e0 lire. La suite est r\u00e9serv\u00e9e aux abonn\u00e9s.\",\"breadcrumb\":{\"@id\":\"https:\/\/vof-news.eu\/fr\/lamelioration-des-conditions-de-travail-pourrait-contribuer-a-lequilibre-des-caisses-de-retraite\/#breadcrumb\"},\"inLanguage\":\"fr-FR\",\"potentialAction\":[{\"@type\":\"ReadAction\",\"target\":[\"https:\/\/vof-news.eu\/fr\/lamelioration-des-conditions-de-travail-pourrait-contribuer-a-lequilibre-des-caisses-de-retraite\/\"]}]},{\"@type\":\"BreadcrumbList\",\"@id\":\"https:\/\/vof-news.eu\/fr\/lamelioration-des-conditions-de-travail-pourrait-contribuer-a-lequilibre-des-caisses-de-retraite\/#breadcrumb\",\"itemListElement\":[{\"@type\":\"ListItem\",\"position\":1,\"name\":\"Home\",\"item\":\"https:\/\/vof-news.eu\/fr\/\"},{\"@type\":\"ListItem\",\"position\":2,\"name\":\"\u00ab\u00a0L\u2019am\u00e9lioration des conditions de travail pourrait contribuer \u00e0 l\u2019\u00e9quilibre des caisses de retraite\u00a0\u00bb\"}]},{\"@type\":\"WebSite\",\"@id\":\"https:\/\/vof-news.eu\/fr\/#website\",\"url\":\"https:\/\/vof-news.eu\/fr\/\",\"name\":\"vof-news.eu\",\"description\":\"\",\"potentialAction\":[{\"@type\":\"SearchAction\",\"target\":{\"@type\":\"EntryPoint\",\"urlTemplate\":\"https:\/\/vof-news.eu\/fr\/?s={search_term_string}\"},\"query-input\":\"required name=search_term_string\"}],\"inLanguage\":\"fr-FR\"},{\"@type\":\"Person\",\"@id\":\"https:\/\/vof-news.eu\/fr\/#\/schema\/person\/f6a2a4309f0561835797fd8c19b333ed\",\"name\":\"Author\",\"image\":{\"@type\":\"ImageObject\",\"inLanguage\":\"fr-FR\",\"@id\":\"https:\/\/vof-news.eu\/fr\/#\/schema\/person\/image\/\",\"url\":\"https:\/\/secure.gravatar.com\/avatar\/b67e614b1b25b3e9c0c239efdd2fde5ab015b5affd6f1c3c85911ca4b384e790?s=96&d=mm&r=g\",\"contentUrl\":\"https:\/\/secure.gravatar.com\/avatar\/b67e614b1b25b3e9c0c239efdd2fde5ab015b5affd6f1c3c85911ca4b384e790?s=96&d=mm&r=g\",\"caption\":\"Author\"},\"sameAs\":[\"http:\/\/vof-news.eu\"],\"url\":\"https:\/\/vof-news.eu\/fr\/author\/zwt6qxnjulxbnyg\/\"}]}<\/script>\n<!-- \/ Yoast SEO plugin. -->","yoast_head_json":{"title":"\u00ab\u00a0L\u2019am\u00e9lioration des conditions de travail pourrait contribuer \u00e0 l\u2019\u00e9quilibre des caisses de retraite\u00a0\u00bb - vof-news.eu","description":"Alors que les partenaires sociaux ont \u00e9chou\u00e9 \u00e0 trouver un accord sur la r\u00e9forme des retraites, on peut s\u2019interroger sur cette possibilit\u00e9 g\u00e2ch\u00e9e non seulement de dialogue social mais, plus profond\u00e9ment, de d\u00e9bat soci\u00e9tal. Les sociologues et les \u00e9conomistes nous alertent\u00a0: la France souffre au travail, les travailleurs veulent plus de sens et de reconnaissance.   Du dialogue sur les retraites aurait pu ressortir une vraie r\u00e9flexion sur le travail et sa place dans la vie personnelle et sociale des Fran\u00e7ais. Au lieu de cela, le d\u00e9bat achoppe sur des discussions comptables et param\u00e9triques\u00a0: 66\u00a0ans et demi ou 67\u00a0ans pour l\u2019abaissement de l\u2019\u00e2ge de d\u00e9part sans d\u00e9cote\u00a0? Certificat m\u00e9dical ou pas pour reconna\u00eetre la souffrance au travail\u00a0? Une r\u00e9flexion plus profonde sur le travail permettrait de penser la fa\u00e7on dont l\u2019am\u00e9lioration des conditions de travail pourrait apporter plus de sens aux travailleurs et am\u00e9liorer leur productivit\u00e9, contribuant ainsi aux profits du patronat et \u00e0 l\u2019\u00e9quilibre des caisses de retraite. C\u2019est ce que met en \u00e9vidence l\u2019\u00e9tude \u00ab\u00a0Meaning at Work\u00a0\u00bb (le sens au travail), publi\u00e9e en mai, par quatre \u00e9conomistes, Nava Ashraf, Oriana Bandiera, Virginia Minni et Luigi Zingales, en partenariat avec une grande multinationale, dont ils taisent le nom. Un degr\u00e9 de confiance Cette \u00e9tude \u00e9value l\u2019impact d\u2019un programme invitant les employ\u00e9s \u00e0 une r\u00e9flexion sur le sens de leur vie et leur relation au travail. Ce programme, intitul\u00e9 se fonde sur les principes de la logoth\u00e9rapie, une forme de psychoth\u00e9rapie destin\u00e9e \u00e0 sensibiliser l\u2019individu au sens de sa vie. Le programme invite les employ\u00e9s \u00e0 r\u00e9fl\u00e9chir, au travers d\u2019essais et d\u2019ateliers, sur leurs exp\u00e9riences personnelles, leurs priorit\u00e9s, leur raison d\u2019\u00eatre et comment leur travail y contribue ou au contraire y fait obstacle.   Les chercheurs ont conduit une exp\u00e9rience randomis\u00e9e consistant \u00e0 offrir ce programme \u00e0 un groupe dit , puis \u00e0 comparer leur carri\u00e8re, leur productivit\u00e9, leur salaire et leur satisfaction \u00e0 un groupe de contr\u00f4le. Au total, les chercheurs ont eu acc\u00e8s aux donn\u00e9es de 2\u00a0976 employ\u00e9s de la firme dans 14 pays diff\u00e9rents pendant deux ans. Il vous reste 46.48% de cet article \u00e0 lire. La suite est r\u00e9serv\u00e9e aux abonn\u00e9s.","robots":{"index":"noindex","follow":"follow","max-snippet":"max-snippet:-1","max-image-preview":"max-image-preview:large","max-video-preview":"max-video-preview:-1"},"og_locale":"fr_FR","og_type":"article","og_title":"\u00ab\u00a0L\u2019am\u00e9lioration des conditions de travail pourrait contribuer \u00e0 l\u2019\u00e9quilibre des caisses de retraite\u00a0\u00bb - vof-news.eu","og_description":"Alors que les partenaires sociaux ont \u00e9chou\u00e9 \u00e0 trouver un accord sur la r\u00e9forme des retraites, on peut s\u2019interroger sur cette possibilit\u00e9 g\u00e2ch\u00e9e non seulement de dialogue social mais, plus profond\u00e9ment, de d\u00e9bat soci\u00e9tal. Les sociologues et les \u00e9conomistes nous alertent\u00a0: la France souffre au travail, les travailleurs veulent plus de sens et de reconnaissance.   Du dialogue sur les retraites aurait pu ressortir une vraie r\u00e9flexion sur le travail et sa place dans la vie personnelle et sociale des Fran\u00e7ais. Au lieu de cela, le d\u00e9bat achoppe sur des discussions comptables et param\u00e9triques\u00a0: 66\u00a0ans et demi ou 67\u00a0ans pour l\u2019abaissement de l\u2019\u00e2ge de d\u00e9part sans d\u00e9cote\u00a0? Certificat m\u00e9dical ou pas pour reconna\u00eetre la souffrance au travail\u00a0? Une r\u00e9flexion plus profonde sur le travail permettrait de penser la fa\u00e7on dont l\u2019am\u00e9lioration des conditions de travail pourrait apporter plus de sens aux travailleurs et am\u00e9liorer leur productivit\u00e9, contribuant ainsi aux profits du patronat et \u00e0 l\u2019\u00e9quilibre des caisses de retraite. C\u2019est ce que met en \u00e9vidence l\u2019\u00e9tude \u00ab\u00a0Meaning at Work\u00a0\u00bb (le sens au travail), publi\u00e9e en mai, par quatre \u00e9conomistes, Nava Ashraf, Oriana Bandiera, Virginia Minni et Luigi Zingales, en partenariat avec une grande multinationale, dont ils taisent le nom. Un degr\u00e9 de confiance Cette \u00e9tude \u00e9value l\u2019impact d\u2019un programme invitant les employ\u00e9s \u00e0 une r\u00e9flexion sur le sens de leur vie et leur relation au travail. Ce programme, intitul\u00e9 se fonde sur les principes de la logoth\u00e9rapie, une forme de psychoth\u00e9rapie destin\u00e9e \u00e0 sensibiliser l\u2019individu au sens de sa vie. Le programme invite les employ\u00e9s \u00e0 r\u00e9fl\u00e9chir, au travers d\u2019essais et d\u2019ateliers, sur leurs exp\u00e9riences personnelles, leurs priorit\u00e9s, leur raison d\u2019\u00eatre et comment leur travail y contribue ou au contraire y fait obstacle.   Les chercheurs ont conduit une exp\u00e9rience randomis\u00e9e consistant \u00e0 offrir ce programme \u00e0 un groupe dit , puis \u00e0 comparer leur carri\u00e8re, leur productivit\u00e9, leur salaire et leur satisfaction \u00e0 un groupe de contr\u00f4le. Au total, les chercheurs ont eu acc\u00e8s aux donn\u00e9es de 2\u00a0976 employ\u00e9s de la firme dans 14 pays diff\u00e9rents pendant deux ans. Il vous reste 46.48% de cet article \u00e0 lire. La suite est r\u00e9serv\u00e9e aux abonn\u00e9s.","og_url":"https:\/\/vof-news.eu\/fr\/lamelioration-des-conditions-de-travail-pourrait-contribuer-a-lequilibre-des-caisses-de-retraite\/","og_site_name":"vof-news.eu","article_published_time":"2025-07-02T10:31:40+00:00","article_modified_time":"2025-07-02T10:32:03+00:00","author":"Author","twitter_card":"summary_large_image","twitter_misc":{"\u00c9crit par":"Author","Dur\u00e9e de lecture estim\u00e9e":"2 minutes"},"schema":{"@context":"https:\/\/schema.org","@graph":[{"@type":"WebPage","@id":"https:\/\/vof-news.eu\/fr\/lamelioration-des-conditions-de-travail-pourrait-contribuer-a-lequilibre-des-caisses-de-retraite\/","url":"https:\/\/vof-news.eu\/fr\/lamelioration-des-conditions-de-travail-pourrait-contribuer-a-lequilibre-des-caisses-de-retraite\/","name":"\u00ab\u00a0L\u2019am\u00e9lioration des conditions de travail pourrait contribuer \u00e0 l\u2019\u00e9quilibre des caisses de retraite\u00a0\u00bb - vof-news.eu","isPartOf":{"@id":"https:\/\/vof-news.eu\/fr\/#website"},"datePublished":"2025-07-02T10:31:40+00:00","dateModified":"2025-07-02T10:32:03+00:00","author":{"@id":"https:\/\/vof-news.eu\/fr\/#\/schema\/person\/f6a2a4309f0561835797fd8c19b333ed"},"description":"Alors que les partenaires sociaux ont \u00e9chou\u00e9 \u00e0 trouver un accord sur la r\u00e9forme des retraites, on peut s\u2019interroger sur cette possibilit\u00e9 g\u00e2ch\u00e9e non seulement de dialogue social mais, plus profond\u00e9ment, de d\u00e9bat soci\u00e9tal. Les sociologues et les \u00e9conomistes nous alertent\u00a0: la France souffre au travail, les travailleurs veulent plus de sens et de reconnaissance. Du dialogue sur les retraites aurait pu ressortir une vraie r\u00e9flexion sur le travail et sa place dans la vie personnelle et sociale des Fran\u00e7ais. Au lieu de cela, le d\u00e9bat achoppe sur des discussions comptables et param\u00e9triques\u00a0: 66\u00a0ans et demi ou 67\u00a0ans pour l\u2019abaissement de l\u2019\u00e2ge de d\u00e9part sans d\u00e9cote\u00a0? Certificat m\u00e9dical ou pas pour reconna\u00eetre la souffrance au travail\u00a0? Une r\u00e9flexion plus profonde sur le travail permettrait de penser la fa\u00e7on dont l\u2019am\u00e9lioration des conditions de travail pourrait apporter plus de sens aux travailleurs et am\u00e9liorer leur productivit\u00e9, contribuant ainsi aux profits du patronat et \u00e0 l\u2019\u00e9quilibre des caisses de retraite. C\u2019est ce que met en \u00e9vidence l\u2019\u00e9tude \u00ab\u00a0Meaning at Work\u00a0\u00bb (le sens au travail), publi\u00e9e en mai, par quatre \u00e9conomistes, Nava Ashraf, Oriana Bandiera, Virginia Minni et Luigi Zingales, en partenariat avec une grande multinationale, dont ils taisent le nom. Un degr\u00e9 de confiance Cette \u00e9tude \u00e9value l\u2019impact d\u2019un programme invitant les employ\u00e9s \u00e0 une r\u00e9flexion sur le sens de leur vie et leur relation au travail. Ce programme, intitul\u00e9 se fonde sur les principes de la logoth\u00e9rapie, une forme de psychoth\u00e9rapie destin\u00e9e \u00e0 sensibiliser l\u2019individu au sens de sa vie. Le programme invite les employ\u00e9s \u00e0 r\u00e9fl\u00e9chir, au travers d\u2019essais et d\u2019ateliers, sur leurs exp\u00e9riences personnelles, leurs priorit\u00e9s, leur raison d\u2019\u00eatre et comment leur travail y contribue ou au contraire y fait obstacle. Les chercheurs ont conduit une exp\u00e9rience randomis\u00e9e consistant \u00e0 offrir ce programme \u00e0 un groupe dit , puis \u00e0 comparer leur carri\u00e8re, leur productivit\u00e9, leur salaire et leur satisfaction \u00e0 un groupe de contr\u00f4le. Au total, les chercheurs ont eu acc\u00e8s aux donn\u00e9es de 2\u00a0976 employ\u00e9s de la firme dans 14 pays diff\u00e9rents pendant deux ans. Il vous reste 46.48% de cet article \u00e0 lire. La suite est r\u00e9serv\u00e9e aux abonn\u00e9s.","breadcrumb":{"@id":"https:\/\/vof-news.eu\/fr\/lamelioration-des-conditions-de-travail-pourrait-contribuer-a-lequilibre-des-caisses-de-retraite\/#breadcrumb"},"inLanguage":"fr-FR","potentialAction":[{"@type":"ReadAction","target":["https:\/\/vof-news.eu\/fr\/lamelioration-des-conditions-de-travail-pourrait-contribuer-a-lequilibre-des-caisses-de-retraite\/"]}]},{"@type":"BreadcrumbList","@id":"https:\/\/vof-news.eu\/fr\/lamelioration-des-conditions-de-travail-pourrait-contribuer-a-lequilibre-des-caisses-de-retraite\/#breadcrumb","itemListElement":[{"@type":"ListItem","position":1,"name":"Home","item":"https:\/\/vof-news.eu\/fr\/"},{"@type":"ListItem","position":2,"name":"\u00ab\u00a0L\u2019am\u00e9lioration des conditions de travail pourrait contribuer \u00e0 l\u2019\u00e9quilibre des caisses de retraite\u00a0\u00bb"}]},{"@type":"WebSite","@id":"https:\/\/vof-news.eu\/fr\/#website","url":"https:\/\/vof-news.eu\/fr\/","name":"vof-news.eu","description":"","potentialAction":[{"@type":"SearchAction","target":{"@type":"EntryPoint","urlTemplate":"https:\/\/vof-news.eu\/fr\/?s={search_term_string}"},"query-input":"required name=search_term_string"}],"inLanguage":"fr-FR"},{"@type":"Person","@id":"https:\/\/vof-news.eu\/fr\/#\/schema\/person\/f6a2a4309f0561835797fd8c19b333ed","name":"Author","image":{"@type":"ImageObject","inLanguage":"fr-FR","@id":"https:\/\/vof-news.eu\/fr\/#\/schema\/person\/image\/","url":"https:\/\/secure.gravatar.com\/avatar\/b67e614b1b25b3e9c0c239efdd2fde5ab015b5affd6f1c3c85911ca4b384e790?s=96&d=mm&r=g","contentUrl":"https:\/\/secure.gravatar.com\/avatar\/b67e614b1b25b3e9c0c239efdd2fde5ab015b5affd6f1c3c85911ca4b384e790?s=96&d=mm&r=g","caption":"Author"},"sameAs":["http:\/\/vof-news.eu"],"url":"https:\/\/vof-news.eu\/fr\/author\/zwt6qxnjulxbnyg\/"}]}},"yoast_meta":{"yoast_wpseo_title":"","yoast_wpseo_metadesc":"","yoast_wpseo_canonical":""},"_links":{"self":[{"href":"https:\/\/vof-news.eu\/fr\/wp-json\/wp\/v2\/posts\/245390","targetHints":{"allow":["GET"]}}],"collection":[{"href":"https:\/\/vof-news.eu\/fr\/wp-json\/wp\/v2\/posts"}],"about":[{"href":"https:\/\/vof-news.eu\/fr\/wp-json\/wp\/v2\/types\/post"}],"author":[{"embeddable":true,"href":"https:\/\/vof-news.eu\/fr\/wp-json\/wp\/v2\/users\/1"}],"replies":[{"embeddable":true,"href":"https:\/\/vof-news.eu\/fr\/wp-json\/wp\/v2\/comments?post=245390"}],"version-history":[{"count":1,"href":"https:\/\/vof-news.eu\/fr\/wp-json\/wp\/v2\/posts\/245390\/revisions"}],"predecessor-version":[{"id":245391,"href":"https:\/\/vof-news.eu\/fr\/wp-json\/wp\/v2\/posts\/245390\/revisions\/245391"}],"wp:attachment":[{"href":"https:\/\/vof-news.eu\/fr\/wp-json\/wp\/v2\/media?parent=245390"}],"wp:term":[{"taxonomy":"category","embeddable":true,"href":"https:\/\/vof-news.eu\/fr\/wp-json\/wp\/v2\/categories?post=245390"},{"taxonomy":"post_tag","embeddable":true,"href":"https:\/\/vof-news.eu\/fr\/wp-json\/wp\/v2\/tags?post=245390"}],"curies":[{"name":"wp","href":"https:\/\/api.w.org\/{rel}","templated":true}]}}