{"id":245338,"date":"2025-07-02T11:33:08","date_gmt":"2025-07-02T08:33:08","guid":{"rendered":"https:\/\/vof-news.eu\/comment-edf-tente-dadapter-le-fonctionnement-de-ses-centrales-nucleaires-au-dereglement-climatique\/"},"modified":"2025-07-02T11:33:23","modified_gmt":"2025-07-02T08:33:23","slug":"comment-edf-tente-dadapter-le-fonctionnement-de-ses-centrales-nucleaires-au-dereglement-climatique","status":"publish","type":"post","link":"https:\/\/vof-news.eu\/fr\/comment-edf-tente-dadapter-le-fonctionnement-de-ses-centrales-nucleaires-au-dereglement-climatique\/","title":{"rendered":"Comment EDF tente d\u2019adapter le fonctionnement de ses centrales nucl\u00e9aires au d\u00e9r\u00e8glement climatique"},"content":{"rendered":"<article>\n<p>Quel est l\u2019effet, d\u00e8s \u00e0 pr\u00e9sent, du r\u00e9chauffement climatique sur les installations d\u2019EDF\u00a0? La question n\u2019est pas \u00e0 prendre \u00e0 la l\u00e9g\u00e8re pour l\u2019unique exploitant du parc nucl\u00e9aire fran\u00e7ais, principale source de production \u00e9lectrique dans le pays (\u00e0 plus de 60\u00a0% encore, mardi 1<sup>er<\/sup>\u00a0juillet). D\u2019autant que le recours aux climatiseurs, donc \u00e0 l\u2019\u00e9lectricit\u00e9, est appel\u00e9 \u00e0 cro\u00eetre. Selon les donn\u00e9es du gestionnaire R\u00e9seau de transport d\u2019\u00e9lectricit\u00e9 (RTE), la consommation \u00e9lectrique a bondi de 13\u00a0%, lundi 30\u00a0juin \u00e0 13\u00a0heures, jour de canicule, par rapport \u00e0 la m\u00eame date en\u00a02024 \u2013 m\u00eame si les facteurs pr\u00e9cis de cette hausse ne sont pas connus.<\/p>\n<section>   <\/section>\n<p>Pour l\u2019heure, les ph\u00e9nom\u00e8nes de s\u00e9cheresse et de canicule n\u2019ont qu\u2019un effet sur le fonctionnement du parc nucl\u00e9aire fran\u00e7ais, fait valoir EDF. Selon le groupe public, depuis 2000, les pertes de production pour cause de temp\u00e9rature \u00e9lev\u00e9e et de faible d\u00e9bit des fleuves n\u2019ont repr\u00e9sent\u00e9 en moyenne que 0,3\u00a0% de la production annuelle des r\u00e9acteurs. D\u2019apr\u00e8s ses mod\u00e9lisations, pour 2025.Soit plus ou moins le m\u00eame pourcentage que durant la grande canicule de 2003. Mais \u00e9crivait la Cour des comptes, en\u00a0mars\u00a02024, dans son rapport public annuel.<\/p>\n<p><strong>Il vous reste 75.23% de cet article \u00e0 lire. La suite est r\u00e9serv\u00e9e aux abonn\u00e9s.<\/strong><\/p>\n<\/article>\n","protected":false},"excerpt":{"rendered":"<p>Quel est l\u2019effet, d\u00e8s \u00e0 pr\u00e9sent, du r\u00e9chauffement climatique sur les installations d\u2019EDF\u00a0? La question n\u2019est pas \u00e0 prendre \u00e0 la l\u00e9g\u00e8re pour l\u2019unique exploitant du parc nucl\u00e9aire fran\u00e7ais, principale source de production \u00e9lectrique dans le pays (\u00e0 plus de 60\u00a0% encore, mardi 1er\u00a0juillet). D\u2019autant que le recours aux climatiseurs, donc \u00e0 l\u2019\u00e9lectricit\u00e9, est appel\u00e9<\/p>\n","protected":false},"author":1,"featured_media":245339,"comment_status":"open","ping_status":"open","sticky":false,"template":"","format":"standard","meta":{"footnotes":""},"categories":[58],"tags":[],"class_list":["post-245338","post","type-post","status-publish","format-standard","has-post-thumbnail","hentry","category-business-fr"],"acf":[],"yoast_head":"<!-- This site is optimized with the Yoast SEO plugin v22.9 - https:\/\/yoast.com\/wordpress\/plugins\/seo\/ -->\n<title>Comment EDF tente d\u2019adapter le fonctionnement de ses centrales nucl\u00e9aires au d\u00e9r\u00e8glement climatique - vof-news.eu<\/title>\n<meta name=\"description\" content=\"Quel est l\u2019effet, d\u00e8s \u00e0 pr\u00e9sent, du r\u00e9chauffement climatique sur les installations d\u2019EDF\u00a0? La question n\u2019est pas \u00e0 prendre \u00e0 la l\u00e9g\u00e8re pour l\u2019unique exploitant du parc nucl\u00e9aire fran\u00e7ais, principale source de production \u00e9lectrique dans le pays (\u00e0 plus de 60\u00a0% encore, mardi 1er\u00a0juillet). D\u2019autant que le recours aux climatiseurs, donc \u00e0 l\u2019\u00e9lectricit\u00e9, est appel\u00e9 \u00e0 cro\u00eetre. Selon les donn\u00e9es du gestionnaire R\u00e9seau de transport d\u2019\u00e9lectricit\u00e9 (RTE), la consommation \u00e9lectrique a bondi de 13\u00a0%, lundi 30\u00a0juin \u00e0 13\u00a0heures, jour de canicule, par rapport \u00e0 la m\u00eame date en\u00a02024 \u2013 m\u00eame si les facteurs pr\u00e9cis de cette hausse ne sont pas connus.   Pour l\u2019heure, les ph\u00e9nom\u00e8nes de s\u00e9cheresse et de canicule n\u2019ont qu\u2019un effet sur le fonctionnement du parc nucl\u00e9aire fran\u00e7ais, fait valoir EDF. Selon le groupe public, depuis 2000, les pertes de production pour cause de temp\u00e9rature \u00e9lev\u00e9e et de faible d\u00e9bit des fleuves n\u2019ont repr\u00e9sent\u00e9 en moyenne que 0,3\u00a0% de la production annuelle des r\u00e9acteurs. D\u2019apr\u00e8s ses mod\u00e9lisations, pour 2025.Soit plus ou moins le m\u00eame pourcentage que durant la grande canicule de 2003. Mais \u00e9crivait la Cour des comptes, en\u00a0mars\u00a02024, dans son rapport public annuel. Il vous reste 75.23% de cet article \u00e0 lire. La suite est r\u00e9serv\u00e9e aux abonn\u00e9s.\" \/>\n<meta name=\"robots\" content=\"noindex, follow, max-snippet:-1, max-image-preview:large, max-video-preview:-1\" \/>\n<meta property=\"og:locale\" content=\"fr_FR\" \/>\n<meta property=\"og:type\" content=\"article\" \/>\n<meta property=\"og:title\" content=\"Comment EDF tente d\u2019adapter le fonctionnement de ses centrales nucl\u00e9aires au d\u00e9r\u00e8glement climatique - vof-news.eu\" \/>\n<meta property=\"og:description\" content=\"Quel est l\u2019effet, d\u00e8s \u00e0 pr\u00e9sent, du r\u00e9chauffement climatique sur les installations d\u2019EDF\u00a0? La question n\u2019est pas \u00e0 prendre \u00e0 la l\u00e9g\u00e8re pour l\u2019unique exploitant du parc nucl\u00e9aire fran\u00e7ais, principale source de production \u00e9lectrique dans le pays (\u00e0 plus de 60\u00a0% encore, mardi 1er\u00a0juillet). D\u2019autant que le recours aux climatiseurs, donc \u00e0 l\u2019\u00e9lectricit\u00e9, est appel\u00e9 \u00e0 cro\u00eetre. Selon les donn\u00e9es du gestionnaire R\u00e9seau de transport d\u2019\u00e9lectricit\u00e9 (RTE), la consommation \u00e9lectrique a bondi de 13\u00a0%, lundi 30\u00a0juin \u00e0 13\u00a0heures, jour de canicule, par rapport \u00e0 la m\u00eame date en\u00a02024 \u2013 m\u00eame si les facteurs pr\u00e9cis de cette hausse ne sont pas connus.   Pour l\u2019heure, les ph\u00e9nom\u00e8nes de s\u00e9cheresse et de canicule n\u2019ont qu\u2019un effet sur le fonctionnement du parc nucl\u00e9aire fran\u00e7ais, fait valoir EDF. Selon le groupe public, depuis 2000, les pertes de production pour cause de temp\u00e9rature \u00e9lev\u00e9e et de faible d\u00e9bit des fleuves n\u2019ont repr\u00e9sent\u00e9 en moyenne que 0,3\u00a0% de la production annuelle des r\u00e9acteurs. D\u2019apr\u00e8s ses mod\u00e9lisations, pour 2025.Soit plus ou moins le m\u00eame pourcentage que durant la grande canicule de 2003. Mais \u00e9crivait la Cour des comptes, en\u00a0mars\u00a02024, dans son rapport public annuel. Il vous reste 75.23% de cet article \u00e0 lire. La suite est r\u00e9serv\u00e9e aux abonn\u00e9s.\" \/>\n<meta property=\"og:url\" content=\"https:\/\/vof-news.eu\/fr\/comment-edf-tente-dadapter-le-fonctionnement-de-ses-centrales-nucleaires-au-dereglement-climatique\/\" \/>\n<meta property=\"og:site_name\" content=\"vof-news.eu\" \/>\n<meta property=\"article:published_time\" content=\"2025-07-02T08:33:08+00:00\" \/>\n<meta property=\"article:modified_time\" content=\"2025-07-02T08:33:23+00:00\" \/>\n<meta property=\"og:image\" content=\"https:\/\/vof-news.eu\/wp-content\/uploads\/2025\/07\/9e6e67c_upload-1-kzau1kbbbh2h-000-34gc7qx.jpg\" \/>\n\t<meta property=\"og:image:width\" content=\"664\" \/>\n\t<meta property=\"og:image:height\" content=\"442\" \/>\n\t<meta property=\"og:image:type\" content=\"image\/jpeg\" \/>\n<meta name=\"author\" content=\"Author\" \/>\n<meta name=\"twitter:card\" content=\"summary_large_image\" \/>\n<meta name=\"twitter:label1\" content=\"\u00c9crit par\" \/>\n\t<meta name=\"twitter:data1\" content=\"Author\" \/>\n\t<meta name=\"twitter:label2\" content=\"Dur\u00e9e de lecture estim\u00e9e\" \/>\n\t<meta name=\"twitter:data2\" content=\"1 minute\" \/>\n<script type=\"application\/ld+json\" class=\"yoast-schema-graph\">{\"@context\":\"https:\/\/schema.org\",\"@graph\":[{\"@type\":\"WebPage\",\"@id\":\"https:\/\/vof-news.eu\/fr\/comment-edf-tente-dadapter-le-fonctionnement-de-ses-centrales-nucleaires-au-dereglement-climatique\/\",\"url\":\"https:\/\/vof-news.eu\/fr\/comment-edf-tente-dadapter-le-fonctionnement-de-ses-centrales-nucleaires-au-dereglement-climatique\/\",\"name\":\"Comment EDF tente d\u2019adapter le fonctionnement de ses centrales nucl\u00e9aires au d\u00e9r\u00e8glement climatique - vof-news.eu\",\"isPartOf\":{\"@id\":\"https:\/\/vof-news.eu\/fr\/#website\"},\"primaryImageOfPage\":{\"@id\":\"https:\/\/vof-news.eu\/fr\/comment-edf-tente-dadapter-le-fonctionnement-de-ses-centrales-nucleaires-au-dereglement-climatique\/#primaryimage\"},\"image\":{\"@id\":\"https:\/\/vof-news.eu\/fr\/comment-edf-tente-dadapter-le-fonctionnement-de-ses-centrales-nucleaires-au-dereglement-climatique\/#primaryimage\"},\"thumbnailUrl\":\"https:\/\/vof-news.eu\/wp-content\/uploads\/2025\/07\/9e6e67c_upload-1-kzau1kbbbh2h-000-34gc7qx.jpg\",\"datePublished\":\"2025-07-02T08:33:08+00:00\",\"dateModified\":\"2025-07-02T08:33:23+00:00\",\"author\":{\"@id\":\"https:\/\/vof-news.eu\/fr\/#\/schema\/person\/f6a2a4309f0561835797fd8c19b333ed\"},\"description\":\"Quel est l\u2019effet, d\u00e8s \u00e0 pr\u00e9sent, du r\u00e9chauffement climatique sur les installations d\u2019EDF\u00a0? La question n\u2019est pas \u00e0 prendre \u00e0 la l\u00e9g\u00e8re pour l\u2019unique exploitant du parc nucl\u00e9aire fran\u00e7ais, principale source de production \u00e9lectrique dans le pays (\u00e0 plus de 60\u00a0% encore, mardi 1er\u00a0juillet). D\u2019autant que le recours aux climatiseurs, donc \u00e0 l\u2019\u00e9lectricit\u00e9, est appel\u00e9 \u00e0 cro\u00eetre. Selon les donn\u00e9es du gestionnaire R\u00e9seau de transport d\u2019\u00e9lectricit\u00e9 (RTE), la consommation \u00e9lectrique a bondi de 13\u00a0%, lundi 30\u00a0juin \u00e0 13\u00a0heures, jour de canicule, par rapport \u00e0 la m\u00eame date en\u00a02024 \u2013 m\u00eame si les facteurs pr\u00e9cis de cette hausse ne sont pas connus. Pour l\u2019heure, les ph\u00e9nom\u00e8nes de s\u00e9cheresse et de canicule n\u2019ont qu\u2019un effet sur le fonctionnement du parc nucl\u00e9aire fran\u00e7ais, fait valoir EDF. Selon le groupe public, depuis 2000, les pertes de production pour cause de temp\u00e9rature \u00e9lev\u00e9e et de faible d\u00e9bit des fleuves n\u2019ont repr\u00e9sent\u00e9 en moyenne que 0,3\u00a0% de la production annuelle des r\u00e9acteurs. D\u2019apr\u00e8s ses mod\u00e9lisations, pour 2025.Soit plus ou moins le m\u00eame pourcentage que durant la grande canicule de 2003. Mais \u00e9crivait la Cour des comptes, en\u00a0mars\u00a02024, dans son rapport public annuel. Il vous reste 75.23% de cet article \u00e0 lire. La suite est r\u00e9serv\u00e9e aux abonn\u00e9s.\",\"breadcrumb\":{\"@id\":\"https:\/\/vof-news.eu\/fr\/comment-edf-tente-dadapter-le-fonctionnement-de-ses-centrales-nucleaires-au-dereglement-climatique\/#breadcrumb\"},\"inLanguage\":\"fr-FR\",\"potentialAction\":[{\"@type\":\"ReadAction\",\"target\":[\"https:\/\/vof-news.eu\/fr\/comment-edf-tente-dadapter-le-fonctionnement-de-ses-centrales-nucleaires-au-dereglement-climatique\/\"]}]},{\"@type\":\"ImageObject\",\"inLanguage\":\"fr-FR\",\"@id\":\"https:\/\/vof-news.eu\/fr\/comment-edf-tente-dadapter-le-fonctionnement-de-ses-centrales-nucleaires-au-dereglement-climatique\/#primaryimage\",\"url\":\"https:\/\/vof-news.eu\/wp-content\/uploads\/2025\/07\/9e6e67c_upload-1-kzau1kbbbh2h-000-34gc7qx.jpg\",\"contentUrl\":\"https:\/\/vof-news.eu\/wp-content\/uploads\/2025\/07\/9e6e67c_upload-1-kzau1kbbbh2h-000-34gc7qx.jpg\",\"width\":664,\"height\":442},{\"@type\":\"BreadcrumbList\",\"@id\":\"https:\/\/vof-news.eu\/fr\/comment-edf-tente-dadapter-le-fonctionnement-de-ses-centrales-nucleaires-au-dereglement-climatique\/#breadcrumb\",\"itemListElement\":[{\"@type\":\"ListItem\",\"position\":1,\"name\":\"Home\",\"item\":\"https:\/\/vof-news.eu\/fr\/\"},{\"@type\":\"ListItem\",\"position\":2,\"name\":\"Comment EDF tente d\u2019adapter le fonctionnement de ses centrales nucl\u00e9aires au d\u00e9r\u00e8glement climatique\"}]},{\"@type\":\"WebSite\",\"@id\":\"https:\/\/vof-news.eu\/fr\/#website\",\"url\":\"https:\/\/vof-news.eu\/fr\/\",\"name\":\"vof-news.eu\",\"description\":\"\",\"potentialAction\":[{\"@type\":\"SearchAction\",\"target\":{\"@type\":\"EntryPoint\",\"urlTemplate\":\"https:\/\/vof-news.eu\/fr\/?s={search_term_string}\"},\"query-input\":\"required name=search_term_string\"}],\"inLanguage\":\"fr-FR\"},{\"@type\":\"Person\",\"@id\":\"https:\/\/vof-news.eu\/fr\/#\/schema\/person\/f6a2a4309f0561835797fd8c19b333ed\",\"name\":\"Author\",\"image\":{\"@type\":\"ImageObject\",\"inLanguage\":\"fr-FR\",\"@id\":\"https:\/\/vof-news.eu\/fr\/#\/schema\/person\/image\/\",\"url\":\"https:\/\/secure.gravatar.com\/avatar\/b67e614b1b25b3e9c0c239efdd2fde5ab015b5affd6f1c3c85911ca4b384e790?s=96&d=mm&r=g\",\"contentUrl\":\"https:\/\/secure.gravatar.com\/avatar\/b67e614b1b25b3e9c0c239efdd2fde5ab015b5affd6f1c3c85911ca4b384e790?s=96&d=mm&r=g\",\"caption\":\"Author\"},\"sameAs\":[\"http:\/\/vof-news.eu\"],\"url\":\"https:\/\/vof-news.eu\/fr\/author\/zwt6qxnjulxbnyg\/\"}]}<\/script>\n<!-- \/ Yoast SEO plugin. -->","yoast_head_json":{"title":"Comment EDF tente d\u2019adapter le fonctionnement de ses centrales nucl\u00e9aires au d\u00e9r\u00e8glement climatique - vof-news.eu","description":"Quel est l\u2019effet, d\u00e8s \u00e0 pr\u00e9sent, du r\u00e9chauffement climatique sur les installations d\u2019EDF\u00a0? La question n\u2019est pas \u00e0 prendre \u00e0 la l\u00e9g\u00e8re pour l\u2019unique exploitant du parc nucl\u00e9aire fran\u00e7ais, principale source de production \u00e9lectrique dans le pays (\u00e0 plus de 60\u00a0% encore, mardi 1er\u00a0juillet). D\u2019autant que le recours aux climatiseurs, donc \u00e0 l\u2019\u00e9lectricit\u00e9, est appel\u00e9 \u00e0 cro\u00eetre. Selon les donn\u00e9es du gestionnaire R\u00e9seau de transport d\u2019\u00e9lectricit\u00e9 (RTE), la consommation \u00e9lectrique a bondi de 13\u00a0%, lundi 30\u00a0juin \u00e0 13\u00a0heures, jour de canicule, par rapport \u00e0 la m\u00eame date en\u00a02024 \u2013 m\u00eame si les facteurs pr\u00e9cis de cette hausse ne sont pas connus.   Pour l\u2019heure, les ph\u00e9nom\u00e8nes de s\u00e9cheresse et de canicule n\u2019ont qu\u2019un effet sur le fonctionnement du parc nucl\u00e9aire fran\u00e7ais, fait valoir EDF. Selon le groupe public, depuis 2000, les pertes de production pour cause de temp\u00e9rature \u00e9lev\u00e9e et de faible d\u00e9bit des fleuves n\u2019ont repr\u00e9sent\u00e9 en moyenne que 0,3\u00a0% de la production annuelle des r\u00e9acteurs. D\u2019apr\u00e8s ses mod\u00e9lisations, pour 2025.Soit plus ou moins le m\u00eame pourcentage que durant la grande canicule de 2003. Mais \u00e9crivait la Cour des comptes, en\u00a0mars\u00a02024, dans son rapport public annuel. Il vous reste 75.23% de cet article \u00e0 lire. La suite est r\u00e9serv\u00e9e aux abonn\u00e9s.","robots":{"index":"noindex","follow":"follow","max-snippet":"max-snippet:-1","max-image-preview":"max-image-preview:large","max-video-preview":"max-video-preview:-1"},"og_locale":"fr_FR","og_type":"article","og_title":"Comment EDF tente d\u2019adapter le fonctionnement de ses centrales nucl\u00e9aires au d\u00e9r\u00e8glement climatique - vof-news.eu","og_description":"Quel est l\u2019effet, d\u00e8s \u00e0 pr\u00e9sent, du r\u00e9chauffement climatique sur les installations d\u2019EDF\u00a0? La question n\u2019est pas \u00e0 prendre \u00e0 la l\u00e9g\u00e8re pour l\u2019unique exploitant du parc nucl\u00e9aire fran\u00e7ais, principale source de production \u00e9lectrique dans le pays (\u00e0 plus de 60\u00a0% encore, mardi 1er\u00a0juillet). D\u2019autant que le recours aux climatiseurs, donc \u00e0 l\u2019\u00e9lectricit\u00e9, est appel\u00e9 \u00e0 cro\u00eetre. Selon les donn\u00e9es du gestionnaire R\u00e9seau de transport d\u2019\u00e9lectricit\u00e9 (RTE), la consommation \u00e9lectrique a bondi de 13\u00a0%, lundi 30\u00a0juin \u00e0 13\u00a0heures, jour de canicule, par rapport \u00e0 la m\u00eame date en\u00a02024 \u2013 m\u00eame si les facteurs pr\u00e9cis de cette hausse ne sont pas connus.   Pour l\u2019heure, les ph\u00e9nom\u00e8nes de s\u00e9cheresse et de canicule n\u2019ont qu\u2019un effet sur le fonctionnement du parc nucl\u00e9aire fran\u00e7ais, fait valoir EDF. Selon le groupe public, depuis 2000, les pertes de production pour cause de temp\u00e9rature \u00e9lev\u00e9e et de faible d\u00e9bit des fleuves n\u2019ont repr\u00e9sent\u00e9 en moyenne que 0,3\u00a0% de la production annuelle des r\u00e9acteurs. D\u2019apr\u00e8s ses mod\u00e9lisations, pour 2025.Soit plus ou moins le m\u00eame pourcentage que durant la grande canicule de 2003. Mais \u00e9crivait la Cour des comptes, en\u00a0mars\u00a02024, dans son rapport public annuel. Il vous reste 75.23% de cet article \u00e0 lire. La suite est r\u00e9serv\u00e9e aux abonn\u00e9s.","og_url":"https:\/\/vof-news.eu\/fr\/comment-edf-tente-dadapter-le-fonctionnement-de-ses-centrales-nucleaires-au-dereglement-climatique\/","og_site_name":"vof-news.eu","article_published_time":"2025-07-02T08:33:08+00:00","article_modified_time":"2025-07-02T08:33:23+00:00","og_image":[{"width":664,"height":442,"url":"https:\/\/vof-news.eu\/wp-content\/uploads\/2025\/07\/9e6e67c_upload-1-kzau1kbbbh2h-000-34gc7qx.jpg","type":"image\/jpeg"}],"author":"Author","twitter_card":"summary_large_image","twitter_misc":{"\u00c9crit par":"Author","Dur\u00e9e de lecture estim\u00e9e":"1 minute"},"schema":{"@context":"https:\/\/schema.org","@graph":[{"@type":"WebPage","@id":"https:\/\/vof-news.eu\/fr\/comment-edf-tente-dadapter-le-fonctionnement-de-ses-centrales-nucleaires-au-dereglement-climatique\/","url":"https:\/\/vof-news.eu\/fr\/comment-edf-tente-dadapter-le-fonctionnement-de-ses-centrales-nucleaires-au-dereglement-climatique\/","name":"Comment EDF tente d\u2019adapter le fonctionnement de ses centrales nucl\u00e9aires au d\u00e9r\u00e8glement climatique - vof-news.eu","isPartOf":{"@id":"https:\/\/vof-news.eu\/fr\/#website"},"primaryImageOfPage":{"@id":"https:\/\/vof-news.eu\/fr\/comment-edf-tente-dadapter-le-fonctionnement-de-ses-centrales-nucleaires-au-dereglement-climatique\/#primaryimage"},"image":{"@id":"https:\/\/vof-news.eu\/fr\/comment-edf-tente-dadapter-le-fonctionnement-de-ses-centrales-nucleaires-au-dereglement-climatique\/#primaryimage"},"thumbnailUrl":"https:\/\/vof-news.eu\/wp-content\/uploads\/2025\/07\/9e6e67c_upload-1-kzau1kbbbh2h-000-34gc7qx.jpg","datePublished":"2025-07-02T08:33:08+00:00","dateModified":"2025-07-02T08:33:23+00:00","author":{"@id":"https:\/\/vof-news.eu\/fr\/#\/schema\/person\/f6a2a4309f0561835797fd8c19b333ed"},"description":"Quel est l\u2019effet, d\u00e8s \u00e0 pr\u00e9sent, du r\u00e9chauffement climatique sur les installations d\u2019EDF\u00a0? La question n\u2019est pas \u00e0 prendre \u00e0 la l\u00e9g\u00e8re pour l\u2019unique exploitant du parc nucl\u00e9aire fran\u00e7ais, principale source de production \u00e9lectrique dans le pays (\u00e0 plus de 60\u00a0% encore, mardi 1er\u00a0juillet). D\u2019autant que le recours aux climatiseurs, donc \u00e0 l\u2019\u00e9lectricit\u00e9, est appel\u00e9 \u00e0 cro\u00eetre. Selon les donn\u00e9es du gestionnaire R\u00e9seau de transport d\u2019\u00e9lectricit\u00e9 (RTE), la consommation \u00e9lectrique a bondi de 13\u00a0%, lundi 30\u00a0juin \u00e0 13\u00a0heures, jour de canicule, par rapport \u00e0 la m\u00eame date en\u00a02024 \u2013 m\u00eame si les facteurs pr\u00e9cis de cette hausse ne sont pas connus. Pour l\u2019heure, les ph\u00e9nom\u00e8nes de s\u00e9cheresse et de canicule n\u2019ont qu\u2019un effet sur le fonctionnement du parc nucl\u00e9aire fran\u00e7ais, fait valoir EDF. Selon le groupe public, depuis 2000, les pertes de production pour cause de temp\u00e9rature \u00e9lev\u00e9e et de faible d\u00e9bit des fleuves n\u2019ont repr\u00e9sent\u00e9 en moyenne que 0,3\u00a0% de la production annuelle des r\u00e9acteurs. D\u2019apr\u00e8s ses mod\u00e9lisations, pour 2025.Soit plus ou moins le m\u00eame pourcentage que durant la grande canicule de 2003. Mais \u00e9crivait la Cour des comptes, en\u00a0mars\u00a02024, dans son rapport public annuel. Il vous reste 75.23% de cet article \u00e0 lire. La suite est r\u00e9serv\u00e9e aux abonn\u00e9s.","breadcrumb":{"@id":"https:\/\/vof-news.eu\/fr\/comment-edf-tente-dadapter-le-fonctionnement-de-ses-centrales-nucleaires-au-dereglement-climatique\/#breadcrumb"},"inLanguage":"fr-FR","potentialAction":[{"@type":"ReadAction","target":["https:\/\/vof-news.eu\/fr\/comment-edf-tente-dadapter-le-fonctionnement-de-ses-centrales-nucleaires-au-dereglement-climatique\/"]}]},{"@type":"ImageObject","inLanguage":"fr-FR","@id":"https:\/\/vof-news.eu\/fr\/comment-edf-tente-dadapter-le-fonctionnement-de-ses-centrales-nucleaires-au-dereglement-climatique\/#primaryimage","url":"https:\/\/vof-news.eu\/wp-content\/uploads\/2025\/07\/9e6e67c_upload-1-kzau1kbbbh2h-000-34gc7qx.jpg","contentUrl":"https:\/\/vof-news.eu\/wp-content\/uploads\/2025\/07\/9e6e67c_upload-1-kzau1kbbbh2h-000-34gc7qx.jpg","width":664,"height":442},{"@type":"BreadcrumbList","@id":"https:\/\/vof-news.eu\/fr\/comment-edf-tente-dadapter-le-fonctionnement-de-ses-centrales-nucleaires-au-dereglement-climatique\/#breadcrumb","itemListElement":[{"@type":"ListItem","position":1,"name":"Home","item":"https:\/\/vof-news.eu\/fr\/"},{"@type":"ListItem","position":2,"name":"Comment EDF tente d\u2019adapter le fonctionnement de ses centrales nucl\u00e9aires au d\u00e9r\u00e8glement climatique"}]},{"@type":"WebSite","@id":"https:\/\/vof-news.eu\/fr\/#website","url":"https:\/\/vof-news.eu\/fr\/","name":"vof-news.eu","description":"","potentialAction":[{"@type":"SearchAction","target":{"@type":"EntryPoint","urlTemplate":"https:\/\/vof-news.eu\/fr\/?s={search_term_string}"},"query-input":"required name=search_term_string"}],"inLanguage":"fr-FR"},{"@type":"Person","@id":"https:\/\/vof-news.eu\/fr\/#\/schema\/person\/f6a2a4309f0561835797fd8c19b333ed","name":"Author","image":{"@type":"ImageObject","inLanguage":"fr-FR","@id":"https:\/\/vof-news.eu\/fr\/#\/schema\/person\/image\/","url":"https:\/\/secure.gravatar.com\/avatar\/b67e614b1b25b3e9c0c239efdd2fde5ab015b5affd6f1c3c85911ca4b384e790?s=96&d=mm&r=g","contentUrl":"https:\/\/secure.gravatar.com\/avatar\/b67e614b1b25b3e9c0c239efdd2fde5ab015b5affd6f1c3c85911ca4b384e790?s=96&d=mm&r=g","caption":"Author"},"sameAs":["http:\/\/vof-news.eu"],"url":"https:\/\/vof-news.eu\/fr\/author\/zwt6qxnjulxbnyg\/"}]}},"yoast_meta":{"yoast_wpseo_title":"","yoast_wpseo_metadesc":"","yoast_wpseo_canonical":""},"_links":{"self":[{"href":"https:\/\/vof-news.eu\/fr\/wp-json\/wp\/v2\/posts\/245338","targetHints":{"allow":["GET"]}}],"collection":[{"href":"https:\/\/vof-news.eu\/fr\/wp-json\/wp\/v2\/posts"}],"about":[{"href":"https:\/\/vof-news.eu\/fr\/wp-json\/wp\/v2\/types\/post"}],"author":[{"embeddable":true,"href":"https:\/\/vof-news.eu\/fr\/wp-json\/wp\/v2\/users\/1"}],"replies":[{"embeddable":true,"href":"https:\/\/vof-news.eu\/fr\/wp-json\/wp\/v2\/comments?post=245338"}],"version-history":[{"count":1,"href":"https:\/\/vof-news.eu\/fr\/wp-json\/wp\/v2\/posts\/245338\/revisions"}],"predecessor-version":[{"id":245345,"href":"https:\/\/vof-news.eu\/fr\/wp-json\/wp\/v2\/posts\/245338\/revisions\/245345"}],"wp:featuredmedia":[{"embeddable":true,"href":"https:\/\/vof-news.eu\/fr\/wp-json\/wp\/v2\/media\/245339"}],"wp:attachment":[{"href":"https:\/\/vof-news.eu\/fr\/wp-json\/wp\/v2\/media?parent=245338"}],"wp:term":[{"taxonomy":"category","embeddable":true,"href":"https:\/\/vof-news.eu\/fr\/wp-json\/wp\/v2\/categories?post=245338"},{"taxonomy":"post_tag","embeddable":true,"href":"https:\/\/vof-news.eu\/fr\/wp-json\/wp\/v2\/tags?post=245338"}],"curies":[{"name":"wp","href":"https:\/\/api.w.org\/{rel}","templated":true}]}}