{"id":245238,"date":"2025-07-02T09:31:53","date_gmt":"2025-07-02T06:31:53","guid":{"rendered":"https:\/\/vof-news.eu\/a-pau-lexperimentation-du-management-en-equipes-autonomes-a-change-le-quotidien-des-aides-a-domicile\/"},"modified":"2025-07-02T09:32:25","modified_gmt":"2025-07-02T06:32:25","slug":"a-pau-lexperimentation-du-management-en-equipes-autonomes-a-change-le-quotidien-des-aides-a-domicile","status":"publish","type":"post","link":"https:\/\/vof-news.eu\/fr\/a-pau-lexperimentation-du-management-en-equipes-autonomes-a-change-le-quotidien-des-aides-a-domicile\/","title":{"rendered":"A Pau, l\u2019exp\u00e9rimentation du \u00ab\u00a0management en \u00e9quipes autonomes\u00a0\u00bb a chang\u00e9 le quotidien des aides \u00e0 domicile"},"content":{"rendered":"<article>\n<p>, raconte Marina Vi\u00e9, technicienne de l\u2019intervention sociale et familiale (TISF), tout en gardant un \u0153il sur Imrane, 2\u00a0ans, dont elle s\u2019occupe dans la ludoth\u00e8que de la grande maison qui fait office de si\u00e8ge d\u2019AID64. Cette association, install\u00e9e \u00e0 Pau, a adopt\u00e9 un , qui vise \u00e0 laisser davantage de marge de man\u0153uvre \u00e0 ses 56 TISF, qui soutiennent les parents dans l\u2019\u00e9ducation des jeunes enfants, et 65 auxiliaires de vie sociale (AVS), davantage charg\u00e9es des personnes \u00e2g\u00e9es.<\/p>\n<p>Ce fonctionnement est le fruit d\u2019une transition de quatre ans. A l\u2019origine, en\u00a02021, une conviction des dirigeants\u00a0: , explique Laure Orozco, directrice g\u00e9n\u00e9rale.<\/p>\n<p>Il s\u2019agissait aussi de r\u00e9soudre des difficult\u00e9s de recrutement et de turn-over important, classique dans ce secteur aux conditions de travail d\u00e9grad\u00e9es et \u00e0 la r\u00e9mun\u00e9ration m\u00e9diocre\u00a0: selon le minist\u00e8re du travail, la moiti\u00e9 des aides \u00e0 domicile gagnaient moins de 1,15 smic en \u00e9quivalent temps plein en\u00a02021. Seules 28\u00a0% des auxiliaires de vie et 45\u00a0% des techniciennes sont \u00e0 temps plein.<\/p>\n<p>Le mode de management choisi par AID64 s\u2019inspire de la m\u00e9thode Buurtzorg, du nom d\u2019une entreprise n\u00e9erlandaise de soins \u00e0 domicile, qui a organis\u00e9, \u00e0 la fin des ann\u00e9es 2000, l\u2019autonomie de ses intervenantes et donn\u00e9 naissance \u00e0 tout un courant dans le m\u00e9dico-social, d\u00e9crit dans un article r\u00e9cent de l\u2019\u00e9conomiste Fran\u00e7ois-Xavier Devetter (\u00ab\u00a0<a href=\"https:\/\/annales-des-mines.org\/2025-06-gerer-et-comprendre-n160-sommaire\/\" rel=\"nofollow\">G\u00e9rer et comprendre<\/a>\u00a0\u00bb, , juin\u00a02025)\u00a0:<\/p>\n<p><strong>Il vous reste 74.51% de cet article \u00e0 lire. La suite est r\u00e9serv\u00e9e aux abonn\u00e9s.<\/strong><\/p>\n<\/article>\n","protected":false},"excerpt":{"rendered":"<p>, raconte Marina Vi\u00e9, technicienne de l\u2019intervention sociale et familiale (TISF), tout en gardant un \u0153il sur Imrane, 2\u00a0ans, dont elle s\u2019occupe dans la ludoth\u00e8que de la grande maison qui fait office de si\u00e8ge d\u2019AID64. Cette association, install\u00e9e \u00e0 Pau, a adopt\u00e9 un , qui vise \u00e0 laisser davantage de marge de man\u0153uvre \u00e0 ses<\/p>\n","protected":false},"author":1,"featured_media":0,"comment_status":"open","ping_status":"open","sticky":false,"template":"","format":"standard","meta":{"footnotes":""},"categories":[58],"tags":[],"class_list":["post-245238","post","type-post","status-publish","format-standard","hentry","category-business-fr"],"acf":[],"yoast_head":"<!-- This site is optimized with the Yoast SEO plugin v22.9 - https:\/\/yoast.com\/wordpress\/plugins\/seo\/ -->\n<title>A Pau, l\u2019exp\u00e9rimentation du \u00ab\u00a0management en \u00e9quipes autonomes\u00a0\u00bb a chang\u00e9 le quotidien des aides \u00e0 domicile - vof-news.eu<\/title>\n<meta name=\"description\" content=\", raconte Marina Vi\u00e9, technicienne de l\u2019intervention sociale et familiale (TISF), tout en gardant un \u0153il sur Imrane, 2\u00a0ans, dont elle s\u2019occupe dans la ludoth\u00e8que de la grande maison qui fait office de si\u00e8ge d\u2019AID64. Cette association, install\u00e9e \u00e0 Pau, a adopt\u00e9 un , qui vise \u00e0 laisser davantage de marge de man\u0153uvre \u00e0 ses 56 TISF, qui soutiennent les parents dans l\u2019\u00e9ducation des jeunes enfants, et 65 auxiliaires de vie sociale (AVS), davantage charg\u00e9es des personnes \u00e2g\u00e9es. Ce fonctionnement est le fruit d\u2019une transition de quatre ans. A l\u2019origine, en\u00a02021, une conviction des dirigeants\u00a0: , explique Laure Orozco, directrice g\u00e9n\u00e9rale. Il s\u2019agissait aussi de r\u00e9soudre des difficult\u00e9s de recrutement et de turn-over important, classique dans ce secteur aux conditions de travail d\u00e9grad\u00e9es et \u00e0 la r\u00e9mun\u00e9ration m\u00e9diocre\u00a0: selon le minist\u00e8re du travail, la moiti\u00e9 des aides \u00e0 domicile gagnaient moins de 1,15 smic en \u00e9quivalent temps plein en\u00a02021. Seules 28\u00a0% des auxiliaires de vie et 45\u00a0% des techniciennes sont \u00e0 temps plein. Le mode de management choisi par AID64 s\u2019inspire de la m\u00e9thode Buurtzorg, du nom d\u2019une entreprise n\u00e9erlandaise de soins \u00e0 domicile, qui a organis\u00e9, \u00e0 la fin des ann\u00e9es 2000, l\u2019autonomie de ses intervenantes et donn\u00e9 naissance \u00e0 tout un courant dans le m\u00e9dico-social, d\u00e9crit dans un article r\u00e9cent de l\u2019\u00e9conomiste Fran\u00e7ois-Xavier Devetter (\u00ab\u00a0G\u00e9rer et comprendre\u00a0\u00bb, , juin\u00a02025)\u00a0: Il vous reste 74.51% de cet article \u00e0 lire. La suite est r\u00e9serv\u00e9e aux abonn\u00e9s.\" \/>\n<meta name=\"robots\" content=\"noindex, follow, max-snippet:-1, max-image-preview:large, max-video-preview:-1\" \/>\n<meta property=\"og:locale\" content=\"fr_FR\" \/>\n<meta property=\"og:type\" content=\"article\" \/>\n<meta property=\"og:title\" content=\"A Pau, l\u2019exp\u00e9rimentation du \u00ab\u00a0management en \u00e9quipes autonomes\u00a0\u00bb a chang\u00e9 le quotidien des aides \u00e0 domicile - vof-news.eu\" \/>\n<meta property=\"og:description\" content=\", raconte Marina Vi\u00e9, technicienne de l\u2019intervention sociale et familiale (TISF), tout en gardant un \u0153il sur Imrane, 2\u00a0ans, dont elle s\u2019occupe dans la ludoth\u00e8que de la grande maison qui fait office de si\u00e8ge d\u2019AID64. Cette association, install\u00e9e \u00e0 Pau, a adopt\u00e9 un , qui vise \u00e0 laisser davantage de marge de man\u0153uvre \u00e0 ses 56 TISF, qui soutiennent les parents dans l\u2019\u00e9ducation des jeunes enfants, et 65 auxiliaires de vie sociale (AVS), davantage charg\u00e9es des personnes \u00e2g\u00e9es. Ce fonctionnement est le fruit d\u2019une transition de quatre ans. A l\u2019origine, en\u00a02021, une conviction des dirigeants\u00a0: , explique Laure Orozco, directrice g\u00e9n\u00e9rale. Il s\u2019agissait aussi de r\u00e9soudre des difficult\u00e9s de recrutement et de turn-over important, classique dans ce secteur aux conditions de travail d\u00e9grad\u00e9es et \u00e0 la r\u00e9mun\u00e9ration m\u00e9diocre\u00a0: selon le minist\u00e8re du travail, la moiti\u00e9 des aides \u00e0 domicile gagnaient moins de 1,15 smic en \u00e9quivalent temps plein en\u00a02021. Seules 28\u00a0% des auxiliaires de vie et 45\u00a0% des techniciennes sont \u00e0 temps plein. Le mode de management choisi par AID64 s\u2019inspire de la m\u00e9thode Buurtzorg, du nom d\u2019une entreprise n\u00e9erlandaise de soins \u00e0 domicile, qui a organis\u00e9, \u00e0 la fin des ann\u00e9es 2000, l\u2019autonomie de ses intervenantes et donn\u00e9 naissance \u00e0 tout un courant dans le m\u00e9dico-social, d\u00e9crit dans un article r\u00e9cent de l\u2019\u00e9conomiste Fran\u00e7ois-Xavier Devetter (\u00ab\u00a0G\u00e9rer et comprendre\u00a0\u00bb, , juin\u00a02025)\u00a0: Il vous reste 74.51% de cet article \u00e0 lire. La suite est r\u00e9serv\u00e9e aux abonn\u00e9s.\" \/>\n<meta property=\"og:url\" content=\"https:\/\/vof-news.eu\/fr\/a-pau-lexperimentation-du-management-en-equipes-autonomes-a-change-le-quotidien-des-aides-a-domicile\/\" \/>\n<meta property=\"og:site_name\" content=\"vof-news.eu\" \/>\n<meta property=\"article:published_time\" content=\"2025-07-02T06:31:53+00:00\" \/>\n<meta property=\"article:modified_time\" content=\"2025-07-02T06:32:25+00:00\" \/>\n<meta name=\"author\" content=\"Author\" \/>\n<meta name=\"twitter:card\" content=\"summary_large_image\" \/>\n<meta name=\"twitter:label1\" content=\"\u00c9crit par\" \/>\n\t<meta name=\"twitter:data1\" content=\"Author\" \/>\n\t<meta name=\"twitter:label2\" content=\"Dur\u00e9e de lecture estim\u00e9e\" \/>\n\t<meta name=\"twitter:data2\" content=\"1 minute\" \/>\n<script type=\"application\/ld+json\" class=\"yoast-schema-graph\">{\"@context\":\"https:\/\/schema.org\",\"@graph\":[{\"@type\":\"WebPage\",\"@id\":\"https:\/\/vof-news.eu\/fr\/a-pau-lexperimentation-du-management-en-equipes-autonomes-a-change-le-quotidien-des-aides-a-domicile\/\",\"url\":\"https:\/\/vof-news.eu\/fr\/a-pau-lexperimentation-du-management-en-equipes-autonomes-a-change-le-quotidien-des-aides-a-domicile\/\",\"name\":\"A Pau, l\u2019exp\u00e9rimentation du \u00ab\u00a0management en \u00e9quipes autonomes\u00a0\u00bb a chang\u00e9 le quotidien des aides \u00e0 domicile - vof-news.eu\",\"isPartOf\":{\"@id\":\"https:\/\/vof-news.eu\/fr\/#website\"},\"datePublished\":\"2025-07-02T06:31:53+00:00\",\"dateModified\":\"2025-07-02T06:32:25+00:00\",\"author\":{\"@id\":\"https:\/\/vof-news.eu\/fr\/#\/schema\/person\/f6a2a4309f0561835797fd8c19b333ed\"},\"description\":\", raconte Marina Vi\u00e9, technicienne de l\u2019intervention sociale et familiale (TISF), tout en gardant un \u0153il sur Imrane, 2\u00a0ans, dont elle s\u2019occupe dans la ludoth\u00e8que de la grande maison qui fait office de si\u00e8ge d\u2019AID64. Cette association, install\u00e9e \u00e0 Pau, a adopt\u00e9 un , qui vise \u00e0 laisser davantage de marge de man\u0153uvre \u00e0 ses 56 TISF, qui soutiennent les parents dans l\u2019\u00e9ducation des jeunes enfants, et 65 auxiliaires de vie sociale (AVS), davantage charg\u00e9es des personnes \u00e2g\u00e9es. Ce fonctionnement est le fruit d\u2019une transition de quatre ans. A l\u2019origine, en\u00a02021, une conviction des dirigeants\u00a0: , explique Laure Orozco, directrice g\u00e9n\u00e9rale. Il s\u2019agissait aussi de r\u00e9soudre des difficult\u00e9s de recrutement et de turn-over important, classique dans ce secteur aux conditions de travail d\u00e9grad\u00e9es et \u00e0 la r\u00e9mun\u00e9ration m\u00e9diocre\u00a0: selon le minist\u00e8re du travail, la moiti\u00e9 des aides \u00e0 domicile gagnaient moins de 1,15 smic en \u00e9quivalent temps plein en\u00a02021. Seules 28\u00a0% des auxiliaires de vie et 45\u00a0% des techniciennes sont \u00e0 temps plein. Le mode de management choisi par AID64 s\u2019inspire de la m\u00e9thode Buurtzorg, du nom d\u2019une entreprise n\u00e9erlandaise de soins \u00e0 domicile, qui a organis\u00e9, \u00e0 la fin des ann\u00e9es 2000, l\u2019autonomie de ses intervenantes et donn\u00e9 naissance \u00e0 tout un courant dans le m\u00e9dico-social, d\u00e9crit dans un article r\u00e9cent de l\u2019\u00e9conomiste Fran\u00e7ois-Xavier Devetter (\u00ab\u00a0G\u00e9rer et comprendre\u00a0\u00bb, , juin\u00a02025)\u00a0: Il vous reste 74.51% de cet article \u00e0 lire. La suite est r\u00e9serv\u00e9e aux abonn\u00e9s.\",\"breadcrumb\":{\"@id\":\"https:\/\/vof-news.eu\/fr\/a-pau-lexperimentation-du-management-en-equipes-autonomes-a-change-le-quotidien-des-aides-a-domicile\/#breadcrumb\"},\"inLanguage\":\"fr-FR\",\"potentialAction\":[{\"@type\":\"ReadAction\",\"target\":[\"https:\/\/vof-news.eu\/fr\/a-pau-lexperimentation-du-management-en-equipes-autonomes-a-change-le-quotidien-des-aides-a-domicile\/\"]}]},{\"@type\":\"BreadcrumbList\",\"@id\":\"https:\/\/vof-news.eu\/fr\/a-pau-lexperimentation-du-management-en-equipes-autonomes-a-change-le-quotidien-des-aides-a-domicile\/#breadcrumb\",\"itemListElement\":[{\"@type\":\"ListItem\",\"position\":1,\"name\":\"Home\",\"item\":\"https:\/\/vof-news.eu\/fr\/\"},{\"@type\":\"ListItem\",\"position\":2,\"name\":\"A Pau, l\u2019exp\u00e9rimentation du \u00ab\u00a0management en \u00e9quipes autonomes\u00a0\u00bb a chang\u00e9 le quotidien des aides \u00e0 domicile\"}]},{\"@type\":\"WebSite\",\"@id\":\"https:\/\/vof-news.eu\/fr\/#website\",\"url\":\"https:\/\/vof-news.eu\/fr\/\",\"name\":\"vof-news.eu\",\"description\":\"\",\"potentialAction\":[{\"@type\":\"SearchAction\",\"target\":{\"@type\":\"EntryPoint\",\"urlTemplate\":\"https:\/\/vof-news.eu\/fr\/?s={search_term_string}\"},\"query-input\":\"required name=search_term_string\"}],\"inLanguage\":\"fr-FR\"},{\"@type\":\"Person\",\"@id\":\"https:\/\/vof-news.eu\/fr\/#\/schema\/person\/f6a2a4309f0561835797fd8c19b333ed\",\"name\":\"Author\",\"image\":{\"@type\":\"ImageObject\",\"inLanguage\":\"fr-FR\",\"@id\":\"https:\/\/vof-news.eu\/fr\/#\/schema\/person\/image\/\",\"url\":\"https:\/\/secure.gravatar.com\/avatar\/b67e614b1b25b3e9c0c239efdd2fde5ab015b5affd6f1c3c85911ca4b384e790?s=96&d=mm&r=g\",\"contentUrl\":\"https:\/\/secure.gravatar.com\/avatar\/b67e614b1b25b3e9c0c239efdd2fde5ab015b5affd6f1c3c85911ca4b384e790?s=96&d=mm&r=g\",\"caption\":\"Author\"},\"sameAs\":[\"http:\/\/vof-news.eu\"],\"url\":\"https:\/\/vof-news.eu\/fr\/author\/zwt6qxnjulxbnyg\/\"}]}<\/script>\n<!-- \/ Yoast SEO plugin. -->","yoast_head_json":{"title":"A Pau, l\u2019exp\u00e9rimentation du \u00ab\u00a0management en \u00e9quipes autonomes\u00a0\u00bb a chang\u00e9 le quotidien des aides \u00e0 domicile - vof-news.eu","description":", raconte Marina Vi\u00e9, technicienne de l\u2019intervention sociale et familiale (TISF), tout en gardant un \u0153il sur Imrane, 2\u00a0ans, dont elle s\u2019occupe dans la ludoth\u00e8que de la grande maison qui fait office de si\u00e8ge d\u2019AID64. Cette association, install\u00e9e \u00e0 Pau, a adopt\u00e9 un , qui vise \u00e0 laisser davantage de marge de man\u0153uvre \u00e0 ses 56 TISF, qui soutiennent les parents dans l\u2019\u00e9ducation des jeunes enfants, et 65 auxiliaires de vie sociale (AVS), davantage charg\u00e9es des personnes \u00e2g\u00e9es. Ce fonctionnement est le fruit d\u2019une transition de quatre ans. A l\u2019origine, en\u00a02021, une conviction des dirigeants\u00a0: , explique Laure Orozco, directrice g\u00e9n\u00e9rale. Il s\u2019agissait aussi de r\u00e9soudre des difficult\u00e9s de recrutement et de turn-over important, classique dans ce secteur aux conditions de travail d\u00e9grad\u00e9es et \u00e0 la r\u00e9mun\u00e9ration m\u00e9diocre\u00a0: selon le minist\u00e8re du travail, la moiti\u00e9 des aides \u00e0 domicile gagnaient moins de 1,15 smic en \u00e9quivalent temps plein en\u00a02021. Seules 28\u00a0% des auxiliaires de vie et 45\u00a0% des techniciennes sont \u00e0 temps plein. Le mode de management choisi par AID64 s\u2019inspire de la m\u00e9thode Buurtzorg, du nom d\u2019une entreprise n\u00e9erlandaise de soins \u00e0 domicile, qui a organis\u00e9, \u00e0 la fin des ann\u00e9es 2000, l\u2019autonomie de ses intervenantes et donn\u00e9 naissance \u00e0 tout un courant dans le m\u00e9dico-social, d\u00e9crit dans un article r\u00e9cent de l\u2019\u00e9conomiste Fran\u00e7ois-Xavier Devetter (\u00ab\u00a0G\u00e9rer et comprendre\u00a0\u00bb, , juin\u00a02025)\u00a0: Il vous reste 74.51% de cet article \u00e0 lire. La suite est r\u00e9serv\u00e9e aux abonn\u00e9s.","robots":{"index":"noindex","follow":"follow","max-snippet":"max-snippet:-1","max-image-preview":"max-image-preview:large","max-video-preview":"max-video-preview:-1"},"og_locale":"fr_FR","og_type":"article","og_title":"A Pau, l\u2019exp\u00e9rimentation du \u00ab\u00a0management en \u00e9quipes autonomes\u00a0\u00bb a chang\u00e9 le quotidien des aides \u00e0 domicile - vof-news.eu","og_description":", raconte Marina Vi\u00e9, technicienne de l\u2019intervention sociale et familiale (TISF), tout en gardant un \u0153il sur Imrane, 2\u00a0ans, dont elle s\u2019occupe dans la ludoth\u00e8que de la grande maison qui fait office de si\u00e8ge d\u2019AID64. Cette association, install\u00e9e \u00e0 Pau, a adopt\u00e9 un , qui vise \u00e0 laisser davantage de marge de man\u0153uvre \u00e0 ses 56 TISF, qui soutiennent les parents dans l\u2019\u00e9ducation des jeunes enfants, et 65 auxiliaires de vie sociale (AVS), davantage charg\u00e9es des personnes \u00e2g\u00e9es. Ce fonctionnement est le fruit d\u2019une transition de quatre ans. A l\u2019origine, en\u00a02021, une conviction des dirigeants\u00a0: , explique Laure Orozco, directrice g\u00e9n\u00e9rale. Il s\u2019agissait aussi de r\u00e9soudre des difficult\u00e9s de recrutement et de turn-over important, classique dans ce secteur aux conditions de travail d\u00e9grad\u00e9es et \u00e0 la r\u00e9mun\u00e9ration m\u00e9diocre\u00a0: selon le minist\u00e8re du travail, la moiti\u00e9 des aides \u00e0 domicile gagnaient moins de 1,15 smic en \u00e9quivalent temps plein en\u00a02021. Seules 28\u00a0% des auxiliaires de vie et 45\u00a0% des techniciennes sont \u00e0 temps plein. Le mode de management choisi par AID64 s\u2019inspire de la m\u00e9thode Buurtzorg, du nom d\u2019une entreprise n\u00e9erlandaise de soins \u00e0 domicile, qui a organis\u00e9, \u00e0 la fin des ann\u00e9es 2000, l\u2019autonomie de ses intervenantes et donn\u00e9 naissance \u00e0 tout un courant dans le m\u00e9dico-social, d\u00e9crit dans un article r\u00e9cent de l\u2019\u00e9conomiste Fran\u00e7ois-Xavier Devetter (\u00ab\u00a0G\u00e9rer et comprendre\u00a0\u00bb, , juin\u00a02025)\u00a0: Il vous reste 74.51% de cet article \u00e0 lire. La suite est r\u00e9serv\u00e9e aux abonn\u00e9s.","og_url":"https:\/\/vof-news.eu\/fr\/a-pau-lexperimentation-du-management-en-equipes-autonomes-a-change-le-quotidien-des-aides-a-domicile\/","og_site_name":"vof-news.eu","article_published_time":"2025-07-02T06:31:53+00:00","article_modified_time":"2025-07-02T06:32:25+00:00","author":"Author","twitter_card":"summary_large_image","twitter_misc":{"\u00c9crit par":"Author","Dur\u00e9e de lecture estim\u00e9e":"1 minute"},"schema":{"@context":"https:\/\/schema.org","@graph":[{"@type":"WebPage","@id":"https:\/\/vof-news.eu\/fr\/a-pau-lexperimentation-du-management-en-equipes-autonomes-a-change-le-quotidien-des-aides-a-domicile\/","url":"https:\/\/vof-news.eu\/fr\/a-pau-lexperimentation-du-management-en-equipes-autonomes-a-change-le-quotidien-des-aides-a-domicile\/","name":"A Pau, l\u2019exp\u00e9rimentation du \u00ab\u00a0management en \u00e9quipes autonomes\u00a0\u00bb a chang\u00e9 le quotidien des aides \u00e0 domicile - vof-news.eu","isPartOf":{"@id":"https:\/\/vof-news.eu\/fr\/#website"},"datePublished":"2025-07-02T06:31:53+00:00","dateModified":"2025-07-02T06:32:25+00:00","author":{"@id":"https:\/\/vof-news.eu\/fr\/#\/schema\/person\/f6a2a4309f0561835797fd8c19b333ed"},"description":", raconte Marina Vi\u00e9, technicienne de l\u2019intervention sociale et familiale (TISF), tout en gardant un \u0153il sur Imrane, 2\u00a0ans, dont elle s\u2019occupe dans la ludoth\u00e8que de la grande maison qui fait office de si\u00e8ge d\u2019AID64. Cette association, install\u00e9e \u00e0 Pau, a adopt\u00e9 un , qui vise \u00e0 laisser davantage de marge de man\u0153uvre \u00e0 ses 56 TISF, qui soutiennent les parents dans l\u2019\u00e9ducation des jeunes enfants, et 65 auxiliaires de vie sociale (AVS), davantage charg\u00e9es des personnes \u00e2g\u00e9es. Ce fonctionnement est le fruit d\u2019une transition de quatre ans. A l\u2019origine, en\u00a02021, une conviction des dirigeants\u00a0: , explique Laure Orozco, directrice g\u00e9n\u00e9rale. Il s\u2019agissait aussi de r\u00e9soudre des difficult\u00e9s de recrutement et de turn-over important, classique dans ce secteur aux conditions de travail d\u00e9grad\u00e9es et \u00e0 la r\u00e9mun\u00e9ration m\u00e9diocre\u00a0: selon le minist\u00e8re du travail, la moiti\u00e9 des aides \u00e0 domicile gagnaient moins de 1,15 smic en \u00e9quivalent temps plein en\u00a02021. Seules 28\u00a0% des auxiliaires de vie et 45\u00a0% des techniciennes sont \u00e0 temps plein. Le mode de management choisi par AID64 s\u2019inspire de la m\u00e9thode Buurtzorg, du nom d\u2019une entreprise n\u00e9erlandaise de soins \u00e0 domicile, qui a organis\u00e9, \u00e0 la fin des ann\u00e9es 2000, l\u2019autonomie de ses intervenantes et donn\u00e9 naissance \u00e0 tout un courant dans le m\u00e9dico-social, d\u00e9crit dans un article r\u00e9cent de l\u2019\u00e9conomiste Fran\u00e7ois-Xavier Devetter (\u00ab\u00a0G\u00e9rer et comprendre\u00a0\u00bb, , juin\u00a02025)\u00a0: Il vous reste 74.51% de cet article \u00e0 lire. La suite est r\u00e9serv\u00e9e aux abonn\u00e9s.","breadcrumb":{"@id":"https:\/\/vof-news.eu\/fr\/a-pau-lexperimentation-du-management-en-equipes-autonomes-a-change-le-quotidien-des-aides-a-domicile\/#breadcrumb"},"inLanguage":"fr-FR","potentialAction":[{"@type":"ReadAction","target":["https:\/\/vof-news.eu\/fr\/a-pau-lexperimentation-du-management-en-equipes-autonomes-a-change-le-quotidien-des-aides-a-domicile\/"]}]},{"@type":"BreadcrumbList","@id":"https:\/\/vof-news.eu\/fr\/a-pau-lexperimentation-du-management-en-equipes-autonomes-a-change-le-quotidien-des-aides-a-domicile\/#breadcrumb","itemListElement":[{"@type":"ListItem","position":1,"name":"Home","item":"https:\/\/vof-news.eu\/fr\/"},{"@type":"ListItem","position":2,"name":"A Pau, l\u2019exp\u00e9rimentation du \u00ab\u00a0management en \u00e9quipes autonomes\u00a0\u00bb a chang\u00e9 le quotidien des aides \u00e0 domicile"}]},{"@type":"WebSite","@id":"https:\/\/vof-news.eu\/fr\/#website","url":"https:\/\/vof-news.eu\/fr\/","name":"vof-news.eu","description":"","potentialAction":[{"@type":"SearchAction","target":{"@type":"EntryPoint","urlTemplate":"https:\/\/vof-news.eu\/fr\/?s={search_term_string}"},"query-input":"required name=search_term_string"}],"inLanguage":"fr-FR"},{"@type":"Person","@id":"https:\/\/vof-news.eu\/fr\/#\/schema\/person\/f6a2a4309f0561835797fd8c19b333ed","name":"Author","image":{"@type":"ImageObject","inLanguage":"fr-FR","@id":"https:\/\/vof-news.eu\/fr\/#\/schema\/person\/image\/","url":"https:\/\/secure.gravatar.com\/avatar\/b67e614b1b25b3e9c0c239efdd2fde5ab015b5affd6f1c3c85911ca4b384e790?s=96&d=mm&r=g","contentUrl":"https:\/\/secure.gravatar.com\/avatar\/b67e614b1b25b3e9c0c239efdd2fde5ab015b5affd6f1c3c85911ca4b384e790?s=96&d=mm&r=g","caption":"Author"},"sameAs":["http:\/\/vof-news.eu"],"url":"https:\/\/vof-news.eu\/fr\/author\/zwt6qxnjulxbnyg\/"}]}},"yoast_meta":{"yoast_wpseo_title":"","yoast_wpseo_metadesc":"","yoast_wpseo_canonical":""},"_links":{"self":[{"href":"https:\/\/vof-news.eu\/fr\/wp-json\/wp\/v2\/posts\/245238","targetHints":{"allow":["GET"]}}],"collection":[{"href":"https:\/\/vof-news.eu\/fr\/wp-json\/wp\/v2\/posts"}],"about":[{"href":"https:\/\/vof-news.eu\/fr\/wp-json\/wp\/v2\/types\/post"}],"author":[{"embeddable":true,"href":"https:\/\/vof-news.eu\/fr\/wp-json\/wp\/v2\/users\/1"}],"replies":[{"embeddable":true,"href":"https:\/\/vof-news.eu\/fr\/wp-json\/wp\/v2\/comments?post=245238"}],"version-history":[{"count":1,"href":"https:\/\/vof-news.eu\/fr\/wp-json\/wp\/v2\/posts\/245238\/revisions"}],"predecessor-version":[{"id":245239,"href":"https:\/\/vof-news.eu\/fr\/wp-json\/wp\/v2\/posts\/245238\/revisions\/245239"}],"wp:attachment":[{"href":"https:\/\/vof-news.eu\/fr\/wp-json\/wp\/v2\/media?parent=245238"}],"wp:term":[{"taxonomy":"category","embeddable":true,"href":"https:\/\/vof-news.eu\/fr\/wp-json\/wp\/v2\/categories?post=245238"},{"taxonomy":"post_tag","embeddable":true,"href":"https:\/\/vof-news.eu\/fr\/wp-json\/wp\/v2\/tags?post=245238"}],"curies":[{"name":"wp","href":"https:\/\/api.w.org\/{rel}","templated":true}]}}