{"id":245222,"date":"2025-07-02T09:30:10","date_gmt":"2025-07-02T06:30:10","guid":{"rendered":"https:\/\/vof-news.eu\/violences-a-lecole-linternat-lieu-privilegie-des-agressions\/"},"modified":"2025-07-02T09:30:30","modified_gmt":"2025-07-02T06:30:30","slug":"violences-a-lecole-linternat-lieu-privilegie-des-agressions","status":"publish","type":"post","link":"https:\/\/vof-news.eu\/fr\/violences-a-lecole-linternat-lieu-privilegie-des-agressions\/","title":{"rendered":"Violences \u00e0 l\u2019\u00e9cole\u00a0: l\u2019internat, lieu privil\u00e9gi\u00e9 des agressions"},"content":{"rendered":"<article>\n<p>Parmi les facteurs aggravant les risques de violences sexuelles dans les \u00e9tablissements scolaires, un param\u00e8tre semble dominer les autres\u00a0: l\u2019existence d\u2019un internat. (\u2026)[Finist\u00e8re],\u00e9crivent les corapporteurs de la commission\u00a0d\u2019enqu\u00eate parlementaire sur la pr\u00e9vention des violences dans les \u00e9tablissements scolaires, les d\u00e9put\u00e9s Paul Vannier (La France insoumise, Val-d\u2019Oise) et Violette Spillebout (Renaissance, Nord), dans leur rapport rendu public mercredi 2\u00a0juillet.<\/p>\n<section>   <\/section>\n<p>Le r\u00f4le des internats comme lieux favorisant les violences a \u00e9t\u00e9 pr\u00e9cis\u00e9, devant la commission, par Jean-Marc Sauv\u00e9, le pr\u00e9sident de la Commission ind\u00e9pendante sur les abus sexuels dans l\u2019Eglise (Ciase). Il a rappel\u00e9 que la ,r\u00e9sument les rapporteurs.<\/p>\n<p><strong>Il vous reste 82.42% de cet article \u00e0 lire. La suite est r\u00e9serv\u00e9e aux abonn\u00e9s.<\/strong><\/p>\n<\/article>\n","protected":false},"excerpt":{"rendered":"<p>Parmi les facteurs aggravant les risques de violences sexuelles dans les \u00e9tablissements scolaires, un param\u00e8tre semble dominer les autres\u00a0: l\u2019existence d\u2019un internat. (\u2026)[Finist\u00e8re],\u00e9crivent les corapporteurs de la commission\u00a0d\u2019enqu\u00eate parlementaire sur la pr\u00e9vention des violences dans les \u00e9tablissements scolaires, les d\u00e9put\u00e9s Paul Vannier (La France insoumise, Val-d\u2019Oise) et Violette Spillebout (Renaissance, Nord), dans leur rapport rendu<\/p>\n","protected":false},"author":1,"featured_media":245223,"comment_status":"open","ping_status":"open","sticky":false,"template":"","format":"standard","meta":{"footnotes":""},"categories":[53],"tags":[],"class_list":["post-245222","post","type-post","status-publish","format-standard","has-post-thumbnail","hentry","category-main-news-fr"],"acf":[],"yoast_head":"<!-- This site is optimized with the Yoast SEO plugin v22.9 - https:\/\/yoast.com\/wordpress\/plugins\/seo\/ -->\n<title>Violences \u00e0 l\u2019\u00e9cole\u00a0: l\u2019internat, lieu privil\u00e9gi\u00e9 des agressions - vof-news.eu<\/title>\n<meta name=\"description\" content=\"Parmi les facteurs aggravant les risques de violences sexuelles dans les \u00e9tablissements scolaires, un param\u00e8tre semble dominer les autres\u00a0: l\u2019existence d\u2019un internat. (\u2026)[Finist\u00e8re],\u00e9crivent les corapporteurs de la commission\u00a0d\u2019enqu\u00eate parlementaire sur la pr\u00e9vention des violences dans les \u00e9tablissements scolaires, les d\u00e9put\u00e9s Paul Vannier (La France insoumise, Val-d\u2019Oise) et Violette Spillebout (Renaissance, Nord), dans leur rapport rendu public mercredi 2\u00a0juillet.   Le r\u00f4le des internats comme lieux favorisant les violences a \u00e9t\u00e9 pr\u00e9cis\u00e9, devant la commission, par Jean-Marc Sauv\u00e9, le pr\u00e9sident de la Commission ind\u00e9pendante sur les abus sexuels dans l\u2019Eglise (Ciase). Il a rappel\u00e9 que la ,r\u00e9sument les rapporteurs. Il vous reste 82.42% de cet article \u00e0 lire. La suite est r\u00e9serv\u00e9e aux abonn\u00e9s.\" \/>\n<meta name=\"robots\" content=\"noindex, follow, max-snippet:-1, max-image-preview:large, max-video-preview:-1\" \/>\n<meta property=\"og:locale\" content=\"fr_FR\" \/>\n<meta property=\"og:type\" content=\"article\" \/>\n<meta property=\"og:title\" content=\"Violences \u00e0 l\u2019\u00e9cole\u00a0: l\u2019internat, lieu privil\u00e9gi\u00e9 des agressions - vof-news.eu\" \/>\n<meta property=\"og:description\" content=\"Parmi les facteurs aggravant les risques de violences sexuelles dans les \u00e9tablissements scolaires, un param\u00e8tre semble dominer les autres\u00a0: l\u2019existence d\u2019un internat. (\u2026)[Finist\u00e8re],\u00e9crivent les corapporteurs de la commission\u00a0d\u2019enqu\u00eate parlementaire sur la pr\u00e9vention des violences dans les \u00e9tablissements scolaires, les d\u00e9put\u00e9s Paul Vannier (La France insoumise, Val-d\u2019Oise) et Violette Spillebout (Renaissance, Nord), dans leur rapport rendu public mercredi 2\u00a0juillet.   Le r\u00f4le des internats comme lieux favorisant les violences a \u00e9t\u00e9 pr\u00e9cis\u00e9, devant la commission, par Jean-Marc Sauv\u00e9, le pr\u00e9sident de la Commission ind\u00e9pendante sur les abus sexuels dans l\u2019Eglise (Ciase). Il a rappel\u00e9 que la ,r\u00e9sument les rapporteurs. Il vous reste 82.42% de cet article \u00e0 lire. La suite est r\u00e9serv\u00e9e aux abonn\u00e9s.\" \/>\n<meta property=\"og:url\" content=\"https:\/\/vof-news.eu\/fr\/violences-a-lecole-linternat-lieu-privilegie-des-agressions\/\" \/>\n<meta property=\"og:site_name\" content=\"vof-news.eu\" \/>\n<meta property=\"article:published_time\" content=\"2025-07-02T06:30:10+00:00\" \/>\n<meta property=\"article:modified_time\" content=\"2025-07-02T06:30:30+00:00\" \/>\n<meta property=\"og:image\" content=\"https:\/\/vof-news.eu\/wp-content\/uploads\/2025\/07\/741401a_upload-1-oghygkv3at7y-000-372n4vl.jpg\" \/>\n\t<meta property=\"og:image:width\" content=\"664\" \/>\n\t<meta property=\"og:image:height\" content=\"419\" \/>\n\t<meta property=\"og:image:type\" content=\"image\/jpeg\" \/>\n<meta name=\"author\" content=\"Author\" \/>\n<meta name=\"twitter:card\" content=\"summary_large_image\" \/>\n<meta name=\"twitter:label1\" content=\"\u00c9crit par\" \/>\n\t<meta name=\"twitter:data1\" content=\"Author\" \/>\n\t<meta name=\"twitter:label2\" content=\"Dur\u00e9e de lecture estim\u00e9e\" \/>\n\t<meta name=\"twitter:data2\" content=\"1 minute\" \/>\n<script type=\"application\/ld+json\" class=\"yoast-schema-graph\">{\"@context\":\"https:\/\/schema.org\",\"@graph\":[{\"@type\":\"WebPage\",\"@id\":\"https:\/\/vof-news.eu\/fr\/violences-a-lecole-linternat-lieu-privilegie-des-agressions\/\",\"url\":\"https:\/\/vof-news.eu\/fr\/violences-a-lecole-linternat-lieu-privilegie-des-agressions\/\",\"name\":\"Violences \u00e0 l\u2019\u00e9cole\u00a0: l\u2019internat, lieu privil\u00e9gi\u00e9 des agressions - vof-news.eu\",\"isPartOf\":{\"@id\":\"https:\/\/vof-news.eu\/fr\/#website\"},\"primaryImageOfPage\":{\"@id\":\"https:\/\/vof-news.eu\/fr\/violences-a-lecole-linternat-lieu-privilegie-des-agressions\/#primaryimage\"},\"image\":{\"@id\":\"https:\/\/vof-news.eu\/fr\/violences-a-lecole-linternat-lieu-privilegie-des-agressions\/#primaryimage\"},\"thumbnailUrl\":\"https:\/\/vof-news.eu\/wp-content\/uploads\/2025\/07\/741401a_upload-1-oghygkv3at7y-000-372n4vl.jpg\",\"datePublished\":\"2025-07-02T06:30:10+00:00\",\"dateModified\":\"2025-07-02T06:30:30+00:00\",\"author\":{\"@id\":\"https:\/\/vof-news.eu\/fr\/#\/schema\/person\/f6a2a4309f0561835797fd8c19b333ed\"},\"description\":\"Parmi les facteurs aggravant les risques de violences sexuelles dans les \u00e9tablissements scolaires, un param\u00e8tre semble dominer les autres\u00a0: l\u2019existence d\u2019un internat. (\u2026)[Finist\u00e8re],\u00e9crivent les corapporteurs de la commission\u00a0d\u2019enqu\u00eate parlementaire sur la pr\u00e9vention des violences dans les \u00e9tablissements scolaires, les d\u00e9put\u00e9s Paul Vannier (La France insoumise, Val-d\u2019Oise) et Violette Spillebout (Renaissance, Nord), dans leur rapport rendu public mercredi 2\u00a0juillet. Le r\u00f4le des internats comme lieux favorisant les violences a \u00e9t\u00e9 pr\u00e9cis\u00e9, devant la commission, par Jean-Marc Sauv\u00e9, le pr\u00e9sident de la Commission ind\u00e9pendante sur les abus sexuels dans l\u2019Eglise (Ciase). Il a rappel\u00e9 que la ,r\u00e9sument les rapporteurs. Il vous reste 82.42% de cet article \u00e0 lire. La suite est r\u00e9serv\u00e9e aux abonn\u00e9s.\",\"breadcrumb\":{\"@id\":\"https:\/\/vof-news.eu\/fr\/violences-a-lecole-linternat-lieu-privilegie-des-agressions\/#breadcrumb\"},\"inLanguage\":\"fr-FR\",\"potentialAction\":[{\"@type\":\"ReadAction\",\"target\":[\"https:\/\/vof-news.eu\/fr\/violences-a-lecole-linternat-lieu-privilegie-des-agressions\/\"]}]},{\"@type\":\"ImageObject\",\"inLanguage\":\"fr-FR\",\"@id\":\"https:\/\/vof-news.eu\/fr\/violences-a-lecole-linternat-lieu-privilegie-des-agressions\/#primaryimage\",\"url\":\"https:\/\/vof-news.eu\/wp-content\/uploads\/2025\/07\/741401a_upload-1-oghygkv3at7y-000-372n4vl.jpg\",\"contentUrl\":\"https:\/\/vof-news.eu\/wp-content\/uploads\/2025\/07\/741401a_upload-1-oghygkv3at7y-000-372n4vl.jpg\",\"width\":664,\"height\":419},{\"@type\":\"BreadcrumbList\",\"@id\":\"https:\/\/vof-news.eu\/fr\/violences-a-lecole-linternat-lieu-privilegie-des-agressions\/#breadcrumb\",\"itemListElement\":[{\"@type\":\"ListItem\",\"position\":1,\"name\":\"Home\",\"item\":\"https:\/\/vof-news.eu\/fr\/\"},{\"@type\":\"ListItem\",\"position\":2,\"name\":\"Violences \u00e0 l\u2019\u00e9cole\u00a0: l\u2019internat, lieu privil\u00e9gi\u00e9 des agressions\"}]},{\"@type\":\"WebSite\",\"@id\":\"https:\/\/vof-news.eu\/fr\/#website\",\"url\":\"https:\/\/vof-news.eu\/fr\/\",\"name\":\"vof-news.eu\",\"description\":\"\",\"potentialAction\":[{\"@type\":\"SearchAction\",\"target\":{\"@type\":\"EntryPoint\",\"urlTemplate\":\"https:\/\/vof-news.eu\/fr\/?s={search_term_string}\"},\"query-input\":\"required name=search_term_string\"}],\"inLanguage\":\"fr-FR\"},{\"@type\":\"Person\",\"@id\":\"https:\/\/vof-news.eu\/fr\/#\/schema\/person\/f6a2a4309f0561835797fd8c19b333ed\",\"name\":\"Author\",\"image\":{\"@type\":\"ImageObject\",\"inLanguage\":\"fr-FR\",\"@id\":\"https:\/\/vof-news.eu\/fr\/#\/schema\/person\/image\/\",\"url\":\"https:\/\/secure.gravatar.com\/avatar\/b67e614b1b25b3e9c0c239efdd2fde5ab015b5affd6f1c3c85911ca4b384e790?s=96&d=mm&r=g\",\"contentUrl\":\"https:\/\/secure.gravatar.com\/avatar\/b67e614b1b25b3e9c0c239efdd2fde5ab015b5affd6f1c3c85911ca4b384e790?s=96&d=mm&r=g\",\"caption\":\"Author\"},\"sameAs\":[\"http:\/\/vof-news.eu\"],\"url\":\"https:\/\/vof-news.eu\/fr\/author\/zwt6qxnjulxbnyg\/\"}]}<\/script>\n<!-- \/ Yoast SEO plugin. -->","yoast_head_json":{"title":"Violences \u00e0 l\u2019\u00e9cole\u00a0: l\u2019internat, lieu privil\u00e9gi\u00e9 des agressions - vof-news.eu","description":"Parmi les facteurs aggravant les risques de violences sexuelles dans les \u00e9tablissements scolaires, un param\u00e8tre semble dominer les autres\u00a0: l\u2019existence d\u2019un internat. (\u2026)[Finist\u00e8re],\u00e9crivent les corapporteurs de la commission\u00a0d\u2019enqu\u00eate parlementaire sur la pr\u00e9vention des violences dans les \u00e9tablissements scolaires, les d\u00e9put\u00e9s Paul Vannier (La France insoumise, Val-d\u2019Oise) et Violette Spillebout (Renaissance, Nord), dans leur rapport rendu public mercredi 2\u00a0juillet.   Le r\u00f4le des internats comme lieux favorisant les violences a \u00e9t\u00e9 pr\u00e9cis\u00e9, devant la commission, par Jean-Marc Sauv\u00e9, le pr\u00e9sident de la Commission ind\u00e9pendante sur les abus sexuels dans l\u2019Eglise (Ciase). Il a rappel\u00e9 que la ,r\u00e9sument les rapporteurs. Il vous reste 82.42% de cet article \u00e0 lire. La suite est r\u00e9serv\u00e9e aux abonn\u00e9s.","robots":{"index":"noindex","follow":"follow","max-snippet":"max-snippet:-1","max-image-preview":"max-image-preview:large","max-video-preview":"max-video-preview:-1"},"og_locale":"fr_FR","og_type":"article","og_title":"Violences \u00e0 l\u2019\u00e9cole\u00a0: l\u2019internat, lieu privil\u00e9gi\u00e9 des agressions - vof-news.eu","og_description":"Parmi les facteurs aggravant les risques de violences sexuelles dans les \u00e9tablissements scolaires, un param\u00e8tre semble dominer les autres\u00a0: l\u2019existence d\u2019un internat. (\u2026)[Finist\u00e8re],\u00e9crivent les corapporteurs de la commission\u00a0d\u2019enqu\u00eate parlementaire sur la pr\u00e9vention des violences dans les \u00e9tablissements scolaires, les d\u00e9put\u00e9s Paul Vannier (La France insoumise, Val-d\u2019Oise) et Violette Spillebout (Renaissance, Nord), dans leur rapport rendu public mercredi 2\u00a0juillet.   Le r\u00f4le des internats comme lieux favorisant les violences a \u00e9t\u00e9 pr\u00e9cis\u00e9, devant la commission, par Jean-Marc Sauv\u00e9, le pr\u00e9sident de la Commission ind\u00e9pendante sur les abus sexuels dans l\u2019Eglise (Ciase). Il a rappel\u00e9 que la ,r\u00e9sument les rapporteurs. Il vous reste 82.42% de cet article \u00e0 lire. La suite est r\u00e9serv\u00e9e aux abonn\u00e9s.","og_url":"https:\/\/vof-news.eu\/fr\/violences-a-lecole-linternat-lieu-privilegie-des-agressions\/","og_site_name":"vof-news.eu","article_published_time":"2025-07-02T06:30:10+00:00","article_modified_time":"2025-07-02T06:30:30+00:00","og_image":[{"width":664,"height":419,"url":"https:\/\/vof-news.eu\/wp-content\/uploads\/2025\/07\/741401a_upload-1-oghygkv3at7y-000-372n4vl.jpg","type":"image\/jpeg"}],"author":"Author","twitter_card":"summary_large_image","twitter_misc":{"\u00c9crit par":"Author","Dur\u00e9e de lecture estim\u00e9e":"1 minute"},"schema":{"@context":"https:\/\/schema.org","@graph":[{"@type":"WebPage","@id":"https:\/\/vof-news.eu\/fr\/violences-a-lecole-linternat-lieu-privilegie-des-agressions\/","url":"https:\/\/vof-news.eu\/fr\/violences-a-lecole-linternat-lieu-privilegie-des-agressions\/","name":"Violences \u00e0 l\u2019\u00e9cole\u00a0: l\u2019internat, lieu privil\u00e9gi\u00e9 des agressions - vof-news.eu","isPartOf":{"@id":"https:\/\/vof-news.eu\/fr\/#website"},"primaryImageOfPage":{"@id":"https:\/\/vof-news.eu\/fr\/violences-a-lecole-linternat-lieu-privilegie-des-agressions\/#primaryimage"},"image":{"@id":"https:\/\/vof-news.eu\/fr\/violences-a-lecole-linternat-lieu-privilegie-des-agressions\/#primaryimage"},"thumbnailUrl":"https:\/\/vof-news.eu\/wp-content\/uploads\/2025\/07\/741401a_upload-1-oghygkv3at7y-000-372n4vl.jpg","datePublished":"2025-07-02T06:30:10+00:00","dateModified":"2025-07-02T06:30:30+00:00","author":{"@id":"https:\/\/vof-news.eu\/fr\/#\/schema\/person\/f6a2a4309f0561835797fd8c19b333ed"},"description":"Parmi les facteurs aggravant les risques de violences sexuelles dans les \u00e9tablissements scolaires, un param\u00e8tre semble dominer les autres\u00a0: l\u2019existence d\u2019un internat. (\u2026)[Finist\u00e8re],\u00e9crivent les corapporteurs de la commission\u00a0d\u2019enqu\u00eate parlementaire sur la pr\u00e9vention des violences dans les \u00e9tablissements scolaires, les d\u00e9put\u00e9s Paul Vannier (La France insoumise, Val-d\u2019Oise) et Violette Spillebout (Renaissance, Nord), dans leur rapport rendu public mercredi 2\u00a0juillet. Le r\u00f4le des internats comme lieux favorisant les violences a \u00e9t\u00e9 pr\u00e9cis\u00e9, devant la commission, par Jean-Marc Sauv\u00e9, le pr\u00e9sident de la Commission ind\u00e9pendante sur les abus sexuels dans l\u2019Eglise (Ciase). Il a rappel\u00e9 que la ,r\u00e9sument les rapporteurs. Il vous reste 82.42% de cet article \u00e0 lire. La suite est r\u00e9serv\u00e9e aux abonn\u00e9s.","breadcrumb":{"@id":"https:\/\/vof-news.eu\/fr\/violences-a-lecole-linternat-lieu-privilegie-des-agressions\/#breadcrumb"},"inLanguage":"fr-FR","potentialAction":[{"@type":"ReadAction","target":["https:\/\/vof-news.eu\/fr\/violences-a-lecole-linternat-lieu-privilegie-des-agressions\/"]}]},{"@type":"ImageObject","inLanguage":"fr-FR","@id":"https:\/\/vof-news.eu\/fr\/violences-a-lecole-linternat-lieu-privilegie-des-agressions\/#primaryimage","url":"https:\/\/vof-news.eu\/wp-content\/uploads\/2025\/07\/741401a_upload-1-oghygkv3at7y-000-372n4vl.jpg","contentUrl":"https:\/\/vof-news.eu\/wp-content\/uploads\/2025\/07\/741401a_upload-1-oghygkv3at7y-000-372n4vl.jpg","width":664,"height":419},{"@type":"BreadcrumbList","@id":"https:\/\/vof-news.eu\/fr\/violences-a-lecole-linternat-lieu-privilegie-des-agressions\/#breadcrumb","itemListElement":[{"@type":"ListItem","position":1,"name":"Home","item":"https:\/\/vof-news.eu\/fr\/"},{"@type":"ListItem","position":2,"name":"Violences \u00e0 l\u2019\u00e9cole\u00a0: l\u2019internat, lieu privil\u00e9gi\u00e9 des agressions"}]},{"@type":"WebSite","@id":"https:\/\/vof-news.eu\/fr\/#website","url":"https:\/\/vof-news.eu\/fr\/","name":"vof-news.eu","description":"","potentialAction":[{"@type":"SearchAction","target":{"@type":"EntryPoint","urlTemplate":"https:\/\/vof-news.eu\/fr\/?s={search_term_string}"},"query-input":"required name=search_term_string"}],"inLanguage":"fr-FR"},{"@type":"Person","@id":"https:\/\/vof-news.eu\/fr\/#\/schema\/person\/f6a2a4309f0561835797fd8c19b333ed","name":"Author","image":{"@type":"ImageObject","inLanguage":"fr-FR","@id":"https:\/\/vof-news.eu\/fr\/#\/schema\/person\/image\/","url":"https:\/\/secure.gravatar.com\/avatar\/b67e614b1b25b3e9c0c239efdd2fde5ab015b5affd6f1c3c85911ca4b384e790?s=96&d=mm&r=g","contentUrl":"https:\/\/secure.gravatar.com\/avatar\/b67e614b1b25b3e9c0c239efdd2fde5ab015b5affd6f1c3c85911ca4b384e790?s=96&d=mm&r=g","caption":"Author"},"sameAs":["http:\/\/vof-news.eu"],"url":"https:\/\/vof-news.eu\/fr\/author\/zwt6qxnjulxbnyg\/"}]}},"yoast_meta":{"yoast_wpseo_title":"","yoast_wpseo_metadesc":"","yoast_wpseo_canonical":""},"_links":{"self":[{"href":"https:\/\/vof-news.eu\/fr\/wp-json\/wp\/v2\/posts\/245222","targetHints":{"allow":["GET"]}}],"collection":[{"href":"https:\/\/vof-news.eu\/fr\/wp-json\/wp\/v2\/posts"}],"about":[{"href":"https:\/\/vof-news.eu\/fr\/wp-json\/wp\/v2\/types\/post"}],"author":[{"embeddable":true,"href":"https:\/\/vof-news.eu\/fr\/wp-json\/wp\/v2\/users\/1"}],"replies":[{"embeddable":true,"href":"https:\/\/vof-news.eu\/fr\/wp-json\/wp\/v2\/comments?post=245222"}],"version-history":[{"count":1,"href":"https:\/\/vof-news.eu\/fr\/wp-json\/wp\/v2\/posts\/245222\/revisions"}],"predecessor-version":[{"id":245229,"href":"https:\/\/vof-news.eu\/fr\/wp-json\/wp\/v2\/posts\/245222\/revisions\/245229"}],"wp:featuredmedia":[{"embeddable":true,"href":"https:\/\/vof-news.eu\/fr\/wp-json\/wp\/v2\/media\/245223"}],"wp:attachment":[{"href":"https:\/\/vof-news.eu\/fr\/wp-json\/wp\/v2\/media?parent=245222"}],"wp:term":[{"taxonomy":"category","embeddable":true,"href":"https:\/\/vof-news.eu\/fr\/wp-json\/wp\/v2\/categories?post=245222"},{"taxonomy":"post_tag","embeddable":true,"href":"https:\/\/vof-news.eu\/fr\/wp-json\/wp\/v2\/tags?post=245222"}],"curies":[{"name":"wp","href":"https:\/\/api.w.org\/{rel}","templated":true}]}}