{"id":245190,"date":"2025-07-02T07:32:20","date_gmt":"2025-07-02T04:32:20","guid":{"rendered":"https:\/\/vof-news.eu\/vendre-ou-consolider-le-dilemme-des-clubs-avec-leur-section-feminine-variable-dajustement-de-la-crise-du-football-francais\/"},"modified":"2025-07-02T07:32:49","modified_gmt":"2025-07-02T04:32:49","slug":"vendre-ou-consolider-le-dilemme-des-clubs-avec-leur-section-feminine-variable-dajustement-de-la-crise-du-football-francais","status":"publish","type":"post","link":"https:\/\/vof-news.eu\/fr\/vendre-ou-consolider-le-dilemme-des-clubs-avec-leur-section-feminine-variable-dajustement-de-la-crise-du-football-francais\/","title":{"rendered":"Vendre ou consolider\u00a0? Le dilemme des clubs avec leur section f\u00e9minine, variable d\u2019ajustement de la crise du football fran\u00e7ais"},"content":{"rendered":"<article>\n<p>A l\u2019aube de sa deuxi\u00e8me ann\u00e9e d\u2019existence, la Ligue f\u00e9minine de football professionnel (LFFP) semble \u00e0 la crois\u00e9e des chemins. Face \u00e0 la <a href=\"https:\/\/www.lemonde.fr\/sport\/article\/2025\/03\/03\/en-grave-crise-le-football-francais-lance-trois-groupes-de-travail-pour-se-reformer-en-profondeur_6576041_3242.html\" rel=\"nofollow\">crise travers\u00e9e par le football fran\u00e7ais<\/a>, pour lequel la Direction nationale du contr\u00f4le de gestion (DNCG) pr\u00e9voit des pertes cumul\u00e9es de 1,2\u00a0milliard d\u2019euros en fin de saison 2024-2025, la tentation est grande pour certains clubs de se s\u00e9parer de leur section f\u00e9minine.<\/p>\n<section>   <\/section>\n<p>Alors que l\u2019Euro 2025\u00a0d\u00e9bute, mercredi 2\u00a0juillet, en Suisse, plusieurs clubs de Premi\u00e8re Ligue \u2013 le championnat de France f\u00e9minin \u2013 seraient concern\u00e9s\u00a0: le Stade de Reims et Montpellier, dont les \u00e9quipes masculines ont \u00e9t\u00e9 rel\u00e9gu\u00e9es en Ligue\u00a02, ainsi que Le\u00a0Havre, r\u00e9cemment rachet\u00e9 par un fonds d\u2019investissement am\u00e9ricain. Contact\u00e9s par  , aucun n\u2019a souhait\u00e9 r\u00e9agir, mais selon nos informations, la section f\u00e9minine de Montpellier, cr\u00e9\u00e9e en\u00a02001\u00a0par l\u2019ancien pr\u00e9sident Louis Nicollin, est bien sur le point d\u2019\u00eatre vendue.<\/p>\n<p>, assure une source proche du dossier. Ami de \u00ab\u00a0Loulou\u00a0\u00bb Nicollin, \u00e0 qui le fils Laurent a succ\u00e9d\u00e9 \u00e0 sa mort en\u00a02017, <a href=\"https:\/\/www.lemonde.fr\/sport\/article\/2024\/10\/04\/jean-michel-aulas-il-y-a-deja-quelques-resultats-concrets-de-la-structuration-du-football-feminin_6343787_3242.html\" rel=\"nofollow\">Jean-Michel Aulas, pr\u00e9sident de la LFFP<\/a>, suit l\u2019affaire de pr\u00e8s\u00a0: ,, relate celui qui a fond\u00e9 l\u2019Olympique lyonnais f\u00e9minin en\u00a02004.<\/p>\n<p><strong>Il vous reste 83.99% de cet article \u00e0 lire. La suite est r\u00e9serv\u00e9e aux abonn\u00e9s.<\/strong><\/p>\n<\/article>\n","protected":false},"excerpt":{"rendered":"<p>A l\u2019aube de sa deuxi\u00e8me ann\u00e9e d\u2019existence, la Ligue f\u00e9minine de football professionnel (LFFP) semble \u00e0 la crois\u00e9e des chemins. Face \u00e0 la crise travers\u00e9e par le football fran\u00e7ais, pour lequel la Direction nationale du contr\u00f4le de gestion (DNCG) pr\u00e9voit des pertes cumul\u00e9es de 1,2\u00a0milliard d\u2019euros en fin de saison 2024-2025, la tentation est grande<\/p>\n","protected":false},"author":1,"featured_media":245191,"comment_status":"open","ping_status":"open","sticky":false,"template":"","format":"standard","meta":{"footnotes":""},"categories":[73],"tags":[],"class_list":["post-245190","post","type-post","status-publish","format-standard","has-post-thumbnail","hentry","category-sport-fr"],"acf":[],"yoast_head":"<!-- This site is optimized with the Yoast SEO plugin v22.9 - https:\/\/yoast.com\/wordpress\/plugins\/seo\/ -->\n<title>Vendre ou consolider\u00a0? Le dilemme des clubs avec leur section f\u00e9minine, variable d\u2019ajustement de la crise du football fran\u00e7ais - vof-news.eu<\/title>\n<meta name=\"description\" content=\"A l\u2019aube de sa deuxi\u00e8me ann\u00e9e d\u2019existence, la Ligue f\u00e9minine de football professionnel (LFFP) semble \u00e0 la crois\u00e9e des chemins. Face \u00e0 la crise travers\u00e9e par le football fran\u00e7ais, pour lequel la Direction nationale du contr\u00f4le de gestion (DNCG) pr\u00e9voit des pertes cumul\u00e9es de 1,2\u00a0milliard d\u2019euros en fin de saison 2024-2025, la tentation est grande pour certains clubs de se s\u00e9parer de leur section f\u00e9minine.   Alors que l\u2019Euro 2025\u00a0d\u00e9bute, mercredi 2\u00a0juillet, en Suisse, plusieurs clubs de Premi\u00e8re Ligue \u2013 le championnat de France f\u00e9minin \u2013 seraient concern\u00e9s\u00a0: le Stade de Reims et Montpellier, dont les \u00e9quipes masculines ont \u00e9t\u00e9 rel\u00e9gu\u00e9es en Ligue\u00a02, ainsi que Le\u00a0Havre, r\u00e9cemment rachet\u00e9 par un fonds d\u2019investissement am\u00e9ricain. Contact\u00e9s par , aucun n\u2019a souhait\u00e9 r\u00e9agir, mais selon nos informations, la section f\u00e9minine de Montpellier, cr\u00e9\u00e9e en\u00a02001\u00a0par l\u2019ancien pr\u00e9sident Louis Nicollin, est bien sur le point d\u2019\u00eatre vendue. , assure une source proche du dossier. Ami de \u00ab\u00a0Loulou\u00a0\u00bb Nicollin, \u00e0 qui le fils Laurent a succ\u00e9d\u00e9 \u00e0 sa mort en\u00a02017, Jean-Michel Aulas, pr\u00e9sident de la LFFP, suit l\u2019affaire de pr\u00e8s\u00a0: ,, relate celui qui a fond\u00e9 l\u2019Olympique lyonnais f\u00e9minin en\u00a02004. Il vous reste 83.99% de cet article \u00e0 lire. La suite est r\u00e9serv\u00e9e aux abonn\u00e9s.\" \/>\n<meta name=\"robots\" content=\"noindex, follow, max-snippet:-1, max-image-preview:large, max-video-preview:-1\" \/>\n<meta property=\"og:locale\" content=\"fr_FR\" \/>\n<meta property=\"og:type\" content=\"article\" \/>\n<meta property=\"og:title\" content=\"Vendre ou consolider\u00a0? Le dilemme des clubs avec leur section f\u00e9minine, variable d\u2019ajustement de la crise du football fran\u00e7ais - vof-news.eu\" \/>\n<meta property=\"og:description\" content=\"A l\u2019aube de sa deuxi\u00e8me ann\u00e9e d\u2019existence, la Ligue f\u00e9minine de football professionnel (LFFP) semble \u00e0 la crois\u00e9e des chemins. Face \u00e0 la crise travers\u00e9e par le football fran\u00e7ais, pour lequel la Direction nationale du contr\u00f4le de gestion (DNCG) pr\u00e9voit des pertes cumul\u00e9es de 1,2\u00a0milliard d\u2019euros en fin de saison 2024-2025, la tentation est grande pour certains clubs de se s\u00e9parer de leur section f\u00e9minine.   Alors que l\u2019Euro 2025\u00a0d\u00e9bute, mercredi 2\u00a0juillet, en Suisse, plusieurs clubs de Premi\u00e8re Ligue \u2013 le championnat de France f\u00e9minin \u2013 seraient concern\u00e9s\u00a0: le Stade de Reims et Montpellier, dont les \u00e9quipes masculines ont \u00e9t\u00e9 rel\u00e9gu\u00e9es en Ligue\u00a02, ainsi que Le\u00a0Havre, r\u00e9cemment rachet\u00e9 par un fonds d\u2019investissement am\u00e9ricain. Contact\u00e9s par , aucun n\u2019a souhait\u00e9 r\u00e9agir, mais selon nos informations, la section f\u00e9minine de Montpellier, cr\u00e9\u00e9e en\u00a02001\u00a0par l\u2019ancien pr\u00e9sident Louis Nicollin, est bien sur le point d\u2019\u00eatre vendue. , assure une source proche du dossier. Ami de \u00ab\u00a0Loulou\u00a0\u00bb Nicollin, \u00e0 qui le fils Laurent a succ\u00e9d\u00e9 \u00e0 sa mort en\u00a02017, Jean-Michel Aulas, pr\u00e9sident de la LFFP, suit l\u2019affaire de pr\u00e8s\u00a0: ,, relate celui qui a fond\u00e9 l\u2019Olympique lyonnais f\u00e9minin en\u00a02004. Il vous reste 83.99% de cet article \u00e0 lire. La suite est r\u00e9serv\u00e9e aux abonn\u00e9s.\" \/>\n<meta property=\"og:url\" content=\"https:\/\/vof-news.eu\/fr\/vendre-ou-consolider-le-dilemme-des-clubs-avec-leur-section-feminine-variable-dajustement-de-la-crise-du-football-francais\/\" \/>\n<meta property=\"og:site_name\" content=\"vof-news.eu\" \/>\n<meta property=\"article:published_time\" content=\"2025-07-02T04:32:20+00:00\" \/>\n<meta property=\"article:modified_time\" content=\"2025-07-02T04:32:49+00:00\" \/>\n<meta property=\"og:image\" content=\"https:\/\/vof-news.eu\/wp-content\/uploads\/2025\/07\/c8c96c3_upload-1-uodk9rt9rcez-000-472a2jp.jpg\" \/>\n\t<meta property=\"og:image:width\" content=\"664\" \/>\n\t<meta property=\"og:image:height\" content=\"443\" \/>\n\t<meta property=\"og:image:type\" content=\"image\/jpeg\" \/>\n<meta name=\"author\" content=\"Author\" \/>\n<meta name=\"twitter:card\" content=\"summary_large_image\" \/>\n<meta name=\"twitter:label1\" content=\"\u00c9crit par\" \/>\n\t<meta name=\"twitter:data1\" content=\"Author\" \/>\n\t<meta name=\"twitter:label2\" content=\"Dur\u00e9e de lecture estim\u00e9e\" \/>\n\t<meta name=\"twitter:data2\" content=\"1 minute\" \/>\n<script type=\"application\/ld+json\" class=\"yoast-schema-graph\">{\"@context\":\"https:\/\/schema.org\",\"@graph\":[{\"@type\":\"WebPage\",\"@id\":\"https:\/\/vof-news.eu\/fr\/vendre-ou-consolider-le-dilemme-des-clubs-avec-leur-section-feminine-variable-dajustement-de-la-crise-du-football-francais\/\",\"url\":\"https:\/\/vof-news.eu\/fr\/vendre-ou-consolider-le-dilemme-des-clubs-avec-leur-section-feminine-variable-dajustement-de-la-crise-du-football-francais\/\",\"name\":\"Vendre ou consolider\u00a0? Le dilemme des clubs avec leur section f\u00e9minine, variable d\u2019ajustement de la crise du football fran\u00e7ais - vof-news.eu\",\"isPartOf\":{\"@id\":\"https:\/\/vof-news.eu\/fr\/#website\"},\"primaryImageOfPage\":{\"@id\":\"https:\/\/vof-news.eu\/fr\/vendre-ou-consolider-le-dilemme-des-clubs-avec-leur-section-feminine-variable-dajustement-de-la-crise-du-football-francais\/#primaryimage\"},\"image\":{\"@id\":\"https:\/\/vof-news.eu\/fr\/vendre-ou-consolider-le-dilemme-des-clubs-avec-leur-section-feminine-variable-dajustement-de-la-crise-du-football-francais\/#primaryimage\"},\"thumbnailUrl\":\"https:\/\/vof-news.eu\/wp-content\/uploads\/2025\/07\/c8c96c3_upload-1-uodk9rt9rcez-000-472a2jp.jpg\",\"datePublished\":\"2025-07-02T04:32:20+00:00\",\"dateModified\":\"2025-07-02T04:32:49+00:00\",\"author\":{\"@id\":\"https:\/\/vof-news.eu\/fr\/#\/schema\/person\/f6a2a4309f0561835797fd8c19b333ed\"},\"description\":\"A l\u2019aube de sa deuxi\u00e8me ann\u00e9e d\u2019existence, la Ligue f\u00e9minine de football professionnel (LFFP) semble \u00e0 la crois\u00e9e des chemins. Face \u00e0 la crise travers\u00e9e par le football fran\u00e7ais, pour lequel la Direction nationale du contr\u00f4le de gestion (DNCG) pr\u00e9voit des pertes cumul\u00e9es de 1,2\u00a0milliard d\u2019euros en fin de saison 2024-2025, la tentation est grande pour certains clubs de se s\u00e9parer de leur section f\u00e9minine. Alors que l\u2019Euro 2025\u00a0d\u00e9bute, mercredi 2\u00a0juillet, en Suisse, plusieurs clubs de Premi\u00e8re Ligue \u2013 le championnat de France f\u00e9minin \u2013 seraient concern\u00e9s\u00a0: le Stade de Reims et Montpellier, dont les \u00e9quipes masculines ont \u00e9t\u00e9 rel\u00e9gu\u00e9es en Ligue\u00a02, ainsi que Le\u00a0Havre, r\u00e9cemment rachet\u00e9 par un fonds d\u2019investissement am\u00e9ricain. Contact\u00e9s par , aucun n\u2019a souhait\u00e9 r\u00e9agir, mais selon nos informations, la section f\u00e9minine de Montpellier, cr\u00e9\u00e9e en\u00a02001\u00a0par l\u2019ancien pr\u00e9sident Louis Nicollin, est bien sur le point d\u2019\u00eatre vendue. , assure une source proche du dossier. Ami de \u00ab\u00a0Loulou\u00a0\u00bb Nicollin, \u00e0 qui le fils Laurent a succ\u00e9d\u00e9 \u00e0 sa mort en\u00a02017, Jean-Michel Aulas, pr\u00e9sident de la LFFP, suit l\u2019affaire de pr\u00e8s\u00a0: ,, relate celui qui a fond\u00e9 l\u2019Olympique lyonnais f\u00e9minin en\u00a02004. Il vous reste 83.99% de cet article \u00e0 lire. La suite est r\u00e9serv\u00e9e aux abonn\u00e9s.\",\"breadcrumb\":{\"@id\":\"https:\/\/vof-news.eu\/fr\/vendre-ou-consolider-le-dilemme-des-clubs-avec-leur-section-feminine-variable-dajustement-de-la-crise-du-football-francais\/#breadcrumb\"},\"inLanguage\":\"fr-FR\",\"potentialAction\":[{\"@type\":\"ReadAction\",\"target\":[\"https:\/\/vof-news.eu\/fr\/vendre-ou-consolider-le-dilemme-des-clubs-avec-leur-section-feminine-variable-dajustement-de-la-crise-du-football-francais\/\"]}]},{\"@type\":\"ImageObject\",\"inLanguage\":\"fr-FR\",\"@id\":\"https:\/\/vof-news.eu\/fr\/vendre-ou-consolider-le-dilemme-des-clubs-avec-leur-section-feminine-variable-dajustement-de-la-crise-du-football-francais\/#primaryimage\",\"url\":\"https:\/\/vof-news.eu\/wp-content\/uploads\/2025\/07\/c8c96c3_upload-1-uodk9rt9rcez-000-472a2jp.jpg\",\"contentUrl\":\"https:\/\/vof-news.eu\/wp-content\/uploads\/2025\/07\/c8c96c3_upload-1-uodk9rt9rcez-000-472a2jp.jpg\",\"width\":664,\"height\":443},{\"@type\":\"BreadcrumbList\",\"@id\":\"https:\/\/vof-news.eu\/fr\/vendre-ou-consolider-le-dilemme-des-clubs-avec-leur-section-feminine-variable-dajustement-de-la-crise-du-football-francais\/#breadcrumb\",\"itemListElement\":[{\"@type\":\"ListItem\",\"position\":1,\"name\":\"Home\",\"item\":\"https:\/\/vof-news.eu\/fr\/\"},{\"@type\":\"ListItem\",\"position\":2,\"name\":\"Vendre ou consolider\u00a0? Le dilemme des clubs avec leur section f\u00e9minine, variable d\u2019ajustement de la crise du football fran\u00e7ais\"}]},{\"@type\":\"WebSite\",\"@id\":\"https:\/\/vof-news.eu\/fr\/#website\",\"url\":\"https:\/\/vof-news.eu\/fr\/\",\"name\":\"vof-news.eu\",\"description\":\"\",\"potentialAction\":[{\"@type\":\"SearchAction\",\"target\":{\"@type\":\"EntryPoint\",\"urlTemplate\":\"https:\/\/vof-news.eu\/fr\/?s={search_term_string}\"},\"query-input\":\"required name=search_term_string\"}],\"inLanguage\":\"fr-FR\"},{\"@type\":\"Person\",\"@id\":\"https:\/\/vof-news.eu\/fr\/#\/schema\/person\/f6a2a4309f0561835797fd8c19b333ed\",\"name\":\"Author\",\"image\":{\"@type\":\"ImageObject\",\"inLanguage\":\"fr-FR\",\"@id\":\"https:\/\/vof-news.eu\/fr\/#\/schema\/person\/image\/\",\"url\":\"https:\/\/secure.gravatar.com\/avatar\/b67e614b1b25b3e9c0c239efdd2fde5ab015b5affd6f1c3c85911ca4b384e790?s=96&d=mm&r=g\",\"contentUrl\":\"https:\/\/secure.gravatar.com\/avatar\/b67e614b1b25b3e9c0c239efdd2fde5ab015b5affd6f1c3c85911ca4b384e790?s=96&d=mm&r=g\",\"caption\":\"Author\"},\"sameAs\":[\"http:\/\/vof-news.eu\"],\"url\":\"https:\/\/vof-news.eu\/fr\/author\/zwt6qxnjulxbnyg\/\"}]}<\/script>\n<!-- \/ Yoast SEO plugin. -->","yoast_head_json":{"title":"Vendre ou consolider\u00a0? Le dilemme des clubs avec leur section f\u00e9minine, variable d\u2019ajustement de la crise du football fran\u00e7ais - vof-news.eu","description":"A l\u2019aube de sa deuxi\u00e8me ann\u00e9e d\u2019existence, la Ligue f\u00e9minine de football professionnel (LFFP) semble \u00e0 la crois\u00e9e des chemins. Face \u00e0 la crise travers\u00e9e par le football fran\u00e7ais, pour lequel la Direction nationale du contr\u00f4le de gestion (DNCG) pr\u00e9voit des pertes cumul\u00e9es de 1,2\u00a0milliard d\u2019euros en fin de saison 2024-2025, la tentation est grande pour certains clubs de se s\u00e9parer de leur section f\u00e9minine.   Alors que l\u2019Euro 2025\u00a0d\u00e9bute, mercredi 2\u00a0juillet, en Suisse, plusieurs clubs de Premi\u00e8re Ligue \u2013 le championnat de France f\u00e9minin \u2013 seraient concern\u00e9s\u00a0: le Stade de Reims et Montpellier, dont les \u00e9quipes masculines ont \u00e9t\u00e9 rel\u00e9gu\u00e9es en Ligue\u00a02, ainsi que Le\u00a0Havre, r\u00e9cemment rachet\u00e9 par un fonds d\u2019investissement am\u00e9ricain. Contact\u00e9s par , aucun n\u2019a souhait\u00e9 r\u00e9agir, mais selon nos informations, la section f\u00e9minine de Montpellier, cr\u00e9\u00e9e en\u00a02001\u00a0par l\u2019ancien pr\u00e9sident Louis Nicollin, est bien sur le point d\u2019\u00eatre vendue. , assure une source proche du dossier. Ami de \u00ab\u00a0Loulou\u00a0\u00bb Nicollin, \u00e0 qui le fils Laurent a succ\u00e9d\u00e9 \u00e0 sa mort en\u00a02017, Jean-Michel Aulas, pr\u00e9sident de la LFFP, suit l\u2019affaire de pr\u00e8s\u00a0: ,, relate celui qui a fond\u00e9 l\u2019Olympique lyonnais f\u00e9minin en\u00a02004. Il vous reste 83.99% de cet article \u00e0 lire. La suite est r\u00e9serv\u00e9e aux abonn\u00e9s.","robots":{"index":"noindex","follow":"follow","max-snippet":"max-snippet:-1","max-image-preview":"max-image-preview:large","max-video-preview":"max-video-preview:-1"},"og_locale":"fr_FR","og_type":"article","og_title":"Vendre ou consolider\u00a0? Le dilemme des clubs avec leur section f\u00e9minine, variable d\u2019ajustement de la crise du football fran\u00e7ais - vof-news.eu","og_description":"A l\u2019aube de sa deuxi\u00e8me ann\u00e9e d\u2019existence, la Ligue f\u00e9minine de football professionnel (LFFP) semble \u00e0 la crois\u00e9e des chemins. Face \u00e0 la crise travers\u00e9e par le football fran\u00e7ais, pour lequel la Direction nationale du contr\u00f4le de gestion (DNCG) pr\u00e9voit des pertes cumul\u00e9es de 1,2\u00a0milliard d\u2019euros en fin de saison 2024-2025, la tentation est grande pour certains clubs de se s\u00e9parer de leur section f\u00e9minine.   Alors que l\u2019Euro 2025\u00a0d\u00e9bute, mercredi 2\u00a0juillet, en Suisse, plusieurs clubs de Premi\u00e8re Ligue \u2013 le championnat de France f\u00e9minin \u2013 seraient concern\u00e9s\u00a0: le Stade de Reims et Montpellier, dont les \u00e9quipes masculines ont \u00e9t\u00e9 rel\u00e9gu\u00e9es en Ligue\u00a02, ainsi que Le\u00a0Havre, r\u00e9cemment rachet\u00e9 par un fonds d\u2019investissement am\u00e9ricain. Contact\u00e9s par , aucun n\u2019a souhait\u00e9 r\u00e9agir, mais selon nos informations, la section f\u00e9minine de Montpellier, cr\u00e9\u00e9e en\u00a02001\u00a0par l\u2019ancien pr\u00e9sident Louis Nicollin, est bien sur le point d\u2019\u00eatre vendue. , assure une source proche du dossier. Ami de \u00ab\u00a0Loulou\u00a0\u00bb Nicollin, \u00e0 qui le fils Laurent a succ\u00e9d\u00e9 \u00e0 sa mort en\u00a02017, Jean-Michel Aulas, pr\u00e9sident de la LFFP, suit l\u2019affaire de pr\u00e8s\u00a0: ,, relate celui qui a fond\u00e9 l\u2019Olympique lyonnais f\u00e9minin en\u00a02004. Il vous reste 83.99% de cet article \u00e0 lire. La suite est r\u00e9serv\u00e9e aux abonn\u00e9s.","og_url":"https:\/\/vof-news.eu\/fr\/vendre-ou-consolider-le-dilemme-des-clubs-avec-leur-section-feminine-variable-dajustement-de-la-crise-du-football-francais\/","og_site_name":"vof-news.eu","article_published_time":"2025-07-02T04:32:20+00:00","article_modified_time":"2025-07-02T04:32:49+00:00","og_image":[{"width":664,"height":443,"url":"https:\/\/vof-news.eu\/wp-content\/uploads\/2025\/07\/c8c96c3_upload-1-uodk9rt9rcez-000-472a2jp.jpg","type":"image\/jpeg"}],"author":"Author","twitter_card":"summary_large_image","twitter_misc":{"\u00c9crit par":"Author","Dur\u00e9e de lecture estim\u00e9e":"1 minute"},"schema":{"@context":"https:\/\/schema.org","@graph":[{"@type":"WebPage","@id":"https:\/\/vof-news.eu\/fr\/vendre-ou-consolider-le-dilemme-des-clubs-avec-leur-section-feminine-variable-dajustement-de-la-crise-du-football-francais\/","url":"https:\/\/vof-news.eu\/fr\/vendre-ou-consolider-le-dilemme-des-clubs-avec-leur-section-feminine-variable-dajustement-de-la-crise-du-football-francais\/","name":"Vendre ou consolider\u00a0? Le dilemme des clubs avec leur section f\u00e9minine, variable d\u2019ajustement de la crise du football fran\u00e7ais - vof-news.eu","isPartOf":{"@id":"https:\/\/vof-news.eu\/fr\/#website"},"primaryImageOfPage":{"@id":"https:\/\/vof-news.eu\/fr\/vendre-ou-consolider-le-dilemme-des-clubs-avec-leur-section-feminine-variable-dajustement-de-la-crise-du-football-francais\/#primaryimage"},"image":{"@id":"https:\/\/vof-news.eu\/fr\/vendre-ou-consolider-le-dilemme-des-clubs-avec-leur-section-feminine-variable-dajustement-de-la-crise-du-football-francais\/#primaryimage"},"thumbnailUrl":"https:\/\/vof-news.eu\/wp-content\/uploads\/2025\/07\/c8c96c3_upload-1-uodk9rt9rcez-000-472a2jp.jpg","datePublished":"2025-07-02T04:32:20+00:00","dateModified":"2025-07-02T04:32:49+00:00","author":{"@id":"https:\/\/vof-news.eu\/fr\/#\/schema\/person\/f6a2a4309f0561835797fd8c19b333ed"},"description":"A l\u2019aube de sa deuxi\u00e8me ann\u00e9e d\u2019existence, la Ligue f\u00e9minine de football professionnel (LFFP) semble \u00e0 la crois\u00e9e des chemins. Face \u00e0 la crise travers\u00e9e par le football fran\u00e7ais, pour lequel la Direction nationale du contr\u00f4le de gestion (DNCG) pr\u00e9voit des pertes cumul\u00e9es de 1,2\u00a0milliard d\u2019euros en fin de saison 2024-2025, la tentation est grande pour certains clubs de se s\u00e9parer de leur section f\u00e9minine. Alors que l\u2019Euro 2025\u00a0d\u00e9bute, mercredi 2\u00a0juillet, en Suisse, plusieurs clubs de Premi\u00e8re Ligue \u2013 le championnat de France f\u00e9minin \u2013 seraient concern\u00e9s\u00a0: le Stade de Reims et Montpellier, dont les \u00e9quipes masculines ont \u00e9t\u00e9 rel\u00e9gu\u00e9es en Ligue\u00a02, ainsi que Le\u00a0Havre, r\u00e9cemment rachet\u00e9 par un fonds d\u2019investissement am\u00e9ricain. Contact\u00e9s par , aucun n\u2019a souhait\u00e9 r\u00e9agir, mais selon nos informations, la section f\u00e9minine de Montpellier, cr\u00e9\u00e9e en\u00a02001\u00a0par l\u2019ancien pr\u00e9sident Louis Nicollin, est bien sur le point d\u2019\u00eatre vendue. , assure une source proche du dossier. Ami de \u00ab\u00a0Loulou\u00a0\u00bb Nicollin, \u00e0 qui le fils Laurent a succ\u00e9d\u00e9 \u00e0 sa mort en\u00a02017, Jean-Michel Aulas, pr\u00e9sident de la LFFP, suit l\u2019affaire de pr\u00e8s\u00a0: ,, relate celui qui a fond\u00e9 l\u2019Olympique lyonnais f\u00e9minin en\u00a02004. Il vous reste 83.99% de cet article \u00e0 lire. La suite est r\u00e9serv\u00e9e aux abonn\u00e9s.","breadcrumb":{"@id":"https:\/\/vof-news.eu\/fr\/vendre-ou-consolider-le-dilemme-des-clubs-avec-leur-section-feminine-variable-dajustement-de-la-crise-du-football-francais\/#breadcrumb"},"inLanguage":"fr-FR","potentialAction":[{"@type":"ReadAction","target":["https:\/\/vof-news.eu\/fr\/vendre-ou-consolider-le-dilemme-des-clubs-avec-leur-section-feminine-variable-dajustement-de-la-crise-du-football-francais\/"]}]},{"@type":"ImageObject","inLanguage":"fr-FR","@id":"https:\/\/vof-news.eu\/fr\/vendre-ou-consolider-le-dilemme-des-clubs-avec-leur-section-feminine-variable-dajustement-de-la-crise-du-football-francais\/#primaryimage","url":"https:\/\/vof-news.eu\/wp-content\/uploads\/2025\/07\/c8c96c3_upload-1-uodk9rt9rcez-000-472a2jp.jpg","contentUrl":"https:\/\/vof-news.eu\/wp-content\/uploads\/2025\/07\/c8c96c3_upload-1-uodk9rt9rcez-000-472a2jp.jpg","width":664,"height":443},{"@type":"BreadcrumbList","@id":"https:\/\/vof-news.eu\/fr\/vendre-ou-consolider-le-dilemme-des-clubs-avec-leur-section-feminine-variable-dajustement-de-la-crise-du-football-francais\/#breadcrumb","itemListElement":[{"@type":"ListItem","position":1,"name":"Home","item":"https:\/\/vof-news.eu\/fr\/"},{"@type":"ListItem","position":2,"name":"Vendre ou consolider\u00a0? Le dilemme des clubs avec leur section f\u00e9minine, variable d\u2019ajustement de la crise du football fran\u00e7ais"}]},{"@type":"WebSite","@id":"https:\/\/vof-news.eu\/fr\/#website","url":"https:\/\/vof-news.eu\/fr\/","name":"vof-news.eu","description":"","potentialAction":[{"@type":"SearchAction","target":{"@type":"EntryPoint","urlTemplate":"https:\/\/vof-news.eu\/fr\/?s={search_term_string}"},"query-input":"required name=search_term_string"}],"inLanguage":"fr-FR"},{"@type":"Person","@id":"https:\/\/vof-news.eu\/fr\/#\/schema\/person\/f6a2a4309f0561835797fd8c19b333ed","name":"Author","image":{"@type":"ImageObject","inLanguage":"fr-FR","@id":"https:\/\/vof-news.eu\/fr\/#\/schema\/person\/image\/","url":"https:\/\/secure.gravatar.com\/avatar\/b67e614b1b25b3e9c0c239efdd2fde5ab015b5affd6f1c3c85911ca4b384e790?s=96&d=mm&r=g","contentUrl":"https:\/\/secure.gravatar.com\/avatar\/b67e614b1b25b3e9c0c239efdd2fde5ab015b5affd6f1c3c85911ca4b384e790?s=96&d=mm&r=g","caption":"Author"},"sameAs":["http:\/\/vof-news.eu"],"url":"https:\/\/vof-news.eu\/fr\/author\/zwt6qxnjulxbnyg\/"}]}},"yoast_meta":{"yoast_wpseo_title":"","yoast_wpseo_metadesc":"","yoast_wpseo_canonical":""},"_links":{"self":[{"href":"https:\/\/vof-news.eu\/fr\/wp-json\/wp\/v2\/posts\/245190","targetHints":{"allow":["GET"]}}],"collection":[{"href":"https:\/\/vof-news.eu\/fr\/wp-json\/wp\/v2\/posts"}],"about":[{"href":"https:\/\/vof-news.eu\/fr\/wp-json\/wp\/v2\/types\/post"}],"author":[{"embeddable":true,"href":"https:\/\/vof-news.eu\/fr\/wp-json\/wp\/v2\/users\/1"}],"replies":[{"embeddable":true,"href":"https:\/\/vof-news.eu\/fr\/wp-json\/wp\/v2\/comments?post=245190"}],"version-history":[{"count":1,"href":"https:\/\/vof-news.eu\/fr\/wp-json\/wp\/v2\/posts\/245190\/revisions"}],"predecessor-version":[{"id":245197,"href":"https:\/\/vof-news.eu\/fr\/wp-json\/wp\/v2\/posts\/245190\/revisions\/245197"}],"wp:featuredmedia":[{"embeddable":true,"href":"https:\/\/vof-news.eu\/fr\/wp-json\/wp\/v2\/media\/245191"}],"wp:attachment":[{"href":"https:\/\/vof-news.eu\/fr\/wp-json\/wp\/v2\/media?parent=245190"}],"wp:term":[{"taxonomy":"category","embeddable":true,"href":"https:\/\/vof-news.eu\/fr\/wp-json\/wp\/v2\/categories?post=245190"},{"taxonomy":"post_tag","embeddable":true,"href":"https:\/\/vof-news.eu\/fr\/wp-json\/wp\/v2\/tags?post=245190"}],"curies":[{"name":"wp","href":"https:\/\/api.w.org\/{rel}","templated":true}]}}