{"id":245172,"date":"2025-07-02T07:30:41","date_gmt":"2025-07-02T04:30:41","guid":{"rendered":"https:\/\/vof-news.eu\/entre-emmanuel-macron-et-vladimir-poutine-un-appel-a-double-tranchant-apres-trois-ans-de-silence\/"},"modified":"2025-07-02T07:30:56","modified_gmt":"2025-07-02T04:30:56","slug":"entre-emmanuel-macron-et-vladimir-poutine-un-appel-a-double-tranchant-apres-trois-ans-de-silence","status":"publish","type":"post","link":"https:\/\/vof-news.eu\/fr\/entre-emmanuel-macron-et-vladimir-poutine-un-appel-a-double-tranchant-apres-trois-ans-de-silence\/","title":{"rendered":"Entre Emmanuel Macron et Vladimir Poutine, un appel \u00e0 double tranchant, apr\u00e8s trois ans de silence"},"content":{"rendered":"<article>\n<p>L\u2019\u00e9change aura dur\u00e9 plus de deux heures. Mardi 1\u1d49\u02b3\u00a0juillet, lorsque Emmanuel Macron s\u2019entretient par t\u00e9l\u00e9phone, avec Vladimir Poutine, comme les deux chefs d\u2019Etat en sont convenus un peu plus t\u00f4t, le pr\u00e9sident fran\u00e7ais sait son geste \u00e0 la fois lourd de sens et \u00e0 double tranchant.<\/p>\n<section>   <\/section>\n<p>Le chef du Kremlin, accus\u00e9 de crimes de guerre, est trait\u00e9 en paria par les Europ\u00e9ens depuis l\u2019invasion de l\u2019Ukraine par l\u2019arm\u00e9e russe en f\u00e9vrier\u00a02022. Mais le p\u00e9ril de la prolif\u00e9ration nucl\u00e9aire, suscit\u00e9 par le conflit entre Isra\u00ebl et l\u2019Iran lors de la , comme la d\u00e9signe le pr\u00e9sident am\u00e9ricain, Donald Trump, a convaincu le chef de l\u2019Etat de renouer le dialogue, pr\u00e8s de trois ans apr\u00e8s son dernier appel au Kremlin, en septembre\u00a02022.<\/p>\n<p>Paris et Moscou ont un int\u00e9r\u00eat commun\u00a0: emp\u00eacher T\u00e9h\u00e9ran de se doter de l\u2019arme nucl\u00e9aire. La Russie dispose, au m\u00eame titre que la France, le Royaume-Uni, les Etats-Unis et la Chine, d\u2019un si\u00e8ge permanent au conseil de s\u00e9curit\u00e9 de l\u2019Organisation des Nations unies (ONU). Puissances nucl\u00e9aires, ces cinq pays sont les garants du trait\u00e9 de non-prolif\u00e9ration (TNP). Tous avaient sign\u00e9, en\u00a02015, avec T\u00e9h\u00e9ran et Berlin, l\u2019accord de Vienne destin\u00e9 \u00e0 encadrer le programme nucl\u00e9aire iranien, avant que Donald Trump ne le d\u00e9nonce, trois ans plus tard.<\/p>\n<p><strong>Il vous reste 78.91% de cet article \u00e0 lire. La suite est r\u00e9serv\u00e9e aux abonn\u00e9s.<\/strong><\/p>\n<\/article>\n","protected":false},"excerpt":{"rendered":"<p>L\u2019\u00e9change aura dur\u00e9 plus de deux heures. Mardi 1\u1d49\u02b3\u00a0juillet, lorsque Emmanuel Macron s\u2019entretient par t\u00e9l\u00e9phone, avec Vladimir Poutine, comme les deux chefs d\u2019Etat en sont convenus un peu plus t\u00f4t, le pr\u00e9sident fran\u00e7ais sait son geste \u00e0 la fois lourd de sens et \u00e0 double tranchant. Le chef du Kremlin, accus\u00e9 de crimes de guerre,<\/p>\n","protected":false},"author":1,"featured_media":245173,"comment_status":"open","ping_status":"open","sticky":false,"template":"","format":"standard","meta":{"footnotes":""},"categories":[68],"tags":[],"class_list":["post-245172","post","type-post","status-publish","format-standard","has-post-thumbnail","hentry","category-politics-fr"],"acf":[],"yoast_head":"<!-- This site is optimized with the Yoast SEO plugin v22.9 - https:\/\/yoast.com\/wordpress\/plugins\/seo\/ -->\n<title>Entre Emmanuel Macron et Vladimir Poutine, un appel \u00e0 double tranchant, apr\u00e8s trois ans de silence - vof-news.eu<\/title>\n<meta name=\"description\" content=\"L\u2019\u00e9change aura dur\u00e9 plus de deux heures. Mardi 1\u1d49\u02b3\u00a0juillet, lorsque Emmanuel Macron s\u2019entretient par t\u00e9l\u00e9phone, avec Vladimir Poutine, comme les deux chefs d\u2019Etat en sont convenus un peu plus t\u00f4t, le pr\u00e9sident fran\u00e7ais sait son geste \u00e0 la fois lourd de sens et \u00e0 double tranchant.   Le chef du Kremlin, accus\u00e9 de crimes de guerre, est trait\u00e9 en paria par les Europ\u00e9ens depuis l\u2019invasion de l\u2019Ukraine par l\u2019arm\u00e9e russe en f\u00e9vrier\u00a02022. Mais le p\u00e9ril de la prolif\u00e9ration nucl\u00e9aire, suscit\u00e9 par le conflit entre Isra\u00ebl et l\u2019Iran lors de la , comme la d\u00e9signe le pr\u00e9sident am\u00e9ricain, Donald Trump, a convaincu le chef de l\u2019Etat de renouer le dialogue, pr\u00e8s de trois ans apr\u00e8s son dernier appel au Kremlin, en septembre\u00a02022. Paris et Moscou ont un int\u00e9r\u00eat commun\u00a0: emp\u00eacher T\u00e9h\u00e9ran de se doter de l\u2019arme nucl\u00e9aire. La Russie dispose, au m\u00eame titre que la France, le Royaume-Uni, les Etats-Unis et la Chine, d\u2019un si\u00e8ge permanent au conseil de s\u00e9curit\u00e9 de l\u2019Organisation des Nations unies (ONU). Puissances nucl\u00e9aires, ces cinq pays sont les garants du trait\u00e9 de non-prolif\u00e9ration (TNP). Tous avaient sign\u00e9, en\u00a02015, avec T\u00e9h\u00e9ran et Berlin, l\u2019accord de Vienne destin\u00e9 \u00e0 encadrer le programme nucl\u00e9aire iranien, avant que Donald Trump ne le d\u00e9nonce, trois ans plus tard. Il vous reste 78.91% de cet article \u00e0 lire. La suite est r\u00e9serv\u00e9e aux abonn\u00e9s.\" \/>\n<meta name=\"robots\" content=\"noindex, follow, max-snippet:-1, max-image-preview:large, max-video-preview:-1\" \/>\n<meta property=\"og:locale\" content=\"fr_FR\" \/>\n<meta property=\"og:type\" content=\"article\" \/>\n<meta property=\"og:title\" content=\"Entre Emmanuel Macron et Vladimir Poutine, un appel \u00e0 double tranchant, apr\u00e8s trois ans de silence - vof-news.eu\" \/>\n<meta property=\"og:description\" content=\"L\u2019\u00e9change aura dur\u00e9 plus de deux heures. Mardi 1\u1d49\u02b3\u00a0juillet, lorsque Emmanuel Macron s\u2019entretient par t\u00e9l\u00e9phone, avec Vladimir Poutine, comme les deux chefs d\u2019Etat en sont convenus un peu plus t\u00f4t, le pr\u00e9sident fran\u00e7ais sait son geste \u00e0 la fois lourd de sens et \u00e0 double tranchant.   Le chef du Kremlin, accus\u00e9 de crimes de guerre, est trait\u00e9 en paria par les Europ\u00e9ens depuis l\u2019invasion de l\u2019Ukraine par l\u2019arm\u00e9e russe en f\u00e9vrier\u00a02022. Mais le p\u00e9ril de la prolif\u00e9ration nucl\u00e9aire, suscit\u00e9 par le conflit entre Isra\u00ebl et l\u2019Iran lors de la , comme la d\u00e9signe le pr\u00e9sident am\u00e9ricain, Donald Trump, a convaincu le chef de l\u2019Etat de renouer le dialogue, pr\u00e8s de trois ans apr\u00e8s son dernier appel au Kremlin, en septembre\u00a02022. Paris et Moscou ont un int\u00e9r\u00eat commun\u00a0: emp\u00eacher T\u00e9h\u00e9ran de se doter de l\u2019arme nucl\u00e9aire. La Russie dispose, au m\u00eame titre que la France, le Royaume-Uni, les Etats-Unis et la Chine, d\u2019un si\u00e8ge permanent au conseil de s\u00e9curit\u00e9 de l\u2019Organisation des Nations unies (ONU). Puissances nucl\u00e9aires, ces cinq pays sont les garants du trait\u00e9 de non-prolif\u00e9ration (TNP). Tous avaient sign\u00e9, en\u00a02015, avec T\u00e9h\u00e9ran et Berlin, l\u2019accord de Vienne destin\u00e9 \u00e0 encadrer le programme nucl\u00e9aire iranien, avant que Donald Trump ne le d\u00e9nonce, trois ans plus tard. Il vous reste 78.91% de cet article \u00e0 lire. La suite est r\u00e9serv\u00e9e aux abonn\u00e9s.\" \/>\n<meta property=\"og:url\" content=\"https:\/\/vof-news.eu\/fr\/entre-emmanuel-macron-et-vladimir-poutine-un-appel-a-double-tranchant-apres-trois-ans-de-silence\/\" \/>\n<meta property=\"og:site_name\" content=\"vof-news.eu\" \/>\n<meta property=\"article:published_time\" content=\"2025-07-02T04:30:41+00:00\" \/>\n<meta property=\"article:modified_time\" content=\"2025-07-02T04:30:56+00:00\" \/>\n<meta property=\"og:image\" content=\"https:\/\/vof-news.eu\/wp-content\/uploads\/2025\/07\/a7e56ce_ftp-import-images-1-x4g5rda68f48-2025-06-30t153642z-1535181878-rc23dfasag00-rtrmadp-3-un-development-seville.jpg\" \/>\n\t<meta property=\"og:image:width\" content=\"664\" \/>\n\t<meta property=\"og:image:height\" content=\"443\" \/>\n\t<meta property=\"og:image:type\" content=\"image\/jpeg\" \/>\n<meta name=\"author\" content=\"Author\" \/>\n<meta name=\"twitter:card\" content=\"summary_large_image\" \/>\n<meta name=\"twitter:label1\" content=\"\u00c9crit par\" \/>\n\t<meta name=\"twitter:data1\" content=\"Author\" \/>\n\t<meta name=\"twitter:label2\" content=\"Dur\u00e9e de lecture estim\u00e9e\" \/>\n\t<meta name=\"twitter:data2\" content=\"1 minute\" \/>\n<script type=\"application\/ld+json\" class=\"yoast-schema-graph\">{\"@context\":\"https:\/\/schema.org\",\"@graph\":[{\"@type\":\"WebPage\",\"@id\":\"https:\/\/vof-news.eu\/fr\/entre-emmanuel-macron-et-vladimir-poutine-un-appel-a-double-tranchant-apres-trois-ans-de-silence\/\",\"url\":\"https:\/\/vof-news.eu\/fr\/entre-emmanuel-macron-et-vladimir-poutine-un-appel-a-double-tranchant-apres-trois-ans-de-silence\/\",\"name\":\"Entre Emmanuel Macron et Vladimir Poutine, un appel \u00e0 double tranchant, apr\u00e8s trois ans de silence - vof-news.eu\",\"isPartOf\":{\"@id\":\"https:\/\/vof-news.eu\/fr\/#website\"},\"primaryImageOfPage\":{\"@id\":\"https:\/\/vof-news.eu\/fr\/entre-emmanuel-macron-et-vladimir-poutine-un-appel-a-double-tranchant-apres-trois-ans-de-silence\/#primaryimage\"},\"image\":{\"@id\":\"https:\/\/vof-news.eu\/fr\/entre-emmanuel-macron-et-vladimir-poutine-un-appel-a-double-tranchant-apres-trois-ans-de-silence\/#primaryimage\"},\"thumbnailUrl\":\"https:\/\/vof-news.eu\/wp-content\/uploads\/2025\/07\/a7e56ce_ftp-import-images-1-x4g5rda68f48-2025-06-30t153642z-1535181878-rc23dfasag00-rtrmadp-3-un-development-seville.jpg\",\"datePublished\":\"2025-07-02T04:30:41+00:00\",\"dateModified\":\"2025-07-02T04:30:56+00:00\",\"author\":{\"@id\":\"https:\/\/vof-news.eu\/fr\/#\/schema\/person\/f6a2a4309f0561835797fd8c19b333ed\"},\"description\":\"L\u2019\u00e9change aura dur\u00e9 plus de deux heures. Mardi 1\u1d49\u02b3\u00a0juillet, lorsque Emmanuel Macron s\u2019entretient par t\u00e9l\u00e9phone, avec Vladimir Poutine, comme les deux chefs d\u2019Etat en sont convenus un peu plus t\u00f4t, le pr\u00e9sident fran\u00e7ais sait son geste \u00e0 la fois lourd de sens et \u00e0 double tranchant. Le chef du Kremlin, accus\u00e9 de crimes de guerre, est trait\u00e9 en paria par les Europ\u00e9ens depuis l\u2019invasion de l\u2019Ukraine par l\u2019arm\u00e9e russe en f\u00e9vrier\u00a02022. Mais le p\u00e9ril de la prolif\u00e9ration nucl\u00e9aire, suscit\u00e9 par le conflit entre Isra\u00ebl et l\u2019Iran lors de la , comme la d\u00e9signe le pr\u00e9sident am\u00e9ricain, Donald Trump, a convaincu le chef de l\u2019Etat de renouer le dialogue, pr\u00e8s de trois ans apr\u00e8s son dernier appel au Kremlin, en septembre\u00a02022. Paris et Moscou ont un int\u00e9r\u00eat commun\u00a0: emp\u00eacher T\u00e9h\u00e9ran de se doter de l\u2019arme nucl\u00e9aire. La Russie dispose, au m\u00eame titre que la France, le Royaume-Uni, les Etats-Unis et la Chine, d\u2019un si\u00e8ge permanent au conseil de s\u00e9curit\u00e9 de l\u2019Organisation des Nations unies (ONU). Puissances nucl\u00e9aires, ces cinq pays sont les garants du trait\u00e9 de non-prolif\u00e9ration (TNP). Tous avaient sign\u00e9, en\u00a02015, avec T\u00e9h\u00e9ran et Berlin, l\u2019accord de Vienne destin\u00e9 \u00e0 encadrer le programme nucl\u00e9aire iranien, avant que Donald Trump ne le d\u00e9nonce, trois ans plus tard. Il vous reste 78.91% de cet article \u00e0 lire. La suite est r\u00e9serv\u00e9e aux abonn\u00e9s.\",\"breadcrumb\":{\"@id\":\"https:\/\/vof-news.eu\/fr\/entre-emmanuel-macron-et-vladimir-poutine-un-appel-a-double-tranchant-apres-trois-ans-de-silence\/#breadcrumb\"},\"inLanguage\":\"fr-FR\",\"potentialAction\":[{\"@type\":\"ReadAction\",\"target\":[\"https:\/\/vof-news.eu\/fr\/entre-emmanuel-macron-et-vladimir-poutine-un-appel-a-double-tranchant-apres-trois-ans-de-silence\/\"]}]},{\"@type\":\"ImageObject\",\"inLanguage\":\"fr-FR\",\"@id\":\"https:\/\/vof-news.eu\/fr\/entre-emmanuel-macron-et-vladimir-poutine-un-appel-a-double-tranchant-apres-trois-ans-de-silence\/#primaryimage\",\"url\":\"https:\/\/vof-news.eu\/wp-content\/uploads\/2025\/07\/a7e56ce_ftp-import-images-1-x4g5rda68f48-2025-06-30t153642z-1535181878-rc23dfasag00-rtrmadp-3-un-development-seville.jpg\",\"contentUrl\":\"https:\/\/vof-news.eu\/wp-content\/uploads\/2025\/07\/a7e56ce_ftp-import-images-1-x4g5rda68f48-2025-06-30t153642z-1535181878-rc23dfasag00-rtrmadp-3-un-development-seville.jpg\",\"width\":664,\"height\":443},{\"@type\":\"BreadcrumbList\",\"@id\":\"https:\/\/vof-news.eu\/fr\/entre-emmanuel-macron-et-vladimir-poutine-un-appel-a-double-tranchant-apres-trois-ans-de-silence\/#breadcrumb\",\"itemListElement\":[{\"@type\":\"ListItem\",\"position\":1,\"name\":\"Home\",\"item\":\"https:\/\/vof-news.eu\/fr\/\"},{\"@type\":\"ListItem\",\"position\":2,\"name\":\"Entre Emmanuel Macron et Vladimir Poutine, un appel \u00e0 double tranchant, apr\u00e8s trois ans de silence\"}]},{\"@type\":\"WebSite\",\"@id\":\"https:\/\/vof-news.eu\/fr\/#website\",\"url\":\"https:\/\/vof-news.eu\/fr\/\",\"name\":\"vof-news.eu\",\"description\":\"\",\"potentialAction\":[{\"@type\":\"SearchAction\",\"target\":{\"@type\":\"EntryPoint\",\"urlTemplate\":\"https:\/\/vof-news.eu\/fr\/?s={search_term_string}\"},\"query-input\":\"required name=search_term_string\"}],\"inLanguage\":\"fr-FR\"},{\"@type\":\"Person\",\"@id\":\"https:\/\/vof-news.eu\/fr\/#\/schema\/person\/f6a2a4309f0561835797fd8c19b333ed\",\"name\":\"Author\",\"image\":{\"@type\":\"ImageObject\",\"inLanguage\":\"fr-FR\",\"@id\":\"https:\/\/vof-news.eu\/fr\/#\/schema\/person\/image\/\",\"url\":\"https:\/\/secure.gravatar.com\/avatar\/b67e614b1b25b3e9c0c239efdd2fde5ab015b5affd6f1c3c85911ca4b384e790?s=96&d=mm&r=g\",\"contentUrl\":\"https:\/\/secure.gravatar.com\/avatar\/b67e614b1b25b3e9c0c239efdd2fde5ab015b5affd6f1c3c85911ca4b384e790?s=96&d=mm&r=g\",\"caption\":\"Author\"},\"sameAs\":[\"http:\/\/vof-news.eu\"],\"url\":\"https:\/\/vof-news.eu\/fr\/author\/zwt6qxnjulxbnyg\/\"}]}<\/script>\n<!-- \/ Yoast SEO plugin. -->","yoast_head_json":{"title":"Entre Emmanuel Macron et Vladimir Poutine, un appel \u00e0 double tranchant, apr\u00e8s trois ans de silence - vof-news.eu","description":"L\u2019\u00e9change aura dur\u00e9 plus de deux heures. Mardi 1\u1d49\u02b3\u00a0juillet, lorsque Emmanuel Macron s\u2019entretient par t\u00e9l\u00e9phone, avec Vladimir Poutine, comme les deux chefs d\u2019Etat en sont convenus un peu plus t\u00f4t, le pr\u00e9sident fran\u00e7ais sait son geste \u00e0 la fois lourd de sens et \u00e0 double tranchant.   Le chef du Kremlin, accus\u00e9 de crimes de guerre, est trait\u00e9 en paria par les Europ\u00e9ens depuis l\u2019invasion de l\u2019Ukraine par l\u2019arm\u00e9e russe en f\u00e9vrier\u00a02022. Mais le p\u00e9ril de la prolif\u00e9ration nucl\u00e9aire, suscit\u00e9 par le conflit entre Isra\u00ebl et l\u2019Iran lors de la , comme la d\u00e9signe le pr\u00e9sident am\u00e9ricain, Donald Trump, a convaincu le chef de l\u2019Etat de renouer le dialogue, pr\u00e8s de trois ans apr\u00e8s son dernier appel au Kremlin, en septembre\u00a02022. Paris et Moscou ont un int\u00e9r\u00eat commun\u00a0: emp\u00eacher T\u00e9h\u00e9ran de se doter de l\u2019arme nucl\u00e9aire. La Russie dispose, au m\u00eame titre que la France, le Royaume-Uni, les Etats-Unis et la Chine, d\u2019un si\u00e8ge permanent au conseil de s\u00e9curit\u00e9 de l\u2019Organisation des Nations unies (ONU). Puissances nucl\u00e9aires, ces cinq pays sont les garants du trait\u00e9 de non-prolif\u00e9ration (TNP). Tous avaient sign\u00e9, en\u00a02015, avec T\u00e9h\u00e9ran et Berlin, l\u2019accord de Vienne destin\u00e9 \u00e0 encadrer le programme nucl\u00e9aire iranien, avant que Donald Trump ne le d\u00e9nonce, trois ans plus tard. Il vous reste 78.91% de cet article \u00e0 lire. La suite est r\u00e9serv\u00e9e aux abonn\u00e9s.","robots":{"index":"noindex","follow":"follow","max-snippet":"max-snippet:-1","max-image-preview":"max-image-preview:large","max-video-preview":"max-video-preview:-1"},"og_locale":"fr_FR","og_type":"article","og_title":"Entre Emmanuel Macron et Vladimir Poutine, un appel \u00e0 double tranchant, apr\u00e8s trois ans de silence - vof-news.eu","og_description":"L\u2019\u00e9change aura dur\u00e9 plus de deux heures. Mardi 1\u1d49\u02b3\u00a0juillet, lorsque Emmanuel Macron s\u2019entretient par t\u00e9l\u00e9phone, avec Vladimir Poutine, comme les deux chefs d\u2019Etat en sont convenus un peu plus t\u00f4t, le pr\u00e9sident fran\u00e7ais sait son geste \u00e0 la fois lourd de sens et \u00e0 double tranchant.   Le chef du Kremlin, accus\u00e9 de crimes de guerre, est trait\u00e9 en paria par les Europ\u00e9ens depuis l\u2019invasion de l\u2019Ukraine par l\u2019arm\u00e9e russe en f\u00e9vrier\u00a02022. Mais le p\u00e9ril de la prolif\u00e9ration nucl\u00e9aire, suscit\u00e9 par le conflit entre Isra\u00ebl et l\u2019Iran lors de la , comme la d\u00e9signe le pr\u00e9sident am\u00e9ricain, Donald Trump, a convaincu le chef de l\u2019Etat de renouer le dialogue, pr\u00e8s de trois ans apr\u00e8s son dernier appel au Kremlin, en septembre\u00a02022. Paris et Moscou ont un int\u00e9r\u00eat commun\u00a0: emp\u00eacher T\u00e9h\u00e9ran de se doter de l\u2019arme nucl\u00e9aire. La Russie dispose, au m\u00eame titre que la France, le Royaume-Uni, les Etats-Unis et la Chine, d\u2019un si\u00e8ge permanent au conseil de s\u00e9curit\u00e9 de l\u2019Organisation des Nations unies (ONU). Puissances nucl\u00e9aires, ces cinq pays sont les garants du trait\u00e9 de non-prolif\u00e9ration (TNP). Tous avaient sign\u00e9, en\u00a02015, avec T\u00e9h\u00e9ran et Berlin, l\u2019accord de Vienne destin\u00e9 \u00e0 encadrer le programme nucl\u00e9aire iranien, avant que Donald Trump ne le d\u00e9nonce, trois ans plus tard. Il vous reste 78.91% de cet article \u00e0 lire. La suite est r\u00e9serv\u00e9e aux abonn\u00e9s.","og_url":"https:\/\/vof-news.eu\/fr\/entre-emmanuel-macron-et-vladimir-poutine-un-appel-a-double-tranchant-apres-trois-ans-de-silence\/","og_site_name":"vof-news.eu","article_published_time":"2025-07-02T04:30:41+00:00","article_modified_time":"2025-07-02T04:30:56+00:00","og_image":[{"width":664,"height":443,"url":"https:\/\/vof-news.eu\/wp-content\/uploads\/2025\/07\/a7e56ce_ftp-import-images-1-x4g5rda68f48-2025-06-30t153642z-1535181878-rc23dfasag00-rtrmadp-3-un-development-seville.jpg","type":"image\/jpeg"}],"author":"Author","twitter_card":"summary_large_image","twitter_misc":{"\u00c9crit par":"Author","Dur\u00e9e de lecture estim\u00e9e":"1 minute"},"schema":{"@context":"https:\/\/schema.org","@graph":[{"@type":"WebPage","@id":"https:\/\/vof-news.eu\/fr\/entre-emmanuel-macron-et-vladimir-poutine-un-appel-a-double-tranchant-apres-trois-ans-de-silence\/","url":"https:\/\/vof-news.eu\/fr\/entre-emmanuel-macron-et-vladimir-poutine-un-appel-a-double-tranchant-apres-trois-ans-de-silence\/","name":"Entre Emmanuel Macron et Vladimir Poutine, un appel \u00e0 double tranchant, apr\u00e8s trois ans de silence - vof-news.eu","isPartOf":{"@id":"https:\/\/vof-news.eu\/fr\/#website"},"primaryImageOfPage":{"@id":"https:\/\/vof-news.eu\/fr\/entre-emmanuel-macron-et-vladimir-poutine-un-appel-a-double-tranchant-apres-trois-ans-de-silence\/#primaryimage"},"image":{"@id":"https:\/\/vof-news.eu\/fr\/entre-emmanuel-macron-et-vladimir-poutine-un-appel-a-double-tranchant-apres-trois-ans-de-silence\/#primaryimage"},"thumbnailUrl":"https:\/\/vof-news.eu\/wp-content\/uploads\/2025\/07\/a7e56ce_ftp-import-images-1-x4g5rda68f48-2025-06-30t153642z-1535181878-rc23dfasag00-rtrmadp-3-un-development-seville.jpg","datePublished":"2025-07-02T04:30:41+00:00","dateModified":"2025-07-02T04:30:56+00:00","author":{"@id":"https:\/\/vof-news.eu\/fr\/#\/schema\/person\/f6a2a4309f0561835797fd8c19b333ed"},"description":"L\u2019\u00e9change aura dur\u00e9 plus de deux heures. Mardi 1\u1d49\u02b3\u00a0juillet, lorsque Emmanuel Macron s\u2019entretient par t\u00e9l\u00e9phone, avec Vladimir Poutine, comme les deux chefs d\u2019Etat en sont convenus un peu plus t\u00f4t, le pr\u00e9sident fran\u00e7ais sait son geste \u00e0 la fois lourd de sens et \u00e0 double tranchant. Le chef du Kremlin, accus\u00e9 de crimes de guerre, est trait\u00e9 en paria par les Europ\u00e9ens depuis l\u2019invasion de l\u2019Ukraine par l\u2019arm\u00e9e russe en f\u00e9vrier\u00a02022. Mais le p\u00e9ril de la prolif\u00e9ration nucl\u00e9aire, suscit\u00e9 par le conflit entre Isra\u00ebl et l\u2019Iran lors de la , comme la d\u00e9signe le pr\u00e9sident am\u00e9ricain, Donald Trump, a convaincu le chef de l\u2019Etat de renouer le dialogue, pr\u00e8s de trois ans apr\u00e8s son dernier appel au Kremlin, en septembre\u00a02022. Paris et Moscou ont un int\u00e9r\u00eat commun\u00a0: emp\u00eacher T\u00e9h\u00e9ran de se doter de l\u2019arme nucl\u00e9aire. La Russie dispose, au m\u00eame titre que la France, le Royaume-Uni, les Etats-Unis et la Chine, d\u2019un si\u00e8ge permanent au conseil de s\u00e9curit\u00e9 de l\u2019Organisation des Nations unies (ONU). Puissances nucl\u00e9aires, ces cinq pays sont les garants du trait\u00e9 de non-prolif\u00e9ration (TNP). Tous avaient sign\u00e9, en\u00a02015, avec T\u00e9h\u00e9ran et Berlin, l\u2019accord de Vienne destin\u00e9 \u00e0 encadrer le programme nucl\u00e9aire iranien, avant que Donald Trump ne le d\u00e9nonce, trois ans plus tard. Il vous reste 78.91% de cet article \u00e0 lire. La suite est r\u00e9serv\u00e9e aux abonn\u00e9s.","breadcrumb":{"@id":"https:\/\/vof-news.eu\/fr\/entre-emmanuel-macron-et-vladimir-poutine-un-appel-a-double-tranchant-apres-trois-ans-de-silence\/#breadcrumb"},"inLanguage":"fr-FR","potentialAction":[{"@type":"ReadAction","target":["https:\/\/vof-news.eu\/fr\/entre-emmanuel-macron-et-vladimir-poutine-un-appel-a-double-tranchant-apres-trois-ans-de-silence\/"]}]},{"@type":"ImageObject","inLanguage":"fr-FR","@id":"https:\/\/vof-news.eu\/fr\/entre-emmanuel-macron-et-vladimir-poutine-un-appel-a-double-tranchant-apres-trois-ans-de-silence\/#primaryimage","url":"https:\/\/vof-news.eu\/wp-content\/uploads\/2025\/07\/a7e56ce_ftp-import-images-1-x4g5rda68f48-2025-06-30t153642z-1535181878-rc23dfasag00-rtrmadp-3-un-development-seville.jpg","contentUrl":"https:\/\/vof-news.eu\/wp-content\/uploads\/2025\/07\/a7e56ce_ftp-import-images-1-x4g5rda68f48-2025-06-30t153642z-1535181878-rc23dfasag00-rtrmadp-3-un-development-seville.jpg","width":664,"height":443},{"@type":"BreadcrumbList","@id":"https:\/\/vof-news.eu\/fr\/entre-emmanuel-macron-et-vladimir-poutine-un-appel-a-double-tranchant-apres-trois-ans-de-silence\/#breadcrumb","itemListElement":[{"@type":"ListItem","position":1,"name":"Home","item":"https:\/\/vof-news.eu\/fr\/"},{"@type":"ListItem","position":2,"name":"Entre Emmanuel Macron et Vladimir Poutine, un appel \u00e0 double tranchant, apr\u00e8s trois ans de silence"}]},{"@type":"WebSite","@id":"https:\/\/vof-news.eu\/fr\/#website","url":"https:\/\/vof-news.eu\/fr\/","name":"vof-news.eu","description":"","potentialAction":[{"@type":"SearchAction","target":{"@type":"EntryPoint","urlTemplate":"https:\/\/vof-news.eu\/fr\/?s={search_term_string}"},"query-input":"required name=search_term_string"}],"inLanguage":"fr-FR"},{"@type":"Person","@id":"https:\/\/vof-news.eu\/fr\/#\/schema\/person\/f6a2a4309f0561835797fd8c19b333ed","name":"Author","image":{"@type":"ImageObject","inLanguage":"fr-FR","@id":"https:\/\/vof-news.eu\/fr\/#\/schema\/person\/image\/","url":"https:\/\/secure.gravatar.com\/avatar\/b67e614b1b25b3e9c0c239efdd2fde5ab015b5affd6f1c3c85911ca4b384e790?s=96&d=mm&r=g","contentUrl":"https:\/\/secure.gravatar.com\/avatar\/b67e614b1b25b3e9c0c239efdd2fde5ab015b5affd6f1c3c85911ca4b384e790?s=96&d=mm&r=g","caption":"Author"},"sameAs":["http:\/\/vof-news.eu"],"url":"https:\/\/vof-news.eu\/fr\/author\/zwt6qxnjulxbnyg\/"}]}},"yoast_meta":{"yoast_wpseo_title":"","yoast_wpseo_metadesc":"","yoast_wpseo_canonical":""},"_links":{"self":[{"href":"https:\/\/vof-news.eu\/fr\/wp-json\/wp\/v2\/posts\/245172","targetHints":{"allow":["GET"]}}],"collection":[{"href":"https:\/\/vof-news.eu\/fr\/wp-json\/wp\/v2\/posts"}],"about":[{"href":"https:\/\/vof-news.eu\/fr\/wp-json\/wp\/v2\/types\/post"}],"author":[{"embeddable":true,"href":"https:\/\/vof-news.eu\/fr\/wp-json\/wp\/v2\/users\/1"}],"replies":[{"embeddable":true,"href":"https:\/\/vof-news.eu\/fr\/wp-json\/wp\/v2\/comments?post=245172"}],"version-history":[{"count":1,"href":"https:\/\/vof-news.eu\/fr\/wp-json\/wp\/v2\/posts\/245172\/revisions"}],"predecessor-version":[{"id":245179,"href":"https:\/\/vof-news.eu\/fr\/wp-json\/wp\/v2\/posts\/245172\/revisions\/245179"}],"wp:featuredmedia":[{"embeddable":true,"href":"https:\/\/vof-news.eu\/fr\/wp-json\/wp\/v2\/media\/245173"}],"wp:attachment":[{"href":"https:\/\/vof-news.eu\/fr\/wp-json\/wp\/v2\/media?parent=245172"}],"wp:term":[{"taxonomy":"category","embeddable":true,"href":"https:\/\/vof-news.eu\/fr\/wp-json\/wp\/v2\/categories?post=245172"},{"taxonomy":"post_tag","embeddable":true,"href":"https:\/\/vof-news.eu\/fr\/wp-json\/wp\/v2\/tags?post=245172"}],"curies":[{"name":"wp","href":"https:\/\/api.w.org\/{rel}","templated":true}]}}