{"id":245104,"date":"2025-07-02T05:30:10","date_gmt":"2025-07-02T02:30:10","guid":{"rendered":"https:\/\/vof-news.eu\/au-costa-rica-la-justice-demande-la-levee-de-limmunite-du-president-rodrigo-chaves-soupconne-de-corruption\/"},"modified":"2025-07-02T05:30:35","modified_gmt":"2025-07-02T02:30:35","slug":"au-costa-rica-la-justice-demande-la-levee-de-limmunite-du-president-rodrigo-chaves-soupconne-de-corruption","status":"publish","type":"post","link":"https:\/\/vof-news.eu\/fr\/au-costa-rica-la-justice-demande-la-levee-de-limmunite-du-president-rodrigo-chaves-soupconne-de-corruption\/","title":{"rendered":"Au Costa Rica, la justice demande la lev\u00e9e de l\u2019immunit\u00e9 du pr\u00e9sident Rodrigo Chaves, soup\u00e7onn\u00e9 de corruption"},"content":{"rendered":"<article>\n<p>Du jamais-vu au Costa Rica. La justice a demand\u00e9, mardi 1\u1d49\u02b3 juillet, au Parlement, pour la premi\u00e8re fois de son histoire, de lever l\u2019immunit\u00e9 du pr\u00e9sident, Rodrigo Chaves, afin que ce dernier puisse \u00eatre poursuivi pour corruption.<\/p>\n<p>Sur fond de conflit ouvert entre les organes du pouvoir, la cour pl\u00e9ni\u00e8re de la Cour supr\u00eame a d\u00e9cid\u00e9 \u00e0 la majorit\u00e9 des voix de  du pr\u00e9sident, selon un communiqu\u00e9 du pouvoir judiciaire.<\/p>\n<p>M.\u00a0Chaves, \u00e9conomiste conservateur de 64\u00a0ans, est accus\u00e9 par le procureur g\u00e9n\u00e9ral, Carlo Diaz, avec qui il est en conflit, d\u2019avoir oblig\u00e9 une entreprise de services de communication embauch\u00e9e par la pr\u00e9sidence \u00e0 verser 32\u00a0000\u00a0dollars (soit 27\u00a0294,44\u00a0euros) \u00e0 son ami et ancien conseiller en image, Federico Cruz.<\/p>\n<section>   <\/section>\n<p>Le parquet accuse le pr\u00e9sident de concussion, un d\u00e9lit puni de 2\u00a0\u00e0 8\u00a0ans de prison pour les fonctionnaires qui obligent ou incitent \u00e0 .<\/p>\n<h2>Vis\u00e9 par d\u2019autres enqu\u00eates<\/h2>\n<p> aux d\u00e9put\u00e9s, a pr\u00e9cis\u00e9 la Cour supr\u00eame, dans son communiqu\u00e9, en demandant \u00e9galement la lev\u00e9e de l\u2019immunit\u00e9 du ministre de la culture, Jorge Rodriguez, pour les m\u00eames raisons.<\/p>\n<p>Selon une enqu\u00eate, le contrat avec l\u2019entreprise pour la pr\u00e9sidence de Chaves, de 2022 \u00e0 2026, a \u00e9t\u00e9 effectu\u00e9 avec les fonds de la Banque centram\u00e9ricaine d\u2019int\u00e9gration \u00e9conomique par le biais d\u2019une proc\u00e9dure  irr\u00e9guli\u00e8re.<\/p>\n<p>Le pr\u00e9sident \u00e9lu en\u00a02022 n\u2019a, jusqu\u2019\u00e0 pr\u00e9sent, pas r\u00e9agi, tandis que M. Rodriguez a d\u00e9clar\u00e9 avoir .<\/p>\n<p>Les autorit\u00e9s judiciaires et \u00e9lectorales m\u00e8nent \u00e9galement d\u2019autres enqu\u00eates contre le pr\u00e9sident.<\/p>\n<p>Lors de ses conf\u00e9rences et actes officiels, Rodrigo Chaves prend r\u00e9guli\u00e8rement \u00e0 partie opposants politiques, juges, procureurs et d\u00e9put\u00e9s ainsi que la presse critique \u00e0 son \u00e9gard.<\/p>\n<section>   <\/section>\n<p>L\u2019ancien fonctionnaire de la Banque mondiale n\u2019est pas autoris\u00e9 \u00e0 briguer un nouveau mandat mais pourrait chercher \u00e0 obtenir un si\u00e8ge au Parlement lors des \u00e9lections g\u00e9n\u00e9rales de 2026.<\/p>\n<section>\n<p> <span>Le Monde avec AFP<\/span> <\/p>\n<\/section>\n<section>\n<section>\n<header>   <\/header>\n<section>\n<section> <a href=\"https:\/\/abo.lemonde.fr\/?lmd_medium=BOUTONS_LMFR&amp;lmd_campaign=CONTRIBUTION_ARTICLE\" rel=\"nofollow\">S\u2019abonner<\/a> <\/section>\n<\/section>\n<section><\/section>\n<\/section>\n<p>Contribuer<\/p>\n<p> <a href=\"https:\/\/www.lemonde.fr\/syndication\/\" rel=\"nofollow\">R\u00e9utiliser ce contenu<\/a> <\/section>\n<\/article>\n","protected":false},"excerpt":{"rendered":"<p>Du jamais-vu au Costa Rica. La justice a demand\u00e9, mardi 1\u1d49\u02b3 juillet, au Parlement, pour la premi\u00e8re fois de son histoire, de lever l\u2019immunit\u00e9 du pr\u00e9sident, Rodrigo Chaves, afin que ce dernier puisse \u00eatre poursuivi pour corruption. Sur fond de conflit ouvert entre les organes du pouvoir, la cour pl\u00e9ni\u00e8re de la Cour supr\u00eame a<\/p>\n","protected":false},"author":1,"featured_media":245105,"comment_status":"open","ping_status":"open","sticky":false,"template":"","format":"standard","meta":{"footnotes":""},"categories":[68],"tags":[],"class_list":["post-245104","post","type-post","status-publish","format-standard","has-post-thumbnail","hentry","category-politics-fr"],"acf":[],"yoast_head":"<!-- This site is optimized with the Yoast SEO plugin v22.9 - https:\/\/yoast.com\/wordpress\/plugins\/seo\/ -->\n<title>Au Costa Rica, la justice demande la lev\u00e9e de l\u2019immunit\u00e9 du pr\u00e9sident Rodrigo Chaves, soup\u00e7onn\u00e9 de corruption - vof-news.eu<\/title>\n<meta name=\"description\" content=\"Du jamais-vu au Costa Rica. La justice a demand\u00e9, mardi 1\u1d49\u02b3 juillet, au Parlement, pour la premi\u00e8re fois de son histoire, de lever l\u2019immunit\u00e9 du pr\u00e9sident, Rodrigo Chaves, afin que ce dernier puisse \u00eatre poursuivi pour corruption. Sur fond de conflit ouvert entre les organes du pouvoir, la cour pl\u00e9ni\u00e8re de la Cour supr\u00eame a d\u00e9cid\u00e9 \u00e0 la majorit\u00e9 des voix de du pr\u00e9sident, selon un communiqu\u00e9 du pouvoir judiciaire. M.\u00a0Chaves, \u00e9conomiste conservateur de 64\u00a0ans, est accus\u00e9 par le procureur g\u00e9n\u00e9ral, Carlo Diaz, avec qui il est en conflit, d\u2019avoir oblig\u00e9 une entreprise de services de communication embauch\u00e9e par la pr\u00e9sidence \u00e0 verser 32\u00a0000\u00a0dollars (soit 27\u00a0294,44\u00a0euros) \u00e0 son ami et ancien conseiller en image, Federico Cruz.   Le parquet accuse le pr\u00e9sident de concussion, un d\u00e9lit puni de 2\u00a0\u00e0 8\u00a0ans de prison pour les fonctionnaires qui obligent ou incitent \u00e0 . Vis\u00e9 par d\u2019autres enqu\u00eates aux d\u00e9put\u00e9s, a pr\u00e9cis\u00e9 la Cour supr\u00eame, dans son communiqu\u00e9, en demandant \u00e9galement la lev\u00e9e de l\u2019immunit\u00e9 du ministre de la culture, Jorge Rodriguez, pour les m\u00eames raisons. Selon une enqu\u00eate, le contrat avec l\u2019entreprise pour la pr\u00e9sidence de Chaves, de 2022 \u00e0 2026, a \u00e9t\u00e9 effectu\u00e9 avec les fonds de la Banque centram\u00e9ricaine d\u2019int\u00e9gration \u00e9conomique par le biais d\u2019une proc\u00e9dure irr\u00e9guli\u00e8re. Le pr\u00e9sident \u00e9lu en\u00a02022 n\u2019a, jusqu\u2019\u00e0 pr\u00e9sent, pas r\u00e9agi, tandis que M. Rodriguez a d\u00e9clar\u00e9 avoir . Les autorit\u00e9s judiciaires et \u00e9lectorales m\u00e8nent \u00e9galement d\u2019autres enqu\u00eates contre le pr\u00e9sident. Lors de ses conf\u00e9rences et actes officiels, Rodrigo Chaves prend r\u00e9guli\u00e8rement \u00e0 partie opposants politiques, juges, procureurs et d\u00e9put\u00e9s ainsi que la presse critique \u00e0 son \u00e9gard.   L\u2019ancien fonctionnaire de la Banque mondiale n\u2019est pas autoris\u00e9 \u00e0 briguer un nouveau mandat mais pourrait chercher \u00e0 obtenir un si\u00e8ge au Parlement lors des \u00e9lections g\u00e9n\u00e9rales de 2026.  Le Monde avec AFP      S\u2019abonner   Contribuer R\u00e9utiliser ce contenu\" \/>\n<meta name=\"robots\" content=\"noindex, follow, max-snippet:-1, max-image-preview:large, max-video-preview:-1\" \/>\n<meta property=\"og:locale\" content=\"fr_FR\" \/>\n<meta property=\"og:type\" content=\"article\" \/>\n<meta property=\"og:title\" content=\"Au Costa Rica, la justice demande la lev\u00e9e de l\u2019immunit\u00e9 du pr\u00e9sident Rodrigo Chaves, soup\u00e7onn\u00e9 de corruption - vof-news.eu\" \/>\n<meta property=\"og:description\" content=\"Du jamais-vu au Costa Rica. La justice a demand\u00e9, mardi 1\u1d49\u02b3 juillet, au Parlement, pour la premi\u00e8re fois de son histoire, de lever l\u2019immunit\u00e9 du pr\u00e9sident, Rodrigo Chaves, afin que ce dernier puisse \u00eatre poursuivi pour corruption. Sur fond de conflit ouvert entre les organes du pouvoir, la cour pl\u00e9ni\u00e8re de la Cour supr\u00eame a d\u00e9cid\u00e9 \u00e0 la majorit\u00e9 des voix de du pr\u00e9sident, selon un communiqu\u00e9 du pouvoir judiciaire. M.\u00a0Chaves, \u00e9conomiste conservateur de 64\u00a0ans, est accus\u00e9 par le procureur g\u00e9n\u00e9ral, Carlo Diaz, avec qui il est en conflit, d\u2019avoir oblig\u00e9 une entreprise de services de communication embauch\u00e9e par la pr\u00e9sidence \u00e0 verser 32\u00a0000\u00a0dollars (soit 27\u00a0294,44\u00a0euros) \u00e0 son ami et ancien conseiller en image, Federico Cruz.   Le parquet accuse le pr\u00e9sident de concussion, un d\u00e9lit puni de 2\u00a0\u00e0 8\u00a0ans de prison pour les fonctionnaires qui obligent ou incitent \u00e0 . Vis\u00e9 par d\u2019autres enqu\u00eates aux d\u00e9put\u00e9s, a pr\u00e9cis\u00e9 la Cour supr\u00eame, dans son communiqu\u00e9, en demandant \u00e9galement la lev\u00e9e de l\u2019immunit\u00e9 du ministre de la culture, Jorge Rodriguez, pour les m\u00eames raisons. Selon une enqu\u00eate, le contrat avec l\u2019entreprise pour la pr\u00e9sidence de Chaves, de 2022 \u00e0 2026, a \u00e9t\u00e9 effectu\u00e9 avec les fonds de la Banque centram\u00e9ricaine d\u2019int\u00e9gration \u00e9conomique par le biais d\u2019une proc\u00e9dure irr\u00e9guli\u00e8re. Le pr\u00e9sident \u00e9lu en\u00a02022 n\u2019a, jusqu\u2019\u00e0 pr\u00e9sent, pas r\u00e9agi, tandis que M. Rodriguez a d\u00e9clar\u00e9 avoir . Les autorit\u00e9s judiciaires et \u00e9lectorales m\u00e8nent \u00e9galement d\u2019autres enqu\u00eates contre le pr\u00e9sident. Lors de ses conf\u00e9rences et actes officiels, Rodrigo Chaves prend r\u00e9guli\u00e8rement \u00e0 partie opposants politiques, juges, procureurs et d\u00e9put\u00e9s ainsi que la presse critique \u00e0 son \u00e9gard.   L\u2019ancien fonctionnaire de la Banque mondiale n\u2019est pas autoris\u00e9 \u00e0 briguer un nouveau mandat mais pourrait chercher \u00e0 obtenir un si\u00e8ge au Parlement lors des \u00e9lections g\u00e9n\u00e9rales de 2026.  Le Monde avec AFP      S\u2019abonner   Contribuer R\u00e9utiliser ce contenu\" \/>\n<meta property=\"og:url\" content=\"https:\/\/vof-news.eu\/fr\/au-costa-rica-la-justice-demande-la-levee-de-limmunite-du-president-rodrigo-chaves-soupconne-de-corruption\/\" \/>\n<meta property=\"og:site_name\" content=\"vof-news.eu\" \/>\n<meta property=\"article:published_time\" content=\"2025-07-02T02:30:10+00:00\" \/>\n<meta property=\"article:modified_time\" content=\"2025-07-02T02:30:35+00:00\" \/>\n<meta property=\"og:image\" content=\"https:\/\/vof-news.eu\/wp-content\/uploads\/2025\/07\/4c9a1ee_ftp-import-images-1-wp2m6zqrfbpi-5305407-01-06.jpg\" \/>\n\t<meta property=\"og:image:width\" content=\"664\" \/>\n\t<meta property=\"og:image:height\" content=\"443\" \/>\n\t<meta property=\"og:image:type\" content=\"image\/jpeg\" \/>\n<meta name=\"author\" content=\"Author\" \/>\n<meta name=\"twitter:card\" content=\"summary_large_image\" \/>\n<meta name=\"twitter:label1\" content=\"\u00c9crit par\" \/>\n\t<meta name=\"twitter:data1\" content=\"Author\" \/>\n\t<meta name=\"twitter:label2\" content=\"Dur\u00e9e de lecture estim\u00e9e\" \/>\n\t<meta name=\"twitter:data2\" content=\"2 minutes\" \/>\n<script type=\"application\/ld+json\" class=\"yoast-schema-graph\">{\"@context\":\"https:\/\/schema.org\",\"@graph\":[{\"@type\":\"WebPage\",\"@id\":\"https:\/\/vof-news.eu\/fr\/au-costa-rica-la-justice-demande-la-levee-de-limmunite-du-president-rodrigo-chaves-soupconne-de-corruption\/\",\"url\":\"https:\/\/vof-news.eu\/fr\/au-costa-rica-la-justice-demande-la-levee-de-limmunite-du-president-rodrigo-chaves-soupconne-de-corruption\/\",\"name\":\"Au Costa Rica, la justice demande la lev\u00e9e de l\u2019immunit\u00e9 du pr\u00e9sident Rodrigo Chaves, soup\u00e7onn\u00e9 de corruption - vof-news.eu\",\"isPartOf\":{\"@id\":\"https:\/\/vof-news.eu\/fr\/#website\"},\"primaryImageOfPage\":{\"@id\":\"https:\/\/vof-news.eu\/fr\/au-costa-rica-la-justice-demande-la-levee-de-limmunite-du-president-rodrigo-chaves-soupconne-de-corruption\/#primaryimage\"},\"image\":{\"@id\":\"https:\/\/vof-news.eu\/fr\/au-costa-rica-la-justice-demande-la-levee-de-limmunite-du-president-rodrigo-chaves-soupconne-de-corruption\/#primaryimage\"},\"thumbnailUrl\":\"https:\/\/vof-news.eu\/wp-content\/uploads\/2025\/07\/4c9a1ee_ftp-import-images-1-wp2m6zqrfbpi-5305407-01-06.jpg\",\"datePublished\":\"2025-07-02T02:30:10+00:00\",\"dateModified\":\"2025-07-02T02:30:35+00:00\",\"author\":{\"@id\":\"https:\/\/vof-news.eu\/fr\/#\/schema\/person\/f6a2a4309f0561835797fd8c19b333ed\"},\"description\":\"Du jamais-vu au Costa Rica. La justice a demand\u00e9, mardi 1\u1d49\u02b3 juillet, au Parlement, pour la premi\u00e8re fois de son histoire, de lever l\u2019immunit\u00e9 du pr\u00e9sident, Rodrigo Chaves, afin que ce dernier puisse \u00eatre poursuivi pour corruption. Sur fond de conflit ouvert entre les organes du pouvoir, la cour pl\u00e9ni\u00e8re de la Cour supr\u00eame a d\u00e9cid\u00e9 \u00e0 la majorit\u00e9 des voix de du pr\u00e9sident, selon un communiqu\u00e9 du pouvoir judiciaire. M.\u00a0Chaves, \u00e9conomiste conservateur de 64\u00a0ans, est accus\u00e9 par le procureur g\u00e9n\u00e9ral, Carlo Diaz, avec qui il est en conflit, d\u2019avoir oblig\u00e9 une entreprise de services de communication embauch\u00e9e par la pr\u00e9sidence \u00e0 verser 32\u00a0000\u00a0dollars (soit 27\u00a0294,44\u00a0euros) \u00e0 son ami et ancien conseiller en image, Federico Cruz. Le parquet accuse le pr\u00e9sident de concussion, un d\u00e9lit puni de 2\u00a0\u00e0 8\u00a0ans de prison pour les fonctionnaires qui obligent ou incitent \u00e0 . Vis\u00e9 par d\u2019autres enqu\u00eates aux d\u00e9put\u00e9s, a pr\u00e9cis\u00e9 la Cour supr\u00eame, dans son communiqu\u00e9, en demandant \u00e9galement la lev\u00e9e de l\u2019immunit\u00e9 du ministre de la culture, Jorge Rodriguez, pour les m\u00eames raisons. Selon une enqu\u00eate, le contrat avec l\u2019entreprise pour la pr\u00e9sidence de Chaves, de 2022 \u00e0 2026, a \u00e9t\u00e9 effectu\u00e9 avec les fonds de la Banque centram\u00e9ricaine d\u2019int\u00e9gration \u00e9conomique par le biais d\u2019une proc\u00e9dure irr\u00e9guli\u00e8re. Le pr\u00e9sident \u00e9lu en\u00a02022 n\u2019a, jusqu\u2019\u00e0 pr\u00e9sent, pas r\u00e9agi, tandis que M. Rodriguez a d\u00e9clar\u00e9 avoir . Les autorit\u00e9s judiciaires et \u00e9lectorales m\u00e8nent \u00e9galement d\u2019autres enqu\u00eates contre le pr\u00e9sident. Lors de ses conf\u00e9rences et actes officiels, Rodrigo Chaves prend r\u00e9guli\u00e8rement \u00e0 partie opposants politiques, juges, procureurs et d\u00e9put\u00e9s ainsi que la presse critique \u00e0 son \u00e9gard. L\u2019ancien fonctionnaire de la Banque mondiale n\u2019est pas autoris\u00e9 \u00e0 briguer un nouveau mandat mais pourrait chercher \u00e0 obtenir un si\u00e8ge au Parlement lors des \u00e9lections g\u00e9n\u00e9rales de 2026. Le Monde avec AFP S\u2019abonner Contribuer R\u00e9utiliser ce contenu\",\"breadcrumb\":{\"@id\":\"https:\/\/vof-news.eu\/fr\/au-costa-rica-la-justice-demande-la-levee-de-limmunite-du-president-rodrigo-chaves-soupconne-de-corruption\/#breadcrumb\"},\"inLanguage\":\"fr-FR\",\"potentialAction\":[{\"@type\":\"ReadAction\",\"target\":[\"https:\/\/vof-news.eu\/fr\/au-costa-rica-la-justice-demande-la-levee-de-limmunite-du-president-rodrigo-chaves-soupconne-de-corruption\/\"]}]},{\"@type\":\"ImageObject\",\"inLanguage\":\"fr-FR\",\"@id\":\"https:\/\/vof-news.eu\/fr\/au-costa-rica-la-justice-demande-la-levee-de-limmunite-du-president-rodrigo-chaves-soupconne-de-corruption\/#primaryimage\",\"url\":\"https:\/\/vof-news.eu\/wp-content\/uploads\/2025\/07\/4c9a1ee_ftp-import-images-1-wp2m6zqrfbpi-5305407-01-06.jpg\",\"contentUrl\":\"https:\/\/vof-news.eu\/wp-content\/uploads\/2025\/07\/4c9a1ee_ftp-import-images-1-wp2m6zqrfbpi-5305407-01-06.jpg\",\"width\":664,\"height\":443},{\"@type\":\"BreadcrumbList\",\"@id\":\"https:\/\/vof-news.eu\/fr\/au-costa-rica-la-justice-demande-la-levee-de-limmunite-du-president-rodrigo-chaves-soupconne-de-corruption\/#breadcrumb\",\"itemListElement\":[{\"@type\":\"ListItem\",\"position\":1,\"name\":\"Home\",\"item\":\"https:\/\/vof-news.eu\/fr\/\"},{\"@type\":\"ListItem\",\"position\":2,\"name\":\"Au Costa Rica, la justice demande la lev\u00e9e de l\u2019immunit\u00e9 du pr\u00e9sident Rodrigo Chaves, soup\u00e7onn\u00e9 de corruption\"}]},{\"@type\":\"WebSite\",\"@id\":\"https:\/\/vof-news.eu\/fr\/#website\",\"url\":\"https:\/\/vof-news.eu\/fr\/\",\"name\":\"vof-news.eu\",\"description\":\"\",\"potentialAction\":[{\"@type\":\"SearchAction\",\"target\":{\"@type\":\"EntryPoint\",\"urlTemplate\":\"https:\/\/vof-news.eu\/fr\/?s={search_term_string}\"},\"query-input\":\"required name=search_term_string\"}],\"inLanguage\":\"fr-FR\"},{\"@type\":\"Person\",\"@id\":\"https:\/\/vof-news.eu\/fr\/#\/schema\/person\/f6a2a4309f0561835797fd8c19b333ed\",\"name\":\"Author\",\"image\":{\"@type\":\"ImageObject\",\"inLanguage\":\"fr-FR\",\"@id\":\"https:\/\/vof-news.eu\/fr\/#\/schema\/person\/image\/\",\"url\":\"https:\/\/secure.gravatar.com\/avatar\/b67e614b1b25b3e9c0c239efdd2fde5ab015b5affd6f1c3c85911ca4b384e790?s=96&d=mm&r=g\",\"contentUrl\":\"https:\/\/secure.gravatar.com\/avatar\/b67e614b1b25b3e9c0c239efdd2fde5ab015b5affd6f1c3c85911ca4b384e790?s=96&d=mm&r=g\",\"caption\":\"Author\"},\"sameAs\":[\"http:\/\/vof-news.eu\"],\"url\":\"https:\/\/vof-news.eu\/fr\/author\/zwt6qxnjulxbnyg\/\"}]}<\/script>\n<!-- \/ Yoast SEO plugin. -->","yoast_head_json":{"title":"Au Costa Rica, la justice demande la lev\u00e9e de l\u2019immunit\u00e9 du pr\u00e9sident Rodrigo Chaves, soup\u00e7onn\u00e9 de corruption - vof-news.eu","description":"Du jamais-vu au Costa Rica. La justice a demand\u00e9, mardi 1\u1d49\u02b3 juillet, au Parlement, pour la premi\u00e8re fois de son histoire, de lever l\u2019immunit\u00e9 du pr\u00e9sident, Rodrigo Chaves, afin que ce dernier puisse \u00eatre poursuivi pour corruption. Sur fond de conflit ouvert entre les organes du pouvoir, la cour pl\u00e9ni\u00e8re de la Cour supr\u00eame a d\u00e9cid\u00e9 \u00e0 la majorit\u00e9 des voix de du pr\u00e9sident, selon un communiqu\u00e9 du pouvoir judiciaire. M.\u00a0Chaves, \u00e9conomiste conservateur de 64\u00a0ans, est accus\u00e9 par le procureur g\u00e9n\u00e9ral, Carlo Diaz, avec qui il est en conflit, d\u2019avoir oblig\u00e9 une entreprise de services de communication embauch\u00e9e par la pr\u00e9sidence \u00e0 verser 32\u00a0000\u00a0dollars (soit 27\u00a0294,44\u00a0euros) \u00e0 son ami et ancien conseiller en image, Federico Cruz.   Le parquet accuse le pr\u00e9sident de concussion, un d\u00e9lit puni de 2\u00a0\u00e0 8\u00a0ans de prison pour les fonctionnaires qui obligent ou incitent \u00e0 . Vis\u00e9 par d\u2019autres enqu\u00eates aux d\u00e9put\u00e9s, a pr\u00e9cis\u00e9 la Cour supr\u00eame, dans son communiqu\u00e9, en demandant \u00e9galement la lev\u00e9e de l\u2019immunit\u00e9 du ministre de la culture, Jorge Rodriguez, pour les m\u00eames raisons. Selon une enqu\u00eate, le contrat avec l\u2019entreprise pour la pr\u00e9sidence de Chaves, de 2022 \u00e0 2026, a \u00e9t\u00e9 effectu\u00e9 avec les fonds de la Banque centram\u00e9ricaine d\u2019int\u00e9gration \u00e9conomique par le biais d\u2019une proc\u00e9dure irr\u00e9guli\u00e8re. Le pr\u00e9sident \u00e9lu en\u00a02022 n\u2019a, jusqu\u2019\u00e0 pr\u00e9sent, pas r\u00e9agi, tandis que M. Rodriguez a d\u00e9clar\u00e9 avoir . Les autorit\u00e9s judiciaires et \u00e9lectorales m\u00e8nent \u00e9galement d\u2019autres enqu\u00eates contre le pr\u00e9sident. Lors de ses conf\u00e9rences et actes officiels, Rodrigo Chaves prend r\u00e9guli\u00e8rement \u00e0 partie opposants politiques, juges, procureurs et d\u00e9put\u00e9s ainsi que la presse critique \u00e0 son \u00e9gard.   L\u2019ancien fonctionnaire de la Banque mondiale n\u2019est pas autoris\u00e9 \u00e0 briguer un nouveau mandat mais pourrait chercher \u00e0 obtenir un si\u00e8ge au Parlement lors des \u00e9lections g\u00e9n\u00e9rales de 2026.  Le Monde avec AFP      S\u2019abonner   Contribuer R\u00e9utiliser ce contenu","robots":{"index":"noindex","follow":"follow","max-snippet":"max-snippet:-1","max-image-preview":"max-image-preview:large","max-video-preview":"max-video-preview:-1"},"og_locale":"fr_FR","og_type":"article","og_title":"Au Costa Rica, la justice demande la lev\u00e9e de l\u2019immunit\u00e9 du pr\u00e9sident Rodrigo Chaves, soup\u00e7onn\u00e9 de corruption - vof-news.eu","og_description":"Du jamais-vu au Costa Rica. La justice a demand\u00e9, mardi 1\u1d49\u02b3 juillet, au Parlement, pour la premi\u00e8re fois de son histoire, de lever l\u2019immunit\u00e9 du pr\u00e9sident, Rodrigo Chaves, afin que ce dernier puisse \u00eatre poursuivi pour corruption. Sur fond de conflit ouvert entre les organes du pouvoir, la cour pl\u00e9ni\u00e8re de la Cour supr\u00eame a d\u00e9cid\u00e9 \u00e0 la majorit\u00e9 des voix de du pr\u00e9sident, selon un communiqu\u00e9 du pouvoir judiciaire. M.\u00a0Chaves, \u00e9conomiste conservateur de 64\u00a0ans, est accus\u00e9 par le procureur g\u00e9n\u00e9ral, Carlo Diaz, avec qui il est en conflit, d\u2019avoir oblig\u00e9 une entreprise de services de communication embauch\u00e9e par la pr\u00e9sidence \u00e0 verser 32\u00a0000\u00a0dollars (soit 27\u00a0294,44\u00a0euros) \u00e0 son ami et ancien conseiller en image, Federico Cruz.   Le parquet accuse le pr\u00e9sident de concussion, un d\u00e9lit puni de 2\u00a0\u00e0 8\u00a0ans de prison pour les fonctionnaires qui obligent ou incitent \u00e0 . Vis\u00e9 par d\u2019autres enqu\u00eates aux d\u00e9put\u00e9s, a pr\u00e9cis\u00e9 la Cour supr\u00eame, dans son communiqu\u00e9, en demandant \u00e9galement la lev\u00e9e de l\u2019immunit\u00e9 du ministre de la culture, Jorge Rodriguez, pour les m\u00eames raisons. Selon une enqu\u00eate, le contrat avec l\u2019entreprise pour la pr\u00e9sidence de Chaves, de 2022 \u00e0 2026, a \u00e9t\u00e9 effectu\u00e9 avec les fonds de la Banque centram\u00e9ricaine d\u2019int\u00e9gration \u00e9conomique par le biais d\u2019une proc\u00e9dure irr\u00e9guli\u00e8re. Le pr\u00e9sident \u00e9lu en\u00a02022 n\u2019a, jusqu\u2019\u00e0 pr\u00e9sent, pas r\u00e9agi, tandis que M. Rodriguez a d\u00e9clar\u00e9 avoir . Les autorit\u00e9s judiciaires et \u00e9lectorales m\u00e8nent \u00e9galement d\u2019autres enqu\u00eates contre le pr\u00e9sident. Lors de ses conf\u00e9rences et actes officiels, Rodrigo Chaves prend r\u00e9guli\u00e8rement \u00e0 partie opposants politiques, juges, procureurs et d\u00e9put\u00e9s ainsi que la presse critique \u00e0 son \u00e9gard.   L\u2019ancien fonctionnaire de la Banque mondiale n\u2019est pas autoris\u00e9 \u00e0 briguer un nouveau mandat mais pourrait chercher \u00e0 obtenir un si\u00e8ge au Parlement lors des \u00e9lections g\u00e9n\u00e9rales de 2026.  Le Monde avec AFP      S\u2019abonner   Contribuer R\u00e9utiliser ce contenu","og_url":"https:\/\/vof-news.eu\/fr\/au-costa-rica-la-justice-demande-la-levee-de-limmunite-du-president-rodrigo-chaves-soupconne-de-corruption\/","og_site_name":"vof-news.eu","article_published_time":"2025-07-02T02:30:10+00:00","article_modified_time":"2025-07-02T02:30:35+00:00","og_image":[{"width":664,"height":443,"url":"https:\/\/vof-news.eu\/wp-content\/uploads\/2025\/07\/4c9a1ee_ftp-import-images-1-wp2m6zqrfbpi-5305407-01-06.jpg","type":"image\/jpeg"}],"author":"Author","twitter_card":"summary_large_image","twitter_misc":{"\u00c9crit par":"Author","Dur\u00e9e de lecture estim\u00e9e":"2 minutes"},"schema":{"@context":"https:\/\/schema.org","@graph":[{"@type":"WebPage","@id":"https:\/\/vof-news.eu\/fr\/au-costa-rica-la-justice-demande-la-levee-de-limmunite-du-president-rodrigo-chaves-soupconne-de-corruption\/","url":"https:\/\/vof-news.eu\/fr\/au-costa-rica-la-justice-demande-la-levee-de-limmunite-du-president-rodrigo-chaves-soupconne-de-corruption\/","name":"Au Costa Rica, la justice demande la lev\u00e9e de l\u2019immunit\u00e9 du pr\u00e9sident Rodrigo Chaves, soup\u00e7onn\u00e9 de corruption - vof-news.eu","isPartOf":{"@id":"https:\/\/vof-news.eu\/fr\/#website"},"primaryImageOfPage":{"@id":"https:\/\/vof-news.eu\/fr\/au-costa-rica-la-justice-demande-la-levee-de-limmunite-du-president-rodrigo-chaves-soupconne-de-corruption\/#primaryimage"},"image":{"@id":"https:\/\/vof-news.eu\/fr\/au-costa-rica-la-justice-demande-la-levee-de-limmunite-du-president-rodrigo-chaves-soupconne-de-corruption\/#primaryimage"},"thumbnailUrl":"https:\/\/vof-news.eu\/wp-content\/uploads\/2025\/07\/4c9a1ee_ftp-import-images-1-wp2m6zqrfbpi-5305407-01-06.jpg","datePublished":"2025-07-02T02:30:10+00:00","dateModified":"2025-07-02T02:30:35+00:00","author":{"@id":"https:\/\/vof-news.eu\/fr\/#\/schema\/person\/f6a2a4309f0561835797fd8c19b333ed"},"description":"Du jamais-vu au Costa Rica. La justice a demand\u00e9, mardi 1\u1d49\u02b3 juillet, au Parlement, pour la premi\u00e8re fois de son histoire, de lever l\u2019immunit\u00e9 du pr\u00e9sident, Rodrigo Chaves, afin que ce dernier puisse \u00eatre poursuivi pour corruption. Sur fond de conflit ouvert entre les organes du pouvoir, la cour pl\u00e9ni\u00e8re de la Cour supr\u00eame a d\u00e9cid\u00e9 \u00e0 la majorit\u00e9 des voix de du pr\u00e9sident, selon un communiqu\u00e9 du pouvoir judiciaire. M.\u00a0Chaves, \u00e9conomiste conservateur de 64\u00a0ans, est accus\u00e9 par le procureur g\u00e9n\u00e9ral, Carlo Diaz, avec qui il est en conflit, d\u2019avoir oblig\u00e9 une entreprise de services de communication embauch\u00e9e par la pr\u00e9sidence \u00e0 verser 32\u00a0000\u00a0dollars (soit 27\u00a0294,44\u00a0euros) \u00e0 son ami et ancien conseiller en image, Federico Cruz. Le parquet accuse le pr\u00e9sident de concussion, un d\u00e9lit puni de 2\u00a0\u00e0 8\u00a0ans de prison pour les fonctionnaires qui obligent ou incitent \u00e0 . Vis\u00e9 par d\u2019autres enqu\u00eates aux d\u00e9put\u00e9s, a pr\u00e9cis\u00e9 la Cour supr\u00eame, dans son communiqu\u00e9, en demandant \u00e9galement la lev\u00e9e de l\u2019immunit\u00e9 du ministre de la culture, Jorge Rodriguez, pour les m\u00eames raisons. Selon une enqu\u00eate, le contrat avec l\u2019entreprise pour la pr\u00e9sidence de Chaves, de 2022 \u00e0 2026, a \u00e9t\u00e9 effectu\u00e9 avec les fonds de la Banque centram\u00e9ricaine d\u2019int\u00e9gration \u00e9conomique par le biais d\u2019une proc\u00e9dure irr\u00e9guli\u00e8re. Le pr\u00e9sident \u00e9lu en\u00a02022 n\u2019a, jusqu\u2019\u00e0 pr\u00e9sent, pas r\u00e9agi, tandis que M. Rodriguez a d\u00e9clar\u00e9 avoir . Les autorit\u00e9s judiciaires et \u00e9lectorales m\u00e8nent \u00e9galement d\u2019autres enqu\u00eates contre le pr\u00e9sident. Lors de ses conf\u00e9rences et actes officiels, Rodrigo Chaves prend r\u00e9guli\u00e8rement \u00e0 partie opposants politiques, juges, procureurs et d\u00e9put\u00e9s ainsi que la presse critique \u00e0 son \u00e9gard. L\u2019ancien fonctionnaire de la Banque mondiale n\u2019est pas autoris\u00e9 \u00e0 briguer un nouveau mandat mais pourrait chercher \u00e0 obtenir un si\u00e8ge au Parlement lors des \u00e9lections g\u00e9n\u00e9rales de 2026. Le Monde avec AFP S\u2019abonner Contribuer R\u00e9utiliser ce contenu","breadcrumb":{"@id":"https:\/\/vof-news.eu\/fr\/au-costa-rica-la-justice-demande-la-levee-de-limmunite-du-president-rodrigo-chaves-soupconne-de-corruption\/#breadcrumb"},"inLanguage":"fr-FR","potentialAction":[{"@type":"ReadAction","target":["https:\/\/vof-news.eu\/fr\/au-costa-rica-la-justice-demande-la-levee-de-limmunite-du-president-rodrigo-chaves-soupconne-de-corruption\/"]}]},{"@type":"ImageObject","inLanguage":"fr-FR","@id":"https:\/\/vof-news.eu\/fr\/au-costa-rica-la-justice-demande-la-levee-de-limmunite-du-president-rodrigo-chaves-soupconne-de-corruption\/#primaryimage","url":"https:\/\/vof-news.eu\/wp-content\/uploads\/2025\/07\/4c9a1ee_ftp-import-images-1-wp2m6zqrfbpi-5305407-01-06.jpg","contentUrl":"https:\/\/vof-news.eu\/wp-content\/uploads\/2025\/07\/4c9a1ee_ftp-import-images-1-wp2m6zqrfbpi-5305407-01-06.jpg","width":664,"height":443},{"@type":"BreadcrumbList","@id":"https:\/\/vof-news.eu\/fr\/au-costa-rica-la-justice-demande-la-levee-de-limmunite-du-president-rodrigo-chaves-soupconne-de-corruption\/#breadcrumb","itemListElement":[{"@type":"ListItem","position":1,"name":"Home","item":"https:\/\/vof-news.eu\/fr\/"},{"@type":"ListItem","position":2,"name":"Au Costa Rica, la justice demande la lev\u00e9e de l\u2019immunit\u00e9 du pr\u00e9sident Rodrigo Chaves, soup\u00e7onn\u00e9 de corruption"}]},{"@type":"WebSite","@id":"https:\/\/vof-news.eu\/fr\/#website","url":"https:\/\/vof-news.eu\/fr\/","name":"vof-news.eu","description":"","potentialAction":[{"@type":"SearchAction","target":{"@type":"EntryPoint","urlTemplate":"https:\/\/vof-news.eu\/fr\/?s={search_term_string}"},"query-input":"required name=search_term_string"}],"inLanguage":"fr-FR"},{"@type":"Person","@id":"https:\/\/vof-news.eu\/fr\/#\/schema\/person\/f6a2a4309f0561835797fd8c19b333ed","name":"Author","image":{"@type":"ImageObject","inLanguage":"fr-FR","@id":"https:\/\/vof-news.eu\/fr\/#\/schema\/person\/image\/","url":"https:\/\/secure.gravatar.com\/avatar\/b67e614b1b25b3e9c0c239efdd2fde5ab015b5affd6f1c3c85911ca4b384e790?s=96&d=mm&r=g","contentUrl":"https:\/\/secure.gravatar.com\/avatar\/b67e614b1b25b3e9c0c239efdd2fde5ab015b5affd6f1c3c85911ca4b384e790?s=96&d=mm&r=g","caption":"Author"},"sameAs":["http:\/\/vof-news.eu"],"url":"https:\/\/vof-news.eu\/fr\/author\/zwt6qxnjulxbnyg\/"}]}},"yoast_meta":{"yoast_wpseo_title":"","yoast_wpseo_metadesc":"","yoast_wpseo_canonical":""},"_links":{"self":[{"href":"https:\/\/vof-news.eu\/fr\/wp-json\/wp\/v2\/posts\/245104","targetHints":{"allow":["GET"]}}],"collection":[{"href":"https:\/\/vof-news.eu\/fr\/wp-json\/wp\/v2\/posts"}],"about":[{"href":"https:\/\/vof-news.eu\/fr\/wp-json\/wp\/v2\/types\/post"}],"author":[{"embeddable":true,"href":"https:\/\/vof-news.eu\/fr\/wp-json\/wp\/v2\/users\/1"}],"replies":[{"embeddable":true,"href":"https:\/\/vof-news.eu\/fr\/wp-json\/wp\/v2\/comments?post=245104"}],"version-history":[{"count":1,"href":"https:\/\/vof-news.eu\/fr\/wp-json\/wp\/v2\/posts\/245104\/revisions"}],"predecessor-version":[{"id":245111,"href":"https:\/\/vof-news.eu\/fr\/wp-json\/wp\/v2\/posts\/245104\/revisions\/245111"}],"wp:featuredmedia":[{"embeddable":true,"href":"https:\/\/vof-news.eu\/fr\/wp-json\/wp\/v2\/media\/245105"}],"wp:attachment":[{"href":"https:\/\/vof-news.eu\/fr\/wp-json\/wp\/v2\/media?parent=245104"}],"wp:term":[{"taxonomy":"category","embeddable":true,"href":"https:\/\/vof-news.eu\/fr\/wp-json\/wp\/v2\/categories?post=245104"},{"taxonomy":"post_tag","embeddable":true,"href":"https:\/\/vof-news.eu\/fr\/wp-json\/wp\/v2\/tags?post=245104"}],"curies":[{"name":"wp","href":"https:\/\/api.w.org\/{rel}","templated":true}]}}