{"id":245072,"date":"2025-07-02T01:30:36","date_gmt":"2025-07-01T22:30:36","guid":{"rendered":"https:\/\/vof-news.eu\/tennis-a-wimbledon-coco-gauff-numero-2-mondiale-eliminee-des-le-premier-tour\/"},"modified":"2025-07-02T01:31:05","modified_gmt":"2025-07-01T22:31:05","slug":"tennis-a-wimbledon-coco-gauff-numero-2-mondiale-eliminee-des-le-premier-tour","status":"publish","type":"post","link":"https:\/\/vof-news.eu\/fr\/tennis-a-wimbledon-coco-gauff-numero-2-mondiale-eliminee-des-le-premier-tour\/","title":{"rendered":"Tennis\u00a0: \u00e0 Wimbledon, Coco Gauff, num\u00e9ro\u00a02 mondiale, \u00e9limin\u00e9e d\u00e8s le premier tour"},"content":{"rendered":"<article>\n<p>Laur\u00e9ate, au d\u00e9but de juin, de son deuxi\u00e8me titre de Grand Chelem \u00e0 Roland-Garros, la num\u00e9ro\u00a02 mondiale, Coco Gauff, s\u2019est fait \u00e9liminer, mardi 1<sup>er<\/sup>\u00a0juillet, d\u00e8s son entr\u00e9e en lice \u00e0 Wimbledon. L\u2019Am\u00e9ricaine de 21\u00a0ans a \u00e9t\u00e9 battue (7-6 [7-3], 6-1) par l\u2019Ukrainienne Dayana Yastremska (42<sup>e<\/sup>), quelques semaines apr\u00e8s avoir \u00e9t\u00e9 \u00e9limin\u00e9e d\u2019entr\u00e9e au WTA\u00a0500 de Berlin, et ach\u00e8ve donc sa courte saison sur gazon sans la moindre victoire.<\/p>\n<p>Yastremska, ex-21<sup>e<\/sup> mondiale et demi-finaliste \u00e0 l\u2019Open d\u2019Australie en\u00a02024, remporte son premier match contre Gauff en quatre confrontations et affrontera au prochain tour la Russe Anastasia Zakharova (95<sup>e<\/sup>), issue des qualifications.<\/p>\n<p>C\u2019est seulement la troisi\u00e8me fois dans l\u2019\u00e8re Open que la laur\u00e9ate de Roland-Garros s\u2019incline la m\u00eame ann\u00e9e au premier tour de Wimbledon, apr\u00e8s la Belge Justine Henin en\u00a02005 et l\u2019Italienne Francesca Schiavone en\u00a02010. Wimbledon est le tournoi du Grand Chelem qui r\u00e9ussit le moins \u00e0 Gauff, qui n\u2019est jamais all\u00e9e au-del\u00e0 des huiti\u00e8mes de finale.<\/p>\n<section>   <\/section>\n<section>\n<p> <span>Le Monde avec AFP<\/span> <\/p>\n<\/section>\n<section>\n<section>\n<header>   <\/header>\n<section>\n<section> <a href=\"https:\/\/abo.lemonde.fr\/?lmd_medium=BOUTONS_LMFR&amp;lmd_campaign=CONTRIBUTION_ARTICLE\" rel=\"nofollow\">S\u2019abonner<\/a> <\/section>\n<\/section>\n<section><\/section>\n<\/section>\n<p>Contribuer<\/p>\n<p> <a href=\"https:\/\/www.lemonde.fr\/syndication\/\" rel=\"nofollow\">R\u00e9utiliser ce contenu<\/a> <\/section>\n<\/article>\n","protected":false},"excerpt":{"rendered":"<p>Laur\u00e9ate, au d\u00e9but de juin, de son deuxi\u00e8me titre de Grand Chelem \u00e0 Roland-Garros, la num\u00e9ro\u00a02 mondiale, Coco Gauff, s\u2019est fait \u00e9liminer, mardi 1er\u00a0juillet, d\u00e8s son entr\u00e9e en lice \u00e0 Wimbledon. L\u2019Am\u00e9ricaine de 21\u00a0ans a \u00e9t\u00e9 battue (7-6 [7-3], 6-1) par l\u2019Ukrainienne Dayana Yastremska (42e), quelques semaines apr\u00e8s avoir \u00e9t\u00e9 \u00e9limin\u00e9e d\u2019entr\u00e9e au WTA\u00a0500 de<\/p>\n","protected":false},"author":1,"featured_media":245073,"comment_status":"open","ping_status":"open","sticky":false,"template":"","format":"standard","meta":{"footnotes":""},"categories":[73],"tags":[],"class_list":["post-245072","post","type-post","status-publish","format-standard","has-post-thumbnail","hentry","category-sport-fr"],"acf":[],"yoast_head":"<!-- This site is optimized with the Yoast SEO plugin v22.9 - https:\/\/yoast.com\/wordpress\/plugins\/seo\/ -->\n<title>Tennis\u00a0: \u00e0 Wimbledon, Coco Gauff, num\u00e9ro\u00a02 mondiale, \u00e9limin\u00e9e d\u00e8s le premier tour - vof-news.eu<\/title>\n<meta name=\"description\" content=\"Laur\u00e9ate, au d\u00e9but de juin, de son deuxi\u00e8me titre de Grand Chelem \u00e0 Roland-Garros, la num\u00e9ro\u00a02 mondiale, Coco Gauff, s\u2019est fait \u00e9liminer, mardi 1er\u00a0juillet, d\u00e8s son entr\u00e9e en lice \u00e0 Wimbledon. L\u2019Am\u00e9ricaine de 21\u00a0ans a \u00e9t\u00e9 battue (7-6 [7-3], 6-1) par l\u2019Ukrainienne Dayana Yastremska (42e), quelques semaines apr\u00e8s avoir \u00e9t\u00e9 \u00e9limin\u00e9e d\u2019entr\u00e9e au WTA\u00a0500 de Berlin, et ach\u00e8ve donc sa courte saison sur gazon sans la moindre victoire. Yastremska, ex-21e mondiale et demi-finaliste \u00e0 l\u2019Open d\u2019Australie en\u00a02024, remporte son premier match contre Gauff en quatre confrontations et affrontera au prochain tour la Russe Anastasia Zakharova (95e), issue des qualifications. C\u2019est seulement la troisi\u00e8me fois dans l\u2019\u00e8re Open que la laur\u00e9ate de Roland-Garros s\u2019incline la m\u00eame ann\u00e9e au premier tour de Wimbledon, apr\u00e8s la Belge Justine Henin en\u00a02005 et l\u2019Italienne Francesca Schiavone en\u00a02010. Wimbledon est le tournoi du Grand Chelem qui r\u00e9ussit le moins \u00e0 Gauff, qui n\u2019est jamais all\u00e9e au-del\u00e0 des huiti\u00e8mes de finale.    Le Monde avec AFP      S\u2019abonner   Contribuer R\u00e9utiliser ce contenu\" \/>\n<meta name=\"robots\" content=\"noindex, follow, max-snippet:-1, max-image-preview:large, max-video-preview:-1\" \/>\n<meta property=\"og:locale\" content=\"fr_FR\" \/>\n<meta property=\"og:type\" content=\"article\" \/>\n<meta property=\"og:title\" content=\"Tennis\u00a0: \u00e0 Wimbledon, Coco Gauff, num\u00e9ro\u00a02 mondiale, \u00e9limin\u00e9e d\u00e8s le premier tour - vof-news.eu\" \/>\n<meta property=\"og:description\" content=\"Laur\u00e9ate, au d\u00e9but de juin, de son deuxi\u00e8me titre de Grand Chelem \u00e0 Roland-Garros, la num\u00e9ro\u00a02 mondiale, Coco Gauff, s\u2019est fait \u00e9liminer, mardi 1er\u00a0juillet, d\u00e8s son entr\u00e9e en lice \u00e0 Wimbledon. L\u2019Am\u00e9ricaine de 21\u00a0ans a \u00e9t\u00e9 battue (7-6 [7-3], 6-1) par l\u2019Ukrainienne Dayana Yastremska (42e), quelques semaines apr\u00e8s avoir \u00e9t\u00e9 \u00e9limin\u00e9e d\u2019entr\u00e9e au WTA\u00a0500 de Berlin, et ach\u00e8ve donc sa courte saison sur gazon sans la moindre victoire. Yastremska, ex-21e mondiale et demi-finaliste \u00e0 l\u2019Open d\u2019Australie en\u00a02024, remporte son premier match contre Gauff en quatre confrontations et affrontera au prochain tour la Russe Anastasia Zakharova (95e), issue des qualifications. C\u2019est seulement la troisi\u00e8me fois dans l\u2019\u00e8re Open que la laur\u00e9ate de Roland-Garros s\u2019incline la m\u00eame ann\u00e9e au premier tour de Wimbledon, apr\u00e8s la Belge Justine Henin en\u00a02005 et l\u2019Italienne Francesca Schiavone en\u00a02010. Wimbledon est le tournoi du Grand Chelem qui r\u00e9ussit le moins \u00e0 Gauff, qui n\u2019est jamais all\u00e9e au-del\u00e0 des huiti\u00e8mes de finale.    Le Monde avec AFP      S\u2019abonner   Contribuer R\u00e9utiliser ce contenu\" \/>\n<meta property=\"og:url\" content=\"https:\/\/vof-news.eu\/fr\/tennis-a-wimbledon-coco-gauff-numero-2-mondiale-eliminee-des-le-premier-tour\/\" \/>\n<meta property=\"og:site_name\" content=\"vof-news.eu\" \/>\n<meta property=\"article:published_time\" content=\"2025-07-01T22:30:36+00:00\" \/>\n<meta property=\"article:modified_time\" content=\"2025-07-01T22:31:05+00:00\" \/>\n<meta property=\"og:image\" content=\"https:\/\/vof-news.eu\/wp-content\/uploads\/2025\/07\/d328803_ftp-import-images-1-cbtaxs2dtggf-5304866-01-06.jpg\" \/>\n\t<meta property=\"og:image:width\" content=\"664\" \/>\n\t<meta property=\"og:image:height\" content=\"443\" \/>\n\t<meta property=\"og:image:type\" content=\"image\/jpeg\" \/>\n<meta name=\"author\" content=\"Author\" \/>\n<meta name=\"twitter:card\" content=\"summary_large_image\" \/>\n<meta name=\"twitter:label1\" content=\"\u00c9crit par\" \/>\n\t<meta name=\"twitter:data1\" content=\"Author\" \/>\n\t<meta name=\"twitter:label2\" content=\"Dur\u00e9e de lecture estim\u00e9e\" \/>\n\t<meta name=\"twitter:data2\" content=\"1 minute\" \/>\n<script type=\"application\/ld+json\" class=\"yoast-schema-graph\">{\"@context\":\"https:\/\/schema.org\",\"@graph\":[{\"@type\":\"WebPage\",\"@id\":\"https:\/\/vof-news.eu\/fr\/tennis-a-wimbledon-coco-gauff-numero-2-mondiale-eliminee-des-le-premier-tour\/\",\"url\":\"https:\/\/vof-news.eu\/fr\/tennis-a-wimbledon-coco-gauff-numero-2-mondiale-eliminee-des-le-premier-tour\/\",\"name\":\"Tennis\u00a0: \u00e0 Wimbledon, Coco Gauff, num\u00e9ro\u00a02 mondiale, \u00e9limin\u00e9e d\u00e8s le premier tour - vof-news.eu\",\"isPartOf\":{\"@id\":\"https:\/\/vof-news.eu\/fr\/#website\"},\"primaryImageOfPage\":{\"@id\":\"https:\/\/vof-news.eu\/fr\/tennis-a-wimbledon-coco-gauff-numero-2-mondiale-eliminee-des-le-premier-tour\/#primaryimage\"},\"image\":{\"@id\":\"https:\/\/vof-news.eu\/fr\/tennis-a-wimbledon-coco-gauff-numero-2-mondiale-eliminee-des-le-premier-tour\/#primaryimage\"},\"thumbnailUrl\":\"https:\/\/vof-news.eu\/wp-content\/uploads\/2025\/07\/d328803_ftp-import-images-1-cbtaxs2dtggf-5304866-01-06.jpg\",\"datePublished\":\"2025-07-01T22:30:36+00:00\",\"dateModified\":\"2025-07-01T22:31:05+00:00\",\"author\":{\"@id\":\"https:\/\/vof-news.eu\/fr\/#\/schema\/person\/f6a2a4309f0561835797fd8c19b333ed\"},\"description\":\"Laur\u00e9ate, au d\u00e9but de juin, de son deuxi\u00e8me titre de Grand Chelem \u00e0 Roland-Garros, la num\u00e9ro\u00a02 mondiale, Coco Gauff, s\u2019est fait \u00e9liminer, mardi 1er\u00a0juillet, d\u00e8s son entr\u00e9e en lice \u00e0 Wimbledon. L\u2019Am\u00e9ricaine de 21\u00a0ans a \u00e9t\u00e9 battue (7-6 [7-3], 6-1) par l\u2019Ukrainienne Dayana Yastremska (42e), quelques semaines apr\u00e8s avoir \u00e9t\u00e9 \u00e9limin\u00e9e d\u2019entr\u00e9e au WTA\u00a0500 de Berlin, et ach\u00e8ve donc sa courte saison sur gazon sans la moindre victoire. Yastremska, ex-21e mondiale et demi-finaliste \u00e0 l\u2019Open d\u2019Australie en\u00a02024, remporte son premier match contre Gauff en quatre confrontations et affrontera au prochain tour la Russe Anastasia Zakharova (95e), issue des qualifications. C\u2019est seulement la troisi\u00e8me fois dans l\u2019\u00e8re Open que la laur\u00e9ate de Roland-Garros s\u2019incline la m\u00eame ann\u00e9e au premier tour de Wimbledon, apr\u00e8s la Belge Justine Henin en\u00a02005 et l\u2019Italienne Francesca Schiavone en\u00a02010. Wimbledon est le tournoi du Grand Chelem qui r\u00e9ussit le moins \u00e0 Gauff, qui n\u2019est jamais all\u00e9e au-del\u00e0 des huiti\u00e8mes de finale. Le Monde avec AFP S\u2019abonner Contribuer R\u00e9utiliser ce contenu\",\"breadcrumb\":{\"@id\":\"https:\/\/vof-news.eu\/fr\/tennis-a-wimbledon-coco-gauff-numero-2-mondiale-eliminee-des-le-premier-tour\/#breadcrumb\"},\"inLanguage\":\"fr-FR\",\"potentialAction\":[{\"@type\":\"ReadAction\",\"target\":[\"https:\/\/vof-news.eu\/fr\/tennis-a-wimbledon-coco-gauff-numero-2-mondiale-eliminee-des-le-premier-tour\/\"]}]},{\"@type\":\"ImageObject\",\"inLanguage\":\"fr-FR\",\"@id\":\"https:\/\/vof-news.eu\/fr\/tennis-a-wimbledon-coco-gauff-numero-2-mondiale-eliminee-des-le-premier-tour\/#primaryimage\",\"url\":\"https:\/\/vof-news.eu\/wp-content\/uploads\/2025\/07\/d328803_ftp-import-images-1-cbtaxs2dtggf-5304866-01-06.jpg\",\"contentUrl\":\"https:\/\/vof-news.eu\/wp-content\/uploads\/2025\/07\/d328803_ftp-import-images-1-cbtaxs2dtggf-5304866-01-06.jpg\",\"width\":664,\"height\":443},{\"@type\":\"BreadcrumbList\",\"@id\":\"https:\/\/vof-news.eu\/fr\/tennis-a-wimbledon-coco-gauff-numero-2-mondiale-eliminee-des-le-premier-tour\/#breadcrumb\",\"itemListElement\":[{\"@type\":\"ListItem\",\"position\":1,\"name\":\"Home\",\"item\":\"https:\/\/vof-news.eu\/fr\/\"},{\"@type\":\"ListItem\",\"position\":2,\"name\":\"Tennis\u00a0: \u00e0 Wimbledon, Coco Gauff, num\u00e9ro\u00a02 mondiale, \u00e9limin\u00e9e d\u00e8s le premier tour\"}]},{\"@type\":\"WebSite\",\"@id\":\"https:\/\/vof-news.eu\/fr\/#website\",\"url\":\"https:\/\/vof-news.eu\/fr\/\",\"name\":\"vof-news.eu\",\"description\":\"\",\"potentialAction\":[{\"@type\":\"SearchAction\",\"target\":{\"@type\":\"EntryPoint\",\"urlTemplate\":\"https:\/\/vof-news.eu\/fr\/?s={search_term_string}\"},\"query-input\":\"required name=search_term_string\"}],\"inLanguage\":\"fr-FR\"},{\"@type\":\"Person\",\"@id\":\"https:\/\/vof-news.eu\/fr\/#\/schema\/person\/f6a2a4309f0561835797fd8c19b333ed\",\"name\":\"Author\",\"image\":{\"@type\":\"ImageObject\",\"inLanguage\":\"fr-FR\",\"@id\":\"https:\/\/vof-news.eu\/fr\/#\/schema\/person\/image\/\",\"url\":\"https:\/\/secure.gravatar.com\/avatar\/b67e614b1b25b3e9c0c239efdd2fde5ab015b5affd6f1c3c85911ca4b384e790?s=96&d=mm&r=g\",\"contentUrl\":\"https:\/\/secure.gravatar.com\/avatar\/b67e614b1b25b3e9c0c239efdd2fde5ab015b5affd6f1c3c85911ca4b384e790?s=96&d=mm&r=g\",\"caption\":\"Author\"},\"sameAs\":[\"http:\/\/vof-news.eu\"],\"url\":\"https:\/\/vof-news.eu\/fr\/author\/zwt6qxnjulxbnyg\/\"}]}<\/script>\n<!-- \/ Yoast SEO plugin. -->","yoast_head_json":{"title":"Tennis\u00a0: \u00e0 Wimbledon, Coco Gauff, num\u00e9ro\u00a02 mondiale, \u00e9limin\u00e9e d\u00e8s le premier tour - vof-news.eu","description":"Laur\u00e9ate, au d\u00e9but de juin, de son deuxi\u00e8me titre de Grand Chelem \u00e0 Roland-Garros, la num\u00e9ro\u00a02 mondiale, Coco Gauff, s\u2019est fait \u00e9liminer, mardi 1er\u00a0juillet, d\u00e8s son entr\u00e9e en lice \u00e0 Wimbledon. L\u2019Am\u00e9ricaine de 21\u00a0ans a \u00e9t\u00e9 battue (7-6 [7-3], 6-1) par l\u2019Ukrainienne Dayana Yastremska (42e), quelques semaines apr\u00e8s avoir \u00e9t\u00e9 \u00e9limin\u00e9e d\u2019entr\u00e9e au WTA\u00a0500 de Berlin, et ach\u00e8ve donc sa courte saison sur gazon sans la moindre victoire. Yastremska, ex-21e mondiale et demi-finaliste \u00e0 l\u2019Open d\u2019Australie en\u00a02024, remporte son premier match contre Gauff en quatre confrontations et affrontera au prochain tour la Russe Anastasia Zakharova (95e), issue des qualifications. C\u2019est seulement la troisi\u00e8me fois dans l\u2019\u00e8re Open que la laur\u00e9ate de Roland-Garros s\u2019incline la m\u00eame ann\u00e9e au premier tour de Wimbledon, apr\u00e8s la Belge Justine Henin en\u00a02005 et l\u2019Italienne Francesca Schiavone en\u00a02010. Wimbledon est le tournoi du Grand Chelem qui r\u00e9ussit le moins \u00e0 Gauff, qui n\u2019est jamais all\u00e9e au-del\u00e0 des huiti\u00e8mes de finale.    Le Monde avec AFP      S\u2019abonner   Contribuer R\u00e9utiliser ce contenu","robots":{"index":"noindex","follow":"follow","max-snippet":"max-snippet:-1","max-image-preview":"max-image-preview:large","max-video-preview":"max-video-preview:-1"},"og_locale":"fr_FR","og_type":"article","og_title":"Tennis\u00a0: \u00e0 Wimbledon, Coco Gauff, num\u00e9ro\u00a02 mondiale, \u00e9limin\u00e9e d\u00e8s le premier tour - vof-news.eu","og_description":"Laur\u00e9ate, au d\u00e9but de juin, de son deuxi\u00e8me titre de Grand Chelem \u00e0 Roland-Garros, la num\u00e9ro\u00a02 mondiale, Coco Gauff, s\u2019est fait \u00e9liminer, mardi 1er\u00a0juillet, d\u00e8s son entr\u00e9e en lice \u00e0 Wimbledon. L\u2019Am\u00e9ricaine de 21\u00a0ans a \u00e9t\u00e9 battue (7-6 [7-3], 6-1) par l\u2019Ukrainienne Dayana Yastremska (42e), quelques semaines apr\u00e8s avoir \u00e9t\u00e9 \u00e9limin\u00e9e d\u2019entr\u00e9e au WTA\u00a0500 de Berlin, et ach\u00e8ve donc sa courte saison sur gazon sans la moindre victoire. Yastremska, ex-21e mondiale et demi-finaliste \u00e0 l\u2019Open d\u2019Australie en\u00a02024, remporte son premier match contre Gauff en quatre confrontations et affrontera au prochain tour la Russe Anastasia Zakharova (95e), issue des qualifications. C\u2019est seulement la troisi\u00e8me fois dans l\u2019\u00e8re Open que la laur\u00e9ate de Roland-Garros s\u2019incline la m\u00eame ann\u00e9e au premier tour de Wimbledon, apr\u00e8s la Belge Justine Henin en\u00a02005 et l\u2019Italienne Francesca Schiavone en\u00a02010. Wimbledon est le tournoi du Grand Chelem qui r\u00e9ussit le moins \u00e0 Gauff, qui n\u2019est jamais all\u00e9e au-del\u00e0 des huiti\u00e8mes de finale.    Le Monde avec AFP      S\u2019abonner   Contribuer R\u00e9utiliser ce contenu","og_url":"https:\/\/vof-news.eu\/fr\/tennis-a-wimbledon-coco-gauff-numero-2-mondiale-eliminee-des-le-premier-tour\/","og_site_name":"vof-news.eu","article_published_time":"2025-07-01T22:30:36+00:00","article_modified_time":"2025-07-01T22:31:05+00:00","og_image":[{"width":664,"height":443,"url":"https:\/\/vof-news.eu\/wp-content\/uploads\/2025\/07\/d328803_ftp-import-images-1-cbtaxs2dtggf-5304866-01-06.jpg","type":"image\/jpeg"}],"author":"Author","twitter_card":"summary_large_image","twitter_misc":{"\u00c9crit par":"Author","Dur\u00e9e de lecture estim\u00e9e":"1 minute"},"schema":{"@context":"https:\/\/schema.org","@graph":[{"@type":"WebPage","@id":"https:\/\/vof-news.eu\/fr\/tennis-a-wimbledon-coco-gauff-numero-2-mondiale-eliminee-des-le-premier-tour\/","url":"https:\/\/vof-news.eu\/fr\/tennis-a-wimbledon-coco-gauff-numero-2-mondiale-eliminee-des-le-premier-tour\/","name":"Tennis\u00a0: \u00e0 Wimbledon, Coco Gauff, num\u00e9ro\u00a02 mondiale, \u00e9limin\u00e9e d\u00e8s le premier tour - vof-news.eu","isPartOf":{"@id":"https:\/\/vof-news.eu\/fr\/#website"},"primaryImageOfPage":{"@id":"https:\/\/vof-news.eu\/fr\/tennis-a-wimbledon-coco-gauff-numero-2-mondiale-eliminee-des-le-premier-tour\/#primaryimage"},"image":{"@id":"https:\/\/vof-news.eu\/fr\/tennis-a-wimbledon-coco-gauff-numero-2-mondiale-eliminee-des-le-premier-tour\/#primaryimage"},"thumbnailUrl":"https:\/\/vof-news.eu\/wp-content\/uploads\/2025\/07\/d328803_ftp-import-images-1-cbtaxs2dtggf-5304866-01-06.jpg","datePublished":"2025-07-01T22:30:36+00:00","dateModified":"2025-07-01T22:31:05+00:00","author":{"@id":"https:\/\/vof-news.eu\/fr\/#\/schema\/person\/f6a2a4309f0561835797fd8c19b333ed"},"description":"Laur\u00e9ate, au d\u00e9but de juin, de son deuxi\u00e8me titre de Grand Chelem \u00e0 Roland-Garros, la num\u00e9ro\u00a02 mondiale, Coco Gauff, s\u2019est fait \u00e9liminer, mardi 1er\u00a0juillet, d\u00e8s son entr\u00e9e en lice \u00e0 Wimbledon. L\u2019Am\u00e9ricaine de 21\u00a0ans a \u00e9t\u00e9 battue (7-6 [7-3], 6-1) par l\u2019Ukrainienne Dayana Yastremska (42e), quelques semaines apr\u00e8s avoir \u00e9t\u00e9 \u00e9limin\u00e9e d\u2019entr\u00e9e au WTA\u00a0500 de Berlin, et ach\u00e8ve donc sa courte saison sur gazon sans la moindre victoire. Yastremska, ex-21e mondiale et demi-finaliste \u00e0 l\u2019Open d\u2019Australie en\u00a02024, remporte son premier match contre Gauff en quatre confrontations et affrontera au prochain tour la Russe Anastasia Zakharova (95e), issue des qualifications. C\u2019est seulement la troisi\u00e8me fois dans l\u2019\u00e8re Open que la laur\u00e9ate de Roland-Garros s\u2019incline la m\u00eame ann\u00e9e au premier tour de Wimbledon, apr\u00e8s la Belge Justine Henin en\u00a02005 et l\u2019Italienne Francesca Schiavone en\u00a02010. Wimbledon est le tournoi du Grand Chelem qui r\u00e9ussit le moins \u00e0 Gauff, qui n\u2019est jamais all\u00e9e au-del\u00e0 des huiti\u00e8mes de finale. Le Monde avec AFP S\u2019abonner Contribuer R\u00e9utiliser ce contenu","breadcrumb":{"@id":"https:\/\/vof-news.eu\/fr\/tennis-a-wimbledon-coco-gauff-numero-2-mondiale-eliminee-des-le-premier-tour\/#breadcrumb"},"inLanguage":"fr-FR","potentialAction":[{"@type":"ReadAction","target":["https:\/\/vof-news.eu\/fr\/tennis-a-wimbledon-coco-gauff-numero-2-mondiale-eliminee-des-le-premier-tour\/"]}]},{"@type":"ImageObject","inLanguage":"fr-FR","@id":"https:\/\/vof-news.eu\/fr\/tennis-a-wimbledon-coco-gauff-numero-2-mondiale-eliminee-des-le-premier-tour\/#primaryimage","url":"https:\/\/vof-news.eu\/wp-content\/uploads\/2025\/07\/d328803_ftp-import-images-1-cbtaxs2dtggf-5304866-01-06.jpg","contentUrl":"https:\/\/vof-news.eu\/wp-content\/uploads\/2025\/07\/d328803_ftp-import-images-1-cbtaxs2dtggf-5304866-01-06.jpg","width":664,"height":443},{"@type":"BreadcrumbList","@id":"https:\/\/vof-news.eu\/fr\/tennis-a-wimbledon-coco-gauff-numero-2-mondiale-eliminee-des-le-premier-tour\/#breadcrumb","itemListElement":[{"@type":"ListItem","position":1,"name":"Home","item":"https:\/\/vof-news.eu\/fr\/"},{"@type":"ListItem","position":2,"name":"Tennis\u00a0: \u00e0 Wimbledon, Coco Gauff, num\u00e9ro\u00a02 mondiale, \u00e9limin\u00e9e d\u00e8s le premier tour"}]},{"@type":"WebSite","@id":"https:\/\/vof-news.eu\/fr\/#website","url":"https:\/\/vof-news.eu\/fr\/","name":"vof-news.eu","description":"","potentialAction":[{"@type":"SearchAction","target":{"@type":"EntryPoint","urlTemplate":"https:\/\/vof-news.eu\/fr\/?s={search_term_string}"},"query-input":"required name=search_term_string"}],"inLanguage":"fr-FR"},{"@type":"Person","@id":"https:\/\/vof-news.eu\/fr\/#\/schema\/person\/f6a2a4309f0561835797fd8c19b333ed","name":"Author","image":{"@type":"ImageObject","inLanguage":"fr-FR","@id":"https:\/\/vof-news.eu\/fr\/#\/schema\/person\/image\/","url":"https:\/\/secure.gravatar.com\/avatar\/b67e614b1b25b3e9c0c239efdd2fde5ab015b5affd6f1c3c85911ca4b384e790?s=96&d=mm&r=g","contentUrl":"https:\/\/secure.gravatar.com\/avatar\/b67e614b1b25b3e9c0c239efdd2fde5ab015b5affd6f1c3c85911ca4b384e790?s=96&d=mm&r=g","caption":"Author"},"sameAs":["http:\/\/vof-news.eu"],"url":"https:\/\/vof-news.eu\/fr\/author\/zwt6qxnjulxbnyg\/"}]}},"yoast_meta":{"yoast_wpseo_title":"","yoast_wpseo_metadesc":"","yoast_wpseo_canonical":""},"_links":{"self":[{"href":"https:\/\/vof-news.eu\/fr\/wp-json\/wp\/v2\/posts\/245072","targetHints":{"allow":["GET"]}}],"collection":[{"href":"https:\/\/vof-news.eu\/fr\/wp-json\/wp\/v2\/posts"}],"about":[{"href":"https:\/\/vof-news.eu\/fr\/wp-json\/wp\/v2\/types\/post"}],"author":[{"embeddable":true,"href":"https:\/\/vof-news.eu\/fr\/wp-json\/wp\/v2\/users\/1"}],"replies":[{"embeddable":true,"href":"https:\/\/vof-news.eu\/fr\/wp-json\/wp\/v2\/comments?post=245072"}],"version-history":[{"count":1,"href":"https:\/\/vof-news.eu\/fr\/wp-json\/wp\/v2\/posts\/245072\/revisions"}],"predecessor-version":[{"id":245079,"href":"https:\/\/vof-news.eu\/fr\/wp-json\/wp\/v2\/posts\/245072\/revisions\/245079"}],"wp:featuredmedia":[{"embeddable":true,"href":"https:\/\/vof-news.eu\/fr\/wp-json\/wp\/v2\/media\/245073"}],"wp:attachment":[{"href":"https:\/\/vof-news.eu\/fr\/wp-json\/wp\/v2\/media?parent=245072"}],"wp:term":[{"taxonomy":"category","embeddable":true,"href":"https:\/\/vof-news.eu\/fr\/wp-json\/wp\/v2\/categories?post=245072"},{"taxonomy":"post_tag","embeddable":true,"href":"https:\/\/vof-news.eu\/fr\/wp-json\/wp\/v2\/tags?post=245072"}],"curies":[{"name":"wp","href":"https:\/\/api.w.org\/{rel}","templated":true}]}}