{"id":245040,"date":"2025-07-01T23:34:38","date_gmt":"2025-07-01T20:34:38","guid":{"rendered":"https:\/\/vof-news.eu\/les-premiers-grands-departs-en-vacances-perturbes-par-la-greve-des-controleurs-aeriens\/"},"modified":"2025-07-01T23:35:01","modified_gmt":"2025-07-01T20:35:01","slug":"les-premiers-grands-departs-en-vacances-perturbes-par-la-greve-des-controleurs-aeriens","status":"publish","type":"post","link":"https:\/\/vof-news.eu\/fr\/les-premiers-grands-departs-en-vacances-perturbes-par-la-greve-des-controleurs-aeriens\/","title":{"rendered":"Les premiers grands d\u00e9parts en vacances perturb\u00e9s par la gr\u00e8ve des contr\u00f4leurs a\u00e9riens"},"content":{"rendered":"<article>\n<p>Des vols retard\u00e9s, d\u2019autres tout simplement annul\u00e9s, des passagers qui se bousculent dans les a\u00e9roports, c\u2019est le programme qui attend les premiers vacanciers de juillet. Deux syndicats de contr\u00f4leurs a\u00e9riens, UNSA-ICNA et l\u2019USAC-CGT, ont appel\u00e9 leurs adh\u00e9rents \u00e0 faire gr\u00e8ve les jeudi\u00a03\u00a0et vendredi 4\u00a0juillet. Ces arr\u00eats de travail ne sont pas choisis au hasard\u00a0: ces deux dates devraient \u00eatre les journ\u00e9es les plus charg\u00e9es de l\u2019ann\u00e9e dans les a\u00e9roports, indique Groupe ADP, gestionnaire des deux plateformes parisiennes de Roissy-Charles-de-Gaulle et d\u2019Orly. Plus de 230\u00a0000\u00a0passagers par jour \u00e0 Roissy et plus de 120\u00a0000\u00a0\u00e0 Orly sont attendus jeudi et vendredi.<\/p>\n<p>Le Syndicat national des contr\u00f4leurs du trafic a\u00e9rien (SNCTA), majoritaire, ne s\u2019est pas joint au conflit lanc\u00e9 par ces deux organisations minoritaires. Aux derni\u00e8res \u00e9lections, l\u2019UNSA-ICNA et l\u2019USAC-CGT ont recueilli respectivement 17\u00a0% et 16\u00a0% des voix. Il n\u2019emp\u00eache d\u2019importances perturbations sont \u00e0 pr\u00e9voir. Surtout pour les vols \u00e0 destination du sud de l\u2019Europe. En effet, l\u2019UNSA-ICNA est bien implant\u00e9 dans certains centres de contr\u00f4le comme \u00e0 Aix-en-Provence.<\/p>\n<p><strong>Il vous reste 78.74% de cet article \u00e0 lire. La suite est r\u00e9serv\u00e9e aux abonn\u00e9s.<\/strong><\/p>\n<\/article>\n","protected":false},"excerpt":{"rendered":"<p>Des vols retard\u00e9s, d\u2019autres tout simplement annul\u00e9s, des passagers qui se bousculent dans les a\u00e9roports, c\u2019est le programme qui attend les premiers vacanciers de juillet. Deux syndicats de contr\u00f4leurs a\u00e9riens, UNSA-ICNA et l\u2019USAC-CGT, ont appel\u00e9 leurs adh\u00e9rents \u00e0 faire gr\u00e8ve les jeudi\u00a03\u00a0et vendredi 4\u00a0juillet. Ces arr\u00eats de travail ne sont pas choisis au hasard\u00a0: ces<\/p>\n","protected":false},"author":1,"featured_media":245041,"comment_status":"open","ping_status":"open","sticky":false,"template":"","format":"standard","meta":{"footnotes":""},"categories":[58],"tags":[],"class_list":["post-245040","post","type-post","status-publish","format-standard","has-post-thumbnail","hentry","category-business-fr"],"acf":[],"yoast_head":"<!-- This site is optimized with the Yoast SEO plugin v22.9 - https:\/\/yoast.com\/wordpress\/plugins\/seo\/ -->\n<title>Les premiers grands d\u00e9parts en vacances perturb\u00e9s par la gr\u00e8ve des contr\u00f4leurs a\u00e9riens - vof-news.eu<\/title>\n<meta name=\"description\" content=\"Des vols retard\u00e9s, d\u2019autres tout simplement annul\u00e9s, des passagers qui se bousculent dans les a\u00e9roports, c\u2019est le programme qui attend les premiers vacanciers de juillet. Deux syndicats de contr\u00f4leurs a\u00e9riens, UNSA-ICNA et l\u2019USAC-CGT, ont appel\u00e9 leurs adh\u00e9rents \u00e0 faire gr\u00e8ve les jeudi\u00a03\u00a0et vendredi 4\u00a0juillet. Ces arr\u00eats de travail ne sont pas choisis au hasard\u00a0: ces deux dates devraient \u00eatre les journ\u00e9es les plus charg\u00e9es de l\u2019ann\u00e9e dans les a\u00e9roports, indique Groupe ADP, gestionnaire des deux plateformes parisiennes de Roissy-Charles-de-Gaulle et d\u2019Orly. Plus de 230\u00a0000\u00a0passagers par jour \u00e0 Roissy et plus de 120\u00a0000\u00a0\u00e0 Orly sont attendus jeudi et vendredi. Le Syndicat national des contr\u00f4leurs du trafic a\u00e9rien (SNCTA), majoritaire, ne s\u2019est pas joint au conflit lanc\u00e9 par ces deux organisations minoritaires. Aux derni\u00e8res \u00e9lections, l\u2019UNSA-ICNA et l\u2019USAC-CGT ont recueilli respectivement 17\u00a0% et 16\u00a0% des voix. Il n\u2019emp\u00eache d\u2019importances perturbations sont \u00e0 pr\u00e9voir. Surtout pour les vols \u00e0 destination du sud de l\u2019Europe. En effet, l\u2019UNSA-ICNA est bien implant\u00e9 dans certains centres de contr\u00f4le comme \u00e0 Aix-en-Provence. Il vous reste 78.74% de cet article \u00e0 lire. La suite est r\u00e9serv\u00e9e aux abonn\u00e9s.\" \/>\n<meta name=\"robots\" content=\"noindex, follow, max-snippet:-1, max-image-preview:large, max-video-preview:-1\" \/>\n<meta property=\"og:locale\" content=\"fr_FR\" \/>\n<meta property=\"og:type\" content=\"article\" \/>\n<meta property=\"og:title\" content=\"Les premiers grands d\u00e9parts en vacances perturb\u00e9s par la gr\u00e8ve des contr\u00f4leurs a\u00e9riens - vof-news.eu\" \/>\n<meta property=\"og:description\" content=\"Des vols retard\u00e9s, d\u2019autres tout simplement annul\u00e9s, des passagers qui se bousculent dans les a\u00e9roports, c\u2019est le programme qui attend les premiers vacanciers de juillet. Deux syndicats de contr\u00f4leurs a\u00e9riens, UNSA-ICNA et l\u2019USAC-CGT, ont appel\u00e9 leurs adh\u00e9rents \u00e0 faire gr\u00e8ve les jeudi\u00a03\u00a0et vendredi 4\u00a0juillet. Ces arr\u00eats de travail ne sont pas choisis au hasard\u00a0: ces deux dates devraient \u00eatre les journ\u00e9es les plus charg\u00e9es de l\u2019ann\u00e9e dans les a\u00e9roports, indique Groupe ADP, gestionnaire des deux plateformes parisiennes de Roissy-Charles-de-Gaulle et d\u2019Orly. Plus de 230\u00a0000\u00a0passagers par jour \u00e0 Roissy et plus de 120\u00a0000\u00a0\u00e0 Orly sont attendus jeudi et vendredi. Le Syndicat national des contr\u00f4leurs du trafic a\u00e9rien (SNCTA), majoritaire, ne s\u2019est pas joint au conflit lanc\u00e9 par ces deux organisations minoritaires. Aux derni\u00e8res \u00e9lections, l\u2019UNSA-ICNA et l\u2019USAC-CGT ont recueilli respectivement 17\u00a0% et 16\u00a0% des voix. Il n\u2019emp\u00eache d\u2019importances perturbations sont \u00e0 pr\u00e9voir. Surtout pour les vols \u00e0 destination du sud de l\u2019Europe. En effet, l\u2019UNSA-ICNA est bien implant\u00e9 dans certains centres de contr\u00f4le comme \u00e0 Aix-en-Provence. Il vous reste 78.74% de cet article \u00e0 lire. La suite est r\u00e9serv\u00e9e aux abonn\u00e9s.\" \/>\n<meta property=\"og:url\" content=\"https:\/\/vof-news.eu\/fr\/les-premiers-grands-departs-en-vacances-perturbes-par-la-greve-des-controleurs-aeriens\/\" \/>\n<meta property=\"og:site_name\" content=\"vof-news.eu\" \/>\n<meta property=\"article:published_time\" content=\"2025-07-01T20:34:38+00:00\" \/>\n<meta property=\"article:modified_time\" content=\"2025-07-01T20:35:01+00:00\" \/>\n<meta property=\"og:image\" content=\"https:\/\/vof-news.eu\/wp-content\/uploads\/2025\/07\/b1e4201_upload-1-8quruwfb21ko-000-44n89we.jpg\" \/>\n\t<meta property=\"og:image:width\" content=\"664\" \/>\n\t<meta property=\"og:image:height\" content=\"443\" \/>\n\t<meta property=\"og:image:type\" content=\"image\/jpeg\" \/>\n<meta name=\"author\" content=\"Author\" \/>\n<meta name=\"twitter:card\" content=\"summary_large_image\" \/>\n<meta name=\"twitter:label1\" content=\"\u00c9crit par\" \/>\n\t<meta name=\"twitter:data1\" content=\"Author\" \/>\n\t<meta name=\"twitter:label2\" content=\"Dur\u00e9e de lecture estim\u00e9e\" \/>\n\t<meta name=\"twitter:data2\" content=\"1 minute\" \/>\n<script type=\"application\/ld+json\" class=\"yoast-schema-graph\">{\"@context\":\"https:\/\/schema.org\",\"@graph\":[{\"@type\":\"WebPage\",\"@id\":\"https:\/\/vof-news.eu\/fr\/les-premiers-grands-departs-en-vacances-perturbes-par-la-greve-des-controleurs-aeriens\/\",\"url\":\"https:\/\/vof-news.eu\/fr\/les-premiers-grands-departs-en-vacances-perturbes-par-la-greve-des-controleurs-aeriens\/\",\"name\":\"Les premiers grands d\u00e9parts en vacances perturb\u00e9s par la gr\u00e8ve des contr\u00f4leurs a\u00e9riens - vof-news.eu\",\"isPartOf\":{\"@id\":\"https:\/\/vof-news.eu\/fr\/#website\"},\"primaryImageOfPage\":{\"@id\":\"https:\/\/vof-news.eu\/fr\/les-premiers-grands-departs-en-vacances-perturbes-par-la-greve-des-controleurs-aeriens\/#primaryimage\"},\"image\":{\"@id\":\"https:\/\/vof-news.eu\/fr\/les-premiers-grands-departs-en-vacances-perturbes-par-la-greve-des-controleurs-aeriens\/#primaryimage\"},\"thumbnailUrl\":\"https:\/\/vof-news.eu\/wp-content\/uploads\/2025\/07\/b1e4201_upload-1-8quruwfb21ko-000-44n89we.jpg\",\"datePublished\":\"2025-07-01T20:34:38+00:00\",\"dateModified\":\"2025-07-01T20:35:01+00:00\",\"author\":{\"@id\":\"https:\/\/vof-news.eu\/fr\/#\/schema\/person\/f6a2a4309f0561835797fd8c19b333ed\"},\"description\":\"Des vols retard\u00e9s, d\u2019autres tout simplement annul\u00e9s, des passagers qui se bousculent dans les a\u00e9roports, c\u2019est le programme qui attend les premiers vacanciers de juillet. Deux syndicats de contr\u00f4leurs a\u00e9riens, UNSA-ICNA et l\u2019USAC-CGT, ont appel\u00e9 leurs adh\u00e9rents \u00e0 faire gr\u00e8ve les jeudi\u00a03\u00a0et vendredi 4\u00a0juillet. Ces arr\u00eats de travail ne sont pas choisis au hasard\u00a0: ces deux dates devraient \u00eatre les journ\u00e9es les plus charg\u00e9es de l\u2019ann\u00e9e dans les a\u00e9roports, indique Groupe ADP, gestionnaire des deux plateformes parisiennes de Roissy-Charles-de-Gaulle et d\u2019Orly. Plus de 230\u00a0000\u00a0passagers par jour \u00e0 Roissy et plus de 120\u00a0000\u00a0\u00e0 Orly sont attendus jeudi et vendredi. Le Syndicat national des contr\u00f4leurs du trafic a\u00e9rien (SNCTA), majoritaire, ne s\u2019est pas joint au conflit lanc\u00e9 par ces deux organisations minoritaires. Aux derni\u00e8res \u00e9lections, l\u2019UNSA-ICNA et l\u2019USAC-CGT ont recueilli respectivement 17\u00a0% et 16\u00a0% des voix. Il n\u2019emp\u00eache d\u2019importances perturbations sont \u00e0 pr\u00e9voir. Surtout pour les vols \u00e0 destination du sud de l\u2019Europe. En effet, l\u2019UNSA-ICNA est bien implant\u00e9 dans certains centres de contr\u00f4le comme \u00e0 Aix-en-Provence. Il vous reste 78.74% de cet article \u00e0 lire. La suite est r\u00e9serv\u00e9e aux abonn\u00e9s.\",\"breadcrumb\":{\"@id\":\"https:\/\/vof-news.eu\/fr\/les-premiers-grands-departs-en-vacances-perturbes-par-la-greve-des-controleurs-aeriens\/#breadcrumb\"},\"inLanguage\":\"fr-FR\",\"potentialAction\":[{\"@type\":\"ReadAction\",\"target\":[\"https:\/\/vof-news.eu\/fr\/les-premiers-grands-departs-en-vacances-perturbes-par-la-greve-des-controleurs-aeriens\/\"]}]},{\"@type\":\"ImageObject\",\"inLanguage\":\"fr-FR\",\"@id\":\"https:\/\/vof-news.eu\/fr\/les-premiers-grands-departs-en-vacances-perturbes-par-la-greve-des-controleurs-aeriens\/#primaryimage\",\"url\":\"https:\/\/vof-news.eu\/wp-content\/uploads\/2025\/07\/b1e4201_upload-1-8quruwfb21ko-000-44n89we.jpg\",\"contentUrl\":\"https:\/\/vof-news.eu\/wp-content\/uploads\/2025\/07\/b1e4201_upload-1-8quruwfb21ko-000-44n89we.jpg\",\"width\":664,\"height\":443},{\"@type\":\"BreadcrumbList\",\"@id\":\"https:\/\/vof-news.eu\/fr\/les-premiers-grands-departs-en-vacances-perturbes-par-la-greve-des-controleurs-aeriens\/#breadcrumb\",\"itemListElement\":[{\"@type\":\"ListItem\",\"position\":1,\"name\":\"Home\",\"item\":\"https:\/\/vof-news.eu\/fr\/\"},{\"@type\":\"ListItem\",\"position\":2,\"name\":\"Les premiers grands d\u00e9parts en vacances perturb\u00e9s par la gr\u00e8ve des contr\u00f4leurs a\u00e9riens\"}]},{\"@type\":\"WebSite\",\"@id\":\"https:\/\/vof-news.eu\/fr\/#website\",\"url\":\"https:\/\/vof-news.eu\/fr\/\",\"name\":\"vof-news.eu\",\"description\":\"\",\"potentialAction\":[{\"@type\":\"SearchAction\",\"target\":{\"@type\":\"EntryPoint\",\"urlTemplate\":\"https:\/\/vof-news.eu\/fr\/?s={search_term_string}\"},\"query-input\":\"required name=search_term_string\"}],\"inLanguage\":\"fr-FR\"},{\"@type\":\"Person\",\"@id\":\"https:\/\/vof-news.eu\/fr\/#\/schema\/person\/f6a2a4309f0561835797fd8c19b333ed\",\"name\":\"Author\",\"image\":{\"@type\":\"ImageObject\",\"inLanguage\":\"fr-FR\",\"@id\":\"https:\/\/vof-news.eu\/fr\/#\/schema\/person\/image\/\",\"url\":\"https:\/\/secure.gravatar.com\/avatar\/b67e614b1b25b3e9c0c239efdd2fde5ab015b5affd6f1c3c85911ca4b384e790?s=96&d=mm&r=g\",\"contentUrl\":\"https:\/\/secure.gravatar.com\/avatar\/b67e614b1b25b3e9c0c239efdd2fde5ab015b5affd6f1c3c85911ca4b384e790?s=96&d=mm&r=g\",\"caption\":\"Author\"},\"sameAs\":[\"http:\/\/vof-news.eu\"],\"url\":\"https:\/\/vof-news.eu\/fr\/author\/zwt6qxnjulxbnyg\/\"}]}<\/script>\n<!-- \/ Yoast SEO plugin. -->","yoast_head_json":{"title":"Les premiers grands d\u00e9parts en vacances perturb\u00e9s par la gr\u00e8ve des contr\u00f4leurs a\u00e9riens - vof-news.eu","description":"Des vols retard\u00e9s, d\u2019autres tout simplement annul\u00e9s, des passagers qui se bousculent dans les a\u00e9roports, c\u2019est le programme qui attend les premiers vacanciers de juillet. Deux syndicats de contr\u00f4leurs a\u00e9riens, UNSA-ICNA et l\u2019USAC-CGT, ont appel\u00e9 leurs adh\u00e9rents \u00e0 faire gr\u00e8ve les jeudi\u00a03\u00a0et vendredi 4\u00a0juillet. Ces arr\u00eats de travail ne sont pas choisis au hasard\u00a0: ces deux dates devraient \u00eatre les journ\u00e9es les plus charg\u00e9es de l\u2019ann\u00e9e dans les a\u00e9roports, indique Groupe ADP, gestionnaire des deux plateformes parisiennes de Roissy-Charles-de-Gaulle et d\u2019Orly. Plus de 230\u00a0000\u00a0passagers par jour \u00e0 Roissy et plus de 120\u00a0000\u00a0\u00e0 Orly sont attendus jeudi et vendredi. Le Syndicat national des contr\u00f4leurs du trafic a\u00e9rien (SNCTA), majoritaire, ne s\u2019est pas joint au conflit lanc\u00e9 par ces deux organisations minoritaires. Aux derni\u00e8res \u00e9lections, l\u2019UNSA-ICNA et l\u2019USAC-CGT ont recueilli respectivement 17\u00a0% et 16\u00a0% des voix. Il n\u2019emp\u00eache d\u2019importances perturbations sont \u00e0 pr\u00e9voir. Surtout pour les vols \u00e0 destination du sud de l\u2019Europe. En effet, l\u2019UNSA-ICNA est bien implant\u00e9 dans certains centres de contr\u00f4le comme \u00e0 Aix-en-Provence. Il vous reste 78.74% de cet article \u00e0 lire. La suite est r\u00e9serv\u00e9e aux abonn\u00e9s.","robots":{"index":"noindex","follow":"follow","max-snippet":"max-snippet:-1","max-image-preview":"max-image-preview:large","max-video-preview":"max-video-preview:-1"},"og_locale":"fr_FR","og_type":"article","og_title":"Les premiers grands d\u00e9parts en vacances perturb\u00e9s par la gr\u00e8ve des contr\u00f4leurs a\u00e9riens - vof-news.eu","og_description":"Des vols retard\u00e9s, d\u2019autres tout simplement annul\u00e9s, des passagers qui se bousculent dans les a\u00e9roports, c\u2019est le programme qui attend les premiers vacanciers de juillet. Deux syndicats de contr\u00f4leurs a\u00e9riens, UNSA-ICNA et l\u2019USAC-CGT, ont appel\u00e9 leurs adh\u00e9rents \u00e0 faire gr\u00e8ve les jeudi\u00a03\u00a0et vendredi 4\u00a0juillet. Ces arr\u00eats de travail ne sont pas choisis au hasard\u00a0: ces deux dates devraient \u00eatre les journ\u00e9es les plus charg\u00e9es de l\u2019ann\u00e9e dans les a\u00e9roports, indique Groupe ADP, gestionnaire des deux plateformes parisiennes de Roissy-Charles-de-Gaulle et d\u2019Orly. Plus de 230\u00a0000\u00a0passagers par jour \u00e0 Roissy et plus de 120\u00a0000\u00a0\u00e0 Orly sont attendus jeudi et vendredi. Le Syndicat national des contr\u00f4leurs du trafic a\u00e9rien (SNCTA), majoritaire, ne s\u2019est pas joint au conflit lanc\u00e9 par ces deux organisations minoritaires. Aux derni\u00e8res \u00e9lections, l\u2019UNSA-ICNA et l\u2019USAC-CGT ont recueilli respectivement 17\u00a0% et 16\u00a0% des voix. Il n\u2019emp\u00eache d\u2019importances perturbations sont \u00e0 pr\u00e9voir. Surtout pour les vols \u00e0 destination du sud de l\u2019Europe. En effet, l\u2019UNSA-ICNA est bien implant\u00e9 dans certains centres de contr\u00f4le comme \u00e0 Aix-en-Provence. Il vous reste 78.74% de cet article \u00e0 lire. La suite est r\u00e9serv\u00e9e aux abonn\u00e9s.","og_url":"https:\/\/vof-news.eu\/fr\/les-premiers-grands-departs-en-vacances-perturbes-par-la-greve-des-controleurs-aeriens\/","og_site_name":"vof-news.eu","article_published_time":"2025-07-01T20:34:38+00:00","article_modified_time":"2025-07-01T20:35:01+00:00","og_image":[{"width":664,"height":443,"url":"https:\/\/vof-news.eu\/wp-content\/uploads\/2025\/07\/b1e4201_upload-1-8quruwfb21ko-000-44n89we.jpg","type":"image\/jpeg"}],"author":"Author","twitter_card":"summary_large_image","twitter_misc":{"\u00c9crit par":"Author","Dur\u00e9e de lecture estim\u00e9e":"1 minute"},"schema":{"@context":"https:\/\/schema.org","@graph":[{"@type":"WebPage","@id":"https:\/\/vof-news.eu\/fr\/les-premiers-grands-departs-en-vacances-perturbes-par-la-greve-des-controleurs-aeriens\/","url":"https:\/\/vof-news.eu\/fr\/les-premiers-grands-departs-en-vacances-perturbes-par-la-greve-des-controleurs-aeriens\/","name":"Les premiers grands d\u00e9parts en vacances perturb\u00e9s par la gr\u00e8ve des contr\u00f4leurs a\u00e9riens - vof-news.eu","isPartOf":{"@id":"https:\/\/vof-news.eu\/fr\/#website"},"primaryImageOfPage":{"@id":"https:\/\/vof-news.eu\/fr\/les-premiers-grands-departs-en-vacances-perturbes-par-la-greve-des-controleurs-aeriens\/#primaryimage"},"image":{"@id":"https:\/\/vof-news.eu\/fr\/les-premiers-grands-departs-en-vacances-perturbes-par-la-greve-des-controleurs-aeriens\/#primaryimage"},"thumbnailUrl":"https:\/\/vof-news.eu\/wp-content\/uploads\/2025\/07\/b1e4201_upload-1-8quruwfb21ko-000-44n89we.jpg","datePublished":"2025-07-01T20:34:38+00:00","dateModified":"2025-07-01T20:35:01+00:00","author":{"@id":"https:\/\/vof-news.eu\/fr\/#\/schema\/person\/f6a2a4309f0561835797fd8c19b333ed"},"description":"Des vols retard\u00e9s, d\u2019autres tout simplement annul\u00e9s, des passagers qui se bousculent dans les a\u00e9roports, c\u2019est le programme qui attend les premiers vacanciers de juillet. Deux syndicats de contr\u00f4leurs a\u00e9riens, UNSA-ICNA et l\u2019USAC-CGT, ont appel\u00e9 leurs adh\u00e9rents \u00e0 faire gr\u00e8ve les jeudi\u00a03\u00a0et vendredi 4\u00a0juillet. Ces arr\u00eats de travail ne sont pas choisis au hasard\u00a0: ces deux dates devraient \u00eatre les journ\u00e9es les plus charg\u00e9es de l\u2019ann\u00e9e dans les a\u00e9roports, indique Groupe ADP, gestionnaire des deux plateformes parisiennes de Roissy-Charles-de-Gaulle et d\u2019Orly. Plus de 230\u00a0000\u00a0passagers par jour \u00e0 Roissy et plus de 120\u00a0000\u00a0\u00e0 Orly sont attendus jeudi et vendredi. Le Syndicat national des contr\u00f4leurs du trafic a\u00e9rien (SNCTA), majoritaire, ne s\u2019est pas joint au conflit lanc\u00e9 par ces deux organisations minoritaires. Aux derni\u00e8res \u00e9lections, l\u2019UNSA-ICNA et l\u2019USAC-CGT ont recueilli respectivement 17\u00a0% et 16\u00a0% des voix. Il n\u2019emp\u00eache d\u2019importances perturbations sont \u00e0 pr\u00e9voir. Surtout pour les vols \u00e0 destination du sud de l\u2019Europe. En effet, l\u2019UNSA-ICNA est bien implant\u00e9 dans certains centres de contr\u00f4le comme \u00e0 Aix-en-Provence. Il vous reste 78.74% de cet article \u00e0 lire. La suite est r\u00e9serv\u00e9e aux abonn\u00e9s.","breadcrumb":{"@id":"https:\/\/vof-news.eu\/fr\/les-premiers-grands-departs-en-vacances-perturbes-par-la-greve-des-controleurs-aeriens\/#breadcrumb"},"inLanguage":"fr-FR","potentialAction":[{"@type":"ReadAction","target":["https:\/\/vof-news.eu\/fr\/les-premiers-grands-departs-en-vacances-perturbes-par-la-greve-des-controleurs-aeriens\/"]}]},{"@type":"ImageObject","inLanguage":"fr-FR","@id":"https:\/\/vof-news.eu\/fr\/les-premiers-grands-departs-en-vacances-perturbes-par-la-greve-des-controleurs-aeriens\/#primaryimage","url":"https:\/\/vof-news.eu\/wp-content\/uploads\/2025\/07\/b1e4201_upload-1-8quruwfb21ko-000-44n89we.jpg","contentUrl":"https:\/\/vof-news.eu\/wp-content\/uploads\/2025\/07\/b1e4201_upload-1-8quruwfb21ko-000-44n89we.jpg","width":664,"height":443},{"@type":"BreadcrumbList","@id":"https:\/\/vof-news.eu\/fr\/les-premiers-grands-departs-en-vacances-perturbes-par-la-greve-des-controleurs-aeriens\/#breadcrumb","itemListElement":[{"@type":"ListItem","position":1,"name":"Home","item":"https:\/\/vof-news.eu\/fr\/"},{"@type":"ListItem","position":2,"name":"Les premiers grands d\u00e9parts en vacances perturb\u00e9s par la gr\u00e8ve des contr\u00f4leurs a\u00e9riens"}]},{"@type":"WebSite","@id":"https:\/\/vof-news.eu\/fr\/#website","url":"https:\/\/vof-news.eu\/fr\/","name":"vof-news.eu","description":"","potentialAction":[{"@type":"SearchAction","target":{"@type":"EntryPoint","urlTemplate":"https:\/\/vof-news.eu\/fr\/?s={search_term_string}"},"query-input":"required name=search_term_string"}],"inLanguage":"fr-FR"},{"@type":"Person","@id":"https:\/\/vof-news.eu\/fr\/#\/schema\/person\/f6a2a4309f0561835797fd8c19b333ed","name":"Author","image":{"@type":"ImageObject","inLanguage":"fr-FR","@id":"https:\/\/vof-news.eu\/fr\/#\/schema\/person\/image\/","url":"https:\/\/secure.gravatar.com\/avatar\/b67e614b1b25b3e9c0c239efdd2fde5ab015b5affd6f1c3c85911ca4b384e790?s=96&d=mm&r=g","contentUrl":"https:\/\/secure.gravatar.com\/avatar\/b67e614b1b25b3e9c0c239efdd2fde5ab015b5affd6f1c3c85911ca4b384e790?s=96&d=mm&r=g","caption":"Author"},"sameAs":["http:\/\/vof-news.eu"],"url":"https:\/\/vof-news.eu\/fr\/author\/zwt6qxnjulxbnyg\/"}]}},"yoast_meta":{"yoast_wpseo_title":"","yoast_wpseo_metadesc":"","yoast_wpseo_canonical":""},"_links":{"self":[{"href":"https:\/\/vof-news.eu\/fr\/wp-json\/wp\/v2\/posts\/245040","targetHints":{"allow":["GET"]}}],"collection":[{"href":"https:\/\/vof-news.eu\/fr\/wp-json\/wp\/v2\/posts"}],"about":[{"href":"https:\/\/vof-news.eu\/fr\/wp-json\/wp\/v2\/types\/post"}],"author":[{"embeddable":true,"href":"https:\/\/vof-news.eu\/fr\/wp-json\/wp\/v2\/users\/1"}],"replies":[{"embeddable":true,"href":"https:\/\/vof-news.eu\/fr\/wp-json\/wp\/v2\/comments?post=245040"}],"version-history":[{"count":1,"href":"https:\/\/vof-news.eu\/fr\/wp-json\/wp\/v2\/posts\/245040\/revisions"}],"predecessor-version":[{"id":245047,"href":"https:\/\/vof-news.eu\/fr\/wp-json\/wp\/v2\/posts\/245040\/revisions\/245047"}],"wp:featuredmedia":[{"embeddable":true,"href":"https:\/\/vof-news.eu\/fr\/wp-json\/wp\/v2\/media\/245041"}],"wp:attachment":[{"href":"https:\/\/vof-news.eu\/fr\/wp-json\/wp\/v2\/media?parent=245040"}],"wp:term":[{"taxonomy":"category","embeddable":true,"href":"https:\/\/vof-news.eu\/fr\/wp-json\/wp\/v2\/categories?post=245040"},{"taxonomy":"post_tag","embeddable":true,"href":"https:\/\/vof-news.eu\/fr\/wp-json\/wp\/v2\/tags?post=245040"}],"curies":[{"name":"wp","href":"https:\/\/api.w.org\/{rel}","templated":true}]}}