{"id":245024,"date":"2025-07-01T23:32:28","date_gmt":"2025-07-01T20:32:28","guid":{"rendered":"https:\/\/vof-news.eu\/les-deputes-rejettent-la-motion-de-censure-socialiste-visant-francois-bayrou\/"},"modified":"2025-07-01T23:32:55","modified_gmt":"2025-07-01T20:32:55","slug":"les-deputes-rejettent-la-motion-de-censure-socialiste-visant-francois-bayrou","status":"publish","type":"post","link":"https:\/\/vof-news.eu\/fr\/les-deputes-rejettent-la-motion-de-censure-socialiste-visant-francois-bayrou\/","title":{"rendered":"Les d\u00e9put\u00e9s rejettent la motion de censure socialiste visant Fran\u00e7ois Bayrou"},"content":{"rendered":"<article>\n<p>L\u2019Assembl\u00e9e nationale a repouss\u00e9, mardi 1<sup>er<\/sup>\u00a0juillet, une motion de censure du gouvernement de Fran\u00e7ois Bayrou, d\u00e9fendue par les socialistes, qui reprochent au premier ministre de ne pas s\u2019engager \u00e0 d\u00e9poser au Parlement un texte permettant de d\u00e9battre de l\u2019\u00e2ge l\u00e9gal de d\u00e9part \u00e0 la retraite, fix\u00e9 \u00e0 64\u00a0ans depuis la r\u00e9forme entreprise par Elisabeth Borne.<\/p>\n<p>Sans surprise, la tentative de renversement \u2212 la huiti\u00e8me visant le gouvernement de Fran\u00e7ois Bayrou \u2212, soutenue par l\u2019ensemble de la gauche, n\u2019a recueilli que 189 voix sur les 289 n\u00e9cessaires, le Rassemblement national ayant annonc\u00e9 qu\u2019il ne la voterait pas, et renvoyant une \u00e9ventuelle censure aux d\u00e9bats budg\u00e9taires qui auront lieu \u00e0 l\u2019automne.<\/p>\n<p>Les socialistes \u2212 qui se sont <a href=\"https:\/\/www.lemonde.fr\/politique\/article\/2025\/01\/17\/comment-francois-bayrou-est-parvenu-a-decrocher-les-socialistes-du-nouveau-front-populaire_6502445_823448.html\" rel=\"nofollow\">accord\u00e9s avec le gouvernement en janvier sur une non-censure sur le budget de l\u2019Etat et de la S\u00e9curit\u00e9 sociale<\/a> \u2212 reprochent \u00e0 Fran\u00e7ois Bayrou d\u2019avoir promis, dans son courrier initial, une discussion entre partenaires sociaux , et d\u2019avoir promis le , avant de fermer la porte au rabaissement de l\u2019\u00e2ge l\u00e9gal de d\u00e9part \u00e0 la retraite et \u00e0 l\u2019id\u00e9e de d\u00e9poser un texte comportant la mesure d\u2019\u00e2ge au Parlement.<\/p>\n<section>   <\/section>\n<p>, a lanc\u00e9 de la tribune la socialiste Estelle Mercier, en d\u00e9fense de la motion de censure. , a ajout\u00e9 la d\u00e9put\u00e9e, associant ce fin connaisseur d\u2019Henri IV \u00e0 la figure d\u2019un , qui a  [ses].<\/p>\n<p>En r\u00e9ponse, Fran\u00e7ois Bayrou a ironis\u00e9 sur la motion de censure, pr\u00e9texte, selon lui, pour que le Parti socialiste rappelle qu\u2019il est , et a invoqu\u00e9  de , [de censure].<\/p>\n<p>Sur les retraites, le premier ministre a promis qu\u2019il y aurait  reprenant les  du \u00ab\u00a0conclave\u00a0\u00bb, sans pr\u00e9ciser si ce texte serait distinct du projet de budget de la S\u00e9curit\u00e9 sociale, dans lequel il a d\u00e9j\u00e0 pr\u00e9vu d\u2019int\u00e9grer certains points de consensus entre les syndicats et le patronat.<\/p>\n<section>   <\/section>\n<section>\n<p> <span>Le Monde avec AFP<\/span> <\/p>\n<\/section>\n<section>\n<section>\n<header>   <\/header>\n<section>\n<section> <a href=\"https:\/\/abo.lemonde.fr\/?lmd_medium=BOUTONS_LMFR&amp;lmd_campaign=CONTRIBUTION_ARTICLE\" rel=\"nofollow\">S\u2019abonner<\/a> <\/section>\n<\/section>\n<section><\/section>\n<\/section>\n<p>Contribuer<\/p>\n<p> <a href=\"https:\/\/www.lemonde.fr\/syndication\/\" rel=\"nofollow\">R\u00e9utiliser ce contenu<\/a> <\/section>\n<\/article>\n","protected":false},"excerpt":{"rendered":"<p>L\u2019Assembl\u00e9e nationale a repouss\u00e9, mardi 1er\u00a0juillet, une motion de censure du gouvernement de Fran\u00e7ois Bayrou, d\u00e9fendue par les socialistes, qui reprochent au premier ministre de ne pas s\u2019engager \u00e0 d\u00e9poser au Parlement un texte permettant de d\u00e9battre de l\u2019\u00e2ge l\u00e9gal de d\u00e9part \u00e0 la retraite, fix\u00e9 \u00e0 64\u00a0ans depuis la r\u00e9forme entreprise par Elisabeth Borne.<\/p>\n","protected":false},"author":1,"featured_media":245025,"comment_status":"open","ping_status":"open","sticky":false,"template":"","format":"standard","meta":{"footnotes":""},"categories":[68],"tags":[],"class_list":["post-245024","post","type-post","status-publish","format-standard","has-post-thumbnail","hentry","category-politics-fr"],"acf":[],"yoast_head":"<!-- This site is optimized with the Yoast SEO plugin v22.9 - https:\/\/yoast.com\/wordpress\/plugins\/seo\/ -->\n<title>Les d\u00e9put\u00e9s rejettent la motion de censure socialiste visant Fran\u00e7ois Bayrou - vof-news.eu<\/title>\n<meta name=\"description\" content=\"L\u2019Assembl\u00e9e nationale a repouss\u00e9, mardi 1er\u00a0juillet, une motion de censure du gouvernement de Fran\u00e7ois Bayrou, d\u00e9fendue par les socialistes, qui reprochent au premier ministre de ne pas s\u2019engager \u00e0 d\u00e9poser au Parlement un texte permettant de d\u00e9battre de l\u2019\u00e2ge l\u00e9gal de d\u00e9part \u00e0 la retraite, fix\u00e9 \u00e0 64\u00a0ans depuis la r\u00e9forme entreprise par Elisabeth Borne. Sans surprise, la tentative de renversement \u2212 la huiti\u00e8me visant le gouvernement de Fran\u00e7ois Bayrou \u2212, soutenue par l\u2019ensemble de la gauche, n\u2019a recueilli que 189 voix sur les 289 n\u00e9cessaires, le Rassemblement national ayant annonc\u00e9 qu\u2019il ne la voterait pas, et renvoyant une \u00e9ventuelle censure aux d\u00e9bats budg\u00e9taires qui auront lieu \u00e0 l\u2019automne. Les socialistes \u2212 qui se sont accord\u00e9s avec le gouvernement en janvier sur une non-censure sur le budget de l\u2019Etat et de la S\u00e9curit\u00e9 sociale \u2212 reprochent \u00e0 Fran\u00e7ois Bayrou d\u2019avoir promis, dans son courrier initial, une discussion entre partenaires sociaux , et d\u2019avoir promis le , avant de fermer la porte au rabaissement de l\u2019\u00e2ge l\u00e9gal de d\u00e9part \u00e0 la retraite et \u00e0 l\u2019id\u00e9e de d\u00e9poser un texte comportant la mesure d\u2019\u00e2ge au Parlement.   , a lanc\u00e9 de la tribune la socialiste Estelle Mercier, en d\u00e9fense de la motion de censure. , a ajout\u00e9 la d\u00e9put\u00e9e, associant ce fin connaisseur d\u2019Henri IV \u00e0 la figure d\u2019un , qui a [ses]. En r\u00e9ponse, Fran\u00e7ois Bayrou a ironis\u00e9 sur la motion de censure, pr\u00e9texte, selon lui, pour que le Parti socialiste rappelle qu\u2019il est , et a invoqu\u00e9 de , [de censure]. Sur les retraites, le premier ministre a promis qu\u2019il y aurait reprenant les du \u00ab\u00a0conclave\u00a0\u00bb, sans pr\u00e9ciser si ce texte serait distinct du projet de budget de la S\u00e9curit\u00e9 sociale, dans lequel il a d\u00e9j\u00e0 pr\u00e9vu d\u2019int\u00e9grer certains points de consensus entre les syndicats et le patronat.    Le Monde avec AFP      S\u2019abonner   Contribuer R\u00e9utiliser ce contenu\" \/>\n<meta name=\"robots\" content=\"noindex, follow, max-snippet:-1, max-image-preview:large, max-video-preview:-1\" \/>\n<meta property=\"og:locale\" content=\"fr_FR\" \/>\n<meta property=\"og:type\" content=\"article\" \/>\n<meta property=\"og:title\" content=\"Les d\u00e9put\u00e9s rejettent la motion de censure socialiste visant Fran\u00e7ois Bayrou - vof-news.eu\" \/>\n<meta property=\"og:description\" content=\"L\u2019Assembl\u00e9e nationale a repouss\u00e9, mardi 1er\u00a0juillet, une motion de censure du gouvernement de Fran\u00e7ois Bayrou, d\u00e9fendue par les socialistes, qui reprochent au premier ministre de ne pas s\u2019engager \u00e0 d\u00e9poser au Parlement un texte permettant de d\u00e9battre de l\u2019\u00e2ge l\u00e9gal de d\u00e9part \u00e0 la retraite, fix\u00e9 \u00e0 64\u00a0ans depuis la r\u00e9forme entreprise par Elisabeth Borne. Sans surprise, la tentative de renversement \u2212 la huiti\u00e8me visant le gouvernement de Fran\u00e7ois Bayrou \u2212, soutenue par l\u2019ensemble de la gauche, n\u2019a recueilli que 189 voix sur les 289 n\u00e9cessaires, le Rassemblement national ayant annonc\u00e9 qu\u2019il ne la voterait pas, et renvoyant une \u00e9ventuelle censure aux d\u00e9bats budg\u00e9taires qui auront lieu \u00e0 l\u2019automne. Les socialistes \u2212 qui se sont accord\u00e9s avec le gouvernement en janvier sur une non-censure sur le budget de l\u2019Etat et de la S\u00e9curit\u00e9 sociale \u2212 reprochent \u00e0 Fran\u00e7ois Bayrou d\u2019avoir promis, dans son courrier initial, une discussion entre partenaires sociaux , et d\u2019avoir promis le , avant de fermer la porte au rabaissement de l\u2019\u00e2ge l\u00e9gal de d\u00e9part \u00e0 la retraite et \u00e0 l\u2019id\u00e9e de d\u00e9poser un texte comportant la mesure d\u2019\u00e2ge au Parlement.   , a lanc\u00e9 de la tribune la socialiste Estelle Mercier, en d\u00e9fense de la motion de censure. , a ajout\u00e9 la d\u00e9put\u00e9e, associant ce fin connaisseur d\u2019Henri IV \u00e0 la figure d\u2019un , qui a [ses]. En r\u00e9ponse, Fran\u00e7ois Bayrou a ironis\u00e9 sur la motion de censure, pr\u00e9texte, selon lui, pour que le Parti socialiste rappelle qu\u2019il est , et a invoqu\u00e9 de , [de censure]. Sur les retraites, le premier ministre a promis qu\u2019il y aurait reprenant les du \u00ab\u00a0conclave\u00a0\u00bb, sans pr\u00e9ciser si ce texte serait distinct du projet de budget de la S\u00e9curit\u00e9 sociale, dans lequel il a d\u00e9j\u00e0 pr\u00e9vu d\u2019int\u00e9grer certains points de consensus entre les syndicats et le patronat.    Le Monde avec AFP      S\u2019abonner   Contribuer R\u00e9utiliser ce contenu\" \/>\n<meta property=\"og:url\" content=\"https:\/\/vof-news.eu\/fr\/les-deputes-rejettent-la-motion-de-censure-socialiste-visant-francois-bayrou\/\" \/>\n<meta property=\"og:site_name\" content=\"vof-news.eu\" \/>\n<meta property=\"article:published_time\" content=\"2025-07-01T20:32:28+00:00\" \/>\n<meta property=\"article:modified_time\" content=\"2025-07-01T20:32:55+00:00\" \/>\n<meta property=\"og:image\" content=\"https:\/\/vof-news.eu\/wp-content\/uploads\/2025\/07\/6753bd7_sirius-fs-upload-1-yvyaf1idv4op-1748333601656-jmug250514036.jpg\" \/>\n\t<meta property=\"og:image:width\" content=\"664\" \/>\n\t<meta property=\"og:image:height\" content=\"443\" \/>\n\t<meta property=\"og:image:type\" content=\"image\/jpeg\" \/>\n<meta name=\"author\" content=\"Author\" \/>\n<meta name=\"twitter:card\" content=\"summary_large_image\" \/>\n<meta name=\"twitter:label1\" content=\"\u00c9crit par\" \/>\n\t<meta name=\"twitter:data1\" content=\"Author\" \/>\n\t<meta name=\"twitter:label2\" content=\"Dur\u00e9e de lecture estim\u00e9e\" \/>\n\t<meta name=\"twitter:data2\" content=\"2 minutes\" \/>\n<script type=\"application\/ld+json\" class=\"yoast-schema-graph\">{\"@context\":\"https:\/\/schema.org\",\"@graph\":[{\"@type\":\"WebPage\",\"@id\":\"https:\/\/vof-news.eu\/fr\/les-deputes-rejettent-la-motion-de-censure-socialiste-visant-francois-bayrou\/\",\"url\":\"https:\/\/vof-news.eu\/fr\/les-deputes-rejettent-la-motion-de-censure-socialiste-visant-francois-bayrou\/\",\"name\":\"Les d\u00e9put\u00e9s rejettent la motion de censure socialiste visant Fran\u00e7ois Bayrou - vof-news.eu\",\"isPartOf\":{\"@id\":\"https:\/\/vof-news.eu\/fr\/#website\"},\"primaryImageOfPage\":{\"@id\":\"https:\/\/vof-news.eu\/fr\/les-deputes-rejettent-la-motion-de-censure-socialiste-visant-francois-bayrou\/#primaryimage\"},\"image\":{\"@id\":\"https:\/\/vof-news.eu\/fr\/les-deputes-rejettent-la-motion-de-censure-socialiste-visant-francois-bayrou\/#primaryimage\"},\"thumbnailUrl\":\"https:\/\/vof-news.eu\/wp-content\/uploads\/2025\/07\/6753bd7_sirius-fs-upload-1-yvyaf1idv4op-1748333601656-jmug250514036.jpg\",\"datePublished\":\"2025-07-01T20:32:28+00:00\",\"dateModified\":\"2025-07-01T20:32:55+00:00\",\"author\":{\"@id\":\"https:\/\/vof-news.eu\/fr\/#\/schema\/person\/f6a2a4309f0561835797fd8c19b333ed\"},\"description\":\"L\u2019Assembl\u00e9e nationale a repouss\u00e9, mardi 1er\u00a0juillet, une motion de censure du gouvernement de Fran\u00e7ois Bayrou, d\u00e9fendue par les socialistes, qui reprochent au premier ministre de ne pas s\u2019engager \u00e0 d\u00e9poser au Parlement un texte permettant de d\u00e9battre de l\u2019\u00e2ge l\u00e9gal de d\u00e9part \u00e0 la retraite, fix\u00e9 \u00e0 64\u00a0ans depuis la r\u00e9forme entreprise par Elisabeth Borne. Sans surprise, la tentative de renversement \u2212 la huiti\u00e8me visant le gouvernement de Fran\u00e7ois Bayrou \u2212, soutenue par l\u2019ensemble de la gauche, n\u2019a recueilli que 189 voix sur les 289 n\u00e9cessaires, le Rassemblement national ayant annonc\u00e9 qu\u2019il ne la voterait pas, et renvoyant une \u00e9ventuelle censure aux d\u00e9bats budg\u00e9taires qui auront lieu \u00e0 l\u2019automne. Les socialistes \u2212 qui se sont accord\u00e9s avec le gouvernement en janvier sur une non-censure sur le budget de l\u2019Etat et de la S\u00e9curit\u00e9 sociale \u2212 reprochent \u00e0 Fran\u00e7ois Bayrou d\u2019avoir promis, dans son courrier initial, une discussion entre partenaires sociaux , et d\u2019avoir promis le , avant de fermer la porte au rabaissement de l\u2019\u00e2ge l\u00e9gal de d\u00e9part \u00e0 la retraite et \u00e0 l\u2019id\u00e9e de d\u00e9poser un texte comportant la mesure d\u2019\u00e2ge au Parlement. , a lanc\u00e9 de la tribune la socialiste Estelle Mercier, en d\u00e9fense de la motion de censure. , a ajout\u00e9 la d\u00e9put\u00e9e, associant ce fin connaisseur d\u2019Henri IV \u00e0 la figure d\u2019un , qui a [ses]. En r\u00e9ponse, Fran\u00e7ois Bayrou a ironis\u00e9 sur la motion de censure, pr\u00e9texte, selon lui, pour que le Parti socialiste rappelle qu\u2019il est , et a invoqu\u00e9 de , [de censure]. Sur les retraites, le premier ministre a promis qu\u2019il y aurait reprenant les du \u00ab\u00a0conclave\u00a0\u00bb, sans pr\u00e9ciser si ce texte serait distinct du projet de budget de la S\u00e9curit\u00e9 sociale, dans lequel il a d\u00e9j\u00e0 pr\u00e9vu d\u2019int\u00e9grer certains points de consensus entre les syndicats et le patronat. Le Monde avec AFP S\u2019abonner Contribuer R\u00e9utiliser ce contenu\",\"breadcrumb\":{\"@id\":\"https:\/\/vof-news.eu\/fr\/les-deputes-rejettent-la-motion-de-censure-socialiste-visant-francois-bayrou\/#breadcrumb\"},\"inLanguage\":\"fr-FR\",\"potentialAction\":[{\"@type\":\"ReadAction\",\"target\":[\"https:\/\/vof-news.eu\/fr\/les-deputes-rejettent-la-motion-de-censure-socialiste-visant-francois-bayrou\/\"]}]},{\"@type\":\"ImageObject\",\"inLanguage\":\"fr-FR\",\"@id\":\"https:\/\/vof-news.eu\/fr\/les-deputes-rejettent-la-motion-de-censure-socialiste-visant-francois-bayrou\/#primaryimage\",\"url\":\"https:\/\/vof-news.eu\/wp-content\/uploads\/2025\/07\/6753bd7_sirius-fs-upload-1-yvyaf1idv4op-1748333601656-jmug250514036.jpg\",\"contentUrl\":\"https:\/\/vof-news.eu\/wp-content\/uploads\/2025\/07\/6753bd7_sirius-fs-upload-1-yvyaf1idv4op-1748333601656-jmug250514036.jpg\",\"width\":664,\"height\":443},{\"@type\":\"BreadcrumbList\",\"@id\":\"https:\/\/vof-news.eu\/fr\/les-deputes-rejettent-la-motion-de-censure-socialiste-visant-francois-bayrou\/#breadcrumb\",\"itemListElement\":[{\"@type\":\"ListItem\",\"position\":1,\"name\":\"Home\",\"item\":\"https:\/\/vof-news.eu\/fr\/\"},{\"@type\":\"ListItem\",\"position\":2,\"name\":\"Les d\u00e9put\u00e9s rejettent la motion de censure socialiste visant Fran\u00e7ois Bayrou\"}]},{\"@type\":\"WebSite\",\"@id\":\"https:\/\/vof-news.eu\/fr\/#website\",\"url\":\"https:\/\/vof-news.eu\/fr\/\",\"name\":\"vof-news.eu\",\"description\":\"\",\"potentialAction\":[{\"@type\":\"SearchAction\",\"target\":{\"@type\":\"EntryPoint\",\"urlTemplate\":\"https:\/\/vof-news.eu\/fr\/?s={search_term_string}\"},\"query-input\":\"required name=search_term_string\"}],\"inLanguage\":\"fr-FR\"},{\"@type\":\"Person\",\"@id\":\"https:\/\/vof-news.eu\/fr\/#\/schema\/person\/f6a2a4309f0561835797fd8c19b333ed\",\"name\":\"Author\",\"image\":{\"@type\":\"ImageObject\",\"inLanguage\":\"fr-FR\",\"@id\":\"https:\/\/vof-news.eu\/fr\/#\/schema\/person\/image\/\",\"url\":\"https:\/\/secure.gravatar.com\/avatar\/b67e614b1b25b3e9c0c239efdd2fde5ab015b5affd6f1c3c85911ca4b384e790?s=96&d=mm&r=g\",\"contentUrl\":\"https:\/\/secure.gravatar.com\/avatar\/b67e614b1b25b3e9c0c239efdd2fde5ab015b5affd6f1c3c85911ca4b384e790?s=96&d=mm&r=g\",\"caption\":\"Author\"},\"sameAs\":[\"http:\/\/vof-news.eu\"],\"url\":\"https:\/\/vof-news.eu\/fr\/author\/zwt6qxnjulxbnyg\/\"}]}<\/script>\n<!-- \/ Yoast SEO plugin. -->","yoast_head_json":{"title":"Les d\u00e9put\u00e9s rejettent la motion de censure socialiste visant Fran\u00e7ois Bayrou - vof-news.eu","description":"L\u2019Assembl\u00e9e nationale a repouss\u00e9, mardi 1er\u00a0juillet, une motion de censure du gouvernement de Fran\u00e7ois Bayrou, d\u00e9fendue par les socialistes, qui reprochent au premier ministre de ne pas s\u2019engager \u00e0 d\u00e9poser au Parlement un texte permettant de d\u00e9battre de l\u2019\u00e2ge l\u00e9gal de d\u00e9part \u00e0 la retraite, fix\u00e9 \u00e0 64\u00a0ans depuis la r\u00e9forme entreprise par Elisabeth Borne. Sans surprise, la tentative de renversement \u2212 la huiti\u00e8me visant le gouvernement de Fran\u00e7ois Bayrou \u2212, soutenue par l\u2019ensemble de la gauche, n\u2019a recueilli que 189 voix sur les 289 n\u00e9cessaires, le Rassemblement national ayant annonc\u00e9 qu\u2019il ne la voterait pas, et renvoyant une \u00e9ventuelle censure aux d\u00e9bats budg\u00e9taires qui auront lieu \u00e0 l\u2019automne. Les socialistes \u2212 qui se sont accord\u00e9s avec le gouvernement en janvier sur une non-censure sur le budget de l\u2019Etat et de la S\u00e9curit\u00e9 sociale \u2212 reprochent \u00e0 Fran\u00e7ois Bayrou d\u2019avoir promis, dans son courrier initial, une discussion entre partenaires sociaux , et d\u2019avoir promis le , avant de fermer la porte au rabaissement de l\u2019\u00e2ge l\u00e9gal de d\u00e9part \u00e0 la retraite et \u00e0 l\u2019id\u00e9e de d\u00e9poser un texte comportant la mesure d\u2019\u00e2ge au Parlement.   , a lanc\u00e9 de la tribune la socialiste Estelle Mercier, en d\u00e9fense de la motion de censure. , a ajout\u00e9 la d\u00e9put\u00e9e, associant ce fin connaisseur d\u2019Henri IV \u00e0 la figure d\u2019un , qui a [ses]. En r\u00e9ponse, Fran\u00e7ois Bayrou a ironis\u00e9 sur la motion de censure, pr\u00e9texte, selon lui, pour que le Parti socialiste rappelle qu\u2019il est , et a invoqu\u00e9 de , [de censure]. Sur les retraites, le premier ministre a promis qu\u2019il y aurait reprenant les du \u00ab\u00a0conclave\u00a0\u00bb, sans pr\u00e9ciser si ce texte serait distinct du projet de budget de la S\u00e9curit\u00e9 sociale, dans lequel il a d\u00e9j\u00e0 pr\u00e9vu d\u2019int\u00e9grer certains points de consensus entre les syndicats et le patronat.    Le Monde avec AFP      S\u2019abonner   Contribuer R\u00e9utiliser ce contenu","robots":{"index":"noindex","follow":"follow","max-snippet":"max-snippet:-1","max-image-preview":"max-image-preview:large","max-video-preview":"max-video-preview:-1"},"og_locale":"fr_FR","og_type":"article","og_title":"Les d\u00e9put\u00e9s rejettent la motion de censure socialiste visant Fran\u00e7ois Bayrou - vof-news.eu","og_description":"L\u2019Assembl\u00e9e nationale a repouss\u00e9, mardi 1er\u00a0juillet, une motion de censure du gouvernement de Fran\u00e7ois Bayrou, d\u00e9fendue par les socialistes, qui reprochent au premier ministre de ne pas s\u2019engager \u00e0 d\u00e9poser au Parlement un texte permettant de d\u00e9battre de l\u2019\u00e2ge l\u00e9gal de d\u00e9part \u00e0 la retraite, fix\u00e9 \u00e0 64\u00a0ans depuis la r\u00e9forme entreprise par Elisabeth Borne. Sans surprise, la tentative de renversement \u2212 la huiti\u00e8me visant le gouvernement de Fran\u00e7ois Bayrou \u2212, soutenue par l\u2019ensemble de la gauche, n\u2019a recueilli que 189 voix sur les 289 n\u00e9cessaires, le Rassemblement national ayant annonc\u00e9 qu\u2019il ne la voterait pas, et renvoyant une \u00e9ventuelle censure aux d\u00e9bats budg\u00e9taires qui auront lieu \u00e0 l\u2019automne. Les socialistes \u2212 qui se sont accord\u00e9s avec le gouvernement en janvier sur une non-censure sur le budget de l\u2019Etat et de la S\u00e9curit\u00e9 sociale \u2212 reprochent \u00e0 Fran\u00e7ois Bayrou d\u2019avoir promis, dans son courrier initial, une discussion entre partenaires sociaux , et d\u2019avoir promis le , avant de fermer la porte au rabaissement de l\u2019\u00e2ge l\u00e9gal de d\u00e9part \u00e0 la retraite et \u00e0 l\u2019id\u00e9e de d\u00e9poser un texte comportant la mesure d\u2019\u00e2ge au Parlement.   , a lanc\u00e9 de la tribune la socialiste Estelle Mercier, en d\u00e9fense de la motion de censure. , a ajout\u00e9 la d\u00e9put\u00e9e, associant ce fin connaisseur d\u2019Henri IV \u00e0 la figure d\u2019un , qui a [ses]. En r\u00e9ponse, Fran\u00e7ois Bayrou a ironis\u00e9 sur la motion de censure, pr\u00e9texte, selon lui, pour que le Parti socialiste rappelle qu\u2019il est , et a invoqu\u00e9 de , [de censure]. Sur les retraites, le premier ministre a promis qu\u2019il y aurait reprenant les du \u00ab\u00a0conclave\u00a0\u00bb, sans pr\u00e9ciser si ce texte serait distinct du projet de budget de la S\u00e9curit\u00e9 sociale, dans lequel il a d\u00e9j\u00e0 pr\u00e9vu d\u2019int\u00e9grer certains points de consensus entre les syndicats et le patronat.    Le Monde avec AFP      S\u2019abonner   Contribuer R\u00e9utiliser ce contenu","og_url":"https:\/\/vof-news.eu\/fr\/les-deputes-rejettent-la-motion-de-censure-socialiste-visant-francois-bayrou\/","og_site_name":"vof-news.eu","article_published_time":"2025-07-01T20:32:28+00:00","article_modified_time":"2025-07-01T20:32:55+00:00","og_image":[{"width":664,"height":443,"url":"https:\/\/vof-news.eu\/wp-content\/uploads\/2025\/07\/6753bd7_sirius-fs-upload-1-yvyaf1idv4op-1748333601656-jmug250514036.jpg","type":"image\/jpeg"}],"author":"Author","twitter_card":"summary_large_image","twitter_misc":{"\u00c9crit par":"Author","Dur\u00e9e de lecture estim\u00e9e":"2 minutes"},"schema":{"@context":"https:\/\/schema.org","@graph":[{"@type":"WebPage","@id":"https:\/\/vof-news.eu\/fr\/les-deputes-rejettent-la-motion-de-censure-socialiste-visant-francois-bayrou\/","url":"https:\/\/vof-news.eu\/fr\/les-deputes-rejettent-la-motion-de-censure-socialiste-visant-francois-bayrou\/","name":"Les d\u00e9put\u00e9s rejettent la motion de censure socialiste visant Fran\u00e7ois Bayrou - vof-news.eu","isPartOf":{"@id":"https:\/\/vof-news.eu\/fr\/#website"},"primaryImageOfPage":{"@id":"https:\/\/vof-news.eu\/fr\/les-deputes-rejettent-la-motion-de-censure-socialiste-visant-francois-bayrou\/#primaryimage"},"image":{"@id":"https:\/\/vof-news.eu\/fr\/les-deputes-rejettent-la-motion-de-censure-socialiste-visant-francois-bayrou\/#primaryimage"},"thumbnailUrl":"https:\/\/vof-news.eu\/wp-content\/uploads\/2025\/07\/6753bd7_sirius-fs-upload-1-yvyaf1idv4op-1748333601656-jmug250514036.jpg","datePublished":"2025-07-01T20:32:28+00:00","dateModified":"2025-07-01T20:32:55+00:00","author":{"@id":"https:\/\/vof-news.eu\/fr\/#\/schema\/person\/f6a2a4309f0561835797fd8c19b333ed"},"description":"L\u2019Assembl\u00e9e nationale a repouss\u00e9, mardi 1er\u00a0juillet, une motion de censure du gouvernement de Fran\u00e7ois Bayrou, d\u00e9fendue par les socialistes, qui reprochent au premier ministre de ne pas s\u2019engager \u00e0 d\u00e9poser au Parlement un texte permettant de d\u00e9battre de l\u2019\u00e2ge l\u00e9gal de d\u00e9part \u00e0 la retraite, fix\u00e9 \u00e0 64\u00a0ans depuis la r\u00e9forme entreprise par Elisabeth Borne. Sans surprise, la tentative de renversement \u2212 la huiti\u00e8me visant le gouvernement de Fran\u00e7ois Bayrou \u2212, soutenue par l\u2019ensemble de la gauche, n\u2019a recueilli que 189 voix sur les 289 n\u00e9cessaires, le Rassemblement national ayant annonc\u00e9 qu\u2019il ne la voterait pas, et renvoyant une \u00e9ventuelle censure aux d\u00e9bats budg\u00e9taires qui auront lieu \u00e0 l\u2019automne. Les socialistes \u2212 qui se sont accord\u00e9s avec le gouvernement en janvier sur une non-censure sur le budget de l\u2019Etat et de la S\u00e9curit\u00e9 sociale \u2212 reprochent \u00e0 Fran\u00e7ois Bayrou d\u2019avoir promis, dans son courrier initial, une discussion entre partenaires sociaux , et d\u2019avoir promis le , avant de fermer la porte au rabaissement de l\u2019\u00e2ge l\u00e9gal de d\u00e9part \u00e0 la retraite et \u00e0 l\u2019id\u00e9e de d\u00e9poser un texte comportant la mesure d\u2019\u00e2ge au Parlement. , a lanc\u00e9 de la tribune la socialiste Estelle Mercier, en d\u00e9fense de la motion de censure. , a ajout\u00e9 la d\u00e9put\u00e9e, associant ce fin connaisseur d\u2019Henri IV \u00e0 la figure d\u2019un , qui a [ses]. En r\u00e9ponse, Fran\u00e7ois Bayrou a ironis\u00e9 sur la motion de censure, pr\u00e9texte, selon lui, pour que le Parti socialiste rappelle qu\u2019il est , et a invoqu\u00e9 de , [de censure]. Sur les retraites, le premier ministre a promis qu\u2019il y aurait reprenant les du \u00ab\u00a0conclave\u00a0\u00bb, sans pr\u00e9ciser si ce texte serait distinct du projet de budget de la S\u00e9curit\u00e9 sociale, dans lequel il a d\u00e9j\u00e0 pr\u00e9vu d\u2019int\u00e9grer certains points de consensus entre les syndicats et le patronat. Le Monde avec AFP S\u2019abonner Contribuer R\u00e9utiliser ce contenu","breadcrumb":{"@id":"https:\/\/vof-news.eu\/fr\/les-deputes-rejettent-la-motion-de-censure-socialiste-visant-francois-bayrou\/#breadcrumb"},"inLanguage":"fr-FR","potentialAction":[{"@type":"ReadAction","target":["https:\/\/vof-news.eu\/fr\/les-deputes-rejettent-la-motion-de-censure-socialiste-visant-francois-bayrou\/"]}]},{"@type":"ImageObject","inLanguage":"fr-FR","@id":"https:\/\/vof-news.eu\/fr\/les-deputes-rejettent-la-motion-de-censure-socialiste-visant-francois-bayrou\/#primaryimage","url":"https:\/\/vof-news.eu\/wp-content\/uploads\/2025\/07\/6753bd7_sirius-fs-upload-1-yvyaf1idv4op-1748333601656-jmug250514036.jpg","contentUrl":"https:\/\/vof-news.eu\/wp-content\/uploads\/2025\/07\/6753bd7_sirius-fs-upload-1-yvyaf1idv4op-1748333601656-jmug250514036.jpg","width":664,"height":443},{"@type":"BreadcrumbList","@id":"https:\/\/vof-news.eu\/fr\/les-deputes-rejettent-la-motion-de-censure-socialiste-visant-francois-bayrou\/#breadcrumb","itemListElement":[{"@type":"ListItem","position":1,"name":"Home","item":"https:\/\/vof-news.eu\/fr\/"},{"@type":"ListItem","position":2,"name":"Les d\u00e9put\u00e9s rejettent la motion de censure socialiste visant Fran\u00e7ois Bayrou"}]},{"@type":"WebSite","@id":"https:\/\/vof-news.eu\/fr\/#website","url":"https:\/\/vof-news.eu\/fr\/","name":"vof-news.eu","description":"","potentialAction":[{"@type":"SearchAction","target":{"@type":"EntryPoint","urlTemplate":"https:\/\/vof-news.eu\/fr\/?s={search_term_string}"},"query-input":"required name=search_term_string"}],"inLanguage":"fr-FR"},{"@type":"Person","@id":"https:\/\/vof-news.eu\/fr\/#\/schema\/person\/f6a2a4309f0561835797fd8c19b333ed","name":"Author","image":{"@type":"ImageObject","inLanguage":"fr-FR","@id":"https:\/\/vof-news.eu\/fr\/#\/schema\/person\/image\/","url":"https:\/\/secure.gravatar.com\/avatar\/b67e614b1b25b3e9c0c239efdd2fde5ab015b5affd6f1c3c85911ca4b384e790?s=96&d=mm&r=g","contentUrl":"https:\/\/secure.gravatar.com\/avatar\/b67e614b1b25b3e9c0c239efdd2fde5ab015b5affd6f1c3c85911ca4b384e790?s=96&d=mm&r=g","caption":"Author"},"sameAs":["http:\/\/vof-news.eu"],"url":"https:\/\/vof-news.eu\/fr\/author\/zwt6qxnjulxbnyg\/"}]}},"yoast_meta":{"yoast_wpseo_title":"","yoast_wpseo_metadesc":"","yoast_wpseo_canonical":""},"_links":{"self":[{"href":"https:\/\/vof-news.eu\/fr\/wp-json\/wp\/v2\/posts\/245024","targetHints":{"allow":["GET"]}}],"collection":[{"href":"https:\/\/vof-news.eu\/fr\/wp-json\/wp\/v2\/posts"}],"about":[{"href":"https:\/\/vof-news.eu\/fr\/wp-json\/wp\/v2\/types\/post"}],"author":[{"embeddable":true,"href":"https:\/\/vof-news.eu\/fr\/wp-json\/wp\/v2\/users\/1"}],"replies":[{"embeddable":true,"href":"https:\/\/vof-news.eu\/fr\/wp-json\/wp\/v2\/comments?post=245024"}],"version-history":[{"count":1,"href":"https:\/\/vof-news.eu\/fr\/wp-json\/wp\/v2\/posts\/245024\/revisions"}],"predecessor-version":[{"id":245031,"href":"https:\/\/vof-news.eu\/fr\/wp-json\/wp\/v2\/posts\/245024\/revisions\/245031"}],"wp:featuredmedia":[{"embeddable":true,"href":"https:\/\/vof-news.eu\/fr\/wp-json\/wp\/v2\/media\/245025"}],"wp:attachment":[{"href":"https:\/\/vof-news.eu\/fr\/wp-json\/wp\/v2\/media?parent=245024"}],"wp:term":[{"taxonomy":"category","embeddable":true,"href":"https:\/\/vof-news.eu\/fr\/wp-json\/wp\/v2\/categories?post=245024"},{"taxonomy":"post_tag","embeddable":true,"href":"https:\/\/vof-news.eu\/fr\/wp-json\/wp\/v2\/tags?post=245024"}],"curies":[{"name":"wp","href":"https:\/\/api.w.org\/{rel}","templated":true}]}}