{"id":244966,"date":"2025-07-01T21:32:40","date_gmt":"2025-07-01T18:32:40","guid":{"rendered":"https:\/\/vof-news.eu\/droits-tele-la-lfp-lance-sa-chaine-de-la-ligue-1-sans-canal\/"},"modified":"2025-07-01T21:32:56","modified_gmt":"2025-07-01T18:32:56","slug":"droits-tele-la-lfp-lance-sa-chaine-de-la-ligue-1-sans-canal","status":"publish","type":"post","link":"https:\/\/vof-news.eu\/fr\/droits-tele-la-lfp-lance-sa-chaine-de-la-ligue-1-sans-canal\/","title":{"rendered":"Droits t\u00e9l\u00e9\u00a0: la LFP lance sa cha\u00eene de la Ligue 1, sans Canal+"},"content":{"rendered":"<article>\n<p>C\u2019est un v\u00e9ritable saut dans l\u2019inconnu. Apr\u00e8s des ann\u00e9es de crise autour des droits t\u00e9l\u00e9vis\u00e9s du football fran\u00e7ais, la Ligue de football professionnel (LFP) a act\u00e9 la cr\u00e9ation de sa cha\u00eene consacr\u00e9e \u00e0 la diffusion de la Ligue\u00a01, dont elle sera propri\u00e9taire, pour la saison 2025-2026. Ce choix strat\u00e9gique a \u00e9t\u00e9 annonc\u00e9 par Nicolas de Tavernost, le directeur g\u00e9n\u00e9ral de LFP Media, la filiale commerciale de la Ligue, aux pr\u00e9sidents des clubs, mardi 1\u1d49\u02b3\u00a0juillet, lors d\u2019une r\u00e9union du coll\u00e8ge Ligue 1, avant d\u2019\u00eatre valid\u00e9 par un conseil d\u2019administration.<\/p>\n<p>Un choix de rupture puisque la LFP renonce au mod\u00e8le qu\u2019elle a toujours privil\u00e9gi\u00e9 jusque-l\u00e0, consistant \u00e0 vendre ses droits \u00e0 une poign\u00e9e de diffuseurs exclusifs, en \u00e9change de centaines de millions d\u2019euros.<\/p>\n<p>Contrairement \u00e0 l\u2019objectif affich\u00e9 au d\u00e9part, cette cha\u00eene ne diffusera pas 100\u00a0% du championnat de France, mais huit matchs en direct sur les neuf disput\u00e9s chaque week-end. La rencontre du samedi \u00e0 17\u00a0heures restant, au moins durant la saison 2025-2026, diffus\u00e9e par la cha\u00eene qatarie BeIN Sports (en \u00e9change de 78,5\u00a0millions d\u2019euros annuels).<\/p>\n<p><strong>Il vous reste 78.66% de cet article \u00e0 lire. La suite est r\u00e9serv\u00e9e aux abonn\u00e9s.<\/strong><\/p>\n<\/article>\n","protected":false},"excerpt":{"rendered":"<p>C\u2019est un v\u00e9ritable saut dans l\u2019inconnu. Apr\u00e8s des ann\u00e9es de crise autour des droits t\u00e9l\u00e9vis\u00e9s du football fran\u00e7ais, la Ligue de football professionnel (LFP) a act\u00e9 la cr\u00e9ation de sa cha\u00eene consacr\u00e9e \u00e0 la diffusion de la Ligue\u00a01, dont elle sera propri\u00e9taire, pour la saison 2025-2026. Ce choix strat\u00e9gique a \u00e9t\u00e9 annonc\u00e9 par Nicolas de<\/p>\n","protected":false},"author":1,"featured_media":244967,"comment_status":"open","ping_status":"open","sticky":false,"template":"","format":"standard","meta":{"footnotes":""},"categories":[73],"tags":[],"class_list":["post-244966","post","type-post","status-publish","format-standard","has-post-thumbnail","hentry","category-sport-fr"],"acf":[],"yoast_head":"<!-- This site is optimized with the Yoast SEO plugin v22.9 - https:\/\/yoast.com\/wordpress\/plugins\/seo\/ -->\n<title>Droits t\u00e9l\u00e9\u00a0: la LFP lance sa cha\u00eene de la Ligue 1, sans Canal+ - vof-news.eu<\/title>\n<meta name=\"description\" content=\"C\u2019est un v\u00e9ritable saut dans l\u2019inconnu. Apr\u00e8s des ann\u00e9es de crise autour des droits t\u00e9l\u00e9vis\u00e9s du football fran\u00e7ais, la Ligue de football professionnel (LFP) a act\u00e9 la cr\u00e9ation de sa cha\u00eene consacr\u00e9e \u00e0 la diffusion de la Ligue\u00a01, dont elle sera propri\u00e9taire, pour la saison 2025-2026. Ce choix strat\u00e9gique a \u00e9t\u00e9 annonc\u00e9 par Nicolas de Tavernost, le directeur g\u00e9n\u00e9ral de LFP Media, la filiale commerciale de la Ligue, aux pr\u00e9sidents des clubs, mardi 1\u1d49\u02b3\u00a0juillet, lors d\u2019une r\u00e9union du coll\u00e8ge Ligue 1, avant d\u2019\u00eatre valid\u00e9 par un conseil d\u2019administration. Un choix de rupture puisque la LFP renonce au mod\u00e8le qu\u2019elle a toujours privil\u00e9gi\u00e9 jusque-l\u00e0, consistant \u00e0 vendre ses droits \u00e0 une poign\u00e9e de diffuseurs exclusifs, en \u00e9change de centaines de millions d\u2019euros. Contrairement \u00e0 l\u2019objectif affich\u00e9 au d\u00e9part, cette cha\u00eene ne diffusera pas 100\u00a0% du championnat de France, mais huit matchs en direct sur les neuf disput\u00e9s chaque week-end. La rencontre du samedi \u00e0 17\u00a0heures restant, au moins durant la saison 2025-2026, diffus\u00e9e par la cha\u00eene qatarie BeIN Sports (en \u00e9change de 78,5\u00a0millions d\u2019euros annuels). Il vous reste 78.66% de cet article \u00e0 lire. La suite est r\u00e9serv\u00e9e aux abonn\u00e9s.\" \/>\n<meta name=\"robots\" content=\"noindex, follow, max-snippet:-1, max-image-preview:large, max-video-preview:-1\" \/>\n<meta property=\"og:locale\" content=\"fr_FR\" \/>\n<meta property=\"og:type\" content=\"article\" \/>\n<meta property=\"og:title\" content=\"Droits t\u00e9l\u00e9\u00a0: la LFP lance sa cha\u00eene de la Ligue 1, sans Canal+ - vof-news.eu\" \/>\n<meta property=\"og:description\" content=\"C\u2019est un v\u00e9ritable saut dans l\u2019inconnu. Apr\u00e8s des ann\u00e9es de crise autour des droits t\u00e9l\u00e9vis\u00e9s du football fran\u00e7ais, la Ligue de football professionnel (LFP) a act\u00e9 la cr\u00e9ation de sa cha\u00eene consacr\u00e9e \u00e0 la diffusion de la Ligue\u00a01, dont elle sera propri\u00e9taire, pour la saison 2025-2026. Ce choix strat\u00e9gique a \u00e9t\u00e9 annonc\u00e9 par Nicolas de Tavernost, le directeur g\u00e9n\u00e9ral de LFP Media, la filiale commerciale de la Ligue, aux pr\u00e9sidents des clubs, mardi 1\u1d49\u02b3\u00a0juillet, lors d\u2019une r\u00e9union du coll\u00e8ge Ligue 1, avant d\u2019\u00eatre valid\u00e9 par un conseil d\u2019administration. Un choix de rupture puisque la LFP renonce au mod\u00e8le qu\u2019elle a toujours privil\u00e9gi\u00e9 jusque-l\u00e0, consistant \u00e0 vendre ses droits \u00e0 une poign\u00e9e de diffuseurs exclusifs, en \u00e9change de centaines de millions d\u2019euros. Contrairement \u00e0 l\u2019objectif affich\u00e9 au d\u00e9part, cette cha\u00eene ne diffusera pas 100\u00a0% du championnat de France, mais huit matchs en direct sur les neuf disput\u00e9s chaque week-end. La rencontre du samedi \u00e0 17\u00a0heures restant, au moins durant la saison 2025-2026, diffus\u00e9e par la cha\u00eene qatarie BeIN Sports (en \u00e9change de 78,5\u00a0millions d\u2019euros annuels). Il vous reste 78.66% de cet article \u00e0 lire. La suite est r\u00e9serv\u00e9e aux abonn\u00e9s.\" \/>\n<meta property=\"og:url\" content=\"https:\/\/vof-news.eu\/fr\/droits-tele-la-lfp-lance-sa-chaine-de-la-ligue-1-sans-canal\/\" \/>\n<meta property=\"og:site_name\" content=\"vof-news.eu\" \/>\n<meta property=\"article:published_time\" content=\"2025-07-01T18:32:40+00:00\" \/>\n<meta property=\"article:modified_time\" content=\"2025-07-01T18:32:56+00:00\" \/>\n<meta property=\"og:image\" content=\"https:\/\/vof-news.eu\/wp-content\/uploads\/2025\/07\/954d713_upload-1-okd8bvk7d9pe-000-8zz26r.jpg\" \/>\n\t<meta property=\"og:image:width\" content=\"664\" \/>\n\t<meta property=\"og:image:height\" content=\"438\" \/>\n\t<meta property=\"og:image:type\" content=\"image\/jpeg\" \/>\n<meta name=\"author\" content=\"Author\" \/>\n<meta name=\"twitter:card\" content=\"summary_large_image\" \/>\n<meta name=\"twitter:label1\" content=\"\u00c9crit par\" \/>\n\t<meta name=\"twitter:data1\" content=\"Author\" \/>\n\t<meta name=\"twitter:label2\" content=\"Dur\u00e9e de lecture estim\u00e9e\" \/>\n\t<meta name=\"twitter:data2\" content=\"1 minute\" \/>\n<script type=\"application\/ld+json\" class=\"yoast-schema-graph\">{\"@context\":\"https:\/\/schema.org\",\"@graph\":[{\"@type\":\"WebPage\",\"@id\":\"https:\/\/vof-news.eu\/fr\/droits-tele-la-lfp-lance-sa-chaine-de-la-ligue-1-sans-canal\/\",\"url\":\"https:\/\/vof-news.eu\/fr\/droits-tele-la-lfp-lance-sa-chaine-de-la-ligue-1-sans-canal\/\",\"name\":\"Droits t\u00e9l\u00e9\u00a0: la LFP lance sa cha\u00eene de la Ligue 1, sans Canal+ - vof-news.eu\",\"isPartOf\":{\"@id\":\"https:\/\/vof-news.eu\/fr\/#website\"},\"primaryImageOfPage\":{\"@id\":\"https:\/\/vof-news.eu\/fr\/droits-tele-la-lfp-lance-sa-chaine-de-la-ligue-1-sans-canal\/#primaryimage\"},\"image\":{\"@id\":\"https:\/\/vof-news.eu\/fr\/droits-tele-la-lfp-lance-sa-chaine-de-la-ligue-1-sans-canal\/#primaryimage\"},\"thumbnailUrl\":\"https:\/\/vof-news.eu\/wp-content\/uploads\/2025\/07\/954d713_upload-1-okd8bvk7d9pe-000-8zz26r.jpg\",\"datePublished\":\"2025-07-01T18:32:40+00:00\",\"dateModified\":\"2025-07-01T18:32:56+00:00\",\"author\":{\"@id\":\"https:\/\/vof-news.eu\/fr\/#\/schema\/person\/f6a2a4309f0561835797fd8c19b333ed\"},\"description\":\"C\u2019est un v\u00e9ritable saut dans l\u2019inconnu. Apr\u00e8s des ann\u00e9es de crise autour des droits t\u00e9l\u00e9vis\u00e9s du football fran\u00e7ais, la Ligue de football professionnel (LFP) a act\u00e9 la cr\u00e9ation de sa cha\u00eene consacr\u00e9e \u00e0 la diffusion de la Ligue\u00a01, dont elle sera propri\u00e9taire, pour la saison 2025-2026. Ce choix strat\u00e9gique a \u00e9t\u00e9 annonc\u00e9 par Nicolas de Tavernost, le directeur g\u00e9n\u00e9ral de LFP Media, la filiale commerciale de la Ligue, aux pr\u00e9sidents des clubs, mardi 1\u1d49\u02b3\u00a0juillet, lors d\u2019une r\u00e9union du coll\u00e8ge Ligue 1, avant d\u2019\u00eatre valid\u00e9 par un conseil d\u2019administration. Un choix de rupture puisque la LFP renonce au mod\u00e8le qu\u2019elle a toujours privil\u00e9gi\u00e9 jusque-l\u00e0, consistant \u00e0 vendre ses droits \u00e0 une poign\u00e9e de diffuseurs exclusifs, en \u00e9change de centaines de millions d\u2019euros. Contrairement \u00e0 l\u2019objectif affich\u00e9 au d\u00e9part, cette cha\u00eene ne diffusera pas 100\u00a0% du championnat de France, mais huit matchs en direct sur les neuf disput\u00e9s chaque week-end. La rencontre du samedi \u00e0 17\u00a0heures restant, au moins durant la saison 2025-2026, diffus\u00e9e par la cha\u00eene qatarie BeIN Sports (en \u00e9change de 78,5\u00a0millions d\u2019euros annuels). Il vous reste 78.66% de cet article \u00e0 lire. La suite est r\u00e9serv\u00e9e aux abonn\u00e9s.\",\"breadcrumb\":{\"@id\":\"https:\/\/vof-news.eu\/fr\/droits-tele-la-lfp-lance-sa-chaine-de-la-ligue-1-sans-canal\/#breadcrumb\"},\"inLanguage\":\"fr-FR\",\"potentialAction\":[{\"@type\":\"ReadAction\",\"target\":[\"https:\/\/vof-news.eu\/fr\/droits-tele-la-lfp-lance-sa-chaine-de-la-ligue-1-sans-canal\/\"]}]},{\"@type\":\"ImageObject\",\"inLanguage\":\"fr-FR\",\"@id\":\"https:\/\/vof-news.eu\/fr\/droits-tele-la-lfp-lance-sa-chaine-de-la-ligue-1-sans-canal\/#primaryimage\",\"url\":\"https:\/\/vof-news.eu\/wp-content\/uploads\/2025\/07\/954d713_upload-1-okd8bvk7d9pe-000-8zz26r.jpg\",\"contentUrl\":\"https:\/\/vof-news.eu\/wp-content\/uploads\/2025\/07\/954d713_upload-1-okd8bvk7d9pe-000-8zz26r.jpg\",\"width\":664,\"height\":438},{\"@type\":\"BreadcrumbList\",\"@id\":\"https:\/\/vof-news.eu\/fr\/droits-tele-la-lfp-lance-sa-chaine-de-la-ligue-1-sans-canal\/#breadcrumb\",\"itemListElement\":[{\"@type\":\"ListItem\",\"position\":1,\"name\":\"Home\",\"item\":\"https:\/\/vof-news.eu\/fr\/\"},{\"@type\":\"ListItem\",\"position\":2,\"name\":\"Droits t\u00e9l\u00e9\u00a0: la LFP lance sa cha\u00eene de la Ligue 1, sans Canal+\"}]},{\"@type\":\"WebSite\",\"@id\":\"https:\/\/vof-news.eu\/fr\/#website\",\"url\":\"https:\/\/vof-news.eu\/fr\/\",\"name\":\"vof-news.eu\",\"description\":\"\",\"potentialAction\":[{\"@type\":\"SearchAction\",\"target\":{\"@type\":\"EntryPoint\",\"urlTemplate\":\"https:\/\/vof-news.eu\/fr\/?s={search_term_string}\"},\"query-input\":\"required name=search_term_string\"}],\"inLanguage\":\"fr-FR\"},{\"@type\":\"Person\",\"@id\":\"https:\/\/vof-news.eu\/fr\/#\/schema\/person\/f6a2a4309f0561835797fd8c19b333ed\",\"name\":\"Author\",\"image\":{\"@type\":\"ImageObject\",\"inLanguage\":\"fr-FR\",\"@id\":\"https:\/\/vof-news.eu\/fr\/#\/schema\/person\/image\/\",\"url\":\"https:\/\/secure.gravatar.com\/avatar\/b67e614b1b25b3e9c0c239efdd2fde5ab015b5affd6f1c3c85911ca4b384e790?s=96&d=mm&r=g\",\"contentUrl\":\"https:\/\/secure.gravatar.com\/avatar\/b67e614b1b25b3e9c0c239efdd2fde5ab015b5affd6f1c3c85911ca4b384e790?s=96&d=mm&r=g\",\"caption\":\"Author\"},\"sameAs\":[\"http:\/\/vof-news.eu\"],\"url\":\"https:\/\/vof-news.eu\/fr\/author\/zwt6qxnjulxbnyg\/\"}]}<\/script>\n<!-- \/ Yoast SEO plugin. -->","yoast_head_json":{"title":"Droits t\u00e9l\u00e9\u00a0: la LFP lance sa cha\u00eene de la Ligue 1, sans Canal+ - vof-news.eu","description":"C\u2019est un v\u00e9ritable saut dans l\u2019inconnu. Apr\u00e8s des ann\u00e9es de crise autour des droits t\u00e9l\u00e9vis\u00e9s du football fran\u00e7ais, la Ligue de football professionnel (LFP) a act\u00e9 la cr\u00e9ation de sa cha\u00eene consacr\u00e9e \u00e0 la diffusion de la Ligue\u00a01, dont elle sera propri\u00e9taire, pour la saison 2025-2026. Ce choix strat\u00e9gique a \u00e9t\u00e9 annonc\u00e9 par Nicolas de Tavernost, le directeur g\u00e9n\u00e9ral de LFP Media, la filiale commerciale de la Ligue, aux pr\u00e9sidents des clubs, mardi 1\u1d49\u02b3\u00a0juillet, lors d\u2019une r\u00e9union du coll\u00e8ge Ligue 1, avant d\u2019\u00eatre valid\u00e9 par un conseil d\u2019administration. Un choix de rupture puisque la LFP renonce au mod\u00e8le qu\u2019elle a toujours privil\u00e9gi\u00e9 jusque-l\u00e0, consistant \u00e0 vendre ses droits \u00e0 une poign\u00e9e de diffuseurs exclusifs, en \u00e9change de centaines de millions d\u2019euros. Contrairement \u00e0 l\u2019objectif affich\u00e9 au d\u00e9part, cette cha\u00eene ne diffusera pas 100\u00a0% du championnat de France, mais huit matchs en direct sur les neuf disput\u00e9s chaque week-end. La rencontre du samedi \u00e0 17\u00a0heures restant, au moins durant la saison 2025-2026, diffus\u00e9e par la cha\u00eene qatarie BeIN Sports (en \u00e9change de 78,5\u00a0millions d\u2019euros annuels). Il vous reste 78.66% de cet article \u00e0 lire. La suite est r\u00e9serv\u00e9e aux abonn\u00e9s.","robots":{"index":"noindex","follow":"follow","max-snippet":"max-snippet:-1","max-image-preview":"max-image-preview:large","max-video-preview":"max-video-preview:-1"},"og_locale":"fr_FR","og_type":"article","og_title":"Droits t\u00e9l\u00e9\u00a0: la LFP lance sa cha\u00eene de la Ligue 1, sans Canal+ - vof-news.eu","og_description":"C\u2019est un v\u00e9ritable saut dans l\u2019inconnu. Apr\u00e8s des ann\u00e9es de crise autour des droits t\u00e9l\u00e9vis\u00e9s du football fran\u00e7ais, la Ligue de football professionnel (LFP) a act\u00e9 la cr\u00e9ation de sa cha\u00eene consacr\u00e9e \u00e0 la diffusion de la Ligue\u00a01, dont elle sera propri\u00e9taire, pour la saison 2025-2026. Ce choix strat\u00e9gique a \u00e9t\u00e9 annonc\u00e9 par Nicolas de Tavernost, le directeur g\u00e9n\u00e9ral de LFP Media, la filiale commerciale de la Ligue, aux pr\u00e9sidents des clubs, mardi 1\u1d49\u02b3\u00a0juillet, lors d\u2019une r\u00e9union du coll\u00e8ge Ligue 1, avant d\u2019\u00eatre valid\u00e9 par un conseil d\u2019administration. Un choix de rupture puisque la LFP renonce au mod\u00e8le qu\u2019elle a toujours privil\u00e9gi\u00e9 jusque-l\u00e0, consistant \u00e0 vendre ses droits \u00e0 une poign\u00e9e de diffuseurs exclusifs, en \u00e9change de centaines de millions d\u2019euros. Contrairement \u00e0 l\u2019objectif affich\u00e9 au d\u00e9part, cette cha\u00eene ne diffusera pas 100\u00a0% du championnat de France, mais huit matchs en direct sur les neuf disput\u00e9s chaque week-end. La rencontre du samedi \u00e0 17\u00a0heures restant, au moins durant la saison 2025-2026, diffus\u00e9e par la cha\u00eene qatarie BeIN Sports (en \u00e9change de 78,5\u00a0millions d\u2019euros annuels). Il vous reste 78.66% de cet article \u00e0 lire. La suite est r\u00e9serv\u00e9e aux abonn\u00e9s.","og_url":"https:\/\/vof-news.eu\/fr\/droits-tele-la-lfp-lance-sa-chaine-de-la-ligue-1-sans-canal\/","og_site_name":"vof-news.eu","article_published_time":"2025-07-01T18:32:40+00:00","article_modified_time":"2025-07-01T18:32:56+00:00","og_image":[{"width":664,"height":438,"url":"https:\/\/vof-news.eu\/wp-content\/uploads\/2025\/07\/954d713_upload-1-okd8bvk7d9pe-000-8zz26r.jpg","type":"image\/jpeg"}],"author":"Author","twitter_card":"summary_large_image","twitter_misc":{"\u00c9crit par":"Author","Dur\u00e9e de lecture estim\u00e9e":"1 minute"},"schema":{"@context":"https:\/\/schema.org","@graph":[{"@type":"WebPage","@id":"https:\/\/vof-news.eu\/fr\/droits-tele-la-lfp-lance-sa-chaine-de-la-ligue-1-sans-canal\/","url":"https:\/\/vof-news.eu\/fr\/droits-tele-la-lfp-lance-sa-chaine-de-la-ligue-1-sans-canal\/","name":"Droits t\u00e9l\u00e9\u00a0: la LFP lance sa cha\u00eene de la Ligue 1, sans Canal+ - vof-news.eu","isPartOf":{"@id":"https:\/\/vof-news.eu\/fr\/#website"},"primaryImageOfPage":{"@id":"https:\/\/vof-news.eu\/fr\/droits-tele-la-lfp-lance-sa-chaine-de-la-ligue-1-sans-canal\/#primaryimage"},"image":{"@id":"https:\/\/vof-news.eu\/fr\/droits-tele-la-lfp-lance-sa-chaine-de-la-ligue-1-sans-canal\/#primaryimage"},"thumbnailUrl":"https:\/\/vof-news.eu\/wp-content\/uploads\/2025\/07\/954d713_upload-1-okd8bvk7d9pe-000-8zz26r.jpg","datePublished":"2025-07-01T18:32:40+00:00","dateModified":"2025-07-01T18:32:56+00:00","author":{"@id":"https:\/\/vof-news.eu\/fr\/#\/schema\/person\/f6a2a4309f0561835797fd8c19b333ed"},"description":"C\u2019est un v\u00e9ritable saut dans l\u2019inconnu. Apr\u00e8s des ann\u00e9es de crise autour des droits t\u00e9l\u00e9vis\u00e9s du football fran\u00e7ais, la Ligue de football professionnel (LFP) a act\u00e9 la cr\u00e9ation de sa cha\u00eene consacr\u00e9e \u00e0 la diffusion de la Ligue\u00a01, dont elle sera propri\u00e9taire, pour la saison 2025-2026. Ce choix strat\u00e9gique a \u00e9t\u00e9 annonc\u00e9 par Nicolas de Tavernost, le directeur g\u00e9n\u00e9ral de LFP Media, la filiale commerciale de la Ligue, aux pr\u00e9sidents des clubs, mardi 1\u1d49\u02b3\u00a0juillet, lors d\u2019une r\u00e9union du coll\u00e8ge Ligue 1, avant d\u2019\u00eatre valid\u00e9 par un conseil d\u2019administration. Un choix de rupture puisque la LFP renonce au mod\u00e8le qu\u2019elle a toujours privil\u00e9gi\u00e9 jusque-l\u00e0, consistant \u00e0 vendre ses droits \u00e0 une poign\u00e9e de diffuseurs exclusifs, en \u00e9change de centaines de millions d\u2019euros. Contrairement \u00e0 l\u2019objectif affich\u00e9 au d\u00e9part, cette cha\u00eene ne diffusera pas 100\u00a0% du championnat de France, mais huit matchs en direct sur les neuf disput\u00e9s chaque week-end. La rencontre du samedi \u00e0 17\u00a0heures restant, au moins durant la saison 2025-2026, diffus\u00e9e par la cha\u00eene qatarie BeIN Sports (en \u00e9change de 78,5\u00a0millions d\u2019euros annuels). Il vous reste 78.66% de cet article \u00e0 lire. La suite est r\u00e9serv\u00e9e aux abonn\u00e9s.","breadcrumb":{"@id":"https:\/\/vof-news.eu\/fr\/droits-tele-la-lfp-lance-sa-chaine-de-la-ligue-1-sans-canal\/#breadcrumb"},"inLanguage":"fr-FR","potentialAction":[{"@type":"ReadAction","target":["https:\/\/vof-news.eu\/fr\/droits-tele-la-lfp-lance-sa-chaine-de-la-ligue-1-sans-canal\/"]}]},{"@type":"ImageObject","inLanguage":"fr-FR","@id":"https:\/\/vof-news.eu\/fr\/droits-tele-la-lfp-lance-sa-chaine-de-la-ligue-1-sans-canal\/#primaryimage","url":"https:\/\/vof-news.eu\/wp-content\/uploads\/2025\/07\/954d713_upload-1-okd8bvk7d9pe-000-8zz26r.jpg","contentUrl":"https:\/\/vof-news.eu\/wp-content\/uploads\/2025\/07\/954d713_upload-1-okd8bvk7d9pe-000-8zz26r.jpg","width":664,"height":438},{"@type":"BreadcrumbList","@id":"https:\/\/vof-news.eu\/fr\/droits-tele-la-lfp-lance-sa-chaine-de-la-ligue-1-sans-canal\/#breadcrumb","itemListElement":[{"@type":"ListItem","position":1,"name":"Home","item":"https:\/\/vof-news.eu\/fr\/"},{"@type":"ListItem","position":2,"name":"Droits t\u00e9l\u00e9\u00a0: la LFP lance sa cha\u00eene de la Ligue 1, sans Canal+"}]},{"@type":"WebSite","@id":"https:\/\/vof-news.eu\/fr\/#website","url":"https:\/\/vof-news.eu\/fr\/","name":"vof-news.eu","description":"","potentialAction":[{"@type":"SearchAction","target":{"@type":"EntryPoint","urlTemplate":"https:\/\/vof-news.eu\/fr\/?s={search_term_string}"},"query-input":"required name=search_term_string"}],"inLanguage":"fr-FR"},{"@type":"Person","@id":"https:\/\/vof-news.eu\/fr\/#\/schema\/person\/f6a2a4309f0561835797fd8c19b333ed","name":"Author","image":{"@type":"ImageObject","inLanguage":"fr-FR","@id":"https:\/\/vof-news.eu\/fr\/#\/schema\/person\/image\/","url":"https:\/\/secure.gravatar.com\/avatar\/b67e614b1b25b3e9c0c239efdd2fde5ab015b5affd6f1c3c85911ca4b384e790?s=96&d=mm&r=g","contentUrl":"https:\/\/secure.gravatar.com\/avatar\/b67e614b1b25b3e9c0c239efdd2fde5ab015b5affd6f1c3c85911ca4b384e790?s=96&d=mm&r=g","caption":"Author"},"sameAs":["http:\/\/vof-news.eu"],"url":"https:\/\/vof-news.eu\/fr\/author\/zwt6qxnjulxbnyg\/"}]}},"yoast_meta":{"yoast_wpseo_title":"","yoast_wpseo_metadesc":"","yoast_wpseo_canonical":""},"_links":{"self":[{"href":"https:\/\/vof-news.eu\/fr\/wp-json\/wp\/v2\/posts\/244966","targetHints":{"allow":["GET"]}}],"collection":[{"href":"https:\/\/vof-news.eu\/fr\/wp-json\/wp\/v2\/posts"}],"about":[{"href":"https:\/\/vof-news.eu\/fr\/wp-json\/wp\/v2\/types\/post"}],"author":[{"embeddable":true,"href":"https:\/\/vof-news.eu\/fr\/wp-json\/wp\/v2\/users\/1"}],"replies":[{"embeddable":true,"href":"https:\/\/vof-news.eu\/fr\/wp-json\/wp\/v2\/comments?post=244966"}],"version-history":[{"count":1,"href":"https:\/\/vof-news.eu\/fr\/wp-json\/wp\/v2\/posts\/244966\/revisions"}],"predecessor-version":[{"id":244973,"href":"https:\/\/vof-news.eu\/fr\/wp-json\/wp\/v2\/posts\/244966\/revisions\/244973"}],"wp:featuredmedia":[{"embeddable":true,"href":"https:\/\/vof-news.eu\/fr\/wp-json\/wp\/v2\/media\/244967"}],"wp:attachment":[{"href":"https:\/\/vof-news.eu\/fr\/wp-json\/wp\/v2\/media?parent=244966"}],"wp:term":[{"taxonomy":"category","embeddable":true,"href":"https:\/\/vof-news.eu\/fr\/wp-json\/wp\/v2\/categories?post=244966"},{"taxonomy":"post_tag","embeddable":true,"href":"https:\/\/vof-news.eu\/fr\/wp-json\/wp\/v2\/tags?post=244966"}],"curies":[{"name":"wp","href":"https:\/\/api.w.org\/{rel}","templated":true}]}}