{"id":244853,"date":"2025-07-01T19:32:20","date_gmt":"2025-07-01T16:32:20","guid":{"rendered":"https:\/\/vof-news.eu\/audiovisuel-public-la-reforme-rejetee-par-les-deputes-revient-au-senat-des-le-10-juillet\/"},"modified":"2025-07-01T19:32:36","modified_gmt":"2025-07-01T16:32:36","slug":"audiovisuel-public-la-reforme-rejetee-par-les-deputes-revient-au-senat-des-le-10-juillet","status":"publish","type":"post","link":"https:\/\/vof-news.eu\/fr\/audiovisuel-public-la-reforme-rejetee-par-les-deputes-revient-au-senat-des-le-10-juillet\/","title":{"rendered":"Audiovisuel public\u00a0: la r\u00e9forme, rejet\u00e9e par les d\u00e9put\u00e9s, revient au S\u00e9nat d\u00e8s le 10\u00a0juillet"},"content":{"rendered":"<article>\n<p>Le S\u00e9nat examinera d\u00e8s le 10\u00a0juillet la r\u00e9forme de l\u2019audiovisuel public d\u00e9fendue par la ministre de la culture, Rachida Dati, apr\u00e8s son rejet, lundi 30\u00a0juin, d\u2019embl\u00e9e \u00e0 l\u2019Assembl\u00e9e nationale, a annonc\u00e9 mardi 1<sup>er<\/sup>\u00a0juillet le pr\u00e9sident de s\u00e9ance au S\u00e9nat et vice-pr\u00e9sident de la chambre, Lo\u00efc Herv\u00e9 (Union centriste), en attendant la tenue mercredi soir d\u2019une r\u00e9union de la conf\u00e9rence des pr\u00e9sidents, charg\u00e9e d\u2019arr\u00eater l\u2019ordre du jour. Le vendredi 11\u00a0juillet sera \u00e9galement ouvert pour poursuivre l\u2019examen du texte si n\u00e9cessaire.<\/p>\n<p>La proposition de loi est soutenue au S\u00e9nat, qui en est \u00e0 l\u2019initiative par l\u2019interm\u00e9diaire du s\u00e9nateur Laurent Lafon (UDI, centre), auteur du texte. Le S\u00e9nat l\u2019avait adopt\u00e9e d\u00e8s le mois de juin\u00a02023 en premi\u00e8re lecture. Elle pr\u00e9voit de cr\u00e9er le 1<sup>er<\/sup>\u00a0janvier\u00a02026 une holding, France M\u00e9dias, qui chapeauterait France T\u00e9l\u00e9visions, Radio France et l\u2019INA (Institut national de l\u2019audiovisuel), sous l\u2019autorit\u00e9 d\u2019un pr\u00e9sident-directeur g\u00e9n\u00e9ral.<\/p>\n<section>   <\/section>\n<h2>Rejet surprise des d\u00e9put\u00e9s<\/h2>\n<p>Le texte a \u00e9t\u00e9 rejet\u00e9 lundi par les d\u00e9put\u00e9s, par l\u2019interm\u00e9diaire de l\u2019adoption surprise d\u2019une motion de rejet pr\u00e9alable, vot\u00e9e par la gauche et le Rassemblement national, alors que les rangs du bloc central \u00e9taient d\u00e9sert\u00e9s. L\u00e0 o\u00f9 les opposants avaient clam\u00e9 une victoire, le cabinet de M<sup>me<\/sup>\u00a0Dati avait salu\u00e9 , se montrant satisfait de voir le texte aller .<\/p>\n<p>Cet examen du S\u00e9nat ne constituera toutefois pas l\u2019ultime \u00e9tape parlementaire pour ce texte, car il devra ensuite retourner \u00e0 l\u2019Assembl\u00e9e nationale en deuxi\u00e8me lecture. Avant d\u2019\u00eatre tranch\u00e9 par les parlementaires des deux chambres en commission mixte paritaire si un d\u00e9saccord subsiste.<\/p>\n<section>   <\/section>\n<section>\n<p> <span>Le Monde avec AFP<\/span> <\/p>\n<\/section>\n<section>\n<section>\n<header>   <\/header>\n<section>\n<section> <a href=\"https:\/\/abo.lemonde.fr\/?lmd_medium=BOUTONS_LMFR&amp;lmd_campaign=CONTRIBUTION_ARTICLE\" rel=\"nofollow\">S\u2019abonner<\/a> <\/section>\n<\/section>\n<section><\/section>\n<\/section>\n<p>Contribuer<\/p>\n<\/section>\n<\/article>\n","protected":false},"excerpt":{"rendered":"<p>Le S\u00e9nat examinera d\u00e8s le 10\u00a0juillet la r\u00e9forme de l\u2019audiovisuel public d\u00e9fendue par la ministre de la culture, Rachida Dati, apr\u00e8s son rejet, lundi 30\u00a0juin, d\u2019embl\u00e9e \u00e0 l\u2019Assembl\u00e9e nationale, a annonc\u00e9 mardi 1er\u00a0juillet le pr\u00e9sident de s\u00e9ance au S\u00e9nat et vice-pr\u00e9sident de la chambre, Lo\u00efc Herv\u00e9 (Union centriste), en attendant la tenue mercredi soir d\u2019une<\/p>\n","protected":false},"author":1,"featured_media":244854,"comment_status":"open","ping_status":"open","sticky":false,"template":"","format":"standard","meta":{"footnotes":""},"categories":[68],"tags":[],"class_list":["post-244853","post","type-post","status-publish","format-standard","has-post-thumbnail","hentry","category-politics-fr"],"acf":[],"yoast_head":"<!-- This site is optimized with the Yoast SEO plugin v22.9 - https:\/\/yoast.com\/wordpress\/plugins\/seo\/ -->\n<title>Audiovisuel public\u00a0: la r\u00e9forme, rejet\u00e9e par les d\u00e9put\u00e9s, revient au S\u00e9nat d\u00e8s le 10\u00a0juillet - vof-news.eu<\/title>\n<meta name=\"description\" content=\"Le S\u00e9nat examinera d\u00e8s le 10\u00a0juillet la r\u00e9forme de l\u2019audiovisuel public d\u00e9fendue par la ministre de la culture, Rachida Dati, apr\u00e8s son rejet, lundi 30\u00a0juin, d\u2019embl\u00e9e \u00e0 l\u2019Assembl\u00e9e nationale, a annonc\u00e9 mardi 1er\u00a0juillet le pr\u00e9sident de s\u00e9ance au S\u00e9nat et vice-pr\u00e9sident de la chambre, Lo\u00efc Herv\u00e9 (Union centriste), en attendant la tenue mercredi soir d\u2019une r\u00e9union de la conf\u00e9rence des pr\u00e9sidents, charg\u00e9e d\u2019arr\u00eater l\u2019ordre du jour. Le vendredi 11\u00a0juillet sera \u00e9galement ouvert pour poursuivre l\u2019examen du texte si n\u00e9cessaire. La proposition de loi est soutenue au S\u00e9nat, qui en est \u00e0 l\u2019initiative par l\u2019interm\u00e9diaire du s\u00e9nateur Laurent Lafon (UDI, centre), auteur du texte. Le S\u00e9nat l\u2019avait adopt\u00e9e d\u00e8s le mois de juin\u00a02023 en premi\u00e8re lecture. Elle pr\u00e9voit de cr\u00e9er le 1er\u00a0janvier\u00a02026 une holding, France M\u00e9dias, qui chapeauterait France T\u00e9l\u00e9visions, Radio France et l\u2019INA (Institut national de l\u2019audiovisuel), sous l\u2019autorit\u00e9 d\u2019un pr\u00e9sident-directeur g\u00e9n\u00e9ral.   Rejet surprise des d\u00e9put\u00e9s Le texte a \u00e9t\u00e9 rejet\u00e9 lundi par les d\u00e9put\u00e9s, par l\u2019interm\u00e9diaire de l\u2019adoption surprise d\u2019une motion de rejet pr\u00e9alable, vot\u00e9e par la gauche et le Rassemblement national, alors que les rangs du bloc central \u00e9taient d\u00e9sert\u00e9s. L\u00e0 o\u00f9 les opposants avaient clam\u00e9 une victoire, le cabinet de Mme\u00a0Dati avait salu\u00e9 , se montrant satisfait de voir le texte aller . Cet examen du S\u00e9nat ne constituera toutefois pas l\u2019ultime \u00e9tape parlementaire pour ce texte, car il devra ensuite retourner \u00e0 l\u2019Assembl\u00e9e nationale en deuxi\u00e8me lecture. Avant d\u2019\u00eatre tranch\u00e9 par les parlementaires des deux chambres en commission mixte paritaire si un d\u00e9saccord subsiste.    Le Monde avec AFP      S\u2019abonner   Contribuer\" \/>\n<meta name=\"robots\" content=\"noindex, follow, max-snippet:-1, max-image-preview:large, max-video-preview:-1\" \/>\n<meta property=\"og:locale\" content=\"fr_FR\" \/>\n<meta property=\"og:type\" content=\"article\" \/>\n<meta property=\"og:title\" content=\"Audiovisuel public\u00a0: la r\u00e9forme, rejet\u00e9e par les d\u00e9put\u00e9s, revient au S\u00e9nat d\u00e8s le 10\u00a0juillet - vof-news.eu\" \/>\n<meta property=\"og:description\" content=\"Le S\u00e9nat examinera d\u00e8s le 10\u00a0juillet la r\u00e9forme de l\u2019audiovisuel public d\u00e9fendue par la ministre de la culture, Rachida Dati, apr\u00e8s son rejet, lundi 30\u00a0juin, d\u2019embl\u00e9e \u00e0 l\u2019Assembl\u00e9e nationale, a annonc\u00e9 mardi 1er\u00a0juillet le pr\u00e9sident de s\u00e9ance au S\u00e9nat et vice-pr\u00e9sident de la chambre, Lo\u00efc Herv\u00e9 (Union centriste), en attendant la tenue mercredi soir d\u2019une r\u00e9union de la conf\u00e9rence des pr\u00e9sidents, charg\u00e9e d\u2019arr\u00eater l\u2019ordre du jour. Le vendredi 11\u00a0juillet sera \u00e9galement ouvert pour poursuivre l\u2019examen du texte si n\u00e9cessaire. La proposition de loi est soutenue au S\u00e9nat, qui en est \u00e0 l\u2019initiative par l\u2019interm\u00e9diaire du s\u00e9nateur Laurent Lafon (UDI, centre), auteur du texte. Le S\u00e9nat l\u2019avait adopt\u00e9e d\u00e8s le mois de juin\u00a02023 en premi\u00e8re lecture. Elle pr\u00e9voit de cr\u00e9er le 1er\u00a0janvier\u00a02026 une holding, France M\u00e9dias, qui chapeauterait France T\u00e9l\u00e9visions, Radio France et l\u2019INA (Institut national de l\u2019audiovisuel), sous l\u2019autorit\u00e9 d\u2019un pr\u00e9sident-directeur g\u00e9n\u00e9ral.   Rejet surprise des d\u00e9put\u00e9s Le texte a \u00e9t\u00e9 rejet\u00e9 lundi par les d\u00e9put\u00e9s, par l\u2019interm\u00e9diaire de l\u2019adoption surprise d\u2019une motion de rejet pr\u00e9alable, vot\u00e9e par la gauche et le Rassemblement national, alors que les rangs du bloc central \u00e9taient d\u00e9sert\u00e9s. L\u00e0 o\u00f9 les opposants avaient clam\u00e9 une victoire, le cabinet de Mme\u00a0Dati avait salu\u00e9 , se montrant satisfait de voir le texte aller . Cet examen du S\u00e9nat ne constituera toutefois pas l\u2019ultime \u00e9tape parlementaire pour ce texte, car il devra ensuite retourner \u00e0 l\u2019Assembl\u00e9e nationale en deuxi\u00e8me lecture. Avant d\u2019\u00eatre tranch\u00e9 par les parlementaires des deux chambres en commission mixte paritaire si un d\u00e9saccord subsiste.    Le Monde avec AFP      S\u2019abonner   Contribuer\" \/>\n<meta property=\"og:url\" content=\"https:\/\/vof-news.eu\/fr\/audiovisuel-public-la-reforme-rejetee-par-les-deputes-revient-au-senat-des-le-10-juillet\/\" \/>\n<meta property=\"og:site_name\" content=\"vof-news.eu\" \/>\n<meta property=\"article:published_time\" content=\"2025-07-01T16:32:20+00:00\" \/>\n<meta property=\"article:modified_time\" content=\"2025-07-01T16:32:36+00:00\" \/>\n<meta property=\"og:image\" content=\"https:\/\/vof-news.eu\/wp-content\/uploads\/2025\/07\/a3cdd6d_ftp-import-images-1-6yvofsc7bu6b-5294901-01-06.jpg\" \/>\n\t<meta property=\"og:image:width\" content=\"664\" \/>\n\t<meta property=\"og:image:height\" content=\"443\" \/>\n\t<meta property=\"og:image:type\" content=\"image\/jpeg\" \/>\n<meta name=\"author\" content=\"Author\" \/>\n<meta name=\"twitter:card\" content=\"summary_large_image\" \/>\n<meta name=\"twitter:label1\" content=\"\u00c9crit par\" \/>\n\t<meta name=\"twitter:data1\" content=\"Author\" \/>\n\t<meta name=\"twitter:label2\" content=\"Dur\u00e9e de lecture estim\u00e9e\" \/>\n\t<meta name=\"twitter:data2\" content=\"2 minutes\" \/>\n<script type=\"application\/ld+json\" class=\"yoast-schema-graph\">{\"@context\":\"https:\/\/schema.org\",\"@graph\":[{\"@type\":\"WebPage\",\"@id\":\"https:\/\/vof-news.eu\/fr\/audiovisuel-public-la-reforme-rejetee-par-les-deputes-revient-au-senat-des-le-10-juillet\/\",\"url\":\"https:\/\/vof-news.eu\/fr\/audiovisuel-public-la-reforme-rejetee-par-les-deputes-revient-au-senat-des-le-10-juillet\/\",\"name\":\"Audiovisuel public\u00a0: la r\u00e9forme, rejet\u00e9e par les d\u00e9put\u00e9s, revient au S\u00e9nat d\u00e8s le 10\u00a0juillet - vof-news.eu\",\"isPartOf\":{\"@id\":\"https:\/\/vof-news.eu\/fr\/#website\"},\"primaryImageOfPage\":{\"@id\":\"https:\/\/vof-news.eu\/fr\/audiovisuel-public-la-reforme-rejetee-par-les-deputes-revient-au-senat-des-le-10-juillet\/#primaryimage\"},\"image\":{\"@id\":\"https:\/\/vof-news.eu\/fr\/audiovisuel-public-la-reforme-rejetee-par-les-deputes-revient-au-senat-des-le-10-juillet\/#primaryimage\"},\"thumbnailUrl\":\"https:\/\/vof-news.eu\/wp-content\/uploads\/2025\/07\/a3cdd6d_ftp-import-images-1-6yvofsc7bu6b-5294901-01-06.jpg\",\"datePublished\":\"2025-07-01T16:32:20+00:00\",\"dateModified\":\"2025-07-01T16:32:36+00:00\",\"author\":{\"@id\":\"https:\/\/vof-news.eu\/fr\/#\/schema\/person\/f6a2a4309f0561835797fd8c19b333ed\"},\"description\":\"Le S\u00e9nat examinera d\u00e8s le 10\u00a0juillet la r\u00e9forme de l\u2019audiovisuel public d\u00e9fendue par la ministre de la culture, Rachida Dati, apr\u00e8s son rejet, lundi 30\u00a0juin, d\u2019embl\u00e9e \u00e0 l\u2019Assembl\u00e9e nationale, a annonc\u00e9 mardi 1er\u00a0juillet le pr\u00e9sident de s\u00e9ance au S\u00e9nat et vice-pr\u00e9sident de la chambre, Lo\u00efc Herv\u00e9 (Union centriste), en attendant la tenue mercredi soir d\u2019une r\u00e9union de la conf\u00e9rence des pr\u00e9sidents, charg\u00e9e d\u2019arr\u00eater l\u2019ordre du jour. Le vendredi 11\u00a0juillet sera \u00e9galement ouvert pour poursuivre l\u2019examen du texte si n\u00e9cessaire. La proposition de loi est soutenue au S\u00e9nat, qui en est \u00e0 l\u2019initiative par l\u2019interm\u00e9diaire du s\u00e9nateur Laurent Lafon (UDI, centre), auteur du texte. Le S\u00e9nat l\u2019avait adopt\u00e9e d\u00e8s le mois de juin\u00a02023 en premi\u00e8re lecture. Elle pr\u00e9voit de cr\u00e9er le 1er\u00a0janvier\u00a02026 une holding, France M\u00e9dias, qui chapeauterait France T\u00e9l\u00e9visions, Radio France et l\u2019INA (Institut national de l\u2019audiovisuel), sous l\u2019autorit\u00e9 d\u2019un pr\u00e9sident-directeur g\u00e9n\u00e9ral. Rejet surprise des d\u00e9put\u00e9s Le texte a \u00e9t\u00e9 rejet\u00e9 lundi par les d\u00e9put\u00e9s, par l\u2019interm\u00e9diaire de l\u2019adoption surprise d\u2019une motion de rejet pr\u00e9alable, vot\u00e9e par la gauche et le Rassemblement national, alors que les rangs du bloc central \u00e9taient d\u00e9sert\u00e9s. L\u00e0 o\u00f9 les opposants avaient clam\u00e9 une victoire, le cabinet de Mme\u00a0Dati avait salu\u00e9 , se montrant satisfait de voir le texte aller . Cet examen du S\u00e9nat ne constituera toutefois pas l\u2019ultime \u00e9tape parlementaire pour ce texte, car il devra ensuite retourner \u00e0 l\u2019Assembl\u00e9e nationale en deuxi\u00e8me lecture. Avant d\u2019\u00eatre tranch\u00e9 par les parlementaires des deux chambres en commission mixte paritaire si un d\u00e9saccord subsiste. Le Monde avec AFP S\u2019abonner Contribuer\",\"breadcrumb\":{\"@id\":\"https:\/\/vof-news.eu\/fr\/audiovisuel-public-la-reforme-rejetee-par-les-deputes-revient-au-senat-des-le-10-juillet\/#breadcrumb\"},\"inLanguage\":\"fr-FR\",\"potentialAction\":[{\"@type\":\"ReadAction\",\"target\":[\"https:\/\/vof-news.eu\/fr\/audiovisuel-public-la-reforme-rejetee-par-les-deputes-revient-au-senat-des-le-10-juillet\/\"]}]},{\"@type\":\"ImageObject\",\"inLanguage\":\"fr-FR\",\"@id\":\"https:\/\/vof-news.eu\/fr\/audiovisuel-public-la-reforme-rejetee-par-les-deputes-revient-au-senat-des-le-10-juillet\/#primaryimage\",\"url\":\"https:\/\/vof-news.eu\/wp-content\/uploads\/2025\/07\/a3cdd6d_ftp-import-images-1-6yvofsc7bu6b-5294901-01-06.jpg\",\"contentUrl\":\"https:\/\/vof-news.eu\/wp-content\/uploads\/2025\/07\/a3cdd6d_ftp-import-images-1-6yvofsc7bu6b-5294901-01-06.jpg\",\"width\":664,\"height\":443},{\"@type\":\"BreadcrumbList\",\"@id\":\"https:\/\/vof-news.eu\/fr\/audiovisuel-public-la-reforme-rejetee-par-les-deputes-revient-au-senat-des-le-10-juillet\/#breadcrumb\",\"itemListElement\":[{\"@type\":\"ListItem\",\"position\":1,\"name\":\"Home\",\"item\":\"https:\/\/vof-news.eu\/fr\/\"},{\"@type\":\"ListItem\",\"position\":2,\"name\":\"Audiovisuel public\u00a0: la r\u00e9forme, rejet\u00e9e par les d\u00e9put\u00e9s, revient au S\u00e9nat d\u00e8s le 10\u00a0juillet\"}]},{\"@type\":\"WebSite\",\"@id\":\"https:\/\/vof-news.eu\/fr\/#website\",\"url\":\"https:\/\/vof-news.eu\/fr\/\",\"name\":\"vof-news.eu\",\"description\":\"\",\"potentialAction\":[{\"@type\":\"SearchAction\",\"target\":{\"@type\":\"EntryPoint\",\"urlTemplate\":\"https:\/\/vof-news.eu\/fr\/?s={search_term_string}\"},\"query-input\":\"required name=search_term_string\"}],\"inLanguage\":\"fr-FR\"},{\"@type\":\"Person\",\"@id\":\"https:\/\/vof-news.eu\/fr\/#\/schema\/person\/f6a2a4309f0561835797fd8c19b333ed\",\"name\":\"Author\",\"image\":{\"@type\":\"ImageObject\",\"inLanguage\":\"fr-FR\",\"@id\":\"https:\/\/vof-news.eu\/fr\/#\/schema\/person\/image\/\",\"url\":\"https:\/\/secure.gravatar.com\/avatar\/b67e614b1b25b3e9c0c239efdd2fde5ab015b5affd6f1c3c85911ca4b384e790?s=96&d=mm&r=g\",\"contentUrl\":\"https:\/\/secure.gravatar.com\/avatar\/b67e614b1b25b3e9c0c239efdd2fde5ab015b5affd6f1c3c85911ca4b384e790?s=96&d=mm&r=g\",\"caption\":\"Author\"},\"sameAs\":[\"http:\/\/vof-news.eu\"],\"url\":\"https:\/\/vof-news.eu\/fr\/author\/zwt6qxnjulxbnyg\/\"}]}<\/script>\n<!-- \/ Yoast SEO plugin. -->","yoast_head_json":{"title":"Audiovisuel public\u00a0: la r\u00e9forme, rejet\u00e9e par les d\u00e9put\u00e9s, revient au S\u00e9nat d\u00e8s le 10\u00a0juillet - vof-news.eu","description":"Le S\u00e9nat examinera d\u00e8s le 10\u00a0juillet la r\u00e9forme de l\u2019audiovisuel public d\u00e9fendue par la ministre de la culture, Rachida Dati, apr\u00e8s son rejet, lundi 30\u00a0juin, d\u2019embl\u00e9e \u00e0 l\u2019Assembl\u00e9e nationale, a annonc\u00e9 mardi 1er\u00a0juillet le pr\u00e9sident de s\u00e9ance au S\u00e9nat et vice-pr\u00e9sident de la chambre, Lo\u00efc Herv\u00e9 (Union centriste), en attendant la tenue mercredi soir d\u2019une r\u00e9union de la conf\u00e9rence des pr\u00e9sidents, charg\u00e9e d\u2019arr\u00eater l\u2019ordre du jour. Le vendredi 11\u00a0juillet sera \u00e9galement ouvert pour poursuivre l\u2019examen du texte si n\u00e9cessaire. La proposition de loi est soutenue au S\u00e9nat, qui en est \u00e0 l\u2019initiative par l\u2019interm\u00e9diaire du s\u00e9nateur Laurent Lafon (UDI, centre), auteur du texte. Le S\u00e9nat l\u2019avait adopt\u00e9e d\u00e8s le mois de juin\u00a02023 en premi\u00e8re lecture. Elle pr\u00e9voit de cr\u00e9er le 1er\u00a0janvier\u00a02026 une holding, France M\u00e9dias, qui chapeauterait France T\u00e9l\u00e9visions, Radio France et l\u2019INA (Institut national de l\u2019audiovisuel), sous l\u2019autorit\u00e9 d\u2019un pr\u00e9sident-directeur g\u00e9n\u00e9ral.   Rejet surprise des d\u00e9put\u00e9s Le texte a \u00e9t\u00e9 rejet\u00e9 lundi par les d\u00e9put\u00e9s, par l\u2019interm\u00e9diaire de l\u2019adoption surprise d\u2019une motion de rejet pr\u00e9alable, vot\u00e9e par la gauche et le Rassemblement national, alors que les rangs du bloc central \u00e9taient d\u00e9sert\u00e9s. L\u00e0 o\u00f9 les opposants avaient clam\u00e9 une victoire, le cabinet de Mme\u00a0Dati avait salu\u00e9 , se montrant satisfait de voir le texte aller . Cet examen du S\u00e9nat ne constituera toutefois pas l\u2019ultime \u00e9tape parlementaire pour ce texte, car il devra ensuite retourner \u00e0 l\u2019Assembl\u00e9e nationale en deuxi\u00e8me lecture. Avant d\u2019\u00eatre tranch\u00e9 par les parlementaires des deux chambres en commission mixte paritaire si un d\u00e9saccord subsiste.    Le Monde avec AFP      S\u2019abonner   Contribuer","robots":{"index":"noindex","follow":"follow","max-snippet":"max-snippet:-1","max-image-preview":"max-image-preview:large","max-video-preview":"max-video-preview:-1"},"og_locale":"fr_FR","og_type":"article","og_title":"Audiovisuel public\u00a0: la r\u00e9forme, rejet\u00e9e par les d\u00e9put\u00e9s, revient au S\u00e9nat d\u00e8s le 10\u00a0juillet - vof-news.eu","og_description":"Le S\u00e9nat examinera d\u00e8s le 10\u00a0juillet la r\u00e9forme de l\u2019audiovisuel public d\u00e9fendue par la ministre de la culture, Rachida Dati, apr\u00e8s son rejet, lundi 30\u00a0juin, d\u2019embl\u00e9e \u00e0 l\u2019Assembl\u00e9e nationale, a annonc\u00e9 mardi 1er\u00a0juillet le pr\u00e9sident de s\u00e9ance au S\u00e9nat et vice-pr\u00e9sident de la chambre, Lo\u00efc Herv\u00e9 (Union centriste), en attendant la tenue mercredi soir d\u2019une r\u00e9union de la conf\u00e9rence des pr\u00e9sidents, charg\u00e9e d\u2019arr\u00eater l\u2019ordre du jour. Le vendredi 11\u00a0juillet sera \u00e9galement ouvert pour poursuivre l\u2019examen du texte si n\u00e9cessaire. La proposition de loi est soutenue au S\u00e9nat, qui en est \u00e0 l\u2019initiative par l\u2019interm\u00e9diaire du s\u00e9nateur Laurent Lafon (UDI, centre), auteur du texte. Le S\u00e9nat l\u2019avait adopt\u00e9e d\u00e8s le mois de juin\u00a02023 en premi\u00e8re lecture. Elle pr\u00e9voit de cr\u00e9er le 1er\u00a0janvier\u00a02026 une holding, France M\u00e9dias, qui chapeauterait France T\u00e9l\u00e9visions, Radio France et l\u2019INA (Institut national de l\u2019audiovisuel), sous l\u2019autorit\u00e9 d\u2019un pr\u00e9sident-directeur g\u00e9n\u00e9ral.   Rejet surprise des d\u00e9put\u00e9s Le texte a \u00e9t\u00e9 rejet\u00e9 lundi par les d\u00e9put\u00e9s, par l\u2019interm\u00e9diaire de l\u2019adoption surprise d\u2019une motion de rejet pr\u00e9alable, vot\u00e9e par la gauche et le Rassemblement national, alors que les rangs du bloc central \u00e9taient d\u00e9sert\u00e9s. L\u00e0 o\u00f9 les opposants avaient clam\u00e9 une victoire, le cabinet de Mme\u00a0Dati avait salu\u00e9 , se montrant satisfait de voir le texte aller . Cet examen du S\u00e9nat ne constituera toutefois pas l\u2019ultime \u00e9tape parlementaire pour ce texte, car il devra ensuite retourner \u00e0 l\u2019Assembl\u00e9e nationale en deuxi\u00e8me lecture. Avant d\u2019\u00eatre tranch\u00e9 par les parlementaires des deux chambres en commission mixte paritaire si un d\u00e9saccord subsiste.    Le Monde avec AFP      S\u2019abonner   Contribuer","og_url":"https:\/\/vof-news.eu\/fr\/audiovisuel-public-la-reforme-rejetee-par-les-deputes-revient-au-senat-des-le-10-juillet\/","og_site_name":"vof-news.eu","article_published_time":"2025-07-01T16:32:20+00:00","article_modified_time":"2025-07-01T16:32:36+00:00","og_image":[{"width":664,"height":443,"url":"https:\/\/vof-news.eu\/wp-content\/uploads\/2025\/07\/a3cdd6d_ftp-import-images-1-6yvofsc7bu6b-5294901-01-06.jpg","type":"image\/jpeg"}],"author":"Author","twitter_card":"summary_large_image","twitter_misc":{"\u00c9crit par":"Author","Dur\u00e9e de lecture estim\u00e9e":"2 minutes"},"schema":{"@context":"https:\/\/schema.org","@graph":[{"@type":"WebPage","@id":"https:\/\/vof-news.eu\/fr\/audiovisuel-public-la-reforme-rejetee-par-les-deputes-revient-au-senat-des-le-10-juillet\/","url":"https:\/\/vof-news.eu\/fr\/audiovisuel-public-la-reforme-rejetee-par-les-deputes-revient-au-senat-des-le-10-juillet\/","name":"Audiovisuel public\u00a0: la r\u00e9forme, rejet\u00e9e par les d\u00e9put\u00e9s, revient au S\u00e9nat d\u00e8s le 10\u00a0juillet - vof-news.eu","isPartOf":{"@id":"https:\/\/vof-news.eu\/fr\/#website"},"primaryImageOfPage":{"@id":"https:\/\/vof-news.eu\/fr\/audiovisuel-public-la-reforme-rejetee-par-les-deputes-revient-au-senat-des-le-10-juillet\/#primaryimage"},"image":{"@id":"https:\/\/vof-news.eu\/fr\/audiovisuel-public-la-reforme-rejetee-par-les-deputes-revient-au-senat-des-le-10-juillet\/#primaryimage"},"thumbnailUrl":"https:\/\/vof-news.eu\/wp-content\/uploads\/2025\/07\/a3cdd6d_ftp-import-images-1-6yvofsc7bu6b-5294901-01-06.jpg","datePublished":"2025-07-01T16:32:20+00:00","dateModified":"2025-07-01T16:32:36+00:00","author":{"@id":"https:\/\/vof-news.eu\/fr\/#\/schema\/person\/f6a2a4309f0561835797fd8c19b333ed"},"description":"Le S\u00e9nat examinera d\u00e8s le 10\u00a0juillet la r\u00e9forme de l\u2019audiovisuel public d\u00e9fendue par la ministre de la culture, Rachida Dati, apr\u00e8s son rejet, lundi 30\u00a0juin, d\u2019embl\u00e9e \u00e0 l\u2019Assembl\u00e9e nationale, a annonc\u00e9 mardi 1er\u00a0juillet le pr\u00e9sident de s\u00e9ance au S\u00e9nat et vice-pr\u00e9sident de la chambre, Lo\u00efc Herv\u00e9 (Union centriste), en attendant la tenue mercredi soir d\u2019une r\u00e9union de la conf\u00e9rence des pr\u00e9sidents, charg\u00e9e d\u2019arr\u00eater l\u2019ordre du jour. Le vendredi 11\u00a0juillet sera \u00e9galement ouvert pour poursuivre l\u2019examen du texte si n\u00e9cessaire. La proposition de loi est soutenue au S\u00e9nat, qui en est \u00e0 l\u2019initiative par l\u2019interm\u00e9diaire du s\u00e9nateur Laurent Lafon (UDI, centre), auteur du texte. Le S\u00e9nat l\u2019avait adopt\u00e9e d\u00e8s le mois de juin\u00a02023 en premi\u00e8re lecture. Elle pr\u00e9voit de cr\u00e9er le 1er\u00a0janvier\u00a02026 une holding, France M\u00e9dias, qui chapeauterait France T\u00e9l\u00e9visions, Radio France et l\u2019INA (Institut national de l\u2019audiovisuel), sous l\u2019autorit\u00e9 d\u2019un pr\u00e9sident-directeur g\u00e9n\u00e9ral. Rejet surprise des d\u00e9put\u00e9s Le texte a \u00e9t\u00e9 rejet\u00e9 lundi par les d\u00e9put\u00e9s, par l\u2019interm\u00e9diaire de l\u2019adoption surprise d\u2019une motion de rejet pr\u00e9alable, vot\u00e9e par la gauche et le Rassemblement national, alors que les rangs du bloc central \u00e9taient d\u00e9sert\u00e9s. L\u00e0 o\u00f9 les opposants avaient clam\u00e9 une victoire, le cabinet de Mme\u00a0Dati avait salu\u00e9 , se montrant satisfait de voir le texte aller . Cet examen du S\u00e9nat ne constituera toutefois pas l\u2019ultime \u00e9tape parlementaire pour ce texte, car il devra ensuite retourner \u00e0 l\u2019Assembl\u00e9e nationale en deuxi\u00e8me lecture. Avant d\u2019\u00eatre tranch\u00e9 par les parlementaires des deux chambres en commission mixte paritaire si un d\u00e9saccord subsiste. Le Monde avec AFP S\u2019abonner Contribuer","breadcrumb":{"@id":"https:\/\/vof-news.eu\/fr\/audiovisuel-public-la-reforme-rejetee-par-les-deputes-revient-au-senat-des-le-10-juillet\/#breadcrumb"},"inLanguage":"fr-FR","potentialAction":[{"@type":"ReadAction","target":["https:\/\/vof-news.eu\/fr\/audiovisuel-public-la-reforme-rejetee-par-les-deputes-revient-au-senat-des-le-10-juillet\/"]}]},{"@type":"ImageObject","inLanguage":"fr-FR","@id":"https:\/\/vof-news.eu\/fr\/audiovisuel-public-la-reforme-rejetee-par-les-deputes-revient-au-senat-des-le-10-juillet\/#primaryimage","url":"https:\/\/vof-news.eu\/wp-content\/uploads\/2025\/07\/a3cdd6d_ftp-import-images-1-6yvofsc7bu6b-5294901-01-06.jpg","contentUrl":"https:\/\/vof-news.eu\/wp-content\/uploads\/2025\/07\/a3cdd6d_ftp-import-images-1-6yvofsc7bu6b-5294901-01-06.jpg","width":664,"height":443},{"@type":"BreadcrumbList","@id":"https:\/\/vof-news.eu\/fr\/audiovisuel-public-la-reforme-rejetee-par-les-deputes-revient-au-senat-des-le-10-juillet\/#breadcrumb","itemListElement":[{"@type":"ListItem","position":1,"name":"Home","item":"https:\/\/vof-news.eu\/fr\/"},{"@type":"ListItem","position":2,"name":"Audiovisuel public\u00a0: la r\u00e9forme, rejet\u00e9e par les d\u00e9put\u00e9s, revient au S\u00e9nat d\u00e8s le 10\u00a0juillet"}]},{"@type":"WebSite","@id":"https:\/\/vof-news.eu\/fr\/#website","url":"https:\/\/vof-news.eu\/fr\/","name":"vof-news.eu","description":"","potentialAction":[{"@type":"SearchAction","target":{"@type":"EntryPoint","urlTemplate":"https:\/\/vof-news.eu\/fr\/?s={search_term_string}"},"query-input":"required name=search_term_string"}],"inLanguage":"fr-FR"},{"@type":"Person","@id":"https:\/\/vof-news.eu\/fr\/#\/schema\/person\/f6a2a4309f0561835797fd8c19b333ed","name":"Author","image":{"@type":"ImageObject","inLanguage":"fr-FR","@id":"https:\/\/vof-news.eu\/fr\/#\/schema\/person\/image\/","url":"https:\/\/secure.gravatar.com\/avatar\/b67e614b1b25b3e9c0c239efdd2fde5ab015b5affd6f1c3c85911ca4b384e790?s=96&d=mm&r=g","contentUrl":"https:\/\/secure.gravatar.com\/avatar\/b67e614b1b25b3e9c0c239efdd2fde5ab015b5affd6f1c3c85911ca4b384e790?s=96&d=mm&r=g","caption":"Author"},"sameAs":["http:\/\/vof-news.eu"],"url":"https:\/\/vof-news.eu\/fr\/author\/zwt6qxnjulxbnyg\/"}]}},"yoast_meta":{"yoast_wpseo_title":"","yoast_wpseo_metadesc":"","yoast_wpseo_canonical":""},"_links":{"self":[{"href":"https:\/\/vof-news.eu\/fr\/wp-json\/wp\/v2\/posts\/244853","targetHints":{"allow":["GET"]}}],"collection":[{"href":"https:\/\/vof-news.eu\/fr\/wp-json\/wp\/v2\/posts"}],"about":[{"href":"https:\/\/vof-news.eu\/fr\/wp-json\/wp\/v2\/types\/post"}],"author":[{"embeddable":true,"href":"https:\/\/vof-news.eu\/fr\/wp-json\/wp\/v2\/users\/1"}],"replies":[{"embeddable":true,"href":"https:\/\/vof-news.eu\/fr\/wp-json\/wp\/v2\/comments?post=244853"}],"version-history":[{"count":1,"href":"https:\/\/vof-news.eu\/fr\/wp-json\/wp\/v2\/posts\/244853\/revisions"}],"predecessor-version":[{"id":244860,"href":"https:\/\/vof-news.eu\/fr\/wp-json\/wp\/v2\/posts\/244853\/revisions\/244860"}],"wp:featuredmedia":[{"embeddable":true,"href":"https:\/\/vof-news.eu\/fr\/wp-json\/wp\/v2\/media\/244854"}],"wp:attachment":[{"href":"https:\/\/vof-news.eu\/fr\/wp-json\/wp\/v2\/media?parent=244853"}],"wp:term":[{"taxonomy":"category","embeddable":true,"href":"https:\/\/vof-news.eu\/fr\/wp-json\/wp\/v2\/categories?post=244853"},{"taxonomy":"post_tag","embeddable":true,"href":"https:\/\/vof-news.eu\/fr\/wp-json\/wp\/v2\/tags?post=244853"}],"curies":[{"name":"wp","href":"https:\/\/api.w.org\/{rel}","templated":true}]}}