{"id":244845,"date":"2025-07-01T19:31:11","date_gmt":"2025-07-01T16:31:11","guid":{"rendered":"https:\/\/vof-news.eu\/canicule-linstallation-massive-de-volets-simpose-dans-le-debat-public\/"},"modified":"2025-07-01T19:31:43","modified_gmt":"2025-07-01T16:31:43","slug":"canicule-linstallation-massive-de-volets-simpose-dans-le-debat-public","status":"publish","type":"post","link":"https:\/\/vof-news.eu\/fr\/canicule-linstallation-massive-de-volets-simpose-dans-le-debat-public\/","title":{"rendered":"Canicule\u00a0: l\u2019installation massive de volets s\u2019impose dans le d\u00e9bat public"},"content":{"rendered":"<article>\n<p>Alors que les temp\u00e9ratures<a href=\"https:\/\/www.lemonde.fr\/planete\/article\/2025\/07\/01\/vigilance-rouge-canicule-en-changeant-de-couleur-la-menace-change-d-echelle_6617208_3244.html\" rel=\"nofollow\"> tutoient les 40\u00a0<\/a>\u00b0C<a href=\"https:\/\/www.lemonde.fr\/planete\/article\/2025\/07\/01\/vigilance-rouge-canicule-en-changeant-de-couleur-la-menace-change-d-echelle_6617208_3244.html\" rel=\"nofollow\"> sur une partie du territoire<\/a> et que le parc de b\u00e2timents pr\u00e9sente une vuln\u00e9rabilit\u00e9 importante aux fortes chaleurs, la solution du volet s\u2019impose dans le d\u00e9bat public. Les vitrages non prot\u00e9g\u00e9s exposent les occupants d\u2019un logement au rayonnement solaire direct, diffusent la chaleur emmagasin\u00e9e par la paroi et l\u2019emp\u00eachent de ressortir. , pr\u00e9cise l\u2019Agence parisienne du climat (APC). <\/p>\n<section>   <\/section>\n<p>Le choix des mat\u00e9riaux a son importance. Le bois conduit moins la chaleur, alors que l\u2019aluminium a tendance \u00e0 s\u2019\u00e9chauffer au soleil. Et pour les stores en toile, , conseille encore l\u2019APC, en soulignant qu\u2019il faut \u00e9galement privil\u00e9gier les couleurs. La pr\u00e9sence de volets permet ainsi de diminuer la temp\u00e9rature int\u00e9rieure de 2\u00a0\u00b0C lorsque la temp\u00e9rature ext\u00e9rieure est tr\u00e8s \u00e9lev\u00e9e, selon l\u2019Agence de l\u2019environnement et de la ma\u00eetrise de l\u2019\u00e9nergie. Si bien que fermer les volets en journ\u00e9e .<\/p>\n<p><strong>Il vous reste 76.99% de cet article \u00e0 lire. La suite est r\u00e9serv\u00e9e aux abonn\u00e9s.<\/strong><\/p>\n<\/article>\n","protected":false},"excerpt":{"rendered":"<p>Alors que les temp\u00e9ratures tutoient les 40\u00a0\u00b0C sur une partie du territoire et que le parc de b\u00e2timents pr\u00e9sente une vuln\u00e9rabilit\u00e9 importante aux fortes chaleurs, la solution du volet s\u2019impose dans le d\u00e9bat public. Les vitrages non prot\u00e9g\u00e9s exposent les occupants d\u2019un logement au rayonnement solaire direct, diffusent la chaleur emmagasin\u00e9e par la paroi et<\/p>\n","protected":false},"author":1,"featured_media":244846,"comment_status":"open","ping_status":"open","sticky":false,"template":"","format":"standard","meta":{"footnotes":""},"categories":[53],"tags":[],"class_list":["post-244845","post","type-post","status-publish","format-standard","has-post-thumbnail","hentry","category-main-news-fr"],"acf":[],"yoast_head":"<!-- This site is optimized with the Yoast SEO plugin v22.9 - https:\/\/yoast.com\/wordpress\/plugins\/seo\/ -->\n<title>Canicule\u00a0: l\u2019installation massive de volets s\u2019impose dans le d\u00e9bat public - vof-news.eu<\/title>\n<meta name=\"description\" content=\"Alors que les temp\u00e9ratures tutoient les 40\u00a0\u00b0C sur une partie du territoire et que le parc de b\u00e2timents pr\u00e9sente une vuln\u00e9rabilit\u00e9 importante aux fortes chaleurs, la solution du volet s\u2019impose dans le d\u00e9bat public. Les vitrages non prot\u00e9g\u00e9s exposent les occupants d\u2019un logement au rayonnement solaire direct, diffusent la chaleur emmagasin\u00e9e par la paroi et l\u2019emp\u00eachent de ressortir. , pr\u00e9cise l\u2019Agence parisienne du climat (APC).    Le choix des mat\u00e9riaux a son importance. Le bois conduit moins la chaleur, alors que l\u2019aluminium a tendance \u00e0 s\u2019\u00e9chauffer au soleil. Et pour les stores en toile, , conseille encore l\u2019APC, en soulignant qu\u2019il faut \u00e9galement privil\u00e9gier les couleurs. La pr\u00e9sence de volets permet ainsi de diminuer la temp\u00e9rature int\u00e9rieure de 2\u00a0\u00b0C lorsque la temp\u00e9rature ext\u00e9rieure est tr\u00e8s \u00e9lev\u00e9e, selon l\u2019Agence de l\u2019environnement et de la ma\u00eetrise de l\u2019\u00e9nergie. Si bien que fermer les volets en journ\u00e9e . Il vous reste 76.99% de cet article \u00e0 lire. La suite est r\u00e9serv\u00e9e aux abonn\u00e9s.\" \/>\n<meta name=\"robots\" content=\"noindex, follow, max-snippet:-1, max-image-preview:large, max-video-preview:-1\" \/>\n<meta property=\"og:locale\" content=\"fr_FR\" \/>\n<meta property=\"og:type\" content=\"article\" \/>\n<meta property=\"og:title\" content=\"Canicule\u00a0: l\u2019installation massive de volets s\u2019impose dans le d\u00e9bat public - vof-news.eu\" \/>\n<meta property=\"og:description\" content=\"Alors que les temp\u00e9ratures tutoient les 40\u00a0\u00b0C sur une partie du territoire et que le parc de b\u00e2timents pr\u00e9sente une vuln\u00e9rabilit\u00e9 importante aux fortes chaleurs, la solution du volet s\u2019impose dans le d\u00e9bat public. Les vitrages non prot\u00e9g\u00e9s exposent les occupants d\u2019un logement au rayonnement solaire direct, diffusent la chaleur emmagasin\u00e9e par la paroi et l\u2019emp\u00eachent de ressortir. , pr\u00e9cise l\u2019Agence parisienne du climat (APC).    Le choix des mat\u00e9riaux a son importance. Le bois conduit moins la chaleur, alors que l\u2019aluminium a tendance \u00e0 s\u2019\u00e9chauffer au soleil. Et pour les stores en toile, , conseille encore l\u2019APC, en soulignant qu\u2019il faut \u00e9galement privil\u00e9gier les couleurs. La pr\u00e9sence de volets permet ainsi de diminuer la temp\u00e9rature int\u00e9rieure de 2\u00a0\u00b0C lorsque la temp\u00e9rature ext\u00e9rieure est tr\u00e8s \u00e9lev\u00e9e, selon l\u2019Agence de l\u2019environnement et de la ma\u00eetrise de l\u2019\u00e9nergie. Si bien que fermer les volets en journ\u00e9e . Il vous reste 76.99% de cet article \u00e0 lire. La suite est r\u00e9serv\u00e9e aux abonn\u00e9s.\" \/>\n<meta property=\"og:url\" content=\"https:\/\/vof-news.eu\/fr\/canicule-linstallation-massive-de-volets-simpose-dans-le-debat-public\/\" \/>\n<meta property=\"og:site_name\" content=\"vof-news.eu\" \/>\n<meta property=\"article:published_time\" content=\"2025-07-01T16:31:11+00:00\" \/>\n<meta property=\"article:modified_time\" content=\"2025-07-01T16:31:43+00:00\" \/>\n<meta property=\"og:image\" content=\"https:\/\/vof-news.eu\/wp-content\/uploads\/2025\/07\/f0c1e8d_upload-1-eir6xjdcffdm-5h9a8284.jpg\" \/>\n\t<meta property=\"og:image:width\" content=\"664\" \/>\n\t<meta property=\"og:image:height\" content=\"443\" \/>\n\t<meta property=\"og:image:type\" content=\"image\/jpeg\" \/>\n<meta name=\"author\" content=\"Author\" \/>\n<meta name=\"twitter:card\" content=\"summary_large_image\" \/>\n<meta name=\"twitter:label1\" content=\"\u00c9crit par\" \/>\n\t<meta name=\"twitter:data1\" content=\"Author\" \/>\n\t<meta name=\"twitter:label2\" content=\"Dur\u00e9e de lecture estim\u00e9e\" \/>\n\t<meta name=\"twitter:data2\" content=\"1 minute\" \/>\n<script type=\"application\/ld+json\" class=\"yoast-schema-graph\">{\"@context\":\"https:\/\/schema.org\",\"@graph\":[{\"@type\":\"WebPage\",\"@id\":\"https:\/\/vof-news.eu\/fr\/canicule-linstallation-massive-de-volets-simpose-dans-le-debat-public\/\",\"url\":\"https:\/\/vof-news.eu\/fr\/canicule-linstallation-massive-de-volets-simpose-dans-le-debat-public\/\",\"name\":\"Canicule\u00a0: l\u2019installation massive de volets s\u2019impose dans le d\u00e9bat public - vof-news.eu\",\"isPartOf\":{\"@id\":\"https:\/\/vof-news.eu\/fr\/#website\"},\"primaryImageOfPage\":{\"@id\":\"https:\/\/vof-news.eu\/fr\/canicule-linstallation-massive-de-volets-simpose-dans-le-debat-public\/#primaryimage\"},\"image\":{\"@id\":\"https:\/\/vof-news.eu\/fr\/canicule-linstallation-massive-de-volets-simpose-dans-le-debat-public\/#primaryimage\"},\"thumbnailUrl\":\"https:\/\/vof-news.eu\/wp-content\/uploads\/2025\/07\/f0c1e8d_upload-1-eir6xjdcffdm-5h9a8284.jpg\",\"datePublished\":\"2025-07-01T16:31:11+00:00\",\"dateModified\":\"2025-07-01T16:31:43+00:00\",\"author\":{\"@id\":\"https:\/\/vof-news.eu\/fr\/#\/schema\/person\/f6a2a4309f0561835797fd8c19b333ed\"},\"description\":\"Alors que les temp\u00e9ratures tutoient les 40\u00a0\u00b0C sur une partie du territoire et que le parc de b\u00e2timents pr\u00e9sente une vuln\u00e9rabilit\u00e9 importante aux fortes chaleurs, la solution du volet s\u2019impose dans le d\u00e9bat public. Les vitrages non prot\u00e9g\u00e9s exposent les occupants d\u2019un logement au rayonnement solaire direct, diffusent la chaleur emmagasin\u00e9e par la paroi et l\u2019emp\u00eachent de ressortir. , pr\u00e9cise l\u2019Agence parisienne du climat (APC). Le choix des mat\u00e9riaux a son importance. Le bois conduit moins la chaleur, alors que l\u2019aluminium a tendance \u00e0 s\u2019\u00e9chauffer au soleil. Et pour les stores en toile, , conseille encore l\u2019APC, en soulignant qu\u2019il faut \u00e9galement privil\u00e9gier les couleurs. La pr\u00e9sence de volets permet ainsi de diminuer la temp\u00e9rature int\u00e9rieure de 2\u00a0\u00b0C lorsque la temp\u00e9rature ext\u00e9rieure est tr\u00e8s \u00e9lev\u00e9e, selon l\u2019Agence de l\u2019environnement et de la ma\u00eetrise de l\u2019\u00e9nergie. Si bien que fermer les volets en journ\u00e9e . Il vous reste 76.99% de cet article \u00e0 lire. La suite est r\u00e9serv\u00e9e aux abonn\u00e9s.\",\"breadcrumb\":{\"@id\":\"https:\/\/vof-news.eu\/fr\/canicule-linstallation-massive-de-volets-simpose-dans-le-debat-public\/#breadcrumb\"},\"inLanguage\":\"fr-FR\",\"potentialAction\":[{\"@type\":\"ReadAction\",\"target\":[\"https:\/\/vof-news.eu\/fr\/canicule-linstallation-massive-de-volets-simpose-dans-le-debat-public\/\"]}]},{\"@type\":\"ImageObject\",\"inLanguage\":\"fr-FR\",\"@id\":\"https:\/\/vof-news.eu\/fr\/canicule-linstallation-massive-de-volets-simpose-dans-le-debat-public\/#primaryimage\",\"url\":\"https:\/\/vof-news.eu\/wp-content\/uploads\/2025\/07\/f0c1e8d_upload-1-eir6xjdcffdm-5h9a8284.jpg\",\"contentUrl\":\"https:\/\/vof-news.eu\/wp-content\/uploads\/2025\/07\/f0c1e8d_upload-1-eir6xjdcffdm-5h9a8284.jpg\",\"width\":664,\"height\":443},{\"@type\":\"BreadcrumbList\",\"@id\":\"https:\/\/vof-news.eu\/fr\/canicule-linstallation-massive-de-volets-simpose-dans-le-debat-public\/#breadcrumb\",\"itemListElement\":[{\"@type\":\"ListItem\",\"position\":1,\"name\":\"Home\",\"item\":\"https:\/\/vof-news.eu\/fr\/\"},{\"@type\":\"ListItem\",\"position\":2,\"name\":\"Canicule\u00a0: l\u2019installation massive de volets s\u2019impose dans le d\u00e9bat public\"}]},{\"@type\":\"WebSite\",\"@id\":\"https:\/\/vof-news.eu\/fr\/#website\",\"url\":\"https:\/\/vof-news.eu\/fr\/\",\"name\":\"vof-news.eu\",\"description\":\"\",\"potentialAction\":[{\"@type\":\"SearchAction\",\"target\":{\"@type\":\"EntryPoint\",\"urlTemplate\":\"https:\/\/vof-news.eu\/fr\/?s={search_term_string}\"},\"query-input\":\"required name=search_term_string\"}],\"inLanguage\":\"fr-FR\"},{\"@type\":\"Person\",\"@id\":\"https:\/\/vof-news.eu\/fr\/#\/schema\/person\/f6a2a4309f0561835797fd8c19b333ed\",\"name\":\"Author\",\"image\":{\"@type\":\"ImageObject\",\"inLanguage\":\"fr-FR\",\"@id\":\"https:\/\/vof-news.eu\/fr\/#\/schema\/person\/image\/\",\"url\":\"https:\/\/secure.gravatar.com\/avatar\/b67e614b1b25b3e9c0c239efdd2fde5ab015b5affd6f1c3c85911ca4b384e790?s=96&d=mm&r=g\",\"contentUrl\":\"https:\/\/secure.gravatar.com\/avatar\/b67e614b1b25b3e9c0c239efdd2fde5ab015b5affd6f1c3c85911ca4b384e790?s=96&d=mm&r=g\",\"caption\":\"Author\"},\"sameAs\":[\"http:\/\/vof-news.eu\"],\"url\":\"https:\/\/vof-news.eu\/fr\/author\/zwt6qxnjulxbnyg\/\"}]}<\/script>\n<!-- \/ Yoast SEO plugin. -->","yoast_head_json":{"title":"Canicule\u00a0: l\u2019installation massive de volets s\u2019impose dans le d\u00e9bat public - vof-news.eu","description":"Alors que les temp\u00e9ratures tutoient les 40\u00a0\u00b0C sur une partie du territoire et que le parc de b\u00e2timents pr\u00e9sente une vuln\u00e9rabilit\u00e9 importante aux fortes chaleurs, la solution du volet s\u2019impose dans le d\u00e9bat public. Les vitrages non prot\u00e9g\u00e9s exposent les occupants d\u2019un logement au rayonnement solaire direct, diffusent la chaleur emmagasin\u00e9e par la paroi et l\u2019emp\u00eachent de ressortir. , pr\u00e9cise l\u2019Agence parisienne du climat (APC).    Le choix des mat\u00e9riaux a son importance. Le bois conduit moins la chaleur, alors que l\u2019aluminium a tendance \u00e0 s\u2019\u00e9chauffer au soleil. Et pour les stores en toile, , conseille encore l\u2019APC, en soulignant qu\u2019il faut \u00e9galement privil\u00e9gier les couleurs. La pr\u00e9sence de volets permet ainsi de diminuer la temp\u00e9rature int\u00e9rieure de 2\u00a0\u00b0C lorsque la temp\u00e9rature ext\u00e9rieure est tr\u00e8s \u00e9lev\u00e9e, selon l\u2019Agence de l\u2019environnement et de la ma\u00eetrise de l\u2019\u00e9nergie. Si bien que fermer les volets en journ\u00e9e . Il vous reste 76.99% de cet article \u00e0 lire. La suite est r\u00e9serv\u00e9e aux abonn\u00e9s.","robots":{"index":"noindex","follow":"follow","max-snippet":"max-snippet:-1","max-image-preview":"max-image-preview:large","max-video-preview":"max-video-preview:-1"},"og_locale":"fr_FR","og_type":"article","og_title":"Canicule\u00a0: l\u2019installation massive de volets s\u2019impose dans le d\u00e9bat public - vof-news.eu","og_description":"Alors que les temp\u00e9ratures tutoient les 40\u00a0\u00b0C sur une partie du territoire et que le parc de b\u00e2timents pr\u00e9sente une vuln\u00e9rabilit\u00e9 importante aux fortes chaleurs, la solution du volet s\u2019impose dans le d\u00e9bat public. Les vitrages non prot\u00e9g\u00e9s exposent les occupants d\u2019un logement au rayonnement solaire direct, diffusent la chaleur emmagasin\u00e9e par la paroi et l\u2019emp\u00eachent de ressortir. , pr\u00e9cise l\u2019Agence parisienne du climat (APC).    Le choix des mat\u00e9riaux a son importance. Le bois conduit moins la chaleur, alors que l\u2019aluminium a tendance \u00e0 s\u2019\u00e9chauffer au soleil. Et pour les stores en toile, , conseille encore l\u2019APC, en soulignant qu\u2019il faut \u00e9galement privil\u00e9gier les couleurs. La pr\u00e9sence de volets permet ainsi de diminuer la temp\u00e9rature int\u00e9rieure de 2\u00a0\u00b0C lorsque la temp\u00e9rature ext\u00e9rieure est tr\u00e8s \u00e9lev\u00e9e, selon l\u2019Agence de l\u2019environnement et de la ma\u00eetrise de l\u2019\u00e9nergie. Si bien que fermer les volets en journ\u00e9e . Il vous reste 76.99% de cet article \u00e0 lire. La suite est r\u00e9serv\u00e9e aux abonn\u00e9s.","og_url":"https:\/\/vof-news.eu\/fr\/canicule-linstallation-massive-de-volets-simpose-dans-le-debat-public\/","og_site_name":"vof-news.eu","article_published_time":"2025-07-01T16:31:11+00:00","article_modified_time":"2025-07-01T16:31:43+00:00","og_image":[{"width":664,"height":443,"url":"https:\/\/vof-news.eu\/wp-content\/uploads\/2025\/07\/f0c1e8d_upload-1-eir6xjdcffdm-5h9a8284.jpg","type":"image\/jpeg"}],"author":"Author","twitter_card":"summary_large_image","twitter_misc":{"\u00c9crit par":"Author","Dur\u00e9e de lecture estim\u00e9e":"1 minute"},"schema":{"@context":"https:\/\/schema.org","@graph":[{"@type":"WebPage","@id":"https:\/\/vof-news.eu\/fr\/canicule-linstallation-massive-de-volets-simpose-dans-le-debat-public\/","url":"https:\/\/vof-news.eu\/fr\/canicule-linstallation-massive-de-volets-simpose-dans-le-debat-public\/","name":"Canicule\u00a0: l\u2019installation massive de volets s\u2019impose dans le d\u00e9bat public - vof-news.eu","isPartOf":{"@id":"https:\/\/vof-news.eu\/fr\/#website"},"primaryImageOfPage":{"@id":"https:\/\/vof-news.eu\/fr\/canicule-linstallation-massive-de-volets-simpose-dans-le-debat-public\/#primaryimage"},"image":{"@id":"https:\/\/vof-news.eu\/fr\/canicule-linstallation-massive-de-volets-simpose-dans-le-debat-public\/#primaryimage"},"thumbnailUrl":"https:\/\/vof-news.eu\/wp-content\/uploads\/2025\/07\/f0c1e8d_upload-1-eir6xjdcffdm-5h9a8284.jpg","datePublished":"2025-07-01T16:31:11+00:00","dateModified":"2025-07-01T16:31:43+00:00","author":{"@id":"https:\/\/vof-news.eu\/fr\/#\/schema\/person\/f6a2a4309f0561835797fd8c19b333ed"},"description":"Alors que les temp\u00e9ratures tutoient les 40\u00a0\u00b0C sur une partie du territoire et que le parc de b\u00e2timents pr\u00e9sente une vuln\u00e9rabilit\u00e9 importante aux fortes chaleurs, la solution du volet s\u2019impose dans le d\u00e9bat public. Les vitrages non prot\u00e9g\u00e9s exposent les occupants d\u2019un logement au rayonnement solaire direct, diffusent la chaleur emmagasin\u00e9e par la paroi et l\u2019emp\u00eachent de ressortir. , pr\u00e9cise l\u2019Agence parisienne du climat (APC). Le choix des mat\u00e9riaux a son importance. Le bois conduit moins la chaleur, alors que l\u2019aluminium a tendance \u00e0 s\u2019\u00e9chauffer au soleil. Et pour les stores en toile, , conseille encore l\u2019APC, en soulignant qu\u2019il faut \u00e9galement privil\u00e9gier les couleurs. La pr\u00e9sence de volets permet ainsi de diminuer la temp\u00e9rature int\u00e9rieure de 2\u00a0\u00b0C lorsque la temp\u00e9rature ext\u00e9rieure est tr\u00e8s \u00e9lev\u00e9e, selon l\u2019Agence de l\u2019environnement et de la ma\u00eetrise de l\u2019\u00e9nergie. Si bien que fermer les volets en journ\u00e9e . Il vous reste 76.99% de cet article \u00e0 lire. La suite est r\u00e9serv\u00e9e aux abonn\u00e9s.","breadcrumb":{"@id":"https:\/\/vof-news.eu\/fr\/canicule-linstallation-massive-de-volets-simpose-dans-le-debat-public\/#breadcrumb"},"inLanguage":"fr-FR","potentialAction":[{"@type":"ReadAction","target":["https:\/\/vof-news.eu\/fr\/canicule-linstallation-massive-de-volets-simpose-dans-le-debat-public\/"]}]},{"@type":"ImageObject","inLanguage":"fr-FR","@id":"https:\/\/vof-news.eu\/fr\/canicule-linstallation-massive-de-volets-simpose-dans-le-debat-public\/#primaryimage","url":"https:\/\/vof-news.eu\/wp-content\/uploads\/2025\/07\/f0c1e8d_upload-1-eir6xjdcffdm-5h9a8284.jpg","contentUrl":"https:\/\/vof-news.eu\/wp-content\/uploads\/2025\/07\/f0c1e8d_upload-1-eir6xjdcffdm-5h9a8284.jpg","width":664,"height":443},{"@type":"BreadcrumbList","@id":"https:\/\/vof-news.eu\/fr\/canicule-linstallation-massive-de-volets-simpose-dans-le-debat-public\/#breadcrumb","itemListElement":[{"@type":"ListItem","position":1,"name":"Home","item":"https:\/\/vof-news.eu\/fr\/"},{"@type":"ListItem","position":2,"name":"Canicule\u00a0: l\u2019installation massive de volets s\u2019impose dans le d\u00e9bat public"}]},{"@type":"WebSite","@id":"https:\/\/vof-news.eu\/fr\/#website","url":"https:\/\/vof-news.eu\/fr\/","name":"vof-news.eu","description":"","potentialAction":[{"@type":"SearchAction","target":{"@type":"EntryPoint","urlTemplate":"https:\/\/vof-news.eu\/fr\/?s={search_term_string}"},"query-input":"required name=search_term_string"}],"inLanguage":"fr-FR"},{"@type":"Person","@id":"https:\/\/vof-news.eu\/fr\/#\/schema\/person\/f6a2a4309f0561835797fd8c19b333ed","name":"Author","image":{"@type":"ImageObject","inLanguage":"fr-FR","@id":"https:\/\/vof-news.eu\/fr\/#\/schema\/person\/image\/","url":"https:\/\/secure.gravatar.com\/avatar\/b67e614b1b25b3e9c0c239efdd2fde5ab015b5affd6f1c3c85911ca4b384e790?s=96&d=mm&r=g","contentUrl":"https:\/\/secure.gravatar.com\/avatar\/b67e614b1b25b3e9c0c239efdd2fde5ab015b5affd6f1c3c85911ca4b384e790?s=96&d=mm&r=g","caption":"Author"},"sameAs":["http:\/\/vof-news.eu"],"url":"https:\/\/vof-news.eu\/fr\/author\/zwt6qxnjulxbnyg\/"}]}},"yoast_meta":{"yoast_wpseo_title":"","yoast_wpseo_metadesc":"","yoast_wpseo_canonical":""},"_links":{"self":[{"href":"https:\/\/vof-news.eu\/fr\/wp-json\/wp\/v2\/posts\/244845","targetHints":{"allow":["GET"]}}],"collection":[{"href":"https:\/\/vof-news.eu\/fr\/wp-json\/wp\/v2\/posts"}],"about":[{"href":"https:\/\/vof-news.eu\/fr\/wp-json\/wp\/v2\/types\/post"}],"author":[{"embeddable":true,"href":"https:\/\/vof-news.eu\/fr\/wp-json\/wp\/v2\/users\/1"}],"replies":[{"embeddable":true,"href":"https:\/\/vof-news.eu\/fr\/wp-json\/wp\/v2\/comments?post=244845"}],"version-history":[{"count":1,"href":"https:\/\/vof-news.eu\/fr\/wp-json\/wp\/v2\/posts\/244845\/revisions"}],"predecessor-version":[{"id":244852,"href":"https:\/\/vof-news.eu\/fr\/wp-json\/wp\/v2\/posts\/244845\/revisions\/244852"}],"wp:featuredmedia":[{"embeddable":true,"href":"https:\/\/vof-news.eu\/fr\/wp-json\/wp\/v2\/media\/244846"}],"wp:attachment":[{"href":"https:\/\/vof-news.eu\/fr\/wp-json\/wp\/v2\/media?parent=244845"}],"wp:term":[{"taxonomy":"category","embeddable":true,"href":"https:\/\/vof-news.eu\/fr\/wp-json\/wp\/v2\/categories?post=244845"},{"taxonomy":"post_tag","embeddable":true,"href":"https:\/\/vof-news.eu\/fr\/wp-json\/wp\/v2\/tags?post=244845"}],"curies":[{"name":"wp","href":"https:\/\/api.w.org\/{rel}","templated":true}]}}