{"id":244790,"date":"2025-07-01T17:30:11","date_gmt":"2025-07-01T14:30:11","guid":{"rendered":"https:\/\/vof-news.eu\/le-parlement-enterine-la-creation-dun-delit-d-homicide-routier\/"},"modified":"2025-07-01T17:30:43","modified_gmt":"2025-07-01T14:30:43","slug":"le-parlement-enterine-la-creation-dun-delit-d-homicide-routier","status":"publish","type":"post","link":"https:\/\/vof-news.eu\/fr\/le-parlement-enterine-la-creation-dun-delit-d-homicide-routier\/","title":{"rendered":"Le Parlement ent\u00e9rine la cr\u00e9ation d\u2019un d\u00e9lit d\u2019\u00ab\u00a0homicide routier\u00a0\u00bb"},"content":{"rendered":"<article>\n<p>C\u2019est une r\u00e9forme ch\u00e8re aux familles des victimes. Le Parlement a ent\u00e9rin\u00e9 mardi 1<sup>er<\/sup>\u00a0juillet la cr\u00e9ation d\u2019un d\u00e9lit , apr\u00e8s un ultime vote favorable du S\u00e9nat qui permettra la mise en place rapide de cette \u00e9volution juridique, r\u00e9clam\u00e9e de longue date.<\/p>\n<p>Relanc\u00e9 en f\u00e9vrier\u00a02023 par <a href=\"https:\/\/www.lemonde.fr\/societe\/article\/2024\/11\/21\/au-proces-de-pierre-palmade-condamne-a-cinq-ans-de-prison-dont-deux-ferme-le-recit-de-trente-cinq-ans-d-addictions-et-une-famille-brisee_6405996_3224.html\" rel=\"nofollow\">l\u2019accident provoqu\u00e9 par le com\u00e9dien Pierre Palmade<\/a>, le d\u00e9bat aboutit donc au Parlement avec l\u2019adoption d\u00e9finitive de cette loi. Elle permettra de poursuivre les responsables d\u2019accidents mortels accompagn\u00e9s d\u2019une circonstance aggravante (comme la consommation de stup\u00e9fiants ou le d\u00e9faut de permis) pour  et non plus pour , un qualificatif d\u00e9nonc\u00e9 par les victimes.<\/p>\n<section>   <\/section>\n<section>\n<p> <span>Le Monde avec AFP<\/span> <\/p>\n<\/section>\n<section>\n<section>\n<header>   <\/header>\n<section>\n<section> <a href=\"https:\/\/abo.lemonde.fr\/?lmd_medium=BOUTONS_LMFR&amp;lmd_campaign=CONTRIBUTION_ARTICLE\" rel=\"nofollow\">S\u2019abonner<\/a> <\/section>\n<\/section>\n<section><\/section>\n<\/section>\n<p>Contribuer<\/p>\n<p> <a href=\"https:\/\/www.lemonde.fr\/syndication\/\" rel=\"nofollow\">R\u00e9utiliser ce contenu<\/a> <\/section>\n<\/article>\n","protected":false},"excerpt":{"rendered":"<p>C\u2019est une r\u00e9forme ch\u00e8re aux familles des victimes. Le Parlement a ent\u00e9rin\u00e9 mardi 1er\u00a0juillet la cr\u00e9ation d\u2019un d\u00e9lit , apr\u00e8s un ultime vote favorable du S\u00e9nat qui permettra la mise en place rapide de cette \u00e9volution juridique, r\u00e9clam\u00e9e de longue date. Relanc\u00e9 en f\u00e9vrier\u00a02023 par l\u2019accident provoqu\u00e9 par le com\u00e9dien Pierre Palmade, le d\u00e9bat aboutit<\/p>\n","protected":false},"author":1,"featured_media":0,"comment_status":"open","ping_status":"open","sticky":false,"template":"","format":"standard","meta":{"footnotes":""},"categories":[53],"tags":[],"class_list":["post-244790","post","type-post","status-publish","format-standard","hentry","category-main-news-fr"],"acf":[],"yoast_head":"<!-- This site is optimized with the Yoast SEO plugin v22.9 - https:\/\/yoast.com\/wordpress\/plugins\/seo\/ -->\n<title>Le Parlement ent\u00e9rine la cr\u00e9ation d\u2019un d\u00e9lit d\u2019\u00ab\u00a0homicide routier\u00a0\u00bb - vof-news.eu<\/title>\n<meta name=\"description\" content=\"C\u2019est une r\u00e9forme ch\u00e8re aux familles des victimes. Le Parlement a ent\u00e9rin\u00e9 mardi 1er\u00a0juillet la cr\u00e9ation d\u2019un d\u00e9lit , apr\u00e8s un ultime vote favorable du S\u00e9nat qui permettra la mise en place rapide de cette \u00e9volution juridique, r\u00e9clam\u00e9e de longue date. Relanc\u00e9 en f\u00e9vrier\u00a02023 par l\u2019accident provoqu\u00e9 par le com\u00e9dien Pierre Palmade, le d\u00e9bat aboutit donc au Parlement avec l\u2019adoption d\u00e9finitive de cette loi. Elle permettra de poursuivre les responsables d\u2019accidents mortels accompagn\u00e9s d\u2019une circonstance aggravante (comme la consommation de stup\u00e9fiants ou le d\u00e9faut de permis) pour et non plus pour , un qualificatif d\u00e9nonc\u00e9 par les victimes.    Le Monde avec AFP      S\u2019abonner   Contribuer R\u00e9utiliser ce contenu\" \/>\n<meta name=\"robots\" content=\"noindex, follow, max-snippet:-1, max-image-preview:large, max-video-preview:-1\" \/>\n<meta property=\"og:locale\" content=\"fr_FR\" \/>\n<meta property=\"og:type\" content=\"article\" \/>\n<meta property=\"og:title\" content=\"Le Parlement ent\u00e9rine la cr\u00e9ation d\u2019un d\u00e9lit d\u2019\u00ab\u00a0homicide routier\u00a0\u00bb - vof-news.eu\" \/>\n<meta property=\"og:description\" content=\"C\u2019est une r\u00e9forme ch\u00e8re aux familles des victimes. Le Parlement a ent\u00e9rin\u00e9 mardi 1er\u00a0juillet la cr\u00e9ation d\u2019un d\u00e9lit , apr\u00e8s un ultime vote favorable du S\u00e9nat qui permettra la mise en place rapide de cette \u00e9volution juridique, r\u00e9clam\u00e9e de longue date. Relanc\u00e9 en f\u00e9vrier\u00a02023 par l\u2019accident provoqu\u00e9 par le com\u00e9dien Pierre Palmade, le d\u00e9bat aboutit donc au Parlement avec l\u2019adoption d\u00e9finitive de cette loi. Elle permettra de poursuivre les responsables d\u2019accidents mortels accompagn\u00e9s d\u2019une circonstance aggravante (comme la consommation de stup\u00e9fiants ou le d\u00e9faut de permis) pour et non plus pour , un qualificatif d\u00e9nonc\u00e9 par les victimes.    Le Monde avec AFP      S\u2019abonner   Contribuer R\u00e9utiliser ce contenu\" \/>\n<meta property=\"og:url\" content=\"https:\/\/vof-news.eu\/fr\/le-parlement-enterine-la-creation-dun-delit-d-homicide-routier\/\" \/>\n<meta property=\"og:site_name\" content=\"vof-news.eu\" \/>\n<meta property=\"article:published_time\" content=\"2025-07-01T14:30:11+00:00\" \/>\n<meta property=\"article:modified_time\" content=\"2025-07-01T14:30:43+00:00\" \/>\n<meta name=\"author\" content=\"Author\" \/>\n<meta name=\"twitter:card\" content=\"summary_large_image\" \/>\n<meta name=\"twitter:label1\" content=\"\u00c9crit par\" \/>\n\t<meta name=\"twitter:data1\" content=\"Author\" \/>\n\t<meta name=\"twitter:label2\" content=\"Dur\u00e9e de lecture estim\u00e9e\" \/>\n\t<meta name=\"twitter:data2\" content=\"1 minute\" \/>\n<script type=\"application\/ld+json\" class=\"yoast-schema-graph\">{\"@context\":\"https:\/\/schema.org\",\"@graph\":[{\"@type\":\"WebPage\",\"@id\":\"https:\/\/vof-news.eu\/fr\/le-parlement-enterine-la-creation-dun-delit-d-homicide-routier\/\",\"url\":\"https:\/\/vof-news.eu\/fr\/le-parlement-enterine-la-creation-dun-delit-d-homicide-routier\/\",\"name\":\"Le Parlement ent\u00e9rine la cr\u00e9ation d\u2019un d\u00e9lit d\u2019\u00ab\u00a0homicide routier\u00a0\u00bb - vof-news.eu\",\"isPartOf\":{\"@id\":\"https:\/\/vof-news.eu\/fr\/#website\"},\"datePublished\":\"2025-07-01T14:30:11+00:00\",\"dateModified\":\"2025-07-01T14:30:43+00:00\",\"author\":{\"@id\":\"https:\/\/vof-news.eu\/fr\/#\/schema\/person\/f6a2a4309f0561835797fd8c19b333ed\"},\"description\":\"C\u2019est une r\u00e9forme ch\u00e8re aux familles des victimes. Le Parlement a ent\u00e9rin\u00e9 mardi 1er\u00a0juillet la cr\u00e9ation d\u2019un d\u00e9lit , apr\u00e8s un ultime vote favorable du S\u00e9nat qui permettra la mise en place rapide de cette \u00e9volution juridique, r\u00e9clam\u00e9e de longue date. Relanc\u00e9 en f\u00e9vrier\u00a02023 par l\u2019accident provoqu\u00e9 par le com\u00e9dien Pierre Palmade, le d\u00e9bat aboutit donc au Parlement avec l\u2019adoption d\u00e9finitive de cette loi. Elle permettra de poursuivre les responsables d\u2019accidents mortels accompagn\u00e9s d\u2019une circonstance aggravante (comme la consommation de stup\u00e9fiants ou le d\u00e9faut de permis) pour et non plus pour , un qualificatif d\u00e9nonc\u00e9 par les victimes. Le Monde avec AFP S\u2019abonner Contribuer R\u00e9utiliser ce contenu\",\"breadcrumb\":{\"@id\":\"https:\/\/vof-news.eu\/fr\/le-parlement-enterine-la-creation-dun-delit-d-homicide-routier\/#breadcrumb\"},\"inLanguage\":\"fr-FR\",\"potentialAction\":[{\"@type\":\"ReadAction\",\"target\":[\"https:\/\/vof-news.eu\/fr\/le-parlement-enterine-la-creation-dun-delit-d-homicide-routier\/\"]}]},{\"@type\":\"BreadcrumbList\",\"@id\":\"https:\/\/vof-news.eu\/fr\/le-parlement-enterine-la-creation-dun-delit-d-homicide-routier\/#breadcrumb\",\"itemListElement\":[{\"@type\":\"ListItem\",\"position\":1,\"name\":\"Home\",\"item\":\"https:\/\/vof-news.eu\/fr\/\"},{\"@type\":\"ListItem\",\"position\":2,\"name\":\"Le Parlement ent\u00e9rine la cr\u00e9ation d\u2019un d\u00e9lit d\u2019\u00ab\u00a0homicide routier\u00a0\u00bb\"}]},{\"@type\":\"WebSite\",\"@id\":\"https:\/\/vof-news.eu\/fr\/#website\",\"url\":\"https:\/\/vof-news.eu\/fr\/\",\"name\":\"vof-news.eu\",\"description\":\"\",\"potentialAction\":[{\"@type\":\"SearchAction\",\"target\":{\"@type\":\"EntryPoint\",\"urlTemplate\":\"https:\/\/vof-news.eu\/fr\/?s={search_term_string}\"},\"query-input\":\"required name=search_term_string\"}],\"inLanguage\":\"fr-FR\"},{\"@type\":\"Person\",\"@id\":\"https:\/\/vof-news.eu\/fr\/#\/schema\/person\/f6a2a4309f0561835797fd8c19b333ed\",\"name\":\"Author\",\"image\":{\"@type\":\"ImageObject\",\"inLanguage\":\"fr-FR\",\"@id\":\"https:\/\/vof-news.eu\/fr\/#\/schema\/person\/image\/\",\"url\":\"https:\/\/secure.gravatar.com\/avatar\/b67e614b1b25b3e9c0c239efdd2fde5ab015b5affd6f1c3c85911ca4b384e790?s=96&d=mm&r=g\",\"contentUrl\":\"https:\/\/secure.gravatar.com\/avatar\/b67e614b1b25b3e9c0c239efdd2fde5ab015b5affd6f1c3c85911ca4b384e790?s=96&d=mm&r=g\",\"caption\":\"Author\"},\"sameAs\":[\"http:\/\/vof-news.eu\"],\"url\":\"https:\/\/vof-news.eu\/fr\/author\/zwt6qxnjulxbnyg\/\"}]}<\/script>\n<!-- \/ Yoast SEO plugin. -->","yoast_head_json":{"title":"Le Parlement ent\u00e9rine la cr\u00e9ation d\u2019un d\u00e9lit d\u2019\u00ab\u00a0homicide routier\u00a0\u00bb - vof-news.eu","description":"C\u2019est une r\u00e9forme ch\u00e8re aux familles des victimes. Le Parlement a ent\u00e9rin\u00e9 mardi 1er\u00a0juillet la cr\u00e9ation d\u2019un d\u00e9lit , apr\u00e8s un ultime vote favorable du S\u00e9nat qui permettra la mise en place rapide de cette \u00e9volution juridique, r\u00e9clam\u00e9e de longue date. Relanc\u00e9 en f\u00e9vrier\u00a02023 par l\u2019accident provoqu\u00e9 par le com\u00e9dien Pierre Palmade, le d\u00e9bat aboutit donc au Parlement avec l\u2019adoption d\u00e9finitive de cette loi. Elle permettra de poursuivre les responsables d\u2019accidents mortels accompagn\u00e9s d\u2019une circonstance aggravante (comme la consommation de stup\u00e9fiants ou le d\u00e9faut de permis) pour et non plus pour , un qualificatif d\u00e9nonc\u00e9 par les victimes.    Le Monde avec AFP      S\u2019abonner   Contribuer R\u00e9utiliser ce contenu","robots":{"index":"noindex","follow":"follow","max-snippet":"max-snippet:-1","max-image-preview":"max-image-preview:large","max-video-preview":"max-video-preview:-1"},"og_locale":"fr_FR","og_type":"article","og_title":"Le Parlement ent\u00e9rine la cr\u00e9ation d\u2019un d\u00e9lit d\u2019\u00ab\u00a0homicide routier\u00a0\u00bb - vof-news.eu","og_description":"C\u2019est une r\u00e9forme ch\u00e8re aux familles des victimes. Le Parlement a ent\u00e9rin\u00e9 mardi 1er\u00a0juillet la cr\u00e9ation d\u2019un d\u00e9lit , apr\u00e8s un ultime vote favorable du S\u00e9nat qui permettra la mise en place rapide de cette \u00e9volution juridique, r\u00e9clam\u00e9e de longue date. Relanc\u00e9 en f\u00e9vrier\u00a02023 par l\u2019accident provoqu\u00e9 par le com\u00e9dien Pierre Palmade, le d\u00e9bat aboutit donc au Parlement avec l\u2019adoption d\u00e9finitive de cette loi. Elle permettra de poursuivre les responsables d\u2019accidents mortels accompagn\u00e9s d\u2019une circonstance aggravante (comme la consommation de stup\u00e9fiants ou le d\u00e9faut de permis) pour et non plus pour , un qualificatif d\u00e9nonc\u00e9 par les victimes.    Le Monde avec AFP      S\u2019abonner   Contribuer R\u00e9utiliser ce contenu","og_url":"https:\/\/vof-news.eu\/fr\/le-parlement-enterine-la-creation-dun-delit-d-homicide-routier\/","og_site_name":"vof-news.eu","article_published_time":"2025-07-01T14:30:11+00:00","article_modified_time":"2025-07-01T14:30:43+00:00","author":"Author","twitter_card":"summary_large_image","twitter_misc":{"\u00c9crit par":"Author","Dur\u00e9e de lecture estim\u00e9e":"1 minute"},"schema":{"@context":"https:\/\/schema.org","@graph":[{"@type":"WebPage","@id":"https:\/\/vof-news.eu\/fr\/le-parlement-enterine-la-creation-dun-delit-d-homicide-routier\/","url":"https:\/\/vof-news.eu\/fr\/le-parlement-enterine-la-creation-dun-delit-d-homicide-routier\/","name":"Le Parlement ent\u00e9rine la cr\u00e9ation d\u2019un d\u00e9lit d\u2019\u00ab\u00a0homicide routier\u00a0\u00bb - vof-news.eu","isPartOf":{"@id":"https:\/\/vof-news.eu\/fr\/#website"},"datePublished":"2025-07-01T14:30:11+00:00","dateModified":"2025-07-01T14:30:43+00:00","author":{"@id":"https:\/\/vof-news.eu\/fr\/#\/schema\/person\/f6a2a4309f0561835797fd8c19b333ed"},"description":"C\u2019est une r\u00e9forme ch\u00e8re aux familles des victimes. Le Parlement a ent\u00e9rin\u00e9 mardi 1er\u00a0juillet la cr\u00e9ation d\u2019un d\u00e9lit , apr\u00e8s un ultime vote favorable du S\u00e9nat qui permettra la mise en place rapide de cette \u00e9volution juridique, r\u00e9clam\u00e9e de longue date. Relanc\u00e9 en f\u00e9vrier\u00a02023 par l\u2019accident provoqu\u00e9 par le com\u00e9dien Pierre Palmade, le d\u00e9bat aboutit donc au Parlement avec l\u2019adoption d\u00e9finitive de cette loi. Elle permettra de poursuivre les responsables d\u2019accidents mortels accompagn\u00e9s d\u2019une circonstance aggravante (comme la consommation de stup\u00e9fiants ou le d\u00e9faut de permis) pour et non plus pour , un qualificatif d\u00e9nonc\u00e9 par les victimes. Le Monde avec AFP S\u2019abonner Contribuer R\u00e9utiliser ce contenu","breadcrumb":{"@id":"https:\/\/vof-news.eu\/fr\/le-parlement-enterine-la-creation-dun-delit-d-homicide-routier\/#breadcrumb"},"inLanguage":"fr-FR","potentialAction":[{"@type":"ReadAction","target":["https:\/\/vof-news.eu\/fr\/le-parlement-enterine-la-creation-dun-delit-d-homicide-routier\/"]}]},{"@type":"BreadcrumbList","@id":"https:\/\/vof-news.eu\/fr\/le-parlement-enterine-la-creation-dun-delit-d-homicide-routier\/#breadcrumb","itemListElement":[{"@type":"ListItem","position":1,"name":"Home","item":"https:\/\/vof-news.eu\/fr\/"},{"@type":"ListItem","position":2,"name":"Le Parlement ent\u00e9rine la cr\u00e9ation d\u2019un d\u00e9lit d\u2019\u00ab\u00a0homicide routier\u00a0\u00bb"}]},{"@type":"WebSite","@id":"https:\/\/vof-news.eu\/fr\/#website","url":"https:\/\/vof-news.eu\/fr\/","name":"vof-news.eu","description":"","potentialAction":[{"@type":"SearchAction","target":{"@type":"EntryPoint","urlTemplate":"https:\/\/vof-news.eu\/fr\/?s={search_term_string}"},"query-input":"required name=search_term_string"}],"inLanguage":"fr-FR"},{"@type":"Person","@id":"https:\/\/vof-news.eu\/fr\/#\/schema\/person\/f6a2a4309f0561835797fd8c19b333ed","name":"Author","image":{"@type":"ImageObject","inLanguage":"fr-FR","@id":"https:\/\/vof-news.eu\/fr\/#\/schema\/person\/image\/","url":"https:\/\/secure.gravatar.com\/avatar\/b67e614b1b25b3e9c0c239efdd2fde5ab015b5affd6f1c3c85911ca4b384e790?s=96&d=mm&r=g","contentUrl":"https:\/\/secure.gravatar.com\/avatar\/b67e614b1b25b3e9c0c239efdd2fde5ab015b5affd6f1c3c85911ca4b384e790?s=96&d=mm&r=g","caption":"Author"},"sameAs":["http:\/\/vof-news.eu"],"url":"https:\/\/vof-news.eu\/fr\/author\/zwt6qxnjulxbnyg\/"}]}},"yoast_meta":{"yoast_wpseo_title":"","yoast_wpseo_metadesc":"","yoast_wpseo_canonical":""},"_links":{"self":[{"href":"https:\/\/vof-news.eu\/fr\/wp-json\/wp\/v2\/posts\/244790","targetHints":{"allow":["GET"]}}],"collection":[{"href":"https:\/\/vof-news.eu\/fr\/wp-json\/wp\/v2\/posts"}],"about":[{"href":"https:\/\/vof-news.eu\/fr\/wp-json\/wp\/v2\/types\/post"}],"author":[{"embeddable":true,"href":"https:\/\/vof-news.eu\/fr\/wp-json\/wp\/v2\/users\/1"}],"replies":[{"embeddable":true,"href":"https:\/\/vof-news.eu\/fr\/wp-json\/wp\/v2\/comments?post=244790"}],"version-history":[{"count":1,"href":"https:\/\/vof-news.eu\/fr\/wp-json\/wp\/v2\/posts\/244790\/revisions"}],"predecessor-version":[{"id":244791,"href":"https:\/\/vof-news.eu\/fr\/wp-json\/wp\/v2\/posts\/244790\/revisions\/244791"}],"wp:attachment":[{"href":"https:\/\/vof-news.eu\/fr\/wp-json\/wp\/v2\/media?parent=244790"}],"wp:term":[{"taxonomy":"category","embeddable":true,"href":"https:\/\/vof-news.eu\/fr\/wp-json\/wp\/v2\/categories?post=244790"},{"taxonomy":"post_tag","embeddable":true,"href":"https:\/\/vof-news.eu\/fr\/wp-json\/wp\/v2\/tags?post=244790"}],"curies":[{"name":"wp","href":"https:\/\/api.w.org\/{rel}","templated":true}]}}