{"id":244733,"date":"2025-07-01T15:34:37","date_gmt":"2025-07-01T12:34:37","guid":{"rendered":"https:\/\/vof-news.eu\/automobile-derriere-la-baisse-des-ventes-de-voitures-neuves-la-robustesse-du-marche-de-loccasion\/"},"modified":"2025-07-01T15:34:53","modified_gmt":"2025-07-01T12:34:53","slug":"automobile-derriere-la-baisse-des-ventes-de-voitures-neuves-la-robustesse-du-marche-de-loccasion","status":"publish","type":"post","link":"https:\/\/vof-news.eu\/fr\/automobile-derriere-la-baisse-des-ventes-de-voitures-neuves-la-robustesse-du-marche-de-loccasion\/","title":{"rendered":"Automobile\u00a0: derri\u00e8re la baisse des ventes de voitures neuves, la robustesse du march\u00e9 de l\u2019occasion"},"content":{"rendered":"<article>\n<p>Rien de plus instructif, pour comprendre le march\u00e9 de l\u2019automobile d\u2019occasion, que de passer un peu de temps sur le forum de discussion d\u2019un site d\u2019annonces. On y croise cet automobiliste breton qui veut remplacer sa Renault Megane de 2011\u00a0par un v\u00e9hicule plus confortable . Ou encore Antoine, qui vient d\u2019avoir son troisi\u00e8me enfant et doit changer sa Toyota pour un v\u00e9hicule pouvant accueillir . Budget\u00a0:  Il y a aussi ce jeune conducteur qui signe sous le pseudonyme de Lesmicard. Il a rep\u00e9r\u00e9 une petite Peugeot de 1996, \u00e0 2\u00a0700\u00a0euros, et demande conseil aux internautes. R\u00e9ponse de l\u2019un des participants\u00a0: <\/p>\n<p>Voil\u00e0 r\u00e9sum\u00e9es, en quelques phrases, les grandes lignes de l\u2019occasion de l\u2019automobile\u00a0: un secteur qui reste dynamique malgr\u00e9 des prix en tension ces derni\u00e8res ann\u00e9es, alors m\u00eame que le march\u00e9 du neuf, lui, cale s\u00e9rieusement. En effet, seul le recours \u00e0 la seconde main permet \u00e0 une tr\u00e8s grande majorit\u00e9 de Fran\u00e7ais de s\u2019acheter une voiture, et cette robustesse de la demande se concr\u00e9tise dans les statistiques.<strong> <\/strong>Sur la premi\u00e8re moiti\u00e9 de l\u2019ann\u00e9e 2025, le march\u00e9 de l\u2019automobile d\u2019occasion a connu une hausse de 0,7\u00a0% \u00e0 plus de 2, 6\u00a0millions de voitures particuli\u00e8res, pendant qu\u2019en parall\u00e8le les ventes de v\u00e9hicules neufs de m\u00eame cat\u00e9gorie subissaient un recul de \u2013 8,2\u00a0% (840\u00a0000\u00a0voitures vendues), selon une estimation de AAA Data.<\/p>\n<p><strong>Il vous reste 73.49% de cet article \u00e0 lire. La suite est r\u00e9serv\u00e9e aux abonn\u00e9s.<\/strong><\/p>\n<\/article>\n","protected":false},"excerpt":{"rendered":"<p>Rien de plus instructif, pour comprendre le march\u00e9 de l\u2019automobile d\u2019occasion, que de passer un peu de temps sur le forum de discussion d\u2019un site d\u2019annonces. On y croise cet automobiliste breton qui veut remplacer sa Renault Megane de 2011\u00a0par un v\u00e9hicule plus confortable . Ou encore Antoine, qui vient d\u2019avoir son troisi\u00e8me enfant et<\/p>\n","protected":false},"author":1,"featured_media":244734,"comment_status":"open","ping_status":"open","sticky":false,"template":"","format":"standard","meta":{"footnotes":""},"categories":[58],"tags":[],"class_list":["post-244733","post","type-post","status-publish","format-standard","has-post-thumbnail","hentry","category-business-fr"],"acf":[],"yoast_head":"<!-- This site is optimized with the Yoast SEO plugin v22.9 - https:\/\/yoast.com\/wordpress\/plugins\/seo\/ -->\n<title>Automobile\u00a0: derri\u00e8re la baisse des ventes de voitures neuves, la robustesse du march\u00e9 de l\u2019occasion - vof-news.eu<\/title>\n<meta name=\"description\" content=\"Rien de plus instructif, pour comprendre le march\u00e9 de l\u2019automobile d\u2019occasion, que de passer un peu de temps sur le forum de discussion d\u2019un site d\u2019annonces. On y croise cet automobiliste breton qui veut remplacer sa Renault Megane de 2011\u00a0par un v\u00e9hicule plus confortable . Ou encore Antoine, qui vient d\u2019avoir son troisi\u00e8me enfant et doit changer sa Toyota pour un v\u00e9hicule pouvant accueillir . Budget\u00a0: Il y a aussi ce jeune conducteur qui signe sous le pseudonyme de Lesmicard. Il a rep\u00e9r\u00e9 une petite Peugeot de 1996, \u00e0 2\u00a0700\u00a0euros, et demande conseil aux internautes. R\u00e9ponse de l\u2019un des participants\u00a0:  Voil\u00e0 r\u00e9sum\u00e9es, en quelques phrases, les grandes lignes de l\u2019occasion de l\u2019automobile\u00a0: un secteur qui reste dynamique malgr\u00e9 des prix en tension ces derni\u00e8res ann\u00e9es, alors m\u00eame que le march\u00e9 du neuf, lui, cale s\u00e9rieusement. En effet, seul le recours \u00e0 la seconde main permet \u00e0 une tr\u00e8s grande majorit\u00e9 de Fran\u00e7ais de s\u2019acheter une voiture, et cette robustesse de la demande se concr\u00e9tise dans les statistiques. Sur la premi\u00e8re moiti\u00e9 de l\u2019ann\u00e9e 2025, le march\u00e9 de l\u2019automobile d\u2019occasion a connu une hausse de 0,7\u00a0% \u00e0 plus de 2, 6\u00a0millions de voitures particuli\u00e8res, pendant qu\u2019en parall\u00e8le les ventes de v\u00e9hicules neufs de m\u00eame cat\u00e9gorie subissaient un recul de \u2013 8,2\u00a0% (840\u00a0000\u00a0voitures vendues), selon une estimation de AAA Data. Il vous reste 73.49% de cet article \u00e0 lire. La suite est r\u00e9serv\u00e9e aux abonn\u00e9s.\" \/>\n<meta name=\"robots\" content=\"noindex, follow, max-snippet:-1, max-image-preview:large, max-video-preview:-1\" \/>\n<meta property=\"og:locale\" content=\"fr_FR\" \/>\n<meta property=\"og:type\" content=\"article\" \/>\n<meta property=\"og:title\" content=\"Automobile\u00a0: derri\u00e8re la baisse des ventes de voitures neuves, la robustesse du march\u00e9 de l\u2019occasion - vof-news.eu\" \/>\n<meta property=\"og:description\" content=\"Rien de plus instructif, pour comprendre le march\u00e9 de l\u2019automobile d\u2019occasion, que de passer un peu de temps sur le forum de discussion d\u2019un site d\u2019annonces. On y croise cet automobiliste breton qui veut remplacer sa Renault Megane de 2011\u00a0par un v\u00e9hicule plus confortable . Ou encore Antoine, qui vient d\u2019avoir son troisi\u00e8me enfant et doit changer sa Toyota pour un v\u00e9hicule pouvant accueillir . Budget\u00a0: Il y a aussi ce jeune conducteur qui signe sous le pseudonyme de Lesmicard. Il a rep\u00e9r\u00e9 une petite Peugeot de 1996, \u00e0 2\u00a0700\u00a0euros, et demande conseil aux internautes. R\u00e9ponse de l\u2019un des participants\u00a0:  Voil\u00e0 r\u00e9sum\u00e9es, en quelques phrases, les grandes lignes de l\u2019occasion de l\u2019automobile\u00a0: un secteur qui reste dynamique malgr\u00e9 des prix en tension ces derni\u00e8res ann\u00e9es, alors m\u00eame que le march\u00e9 du neuf, lui, cale s\u00e9rieusement. En effet, seul le recours \u00e0 la seconde main permet \u00e0 une tr\u00e8s grande majorit\u00e9 de Fran\u00e7ais de s\u2019acheter une voiture, et cette robustesse de la demande se concr\u00e9tise dans les statistiques. Sur la premi\u00e8re moiti\u00e9 de l\u2019ann\u00e9e 2025, le march\u00e9 de l\u2019automobile d\u2019occasion a connu une hausse de 0,7\u00a0% \u00e0 plus de 2, 6\u00a0millions de voitures particuli\u00e8res, pendant qu\u2019en parall\u00e8le les ventes de v\u00e9hicules neufs de m\u00eame cat\u00e9gorie subissaient un recul de \u2013 8,2\u00a0% (840\u00a0000\u00a0voitures vendues), selon une estimation de AAA Data. Il vous reste 73.49% de cet article \u00e0 lire. La suite est r\u00e9serv\u00e9e aux abonn\u00e9s.\" \/>\n<meta property=\"og:url\" content=\"https:\/\/vof-news.eu\/fr\/automobile-derriere-la-baisse-des-ventes-de-voitures-neuves-la-robustesse-du-marche-de-loccasion\/\" \/>\n<meta property=\"og:site_name\" content=\"vof-news.eu\" \/>\n<meta property=\"article:published_time\" content=\"2025-07-01T12:34:37+00:00\" \/>\n<meta property=\"article:modified_time\" content=\"2025-07-01T12:34:53+00:00\" \/>\n<meta property=\"og:image\" content=\"https:\/\/vof-news.eu\/wp-content\/uploads\/2025\/07\/441d8d6_upload-1-6qln3t5uevpd-000-9tp2bq.jpg\" \/>\n\t<meta property=\"og:image:width\" content=\"664\" \/>\n\t<meta property=\"og:image:height\" content=\"442\" \/>\n\t<meta property=\"og:image:type\" content=\"image\/jpeg\" \/>\n<meta name=\"author\" content=\"Author\" \/>\n<meta name=\"twitter:card\" content=\"summary_large_image\" \/>\n<meta name=\"twitter:label1\" content=\"\u00c9crit par\" \/>\n\t<meta name=\"twitter:data1\" content=\"Author\" \/>\n\t<meta name=\"twitter:label2\" content=\"Dur\u00e9e de lecture estim\u00e9e\" \/>\n\t<meta name=\"twitter:data2\" content=\"1 minute\" \/>\n<script type=\"application\/ld+json\" class=\"yoast-schema-graph\">{\"@context\":\"https:\/\/schema.org\",\"@graph\":[{\"@type\":\"WebPage\",\"@id\":\"https:\/\/vof-news.eu\/fr\/automobile-derriere-la-baisse-des-ventes-de-voitures-neuves-la-robustesse-du-marche-de-loccasion\/\",\"url\":\"https:\/\/vof-news.eu\/fr\/automobile-derriere-la-baisse-des-ventes-de-voitures-neuves-la-robustesse-du-marche-de-loccasion\/\",\"name\":\"Automobile\u00a0: derri\u00e8re la baisse des ventes de voitures neuves, la robustesse du march\u00e9 de l\u2019occasion - vof-news.eu\",\"isPartOf\":{\"@id\":\"https:\/\/vof-news.eu\/fr\/#website\"},\"primaryImageOfPage\":{\"@id\":\"https:\/\/vof-news.eu\/fr\/automobile-derriere-la-baisse-des-ventes-de-voitures-neuves-la-robustesse-du-marche-de-loccasion\/#primaryimage\"},\"image\":{\"@id\":\"https:\/\/vof-news.eu\/fr\/automobile-derriere-la-baisse-des-ventes-de-voitures-neuves-la-robustesse-du-marche-de-loccasion\/#primaryimage\"},\"thumbnailUrl\":\"https:\/\/vof-news.eu\/wp-content\/uploads\/2025\/07\/441d8d6_upload-1-6qln3t5uevpd-000-9tp2bq.jpg\",\"datePublished\":\"2025-07-01T12:34:37+00:00\",\"dateModified\":\"2025-07-01T12:34:53+00:00\",\"author\":{\"@id\":\"https:\/\/vof-news.eu\/fr\/#\/schema\/person\/f6a2a4309f0561835797fd8c19b333ed\"},\"description\":\"Rien de plus instructif, pour comprendre le march\u00e9 de l\u2019automobile d\u2019occasion, que de passer un peu de temps sur le forum de discussion d\u2019un site d\u2019annonces. On y croise cet automobiliste breton qui veut remplacer sa Renault Megane de 2011\u00a0par un v\u00e9hicule plus confortable . Ou encore Antoine, qui vient d\u2019avoir son troisi\u00e8me enfant et doit changer sa Toyota pour un v\u00e9hicule pouvant accueillir . Budget\u00a0: Il y a aussi ce jeune conducteur qui signe sous le pseudonyme de Lesmicard. Il a rep\u00e9r\u00e9 une petite Peugeot de 1996, \u00e0 2\u00a0700\u00a0euros, et demande conseil aux internautes. R\u00e9ponse de l\u2019un des participants\u00a0: Voil\u00e0 r\u00e9sum\u00e9es, en quelques phrases, les grandes lignes de l\u2019occasion de l\u2019automobile\u00a0: un secteur qui reste dynamique malgr\u00e9 des prix en tension ces derni\u00e8res ann\u00e9es, alors m\u00eame que le march\u00e9 du neuf, lui, cale s\u00e9rieusement. En effet, seul le recours \u00e0 la seconde main permet \u00e0 une tr\u00e8s grande majorit\u00e9 de Fran\u00e7ais de s\u2019acheter une voiture, et cette robustesse de la demande se concr\u00e9tise dans les statistiques. Sur la premi\u00e8re moiti\u00e9 de l\u2019ann\u00e9e 2025, le march\u00e9 de l\u2019automobile d\u2019occasion a connu une hausse de 0,7\u00a0% \u00e0 plus de 2, 6\u00a0millions de voitures particuli\u00e8res, pendant qu\u2019en parall\u00e8le les ventes de v\u00e9hicules neufs de m\u00eame cat\u00e9gorie subissaient un recul de \u2013 8,2\u00a0% (840\u00a0000\u00a0voitures vendues), selon une estimation de AAA Data. Il vous reste 73.49% de cet article \u00e0 lire. La suite est r\u00e9serv\u00e9e aux abonn\u00e9s.\",\"breadcrumb\":{\"@id\":\"https:\/\/vof-news.eu\/fr\/automobile-derriere-la-baisse-des-ventes-de-voitures-neuves-la-robustesse-du-marche-de-loccasion\/#breadcrumb\"},\"inLanguage\":\"fr-FR\",\"potentialAction\":[{\"@type\":\"ReadAction\",\"target\":[\"https:\/\/vof-news.eu\/fr\/automobile-derriere-la-baisse-des-ventes-de-voitures-neuves-la-robustesse-du-marche-de-loccasion\/\"]}]},{\"@type\":\"ImageObject\",\"inLanguage\":\"fr-FR\",\"@id\":\"https:\/\/vof-news.eu\/fr\/automobile-derriere-la-baisse-des-ventes-de-voitures-neuves-la-robustesse-du-marche-de-loccasion\/#primaryimage\",\"url\":\"https:\/\/vof-news.eu\/wp-content\/uploads\/2025\/07\/441d8d6_upload-1-6qln3t5uevpd-000-9tp2bq.jpg\",\"contentUrl\":\"https:\/\/vof-news.eu\/wp-content\/uploads\/2025\/07\/441d8d6_upload-1-6qln3t5uevpd-000-9tp2bq.jpg\",\"width\":664,\"height\":442},{\"@type\":\"BreadcrumbList\",\"@id\":\"https:\/\/vof-news.eu\/fr\/automobile-derriere-la-baisse-des-ventes-de-voitures-neuves-la-robustesse-du-marche-de-loccasion\/#breadcrumb\",\"itemListElement\":[{\"@type\":\"ListItem\",\"position\":1,\"name\":\"Home\",\"item\":\"https:\/\/vof-news.eu\/fr\/\"},{\"@type\":\"ListItem\",\"position\":2,\"name\":\"Automobile\u00a0: derri\u00e8re la baisse des ventes de voitures neuves, la robustesse du march\u00e9 de l\u2019occasion\"}]},{\"@type\":\"WebSite\",\"@id\":\"https:\/\/vof-news.eu\/fr\/#website\",\"url\":\"https:\/\/vof-news.eu\/fr\/\",\"name\":\"vof-news.eu\",\"description\":\"\",\"potentialAction\":[{\"@type\":\"SearchAction\",\"target\":{\"@type\":\"EntryPoint\",\"urlTemplate\":\"https:\/\/vof-news.eu\/fr\/?s={search_term_string}\"},\"query-input\":\"required name=search_term_string\"}],\"inLanguage\":\"fr-FR\"},{\"@type\":\"Person\",\"@id\":\"https:\/\/vof-news.eu\/fr\/#\/schema\/person\/f6a2a4309f0561835797fd8c19b333ed\",\"name\":\"Author\",\"image\":{\"@type\":\"ImageObject\",\"inLanguage\":\"fr-FR\",\"@id\":\"https:\/\/vof-news.eu\/fr\/#\/schema\/person\/image\/\",\"url\":\"https:\/\/secure.gravatar.com\/avatar\/b67e614b1b25b3e9c0c239efdd2fde5ab015b5affd6f1c3c85911ca4b384e790?s=96&d=mm&r=g\",\"contentUrl\":\"https:\/\/secure.gravatar.com\/avatar\/b67e614b1b25b3e9c0c239efdd2fde5ab015b5affd6f1c3c85911ca4b384e790?s=96&d=mm&r=g\",\"caption\":\"Author\"},\"sameAs\":[\"http:\/\/vof-news.eu\"],\"url\":\"https:\/\/vof-news.eu\/fr\/author\/zwt6qxnjulxbnyg\/\"}]}<\/script>\n<!-- \/ Yoast SEO plugin. -->","yoast_head_json":{"title":"Automobile\u00a0: derri\u00e8re la baisse des ventes de voitures neuves, la robustesse du march\u00e9 de l\u2019occasion - vof-news.eu","description":"Rien de plus instructif, pour comprendre le march\u00e9 de l\u2019automobile d\u2019occasion, que de passer un peu de temps sur le forum de discussion d\u2019un site d\u2019annonces. On y croise cet automobiliste breton qui veut remplacer sa Renault Megane de 2011\u00a0par un v\u00e9hicule plus confortable . Ou encore Antoine, qui vient d\u2019avoir son troisi\u00e8me enfant et doit changer sa Toyota pour un v\u00e9hicule pouvant accueillir . Budget\u00a0: Il y a aussi ce jeune conducteur qui signe sous le pseudonyme de Lesmicard. Il a rep\u00e9r\u00e9 une petite Peugeot de 1996, \u00e0 2\u00a0700\u00a0euros, et demande conseil aux internautes. R\u00e9ponse de l\u2019un des participants\u00a0:  Voil\u00e0 r\u00e9sum\u00e9es, en quelques phrases, les grandes lignes de l\u2019occasion de l\u2019automobile\u00a0: un secteur qui reste dynamique malgr\u00e9 des prix en tension ces derni\u00e8res ann\u00e9es, alors m\u00eame que le march\u00e9 du neuf, lui, cale s\u00e9rieusement. En effet, seul le recours \u00e0 la seconde main permet \u00e0 une tr\u00e8s grande majorit\u00e9 de Fran\u00e7ais de s\u2019acheter une voiture, et cette robustesse de la demande se concr\u00e9tise dans les statistiques. Sur la premi\u00e8re moiti\u00e9 de l\u2019ann\u00e9e 2025, le march\u00e9 de l\u2019automobile d\u2019occasion a connu une hausse de 0,7\u00a0% \u00e0 plus de 2, 6\u00a0millions de voitures particuli\u00e8res, pendant qu\u2019en parall\u00e8le les ventes de v\u00e9hicules neufs de m\u00eame cat\u00e9gorie subissaient un recul de \u2013 8,2\u00a0% (840\u00a0000\u00a0voitures vendues), selon une estimation de AAA Data. Il vous reste 73.49% de cet article \u00e0 lire. La suite est r\u00e9serv\u00e9e aux abonn\u00e9s.","robots":{"index":"noindex","follow":"follow","max-snippet":"max-snippet:-1","max-image-preview":"max-image-preview:large","max-video-preview":"max-video-preview:-1"},"og_locale":"fr_FR","og_type":"article","og_title":"Automobile\u00a0: derri\u00e8re la baisse des ventes de voitures neuves, la robustesse du march\u00e9 de l\u2019occasion - vof-news.eu","og_description":"Rien de plus instructif, pour comprendre le march\u00e9 de l\u2019automobile d\u2019occasion, que de passer un peu de temps sur le forum de discussion d\u2019un site d\u2019annonces. On y croise cet automobiliste breton qui veut remplacer sa Renault Megane de 2011\u00a0par un v\u00e9hicule plus confortable . Ou encore Antoine, qui vient d\u2019avoir son troisi\u00e8me enfant et doit changer sa Toyota pour un v\u00e9hicule pouvant accueillir . Budget\u00a0: Il y a aussi ce jeune conducteur qui signe sous le pseudonyme de Lesmicard. Il a rep\u00e9r\u00e9 une petite Peugeot de 1996, \u00e0 2\u00a0700\u00a0euros, et demande conseil aux internautes. R\u00e9ponse de l\u2019un des participants\u00a0:  Voil\u00e0 r\u00e9sum\u00e9es, en quelques phrases, les grandes lignes de l\u2019occasion de l\u2019automobile\u00a0: un secteur qui reste dynamique malgr\u00e9 des prix en tension ces derni\u00e8res ann\u00e9es, alors m\u00eame que le march\u00e9 du neuf, lui, cale s\u00e9rieusement. En effet, seul le recours \u00e0 la seconde main permet \u00e0 une tr\u00e8s grande majorit\u00e9 de Fran\u00e7ais de s\u2019acheter une voiture, et cette robustesse de la demande se concr\u00e9tise dans les statistiques. Sur la premi\u00e8re moiti\u00e9 de l\u2019ann\u00e9e 2025, le march\u00e9 de l\u2019automobile d\u2019occasion a connu une hausse de 0,7\u00a0% \u00e0 plus de 2, 6\u00a0millions de voitures particuli\u00e8res, pendant qu\u2019en parall\u00e8le les ventes de v\u00e9hicules neufs de m\u00eame cat\u00e9gorie subissaient un recul de \u2013 8,2\u00a0% (840\u00a0000\u00a0voitures vendues), selon une estimation de AAA Data. Il vous reste 73.49% de cet article \u00e0 lire. La suite est r\u00e9serv\u00e9e aux abonn\u00e9s.","og_url":"https:\/\/vof-news.eu\/fr\/automobile-derriere-la-baisse-des-ventes-de-voitures-neuves-la-robustesse-du-marche-de-loccasion\/","og_site_name":"vof-news.eu","article_published_time":"2025-07-01T12:34:37+00:00","article_modified_time":"2025-07-01T12:34:53+00:00","og_image":[{"width":664,"height":442,"url":"https:\/\/vof-news.eu\/wp-content\/uploads\/2025\/07\/441d8d6_upload-1-6qln3t5uevpd-000-9tp2bq.jpg","type":"image\/jpeg"}],"author":"Author","twitter_card":"summary_large_image","twitter_misc":{"\u00c9crit par":"Author","Dur\u00e9e de lecture estim\u00e9e":"1 minute"},"schema":{"@context":"https:\/\/schema.org","@graph":[{"@type":"WebPage","@id":"https:\/\/vof-news.eu\/fr\/automobile-derriere-la-baisse-des-ventes-de-voitures-neuves-la-robustesse-du-marche-de-loccasion\/","url":"https:\/\/vof-news.eu\/fr\/automobile-derriere-la-baisse-des-ventes-de-voitures-neuves-la-robustesse-du-marche-de-loccasion\/","name":"Automobile\u00a0: derri\u00e8re la baisse des ventes de voitures neuves, la robustesse du march\u00e9 de l\u2019occasion - vof-news.eu","isPartOf":{"@id":"https:\/\/vof-news.eu\/fr\/#website"},"primaryImageOfPage":{"@id":"https:\/\/vof-news.eu\/fr\/automobile-derriere-la-baisse-des-ventes-de-voitures-neuves-la-robustesse-du-marche-de-loccasion\/#primaryimage"},"image":{"@id":"https:\/\/vof-news.eu\/fr\/automobile-derriere-la-baisse-des-ventes-de-voitures-neuves-la-robustesse-du-marche-de-loccasion\/#primaryimage"},"thumbnailUrl":"https:\/\/vof-news.eu\/wp-content\/uploads\/2025\/07\/441d8d6_upload-1-6qln3t5uevpd-000-9tp2bq.jpg","datePublished":"2025-07-01T12:34:37+00:00","dateModified":"2025-07-01T12:34:53+00:00","author":{"@id":"https:\/\/vof-news.eu\/fr\/#\/schema\/person\/f6a2a4309f0561835797fd8c19b333ed"},"description":"Rien de plus instructif, pour comprendre le march\u00e9 de l\u2019automobile d\u2019occasion, que de passer un peu de temps sur le forum de discussion d\u2019un site d\u2019annonces. On y croise cet automobiliste breton qui veut remplacer sa Renault Megane de 2011\u00a0par un v\u00e9hicule plus confortable . Ou encore Antoine, qui vient d\u2019avoir son troisi\u00e8me enfant et doit changer sa Toyota pour un v\u00e9hicule pouvant accueillir . Budget\u00a0: Il y a aussi ce jeune conducteur qui signe sous le pseudonyme de Lesmicard. Il a rep\u00e9r\u00e9 une petite Peugeot de 1996, \u00e0 2\u00a0700\u00a0euros, et demande conseil aux internautes. R\u00e9ponse de l\u2019un des participants\u00a0: Voil\u00e0 r\u00e9sum\u00e9es, en quelques phrases, les grandes lignes de l\u2019occasion de l\u2019automobile\u00a0: un secteur qui reste dynamique malgr\u00e9 des prix en tension ces derni\u00e8res ann\u00e9es, alors m\u00eame que le march\u00e9 du neuf, lui, cale s\u00e9rieusement. En effet, seul le recours \u00e0 la seconde main permet \u00e0 une tr\u00e8s grande majorit\u00e9 de Fran\u00e7ais de s\u2019acheter une voiture, et cette robustesse de la demande se concr\u00e9tise dans les statistiques. Sur la premi\u00e8re moiti\u00e9 de l\u2019ann\u00e9e 2025, le march\u00e9 de l\u2019automobile d\u2019occasion a connu une hausse de 0,7\u00a0% \u00e0 plus de 2, 6\u00a0millions de voitures particuli\u00e8res, pendant qu\u2019en parall\u00e8le les ventes de v\u00e9hicules neufs de m\u00eame cat\u00e9gorie subissaient un recul de \u2013 8,2\u00a0% (840\u00a0000\u00a0voitures vendues), selon une estimation de AAA Data. Il vous reste 73.49% de cet article \u00e0 lire. La suite est r\u00e9serv\u00e9e aux abonn\u00e9s.","breadcrumb":{"@id":"https:\/\/vof-news.eu\/fr\/automobile-derriere-la-baisse-des-ventes-de-voitures-neuves-la-robustesse-du-marche-de-loccasion\/#breadcrumb"},"inLanguage":"fr-FR","potentialAction":[{"@type":"ReadAction","target":["https:\/\/vof-news.eu\/fr\/automobile-derriere-la-baisse-des-ventes-de-voitures-neuves-la-robustesse-du-marche-de-loccasion\/"]}]},{"@type":"ImageObject","inLanguage":"fr-FR","@id":"https:\/\/vof-news.eu\/fr\/automobile-derriere-la-baisse-des-ventes-de-voitures-neuves-la-robustesse-du-marche-de-loccasion\/#primaryimage","url":"https:\/\/vof-news.eu\/wp-content\/uploads\/2025\/07\/441d8d6_upload-1-6qln3t5uevpd-000-9tp2bq.jpg","contentUrl":"https:\/\/vof-news.eu\/wp-content\/uploads\/2025\/07\/441d8d6_upload-1-6qln3t5uevpd-000-9tp2bq.jpg","width":664,"height":442},{"@type":"BreadcrumbList","@id":"https:\/\/vof-news.eu\/fr\/automobile-derriere-la-baisse-des-ventes-de-voitures-neuves-la-robustesse-du-marche-de-loccasion\/#breadcrumb","itemListElement":[{"@type":"ListItem","position":1,"name":"Home","item":"https:\/\/vof-news.eu\/fr\/"},{"@type":"ListItem","position":2,"name":"Automobile\u00a0: derri\u00e8re la baisse des ventes de voitures neuves, la robustesse du march\u00e9 de l\u2019occasion"}]},{"@type":"WebSite","@id":"https:\/\/vof-news.eu\/fr\/#website","url":"https:\/\/vof-news.eu\/fr\/","name":"vof-news.eu","description":"","potentialAction":[{"@type":"SearchAction","target":{"@type":"EntryPoint","urlTemplate":"https:\/\/vof-news.eu\/fr\/?s={search_term_string}"},"query-input":"required name=search_term_string"}],"inLanguage":"fr-FR"},{"@type":"Person","@id":"https:\/\/vof-news.eu\/fr\/#\/schema\/person\/f6a2a4309f0561835797fd8c19b333ed","name":"Author","image":{"@type":"ImageObject","inLanguage":"fr-FR","@id":"https:\/\/vof-news.eu\/fr\/#\/schema\/person\/image\/","url":"https:\/\/secure.gravatar.com\/avatar\/b67e614b1b25b3e9c0c239efdd2fde5ab015b5affd6f1c3c85911ca4b384e790?s=96&d=mm&r=g","contentUrl":"https:\/\/secure.gravatar.com\/avatar\/b67e614b1b25b3e9c0c239efdd2fde5ab015b5affd6f1c3c85911ca4b384e790?s=96&d=mm&r=g","caption":"Author"},"sameAs":["http:\/\/vof-news.eu"],"url":"https:\/\/vof-news.eu\/fr\/author\/zwt6qxnjulxbnyg\/"}]}},"yoast_meta":{"yoast_wpseo_title":"","yoast_wpseo_metadesc":"","yoast_wpseo_canonical":""},"_links":{"self":[{"href":"https:\/\/vof-news.eu\/fr\/wp-json\/wp\/v2\/posts\/244733","targetHints":{"allow":["GET"]}}],"collection":[{"href":"https:\/\/vof-news.eu\/fr\/wp-json\/wp\/v2\/posts"}],"about":[{"href":"https:\/\/vof-news.eu\/fr\/wp-json\/wp\/v2\/types\/post"}],"author":[{"embeddable":true,"href":"https:\/\/vof-news.eu\/fr\/wp-json\/wp\/v2\/users\/1"}],"replies":[{"embeddable":true,"href":"https:\/\/vof-news.eu\/fr\/wp-json\/wp\/v2\/comments?post=244733"}],"version-history":[{"count":1,"href":"https:\/\/vof-news.eu\/fr\/wp-json\/wp\/v2\/posts\/244733\/revisions"}],"predecessor-version":[{"id":244740,"href":"https:\/\/vof-news.eu\/fr\/wp-json\/wp\/v2\/posts\/244733\/revisions\/244740"}],"wp:featuredmedia":[{"embeddable":true,"href":"https:\/\/vof-news.eu\/fr\/wp-json\/wp\/v2\/media\/244734"}],"wp:attachment":[{"href":"https:\/\/vof-news.eu\/fr\/wp-json\/wp\/v2\/media?parent=244733"}],"wp:term":[{"taxonomy":"category","embeddable":true,"href":"https:\/\/vof-news.eu\/fr\/wp-json\/wp\/v2\/categories?post=244733"},{"taxonomy":"post_tag","embeddable":true,"href":"https:\/\/vof-news.eu\/fr\/wp-json\/wp\/v2\/tags?post=244733"}],"curies":[{"name":"wp","href":"https:\/\/api.w.org\/{rel}","templated":true}]}}