{"id":244709,"date":"2025-07-01T15:31:20","date_gmt":"2025-07-01T12:31:20","guid":{"rendered":"https:\/\/vof-news.eu\/emplois-fictifs-philippe-gomes-et-philippe-michel-deux-cadres-du-parti-caledonie-ensemble-condamnes\/"},"modified":"2025-07-01T15:31:49","modified_gmt":"2025-07-01T12:31:49","slug":"emplois-fictifs-philippe-gomes-et-philippe-michel-deux-cadres-du-parti-caledonie-ensemble-condamnes","status":"publish","type":"post","link":"https:\/\/vof-news.eu\/fr\/emplois-fictifs-philippe-gomes-et-philippe-michel-deux-cadres-du-parti-caledonie-ensemble-condamnes\/","title":{"rendered":"Emplois fictifs\u00a0: Philippe Gom\u00e8s et Philippe Michel, deux cadres du parti Cal\u00e9donie ensemble, condamn\u00e9s"},"content":{"rendered":"<article>\n<p>Deux responsables du parti non ind\u00e9pendantiste Cal\u00e9donie ensemble, Philippe Gom\u00e8s et Philippe Michel, ont \u00e9t\u00e9 condamn\u00e9s, mardi 1<sup>er<\/sup>\u00a0juillet, par le tribunal correctionnel de Noum\u00e9a \u00e0 trois et quatre ans de prison et cinq ans d\u2019in\u00e9ligibilit\u00e9 dans une affaire d\u2019emplois fictifs.<\/p>\n<p>L\u2019ex-d\u00e9put\u00e9 Philippe Gomes a \u00e9t\u00e9 condamn\u00e9 \u00e0 quatre ans de prison, dont deux ferme am\u00e9nag\u00e9s sous bracelet \u00e9lectronique, et cinq ans d\u2019in\u00e9ligibilit\u00e9. Philippe Michel, ancien pr\u00e9sident de la province Sud de Nouvelle-Cal\u00e9donie, a lui \u00e9t\u00e9 condamn\u00e9 \u00e0 trois ans de prison dont un ferme am\u00e9nag\u00e9 et cinq ans d\u2019in\u00e9ligibilit\u00e9. Ils ont aussi \u00e9t\u00e9 condamn\u00e9s \u00e0 des amendes de pr\u00e8s d\u2019un million d\u2019euros. Ces deux cadres comparaissaient pour d\u00e9tournements de fonds publics entre 2014 et 2018, quand leur formation \u00e9tait \u00e0 la t\u00eate de la province Sud. Ils sont soup\u00e7onn\u00e9s d\u2019avoir r\u00e9mun\u00e9r\u00e9 des collaborateurs politiques issus de la communaut\u00e9 wallisienne et futunienne pour des fonctions fictives.<\/p>\n<p><a href=\"https:\/\/caledonie-ensemble.nc\/01-juillet-2025-caledonie-ensemble-fait-appel-de-la-decision-rendue-ce-jour-par-le-tribunal-de-noumea\/\" rel=\"nofollow\">Dans un communiqu\u00e9<\/a>, Cal\u00e9donie ensemble annonce faire appel, estimant la d\u00e9cision . Le parti compte \u00e9galement d\u00e9poser  un r\u00e9f\u00e9r\u00e9 suspension et un recours devant le Conseil d\u2019Etat en ce qui concerne la d\u00e9cision d\u2019in\u00e9ligibilit\u00e9. L\u2019ex\u00e9cution provisoire des peines d\u2019in\u00e9ligibilit\u00e9 rend les mandats des deux cadres, \u00e9lus de la province Sud et du Congr\u00e8s cal\u00e9donien, imm\u00e9diatement caducs.<\/p>\n<h2>Pratiques client\u00e9listes<\/h2>\n<p>, a d\u00e9clar\u00e9 leur avocat M<sup>e<\/sup> Fr\u00e9d\u00e9ric de Greslan aux journalistes, d\u00e9non\u00e7ant une  du droit. Cette condamnation a \u00e9galement des r\u00e9percussions politiques. La perte de deux si\u00e8ges prive Cal\u00e9donie ensemble de la possibilit\u00e9 de former un groupe au Congr\u00e8s de Nouvelle-Cal\u00e9donie.<\/p>\n<p>Dans son jugement, le tribunal d\u00e9crit un , visant \u00e0 , certains recrutements r\u00e9pondant \u00e0 . L\u2019avocat de la province Sud, M<sup>e <\/sup>Philippe Reuter, qui s\u2019\u00e9tait constitu\u00e9e partie civile, s\u2019est f\u00e9licit\u00e9 aupr\u00e8s de l\u2019Agence France-Presse du jugement, estimant qu\u2019il y avait .<\/p>\n<p>Ces pratiques client\u00e9listes n\u2019ont rien de nouveau en Nouvelle-Cal\u00e9donie. Cal\u00e9donie ensemble \u00e9tait d\u00e9j\u00e0 vis\u00e9 par une affaire similaire en\u00a02008, class\u00e9e sans suite. En avril\u00a02024, ce sont les maires loyalistes Willy Gatuhau et Harold Martin qui sont condamn\u00e9s pour achat de voix.<\/p>\n<p>La cheffe de file des Loyalistes, Sonia Back\u00e8s, a demand\u00e9 l\u2019exclusion de Philippe Gom\u00e8s <a href=\"https:\/\/www.lemonde.fr\/politique\/article\/2025\/05\/08\/nouvelle-caledonie-pas-d-accord-a-l-issue-de-trois-jours-de-negociations-sur-l-avenir-institutionnel_6603986_823448.html\" rel=\"nofollow\">des discussions sur l\u2019avenir institutionnel<\/a> pr\u00e9vues \u00e0 Paris \u00e0 partir de mercredi. Cette r\u00e9union est tr\u00e8s attendue, un peu plus d\u2019un an apr\u00e8s la violente insurrection ind\u00e9pendantiste de mai\u00a02024.<\/p>\n<section>   <\/section>\n<section>\n<p> <span>Le Monde avec AFP<\/span> <\/p>\n<\/section>\n<section>\n<section>\n<header>   <\/header>\n<section>\n<section> <a href=\"https:\/\/abo.lemonde.fr\/?lmd_medium=BOUTONS_LMFR&amp;lmd_campaign=CONTRIBUTION_ARTICLE\" rel=\"nofollow\">S\u2019abonner<\/a> <\/section>\n<\/section>\n<section><\/section>\n<\/section>\n<p>Contribuer<\/p>\n<p> <a href=\"https:\/\/www.lemonde.fr\/syndication\/\" rel=\"nofollow\">R\u00e9utiliser ce contenu<\/a> <\/section>\n<\/article>\n","protected":false},"excerpt":{"rendered":"<p>Deux responsables du parti non ind\u00e9pendantiste Cal\u00e9donie ensemble, Philippe Gom\u00e8s et Philippe Michel, ont \u00e9t\u00e9 condamn\u00e9s, mardi 1er\u00a0juillet, par le tribunal correctionnel de Noum\u00e9a \u00e0 trois et quatre ans de prison et cinq ans d\u2019in\u00e9ligibilit\u00e9 dans une affaire d\u2019emplois fictifs. L\u2019ex-d\u00e9put\u00e9 Philippe Gomes a \u00e9t\u00e9 condamn\u00e9 \u00e0 quatre ans de prison, dont deux ferme am\u00e9nag\u00e9s<\/p>\n","protected":false},"author":1,"featured_media":244710,"comment_status":"open","ping_status":"open","sticky":false,"template":"","format":"standard","meta":{"footnotes":""},"categories":[68],"tags":[],"class_list":["post-244709","post","type-post","status-publish","format-standard","has-post-thumbnail","hentry","category-politics-fr"],"acf":[],"yoast_head":"<!-- This site is optimized with the Yoast SEO plugin v22.9 - https:\/\/yoast.com\/wordpress\/plugins\/seo\/ -->\n<title>Emplois fictifs\u00a0: Philippe Gom\u00e8s et Philippe Michel, deux cadres du parti Cal\u00e9donie ensemble, condamn\u00e9s - vof-news.eu<\/title>\n<meta name=\"description\" content=\"Deux responsables du parti non ind\u00e9pendantiste Cal\u00e9donie ensemble, Philippe Gom\u00e8s et Philippe Michel, ont \u00e9t\u00e9 condamn\u00e9s, mardi 1er\u00a0juillet, par le tribunal correctionnel de Noum\u00e9a \u00e0 trois et quatre ans de prison et cinq ans d\u2019in\u00e9ligibilit\u00e9 dans une affaire d\u2019emplois fictifs. L\u2019ex-d\u00e9put\u00e9 Philippe Gomes a \u00e9t\u00e9 condamn\u00e9 \u00e0 quatre ans de prison, dont deux ferme am\u00e9nag\u00e9s sous bracelet \u00e9lectronique, et cinq ans d\u2019in\u00e9ligibilit\u00e9. Philippe Michel, ancien pr\u00e9sident de la province Sud de Nouvelle-Cal\u00e9donie, a lui \u00e9t\u00e9 condamn\u00e9 \u00e0 trois ans de prison dont un ferme am\u00e9nag\u00e9 et cinq ans d\u2019in\u00e9ligibilit\u00e9. Ils ont aussi \u00e9t\u00e9 condamn\u00e9s \u00e0 des amendes de pr\u00e8s d\u2019un million d\u2019euros. Ces deux cadres comparaissaient pour d\u00e9tournements de fonds publics entre 2014 et 2018, quand leur formation \u00e9tait \u00e0 la t\u00eate de la province Sud. Ils sont soup\u00e7onn\u00e9s d\u2019avoir r\u00e9mun\u00e9r\u00e9 des collaborateurs politiques issus de la communaut\u00e9 wallisienne et futunienne pour des fonctions fictives. Dans un communiqu\u00e9, Cal\u00e9donie ensemble annonce faire appel, estimant la d\u00e9cision . Le parti compte \u00e9galement d\u00e9poser un r\u00e9f\u00e9r\u00e9 suspension et un recours devant le Conseil d\u2019Etat en ce qui concerne la d\u00e9cision d\u2019in\u00e9ligibilit\u00e9. L\u2019ex\u00e9cution provisoire des peines d\u2019in\u00e9ligibilit\u00e9 rend les mandats des deux cadres, \u00e9lus de la province Sud et du Congr\u00e8s cal\u00e9donien, imm\u00e9diatement caducs. Pratiques client\u00e9listes , a d\u00e9clar\u00e9 leur avocat Me Fr\u00e9d\u00e9ric de Greslan aux journalistes, d\u00e9non\u00e7ant une du droit. Cette condamnation a \u00e9galement des r\u00e9percussions politiques. La perte de deux si\u00e8ges prive Cal\u00e9donie ensemble de la possibilit\u00e9 de former un groupe au Congr\u00e8s de Nouvelle-Cal\u00e9donie. Dans son jugement, le tribunal d\u00e9crit un , visant \u00e0 , certains recrutements r\u00e9pondant \u00e0 . L\u2019avocat de la province Sud, Me Philippe Reuter, qui s\u2019\u00e9tait constitu\u00e9e partie civile, s\u2019est f\u00e9licit\u00e9 aupr\u00e8s de l\u2019Agence France-Presse du jugement, estimant qu\u2019il y avait . Ces pratiques client\u00e9listes n\u2019ont rien de nouveau en Nouvelle-Cal\u00e9donie. Cal\u00e9donie ensemble \u00e9tait d\u00e9j\u00e0 vis\u00e9 par une affaire similaire en\u00a02008, class\u00e9e sans suite. En avril\u00a02024, ce sont les maires loyalistes Willy Gatuhau et Harold Martin qui sont condamn\u00e9s pour achat de voix. La cheffe de file des Loyalistes, Sonia Back\u00e8s, a demand\u00e9 l\u2019exclusion de Philippe Gom\u00e8s des discussions sur l\u2019avenir institutionnel pr\u00e9vues \u00e0 Paris \u00e0 partir de mercredi. Cette r\u00e9union est tr\u00e8s attendue, un peu plus d\u2019un an apr\u00e8s la violente insurrection ind\u00e9pendantiste de mai\u00a02024.    Le Monde avec AFP      S\u2019abonner   Contribuer R\u00e9utiliser ce contenu\" \/>\n<meta name=\"robots\" content=\"noindex, follow, max-snippet:-1, max-image-preview:large, max-video-preview:-1\" \/>\n<meta property=\"og:locale\" content=\"fr_FR\" \/>\n<meta property=\"og:type\" content=\"article\" \/>\n<meta property=\"og:title\" content=\"Emplois fictifs\u00a0: Philippe Gom\u00e8s et Philippe Michel, deux cadres du parti Cal\u00e9donie ensemble, condamn\u00e9s - vof-news.eu\" \/>\n<meta property=\"og:description\" content=\"Deux responsables du parti non ind\u00e9pendantiste Cal\u00e9donie ensemble, Philippe Gom\u00e8s et Philippe Michel, ont \u00e9t\u00e9 condamn\u00e9s, mardi 1er\u00a0juillet, par le tribunal correctionnel de Noum\u00e9a \u00e0 trois et quatre ans de prison et cinq ans d\u2019in\u00e9ligibilit\u00e9 dans une affaire d\u2019emplois fictifs. L\u2019ex-d\u00e9put\u00e9 Philippe Gomes a \u00e9t\u00e9 condamn\u00e9 \u00e0 quatre ans de prison, dont deux ferme am\u00e9nag\u00e9s sous bracelet \u00e9lectronique, et cinq ans d\u2019in\u00e9ligibilit\u00e9. Philippe Michel, ancien pr\u00e9sident de la province Sud de Nouvelle-Cal\u00e9donie, a lui \u00e9t\u00e9 condamn\u00e9 \u00e0 trois ans de prison dont un ferme am\u00e9nag\u00e9 et cinq ans d\u2019in\u00e9ligibilit\u00e9. Ils ont aussi \u00e9t\u00e9 condamn\u00e9s \u00e0 des amendes de pr\u00e8s d\u2019un million d\u2019euros. Ces deux cadres comparaissaient pour d\u00e9tournements de fonds publics entre 2014 et 2018, quand leur formation \u00e9tait \u00e0 la t\u00eate de la province Sud. Ils sont soup\u00e7onn\u00e9s d\u2019avoir r\u00e9mun\u00e9r\u00e9 des collaborateurs politiques issus de la communaut\u00e9 wallisienne et futunienne pour des fonctions fictives. Dans un communiqu\u00e9, Cal\u00e9donie ensemble annonce faire appel, estimant la d\u00e9cision . Le parti compte \u00e9galement d\u00e9poser un r\u00e9f\u00e9r\u00e9 suspension et un recours devant le Conseil d\u2019Etat en ce qui concerne la d\u00e9cision d\u2019in\u00e9ligibilit\u00e9. L\u2019ex\u00e9cution provisoire des peines d\u2019in\u00e9ligibilit\u00e9 rend les mandats des deux cadres, \u00e9lus de la province Sud et du Congr\u00e8s cal\u00e9donien, imm\u00e9diatement caducs. Pratiques client\u00e9listes , a d\u00e9clar\u00e9 leur avocat Me Fr\u00e9d\u00e9ric de Greslan aux journalistes, d\u00e9non\u00e7ant une du droit. Cette condamnation a \u00e9galement des r\u00e9percussions politiques. La perte de deux si\u00e8ges prive Cal\u00e9donie ensemble de la possibilit\u00e9 de former un groupe au Congr\u00e8s de Nouvelle-Cal\u00e9donie. Dans son jugement, le tribunal d\u00e9crit un , visant \u00e0 , certains recrutements r\u00e9pondant \u00e0 . L\u2019avocat de la province Sud, Me Philippe Reuter, qui s\u2019\u00e9tait constitu\u00e9e partie civile, s\u2019est f\u00e9licit\u00e9 aupr\u00e8s de l\u2019Agence France-Presse du jugement, estimant qu\u2019il y avait . Ces pratiques client\u00e9listes n\u2019ont rien de nouveau en Nouvelle-Cal\u00e9donie. Cal\u00e9donie ensemble \u00e9tait d\u00e9j\u00e0 vis\u00e9 par une affaire similaire en\u00a02008, class\u00e9e sans suite. En avril\u00a02024, ce sont les maires loyalistes Willy Gatuhau et Harold Martin qui sont condamn\u00e9s pour achat de voix. La cheffe de file des Loyalistes, Sonia Back\u00e8s, a demand\u00e9 l\u2019exclusion de Philippe Gom\u00e8s des discussions sur l\u2019avenir institutionnel pr\u00e9vues \u00e0 Paris \u00e0 partir de mercredi. Cette r\u00e9union est tr\u00e8s attendue, un peu plus d\u2019un an apr\u00e8s la violente insurrection ind\u00e9pendantiste de mai\u00a02024.    Le Monde avec AFP      S\u2019abonner   Contribuer R\u00e9utiliser ce contenu\" \/>\n<meta property=\"og:url\" content=\"https:\/\/vof-news.eu\/fr\/emplois-fictifs-philippe-gomes-et-philippe-michel-deux-cadres-du-parti-caledonie-ensemble-condamnes\/\" \/>\n<meta property=\"og:site_name\" content=\"vof-news.eu\" \/>\n<meta property=\"article:published_time\" content=\"2025-07-01T12:31:20+00:00\" \/>\n<meta property=\"article:modified_time\" content=\"2025-07-01T12:31:49+00:00\" \/>\n<meta property=\"og:image\" content=\"https:\/\/vof-news.eu\/wp-content\/uploads\/2025\/07\/4d3bd0c_5641626-01-06.jpg\" \/>\n\t<meta property=\"og:image:width\" content=\"664\" \/>\n\t<meta property=\"og:image:height\" content=\"443\" \/>\n\t<meta property=\"og:image:type\" content=\"image\/jpeg\" \/>\n<meta name=\"author\" content=\"Author\" \/>\n<meta name=\"twitter:card\" content=\"summary_large_image\" \/>\n<meta name=\"twitter:label1\" content=\"\u00c9crit par\" \/>\n\t<meta name=\"twitter:data1\" content=\"Author\" \/>\n\t<meta name=\"twitter:label2\" content=\"Dur\u00e9e de lecture estim\u00e9e\" \/>\n\t<meta name=\"twitter:data2\" content=\"2 minutes\" \/>\n<script type=\"application\/ld+json\" class=\"yoast-schema-graph\">{\"@context\":\"https:\/\/schema.org\",\"@graph\":[{\"@type\":\"WebPage\",\"@id\":\"https:\/\/vof-news.eu\/fr\/emplois-fictifs-philippe-gomes-et-philippe-michel-deux-cadres-du-parti-caledonie-ensemble-condamnes\/\",\"url\":\"https:\/\/vof-news.eu\/fr\/emplois-fictifs-philippe-gomes-et-philippe-michel-deux-cadres-du-parti-caledonie-ensemble-condamnes\/\",\"name\":\"Emplois fictifs\u00a0: Philippe Gom\u00e8s et Philippe Michel, deux cadres du parti Cal\u00e9donie ensemble, condamn\u00e9s - vof-news.eu\",\"isPartOf\":{\"@id\":\"https:\/\/vof-news.eu\/fr\/#website\"},\"primaryImageOfPage\":{\"@id\":\"https:\/\/vof-news.eu\/fr\/emplois-fictifs-philippe-gomes-et-philippe-michel-deux-cadres-du-parti-caledonie-ensemble-condamnes\/#primaryimage\"},\"image\":{\"@id\":\"https:\/\/vof-news.eu\/fr\/emplois-fictifs-philippe-gomes-et-philippe-michel-deux-cadres-du-parti-caledonie-ensemble-condamnes\/#primaryimage\"},\"thumbnailUrl\":\"https:\/\/vof-news.eu\/wp-content\/uploads\/2025\/07\/4d3bd0c_5641626-01-06.jpg\",\"datePublished\":\"2025-07-01T12:31:20+00:00\",\"dateModified\":\"2025-07-01T12:31:49+00:00\",\"author\":{\"@id\":\"https:\/\/vof-news.eu\/fr\/#\/schema\/person\/f6a2a4309f0561835797fd8c19b333ed\"},\"description\":\"Deux responsables du parti non ind\u00e9pendantiste Cal\u00e9donie ensemble, Philippe Gom\u00e8s et Philippe Michel, ont \u00e9t\u00e9 condamn\u00e9s, mardi 1er\u00a0juillet, par le tribunal correctionnel de Noum\u00e9a \u00e0 trois et quatre ans de prison et cinq ans d\u2019in\u00e9ligibilit\u00e9 dans une affaire d\u2019emplois fictifs. L\u2019ex-d\u00e9put\u00e9 Philippe Gomes a \u00e9t\u00e9 condamn\u00e9 \u00e0 quatre ans de prison, dont deux ferme am\u00e9nag\u00e9s sous bracelet \u00e9lectronique, et cinq ans d\u2019in\u00e9ligibilit\u00e9. Philippe Michel, ancien pr\u00e9sident de la province Sud de Nouvelle-Cal\u00e9donie, a lui \u00e9t\u00e9 condamn\u00e9 \u00e0 trois ans de prison dont un ferme am\u00e9nag\u00e9 et cinq ans d\u2019in\u00e9ligibilit\u00e9. Ils ont aussi \u00e9t\u00e9 condamn\u00e9s \u00e0 des amendes de pr\u00e8s d\u2019un million d\u2019euros. Ces deux cadres comparaissaient pour d\u00e9tournements de fonds publics entre 2014 et 2018, quand leur formation \u00e9tait \u00e0 la t\u00eate de la province Sud. Ils sont soup\u00e7onn\u00e9s d\u2019avoir r\u00e9mun\u00e9r\u00e9 des collaborateurs politiques issus de la communaut\u00e9 wallisienne et futunienne pour des fonctions fictives. Dans un communiqu\u00e9, Cal\u00e9donie ensemble annonce faire appel, estimant la d\u00e9cision . Le parti compte \u00e9galement d\u00e9poser un r\u00e9f\u00e9r\u00e9 suspension et un recours devant le Conseil d\u2019Etat en ce qui concerne la d\u00e9cision d\u2019in\u00e9ligibilit\u00e9. L\u2019ex\u00e9cution provisoire des peines d\u2019in\u00e9ligibilit\u00e9 rend les mandats des deux cadres, \u00e9lus de la province Sud et du Congr\u00e8s cal\u00e9donien, imm\u00e9diatement caducs. Pratiques client\u00e9listes , a d\u00e9clar\u00e9 leur avocat Me Fr\u00e9d\u00e9ric de Greslan aux journalistes, d\u00e9non\u00e7ant une du droit. Cette condamnation a \u00e9galement des r\u00e9percussions politiques. La perte de deux si\u00e8ges prive Cal\u00e9donie ensemble de la possibilit\u00e9 de former un groupe au Congr\u00e8s de Nouvelle-Cal\u00e9donie. Dans son jugement, le tribunal d\u00e9crit un , visant \u00e0 , certains recrutements r\u00e9pondant \u00e0 . L\u2019avocat de la province Sud, Me Philippe Reuter, qui s\u2019\u00e9tait constitu\u00e9e partie civile, s\u2019est f\u00e9licit\u00e9 aupr\u00e8s de l\u2019Agence France-Presse du jugement, estimant qu\u2019il y avait . Ces pratiques client\u00e9listes n\u2019ont rien de nouveau en Nouvelle-Cal\u00e9donie. Cal\u00e9donie ensemble \u00e9tait d\u00e9j\u00e0 vis\u00e9 par une affaire similaire en\u00a02008, class\u00e9e sans suite. En avril\u00a02024, ce sont les maires loyalistes Willy Gatuhau et Harold Martin qui sont condamn\u00e9s pour achat de voix. La cheffe de file des Loyalistes, Sonia Back\u00e8s, a demand\u00e9 l\u2019exclusion de Philippe Gom\u00e8s des discussions sur l\u2019avenir institutionnel pr\u00e9vues \u00e0 Paris \u00e0 partir de mercredi. Cette r\u00e9union est tr\u00e8s attendue, un peu plus d\u2019un an apr\u00e8s la violente insurrection ind\u00e9pendantiste de mai\u00a02024. Le Monde avec AFP S\u2019abonner Contribuer R\u00e9utiliser ce contenu\",\"breadcrumb\":{\"@id\":\"https:\/\/vof-news.eu\/fr\/emplois-fictifs-philippe-gomes-et-philippe-michel-deux-cadres-du-parti-caledonie-ensemble-condamnes\/#breadcrumb\"},\"inLanguage\":\"fr-FR\",\"potentialAction\":[{\"@type\":\"ReadAction\",\"target\":[\"https:\/\/vof-news.eu\/fr\/emplois-fictifs-philippe-gomes-et-philippe-michel-deux-cadres-du-parti-caledonie-ensemble-condamnes\/\"]}]},{\"@type\":\"ImageObject\",\"inLanguage\":\"fr-FR\",\"@id\":\"https:\/\/vof-news.eu\/fr\/emplois-fictifs-philippe-gomes-et-philippe-michel-deux-cadres-du-parti-caledonie-ensemble-condamnes\/#primaryimage\",\"url\":\"https:\/\/vof-news.eu\/wp-content\/uploads\/2025\/07\/4d3bd0c_5641626-01-06.jpg\",\"contentUrl\":\"https:\/\/vof-news.eu\/wp-content\/uploads\/2025\/07\/4d3bd0c_5641626-01-06.jpg\",\"width\":664,\"height\":443},{\"@type\":\"BreadcrumbList\",\"@id\":\"https:\/\/vof-news.eu\/fr\/emplois-fictifs-philippe-gomes-et-philippe-michel-deux-cadres-du-parti-caledonie-ensemble-condamnes\/#breadcrumb\",\"itemListElement\":[{\"@type\":\"ListItem\",\"position\":1,\"name\":\"Home\",\"item\":\"https:\/\/vof-news.eu\/fr\/\"},{\"@type\":\"ListItem\",\"position\":2,\"name\":\"Emplois fictifs\u00a0: Philippe Gom\u00e8s et Philippe Michel, deux cadres du parti Cal\u00e9donie ensemble, condamn\u00e9s\"}]},{\"@type\":\"WebSite\",\"@id\":\"https:\/\/vof-news.eu\/fr\/#website\",\"url\":\"https:\/\/vof-news.eu\/fr\/\",\"name\":\"vof-news.eu\",\"description\":\"\",\"potentialAction\":[{\"@type\":\"SearchAction\",\"target\":{\"@type\":\"EntryPoint\",\"urlTemplate\":\"https:\/\/vof-news.eu\/fr\/?s={search_term_string}\"},\"query-input\":\"required name=search_term_string\"}],\"inLanguage\":\"fr-FR\"},{\"@type\":\"Person\",\"@id\":\"https:\/\/vof-news.eu\/fr\/#\/schema\/person\/f6a2a4309f0561835797fd8c19b333ed\",\"name\":\"Author\",\"image\":{\"@type\":\"ImageObject\",\"inLanguage\":\"fr-FR\",\"@id\":\"https:\/\/vof-news.eu\/fr\/#\/schema\/person\/image\/\",\"url\":\"https:\/\/secure.gravatar.com\/avatar\/b67e614b1b25b3e9c0c239efdd2fde5ab015b5affd6f1c3c85911ca4b384e790?s=96&d=mm&r=g\",\"contentUrl\":\"https:\/\/secure.gravatar.com\/avatar\/b67e614b1b25b3e9c0c239efdd2fde5ab015b5affd6f1c3c85911ca4b384e790?s=96&d=mm&r=g\",\"caption\":\"Author\"},\"sameAs\":[\"http:\/\/vof-news.eu\"],\"url\":\"https:\/\/vof-news.eu\/fr\/author\/zwt6qxnjulxbnyg\/\"}]}<\/script>\n<!-- \/ Yoast SEO plugin. -->","yoast_head_json":{"title":"Emplois fictifs\u00a0: Philippe Gom\u00e8s et Philippe Michel, deux cadres du parti Cal\u00e9donie ensemble, condamn\u00e9s - vof-news.eu","description":"Deux responsables du parti non ind\u00e9pendantiste Cal\u00e9donie ensemble, Philippe Gom\u00e8s et Philippe Michel, ont \u00e9t\u00e9 condamn\u00e9s, mardi 1er\u00a0juillet, par le tribunal correctionnel de Noum\u00e9a \u00e0 trois et quatre ans de prison et cinq ans d\u2019in\u00e9ligibilit\u00e9 dans une affaire d\u2019emplois fictifs. L\u2019ex-d\u00e9put\u00e9 Philippe Gomes a \u00e9t\u00e9 condamn\u00e9 \u00e0 quatre ans de prison, dont deux ferme am\u00e9nag\u00e9s sous bracelet \u00e9lectronique, et cinq ans d\u2019in\u00e9ligibilit\u00e9. Philippe Michel, ancien pr\u00e9sident de la province Sud de Nouvelle-Cal\u00e9donie, a lui \u00e9t\u00e9 condamn\u00e9 \u00e0 trois ans de prison dont un ferme am\u00e9nag\u00e9 et cinq ans d\u2019in\u00e9ligibilit\u00e9. Ils ont aussi \u00e9t\u00e9 condamn\u00e9s \u00e0 des amendes de pr\u00e8s d\u2019un million d\u2019euros. Ces deux cadres comparaissaient pour d\u00e9tournements de fonds publics entre 2014 et 2018, quand leur formation \u00e9tait \u00e0 la t\u00eate de la province Sud. Ils sont soup\u00e7onn\u00e9s d\u2019avoir r\u00e9mun\u00e9r\u00e9 des collaborateurs politiques issus de la communaut\u00e9 wallisienne et futunienne pour des fonctions fictives. Dans un communiqu\u00e9, Cal\u00e9donie ensemble annonce faire appel, estimant la d\u00e9cision . Le parti compte \u00e9galement d\u00e9poser un r\u00e9f\u00e9r\u00e9 suspension et un recours devant le Conseil d\u2019Etat en ce qui concerne la d\u00e9cision d\u2019in\u00e9ligibilit\u00e9. L\u2019ex\u00e9cution provisoire des peines d\u2019in\u00e9ligibilit\u00e9 rend les mandats des deux cadres, \u00e9lus de la province Sud et du Congr\u00e8s cal\u00e9donien, imm\u00e9diatement caducs. Pratiques client\u00e9listes , a d\u00e9clar\u00e9 leur avocat Me Fr\u00e9d\u00e9ric de Greslan aux journalistes, d\u00e9non\u00e7ant une du droit. Cette condamnation a \u00e9galement des r\u00e9percussions politiques. La perte de deux si\u00e8ges prive Cal\u00e9donie ensemble de la possibilit\u00e9 de former un groupe au Congr\u00e8s de Nouvelle-Cal\u00e9donie. Dans son jugement, le tribunal d\u00e9crit un , visant \u00e0 , certains recrutements r\u00e9pondant \u00e0 . L\u2019avocat de la province Sud, Me Philippe Reuter, qui s\u2019\u00e9tait constitu\u00e9e partie civile, s\u2019est f\u00e9licit\u00e9 aupr\u00e8s de l\u2019Agence France-Presse du jugement, estimant qu\u2019il y avait . Ces pratiques client\u00e9listes n\u2019ont rien de nouveau en Nouvelle-Cal\u00e9donie. Cal\u00e9donie ensemble \u00e9tait d\u00e9j\u00e0 vis\u00e9 par une affaire similaire en\u00a02008, class\u00e9e sans suite. En avril\u00a02024, ce sont les maires loyalistes Willy Gatuhau et Harold Martin qui sont condamn\u00e9s pour achat de voix. La cheffe de file des Loyalistes, Sonia Back\u00e8s, a demand\u00e9 l\u2019exclusion de Philippe Gom\u00e8s des discussions sur l\u2019avenir institutionnel pr\u00e9vues \u00e0 Paris \u00e0 partir de mercredi. Cette r\u00e9union est tr\u00e8s attendue, un peu plus d\u2019un an apr\u00e8s la violente insurrection ind\u00e9pendantiste de mai\u00a02024.    Le Monde avec AFP      S\u2019abonner   Contribuer R\u00e9utiliser ce contenu","robots":{"index":"noindex","follow":"follow","max-snippet":"max-snippet:-1","max-image-preview":"max-image-preview:large","max-video-preview":"max-video-preview:-1"},"og_locale":"fr_FR","og_type":"article","og_title":"Emplois fictifs\u00a0: Philippe Gom\u00e8s et Philippe Michel, deux cadres du parti Cal\u00e9donie ensemble, condamn\u00e9s - vof-news.eu","og_description":"Deux responsables du parti non ind\u00e9pendantiste Cal\u00e9donie ensemble, Philippe Gom\u00e8s et Philippe Michel, ont \u00e9t\u00e9 condamn\u00e9s, mardi 1er\u00a0juillet, par le tribunal correctionnel de Noum\u00e9a \u00e0 trois et quatre ans de prison et cinq ans d\u2019in\u00e9ligibilit\u00e9 dans une affaire d\u2019emplois fictifs. L\u2019ex-d\u00e9put\u00e9 Philippe Gomes a \u00e9t\u00e9 condamn\u00e9 \u00e0 quatre ans de prison, dont deux ferme am\u00e9nag\u00e9s sous bracelet \u00e9lectronique, et cinq ans d\u2019in\u00e9ligibilit\u00e9. Philippe Michel, ancien pr\u00e9sident de la province Sud de Nouvelle-Cal\u00e9donie, a lui \u00e9t\u00e9 condamn\u00e9 \u00e0 trois ans de prison dont un ferme am\u00e9nag\u00e9 et cinq ans d\u2019in\u00e9ligibilit\u00e9. Ils ont aussi \u00e9t\u00e9 condamn\u00e9s \u00e0 des amendes de pr\u00e8s d\u2019un million d\u2019euros. Ces deux cadres comparaissaient pour d\u00e9tournements de fonds publics entre 2014 et 2018, quand leur formation \u00e9tait \u00e0 la t\u00eate de la province Sud. Ils sont soup\u00e7onn\u00e9s d\u2019avoir r\u00e9mun\u00e9r\u00e9 des collaborateurs politiques issus de la communaut\u00e9 wallisienne et futunienne pour des fonctions fictives. Dans un communiqu\u00e9, Cal\u00e9donie ensemble annonce faire appel, estimant la d\u00e9cision . Le parti compte \u00e9galement d\u00e9poser un r\u00e9f\u00e9r\u00e9 suspension et un recours devant le Conseil d\u2019Etat en ce qui concerne la d\u00e9cision d\u2019in\u00e9ligibilit\u00e9. L\u2019ex\u00e9cution provisoire des peines d\u2019in\u00e9ligibilit\u00e9 rend les mandats des deux cadres, \u00e9lus de la province Sud et du Congr\u00e8s cal\u00e9donien, imm\u00e9diatement caducs. Pratiques client\u00e9listes , a d\u00e9clar\u00e9 leur avocat Me Fr\u00e9d\u00e9ric de Greslan aux journalistes, d\u00e9non\u00e7ant une du droit. Cette condamnation a \u00e9galement des r\u00e9percussions politiques. La perte de deux si\u00e8ges prive Cal\u00e9donie ensemble de la possibilit\u00e9 de former un groupe au Congr\u00e8s de Nouvelle-Cal\u00e9donie. Dans son jugement, le tribunal d\u00e9crit un , visant \u00e0 , certains recrutements r\u00e9pondant \u00e0 . L\u2019avocat de la province Sud, Me Philippe Reuter, qui s\u2019\u00e9tait constitu\u00e9e partie civile, s\u2019est f\u00e9licit\u00e9 aupr\u00e8s de l\u2019Agence France-Presse du jugement, estimant qu\u2019il y avait . Ces pratiques client\u00e9listes n\u2019ont rien de nouveau en Nouvelle-Cal\u00e9donie. Cal\u00e9donie ensemble \u00e9tait d\u00e9j\u00e0 vis\u00e9 par une affaire similaire en\u00a02008, class\u00e9e sans suite. En avril\u00a02024, ce sont les maires loyalistes Willy Gatuhau et Harold Martin qui sont condamn\u00e9s pour achat de voix. La cheffe de file des Loyalistes, Sonia Back\u00e8s, a demand\u00e9 l\u2019exclusion de Philippe Gom\u00e8s des discussions sur l\u2019avenir institutionnel pr\u00e9vues \u00e0 Paris \u00e0 partir de mercredi. Cette r\u00e9union est tr\u00e8s attendue, un peu plus d\u2019un an apr\u00e8s la violente insurrection ind\u00e9pendantiste de mai\u00a02024.    Le Monde avec AFP      S\u2019abonner   Contribuer R\u00e9utiliser ce contenu","og_url":"https:\/\/vof-news.eu\/fr\/emplois-fictifs-philippe-gomes-et-philippe-michel-deux-cadres-du-parti-caledonie-ensemble-condamnes\/","og_site_name":"vof-news.eu","article_published_time":"2025-07-01T12:31:20+00:00","article_modified_time":"2025-07-01T12:31:49+00:00","og_image":[{"width":664,"height":443,"url":"https:\/\/vof-news.eu\/wp-content\/uploads\/2025\/07\/4d3bd0c_5641626-01-06.jpg","type":"image\/jpeg"}],"author":"Author","twitter_card":"summary_large_image","twitter_misc":{"\u00c9crit par":"Author","Dur\u00e9e de lecture estim\u00e9e":"2 minutes"},"schema":{"@context":"https:\/\/schema.org","@graph":[{"@type":"WebPage","@id":"https:\/\/vof-news.eu\/fr\/emplois-fictifs-philippe-gomes-et-philippe-michel-deux-cadres-du-parti-caledonie-ensemble-condamnes\/","url":"https:\/\/vof-news.eu\/fr\/emplois-fictifs-philippe-gomes-et-philippe-michel-deux-cadres-du-parti-caledonie-ensemble-condamnes\/","name":"Emplois fictifs\u00a0: Philippe Gom\u00e8s et Philippe Michel, deux cadres du parti Cal\u00e9donie ensemble, condamn\u00e9s - vof-news.eu","isPartOf":{"@id":"https:\/\/vof-news.eu\/fr\/#website"},"primaryImageOfPage":{"@id":"https:\/\/vof-news.eu\/fr\/emplois-fictifs-philippe-gomes-et-philippe-michel-deux-cadres-du-parti-caledonie-ensemble-condamnes\/#primaryimage"},"image":{"@id":"https:\/\/vof-news.eu\/fr\/emplois-fictifs-philippe-gomes-et-philippe-michel-deux-cadres-du-parti-caledonie-ensemble-condamnes\/#primaryimage"},"thumbnailUrl":"https:\/\/vof-news.eu\/wp-content\/uploads\/2025\/07\/4d3bd0c_5641626-01-06.jpg","datePublished":"2025-07-01T12:31:20+00:00","dateModified":"2025-07-01T12:31:49+00:00","author":{"@id":"https:\/\/vof-news.eu\/fr\/#\/schema\/person\/f6a2a4309f0561835797fd8c19b333ed"},"description":"Deux responsables du parti non ind\u00e9pendantiste Cal\u00e9donie ensemble, Philippe Gom\u00e8s et Philippe Michel, ont \u00e9t\u00e9 condamn\u00e9s, mardi 1er\u00a0juillet, par le tribunal correctionnel de Noum\u00e9a \u00e0 trois et quatre ans de prison et cinq ans d\u2019in\u00e9ligibilit\u00e9 dans une affaire d\u2019emplois fictifs. L\u2019ex-d\u00e9put\u00e9 Philippe Gomes a \u00e9t\u00e9 condamn\u00e9 \u00e0 quatre ans de prison, dont deux ferme am\u00e9nag\u00e9s sous bracelet \u00e9lectronique, et cinq ans d\u2019in\u00e9ligibilit\u00e9. Philippe Michel, ancien pr\u00e9sident de la province Sud de Nouvelle-Cal\u00e9donie, a lui \u00e9t\u00e9 condamn\u00e9 \u00e0 trois ans de prison dont un ferme am\u00e9nag\u00e9 et cinq ans d\u2019in\u00e9ligibilit\u00e9. Ils ont aussi \u00e9t\u00e9 condamn\u00e9s \u00e0 des amendes de pr\u00e8s d\u2019un million d\u2019euros. Ces deux cadres comparaissaient pour d\u00e9tournements de fonds publics entre 2014 et 2018, quand leur formation \u00e9tait \u00e0 la t\u00eate de la province Sud. Ils sont soup\u00e7onn\u00e9s d\u2019avoir r\u00e9mun\u00e9r\u00e9 des collaborateurs politiques issus de la communaut\u00e9 wallisienne et futunienne pour des fonctions fictives. Dans un communiqu\u00e9, Cal\u00e9donie ensemble annonce faire appel, estimant la d\u00e9cision . Le parti compte \u00e9galement d\u00e9poser un r\u00e9f\u00e9r\u00e9 suspension et un recours devant le Conseil d\u2019Etat en ce qui concerne la d\u00e9cision d\u2019in\u00e9ligibilit\u00e9. L\u2019ex\u00e9cution provisoire des peines d\u2019in\u00e9ligibilit\u00e9 rend les mandats des deux cadres, \u00e9lus de la province Sud et du Congr\u00e8s cal\u00e9donien, imm\u00e9diatement caducs. Pratiques client\u00e9listes , a d\u00e9clar\u00e9 leur avocat Me Fr\u00e9d\u00e9ric de Greslan aux journalistes, d\u00e9non\u00e7ant une du droit. Cette condamnation a \u00e9galement des r\u00e9percussions politiques. La perte de deux si\u00e8ges prive Cal\u00e9donie ensemble de la possibilit\u00e9 de former un groupe au Congr\u00e8s de Nouvelle-Cal\u00e9donie. Dans son jugement, le tribunal d\u00e9crit un , visant \u00e0 , certains recrutements r\u00e9pondant \u00e0 . L\u2019avocat de la province Sud, Me Philippe Reuter, qui s\u2019\u00e9tait constitu\u00e9e partie civile, s\u2019est f\u00e9licit\u00e9 aupr\u00e8s de l\u2019Agence France-Presse du jugement, estimant qu\u2019il y avait . Ces pratiques client\u00e9listes n\u2019ont rien de nouveau en Nouvelle-Cal\u00e9donie. Cal\u00e9donie ensemble \u00e9tait d\u00e9j\u00e0 vis\u00e9 par une affaire similaire en\u00a02008, class\u00e9e sans suite. En avril\u00a02024, ce sont les maires loyalistes Willy Gatuhau et Harold Martin qui sont condamn\u00e9s pour achat de voix. La cheffe de file des Loyalistes, Sonia Back\u00e8s, a demand\u00e9 l\u2019exclusion de Philippe Gom\u00e8s des discussions sur l\u2019avenir institutionnel pr\u00e9vues \u00e0 Paris \u00e0 partir de mercredi. Cette r\u00e9union est tr\u00e8s attendue, un peu plus d\u2019un an apr\u00e8s la violente insurrection ind\u00e9pendantiste de mai\u00a02024. Le Monde avec AFP S\u2019abonner Contribuer R\u00e9utiliser ce contenu","breadcrumb":{"@id":"https:\/\/vof-news.eu\/fr\/emplois-fictifs-philippe-gomes-et-philippe-michel-deux-cadres-du-parti-caledonie-ensemble-condamnes\/#breadcrumb"},"inLanguage":"fr-FR","potentialAction":[{"@type":"ReadAction","target":["https:\/\/vof-news.eu\/fr\/emplois-fictifs-philippe-gomes-et-philippe-michel-deux-cadres-du-parti-caledonie-ensemble-condamnes\/"]}]},{"@type":"ImageObject","inLanguage":"fr-FR","@id":"https:\/\/vof-news.eu\/fr\/emplois-fictifs-philippe-gomes-et-philippe-michel-deux-cadres-du-parti-caledonie-ensemble-condamnes\/#primaryimage","url":"https:\/\/vof-news.eu\/wp-content\/uploads\/2025\/07\/4d3bd0c_5641626-01-06.jpg","contentUrl":"https:\/\/vof-news.eu\/wp-content\/uploads\/2025\/07\/4d3bd0c_5641626-01-06.jpg","width":664,"height":443},{"@type":"BreadcrumbList","@id":"https:\/\/vof-news.eu\/fr\/emplois-fictifs-philippe-gomes-et-philippe-michel-deux-cadres-du-parti-caledonie-ensemble-condamnes\/#breadcrumb","itemListElement":[{"@type":"ListItem","position":1,"name":"Home","item":"https:\/\/vof-news.eu\/fr\/"},{"@type":"ListItem","position":2,"name":"Emplois fictifs\u00a0: Philippe Gom\u00e8s et Philippe Michel, deux cadres du parti Cal\u00e9donie ensemble, condamn\u00e9s"}]},{"@type":"WebSite","@id":"https:\/\/vof-news.eu\/fr\/#website","url":"https:\/\/vof-news.eu\/fr\/","name":"vof-news.eu","description":"","potentialAction":[{"@type":"SearchAction","target":{"@type":"EntryPoint","urlTemplate":"https:\/\/vof-news.eu\/fr\/?s={search_term_string}"},"query-input":"required name=search_term_string"}],"inLanguage":"fr-FR"},{"@type":"Person","@id":"https:\/\/vof-news.eu\/fr\/#\/schema\/person\/f6a2a4309f0561835797fd8c19b333ed","name":"Author","image":{"@type":"ImageObject","inLanguage":"fr-FR","@id":"https:\/\/vof-news.eu\/fr\/#\/schema\/person\/image\/","url":"https:\/\/secure.gravatar.com\/avatar\/b67e614b1b25b3e9c0c239efdd2fde5ab015b5affd6f1c3c85911ca4b384e790?s=96&d=mm&r=g","contentUrl":"https:\/\/secure.gravatar.com\/avatar\/b67e614b1b25b3e9c0c239efdd2fde5ab015b5affd6f1c3c85911ca4b384e790?s=96&d=mm&r=g","caption":"Author"},"sameAs":["http:\/\/vof-news.eu"],"url":"https:\/\/vof-news.eu\/fr\/author\/zwt6qxnjulxbnyg\/"}]}},"yoast_meta":{"yoast_wpseo_title":"","yoast_wpseo_metadesc":"","yoast_wpseo_canonical":""},"_links":{"self":[{"href":"https:\/\/vof-news.eu\/fr\/wp-json\/wp\/v2\/posts\/244709","targetHints":{"allow":["GET"]}}],"collection":[{"href":"https:\/\/vof-news.eu\/fr\/wp-json\/wp\/v2\/posts"}],"about":[{"href":"https:\/\/vof-news.eu\/fr\/wp-json\/wp\/v2\/types\/post"}],"author":[{"embeddable":true,"href":"https:\/\/vof-news.eu\/fr\/wp-json\/wp\/v2\/users\/1"}],"replies":[{"embeddable":true,"href":"https:\/\/vof-news.eu\/fr\/wp-json\/wp\/v2\/comments?post=244709"}],"version-history":[{"count":1,"href":"https:\/\/vof-news.eu\/fr\/wp-json\/wp\/v2\/posts\/244709\/revisions"}],"predecessor-version":[{"id":244716,"href":"https:\/\/vof-news.eu\/fr\/wp-json\/wp\/v2\/posts\/244709\/revisions\/244716"}],"wp:featuredmedia":[{"embeddable":true,"href":"https:\/\/vof-news.eu\/fr\/wp-json\/wp\/v2\/media\/244710"}],"wp:attachment":[{"href":"https:\/\/vof-news.eu\/fr\/wp-json\/wp\/v2\/media?parent=244709"}],"wp:term":[{"taxonomy":"category","embeddable":true,"href":"https:\/\/vof-news.eu\/fr\/wp-json\/wp\/v2\/categories?post=244709"},{"taxonomy":"post_tag","embeddable":true,"href":"https:\/\/vof-news.eu\/fr\/wp-json\/wp\/v2\/tags?post=244709"}],"curies":[{"name":"wp","href":"https:\/\/api.w.org\/{rel}","templated":true}]}}