{"id":244546,"date":"2025-07-01T13:30:49","date_gmt":"2025-07-01T10:30:49","guid":{"rendered":"https:\/\/vof-news.eu\/madagascar-reclame-a-la-france-une-indemnisation-pour-les-iles-eparses-et-maintient-sa-demande-de-restitution\/"},"modified":"2025-07-01T13:31:16","modified_gmt":"2025-07-01T10:31:16","slug":"madagascar-reclame-a-la-france-une-indemnisation-pour-les-iles-eparses-et-maintient-sa-demande-de-restitution","status":"publish","type":"post","link":"https:\/\/vof-news.eu\/fr\/madagascar-reclame-a-la-france-une-indemnisation-pour-les-iles-eparses-et-maintient-sa-demande-de-restitution\/","title":{"rendered":"Madagascar r\u00e9clame \u00e0 la France une indemnisation pour les \u00eeles Eparses et maintient sa demande de restitution"},"content":{"rendered":"<article>\n<p>La deuxi\u00e8me r\u00e9union de la commission mixte franco-malgache sur le statut des \u00eeles Eparses, organis\u00e9e lundi 30\u00a0juin \u00e0 Paris, s\u2019est achev\u00e9e sur un nouveau constat du diff\u00e9rend qui oppose les deux pays.\u00a0Tard dans la soir\u00e9e, la d\u00e9l\u00e9gation malgache conduite par la ministre des affaires \u00e9trang\u00e8res, Rafaravavitafika Rasata, a act\u00e9 ce statu quo dans un communiqu\u00e9 dans lequel elle d\u00e9taille les revendications de la Grande Ile.<\/p>\n<p>Outre l\u2019exigence de restitution du chapelet d\u2019\u00eeles dispers\u00e9es dans le canal du Mozambique, Antananarivo ajoute une demande d\u2019\u00a0[la d\u00e9signation des Eparses par la partie malgache]\u00a0. Ses modalit\u00e9s d\u2019\u00e9valuation ne sont pas pr\u00e9cis\u00e9es.<\/p>\n<h2>Reconnaissance de souverainet\u00e9<\/h2>\n<p>Il est aussi rappel\u00e9 que le gouvernement malgache attend de Paris qu\u2019il renonce \u00e0 toute d\u00e9cision unilat\u00e9rale tant qu\u2019une ,  n\u2019a pas \u00e9t\u00e9 trouv\u00e9e entre les deux parties.<\/p>\n<p>En\u00a02019, quelques semaines avant la tenue de la premi\u00e8re r\u00e9union de la commission mixte \u00e0 Antananarivo, <a href=\"https:\/\/www.lemonde.fr\/planete\/article\/2019\/10\/24\/emmanuel-macron-premier-president-a-poser-le-pied-sur-la-grande-glorieuse_6016682_3244.html\" rel=\"nofollow\">Emmanuel Macron s\u2019\u00e9tait rendu sur Grande Glorieuse<\/a> \u2013 l\u2019une des cinq \u00eeles qui composent l\u2019archipel inhabit\u00e9 \u2013 pour r\u00e9affirmer la souverainet\u00e9 de la France et vanter son engagement \u00e0 prot\u00e9ger son exceptionnelle biodiversit\u00e9. Les Glorieuses sont devenues un parc naturel national en\u00a02021. Une initiative m\u00e9diatis\u00e9e tr\u00e8s mal v\u00e9cue par les autorit\u00e9s malgaches.<\/p>\n<p><strong>Il vous reste 44.87% de cet article \u00e0 lire. La suite est r\u00e9serv\u00e9e aux abonn\u00e9s.<\/strong><\/p>\n<\/article>\n","protected":false},"excerpt":{"rendered":"<p>La deuxi\u00e8me r\u00e9union de la commission mixte franco-malgache sur le statut des \u00eeles Eparses, organis\u00e9e lundi 30\u00a0juin \u00e0 Paris, s\u2019est achev\u00e9e sur un nouveau constat du diff\u00e9rend qui oppose les deux pays.\u00a0Tard dans la soir\u00e9e, la d\u00e9l\u00e9gation malgache conduite par la ministre des affaires \u00e9trang\u00e8res, Rafaravavitafika Rasata, a act\u00e9 ce statu quo dans un communiqu\u00e9<\/p>\n","protected":false},"author":1,"featured_media":244547,"comment_status":"open","ping_status":"open","sticky":false,"template":"","format":"standard","meta":{"footnotes":""},"categories":[68],"tags":[],"class_list":["post-244546","post","type-post","status-publish","format-standard","has-post-thumbnail","hentry","category-politics-fr"],"acf":[],"yoast_head":"<!-- This site is optimized with the Yoast SEO plugin v22.9 - https:\/\/yoast.com\/wordpress\/plugins\/seo\/ -->\n<title>Madagascar r\u00e9clame \u00e0 la France une indemnisation pour les \u00eeles Eparses et maintient sa demande de restitution - vof-news.eu<\/title>\n<meta name=\"description\" content=\"La deuxi\u00e8me r\u00e9union de la commission mixte franco-malgache sur le statut des \u00eeles Eparses, organis\u00e9e lundi 30\u00a0juin \u00e0 Paris, s\u2019est achev\u00e9e sur un nouveau constat du diff\u00e9rend qui oppose les deux pays.\u00a0Tard dans la soir\u00e9e, la d\u00e9l\u00e9gation malgache conduite par la ministre des affaires \u00e9trang\u00e8res, Rafaravavitafika Rasata, a act\u00e9 ce statu quo dans un communiqu\u00e9 dans lequel elle d\u00e9taille les revendications de la Grande Ile. Outre l\u2019exigence de restitution du chapelet d\u2019\u00eeles dispers\u00e9es dans le canal du Mozambique, Antananarivo ajoute une demande d\u2019\u00a0[la d\u00e9signation des Eparses par la partie malgache]\u00a0. Ses modalit\u00e9s d\u2019\u00e9valuation ne sont pas pr\u00e9cis\u00e9es. Reconnaissance de souverainet\u00e9 Il est aussi rappel\u00e9 que le gouvernement malgache attend de Paris qu\u2019il renonce \u00e0 toute d\u00e9cision unilat\u00e9rale tant qu\u2019une , n\u2019a pas \u00e9t\u00e9 trouv\u00e9e entre les deux parties. En\u00a02019, quelques semaines avant la tenue de la premi\u00e8re r\u00e9union de la commission mixte \u00e0 Antananarivo, Emmanuel Macron s\u2019\u00e9tait rendu sur Grande Glorieuse \u2013 l\u2019une des cinq \u00eeles qui composent l\u2019archipel inhabit\u00e9 \u2013 pour r\u00e9affirmer la souverainet\u00e9 de la France et vanter son engagement \u00e0 prot\u00e9ger son exceptionnelle biodiversit\u00e9. Les Glorieuses sont devenues un parc naturel national en\u00a02021. Une initiative m\u00e9diatis\u00e9e tr\u00e8s mal v\u00e9cue par les autorit\u00e9s malgaches. Il vous reste 44.87% de cet article \u00e0 lire. La suite est r\u00e9serv\u00e9e aux abonn\u00e9s.\" \/>\n<meta name=\"robots\" content=\"noindex, follow, max-snippet:-1, max-image-preview:large, max-video-preview:-1\" \/>\n<meta property=\"og:locale\" content=\"fr_FR\" \/>\n<meta property=\"og:type\" content=\"article\" \/>\n<meta property=\"og:title\" content=\"Madagascar r\u00e9clame \u00e0 la France une indemnisation pour les \u00eeles Eparses et maintient sa demande de restitution - vof-news.eu\" \/>\n<meta property=\"og:description\" content=\"La deuxi\u00e8me r\u00e9union de la commission mixte franco-malgache sur le statut des \u00eeles Eparses, organis\u00e9e lundi 30\u00a0juin \u00e0 Paris, s\u2019est achev\u00e9e sur un nouveau constat du diff\u00e9rend qui oppose les deux pays.\u00a0Tard dans la soir\u00e9e, la d\u00e9l\u00e9gation malgache conduite par la ministre des affaires \u00e9trang\u00e8res, Rafaravavitafika Rasata, a act\u00e9 ce statu quo dans un communiqu\u00e9 dans lequel elle d\u00e9taille les revendications de la Grande Ile. Outre l\u2019exigence de restitution du chapelet d\u2019\u00eeles dispers\u00e9es dans le canal du Mozambique, Antananarivo ajoute une demande d\u2019\u00a0[la d\u00e9signation des Eparses par la partie malgache]\u00a0. Ses modalit\u00e9s d\u2019\u00e9valuation ne sont pas pr\u00e9cis\u00e9es. Reconnaissance de souverainet\u00e9 Il est aussi rappel\u00e9 que le gouvernement malgache attend de Paris qu\u2019il renonce \u00e0 toute d\u00e9cision unilat\u00e9rale tant qu\u2019une , n\u2019a pas \u00e9t\u00e9 trouv\u00e9e entre les deux parties. En\u00a02019, quelques semaines avant la tenue de la premi\u00e8re r\u00e9union de la commission mixte \u00e0 Antananarivo, Emmanuel Macron s\u2019\u00e9tait rendu sur Grande Glorieuse \u2013 l\u2019une des cinq \u00eeles qui composent l\u2019archipel inhabit\u00e9 \u2013 pour r\u00e9affirmer la souverainet\u00e9 de la France et vanter son engagement \u00e0 prot\u00e9ger son exceptionnelle biodiversit\u00e9. Les Glorieuses sont devenues un parc naturel national en\u00a02021. Une initiative m\u00e9diatis\u00e9e tr\u00e8s mal v\u00e9cue par les autorit\u00e9s malgaches. Il vous reste 44.87% de cet article \u00e0 lire. La suite est r\u00e9serv\u00e9e aux abonn\u00e9s.\" \/>\n<meta property=\"og:url\" content=\"https:\/\/vof-news.eu\/fr\/madagascar-reclame-a-la-france-une-indemnisation-pour-les-iles-eparses-et-maintient-sa-demande-de-restitution\/\" \/>\n<meta property=\"og:site_name\" content=\"vof-news.eu\" \/>\n<meta property=\"article:published_time\" content=\"2025-07-01T10:30:49+00:00\" \/>\n<meta property=\"article:modified_time\" content=\"2025-07-01T10:31:16+00:00\" \/>\n<meta property=\"og:image\" content=\"https:\/\/vof-news.eu\/wp-content\/uploads\/2025\/07\/bfea1f4_upload-1-gupmusqhxskl-000-1lo164.jpg\" \/>\n\t<meta property=\"og:image:width\" content=\"664\" \/>\n\t<meta property=\"og:image:height\" content=\"382\" \/>\n\t<meta property=\"og:image:type\" content=\"image\/jpeg\" \/>\n<meta name=\"author\" content=\"Author\" \/>\n<meta name=\"twitter:card\" content=\"summary_large_image\" \/>\n<meta name=\"twitter:label1\" content=\"\u00c9crit par\" \/>\n\t<meta name=\"twitter:data1\" content=\"Author\" \/>\n\t<meta name=\"twitter:label2\" content=\"Dur\u00e9e de lecture estim\u00e9e\" \/>\n\t<meta name=\"twitter:data2\" content=\"1 minute\" \/>\n<script type=\"application\/ld+json\" class=\"yoast-schema-graph\">{\"@context\":\"https:\/\/schema.org\",\"@graph\":[{\"@type\":\"WebPage\",\"@id\":\"https:\/\/vof-news.eu\/fr\/madagascar-reclame-a-la-france-une-indemnisation-pour-les-iles-eparses-et-maintient-sa-demande-de-restitution\/\",\"url\":\"https:\/\/vof-news.eu\/fr\/madagascar-reclame-a-la-france-une-indemnisation-pour-les-iles-eparses-et-maintient-sa-demande-de-restitution\/\",\"name\":\"Madagascar r\u00e9clame \u00e0 la France une indemnisation pour les \u00eeles Eparses et maintient sa demande de restitution - vof-news.eu\",\"isPartOf\":{\"@id\":\"https:\/\/vof-news.eu\/fr\/#website\"},\"primaryImageOfPage\":{\"@id\":\"https:\/\/vof-news.eu\/fr\/madagascar-reclame-a-la-france-une-indemnisation-pour-les-iles-eparses-et-maintient-sa-demande-de-restitution\/#primaryimage\"},\"image\":{\"@id\":\"https:\/\/vof-news.eu\/fr\/madagascar-reclame-a-la-france-une-indemnisation-pour-les-iles-eparses-et-maintient-sa-demande-de-restitution\/#primaryimage\"},\"thumbnailUrl\":\"https:\/\/vof-news.eu\/wp-content\/uploads\/2025\/07\/bfea1f4_upload-1-gupmusqhxskl-000-1lo164.jpg\",\"datePublished\":\"2025-07-01T10:30:49+00:00\",\"dateModified\":\"2025-07-01T10:31:16+00:00\",\"author\":{\"@id\":\"https:\/\/vof-news.eu\/fr\/#\/schema\/person\/f6a2a4309f0561835797fd8c19b333ed\"},\"description\":\"La deuxi\u00e8me r\u00e9union de la commission mixte franco-malgache sur le statut des \u00eeles Eparses, organis\u00e9e lundi 30\u00a0juin \u00e0 Paris, s\u2019est achev\u00e9e sur un nouveau constat du diff\u00e9rend qui oppose les deux pays.\u00a0Tard dans la soir\u00e9e, la d\u00e9l\u00e9gation malgache conduite par la ministre des affaires \u00e9trang\u00e8res, Rafaravavitafika Rasata, a act\u00e9 ce statu quo dans un communiqu\u00e9 dans lequel elle d\u00e9taille les revendications de la Grande Ile. Outre l\u2019exigence de restitution du chapelet d\u2019\u00eeles dispers\u00e9es dans le canal du Mozambique, Antananarivo ajoute une demande d\u2019\u00a0[la d\u00e9signation des Eparses par la partie malgache]\u00a0. Ses modalit\u00e9s d\u2019\u00e9valuation ne sont pas pr\u00e9cis\u00e9es. Reconnaissance de souverainet\u00e9 Il est aussi rappel\u00e9 que le gouvernement malgache attend de Paris qu\u2019il renonce \u00e0 toute d\u00e9cision unilat\u00e9rale tant qu\u2019une , n\u2019a pas \u00e9t\u00e9 trouv\u00e9e entre les deux parties. En\u00a02019, quelques semaines avant la tenue de la premi\u00e8re r\u00e9union de la commission mixte \u00e0 Antananarivo, Emmanuel Macron s\u2019\u00e9tait rendu sur Grande Glorieuse \u2013 l\u2019une des cinq \u00eeles qui composent l\u2019archipel inhabit\u00e9 \u2013 pour r\u00e9affirmer la souverainet\u00e9 de la France et vanter son engagement \u00e0 prot\u00e9ger son exceptionnelle biodiversit\u00e9. Les Glorieuses sont devenues un parc naturel national en\u00a02021. Une initiative m\u00e9diatis\u00e9e tr\u00e8s mal v\u00e9cue par les autorit\u00e9s malgaches. Il vous reste 44.87% de cet article \u00e0 lire. La suite est r\u00e9serv\u00e9e aux abonn\u00e9s.\",\"breadcrumb\":{\"@id\":\"https:\/\/vof-news.eu\/fr\/madagascar-reclame-a-la-france-une-indemnisation-pour-les-iles-eparses-et-maintient-sa-demande-de-restitution\/#breadcrumb\"},\"inLanguage\":\"fr-FR\",\"potentialAction\":[{\"@type\":\"ReadAction\",\"target\":[\"https:\/\/vof-news.eu\/fr\/madagascar-reclame-a-la-france-une-indemnisation-pour-les-iles-eparses-et-maintient-sa-demande-de-restitution\/\"]}]},{\"@type\":\"ImageObject\",\"inLanguage\":\"fr-FR\",\"@id\":\"https:\/\/vof-news.eu\/fr\/madagascar-reclame-a-la-france-une-indemnisation-pour-les-iles-eparses-et-maintient-sa-demande-de-restitution\/#primaryimage\",\"url\":\"https:\/\/vof-news.eu\/wp-content\/uploads\/2025\/07\/bfea1f4_upload-1-gupmusqhxskl-000-1lo164.jpg\",\"contentUrl\":\"https:\/\/vof-news.eu\/wp-content\/uploads\/2025\/07\/bfea1f4_upload-1-gupmusqhxskl-000-1lo164.jpg\",\"width\":664,\"height\":382},{\"@type\":\"BreadcrumbList\",\"@id\":\"https:\/\/vof-news.eu\/fr\/madagascar-reclame-a-la-france-une-indemnisation-pour-les-iles-eparses-et-maintient-sa-demande-de-restitution\/#breadcrumb\",\"itemListElement\":[{\"@type\":\"ListItem\",\"position\":1,\"name\":\"Home\",\"item\":\"https:\/\/vof-news.eu\/fr\/\"},{\"@type\":\"ListItem\",\"position\":2,\"name\":\"Madagascar r\u00e9clame \u00e0 la France une indemnisation pour les \u00eeles Eparses et maintient sa demande de restitution\"}]},{\"@type\":\"WebSite\",\"@id\":\"https:\/\/vof-news.eu\/fr\/#website\",\"url\":\"https:\/\/vof-news.eu\/fr\/\",\"name\":\"vof-news.eu\",\"description\":\"\",\"potentialAction\":[{\"@type\":\"SearchAction\",\"target\":{\"@type\":\"EntryPoint\",\"urlTemplate\":\"https:\/\/vof-news.eu\/fr\/?s={search_term_string}\"},\"query-input\":\"required name=search_term_string\"}],\"inLanguage\":\"fr-FR\"},{\"@type\":\"Person\",\"@id\":\"https:\/\/vof-news.eu\/fr\/#\/schema\/person\/f6a2a4309f0561835797fd8c19b333ed\",\"name\":\"Author\",\"image\":{\"@type\":\"ImageObject\",\"inLanguage\":\"fr-FR\",\"@id\":\"https:\/\/vof-news.eu\/fr\/#\/schema\/person\/image\/\",\"url\":\"https:\/\/secure.gravatar.com\/avatar\/b67e614b1b25b3e9c0c239efdd2fde5ab015b5affd6f1c3c85911ca4b384e790?s=96&d=mm&r=g\",\"contentUrl\":\"https:\/\/secure.gravatar.com\/avatar\/b67e614b1b25b3e9c0c239efdd2fde5ab015b5affd6f1c3c85911ca4b384e790?s=96&d=mm&r=g\",\"caption\":\"Author\"},\"sameAs\":[\"http:\/\/vof-news.eu\"],\"url\":\"https:\/\/vof-news.eu\/fr\/author\/zwt6qxnjulxbnyg\/\"}]}<\/script>\n<!-- \/ Yoast SEO plugin. -->","yoast_head_json":{"title":"Madagascar r\u00e9clame \u00e0 la France une indemnisation pour les \u00eeles Eparses et maintient sa demande de restitution - vof-news.eu","description":"La deuxi\u00e8me r\u00e9union de la commission mixte franco-malgache sur le statut des \u00eeles Eparses, organis\u00e9e lundi 30\u00a0juin \u00e0 Paris, s\u2019est achev\u00e9e sur un nouveau constat du diff\u00e9rend qui oppose les deux pays.\u00a0Tard dans la soir\u00e9e, la d\u00e9l\u00e9gation malgache conduite par la ministre des affaires \u00e9trang\u00e8res, Rafaravavitafika Rasata, a act\u00e9 ce statu quo dans un communiqu\u00e9 dans lequel elle d\u00e9taille les revendications de la Grande Ile. Outre l\u2019exigence de restitution du chapelet d\u2019\u00eeles dispers\u00e9es dans le canal du Mozambique, Antananarivo ajoute une demande d\u2019\u00a0[la d\u00e9signation des Eparses par la partie malgache]\u00a0. Ses modalit\u00e9s d\u2019\u00e9valuation ne sont pas pr\u00e9cis\u00e9es. Reconnaissance de souverainet\u00e9 Il est aussi rappel\u00e9 que le gouvernement malgache attend de Paris qu\u2019il renonce \u00e0 toute d\u00e9cision unilat\u00e9rale tant qu\u2019une , n\u2019a pas \u00e9t\u00e9 trouv\u00e9e entre les deux parties. En\u00a02019, quelques semaines avant la tenue de la premi\u00e8re r\u00e9union de la commission mixte \u00e0 Antananarivo, Emmanuel Macron s\u2019\u00e9tait rendu sur Grande Glorieuse \u2013 l\u2019une des cinq \u00eeles qui composent l\u2019archipel inhabit\u00e9 \u2013 pour r\u00e9affirmer la souverainet\u00e9 de la France et vanter son engagement \u00e0 prot\u00e9ger son exceptionnelle biodiversit\u00e9. Les Glorieuses sont devenues un parc naturel national en\u00a02021. Une initiative m\u00e9diatis\u00e9e tr\u00e8s mal v\u00e9cue par les autorit\u00e9s malgaches. Il vous reste 44.87% de cet article \u00e0 lire. La suite est r\u00e9serv\u00e9e aux abonn\u00e9s.","robots":{"index":"noindex","follow":"follow","max-snippet":"max-snippet:-1","max-image-preview":"max-image-preview:large","max-video-preview":"max-video-preview:-1"},"og_locale":"fr_FR","og_type":"article","og_title":"Madagascar r\u00e9clame \u00e0 la France une indemnisation pour les \u00eeles Eparses et maintient sa demande de restitution - vof-news.eu","og_description":"La deuxi\u00e8me r\u00e9union de la commission mixte franco-malgache sur le statut des \u00eeles Eparses, organis\u00e9e lundi 30\u00a0juin \u00e0 Paris, s\u2019est achev\u00e9e sur un nouveau constat du diff\u00e9rend qui oppose les deux pays.\u00a0Tard dans la soir\u00e9e, la d\u00e9l\u00e9gation malgache conduite par la ministre des affaires \u00e9trang\u00e8res, Rafaravavitafika Rasata, a act\u00e9 ce statu quo dans un communiqu\u00e9 dans lequel elle d\u00e9taille les revendications de la Grande Ile. Outre l\u2019exigence de restitution du chapelet d\u2019\u00eeles dispers\u00e9es dans le canal du Mozambique, Antananarivo ajoute une demande d\u2019\u00a0[la d\u00e9signation des Eparses par la partie malgache]\u00a0. Ses modalit\u00e9s d\u2019\u00e9valuation ne sont pas pr\u00e9cis\u00e9es. Reconnaissance de souverainet\u00e9 Il est aussi rappel\u00e9 que le gouvernement malgache attend de Paris qu\u2019il renonce \u00e0 toute d\u00e9cision unilat\u00e9rale tant qu\u2019une , n\u2019a pas \u00e9t\u00e9 trouv\u00e9e entre les deux parties. En\u00a02019, quelques semaines avant la tenue de la premi\u00e8re r\u00e9union de la commission mixte \u00e0 Antananarivo, Emmanuel Macron s\u2019\u00e9tait rendu sur Grande Glorieuse \u2013 l\u2019une des cinq \u00eeles qui composent l\u2019archipel inhabit\u00e9 \u2013 pour r\u00e9affirmer la souverainet\u00e9 de la France et vanter son engagement \u00e0 prot\u00e9ger son exceptionnelle biodiversit\u00e9. Les Glorieuses sont devenues un parc naturel national en\u00a02021. Une initiative m\u00e9diatis\u00e9e tr\u00e8s mal v\u00e9cue par les autorit\u00e9s malgaches. Il vous reste 44.87% de cet article \u00e0 lire. La suite est r\u00e9serv\u00e9e aux abonn\u00e9s.","og_url":"https:\/\/vof-news.eu\/fr\/madagascar-reclame-a-la-france-une-indemnisation-pour-les-iles-eparses-et-maintient-sa-demande-de-restitution\/","og_site_name":"vof-news.eu","article_published_time":"2025-07-01T10:30:49+00:00","article_modified_time":"2025-07-01T10:31:16+00:00","og_image":[{"width":664,"height":382,"url":"https:\/\/vof-news.eu\/wp-content\/uploads\/2025\/07\/bfea1f4_upload-1-gupmusqhxskl-000-1lo164.jpg","type":"image\/jpeg"}],"author":"Author","twitter_card":"summary_large_image","twitter_misc":{"\u00c9crit par":"Author","Dur\u00e9e de lecture estim\u00e9e":"1 minute"},"schema":{"@context":"https:\/\/schema.org","@graph":[{"@type":"WebPage","@id":"https:\/\/vof-news.eu\/fr\/madagascar-reclame-a-la-france-une-indemnisation-pour-les-iles-eparses-et-maintient-sa-demande-de-restitution\/","url":"https:\/\/vof-news.eu\/fr\/madagascar-reclame-a-la-france-une-indemnisation-pour-les-iles-eparses-et-maintient-sa-demande-de-restitution\/","name":"Madagascar r\u00e9clame \u00e0 la France une indemnisation pour les \u00eeles Eparses et maintient sa demande de restitution - vof-news.eu","isPartOf":{"@id":"https:\/\/vof-news.eu\/fr\/#website"},"primaryImageOfPage":{"@id":"https:\/\/vof-news.eu\/fr\/madagascar-reclame-a-la-france-une-indemnisation-pour-les-iles-eparses-et-maintient-sa-demande-de-restitution\/#primaryimage"},"image":{"@id":"https:\/\/vof-news.eu\/fr\/madagascar-reclame-a-la-france-une-indemnisation-pour-les-iles-eparses-et-maintient-sa-demande-de-restitution\/#primaryimage"},"thumbnailUrl":"https:\/\/vof-news.eu\/wp-content\/uploads\/2025\/07\/bfea1f4_upload-1-gupmusqhxskl-000-1lo164.jpg","datePublished":"2025-07-01T10:30:49+00:00","dateModified":"2025-07-01T10:31:16+00:00","author":{"@id":"https:\/\/vof-news.eu\/fr\/#\/schema\/person\/f6a2a4309f0561835797fd8c19b333ed"},"description":"La deuxi\u00e8me r\u00e9union de la commission mixte franco-malgache sur le statut des \u00eeles Eparses, organis\u00e9e lundi 30\u00a0juin \u00e0 Paris, s\u2019est achev\u00e9e sur un nouveau constat du diff\u00e9rend qui oppose les deux pays.\u00a0Tard dans la soir\u00e9e, la d\u00e9l\u00e9gation malgache conduite par la ministre des affaires \u00e9trang\u00e8res, Rafaravavitafika Rasata, a act\u00e9 ce statu quo dans un communiqu\u00e9 dans lequel elle d\u00e9taille les revendications de la Grande Ile. Outre l\u2019exigence de restitution du chapelet d\u2019\u00eeles dispers\u00e9es dans le canal du Mozambique, Antananarivo ajoute une demande d\u2019\u00a0[la d\u00e9signation des Eparses par la partie malgache]\u00a0. Ses modalit\u00e9s d\u2019\u00e9valuation ne sont pas pr\u00e9cis\u00e9es. Reconnaissance de souverainet\u00e9 Il est aussi rappel\u00e9 que le gouvernement malgache attend de Paris qu\u2019il renonce \u00e0 toute d\u00e9cision unilat\u00e9rale tant qu\u2019une , n\u2019a pas \u00e9t\u00e9 trouv\u00e9e entre les deux parties. En\u00a02019, quelques semaines avant la tenue de la premi\u00e8re r\u00e9union de la commission mixte \u00e0 Antananarivo, Emmanuel Macron s\u2019\u00e9tait rendu sur Grande Glorieuse \u2013 l\u2019une des cinq \u00eeles qui composent l\u2019archipel inhabit\u00e9 \u2013 pour r\u00e9affirmer la souverainet\u00e9 de la France et vanter son engagement \u00e0 prot\u00e9ger son exceptionnelle biodiversit\u00e9. Les Glorieuses sont devenues un parc naturel national en\u00a02021. Une initiative m\u00e9diatis\u00e9e tr\u00e8s mal v\u00e9cue par les autorit\u00e9s malgaches. Il vous reste 44.87% de cet article \u00e0 lire. La suite est r\u00e9serv\u00e9e aux abonn\u00e9s.","breadcrumb":{"@id":"https:\/\/vof-news.eu\/fr\/madagascar-reclame-a-la-france-une-indemnisation-pour-les-iles-eparses-et-maintient-sa-demande-de-restitution\/#breadcrumb"},"inLanguage":"fr-FR","potentialAction":[{"@type":"ReadAction","target":["https:\/\/vof-news.eu\/fr\/madagascar-reclame-a-la-france-une-indemnisation-pour-les-iles-eparses-et-maintient-sa-demande-de-restitution\/"]}]},{"@type":"ImageObject","inLanguage":"fr-FR","@id":"https:\/\/vof-news.eu\/fr\/madagascar-reclame-a-la-france-une-indemnisation-pour-les-iles-eparses-et-maintient-sa-demande-de-restitution\/#primaryimage","url":"https:\/\/vof-news.eu\/wp-content\/uploads\/2025\/07\/bfea1f4_upload-1-gupmusqhxskl-000-1lo164.jpg","contentUrl":"https:\/\/vof-news.eu\/wp-content\/uploads\/2025\/07\/bfea1f4_upload-1-gupmusqhxskl-000-1lo164.jpg","width":664,"height":382},{"@type":"BreadcrumbList","@id":"https:\/\/vof-news.eu\/fr\/madagascar-reclame-a-la-france-une-indemnisation-pour-les-iles-eparses-et-maintient-sa-demande-de-restitution\/#breadcrumb","itemListElement":[{"@type":"ListItem","position":1,"name":"Home","item":"https:\/\/vof-news.eu\/fr\/"},{"@type":"ListItem","position":2,"name":"Madagascar r\u00e9clame \u00e0 la France une indemnisation pour les \u00eeles Eparses et maintient sa demande de restitution"}]},{"@type":"WebSite","@id":"https:\/\/vof-news.eu\/fr\/#website","url":"https:\/\/vof-news.eu\/fr\/","name":"vof-news.eu","description":"","potentialAction":[{"@type":"SearchAction","target":{"@type":"EntryPoint","urlTemplate":"https:\/\/vof-news.eu\/fr\/?s={search_term_string}"},"query-input":"required name=search_term_string"}],"inLanguage":"fr-FR"},{"@type":"Person","@id":"https:\/\/vof-news.eu\/fr\/#\/schema\/person\/f6a2a4309f0561835797fd8c19b333ed","name":"Author","image":{"@type":"ImageObject","inLanguage":"fr-FR","@id":"https:\/\/vof-news.eu\/fr\/#\/schema\/person\/image\/","url":"https:\/\/secure.gravatar.com\/avatar\/b67e614b1b25b3e9c0c239efdd2fde5ab015b5affd6f1c3c85911ca4b384e790?s=96&d=mm&r=g","contentUrl":"https:\/\/secure.gravatar.com\/avatar\/b67e614b1b25b3e9c0c239efdd2fde5ab015b5affd6f1c3c85911ca4b384e790?s=96&d=mm&r=g","caption":"Author"},"sameAs":["http:\/\/vof-news.eu"],"url":"https:\/\/vof-news.eu\/fr\/author\/zwt6qxnjulxbnyg\/"}]}},"yoast_meta":{"yoast_wpseo_title":"","yoast_wpseo_metadesc":"","yoast_wpseo_canonical":""},"_links":{"self":[{"href":"https:\/\/vof-news.eu\/fr\/wp-json\/wp\/v2\/posts\/244546","targetHints":{"allow":["GET"]}}],"collection":[{"href":"https:\/\/vof-news.eu\/fr\/wp-json\/wp\/v2\/posts"}],"about":[{"href":"https:\/\/vof-news.eu\/fr\/wp-json\/wp\/v2\/types\/post"}],"author":[{"embeddable":true,"href":"https:\/\/vof-news.eu\/fr\/wp-json\/wp\/v2\/users\/1"}],"replies":[{"embeddable":true,"href":"https:\/\/vof-news.eu\/fr\/wp-json\/wp\/v2\/comments?post=244546"}],"version-history":[{"count":1,"href":"https:\/\/vof-news.eu\/fr\/wp-json\/wp\/v2\/posts\/244546\/revisions"}],"predecessor-version":[{"id":244553,"href":"https:\/\/vof-news.eu\/fr\/wp-json\/wp\/v2\/posts\/244546\/revisions\/244553"}],"wp:featuredmedia":[{"embeddable":true,"href":"https:\/\/vof-news.eu\/fr\/wp-json\/wp\/v2\/media\/244547"}],"wp:attachment":[{"href":"https:\/\/vof-news.eu\/fr\/wp-json\/wp\/v2\/media?parent=244546"}],"wp:term":[{"taxonomy":"category","embeddable":true,"href":"https:\/\/vof-news.eu\/fr\/wp-json\/wp\/v2\/categories?post=244546"},{"taxonomy":"post_tag","embeddable":true,"href":"https:\/\/vof-news.eu\/fr\/wp-json\/wp\/v2\/tags?post=244546"}],"curies":[{"name":"wp","href":"https:\/\/api.w.org\/{rel}","templated":true}]}}