{"id":244544,"date":"2025-07-01T13:30:12","date_gmt":"2025-07-01T10:30:12","guid":{"rendered":"https:\/\/vof-news.eu\/la-reforme-des-retraites-adoptee-mais-non-deliberee-simpose-sans-etre-acceptee-par-une-grande-partie-de-la-societe\/"},"modified":"2025-07-01T13:30:28","modified_gmt":"2025-07-01T10:30:28","slug":"la-reforme-des-retraites-adoptee-mais-non-deliberee-simpose-sans-etre-acceptee-par-une-grande-partie-de-la-societe","status":"publish","type":"post","link":"https:\/\/vof-news.eu\/fr\/la-reforme-des-retraites-adoptee-mais-non-deliberee-simpose-sans-etre-acceptee-par-une-grande-partie-de-la-societe\/","title":{"rendered":"\u00ab\u00a0La r\u00e9forme des retraites, adopt\u00e9e mais non d\u00e9lib\u00e9r\u00e9e, s\u2019impose sans \u00eatre accept\u00e9e par une grande partie de la soci\u00e9t\u00e9\u00a0\u00bb"},"content":{"rendered":"<article>\n<p><span>L<\/span>a r\u00e9forme des retraites impos\u00e9e \u00e0 marche forc\u00e9e par le gouvernement et, surtout, le pr\u00e9sident de la R\u00e9publique en\u00a02023 a caus\u00e9 une triple fracture, dont la cicatrice ne dispara\u00eetra jamais. La fracture est d\u2019abord sociale, en raison du passage en force, en d\u00e9pit de toute n\u00e9gociation avec les partenaires sociaux. La fracture est \u00e9galement d\u00e9mocratique, tant les citoyens paraissaient majoritairement et frontalement hostiles \u00e0 cette r\u00e9forme qui les concerne tous (ou presque), l\u2019absence de concertation dans la r\u00e9alisation de la r\u00e9forme n\u2019ayant pas favoris\u00e9 leur adh\u00e9sion. Enfin, la fracture est institutionnelle et parlementaire, la voie proc\u00e9durale choisie et les leviers juridiques mobilis\u00e9s ayant permis d\u2019imposer une r\u00e9forme contre la volont\u00e9 de la majorit\u00e9 parlementaire. On se souvient ainsi du cumul des m\u00e9canismes des articles\u00a047-1 (loi de financement rectificative de la S\u00e9curit\u00e9 sociale, permettant des contraintes proc\u00e9durales), 44.3 (vote bloqu\u00e9) et 49.3 de la Constitution (absence de vote), auxquels s\u2019ajoutent les ressorts des r\u00e8glements des Assembl\u00e9es.<\/p>\n<section>   <\/section>\n<p>Autant d\u2019\u00e9l\u00e9ments mobilis\u00e9s dans le plus strict respect de la Constitution, ainsi que l\u2019a confirm\u00e9 le Conseil constitutionnel dans sa d\u00e9cision du 14\u00a0avril\u00a02023, mais dont le cumul ne traduit certainement pas une volont\u00e9 de permettre un processus d\u00e9lib\u00e9ratif \u00e9clair\u00e9 ni celle d\u2019aboutir \u00e0 une r\u00e9forme qui soit d\u00e9mocratiquement d\u00e9battue. En particulier, l\u2019un des \u00e9l\u00e9ments centraux de la r\u00e9forme, l\u2019\u00e2ge l\u00e9gal report\u00e9 de 62 \u00e0 64\u00a0ans, n\u2019a jamais fait l\u2019objet d\u2019un d\u00e9bat \u00e0 l\u2019Assembl\u00e9e nationale, alors qu\u2019il va concerner toutes les personnes pr\u00e9tendant \u00e0 la retraite en France.<\/p>\n<p>Aujourd\u2019hui, cette r\u00e9forme, adopt\u00e9e mais non d\u00e9lib\u00e9r\u00e9e, s\u2019impose. Toutefois, elle n\u2019est toujours pas accept\u00e9e par de nombreuses forces politiques, par de nombreux partenaires sociaux, par une grande partie de la soci\u00e9t\u00e9.<\/p>\n<section>   <\/section>\n<p>Eu \u00e9gard \u00e0 la composition actuelle de l\u2019Assembl\u00e9e nationale, le premier ministre avait pris deux engagements\u00a0: d\u2019une part, convoquer un \u00ab\u00a0conclave\u00a0\u00bb, permettant un d\u00e9bat entre les partenaires sociaux sur des am\u00e9nagements possibles de cette r\u00e9forme,  selon ses propres mots, et, d\u2019autre part, soumettre les r\u00e9sultats de ce conclave \u00e0 la repr\u00e9sentation nationale, pour qu\u2019elle puisse se prononcer. Il s\u2019agissait l\u00e0, \u00e9videmment, d\u2019une strat\u00e9gie permettant \u00e0 Fran\u00e7ois Bayrou de s\u2019assurer, si ce n\u2019est d\u2019un soutien majoritaire \u00e0 l\u2019Assembl\u00e9e nationale, au moins d\u2019une absence de censure vot\u00e9e \u00e0 la majorit\u00e9 absolue.<\/p>\n<p><strong>Il vous reste 53.92% de cet article \u00e0 lire. La suite est r\u00e9serv\u00e9e aux abonn\u00e9s.<\/strong><\/p>\n<\/article>\n","protected":false},"excerpt":{"rendered":"<p>La r\u00e9forme des retraites impos\u00e9e \u00e0 marche forc\u00e9e par le gouvernement et, surtout, le pr\u00e9sident de la R\u00e9publique en\u00a02023 a caus\u00e9 une triple fracture, dont la cicatrice ne dispara\u00eetra jamais. La fracture est d\u2019abord sociale, en raison du passage en force, en d\u00e9pit de toute n\u00e9gociation avec les partenaires sociaux. La fracture est \u00e9galement d\u00e9mocratique,<\/p>\n","protected":false},"author":1,"featured_media":0,"comment_status":"open","ping_status":"open","sticky":false,"template":"","format":"standard","meta":{"footnotes":""},"categories":[68],"tags":[],"class_list":["post-244544","post","type-post","status-publish","format-standard","hentry","category-politics-fr"],"acf":[],"yoast_head":"<!-- This site is optimized with the Yoast SEO plugin v22.9 - https:\/\/yoast.com\/wordpress\/plugins\/seo\/ -->\n<title>\u00ab\u00a0La r\u00e9forme des retraites, adopt\u00e9e mais non d\u00e9lib\u00e9r\u00e9e, s\u2019impose sans \u00eatre accept\u00e9e par une grande partie de la soci\u00e9t\u00e9\u00a0\u00bb - vof-news.eu<\/title>\n<meta name=\"description\" content=\"La r\u00e9forme des retraites impos\u00e9e \u00e0 marche forc\u00e9e par le gouvernement et, surtout, le pr\u00e9sident de la R\u00e9publique en\u00a02023 a caus\u00e9 une triple fracture, dont la cicatrice ne dispara\u00eetra jamais. La fracture est d\u2019abord sociale, en raison du passage en force, en d\u00e9pit de toute n\u00e9gociation avec les partenaires sociaux. La fracture est \u00e9galement d\u00e9mocratique, tant les citoyens paraissaient majoritairement et frontalement hostiles \u00e0 cette r\u00e9forme qui les concerne tous (ou presque), l\u2019absence de concertation dans la r\u00e9alisation de la r\u00e9forme n\u2019ayant pas favoris\u00e9 leur adh\u00e9sion. Enfin, la fracture est institutionnelle et parlementaire, la voie proc\u00e9durale choisie et les leviers juridiques mobilis\u00e9s ayant permis d\u2019imposer une r\u00e9forme contre la volont\u00e9 de la majorit\u00e9 parlementaire. On se souvient ainsi du cumul des m\u00e9canismes des articles\u00a047-1 (loi de financement rectificative de la S\u00e9curit\u00e9 sociale, permettant des contraintes proc\u00e9durales), 44.3 (vote bloqu\u00e9) et 49.3 de la Constitution (absence de vote), auxquels s\u2019ajoutent les ressorts des r\u00e8glements des Assembl\u00e9es.   Autant d\u2019\u00e9l\u00e9ments mobilis\u00e9s dans le plus strict respect de la Constitution, ainsi que l\u2019a confirm\u00e9 le Conseil constitutionnel dans sa d\u00e9cision du 14\u00a0avril\u00a02023, mais dont le cumul ne traduit certainement pas une volont\u00e9 de permettre un processus d\u00e9lib\u00e9ratif \u00e9clair\u00e9 ni celle d\u2019aboutir \u00e0 une r\u00e9forme qui soit d\u00e9mocratiquement d\u00e9battue. En particulier, l\u2019un des \u00e9l\u00e9ments centraux de la r\u00e9forme, l\u2019\u00e2ge l\u00e9gal report\u00e9 de 62 \u00e0 64\u00a0ans, n\u2019a jamais fait l\u2019objet d\u2019un d\u00e9bat \u00e0 l\u2019Assembl\u00e9e nationale, alors qu\u2019il va concerner toutes les personnes pr\u00e9tendant \u00e0 la retraite en France. Aujourd\u2019hui, cette r\u00e9forme, adopt\u00e9e mais non d\u00e9lib\u00e9r\u00e9e, s\u2019impose. Toutefois, elle n\u2019est toujours pas accept\u00e9e par de nombreuses forces politiques, par de nombreux partenaires sociaux, par une grande partie de la soci\u00e9t\u00e9.   Eu \u00e9gard \u00e0 la composition actuelle de l\u2019Assembl\u00e9e nationale, le premier ministre avait pris deux engagements\u00a0: d\u2019une part, convoquer un \u00ab\u00a0conclave\u00a0\u00bb, permettant un d\u00e9bat entre les partenaires sociaux sur des am\u00e9nagements possibles de cette r\u00e9forme, selon ses propres mots, et, d\u2019autre part, soumettre les r\u00e9sultats de ce conclave \u00e0 la repr\u00e9sentation nationale, pour qu\u2019elle puisse se prononcer. Il s\u2019agissait l\u00e0, \u00e9videmment, d\u2019une strat\u00e9gie permettant \u00e0 Fran\u00e7ois Bayrou de s\u2019assurer, si ce n\u2019est d\u2019un soutien majoritaire \u00e0 l\u2019Assembl\u00e9e nationale, au moins d\u2019une absence de censure vot\u00e9e \u00e0 la majorit\u00e9 absolue. Il vous reste 53.92% de cet article \u00e0 lire. La suite est r\u00e9serv\u00e9e aux abonn\u00e9s.\" \/>\n<meta name=\"robots\" content=\"noindex, follow, max-snippet:-1, max-image-preview:large, max-video-preview:-1\" \/>\n<meta property=\"og:locale\" content=\"fr_FR\" \/>\n<meta property=\"og:type\" content=\"article\" \/>\n<meta property=\"og:title\" content=\"\u00ab\u00a0La r\u00e9forme des retraites, adopt\u00e9e mais non d\u00e9lib\u00e9r\u00e9e, s\u2019impose sans \u00eatre accept\u00e9e par une grande partie de la soci\u00e9t\u00e9\u00a0\u00bb - vof-news.eu\" \/>\n<meta property=\"og:description\" content=\"La r\u00e9forme des retraites impos\u00e9e \u00e0 marche forc\u00e9e par le gouvernement et, surtout, le pr\u00e9sident de la R\u00e9publique en\u00a02023 a caus\u00e9 une triple fracture, dont la cicatrice ne dispara\u00eetra jamais. La fracture est d\u2019abord sociale, en raison du passage en force, en d\u00e9pit de toute n\u00e9gociation avec les partenaires sociaux. La fracture est \u00e9galement d\u00e9mocratique, tant les citoyens paraissaient majoritairement et frontalement hostiles \u00e0 cette r\u00e9forme qui les concerne tous (ou presque), l\u2019absence de concertation dans la r\u00e9alisation de la r\u00e9forme n\u2019ayant pas favoris\u00e9 leur adh\u00e9sion. Enfin, la fracture est institutionnelle et parlementaire, la voie proc\u00e9durale choisie et les leviers juridiques mobilis\u00e9s ayant permis d\u2019imposer une r\u00e9forme contre la volont\u00e9 de la majorit\u00e9 parlementaire. On se souvient ainsi du cumul des m\u00e9canismes des articles\u00a047-1 (loi de financement rectificative de la S\u00e9curit\u00e9 sociale, permettant des contraintes proc\u00e9durales), 44.3 (vote bloqu\u00e9) et 49.3 de la Constitution (absence de vote), auxquels s\u2019ajoutent les ressorts des r\u00e8glements des Assembl\u00e9es.   Autant d\u2019\u00e9l\u00e9ments mobilis\u00e9s dans le plus strict respect de la Constitution, ainsi que l\u2019a confirm\u00e9 le Conseil constitutionnel dans sa d\u00e9cision du 14\u00a0avril\u00a02023, mais dont le cumul ne traduit certainement pas une volont\u00e9 de permettre un processus d\u00e9lib\u00e9ratif \u00e9clair\u00e9 ni celle d\u2019aboutir \u00e0 une r\u00e9forme qui soit d\u00e9mocratiquement d\u00e9battue. En particulier, l\u2019un des \u00e9l\u00e9ments centraux de la r\u00e9forme, l\u2019\u00e2ge l\u00e9gal report\u00e9 de 62 \u00e0 64\u00a0ans, n\u2019a jamais fait l\u2019objet d\u2019un d\u00e9bat \u00e0 l\u2019Assembl\u00e9e nationale, alors qu\u2019il va concerner toutes les personnes pr\u00e9tendant \u00e0 la retraite en France. Aujourd\u2019hui, cette r\u00e9forme, adopt\u00e9e mais non d\u00e9lib\u00e9r\u00e9e, s\u2019impose. Toutefois, elle n\u2019est toujours pas accept\u00e9e par de nombreuses forces politiques, par de nombreux partenaires sociaux, par une grande partie de la soci\u00e9t\u00e9.   Eu \u00e9gard \u00e0 la composition actuelle de l\u2019Assembl\u00e9e nationale, le premier ministre avait pris deux engagements\u00a0: d\u2019une part, convoquer un \u00ab\u00a0conclave\u00a0\u00bb, permettant un d\u00e9bat entre les partenaires sociaux sur des am\u00e9nagements possibles de cette r\u00e9forme, selon ses propres mots, et, d\u2019autre part, soumettre les r\u00e9sultats de ce conclave \u00e0 la repr\u00e9sentation nationale, pour qu\u2019elle puisse se prononcer. Il s\u2019agissait l\u00e0, \u00e9videmment, d\u2019une strat\u00e9gie permettant \u00e0 Fran\u00e7ois Bayrou de s\u2019assurer, si ce n\u2019est d\u2019un soutien majoritaire \u00e0 l\u2019Assembl\u00e9e nationale, au moins d\u2019une absence de censure vot\u00e9e \u00e0 la majorit\u00e9 absolue. Il vous reste 53.92% de cet article \u00e0 lire. La suite est r\u00e9serv\u00e9e aux abonn\u00e9s.\" \/>\n<meta property=\"og:url\" content=\"https:\/\/vof-news.eu\/fr\/la-reforme-des-retraites-adoptee-mais-non-deliberee-simpose-sans-etre-acceptee-par-une-grande-partie-de-la-societe\/\" \/>\n<meta property=\"og:site_name\" content=\"vof-news.eu\" \/>\n<meta property=\"article:published_time\" content=\"2025-07-01T10:30:12+00:00\" \/>\n<meta property=\"article:modified_time\" content=\"2025-07-01T10:30:28+00:00\" \/>\n<meta name=\"author\" content=\"Author\" \/>\n<meta name=\"twitter:card\" content=\"summary_large_image\" \/>\n<meta name=\"twitter:label1\" content=\"\u00c9crit par\" \/>\n\t<meta name=\"twitter:data1\" content=\"Author\" \/>\n\t<meta name=\"twitter:label2\" content=\"Dur\u00e9e de lecture estim\u00e9e\" \/>\n\t<meta name=\"twitter:data2\" content=\"2 minutes\" \/>\n<script type=\"application\/ld+json\" class=\"yoast-schema-graph\">{\"@context\":\"https:\/\/schema.org\",\"@graph\":[{\"@type\":\"WebPage\",\"@id\":\"https:\/\/vof-news.eu\/fr\/la-reforme-des-retraites-adoptee-mais-non-deliberee-simpose-sans-etre-acceptee-par-une-grande-partie-de-la-societe\/\",\"url\":\"https:\/\/vof-news.eu\/fr\/la-reforme-des-retraites-adoptee-mais-non-deliberee-simpose-sans-etre-acceptee-par-une-grande-partie-de-la-societe\/\",\"name\":\"\u00ab\u00a0La r\u00e9forme des retraites, adopt\u00e9e mais non d\u00e9lib\u00e9r\u00e9e, s\u2019impose sans \u00eatre accept\u00e9e par une grande partie de la soci\u00e9t\u00e9\u00a0\u00bb - vof-news.eu\",\"isPartOf\":{\"@id\":\"https:\/\/vof-news.eu\/fr\/#website\"},\"datePublished\":\"2025-07-01T10:30:12+00:00\",\"dateModified\":\"2025-07-01T10:30:28+00:00\",\"author\":{\"@id\":\"https:\/\/vof-news.eu\/fr\/#\/schema\/person\/f6a2a4309f0561835797fd8c19b333ed\"},\"description\":\"La r\u00e9forme des retraites impos\u00e9e \u00e0 marche forc\u00e9e par le gouvernement et, surtout, le pr\u00e9sident de la R\u00e9publique en\u00a02023 a caus\u00e9 une triple fracture, dont la cicatrice ne dispara\u00eetra jamais. La fracture est d\u2019abord sociale, en raison du passage en force, en d\u00e9pit de toute n\u00e9gociation avec les partenaires sociaux. La fracture est \u00e9galement d\u00e9mocratique, tant les citoyens paraissaient majoritairement et frontalement hostiles \u00e0 cette r\u00e9forme qui les concerne tous (ou presque), l\u2019absence de concertation dans la r\u00e9alisation de la r\u00e9forme n\u2019ayant pas favoris\u00e9 leur adh\u00e9sion. Enfin, la fracture est institutionnelle et parlementaire, la voie proc\u00e9durale choisie et les leviers juridiques mobilis\u00e9s ayant permis d\u2019imposer une r\u00e9forme contre la volont\u00e9 de la majorit\u00e9 parlementaire. On se souvient ainsi du cumul des m\u00e9canismes des articles\u00a047-1 (loi de financement rectificative de la S\u00e9curit\u00e9 sociale, permettant des contraintes proc\u00e9durales), 44.3 (vote bloqu\u00e9) et 49.3 de la Constitution (absence de vote), auxquels s\u2019ajoutent les ressorts des r\u00e8glements des Assembl\u00e9es. Autant d\u2019\u00e9l\u00e9ments mobilis\u00e9s dans le plus strict respect de la Constitution, ainsi que l\u2019a confirm\u00e9 le Conseil constitutionnel dans sa d\u00e9cision du 14\u00a0avril\u00a02023, mais dont le cumul ne traduit certainement pas une volont\u00e9 de permettre un processus d\u00e9lib\u00e9ratif \u00e9clair\u00e9 ni celle d\u2019aboutir \u00e0 une r\u00e9forme qui soit d\u00e9mocratiquement d\u00e9battue. En particulier, l\u2019un des \u00e9l\u00e9ments centraux de la r\u00e9forme, l\u2019\u00e2ge l\u00e9gal report\u00e9 de 62 \u00e0 64\u00a0ans, n\u2019a jamais fait l\u2019objet d\u2019un d\u00e9bat \u00e0 l\u2019Assembl\u00e9e nationale, alors qu\u2019il va concerner toutes les personnes pr\u00e9tendant \u00e0 la retraite en France. Aujourd\u2019hui, cette r\u00e9forme, adopt\u00e9e mais non d\u00e9lib\u00e9r\u00e9e, s\u2019impose. Toutefois, elle n\u2019est toujours pas accept\u00e9e par de nombreuses forces politiques, par de nombreux partenaires sociaux, par une grande partie de la soci\u00e9t\u00e9. Eu \u00e9gard \u00e0 la composition actuelle de l\u2019Assembl\u00e9e nationale, le premier ministre avait pris deux engagements\u00a0: d\u2019une part, convoquer un \u00ab\u00a0conclave\u00a0\u00bb, permettant un d\u00e9bat entre les partenaires sociaux sur des am\u00e9nagements possibles de cette r\u00e9forme, selon ses propres mots, et, d\u2019autre part, soumettre les r\u00e9sultats de ce conclave \u00e0 la repr\u00e9sentation nationale, pour qu\u2019elle puisse se prononcer. Il s\u2019agissait l\u00e0, \u00e9videmment, d\u2019une strat\u00e9gie permettant \u00e0 Fran\u00e7ois Bayrou de s\u2019assurer, si ce n\u2019est d\u2019un soutien majoritaire \u00e0 l\u2019Assembl\u00e9e nationale, au moins d\u2019une absence de censure vot\u00e9e \u00e0 la majorit\u00e9 absolue. Il vous reste 53.92% de cet article \u00e0 lire. La suite est r\u00e9serv\u00e9e aux abonn\u00e9s.\",\"breadcrumb\":{\"@id\":\"https:\/\/vof-news.eu\/fr\/la-reforme-des-retraites-adoptee-mais-non-deliberee-simpose-sans-etre-acceptee-par-une-grande-partie-de-la-societe\/#breadcrumb\"},\"inLanguage\":\"fr-FR\",\"potentialAction\":[{\"@type\":\"ReadAction\",\"target\":[\"https:\/\/vof-news.eu\/fr\/la-reforme-des-retraites-adoptee-mais-non-deliberee-simpose-sans-etre-acceptee-par-une-grande-partie-de-la-societe\/\"]}]},{\"@type\":\"BreadcrumbList\",\"@id\":\"https:\/\/vof-news.eu\/fr\/la-reforme-des-retraites-adoptee-mais-non-deliberee-simpose-sans-etre-acceptee-par-une-grande-partie-de-la-societe\/#breadcrumb\",\"itemListElement\":[{\"@type\":\"ListItem\",\"position\":1,\"name\":\"Home\",\"item\":\"https:\/\/vof-news.eu\/fr\/\"},{\"@type\":\"ListItem\",\"position\":2,\"name\":\"\u00ab\u00a0La r\u00e9forme des retraites, adopt\u00e9e mais non d\u00e9lib\u00e9r\u00e9e, s\u2019impose sans \u00eatre accept\u00e9e par une grande partie de la soci\u00e9t\u00e9\u00a0\u00bb\"}]},{\"@type\":\"WebSite\",\"@id\":\"https:\/\/vof-news.eu\/fr\/#website\",\"url\":\"https:\/\/vof-news.eu\/fr\/\",\"name\":\"vof-news.eu\",\"description\":\"\",\"potentialAction\":[{\"@type\":\"SearchAction\",\"target\":{\"@type\":\"EntryPoint\",\"urlTemplate\":\"https:\/\/vof-news.eu\/fr\/?s={search_term_string}\"},\"query-input\":\"required name=search_term_string\"}],\"inLanguage\":\"fr-FR\"},{\"@type\":\"Person\",\"@id\":\"https:\/\/vof-news.eu\/fr\/#\/schema\/person\/f6a2a4309f0561835797fd8c19b333ed\",\"name\":\"Author\",\"image\":{\"@type\":\"ImageObject\",\"inLanguage\":\"fr-FR\",\"@id\":\"https:\/\/vof-news.eu\/fr\/#\/schema\/person\/image\/\",\"url\":\"https:\/\/secure.gravatar.com\/avatar\/b67e614b1b25b3e9c0c239efdd2fde5ab015b5affd6f1c3c85911ca4b384e790?s=96&d=mm&r=g\",\"contentUrl\":\"https:\/\/secure.gravatar.com\/avatar\/b67e614b1b25b3e9c0c239efdd2fde5ab015b5affd6f1c3c85911ca4b384e790?s=96&d=mm&r=g\",\"caption\":\"Author\"},\"sameAs\":[\"http:\/\/vof-news.eu\"],\"url\":\"https:\/\/vof-news.eu\/fr\/author\/zwt6qxnjulxbnyg\/\"}]}<\/script>\n<!-- \/ Yoast SEO plugin. -->","yoast_head_json":{"title":"\u00ab\u00a0La r\u00e9forme des retraites, adopt\u00e9e mais non d\u00e9lib\u00e9r\u00e9e, s\u2019impose sans \u00eatre accept\u00e9e par une grande partie de la soci\u00e9t\u00e9\u00a0\u00bb - vof-news.eu","description":"La r\u00e9forme des retraites impos\u00e9e \u00e0 marche forc\u00e9e par le gouvernement et, surtout, le pr\u00e9sident de la R\u00e9publique en\u00a02023 a caus\u00e9 une triple fracture, dont la cicatrice ne dispara\u00eetra jamais. La fracture est d\u2019abord sociale, en raison du passage en force, en d\u00e9pit de toute n\u00e9gociation avec les partenaires sociaux. La fracture est \u00e9galement d\u00e9mocratique, tant les citoyens paraissaient majoritairement et frontalement hostiles \u00e0 cette r\u00e9forme qui les concerne tous (ou presque), l\u2019absence de concertation dans la r\u00e9alisation de la r\u00e9forme n\u2019ayant pas favoris\u00e9 leur adh\u00e9sion. Enfin, la fracture est institutionnelle et parlementaire, la voie proc\u00e9durale choisie et les leviers juridiques mobilis\u00e9s ayant permis d\u2019imposer une r\u00e9forme contre la volont\u00e9 de la majorit\u00e9 parlementaire. On se souvient ainsi du cumul des m\u00e9canismes des articles\u00a047-1 (loi de financement rectificative de la S\u00e9curit\u00e9 sociale, permettant des contraintes proc\u00e9durales), 44.3 (vote bloqu\u00e9) et 49.3 de la Constitution (absence de vote), auxquels s\u2019ajoutent les ressorts des r\u00e8glements des Assembl\u00e9es.   Autant d\u2019\u00e9l\u00e9ments mobilis\u00e9s dans le plus strict respect de la Constitution, ainsi que l\u2019a confirm\u00e9 le Conseil constitutionnel dans sa d\u00e9cision du 14\u00a0avril\u00a02023, mais dont le cumul ne traduit certainement pas une volont\u00e9 de permettre un processus d\u00e9lib\u00e9ratif \u00e9clair\u00e9 ni celle d\u2019aboutir \u00e0 une r\u00e9forme qui soit d\u00e9mocratiquement d\u00e9battue. En particulier, l\u2019un des \u00e9l\u00e9ments centraux de la r\u00e9forme, l\u2019\u00e2ge l\u00e9gal report\u00e9 de 62 \u00e0 64\u00a0ans, n\u2019a jamais fait l\u2019objet d\u2019un d\u00e9bat \u00e0 l\u2019Assembl\u00e9e nationale, alors qu\u2019il va concerner toutes les personnes pr\u00e9tendant \u00e0 la retraite en France. Aujourd\u2019hui, cette r\u00e9forme, adopt\u00e9e mais non d\u00e9lib\u00e9r\u00e9e, s\u2019impose. Toutefois, elle n\u2019est toujours pas accept\u00e9e par de nombreuses forces politiques, par de nombreux partenaires sociaux, par une grande partie de la soci\u00e9t\u00e9.   Eu \u00e9gard \u00e0 la composition actuelle de l\u2019Assembl\u00e9e nationale, le premier ministre avait pris deux engagements\u00a0: d\u2019une part, convoquer un \u00ab\u00a0conclave\u00a0\u00bb, permettant un d\u00e9bat entre les partenaires sociaux sur des am\u00e9nagements possibles de cette r\u00e9forme, selon ses propres mots, et, d\u2019autre part, soumettre les r\u00e9sultats de ce conclave \u00e0 la repr\u00e9sentation nationale, pour qu\u2019elle puisse se prononcer. Il s\u2019agissait l\u00e0, \u00e9videmment, d\u2019une strat\u00e9gie permettant \u00e0 Fran\u00e7ois Bayrou de s\u2019assurer, si ce n\u2019est d\u2019un soutien majoritaire \u00e0 l\u2019Assembl\u00e9e nationale, au moins d\u2019une absence de censure vot\u00e9e \u00e0 la majorit\u00e9 absolue. Il vous reste 53.92% de cet article \u00e0 lire. La suite est r\u00e9serv\u00e9e aux abonn\u00e9s.","robots":{"index":"noindex","follow":"follow","max-snippet":"max-snippet:-1","max-image-preview":"max-image-preview:large","max-video-preview":"max-video-preview:-1"},"og_locale":"fr_FR","og_type":"article","og_title":"\u00ab\u00a0La r\u00e9forme des retraites, adopt\u00e9e mais non d\u00e9lib\u00e9r\u00e9e, s\u2019impose sans \u00eatre accept\u00e9e par une grande partie de la soci\u00e9t\u00e9\u00a0\u00bb - vof-news.eu","og_description":"La r\u00e9forme des retraites impos\u00e9e \u00e0 marche forc\u00e9e par le gouvernement et, surtout, le pr\u00e9sident de la R\u00e9publique en\u00a02023 a caus\u00e9 une triple fracture, dont la cicatrice ne dispara\u00eetra jamais. La fracture est d\u2019abord sociale, en raison du passage en force, en d\u00e9pit de toute n\u00e9gociation avec les partenaires sociaux. La fracture est \u00e9galement d\u00e9mocratique, tant les citoyens paraissaient majoritairement et frontalement hostiles \u00e0 cette r\u00e9forme qui les concerne tous (ou presque), l\u2019absence de concertation dans la r\u00e9alisation de la r\u00e9forme n\u2019ayant pas favoris\u00e9 leur adh\u00e9sion. Enfin, la fracture est institutionnelle et parlementaire, la voie proc\u00e9durale choisie et les leviers juridiques mobilis\u00e9s ayant permis d\u2019imposer une r\u00e9forme contre la volont\u00e9 de la majorit\u00e9 parlementaire. On se souvient ainsi du cumul des m\u00e9canismes des articles\u00a047-1 (loi de financement rectificative de la S\u00e9curit\u00e9 sociale, permettant des contraintes proc\u00e9durales), 44.3 (vote bloqu\u00e9) et 49.3 de la Constitution (absence de vote), auxquels s\u2019ajoutent les ressorts des r\u00e8glements des Assembl\u00e9es.   Autant d\u2019\u00e9l\u00e9ments mobilis\u00e9s dans le plus strict respect de la Constitution, ainsi que l\u2019a confirm\u00e9 le Conseil constitutionnel dans sa d\u00e9cision du 14\u00a0avril\u00a02023, mais dont le cumul ne traduit certainement pas une volont\u00e9 de permettre un processus d\u00e9lib\u00e9ratif \u00e9clair\u00e9 ni celle d\u2019aboutir \u00e0 une r\u00e9forme qui soit d\u00e9mocratiquement d\u00e9battue. En particulier, l\u2019un des \u00e9l\u00e9ments centraux de la r\u00e9forme, l\u2019\u00e2ge l\u00e9gal report\u00e9 de 62 \u00e0 64\u00a0ans, n\u2019a jamais fait l\u2019objet d\u2019un d\u00e9bat \u00e0 l\u2019Assembl\u00e9e nationale, alors qu\u2019il va concerner toutes les personnes pr\u00e9tendant \u00e0 la retraite en France. Aujourd\u2019hui, cette r\u00e9forme, adopt\u00e9e mais non d\u00e9lib\u00e9r\u00e9e, s\u2019impose. Toutefois, elle n\u2019est toujours pas accept\u00e9e par de nombreuses forces politiques, par de nombreux partenaires sociaux, par une grande partie de la soci\u00e9t\u00e9.   Eu \u00e9gard \u00e0 la composition actuelle de l\u2019Assembl\u00e9e nationale, le premier ministre avait pris deux engagements\u00a0: d\u2019une part, convoquer un \u00ab\u00a0conclave\u00a0\u00bb, permettant un d\u00e9bat entre les partenaires sociaux sur des am\u00e9nagements possibles de cette r\u00e9forme, selon ses propres mots, et, d\u2019autre part, soumettre les r\u00e9sultats de ce conclave \u00e0 la repr\u00e9sentation nationale, pour qu\u2019elle puisse se prononcer. Il s\u2019agissait l\u00e0, \u00e9videmment, d\u2019une strat\u00e9gie permettant \u00e0 Fran\u00e7ois Bayrou de s\u2019assurer, si ce n\u2019est d\u2019un soutien majoritaire \u00e0 l\u2019Assembl\u00e9e nationale, au moins d\u2019une absence de censure vot\u00e9e \u00e0 la majorit\u00e9 absolue. Il vous reste 53.92% de cet article \u00e0 lire. La suite est r\u00e9serv\u00e9e aux abonn\u00e9s.","og_url":"https:\/\/vof-news.eu\/fr\/la-reforme-des-retraites-adoptee-mais-non-deliberee-simpose-sans-etre-acceptee-par-une-grande-partie-de-la-societe\/","og_site_name":"vof-news.eu","article_published_time":"2025-07-01T10:30:12+00:00","article_modified_time":"2025-07-01T10:30:28+00:00","author":"Author","twitter_card":"summary_large_image","twitter_misc":{"\u00c9crit par":"Author","Dur\u00e9e de lecture estim\u00e9e":"2 minutes"},"schema":{"@context":"https:\/\/schema.org","@graph":[{"@type":"WebPage","@id":"https:\/\/vof-news.eu\/fr\/la-reforme-des-retraites-adoptee-mais-non-deliberee-simpose-sans-etre-acceptee-par-une-grande-partie-de-la-societe\/","url":"https:\/\/vof-news.eu\/fr\/la-reforme-des-retraites-adoptee-mais-non-deliberee-simpose-sans-etre-acceptee-par-une-grande-partie-de-la-societe\/","name":"\u00ab\u00a0La r\u00e9forme des retraites, adopt\u00e9e mais non d\u00e9lib\u00e9r\u00e9e, s\u2019impose sans \u00eatre accept\u00e9e par une grande partie de la soci\u00e9t\u00e9\u00a0\u00bb - vof-news.eu","isPartOf":{"@id":"https:\/\/vof-news.eu\/fr\/#website"},"datePublished":"2025-07-01T10:30:12+00:00","dateModified":"2025-07-01T10:30:28+00:00","author":{"@id":"https:\/\/vof-news.eu\/fr\/#\/schema\/person\/f6a2a4309f0561835797fd8c19b333ed"},"description":"La r\u00e9forme des retraites impos\u00e9e \u00e0 marche forc\u00e9e par le gouvernement et, surtout, le pr\u00e9sident de la R\u00e9publique en\u00a02023 a caus\u00e9 une triple fracture, dont la cicatrice ne dispara\u00eetra jamais. La fracture est d\u2019abord sociale, en raison du passage en force, en d\u00e9pit de toute n\u00e9gociation avec les partenaires sociaux. La fracture est \u00e9galement d\u00e9mocratique, tant les citoyens paraissaient majoritairement et frontalement hostiles \u00e0 cette r\u00e9forme qui les concerne tous (ou presque), l\u2019absence de concertation dans la r\u00e9alisation de la r\u00e9forme n\u2019ayant pas favoris\u00e9 leur adh\u00e9sion. Enfin, la fracture est institutionnelle et parlementaire, la voie proc\u00e9durale choisie et les leviers juridiques mobilis\u00e9s ayant permis d\u2019imposer une r\u00e9forme contre la volont\u00e9 de la majorit\u00e9 parlementaire. On se souvient ainsi du cumul des m\u00e9canismes des articles\u00a047-1 (loi de financement rectificative de la S\u00e9curit\u00e9 sociale, permettant des contraintes proc\u00e9durales), 44.3 (vote bloqu\u00e9) et 49.3 de la Constitution (absence de vote), auxquels s\u2019ajoutent les ressorts des r\u00e8glements des Assembl\u00e9es. Autant d\u2019\u00e9l\u00e9ments mobilis\u00e9s dans le plus strict respect de la Constitution, ainsi que l\u2019a confirm\u00e9 le Conseil constitutionnel dans sa d\u00e9cision du 14\u00a0avril\u00a02023, mais dont le cumul ne traduit certainement pas une volont\u00e9 de permettre un processus d\u00e9lib\u00e9ratif \u00e9clair\u00e9 ni celle d\u2019aboutir \u00e0 une r\u00e9forme qui soit d\u00e9mocratiquement d\u00e9battue. En particulier, l\u2019un des \u00e9l\u00e9ments centraux de la r\u00e9forme, l\u2019\u00e2ge l\u00e9gal report\u00e9 de 62 \u00e0 64\u00a0ans, n\u2019a jamais fait l\u2019objet d\u2019un d\u00e9bat \u00e0 l\u2019Assembl\u00e9e nationale, alors qu\u2019il va concerner toutes les personnes pr\u00e9tendant \u00e0 la retraite en France. Aujourd\u2019hui, cette r\u00e9forme, adopt\u00e9e mais non d\u00e9lib\u00e9r\u00e9e, s\u2019impose. Toutefois, elle n\u2019est toujours pas accept\u00e9e par de nombreuses forces politiques, par de nombreux partenaires sociaux, par une grande partie de la soci\u00e9t\u00e9. Eu \u00e9gard \u00e0 la composition actuelle de l\u2019Assembl\u00e9e nationale, le premier ministre avait pris deux engagements\u00a0: d\u2019une part, convoquer un \u00ab\u00a0conclave\u00a0\u00bb, permettant un d\u00e9bat entre les partenaires sociaux sur des am\u00e9nagements possibles de cette r\u00e9forme, selon ses propres mots, et, d\u2019autre part, soumettre les r\u00e9sultats de ce conclave \u00e0 la repr\u00e9sentation nationale, pour qu\u2019elle puisse se prononcer. Il s\u2019agissait l\u00e0, \u00e9videmment, d\u2019une strat\u00e9gie permettant \u00e0 Fran\u00e7ois Bayrou de s\u2019assurer, si ce n\u2019est d\u2019un soutien majoritaire \u00e0 l\u2019Assembl\u00e9e nationale, au moins d\u2019une absence de censure vot\u00e9e \u00e0 la majorit\u00e9 absolue. Il vous reste 53.92% de cet article \u00e0 lire. La suite est r\u00e9serv\u00e9e aux abonn\u00e9s.","breadcrumb":{"@id":"https:\/\/vof-news.eu\/fr\/la-reforme-des-retraites-adoptee-mais-non-deliberee-simpose-sans-etre-acceptee-par-une-grande-partie-de-la-societe\/#breadcrumb"},"inLanguage":"fr-FR","potentialAction":[{"@type":"ReadAction","target":["https:\/\/vof-news.eu\/fr\/la-reforme-des-retraites-adoptee-mais-non-deliberee-simpose-sans-etre-acceptee-par-une-grande-partie-de-la-societe\/"]}]},{"@type":"BreadcrumbList","@id":"https:\/\/vof-news.eu\/fr\/la-reforme-des-retraites-adoptee-mais-non-deliberee-simpose-sans-etre-acceptee-par-une-grande-partie-de-la-societe\/#breadcrumb","itemListElement":[{"@type":"ListItem","position":1,"name":"Home","item":"https:\/\/vof-news.eu\/fr\/"},{"@type":"ListItem","position":2,"name":"\u00ab\u00a0La r\u00e9forme des retraites, adopt\u00e9e mais non d\u00e9lib\u00e9r\u00e9e, s\u2019impose sans \u00eatre accept\u00e9e par une grande partie de la soci\u00e9t\u00e9\u00a0\u00bb"}]},{"@type":"WebSite","@id":"https:\/\/vof-news.eu\/fr\/#website","url":"https:\/\/vof-news.eu\/fr\/","name":"vof-news.eu","description":"","potentialAction":[{"@type":"SearchAction","target":{"@type":"EntryPoint","urlTemplate":"https:\/\/vof-news.eu\/fr\/?s={search_term_string}"},"query-input":"required name=search_term_string"}],"inLanguage":"fr-FR"},{"@type":"Person","@id":"https:\/\/vof-news.eu\/fr\/#\/schema\/person\/f6a2a4309f0561835797fd8c19b333ed","name":"Author","image":{"@type":"ImageObject","inLanguage":"fr-FR","@id":"https:\/\/vof-news.eu\/fr\/#\/schema\/person\/image\/","url":"https:\/\/secure.gravatar.com\/avatar\/b67e614b1b25b3e9c0c239efdd2fde5ab015b5affd6f1c3c85911ca4b384e790?s=96&d=mm&r=g","contentUrl":"https:\/\/secure.gravatar.com\/avatar\/b67e614b1b25b3e9c0c239efdd2fde5ab015b5affd6f1c3c85911ca4b384e790?s=96&d=mm&r=g","caption":"Author"},"sameAs":["http:\/\/vof-news.eu"],"url":"https:\/\/vof-news.eu\/fr\/author\/zwt6qxnjulxbnyg\/"}]}},"yoast_meta":{"yoast_wpseo_title":"","yoast_wpseo_metadesc":"","yoast_wpseo_canonical":""},"_links":{"self":[{"href":"https:\/\/vof-news.eu\/fr\/wp-json\/wp\/v2\/posts\/244544","targetHints":{"allow":["GET"]}}],"collection":[{"href":"https:\/\/vof-news.eu\/fr\/wp-json\/wp\/v2\/posts"}],"about":[{"href":"https:\/\/vof-news.eu\/fr\/wp-json\/wp\/v2\/types\/post"}],"author":[{"embeddable":true,"href":"https:\/\/vof-news.eu\/fr\/wp-json\/wp\/v2\/users\/1"}],"replies":[{"embeddable":true,"href":"https:\/\/vof-news.eu\/fr\/wp-json\/wp\/v2\/comments?post=244544"}],"version-history":[{"count":1,"href":"https:\/\/vof-news.eu\/fr\/wp-json\/wp\/v2\/posts\/244544\/revisions"}],"predecessor-version":[{"id":244545,"href":"https:\/\/vof-news.eu\/fr\/wp-json\/wp\/v2\/posts\/244544\/revisions\/244545"}],"wp:attachment":[{"href":"https:\/\/vof-news.eu\/fr\/wp-json\/wp\/v2\/media?parent=244544"}],"wp:term":[{"taxonomy":"category","embeddable":true,"href":"https:\/\/vof-news.eu\/fr\/wp-json\/wp\/v2\/categories?post=244544"},{"taxonomy":"post_tag","embeddable":true,"href":"https:\/\/vof-news.eu\/fr\/wp-json\/wp\/v2\/tags?post=244544"}],"curies":[{"name":"wp","href":"https:\/\/api.w.org\/{rel}","templated":true}]}}