{"id":244497,"date":"2025-07-01T11:34:03","date_gmt":"2025-07-01T08:34:03","guid":{"rendered":"https:\/\/vof-news.eu\/passer-son-permis-a-17-ans-une-mesure-tres-populaire-qui-augmente-lembouteillage-dans-les-auto-ecoles\/"},"modified":"2025-07-01T11:34:35","modified_gmt":"2025-07-01T08:34:35","slug":"passer-son-permis-a-17-ans-une-mesure-tres-populaire-qui-augmente-lembouteillage-dans-les-auto-ecoles","status":"publish","type":"post","link":"https:\/\/vof-news.eu\/fr\/passer-son-permis-a-17-ans-une-mesure-tres-populaire-qui-augmente-lembouteillage-dans-les-auto-ecoles\/","title":{"rendered":"Passer son permis \u00e0 17\u00a0ans, une mesure tr\u00e8s populaire qui augmente l\u2019embouteillage dans les auto-\u00e9coles"},"content":{"rendered":"<article>\n<p>A l\u2019approche de l\u2019\u00e9ch\u00e9ance, Gavina Dongu compte les jours. La lyc\u00e9enne, en classe de 1<sup>re<\/sup> au Creusot (Sa\u00f4ne-et-Loire), soufflera ses 17\u00a0ans le 2\u00a0juillet. Mais c\u2019est un autre rendez-vous du mois qui la fait tr\u00e9pigner d\u2019impatience\u00a0: son passage du permis de conduire. ,r\u00e9sume celle qui est venue suivre une le\u00e7on de conduite \u00e0 l\u2019auto-\u00e9cole Vaison, mercredi 18\u00a0juin.<\/p>\n<section>   <\/section>\n<p>L\u2019adolescente fait partie des milliers de jeunes Fran\u00e7ais qui se sont ru\u00e9s vers les \u00e9coles de conduite apr\u00e8s l\u2019abaissement de l\u2019\u00e2ge l\u00e9gal, de 18\u00a0\u00e0 17\u00a0ans, pour pouvoir pr\u00e9tendre au permis\u00a0B. <a href=\"https:\/\/www.lemonde.fr\/politique\/article\/2023\/06\/20\/l-age-pour-passer-le-permis-de-conduire-va-etre-abaisse-a-17-ans-des-2024-annonce-elisabeth-borne_6178477_823448.html\" rel=\"nofollow\">Annonc\u00e9e par surprise par Elisabeth Borne, alors premi\u00e8re ministre, il y a deux ans, la mesure entr\u00e9e en vigueur en janvier\u00a02024<\/a> a pour ambition de faciliter la mobilit\u00e9 et l\u2019autonomie des jeunes habitants de territoires encore tr\u00e8s d\u00e9pendants de la voiture. En\u00a02024, ce sont plus de 300\u00a0000 jeunes de 17\u00a0ans qui ont pass\u00e9 le permis, soit 33\u00a0% de cette classe d\u2019\u00e2ge, d\u2019apr\u00e8s le premier bilan rendu public en janvier.<\/p>\n<p><strong>Il vous reste 84.1% de cet article \u00e0 lire. La suite est r\u00e9serv\u00e9e aux abonn\u00e9s.<\/strong><\/p>\n<\/article>\n","protected":false},"excerpt":{"rendered":"<p>A l\u2019approche de l\u2019\u00e9ch\u00e9ance, Gavina Dongu compte les jours. La lyc\u00e9enne, en classe de 1re au Creusot (Sa\u00f4ne-et-Loire), soufflera ses 17\u00a0ans le 2\u00a0juillet. Mais c\u2019est un autre rendez-vous du mois qui la fait tr\u00e9pigner d\u2019impatience\u00a0: son passage du permis de conduire. ,r\u00e9sume celle qui est venue suivre une le\u00e7on de conduite \u00e0 l\u2019auto-\u00e9cole Vaison, mercredi<\/p>\n","protected":false},"author":1,"featured_media":244498,"comment_status":"open","ping_status":"open","sticky":false,"template":"","format":"standard","meta":{"footnotes":""},"categories":[58],"tags":[],"class_list":["post-244497","post","type-post","status-publish","format-standard","has-post-thumbnail","hentry","category-business-fr"],"acf":[],"yoast_head":"<!-- This site is optimized with the Yoast SEO plugin v22.9 - https:\/\/yoast.com\/wordpress\/plugins\/seo\/ -->\n<title>Passer son permis \u00e0 17\u00a0ans, une mesure tr\u00e8s populaire qui augmente l\u2019embouteillage dans les auto-\u00e9coles - vof-news.eu<\/title>\n<meta name=\"description\" content=\"A l\u2019approche de l\u2019\u00e9ch\u00e9ance, Gavina Dongu compte les jours. La lyc\u00e9enne, en classe de 1re au Creusot (Sa\u00f4ne-et-Loire), soufflera ses 17\u00a0ans le 2\u00a0juillet. Mais c\u2019est un autre rendez-vous du mois qui la fait tr\u00e9pigner d\u2019impatience\u00a0: son passage du permis de conduire. ,r\u00e9sume celle qui est venue suivre une le\u00e7on de conduite \u00e0 l\u2019auto-\u00e9cole Vaison, mercredi 18\u00a0juin.   L\u2019adolescente fait partie des milliers de jeunes Fran\u00e7ais qui se sont ru\u00e9s vers les \u00e9coles de conduite apr\u00e8s l\u2019abaissement de l\u2019\u00e2ge l\u00e9gal, de 18\u00a0\u00e0 17\u00a0ans, pour pouvoir pr\u00e9tendre au permis\u00a0B. Annonc\u00e9e par surprise par Elisabeth Borne, alors premi\u00e8re ministre, il y a deux ans, la mesure entr\u00e9e en vigueur en janvier\u00a02024 a pour ambition de faciliter la mobilit\u00e9 et l\u2019autonomie des jeunes habitants de territoires encore tr\u00e8s d\u00e9pendants de la voiture. En\u00a02024, ce sont plus de 300\u00a0000 jeunes de 17\u00a0ans qui ont pass\u00e9 le permis, soit 33\u00a0% de cette classe d\u2019\u00e2ge, d\u2019apr\u00e8s le premier bilan rendu public en janvier. Il vous reste 84.1% de cet article \u00e0 lire. La suite est r\u00e9serv\u00e9e aux abonn\u00e9s.\" \/>\n<meta name=\"robots\" content=\"noindex, follow, max-snippet:-1, max-image-preview:large, max-video-preview:-1\" \/>\n<meta property=\"og:locale\" content=\"fr_FR\" \/>\n<meta property=\"og:type\" content=\"article\" \/>\n<meta property=\"og:title\" content=\"Passer son permis \u00e0 17\u00a0ans, une mesure tr\u00e8s populaire qui augmente l\u2019embouteillage dans les auto-\u00e9coles - vof-news.eu\" \/>\n<meta property=\"og:description\" content=\"A l\u2019approche de l\u2019\u00e9ch\u00e9ance, Gavina Dongu compte les jours. La lyc\u00e9enne, en classe de 1re au Creusot (Sa\u00f4ne-et-Loire), soufflera ses 17\u00a0ans le 2\u00a0juillet. Mais c\u2019est un autre rendez-vous du mois qui la fait tr\u00e9pigner d\u2019impatience\u00a0: son passage du permis de conduire. ,r\u00e9sume celle qui est venue suivre une le\u00e7on de conduite \u00e0 l\u2019auto-\u00e9cole Vaison, mercredi 18\u00a0juin.   L\u2019adolescente fait partie des milliers de jeunes Fran\u00e7ais qui se sont ru\u00e9s vers les \u00e9coles de conduite apr\u00e8s l\u2019abaissement de l\u2019\u00e2ge l\u00e9gal, de 18\u00a0\u00e0 17\u00a0ans, pour pouvoir pr\u00e9tendre au permis\u00a0B. Annonc\u00e9e par surprise par Elisabeth Borne, alors premi\u00e8re ministre, il y a deux ans, la mesure entr\u00e9e en vigueur en janvier\u00a02024 a pour ambition de faciliter la mobilit\u00e9 et l\u2019autonomie des jeunes habitants de territoires encore tr\u00e8s d\u00e9pendants de la voiture. En\u00a02024, ce sont plus de 300\u00a0000 jeunes de 17\u00a0ans qui ont pass\u00e9 le permis, soit 33\u00a0% de cette classe d\u2019\u00e2ge, d\u2019apr\u00e8s le premier bilan rendu public en janvier. Il vous reste 84.1% de cet article \u00e0 lire. La suite est r\u00e9serv\u00e9e aux abonn\u00e9s.\" \/>\n<meta property=\"og:url\" content=\"https:\/\/vof-news.eu\/fr\/passer-son-permis-a-17-ans-une-mesure-tres-populaire-qui-augmente-lembouteillage-dans-les-auto-ecoles\/\" \/>\n<meta property=\"og:site_name\" content=\"vof-news.eu\" \/>\n<meta property=\"article:published_time\" content=\"2025-07-01T08:34:03+00:00\" \/>\n<meta property=\"article:modified_time\" content=\"2025-07-01T08:34:35+00:00\" \/>\n<meta property=\"og:image\" content=\"https:\/\/vof-news.eu\/wp-content\/uploads\/2025\/07\/96db2fd_upload-1-ibd0zkp2xybv-000-nm8ej-1.jpg\" \/>\n\t<meta property=\"og:image:width\" content=\"664\" \/>\n\t<meta property=\"og:image:height\" content=\"443\" \/>\n\t<meta property=\"og:image:type\" content=\"image\/jpeg\" \/>\n<meta name=\"author\" content=\"Author\" \/>\n<meta name=\"twitter:card\" content=\"summary_large_image\" \/>\n<meta name=\"twitter:label1\" content=\"\u00c9crit par\" \/>\n\t<meta name=\"twitter:data1\" content=\"Author\" \/>\n\t<meta name=\"twitter:label2\" content=\"Dur\u00e9e de lecture estim\u00e9e\" \/>\n\t<meta name=\"twitter:data2\" content=\"1 minute\" \/>\n<script type=\"application\/ld+json\" class=\"yoast-schema-graph\">{\"@context\":\"https:\/\/schema.org\",\"@graph\":[{\"@type\":\"WebPage\",\"@id\":\"https:\/\/vof-news.eu\/fr\/passer-son-permis-a-17-ans-une-mesure-tres-populaire-qui-augmente-lembouteillage-dans-les-auto-ecoles\/\",\"url\":\"https:\/\/vof-news.eu\/fr\/passer-son-permis-a-17-ans-une-mesure-tres-populaire-qui-augmente-lembouteillage-dans-les-auto-ecoles\/\",\"name\":\"Passer son permis \u00e0 17\u00a0ans, une mesure tr\u00e8s populaire qui augmente l\u2019embouteillage dans les auto-\u00e9coles - vof-news.eu\",\"isPartOf\":{\"@id\":\"https:\/\/vof-news.eu\/fr\/#website\"},\"primaryImageOfPage\":{\"@id\":\"https:\/\/vof-news.eu\/fr\/passer-son-permis-a-17-ans-une-mesure-tres-populaire-qui-augmente-lembouteillage-dans-les-auto-ecoles\/#primaryimage\"},\"image\":{\"@id\":\"https:\/\/vof-news.eu\/fr\/passer-son-permis-a-17-ans-une-mesure-tres-populaire-qui-augmente-lembouteillage-dans-les-auto-ecoles\/#primaryimage\"},\"thumbnailUrl\":\"https:\/\/vof-news.eu\/wp-content\/uploads\/2025\/07\/96db2fd_upload-1-ibd0zkp2xybv-000-nm8ej-1.jpg\",\"datePublished\":\"2025-07-01T08:34:03+00:00\",\"dateModified\":\"2025-07-01T08:34:35+00:00\",\"author\":{\"@id\":\"https:\/\/vof-news.eu\/fr\/#\/schema\/person\/f6a2a4309f0561835797fd8c19b333ed\"},\"description\":\"A l\u2019approche de l\u2019\u00e9ch\u00e9ance, Gavina Dongu compte les jours. La lyc\u00e9enne, en classe de 1re au Creusot (Sa\u00f4ne-et-Loire), soufflera ses 17\u00a0ans le 2\u00a0juillet. Mais c\u2019est un autre rendez-vous du mois qui la fait tr\u00e9pigner d\u2019impatience\u00a0: son passage du permis de conduire. ,r\u00e9sume celle qui est venue suivre une le\u00e7on de conduite \u00e0 l\u2019auto-\u00e9cole Vaison, mercredi 18\u00a0juin. L\u2019adolescente fait partie des milliers de jeunes Fran\u00e7ais qui se sont ru\u00e9s vers les \u00e9coles de conduite apr\u00e8s l\u2019abaissement de l\u2019\u00e2ge l\u00e9gal, de 18\u00a0\u00e0 17\u00a0ans, pour pouvoir pr\u00e9tendre au permis\u00a0B. Annonc\u00e9e par surprise par Elisabeth Borne, alors premi\u00e8re ministre, il y a deux ans, la mesure entr\u00e9e en vigueur en janvier\u00a02024 a pour ambition de faciliter la mobilit\u00e9 et l\u2019autonomie des jeunes habitants de territoires encore tr\u00e8s d\u00e9pendants de la voiture. En\u00a02024, ce sont plus de 300\u00a0000 jeunes de 17\u00a0ans qui ont pass\u00e9 le permis, soit 33\u00a0% de cette classe d\u2019\u00e2ge, d\u2019apr\u00e8s le premier bilan rendu public en janvier. Il vous reste 84.1% de cet article \u00e0 lire. La suite est r\u00e9serv\u00e9e aux abonn\u00e9s.\",\"breadcrumb\":{\"@id\":\"https:\/\/vof-news.eu\/fr\/passer-son-permis-a-17-ans-une-mesure-tres-populaire-qui-augmente-lembouteillage-dans-les-auto-ecoles\/#breadcrumb\"},\"inLanguage\":\"fr-FR\",\"potentialAction\":[{\"@type\":\"ReadAction\",\"target\":[\"https:\/\/vof-news.eu\/fr\/passer-son-permis-a-17-ans-une-mesure-tres-populaire-qui-augmente-lembouteillage-dans-les-auto-ecoles\/\"]}]},{\"@type\":\"ImageObject\",\"inLanguage\":\"fr-FR\",\"@id\":\"https:\/\/vof-news.eu\/fr\/passer-son-permis-a-17-ans-une-mesure-tres-populaire-qui-augmente-lembouteillage-dans-les-auto-ecoles\/#primaryimage\",\"url\":\"https:\/\/vof-news.eu\/wp-content\/uploads\/2025\/07\/96db2fd_upload-1-ibd0zkp2xybv-000-nm8ej-1.jpg\",\"contentUrl\":\"https:\/\/vof-news.eu\/wp-content\/uploads\/2025\/07\/96db2fd_upload-1-ibd0zkp2xybv-000-nm8ej-1.jpg\",\"width\":664,\"height\":443},{\"@type\":\"BreadcrumbList\",\"@id\":\"https:\/\/vof-news.eu\/fr\/passer-son-permis-a-17-ans-une-mesure-tres-populaire-qui-augmente-lembouteillage-dans-les-auto-ecoles\/#breadcrumb\",\"itemListElement\":[{\"@type\":\"ListItem\",\"position\":1,\"name\":\"Home\",\"item\":\"https:\/\/vof-news.eu\/fr\/\"},{\"@type\":\"ListItem\",\"position\":2,\"name\":\"Passer son permis \u00e0 17\u00a0ans, une mesure tr\u00e8s populaire qui augmente l\u2019embouteillage dans les auto-\u00e9coles\"}]},{\"@type\":\"WebSite\",\"@id\":\"https:\/\/vof-news.eu\/fr\/#website\",\"url\":\"https:\/\/vof-news.eu\/fr\/\",\"name\":\"vof-news.eu\",\"description\":\"\",\"potentialAction\":[{\"@type\":\"SearchAction\",\"target\":{\"@type\":\"EntryPoint\",\"urlTemplate\":\"https:\/\/vof-news.eu\/fr\/?s={search_term_string}\"},\"query-input\":\"required name=search_term_string\"}],\"inLanguage\":\"fr-FR\"},{\"@type\":\"Person\",\"@id\":\"https:\/\/vof-news.eu\/fr\/#\/schema\/person\/f6a2a4309f0561835797fd8c19b333ed\",\"name\":\"Author\",\"image\":{\"@type\":\"ImageObject\",\"inLanguage\":\"fr-FR\",\"@id\":\"https:\/\/vof-news.eu\/fr\/#\/schema\/person\/image\/\",\"url\":\"https:\/\/secure.gravatar.com\/avatar\/b67e614b1b25b3e9c0c239efdd2fde5ab015b5affd6f1c3c85911ca4b384e790?s=96&d=mm&r=g\",\"contentUrl\":\"https:\/\/secure.gravatar.com\/avatar\/b67e614b1b25b3e9c0c239efdd2fde5ab015b5affd6f1c3c85911ca4b384e790?s=96&d=mm&r=g\",\"caption\":\"Author\"},\"sameAs\":[\"http:\/\/vof-news.eu\"],\"url\":\"https:\/\/vof-news.eu\/fr\/author\/zwt6qxnjulxbnyg\/\"}]}<\/script>\n<!-- \/ Yoast SEO plugin. -->","yoast_head_json":{"title":"Passer son permis \u00e0 17\u00a0ans, une mesure tr\u00e8s populaire qui augmente l\u2019embouteillage dans les auto-\u00e9coles - vof-news.eu","description":"A l\u2019approche de l\u2019\u00e9ch\u00e9ance, Gavina Dongu compte les jours. La lyc\u00e9enne, en classe de 1re au Creusot (Sa\u00f4ne-et-Loire), soufflera ses 17\u00a0ans le 2\u00a0juillet. Mais c\u2019est un autre rendez-vous du mois qui la fait tr\u00e9pigner d\u2019impatience\u00a0: son passage du permis de conduire. ,r\u00e9sume celle qui est venue suivre une le\u00e7on de conduite \u00e0 l\u2019auto-\u00e9cole Vaison, mercredi 18\u00a0juin.   L\u2019adolescente fait partie des milliers de jeunes Fran\u00e7ais qui se sont ru\u00e9s vers les \u00e9coles de conduite apr\u00e8s l\u2019abaissement de l\u2019\u00e2ge l\u00e9gal, de 18\u00a0\u00e0 17\u00a0ans, pour pouvoir pr\u00e9tendre au permis\u00a0B. Annonc\u00e9e par surprise par Elisabeth Borne, alors premi\u00e8re ministre, il y a deux ans, la mesure entr\u00e9e en vigueur en janvier\u00a02024 a pour ambition de faciliter la mobilit\u00e9 et l\u2019autonomie des jeunes habitants de territoires encore tr\u00e8s d\u00e9pendants de la voiture. En\u00a02024, ce sont plus de 300\u00a0000 jeunes de 17\u00a0ans qui ont pass\u00e9 le permis, soit 33\u00a0% de cette classe d\u2019\u00e2ge, d\u2019apr\u00e8s le premier bilan rendu public en janvier. Il vous reste 84.1% de cet article \u00e0 lire. La suite est r\u00e9serv\u00e9e aux abonn\u00e9s.","robots":{"index":"noindex","follow":"follow","max-snippet":"max-snippet:-1","max-image-preview":"max-image-preview:large","max-video-preview":"max-video-preview:-1"},"og_locale":"fr_FR","og_type":"article","og_title":"Passer son permis \u00e0 17\u00a0ans, une mesure tr\u00e8s populaire qui augmente l\u2019embouteillage dans les auto-\u00e9coles - vof-news.eu","og_description":"A l\u2019approche de l\u2019\u00e9ch\u00e9ance, Gavina Dongu compte les jours. La lyc\u00e9enne, en classe de 1re au Creusot (Sa\u00f4ne-et-Loire), soufflera ses 17\u00a0ans le 2\u00a0juillet. Mais c\u2019est un autre rendez-vous du mois qui la fait tr\u00e9pigner d\u2019impatience\u00a0: son passage du permis de conduire. ,r\u00e9sume celle qui est venue suivre une le\u00e7on de conduite \u00e0 l\u2019auto-\u00e9cole Vaison, mercredi 18\u00a0juin.   L\u2019adolescente fait partie des milliers de jeunes Fran\u00e7ais qui se sont ru\u00e9s vers les \u00e9coles de conduite apr\u00e8s l\u2019abaissement de l\u2019\u00e2ge l\u00e9gal, de 18\u00a0\u00e0 17\u00a0ans, pour pouvoir pr\u00e9tendre au permis\u00a0B. Annonc\u00e9e par surprise par Elisabeth Borne, alors premi\u00e8re ministre, il y a deux ans, la mesure entr\u00e9e en vigueur en janvier\u00a02024 a pour ambition de faciliter la mobilit\u00e9 et l\u2019autonomie des jeunes habitants de territoires encore tr\u00e8s d\u00e9pendants de la voiture. En\u00a02024, ce sont plus de 300\u00a0000 jeunes de 17\u00a0ans qui ont pass\u00e9 le permis, soit 33\u00a0% de cette classe d\u2019\u00e2ge, d\u2019apr\u00e8s le premier bilan rendu public en janvier. Il vous reste 84.1% de cet article \u00e0 lire. La suite est r\u00e9serv\u00e9e aux abonn\u00e9s.","og_url":"https:\/\/vof-news.eu\/fr\/passer-son-permis-a-17-ans-une-mesure-tres-populaire-qui-augmente-lembouteillage-dans-les-auto-ecoles\/","og_site_name":"vof-news.eu","article_published_time":"2025-07-01T08:34:03+00:00","article_modified_time":"2025-07-01T08:34:35+00:00","og_image":[{"width":664,"height":443,"url":"https:\/\/vof-news.eu\/wp-content\/uploads\/2025\/07\/96db2fd_upload-1-ibd0zkp2xybv-000-nm8ej-1.jpg","type":"image\/jpeg"}],"author":"Author","twitter_card":"summary_large_image","twitter_misc":{"\u00c9crit par":"Author","Dur\u00e9e de lecture estim\u00e9e":"1 minute"},"schema":{"@context":"https:\/\/schema.org","@graph":[{"@type":"WebPage","@id":"https:\/\/vof-news.eu\/fr\/passer-son-permis-a-17-ans-une-mesure-tres-populaire-qui-augmente-lembouteillage-dans-les-auto-ecoles\/","url":"https:\/\/vof-news.eu\/fr\/passer-son-permis-a-17-ans-une-mesure-tres-populaire-qui-augmente-lembouteillage-dans-les-auto-ecoles\/","name":"Passer son permis \u00e0 17\u00a0ans, une mesure tr\u00e8s populaire qui augmente l\u2019embouteillage dans les auto-\u00e9coles - vof-news.eu","isPartOf":{"@id":"https:\/\/vof-news.eu\/fr\/#website"},"primaryImageOfPage":{"@id":"https:\/\/vof-news.eu\/fr\/passer-son-permis-a-17-ans-une-mesure-tres-populaire-qui-augmente-lembouteillage-dans-les-auto-ecoles\/#primaryimage"},"image":{"@id":"https:\/\/vof-news.eu\/fr\/passer-son-permis-a-17-ans-une-mesure-tres-populaire-qui-augmente-lembouteillage-dans-les-auto-ecoles\/#primaryimage"},"thumbnailUrl":"https:\/\/vof-news.eu\/wp-content\/uploads\/2025\/07\/96db2fd_upload-1-ibd0zkp2xybv-000-nm8ej-1.jpg","datePublished":"2025-07-01T08:34:03+00:00","dateModified":"2025-07-01T08:34:35+00:00","author":{"@id":"https:\/\/vof-news.eu\/fr\/#\/schema\/person\/f6a2a4309f0561835797fd8c19b333ed"},"description":"A l\u2019approche de l\u2019\u00e9ch\u00e9ance, Gavina Dongu compte les jours. La lyc\u00e9enne, en classe de 1re au Creusot (Sa\u00f4ne-et-Loire), soufflera ses 17\u00a0ans le 2\u00a0juillet. Mais c\u2019est un autre rendez-vous du mois qui la fait tr\u00e9pigner d\u2019impatience\u00a0: son passage du permis de conduire. ,r\u00e9sume celle qui est venue suivre une le\u00e7on de conduite \u00e0 l\u2019auto-\u00e9cole Vaison, mercredi 18\u00a0juin. L\u2019adolescente fait partie des milliers de jeunes Fran\u00e7ais qui se sont ru\u00e9s vers les \u00e9coles de conduite apr\u00e8s l\u2019abaissement de l\u2019\u00e2ge l\u00e9gal, de 18\u00a0\u00e0 17\u00a0ans, pour pouvoir pr\u00e9tendre au permis\u00a0B. Annonc\u00e9e par surprise par Elisabeth Borne, alors premi\u00e8re ministre, il y a deux ans, la mesure entr\u00e9e en vigueur en janvier\u00a02024 a pour ambition de faciliter la mobilit\u00e9 et l\u2019autonomie des jeunes habitants de territoires encore tr\u00e8s d\u00e9pendants de la voiture. En\u00a02024, ce sont plus de 300\u00a0000 jeunes de 17\u00a0ans qui ont pass\u00e9 le permis, soit 33\u00a0% de cette classe d\u2019\u00e2ge, d\u2019apr\u00e8s le premier bilan rendu public en janvier. Il vous reste 84.1% de cet article \u00e0 lire. La suite est r\u00e9serv\u00e9e aux abonn\u00e9s.","breadcrumb":{"@id":"https:\/\/vof-news.eu\/fr\/passer-son-permis-a-17-ans-une-mesure-tres-populaire-qui-augmente-lembouteillage-dans-les-auto-ecoles\/#breadcrumb"},"inLanguage":"fr-FR","potentialAction":[{"@type":"ReadAction","target":["https:\/\/vof-news.eu\/fr\/passer-son-permis-a-17-ans-une-mesure-tres-populaire-qui-augmente-lembouteillage-dans-les-auto-ecoles\/"]}]},{"@type":"ImageObject","inLanguage":"fr-FR","@id":"https:\/\/vof-news.eu\/fr\/passer-son-permis-a-17-ans-une-mesure-tres-populaire-qui-augmente-lembouteillage-dans-les-auto-ecoles\/#primaryimage","url":"https:\/\/vof-news.eu\/wp-content\/uploads\/2025\/07\/96db2fd_upload-1-ibd0zkp2xybv-000-nm8ej-1.jpg","contentUrl":"https:\/\/vof-news.eu\/wp-content\/uploads\/2025\/07\/96db2fd_upload-1-ibd0zkp2xybv-000-nm8ej-1.jpg","width":664,"height":443},{"@type":"BreadcrumbList","@id":"https:\/\/vof-news.eu\/fr\/passer-son-permis-a-17-ans-une-mesure-tres-populaire-qui-augmente-lembouteillage-dans-les-auto-ecoles\/#breadcrumb","itemListElement":[{"@type":"ListItem","position":1,"name":"Home","item":"https:\/\/vof-news.eu\/fr\/"},{"@type":"ListItem","position":2,"name":"Passer son permis \u00e0 17\u00a0ans, une mesure tr\u00e8s populaire qui augmente l\u2019embouteillage dans les auto-\u00e9coles"}]},{"@type":"WebSite","@id":"https:\/\/vof-news.eu\/fr\/#website","url":"https:\/\/vof-news.eu\/fr\/","name":"vof-news.eu","description":"","potentialAction":[{"@type":"SearchAction","target":{"@type":"EntryPoint","urlTemplate":"https:\/\/vof-news.eu\/fr\/?s={search_term_string}"},"query-input":"required name=search_term_string"}],"inLanguage":"fr-FR"},{"@type":"Person","@id":"https:\/\/vof-news.eu\/fr\/#\/schema\/person\/f6a2a4309f0561835797fd8c19b333ed","name":"Author","image":{"@type":"ImageObject","inLanguage":"fr-FR","@id":"https:\/\/vof-news.eu\/fr\/#\/schema\/person\/image\/","url":"https:\/\/secure.gravatar.com\/avatar\/b67e614b1b25b3e9c0c239efdd2fde5ab015b5affd6f1c3c85911ca4b384e790?s=96&d=mm&r=g","contentUrl":"https:\/\/secure.gravatar.com\/avatar\/b67e614b1b25b3e9c0c239efdd2fde5ab015b5affd6f1c3c85911ca4b384e790?s=96&d=mm&r=g","caption":"Author"},"sameAs":["http:\/\/vof-news.eu"],"url":"https:\/\/vof-news.eu\/fr\/author\/zwt6qxnjulxbnyg\/"}]}},"yoast_meta":{"yoast_wpseo_title":"","yoast_wpseo_metadesc":"","yoast_wpseo_canonical":""},"_links":{"self":[{"href":"https:\/\/vof-news.eu\/fr\/wp-json\/wp\/v2\/posts\/244497","targetHints":{"allow":["GET"]}}],"collection":[{"href":"https:\/\/vof-news.eu\/fr\/wp-json\/wp\/v2\/posts"}],"about":[{"href":"https:\/\/vof-news.eu\/fr\/wp-json\/wp\/v2\/types\/post"}],"author":[{"embeddable":true,"href":"https:\/\/vof-news.eu\/fr\/wp-json\/wp\/v2\/users\/1"}],"replies":[{"embeddable":true,"href":"https:\/\/vof-news.eu\/fr\/wp-json\/wp\/v2\/comments?post=244497"}],"version-history":[{"count":1,"href":"https:\/\/vof-news.eu\/fr\/wp-json\/wp\/v2\/posts\/244497\/revisions"}],"predecessor-version":[{"id":244504,"href":"https:\/\/vof-news.eu\/fr\/wp-json\/wp\/v2\/posts\/244497\/revisions\/244504"}],"wp:featuredmedia":[{"embeddable":true,"href":"https:\/\/vof-news.eu\/fr\/wp-json\/wp\/v2\/media\/244498"}],"wp:attachment":[{"href":"https:\/\/vof-news.eu\/fr\/wp-json\/wp\/v2\/media?parent=244497"}],"wp:term":[{"taxonomy":"category","embeddable":true,"href":"https:\/\/vof-news.eu\/fr\/wp-json\/wp\/v2\/categories?post=244497"},{"taxonomy":"post_tag","embeddable":true,"href":"https:\/\/vof-news.eu\/fr\/wp-json\/wp\/v2\/tags?post=244497"}],"curies":[{"name":"wp","href":"https:\/\/api.w.org\/{rel}","templated":true}]}}