{"id":244479,"date":"2025-07-01T11:31:19","date_gmt":"2025-07-01T08:31:19","guid":{"rendered":"https:\/\/vof-news.eu\/manuel-valls-mis-a-lepreuve-sur-les-dossiers-ultramarins\/"},"modified":"2025-07-01T11:31:39","modified_gmt":"2025-07-01T08:31:39","slug":"manuel-valls-mis-a-lepreuve-sur-les-dossiers-ultramarins","status":"publish","type":"post","link":"https:\/\/vof-news.eu\/fr\/manuel-valls-mis-a-lepreuve-sur-les-dossiers-ultramarins\/","title":{"rendered":"Manuel Valls mis \u00e0 l\u2019\u00e9preuve sur les dossiers ultramarins"},"content":{"rendered":"<article>\n<p>Il savait la t\u00e2che complexe et affiche son opini\u00e2tret\u00e9 depuis sa nomination, en d\u00e9cembre\u00a02024, comme ministre des outre-mer du gouvernement de Fran\u00e7ois Bayrou. Mais, en ce d\u00e9but juillet, Manuel Valls entre dans le dur de ses dossiers, et voit son volontarisme mis \u00e0 l\u2019\u00e9preuve.<\/p>\n<p>Mercredi 2\u00a0juillet \u00e0 15\u00a0heures, \u00e0 l\u2019Elys\u00e9e, le chef de l\u2019Etat, Emmanuel Macron, ouvrira en pr\u00e9sence du premier ministre un  pour relancer les n\u00e9gociations politiques sur l\u2019avenir institutionnel de la Nouvelle-Cal\u00e9donie, avant qu\u2019elles se poursuivent \u00e0 huis clos dans un h\u00f4tel de Bougival (Yvelines) autour de M. Valls. Pr\u00e9vues jusqu\u2019\u00e0 la mi-journ\u00e9e samedi 5\u00a0juillet, elles se prolongeront selon l\u2019invitation \u00e9lys\u00e9enne.<\/p>\n<p>Les vents contraires se sont lev\u00e9s de nouveau, d\u00e9but mai, sur le dossier, et ce un an apr\u00e8s l\u2019insurrection violente de mai\u00a02024, quand les loyalistes et Le Rassemblement-Les\u00a0R\u00e9publicains ont refus\u00e9 de n\u00e9gocier plus avant sur le projet de  propos\u00e9 par M.\u00a0Valls. Malgr\u00e9 quatre mois encourageants de discussions entre Etat, ind\u00e9pendantistes et non-ind\u00e9pendantistes, la suite de l\u2019accord de d\u00e9colonisation de Noum\u00e9a de 1998 reste \u00e0 \u00e9crire. Pour ce qui est du sauvetage \u00e9conomique du territoire, une mission interminist\u00e9rielle doit prochainement venir  le ministre des outre-mer.<\/p>\n<p><strong>Il vous reste 73.69% de cet article \u00e0 lire. La suite est r\u00e9serv\u00e9e aux abonn\u00e9s.<\/strong><\/p>\n<\/article>\n","protected":false},"excerpt":{"rendered":"<p>Il savait la t\u00e2che complexe et affiche son opini\u00e2tret\u00e9 depuis sa nomination, en d\u00e9cembre\u00a02024, comme ministre des outre-mer du gouvernement de Fran\u00e7ois Bayrou. Mais, en ce d\u00e9but juillet, Manuel Valls entre dans le dur de ses dossiers, et voit son volontarisme mis \u00e0 l\u2019\u00e9preuve. Mercredi 2\u00a0juillet \u00e0 15\u00a0heures, \u00e0 l\u2019Elys\u00e9e, le chef de l\u2019Etat, Emmanuel<\/p>\n","protected":false},"author":1,"featured_media":244480,"comment_status":"open","ping_status":"open","sticky":false,"template":"","format":"standard","meta":{"footnotes":""},"categories":[68],"tags":[],"class_list":["post-244479","post","type-post","status-publish","format-standard","has-post-thumbnail","hentry","category-politics-fr"],"acf":[],"yoast_head":"<!-- This site is optimized with the Yoast SEO plugin v22.9 - https:\/\/yoast.com\/wordpress\/plugins\/seo\/ -->\n<title>Manuel Valls mis \u00e0 l\u2019\u00e9preuve sur les dossiers ultramarins - vof-news.eu<\/title>\n<meta name=\"description\" content=\"Il savait la t\u00e2che complexe et affiche son opini\u00e2tret\u00e9 depuis sa nomination, en d\u00e9cembre\u00a02024, comme ministre des outre-mer du gouvernement de Fran\u00e7ois Bayrou. Mais, en ce d\u00e9but juillet, Manuel Valls entre dans le dur de ses dossiers, et voit son volontarisme mis \u00e0 l\u2019\u00e9preuve. Mercredi 2\u00a0juillet \u00e0 15\u00a0heures, \u00e0 l\u2019Elys\u00e9e, le chef de l\u2019Etat, Emmanuel Macron, ouvrira en pr\u00e9sence du premier ministre un pour relancer les n\u00e9gociations politiques sur l\u2019avenir institutionnel de la Nouvelle-Cal\u00e9donie, avant qu\u2019elles se poursuivent \u00e0 huis clos dans un h\u00f4tel de Bougival (Yvelines) autour de M. Valls. Pr\u00e9vues jusqu\u2019\u00e0 la mi-journ\u00e9e samedi 5\u00a0juillet, elles se prolongeront selon l\u2019invitation \u00e9lys\u00e9enne. Les vents contraires se sont lev\u00e9s de nouveau, d\u00e9but mai, sur le dossier, et ce un an apr\u00e8s l\u2019insurrection violente de mai\u00a02024, quand les loyalistes et Le Rassemblement-Les\u00a0R\u00e9publicains ont refus\u00e9 de n\u00e9gocier plus avant sur le projet de propos\u00e9 par M.\u00a0Valls. Malgr\u00e9 quatre mois encourageants de discussions entre Etat, ind\u00e9pendantistes et non-ind\u00e9pendantistes, la suite de l\u2019accord de d\u00e9colonisation de Noum\u00e9a de 1998 reste \u00e0 \u00e9crire. Pour ce qui est du sauvetage \u00e9conomique du territoire, une mission interminist\u00e9rielle doit prochainement venir le ministre des outre-mer. Il vous reste 73.69% de cet article \u00e0 lire. La suite est r\u00e9serv\u00e9e aux abonn\u00e9s.\" \/>\n<meta name=\"robots\" content=\"noindex, follow, max-snippet:-1, max-image-preview:large, max-video-preview:-1\" \/>\n<meta property=\"og:locale\" content=\"fr_FR\" \/>\n<meta property=\"og:type\" content=\"article\" \/>\n<meta property=\"og:title\" content=\"Manuel Valls mis \u00e0 l\u2019\u00e9preuve sur les dossiers ultramarins - vof-news.eu\" \/>\n<meta property=\"og:description\" content=\"Il savait la t\u00e2che complexe et affiche son opini\u00e2tret\u00e9 depuis sa nomination, en d\u00e9cembre\u00a02024, comme ministre des outre-mer du gouvernement de Fran\u00e7ois Bayrou. Mais, en ce d\u00e9but juillet, Manuel Valls entre dans le dur de ses dossiers, et voit son volontarisme mis \u00e0 l\u2019\u00e9preuve. Mercredi 2\u00a0juillet \u00e0 15\u00a0heures, \u00e0 l\u2019Elys\u00e9e, le chef de l\u2019Etat, Emmanuel Macron, ouvrira en pr\u00e9sence du premier ministre un pour relancer les n\u00e9gociations politiques sur l\u2019avenir institutionnel de la Nouvelle-Cal\u00e9donie, avant qu\u2019elles se poursuivent \u00e0 huis clos dans un h\u00f4tel de Bougival (Yvelines) autour de M. Valls. Pr\u00e9vues jusqu\u2019\u00e0 la mi-journ\u00e9e samedi 5\u00a0juillet, elles se prolongeront selon l\u2019invitation \u00e9lys\u00e9enne. Les vents contraires se sont lev\u00e9s de nouveau, d\u00e9but mai, sur le dossier, et ce un an apr\u00e8s l\u2019insurrection violente de mai\u00a02024, quand les loyalistes et Le Rassemblement-Les\u00a0R\u00e9publicains ont refus\u00e9 de n\u00e9gocier plus avant sur le projet de propos\u00e9 par M.\u00a0Valls. Malgr\u00e9 quatre mois encourageants de discussions entre Etat, ind\u00e9pendantistes et non-ind\u00e9pendantistes, la suite de l\u2019accord de d\u00e9colonisation de Noum\u00e9a de 1998 reste \u00e0 \u00e9crire. Pour ce qui est du sauvetage \u00e9conomique du territoire, une mission interminist\u00e9rielle doit prochainement venir le ministre des outre-mer. Il vous reste 73.69% de cet article \u00e0 lire. La suite est r\u00e9serv\u00e9e aux abonn\u00e9s.\" \/>\n<meta property=\"og:url\" content=\"https:\/\/vof-news.eu\/fr\/manuel-valls-mis-a-lepreuve-sur-les-dossiers-ultramarins\/\" \/>\n<meta property=\"og:site_name\" content=\"vof-news.eu\" \/>\n<meta property=\"article:published_time\" content=\"2025-07-01T08:31:19+00:00\" \/>\n<meta property=\"article:modified_time\" content=\"2025-07-01T08:31:39+00:00\" \/>\n<meta property=\"og:image\" content=\"https:\/\/vof-news.eu\/wp-content\/uploads\/2025\/07\/66f8272_upload-1-jvurwacucxr0-531151.jpg\" \/>\n\t<meta property=\"og:image:width\" content=\"664\" \/>\n\t<meta property=\"og:image:height\" content=\"461\" \/>\n\t<meta property=\"og:image:type\" content=\"image\/jpeg\" \/>\n<meta name=\"author\" content=\"Author\" \/>\n<meta name=\"twitter:card\" content=\"summary_large_image\" \/>\n<meta name=\"twitter:label1\" content=\"\u00c9crit par\" \/>\n\t<meta name=\"twitter:data1\" content=\"Author\" \/>\n\t<meta name=\"twitter:label2\" content=\"Dur\u00e9e de lecture estim\u00e9e\" \/>\n\t<meta name=\"twitter:data2\" content=\"1 minute\" \/>\n<script type=\"application\/ld+json\" class=\"yoast-schema-graph\">{\"@context\":\"https:\/\/schema.org\",\"@graph\":[{\"@type\":\"WebPage\",\"@id\":\"https:\/\/vof-news.eu\/fr\/manuel-valls-mis-a-lepreuve-sur-les-dossiers-ultramarins\/\",\"url\":\"https:\/\/vof-news.eu\/fr\/manuel-valls-mis-a-lepreuve-sur-les-dossiers-ultramarins\/\",\"name\":\"Manuel Valls mis \u00e0 l\u2019\u00e9preuve sur les dossiers ultramarins - vof-news.eu\",\"isPartOf\":{\"@id\":\"https:\/\/vof-news.eu\/fr\/#website\"},\"primaryImageOfPage\":{\"@id\":\"https:\/\/vof-news.eu\/fr\/manuel-valls-mis-a-lepreuve-sur-les-dossiers-ultramarins\/#primaryimage\"},\"image\":{\"@id\":\"https:\/\/vof-news.eu\/fr\/manuel-valls-mis-a-lepreuve-sur-les-dossiers-ultramarins\/#primaryimage\"},\"thumbnailUrl\":\"https:\/\/vof-news.eu\/wp-content\/uploads\/2025\/07\/66f8272_upload-1-jvurwacucxr0-531151.jpg\",\"datePublished\":\"2025-07-01T08:31:19+00:00\",\"dateModified\":\"2025-07-01T08:31:39+00:00\",\"author\":{\"@id\":\"https:\/\/vof-news.eu\/fr\/#\/schema\/person\/f6a2a4309f0561835797fd8c19b333ed\"},\"description\":\"Il savait la t\u00e2che complexe et affiche son opini\u00e2tret\u00e9 depuis sa nomination, en d\u00e9cembre\u00a02024, comme ministre des outre-mer du gouvernement de Fran\u00e7ois Bayrou. Mais, en ce d\u00e9but juillet, Manuel Valls entre dans le dur de ses dossiers, et voit son volontarisme mis \u00e0 l\u2019\u00e9preuve. Mercredi 2\u00a0juillet \u00e0 15\u00a0heures, \u00e0 l\u2019Elys\u00e9e, le chef de l\u2019Etat, Emmanuel Macron, ouvrira en pr\u00e9sence du premier ministre un pour relancer les n\u00e9gociations politiques sur l\u2019avenir institutionnel de la Nouvelle-Cal\u00e9donie, avant qu\u2019elles se poursuivent \u00e0 huis clos dans un h\u00f4tel de Bougival (Yvelines) autour de M. Valls. Pr\u00e9vues jusqu\u2019\u00e0 la mi-journ\u00e9e samedi 5\u00a0juillet, elles se prolongeront selon l\u2019invitation \u00e9lys\u00e9enne. Les vents contraires se sont lev\u00e9s de nouveau, d\u00e9but mai, sur le dossier, et ce un an apr\u00e8s l\u2019insurrection violente de mai\u00a02024, quand les loyalistes et Le Rassemblement-Les\u00a0R\u00e9publicains ont refus\u00e9 de n\u00e9gocier plus avant sur le projet de propos\u00e9 par M.\u00a0Valls. Malgr\u00e9 quatre mois encourageants de discussions entre Etat, ind\u00e9pendantistes et non-ind\u00e9pendantistes, la suite de l\u2019accord de d\u00e9colonisation de Noum\u00e9a de 1998 reste \u00e0 \u00e9crire. Pour ce qui est du sauvetage \u00e9conomique du territoire, une mission interminist\u00e9rielle doit prochainement venir le ministre des outre-mer. Il vous reste 73.69% de cet article \u00e0 lire. La suite est r\u00e9serv\u00e9e aux abonn\u00e9s.\",\"breadcrumb\":{\"@id\":\"https:\/\/vof-news.eu\/fr\/manuel-valls-mis-a-lepreuve-sur-les-dossiers-ultramarins\/#breadcrumb\"},\"inLanguage\":\"fr-FR\",\"potentialAction\":[{\"@type\":\"ReadAction\",\"target\":[\"https:\/\/vof-news.eu\/fr\/manuel-valls-mis-a-lepreuve-sur-les-dossiers-ultramarins\/\"]}]},{\"@type\":\"ImageObject\",\"inLanguage\":\"fr-FR\",\"@id\":\"https:\/\/vof-news.eu\/fr\/manuel-valls-mis-a-lepreuve-sur-les-dossiers-ultramarins\/#primaryimage\",\"url\":\"https:\/\/vof-news.eu\/wp-content\/uploads\/2025\/07\/66f8272_upload-1-jvurwacucxr0-531151.jpg\",\"contentUrl\":\"https:\/\/vof-news.eu\/wp-content\/uploads\/2025\/07\/66f8272_upload-1-jvurwacucxr0-531151.jpg\",\"width\":664,\"height\":461},{\"@type\":\"BreadcrumbList\",\"@id\":\"https:\/\/vof-news.eu\/fr\/manuel-valls-mis-a-lepreuve-sur-les-dossiers-ultramarins\/#breadcrumb\",\"itemListElement\":[{\"@type\":\"ListItem\",\"position\":1,\"name\":\"Home\",\"item\":\"https:\/\/vof-news.eu\/fr\/\"},{\"@type\":\"ListItem\",\"position\":2,\"name\":\"Manuel Valls mis \u00e0 l\u2019\u00e9preuve sur les dossiers ultramarins\"}]},{\"@type\":\"WebSite\",\"@id\":\"https:\/\/vof-news.eu\/fr\/#website\",\"url\":\"https:\/\/vof-news.eu\/fr\/\",\"name\":\"vof-news.eu\",\"description\":\"\",\"potentialAction\":[{\"@type\":\"SearchAction\",\"target\":{\"@type\":\"EntryPoint\",\"urlTemplate\":\"https:\/\/vof-news.eu\/fr\/?s={search_term_string}\"},\"query-input\":\"required name=search_term_string\"}],\"inLanguage\":\"fr-FR\"},{\"@type\":\"Person\",\"@id\":\"https:\/\/vof-news.eu\/fr\/#\/schema\/person\/f6a2a4309f0561835797fd8c19b333ed\",\"name\":\"Author\",\"image\":{\"@type\":\"ImageObject\",\"inLanguage\":\"fr-FR\",\"@id\":\"https:\/\/vof-news.eu\/fr\/#\/schema\/person\/image\/\",\"url\":\"https:\/\/secure.gravatar.com\/avatar\/b67e614b1b25b3e9c0c239efdd2fde5ab015b5affd6f1c3c85911ca4b384e790?s=96&d=mm&r=g\",\"contentUrl\":\"https:\/\/secure.gravatar.com\/avatar\/b67e614b1b25b3e9c0c239efdd2fde5ab015b5affd6f1c3c85911ca4b384e790?s=96&d=mm&r=g\",\"caption\":\"Author\"},\"sameAs\":[\"http:\/\/vof-news.eu\"],\"url\":\"https:\/\/vof-news.eu\/fr\/author\/zwt6qxnjulxbnyg\/\"}]}<\/script>\n<!-- \/ Yoast SEO plugin. -->","yoast_head_json":{"title":"Manuel Valls mis \u00e0 l\u2019\u00e9preuve sur les dossiers ultramarins - vof-news.eu","description":"Il savait la t\u00e2che complexe et affiche son opini\u00e2tret\u00e9 depuis sa nomination, en d\u00e9cembre\u00a02024, comme ministre des outre-mer du gouvernement de Fran\u00e7ois Bayrou. Mais, en ce d\u00e9but juillet, Manuel Valls entre dans le dur de ses dossiers, et voit son volontarisme mis \u00e0 l\u2019\u00e9preuve. Mercredi 2\u00a0juillet \u00e0 15\u00a0heures, \u00e0 l\u2019Elys\u00e9e, le chef de l\u2019Etat, Emmanuel Macron, ouvrira en pr\u00e9sence du premier ministre un pour relancer les n\u00e9gociations politiques sur l\u2019avenir institutionnel de la Nouvelle-Cal\u00e9donie, avant qu\u2019elles se poursuivent \u00e0 huis clos dans un h\u00f4tel de Bougival (Yvelines) autour de M. Valls. Pr\u00e9vues jusqu\u2019\u00e0 la mi-journ\u00e9e samedi 5\u00a0juillet, elles se prolongeront selon l\u2019invitation \u00e9lys\u00e9enne. Les vents contraires se sont lev\u00e9s de nouveau, d\u00e9but mai, sur le dossier, et ce un an apr\u00e8s l\u2019insurrection violente de mai\u00a02024, quand les loyalistes et Le Rassemblement-Les\u00a0R\u00e9publicains ont refus\u00e9 de n\u00e9gocier plus avant sur le projet de propos\u00e9 par M.\u00a0Valls. Malgr\u00e9 quatre mois encourageants de discussions entre Etat, ind\u00e9pendantistes et non-ind\u00e9pendantistes, la suite de l\u2019accord de d\u00e9colonisation de Noum\u00e9a de 1998 reste \u00e0 \u00e9crire. Pour ce qui est du sauvetage \u00e9conomique du territoire, une mission interminist\u00e9rielle doit prochainement venir le ministre des outre-mer. Il vous reste 73.69% de cet article \u00e0 lire. La suite est r\u00e9serv\u00e9e aux abonn\u00e9s.","robots":{"index":"noindex","follow":"follow","max-snippet":"max-snippet:-1","max-image-preview":"max-image-preview:large","max-video-preview":"max-video-preview:-1"},"og_locale":"fr_FR","og_type":"article","og_title":"Manuel Valls mis \u00e0 l\u2019\u00e9preuve sur les dossiers ultramarins - vof-news.eu","og_description":"Il savait la t\u00e2che complexe et affiche son opini\u00e2tret\u00e9 depuis sa nomination, en d\u00e9cembre\u00a02024, comme ministre des outre-mer du gouvernement de Fran\u00e7ois Bayrou. Mais, en ce d\u00e9but juillet, Manuel Valls entre dans le dur de ses dossiers, et voit son volontarisme mis \u00e0 l\u2019\u00e9preuve. Mercredi 2\u00a0juillet \u00e0 15\u00a0heures, \u00e0 l\u2019Elys\u00e9e, le chef de l\u2019Etat, Emmanuel Macron, ouvrira en pr\u00e9sence du premier ministre un pour relancer les n\u00e9gociations politiques sur l\u2019avenir institutionnel de la Nouvelle-Cal\u00e9donie, avant qu\u2019elles se poursuivent \u00e0 huis clos dans un h\u00f4tel de Bougival (Yvelines) autour de M. Valls. Pr\u00e9vues jusqu\u2019\u00e0 la mi-journ\u00e9e samedi 5\u00a0juillet, elles se prolongeront selon l\u2019invitation \u00e9lys\u00e9enne. Les vents contraires se sont lev\u00e9s de nouveau, d\u00e9but mai, sur le dossier, et ce un an apr\u00e8s l\u2019insurrection violente de mai\u00a02024, quand les loyalistes et Le Rassemblement-Les\u00a0R\u00e9publicains ont refus\u00e9 de n\u00e9gocier plus avant sur le projet de propos\u00e9 par M.\u00a0Valls. Malgr\u00e9 quatre mois encourageants de discussions entre Etat, ind\u00e9pendantistes et non-ind\u00e9pendantistes, la suite de l\u2019accord de d\u00e9colonisation de Noum\u00e9a de 1998 reste \u00e0 \u00e9crire. Pour ce qui est du sauvetage \u00e9conomique du territoire, une mission interminist\u00e9rielle doit prochainement venir le ministre des outre-mer. Il vous reste 73.69% de cet article \u00e0 lire. La suite est r\u00e9serv\u00e9e aux abonn\u00e9s.","og_url":"https:\/\/vof-news.eu\/fr\/manuel-valls-mis-a-lepreuve-sur-les-dossiers-ultramarins\/","og_site_name":"vof-news.eu","article_published_time":"2025-07-01T08:31:19+00:00","article_modified_time":"2025-07-01T08:31:39+00:00","og_image":[{"width":664,"height":461,"url":"https:\/\/vof-news.eu\/wp-content\/uploads\/2025\/07\/66f8272_upload-1-jvurwacucxr0-531151.jpg","type":"image\/jpeg"}],"author":"Author","twitter_card":"summary_large_image","twitter_misc":{"\u00c9crit par":"Author","Dur\u00e9e de lecture estim\u00e9e":"1 minute"},"schema":{"@context":"https:\/\/schema.org","@graph":[{"@type":"WebPage","@id":"https:\/\/vof-news.eu\/fr\/manuel-valls-mis-a-lepreuve-sur-les-dossiers-ultramarins\/","url":"https:\/\/vof-news.eu\/fr\/manuel-valls-mis-a-lepreuve-sur-les-dossiers-ultramarins\/","name":"Manuel Valls mis \u00e0 l\u2019\u00e9preuve sur les dossiers ultramarins - vof-news.eu","isPartOf":{"@id":"https:\/\/vof-news.eu\/fr\/#website"},"primaryImageOfPage":{"@id":"https:\/\/vof-news.eu\/fr\/manuel-valls-mis-a-lepreuve-sur-les-dossiers-ultramarins\/#primaryimage"},"image":{"@id":"https:\/\/vof-news.eu\/fr\/manuel-valls-mis-a-lepreuve-sur-les-dossiers-ultramarins\/#primaryimage"},"thumbnailUrl":"https:\/\/vof-news.eu\/wp-content\/uploads\/2025\/07\/66f8272_upload-1-jvurwacucxr0-531151.jpg","datePublished":"2025-07-01T08:31:19+00:00","dateModified":"2025-07-01T08:31:39+00:00","author":{"@id":"https:\/\/vof-news.eu\/fr\/#\/schema\/person\/f6a2a4309f0561835797fd8c19b333ed"},"description":"Il savait la t\u00e2che complexe et affiche son opini\u00e2tret\u00e9 depuis sa nomination, en d\u00e9cembre\u00a02024, comme ministre des outre-mer du gouvernement de Fran\u00e7ois Bayrou. Mais, en ce d\u00e9but juillet, Manuel Valls entre dans le dur de ses dossiers, et voit son volontarisme mis \u00e0 l\u2019\u00e9preuve. Mercredi 2\u00a0juillet \u00e0 15\u00a0heures, \u00e0 l\u2019Elys\u00e9e, le chef de l\u2019Etat, Emmanuel Macron, ouvrira en pr\u00e9sence du premier ministre un pour relancer les n\u00e9gociations politiques sur l\u2019avenir institutionnel de la Nouvelle-Cal\u00e9donie, avant qu\u2019elles se poursuivent \u00e0 huis clos dans un h\u00f4tel de Bougival (Yvelines) autour de M. Valls. Pr\u00e9vues jusqu\u2019\u00e0 la mi-journ\u00e9e samedi 5\u00a0juillet, elles se prolongeront selon l\u2019invitation \u00e9lys\u00e9enne. Les vents contraires se sont lev\u00e9s de nouveau, d\u00e9but mai, sur le dossier, et ce un an apr\u00e8s l\u2019insurrection violente de mai\u00a02024, quand les loyalistes et Le Rassemblement-Les\u00a0R\u00e9publicains ont refus\u00e9 de n\u00e9gocier plus avant sur le projet de propos\u00e9 par M.\u00a0Valls. Malgr\u00e9 quatre mois encourageants de discussions entre Etat, ind\u00e9pendantistes et non-ind\u00e9pendantistes, la suite de l\u2019accord de d\u00e9colonisation de Noum\u00e9a de 1998 reste \u00e0 \u00e9crire. Pour ce qui est du sauvetage \u00e9conomique du territoire, une mission interminist\u00e9rielle doit prochainement venir le ministre des outre-mer. Il vous reste 73.69% de cet article \u00e0 lire. La suite est r\u00e9serv\u00e9e aux abonn\u00e9s.","breadcrumb":{"@id":"https:\/\/vof-news.eu\/fr\/manuel-valls-mis-a-lepreuve-sur-les-dossiers-ultramarins\/#breadcrumb"},"inLanguage":"fr-FR","potentialAction":[{"@type":"ReadAction","target":["https:\/\/vof-news.eu\/fr\/manuel-valls-mis-a-lepreuve-sur-les-dossiers-ultramarins\/"]}]},{"@type":"ImageObject","inLanguage":"fr-FR","@id":"https:\/\/vof-news.eu\/fr\/manuel-valls-mis-a-lepreuve-sur-les-dossiers-ultramarins\/#primaryimage","url":"https:\/\/vof-news.eu\/wp-content\/uploads\/2025\/07\/66f8272_upload-1-jvurwacucxr0-531151.jpg","contentUrl":"https:\/\/vof-news.eu\/wp-content\/uploads\/2025\/07\/66f8272_upload-1-jvurwacucxr0-531151.jpg","width":664,"height":461},{"@type":"BreadcrumbList","@id":"https:\/\/vof-news.eu\/fr\/manuel-valls-mis-a-lepreuve-sur-les-dossiers-ultramarins\/#breadcrumb","itemListElement":[{"@type":"ListItem","position":1,"name":"Home","item":"https:\/\/vof-news.eu\/fr\/"},{"@type":"ListItem","position":2,"name":"Manuel Valls mis \u00e0 l\u2019\u00e9preuve sur les dossiers ultramarins"}]},{"@type":"WebSite","@id":"https:\/\/vof-news.eu\/fr\/#website","url":"https:\/\/vof-news.eu\/fr\/","name":"vof-news.eu","description":"","potentialAction":[{"@type":"SearchAction","target":{"@type":"EntryPoint","urlTemplate":"https:\/\/vof-news.eu\/fr\/?s={search_term_string}"},"query-input":"required name=search_term_string"}],"inLanguage":"fr-FR"},{"@type":"Person","@id":"https:\/\/vof-news.eu\/fr\/#\/schema\/person\/f6a2a4309f0561835797fd8c19b333ed","name":"Author","image":{"@type":"ImageObject","inLanguage":"fr-FR","@id":"https:\/\/vof-news.eu\/fr\/#\/schema\/person\/image\/","url":"https:\/\/secure.gravatar.com\/avatar\/b67e614b1b25b3e9c0c239efdd2fde5ab015b5affd6f1c3c85911ca4b384e790?s=96&d=mm&r=g","contentUrl":"https:\/\/secure.gravatar.com\/avatar\/b67e614b1b25b3e9c0c239efdd2fde5ab015b5affd6f1c3c85911ca4b384e790?s=96&d=mm&r=g","caption":"Author"},"sameAs":["http:\/\/vof-news.eu"],"url":"https:\/\/vof-news.eu\/fr\/author\/zwt6qxnjulxbnyg\/"}]}},"yoast_meta":{"yoast_wpseo_title":"","yoast_wpseo_metadesc":"","yoast_wpseo_canonical":""},"_links":{"self":[{"href":"https:\/\/vof-news.eu\/fr\/wp-json\/wp\/v2\/posts\/244479","targetHints":{"allow":["GET"]}}],"collection":[{"href":"https:\/\/vof-news.eu\/fr\/wp-json\/wp\/v2\/posts"}],"about":[{"href":"https:\/\/vof-news.eu\/fr\/wp-json\/wp\/v2\/types\/post"}],"author":[{"embeddable":true,"href":"https:\/\/vof-news.eu\/fr\/wp-json\/wp\/v2\/users\/1"}],"replies":[{"embeddable":true,"href":"https:\/\/vof-news.eu\/fr\/wp-json\/wp\/v2\/comments?post=244479"}],"version-history":[{"count":1,"href":"https:\/\/vof-news.eu\/fr\/wp-json\/wp\/v2\/posts\/244479\/revisions"}],"predecessor-version":[{"id":244486,"href":"https:\/\/vof-news.eu\/fr\/wp-json\/wp\/v2\/posts\/244479\/revisions\/244486"}],"wp:featuredmedia":[{"embeddable":true,"href":"https:\/\/vof-news.eu\/fr\/wp-json\/wp\/v2\/media\/244480"}],"wp:attachment":[{"href":"https:\/\/vof-news.eu\/fr\/wp-json\/wp\/v2\/media?parent=244479"}],"wp:term":[{"taxonomy":"category","embeddable":true,"href":"https:\/\/vof-news.eu\/fr\/wp-json\/wp\/v2\/categories?post=244479"},{"taxonomy":"post_tag","embeddable":true,"href":"https:\/\/vof-news.eu\/fr\/wp-json\/wp\/v2\/tags?post=244479"}],"curies":[{"name":"wp","href":"https:\/\/api.w.org\/{rel}","templated":true}]}}