{"id":244413,"date":"2025-07-01T09:34:12","date_gmt":"2025-07-01T06:34:12","guid":{"rendered":"https:\/\/vof-news.eu\/on-na-pas-le-choix-on-sort-on-est-la-que-pour-quelques-jours-a-paris-des-touristes-sous-la-canicule-mais-pas-decourages\/"},"modified":"2025-07-01T09:34:25","modified_gmt":"2025-07-01T06:34:25","slug":"on-na-pas-le-choix-on-sort-on-est-la-que-pour-quelques-jours-a-paris-des-touristes-sous-la-canicule-mais-pas-decourages","status":"publish","type":"post","link":"https:\/\/vof-news.eu\/fr\/on-na-pas-le-choix-on-sort-on-est-la-que-pour-quelques-jours-a-paris-des-touristes-sous-la-canicule-mais-pas-decourages\/","title":{"rendered":"\u00ab\u00a0On n\u2019a pas le choix, on sort, on est l\u00e0 que pour quelques jours\u00a0\u00bb\u00a0: \u00e0 Paris, des touristes sous la canicule, mais pas d\u00e9courag\u00e9s"},"content":{"rendered":"<article>\n<p>A l\u2019ombre de l\u2019Arc de triomphe du Carrousel, le dos cal\u00e9 contre une paroi en pierre, Eva, 44\u00a0ans, et sa m\u00e8re Mary, 77\u00a0ans (les personnes cit\u00e9es par leur pr\u00e9nom n\u2019ont pas souhait\u00e9 donner leur nom), ont trouv\u00e9 un peu de fra\u00eecheur. Face \u00e0 elles, la Pyramide du Louvre ressemble \u00e0 un mirage au milieu d\u2019un d\u00e9sert min\u00e9ral. En face, dans le jardin des Tuileries, les flammes qui encerclent la vasque olympique paraissent sorties de l\u2019enfer. La poussi\u00e8re blanche tourbillonne autour d\u2019une foule d\u2019Am\u00e9ricains, d\u2019Espagnols ou d\u2019Australiens qui se pressent pour rejoindre les morceaux d\u2019ombre. Le soleil br\u00fble.<\/p>\n<section>   <\/section>\n<p>Au mitan de l\u2019apr\u00e8s-midi, lundi 30\u00a0juin, le c\u0153ur de Paris semble livr\u00e9 aux touristes, vid\u00e9 de ses habitants. commente Eva, qui travaille comme juriste \u00e0 Nicosi.  La m\u00e8re et la fille ont renonc\u00e9 \u00e0 se promener dans les rues\u00a0:<\/p>\n<p><strong>Il vous reste 82% de cet article \u00e0 lire. La suite est r\u00e9serv\u00e9e aux abonn\u00e9s.<\/strong><\/p>\n<\/article>\n","protected":false},"excerpt":{"rendered":"<p>A l\u2019ombre de l\u2019Arc de triomphe du Carrousel, le dos cal\u00e9 contre une paroi en pierre, Eva, 44\u00a0ans, et sa m\u00e8re Mary, 77\u00a0ans (les personnes cit\u00e9es par leur pr\u00e9nom n\u2019ont pas souhait\u00e9 donner leur nom), ont trouv\u00e9 un peu de fra\u00eecheur. Face \u00e0 elles, la Pyramide du Louvre ressemble \u00e0 un mirage au milieu d\u2019un<\/p>\n","protected":false},"author":1,"featured_media":244414,"comment_status":"open","ping_status":"open","sticky":false,"template":"","format":"standard","meta":{"footnotes":""},"categories":[58],"tags":[],"class_list":["post-244413","post","type-post","status-publish","format-standard","has-post-thumbnail","hentry","category-business-fr"],"acf":[],"yoast_head":"<!-- This site is optimized with the Yoast SEO plugin v22.9 - https:\/\/yoast.com\/wordpress\/plugins\/seo\/ -->\n<title>\u00ab\u00a0On n\u2019a pas le choix, on sort, on est l\u00e0 que pour quelques jours\u00a0\u00bb\u00a0: \u00e0 Paris, des touristes sous la canicule, mais pas d\u00e9courag\u00e9s - vof-news.eu<\/title>\n<meta name=\"description\" content=\"A l\u2019ombre de l\u2019Arc de triomphe du Carrousel, le dos cal\u00e9 contre une paroi en pierre, Eva, 44\u00a0ans, et sa m\u00e8re Mary, 77\u00a0ans (les personnes cit\u00e9es par leur pr\u00e9nom n\u2019ont pas souhait\u00e9 donner leur nom), ont trouv\u00e9 un peu de fra\u00eecheur. Face \u00e0 elles, la Pyramide du Louvre ressemble \u00e0 un mirage au milieu d\u2019un d\u00e9sert min\u00e9ral. En face, dans le jardin des Tuileries, les flammes qui encerclent la vasque olympique paraissent sorties de l\u2019enfer. La poussi\u00e8re blanche tourbillonne autour d\u2019une foule d\u2019Am\u00e9ricains, d\u2019Espagnols ou d\u2019Australiens qui se pressent pour rejoindre les morceaux d\u2019ombre. Le soleil br\u00fble.    Au mitan de l\u2019apr\u00e8s-midi, lundi 30\u00a0juin, le c\u0153ur de Paris semble livr\u00e9 aux touristes, vid\u00e9 de ses habitants. commente Eva, qui travaille comme juriste \u00e0 Nicosi. La m\u00e8re et la fille ont renonc\u00e9 \u00e0 se promener dans les rues\u00a0: Il vous reste 82% de cet article \u00e0 lire. La suite est r\u00e9serv\u00e9e aux abonn\u00e9s.\" \/>\n<meta name=\"robots\" content=\"noindex, follow, max-snippet:-1, max-image-preview:large, max-video-preview:-1\" \/>\n<meta property=\"og:locale\" content=\"fr_FR\" \/>\n<meta property=\"og:type\" content=\"article\" \/>\n<meta property=\"og:title\" content=\"\u00ab\u00a0On n\u2019a pas le choix, on sort, on est l\u00e0 que pour quelques jours\u00a0\u00bb\u00a0: \u00e0 Paris, des touristes sous la canicule, mais pas d\u00e9courag\u00e9s - vof-news.eu\" \/>\n<meta property=\"og:description\" content=\"A l\u2019ombre de l\u2019Arc de triomphe du Carrousel, le dos cal\u00e9 contre une paroi en pierre, Eva, 44\u00a0ans, et sa m\u00e8re Mary, 77\u00a0ans (les personnes cit\u00e9es par leur pr\u00e9nom n\u2019ont pas souhait\u00e9 donner leur nom), ont trouv\u00e9 un peu de fra\u00eecheur. Face \u00e0 elles, la Pyramide du Louvre ressemble \u00e0 un mirage au milieu d\u2019un d\u00e9sert min\u00e9ral. En face, dans le jardin des Tuileries, les flammes qui encerclent la vasque olympique paraissent sorties de l\u2019enfer. La poussi\u00e8re blanche tourbillonne autour d\u2019une foule d\u2019Am\u00e9ricains, d\u2019Espagnols ou d\u2019Australiens qui se pressent pour rejoindre les morceaux d\u2019ombre. Le soleil br\u00fble.    Au mitan de l\u2019apr\u00e8s-midi, lundi 30\u00a0juin, le c\u0153ur de Paris semble livr\u00e9 aux touristes, vid\u00e9 de ses habitants. commente Eva, qui travaille comme juriste \u00e0 Nicosi. La m\u00e8re et la fille ont renonc\u00e9 \u00e0 se promener dans les rues\u00a0: Il vous reste 82% de cet article \u00e0 lire. La suite est r\u00e9serv\u00e9e aux abonn\u00e9s.\" \/>\n<meta property=\"og:url\" content=\"https:\/\/vof-news.eu\/fr\/on-na-pas-le-choix-on-sort-on-est-la-que-pour-quelques-jours-a-paris-des-touristes-sous-la-canicule-mais-pas-decourages\/\" \/>\n<meta property=\"og:site_name\" content=\"vof-news.eu\" \/>\n<meta property=\"article:published_time\" content=\"2025-07-01T06:34:12+00:00\" \/>\n<meta property=\"article:modified_time\" content=\"2025-07-01T06:34:25+00:00\" \/>\n<meta property=\"og:image\" content=\"https:\/\/vof-news.eu\/wp-content\/uploads\/2025\/07\/2bb0f5a_upload-1-rffyq0qbnsye-ll-touristes-paris-canicule-17.jpg\" \/>\n\t<meta property=\"og:image:width\" content=\"664\" \/>\n\t<meta property=\"og:image:height\" content=\"531\" \/>\n\t<meta property=\"og:image:type\" content=\"image\/jpeg\" \/>\n<meta name=\"author\" content=\"Author\" \/>\n<meta name=\"twitter:card\" content=\"summary_large_image\" \/>\n<meta name=\"twitter:label1\" content=\"\u00c9crit par\" \/>\n\t<meta name=\"twitter:data1\" content=\"Author\" \/>\n\t<meta name=\"twitter:label2\" content=\"Dur\u00e9e de lecture estim\u00e9e\" \/>\n\t<meta name=\"twitter:data2\" content=\"1 minute\" \/>\n<script type=\"application\/ld+json\" class=\"yoast-schema-graph\">{\"@context\":\"https:\/\/schema.org\",\"@graph\":[{\"@type\":\"WebPage\",\"@id\":\"https:\/\/vof-news.eu\/fr\/on-na-pas-le-choix-on-sort-on-est-la-que-pour-quelques-jours-a-paris-des-touristes-sous-la-canicule-mais-pas-decourages\/\",\"url\":\"https:\/\/vof-news.eu\/fr\/on-na-pas-le-choix-on-sort-on-est-la-que-pour-quelques-jours-a-paris-des-touristes-sous-la-canicule-mais-pas-decourages\/\",\"name\":\"\u00ab\u00a0On n\u2019a pas le choix, on sort, on est l\u00e0 que pour quelques jours\u00a0\u00bb\u00a0: \u00e0 Paris, des touristes sous la canicule, mais pas d\u00e9courag\u00e9s - vof-news.eu\",\"isPartOf\":{\"@id\":\"https:\/\/vof-news.eu\/fr\/#website\"},\"primaryImageOfPage\":{\"@id\":\"https:\/\/vof-news.eu\/fr\/on-na-pas-le-choix-on-sort-on-est-la-que-pour-quelques-jours-a-paris-des-touristes-sous-la-canicule-mais-pas-decourages\/#primaryimage\"},\"image\":{\"@id\":\"https:\/\/vof-news.eu\/fr\/on-na-pas-le-choix-on-sort-on-est-la-que-pour-quelques-jours-a-paris-des-touristes-sous-la-canicule-mais-pas-decourages\/#primaryimage\"},\"thumbnailUrl\":\"https:\/\/vof-news.eu\/wp-content\/uploads\/2025\/07\/2bb0f5a_upload-1-rffyq0qbnsye-ll-touristes-paris-canicule-17.jpg\",\"datePublished\":\"2025-07-01T06:34:12+00:00\",\"dateModified\":\"2025-07-01T06:34:25+00:00\",\"author\":{\"@id\":\"https:\/\/vof-news.eu\/fr\/#\/schema\/person\/f6a2a4309f0561835797fd8c19b333ed\"},\"description\":\"A l\u2019ombre de l\u2019Arc de triomphe du Carrousel, le dos cal\u00e9 contre une paroi en pierre, Eva, 44\u00a0ans, et sa m\u00e8re Mary, 77\u00a0ans (les personnes cit\u00e9es par leur pr\u00e9nom n\u2019ont pas souhait\u00e9 donner leur nom), ont trouv\u00e9 un peu de fra\u00eecheur. Face \u00e0 elles, la Pyramide du Louvre ressemble \u00e0 un mirage au milieu d\u2019un d\u00e9sert min\u00e9ral. En face, dans le jardin des Tuileries, les flammes qui encerclent la vasque olympique paraissent sorties de l\u2019enfer. La poussi\u00e8re blanche tourbillonne autour d\u2019une foule d\u2019Am\u00e9ricains, d\u2019Espagnols ou d\u2019Australiens qui se pressent pour rejoindre les morceaux d\u2019ombre. Le soleil br\u00fble. Au mitan de l\u2019apr\u00e8s-midi, lundi 30\u00a0juin, le c\u0153ur de Paris semble livr\u00e9 aux touristes, vid\u00e9 de ses habitants. commente Eva, qui travaille comme juriste \u00e0 Nicosi. La m\u00e8re et la fille ont renonc\u00e9 \u00e0 se promener dans les rues\u00a0: Il vous reste 82% de cet article \u00e0 lire. La suite est r\u00e9serv\u00e9e aux abonn\u00e9s.\",\"breadcrumb\":{\"@id\":\"https:\/\/vof-news.eu\/fr\/on-na-pas-le-choix-on-sort-on-est-la-que-pour-quelques-jours-a-paris-des-touristes-sous-la-canicule-mais-pas-decourages\/#breadcrumb\"},\"inLanguage\":\"fr-FR\",\"potentialAction\":[{\"@type\":\"ReadAction\",\"target\":[\"https:\/\/vof-news.eu\/fr\/on-na-pas-le-choix-on-sort-on-est-la-que-pour-quelques-jours-a-paris-des-touristes-sous-la-canicule-mais-pas-decourages\/\"]}]},{\"@type\":\"ImageObject\",\"inLanguage\":\"fr-FR\",\"@id\":\"https:\/\/vof-news.eu\/fr\/on-na-pas-le-choix-on-sort-on-est-la-que-pour-quelques-jours-a-paris-des-touristes-sous-la-canicule-mais-pas-decourages\/#primaryimage\",\"url\":\"https:\/\/vof-news.eu\/wp-content\/uploads\/2025\/07\/2bb0f5a_upload-1-rffyq0qbnsye-ll-touristes-paris-canicule-17.jpg\",\"contentUrl\":\"https:\/\/vof-news.eu\/wp-content\/uploads\/2025\/07\/2bb0f5a_upload-1-rffyq0qbnsye-ll-touristes-paris-canicule-17.jpg\",\"width\":664,\"height\":531},{\"@type\":\"BreadcrumbList\",\"@id\":\"https:\/\/vof-news.eu\/fr\/on-na-pas-le-choix-on-sort-on-est-la-que-pour-quelques-jours-a-paris-des-touristes-sous-la-canicule-mais-pas-decourages\/#breadcrumb\",\"itemListElement\":[{\"@type\":\"ListItem\",\"position\":1,\"name\":\"Home\",\"item\":\"https:\/\/vof-news.eu\/fr\/\"},{\"@type\":\"ListItem\",\"position\":2,\"name\":\"\u00ab\u00a0On n\u2019a pas le choix, on sort, on est l\u00e0 que pour quelques jours\u00a0\u00bb\u00a0: \u00e0 Paris, des touristes sous la canicule, mais pas d\u00e9courag\u00e9s\"}]},{\"@type\":\"WebSite\",\"@id\":\"https:\/\/vof-news.eu\/fr\/#website\",\"url\":\"https:\/\/vof-news.eu\/fr\/\",\"name\":\"vof-news.eu\",\"description\":\"\",\"potentialAction\":[{\"@type\":\"SearchAction\",\"target\":{\"@type\":\"EntryPoint\",\"urlTemplate\":\"https:\/\/vof-news.eu\/fr\/?s={search_term_string}\"},\"query-input\":\"required name=search_term_string\"}],\"inLanguage\":\"fr-FR\"},{\"@type\":\"Person\",\"@id\":\"https:\/\/vof-news.eu\/fr\/#\/schema\/person\/f6a2a4309f0561835797fd8c19b333ed\",\"name\":\"Author\",\"image\":{\"@type\":\"ImageObject\",\"inLanguage\":\"fr-FR\",\"@id\":\"https:\/\/vof-news.eu\/fr\/#\/schema\/person\/image\/\",\"url\":\"https:\/\/secure.gravatar.com\/avatar\/b67e614b1b25b3e9c0c239efdd2fde5ab015b5affd6f1c3c85911ca4b384e790?s=96&d=mm&r=g\",\"contentUrl\":\"https:\/\/secure.gravatar.com\/avatar\/b67e614b1b25b3e9c0c239efdd2fde5ab015b5affd6f1c3c85911ca4b384e790?s=96&d=mm&r=g\",\"caption\":\"Author\"},\"sameAs\":[\"http:\/\/vof-news.eu\"],\"url\":\"https:\/\/vof-news.eu\/fr\/author\/zwt6qxnjulxbnyg\/\"}]}<\/script>\n<!-- \/ Yoast SEO plugin. -->","yoast_head_json":{"title":"\u00ab\u00a0On n\u2019a pas le choix, on sort, on est l\u00e0 que pour quelques jours\u00a0\u00bb\u00a0: \u00e0 Paris, des touristes sous la canicule, mais pas d\u00e9courag\u00e9s - vof-news.eu","description":"A l\u2019ombre de l\u2019Arc de triomphe du Carrousel, le dos cal\u00e9 contre une paroi en pierre, Eva, 44\u00a0ans, et sa m\u00e8re Mary, 77\u00a0ans (les personnes cit\u00e9es par leur pr\u00e9nom n\u2019ont pas souhait\u00e9 donner leur nom), ont trouv\u00e9 un peu de fra\u00eecheur. Face \u00e0 elles, la Pyramide du Louvre ressemble \u00e0 un mirage au milieu d\u2019un d\u00e9sert min\u00e9ral. En face, dans le jardin des Tuileries, les flammes qui encerclent la vasque olympique paraissent sorties de l\u2019enfer. La poussi\u00e8re blanche tourbillonne autour d\u2019une foule d\u2019Am\u00e9ricains, d\u2019Espagnols ou d\u2019Australiens qui se pressent pour rejoindre les morceaux d\u2019ombre. Le soleil br\u00fble.    Au mitan de l\u2019apr\u00e8s-midi, lundi 30\u00a0juin, le c\u0153ur de Paris semble livr\u00e9 aux touristes, vid\u00e9 de ses habitants. commente Eva, qui travaille comme juriste \u00e0 Nicosi. La m\u00e8re et la fille ont renonc\u00e9 \u00e0 se promener dans les rues\u00a0: Il vous reste 82% de cet article \u00e0 lire. La suite est r\u00e9serv\u00e9e aux abonn\u00e9s.","robots":{"index":"noindex","follow":"follow","max-snippet":"max-snippet:-1","max-image-preview":"max-image-preview:large","max-video-preview":"max-video-preview:-1"},"og_locale":"fr_FR","og_type":"article","og_title":"\u00ab\u00a0On n\u2019a pas le choix, on sort, on est l\u00e0 que pour quelques jours\u00a0\u00bb\u00a0: \u00e0 Paris, des touristes sous la canicule, mais pas d\u00e9courag\u00e9s - vof-news.eu","og_description":"A l\u2019ombre de l\u2019Arc de triomphe du Carrousel, le dos cal\u00e9 contre une paroi en pierre, Eva, 44\u00a0ans, et sa m\u00e8re Mary, 77\u00a0ans (les personnes cit\u00e9es par leur pr\u00e9nom n\u2019ont pas souhait\u00e9 donner leur nom), ont trouv\u00e9 un peu de fra\u00eecheur. Face \u00e0 elles, la Pyramide du Louvre ressemble \u00e0 un mirage au milieu d\u2019un d\u00e9sert min\u00e9ral. En face, dans le jardin des Tuileries, les flammes qui encerclent la vasque olympique paraissent sorties de l\u2019enfer. La poussi\u00e8re blanche tourbillonne autour d\u2019une foule d\u2019Am\u00e9ricains, d\u2019Espagnols ou d\u2019Australiens qui se pressent pour rejoindre les morceaux d\u2019ombre. Le soleil br\u00fble.    Au mitan de l\u2019apr\u00e8s-midi, lundi 30\u00a0juin, le c\u0153ur de Paris semble livr\u00e9 aux touristes, vid\u00e9 de ses habitants. commente Eva, qui travaille comme juriste \u00e0 Nicosi. La m\u00e8re et la fille ont renonc\u00e9 \u00e0 se promener dans les rues\u00a0: Il vous reste 82% de cet article \u00e0 lire. La suite est r\u00e9serv\u00e9e aux abonn\u00e9s.","og_url":"https:\/\/vof-news.eu\/fr\/on-na-pas-le-choix-on-sort-on-est-la-que-pour-quelques-jours-a-paris-des-touristes-sous-la-canicule-mais-pas-decourages\/","og_site_name":"vof-news.eu","article_published_time":"2025-07-01T06:34:12+00:00","article_modified_time":"2025-07-01T06:34:25+00:00","og_image":[{"width":664,"height":531,"url":"https:\/\/vof-news.eu\/wp-content\/uploads\/2025\/07\/2bb0f5a_upload-1-rffyq0qbnsye-ll-touristes-paris-canicule-17.jpg","type":"image\/jpeg"}],"author":"Author","twitter_card":"summary_large_image","twitter_misc":{"\u00c9crit par":"Author","Dur\u00e9e de lecture estim\u00e9e":"1 minute"},"schema":{"@context":"https:\/\/schema.org","@graph":[{"@type":"WebPage","@id":"https:\/\/vof-news.eu\/fr\/on-na-pas-le-choix-on-sort-on-est-la-que-pour-quelques-jours-a-paris-des-touristes-sous-la-canicule-mais-pas-decourages\/","url":"https:\/\/vof-news.eu\/fr\/on-na-pas-le-choix-on-sort-on-est-la-que-pour-quelques-jours-a-paris-des-touristes-sous-la-canicule-mais-pas-decourages\/","name":"\u00ab\u00a0On n\u2019a pas le choix, on sort, on est l\u00e0 que pour quelques jours\u00a0\u00bb\u00a0: \u00e0 Paris, des touristes sous la canicule, mais pas d\u00e9courag\u00e9s - vof-news.eu","isPartOf":{"@id":"https:\/\/vof-news.eu\/fr\/#website"},"primaryImageOfPage":{"@id":"https:\/\/vof-news.eu\/fr\/on-na-pas-le-choix-on-sort-on-est-la-que-pour-quelques-jours-a-paris-des-touristes-sous-la-canicule-mais-pas-decourages\/#primaryimage"},"image":{"@id":"https:\/\/vof-news.eu\/fr\/on-na-pas-le-choix-on-sort-on-est-la-que-pour-quelques-jours-a-paris-des-touristes-sous-la-canicule-mais-pas-decourages\/#primaryimage"},"thumbnailUrl":"https:\/\/vof-news.eu\/wp-content\/uploads\/2025\/07\/2bb0f5a_upload-1-rffyq0qbnsye-ll-touristes-paris-canicule-17.jpg","datePublished":"2025-07-01T06:34:12+00:00","dateModified":"2025-07-01T06:34:25+00:00","author":{"@id":"https:\/\/vof-news.eu\/fr\/#\/schema\/person\/f6a2a4309f0561835797fd8c19b333ed"},"description":"A l\u2019ombre de l\u2019Arc de triomphe du Carrousel, le dos cal\u00e9 contre une paroi en pierre, Eva, 44\u00a0ans, et sa m\u00e8re Mary, 77\u00a0ans (les personnes cit\u00e9es par leur pr\u00e9nom n\u2019ont pas souhait\u00e9 donner leur nom), ont trouv\u00e9 un peu de fra\u00eecheur. Face \u00e0 elles, la Pyramide du Louvre ressemble \u00e0 un mirage au milieu d\u2019un d\u00e9sert min\u00e9ral. En face, dans le jardin des Tuileries, les flammes qui encerclent la vasque olympique paraissent sorties de l\u2019enfer. La poussi\u00e8re blanche tourbillonne autour d\u2019une foule d\u2019Am\u00e9ricains, d\u2019Espagnols ou d\u2019Australiens qui se pressent pour rejoindre les morceaux d\u2019ombre. Le soleil br\u00fble. Au mitan de l\u2019apr\u00e8s-midi, lundi 30\u00a0juin, le c\u0153ur de Paris semble livr\u00e9 aux touristes, vid\u00e9 de ses habitants. commente Eva, qui travaille comme juriste \u00e0 Nicosi. La m\u00e8re et la fille ont renonc\u00e9 \u00e0 se promener dans les rues\u00a0: Il vous reste 82% de cet article \u00e0 lire. La suite est r\u00e9serv\u00e9e aux abonn\u00e9s.","breadcrumb":{"@id":"https:\/\/vof-news.eu\/fr\/on-na-pas-le-choix-on-sort-on-est-la-que-pour-quelques-jours-a-paris-des-touristes-sous-la-canicule-mais-pas-decourages\/#breadcrumb"},"inLanguage":"fr-FR","potentialAction":[{"@type":"ReadAction","target":["https:\/\/vof-news.eu\/fr\/on-na-pas-le-choix-on-sort-on-est-la-que-pour-quelques-jours-a-paris-des-touristes-sous-la-canicule-mais-pas-decourages\/"]}]},{"@type":"ImageObject","inLanguage":"fr-FR","@id":"https:\/\/vof-news.eu\/fr\/on-na-pas-le-choix-on-sort-on-est-la-que-pour-quelques-jours-a-paris-des-touristes-sous-la-canicule-mais-pas-decourages\/#primaryimage","url":"https:\/\/vof-news.eu\/wp-content\/uploads\/2025\/07\/2bb0f5a_upload-1-rffyq0qbnsye-ll-touristes-paris-canicule-17.jpg","contentUrl":"https:\/\/vof-news.eu\/wp-content\/uploads\/2025\/07\/2bb0f5a_upload-1-rffyq0qbnsye-ll-touristes-paris-canicule-17.jpg","width":664,"height":531},{"@type":"BreadcrumbList","@id":"https:\/\/vof-news.eu\/fr\/on-na-pas-le-choix-on-sort-on-est-la-que-pour-quelques-jours-a-paris-des-touristes-sous-la-canicule-mais-pas-decourages\/#breadcrumb","itemListElement":[{"@type":"ListItem","position":1,"name":"Home","item":"https:\/\/vof-news.eu\/fr\/"},{"@type":"ListItem","position":2,"name":"\u00ab\u00a0On n\u2019a pas le choix, on sort, on est l\u00e0 que pour quelques jours\u00a0\u00bb\u00a0: \u00e0 Paris, des touristes sous la canicule, mais pas d\u00e9courag\u00e9s"}]},{"@type":"WebSite","@id":"https:\/\/vof-news.eu\/fr\/#website","url":"https:\/\/vof-news.eu\/fr\/","name":"vof-news.eu","description":"","potentialAction":[{"@type":"SearchAction","target":{"@type":"EntryPoint","urlTemplate":"https:\/\/vof-news.eu\/fr\/?s={search_term_string}"},"query-input":"required name=search_term_string"}],"inLanguage":"fr-FR"},{"@type":"Person","@id":"https:\/\/vof-news.eu\/fr\/#\/schema\/person\/f6a2a4309f0561835797fd8c19b333ed","name":"Author","image":{"@type":"ImageObject","inLanguage":"fr-FR","@id":"https:\/\/vof-news.eu\/fr\/#\/schema\/person\/image\/","url":"https:\/\/secure.gravatar.com\/avatar\/b67e614b1b25b3e9c0c239efdd2fde5ab015b5affd6f1c3c85911ca4b384e790?s=96&d=mm&r=g","contentUrl":"https:\/\/secure.gravatar.com\/avatar\/b67e614b1b25b3e9c0c239efdd2fde5ab015b5affd6f1c3c85911ca4b384e790?s=96&d=mm&r=g","caption":"Author"},"sameAs":["http:\/\/vof-news.eu"],"url":"https:\/\/vof-news.eu\/fr\/author\/zwt6qxnjulxbnyg\/"}]}},"yoast_meta":{"yoast_wpseo_title":"","yoast_wpseo_metadesc":"","yoast_wpseo_canonical":""},"_links":{"self":[{"href":"https:\/\/vof-news.eu\/fr\/wp-json\/wp\/v2\/posts\/244413","targetHints":{"allow":["GET"]}}],"collection":[{"href":"https:\/\/vof-news.eu\/fr\/wp-json\/wp\/v2\/posts"}],"about":[{"href":"https:\/\/vof-news.eu\/fr\/wp-json\/wp\/v2\/types\/post"}],"author":[{"embeddable":true,"href":"https:\/\/vof-news.eu\/fr\/wp-json\/wp\/v2\/users\/1"}],"replies":[{"embeddable":true,"href":"https:\/\/vof-news.eu\/fr\/wp-json\/wp\/v2\/comments?post=244413"}],"version-history":[{"count":1,"href":"https:\/\/vof-news.eu\/fr\/wp-json\/wp\/v2\/posts\/244413\/revisions"}],"predecessor-version":[{"id":244420,"href":"https:\/\/vof-news.eu\/fr\/wp-json\/wp\/v2\/posts\/244413\/revisions\/244420"}],"wp:featuredmedia":[{"embeddable":true,"href":"https:\/\/vof-news.eu\/fr\/wp-json\/wp\/v2\/media\/244414"}],"wp:attachment":[{"href":"https:\/\/vof-news.eu\/fr\/wp-json\/wp\/v2\/media?parent=244413"}],"wp:term":[{"taxonomy":"category","embeddable":true,"href":"https:\/\/vof-news.eu\/fr\/wp-json\/wp\/v2\/categories?post=244413"},{"taxonomy":"post_tag","embeddable":true,"href":"https:\/\/vof-news.eu\/fr\/wp-json\/wp\/v2\/tags?post=244413"}],"curies":[{"name":"wp","href":"https:\/\/api.w.org\/{rel}","templated":true}]}}