{"id":244397,"date":"2025-07-01T09:32:09","date_gmt":"2025-07-01T06:32:09","guid":{"rendered":"https:\/\/vof-news.eu\/pascal-canfin-eurodepute-personne-parmi-les-progressistes-ne-pourra-gagner-seul-lelection-presidentielle\/"},"modified":"2025-07-01T09:32:29","modified_gmt":"2025-07-01T06:32:29","slug":"pascal-canfin-eurodepute-personne-parmi-les-progressistes-ne-pourra-gagner-seul-lelection-presidentielle","status":"publish","type":"post","link":"https:\/\/vof-news.eu\/fr\/pascal-canfin-eurodepute-personne-parmi-les-progressistes-ne-pourra-gagner-seul-lelection-presidentielle\/","title":{"rendered":"Pascal Canfin, eurod\u00e9put\u00e9 : \u00ab\u00a0Personne parmi les progressistes ne pourra gagner seul l\u2019\u00e9lection pr\u00e9sidentielle\u00a0\u00bb"},"content":{"rendered":"<article>\n<p>L\u2019eurod\u00e9put\u00e9 (Renew) Pascal Canfin, qui a pris ses distances avec Emmanuel Macron depuis 2024, annonce la mise en place d\u2019un au sein de, dans la perspective de l\u2019\u00e9lection pr\u00e9sidentielle de 2027. Des personnalit\u00e9s issues de la gauche, comme Rapha\u00ebl Glucksmann ou Nicolas Mayer-Rossignol, du camp macroniste, comme Gabriel Attal ou Elisabeth Borne, ou du monde syndical, comme Laurent Berger, approuvent cette d\u00e9marche in\u00e9dite.<\/p>\n<h3>Vous annoncez la cr\u00e9ation d\u2019une \u00ab\u00a0plateforme progressiste\u00a0\u00bb. Pouvez-vous nous en dire plus\u00a0?<\/h3>\n<p>Je suis parti d\u2019un constat\u00a0: il n\u2019y a aujourd\u2019hui aucun espace de dialogue au sein de la galaxie progressiste. Or, en\u00a02027, personne parmi les progressistes ne pourra gagner seul l\u2019\u00e9lection pr\u00e9sidentielle, et personne ne pourra gouverner seul. Pour gagner, il faut par d\u00e9finition \u00eatre au second tour. Face \u00e0 Marine Le\u00a0Pen ou Jordan Bardella, et face \u00e0 une droite ultra-conservatrice comme celle de Bruno Retailleau, on ne peut pas se permettre des divisions.<\/p>\n<section>   <\/section>\n<p>Il est donc essentiel, sans changer quoi que ce soit \u00e0 l\u2019organisation partisane de chacun, de cr\u00e9er un espace de dialogue. Il peut \u00eatre parfois public, parfois non, car il faut cr\u00e9er la confiance qui permettra de partager les analyses, avec des m\u00e9thodes originales. C\u2019est la premi\u00e8re fois qu\u2019une initiative politique de ce type est lanc\u00e9e.<\/p>\n<p><strong>Il vous reste 84.59% de cet article \u00e0 lire. La suite est r\u00e9serv\u00e9e aux abonn\u00e9s.<\/strong><\/p>\n<\/article>\n","protected":false},"excerpt":{"rendered":"<p>L\u2019eurod\u00e9put\u00e9 (Renew) Pascal Canfin, qui a pris ses distances avec Emmanuel Macron depuis 2024, annonce la mise en place d\u2019un au sein de, dans la perspective de l\u2019\u00e9lection pr\u00e9sidentielle de 2027. Des personnalit\u00e9s issues de la gauche, comme Rapha\u00ebl Glucksmann ou Nicolas Mayer-Rossignol, du camp macroniste, comme Gabriel Attal ou Elisabeth Borne, ou du monde<\/p>\n","protected":false},"author":1,"featured_media":244398,"comment_status":"open","ping_status":"open","sticky":false,"template":"","format":"standard","meta":{"footnotes":""},"categories":[68],"tags":[],"class_list":["post-244397","post","type-post","status-publish","format-standard","has-post-thumbnail","hentry","category-politics-fr"],"acf":[],"yoast_head":"<!-- This site is optimized with the Yoast SEO plugin v22.9 - https:\/\/yoast.com\/wordpress\/plugins\/seo\/ -->\n<title>Pascal Canfin, eurod\u00e9put\u00e9 : \u00ab\u00a0Personne parmi les progressistes ne pourra gagner seul l\u2019\u00e9lection pr\u00e9sidentielle\u00a0\u00bb - vof-news.eu<\/title>\n<meta name=\"description\" content=\"L\u2019eurod\u00e9put\u00e9 (Renew) Pascal Canfin, qui a pris ses distances avec Emmanuel Macron depuis 2024, annonce la mise en place d\u2019un au sein de, dans la perspective de l\u2019\u00e9lection pr\u00e9sidentielle de 2027. Des personnalit\u00e9s issues de la gauche, comme Rapha\u00ebl Glucksmann ou Nicolas Mayer-Rossignol, du camp macroniste, comme Gabriel Attal ou Elisabeth Borne, ou du monde syndical, comme Laurent Berger, approuvent cette d\u00e9marche in\u00e9dite. Vous annoncez la cr\u00e9ation d\u2019une \u00ab\u00a0plateforme progressiste\u00a0\u00bb. Pouvez-vous nous en dire plus\u00a0? Je suis parti d\u2019un constat\u00a0: il n\u2019y a aujourd\u2019hui aucun espace de dialogue au sein de la galaxie progressiste. Or, en\u00a02027, personne parmi les progressistes ne pourra gagner seul l\u2019\u00e9lection pr\u00e9sidentielle, et personne ne pourra gouverner seul. Pour gagner, il faut par d\u00e9finition \u00eatre au second tour. Face \u00e0 Marine Le\u00a0Pen ou Jordan Bardella, et face \u00e0 une droite ultra-conservatrice comme celle de Bruno Retailleau, on ne peut pas se permettre des divisions.   Il est donc essentiel, sans changer quoi que ce soit \u00e0 l\u2019organisation partisane de chacun, de cr\u00e9er un espace de dialogue. Il peut \u00eatre parfois public, parfois non, car il faut cr\u00e9er la confiance qui permettra de partager les analyses, avec des m\u00e9thodes originales. C\u2019est la premi\u00e8re fois qu\u2019une initiative politique de ce type est lanc\u00e9e. Il vous reste 84.59% de cet article \u00e0 lire. La suite est r\u00e9serv\u00e9e aux abonn\u00e9s.\" \/>\n<meta name=\"robots\" content=\"noindex, follow, max-snippet:-1, max-image-preview:large, max-video-preview:-1\" \/>\n<meta property=\"og:locale\" content=\"fr_FR\" \/>\n<meta property=\"og:type\" content=\"article\" \/>\n<meta property=\"og:title\" content=\"Pascal Canfin, eurod\u00e9put\u00e9 : \u00ab\u00a0Personne parmi les progressistes ne pourra gagner seul l\u2019\u00e9lection pr\u00e9sidentielle\u00a0\u00bb - vof-news.eu\" \/>\n<meta property=\"og:description\" content=\"L\u2019eurod\u00e9put\u00e9 (Renew) Pascal Canfin, qui a pris ses distances avec Emmanuel Macron depuis 2024, annonce la mise en place d\u2019un au sein de, dans la perspective de l\u2019\u00e9lection pr\u00e9sidentielle de 2027. Des personnalit\u00e9s issues de la gauche, comme Rapha\u00ebl Glucksmann ou Nicolas Mayer-Rossignol, du camp macroniste, comme Gabriel Attal ou Elisabeth Borne, ou du monde syndical, comme Laurent Berger, approuvent cette d\u00e9marche in\u00e9dite. Vous annoncez la cr\u00e9ation d\u2019une \u00ab\u00a0plateforme progressiste\u00a0\u00bb. Pouvez-vous nous en dire plus\u00a0? Je suis parti d\u2019un constat\u00a0: il n\u2019y a aujourd\u2019hui aucun espace de dialogue au sein de la galaxie progressiste. Or, en\u00a02027, personne parmi les progressistes ne pourra gagner seul l\u2019\u00e9lection pr\u00e9sidentielle, et personne ne pourra gouverner seul. Pour gagner, il faut par d\u00e9finition \u00eatre au second tour. Face \u00e0 Marine Le\u00a0Pen ou Jordan Bardella, et face \u00e0 une droite ultra-conservatrice comme celle de Bruno Retailleau, on ne peut pas se permettre des divisions.   Il est donc essentiel, sans changer quoi que ce soit \u00e0 l\u2019organisation partisane de chacun, de cr\u00e9er un espace de dialogue. Il peut \u00eatre parfois public, parfois non, car il faut cr\u00e9er la confiance qui permettra de partager les analyses, avec des m\u00e9thodes originales. C\u2019est la premi\u00e8re fois qu\u2019une initiative politique de ce type est lanc\u00e9e. Il vous reste 84.59% de cet article \u00e0 lire. La suite est r\u00e9serv\u00e9e aux abonn\u00e9s.\" \/>\n<meta property=\"og:url\" content=\"https:\/\/vof-news.eu\/fr\/pascal-canfin-eurodepute-personne-parmi-les-progressistes-ne-pourra-gagner-seul-lelection-presidentielle\/\" \/>\n<meta property=\"og:site_name\" content=\"vof-news.eu\" \/>\n<meta property=\"article:published_time\" content=\"2025-07-01T06:32:09+00:00\" \/>\n<meta property=\"article:modified_time\" content=\"2025-07-01T06:32:29+00:00\" \/>\n<meta property=\"og:image\" content=\"https:\/\/vof-news.eu\/wp-content\/uploads\/2025\/07\/68dda65_upload-1-qfzjhmwg0wgt-ad024-pascal-canfin-dsc01705-1.jpg\" \/>\n\t<meta property=\"og:image:width\" content=\"664\" \/>\n\t<meta property=\"og:image:height\" content=\"443\" \/>\n\t<meta property=\"og:image:type\" content=\"image\/jpeg\" \/>\n<meta name=\"author\" content=\"Author\" \/>\n<meta name=\"twitter:card\" content=\"summary_large_image\" \/>\n<meta name=\"twitter:label1\" content=\"\u00c9crit par\" \/>\n\t<meta name=\"twitter:data1\" content=\"Author\" \/>\n\t<meta name=\"twitter:label2\" content=\"Dur\u00e9e de lecture estim\u00e9e\" \/>\n\t<meta name=\"twitter:data2\" content=\"1 minute\" \/>\n<script type=\"application\/ld+json\" class=\"yoast-schema-graph\">{\"@context\":\"https:\/\/schema.org\",\"@graph\":[{\"@type\":\"WebPage\",\"@id\":\"https:\/\/vof-news.eu\/fr\/pascal-canfin-eurodepute-personne-parmi-les-progressistes-ne-pourra-gagner-seul-lelection-presidentielle\/\",\"url\":\"https:\/\/vof-news.eu\/fr\/pascal-canfin-eurodepute-personne-parmi-les-progressistes-ne-pourra-gagner-seul-lelection-presidentielle\/\",\"name\":\"Pascal Canfin, eurod\u00e9put\u00e9 : \u00ab\u00a0Personne parmi les progressistes ne pourra gagner seul l\u2019\u00e9lection pr\u00e9sidentielle\u00a0\u00bb - vof-news.eu\",\"isPartOf\":{\"@id\":\"https:\/\/vof-news.eu\/fr\/#website\"},\"primaryImageOfPage\":{\"@id\":\"https:\/\/vof-news.eu\/fr\/pascal-canfin-eurodepute-personne-parmi-les-progressistes-ne-pourra-gagner-seul-lelection-presidentielle\/#primaryimage\"},\"image\":{\"@id\":\"https:\/\/vof-news.eu\/fr\/pascal-canfin-eurodepute-personne-parmi-les-progressistes-ne-pourra-gagner-seul-lelection-presidentielle\/#primaryimage\"},\"thumbnailUrl\":\"https:\/\/vof-news.eu\/wp-content\/uploads\/2025\/07\/68dda65_upload-1-qfzjhmwg0wgt-ad024-pascal-canfin-dsc01705-1.jpg\",\"datePublished\":\"2025-07-01T06:32:09+00:00\",\"dateModified\":\"2025-07-01T06:32:29+00:00\",\"author\":{\"@id\":\"https:\/\/vof-news.eu\/fr\/#\/schema\/person\/f6a2a4309f0561835797fd8c19b333ed\"},\"description\":\"L\u2019eurod\u00e9put\u00e9 (Renew) Pascal Canfin, qui a pris ses distances avec Emmanuel Macron depuis 2024, annonce la mise en place d\u2019un au sein de, dans la perspective de l\u2019\u00e9lection pr\u00e9sidentielle de 2027. Des personnalit\u00e9s issues de la gauche, comme Rapha\u00ebl Glucksmann ou Nicolas Mayer-Rossignol, du camp macroniste, comme Gabriel Attal ou Elisabeth Borne, ou du monde syndical, comme Laurent Berger, approuvent cette d\u00e9marche in\u00e9dite. Vous annoncez la cr\u00e9ation d\u2019une \u00ab\u00a0plateforme progressiste\u00a0\u00bb. Pouvez-vous nous en dire plus\u00a0? Je suis parti d\u2019un constat\u00a0: il n\u2019y a aujourd\u2019hui aucun espace de dialogue au sein de la galaxie progressiste. Or, en\u00a02027, personne parmi les progressistes ne pourra gagner seul l\u2019\u00e9lection pr\u00e9sidentielle, et personne ne pourra gouverner seul. Pour gagner, il faut par d\u00e9finition \u00eatre au second tour. Face \u00e0 Marine Le\u00a0Pen ou Jordan Bardella, et face \u00e0 une droite ultra-conservatrice comme celle de Bruno Retailleau, on ne peut pas se permettre des divisions. Il est donc essentiel, sans changer quoi que ce soit \u00e0 l\u2019organisation partisane de chacun, de cr\u00e9er un espace de dialogue. Il peut \u00eatre parfois public, parfois non, car il faut cr\u00e9er la confiance qui permettra de partager les analyses, avec des m\u00e9thodes originales. C\u2019est la premi\u00e8re fois qu\u2019une initiative politique de ce type est lanc\u00e9e. Il vous reste 84.59% de cet article \u00e0 lire. La suite est r\u00e9serv\u00e9e aux abonn\u00e9s.\",\"breadcrumb\":{\"@id\":\"https:\/\/vof-news.eu\/fr\/pascal-canfin-eurodepute-personne-parmi-les-progressistes-ne-pourra-gagner-seul-lelection-presidentielle\/#breadcrumb\"},\"inLanguage\":\"fr-FR\",\"potentialAction\":[{\"@type\":\"ReadAction\",\"target\":[\"https:\/\/vof-news.eu\/fr\/pascal-canfin-eurodepute-personne-parmi-les-progressistes-ne-pourra-gagner-seul-lelection-presidentielle\/\"]}]},{\"@type\":\"ImageObject\",\"inLanguage\":\"fr-FR\",\"@id\":\"https:\/\/vof-news.eu\/fr\/pascal-canfin-eurodepute-personne-parmi-les-progressistes-ne-pourra-gagner-seul-lelection-presidentielle\/#primaryimage\",\"url\":\"https:\/\/vof-news.eu\/wp-content\/uploads\/2025\/07\/68dda65_upload-1-qfzjhmwg0wgt-ad024-pascal-canfin-dsc01705-1.jpg\",\"contentUrl\":\"https:\/\/vof-news.eu\/wp-content\/uploads\/2025\/07\/68dda65_upload-1-qfzjhmwg0wgt-ad024-pascal-canfin-dsc01705-1.jpg\",\"width\":664,\"height\":443},{\"@type\":\"BreadcrumbList\",\"@id\":\"https:\/\/vof-news.eu\/fr\/pascal-canfin-eurodepute-personne-parmi-les-progressistes-ne-pourra-gagner-seul-lelection-presidentielle\/#breadcrumb\",\"itemListElement\":[{\"@type\":\"ListItem\",\"position\":1,\"name\":\"Home\",\"item\":\"https:\/\/vof-news.eu\/fr\/\"},{\"@type\":\"ListItem\",\"position\":2,\"name\":\"Pascal Canfin, eurod\u00e9put\u00e9 : \u00ab\u00a0Personne parmi les progressistes ne pourra gagner seul l\u2019\u00e9lection pr\u00e9sidentielle\u00a0\u00bb\"}]},{\"@type\":\"WebSite\",\"@id\":\"https:\/\/vof-news.eu\/fr\/#website\",\"url\":\"https:\/\/vof-news.eu\/fr\/\",\"name\":\"vof-news.eu\",\"description\":\"\",\"potentialAction\":[{\"@type\":\"SearchAction\",\"target\":{\"@type\":\"EntryPoint\",\"urlTemplate\":\"https:\/\/vof-news.eu\/fr\/?s={search_term_string}\"},\"query-input\":\"required name=search_term_string\"}],\"inLanguage\":\"fr-FR\"},{\"@type\":\"Person\",\"@id\":\"https:\/\/vof-news.eu\/fr\/#\/schema\/person\/f6a2a4309f0561835797fd8c19b333ed\",\"name\":\"Author\",\"image\":{\"@type\":\"ImageObject\",\"inLanguage\":\"fr-FR\",\"@id\":\"https:\/\/vof-news.eu\/fr\/#\/schema\/person\/image\/\",\"url\":\"https:\/\/secure.gravatar.com\/avatar\/b67e614b1b25b3e9c0c239efdd2fde5ab015b5affd6f1c3c85911ca4b384e790?s=96&d=mm&r=g\",\"contentUrl\":\"https:\/\/secure.gravatar.com\/avatar\/b67e614b1b25b3e9c0c239efdd2fde5ab015b5affd6f1c3c85911ca4b384e790?s=96&d=mm&r=g\",\"caption\":\"Author\"},\"sameAs\":[\"http:\/\/vof-news.eu\"],\"url\":\"https:\/\/vof-news.eu\/fr\/author\/zwt6qxnjulxbnyg\/\"}]}<\/script>\n<!-- \/ Yoast SEO plugin. -->","yoast_head_json":{"title":"Pascal Canfin, eurod\u00e9put\u00e9 : \u00ab\u00a0Personne parmi les progressistes ne pourra gagner seul l\u2019\u00e9lection pr\u00e9sidentielle\u00a0\u00bb - vof-news.eu","description":"L\u2019eurod\u00e9put\u00e9 (Renew) Pascal Canfin, qui a pris ses distances avec Emmanuel Macron depuis 2024, annonce la mise en place d\u2019un au sein de, dans la perspective de l\u2019\u00e9lection pr\u00e9sidentielle de 2027. Des personnalit\u00e9s issues de la gauche, comme Rapha\u00ebl Glucksmann ou Nicolas Mayer-Rossignol, du camp macroniste, comme Gabriel Attal ou Elisabeth Borne, ou du monde syndical, comme Laurent Berger, approuvent cette d\u00e9marche in\u00e9dite. Vous annoncez la cr\u00e9ation d\u2019une \u00ab\u00a0plateforme progressiste\u00a0\u00bb. Pouvez-vous nous en dire plus\u00a0? Je suis parti d\u2019un constat\u00a0: il n\u2019y a aujourd\u2019hui aucun espace de dialogue au sein de la galaxie progressiste. Or, en\u00a02027, personne parmi les progressistes ne pourra gagner seul l\u2019\u00e9lection pr\u00e9sidentielle, et personne ne pourra gouverner seul. Pour gagner, il faut par d\u00e9finition \u00eatre au second tour. Face \u00e0 Marine Le\u00a0Pen ou Jordan Bardella, et face \u00e0 une droite ultra-conservatrice comme celle de Bruno Retailleau, on ne peut pas se permettre des divisions.   Il est donc essentiel, sans changer quoi que ce soit \u00e0 l\u2019organisation partisane de chacun, de cr\u00e9er un espace de dialogue. Il peut \u00eatre parfois public, parfois non, car il faut cr\u00e9er la confiance qui permettra de partager les analyses, avec des m\u00e9thodes originales. C\u2019est la premi\u00e8re fois qu\u2019une initiative politique de ce type est lanc\u00e9e. Il vous reste 84.59% de cet article \u00e0 lire. La suite est r\u00e9serv\u00e9e aux abonn\u00e9s.","robots":{"index":"noindex","follow":"follow","max-snippet":"max-snippet:-1","max-image-preview":"max-image-preview:large","max-video-preview":"max-video-preview:-1"},"og_locale":"fr_FR","og_type":"article","og_title":"Pascal Canfin, eurod\u00e9put\u00e9 : \u00ab\u00a0Personne parmi les progressistes ne pourra gagner seul l\u2019\u00e9lection pr\u00e9sidentielle\u00a0\u00bb - vof-news.eu","og_description":"L\u2019eurod\u00e9put\u00e9 (Renew) Pascal Canfin, qui a pris ses distances avec Emmanuel Macron depuis 2024, annonce la mise en place d\u2019un au sein de, dans la perspective de l\u2019\u00e9lection pr\u00e9sidentielle de 2027. Des personnalit\u00e9s issues de la gauche, comme Rapha\u00ebl Glucksmann ou Nicolas Mayer-Rossignol, du camp macroniste, comme Gabriel Attal ou Elisabeth Borne, ou du monde syndical, comme Laurent Berger, approuvent cette d\u00e9marche in\u00e9dite. Vous annoncez la cr\u00e9ation d\u2019une \u00ab\u00a0plateforme progressiste\u00a0\u00bb. Pouvez-vous nous en dire plus\u00a0? Je suis parti d\u2019un constat\u00a0: il n\u2019y a aujourd\u2019hui aucun espace de dialogue au sein de la galaxie progressiste. Or, en\u00a02027, personne parmi les progressistes ne pourra gagner seul l\u2019\u00e9lection pr\u00e9sidentielle, et personne ne pourra gouverner seul. Pour gagner, il faut par d\u00e9finition \u00eatre au second tour. Face \u00e0 Marine Le\u00a0Pen ou Jordan Bardella, et face \u00e0 une droite ultra-conservatrice comme celle de Bruno Retailleau, on ne peut pas se permettre des divisions.   Il est donc essentiel, sans changer quoi que ce soit \u00e0 l\u2019organisation partisane de chacun, de cr\u00e9er un espace de dialogue. Il peut \u00eatre parfois public, parfois non, car il faut cr\u00e9er la confiance qui permettra de partager les analyses, avec des m\u00e9thodes originales. C\u2019est la premi\u00e8re fois qu\u2019une initiative politique de ce type est lanc\u00e9e. Il vous reste 84.59% de cet article \u00e0 lire. La suite est r\u00e9serv\u00e9e aux abonn\u00e9s.","og_url":"https:\/\/vof-news.eu\/fr\/pascal-canfin-eurodepute-personne-parmi-les-progressistes-ne-pourra-gagner-seul-lelection-presidentielle\/","og_site_name":"vof-news.eu","article_published_time":"2025-07-01T06:32:09+00:00","article_modified_time":"2025-07-01T06:32:29+00:00","og_image":[{"width":664,"height":443,"url":"https:\/\/vof-news.eu\/wp-content\/uploads\/2025\/07\/68dda65_upload-1-qfzjhmwg0wgt-ad024-pascal-canfin-dsc01705-1.jpg","type":"image\/jpeg"}],"author":"Author","twitter_card":"summary_large_image","twitter_misc":{"\u00c9crit par":"Author","Dur\u00e9e de lecture estim\u00e9e":"1 minute"},"schema":{"@context":"https:\/\/schema.org","@graph":[{"@type":"WebPage","@id":"https:\/\/vof-news.eu\/fr\/pascal-canfin-eurodepute-personne-parmi-les-progressistes-ne-pourra-gagner-seul-lelection-presidentielle\/","url":"https:\/\/vof-news.eu\/fr\/pascal-canfin-eurodepute-personne-parmi-les-progressistes-ne-pourra-gagner-seul-lelection-presidentielle\/","name":"Pascal Canfin, eurod\u00e9put\u00e9 : \u00ab\u00a0Personne parmi les progressistes ne pourra gagner seul l\u2019\u00e9lection pr\u00e9sidentielle\u00a0\u00bb - vof-news.eu","isPartOf":{"@id":"https:\/\/vof-news.eu\/fr\/#website"},"primaryImageOfPage":{"@id":"https:\/\/vof-news.eu\/fr\/pascal-canfin-eurodepute-personne-parmi-les-progressistes-ne-pourra-gagner-seul-lelection-presidentielle\/#primaryimage"},"image":{"@id":"https:\/\/vof-news.eu\/fr\/pascal-canfin-eurodepute-personne-parmi-les-progressistes-ne-pourra-gagner-seul-lelection-presidentielle\/#primaryimage"},"thumbnailUrl":"https:\/\/vof-news.eu\/wp-content\/uploads\/2025\/07\/68dda65_upload-1-qfzjhmwg0wgt-ad024-pascal-canfin-dsc01705-1.jpg","datePublished":"2025-07-01T06:32:09+00:00","dateModified":"2025-07-01T06:32:29+00:00","author":{"@id":"https:\/\/vof-news.eu\/fr\/#\/schema\/person\/f6a2a4309f0561835797fd8c19b333ed"},"description":"L\u2019eurod\u00e9put\u00e9 (Renew) Pascal Canfin, qui a pris ses distances avec Emmanuel Macron depuis 2024, annonce la mise en place d\u2019un au sein de, dans la perspective de l\u2019\u00e9lection pr\u00e9sidentielle de 2027. Des personnalit\u00e9s issues de la gauche, comme Rapha\u00ebl Glucksmann ou Nicolas Mayer-Rossignol, du camp macroniste, comme Gabriel Attal ou Elisabeth Borne, ou du monde syndical, comme Laurent Berger, approuvent cette d\u00e9marche in\u00e9dite. Vous annoncez la cr\u00e9ation d\u2019une \u00ab\u00a0plateforme progressiste\u00a0\u00bb. Pouvez-vous nous en dire plus\u00a0? Je suis parti d\u2019un constat\u00a0: il n\u2019y a aujourd\u2019hui aucun espace de dialogue au sein de la galaxie progressiste. Or, en\u00a02027, personne parmi les progressistes ne pourra gagner seul l\u2019\u00e9lection pr\u00e9sidentielle, et personne ne pourra gouverner seul. Pour gagner, il faut par d\u00e9finition \u00eatre au second tour. Face \u00e0 Marine Le\u00a0Pen ou Jordan Bardella, et face \u00e0 une droite ultra-conservatrice comme celle de Bruno Retailleau, on ne peut pas se permettre des divisions. Il est donc essentiel, sans changer quoi que ce soit \u00e0 l\u2019organisation partisane de chacun, de cr\u00e9er un espace de dialogue. Il peut \u00eatre parfois public, parfois non, car il faut cr\u00e9er la confiance qui permettra de partager les analyses, avec des m\u00e9thodes originales. C\u2019est la premi\u00e8re fois qu\u2019une initiative politique de ce type est lanc\u00e9e. Il vous reste 84.59% de cet article \u00e0 lire. La suite est r\u00e9serv\u00e9e aux abonn\u00e9s.","breadcrumb":{"@id":"https:\/\/vof-news.eu\/fr\/pascal-canfin-eurodepute-personne-parmi-les-progressistes-ne-pourra-gagner-seul-lelection-presidentielle\/#breadcrumb"},"inLanguage":"fr-FR","potentialAction":[{"@type":"ReadAction","target":["https:\/\/vof-news.eu\/fr\/pascal-canfin-eurodepute-personne-parmi-les-progressistes-ne-pourra-gagner-seul-lelection-presidentielle\/"]}]},{"@type":"ImageObject","inLanguage":"fr-FR","@id":"https:\/\/vof-news.eu\/fr\/pascal-canfin-eurodepute-personne-parmi-les-progressistes-ne-pourra-gagner-seul-lelection-presidentielle\/#primaryimage","url":"https:\/\/vof-news.eu\/wp-content\/uploads\/2025\/07\/68dda65_upload-1-qfzjhmwg0wgt-ad024-pascal-canfin-dsc01705-1.jpg","contentUrl":"https:\/\/vof-news.eu\/wp-content\/uploads\/2025\/07\/68dda65_upload-1-qfzjhmwg0wgt-ad024-pascal-canfin-dsc01705-1.jpg","width":664,"height":443},{"@type":"BreadcrumbList","@id":"https:\/\/vof-news.eu\/fr\/pascal-canfin-eurodepute-personne-parmi-les-progressistes-ne-pourra-gagner-seul-lelection-presidentielle\/#breadcrumb","itemListElement":[{"@type":"ListItem","position":1,"name":"Home","item":"https:\/\/vof-news.eu\/fr\/"},{"@type":"ListItem","position":2,"name":"Pascal Canfin, eurod\u00e9put\u00e9 : \u00ab\u00a0Personne parmi les progressistes ne pourra gagner seul l\u2019\u00e9lection pr\u00e9sidentielle\u00a0\u00bb"}]},{"@type":"WebSite","@id":"https:\/\/vof-news.eu\/fr\/#website","url":"https:\/\/vof-news.eu\/fr\/","name":"vof-news.eu","description":"","potentialAction":[{"@type":"SearchAction","target":{"@type":"EntryPoint","urlTemplate":"https:\/\/vof-news.eu\/fr\/?s={search_term_string}"},"query-input":"required name=search_term_string"}],"inLanguage":"fr-FR"},{"@type":"Person","@id":"https:\/\/vof-news.eu\/fr\/#\/schema\/person\/f6a2a4309f0561835797fd8c19b333ed","name":"Author","image":{"@type":"ImageObject","inLanguage":"fr-FR","@id":"https:\/\/vof-news.eu\/fr\/#\/schema\/person\/image\/","url":"https:\/\/secure.gravatar.com\/avatar\/b67e614b1b25b3e9c0c239efdd2fde5ab015b5affd6f1c3c85911ca4b384e790?s=96&d=mm&r=g","contentUrl":"https:\/\/secure.gravatar.com\/avatar\/b67e614b1b25b3e9c0c239efdd2fde5ab015b5affd6f1c3c85911ca4b384e790?s=96&d=mm&r=g","caption":"Author"},"sameAs":["http:\/\/vof-news.eu"],"url":"https:\/\/vof-news.eu\/fr\/author\/zwt6qxnjulxbnyg\/"}]}},"yoast_meta":{"yoast_wpseo_title":"","yoast_wpseo_metadesc":"","yoast_wpseo_canonical":""},"_links":{"self":[{"href":"https:\/\/vof-news.eu\/fr\/wp-json\/wp\/v2\/posts\/244397","targetHints":{"allow":["GET"]}}],"collection":[{"href":"https:\/\/vof-news.eu\/fr\/wp-json\/wp\/v2\/posts"}],"about":[{"href":"https:\/\/vof-news.eu\/fr\/wp-json\/wp\/v2\/types\/post"}],"author":[{"embeddable":true,"href":"https:\/\/vof-news.eu\/fr\/wp-json\/wp\/v2\/users\/1"}],"replies":[{"embeddable":true,"href":"https:\/\/vof-news.eu\/fr\/wp-json\/wp\/v2\/comments?post=244397"}],"version-history":[{"count":1,"href":"https:\/\/vof-news.eu\/fr\/wp-json\/wp\/v2\/posts\/244397\/revisions"}],"predecessor-version":[{"id":244404,"href":"https:\/\/vof-news.eu\/fr\/wp-json\/wp\/v2\/posts\/244397\/revisions\/244404"}],"wp:featuredmedia":[{"embeddable":true,"href":"https:\/\/vof-news.eu\/fr\/wp-json\/wp\/v2\/media\/244398"}],"wp:attachment":[{"href":"https:\/\/vof-news.eu\/fr\/wp-json\/wp\/v2\/media?parent=244397"}],"wp:term":[{"taxonomy":"category","embeddable":true,"href":"https:\/\/vof-news.eu\/fr\/wp-json\/wp\/v2\/categories?post=244397"},{"taxonomy":"post_tag","embeddable":true,"href":"https:\/\/vof-news.eu\/fr\/wp-json\/wp\/v2\/tags?post=244397"}],"curies":[{"name":"wp","href":"https:\/\/api.w.org\/{rel}","templated":true}]}}