{"id":244345,"date":"2025-07-01T07:33:29","date_gmt":"2025-07-01T04:33:29","guid":{"rendered":"https:\/\/vof-news.eu\/ce-qui-change-le-1%e1%b5%89%ca%b3-juillet-pour-votre-budget-chomage-gaz-saisie-sur-salaire-renovation-energetique-voitures-electriques-credits-immobiliers-loyers-obseques\/"},"modified":"2025-07-01T07:33:52","modified_gmt":"2025-07-01T04:33:52","slug":"ce-qui-change-le-1%e1%b5%89%ca%b3-juillet-pour-votre-budget-chomage-gaz-saisie-sur-salaire-renovation-energetique-voitures-electriques-credits-immobiliers-loyers-obseques","status":"publish","type":"post","link":"https:\/\/vof-news.eu\/fr\/ce-qui-change-le-1%e1%b5%89%ca%b3-juillet-pour-votre-budget-chomage-gaz-saisie-sur-salaire-renovation-energetique-voitures-electriques-credits-immobiliers-loyers-obseques\/","title":{"rendered":"Ce qui change le 1\u1d49\u02b3 juillet pour votre budget\u00a0: ch\u00f4mage, gaz, saisie sur salaire, r\u00e9novation \u00e9nerg\u00e9tique, voitures \u00e9lectriques, cr\u00e9dits immobiliers, loyers, obs\u00e8ques\u2026"},"content":{"rendered":"<article>\n<p>Plusieurs mesures affectant les finances personnelles des m\u00e9nages entrent en vigueur ce mardi 1<sup>er<\/sup>\u00a0juillet.<\/p>\n<h3>+ 0,5\u00a0% pour les allocations-ch\u00f4mage<\/h3>\n<p>Les allocations-ch\u00f4mage sont g\u00e9n\u00e9ralement augment\u00e9es chaque 1<sup>er<\/sup>\u00a0juillet, sur d\u00e9cision du conseil d\u2019administration de l\u2019Unedic, constitu\u00e9 de repr\u00e9sentants des partenaires sociaux. La hausse est faible, cette ann\u00e9e\u00a0: 0,5\u00a0%, contre 1,2\u00a0% en juillet\u00a02024.<\/p>\n<p>, <a href=\"https:\/\/www.unedic.org\/actualites\/allocations-d-assurance-chomage-revalorisation-de-0-5-au-1er-juillet-2025\" rel=\"nofollow\">indique l\u2019Unedic<\/a>, pr\u00e9cisant que la Selon leur anciennet\u00e9 vis-\u00e0-vis de l\u2019allocation et le mode de calcul qui a \u00e9t\u00e9 appliqu\u00e9 pour la d\u00e9terminer, certains ne b\u00e9n\u00e9ficieront pas, ou pas enti\u00e8rement, du 0,5\u00a0%.<\/p>\n<section>   <\/section>\n<p>Est par ailleurs g\u00e9n\u00e9ralis\u00e9e la mensualisation de l\u2019allocation-ch\u00f4mage, c\u2019est-\u00e0-dire le calcul sur la base de trente jours, peu importe le nombre de jours dans le mois, <a href=\"https:\/\/www.lemonde.fr\/argent\/article\/2025\/04\/01\/ce-qui-change-le-1er-avril-pour-le-budget-des-menages-rsa-credits-immobiliers-frais-de-notaire-arrets-maladie-chomage-cheque-energie_6589133_1657007.html#:~:text=Comme%20en%202024%2C%20ce%201,%C3%A0%20davantage%20d'entre%20eux.\" rel=\"nofollow\">appliqu\u00e9 partiellement depuis le 1<sup>er<\/sup>\u00a0avril<\/a>.<\/p>\n<h3>Quasi-stabilit\u00e9 du prix rep\u00e8re du gaz<\/h3>\n<p>En juillet, le co\u00fbt d\u2019approvisionnement du gaz est, comme les deux mois pr\u00e9c\u00e9dents, orient\u00e9 \u00e0 la baisse. Mais le tarif d\u2019acheminement (\u00ab\u00a0tarif p\u00e9r\u00e9qu\u00e9 d\u2019utilisation des r\u00e9seaux publics de distribution du gaz naturel de GRDF\u00a0\u00bb), revu annuellement, est, quant \u00e0 lui, en hausse de 6,1\u00a0%, avec un impact moyen sur la facture TTC des consommateurs r\u00e9sidentiels de 1,4\u00a0%, <a href=\"https:\/\/www.cre.fr\/actualites\/toute-lactualite\/la-cre-publie-levolution-de-la-grille-tarifaire-du-tarif-pereque-dutilisation-des-reseaux-publics-de-distribution-du-gaz-naturel-de-grdf-au-1er-juillet-2025.html\" rel=\"nofollow\">selon la Commission de r\u00e9gulation de l\u2019\u00e9nergie<\/a> (CRE).<\/p>\n<p>R\u00e9sultat de ces deux mouvements contraires\u00a0: <a href=\"https:\/\/www.cre.fr\/consommateurs\/prix-reperes-et-references\/prix-repere-de-vente-de-gaz-naturel-a-destination-des-clients-residentiels.html\" rel=\"nofollow\">le prix rep\u00e8re moyen de vente de gaz naturel est presque stable ce mois-ci<\/a>, \u00e0 95,47\u00a0euros hors taxes et 136,36\u00a0euros TTC par m\u00e9gawattheure (respectivement \u2013 0,3\u00a0% et \u2013 0,2\u00a0% par rapport \u00e0 juin).<\/p>\n<p><strong>Il vous reste 77.67% de cet article \u00e0 lire. La suite est r\u00e9serv\u00e9e aux abonn\u00e9s.<\/strong><\/p>\n<\/article>\n","protected":false},"excerpt":{"rendered":"<p>Plusieurs mesures affectant les finances personnelles des m\u00e9nages entrent en vigueur ce mardi 1er\u00a0juillet. + 0,5\u00a0% pour les allocations-ch\u00f4mage Les allocations-ch\u00f4mage sont g\u00e9n\u00e9ralement augment\u00e9es chaque 1er\u00a0juillet, sur d\u00e9cision du conseil d\u2019administration de l\u2019Unedic, constitu\u00e9 de repr\u00e9sentants des partenaires sociaux. La hausse est faible, cette ann\u00e9e\u00a0: 0,5\u00a0%, contre 1,2\u00a0% en juillet\u00a02024. , indique l\u2019Unedic, pr\u00e9cisant que<\/p>\n","protected":false},"author":1,"featured_media":0,"comment_status":"open","ping_status":"open","sticky":false,"template":"","format":"standard","meta":{"footnotes":""},"categories":[58],"tags":[],"class_list":["post-244345","post","type-post","status-publish","format-standard","hentry","category-business-fr"],"acf":[],"yoast_head":"<!-- This site is optimized with the Yoast SEO plugin v22.9 - https:\/\/yoast.com\/wordpress\/plugins\/seo\/ -->\n<title>Ce qui change le 1\u1d49\u02b3 juillet pour votre budget\u00a0: ch\u00f4mage, gaz, saisie sur salaire, r\u00e9novation \u00e9nerg\u00e9tique, voitures \u00e9lectriques, cr\u00e9dits immobiliers, loyers, obs\u00e8ques\u2026 - vof-news.eu<\/title>\n<meta name=\"description\" content=\"Plusieurs mesures affectant les finances personnelles des m\u00e9nages entrent en vigueur ce mardi 1er\u00a0juillet. + 0,5\u00a0% pour les allocations-ch\u00f4mage Les allocations-ch\u00f4mage sont g\u00e9n\u00e9ralement augment\u00e9es chaque 1er\u00a0juillet, sur d\u00e9cision du conseil d\u2019administration de l\u2019Unedic, constitu\u00e9 de repr\u00e9sentants des partenaires sociaux. La hausse est faible, cette ann\u00e9e\u00a0: 0,5\u00a0%, contre 1,2\u00a0% en juillet\u00a02024. , indique l\u2019Unedic, pr\u00e9cisant que la Selon leur anciennet\u00e9 vis-\u00e0-vis de l\u2019allocation et le mode de calcul qui a \u00e9t\u00e9 appliqu\u00e9 pour la d\u00e9terminer, certains ne b\u00e9n\u00e9ficieront pas, ou pas enti\u00e8rement, du 0,5\u00a0%.   Est par ailleurs g\u00e9n\u00e9ralis\u00e9e la mensualisation de l\u2019allocation-ch\u00f4mage, c\u2019est-\u00e0-dire le calcul sur la base de trente jours, peu importe le nombre de jours dans le mois, appliqu\u00e9 partiellement depuis le 1er\u00a0avril. Quasi-stabilit\u00e9 du prix rep\u00e8re du gaz En juillet, le co\u00fbt d\u2019approvisionnement du gaz est, comme les deux mois pr\u00e9c\u00e9dents, orient\u00e9 \u00e0 la baisse. Mais le tarif d\u2019acheminement (\u00ab\u00a0tarif p\u00e9r\u00e9qu\u00e9 d\u2019utilisation des r\u00e9seaux publics de distribution du gaz naturel de GRDF\u00a0\u00bb), revu annuellement, est, quant \u00e0 lui, en hausse de 6,1\u00a0%, avec un impact moyen sur la facture TTC des consommateurs r\u00e9sidentiels de 1,4\u00a0%, selon la Commission de r\u00e9gulation de l\u2019\u00e9nergie (CRE). R\u00e9sultat de ces deux mouvements contraires\u00a0: le prix rep\u00e8re moyen de vente de gaz naturel est presque stable ce mois-ci, \u00e0 95,47\u00a0euros hors taxes et 136,36\u00a0euros TTC par m\u00e9gawattheure (respectivement \u2013 0,3\u00a0% et \u2013 0,2\u00a0% par rapport \u00e0 juin). Il vous reste 77.67% de cet article \u00e0 lire. La suite est r\u00e9serv\u00e9e aux abonn\u00e9s.\" \/>\n<meta name=\"robots\" content=\"noindex, follow, max-snippet:-1, max-image-preview:large, max-video-preview:-1\" \/>\n<meta property=\"og:locale\" content=\"fr_FR\" \/>\n<meta property=\"og:type\" content=\"article\" \/>\n<meta property=\"og:title\" content=\"Ce qui change le 1\u1d49\u02b3 juillet pour votre budget\u00a0: ch\u00f4mage, gaz, saisie sur salaire, r\u00e9novation \u00e9nerg\u00e9tique, voitures \u00e9lectriques, cr\u00e9dits immobiliers, loyers, obs\u00e8ques\u2026 - vof-news.eu\" \/>\n<meta property=\"og:description\" content=\"Plusieurs mesures affectant les finances personnelles des m\u00e9nages entrent en vigueur ce mardi 1er\u00a0juillet. + 0,5\u00a0% pour les allocations-ch\u00f4mage Les allocations-ch\u00f4mage sont g\u00e9n\u00e9ralement augment\u00e9es chaque 1er\u00a0juillet, sur d\u00e9cision du conseil d\u2019administration de l\u2019Unedic, constitu\u00e9 de repr\u00e9sentants des partenaires sociaux. La hausse est faible, cette ann\u00e9e\u00a0: 0,5\u00a0%, contre 1,2\u00a0% en juillet\u00a02024. , indique l\u2019Unedic, pr\u00e9cisant que la Selon leur anciennet\u00e9 vis-\u00e0-vis de l\u2019allocation et le mode de calcul qui a \u00e9t\u00e9 appliqu\u00e9 pour la d\u00e9terminer, certains ne b\u00e9n\u00e9ficieront pas, ou pas enti\u00e8rement, du 0,5\u00a0%.   Est par ailleurs g\u00e9n\u00e9ralis\u00e9e la mensualisation de l\u2019allocation-ch\u00f4mage, c\u2019est-\u00e0-dire le calcul sur la base de trente jours, peu importe le nombre de jours dans le mois, appliqu\u00e9 partiellement depuis le 1er\u00a0avril. Quasi-stabilit\u00e9 du prix rep\u00e8re du gaz En juillet, le co\u00fbt d\u2019approvisionnement du gaz est, comme les deux mois pr\u00e9c\u00e9dents, orient\u00e9 \u00e0 la baisse. Mais le tarif d\u2019acheminement (\u00ab\u00a0tarif p\u00e9r\u00e9qu\u00e9 d\u2019utilisation des r\u00e9seaux publics de distribution du gaz naturel de GRDF\u00a0\u00bb), revu annuellement, est, quant \u00e0 lui, en hausse de 6,1\u00a0%, avec un impact moyen sur la facture TTC des consommateurs r\u00e9sidentiels de 1,4\u00a0%, selon la Commission de r\u00e9gulation de l\u2019\u00e9nergie (CRE). R\u00e9sultat de ces deux mouvements contraires\u00a0: le prix rep\u00e8re moyen de vente de gaz naturel est presque stable ce mois-ci, \u00e0 95,47\u00a0euros hors taxes et 136,36\u00a0euros TTC par m\u00e9gawattheure (respectivement \u2013 0,3\u00a0% et \u2013 0,2\u00a0% par rapport \u00e0 juin). Il vous reste 77.67% de cet article \u00e0 lire. La suite est r\u00e9serv\u00e9e aux abonn\u00e9s.\" \/>\n<meta property=\"og:url\" content=\"https:\/\/vof-news.eu\/fr\/ce-qui-change-le-1%e1%b5%89%ca%b3-juillet-pour-votre-budget-chomage-gaz-saisie-sur-salaire-renovation-energetique-voitures-electriques-credits-immobiliers-loyers-obseques\/\" \/>\n<meta property=\"og:site_name\" content=\"vof-news.eu\" \/>\n<meta property=\"article:published_time\" content=\"2025-07-01T04:33:29+00:00\" \/>\n<meta property=\"article:modified_time\" content=\"2025-07-01T04:33:52+00:00\" \/>\n<meta name=\"author\" content=\"Author\" \/>\n<meta name=\"twitter:card\" content=\"summary_large_image\" \/>\n<meta name=\"twitter:label1\" content=\"\u00c9crit par\" \/>\n\t<meta name=\"twitter:data1\" content=\"Author\" \/>\n\t<meta name=\"twitter:label2\" content=\"Dur\u00e9e de lecture estim\u00e9e\" \/>\n\t<meta name=\"twitter:data2\" content=\"1 minute\" \/>\n<script type=\"application\/ld+json\" class=\"yoast-schema-graph\">{\"@context\":\"https:\/\/schema.org\",\"@graph\":[{\"@type\":\"WebPage\",\"@id\":\"https:\/\/vof-news.eu\/fr\/ce-qui-change-le-1%e1%b5%89%ca%b3-juillet-pour-votre-budget-chomage-gaz-saisie-sur-salaire-renovation-energetique-voitures-electriques-credits-immobiliers-loyers-obseques\/\",\"url\":\"https:\/\/vof-news.eu\/fr\/ce-qui-change-le-1%e1%b5%89%ca%b3-juillet-pour-votre-budget-chomage-gaz-saisie-sur-salaire-renovation-energetique-voitures-electriques-credits-immobiliers-loyers-obseques\/\",\"name\":\"Ce qui change le 1\u1d49\u02b3 juillet pour votre budget\u00a0: ch\u00f4mage, gaz, saisie sur salaire, r\u00e9novation \u00e9nerg\u00e9tique, voitures \u00e9lectriques, cr\u00e9dits immobiliers, loyers, obs\u00e8ques\u2026 - vof-news.eu\",\"isPartOf\":{\"@id\":\"https:\/\/vof-news.eu\/fr\/#website\"},\"datePublished\":\"2025-07-01T04:33:29+00:00\",\"dateModified\":\"2025-07-01T04:33:52+00:00\",\"author\":{\"@id\":\"https:\/\/vof-news.eu\/fr\/#\/schema\/person\/f6a2a4309f0561835797fd8c19b333ed\"},\"description\":\"Plusieurs mesures affectant les finances personnelles des m\u00e9nages entrent en vigueur ce mardi 1er\u00a0juillet. + 0,5\u00a0% pour les allocations-ch\u00f4mage Les allocations-ch\u00f4mage sont g\u00e9n\u00e9ralement augment\u00e9es chaque 1er\u00a0juillet, sur d\u00e9cision du conseil d\u2019administration de l\u2019Unedic, constitu\u00e9 de repr\u00e9sentants des partenaires sociaux. La hausse est faible, cette ann\u00e9e\u00a0: 0,5\u00a0%, contre 1,2\u00a0% en juillet\u00a02024. , indique l\u2019Unedic, pr\u00e9cisant que la Selon leur anciennet\u00e9 vis-\u00e0-vis de l\u2019allocation et le mode de calcul qui a \u00e9t\u00e9 appliqu\u00e9 pour la d\u00e9terminer, certains ne b\u00e9n\u00e9ficieront pas, ou pas enti\u00e8rement, du 0,5\u00a0%. Est par ailleurs g\u00e9n\u00e9ralis\u00e9e la mensualisation de l\u2019allocation-ch\u00f4mage, c\u2019est-\u00e0-dire le calcul sur la base de trente jours, peu importe le nombre de jours dans le mois, appliqu\u00e9 partiellement depuis le 1er\u00a0avril. Quasi-stabilit\u00e9 du prix rep\u00e8re du gaz En juillet, le co\u00fbt d\u2019approvisionnement du gaz est, comme les deux mois pr\u00e9c\u00e9dents, orient\u00e9 \u00e0 la baisse. Mais le tarif d\u2019acheminement (\u00ab\u00a0tarif p\u00e9r\u00e9qu\u00e9 d\u2019utilisation des r\u00e9seaux publics de distribution du gaz naturel de GRDF\u00a0\u00bb), revu annuellement, est, quant \u00e0 lui, en hausse de 6,1\u00a0%, avec un impact moyen sur la facture TTC des consommateurs r\u00e9sidentiels de 1,4\u00a0%, selon la Commission de r\u00e9gulation de l\u2019\u00e9nergie (CRE). R\u00e9sultat de ces deux mouvements contraires\u00a0: le prix rep\u00e8re moyen de vente de gaz naturel est presque stable ce mois-ci, \u00e0 95,47\u00a0euros hors taxes et 136,36\u00a0euros TTC par m\u00e9gawattheure (respectivement \u2013 0,3\u00a0% et \u2013 0,2\u00a0% par rapport \u00e0 juin). Il vous reste 77.67% de cet article \u00e0 lire. La suite est r\u00e9serv\u00e9e aux abonn\u00e9s.\",\"breadcrumb\":{\"@id\":\"https:\/\/vof-news.eu\/fr\/ce-qui-change-le-1%e1%b5%89%ca%b3-juillet-pour-votre-budget-chomage-gaz-saisie-sur-salaire-renovation-energetique-voitures-electriques-credits-immobiliers-loyers-obseques\/#breadcrumb\"},\"inLanguage\":\"fr-FR\",\"potentialAction\":[{\"@type\":\"ReadAction\",\"target\":[\"https:\/\/vof-news.eu\/fr\/ce-qui-change-le-1%e1%b5%89%ca%b3-juillet-pour-votre-budget-chomage-gaz-saisie-sur-salaire-renovation-energetique-voitures-electriques-credits-immobiliers-loyers-obseques\/\"]}]},{\"@type\":\"BreadcrumbList\",\"@id\":\"https:\/\/vof-news.eu\/fr\/ce-qui-change-le-1%e1%b5%89%ca%b3-juillet-pour-votre-budget-chomage-gaz-saisie-sur-salaire-renovation-energetique-voitures-electriques-credits-immobiliers-loyers-obseques\/#breadcrumb\",\"itemListElement\":[{\"@type\":\"ListItem\",\"position\":1,\"name\":\"Home\",\"item\":\"https:\/\/vof-news.eu\/fr\/\"},{\"@type\":\"ListItem\",\"position\":2,\"name\":\"Ce qui change le 1\u1d49\u02b3 juillet pour votre budget\u00a0: ch\u00f4mage, gaz, saisie sur salaire, r\u00e9novation \u00e9nerg\u00e9tique, voitures \u00e9lectriques, cr\u00e9dits immobiliers, loyers, obs\u00e8ques\u2026\"}]},{\"@type\":\"WebSite\",\"@id\":\"https:\/\/vof-news.eu\/fr\/#website\",\"url\":\"https:\/\/vof-news.eu\/fr\/\",\"name\":\"vof-news.eu\",\"description\":\"\",\"potentialAction\":[{\"@type\":\"SearchAction\",\"target\":{\"@type\":\"EntryPoint\",\"urlTemplate\":\"https:\/\/vof-news.eu\/fr\/?s={search_term_string}\"},\"query-input\":\"required name=search_term_string\"}],\"inLanguage\":\"fr-FR\"},{\"@type\":\"Person\",\"@id\":\"https:\/\/vof-news.eu\/fr\/#\/schema\/person\/f6a2a4309f0561835797fd8c19b333ed\",\"name\":\"Author\",\"image\":{\"@type\":\"ImageObject\",\"inLanguage\":\"fr-FR\",\"@id\":\"https:\/\/vof-news.eu\/fr\/#\/schema\/person\/image\/\",\"url\":\"https:\/\/secure.gravatar.com\/avatar\/b67e614b1b25b3e9c0c239efdd2fde5ab015b5affd6f1c3c85911ca4b384e790?s=96&d=mm&r=g\",\"contentUrl\":\"https:\/\/secure.gravatar.com\/avatar\/b67e614b1b25b3e9c0c239efdd2fde5ab015b5affd6f1c3c85911ca4b384e790?s=96&d=mm&r=g\",\"caption\":\"Author\"},\"sameAs\":[\"http:\/\/vof-news.eu\"],\"url\":\"https:\/\/vof-news.eu\/fr\/author\/zwt6qxnjulxbnyg\/\"}]}<\/script>\n<!-- \/ Yoast SEO plugin. -->","yoast_head_json":{"title":"Ce qui change le 1\u1d49\u02b3 juillet pour votre budget\u00a0: ch\u00f4mage, gaz, saisie sur salaire, r\u00e9novation \u00e9nerg\u00e9tique, voitures \u00e9lectriques, cr\u00e9dits immobiliers, loyers, obs\u00e8ques\u2026 - vof-news.eu","description":"Plusieurs mesures affectant les finances personnelles des m\u00e9nages entrent en vigueur ce mardi 1er\u00a0juillet. + 0,5\u00a0% pour les allocations-ch\u00f4mage Les allocations-ch\u00f4mage sont g\u00e9n\u00e9ralement augment\u00e9es chaque 1er\u00a0juillet, sur d\u00e9cision du conseil d\u2019administration de l\u2019Unedic, constitu\u00e9 de repr\u00e9sentants des partenaires sociaux. La hausse est faible, cette ann\u00e9e\u00a0: 0,5\u00a0%, contre 1,2\u00a0% en juillet\u00a02024. , indique l\u2019Unedic, pr\u00e9cisant que la Selon leur anciennet\u00e9 vis-\u00e0-vis de l\u2019allocation et le mode de calcul qui a \u00e9t\u00e9 appliqu\u00e9 pour la d\u00e9terminer, certains ne b\u00e9n\u00e9ficieront pas, ou pas enti\u00e8rement, du 0,5\u00a0%.   Est par ailleurs g\u00e9n\u00e9ralis\u00e9e la mensualisation de l\u2019allocation-ch\u00f4mage, c\u2019est-\u00e0-dire le calcul sur la base de trente jours, peu importe le nombre de jours dans le mois, appliqu\u00e9 partiellement depuis le 1er\u00a0avril. Quasi-stabilit\u00e9 du prix rep\u00e8re du gaz En juillet, le co\u00fbt d\u2019approvisionnement du gaz est, comme les deux mois pr\u00e9c\u00e9dents, orient\u00e9 \u00e0 la baisse. Mais le tarif d\u2019acheminement (\u00ab\u00a0tarif p\u00e9r\u00e9qu\u00e9 d\u2019utilisation des r\u00e9seaux publics de distribution du gaz naturel de GRDF\u00a0\u00bb), revu annuellement, est, quant \u00e0 lui, en hausse de 6,1\u00a0%, avec un impact moyen sur la facture TTC des consommateurs r\u00e9sidentiels de 1,4\u00a0%, selon la Commission de r\u00e9gulation de l\u2019\u00e9nergie (CRE). R\u00e9sultat de ces deux mouvements contraires\u00a0: le prix rep\u00e8re moyen de vente de gaz naturel est presque stable ce mois-ci, \u00e0 95,47\u00a0euros hors taxes et 136,36\u00a0euros TTC par m\u00e9gawattheure (respectivement \u2013 0,3\u00a0% et \u2013 0,2\u00a0% par rapport \u00e0 juin). Il vous reste 77.67% de cet article \u00e0 lire. La suite est r\u00e9serv\u00e9e aux abonn\u00e9s.","robots":{"index":"noindex","follow":"follow","max-snippet":"max-snippet:-1","max-image-preview":"max-image-preview:large","max-video-preview":"max-video-preview:-1"},"og_locale":"fr_FR","og_type":"article","og_title":"Ce qui change le 1\u1d49\u02b3 juillet pour votre budget\u00a0: ch\u00f4mage, gaz, saisie sur salaire, r\u00e9novation \u00e9nerg\u00e9tique, voitures \u00e9lectriques, cr\u00e9dits immobiliers, loyers, obs\u00e8ques\u2026 - vof-news.eu","og_description":"Plusieurs mesures affectant les finances personnelles des m\u00e9nages entrent en vigueur ce mardi 1er\u00a0juillet. + 0,5\u00a0% pour les allocations-ch\u00f4mage Les allocations-ch\u00f4mage sont g\u00e9n\u00e9ralement augment\u00e9es chaque 1er\u00a0juillet, sur d\u00e9cision du conseil d\u2019administration de l\u2019Unedic, constitu\u00e9 de repr\u00e9sentants des partenaires sociaux. La hausse est faible, cette ann\u00e9e\u00a0: 0,5\u00a0%, contre 1,2\u00a0% en juillet\u00a02024. , indique l\u2019Unedic, pr\u00e9cisant que la Selon leur anciennet\u00e9 vis-\u00e0-vis de l\u2019allocation et le mode de calcul qui a \u00e9t\u00e9 appliqu\u00e9 pour la d\u00e9terminer, certains ne b\u00e9n\u00e9ficieront pas, ou pas enti\u00e8rement, du 0,5\u00a0%.   Est par ailleurs g\u00e9n\u00e9ralis\u00e9e la mensualisation de l\u2019allocation-ch\u00f4mage, c\u2019est-\u00e0-dire le calcul sur la base de trente jours, peu importe le nombre de jours dans le mois, appliqu\u00e9 partiellement depuis le 1er\u00a0avril. Quasi-stabilit\u00e9 du prix rep\u00e8re du gaz En juillet, le co\u00fbt d\u2019approvisionnement du gaz est, comme les deux mois pr\u00e9c\u00e9dents, orient\u00e9 \u00e0 la baisse. Mais le tarif d\u2019acheminement (\u00ab\u00a0tarif p\u00e9r\u00e9qu\u00e9 d\u2019utilisation des r\u00e9seaux publics de distribution du gaz naturel de GRDF\u00a0\u00bb), revu annuellement, est, quant \u00e0 lui, en hausse de 6,1\u00a0%, avec un impact moyen sur la facture TTC des consommateurs r\u00e9sidentiels de 1,4\u00a0%, selon la Commission de r\u00e9gulation de l\u2019\u00e9nergie (CRE). R\u00e9sultat de ces deux mouvements contraires\u00a0: le prix rep\u00e8re moyen de vente de gaz naturel est presque stable ce mois-ci, \u00e0 95,47\u00a0euros hors taxes et 136,36\u00a0euros TTC par m\u00e9gawattheure (respectivement \u2013 0,3\u00a0% et \u2013 0,2\u00a0% par rapport \u00e0 juin). Il vous reste 77.67% de cet article \u00e0 lire. La suite est r\u00e9serv\u00e9e aux abonn\u00e9s.","og_url":"https:\/\/vof-news.eu\/fr\/ce-qui-change-le-1%e1%b5%89%ca%b3-juillet-pour-votre-budget-chomage-gaz-saisie-sur-salaire-renovation-energetique-voitures-electriques-credits-immobiliers-loyers-obseques\/","og_site_name":"vof-news.eu","article_published_time":"2025-07-01T04:33:29+00:00","article_modified_time":"2025-07-01T04:33:52+00:00","author":"Author","twitter_card":"summary_large_image","twitter_misc":{"\u00c9crit par":"Author","Dur\u00e9e de lecture estim\u00e9e":"1 minute"},"schema":{"@context":"https:\/\/schema.org","@graph":[{"@type":"WebPage","@id":"https:\/\/vof-news.eu\/fr\/ce-qui-change-le-1%e1%b5%89%ca%b3-juillet-pour-votre-budget-chomage-gaz-saisie-sur-salaire-renovation-energetique-voitures-electriques-credits-immobiliers-loyers-obseques\/","url":"https:\/\/vof-news.eu\/fr\/ce-qui-change-le-1%e1%b5%89%ca%b3-juillet-pour-votre-budget-chomage-gaz-saisie-sur-salaire-renovation-energetique-voitures-electriques-credits-immobiliers-loyers-obseques\/","name":"Ce qui change le 1\u1d49\u02b3 juillet pour votre budget\u00a0: ch\u00f4mage, gaz, saisie sur salaire, r\u00e9novation \u00e9nerg\u00e9tique, voitures \u00e9lectriques, cr\u00e9dits immobiliers, loyers, obs\u00e8ques\u2026 - vof-news.eu","isPartOf":{"@id":"https:\/\/vof-news.eu\/fr\/#website"},"datePublished":"2025-07-01T04:33:29+00:00","dateModified":"2025-07-01T04:33:52+00:00","author":{"@id":"https:\/\/vof-news.eu\/fr\/#\/schema\/person\/f6a2a4309f0561835797fd8c19b333ed"},"description":"Plusieurs mesures affectant les finances personnelles des m\u00e9nages entrent en vigueur ce mardi 1er\u00a0juillet. + 0,5\u00a0% pour les allocations-ch\u00f4mage Les allocations-ch\u00f4mage sont g\u00e9n\u00e9ralement augment\u00e9es chaque 1er\u00a0juillet, sur d\u00e9cision du conseil d\u2019administration de l\u2019Unedic, constitu\u00e9 de repr\u00e9sentants des partenaires sociaux. La hausse est faible, cette ann\u00e9e\u00a0: 0,5\u00a0%, contre 1,2\u00a0% en juillet\u00a02024. , indique l\u2019Unedic, pr\u00e9cisant que la Selon leur anciennet\u00e9 vis-\u00e0-vis de l\u2019allocation et le mode de calcul qui a \u00e9t\u00e9 appliqu\u00e9 pour la d\u00e9terminer, certains ne b\u00e9n\u00e9ficieront pas, ou pas enti\u00e8rement, du 0,5\u00a0%. Est par ailleurs g\u00e9n\u00e9ralis\u00e9e la mensualisation de l\u2019allocation-ch\u00f4mage, c\u2019est-\u00e0-dire le calcul sur la base de trente jours, peu importe le nombre de jours dans le mois, appliqu\u00e9 partiellement depuis le 1er\u00a0avril. Quasi-stabilit\u00e9 du prix rep\u00e8re du gaz En juillet, le co\u00fbt d\u2019approvisionnement du gaz est, comme les deux mois pr\u00e9c\u00e9dents, orient\u00e9 \u00e0 la baisse. Mais le tarif d\u2019acheminement (\u00ab\u00a0tarif p\u00e9r\u00e9qu\u00e9 d\u2019utilisation des r\u00e9seaux publics de distribution du gaz naturel de GRDF\u00a0\u00bb), revu annuellement, est, quant \u00e0 lui, en hausse de 6,1\u00a0%, avec un impact moyen sur la facture TTC des consommateurs r\u00e9sidentiels de 1,4\u00a0%, selon la Commission de r\u00e9gulation de l\u2019\u00e9nergie (CRE). R\u00e9sultat de ces deux mouvements contraires\u00a0: le prix rep\u00e8re moyen de vente de gaz naturel est presque stable ce mois-ci, \u00e0 95,47\u00a0euros hors taxes et 136,36\u00a0euros TTC par m\u00e9gawattheure (respectivement \u2013 0,3\u00a0% et \u2013 0,2\u00a0% par rapport \u00e0 juin). Il vous reste 77.67% de cet article \u00e0 lire. La suite est r\u00e9serv\u00e9e aux abonn\u00e9s.","breadcrumb":{"@id":"https:\/\/vof-news.eu\/fr\/ce-qui-change-le-1%e1%b5%89%ca%b3-juillet-pour-votre-budget-chomage-gaz-saisie-sur-salaire-renovation-energetique-voitures-electriques-credits-immobiliers-loyers-obseques\/#breadcrumb"},"inLanguage":"fr-FR","potentialAction":[{"@type":"ReadAction","target":["https:\/\/vof-news.eu\/fr\/ce-qui-change-le-1%e1%b5%89%ca%b3-juillet-pour-votre-budget-chomage-gaz-saisie-sur-salaire-renovation-energetique-voitures-electriques-credits-immobiliers-loyers-obseques\/"]}]},{"@type":"BreadcrumbList","@id":"https:\/\/vof-news.eu\/fr\/ce-qui-change-le-1%e1%b5%89%ca%b3-juillet-pour-votre-budget-chomage-gaz-saisie-sur-salaire-renovation-energetique-voitures-electriques-credits-immobiliers-loyers-obseques\/#breadcrumb","itemListElement":[{"@type":"ListItem","position":1,"name":"Home","item":"https:\/\/vof-news.eu\/fr\/"},{"@type":"ListItem","position":2,"name":"Ce qui change le 1\u1d49\u02b3 juillet pour votre budget\u00a0: ch\u00f4mage, gaz, saisie sur salaire, r\u00e9novation \u00e9nerg\u00e9tique, voitures \u00e9lectriques, cr\u00e9dits immobiliers, loyers, obs\u00e8ques\u2026"}]},{"@type":"WebSite","@id":"https:\/\/vof-news.eu\/fr\/#website","url":"https:\/\/vof-news.eu\/fr\/","name":"vof-news.eu","description":"","potentialAction":[{"@type":"SearchAction","target":{"@type":"EntryPoint","urlTemplate":"https:\/\/vof-news.eu\/fr\/?s={search_term_string}"},"query-input":"required name=search_term_string"}],"inLanguage":"fr-FR"},{"@type":"Person","@id":"https:\/\/vof-news.eu\/fr\/#\/schema\/person\/f6a2a4309f0561835797fd8c19b333ed","name":"Author","image":{"@type":"ImageObject","inLanguage":"fr-FR","@id":"https:\/\/vof-news.eu\/fr\/#\/schema\/person\/image\/","url":"https:\/\/secure.gravatar.com\/avatar\/b67e614b1b25b3e9c0c239efdd2fde5ab015b5affd6f1c3c85911ca4b384e790?s=96&d=mm&r=g","contentUrl":"https:\/\/secure.gravatar.com\/avatar\/b67e614b1b25b3e9c0c239efdd2fde5ab015b5affd6f1c3c85911ca4b384e790?s=96&d=mm&r=g","caption":"Author"},"sameAs":["http:\/\/vof-news.eu"],"url":"https:\/\/vof-news.eu\/fr\/author\/zwt6qxnjulxbnyg\/"}]}},"yoast_meta":{"yoast_wpseo_title":"","yoast_wpseo_metadesc":"","yoast_wpseo_canonical":""},"_links":{"self":[{"href":"https:\/\/vof-news.eu\/fr\/wp-json\/wp\/v2\/posts\/244345","targetHints":{"allow":["GET"]}}],"collection":[{"href":"https:\/\/vof-news.eu\/fr\/wp-json\/wp\/v2\/posts"}],"about":[{"href":"https:\/\/vof-news.eu\/fr\/wp-json\/wp\/v2\/types\/post"}],"author":[{"embeddable":true,"href":"https:\/\/vof-news.eu\/fr\/wp-json\/wp\/v2\/users\/1"}],"replies":[{"embeddable":true,"href":"https:\/\/vof-news.eu\/fr\/wp-json\/wp\/v2\/comments?post=244345"}],"version-history":[{"count":1,"href":"https:\/\/vof-news.eu\/fr\/wp-json\/wp\/v2\/posts\/244345\/revisions"}],"predecessor-version":[{"id":244346,"href":"https:\/\/vof-news.eu\/fr\/wp-json\/wp\/v2\/posts\/244345\/revisions\/244346"}],"wp:attachment":[{"href":"https:\/\/vof-news.eu\/fr\/wp-json\/wp\/v2\/media?parent=244345"}],"wp:term":[{"taxonomy":"category","embeddable":true,"href":"https:\/\/vof-news.eu\/fr\/wp-json\/wp\/v2\/categories?post=244345"},{"taxonomy":"post_tag","embeddable":true,"href":"https:\/\/vof-news.eu\/fr\/wp-json\/wp\/v2\/tags?post=244345"}],"curies":[{"name":"wp","href":"https:\/\/api.w.org\/{rel}","templated":true}]}}