{"id":244335,"date":"2025-07-01T07:31:51","date_gmt":"2025-07-01T04:31:51","guid":{"rendered":"https:\/\/vof-news.eu\/la-reforme-de-laudiovisuel-public-dans-le-flou-apres-le-rejet-surprise-du-texte-defendu-par-rachida-dati-a-lassemblee\/"},"modified":"2025-07-01T07:32:22","modified_gmt":"2025-07-01T04:32:22","slug":"la-reforme-de-laudiovisuel-public-dans-le-flou-apres-le-rejet-surprise-du-texte-defendu-par-rachida-dati-a-lassemblee","status":"publish","type":"post","link":"https:\/\/vof-news.eu\/fr\/la-reforme-de-laudiovisuel-public-dans-le-flou-apres-le-rejet-surprise-du-texte-defendu-par-rachida-dati-a-lassemblee\/","title":{"rendered":"La r\u00e9forme de l\u2019audiovisuel public dans le flou apr\u00e8s le rejet surprise du texte d\u00e9fendu par Rachida Dati \u00e0 l\u2019Assembl\u00e9e"},"content":{"rendered":"<article>\n<p>Rachida Dati a fait mine de repartir instantan\u00e9ment au combat, lundi 30\u00a0juin vers 17\u00a0h\u00a020, quand elle s\u2019est pr\u00e9sent\u00e9e devant les micros des journalistes qui l\u2019attendaient dans la salle des Quatre-Colonnes de l\u2019Assembl\u00e9e nationale, apr\u00e8s l\u2019\u00e9chec de son texte sur l\u2019audiovisuel public. (\u2026) (\u2026)(\u2026), assure la ministre de la culture. Comme s\u2019il ne s\u2019\u00e9tait rien pass\u00e9 quelques instants plus t\u00f4t, elle reprend m\u00e9thodiquement les \u00e9l\u00e9ments de l\u2019argumentaire qu\u2019elle d\u00e9ploie depuis plusieurs semaines pour justifier de sa d\u00e9termination \u00e0 r\u00e9unir France T\u00e9l\u00e9visions, Radio France et l\u2019Institut national de l\u2019audiovisuel (INA) dans une holding ex\u00e9cutive.<\/p>\n<p>Le camouflet, pourtant, est cuisant\u00a0: par 94 voix sur 132 votants, la motion de rejet pr\u00e9alable d\u00e9pos\u00e9e par les \u00e9cologistes et d\u00e9fendue pour l\u2019ensemble des forces de gauche par Sophie Taill\u00e9-Polian (G\u00e9n\u00e9ration. s, Val-de-Marne) venait, <a href=\"https:\/\/www.lemonde.fr\/politique\/article\/2025\/06\/30\/la-reforme-de-l-audiovisuel-public-voulue-par-rachida-dati-rejetee-d-emblee-a-l-assemblee_6617002_823448.html\" rel=\"nofollow\">\u00e0 la stup\u00e9faction g\u00e9n\u00e9rale, d\u2019\u00eatre adopt\u00e9e<\/a>.<\/p>\n<p><strong>Il vous reste 83.69% de cet article \u00e0 lire. La suite est r\u00e9serv\u00e9e aux abonn\u00e9s.<\/strong><\/p>\n<\/article>\n","protected":false},"excerpt":{"rendered":"<p>Rachida Dati a fait mine de repartir instantan\u00e9ment au combat, lundi 30\u00a0juin vers 17\u00a0h\u00a020, quand elle s\u2019est pr\u00e9sent\u00e9e devant les micros des journalistes qui l\u2019attendaient dans la salle des Quatre-Colonnes de l\u2019Assembl\u00e9e nationale, apr\u00e8s l\u2019\u00e9chec de son texte sur l\u2019audiovisuel public. (\u2026) (\u2026)(\u2026), assure la ministre de la culture. Comme s\u2019il ne s\u2019\u00e9tait rien pass\u00e9<\/p>\n","protected":false},"author":1,"featured_media":244336,"comment_status":"open","ping_status":"open","sticky":false,"template":"","format":"standard","meta":{"footnotes":""},"categories":[68],"tags":[],"class_list":["post-244335","post","type-post","status-publish","format-standard","has-post-thumbnail","hentry","category-politics-fr"],"acf":[],"yoast_head":"<!-- This site is optimized with the Yoast SEO plugin v22.9 - https:\/\/yoast.com\/wordpress\/plugins\/seo\/ -->\n<title>La r\u00e9forme de l\u2019audiovisuel public dans le flou apr\u00e8s le rejet surprise du texte d\u00e9fendu par Rachida Dati \u00e0 l\u2019Assembl\u00e9e - vof-news.eu<\/title>\n<meta name=\"description\" content=\"Rachida Dati a fait mine de repartir instantan\u00e9ment au combat, lundi 30\u00a0juin vers 17\u00a0h\u00a020, quand elle s\u2019est pr\u00e9sent\u00e9e devant les micros des journalistes qui l\u2019attendaient dans la salle des Quatre-Colonnes de l\u2019Assembl\u00e9e nationale, apr\u00e8s l\u2019\u00e9chec de son texte sur l\u2019audiovisuel public. (\u2026) (\u2026)(\u2026), assure la ministre de la culture. Comme s\u2019il ne s\u2019\u00e9tait rien pass\u00e9 quelques instants plus t\u00f4t, elle reprend m\u00e9thodiquement les \u00e9l\u00e9ments de l\u2019argumentaire qu\u2019elle d\u00e9ploie depuis plusieurs semaines pour justifier de sa d\u00e9termination \u00e0 r\u00e9unir France T\u00e9l\u00e9visions, Radio France et l\u2019Institut national de l\u2019audiovisuel (INA) dans une holding ex\u00e9cutive. Le camouflet, pourtant, est cuisant\u00a0: par 94 voix sur 132 votants, la motion de rejet pr\u00e9alable d\u00e9pos\u00e9e par les \u00e9cologistes et d\u00e9fendue pour l\u2019ensemble des forces de gauche par Sophie Taill\u00e9-Polian (G\u00e9n\u00e9ration. s, Val-de-Marne) venait, \u00e0 la stup\u00e9faction g\u00e9n\u00e9rale, d\u2019\u00eatre adopt\u00e9e. Il vous reste 83.69% de cet article \u00e0 lire. La suite est r\u00e9serv\u00e9e aux abonn\u00e9s.\" \/>\n<meta name=\"robots\" content=\"noindex, follow, max-snippet:-1, max-image-preview:large, max-video-preview:-1\" \/>\n<meta property=\"og:locale\" content=\"fr_FR\" \/>\n<meta property=\"og:type\" content=\"article\" \/>\n<meta property=\"og:title\" content=\"La r\u00e9forme de l\u2019audiovisuel public dans le flou apr\u00e8s le rejet surprise du texte d\u00e9fendu par Rachida Dati \u00e0 l\u2019Assembl\u00e9e - vof-news.eu\" \/>\n<meta property=\"og:description\" content=\"Rachida Dati a fait mine de repartir instantan\u00e9ment au combat, lundi 30\u00a0juin vers 17\u00a0h\u00a020, quand elle s\u2019est pr\u00e9sent\u00e9e devant les micros des journalistes qui l\u2019attendaient dans la salle des Quatre-Colonnes de l\u2019Assembl\u00e9e nationale, apr\u00e8s l\u2019\u00e9chec de son texte sur l\u2019audiovisuel public. (\u2026) (\u2026)(\u2026), assure la ministre de la culture. Comme s\u2019il ne s\u2019\u00e9tait rien pass\u00e9 quelques instants plus t\u00f4t, elle reprend m\u00e9thodiquement les \u00e9l\u00e9ments de l\u2019argumentaire qu\u2019elle d\u00e9ploie depuis plusieurs semaines pour justifier de sa d\u00e9termination \u00e0 r\u00e9unir France T\u00e9l\u00e9visions, Radio France et l\u2019Institut national de l\u2019audiovisuel (INA) dans une holding ex\u00e9cutive. Le camouflet, pourtant, est cuisant\u00a0: par 94 voix sur 132 votants, la motion de rejet pr\u00e9alable d\u00e9pos\u00e9e par les \u00e9cologistes et d\u00e9fendue pour l\u2019ensemble des forces de gauche par Sophie Taill\u00e9-Polian (G\u00e9n\u00e9ration. s, Val-de-Marne) venait, \u00e0 la stup\u00e9faction g\u00e9n\u00e9rale, d\u2019\u00eatre adopt\u00e9e. Il vous reste 83.69% de cet article \u00e0 lire. La suite est r\u00e9serv\u00e9e aux abonn\u00e9s.\" \/>\n<meta property=\"og:url\" content=\"https:\/\/vof-news.eu\/fr\/la-reforme-de-laudiovisuel-public-dans-le-flou-apres-le-rejet-surprise-du-texte-defendu-par-rachida-dati-a-lassemblee\/\" \/>\n<meta property=\"og:site_name\" content=\"vof-news.eu\" \/>\n<meta property=\"article:published_time\" content=\"2025-07-01T04:31:51+00:00\" \/>\n<meta property=\"article:modified_time\" content=\"2025-07-01T04:32:22+00:00\" \/>\n<meta property=\"og:image\" content=\"https:\/\/vof-news.eu\/wp-content\/uploads\/2025\/07\/29119d3_upload-1-b1hrm4f510f7-jmug250630030.jpg\" \/>\n\t<meta property=\"og:image:width\" content=\"664\" \/>\n\t<meta property=\"og:image:height\" content=\"443\" \/>\n\t<meta property=\"og:image:type\" content=\"image\/jpeg\" \/>\n<meta name=\"author\" content=\"Author\" \/>\n<meta name=\"twitter:card\" content=\"summary_large_image\" \/>\n<meta name=\"twitter:label1\" content=\"\u00c9crit par\" \/>\n\t<meta name=\"twitter:data1\" content=\"Author\" \/>\n\t<meta name=\"twitter:label2\" content=\"Dur\u00e9e de lecture estim\u00e9e\" \/>\n\t<meta name=\"twitter:data2\" content=\"1 minute\" \/>\n<script type=\"application\/ld+json\" class=\"yoast-schema-graph\">{\"@context\":\"https:\/\/schema.org\",\"@graph\":[{\"@type\":\"WebPage\",\"@id\":\"https:\/\/vof-news.eu\/fr\/la-reforme-de-laudiovisuel-public-dans-le-flou-apres-le-rejet-surprise-du-texte-defendu-par-rachida-dati-a-lassemblee\/\",\"url\":\"https:\/\/vof-news.eu\/fr\/la-reforme-de-laudiovisuel-public-dans-le-flou-apres-le-rejet-surprise-du-texte-defendu-par-rachida-dati-a-lassemblee\/\",\"name\":\"La r\u00e9forme de l\u2019audiovisuel public dans le flou apr\u00e8s le rejet surprise du texte d\u00e9fendu par Rachida Dati \u00e0 l\u2019Assembl\u00e9e - vof-news.eu\",\"isPartOf\":{\"@id\":\"https:\/\/vof-news.eu\/fr\/#website\"},\"primaryImageOfPage\":{\"@id\":\"https:\/\/vof-news.eu\/fr\/la-reforme-de-laudiovisuel-public-dans-le-flou-apres-le-rejet-surprise-du-texte-defendu-par-rachida-dati-a-lassemblee\/#primaryimage\"},\"image\":{\"@id\":\"https:\/\/vof-news.eu\/fr\/la-reforme-de-laudiovisuel-public-dans-le-flou-apres-le-rejet-surprise-du-texte-defendu-par-rachida-dati-a-lassemblee\/#primaryimage\"},\"thumbnailUrl\":\"https:\/\/vof-news.eu\/wp-content\/uploads\/2025\/07\/29119d3_upload-1-b1hrm4f510f7-jmug250630030.jpg\",\"datePublished\":\"2025-07-01T04:31:51+00:00\",\"dateModified\":\"2025-07-01T04:32:22+00:00\",\"author\":{\"@id\":\"https:\/\/vof-news.eu\/fr\/#\/schema\/person\/f6a2a4309f0561835797fd8c19b333ed\"},\"description\":\"Rachida Dati a fait mine de repartir instantan\u00e9ment au combat, lundi 30\u00a0juin vers 17\u00a0h\u00a020, quand elle s\u2019est pr\u00e9sent\u00e9e devant les micros des journalistes qui l\u2019attendaient dans la salle des Quatre-Colonnes de l\u2019Assembl\u00e9e nationale, apr\u00e8s l\u2019\u00e9chec de son texte sur l\u2019audiovisuel public. (\u2026) (\u2026)(\u2026), assure la ministre de la culture. Comme s\u2019il ne s\u2019\u00e9tait rien pass\u00e9 quelques instants plus t\u00f4t, elle reprend m\u00e9thodiquement les \u00e9l\u00e9ments de l\u2019argumentaire qu\u2019elle d\u00e9ploie depuis plusieurs semaines pour justifier de sa d\u00e9termination \u00e0 r\u00e9unir France T\u00e9l\u00e9visions, Radio France et l\u2019Institut national de l\u2019audiovisuel (INA) dans une holding ex\u00e9cutive. Le camouflet, pourtant, est cuisant\u00a0: par 94 voix sur 132 votants, la motion de rejet pr\u00e9alable d\u00e9pos\u00e9e par les \u00e9cologistes et d\u00e9fendue pour l\u2019ensemble des forces de gauche par Sophie Taill\u00e9-Polian (G\u00e9n\u00e9ration. s, Val-de-Marne) venait, \u00e0 la stup\u00e9faction g\u00e9n\u00e9rale, d\u2019\u00eatre adopt\u00e9e. Il vous reste 83.69% de cet article \u00e0 lire. La suite est r\u00e9serv\u00e9e aux abonn\u00e9s.\",\"breadcrumb\":{\"@id\":\"https:\/\/vof-news.eu\/fr\/la-reforme-de-laudiovisuel-public-dans-le-flou-apres-le-rejet-surprise-du-texte-defendu-par-rachida-dati-a-lassemblee\/#breadcrumb\"},\"inLanguage\":\"fr-FR\",\"potentialAction\":[{\"@type\":\"ReadAction\",\"target\":[\"https:\/\/vof-news.eu\/fr\/la-reforme-de-laudiovisuel-public-dans-le-flou-apres-le-rejet-surprise-du-texte-defendu-par-rachida-dati-a-lassemblee\/\"]}]},{\"@type\":\"ImageObject\",\"inLanguage\":\"fr-FR\",\"@id\":\"https:\/\/vof-news.eu\/fr\/la-reforme-de-laudiovisuel-public-dans-le-flou-apres-le-rejet-surprise-du-texte-defendu-par-rachida-dati-a-lassemblee\/#primaryimage\",\"url\":\"https:\/\/vof-news.eu\/wp-content\/uploads\/2025\/07\/29119d3_upload-1-b1hrm4f510f7-jmug250630030.jpg\",\"contentUrl\":\"https:\/\/vof-news.eu\/wp-content\/uploads\/2025\/07\/29119d3_upload-1-b1hrm4f510f7-jmug250630030.jpg\",\"width\":664,\"height\":443},{\"@type\":\"BreadcrumbList\",\"@id\":\"https:\/\/vof-news.eu\/fr\/la-reforme-de-laudiovisuel-public-dans-le-flou-apres-le-rejet-surprise-du-texte-defendu-par-rachida-dati-a-lassemblee\/#breadcrumb\",\"itemListElement\":[{\"@type\":\"ListItem\",\"position\":1,\"name\":\"Home\",\"item\":\"https:\/\/vof-news.eu\/fr\/\"},{\"@type\":\"ListItem\",\"position\":2,\"name\":\"La r\u00e9forme de l\u2019audiovisuel public dans le flou apr\u00e8s le rejet surprise du texte d\u00e9fendu par Rachida Dati \u00e0 l\u2019Assembl\u00e9e\"}]},{\"@type\":\"WebSite\",\"@id\":\"https:\/\/vof-news.eu\/fr\/#website\",\"url\":\"https:\/\/vof-news.eu\/fr\/\",\"name\":\"vof-news.eu\",\"description\":\"\",\"potentialAction\":[{\"@type\":\"SearchAction\",\"target\":{\"@type\":\"EntryPoint\",\"urlTemplate\":\"https:\/\/vof-news.eu\/fr\/?s={search_term_string}\"},\"query-input\":\"required name=search_term_string\"}],\"inLanguage\":\"fr-FR\"},{\"@type\":\"Person\",\"@id\":\"https:\/\/vof-news.eu\/fr\/#\/schema\/person\/f6a2a4309f0561835797fd8c19b333ed\",\"name\":\"Author\",\"image\":{\"@type\":\"ImageObject\",\"inLanguage\":\"fr-FR\",\"@id\":\"https:\/\/vof-news.eu\/fr\/#\/schema\/person\/image\/\",\"url\":\"https:\/\/secure.gravatar.com\/avatar\/b67e614b1b25b3e9c0c239efdd2fde5ab015b5affd6f1c3c85911ca4b384e790?s=96&d=mm&r=g\",\"contentUrl\":\"https:\/\/secure.gravatar.com\/avatar\/b67e614b1b25b3e9c0c239efdd2fde5ab015b5affd6f1c3c85911ca4b384e790?s=96&d=mm&r=g\",\"caption\":\"Author\"},\"sameAs\":[\"http:\/\/vof-news.eu\"],\"url\":\"https:\/\/vof-news.eu\/fr\/author\/zwt6qxnjulxbnyg\/\"}]}<\/script>\n<!-- \/ Yoast SEO plugin. -->","yoast_head_json":{"title":"La r\u00e9forme de l\u2019audiovisuel public dans le flou apr\u00e8s le rejet surprise du texte d\u00e9fendu par Rachida Dati \u00e0 l\u2019Assembl\u00e9e - vof-news.eu","description":"Rachida Dati a fait mine de repartir instantan\u00e9ment au combat, lundi 30\u00a0juin vers 17\u00a0h\u00a020, quand elle s\u2019est pr\u00e9sent\u00e9e devant les micros des journalistes qui l\u2019attendaient dans la salle des Quatre-Colonnes de l\u2019Assembl\u00e9e nationale, apr\u00e8s l\u2019\u00e9chec de son texte sur l\u2019audiovisuel public. (\u2026) (\u2026)(\u2026), assure la ministre de la culture. Comme s\u2019il ne s\u2019\u00e9tait rien pass\u00e9 quelques instants plus t\u00f4t, elle reprend m\u00e9thodiquement les \u00e9l\u00e9ments de l\u2019argumentaire qu\u2019elle d\u00e9ploie depuis plusieurs semaines pour justifier de sa d\u00e9termination \u00e0 r\u00e9unir France T\u00e9l\u00e9visions, Radio France et l\u2019Institut national de l\u2019audiovisuel (INA) dans une holding ex\u00e9cutive. Le camouflet, pourtant, est cuisant\u00a0: par 94 voix sur 132 votants, la motion de rejet pr\u00e9alable d\u00e9pos\u00e9e par les \u00e9cologistes et d\u00e9fendue pour l\u2019ensemble des forces de gauche par Sophie Taill\u00e9-Polian (G\u00e9n\u00e9ration. s, Val-de-Marne) venait, \u00e0 la stup\u00e9faction g\u00e9n\u00e9rale, d\u2019\u00eatre adopt\u00e9e. Il vous reste 83.69% de cet article \u00e0 lire. La suite est r\u00e9serv\u00e9e aux abonn\u00e9s.","robots":{"index":"noindex","follow":"follow","max-snippet":"max-snippet:-1","max-image-preview":"max-image-preview:large","max-video-preview":"max-video-preview:-1"},"og_locale":"fr_FR","og_type":"article","og_title":"La r\u00e9forme de l\u2019audiovisuel public dans le flou apr\u00e8s le rejet surprise du texte d\u00e9fendu par Rachida Dati \u00e0 l\u2019Assembl\u00e9e - vof-news.eu","og_description":"Rachida Dati a fait mine de repartir instantan\u00e9ment au combat, lundi 30\u00a0juin vers 17\u00a0h\u00a020, quand elle s\u2019est pr\u00e9sent\u00e9e devant les micros des journalistes qui l\u2019attendaient dans la salle des Quatre-Colonnes de l\u2019Assembl\u00e9e nationale, apr\u00e8s l\u2019\u00e9chec de son texte sur l\u2019audiovisuel public. (\u2026) (\u2026)(\u2026), assure la ministre de la culture. Comme s\u2019il ne s\u2019\u00e9tait rien pass\u00e9 quelques instants plus t\u00f4t, elle reprend m\u00e9thodiquement les \u00e9l\u00e9ments de l\u2019argumentaire qu\u2019elle d\u00e9ploie depuis plusieurs semaines pour justifier de sa d\u00e9termination \u00e0 r\u00e9unir France T\u00e9l\u00e9visions, Radio France et l\u2019Institut national de l\u2019audiovisuel (INA) dans une holding ex\u00e9cutive. Le camouflet, pourtant, est cuisant\u00a0: par 94 voix sur 132 votants, la motion de rejet pr\u00e9alable d\u00e9pos\u00e9e par les \u00e9cologistes et d\u00e9fendue pour l\u2019ensemble des forces de gauche par Sophie Taill\u00e9-Polian (G\u00e9n\u00e9ration. s, Val-de-Marne) venait, \u00e0 la stup\u00e9faction g\u00e9n\u00e9rale, d\u2019\u00eatre adopt\u00e9e. Il vous reste 83.69% de cet article \u00e0 lire. La suite est r\u00e9serv\u00e9e aux abonn\u00e9s.","og_url":"https:\/\/vof-news.eu\/fr\/la-reforme-de-laudiovisuel-public-dans-le-flou-apres-le-rejet-surprise-du-texte-defendu-par-rachida-dati-a-lassemblee\/","og_site_name":"vof-news.eu","article_published_time":"2025-07-01T04:31:51+00:00","article_modified_time":"2025-07-01T04:32:22+00:00","og_image":[{"width":664,"height":443,"url":"https:\/\/vof-news.eu\/wp-content\/uploads\/2025\/07\/29119d3_upload-1-b1hrm4f510f7-jmug250630030.jpg","type":"image\/jpeg"}],"author":"Author","twitter_card":"summary_large_image","twitter_misc":{"\u00c9crit par":"Author","Dur\u00e9e de lecture estim\u00e9e":"1 minute"},"schema":{"@context":"https:\/\/schema.org","@graph":[{"@type":"WebPage","@id":"https:\/\/vof-news.eu\/fr\/la-reforme-de-laudiovisuel-public-dans-le-flou-apres-le-rejet-surprise-du-texte-defendu-par-rachida-dati-a-lassemblee\/","url":"https:\/\/vof-news.eu\/fr\/la-reforme-de-laudiovisuel-public-dans-le-flou-apres-le-rejet-surprise-du-texte-defendu-par-rachida-dati-a-lassemblee\/","name":"La r\u00e9forme de l\u2019audiovisuel public dans le flou apr\u00e8s le rejet surprise du texte d\u00e9fendu par Rachida Dati \u00e0 l\u2019Assembl\u00e9e - vof-news.eu","isPartOf":{"@id":"https:\/\/vof-news.eu\/fr\/#website"},"primaryImageOfPage":{"@id":"https:\/\/vof-news.eu\/fr\/la-reforme-de-laudiovisuel-public-dans-le-flou-apres-le-rejet-surprise-du-texte-defendu-par-rachida-dati-a-lassemblee\/#primaryimage"},"image":{"@id":"https:\/\/vof-news.eu\/fr\/la-reforme-de-laudiovisuel-public-dans-le-flou-apres-le-rejet-surprise-du-texte-defendu-par-rachida-dati-a-lassemblee\/#primaryimage"},"thumbnailUrl":"https:\/\/vof-news.eu\/wp-content\/uploads\/2025\/07\/29119d3_upload-1-b1hrm4f510f7-jmug250630030.jpg","datePublished":"2025-07-01T04:31:51+00:00","dateModified":"2025-07-01T04:32:22+00:00","author":{"@id":"https:\/\/vof-news.eu\/fr\/#\/schema\/person\/f6a2a4309f0561835797fd8c19b333ed"},"description":"Rachida Dati a fait mine de repartir instantan\u00e9ment au combat, lundi 30\u00a0juin vers 17\u00a0h\u00a020, quand elle s\u2019est pr\u00e9sent\u00e9e devant les micros des journalistes qui l\u2019attendaient dans la salle des Quatre-Colonnes de l\u2019Assembl\u00e9e nationale, apr\u00e8s l\u2019\u00e9chec de son texte sur l\u2019audiovisuel public. (\u2026) (\u2026)(\u2026), assure la ministre de la culture. Comme s\u2019il ne s\u2019\u00e9tait rien pass\u00e9 quelques instants plus t\u00f4t, elle reprend m\u00e9thodiquement les \u00e9l\u00e9ments de l\u2019argumentaire qu\u2019elle d\u00e9ploie depuis plusieurs semaines pour justifier de sa d\u00e9termination \u00e0 r\u00e9unir France T\u00e9l\u00e9visions, Radio France et l\u2019Institut national de l\u2019audiovisuel (INA) dans une holding ex\u00e9cutive. Le camouflet, pourtant, est cuisant\u00a0: par 94 voix sur 132 votants, la motion de rejet pr\u00e9alable d\u00e9pos\u00e9e par les \u00e9cologistes et d\u00e9fendue pour l\u2019ensemble des forces de gauche par Sophie Taill\u00e9-Polian (G\u00e9n\u00e9ration. s, Val-de-Marne) venait, \u00e0 la stup\u00e9faction g\u00e9n\u00e9rale, d\u2019\u00eatre adopt\u00e9e. Il vous reste 83.69% de cet article \u00e0 lire. La suite est r\u00e9serv\u00e9e aux abonn\u00e9s.","breadcrumb":{"@id":"https:\/\/vof-news.eu\/fr\/la-reforme-de-laudiovisuel-public-dans-le-flou-apres-le-rejet-surprise-du-texte-defendu-par-rachida-dati-a-lassemblee\/#breadcrumb"},"inLanguage":"fr-FR","potentialAction":[{"@type":"ReadAction","target":["https:\/\/vof-news.eu\/fr\/la-reforme-de-laudiovisuel-public-dans-le-flou-apres-le-rejet-surprise-du-texte-defendu-par-rachida-dati-a-lassemblee\/"]}]},{"@type":"ImageObject","inLanguage":"fr-FR","@id":"https:\/\/vof-news.eu\/fr\/la-reforme-de-laudiovisuel-public-dans-le-flou-apres-le-rejet-surprise-du-texte-defendu-par-rachida-dati-a-lassemblee\/#primaryimage","url":"https:\/\/vof-news.eu\/wp-content\/uploads\/2025\/07\/29119d3_upload-1-b1hrm4f510f7-jmug250630030.jpg","contentUrl":"https:\/\/vof-news.eu\/wp-content\/uploads\/2025\/07\/29119d3_upload-1-b1hrm4f510f7-jmug250630030.jpg","width":664,"height":443},{"@type":"BreadcrumbList","@id":"https:\/\/vof-news.eu\/fr\/la-reforme-de-laudiovisuel-public-dans-le-flou-apres-le-rejet-surprise-du-texte-defendu-par-rachida-dati-a-lassemblee\/#breadcrumb","itemListElement":[{"@type":"ListItem","position":1,"name":"Home","item":"https:\/\/vof-news.eu\/fr\/"},{"@type":"ListItem","position":2,"name":"La r\u00e9forme de l\u2019audiovisuel public dans le flou apr\u00e8s le rejet surprise du texte d\u00e9fendu par Rachida Dati \u00e0 l\u2019Assembl\u00e9e"}]},{"@type":"WebSite","@id":"https:\/\/vof-news.eu\/fr\/#website","url":"https:\/\/vof-news.eu\/fr\/","name":"vof-news.eu","description":"","potentialAction":[{"@type":"SearchAction","target":{"@type":"EntryPoint","urlTemplate":"https:\/\/vof-news.eu\/fr\/?s={search_term_string}"},"query-input":"required name=search_term_string"}],"inLanguage":"fr-FR"},{"@type":"Person","@id":"https:\/\/vof-news.eu\/fr\/#\/schema\/person\/f6a2a4309f0561835797fd8c19b333ed","name":"Author","image":{"@type":"ImageObject","inLanguage":"fr-FR","@id":"https:\/\/vof-news.eu\/fr\/#\/schema\/person\/image\/","url":"https:\/\/secure.gravatar.com\/avatar\/b67e614b1b25b3e9c0c239efdd2fde5ab015b5affd6f1c3c85911ca4b384e790?s=96&d=mm&r=g","contentUrl":"https:\/\/secure.gravatar.com\/avatar\/b67e614b1b25b3e9c0c239efdd2fde5ab015b5affd6f1c3c85911ca4b384e790?s=96&d=mm&r=g","caption":"Author"},"sameAs":["http:\/\/vof-news.eu"],"url":"https:\/\/vof-news.eu\/fr\/author\/zwt6qxnjulxbnyg\/"}]}},"yoast_meta":{"yoast_wpseo_title":"","yoast_wpseo_metadesc":"","yoast_wpseo_canonical":""},"_links":{"self":[{"href":"https:\/\/vof-news.eu\/fr\/wp-json\/wp\/v2\/posts\/244335","targetHints":{"allow":["GET"]}}],"collection":[{"href":"https:\/\/vof-news.eu\/fr\/wp-json\/wp\/v2\/posts"}],"about":[{"href":"https:\/\/vof-news.eu\/fr\/wp-json\/wp\/v2\/types\/post"}],"author":[{"embeddable":true,"href":"https:\/\/vof-news.eu\/fr\/wp-json\/wp\/v2\/users\/1"}],"replies":[{"embeddable":true,"href":"https:\/\/vof-news.eu\/fr\/wp-json\/wp\/v2\/comments?post=244335"}],"version-history":[{"count":1,"href":"https:\/\/vof-news.eu\/fr\/wp-json\/wp\/v2\/posts\/244335\/revisions"}],"predecessor-version":[{"id":244342,"href":"https:\/\/vof-news.eu\/fr\/wp-json\/wp\/v2\/posts\/244335\/revisions\/244342"}],"wp:featuredmedia":[{"embeddable":true,"href":"https:\/\/vof-news.eu\/fr\/wp-json\/wp\/v2\/media\/244336"}],"wp:attachment":[{"href":"https:\/\/vof-news.eu\/fr\/wp-json\/wp\/v2\/media?parent=244335"}],"wp:term":[{"taxonomy":"category","embeddable":true,"href":"https:\/\/vof-news.eu\/fr\/wp-json\/wp\/v2\/categories?post=244335"},{"taxonomy":"post_tag","embeddable":true,"href":"https:\/\/vof-news.eu\/fr\/wp-json\/wp\/v2\/tags?post=244335"}],"curies":[{"name":"wp","href":"https:\/\/api.w.org\/{rel}","templated":true}]}}