{"id":244235,"date":"2025-07-01T01:30:17","date_gmt":"2025-06-30T22:30:17","guid":{"rendered":"https:\/\/vof-news.eu\/paris-emmanuel-gregoire-designe-candidat-du-parti-socialiste-aux-municipales-2026\/"},"modified":"2025-07-01T01:30:55","modified_gmt":"2025-06-30T22:30:55","slug":"paris-emmanuel-gregoire-designe-candidat-du-parti-socialiste-aux-municipales-2026","status":"publish","type":"post","link":"https:\/\/vof-news.eu\/fr\/paris-emmanuel-gregoire-designe-candidat-du-parti-socialiste-aux-municipales-2026\/","title":{"rendered":"Paris\u00a0: Emmanuel Gr\u00e9goire d\u00e9sign\u00e9 candidat du Parti socialiste aux municipales 2026"},"content":{"rendered":"<article>\n<p>La campagne a \u00e9t\u00e9 longue mais le vote rapide et le r\u00e9sultat tranch\u00e9 d\u00e8s le premier tour\u00a0: le d\u00e9put\u00e9 Emmanuel Gr\u00e9goire sera le candidat du Parti socialiste (PS) pour les \u00e9lections municipales \u00e0 Paris en mars\u00a02026. Tel en ont d\u00e9cid\u00e9 les quelque 1\u00a0500\u00a0adh\u00e9rents du PS parisien qui se sont rendus aux urnes, lundi 30\u00a0juin, pour trancher entre trois pr\u00e9tendants, R\u00e9mi F\u00e9raud, Emmanuel Gr\u00e9goire et Marion Waller.<\/p>\n<p>Cette \u00e9lection d\u00e8s le premier tour avec 52,61\u00a0% des voix pour le vainqueur vient clore une \u00e2pre bataille pour le fauteuil de la maire sortante, Anne Hidalgo (PS)\u00a0: d\u00e9marr\u00e9e en novembre, elle opposait un ex-premier adjoint pr\u00e9par\u00e9 depuis longtemps mais r\u00e9pudi\u00e9 par la maire (<a href=\"https:\/\/www.lemonde.fr\/politique\/article\/2025\/06\/23\/elections-municipales-2026-pour-gagner-paris-emmanuel-gregoire-mise-au-dela-du-peripherique_6615408_823448.html\" rel=\"nofollow\">Emmanuel Gr\u00e9goire<\/a>), un chef de file du groupe socialiste au Conseil de Paris soutenu par l\u2019appareil mais parti tard et peu connu (<a href=\"https:\/\/www.lemonde.fr\/politique\/article\/2025\/06\/13\/municipales-2026-a-paris-remi-feraud-veut-debaptiser-l-avenue-lamoriciere-et-poursuivre-le-travail-de-memoire_6612772_823448.html\" rel=\"nofollow\">R\u00e9mi F\u00e9raud<\/a>, qui a fait 44,33\u00a0%) et une candidate surprise de tout juste 33\u00a0ans, directrice du Pavillon de l\u2019Arsenal et jamais \u00e9lue (<a href=\"https:\/\/www.lemonde.fr\/politique\/article\/2025\/05\/06\/municipales-a-paris-marion-waller-candidate-surprise-de-la-primaire-socialiste-pour-gagner-et-etre-maire_6603431_823448.html\" rel=\"nofollow\">Marion Waller<\/a>, 3\u00a0%).<\/p>\n<section>   <\/section>\n<p>La victoire d\u2019Emmanuel Gr\u00e9goire, c\u2019est d\u2019abord celle d\u2019un homme pr\u00eat \u00e0 prendre la succession \u00e0 l\u2019H\u00f4tel de Ville depuis au moins sept ans, qui a eu le temps de b\u00e2tir un projet \u00e9tay\u00e9, de construire une \u00e9quipe autour de lui et qui b\u00e9n\u00e9ficiait d\u2019une meilleure dynamique de fin de campagne, avec des soutiens de personnalit\u00e9s politiques de taille (les anciens premiers ministres <a href=\"https:\/\/www.lemonde.fr\/politique\/article\/2025\/05\/17\/municipales-a-paris-lionel-jospin-soutient-emmanuel-gregoire-dans-la-primaire-socialiste_6606498_823448.html\" rel=\"nofollow\">Lionel Jospin<\/a> et Jean-Marc Ayrault, l\u2019ancien maire de Paris Bertrand Delano\u00eb, le chef du groupe socialiste \u00e0 l\u2019Assembl\u00e9e, Boris Vallaud, ainsi que beaucoup de d\u00e9put\u00e9s et de maires franciliens, surtout en Seine-Saint-Denis).<\/p>\n<p><strong>Il vous reste 78.31% de cet article \u00e0 lire. La suite est r\u00e9serv\u00e9e aux abonn\u00e9s.<\/strong><\/p>\n<\/article>\n","protected":false},"excerpt":{"rendered":"<p>La campagne a \u00e9t\u00e9 longue mais le vote rapide et le r\u00e9sultat tranch\u00e9 d\u00e8s le premier tour\u00a0: le d\u00e9put\u00e9 Emmanuel Gr\u00e9goire sera le candidat du Parti socialiste (PS) pour les \u00e9lections municipales \u00e0 Paris en mars\u00a02026. Tel en ont d\u00e9cid\u00e9 les quelque 1\u00a0500\u00a0adh\u00e9rents du PS parisien qui se sont rendus aux urnes, lundi 30\u00a0juin, pour<\/p>\n","protected":false},"author":1,"featured_media":244236,"comment_status":"open","ping_status":"open","sticky":false,"template":"","format":"standard","meta":{"footnotes":""},"categories":[68],"tags":[],"class_list":["post-244235","post","type-post","status-publish","format-standard","has-post-thumbnail","hentry","category-politics-fr"],"acf":[],"yoast_head":"<!-- This site is optimized with the Yoast SEO plugin v22.9 - https:\/\/yoast.com\/wordpress\/plugins\/seo\/ -->\n<title>Paris\u00a0: Emmanuel Gr\u00e9goire d\u00e9sign\u00e9 candidat du Parti socialiste aux municipales 2026 - vof-news.eu<\/title>\n<meta name=\"description\" content=\"La campagne a \u00e9t\u00e9 longue mais le vote rapide et le r\u00e9sultat tranch\u00e9 d\u00e8s le premier tour\u00a0: le d\u00e9put\u00e9 Emmanuel Gr\u00e9goire sera le candidat du Parti socialiste (PS) pour les \u00e9lections municipales \u00e0 Paris en mars\u00a02026. Tel en ont d\u00e9cid\u00e9 les quelque 1\u00a0500\u00a0adh\u00e9rents du PS parisien qui se sont rendus aux urnes, lundi 30\u00a0juin, pour trancher entre trois pr\u00e9tendants, R\u00e9mi F\u00e9raud, Emmanuel Gr\u00e9goire et Marion Waller. Cette \u00e9lection d\u00e8s le premier tour avec 52,61\u00a0% des voix pour le vainqueur vient clore une \u00e2pre bataille pour le fauteuil de la maire sortante, Anne Hidalgo (PS)\u00a0: d\u00e9marr\u00e9e en novembre, elle opposait un ex-premier adjoint pr\u00e9par\u00e9 depuis longtemps mais r\u00e9pudi\u00e9 par la maire (Emmanuel Gr\u00e9goire), un chef de file du groupe socialiste au Conseil de Paris soutenu par l\u2019appareil mais parti tard et peu connu (R\u00e9mi F\u00e9raud, qui a fait 44,33\u00a0%) et une candidate surprise de tout juste 33\u00a0ans, directrice du Pavillon de l\u2019Arsenal et jamais \u00e9lue (Marion Waller, 3\u00a0%).   La victoire d\u2019Emmanuel Gr\u00e9goire, c\u2019est d\u2019abord celle d\u2019un homme pr\u00eat \u00e0 prendre la succession \u00e0 l\u2019H\u00f4tel de Ville depuis au moins sept ans, qui a eu le temps de b\u00e2tir un projet \u00e9tay\u00e9, de construire une \u00e9quipe autour de lui et qui b\u00e9n\u00e9ficiait d\u2019une meilleure dynamique de fin de campagne, avec des soutiens de personnalit\u00e9s politiques de taille (les anciens premiers ministres Lionel Jospin et Jean-Marc Ayrault, l\u2019ancien maire de Paris Bertrand Delano\u00eb, le chef du groupe socialiste \u00e0 l\u2019Assembl\u00e9e, Boris Vallaud, ainsi que beaucoup de d\u00e9put\u00e9s et de maires franciliens, surtout en Seine-Saint-Denis). Il vous reste 78.31% de cet article \u00e0 lire. La suite est r\u00e9serv\u00e9e aux abonn\u00e9s.\" \/>\n<meta name=\"robots\" content=\"noindex, follow, max-snippet:-1, max-image-preview:large, max-video-preview:-1\" \/>\n<meta property=\"og:locale\" content=\"fr_FR\" \/>\n<meta property=\"og:type\" content=\"article\" \/>\n<meta property=\"og:title\" content=\"Paris\u00a0: Emmanuel Gr\u00e9goire d\u00e9sign\u00e9 candidat du Parti socialiste aux municipales 2026 - vof-news.eu\" \/>\n<meta property=\"og:description\" content=\"La campagne a \u00e9t\u00e9 longue mais le vote rapide et le r\u00e9sultat tranch\u00e9 d\u00e8s le premier tour\u00a0: le d\u00e9put\u00e9 Emmanuel Gr\u00e9goire sera le candidat du Parti socialiste (PS) pour les \u00e9lections municipales \u00e0 Paris en mars\u00a02026. Tel en ont d\u00e9cid\u00e9 les quelque 1\u00a0500\u00a0adh\u00e9rents du PS parisien qui se sont rendus aux urnes, lundi 30\u00a0juin, pour trancher entre trois pr\u00e9tendants, R\u00e9mi F\u00e9raud, Emmanuel Gr\u00e9goire et Marion Waller. Cette \u00e9lection d\u00e8s le premier tour avec 52,61\u00a0% des voix pour le vainqueur vient clore une \u00e2pre bataille pour le fauteuil de la maire sortante, Anne Hidalgo (PS)\u00a0: d\u00e9marr\u00e9e en novembre, elle opposait un ex-premier adjoint pr\u00e9par\u00e9 depuis longtemps mais r\u00e9pudi\u00e9 par la maire (Emmanuel Gr\u00e9goire), un chef de file du groupe socialiste au Conseil de Paris soutenu par l\u2019appareil mais parti tard et peu connu (R\u00e9mi F\u00e9raud, qui a fait 44,33\u00a0%) et une candidate surprise de tout juste 33\u00a0ans, directrice du Pavillon de l\u2019Arsenal et jamais \u00e9lue (Marion Waller, 3\u00a0%).   La victoire d\u2019Emmanuel Gr\u00e9goire, c\u2019est d\u2019abord celle d\u2019un homme pr\u00eat \u00e0 prendre la succession \u00e0 l\u2019H\u00f4tel de Ville depuis au moins sept ans, qui a eu le temps de b\u00e2tir un projet \u00e9tay\u00e9, de construire une \u00e9quipe autour de lui et qui b\u00e9n\u00e9ficiait d\u2019une meilleure dynamique de fin de campagne, avec des soutiens de personnalit\u00e9s politiques de taille (les anciens premiers ministres Lionel Jospin et Jean-Marc Ayrault, l\u2019ancien maire de Paris Bertrand Delano\u00eb, le chef du groupe socialiste \u00e0 l\u2019Assembl\u00e9e, Boris Vallaud, ainsi que beaucoup de d\u00e9put\u00e9s et de maires franciliens, surtout en Seine-Saint-Denis). Il vous reste 78.31% de cet article \u00e0 lire. La suite est r\u00e9serv\u00e9e aux abonn\u00e9s.\" \/>\n<meta property=\"og:url\" content=\"https:\/\/vof-news.eu\/fr\/paris-emmanuel-gregoire-designe-candidat-du-parti-socialiste-aux-municipales-2026\/\" \/>\n<meta property=\"og:site_name\" content=\"vof-news.eu\" \/>\n<meta property=\"article:published_time\" content=\"2025-06-30T22:30:17+00:00\" \/>\n<meta property=\"article:modified_time\" content=\"2025-06-30T22:30:55+00:00\" \/>\n<meta property=\"og:image\" content=\"https:\/\/vof-news.eu\/wp-content\/uploads\/2025\/07\/e047c67_upload-1-n4yi66aefqg4-000-63cd7w9.jpg\" \/>\n\t<meta property=\"og:image:width\" content=\"664\" \/>\n\t<meta property=\"og:image:height\" content=\"443\" \/>\n\t<meta property=\"og:image:type\" content=\"image\/jpeg\" \/>\n<meta name=\"author\" content=\"Author\" \/>\n<meta name=\"twitter:card\" content=\"summary_large_image\" \/>\n<meta name=\"twitter:label1\" content=\"\u00c9crit par\" \/>\n\t<meta name=\"twitter:data1\" content=\"Author\" \/>\n\t<meta name=\"twitter:label2\" content=\"Dur\u00e9e de lecture estim\u00e9e\" \/>\n\t<meta name=\"twitter:data2\" content=\"1 minute\" \/>\n<script type=\"application\/ld+json\" class=\"yoast-schema-graph\">{\"@context\":\"https:\/\/schema.org\",\"@graph\":[{\"@type\":\"WebPage\",\"@id\":\"https:\/\/vof-news.eu\/fr\/paris-emmanuel-gregoire-designe-candidat-du-parti-socialiste-aux-municipales-2026\/\",\"url\":\"https:\/\/vof-news.eu\/fr\/paris-emmanuel-gregoire-designe-candidat-du-parti-socialiste-aux-municipales-2026\/\",\"name\":\"Paris\u00a0: Emmanuel Gr\u00e9goire d\u00e9sign\u00e9 candidat du Parti socialiste aux municipales 2026 - vof-news.eu\",\"isPartOf\":{\"@id\":\"https:\/\/vof-news.eu\/fr\/#website\"},\"primaryImageOfPage\":{\"@id\":\"https:\/\/vof-news.eu\/fr\/paris-emmanuel-gregoire-designe-candidat-du-parti-socialiste-aux-municipales-2026\/#primaryimage\"},\"image\":{\"@id\":\"https:\/\/vof-news.eu\/fr\/paris-emmanuel-gregoire-designe-candidat-du-parti-socialiste-aux-municipales-2026\/#primaryimage\"},\"thumbnailUrl\":\"https:\/\/vof-news.eu\/wp-content\/uploads\/2025\/07\/e047c67_upload-1-n4yi66aefqg4-000-63cd7w9.jpg\",\"datePublished\":\"2025-06-30T22:30:17+00:00\",\"dateModified\":\"2025-06-30T22:30:55+00:00\",\"author\":{\"@id\":\"https:\/\/vof-news.eu\/fr\/#\/schema\/person\/f6a2a4309f0561835797fd8c19b333ed\"},\"description\":\"La campagne a \u00e9t\u00e9 longue mais le vote rapide et le r\u00e9sultat tranch\u00e9 d\u00e8s le premier tour\u00a0: le d\u00e9put\u00e9 Emmanuel Gr\u00e9goire sera le candidat du Parti socialiste (PS) pour les \u00e9lections municipales \u00e0 Paris en mars\u00a02026. Tel en ont d\u00e9cid\u00e9 les quelque 1\u00a0500\u00a0adh\u00e9rents du PS parisien qui se sont rendus aux urnes, lundi 30\u00a0juin, pour trancher entre trois pr\u00e9tendants, R\u00e9mi F\u00e9raud, Emmanuel Gr\u00e9goire et Marion Waller. Cette \u00e9lection d\u00e8s le premier tour avec 52,61\u00a0% des voix pour le vainqueur vient clore une \u00e2pre bataille pour le fauteuil de la maire sortante, Anne Hidalgo (PS)\u00a0: d\u00e9marr\u00e9e en novembre, elle opposait un ex-premier adjoint pr\u00e9par\u00e9 depuis longtemps mais r\u00e9pudi\u00e9 par la maire (Emmanuel Gr\u00e9goire), un chef de file du groupe socialiste au Conseil de Paris soutenu par l\u2019appareil mais parti tard et peu connu (R\u00e9mi F\u00e9raud, qui a fait 44,33\u00a0%) et une candidate surprise de tout juste 33\u00a0ans, directrice du Pavillon de l\u2019Arsenal et jamais \u00e9lue (Marion Waller, 3\u00a0%). La victoire d\u2019Emmanuel Gr\u00e9goire, c\u2019est d\u2019abord celle d\u2019un homme pr\u00eat \u00e0 prendre la succession \u00e0 l\u2019H\u00f4tel de Ville depuis au moins sept ans, qui a eu le temps de b\u00e2tir un projet \u00e9tay\u00e9, de construire une \u00e9quipe autour de lui et qui b\u00e9n\u00e9ficiait d\u2019une meilleure dynamique de fin de campagne, avec des soutiens de personnalit\u00e9s politiques de taille (les anciens premiers ministres Lionel Jospin et Jean-Marc Ayrault, l\u2019ancien maire de Paris Bertrand Delano\u00eb, le chef du groupe socialiste \u00e0 l\u2019Assembl\u00e9e, Boris Vallaud, ainsi que beaucoup de d\u00e9put\u00e9s et de maires franciliens, surtout en Seine-Saint-Denis). Il vous reste 78.31% de cet article \u00e0 lire. La suite est r\u00e9serv\u00e9e aux abonn\u00e9s.\",\"breadcrumb\":{\"@id\":\"https:\/\/vof-news.eu\/fr\/paris-emmanuel-gregoire-designe-candidat-du-parti-socialiste-aux-municipales-2026\/#breadcrumb\"},\"inLanguage\":\"fr-FR\",\"potentialAction\":[{\"@type\":\"ReadAction\",\"target\":[\"https:\/\/vof-news.eu\/fr\/paris-emmanuel-gregoire-designe-candidat-du-parti-socialiste-aux-municipales-2026\/\"]}]},{\"@type\":\"ImageObject\",\"inLanguage\":\"fr-FR\",\"@id\":\"https:\/\/vof-news.eu\/fr\/paris-emmanuel-gregoire-designe-candidat-du-parti-socialiste-aux-municipales-2026\/#primaryimage\",\"url\":\"https:\/\/vof-news.eu\/wp-content\/uploads\/2025\/07\/e047c67_upload-1-n4yi66aefqg4-000-63cd7w9.jpg\",\"contentUrl\":\"https:\/\/vof-news.eu\/wp-content\/uploads\/2025\/07\/e047c67_upload-1-n4yi66aefqg4-000-63cd7w9.jpg\",\"width\":664,\"height\":443},{\"@type\":\"BreadcrumbList\",\"@id\":\"https:\/\/vof-news.eu\/fr\/paris-emmanuel-gregoire-designe-candidat-du-parti-socialiste-aux-municipales-2026\/#breadcrumb\",\"itemListElement\":[{\"@type\":\"ListItem\",\"position\":1,\"name\":\"Home\",\"item\":\"https:\/\/vof-news.eu\/fr\/\"},{\"@type\":\"ListItem\",\"position\":2,\"name\":\"Paris\u00a0: Emmanuel Gr\u00e9goire d\u00e9sign\u00e9 candidat du Parti socialiste aux municipales 2026\"}]},{\"@type\":\"WebSite\",\"@id\":\"https:\/\/vof-news.eu\/fr\/#website\",\"url\":\"https:\/\/vof-news.eu\/fr\/\",\"name\":\"vof-news.eu\",\"description\":\"\",\"potentialAction\":[{\"@type\":\"SearchAction\",\"target\":{\"@type\":\"EntryPoint\",\"urlTemplate\":\"https:\/\/vof-news.eu\/fr\/?s={search_term_string}\"},\"query-input\":\"required name=search_term_string\"}],\"inLanguage\":\"fr-FR\"},{\"@type\":\"Person\",\"@id\":\"https:\/\/vof-news.eu\/fr\/#\/schema\/person\/f6a2a4309f0561835797fd8c19b333ed\",\"name\":\"Author\",\"image\":{\"@type\":\"ImageObject\",\"inLanguage\":\"fr-FR\",\"@id\":\"https:\/\/vof-news.eu\/fr\/#\/schema\/person\/image\/\",\"url\":\"https:\/\/secure.gravatar.com\/avatar\/b67e614b1b25b3e9c0c239efdd2fde5ab015b5affd6f1c3c85911ca4b384e790?s=96&d=mm&r=g\",\"contentUrl\":\"https:\/\/secure.gravatar.com\/avatar\/b67e614b1b25b3e9c0c239efdd2fde5ab015b5affd6f1c3c85911ca4b384e790?s=96&d=mm&r=g\",\"caption\":\"Author\"},\"sameAs\":[\"http:\/\/vof-news.eu\"],\"url\":\"https:\/\/vof-news.eu\/fr\/author\/zwt6qxnjulxbnyg\/\"}]}<\/script>\n<!-- \/ Yoast SEO plugin. -->","yoast_head_json":{"title":"Paris\u00a0: Emmanuel Gr\u00e9goire d\u00e9sign\u00e9 candidat du Parti socialiste aux municipales 2026 - vof-news.eu","description":"La campagne a \u00e9t\u00e9 longue mais le vote rapide et le r\u00e9sultat tranch\u00e9 d\u00e8s le premier tour\u00a0: le d\u00e9put\u00e9 Emmanuel Gr\u00e9goire sera le candidat du Parti socialiste (PS) pour les \u00e9lections municipales \u00e0 Paris en mars\u00a02026. Tel en ont d\u00e9cid\u00e9 les quelque 1\u00a0500\u00a0adh\u00e9rents du PS parisien qui se sont rendus aux urnes, lundi 30\u00a0juin, pour trancher entre trois pr\u00e9tendants, R\u00e9mi F\u00e9raud, Emmanuel Gr\u00e9goire et Marion Waller. Cette \u00e9lection d\u00e8s le premier tour avec 52,61\u00a0% des voix pour le vainqueur vient clore une \u00e2pre bataille pour le fauteuil de la maire sortante, Anne Hidalgo (PS)\u00a0: d\u00e9marr\u00e9e en novembre, elle opposait un ex-premier adjoint pr\u00e9par\u00e9 depuis longtemps mais r\u00e9pudi\u00e9 par la maire (Emmanuel Gr\u00e9goire), un chef de file du groupe socialiste au Conseil de Paris soutenu par l\u2019appareil mais parti tard et peu connu (R\u00e9mi F\u00e9raud, qui a fait 44,33\u00a0%) et une candidate surprise de tout juste 33\u00a0ans, directrice du Pavillon de l\u2019Arsenal et jamais \u00e9lue (Marion Waller, 3\u00a0%).   La victoire d\u2019Emmanuel Gr\u00e9goire, c\u2019est d\u2019abord celle d\u2019un homme pr\u00eat \u00e0 prendre la succession \u00e0 l\u2019H\u00f4tel de Ville depuis au moins sept ans, qui a eu le temps de b\u00e2tir un projet \u00e9tay\u00e9, de construire une \u00e9quipe autour de lui et qui b\u00e9n\u00e9ficiait d\u2019une meilleure dynamique de fin de campagne, avec des soutiens de personnalit\u00e9s politiques de taille (les anciens premiers ministres Lionel Jospin et Jean-Marc Ayrault, l\u2019ancien maire de Paris Bertrand Delano\u00eb, le chef du groupe socialiste \u00e0 l\u2019Assembl\u00e9e, Boris Vallaud, ainsi que beaucoup de d\u00e9put\u00e9s et de maires franciliens, surtout en Seine-Saint-Denis). Il vous reste 78.31% de cet article \u00e0 lire. La suite est r\u00e9serv\u00e9e aux abonn\u00e9s.","robots":{"index":"noindex","follow":"follow","max-snippet":"max-snippet:-1","max-image-preview":"max-image-preview:large","max-video-preview":"max-video-preview:-1"},"og_locale":"fr_FR","og_type":"article","og_title":"Paris\u00a0: Emmanuel Gr\u00e9goire d\u00e9sign\u00e9 candidat du Parti socialiste aux municipales 2026 - vof-news.eu","og_description":"La campagne a \u00e9t\u00e9 longue mais le vote rapide et le r\u00e9sultat tranch\u00e9 d\u00e8s le premier tour\u00a0: le d\u00e9put\u00e9 Emmanuel Gr\u00e9goire sera le candidat du Parti socialiste (PS) pour les \u00e9lections municipales \u00e0 Paris en mars\u00a02026. Tel en ont d\u00e9cid\u00e9 les quelque 1\u00a0500\u00a0adh\u00e9rents du PS parisien qui se sont rendus aux urnes, lundi 30\u00a0juin, pour trancher entre trois pr\u00e9tendants, R\u00e9mi F\u00e9raud, Emmanuel Gr\u00e9goire et Marion Waller. Cette \u00e9lection d\u00e8s le premier tour avec 52,61\u00a0% des voix pour le vainqueur vient clore une \u00e2pre bataille pour le fauteuil de la maire sortante, Anne Hidalgo (PS)\u00a0: d\u00e9marr\u00e9e en novembre, elle opposait un ex-premier adjoint pr\u00e9par\u00e9 depuis longtemps mais r\u00e9pudi\u00e9 par la maire (Emmanuel Gr\u00e9goire), un chef de file du groupe socialiste au Conseil de Paris soutenu par l\u2019appareil mais parti tard et peu connu (R\u00e9mi F\u00e9raud, qui a fait 44,33\u00a0%) et une candidate surprise de tout juste 33\u00a0ans, directrice du Pavillon de l\u2019Arsenal et jamais \u00e9lue (Marion Waller, 3\u00a0%).   La victoire d\u2019Emmanuel Gr\u00e9goire, c\u2019est d\u2019abord celle d\u2019un homme pr\u00eat \u00e0 prendre la succession \u00e0 l\u2019H\u00f4tel de Ville depuis au moins sept ans, qui a eu le temps de b\u00e2tir un projet \u00e9tay\u00e9, de construire une \u00e9quipe autour de lui et qui b\u00e9n\u00e9ficiait d\u2019une meilleure dynamique de fin de campagne, avec des soutiens de personnalit\u00e9s politiques de taille (les anciens premiers ministres Lionel Jospin et Jean-Marc Ayrault, l\u2019ancien maire de Paris Bertrand Delano\u00eb, le chef du groupe socialiste \u00e0 l\u2019Assembl\u00e9e, Boris Vallaud, ainsi que beaucoup de d\u00e9put\u00e9s et de maires franciliens, surtout en Seine-Saint-Denis). Il vous reste 78.31% de cet article \u00e0 lire. La suite est r\u00e9serv\u00e9e aux abonn\u00e9s.","og_url":"https:\/\/vof-news.eu\/fr\/paris-emmanuel-gregoire-designe-candidat-du-parti-socialiste-aux-municipales-2026\/","og_site_name":"vof-news.eu","article_published_time":"2025-06-30T22:30:17+00:00","article_modified_time":"2025-06-30T22:30:55+00:00","og_image":[{"width":664,"height":443,"url":"https:\/\/vof-news.eu\/wp-content\/uploads\/2025\/07\/e047c67_upload-1-n4yi66aefqg4-000-63cd7w9.jpg","type":"image\/jpeg"}],"author":"Author","twitter_card":"summary_large_image","twitter_misc":{"\u00c9crit par":"Author","Dur\u00e9e de lecture estim\u00e9e":"1 minute"},"schema":{"@context":"https:\/\/schema.org","@graph":[{"@type":"WebPage","@id":"https:\/\/vof-news.eu\/fr\/paris-emmanuel-gregoire-designe-candidat-du-parti-socialiste-aux-municipales-2026\/","url":"https:\/\/vof-news.eu\/fr\/paris-emmanuel-gregoire-designe-candidat-du-parti-socialiste-aux-municipales-2026\/","name":"Paris\u00a0: Emmanuel Gr\u00e9goire d\u00e9sign\u00e9 candidat du Parti socialiste aux municipales 2026 - vof-news.eu","isPartOf":{"@id":"https:\/\/vof-news.eu\/fr\/#website"},"primaryImageOfPage":{"@id":"https:\/\/vof-news.eu\/fr\/paris-emmanuel-gregoire-designe-candidat-du-parti-socialiste-aux-municipales-2026\/#primaryimage"},"image":{"@id":"https:\/\/vof-news.eu\/fr\/paris-emmanuel-gregoire-designe-candidat-du-parti-socialiste-aux-municipales-2026\/#primaryimage"},"thumbnailUrl":"https:\/\/vof-news.eu\/wp-content\/uploads\/2025\/07\/e047c67_upload-1-n4yi66aefqg4-000-63cd7w9.jpg","datePublished":"2025-06-30T22:30:17+00:00","dateModified":"2025-06-30T22:30:55+00:00","author":{"@id":"https:\/\/vof-news.eu\/fr\/#\/schema\/person\/f6a2a4309f0561835797fd8c19b333ed"},"description":"La campagne a \u00e9t\u00e9 longue mais le vote rapide et le r\u00e9sultat tranch\u00e9 d\u00e8s le premier tour\u00a0: le d\u00e9put\u00e9 Emmanuel Gr\u00e9goire sera le candidat du Parti socialiste (PS) pour les \u00e9lections municipales \u00e0 Paris en mars\u00a02026. Tel en ont d\u00e9cid\u00e9 les quelque 1\u00a0500\u00a0adh\u00e9rents du PS parisien qui se sont rendus aux urnes, lundi 30\u00a0juin, pour trancher entre trois pr\u00e9tendants, R\u00e9mi F\u00e9raud, Emmanuel Gr\u00e9goire et Marion Waller. Cette \u00e9lection d\u00e8s le premier tour avec 52,61\u00a0% des voix pour le vainqueur vient clore une \u00e2pre bataille pour le fauteuil de la maire sortante, Anne Hidalgo (PS)\u00a0: d\u00e9marr\u00e9e en novembre, elle opposait un ex-premier adjoint pr\u00e9par\u00e9 depuis longtemps mais r\u00e9pudi\u00e9 par la maire (Emmanuel Gr\u00e9goire), un chef de file du groupe socialiste au Conseil de Paris soutenu par l\u2019appareil mais parti tard et peu connu (R\u00e9mi F\u00e9raud, qui a fait 44,33\u00a0%) et une candidate surprise de tout juste 33\u00a0ans, directrice du Pavillon de l\u2019Arsenal et jamais \u00e9lue (Marion Waller, 3\u00a0%). La victoire d\u2019Emmanuel Gr\u00e9goire, c\u2019est d\u2019abord celle d\u2019un homme pr\u00eat \u00e0 prendre la succession \u00e0 l\u2019H\u00f4tel de Ville depuis au moins sept ans, qui a eu le temps de b\u00e2tir un projet \u00e9tay\u00e9, de construire une \u00e9quipe autour de lui et qui b\u00e9n\u00e9ficiait d\u2019une meilleure dynamique de fin de campagne, avec des soutiens de personnalit\u00e9s politiques de taille (les anciens premiers ministres Lionel Jospin et Jean-Marc Ayrault, l\u2019ancien maire de Paris Bertrand Delano\u00eb, le chef du groupe socialiste \u00e0 l\u2019Assembl\u00e9e, Boris Vallaud, ainsi que beaucoup de d\u00e9put\u00e9s et de maires franciliens, surtout en Seine-Saint-Denis). Il vous reste 78.31% de cet article \u00e0 lire. La suite est r\u00e9serv\u00e9e aux abonn\u00e9s.","breadcrumb":{"@id":"https:\/\/vof-news.eu\/fr\/paris-emmanuel-gregoire-designe-candidat-du-parti-socialiste-aux-municipales-2026\/#breadcrumb"},"inLanguage":"fr-FR","potentialAction":[{"@type":"ReadAction","target":["https:\/\/vof-news.eu\/fr\/paris-emmanuel-gregoire-designe-candidat-du-parti-socialiste-aux-municipales-2026\/"]}]},{"@type":"ImageObject","inLanguage":"fr-FR","@id":"https:\/\/vof-news.eu\/fr\/paris-emmanuel-gregoire-designe-candidat-du-parti-socialiste-aux-municipales-2026\/#primaryimage","url":"https:\/\/vof-news.eu\/wp-content\/uploads\/2025\/07\/e047c67_upload-1-n4yi66aefqg4-000-63cd7w9.jpg","contentUrl":"https:\/\/vof-news.eu\/wp-content\/uploads\/2025\/07\/e047c67_upload-1-n4yi66aefqg4-000-63cd7w9.jpg","width":664,"height":443},{"@type":"BreadcrumbList","@id":"https:\/\/vof-news.eu\/fr\/paris-emmanuel-gregoire-designe-candidat-du-parti-socialiste-aux-municipales-2026\/#breadcrumb","itemListElement":[{"@type":"ListItem","position":1,"name":"Home","item":"https:\/\/vof-news.eu\/fr\/"},{"@type":"ListItem","position":2,"name":"Paris\u00a0: Emmanuel Gr\u00e9goire d\u00e9sign\u00e9 candidat du Parti socialiste aux municipales 2026"}]},{"@type":"WebSite","@id":"https:\/\/vof-news.eu\/fr\/#website","url":"https:\/\/vof-news.eu\/fr\/","name":"vof-news.eu","description":"","potentialAction":[{"@type":"SearchAction","target":{"@type":"EntryPoint","urlTemplate":"https:\/\/vof-news.eu\/fr\/?s={search_term_string}"},"query-input":"required name=search_term_string"}],"inLanguage":"fr-FR"},{"@type":"Person","@id":"https:\/\/vof-news.eu\/fr\/#\/schema\/person\/f6a2a4309f0561835797fd8c19b333ed","name":"Author","image":{"@type":"ImageObject","inLanguage":"fr-FR","@id":"https:\/\/vof-news.eu\/fr\/#\/schema\/person\/image\/","url":"https:\/\/secure.gravatar.com\/avatar\/b67e614b1b25b3e9c0c239efdd2fde5ab015b5affd6f1c3c85911ca4b384e790?s=96&d=mm&r=g","contentUrl":"https:\/\/secure.gravatar.com\/avatar\/b67e614b1b25b3e9c0c239efdd2fde5ab015b5affd6f1c3c85911ca4b384e790?s=96&d=mm&r=g","caption":"Author"},"sameAs":["http:\/\/vof-news.eu"],"url":"https:\/\/vof-news.eu\/fr\/author\/zwt6qxnjulxbnyg\/"}]}},"yoast_meta":{"yoast_wpseo_title":"","yoast_wpseo_metadesc":"","yoast_wpseo_canonical":""},"_links":{"self":[{"href":"https:\/\/vof-news.eu\/fr\/wp-json\/wp\/v2\/posts\/244235","targetHints":{"allow":["GET"]}}],"collection":[{"href":"https:\/\/vof-news.eu\/fr\/wp-json\/wp\/v2\/posts"}],"about":[{"href":"https:\/\/vof-news.eu\/fr\/wp-json\/wp\/v2\/types\/post"}],"author":[{"embeddable":true,"href":"https:\/\/vof-news.eu\/fr\/wp-json\/wp\/v2\/users\/1"}],"replies":[{"embeddable":true,"href":"https:\/\/vof-news.eu\/fr\/wp-json\/wp\/v2\/comments?post=244235"}],"version-history":[{"count":1,"href":"https:\/\/vof-news.eu\/fr\/wp-json\/wp\/v2\/posts\/244235\/revisions"}],"predecessor-version":[{"id":244242,"href":"https:\/\/vof-news.eu\/fr\/wp-json\/wp\/v2\/posts\/244235\/revisions\/244242"}],"wp:featuredmedia":[{"embeddable":true,"href":"https:\/\/vof-news.eu\/fr\/wp-json\/wp\/v2\/media\/244236"}],"wp:attachment":[{"href":"https:\/\/vof-news.eu\/fr\/wp-json\/wp\/v2\/media?parent=244235"}],"wp:term":[{"taxonomy":"category","embeddable":true,"href":"https:\/\/vof-news.eu\/fr\/wp-json\/wp\/v2\/categories?post=244235"},{"taxonomy":"post_tag","embeddable":true,"href":"https:\/\/vof-news.eu\/fr\/wp-json\/wp\/v2\/tags?post=244235"}],"curies":[{"name":"wp","href":"https:\/\/api.w.org\/{rel}","templated":true}]}}