{"id":335147,"date":"2026-04-30T02:37:26","date_gmt":"2026-04-29T23:37:26","guid":{"rendered":"https:\/\/vof-news.eu\/los-ministros-le-cogian-el-telefono-a-koldo-porque-era-un-hombre-del-presidente-aldama-dispara-una-y-otra-vez-contra-sanchez\/"},"modified":"2026-04-30T02:37:48","modified_gmt":"2026-04-29T23:37:48","slug":"los-ministros-le-cogian-el-telefono-a-koldo-porque-era-un-hombre-del-presidente-aldama-dispara-una-y-otra-vez-contra-sanchez","status":"publish","type":"post","link":"https:\/\/vof-news.eu\/es\/los-ministros-le-cogian-el-telefono-a-koldo-porque-era-un-hombre-del-presidente-aldama-dispara-una-y-otra-vez-contra-sanchez\/","title":{"rendered":"\u00abLos ministros le cog\u00edan el tel\u00e9fono a Koldo porque era un hombre del presidente\u00bb: Aldama dispara una y otra vez contra S\u00e1nchez"},"content":{"rendered":"<div>\n<p>El comisionista <a href=\"https:\/\/www.elmundo.es\/espana\/victor-aldama.html\" rel=\"nofollow\">V\u00edctor de Aldama<\/a> abandon\u00f3 la prisi\u00f3n de <strong>Soto del Real <\/strong>(Madrid) el 21 de noviembre de 2024 lanzando un mensaje amenazante al presidente del Gobierno,<a href=\"https:\/\/www.elmundo.es\/e\/pe\/pedro-sanchez.html\" rel=\"nofollow\"> Pedro S\u00e1nchez<\/a>: \u00abVa a tener pruebas de todo lo que se ha dicho\u00bb.<\/p>\n<p>Diecisiete meses despu\u00e9s, el acusado ha descrito la financiaci\u00f3n irregular del <strong>PSOE <\/strong>en sede judicial -a trav\u00e9s de Venezuela y donaciones encubiertas-; ha aportado documentos sobre los ama\u00f1os de obra p\u00fablica que han servido para incoar otro procedimiento en la Audiencia Nacional -por estos hechos <a href=\"https:\/\/www.elmundo.es\/espana\/santos-cerdan.html\" rel=\"nofollow\">Santos Cerd\u00e1n<\/a> fue a prisi\u00f3n-; y, ha se\u00f1alado a S\u00e1nchez como el jefe -\u00abel n\u00famero 1\u00bb- de la presunta organizaci\u00f3n criminal que en estos momentos juzga el <a href=\"https:\/\/www.elmundo.es\/e\/tr\/tribunal-supremo.html\" rel=\"nofollow\">Tribunal Supremo<\/a>.<\/p>\n<p>Durante el extenso interrogatorio que tuvo lugar ayer, Aldama <a href=\"https:\/\/www.elmundo.es\/espana\/2026\/04\/29\/69f19bf1039be29866f1a349-directo.html\" rel=\"nofollow\">ratific\u00f3 los hechos<\/a> que ya hab\u00eda reconocido durante la instrucci\u00f3n y aport\u00f3 algunos detalles nuevos sobre los mismos. Pero sobre todo apunt\u00f3 a la <a href=\"https:\/\/www.elmundo.es\/espana\/2026\/04\/29\/69f1d93921efa0f73c8b4580.html\" rel=\"nofollow\">connivencia del presidente<\/a> del Gobierno con la organizaci\u00f3n criminal.<\/p>\n<p>El acusado situ\u00f3 una y otra vez al jefe del Ejecutivo como integrante de la trama corrupta y, adem\u00e1s, lo hizo en calidad de dirigente. \u00abSe ha hablado mucho de jerarqu\u00edas, que yo no voy a hablar de jerarqu\u00edas, pero hay una cosa clara que viene del principio que a m\u00ed me gustar\u00eda dejar clara. Si hay jerarqu\u00edas aqu\u00ed, si hay una banda organizada criminal, de la que yo formo parte [ha se\u00f1alado admitiendo su integraci\u00f3n] el se\u00f1or presidente del Gobierno est\u00e1 en el escalaf\u00f3n 1, el se\u00f1or \u00c1balos en el 2, Koldo en el 3 y yo en el 4\u00bb, asegur\u00f3 el empresario. Seg\u00fan su relato, \u00abla gente le cog\u00eda el tel\u00e9fono a Koldo, -en referencia a ministros y asesores-, no porque estuviera detr\u00e1s \u00c1balos. Lo hac\u00edan porque sab\u00edan que <strong>era un hombre de Pedro S\u00e1nchez\u00bb<\/strong>.<\/p>\n<p>El acusado, que se enfrenta a siete a\u00f1os de prisi\u00f3n, se convirti\u00f3 de un plumazo en testigo de cargo del juicio (hasta el presidente del tribunal, el magistrado<strong> Andr\u00e9s Mart\u00ednez Arrieta<\/strong>, tuvo un lapsus al dirigirse a \u00e9l como testigo en vez de acusado) frente al ex ministro y ex secretario de Organizaci\u00f3n del PSOE <a href=\"https:\/\/www.elmundo.es\/e\/jo\/jose-luis-abalos.html\" rel=\"nofollow\">Jos\u00e9 Luis \u00c1balos <\/a>y su ex asesor <a href=\"https:\/\/www.elmundo.es\/espana\/koldo-garcia.html\" rel=\"nofollow\">Koldo Garc\u00eda<\/a>. Pero, tambi\u00e9n, frente al modelo pol\u00edtico y de gesti\u00f3n de fondos p\u00fablicos del Gobierno de S\u00e1nchez (sobornos, comisiones, enchufes, etc.).<\/p>\n<p>V\u00edctor de Aldama relat\u00f3 de forma pormenorizada c\u00f3mo logr\u00f3 penetrar en el n\u00facleo de confianza de \u00c1balos, en aquel momento todopoderoso ministro de Fomento y mano derecha del presidente en el partido y el Gobierno. Relat\u00f3 que \u00e9l preguntaba si en Moncloa lo sab\u00edan y que Koldo le contaba que \u00ab<strong>el presidente todo lo que hacemos lo tiene claro y lo sabe<\/strong>\u00bb; estaba al tanto de todo\u00bb, asegur\u00f3.<\/p>\n<p>El comisionista tambi\u00e9n expuso de forma detallada su encuentro con el presidente del Gobierno en 2019, en un reservado en el teatro de La Latina, del que qued\u00f3 constancia en la <a href=\"https:\/\/www.elmundo.es\/espana\/2024\/10\/26\/671d22d221efa0ab138b459b.html\" rel=\"nofollow\">foto que public\u00f3 EL MUNDO<\/a> en su d\u00eda: \u00abKoldo me dice que vaya con \u00e9l a una zona privada del teatro. Ah\u00ed estaba el presidente con una persona de seguridad. La persona de seguridad sale y s\u00f3lo se queda Koldo, el presidente y yo. El presidente lo que me dice es &#8216;muchas gracias por todo, s\u00e9 perfectamente lo que est\u00e1s haciendo y solo quer\u00eda darte las gracias&#8217;. Me hago una foto con \u00e9l, que la hace Koldo, y nos vamos\u00bb.<\/p>\n<p>Aldama detall\u00f3 c\u00f3mo Koldo le convenci\u00f3 para acudir al acto del <strong>PSOE<\/strong>: \u00abMe dice, &#8216;V\u00edctor, que <strong>es una oportunidad<\/strong>, que van a estar todos, que va a estar el presidente y el jefe&#8217;. A \u00c1balos siempre lo hemos denominado como \u00abel jefe\u00bb por ser el ministro\u00bb.<\/p>\n<p>\u00abLa relaci\u00f3n de Koldo con el presidente va mucho m\u00e1s all\u00e1\u00bb, agreg\u00f3. \u00abPor c\u00f3mo le trata y porque no le llama presidente,<strong> le llama Pedro<\/strong>. Yo le pregunto &#8216;c\u00f3mo te refieres al presidente como Pedro&#8217; y me dice que &#8216;el d\u00eda que el presidente me diga que tengo que llamarle presidente dejo de estar en el partido y me marcho. <strong>\u00c9l me debe mucho y \u00e9l sabe por qu\u00e9<\/strong>&#8216;\u00bb. Aldama abund\u00f3 en que \u00e9l ve\u00eda al asesor \u00abllamar al presidente y llamarle Pedro, por su nombre, y hablarle en plan coloquial, como habla Koldo. &#8216;Te voy a arrancar la cabeza&#8217;, le dec\u00eda al presidente. A m\u00ed me sorprend\u00eda bastante\u00bb.<\/p>\n<p>A las preguntas del fiscal jefe Anticorrupci\u00f3n, <strong>Alejandro Luz\u00f3n<\/strong>, el acusado relat\u00f3 c\u00f3mo se fragu\u00f3 su relaci\u00f3n con Koldo y con \u00c1balos, explicando que aunque en los primeros encuentros en el Ministerio de Transportes no se habl\u00f3 de dinero, \u00e9l, como empresario, vio una \u00aboportunidad\u00bb por estar cerca del ministro. A partir de ah\u00ed, comenz\u00f3 a \u00absembrar\u00bb haciendo favores para ganarse la confianza de ambos -pag\u00f3, por ejemplo, el tratamiento de fertilidad de la mujer de Koldo-. Luego lleg\u00f3 el papel de intermediario y recaudador para fondos en parte destinados al Partido Socialista y, tambi\u00e9n, el reparto de comisiones ilegales.<\/p>\n<p>Por otro lado, en la sesi\u00f3n de ayer del juicio, centrada en el interrogatorio de Aldama, tambi\u00e9n qued\u00f3 reflejado el lado m\u00e1s terrenal de los integrantes de la red corrupta. El empresario explic\u00f3, por ejemplo, que Koldo es una persona que \u00abcuando conoce a alguien quiere agradar\u00bb y que con \u00e9l s\u00f3lo le falt\u00f3 \u00abacostarse\u00bb. De \u00c1balos, con el que se reuni\u00f3 en multitud de ocasiones, dijo que era \u00abmucho m\u00e1s reservado\u00bb a la vez que detall\u00f3 las debilidades del ministro y sus l\u00edos con \u00abse\u00f1oritas\u00bb. El empresario admiti\u00f3 que \u00e9l buscaba, cuando se junt\u00f3 con Koldo y el ministro, \u00abnotoriedad\u00bb y tener m\u00e1s poder para hacer sus \u00abnegocios en otro \u00e1mbito\u00bb. \u00abNo me sent\u00eda c\u00f3modo, pero tampoco inc\u00f3modo. Soy un empresario\u00bb, confes\u00f3 sobre los negocios ilegales.<\/p>\n<p>Al t\u00e9rmino de su interrogatorio, V\u00edctor de Aldama mostr\u00f3 su arrepentimiento por haber delinquido. \u00abSi tuviera que volver a hacer lo que he hecho no lo har\u00eda pero tampoco nadie me oblig\u00f3\u00bb, admiti\u00f3. Su letrado recalc\u00f3 que su <strong>colaboraci\u00f3n con la Justicia<\/strong> contin\u00faa produci\u00e9ndose en estos momentos en la <strong>Audiencia Nacional<\/strong>. El acusado conf\u00eda en obtener una rebaja de pena por parte del fiscal.<\/p>\n<hr\/>\n<\/div>\n","protected":false},"excerpt":{"rendered":"<p>El comisionista V\u00edctor de Aldama abandon\u00f3 la prisi\u00f3n de Soto del Real (Madrid) el 21 de noviembre de 2024 lanzando un mensaje amenazante al presidente del Gobierno, Pedro S\u00e1nchez: \u00abVa a tener pruebas de todo lo que se ha dicho\u00bb. Diecisiete meses despu\u00e9s, el acusado ha descrito la financiaci\u00f3n irregular del PSOE en sede judicial<\/p>\n","protected":false},"author":1,"featured_media":335140,"comment_status":"open","ping_status":"open","sticky":false,"template":"","format":"standard","meta":{"footnotes":""},"categories":[47],"tags":[],"class_list":["post-335147","post","type-post","status-publish","format-standard","has-post-thumbnail","hentry","category-interview-es"],"acf":[],"yoast_head":"<!-- This site is optimized with the Yoast SEO plugin v22.9 - https:\/\/yoast.com\/wordpress\/plugins\/seo\/ -->\n<title>&quot;Los ministros le cog\u00edan el tel\u00e9fono a Koldo porque era un hombre del presidente&quot;: Aldama dispara una y otra vez contra S\u00e1nchez - vof-news.eu<\/title>\n<meta name=\"description\" content=\"El comisionista V\u00edctor de Aldama abandon\u00f3 la prisi\u00f3n de Soto del Real (Madrid) el 21 de noviembre de 2024 lanzando un mensaje amenazante al presidente del Gobierno, Pedro S\u00e1nchez: \u00abVa a tener pruebas de todo lo que se ha dicho\u00bb.Diecisiete meses despu\u00e9s, el acusado ha descrito la financiaci\u00f3n irregular del PSOE en sede judicial -a trav\u00e9s de Venezuela y donaciones encubiertas-; ha aportado documentos sobre los ama\u00f1os de obra p\u00fablica que han servido para incoar otro procedimiento en la Audiencia Nacional -por estos hechos Santos Cerd\u00e1n fue a prisi\u00f3n-; y, ha se\u00f1alado a S\u00e1nchez como el jefe -\u00abel n\u00famero 1\u00bb- de la presunta organizaci\u00f3n criminal que en estos momentos juzga el Tribunal Supremo.Durante el extenso interrogatorio que tuvo lugar ayer, Aldama ratific\u00f3 los hechos que ya hab\u00eda reconocido durante la instrucci\u00f3n y aport\u00f3 algunos detalles nuevos sobre los mismos. Pero sobre todo apunt\u00f3 a la connivencia del presidente del Gobierno con la organizaci\u00f3n criminal.El acusado situ\u00f3 una y otra vez al jefe del Ejecutivo como integrante de la trama corrupta y, adem\u00e1s, lo hizo en calidad de dirigente. \u00abSe ha hablado mucho de jerarqu\u00edas, que yo no voy a hablar de jerarqu\u00edas, pero hay una cosa clara que viene del principio que a m\u00ed me gustar\u00eda dejar clara. Si hay jerarqu\u00edas aqu\u00ed, si hay una banda organizada criminal, de la que yo formo parte [ha se\u00f1alado admitiendo su integraci\u00f3n] el se\u00f1or presidente del Gobierno est\u00e1 en el escalaf\u00f3n 1, el se\u00f1or \u00c1balos en el 2, Koldo en el 3 y yo en el 4\u00bb, asegur\u00f3 el empresario. Seg\u00fan su relato, \u00abla gente le cog\u00eda el tel\u00e9fono a Koldo, -en referencia a ministros y asesores-, no porque estuviera detr\u00e1s \u00c1balos. Lo hac\u00edan porque sab\u00edan que era un hombre de Pedro S\u00e1nchez\u00bb.El acusado, que se enfrenta a siete a\u00f1os de prisi\u00f3n, se convirti\u00f3 de un plumazo en testigo de cargo del juicio (hasta el presidente del tribunal, el magistrado Andr\u00e9s Mart\u00ednez Arrieta, tuvo un lapsus al dirigirse a \u00e9l como testigo en vez de acusado) frente al ex ministro y ex secretario de Organizaci\u00f3n del PSOE Jos\u00e9 Luis \u00c1balos y su ex asesor Koldo Garc\u00eda. Pero, tambi\u00e9n, frente al modelo pol\u00edtico y de gesti\u00f3n de fondos p\u00fablicos del Gobierno de S\u00e1nchez (sobornos, comisiones, enchufes, etc.).V\u00edctor de Aldama relat\u00f3 de forma pormenorizada c\u00f3mo logr\u00f3 penetrar en el n\u00facleo de confianza de \u00c1balos, en aquel momento todopoderoso ministro de Fomento y mano derecha del presidente en el partido y el Gobierno. Relat\u00f3 que \u00e9l preguntaba si en Moncloa lo sab\u00edan y que Koldo le contaba que \u00abel presidente todo lo que hacemos lo tiene claro y lo sabe\u00bb; estaba al tanto de todo\u00bb, asegur\u00f3.El comisionista tambi\u00e9n expuso de forma detallada su encuentro con el presidente del Gobierno en 2019, en un reservado en el teatro de La Latina, del que qued\u00f3 constancia en la foto que public\u00f3 EL MUNDO en su d\u00eda: \u00abKoldo me dice que vaya con \u00e9l a una zona privada del teatro. Ah\u00ed estaba el presidente con una persona de seguridad. La persona de seguridad sale y s\u00f3lo se queda Koldo, el presidente y yo. El presidente lo que me dice es &#039;muchas gracias por todo, s\u00e9 perfectamente lo que est\u00e1s haciendo y solo quer\u00eda darte las gracias&#039;. Me hago una foto con \u00e9l, que la hace Koldo, y nos vamos\u00bb.Aldama detall\u00f3 c\u00f3mo Koldo le convenci\u00f3 para acudir al acto del PSOE: \u00abMe dice, &#039;V\u00edctor, que es una oportunidad, que van a estar todos, que va a estar el presidente y el jefe&#039;. A \u00c1balos siempre lo hemos denominado como &quot;el jefe&quot; por ser el ministro\u00bb.\u00abLa relaci\u00f3n de Koldo con el presidente va mucho m\u00e1s all\u00e1\u00bb, agreg\u00f3. \u00abPor c\u00f3mo le trata y porque no le llama presidente, le llama Pedro. Yo le pregunto &#039;c\u00f3mo te refieres al presidente como Pedro&#039; y me dice que &#039;el d\u00eda que el presidente me diga que tengo que llamarle presidente dejo de estar en el partido y me marcho. \u00c9l me debe mucho y \u00e9l sabe por qu\u00e9&#039;\u00bb. Aldama abund\u00f3 en que \u00e9l ve\u00eda al asesor \u00abllamar al presidente y llamarle Pedro, por su nombre, y hablarle en plan coloquial, como habla Koldo. &#039;Te voy a arrancar la cabeza&#039;, le dec\u00eda al presidente. A m\u00ed me sorprend\u00eda bastante\u00bb.A las preguntas del fiscal jefe Anticorrupci\u00f3n, Alejandro Luz\u00f3n, el acusado relat\u00f3 c\u00f3mo se fragu\u00f3 su relaci\u00f3n con Koldo y con \u00c1balos, explicando que aunque en los primeros encuentros en el Ministerio de Transportes no se habl\u00f3 de dinero, \u00e9l, como empresario, vio una \u00aboportunidad\u00bb por estar cerca del ministro. A partir de ah\u00ed, comenz\u00f3 a \u00absembrar\u00bb haciendo favores para ganarse la confianza de ambos -pag\u00f3, por ejemplo, el tratamiento de fertilidad de la mujer de Koldo-. Luego lleg\u00f3 el papel de intermediario y recaudador para fondos en parte destinados al Partido Socialista y, tambi\u00e9n, el reparto de comisiones ilegales.Por otro lado, en la sesi\u00f3n de ayer del juicio, centrada en el interrogatorio de Aldama, tambi\u00e9n qued\u00f3 reflejado el lado m\u00e1s terrenal de los integrantes de la red corrupta. El empresario explic\u00f3, por ejemplo, que Koldo es una persona que \u00abcuando conoce a alguien quiere agradar\u00bb y que con \u00e9l s\u00f3lo le falt\u00f3 \u00abacostarse\u00bb. De \u00c1balos, con el que se reuni\u00f3 en multitud de ocasiones, dijo que era \u00abmucho m\u00e1s reservado\u00bb a la vez que detall\u00f3 las debilidades del ministro y sus l\u00edos con \u00abse\u00f1oritas\u00bb. El empresario admiti\u00f3 que \u00e9l buscaba, cuando se junt\u00f3 con Koldo y el ministro, \u00abnotoriedad\u00bb y tener m\u00e1s poder para hacer sus \u00abnegocios en otro \u00e1mbito\u00bb. \u00abNo me sent\u00eda c\u00f3modo, pero tampoco inc\u00f3modo. Soy un empresario\u00bb, confes\u00f3 sobre los negocios ilegales.Al t\u00e9rmino de su interrogatorio, V\u00edctor de Aldama mostr\u00f3 su arrepentimiento por haber delinquido. \u00abSi tuviera que volver a hacer lo que he hecho no lo har\u00eda pero tampoco nadie me oblig\u00f3\u00bb, admiti\u00f3. Su letrado recalc\u00f3 que su colaboraci\u00f3n con la Justicia contin\u00faa produci\u00e9ndose en estos momentos en la Audiencia Nacional. El acusado conf\u00eda en obtener una rebaja de pena por parte del fiscal.\" \/>\n<meta name=\"robots\" content=\"noindex, follow, max-snippet:-1, max-image-preview:large, max-video-preview:-1\" \/>\n<meta property=\"og:locale\" content=\"es_ES\" \/>\n<meta property=\"og:type\" content=\"article\" \/>\n<meta property=\"og:title\" content=\"&quot;Los ministros le cog\u00edan el tel\u00e9fono a Koldo porque era un hombre del presidente&quot;: Aldama dispara una y otra vez contra S\u00e1nchez - vof-news.eu\" \/>\n<meta property=\"og:description\" content=\"El comisionista V\u00edctor de Aldama abandon\u00f3 la prisi\u00f3n de Soto del Real (Madrid) el 21 de noviembre de 2024 lanzando un mensaje amenazante al presidente del Gobierno, Pedro S\u00e1nchez: \u00abVa a tener pruebas de todo lo que se ha dicho\u00bb.Diecisiete meses despu\u00e9s, el acusado ha descrito la financiaci\u00f3n irregular del PSOE en sede judicial -a trav\u00e9s de Venezuela y donaciones encubiertas-; ha aportado documentos sobre los ama\u00f1os de obra p\u00fablica que han servido para incoar otro procedimiento en la Audiencia Nacional -por estos hechos Santos Cerd\u00e1n fue a prisi\u00f3n-; y, ha se\u00f1alado a S\u00e1nchez como el jefe -\u00abel n\u00famero 1\u00bb- de la presunta organizaci\u00f3n criminal que en estos momentos juzga el Tribunal Supremo.Durante el extenso interrogatorio que tuvo lugar ayer, Aldama ratific\u00f3 los hechos que ya hab\u00eda reconocido durante la instrucci\u00f3n y aport\u00f3 algunos detalles nuevos sobre los mismos. Pero sobre todo apunt\u00f3 a la connivencia del presidente del Gobierno con la organizaci\u00f3n criminal.El acusado situ\u00f3 una y otra vez al jefe del Ejecutivo como integrante de la trama corrupta y, adem\u00e1s, lo hizo en calidad de dirigente. \u00abSe ha hablado mucho de jerarqu\u00edas, que yo no voy a hablar de jerarqu\u00edas, pero hay una cosa clara que viene del principio que a m\u00ed me gustar\u00eda dejar clara. Si hay jerarqu\u00edas aqu\u00ed, si hay una banda organizada criminal, de la que yo formo parte [ha se\u00f1alado admitiendo su integraci\u00f3n] el se\u00f1or presidente del Gobierno est\u00e1 en el escalaf\u00f3n 1, el se\u00f1or \u00c1balos en el 2, Koldo en el 3 y yo en el 4\u00bb, asegur\u00f3 el empresario. Seg\u00fan su relato, \u00abla gente le cog\u00eda el tel\u00e9fono a Koldo, -en referencia a ministros y asesores-, no porque estuviera detr\u00e1s \u00c1balos. Lo hac\u00edan porque sab\u00edan que era un hombre de Pedro S\u00e1nchez\u00bb.El acusado, que se enfrenta a siete a\u00f1os de prisi\u00f3n, se convirti\u00f3 de un plumazo en testigo de cargo del juicio (hasta el presidente del tribunal, el magistrado Andr\u00e9s Mart\u00ednez Arrieta, tuvo un lapsus al dirigirse a \u00e9l como testigo en vez de acusado) frente al ex ministro y ex secretario de Organizaci\u00f3n del PSOE Jos\u00e9 Luis \u00c1balos y su ex asesor Koldo Garc\u00eda. Pero, tambi\u00e9n, frente al modelo pol\u00edtico y de gesti\u00f3n de fondos p\u00fablicos del Gobierno de S\u00e1nchez (sobornos, comisiones, enchufes, etc.).V\u00edctor de Aldama relat\u00f3 de forma pormenorizada c\u00f3mo logr\u00f3 penetrar en el n\u00facleo de confianza de \u00c1balos, en aquel momento todopoderoso ministro de Fomento y mano derecha del presidente en el partido y el Gobierno. Relat\u00f3 que \u00e9l preguntaba si en Moncloa lo sab\u00edan y que Koldo le contaba que \u00abel presidente todo lo que hacemos lo tiene claro y lo sabe\u00bb; estaba al tanto de todo\u00bb, asegur\u00f3.El comisionista tambi\u00e9n expuso de forma detallada su encuentro con el presidente del Gobierno en 2019, en un reservado en el teatro de La Latina, del que qued\u00f3 constancia en la foto que public\u00f3 EL MUNDO en su d\u00eda: \u00abKoldo me dice que vaya con \u00e9l a una zona privada del teatro. Ah\u00ed estaba el presidente con una persona de seguridad. La persona de seguridad sale y s\u00f3lo se queda Koldo, el presidente y yo. El presidente lo que me dice es &#039;muchas gracias por todo, s\u00e9 perfectamente lo que est\u00e1s haciendo y solo quer\u00eda darte las gracias&#039;. Me hago una foto con \u00e9l, que la hace Koldo, y nos vamos\u00bb.Aldama detall\u00f3 c\u00f3mo Koldo le convenci\u00f3 para acudir al acto del PSOE: \u00abMe dice, &#039;V\u00edctor, que es una oportunidad, que van a estar todos, que va a estar el presidente y el jefe&#039;. A \u00c1balos siempre lo hemos denominado como &quot;el jefe&quot; por ser el ministro\u00bb.\u00abLa relaci\u00f3n de Koldo con el presidente va mucho m\u00e1s all\u00e1\u00bb, agreg\u00f3. \u00abPor c\u00f3mo le trata y porque no le llama presidente, le llama Pedro. Yo le pregunto &#039;c\u00f3mo te refieres al presidente como Pedro&#039; y me dice que &#039;el d\u00eda que el presidente me diga que tengo que llamarle presidente dejo de estar en el partido y me marcho. \u00c9l me debe mucho y \u00e9l sabe por qu\u00e9&#039;\u00bb. Aldama abund\u00f3 en que \u00e9l ve\u00eda al asesor \u00abllamar al presidente y llamarle Pedro, por su nombre, y hablarle en plan coloquial, como habla Koldo. &#039;Te voy a arrancar la cabeza&#039;, le dec\u00eda al presidente. A m\u00ed me sorprend\u00eda bastante\u00bb.A las preguntas del fiscal jefe Anticorrupci\u00f3n, Alejandro Luz\u00f3n, el acusado relat\u00f3 c\u00f3mo se fragu\u00f3 su relaci\u00f3n con Koldo y con \u00c1balos, explicando que aunque en los primeros encuentros en el Ministerio de Transportes no se habl\u00f3 de dinero, \u00e9l, como empresario, vio una \u00aboportunidad\u00bb por estar cerca del ministro. A partir de ah\u00ed, comenz\u00f3 a \u00absembrar\u00bb haciendo favores para ganarse la confianza de ambos -pag\u00f3, por ejemplo, el tratamiento de fertilidad de la mujer de Koldo-. Luego lleg\u00f3 el papel de intermediario y recaudador para fondos en parte destinados al Partido Socialista y, tambi\u00e9n, el reparto de comisiones ilegales.Por otro lado, en la sesi\u00f3n de ayer del juicio, centrada en el interrogatorio de Aldama, tambi\u00e9n qued\u00f3 reflejado el lado m\u00e1s terrenal de los integrantes de la red corrupta. El empresario explic\u00f3, por ejemplo, que Koldo es una persona que \u00abcuando conoce a alguien quiere agradar\u00bb y que con \u00e9l s\u00f3lo le falt\u00f3 \u00abacostarse\u00bb. De \u00c1balos, con el que se reuni\u00f3 en multitud de ocasiones, dijo que era \u00abmucho m\u00e1s reservado\u00bb a la vez que detall\u00f3 las debilidades del ministro y sus l\u00edos con \u00abse\u00f1oritas\u00bb. El empresario admiti\u00f3 que \u00e9l buscaba, cuando se junt\u00f3 con Koldo y el ministro, \u00abnotoriedad\u00bb y tener m\u00e1s poder para hacer sus \u00abnegocios en otro \u00e1mbito\u00bb. \u00abNo me sent\u00eda c\u00f3modo, pero tampoco inc\u00f3modo. Soy un empresario\u00bb, confes\u00f3 sobre los negocios ilegales.Al t\u00e9rmino de su interrogatorio, V\u00edctor de Aldama mostr\u00f3 su arrepentimiento por haber delinquido. \u00abSi tuviera que volver a hacer lo que he hecho no lo har\u00eda pero tampoco nadie me oblig\u00f3\u00bb, admiti\u00f3. Su letrado recalc\u00f3 que su colaboraci\u00f3n con la Justicia contin\u00faa produci\u00e9ndose en estos momentos en la Audiencia Nacional. El acusado conf\u00eda en obtener una rebaja de pena por parte del fiscal.\" \/>\n<meta property=\"og:url\" content=\"https:\/\/vof-news.eu\/es\/los-ministros-le-cogian-el-telefono-a-koldo-porque-era-un-hombre-del-presidente-aldama-dispara-una-y-otra-vez-contra-sanchez\/\" \/>\n<meta property=\"og:site_name\" content=\"vof-news.eu\" \/>\n<meta property=\"article:published_time\" content=\"2026-04-29T23:37:26+00:00\" \/>\n<meta property=\"article:modified_time\" content=\"2026-04-29T23:37:48+00:00\" \/>\n<meta property=\"og:image\" content=\"https:\/\/vof-news.eu\/wp-content\/uploads\/2026\/04\/17774945372049.jpg\" \/>\n\t<meta property=\"og:image:width\" content=\"1366\" \/>\n\t<meta property=\"og:image:height\" content=\"818\" \/>\n\t<meta property=\"og:image:type\" content=\"image\/jpeg\" \/>\n<meta name=\"author\" content=\"Author\" \/>\n<meta name=\"twitter:card\" content=\"summary_large_image\" \/>\n<meta name=\"twitter:label1\" content=\"Escrito por\" \/>\n\t<meta name=\"twitter:data1\" content=\"Author\" \/>\n\t<meta name=\"twitter:label2\" content=\"Tiempo de lectura\" \/>\n\t<meta name=\"twitter:data2\" content=\"5 minutos\" \/>\n<script type=\"application\/ld+json\" class=\"yoast-schema-graph\">{\"@context\":\"https:\/\/schema.org\",\"@graph\":[{\"@type\":\"WebPage\",\"@id\":\"https:\/\/vof-news.eu\/es\/los-ministros-le-cogian-el-telefono-a-koldo-porque-era-un-hombre-del-presidente-aldama-dispara-una-y-otra-vez-contra-sanchez\/\",\"url\":\"https:\/\/vof-news.eu\/es\/los-ministros-le-cogian-el-telefono-a-koldo-porque-era-un-hombre-del-presidente-aldama-dispara-una-y-otra-vez-contra-sanchez\/\",\"name\":\"\\\"Los ministros le cog\u00edan el tel\u00e9fono a Koldo porque era un hombre del presidente\\\": Aldama dispara una y otra vez contra S\u00e1nchez - vof-news.eu\",\"isPartOf\":{\"@id\":\"https:\/\/vof-news.eu\/es\/#website\"},\"primaryImageOfPage\":{\"@id\":\"https:\/\/vof-news.eu\/es\/los-ministros-le-cogian-el-telefono-a-koldo-porque-era-un-hombre-del-presidente-aldama-dispara-una-y-otra-vez-contra-sanchez\/#primaryimage\"},\"image\":{\"@id\":\"https:\/\/vof-news.eu\/es\/los-ministros-le-cogian-el-telefono-a-koldo-porque-era-un-hombre-del-presidente-aldama-dispara-una-y-otra-vez-contra-sanchez\/#primaryimage\"},\"thumbnailUrl\":\"https:\/\/vof-news.eu\/wp-content\/uploads\/2026\/04\/17774945372049.jpg\",\"datePublished\":\"2026-04-29T23:37:26+00:00\",\"dateModified\":\"2026-04-29T23:37:48+00:00\",\"author\":{\"@id\":\"https:\/\/vof-news.eu\/es\/#\/schema\/person\/f6a2a4309f0561835797fd8c19b333ed\"},\"description\":\"El comisionista V\u00edctor de Aldama abandon\u00f3 la prisi\u00f3n de Soto del Real (Madrid) el 21 de noviembre de 2024 lanzando un mensaje amenazante al presidente del Gobierno, Pedro S\u00e1nchez: \u00abVa a tener pruebas de todo lo que se ha dicho\u00bb.Diecisiete meses despu\u00e9s, el acusado ha descrito la financiaci\u00f3n irregular del PSOE en sede judicial -a trav\u00e9s de Venezuela y donaciones encubiertas-; ha aportado documentos sobre los ama\u00f1os de obra p\u00fablica que han servido para incoar otro procedimiento en la Audiencia Nacional -por estos hechos Santos Cerd\u00e1n fue a prisi\u00f3n-; y, ha se\u00f1alado a S\u00e1nchez como el jefe -\u00abel n\u00famero 1\u00bb- de la presunta organizaci\u00f3n criminal que en estos momentos juzga el Tribunal Supremo.Durante el extenso interrogatorio que tuvo lugar ayer, Aldama ratific\u00f3 los hechos que ya hab\u00eda reconocido durante la instrucci\u00f3n y aport\u00f3 algunos detalles nuevos sobre los mismos. Pero sobre todo apunt\u00f3 a la connivencia del presidente del Gobierno con la organizaci\u00f3n criminal.El acusado situ\u00f3 una y otra vez al jefe del Ejecutivo como integrante de la trama corrupta y, adem\u00e1s, lo hizo en calidad de dirigente. \u00abSe ha hablado mucho de jerarqu\u00edas, que yo no voy a hablar de jerarqu\u00edas, pero hay una cosa clara que viene del principio que a m\u00ed me gustar\u00eda dejar clara. Si hay jerarqu\u00edas aqu\u00ed, si hay una banda organizada criminal, de la que yo formo parte [ha se\u00f1alado admitiendo su integraci\u00f3n] el se\u00f1or presidente del Gobierno est\u00e1 en el escalaf\u00f3n 1, el se\u00f1or \u00c1balos en el 2, Koldo en el 3 y yo en el 4\u00bb, asegur\u00f3 el empresario. Seg\u00fan su relato, \u00abla gente le cog\u00eda el tel\u00e9fono a Koldo, -en referencia a ministros y asesores-, no porque estuviera detr\u00e1s \u00c1balos. Lo hac\u00edan porque sab\u00edan que era un hombre de Pedro S\u00e1nchez\u00bb.El acusado, que se enfrenta a siete a\u00f1os de prisi\u00f3n, se convirti\u00f3 de un plumazo en testigo de cargo del juicio (hasta el presidente del tribunal, el magistrado Andr\u00e9s Mart\u00ednez Arrieta, tuvo un lapsus al dirigirse a \u00e9l como testigo en vez de acusado) frente al ex ministro y ex secretario de Organizaci\u00f3n del PSOE Jos\u00e9 Luis \u00c1balos y su ex asesor Koldo Garc\u00eda. Pero, tambi\u00e9n, frente al modelo pol\u00edtico y de gesti\u00f3n de fondos p\u00fablicos del Gobierno de S\u00e1nchez (sobornos, comisiones, enchufes, etc.).V\u00edctor de Aldama relat\u00f3 de forma pormenorizada c\u00f3mo logr\u00f3 penetrar en el n\u00facleo de confianza de \u00c1balos, en aquel momento todopoderoso ministro de Fomento y mano derecha del presidente en el partido y el Gobierno. Relat\u00f3 que \u00e9l preguntaba si en Moncloa lo sab\u00edan y que Koldo le contaba que \u00abel presidente todo lo que hacemos lo tiene claro y lo sabe\u00bb; estaba al tanto de todo\u00bb, asegur\u00f3.El comisionista tambi\u00e9n expuso de forma detallada su encuentro con el presidente del Gobierno en 2019, en un reservado en el teatro de La Latina, del que qued\u00f3 constancia en la foto que public\u00f3 EL MUNDO en su d\u00eda: \u00abKoldo me dice que vaya con \u00e9l a una zona privada del teatro. Ah\u00ed estaba el presidente con una persona de seguridad. La persona de seguridad sale y s\u00f3lo se queda Koldo, el presidente y yo. El presidente lo que me dice es 'muchas gracias por todo, s\u00e9 perfectamente lo que est\u00e1s haciendo y solo quer\u00eda darte las gracias'. Me hago una foto con \u00e9l, que la hace Koldo, y nos vamos\u00bb.Aldama detall\u00f3 c\u00f3mo Koldo le convenci\u00f3 para acudir al acto del PSOE: \u00abMe dice, 'V\u00edctor, que es una oportunidad, que van a estar todos, que va a estar el presidente y el jefe'. A \u00c1balos siempre lo hemos denominado como \\\"el jefe\\\" por ser el ministro\u00bb.\u00abLa relaci\u00f3n de Koldo con el presidente va mucho m\u00e1s all\u00e1\u00bb, agreg\u00f3. \u00abPor c\u00f3mo le trata y porque no le llama presidente, le llama Pedro. Yo le pregunto 'c\u00f3mo te refieres al presidente como Pedro' y me dice que 'el d\u00eda que el presidente me diga que tengo que llamarle presidente dejo de estar en el partido y me marcho. \u00c9l me debe mucho y \u00e9l sabe por qu\u00e9'\u00bb. Aldama abund\u00f3 en que \u00e9l ve\u00eda al asesor \u00abllamar al presidente y llamarle Pedro, por su nombre, y hablarle en plan coloquial, como habla Koldo. 'Te voy a arrancar la cabeza', le dec\u00eda al presidente. A m\u00ed me sorprend\u00eda bastante\u00bb.A las preguntas del fiscal jefe Anticorrupci\u00f3n, Alejandro Luz\u00f3n, el acusado relat\u00f3 c\u00f3mo se fragu\u00f3 su relaci\u00f3n con Koldo y con \u00c1balos, explicando que aunque en los primeros encuentros en el Ministerio de Transportes no se habl\u00f3 de dinero, \u00e9l, como empresario, vio una \u00aboportunidad\u00bb por estar cerca del ministro. A partir de ah\u00ed, comenz\u00f3 a \u00absembrar\u00bb haciendo favores para ganarse la confianza de ambos -pag\u00f3, por ejemplo, el tratamiento de fertilidad de la mujer de Koldo-. Luego lleg\u00f3 el papel de intermediario y recaudador para fondos en parte destinados al Partido Socialista y, tambi\u00e9n, el reparto de comisiones ilegales.Por otro lado, en la sesi\u00f3n de ayer del juicio, centrada en el interrogatorio de Aldama, tambi\u00e9n qued\u00f3 reflejado el lado m\u00e1s terrenal de los integrantes de la red corrupta. El empresario explic\u00f3, por ejemplo, que Koldo es una persona que \u00abcuando conoce a alguien quiere agradar\u00bb y que con \u00e9l s\u00f3lo le falt\u00f3 \u00abacostarse\u00bb. De \u00c1balos, con el que se reuni\u00f3 en multitud de ocasiones, dijo que era \u00abmucho m\u00e1s reservado\u00bb a la vez que detall\u00f3 las debilidades del ministro y sus l\u00edos con \u00abse\u00f1oritas\u00bb. El empresario admiti\u00f3 que \u00e9l buscaba, cuando se junt\u00f3 con Koldo y el ministro, \u00abnotoriedad\u00bb y tener m\u00e1s poder para hacer sus \u00abnegocios en otro \u00e1mbito\u00bb. \u00abNo me sent\u00eda c\u00f3modo, pero tampoco inc\u00f3modo. Soy un empresario\u00bb, confes\u00f3 sobre los negocios ilegales.Al t\u00e9rmino de su interrogatorio, V\u00edctor de Aldama mostr\u00f3 su arrepentimiento por haber delinquido. \u00abSi tuviera que volver a hacer lo que he hecho no lo har\u00eda pero tampoco nadie me oblig\u00f3\u00bb, admiti\u00f3. Su letrado recalc\u00f3 que su colaboraci\u00f3n con la Justicia contin\u00faa produci\u00e9ndose en estos momentos en la Audiencia Nacional. El acusado conf\u00eda en obtener una rebaja de pena por parte del fiscal.\",\"breadcrumb\":{\"@id\":\"https:\/\/vof-news.eu\/es\/los-ministros-le-cogian-el-telefono-a-koldo-porque-era-un-hombre-del-presidente-aldama-dispara-una-y-otra-vez-contra-sanchez\/#breadcrumb\"},\"inLanguage\":\"es\",\"potentialAction\":[{\"@type\":\"ReadAction\",\"target\":[\"https:\/\/vof-news.eu\/es\/los-ministros-le-cogian-el-telefono-a-koldo-porque-era-un-hombre-del-presidente-aldama-dispara-una-y-otra-vez-contra-sanchez\/\"]}]},{\"@type\":\"ImageObject\",\"inLanguage\":\"es\",\"@id\":\"https:\/\/vof-news.eu\/es\/los-ministros-le-cogian-el-telefono-a-koldo-porque-era-un-hombre-del-presidente-aldama-dispara-una-y-otra-vez-contra-sanchez\/#primaryimage\",\"url\":\"https:\/\/vof-news.eu\/wp-content\/uploads\/2026\/04\/17774945372049.jpg\",\"contentUrl\":\"https:\/\/vof-news.eu\/wp-content\/uploads\/2026\/04\/17774945372049.jpg\",\"width\":1366,\"height\":818,\"caption\":\"29\/04\/2026. Madrid. Juicio por el caso mascarillas por presuntas irregularidades en los contratos de mascarillas adjudicados desde el Ministerio de Transportes durante la pandemia. Pantallazos interior de la sala. V\u00edctor Aldama declarando\"},{\"@type\":\"BreadcrumbList\",\"@id\":\"https:\/\/vof-news.eu\/es\/los-ministros-le-cogian-el-telefono-a-koldo-porque-era-un-hombre-del-presidente-aldama-dispara-una-y-otra-vez-contra-sanchez\/#breadcrumb\",\"itemListElement\":[{\"@type\":\"ListItem\",\"position\":1,\"name\":\"Home\",\"item\":\"https:\/\/vof-news.eu\/es\/\"},{\"@type\":\"ListItem\",\"position\":2,\"name\":\"&#8220;Los ministros le cog\u00edan el tel\u00e9fono a Koldo porque era un hombre del presidente&#8221;: Aldama dispara una y otra vez contra S\u00e1nchez\"}]},{\"@type\":\"WebSite\",\"@id\":\"https:\/\/vof-news.eu\/es\/#website\",\"url\":\"https:\/\/vof-news.eu\/es\/\",\"name\":\"vof-news.eu\",\"description\":\"\",\"potentialAction\":[{\"@type\":\"SearchAction\",\"target\":{\"@type\":\"EntryPoint\",\"urlTemplate\":\"https:\/\/vof-news.eu\/es\/?s={search_term_string}\"},\"query-input\":\"required name=search_term_string\"}],\"inLanguage\":\"es\"},{\"@type\":\"Person\",\"@id\":\"https:\/\/vof-news.eu\/es\/#\/schema\/person\/f6a2a4309f0561835797fd8c19b333ed\",\"name\":\"Author\",\"image\":{\"@type\":\"ImageObject\",\"inLanguage\":\"es\",\"@id\":\"https:\/\/vof-news.eu\/es\/#\/schema\/person\/image\/\",\"url\":\"https:\/\/secure.gravatar.com\/avatar\/b67e614b1b25b3e9c0c239efdd2fde5ab015b5affd6f1c3c85911ca4b384e790?s=96&d=mm&r=g\",\"contentUrl\":\"https:\/\/secure.gravatar.com\/avatar\/b67e614b1b25b3e9c0c239efdd2fde5ab015b5affd6f1c3c85911ca4b384e790?s=96&d=mm&r=g\",\"caption\":\"Author\"},\"sameAs\":[\"http:\/\/vof-news.eu\"],\"url\":\"https:\/\/vof-news.eu\/es\/author\/zwt6qxnjulxbnyg\/\"}]}<\/script>\n<!-- \/ Yoast SEO plugin. -->","yoast_head_json":{"title":"\"Los ministros le cog\u00edan el tel\u00e9fono a Koldo porque era un hombre del presidente\": Aldama dispara una y otra vez contra S\u00e1nchez - vof-news.eu","description":"El comisionista V\u00edctor de Aldama abandon\u00f3 la prisi\u00f3n de Soto del Real (Madrid) el 21 de noviembre de 2024 lanzando un mensaje amenazante al presidente del Gobierno, Pedro S\u00e1nchez: \u00abVa a tener pruebas de todo lo que se ha dicho\u00bb.Diecisiete meses despu\u00e9s, el acusado ha descrito la financiaci\u00f3n irregular del PSOE en sede judicial -a trav\u00e9s de Venezuela y donaciones encubiertas-; ha aportado documentos sobre los ama\u00f1os de obra p\u00fablica que han servido para incoar otro procedimiento en la Audiencia Nacional -por estos hechos Santos Cerd\u00e1n fue a prisi\u00f3n-; y, ha se\u00f1alado a S\u00e1nchez como el jefe -\u00abel n\u00famero 1\u00bb- de la presunta organizaci\u00f3n criminal que en estos momentos juzga el Tribunal Supremo.Durante el extenso interrogatorio que tuvo lugar ayer, Aldama ratific\u00f3 los hechos que ya hab\u00eda reconocido durante la instrucci\u00f3n y aport\u00f3 algunos detalles nuevos sobre los mismos. Pero sobre todo apunt\u00f3 a la connivencia del presidente del Gobierno con la organizaci\u00f3n criminal.El acusado situ\u00f3 una y otra vez al jefe del Ejecutivo como integrante de la trama corrupta y, adem\u00e1s, lo hizo en calidad de dirigente. \u00abSe ha hablado mucho de jerarqu\u00edas, que yo no voy a hablar de jerarqu\u00edas, pero hay una cosa clara que viene del principio que a m\u00ed me gustar\u00eda dejar clara. Si hay jerarqu\u00edas aqu\u00ed, si hay una banda organizada criminal, de la que yo formo parte [ha se\u00f1alado admitiendo su integraci\u00f3n] el se\u00f1or presidente del Gobierno est\u00e1 en el escalaf\u00f3n 1, el se\u00f1or \u00c1balos en el 2, Koldo en el 3 y yo en el 4\u00bb, asegur\u00f3 el empresario. Seg\u00fan su relato, \u00abla gente le cog\u00eda el tel\u00e9fono a Koldo, -en referencia a ministros y asesores-, no porque estuviera detr\u00e1s \u00c1balos. Lo hac\u00edan porque sab\u00edan que era un hombre de Pedro S\u00e1nchez\u00bb.El acusado, que se enfrenta a siete a\u00f1os de prisi\u00f3n, se convirti\u00f3 de un plumazo en testigo de cargo del juicio (hasta el presidente del tribunal, el magistrado Andr\u00e9s Mart\u00ednez Arrieta, tuvo un lapsus al dirigirse a \u00e9l como testigo en vez de acusado) frente al ex ministro y ex secretario de Organizaci\u00f3n del PSOE Jos\u00e9 Luis \u00c1balos y su ex asesor Koldo Garc\u00eda. Pero, tambi\u00e9n, frente al modelo pol\u00edtico y de gesti\u00f3n de fondos p\u00fablicos del Gobierno de S\u00e1nchez (sobornos, comisiones, enchufes, etc.).V\u00edctor de Aldama relat\u00f3 de forma pormenorizada c\u00f3mo logr\u00f3 penetrar en el n\u00facleo de confianza de \u00c1balos, en aquel momento todopoderoso ministro de Fomento y mano derecha del presidente en el partido y el Gobierno. Relat\u00f3 que \u00e9l preguntaba si en Moncloa lo sab\u00edan y que Koldo le contaba que \u00abel presidente todo lo que hacemos lo tiene claro y lo sabe\u00bb; estaba al tanto de todo\u00bb, asegur\u00f3.El comisionista tambi\u00e9n expuso de forma detallada su encuentro con el presidente del Gobierno en 2019, en un reservado en el teatro de La Latina, del que qued\u00f3 constancia en la foto que public\u00f3 EL MUNDO en su d\u00eda: \u00abKoldo me dice que vaya con \u00e9l a una zona privada del teatro. Ah\u00ed estaba el presidente con una persona de seguridad. La persona de seguridad sale y s\u00f3lo se queda Koldo, el presidente y yo. El presidente lo que me dice es 'muchas gracias por todo, s\u00e9 perfectamente lo que est\u00e1s haciendo y solo quer\u00eda darte las gracias'. Me hago una foto con \u00e9l, que la hace Koldo, y nos vamos\u00bb.Aldama detall\u00f3 c\u00f3mo Koldo le convenci\u00f3 para acudir al acto del PSOE: \u00abMe dice, 'V\u00edctor, que es una oportunidad, que van a estar todos, que va a estar el presidente y el jefe'. A \u00c1balos siempre lo hemos denominado como \"el jefe\" por ser el ministro\u00bb.\u00abLa relaci\u00f3n de Koldo con el presidente va mucho m\u00e1s all\u00e1\u00bb, agreg\u00f3. \u00abPor c\u00f3mo le trata y porque no le llama presidente, le llama Pedro. Yo le pregunto 'c\u00f3mo te refieres al presidente como Pedro' y me dice que 'el d\u00eda que el presidente me diga que tengo que llamarle presidente dejo de estar en el partido y me marcho. \u00c9l me debe mucho y \u00e9l sabe por qu\u00e9'\u00bb. Aldama abund\u00f3 en que \u00e9l ve\u00eda al asesor \u00abllamar al presidente y llamarle Pedro, por su nombre, y hablarle en plan coloquial, como habla Koldo. 'Te voy a arrancar la cabeza', le dec\u00eda al presidente. A m\u00ed me sorprend\u00eda bastante\u00bb.A las preguntas del fiscal jefe Anticorrupci\u00f3n, Alejandro Luz\u00f3n, el acusado relat\u00f3 c\u00f3mo se fragu\u00f3 su relaci\u00f3n con Koldo y con \u00c1balos, explicando que aunque en los primeros encuentros en el Ministerio de Transportes no se habl\u00f3 de dinero, \u00e9l, como empresario, vio una \u00aboportunidad\u00bb por estar cerca del ministro. A partir de ah\u00ed, comenz\u00f3 a \u00absembrar\u00bb haciendo favores para ganarse la confianza de ambos -pag\u00f3, por ejemplo, el tratamiento de fertilidad de la mujer de Koldo-. Luego lleg\u00f3 el papel de intermediario y recaudador para fondos en parte destinados al Partido Socialista y, tambi\u00e9n, el reparto de comisiones ilegales.Por otro lado, en la sesi\u00f3n de ayer del juicio, centrada en el interrogatorio de Aldama, tambi\u00e9n qued\u00f3 reflejado el lado m\u00e1s terrenal de los integrantes de la red corrupta. El empresario explic\u00f3, por ejemplo, que Koldo es una persona que \u00abcuando conoce a alguien quiere agradar\u00bb y que con \u00e9l s\u00f3lo le falt\u00f3 \u00abacostarse\u00bb. De \u00c1balos, con el que se reuni\u00f3 en multitud de ocasiones, dijo que era \u00abmucho m\u00e1s reservado\u00bb a la vez que detall\u00f3 las debilidades del ministro y sus l\u00edos con \u00abse\u00f1oritas\u00bb. El empresario admiti\u00f3 que \u00e9l buscaba, cuando se junt\u00f3 con Koldo y el ministro, \u00abnotoriedad\u00bb y tener m\u00e1s poder para hacer sus \u00abnegocios en otro \u00e1mbito\u00bb. \u00abNo me sent\u00eda c\u00f3modo, pero tampoco inc\u00f3modo. Soy un empresario\u00bb, confes\u00f3 sobre los negocios ilegales.Al t\u00e9rmino de su interrogatorio, V\u00edctor de Aldama mostr\u00f3 su arrepentimiento por haber delinquido. \u00abSi tuviera que volver a hacer lo que he hecho no lo har\u00eda pero tampoco nadie me oblig\u00f3\u00bb, admiti\u00f3. Su letrado recalc\u00f3 que su colaboraci\u00f3n con la Justicia contin\u00faa produci\u00e9ndose en estos momentos en la Audiencia Nacional. El acusado conf\u00eda en obtener una rebaja de pena por parte del fiscal.","robots":{"index":"noindex","follow":"follow","max-snippet":"max-snippet:-1","max-image-preview":"max-image-preview:large","max-video-preview":"max-video-preview:-1"},"og_locale":"es_ES","og_type":"article","og_title":"\"Los ministros le cog\u00edan el tel\u00e9fono a Koldo porque era un hombre del presidente\": Aldama dispara una y otra vez contra S\u00e1nchez - vof-news.eu","og_description":"El comisionista V\u00edctor de Aldama abandon\u00f3 la prisi\u00f3n de Soto del Real (Madrid) el 21 de noviembre de 2024 lanzando un mensaje amenazante al presidente del Gobierno, Pedro S\u00e1nchez: \u00abVa a tener pruebas de todo lo que se ha dicho\u00bb.Diecisiete meses despu\u00e9s, el acusado ha descrito la financiaci\u00f3n irregular del PSOE en sede judicial -a trav\u00e9s de Venezuela y donaciones encubiertas-; ha aportado documentos sobre los ama\u00f1os de obra p\u00fablica que han servido para incoar otro procedimiento en la Audiencia Nacional -por estos hechos Santos Cerd\u00e1n fue a prisi\u00f3n-; y, ha se\u00f1alado a S\u00e1nchez como el jefe -\u00abel n\u00famero 1\u00bb- de la presunta organizaci\u00f3n criminal que en estos momentos juzga el Tribunal Supremo.Durante el extenso interrogatorio que tuvo lugar ayer, Aldama ratific\u00f3 los hechos que ya hab\u00eda reconocido durante la instrucci\u00f3n y aport\u00f3 algunos detalles nuevos sobre los mismos. Pero sobre todo apunt\u00f3 a la connivencia del presidente del Gobierno con la organizaci\u00f3n criminal.El acusado situ\u00f3 una y otra vez al jefe del Ejecutivo como integrante de la trama corrupta y, adem\u00e1s, lo hizo en calidad de dirigente. \u00abSe ha hablado mucho de jerarqu\u00edas, que yo no voy a hablar de jerarqu\u00edas, pero hay una cosa clara que viene del principio que a m\u00ed me gustar\u00eda dejar clara. Si hay jerarqu\u00edas aqu\u00ed, si hay una banda organizada criminal, de la que yo formo parte [ha se\u00f1alado admitiendo su integraci\u00f3n] el se\u00f1or presidente del Gobierno est\u00e1 en el escalaf\u00f3n 1, el se\u00f1or \u00c1balos en el 2, Koldo en el 3 y yo en el 4\u00bb, asegur\u00f3 el empresario. Seg\u00fan su relato, \u00abla gente le cog\u00eda el tel\u00e9fono a Koldo, -en referencia a ministros y asesores-, no porque estuviera detr\u00e1s \u00c1balos. Lo hac\u00edan porque sab\u00edan que era un hombre de Pedro S\u00e1nchez\u00bb.El acusado, que se enfrenta a siete a\u00f1os de prisi\u00f3n, se convirti\u00f3 de un plumazo en testigo de cargo del juicio (hasta el presidente del tribunal, el magistrado Andr\u00e9s Mart\u00ednez Arrieta, tuvo un lapsus al dirigirse a \u00e9l como testigo en vez de acusado) frente al ex ministro y ex secretario de Organizaci\u00f3n del PSOE Jos\u00e9 Luis \u00c1balos y su ex asesor Koldo Garc\u00eda. Pero, tambi\u00e9n, frente al modelo pol\u00edtico y de gesti\u00f3n de fondos p\u00fablicos del Gobierno de S\u00e1nchez (sobornos, comisiones, enchufes, etc.).V\u00edctor de Aldama relat\u00f3 de forma pormenorizada c\u00f3mo logr\u00f3 penetrar en el n\u00facleo de confianza de \u00c1balos, en aquel momento todopoderoso ministro de Fomento y mano derecha del presidente en el partido y el Gobierno. Relat\u00f3 que \u00e9l preguntaba si en Moncloa lo sab\u00edan y que Koldo le contaba que \u00abel presidente todo lo que hacemos lo tiene claro y lo sabe\u00bb; estaba al tanto de todo\u00bb, asegur\u00f3.El comisionista tambi\u00e9n expuso de forma detallada su encuentro con el presidente del Gobierno en 2019, en un reservado en el teatro de La Latina, del que qued\u00f3 constancia en la foto que public\u00f3 EL MUNDO en su d\u00eda: \u00abKoldo me dice que vaya con \u00e9l a una zona privada del teatro. Ah\u00ed estaba el presidente con una persona de seguridad. La persona de seguridad sale y s\u00f3lo se queda Koldo, el presidente y yo. El presidente lo que me dice es 'muchas gracias por todo, s\u00e9 perfectamente lo que est\u00e1s haciendo y solo quer\u00eda darte las gracias'. Me hago una foto con \u00e9l, que la hace Koldo, y nos vamos\u00bb.Aldama detall\u00f3 c\u00f3mo Koldo le convenci\u00f3 para acudir al acto del PSOE: \u00abMe dice, 'V\u00edctor, que es una oportunidad, que van a estar todos, que va a estar el presidente y el jefe'. A \u00c1balos siempre lo hemos denominado como \"el jefe\" por ser el ministro\u00bb.\u00abLa relaci\u00f3n de Koldo con el presidente va mucho m\u00e1s all\u00e1\u00bb, agreg\u00f3. \u00abPor c\u00f3mo le trata y porque no le llama presidente, le llama Pedro. Yo le pregunto 'c\u00f3mo te refieres al presidente como Pedro' y me dice que 'el d\u00eda que el presidente me diga que tengo que llamarle presidente dejo de estar en el partido y me marcho. \u00c9l me debe mucho y \u00e9l sabe por qu\u00e9'\u00bb. Aldama abund\u00f3 en que \u00e9l ve\u00eda al asesor \u00abllamar al presidente y llamarle Pedro, por su nombre, y hablarle en plan coloquial, como habla Koldo. 'Te voy a arrancar la cabeza', le dec\u00eda al presidente. A m\u00ed me sorprend\u00eda bastante\u00bb.A las preguntas del fiscal jefe Anticorrupci\u00f3n, Alejandro Luz\u00f3n, el acusado relat\u00f3 c\u00f3mo se fragu\u00f3 su relaci\u00f3n con Koldo y con \u00c1balos, explicando que aunque en los primeros encuentros en el Ministerio de Transportes no se habl\u00f3 de dinero, \u00e9l, como empresario, vio una \u00aboportunidad\u00bb por estar cerca del ministro. A partir de ah\u00ed, comenz\u00f3 a \u00absembrar\u00bb haciendo favores para ganarse la confianza de ambos -pag\u00f3, por ejemplo, el tratamiento de fertilidad de la mujer de Koldo-. Luego lleg\u00f3 el papel de intermediario y recaudador para fondos en parte destinados al Partido Socialista y, tambi\u00e9n, el reparto de comisiones ilegales.Por otro lado, en la sesi\u00f3n de ayer del juicio, centrada en el interrogatorio de Aldama, tambi\u00e9n qued\u00f3 reflejado el lado m\u00e1s terrenal de los integrantes de la red corrupta. El empresario explic\u00f3, por ejemplo, que Koldo es una persona que \u00abcuando conoce a alguien quiere agradar\u00bb y que con \u00e9l s\u00f3lo le falt\u00f3 \u00abacostarse\u00bb. De \u00c1balos, con el que se reuni\u00f3 en multitud de ocasiones, dijo que era \u00abmucho m\u00e1s reservado\u00bb a la vez que detall\u00f3 las debilidades del ministro y sus l\u00edos con \u00abse\u00f1oritas\u00bb. El empresario admiti\u00f3 que \u00e9l buscaba, cuando se junt\u00f3 con Koldo y el ministro, \u00abnotoriedad\u00bb y tener m\u00e1s poder para hacer sus \u00abnegocios en otro \u00e1mbito\u00bb. \u00abNo me sent\u00eda c\u00f3modo, pero tampoco inc\u00f3modo. Soy un empresario\u00bb, confes\u00f3 sobre los negocios ilegales.Al t\u00e9rmino de su interrogatorio, V\u00edctor de Aldama mostr\u00f3 su arrepentimiento por haber delinquido. \u00abSi tuviera que volver a hacer lo que he hecho no lo har\u00eda pero tampoco nadie me oblig\u00f3\u00bb, admiti\u00f3. Su letrado recalc\u00f3 que su colaboraci\u00f3n con la Justicia contin\u00faa produci\u00e9ndose en estos momentos en la Audiencia Nacional. El acusado conf\u00eda en obtener una rebaja de pena por parte del fiscal.","og_url":"https:\/\/vof-news.eu\/es\/los-ministros-le-cogian-el-telefono-a-koldo-porque-era-un-hombre-del-presidente-aldama-dispara-una-y-otra-vez-contra-sanchez\/","og_site_name":"vof-news.eu","article_published_time":"2026-04-29T23:37:26+00:00","article_modified_time":"2026-04-29T23:37:48+00:00","og_image":[{"width":1366,"height":818,"url":"https:\/\/vof-news.eu\/wp-content\/uploads\/2026\/04\/17774945372049.jpg","type":"image\/jpeg"}],"author":"Author","twitter_card":"summary_large_image","twitter_misc":{"Escrito por":"Author","Tiempo de lectura":"5 minutos"},"schema":{"@context":"https:\/\/schema.org","@graph":[{"@type":"WebPage","@id":"https:\/\/vof-news.eu\/es\/los-ministros-le-cogian-el-telefono-a-koldo-porque-era-un-hombre-del-presidente-aldama-dispara-una-y-otra-vez-contra-sanchez\/","url":"https:\/\/vof-news.eu\/es\/los-ministros-le-cogian-el-telefono-a-koldo-porque-era-un-hombre-del-presidente-aldama-dispara-una-y-otra-vez-contra-sanchez\/","name":"\"Los ministros le cog\u00edan el tel\u00e9fono a Koldo porque era un hombre del presidente\": Aldama dispara una y otra vez contra S\u00e1nchez - vof-news.eu","isPartOf":{"@id":"https:\/\/vof-news.eu\/es\/#website"},"primaryImageOfPage":{"@id":"https:\/\/vof-news.eu\/es\/los-ministros-le-cogian-el-telefono-a-koldo-porque-era-un-hombre-del-presidente-aldama-dispara-una-y-otra-vez-contra-sanchez\/#primaryimage"},"image":{"@id":"https:\/\/vof-news.eu\/es\/los-ministros-le-cogian-el-telefono-a-koldo-porque-era-un-hombre-del-presidente-aldama-dispara-una-y-otra-vez-contra-sanchez\/#primaryimage"},"thumbnailUrl":"https:\/\/vof-news.eu\/wp-content\/uploads\/2026\/04\/17774945372049.jpg","datePublished":"2026-04-29T23:37:26+00:00","dateModified":"2026-04-29T23:37:48+00:00","author":{"@id":"https:\/\/vof-news.eu\/es\/#\/schema\/person\/f6a2a4309f0561835797fd8c19b333ed"},"description":"El comisionista V\u00edctor de Aldama abandon\u00f3 la prisi\u00f3n de Soto del Real (Madrid) el 21 de noviembre de 2024 lanzando un mensaje amenazante al presidente del Gobierno, Pedro S\u00e1nchez: \u00abVa a tener pruebas de todo lo que se ha dicho\u00bb.Diecisiete meses despu\u00e9s, el acusado ha descrito la financiaci\u00f3n irregular del PSOE en sede judicial -a trav\u00e9s de Venezuela y donaciones encubiertas-; ha aportado documentos sobre los ama\u00f1os de obra p\u00fablica que han servido para incoar otro procedimiento en la Audiencia Nacional -por estos hechos Santos Cerd\u00e1n fue a prisi\u00f3n-; y, ha se\u00f1alado a S\u00e1nchez como el jefe -\u00abel n\u00famero 1\u00bb- de la presunta organizaci\u00f3n criminal que en estos momentos juzga el Tribunal Supremo.Durante el extenso interrogatorio que tuvo lugar ayer, Aldama ratific\u00f3 los hechos que ya hab\u00eda reconocido durante la instrucci\u00f3n y aport\u00f3 algunos detalles nuevos sobre los mismos. Pero sobre todo apunt\u00f3 a la connivencia del presidente del Gobierno con la organizaci\u00f3n criminal.El acusado situ\u00f3 una y otra vez al jefe del Ejecutivo como integrante de la trama corrupta y, adem\u00e1s, lo hizo en calidad de dirigente. \u00abSe ha hablado mucho de jerarqu\u00edas, que yo no voy a hablar de jerarqu\u00edas, pero hay una cosa clara que viene del principio que a m\u00ed me gustar\u00eda dejar clara. Si hay jerarqu\u00edas aqu\u00ed, si hay una banda organizada criminal, de la que yo formo parte [ha se\u00f1alado admitiendo su integraci\u00f3n] el se\u00f1or presidente del Gobierno est\u00e1 en el escalaf\u00f3n 1, el se\u00f1or \u00c1balos en el 2, Koldo en el 3 y yo en el 4\u00bb, asegur\u00f3 el empresario. Seg\u00fan su relato, \u00abla gente le cog\u00eda el tel\u00e9fono a Koldo, -en referencia a ministros y asesores-, no porque estuviera detr\u00e1s \u00c1balos. Lo hac\u00edan porque sab\u00edan que era un hombre de Pedro S\u00e1nchez\u00bb.El acusado, que se enfrenta a siete a\u00f1os de prisi\u00f3n, se convirti\u00f3 de un plumazo en testigo de cargo del juicio (hasta el presidente del tribunal, el magistrado Andr\u00e9s Mart\u00ednez Arrieta, tuvo un lapsus al dirigirse a \u00e9l como testigo en vez de acusado) frente al ex ministro y ex secretario de Organizaci\u00f3n del PSOE Jos\u00e9 Luis \u00c1balos y su ex asesor Koldo Garc\u00eda. Pero, tambi\u00e9n, frente al modelo pol\u00edtico y de gesti\u00f3n de fondos p\u00fablicos del Gobierno de S\u00e1nchez (sobornos, comisiones, enchufes, etc.).V\u00edctor de Aldama relat\u00f3 de forma pormenorizada c\u00f3mo logr\u00f3 penetrar en el n\u00facleo de confianza de \u00c1balos, en aquel momento todopoderoso ministro de Fomento y mano derecha del presidente en el partido y el Gobierno. Relat\u00f3 que \u00e9l preguntaba si en Moncloa lo sab\u00edan y que Koldo le contaba que \u00abel presidente todo lo que hacemos lo tiene claro y lo sabe\u00bb; estaba al tanto de todo\u00bb, asegur\u00f3.El comisionista tambi\u00e9n expuso de forma detallada su encuentro con el presidente del Gobierno en 2019, en un reservado en el teatro de La Latina, del que qued\u00f3 constancia en la foto que public\u00f3 EL MUNDO en su d\u00eda: \u00abKoldo me dice que vaya con \u00e9l a una zona privada del teatro. Ah\u00ed estaba el presidente con una persona de seguridad. La persona de seguridad sale y s\u00f3lo se queda Koldo, el presidente y yo. El presidente lo que me dice es 'muchas gracias por todo, s\u00e9 perfectamente lo que est\u00e1s haciendo y solo quer\u00eda darte las gracias'. Me hago una foto con \u00e9l, que la hace Koldo, y nos vamos\u00bb.Aldama detall\u00f3 c\u00f3mo Koldo le convenci\u00f3 para acudir al acto del PSOE: \u00abMe dice, 'V\u00edctor, que es una oportunidad, que van a estar todos, que va a estar el presidente y el jefe'. A \u00c1balos siempre lo hemos denominado como \"el jefe\" por ser el ministro\u00bb.\u00abLa relaci\u00f3n de Koldo con el presidente va mucho m\u00e1s all\u00e1\u00bb, agreg\u00f3. \u00abPor c\u00f3mo le trata y porque no le llama presidente, le llama Pedro. Yo le pregunto 'c\u00f3mo te refieres al presidente como Pedro' y me dice que 'el d\u00eda que el presidente me diga que tengo que llamarle presidente dejo de estar en el partido y me marcho. \u00c9l me debe mucho y \u00e9l sabe por qu\u00e9'\u00bb. Aldama abund\u00f3 en que \u00e9l ve\u00eda al asesor \u00abllamar al presidente y llamarle Pedro, por su nombre, y hablarle en plan coloquial, como habla Koldo. 'Te voy a arrancar la cabeza', le dec\u00eda al presidente. A m\u00ed me sorprend\u00eda bastante\u00bb.A las preguntas del fiscal jefe Anticorrupci\u00f3n, Alejandro Luz\u00f3n, el acusado relat\u00f3 c\u00f3mo se fragu\u00f3 su relaci\u00f3n con Koldo y con \u00c1balos, explicando que aunque en los primeros encuentros en el Ministerio de Transportes no se habl\u00f3 de dinero, \u00e9l, como empresario, vio una \u00aboportunidad\u00bb por estar cerca del ministro. A partir de ah\u00ed, comenz\u00f3 a \u00absembrar\u00bb haciendo favores para ganarse la confianza de ambos -pag\u00f3, por ejemplo, el tratamiento de fertilidad de la mujer de Koldo-. Luego lleg\u00f3 el papel de intermediario y recaudador para fondos en parte destinados al Partido Socialista y, tambi\u00e9n, el reparto de comisiones ilegales.Por otro lado, en la sesi\u00f3n de ayer del juicio, centrada en el interrogatorio de Aldama, tambi\u00e9n qued\u00f3 reflejado el lado m\u00e1s terrenal de los integrantes de la red corrupta. El empresario explic\u00f3, por ejemplo, que Koldo es una persona que \u00abcuando conoce a alguien quiere agradar\u00bb y que con \u00e9l s\u00f3lo le falt\u00f3 \u00abacostarse\u00bb. De \u00c1balos, con el que se reuni\u00f3 en multitud de ocasiones, dijo que era \u00abmucho m\u00e1s reservado\u00bb a la vez que detall\u00f3 las debilidades del ministro y sus l\u00edos con \u00abse\u00f1oritas\u00bb. El empresario admiti\u00f3 que \u00e9l buscaba, cuando se junt\u00f3 con Koldo y el ministro, \u00abnotoriedad\u00bb y tener m\u00e1s poder para hacer sus \u00abnegocios en otro \u00e1mbito\u00bb. \u00abNo me sent\u00eda c\u00f3modo, pero tampoco inc\u00f3modo. Soy un empresario\u00bb, confes\u00f3 sobre los negocios ilegales.Al t\u00e9rmino de su interrogatorio, V\u00edctor de Aldama mostr\u00f3 su arrepentimiento por haber delinquido. \u00abSi tuviera que volver a hacer lo que he hecho no lo har\u00eda pero tampoco nadie me oblig\u00f3\u00bb, admiti\u00f3. Su letrado recalc\u00f3 que su colaboraci\u00f3n con la Justicia contin\u00faa produci\u00e9ndose en estos momentos en la Audiencia Nacional. El acusado conf\u00eda en obtener una rebaja de pena por parte del fiscal.","breadcrumb":{"@id":"https:\/\/vof-news.eu\/es\/los-ministros-le-cogian-el-telefono-a-koldo-porque-era-un-hombre-del-presidente-aldama-dispara-una-y-otra-vez-contra-sanchez\/#breadcrumb"},"inLanguage":"es","potentialAction":[{"@type":"ReadAction","target":["https:\/\/vof-news.eu\/es\/los-ministros-le-cogian-el-telefono-a-koldo-porque-era-un-hombre-del-presidente-aldama-dispara-una-y-otra-vez-contra-sanchez\/"]}]},{"@type":"ImageObject","inLanguage":"es","@id":"https:\/\/vof-news.eu\/es\/los-ministros-le-cogian-el-telefono-a-koldo-porque-era-un-hombre-del-presidente-aldama-dispara-una-y-otra-vez-contra-sanchez\/#primaryimage","url":"https:\/\/vof-news.eu\/wp-content\/uploads\/2026\/04\/17774945372049.jpg","contentUrl":"https:\/\/vof-news.eu\/wp-content\/uploads\/2026\/04\/17774945372049.jpg","width":1366,"height":818,"caption":"29\/04\/2026. Madrid. Juicio por el caso mascarillas por presuntas irregularidades en los contratos de mascarillas adjudicados desde el Ministerio de Transportes durante la pandemia. Pantallazos interior de la sala. V\u00edctor Aldama declarando"},{"@type":"BreadcrumbList","@id":"https:\/\/vof-news.eu\/es\/los-ministros-le-cogian-el-telefono-a-koldo-porque-era-un-hombre-del-presidente-aldama-dispara-una-y-otra-vez-contra-sanchez\/#breadcrumb","itemListElement":[{"@type":"ListItem","position":1,"name":"Home","item":"https:\/\/vof-news.eu\/es\/"},{"@type":"ListItem","position":2,"name":"&#8220;Los ministros le cog\u00edan el tel\u00e9fono a Koldo porque era un hombre del presidente&#8221;: Aldama dispara una y otra vez contra S\u00e1nchez"}]},{"@type":"WebSite","@id":"https:\/\/vof-news.eu\/es\/#website","url":"https:\/\/vof-news.eu\/es\/","name":"vof-news.eu","description":"","potentialAction":[{"@type":"SearchAction","target":{"@type":"EntryPoint","urlTemplate":"https:\/\/vof-news.eu\/es\/?s={search_term_string}"},"query-input":"required name=search_term_string"}],"inLanguage":"es"},{"@type":"Person","@id":"https:\/\/vof-news.eu\/es\/#\/schema\/person\/f6a2a4309f0561835797fd8c19b333ed","name":"Author","image":{"@type":"ImageObject","inLanguage":"es","@id":"https:\/\/vof-news.eu\/es\/#\/schema\/person\/image\/","url":"https:\/\/secure.gravatar.com\/avatar\/b67e614b1b25b3e9c0c239efdd2fde5ab015b5affd6f1c3c85911ca4b384e790?s=96&d=mm&r=g","contentUrl":"https:\/\/secure.gravatar.com\/avatar\/b67e614b1b25b3e9c0c239efdd2fde5ab015b5affd6f1c3c85911ca4b384e790?s=96&d=mm&r=g","caption":"Author"},"sameAs":["http:\/\/vof-news.eu"],"url":"https:\/\/vof-news.eu\/es\/author\/zwt6qxnjulxbnyg\/"}]}},"yoast_meta":{"yoast_wpseo_title":"","yoast_wpseo_metadesc":"","yoast_wpseo_canonical":""},"_links":{"self":[{"href":"https:\/\/vof-news.eu\/es\/wp-json\/wp\/v2\/posts\/335147","targetHints":{"allow":["GET"]}}],"collection":[{"href":"https:\/\/vof-news.eu\/es\/wp-json\/wp\/v2\/posts"}],"about":[{"href":"https:\/\/vof-news.eu\/es\/wp-json\/wp\/v2\/types\/post"}],"author":[{"embeddable":true,"href":"https:\/\/vof-news.eu\/es\/wp-json\/wp\/v2\/users\/1"}],"replies":[{"embeddable":true,"href":"https:\/\/vof-news.eu\/es\/wp-json\/wp\/v2\/comments?post=335147"}],"version-history":[{"count":1,"href":"https:\/\/vof-news.eu\/es\/wp-json\/wp\/v2\/posts\/335147\/revisions"}],"predecessor-version":[{"id":335155,"href":"https:\/\/vof-news.eu\/es\/wp-json\/wp\/v2\/posts\/335147\/revisions\/335155"}],"wp:featuredmedia":[{"embeddable":true,"href":"https:\/\/vof-news.eu\/es\/wp-json\/wp\/v2\/media\/335140"}],"wp:attachment":[{"href":"https:\/\/vof-news.eu\/es\/wp-json\/wp\/v2\/media?parent=335147"}],"wp:term":[{"taxonomy":"category","embeddable":true,"href":"https:\/\/vof-news.eu\/es\/wp-json\/wp\/v2\/categories?post=335147"},{"taxonomy":"post_tag","embeddable":true,"href":"https:\/\/vof-news.eu\/es\/wp-json\/wp\/v2\/tags?post=335147"}],"curies":[{"name":"wp","href":"https:\/\/api.w.org\/{rel}","templated":true}]}}