{"id":335116,"date":"2026-04-29T21:58:39","date_gmt":"2026-04-29T18:58:39","guid":{"rendered":"https:\/\/vof-news.eu\/juicio-a-abalos-koldo-y-aldama-por-el-caso-mascarillas-en-directo-aldama-situa-a-sanchez-como-el-1-de-la-organizacion-criminal-abalos-era-el-2-koldo-el-3-y-yo-el-4\/"},"modified":"2026-04-29T21:58:47","modified_gmt":"2026-04-29T18:58:47","slug":"juicio-a-abalos-koldo-y-aldama-por-el-caso-mascarillas-en-directo-aldama-situa-a-sanchez-como-el-1-de-la-organizacion-criminal-abalos-era-el-2-koldo-el-3-y-yo-el-4","status":"publish","type":"post","link":"https:\/\/vof-news.eu\/es\/juicio-a-abalos-koldo-y-aldama-por-el-caso-mascarillas-en-directo-aldama-situa-a-sanchez-como-el-1-de-la-organizacion-criminal-abalos-era-el-2-koldo-el-3-y-yo-el-4\/","title":{"rendered":"Juicio a \u00c1balos, Koldo y Aldama por el Caso Mascarillas, en directo | Aldama sit\u00faa a S\u00e1nchez como \u00abel 1 de la organizaci\u00f3n criminal\u00bb: \u00ab\u00c1balos era el 2, Koldo el 3 y yo el 4\u00bb"},"content":{"rendered":"<div>\n<p>\u00abLa gente le cog\u00eda el tel\u00e9fono a Koldo, ministros y asesores, no porque estuviera detr\u00e1s \u00c1balos. Lo hac\u00edan porque sab\u00edan que era un hombre de Pedro S\u00e1nchez\u00bb. Es una de las frases que ha pronunciado este mi\u00e9rcoles en el Tribunal Supremo <strong>V\u00edctor de Aldama<\/strong>. En su declaraci\u00f3n ha se\u00f1alado directamente al presidente del Gobierno. <strong>\u00abSi hay una organizaci\u00f3n criminal, de la que yo formo parte, el se\u00f1or presidente del Gobierno est\u00e1 en el escalaf\u00f3n 1, el se\u00f1or \u00c1balos en el 2, Koldo en el 3 y yo en el 4\u00bb, <\/strong>ha asegurado Aldama.<\/p>\n<p>En el interrogatorio, que ha concluido a las siete de la tarde, no s\u00f3lo ha salido a relucir <strong>el pago de comisiones a Jos\u00e9 Luis \u00c1balos y Koldo Garc\u00eda<\/strong> por sus gestiones para favorecer la compra de mascarillas de la empresa Soluciones de Gesti\u00f3n. Aldama tambi\u00e9n ha apuntado a la <a href=\"https:\/\/www.elmundo.es\/espana\/2026\/04\/29\/69f1d93921efa0f73c8b4580.html\" rel=\"nofollow\"><strong>financiaci\u00f3n ilegal del PSOE con el conocimiento de Pedro S\u00e1nchez<\/strong><\/a>, ha aludido a los contactos con Venezuela, a las \u00abse\u00f1oritas\u00bb de \u00c1balos, al <a href=\"https:\/\/www.elmundo.es\/espana\/2026\/04\/29\/69f24601e85ece790f8b4573.html\" rel=\"nofollow\"><strong>inter\u00e9s de Bego\u00f1a G\u00f3mez por una operaci\u00f3n inmobiliaria de la SEPI.<\/strong><\/a><\/p>\n<p>A prop\u00f3sito de <a href=\"https:\/\/www.elmundo.es\/espana\/2026\/04\/29\/69f1c0fae9cf4aa6258b456d.html\" rel=\"nofollow\"><strong>su foto con S\u00e1nchez,<\/strong><\/a> V\u00edctor de Aldama ha descrito la relaci\u00f3n de confianza entre Koldo Garc\u00eda y el l\u00edder socialista. El PSOE acusa al empresario imputado de <a href=\"https:\/\/www.elmundo.es\/espana\/2026\/04\/29\/69f1ebf3e4d4d8a7178b45ac.html\" rel=\"nofollow\"><strong>\u00abse\u00f1alar sin pruebas\u00bb<\/strong><\/a> al presidente del Gobierno. Por su parte, Feij\u00f3o subraya el silencio de S\u00e1nchez: <a href=\"https:\/\/www.elmundo.es\/espana\/2026\/04\/29\/69f249ddfc6c83944a8b4591.html\" rel=\"nofollow\"><strong>\u00abSi a esta hora no se ha querellado, entonces de inventada nada\u00bb<\/strong><\/a><strong>. <\/strong><\/p>\n<\/div>\n","protected":false},"excerpt":{"rendered":"<p>\u00abLa gente le cog\u00eda el tel\u00e9fono a Koldo, ministros y asesores, no porque estuviera detr\u00e1s \u00c1balos. Lo hac\u00edan porque sab\u00edan que era un hombre de Pedro S\u00e1nchez\u00bb. Es una de las frases que ha pronunciado este mi\u00e9rcoles en el Tribunal Supremo V\u00edctor de Aldama. En su declaraci\u00f3n ha se\u00f1alado directamente al presidente del Gobierno. \u00abSi<\/p>\n","protected":false},"author":1,"featured_media":335110,"comment_status":"open","ping_status":"open","sticky":false,"template":"","format":"standard","meta":{"footnotes":""},"categories":[47],"tags":[],"class_list":["post-335116","post","type-post","status-publish","format-standard","has-post-thumbnail","hentry","category-interview-es"],"acf":[],"yoast_head":"<!-- This site is optimized with the Yoast SEO plugin v22.9 - https:\/\/yoast.com\/wordpress\/plugins\/seo\/ -->\n<title>Juicio a \u00c1balos, Koldo y Aldama por el Caso Mascarillas, en directo | Aldama sit\u00faa a S\u00e1nchez como &quot;el 1 de la organizaci\u00f3n criminal&quot;: &quot;\u00c1balos era el 2, Koldo el 3 y yo el 4&quot; - vof-news.eu<\/title>\n<meta name=\"description\" content=\"&quot;La gente le cog\u00eda el tel\u00e9fono a Koldo, ministros y asesores, no porque estuviera detr\u00e1s \u00c1balos. Lo hac\u00edan porque sab\u00edan que era un hombre de Pedro S\u00e1nchez&quot;. Es una de las frases que ha pronunciado este mi\u00e9rcoles en el Tribunal Supremo V\u00edctor de Aldama. En su declaraci\u00f3n ha se\u00f1alado directamente al presidente del Gobierno. &quot;Si hay una organizaci\u00f3n criminal, de la que yo formo parte, el se\u00f1or presidente del Gobierno est\u00e1 en el escalaf\u00f3n 1, el se\u00f1or \u00c1balos en el 2, Koldo en el 3 y yo en el 4&quot;, ha asegurado Aldama.En el interrogatorio, que ha concluido a las siete de la tarde, no s\u00f3lo ha salido a relucir el pago de comisiones a Jos\u00e9 Luis \u00c1balos y Koldo Garc\u00eda por sus gestiones para favorecer la compra de mascarillas de la empresa Soluciones de Gesti\u00f3n. Aldama tambi\u00e9n ha apuntado a la financiaci\u00f3n ilegal del PSOE con el conocimiento de Pedro S\u00e1nchez, ha aludido a los contactos con Venezuela, a las &quot;se\u00f1oritas&quot; de \u00c1balos, al inter\u00e9s de Bego\u00f1a G\u00f3mez por una operaci\u00f3n inmobiliaria de la SEPI.A prop\u00f3sito de su foto con S\u00e1nchez, V\u00edctor de Aldama ha descrito la relaci\u00f3n de confianza entre Koldo Garc\u00eda y el l\u00edder socialista. El PSOE acusa al empresario imputado de &quot;se\u00f1alar sin pruebas&quot; al presidente del Gobierno. Por su parte, Feij\u00f3o subraya el silencio de S\u00e1nchez: &quot;Si a esta hora no se ha querellado, entonces de inventada nada&quot;.\" \/>\n<meta name=\"robots\" content=\"noindex, follow, max-snippet:-1, max-image-preview:large, max-video-preview:-1\" \/>\n<meta property=\"og:locale\" content=\"es_ES\" \/>\n<meta property=\"og:type\" content=\"article\" \/>\n<meta property=\"og:title\" content=\"Juicio a \u00c1balos, Koldo y Aldama por el Caso Mascarillas, en directo | Aldama sit\u00faa a S\u00e1nchez como &quot;el 1 de la organizaci\u00f3n criminal&quot;: &quot;\u00c1balos era el 2, Koldo el 3 y yo el 4&quot; - vof-news.eu\" \/>\n<meta property=\"og:description\" content=\"&quot;La gente le cog\u00eda el tel\u00e9fono a Koldo, ministros y asesores, no porque estuviera detr\u00e1s \u00c1balos. Lo hac\u00edan porque sab\u00edan que era un hombre de Pedro S\u00e1nchez&quot;. Es una de las frases que ha pronunciado este mi\u00e9rcoles en el Tribunal Supremo V\u00edctor de Aldama. En su declaraci\u00f3n ha se\u00f1alado directamente al presidente del Gobierno. &quot;Si hay una organizaci\u00f3n criminal, de la que yo formo parte, el se\u00f1or presidente del Gobierno est\u00e1 en el escalaf\u00f3n 1, el se\u00f1or \u00c1balos en el 2, Koldo en el 3 y yo en el 4&quot;, ha asegurado Aldama.En el interrogatorio, que ha concluido a las siete de la tarde, no s\u00f3lo ha salido a relucir el pago de comisiones a Jos\u00e9 Luis \u00c1balos y Koldo Garc\u00eda por sus gestiones para favorecer la compra de mascarillas de la empresa Soluciones de Gesti\u00f3n. Aldama tambi\u00e9n ha apuntado a la financiaci\u00f3n ilegal del PSOE con el conocimiento de Pedro S\u00e1nchez, ha aludido a los contactos con Venezuela, a las &quot;se\u00f1oritas&quot; de \u00c1balos, al inter\u00e9s de Bego\u00f1a G\u00f3mez por una operaci\u00f3n inmobiliaria de la SEPI.A prop\u00f3sito de su foto con S\u00e1nchez, V\u00edctor de Aldama ha descrito la relaci\u00f3n de confianza entre Koldo Garc\u00eda y el l\u00edder socialista. El PSOE acusa al empresario imputado de &quot;se\u00f1alar sin pruebas&quot; al presidente del Gobierno. Por su parte, Feij\u00f3o subraya el silencio de S\u00e1nchez: &quot;Si a esta hora no se ha querellado, entonces de inventada nada&quot;.\" \/>\n<meta property=\"og:url\" content=\"https:\/\/vof-news.eu\/es\/juicio-a-abalos-koldo-y-aldama-por-el-caso-mascarillas-en-directo-aldama-situa-a-sanchez-como-el-1-de-la-organizacion-criminal-abalos-era-el-2-koldo-el-3-y-yo-el-4\/\" \/>\n<meta property=\"og:site_name\" content=\"vof-news.eu\" \/>\n<meta property=\"article:published_time\" content=\"2026-04-29T18:58:39+00:00\" \/>\n<meta property=\"article:modified_time\" content=\"2026-04-29T18:58:47+00:00\" \/>\n<meta property=\"og:image\" content=\"https:\/\/vof-news.eu\/wp-content\/uploads\/2026\/04\/17774740462230.jpg\" \/>\n\t<meta property=\"og:image:width\" content=\"600\" \/>\n\t<meta property=\"og:image:height\" content=\"400\" \/>\n\t<meta property=\"og:image:type\" content=\"image\/jpeg\" \/>\n<meta name=\"author\" content=\"Author\" \/>\n<meta name=\"twitter:card\" content=\"summary_large_image\" \/>\n<meta name=\"twitter:label1\" content=\"Escrito por\" \/>\n\t<meta name=\"twitter:data1\" content=\"Author\" \/>\n\t<meta name=\"twitter:label2\" content=\"Tiempo de lectura\" \/>\n\t<meta name=\"twitter:data2\" content=\"1 minuto\" \/>\n<script type=\"application\/ld+json\" class=\"yoast-schema-graph\">{\"@context\":\"https:\/\/schema.org\",\"@graph\":[{\"@type\":\"WebPage\",\"@id\":\"https:\/\/vof-news.eu\/es\/juicio-a-abalos-koldo-y-aldama-por-el-caso-mascarillas-en-directo-aldama-situa-a-sanchez-como-el-1-de-la-organizacion-criminal-abalos-era-el-2-koldo-el-3-y-yo-el-4\/\",\"url\":\"https:\/\/vof-news.eu\/es\/juicio-a-abalos-koldo-y-aldama-por-el-caso-mascarillas-en-directo-aldama-situa-a-sanchez-como-el-1-de-la-organizacion-criminal-abalos-era-el-2-koldo-el-3-y-yo-el-4\/\",\"name\":\"Juicio a \u00c1balos, Koldo y Aldama por el Caso Mascarillas, en directo | Aldama sit\u00faa a S\u00e1nchez como \\\"el 1 de la organizaci\u00f3n criminal\\\": \\\"\u00c1balos era el 2, Koldo el 3 y yo el 4\\\" - vof-news.eu\",\"isPartOf\":{\"@id\":\"https:\/\/vof-news.eu\/es\/#website\"},\"primaryImageOfPage\":{\"@id\":\"https:\/\/vof-news.eu\/es\/juicio-a-abalos-koldo-y-aldama-por-el-caso-mascarillas-en-directo-aldama-situa-a-sanchez-como-el-1-de-la-organizacion-criminal-abalos-era-el-2-koldo-el-3-y-yo-el-4\/#primaryimage\"},\"image\":{\"@id\":\"https:\/\/vof-news.eu\/es\/juicio-a-abalos-koldo-y-aldama-por-el-caso-mascarillas-en-directo-aldama-situa-a-sanchez-como-el-1-de-la-organizacion-criminal-abalos-era-el-2-koldo-el-3-y-yo-el-4\/#primaryimage\"},\"thumbnailUrl\":\"https:\/\/vof-news.eu\/wp-content\/uploads\/2026\/04\/17774740462230.jpg\",\"datePublished\":\"2026-04-29T18:58:39+00:00\",\"dateModified\":\"2026-04-29T18:58:47+00:00\",\"author\":{\"@id\":\"https:\/\/vof-news.eu\/es\/#\/schema\/person\/f6a2a4309f0561835797fd8c19b333ed\"},\"description\":\"\\\"La gente le cog\u00eda el tel\u00e9fono a Koldo, ministros y asesores, no porque estuviera detr\u00e1s \u00c1balos. Lo hac\u00edan porque sab\u00edan que era un hombre de Pedro S\u00e1nchez\\\". Es una de las frases que ha pronunciado este mi\u00e9rcoles en el Tribunal Supremo V\u00edctor de Aldama. En su declaraci\u00f3n ha se\u00f1alado directamente al presidente del Gobierno. \\\"Si hay una organizaci\u00f3n criminal, de la que yo formo parte, el se\u00f1or presidente del Gobierno est\u00e1 en el escalaf\u00f3n 1, el se\u00f1or \u00c1balos en el 2, Koldo en el 3 y yo en el 4\\\", ha asegurado Aldama.En el interrogatorio, que ha concluido a las siete de la tarde, no s\u00f3lo ha salido a relucir el pago de comisiones a Jos\u00e9 Luis \u00c1balos y Koldo Garc\u00eda por sus gestiones para favorecer la compra de mascarillas de la empresa Soluciones de Gesti\u00f3n. Aldama tambi\u00e9n ha apuntado a la financiaci\u00f3n ilegal del PSOE con el conocimiento de Pedro S\u00e1nchez, ha aludido a los contactos con Venezuela, a las \\\"se\u00f1oritas\\\" de \u00c1balos, al inter\u00e9s de Bego\u00f1a G\u00f3mez por una operaci\u00f3n inmobiliaria de la SEPI.A prop\u00f3sito de su foto con S\u00e1nchez, V\u00edctor de Aldama ha descrito la relaci\u00f3n de confianza entre Koldo Garc\u00eda y el l\u00edder socialista. El PSOE acusa al empresario imputado de \\\"se\u00f1alar sin pruebas\\\" al presidente del Gobierno. Por su parte, Feij\u00f3o subraya el silencio de S\u00e1nchez: \\\"Si a esta hora no se ha querellado, entonces de inventada nada\\\".\",\"breadcrumb\":{\"@id\":\"https:\/\/vof-news.eu\/es\/juicio-a-abalos-koldo-y-aldama-por-el-caso-mascarillas-en-directo-aldama-situa-a-sanchez-como-el-1-de-la-organizacion-criminal-abalos-era-el-2-koldo-el-3-y-yo-el-4\/#breadcrumb\"},\"inLanguage\":\"es\",\"potentialAction\":[{\"@type\":\"ReadAction\",\"target\":[\"https:\/\/vof-news.eu\/es\/juicio-a-abalos-koldo-y-aldama-por-el-caso-mascarillas-en-directo-aldama-situa-a-sanchez-como-el-1-de-la-organizacion-criminal-abalos-era-el-2-koldo-el-3-y-yo-el-4\/\"]}]},{\"@type\":\"ImageObject\",\"inLanguage\":\"es\",\"@id\":\"https:\/\/vof-news.eu\/es\/juicio-a-abalos-koldo-y-aldama-por-el-caso-mascarillas-en-directo-aldama-situa-a-sanchez-como-el-1-de-la-organizacion-criminal-abalos-era-el-2-koldo-el-3-y-yo-el-4\/#primaryimage\",\"url\":\"https:\/\/vof-news.eu\/wp-content\/uploads\/2026\/04\/17774740462230.jpg\",\"contentUrl\":\"https:\/\/vof-news.eu\/wp-content\/uploads\/2026\/04\/17774740462230.jpg\",\"width\":600,\"height\":400},{\"@type\":\"BreadcrumbList\",\"@id\":\"https:\/\/vof-news.eu\/es\/juicio-a-abalos-koldo-y-aldama-por-el-caso-mascarillas-en-directo-aldama-situa-a-sanchez-como-el-1-de-la-organizacion-criminal-abalos-era-el-2-koldo-el-3-y-yo-el-4\/#breadcrumb\",\"itemListElement\":[{\"@type\":\"ListItem\",\"position\":1,\"name\":\"Home\",\"item\":\"https:\/\/vof-news.eu\/es\/\"},{\"@type\":\"ListItem\",\"position\":2,\"name\":\"Juicio a \u00c1balos, Koldo y Aldama por el Caso Mascarillas, en directo | Aldama sit\u00faa a S\u00e1nchez como &#8220;el 1 de la organizaci\u00f3n criminal&#8221;: &#8220;\u00c1balos era el 2, Koldo el 3 y yo el 4&#8221;\"}]},{\"@type\":\"WebSite\",\"@id\":\"https:\/\/vof-news.eu\/es\/#website\",\"url\":\"https:\/\/vof-news.eu\/es\/\",\"name\":\"vof-news.eu\",\"description\":\"\",\"potentialAction\":[{\"@type\":\"SearchAction\",\"target\":{\"@type\":\"EntryPoint\",\"urlTemplate\":\"https:\/\/vof-news.eu\/es\/?s={search_term_string}\"},\"query-input\":\"required name=search_term_string\"}],\"inLanguage\":\"es\"},{\"@type\":\"Person\",\"@id\":\"https:\/\/vof-news.eu\/es\/#\/schema\/person\/f6a2a4309f0561835797fd8c19b333ed\",\"name\":\"Author\",\"image\":{\"@type\":\"ImageObject\",\"inLanguage\":\"es\",\"@id\":\"https:\/\/vof-news.eu\/es\/#\/schema\/person\/image\/\",\"url\":\"https:\/\/secure.gravatar.com\/avatar\/b67e614b1b25b3e9c0c239efdd2fde5ab015b5affd6f1c3c85911ca4b384e790?s=96&d=mm&r=g\",\"contentUrl\":\"https:\/\/secure.gravatar.com\/avatar\/b67e614b1b25b3e9c0c239efdd2fde5ab015b5affd6f1c3c85911ca4b384e790?s=96&d=mm&r=g\",\"caption\":\"Author\"},\"sameAs\":[\"http:\/\/vof-news.eu\"],\"url\":\"https:\/\/vof-news.eu\/es\/author\/zwt6qxnjulxbnyg\/\"}]}<\/script>\n<!-- \/ Yoast SEO plugin. -->","yoast_head_json":{"title":"Juicio a \u00c1balos, Koldo y Aldama por el Caso Mascarillas, en directo | Aldama sit\u00faa a S\u00e1nchez como \"el 1 de la organizaci\u00f3n criminal\": \"\u00c1balos era el 2, Koldo el 3 y yo el 4\" - vof-news.eu","description":"\"La gente le cog\u00eda el tel\u00e9fono a Koldo, ministros y asesores, no porque estuviera detr\u00e1s \u00c1balos. Lo hac\u00edan porque sab\u00edan que era un hombre de Pedro S\u00e1nchez\". Es una de las frases que ha pronunciado este mi\u00e9rcoles en el Tribunal Supremo V\u00edctor de Aldama. En su declaraci\u00f3n ha se\u00f1alado directamente al presidente del Gobierno. \"Si hay una organizaci\u00f3n criminal, de la que yo formo parte, el se\u00f1or presidente del Gobierno est\u00e1 en el escalaf\u00f3n 1, el se\u00f1or \u00c1balos en el 2, Koldo en el 3 y yo en el 4\", ha asegurado Aldama.En el interrogatorio, que ha concluido a las siete de la tarde, no s\u00f3lo ha salido a relucir el pago de comisiones a Jos\u00e9 Luis \u00c1balos y Koldo Garc\u00eda por sus gestiones para favorecer la compra de mascarillas de la empresa Soluciones de Gesti\u00f3n. Aldama tambi\u00e9n ha apuntado a la financiaci\u00f3n ilegal del PSOE con el conocimiento de Pedro S\u00e1nchez, ha aludido a los contactos con Venezuela, a las \"se\u00f1oritas\" de \u00c1balos, al inter\u00e9s de Bego\u00f1a G\u00f3mez por una operaci\u00f3n inmobiliaria de la SEPI.A prop\u00f3sito de su foto con S\u00e1nchez, V\u00edctor de Aldama ha descrito la relaci\u00f3n de confianza entre Koldo Garc\u00eda y el l\u00edder socialista. El PSOE acusa al empresario imputado de \"se\u00f1alar sin pruebas\" al presidente del Gobierno. Por su parte, Feij\u00f3o subraya el silencio de S\u00e1nchez: \"Si a esta hora no se ha querellado, entonces de inventada nada\".","robots":{"index":"noindex","follow":"follow","max-snippet":"max-snippet:-1","max-image-preview":"max-image-preview:large","max-video-preview":"max-video-preview:-1"},"og_locale":"es_ES","og_type":"article","og_title":"Juicio a \u00c1balos, Koldo y Aldama por el Caso Mascarillas, en directo | Aldama sit\u00faa a S\u00e1nchez como \"el 1 de la organizaci\u00f3n criminal\": \"\u00c1balos era el 2, Koldo el 3 y yo el 4\" - vof-news.eu","og_description":"\"La gente le cog\u00eda el tel\u00e9fono a Koldo, ministros y asesores, no porque estuviera detr\u00e1s \u00c1balos. Lo hac\u00edan porque sab\u00edan que era un hombre de Pedro S\u00e1nchez\". Es una de las frases que ha pronunciado este mi\u00e9rcoles en el Tribunal Supremo V\u00edctor de Aldama. En su declaraci\u00f3n ha se\u00f1alado directamente al presidente del Gobierno. \"Si hay una organizaci\u00f3n criminal, de la que yo formo parte, el se\u00f1or presidente del Gobierno est\u00e1 en el escalaf\u00f3n 1, el se\u00f1or \u00c1balos en el 2, Koldo en el 3 y yo en el 4\", ha asegurado Aldama.En el interrogatorio, que ha concluido a las siete de la tarde, no s\u00f3lo ha salido a relucir el pago de comisiones a Jos\u00e9 Luis \u00c1balos y Koldo Garc\u00eda por sus gestiones para favorecer la compra de mascarillas de la empresa Soluciones de Gesti\u00f3n. Aldama tambi\u00e9n ha apuntado a la financiaci\u00f3n ilegal del PSOE con el conocimiento de Pedro S\u00e1nchez, ha aludido a los contactos con Venezuela, a las \"se\u00f1oritas\" de \u00c1balos, al inter\u00e9s de Bego\u00f1a G\u00f3mez por una operaci\u00f3n inmobiliaria de la SEPI.A prop\u00f3sito de su foto con S\u00e1nchez, V\u00edctor de Aldama ha descrito la relaci\u00f3n de confianza entre Koldo Garc\u00eda y el l\u00edder socialista. El PSOE acusa al empresario imputado de \"se\u00f1alar sin pruebas\" al presidente del Gobierno. Por su parte, Feij\u00f3o subraya el silencio de S\u00e1nchez: \"Si a esta hora no se ha querellado, entonces de inventada nada\".","og_url":"https:\/\/vof-news.eu\/es\/juicio-a-abalos-koldo-y-aldama-por-el-caso-mascarillas-en-directo-aldama-situa-a-sanchez-como-el-1-de-la-organizacion-criminal-abalos-era-el-2-koldo-el-3-y-yo-el-4\/","og_site_name":"vof-news.eu","article_published_time":"2026-04-29T18:58:39+00:00","article_modified_time":"2026-04-29T18:58:47+00:00","og_image":[{"width":600,"height":400,"url":"https:\/\/vof-news.eu\/wp-content\/uploads\/2026\/04\/17774740462230.jpg","type":"image\/jpeg"}],"author":"Author","twitter_card":"summary_large_image","twitter_misc":{"Escrito por":"Author","Tiempo de lectura":"1 minuto"},"schema":{"@context":"https:\/\/schema.org","@graph":[{"@type":"WebPage","@id":"https:\/\/vof-news.eu\/es\/juicio-a-abalos-koldo-y-aldama-por-el-caso-mascarillas-en-directo-aldama-situa-a-sanchez-como-el-1-de-la-organizacion-criminal-abalos-era-el-2-koldo-el-3-y-yo-el-4\/","url":"https:\/\/vof-news.eu\/es\/juicio-a-abalos-koldo-y-aldama-por-el-caso-mascarillas-en-directo-aldama-situa-a-sanchez-como-el-1-de-la-organizacion-criminal-abalos-era-el-2-koldo-el-3-y-yo-el-4\/","name":"Juicio a \u00c1balos, Koldo y Aldama por el Caso Mascarillas, en directo | Aldama sit\u00faa a S\u00e1nchez como \"el 1 de la organizaci\u00f3n criminal\": \"\u00c1balos era el 2, Koldo el 3 y yo el 4\" - vof-news.eu","isPartOf":{"@id":"https:\/\/vof-news.eu\/es\/#website"},"primaryImageOfPage":{"@id":"https:\/\/vof-news.eu\/es\/juicio-a-abalos-koldo-y-aldama-por-el-caso-mascarillas-en-directo-aldama-situa-a-sanchez-como-el-1-de-la-organizacion-criminal-abalos-era-el-2-koldo-el-3-y-yo-el-4\/#primaryimage"},"image":{"@id":"https:\/\/vof-news.eu\/es\/juicio-a-abalos-koldo-y-aldama-por-el-caso-mascarillas-en-directo-aldama-situa-a-sanchez-como-el-1-de-la-organizacion-criminal-abalos-era-el-2-koldo-el-3-y-yo-el-4\/#primaryimage"},"thumbnailUrl":"https:\/\/vof-news.eu\/wp-content\/uploads\/2026\/04\/17774740462230.jpg","datePublished":"2026-04-29T18:58:39+00:00","dateModified":"2026-04-29T18:58:47+00:00","author":{"@id":"https:\/\/vof-news.eu\/es\/#\/schema\/person\/f6a2a4309f0561835797fd8c19b333ed"},"description":"\"La gente le cog\u00eda el tel\u00e9fono a Koldo, ministros y asesores, no porque estuviera detr\u00e1s \u00c1balos. Lo hac\u00edan porque sab\u00edan que era un hombre de Pedro S\u00e1nchez\". Es una de las frases que ha pronunciado este mi\u00e9rcoles en el Tribunal Supremo V\u00edctor de Aldama. En su declaraci\u00f3n ha se\u00f1alado directamente al presidente del Gobierno. \"Si hay una organizaci\u00f3n criminal, de la que yo formo parte, el se\u00f1or presidente del Gobierno est\u00e1 en el escalaf\u00f3n 1, el se\u00f1or \u00c1balos en el 2, Koldo en el 3 y yo en el 4\", ha asegurado Aldama.En el interrogatorio, que ha concluido a las siete de la tarde, no s\u00f3lo ha salido a relucir el pago de comisiones a Jos\u00e9 Luis \u00c1balos y Koldo Garc\u00eda por sus gestiones para favorecer la compra de mascarillas de la empresa Soluciones de Gesti\u00f3n. Aldama tambi\u00e9n ha apuntado a la financiaci\u00f3n ilegal del PSOE con el conocimiento de Pedro S\u00e1nchez, ha aludido a los contactos con Venezuela, a las \"se\u00f1oritas\" de \u00c1balos, al inter\u00e9s de Bego\u00f1a G\u00f3mez por una operaci\u00f3n inmobiliaria de la SEPI.A prop\u00f3sito de su foto con S\u00e1nchez, V\u00edctor de Aldama ha descrito la relaci\u00f3n de confianza entre Koldo Garc\u00eda y el l\u00edder socialista. El PSOE acusa al empresario imputado de \"se\u00f1alar sin pruebas\" al presidente del Gobierno. Por su parte, Feij\u00f3o subraya el silencio de S\u00e1nchez: \"Si a esta hora no se ha querellado, entonces de inventada nada\".","breadcrumb":{"@id":"https:\/\/vof-news.eu\/es\/juicio-a-abalos-koldo-y-aldama-por-el-caso-mascarillas-en-directo-aldama-situa-a-sanchez-como-el-1-de-la-organizacion-criminal-abalos-era-el-2-koldo-el-3-y-yo-el-4\/#breadcrumb"},"inLanguage":"es","potentialAction":[{"@type":"ReadAction","target":["https:\/\/vof-news.eu\/es\/juicio-a-abalos-koldo-y-aldama-por-el-caso-mascarillas-en-directo-aldama-situa-a-sanchez-como-el-1-de-la-organizacion-criminal-abalos-era-el-2-koldo-el-3-y-yo-el-4\/"]}]},{"@type":"ImageObject","inLanguage":"es","@id":"https:\/\/vof-news.eu\/es\/juicio-a-abalos-koldo-y-aldama-por-el-caso-mascarillas-en-directo-aldama-situa-a-sanchez-como-el-1-de-la-organizacion-criminal-abalos-era-el-2-koldo-el-3-y-yo-el-4\/#primaryimage","url":"https:\/\/vof-news.eu\/wp-content\/uploads\/2026\/04\/17774740462230.jpg","contentUrl":"https:\/\/vof-news.eu\/wp-content\/uploads\/2026\/04\/17774740462230.jpg","width":600,"height":400},{"@type":"BreadcrumbList","@id":"https:\/\/vof-news.eu\/es\/juicio-a-abalos-koldo-y-aldama-por-el-caso-mascarillas-en-directo-aldama-situa-a-sanchez-como-el-1-de-la-organizacion-criminal-abalos-era-el-2-koldo-el-3-y-yo-el-4\/#breadcrumb","itemListElement":[{"@type":"ListItem","position":1,"name":"Home","item":"https:\/\/vof-news.eu\/es\/"},{"@type":"ListItem","position":2,"name":"Juicio a \u00c1balos, Koldo y Aldama por el Caso Mascarillas, en directo | Aldama sit\u00faa a S\u00e1nchez como &#8220;el 1 de la organizaci\u00f3n criminal&#8221;: &#8220;\u00c1balos era el 2, Koldo el 3 y yo el 4&#8221;"}]},{"@type":"WebSite","@id":"https:\/\/vof-news.eu\/es\/#website","url":"https:\/\/vof-news.eu\/es\/","name":"vof-news.eu","description":"","potentialAction":[{"@type":"SearchAction","target":{"@type":"EntryPoint","urlTemplate":"https:\/\/vof-news.eu\/es\/?s={search_term_string}"},"query-input":"required name=search_term_string"}],"inLanguage":"es"},{"@type":"Person","@id":"https:\/\/vof-news.eu\/es\/#\/schema\/person\/f6a2a4309f0561835797fd8c19b333ed","name":"Author","image":{"@type":"ImageObject","inLanguage":"es","@id":"https:\/\/vof-news.eu\/es\/#\/schema\/person\/image\/","url":"https:\/\/secure.gravatar.com\/avatar\/b67e614b1b25b3e9c0c239efdd2fde5ab015b5affd6f1c3c85911ca4b384e790?s=96&d=mm&r=g","contentUrl":"https:\/\/secure.gravatar.com\/avatar\/b67e614b1b25b3e9c0c239efdd2fde5ab015b5affd6f1c3c85911ca4b384e790?s=96&d=mm&r=g","caption":"Author"},"sameAs":["http:\/\/vof-news.eu"],"url":"https:\/\/vof-news.eu\/es\/author\/zwt6qxnjulxbnyg\/"}]}},"yoast_meta":{"yoast_wpseo_title":"","yoast_wpseo_metadesc":"","yoast_wpseo_canonical":""},"_links":{"self":[{"href":"https:\/\/vof-news.eu\/es\/wp-json\/wp\/v2\/posts\/335116","targetHints":{"allow":["GET"]}}],"collection":[{"href":"https:\/\/vof-news.eu\/es\/wp-json\/wp\/v2\/posts"}],"about":[{"href":"https:\/\/vof-news.eu\/es\/wp-json\/wp\/v2\/types\/post"}],"author":[{"embeddable":true,"href":"https:\/\/vof-news.eu\/es\/wp-json\/wp\/v2\/users\/1"}],"replies":[{"embeddable":true,"href":"https:\/\/vof-news.eu\/es\/wp-json\/wp\/v2\/comments?post=335116"}],"version-history":[{"count":1,"href":"https:\/\/vof-news.eu\/es\/wp-json\/wp\/v2\/posts\/335116\/revisions"}],"predecessor-version":[{"id":335117,"href":"https:\/\/vof-news.eu\/es\/wp-json\/wp\/v2\/posts\/335116\/revisions\/335117"}],"wp:featuredmedia":[{"embeddable":true,"href":"https:\/\/vof-news.eu\/es\/wp-json\/wp\/v2\/media\/335110"}],"wp:attachment":[{"href":"https:\/\/vof-news.eu\/es\/wp-json\/wp\/v2\/media?parent=335116"}],"wp:term":[{"taxonomy":"category","embeddable":true,"href":"https:\/\/vof-news.eu\/es\/wp-json\/wp\/v2\/categories?post=335116"},{"taxonomy":"post_tag","embeddable":true,"href":"https:\/\/vof-news.eu\/es\/wp-json\/wp\/v2\/tags?post=335116"}],"curies":[{"name":"wp","href":"https:\/\/api.w.org\/{rel}","templated":true}]}}