{"id":335043,"date":"2026-04-29T03:58:49","date_gmt":"2026-04-29T00:58:49","guid":{"rendered":"https:\/\/vof-news.eu\/los-socios-huyen-ahora-de-sanchez-para-no-verse-castigados-en-las-elecciones\/"},"modified":"2026-04-29T03:58:58","modified_gmt":"2026-04-29T00:58:58","slug":"los-socios-huyen-ahora-de-sanchez-para-no-verse-castigados-en-las-elecciones","status":"publish","type":"post","link":"https:\/\/vof-news.eu\/es\/los-socios-huyen-ahora-de-sanchez-para-no-verse-castigados-en-las-elecciones\/","title":{"rendered":"Los socios huyen ahora de S\u00e1nchez para no verse castigados en las elecciones"},"content":{"rendered":"<div>\n<p>El Gobierno de <a href=\"https:\/\/www.elmundo.es\/e\/pe\/pedro-sanchez.html\" rel=\"nofollow\"><strong>Pedro S\u00e1nchez<\/strong><\/a> volvi\u00f3 a sentir su debilidad creciente en las Cortes Generales con dos de los socios nacionalistas que confiaron en el pasado en el presidente socialista. <strong>Junts <\/strong>refrend\u00f3 su rechazo al decreto de vivienda y, por sorpresa, el <strong>PNV <\/strong>se situ\u00f3 en una abstenci\u00f3n cr\u00edtica que no fue el \u00fanico gesto con el que <a href=\"https:\/\/www.elmundo.es\/e\/ai\/aitor-esteban.html\" rel=\"nofollow\"><strong>Aitor Esteban<\/strong><\/a> aliment\u00f3 ayer su paulatino distanciamiento de la \u00abmayor\u00eda progresista\u00bb de la que huyen los nacionalistas vascos cuando se vislumbra el horizonte de las elecciones locales y forales de 2027. Para rematar su estrategia, Esteban teatraliz\u00f3 su enfado con S\u00e1nchez al anunciar la suspensi\u00f3n de una \u00abreuni\u00f3n con Moncloa\u00bb hoy en Bilbao.<\/p>\n<p>\u00abNo hay nada que justifique <strong>una falta de respeto<\/strong> de este calibre\u00bb, quiso subrayar Esteban en una airada respuesta a un tuit del PSE-EE en el que combinaba la cr\u00edtica pol\u00edtica por el seguidismo del PNV a <strong>EH Bildu<\/strong> en la imposici\u00f3n del euskera con una imagen de Esteban generada por inteligencia artificial en la que se lanza sonriente a una piscina. El mensaje en redes sociales publicado por el equipo de <strong>Eneko Andueza <\/strong>provoc\u00f3 que Esteban suspendiera la reuni\u00f3n \u00abcon Moncloa\u00bb prevista para hoy en la sede de Sabin Etxea de Bilbao.<\/p>\n<p>El \u00faltimo y sonado desencuentro entre Andueza y Esteban supera -como quiso remarcar el PNV- el \u00e1mbito dom\u00e9stico vasco. Esteban anunci\u00f3 a primera hora de ayer su convicci\u00f3n de que hab\u00eda <strong>\u00abagua en la piscina\u00bb<\/strong> para avanzar en la b\u00fasqueda de un acuerdo y los socialistas utilizaron la iron\u00eda y la citada imagen que provoc\u00f3 una explosi\u00f3n pol\u00edtica. El presidente nacionalista reaccion\u00f3 con el anuncio de la suspensi\u00f3n de una reuni\u00f3n discreta en la que <strong>Antonio Hernando<\/strong> ejerc\u00eda de comisionado de Pedro S\u00e1nchez. Junto a \u00e9l, estaba prevista la presencia de Eneko Andueza. Fuentes socialistas reconocieron que en el encuentro estaba previsto abordar la reforma del Estatuto de Gernika en la que participan los m\u00e1ximos responsables pol\u00edticos de PNV, del PSE-EE y de EH Bildu.<\/p>\n<p>Hernando asumi\u00f3 en oto\u00f1o de 2025 el papel que hasta junio del pasado a\u00f1o ejerc\u00eda <strong>Santos Cerd\u00e1n<\/strong>. El ex secretario de Organizaci\u00f3n del PSOE acusado ahora de graves delitos de corrupci\u00f3n pol\u00edtica era el encargado de engrasar las relaciones con los dos socios nacionalistas de S\u00e1nchez y de garantizar que el acuerdo que se alcanzara en Vitoria sobre un nuevo estatus vasco tendr\u00eda el respaldo del PSOE para ser revalidado en el Congreso.<\/p>\n<p>Pero Hernando, seg\u00fan fuentes nacionalistas, tambi\u00e9n estaba dispuesto a compartir con Esteban el empuj\u00f3n definitivo a la cesi\u00f3n de transferencias al Gobierno vasco que incluye la gesti\u00f3n del r\u00e9gimen econ\u00f3mico de la Seguridad Social. Ni los gui\u00f1os del PNV en Madrid y en Euskadi hacia el PP ni la suspensi\u00f3n de la cita con Hernando y Andueza alteran \u00abla relaci\u00f3n normal\u00bb con los nacionalistas, seg\u00fan fuentes de La Moncloa. El mensaje que se intent\u00f3 trasladar desde Presidencia del Gobierno es que el tuit se enmarca en las<strong> \u00abdisputas\u00bb entre los dos partidos en Euskadi <\/strong>y se intent\u00f3 rebajar trascendencia a la cita de Hernando con Esteban.<\/p>\n<p>Mientras el l\u00edder del PNV desvelaba sus negociaciones con el enviado de S\u00e1nchez, la portavoz parlamentaria Maribel Vaquero alimentaba la debilidad del presidente socialista en las Cortes Generales. \u00ab\u00bfC\u00f3mo pretende gobernar con una <strong>aritm\u00e9tica parlamentaria negativa<\/strong>?\u00bb Esta es la pregunta que lanz\u00f3 ayer la portavoz de los nacionalistas vascos, Maribel Vaquero, tras anunciar la decisi\u00f3n de su grupo de abstenerse en la votaci\u00f3n del decreto de vivienda.<\/p>\n<p>Para el nacionalismo vasco el decreto adolec\u00eda de defectos de forma y de contenido. Ni se hab\u00eda negociado ni se hab\u00eda dialogado ni se hab\u00edan tenido en cuenta las aportaciones de los grupos. El Gobierno, seg\u00fan Vaquero, ha adoptado la costumbre de gobernar por decreto ley dando la espalda a las formaciones parlamentarias. Adem\u00e1s, la norma colisionaba, en su opini\u00f3n, con la <strong>Ley de Vivienda <\/strong>poniendo de manifiesto sus \u00ablagunas\u00bb y ahora, tras decaer, abre un panorama de inseguridad jur\u00eddica tanto para inquilinos como para propietarios. El PNV mantiene que un problema tan grave como el de la vivienda debe abordarse desde una \u00abpol\u00edtica integral\u00bb y no con medidas puntuales.<\/p>\n<p>Junts esgrimi\u00f3 unos argumentos muy similares: no ha habido negociaci\u00f3n; el Gobierno trata de chantajear con los decretos que no se pueden enmendar; la norma fomenta la<strong> inseguridad jur\u00eddica<\/strong> y restringir\u00e1 a\u00fan m\u00e1s la oferta de vivienda y, adem\u00e1s, est\u00e1 plagada de defectos que la har\u00edan inaplicable.<\/p>\n<p>Los de Puigdemont rompieron con el Gobierno el pasado mes de octubre y desde entonces nada les ha hecho cambiar de opini\u00f3n. Junts ha urgido ya claramente a S\u00e1nchez a<strong> convocar elecciones<\/strong> ante la evidencia de que no cuenta con apoyos parlamentarios. El PNV no ha llegado a tanto pero tambi\u00e9n se pregunta, y hoy mismo, se lo dir\u00e1 al presidente a la cara, que no tiene respaldos para sostener la legislatura y en esas condiciones no se puede gobernar. Aitor Esteban y el <i><strong>lehendakari <\/strong><\/i><strong>Pradales<\/strong> pretenden acelerar el traspaso de competencias como la Seguridad Social antes del par\u00f3n veraniego.<\/p>\n<p>De esta forma, el Ejecutivo a\u00f1adi\u00f3 ayer a su propio enfrentamiento interno, la constataci\u00f3n p\u00fablica de su agon\u00eda parlamentaria, puesta en evidencia con toda nitidez frente a uno de los problemas que con m\u00e1s dureza golpea a la ciudadan\u00eda: la pol\u00edtica de vivienda.<\/p>\n<hr\/>\n<\/div>\n","protected":false},"excerpt":{"rendered":"<p>El Gobierno de Pedro S\u00e1nchez volvi\u00f3 a sentir su debilidad creciente en las Cortes Generales con dos de los socios nacionalistas que confiaron en el pasado en el presidente socialista. Junts refrend\u00f3 su rechazo al decreto de vivienda y, por sorpresa, el PNV se situ\u00f3 en una abstenci\u00f3n cr\u00edtica que no fue el \u00fanico gesto<\/p>\n","protected":false},"author":1,"featured_media":335030,"comment_status":"open","ping_status":"open","sticky":false,"template":"","format":"standard","meta":{"footnotes":""},"categories":[47],"tags":[],"class_list":["post-335043","post","type-post","status-publish","format-standard","has-post-thumbnail","hentry","category-interview-es"],"acf":[],"yoast_head":"<!-- This site is optimized with the Yoast SEO plugin v22.9 - https:\/\/yoast.com\/wordpress\/plugins\/seo\/ -->\n<title>Los socios huyen ahora de S\u00e1nchez para no verse castigados en las elecciones - vof-news.eu<\/title>\n<meta name=\"description\" content=\"El Gobierno de Pedro S\u00e1nchez volvi\u00f3 a sentir su debilidad creciente en las Cortes Generales con dos de los socios nacionalistas que confiaron en el pasado en el presidente socialista. Junts refrend\u00f3 su rechazo al decreto de vivienda y, por sorpresa, el PNV se situ\u00f3 en una abstenci\u00f3n cr\u00edtica que no fue el \u00fanico gesto con el que Aitor Esteban aliment\u00f3 ayer su paulatino distanciamiento de la \u00abmayor\u00eda progresista\u00bb de la que huyen los nacionalistas vascos cuando se vislumbra el horizonte de las elecciones locales y forales de 2027. Para rematar su estrategia, Esteban teatraliz\u00f3 su enfado con S\u00e1nchez al anunciar la suspensi\u00f3n de una \u00abreuni\u00f3n con Moncloa\u00bb hoy en Bilbao.\u00abNo hay nada que justifique una falta de respeto de este calibre\u00bb, quiso subrayar Esteban en una airada respuesta a un tuit del PSE-EE en el que combinaba la cr\u00edtica pol\u00edtica por el seguidismo del PNV a EH Bildu en la imposici\u00f3n del euskera con una imagen de Esteban generada por inteligencia artificial en la que se lanza sonriente a una piscina. El mensaje en redes sociales publicado por el equipo de Eneko Andueza provoc\u00f3 que Esteban suspendiera la reuni\u00f3n \u00abcon Moncloa\u00bb prevista para hoy en la sede de Sabin Etxea de Bilbao.El \u00faltimo y sonado desencuentro entre Andueza y Esteban supera -como quiso remarcar el PNV- el \u00e1mbito dom\u00e9stico vasco. Esteban anunci\u00f3 a primera hora de ayer su convicci\u00f3n de que hab\u00eda \u00abagua en la piscina\u00bb para avanzar en la b\u00fasqueda de un acuerdo y los socialistas utilizaron la iron\u00eda y la citada imagen que provoc\u00f3 una explosi\u00f3n pol\u00edtica. El presidente nacionalista reaccion\u00f3 con el anuncio de la suspensi\u00f3n de una reuni\u00f3n discreta en la que Antonio Hernando ejerc\u00eda de comisionado de Pedro S\u00e1nchez. Junto a \u00e9l, estaba prevista la presencia de Eneko Andueza. Fuentes socialistas reconocieron que en el encuentro estaba previsto abordar la reforma del Estatuto de Gernika en la que participan los m\u00e1ximos responsables pol\u00edticos de PNV, del PSE-EE y de EH Bildu.Hernando asumi\u00f3 en oto\u00f1o de 2025 el papel que hasta junio del pasado a\u00f1o ejerc\u00eda Santos Cerd\u00e1n. El ex secretario de Organizaci\u00f3n del PSOE acusado ahora de graves delitos de corrupci\u00f3n pol\u00edtica era el encargado de engrasar las relaciones con los dos socios nacionalistas de S\u00e1nchez y de garantizar que el acuerdo que se alcanzara en Vitoria sobre un nuevo estatus vasco tendr\u00eda el respaldo del PSOE para ser revalidado en el Congreso.Pero Hernando, seg\u00fan fuentes nacionalistas, tambi\u00e9n estaba dispuesto a compartir con Esteban el empuj\u00f3n definitivo a la cesi\u00f3n de transferencias al Gobierno vasco que incluye la gesti\u00f3n del r\u00e9gimen econ\u00f3mico de la Seguridad Social. Ni los gui\u00f1os del PNV en Madrid y en Euskadi hacia el PP ni la suspensi\u00f3n de la cita con Hernando y Andueza alteran \u00abla relaci\u00f3n normal\u00bb con los nacionalistas, seg\u00fan fuentes de La Moncloa. El mensaje que se intent\u00f3 trasladar desde Presidencia del Gobierno es que el tuit se enmarca en las \u00abdisputas\u00bb entre los dos partidos en Euskadi y se intent\u00f3 rebajar trascendencia a la cita de Hernando con Esteban.Mientras el l\u00edder del PNV desvelaba sus negociaciones con el enviado de S\u00e1nchez, la portavoz parlamentaria Maribel Vaquero alimentaba la debilidad del presidente socialista en las Cortes Generales. \u00ab\u00bfC\u00f3mo pretende gobernar con una aritm\u00e9tica parlamentaria negativa?\u00bb Esta es la pregunta que lanz\u00f3 ayer la portavoz de los nacionalistas vascos, Maribel Vaquero, tras anunciar la decisi\u00f3n de su grupo de abstenerse en la votaci\u00f3n del decreto de vivienda.Para el nacionalismo vasco el decreto adolec\u00eda de defectos de forma y de contenido. Ni se hab\u00eda negociado ni se hab\u00eda dialogado ni se hab\u00edan tenido en cuenta las aportaciones de los grupos. El Gobierno, seg\u00fan Vaquero, ha adoptado la costumbre de gobernar por decreto ley dando la espalda a las formaciones parlamentarias. Adem\u00e1s, la norma colisionaba, en su opini\u00f3n, con la Ley de Vivienda poniendo de manifiesto sus \u00ablagunas\u00bb y ahora, tras decaer, abre un panorama de inseguridad jur\u00eddica tanto para inquilinos como para propietarios. El PNV mantiene que un problema tan grave como el de la vivienda debe abordarse desde una \u00abpol\u00edtica integral\u00bb y no con medidas puntuales.Junts esgrimi\u00f3 unos argumentos muy similares: no ha habido negociaci\u00f3n; el Gobierno trata de chantajear con los decretos que no se pueden enmendar; la norma fomenta la inseguridad jur\u00eddica y restringir\u00e1 a\u00fan m\u00e1s la oferta de vivienda y, adem\u00e1s, est\u00e1 plagada de defectos que la har\u00edan inaplicable.Los de Puigdemont rompieron con el Gobierno el pasado mes de octubre y desde entonces nada les ha hecho cambiar de opini\u00f3n. Junts ha urgido ya claramente a S\u00e1nchez a convocar elecciones ante la evidencia de que no cuenta con apoyos parlamentarios. El PNV no ha llegado a tanto pero tambi\u00e9n se pregunta, y hoy mismo, se lo dir\u00e1 al presidente a la cara, que no tiene respaldos para sostener la legislatura y en esas condiciones no se puede gobernar. Aitor Esteban y el lehendakari Pradales pretenden acelerar el traspaso de competencias como la Seguridad Social antes del par\u00f3n veraniego.De esta forma, el Ejecutivo a\u00f1adi\u00f3 ayer a su propio enfrentamiento interno, la constataci\u00f3n p\u00fablica de su agon\u00eda parlamentaria, puesta en evidencia con toda nitidez frente a uno de los problemas que con m\u00e1s dureza golpea a la ciudadan\u00eda: la pol\u00edtica de vivienda.\" \/>\n<meta name=\"robots\" content=\"noindex, follow, max-snippet:-1, max-image-preview:large, max-video-preview:-1\" \/>\n<meta property=\"og:locale\" content=\"es_ES\" \/>\n<meta property=\"og:type\" content=\"article\" \/>\n<meta property=\"og:title\" content=\"Los socios huyen ahora de S\u00e1nchez para no verse castigados en las elecciones - vof-news.eu\" \/>\n<meta property=\"og:description\" content=\"El Gobierno de Pedro S\u00e1nchez volvi\u00f3 a sentir su debilidad creciente en las Cortes Generales con dos de los socios nacionalistas que confiaron en el pasado en el presidente socialista. Junts refrend\u00f3 su rechazo al decreto de vivienda y, por sorpresa, el PNV se situ\u00f3 en una abstenci\u00f3n cr\u00edtica que no fue el \u00fanico gesto con el que Aitor Esteban aliment\u00f3 ayer su paulatino distanciamiento de la \u00abmayor\u00eda progresista\u00bb de la que huyen los nacionalistas vascos cuando se vislumbra el horizonte de las elecciones locales y forales de 2027. Para rematar su estrategia, Esteban teatraliz\u00f3 su enfado con S\u00e1nchez al anunciar la suspensi\u00f3n de una \u00abreuni\u00f3n con Moncloa\u00bb hoy en Bilbao.\u00abNo hay nada que justifique una falta de respeto de este calibre\u00bb, quiso subrayar Esteban en una airada respuesta a un tuit del PSE-EE en el que combinaba la cr\u00edtica pol\u00edtica por el seguidismo del PNV a EH Bildu en la imposici\u00f3n del euskera con una imagen de Esteban generada por inteligencia artificial en la que se lanza sonriente a una piscina. El mensaje en redes sociales publicado por el equipo de Eneko Andueza provoc\u00f3 que Esteban suspendiera la reuni\u00f3n \u00abcon Moncloa\u00bb prevista para hoy en la sede de Sabin Etxea de Bilbao.El \u00faltimo y sonado desencuentro entre Andueza y Esteban supera -como quiso remarcar el PNV- el \u00e1mbito dom\u00e9stico vasco. Esteban anunci\u00f3 a primera hora de ayer su convicci\u00f3n de que hab\u00eda \u00abagua en la piscina\u00bb para avanzar en la b\u00fasqueda de un acuerdo y los socialistas utilizaron la iron\u00eda y la citada imagen que provoc\u00f3 una explosi\u00f3n pol\u00edtica. El presidente nacionalista reaccion\u00f3 con el anuncio de la suspensi\u00f3n de una reuni\u00f3n discreta en la que Antonio Hernando ejerc\u00eda de comisionado de Pedro S\u00e1nchez. Junto a \u00e9l, estaba prevista la presencia de Eneko Andueza. Fuentes socialistas reconocieron que en el encuentro estaba previsto abordar la reforma del Estatuto de Gernika en la que participan los m\u00e1ximos responsables pol\u00edticos de PNV, del PSE-EE y de EH Bildu.Hernando asumi\u00f3 en oto\u00f1o de 2025 el papel que hasta junio del pasado a\u00f1o ejerc\u00eda Santos Cerd\u00e1n. El ex secretario de Organizaci\u00f3n del PSOE acusado ahora de graves delitos de corrupci\u00f3n pol\u00edtica era el encargado de engrasar las relaciones con los dos socios nacionalistas de S\u00e1nchez y de garantizar que el acuerdo que se alcanzara en Vitoria sobre un nuevo estatus vasco tendr\u00eda el respaldo del PSOE para ser revalidado en el Congreso.Pero Hernando, seg\u00fan fuentes nacionalistas, tambi\u00e9n estaba dispuesto a compartir con Esteban el empuj\u00f3n definitivo a la cesi\u00f3n de transferencias al Gobierno vasco que incluye la gesti\u00f3n del r\u00e9gimen econ\u00f3mico de la Seguridad Social. Ni los gui\u00f1os del PNV en Madrid y en Euskadi hacia el PP ni la suspensi\u00f3n de la cita con Hernando y Andueza alteran \u00abla relaci\u00f3n normal\u00bb con los nacionalistas, seg\u00fan fuentes de La Moncloa. El mensaje que se intent\u00f3 trasladar desde Presidencia del Gobierno es que el tuit se enmarca en las \u00abdisputas\u00bb entre los dos partidos en Euskadi y se intent\u00f3 rebajar trascendencia a la cita de Hernando con Esteban.Mientras el l\u00edder del PNV desvelaba sus negociaciones con el enviado de S\u00e1nchez, la portavoz parlamentaria Maribel Vaquero alimentaba la debilidad del presidente socialista en las Cortes Generales. \u00ab\u00bfC\u00f3mo pretende gobernar con una aritm\u00e9tica parlamentaria negativa?\u00bb Esta es la pregunta que lanz\u00f3 ayer la portavoz de los nacionalistas vascos, Maribel Vaquero, tras anunciar la decisi\u00f3n de su grupo de abstenerse en la votaci\u00f3n del decreto de vivienda.Para el nacionalismo vasco el decreto adolec\u00eda de defectos de forma y de contenido. Ni se hab\u00eda negociado ni se hab\u00eda dialogado ni se hab\u00edan tenido en cuenta las aportaciones de los grupos. El Gobierno, seg\u00fan Vaquero, ha adoptado la costumbre de gobernar por decreto ley dando la espalda a las formaciones parlamentarias. Adem\u00e1s, la norma colisionaba, en su opini\u00f3n, con la Ley de Vivienda poniendo de manifiesto sus \u00ablagunas\u00bb y ahora, tras decaer, abre un panorama de inseguridad jur\u00eddica tanto para inquilinos como para propietarios. El PNV mantiene que un problema tan grave como el de la vivienda debe abordarse desde una \u00abpol\u00edtica integral\u00bb y no con medidas puntuales.Junts esgrimi\u00f3 unos argumentos muy similares: no ha habido negociaci\u00f3n; el Gobierno trata de chantajear con los decretos que no se pueden enmendar; la norma fomenta la inseguridad jur\u00eddica y restringir\u00e1 a\u00fan m\u00e1s la oferta de vivienda y, adem\u00e1s, est\u00e1 plagada de defectos que la har\u00edan inaplicable.Los de Puigdemont rompieron con el Gobierno el pasado mes de octubre y desde entonces nada les ha hecho cambiar de opini\u00f3n. Junts ha urgido ya claramente a S\u00e1nchez a convocar elecciones ante la evidencia de que no cuenta con apoyos parlamentarios. El PNV no ha llegado a tanto pero tambi\u00e9n se pregunta, y hoy mismo, se lo dir\u00e1 al presidente a la cara, que no tiene respaldos para sostener la legislatura y en esas condiciones no se puede gobernar. Aitor Esteban y el lehendakari Pradales pretenden acelerar el traspaso de competencias como la Seguridad Social antes del par\u00f3n veraniego.De esta forma, el Ejecutivo a\u00f1adi\u00f3 ayer a su propio enfrentamiento interno, la constataci\u00f3n p\u00fablica de su agon\u00eda parlamentaria, puesta en evidencia con toda nitidez frente a uno de los problemas que con m\u00e1s dureza golpea a la ciudadan\u00eda: la pol\u00edtica de vivienda.\" \/>\n<meta property=\"og:url\" content=\"https:\/\/vof-news.eu\/es\/los-socios-huyen-ahora-de-sanchez-para-no-verse-castigados-en-las-elecciones\/\" \/>\n<meta property=\"og:site_name\" content=\"vof-news.eu\" \/>\n<meta property=\"article:published_time\" content=\"2026-04-29T00:58:49+00:00\" \/>\n<meta property=\"article:modified_time\" content=\"2026-04-29T00:58:58+00:00\" \/>\n<meta property=\"og:image\" content=\"https:\/\/vof-news.eu\/wp-content\/uploads\/2026\/04\/17774069435882.jpg\" \/>\n\t<meta property=\"og:image:width\" content=\"1366\" \/>\n\t<meta property=\"og:image:height\" content=\"911\" \/>\n\t<meta property=\"og:image:type\" content=\"image\/jpeg\" \/>\n<meta name=\"author\" content=\"Author\" \/>\n<meta name=\"twitter:card\" content=\"summary_large_image\" \/>\n<meta name=\"twitter:label1\" content=\"Escrito por\" \/>\n\t<meta name=\"twitter:data1\" content=\"Author\" \/>\n\t<meta name=\"twitter:label2\" content=\"Tiempo de lectura\" \/>\n\t<meta name=\"twitter:data2\" content=\"5 minutos\" \/>\n<script type=\"application\/ld+json\" class=\"yoast-schema-graph\">{\"@context\":\"https:\/\/schema.org\",\"@graph\":[{\"@type\":\"WebPage\",\"@id\":\"https:\/\/vof-news.eu\/es\/los-socios-huyen-ahora-de-sanchez-para-no-verse-castigados-en-las-elecciones\/\",\"url\":\"https:\/\/vof-news.eu\/es\/los-socios-huyen-ahora-de-sanchez-para-no-verse-castigados-en-las-elecciones\/\",\"name\":\"Los socios huyen ahora de S\u00e1nchez para no verse castigados en las elecciones - vof-news.eu\",\"isPartOf\":{\"@id\":\"https:\/\/vof-news.eu\/es\/#website\"},\"primaryImageOfPage\":{\"@id\":\"https:\/\/vof-news.eu\/es\/los-socios-huyen-ahora-de-sanchez-para-no-verse-castigados-en-las-elecciones\/#primaryimage\"},\"image\":{\"@id\":\"https:\/\/vof-news.eu\/es\/los-socios-huyen-ahora-de-sanchez-para-no-verse-castigados-en-las-elecciones\/#primaryimage\"},\"thumbnailUrl\":\"https:\/\/vof-news.eu\/wp-content\/uploads\/2026\/04\/17774069435882.jpg\",\"datePublished\":\"2026-04-29T00:58:49+00:00\",\"dateModified\":\"2026-04-29T00:58:58+00:00\",\"author\":{\"@id\":\"https:\/\/vof-news.eu\/es\/#\/schema\/person\/f6a2a4309f0561835797fd8c19b333ed\"},\"description\":\"El Gobierno de Pedro S\u00e1nchez volvi\u00f3 a sentir su debilidad creciente en las Cortes Generales con dos de los socios nacionalistas que confiaron en el pasado en el presidente socialista. Junts refrend\u00f3 su rechazo al decreto de vivienda y, por sorpresa, el PNV se situ\u00f3 en una abstenci\u00f3n cr\u00edtica que no fue el \u00fanico gesto con el que Aitor Esteban aliment\u00f3 ayer su paulatino distanciamiento de la \u00abmayor\u00eda progresista\u00bb de la que huyen los nacionalistas vascos cuando se vislumbra el horizonte de las elecciones locales y forales de 2027. Para rematar su estrategia, Esteban teatraliz\u00f3 su enfado con S\u00e1nchez al anunciar la suspensi\u00f3n de una \u00abreuni\u00f3n con Moncloa\u00bb hoy en Bilbao.\u00abNo hay nada que justifique una falta de respeto de este calibre\u00bb, quiso subrayar Esteban en una airada respuesta a un tuit del PSE-EE en el que combinaba la cr\u00edtica pol\u00edtica por el seguidismo del PNV a EH Bildu en la imposici\u00f3n del euskera con una imagen de Esteban generada por inteligencia artificial en la que se lanza sonriente a una piscina. El mensaje en redes sociales publicado por el equipo de Eneko Andueza provoc\u00f3 que Esteban suspendiera la reuni\u00f3n \u00abcon Moncloa\u00bb prevista para hoy en la sede de Sabin Etxea de Bilbao.El \u00faltimo y sonado desencuentro entre Andueza y Esteban supera -como quiso remarcar el PNV- el \u00e1mbito dom\u00e9stico vasco. Esteban anunci\u00f3 a primera hora de ayer su convicci\u00f3n de que hab\u00eda \u00abagua en la piscina\u00bb para avanzar en la b\u00fasqueda de un acuerdo y los socialistas utilizaron la iron\u00eda y la citada imagen que provoc\u00f3 una explosi\u00f3n pol\u00edtica. El presidente nacionalista reaccion\u00f3 con el anuncio de la suspensi\u00f3n de una reuni\u00f3n discreta en la que Antonio Hernando ejerc\u00eda de comisionado de Pedro S\u00e1nchez. Junto a \u00e9l, estaba prevista la presencia de Eneko Andueza. Fuentes socialistas reconocieron que en el encuentro estaba previsto abordar la reforma del Estatuto de Gernika en la que participan los m\u00e1ximos responsables pol\u00edticos de PNV, del PSE-EE y de EH Bildu.Hernando asumi\u00f3 en oto\u00f1o de 2025 el papel que hasta junio del pasado a\u00f1o ejerc\u00eda Santos Cerd\u00e1n. El ex secretario de Organizaci\u00f3n del PSOE acusado ahora de graves delitos de corrupci\u00f3n pol\u00edtica era el encargado de engrasar las relaciones con los dos socios nacionalistas de S\u00e1nchez y de garantizar que el acuerdo que se alcanzara en Vitoria sobre un nuevo estatus vasco tendr\u00eda el respaldo del PSOE para ser revalidado en el Congreso.Pero Hernando, seg\u00fan fuentes nacionalistas, tambi\u00e9n estaba dispuesto a compartir con Esteban el empuj\u00f3n definitivo a la cesi\u00f3n de transferencias al Gobierno vasco que incluye la gesti\u00f3n del r\u00e9gimen econ\u00f3mico de la Seguridad Social. Ni los gui\u00f1os del PNV en Madrid y en Euskadi hacia el PP ni la suspensi\u00f3n de la cita con Hernando y Andueza alteran \u00abla relaci\u00f3n normal\u00bb con los nacionalistas, seg\u00fan fuentes de La Moncloa. El mensaje que se intent\u00f3 trasladar desde Presidencia del Gobierno es que el tuit se enmarca en las \u00abdisputas\u00bb entre los dos partidos en Euskadi y se intent\u00f3 rebajar trascendencia a la cita de Hernando con Esteban.Mientras el l\u00edder del PNV desvelaba sus negociaciones con el enviado de S\u00e1nchez, la portavoz parlamentaria Maribel Vaquero alimentaba la debilidad del presidente socialista en las Cortes Generales. \u00ab\u00bfC\u00f3mo pretende gobernar con una aritm\u00e9tica parlamentaria negativa?\u00bb Esta es la pregunta que lanz\u00f3 ayer la portavoz de los nacionalistas vascos, Maribel Vaquero, tras anunciar la decisi\u00f3n de su grupo de abstenerse en la votaci\u00f3n del decreto de vivienda.Para el nacionalismo vasco el decreto adolec\u00eda de defectos de forma y de contenido. Ni se hab\u00eda negociado ni se hab\u00eda dialogado ni se hab\u00edan tenido en cuenta las aportaciones de los grupos. El Gobierno, seg\u00fan Vaquero, ha adoptado la costumbre de gobernar por decreto ley dando la espalda a las formaciones parlamentarias. Adem\u00e1s, la norma colisionaba, en su opini\u00f3n, con la Ley de Vivienda poniendo de manifiesto sus \u00ablagunas\u00bb y ahora, tras decaer, abre un panorama de inseguridad jur\u00eddica tanto para inquilinos como para propietarios. El PNV mantiene que un problema tan grave como el de la vivienda debe abordarse desde una \u00abpol\u00edtica integral\u00bb y no con medidas puntuales.Junts esgrimi\u00f3 unos argumentos muy similares: no ha habido negociaci\u00f3n; el Gobierno trata de chantajear con los decretos que no se pueden enmendar; la norma fomenta la inseguridad jur\u00eddica y restringir\u00e1 a\u00fan m\u00e1s la oferta de vivienda y, adem\u00e1s, est\u00e1 plagada de defectos que la har\u00edan inaplicable.Los de Puigdemont rompieron con el Gobierno el pasado mes de octubre y desde entonces nada les ha hecho cambiar de opini\u00f3n. Junts ha urgido ya claramente a S\u00e1nchez a convocar elecciones ante la evidencia de que no cuenta con apoyos parlamentarios. El PNV no ha llegado a tanto pero tambi\u00e9n se pregunta, y hoy mismo, se lo dir\u00e1 al presidente a la cara, que no tiene respaldos para sostener la legislatura y en esas condiciones no se puede gobernar. Aitor Esteban y el lehendakari Pradales pretenden acelerar el traspaso de competencias como la Seguridad Social antes del par\u00f3n veraniego.De esta forma, el Ejecutivo a\u00f1adi\u00f3 ayer a su propio enfrentamiento interno, la constataci\u00f3n p\u00fablica de su agon\u00eda parlamentaria, puesta en evidencia con toda nitidez frente a uno de los problemas que con m\u00e1s dureza golpea a la ciudadan\u00eda: la pol\u00edtica de vivienda.\",\"breadcrumb\":{\"@id\":\"https:\/\/vof-news.eu\/es\/los-socios-huyen-ahora-de-sanchez-para-no-verse-castigados-en-las-elecciones\/#breadcrumb\"},\"inLanguage\":\"es\",\"potentialAction\":[{\"@type\":\"ReadAction\",\"target\":[\"https:\/\/vof-news.eu\/es\/los-socios-huyen-ahora-de-sanchez-para-no-verse-castigados-en-las-elecciones\/\"]}]},{\"@type\":\"ImageObject\",\"inLanguage\":\"es\",\"@id\":\"https:\/\/vof-news.eu\/es\/los-socios-huyen-ahora-de-sanchez-para-no-verse-castigados-en-las-elecciones\/#primaryimage\",\"url\":\"https:\/\/vof-news.eu\/wp-content\/uploads\/2026\/04\/17774069435882.jpg\",\"contentUrl\":\"https:\/\/vof-news.eu\/wp-content\/uploads\/2026\/04\/17774069435882.jpg\",\"width\":1366,\"height\":911},{\"@type\":\"BreadcrumbList\",\"@id\":\"https:\/\/vof-news.eu\/es\/los-socios-huyen-ahora-de-sanchez-para-no-verse-castigados-en-las-elecciones\/#breadcrumb\",\"itemListElement\":[{\"@type\":\"ListItem\",\"position\":1,\"name\":\"Home\",\"item\":\"https:\/\/vof-news.eu\/es\/\"},{\"@type\":\"ListItem\",\"position\":2,\"name\":\"Los socios huyen ahora de S\u00e1nchez para no verse castigados en las elecciones\"}]},{\"@type\":\"WebSite\",\"@id\":\"https:\/\/vof-news.eu\/es\/#website\",\"url\":\"https:\/\/vof-news.eu\/es\/\",\"name\":\"vof-news.eu\",\"description\":\"\",\"potentialAction\":[{\"@type\":\"SearchAction\",\"target\":{\"@type\":\"EntryPoint\",\"urlTemplate\":\"https:\/\/vof-news.eu\/es\/?s={search_term_string}\"},\"query-input\":\"required name=search_term_string\"}],\"inLanguage\":\"es\"},{\"@type\":\"Person\",\"@id\":\"https:\/\/vof-news.eu\/es\/#\/schema\/person\/f6a2a4309f0561835797fd8c19b333ed\",\"name\":\"Author\",\"image\":{\"@type\":\"ImageObject\",\"inLanguage\":\"es\",\"@id\":\"https:\/\/vof-news.eu\/es\/#\/schema\/person\/image\/\",\"url\":\"https:\/\/secure.gravatar.com\/avatar\/b67e614b1b25b3e9c0c239efdd2fde5ab015b5affd6f1c3c85911ca4b384e790?s=96&d=mm&r=g\",\"contentUrl\":\"https:\/\/secure.gravatar.com\/avatar\/b67e614b1b25b3e9c0c239efdd2fde5ab015b5affd6f1c3c85911ca4b384e790?s=96&d=mm&r=g\",\"caption\":\"Author\"},\"sameAs\":[\"http:\/\/vof-news.eu\"],\"url\":\"https:\/\/vof-news.eu\/es\/author\/zwt6qxnjulxbnyg\/\"}]}<\/script>\n<!-- \/ Yoast SEO plugin. -->","yoast_head_json":{"title":"Los socios huyen ahora de S\u00e1nchez para no verse castigados en las elecciones - vof-news.eu","description":"El Gobierno de Pedro S\u00e1nchez volvi\u00f3 a sentir su debilidad creciente en las Cortes Generales con dos de los socios nacionalistas que confiaron en el pasado en el presidente socialista. Junts refrend\u00f3 su rechazo al decreto de vivienda y, por sorpresa, el PNV se situ\u00f3 en una abstenci\u00f3n cr\u00edtica que no fue el \u00fanico gesto con el que Aitor Esteban aliment\u00f3 ayer su paulatino distanciamiento de la \u00abmayor\u00eda progresista\u00bb de la que huyen los nacionalistas vascos cuando se vislumbra el horizonte de las elecciones locales y forales de 2027. Para rematar su estrategia, Esteban teatraliz\u00f3 su enfado con S\u00e1nchez al anunciar la suspensi\u00f3n de una \u00abreuni\u00f3n con Moncloa\u00bb hoy en Bilbao.\u00abNo hay nada que justifique una falta de respeto de este calibre\u00bb, quiso subrayar Esteban en una airada respuesta a un tuit del PSE-EE en el que combinaba la cr\u00edtica pol\u00edtica por el seguidismo del PNV a EH Bildu en la imposici\u00f3n del euskera con una imagen de Esteban generada por inteligencia artificial en la que se lanza sonriente a una piscina. El mensaje en redes sociales publicado por el equipo de Eneko Andueza provoc\u00f3 que Esteban suspendiera la reuni\u00f3n \u00abcon Moncloa\u00bb prevista para hoy en la sede de Sabin Etxea de Bilbao.El \u00faltimo y sonado desencuentro entre Andueza y Esteban supera -como quiso remarcar el PNV- el \u00e1mbito dom\u00e9stico vasco. Esteban anunci\u00f3 a primera hora de ayer su convicci\u00f3n de que hab\u00eda \u00abagua en la piscina\u00bb para avanzar en la b\u00fasqueda de un acuerdo y los socialistas utilizaron la iron\u00eda y la citada imagen que provoc\u00f3 una explosi\u00f3n pol\u00edtica. El presidente nacionalista reaccion\u00f3 con el anuncio de la suspensi\u00f3n de una reuni\u00f3n discreta en la que Antonio Hernando ejerc\u00eda de comisionado de Pedro S\u00e1nchez. Junto a \u00e9l, estaba prevista la presencia de Eneko Andueza. Fuentes socialistas reconocieron que en el encuentro estaba previsto abordar la reforma del Estatuto de Gernika en la que participan los m\u00e1ximos responsables pol\u00edticos de PNV, del PSE-EE y de EH Bildu.Hernando asumi\u00f3 en oto\u00f1o de 2025 el papel que hasta junio del pasado a\u00f1o ejerc\u00eda Santos Cerd\u00e1n. El ex secretario de Organizaci\u00f3n del PSOE acusado ahora de graves delitos de corrupci\u00f3n pol\u00edtica era el encargado de engrasar las relaciones con los dos socios nacionalistas de S\u00e1nchez y de garantizar que el acuerdo que se alcanzara en Vitoria sobre un nuevo estatus vasco tendr\u00eda el respaldo del PSOE para ser revalidado en el Congreso.Pero Hernando, seg\u00fan fuentes nacionalistas, tambi\u00e9n estaba dispuesto a compartir con Esteban el empuj\u00f3n definitivo a la cesi\u00f3n de transferencias al Gobierno vasco que incluye la gesti\u00f3n del r\u00e9gimen econ\u00f3mico de la Seguridad Social. Ni los gui\u00f1os del PNV en Madrid y en Euskadi hacia el PP ni la suspensi\u00f3n de la cita con Hernando y Andueza alteran \u00abla relaci\u00f3n normal\u00bb con los nacionalistas, seg\u00fan fuentes de La Moncloa. El mensaje que se intent\u00f3 trasladar desde Presidencia del Gobierno es que el tuit se enmarca en las \u00abdisputas\u00bb entre los dos partidos en Euskadi y se intent\u00f3 rebajar trascendencia a la cita de Hernando con Esteban.Mientras el l\u00edder del PNV desvelaba sus negociaciones con el enviado de S\u00e1nchez, la portavoz parlamentaria Maribel Vaquero alimentaba la debilidad del presidente socialista en las Cortes Generales. \u00ab\u00bfC\u00f3mo pretende gobernar con una aritm\u00e9tica parlamentaria negativa?\u00bb Esta es la pregunta que lanz\u00f3 ayer la portavoz de los nacionalistas vascos, Maribel Vaquero, tras anunciar la decisi\u00f3n de su grupo de abstenerse en la votaci\u00f3n del decreto de vivienda.Para el nacionalismo vasco el decreto adolec\u00eda de defectos de forma y de contenido. Ni se hab\u00eda negociado ni se hab\u00eda dialogado ni se hab\u00edan tenido en cuenta las aportaciones de los grupos. El Gobierno, seg\u00fan Vaquero, ha adoptado la costumbre de gobernar por decreto ley dando la espalda a las formaciones parlamentarias. Adem\u00e1s, la norma colisionaba, en su opini\u00f3n, con la Ley de Vivienda poniendo de manifiesto sus \u00ablagunas\u00bb y ahora, tras decaer, abre un panorama de inseguridad jur\u00eddica tanto para inquilinos como para propietarios. El PNV mantiene que un problema tan grave como el de la vivienda debe abordarse desde una \u00abpol\u00edtica integral\u00bb y no con medidas puntuales.Junts esgrimi\u00f3 unos argumentos muy similares: no ha habido negociaci\u00f3n; el Gobierno trata de chantajear con los decretos que no se pueden enmendar; la norma fomenta la inseguridad jur\u00eddica y restringir\u00e1 a\u00fan m\u00e1s la oferta de vivienda y, adem\u00e1s, est\u00e1 plagada de defectos que la har\u00edan inaplicable.Los de Puigdemont rompieron con el Gobierno el pasado mes de octubre y desde entonces nada les ha hecho cambiar de opini\u00f3n. Junts ha urgido ya claramente a S\u00e1nchez a convocar elecciones ante la evidencia de que no cuenta con apoyos parlamentarios. El PNV no ha llegado a tanto pero tambi\u00e9n se pregunta, y hoy mismo, se lo dir\u00e1 al presidente a la cara, que no tiene respaldos para sostener la legislatura y en esas condiciones no se puede gobernar. Aitor Esteban y el lehendakari Pradales pretenden acelerar el traspaso de competencias como la Seguridad Social antes del par\u00f3n veraniego.De esta forma, el Ejecutivo a\u00f1adi\u00f3 ayer a su propio enfrentamiento interno, la constataci\u00f3n p\u00fablica de su agon\u00eda parlamentaria, puesta en evidencia con toda nitidez frente a uno de los problemas que con m\u00e1s dureza golpea a la ciudadan\u00eda: la pol\u00edtica de vivienda.","robots":{"index":"noindex","follow":"follow","max-snippet":"max-snippet:-1","max-image-preview":"max-image-preview:large","max-video-preview":"max-video-preview:-1"},"og_locale":"es_ES","og_type":"article","og_title":"Los socios huyen ahora de S\u00e1nchez para no verse castigados en las elecciones - vof-news.eu","og_description":"El Gobierno de Pedro S\u00e1nchez volvi\u00f3 a sentir su debilidad creciente en las Cortes Generales con dos de los socios nacionalistas que confiaron en el pasado en el presidente socialista. Junts refrend\u00f3 su rechazo al decreto de vivienda y, por sorpresa, el PNV se situ\u00f3 en una abstenci\u00f3n cr\u00edtica que no fue el \u00fanico gesto con el que Aitor Esteban aliment\u00f3 ayer su paulatino distanciamiento de la \u00abmayor\u00eda progresista\u00bb de la que huyen los nacionalistas vascos cuando se vislumbra el horizonte de las elecciones locales y forales de 2027. Para rematar su estrategia, Esteban teatraliz\u00f3 su enfado con S\u00e1nchez al anunciar la suspensi\u00f3n de una \u00abreuni\u00f3n con Moncloa\u00bb hoy en Bilbao.\u00abNo hay nada que justifique una falta de respeto de este calibre\u00bb, quiso subrayar Esteban en una airada respuesta a un tuit del PSE-EE en el que combinaba la cr\u00edtica pol\u00edtica por el seguidismo del PNV a EH Bildu en la imposici\u00f3n del euskera con una imagen de Esteban generada por inteligencia artificial en la que se lanza sonriente a una piscina. El mensaje en redes sociales publicado por el equipo de Eneko Andueza provoc\u00f3 que Esteban suspendiera la reuni\u00f3n \u00abcon Moncloa\u00bb prevista para hoy en la sede de Sabin Etxea de Bilbao.El \u00faltimo y sonado desencuentro entre Andueza y Esteban supera -como quiso remarcar el PNV- el \u00e1mbito dom\u00e9stico vasco. Esteban anunci\u00f3 a primera hora de ayer su convicci\u00f3n de que hab\u00eda \u00abagua en la piscina\u00bb para avanzar en la b\u00fasqueda de un acuerdo y los socialistas utilizaron la iron\u00eda y la citada imagen que provoc\u00f3 una explosi\u00f3n pol\u00edtica. El presidente nacionalista reaccion\u00f3 con el anuncio de la suspensi\u00f3n de una reuni\u00f3n discreta en la que Antonio Hernando ejerc\u00eda de comisionado de Pedro S\u00e1nchez. Junto a \u00e9l, estaba prevista la presencia de Eneko Andueza. Fuentes socialistas reconocieron que en el encuentro estaba previsto abordar la reforma del Estatuto de Gernika en la que participan los m\u00e1ximos responsables pol\u00edticos de PNV, del PSE-EE y de EH Bildu.Hernando asumi\u00f3 en oto\u00f1o de 2025 el papel que hasta junio del pasado a\u00f1o ejerc\u00eda Santos Cerd\u00e1n. El ex secretario de Organizaci\u00f3n del PSOE acusado ahora de graves delitos de corrupci\u00f3n pol\u00edtica era el encargado de engrasar las relaciones con los dos socios nacionalistas de S\u00e1nchez y de garantizar que el acuerdo que se alcanzara en Vitoria sobre un nuevo estatus vasco tendr\u00eda el respaldo del PSOE para ser revalidado en el Congreso.Pero Hernando, seg\u00fan fuentes nacionalistas, tambi\u00e9n estaba dispuesto a compartir con Esteban el empuj\u00f3n definitivo a la cesi\u00f3n de transferencias al Gobierno vasco que incluye la gesti\u00f3n del r\u00e9gimen econ\u00f3mico de la Seguridad Social. Ni los gui\u00f1os del PNV en Madrid y en Euskadi hacia el PP ni la suspensi\u00f3n de la cita con Hernando y Andueza alteran \u00abla relaci\u00f3n normal\u00bb con los nacionalistas, seg\u00fan fuentes de La Moncloa. El mensaje que se intent\u00f3 trasladar desde Presidencia del Gobierno es que el tuit se enmarca en las \u00abdisputas\u00bb entre los dos partidos en Euskadi y se intent\u00f3 rebajar trascendencia a la cita de Hernando con Esteban.Mientras el l\u00edder del PNV desvelaba sus negociaciones con el enviado de S\u00e1nchez, la portavoz parlamentaria Maribel Vaquero alimentaba la debilidad del presidente socialista en las Cortes Generales. \u00ab\u00bfC\u00f3mo pretende gobernar con una aritm\u00e9tica parlamentaria negativa?\u00bb Esta es la pregunta que lanz\u00f3 ayer la portavoz de los nacionalistas vascos, Maribel Vaquero, tras anunciar la decisi\u00f3n de su grupo de abstenerse en la votaci\u00f3n del decreto de vivienda.Para el nacionalismo vasco el decreto adolec\u00eda de defectos de forma y de contenido. Ni se hab\u00eda negociado ni se hab\u00eda dialogado ni se hab\u00edan tenido en cuenta las aportaciones de los grupos. El Gobierno, seg\u00fan Vaquero, ha adoptado la costumbre de gobernar por decreto ley dando la espalda a las formaciones parlamentarias. Adem\u00e1s, la norma colisionaba, en su opini\u00f3n, con la Ley de Vivienda poniendo de manifiesto sus \u00ablagunas\u00bb y ahora, tras decaer, abre un panorama de inseguridad jur\u00eddica tanto para inquilinos como para propietarios. El PNV mantiene que un problema tan grave como el de la vivienda debe abordarse desde una \u00abpol\u00edtica integral\u00bb y no con medidas puntuales.Junts esgrimi\u00f3 unos argumentos muy similares: no ha habido negociaci\u00f3n; el Gobierno trata de chantajear con los decretos que no se pueden enmendar; la norma fomenta la inseguridad jur\u00eddica y restringir\u00e1 a\u00fan m\u00e1s la oferta de vivienda y, adem\u00e1s, est\u00e1 plagada de defectos que la har\u00edan inaplicable.Los de Puigdemont rompieron con el Gobierno el pasado mes de octubre y desde entonces nada les ha hecho cambiar de opini\u00f3n. Junts ha urgido ya claramente a S\u00e1nchez a convocar elecciones ante la evidencia de que no cuenta con apoyos parlamentarios. El PNV no ha llegado a tanto pero tambi\u00e9n se pregunta, y hoy mismo, se lo dir\u00e1 al presidente a la cara, que no tiene respaldos para sostener la legislatura y en esas condiciones no se puede gobernar. Aitor Esteban y el lehendakari Pradales pretenden acelerar el traspaso de competencias como la Seguridad Social antes del par\u00f3n veraniego.De esta forma, el Ejecutivo a\u00f1adi\u00f3 ayer a su propio enfrentamiento interno, la constataci\u00f3n p\u00fablica de su agon\u00eda parlamentaria, puesta en evidencia con toda nitidez frente a uno de los problemas que con m\u00e1s dureza golpea a la ciudadan\u00eda: la pol\u00edtica de vivienda.","og_url":"https:\/\/vof-news.eu\/es\/los-socios-huyen-ahora-de-sanchez-para-no-verse-castigados-en-las-elecciones\/","og_site_name":"vof-news.eu","article_published_time":"2026-04-29T00:58:49+00:00","article_modified_time":"2026-04-29T00:58:58+00:00","og_image":[{"width":1366,"height":911,"url":"https:\/\/vof-news.eu\/wp-content\/uploads\/2026\/04\/17774069435882.jpg","type":"image\/jpeg"}],"author":"Author","twitter_card":"summary_large_image","twitter_misc":{"Escrito por":"Author","Tiempo de lectura":"5 minutos"},"schema":{"@context":"https:\/\/schema.org","@graph":[{"@type":"WebPage","@id":"https:\/\/vof-news.eu\/es\/los-socios-huyen-ahora-de-sanchez-para-no-verse-castigados-en-las-elecciones\/","url":"https:\/\/vof-news.eu\/es\/los-socios-huyen-ahora-de-sanchez-para-no-verse-castigados-en-las-elecciones\/","name":"Los socios huyen ahora de S\u00e1nchez para no verse castigados en las elecciones - vof-news.eu","isPartOf":{"@id":"https:\/\/vof-news.eu\/es\/#website"},"primaryImageOfPage":{"@id":"https:\/\/vof-news.eu\/es\/los-socios-huyen-ahora-de-sanchez-para-no-verse-castigados-en-las-elecciones\/#primaryimage"},"image":{"@id":"https:\/\/vof-news.eu\/es\/los-socios-huyen-ahora-de-sanchez-para-no-verse-castigados-en-las-elecciones\/#primaryimage"},"thumbnailUrl":"https:\/\/vof-news.eu\/wp-content\/uploads\/2026\/04\/17774069435882.jpg","datePublished":"2026-04-29T00:58:49+00:00","dateModified":"2026-04-29T00:58:58+00:00","author":{"@id":"https:\/\/vof-news.eu\/es\/#\/schema\/person\/f6a2a4309f0561835797fd8c19b333ed"},"description":"El Gobierno de Pedro S\u00e1nchez volvi\u00f3 a sentir su debilidad creciente en las Cortes Generales con dos de los socios nacionalistas que confiaron en el pasado en el presidente socialista. Junts refrend\u00f3 su rechazo al decreto de vivienda y, por sorpresa, el PNV se situ\u00f3 en una abstenci\u00f3n cr\u00edtica que no fue el \u00fanico gesto con el que Aitor Esteban aliment\u00f3 ayer su paulatino distanciamiento de la \u00abmayor\u00eda progresista\u00bb de la que huyen los nacionalistas vascos cuando se vislumbra el horizonte de las elecciones locales y forales de 2027. Para rematar su estrategia, Esteban teatraliz\u00f3 su enfado con S\u00e1nchez al anunciar la suspensi\u00f3n de una \u00abreuni\u00f3n con Moncloa\u00bb hoy en Bilbao.\u00abNo hay nada que justifique una falta de respeto de este calibre\u00bb, quiso subrayar Esteban en una airada respuesta a un tuit del PSE-EE en el que combinaba la cr\u00edtica pol\u00edtica por el seguidismo del PNV a EH Bildu en la imposici\u00f3n del euskera con una imagen de Esteban generada por inteligencia artificial en la que se lanza sonriente a una piscina. El mensaje en redes sociales publicado por el equipo de Eneko Andueza provoc\u00f3 que Esteban suspendiera la reuni\u00f3n \u00abcon Moncloa\u00bb prevista para hoy en la sede de Sabin Etxea de Bilbao.El \u00faltimo y sonado desencuentro entre Andueza y Esteban supera -como quiso remarcar el PNV- el \u00e1mbito dom\u00e9stico vasco. Esteban anunci\u00f3 a primera hora de ayer su convicci\u00f3n de que hab\u00eda \u00abagua en la piscina\u00bb para avanzar en la b\u00fasqueda de un acuerdo y los socialistas utilizaron la iron\u00eda y la citada imagen que provoc\u00f3 una explosi\u00f3n pol\u00edtica. El presidente nacionalista reaccion\u00f3 con el anuncio de la suspensi\u00f3n de una reuni\u00f3n discreta en la que Antonio Hernando ejerc\u00eda de comisionado de Pedro S\u00e1nchez. Junto a \u00e9l, estaba prevista la presencia de Eneko Andueza. Fuentes socialistas reconocieron que en el encuentro estaba previsto abordar la reforma del Estatuto de Gernika en la que participan los m\u00e1ximos responsables pol\u00edticos de PNV, del PSE-EE y de EH Bildu.Hernando asumi\u00f3 en oto\u00f1o de 2025 el papel que hasta junio del pasado a\u00f1o ejerc\u00eda Santos Cerd\u00e1n. El ex secretario de Organizaci\u00f3n del PSOE acusado ahora de graves delitos de corrupci\u00f3n pol\u00edtica era el encargado de engrasar las relaciones con los dos socios nacionalistas de S\u00e1nchez y de garantizar que el acuerdo que se alcanzara en Vitoria sobre un nuevo estatus vasco tendr\u00eda el respaldo del PSOE para ser revalidado en el Congreso.Pero Hernando, seg\u00fan fuentes nacionalistas, tambi\u00e9n estaba dispuesto a compartir con Esteban el empuj\u00f3n definitivo a la cesi\u00f3n de transferencias al Gobierno vasco que incluye la gesti\u00f3n del r\u00e9gimen econ\u00f3mico de la Seguridad Social. Ni los gui\u00f1os del PNV en Madrid y en Euskadi hacia el PP ni la suspensi\u00f3n de la cita con Hernando y Andueza alteran \u00abla relaci\u00f3n normal\u00bb con los nacionalistas, seg\u00fan fuentes de La Moncloa. El mensaje que se intent\u00f3 trasladar desde Presidencia del Gobierno es que el tuit se enmarca en las \u00abdisputas\u00bb entre los dos partidos en Euskadi y se intent\u00f3 rebajar trascendencia a la cita de Hernando con Esteban.Mientras el l\u00edder del PNV desvelaba sus negociaciones con el enviado de S\u00e1nchez, la portavoz parlamentaria Maribel Vaquero alimentaba la debilidad del presidente socialista en las Cortes Generales. \u00ab\u00bfC\u00f3mo pretende gobernar con una aritm\u00e9tica parlamentaria negativa?\u00bb Esta es la pregunta que lanz\u00f3 ayer la portavoz de los nacionalistas vascos, Maribel Vaquero, tras anunciar la decisi\u00f3n de su grupo de abstenerse en la votaci\u00f3n del decreto de vivienda.Para el nacionalismo vasco el decreto adolec\u00eda de defectos de forma y de contenido. Ni se hab\u00eda negociado ni se hab\u00eda dialogado ni se hab\u00edan tenido en cuenta las aportaciones de los grupos. El Gobierno, seg\u00fan Vaquero, ha adoptado la costumbre de gobernar por decreto ley dando la espalda a las formaciones parlamentarias. Adem\u00e1s, la norma colisionaba, en su opini\u00f3n, con la Ley de Vivienda poniendo de manifiesto sus \u00ablagunas\u00bb y ahora, tras decaer, abre un panorama de inseguridad jur\u00eddica tanto para inquilinos como para propietarios. El PNV mantiene que un problema tan grave como el de la vivienda debe abordarse desde una \u00abpol\u00edtica integral\u00bb y no con medidas puntuales.Junts esgrimi\u00f3 unos argumentos muy similares: no ha habido negociaci\u00f3n; el Gobierno trata de chantajear con los decretos que no se pueden enmendar; la norma fomenta la inseguridad jur\u00eddica y restringir\u00e1 a\u00fan m\u00e1s la oferta de vivienda y, adem\u00e1s, est\u00e1 plagada de defectos que la har\u00edan inaplicable.Los de Puigdemont rompieron con el Gobierno el pasado mes de octubre y desde entonces nada les ha hecho cambiar de opini\u00f3n. Junts ha urgido ya claramente a S\u00e1nchez a convocar elecciones ante la evidencia de que no cuenta con apoyos parlamentarios. El PNV no ha llegado a tanto pero tambi\u00e9n se pregunta, y hoy mismo, se lo dir\u00e1 al presidente a la cara, que no tiene respaldos para sostener la legislatura y en esas condiciones no se puede gobernar. Aitor Esteban y el lehendakari Pradales pretenden acelerar el traspaso de competencias como la Seguridad Social antes del par\u00f3n veraniego.De esta forma, el Ejecutivo a\u00f1adi\u00f3 ayer a su propio enfrentamiento interno, la constataci\u00f3n p\u00fablica de su agon\u00eda parlamentaria, puesta en evidencia con toda nitidez frente a uno de los problemas que con m\u00e1s dureza golpea a la ciudadan\u00eda: la pol\u00edtica de vivienda.","breadcrumb":{"@id":"https:\/\/vof-news.eu\/es\/los-socios-huyen-ahora-de-sanchez-para-no-verse-castigados-en-las-elecciones\/#breadcrumb"},"inLanguage":"es","potentialAction":[{"@type":"ReadAction","target":["https:\/\/vof-news.eu\/es\/los-socios-huyen-ahora-de-sanchez-para-no-verse-castigados-en-las-elecciones\/"]}]},{"@type":"ImageObject","inLanguage":"es","@id":"https:\/\/vof-news.eu\/es\/los-socios-huyen-ahora-de-sanchez-para-no-verse-castigados-en-las-elecciones\/#primaryimage","url":"https:\/\/vof-news.eu\/wp-content\/uploads\/2026\/04\/17774069435882.jpg","contentUrl":"https:\/\/vof-news.eu\/wp-content\/uploads\/2026\/04\/17774069435882.jpg","width":1366,"height":911},{"@type":"BreadcrumbList","@id":"https:\/\/vof-news.eu\/es\/los-socios-huyen-ahora-de-sanchez-para-no-verse-castigados-en-las-elecciones\/#breadcrumb","itemListElement":[{"@type":"ListItem","position":1,"name":"Home","item":"https:\/\/vof-news.eu\/es\/"},{"@type":"ListItem","position":2,"name":"Los socios huyen ahora de S\u00e1nchez para no verse castigados en las elecciones"}]},{"@type":"WebSite","@id":"https:\/\/vof-news.eu\/es\/#website","url":"https:\/\/vof-news.eu\/es\/","name":"vof-news.eu","description":"","potentialAction":[{"@type":"SearchAction","target":{"@type":"EntryPoint","urlTemplate":"https:\/\/vof-news.eu\/es\/?s={search_term_string}"},"query-input":"required name=search_term_string"}],"inLanguage":"es"},{"@type":"Person","@id":"https:\/\/vof-news.eu\/es\/#\/schema\/person\/f6a2a4309f0561835797fd8c19b333ed","name":"Author","image":{"@type":"ImageObject","inLanguage":"es","@id":"https:\/\/vof-news.eu\/es\/#\/schema\/person\/image\/","url":"https:\/\/secure.gravatar.com\/avatar\/b67e614b1b25b3e9c0c239efdd2fde5ab015b5affd6f1c3c85911ca4b384e790?s=96&d=mm&r=g","contentUrl":"https:\/\/secure.gravatar.com\/avatar\/b67e614b1b25b3e9c0c239efdd2fde5ab015b5affd6f1c3c85911ca4b384e790?s=96&d=mm&r=g","caption":"Author"},"sameAs":["http:\/\/vof-news.eu"],"url":"https:\/\/vof-news.eu\/es\/author\/zwt6qxnjulxbnyg\/"}]}},"yoast_meta":{"yoast_wpseo_title":"","yoast_wpseo_metadesc":"","yoast_wpseo_canonical":""},"_links":{"self":[{"href":"https:\/\/vof-news.eu\/es\/wp-json\/wp\/v2\/posts\/335043","targetHints":{"allow":["GET"]}}],"collection":[{"href":"https:\/\/vof-news.eu\/es\/wp-json\/wp\/v2\/posts"}],"about":[{"href":"https:\/\/vof-news.eu\/es\/wp-json\/wp\/v2\/types\/post"}],"author":[{"embeddable":true,"href":"https:\/\/vof-news.eu\/es\/wp-json\/wp\/v2\/users\/1"}],"replies":[{"embeddable":true,"href":"https:\/\/vof-news.eu\/es\/wp-json\/wp\/v2\/comments?post=335043"}],"version-history":[{"count":1,"href":"https:\/\/vof-news.eu\/es\/wp-json\/wp\/v2\/posts\/335043\/revisions"}],"predecessor-version":[{"id":335044,"href":"https:\/\/vof-news.eu\/es\/wp-json\/wp\/v2\/posts\/335043\/revisions\/335044"}],"wp:featuredmedia":[{"embeddable":true,"href":"https:\/\/vof-news.eu\/es\/wp-json\/wp\/v2\/media\/335030"}],"wp:attachment":[{"href":"https:\/\/vof-news.eu\/es\/wp-json\/wp\/v2\/media?parent=335043"}],"wp:term":[{"taxonomy":"category","embeddable":true,"href":"https:\/\/vof-news.eu\/es\/wp-json\/wp\/v2\/categories?post=335043"},{"taxonomy":"post_tag","embeddable":true,"href":"https:\/\/vof-news.eu\/es\/wp-json\/wp\/v2\/tags?post=335043"}],"curies":[{"name":"wp","href":"https:\/\/api.w.org\/{rel}","templated":true}]}}