{"id":334813,"date":"2026-04-27T03:24:41","date_gmt":"2026-04-27T00:24:41","guid":{"rendered":"https:\/\/vof-news.eu\/reconstruccion-del-dia-que-el-gobierno-se-fue-a-negro-con-el-gran-apagon-un-drama-que-no-nos-tenia-que-haber-pasado\/"},"modified":"2026-04-27T03:24:54","modified_gmt":"2026-04-27T00:24:54","slug":"reconstruccion-del-dia-que-el-gobierno-se-fue-a-negro-con-el-gran-apagon-un-drama-que-no-nos-tenia-que-haber-pasado","status":"publish","type":"post","link":"https:\/\/vof-news.eu\/es\/reconstruccion-del-dia-que-el-gobierno-se-fue-a-negro-con-el-gran-apagon-un-drama-que-no-nos-tenia-que-haber-pasado\/","title":{"rendered":"Reconstrucci\u00f3n del d\u00eda que el Gobierno se fue a negro con el gran apag\u00f3n: \u00abUn drama que no nos ten\u00eda que\u00a0 haber pasado\u00bb"},"content":{"rendered":"<div>\n<p>Acaba de terminar el comit\u00e9 de direcci\u00f3n que se celebra todos los lunes en La Moncloa, la cita que re\u00fane al n\u00facleo duro de <strong>Pedro S\u00e1nchez<\/strong>. El presidente del Gobierno se encuentra reunido con su hom\u00f3logo de Chipre, <strong>Nikos Christodoulides<\/strong>. Ma\u00f1ana de actividad en el complejo presidencial. El sol ba\u00f1a todo el recinto. Se avecina oscuridad. Literal. Los m\u00f3viles empiezan a sonar y vibrar. Mensajes en el grupo de las delegaciones de Gobierno. Desde Murcia y La Rioja advierten de que en esas comunidades se ha ido la luz. Los mensajes son muy seguidos. Es el primer aviso que tienen en La Moncloa de que algo est\u00e1 pasando en Espa\u00f1a. Acto seguido entra la llamada de la vicepresidenta tercera y ministra para la Transici\u00f3n Ecol\u00f3gica, <strong>Sara Aagesen<\/strong>, que estaba en un foro con inversores. Traslada que cree que el pa\u00eds se encamina a un cero energ\u00e9tico, <strong>\u00abvamos a una ca\u00edda total\u00bb<\/strong>. Avisan a S\u00e1nchez: se est\u00e1 yendo la luz, pero a\u00fan no tienen informaci\u00f3n. Habla con Aagesen. \u00abTodos a Red El\u00e9ctrica, \u00a1Ya!\u00bb, es su orden.<\/p>\n<p>Nada hac\u00eda prever en el Gobierno el 28 de abril de 2025 que Espa\u00f1a protagonizar\u00eda un gran apag\u00f3n. Se produjo a las 12.33 horas. \u00abLo que pas\u00f3 fue <strong>un drama y no ten\u00eda que pasar<\/strong>. La miseria es que nos pas\u00f3\u00bb, reconoce una de las personas del Ejecutivo que vivi\u00f3 de primera mano aquel d\u00eda. \u00abHay que entender que el apag\u00f3n fue una vulnerabilidad\u00bb, se justifica otra. Una jornada que queda ya registrada en la historia del pa\u00eds. S\u00e1nchez pide que hablen con Seguridad Nacional y que avisen a un grupo de ministros para que se re\u00fanan con \u00e9l en Red El\u00e9ctrica. Aagesen y <strong>Carlos Cuerpo<\/strong>, entonces ministro de Econom\u00eda, abandonan precipitadamente el Invest in Spain Summit, donde manten\u00edan encuentros con inversores. El jefe del Ejecutivo deja ordenado que se convoque una reuni\u00f3n del <strong>Consejo de Seguridad Nacional<\/strong> para cuando regrese. Sale de Moncloa junto a Aagesen a las 13.10 horas. Llega a Red El\u00e9ctrica a las 13.30 horas.<\/p>\n<p>Los ministros convocados de urgencia -la vicepresidenta primera, <strong>Mar\u00eda Jes\u00fas Montero<\/strong>; el ministro del Interior, Fernando <strong>Grande-Marlaska<\/strong>; el ministro de Transportes y Movilidad Sostenible,<strong> \u00d3scar Puente<\/strong>; la ministra de Sanidad, <strong>M\u00f3nica Garc\u00eda<\/strong>, y el ministro para la Transformaci\u00f3n Digital y de la Funci\u00f3n P\u00fablica, <strong>\u00d3scar L\u00f3pez<\/strong>&#8211; se apresuran a montar en sus coches para desplazarse hasta el madrile\u00f1o municipio de Alcobendas. Tienen problemas para llegar. Durante el camino, la se\u00f1al GPS se pierde, no hay conexi\u00f3n y no saben llegar. Muchos lo hacen tarde. El primero en aparecer es L\u00f3pez. Hab\u00eda estado varias veces en la sede del operador. Recuerda el camino y hace de gu\u00eda. \u00abIba dando instrucciones desv\u00edo a desv\u00edo, si no, no llegamos\u00bb. Intuye d\u00eda largo, as\u00ed que seg\u00fan entra por la puerta se quita la chaqueta. Es de los pocos en camisa.<\/p>\n<p>Otros miembros del Consejo de Ministros tambi\u00e9n sufrieron el apag\u00f3n de sopet\u00f3n. La vicepresidenta segunda, <strong>Yolanda D\u00edaz<\/strong>, iba en un tren camino de Murcia para clausurar el acto Juntas por la econom\u00eda social. La luz se apag\u00f3 entrando en la estaci\u00f3n de Orihuela &#8211; <strong>Miguel Hern\u00e1ndez<\/strong>, la pen\u00faltima. \u00abPensamos que era una incidencia m\u00e1s hasta que vimos que no ten\u00edamos cobertura\u00bb. Ella y su equipo tuvieron que esperar hora y media antes de que los sacaran del tren. En los momentos que ten\u00edan cobertura les llegaban las noticias. Cogieron un coche y de vuelta a Madrid. No lleg\u00f3 al primer Consejo de Seguridad de las 15.00 horas.<\/p>\n<p>En Red El\u00e9ctrica, ya en la mesa con los t\u00e9cnicos, S\u00e1nchez pide \u00abclaridad\u00bb y \u00abentender el alcance\u00bb de lo que est\u00e1 pasando. Est\u00e1 presente <strong>Beatriz Corredor<\/strong>, presidenta del operador nombrada por el Gobierno, pero la voz cantante la llevan los t\u00e9cnicos. Fija la prioridad de que se restablezca el servicio. Pide plazos para trabajar internamente con ellos, no para hacerlos p\u00fablicos. Sin embargo, Red El\u00e9ctrica traslada p\u00fablicamente un <strong>rango de entre 6 y 10 horas<\/strong>. \u00abLos t\u00e9cnicos transmitieron cierta tranquilidad en el sentido de que el sistema se iba a recuperar, que se estaba recuperando. Pero no ten\u00edan una explicaci\u00f3n para lo que hab\u00eda pasado. Hab\u00eda incertidumbre\u00bb, relatan fuentes presentes en la reuni\u00f3n.<\/p>\n<p>Aagesen ejerce de traductora. S\u00e1nchez exig\u00eda claridad, entender \u00abqu\u00e9 est\u00e1 pasando\u00bb en t\u00e9rminos comprensibles. Ella \u00ablo entendi\u00f3 desde el principio y lo explic\u00f3. Eso ayud\u00f3 a, dentro de lo posible, tener calma y tomar decisiones\u00bb. Mientras tanto, L\u00f3pez est\u00e1 en contacto con organismos como el<strong> Instituto Nacional de Ciberseguridad (Incibe<\/strong>) ante la posibilidad de que hubiera sido un ciberataque, algo que se descartar\u00eda con el paso del tiempo. \u00abEl apag\u00f3n sucedi\u00f3 de d\u00eda. Hac\u00eda buen tiempo. Eso nos ayud\u00f3, claro\u00bb, relata otra persona que estuvo en primera fila ese 28 de abril.<\/p>\n<p>Los mensajes de WhatsApp y Telegram, canales por los que se comunica el Gobierno, no funcionaban, o, al menos, lo hac\u00edan de manera intermitente. La informaci\u00f3n flu\u00eda a cuentagotas. La radio cobr\u00f3 protagonismo para informarse. S\u00e1nchez comparece en La Moncloa sobre las 18 horas. Seis horas despu\u00e9s de que se produzca el gran apag\u00f3n. Desde la <strong>oposici\u00f3n <\/strong>se reproch\u00f3 la tardanza y el hecho de que el presidente no se dirigiera antes a la naci\u00f3n para trasladar un mensaje de calma.<\/p>\n<p>\u00abEn relaci\u00f3n con si se compareci\u00f3 tarde, no tarde, el Gobierno comparece en cuanto tiene informaci\u00f3n\u00bb, explic\u00f3 el jefe del Ejecutivo. \u00abHemos sido <strong>absolutamente transparentes<\/strong> y comparecido, evidentemente, cuando ten\u00edamos una informaci\u00f3n mucho m\u00e1s precisa de qu\u00e9 es lo que estaba aconteciendo y tambi\u00e9n l\u00f3gicamente, de las decisiones que est\u00e1bamos tomando\u00bb. Lo que se dictamin\u00f3, a ejemplo de la pandemia, es que fueran los t\u00e9cnicos los que ofrecieran las primeras explicaciones. As\u00ed, a la hora de comer <strong>Eduardo Prieto<\/strong>, director de Servicios para la Operaci\u00f3n de Red El\u00e9ctrica, ofrece una rueda de prensa telem\u00e1tica. En torno a 70 periodistas pueden conectarse a ella. \u00abPara que el presidente pueda mandarle un mensaje a la naci\u00f3n <strong>tiene que tener informaci\u00f3n, y no la ten\u00edamos<\/strong>\u00bb, justifican en el Ejecutivo.<\/p>\n<p>En La Moncloa niegan el \u00abapag\u00f3n informativo\u00bb que denunci\u00f3 el PP. \u00abEl Gobierno emit\u00eda. Priorizamos la informaci\u00f3n de servicio. <strong>Polic\u00eda, Guardia Civil, Adif, Renfe, la DGT, Enaire<\/strong>&#8230; todos trasladaban a trav\u00e9s de las redes sociales. Se dio la informaci\u00f3n que era importante, la de servicio p\u00fablico, con un mensaje de precauci\u00f3n y de no salir de casa. El presidente no puede salir a informar del corte de una carretera\u00bb. Mientras en el seno del Gobierno hay quien admite que \u00abpuede haber debate en si se tard\u00f3 mucho o no\u00bb, otras voces califican de \u00abfalta de lealtad institucional decir que ocultamos informaci\u00f3n\u00bb.<\/p>\n<p>En esas horas, hay que tener en consideraci\u00f3n otro factor: la informaci\u00f3n de las el\u00e9ctricas flu\u00eda, pero no los datos. Esto es, en La Moncloa hab\u00eda la queja y el enfado de que no se les permit\u00eda el acceso a los datos -y eso que pusieron a <strong>personal de Defensa y del CNI <\/strong>a trabajar en ello- para conocer las tripas de lo que hab\u00eda ocurrido. De ah\u00ed que S\u00e1nchez, en un primer momento, salga muy duro contra las el\u00e9ctricas, poniendo el foco en ellas y advirtiendo que se les exigir\u00edan responsabilidades. \u00abLa informaci\u00f3n flu\u00eda, pero no ten\u00edamos acceso a los datos\u00bb, se quejan fuentes gubernamentales. S\u00e1nchez, el martes 29 de abril, decide convocarlas de urgencia en La Moncloa. Fuentes conocedoras de la cita explican que les pidi\u00f3 \u00abcolaboraci\u00f3n con el Gobierno y los organismos independientes para identificar las causas del incidente\u00bb. Hab\u00eda enfado y <strong>\u00abdescontento\u00bb<\/strong> con el sector.<\/p>\n<p>El Gobierno, el propio jefe del Ejecutivo, prometi\u00f3 \u00abllegar al fondo del asunto, porque queremos asumir esas responsabilidades pol\u00edticas, exigirlas tambi\u00e9n\u00bb. Pero un a\u00f1o despu\u00e9s, no se ha depurado ninguna. Corredor, pese al malestar que esos d\u00edas cundi\u00f3 en el Gobierno con Red El\u00e9ctrica -se admite que <strong>\u00abhubo momentos de descoordinaci\u00f3n\u00bb <\/strong>como descartar un ciberataque cuando Moncloa no negaba ninguna hip\u00f3tesis- y su gesti\u00f3n, sigue en el cargo.<\/p>\n<p>El apag\u00f3n fue el inicio de un trimestre complicado para el Gobierno: el cero energ\u00e9tico, c\u00famulo de incidencias en los trenes y el estallido del <i><strong>informe Cerd\u00e1n<\/strong><\/i>, que s\u00ed hizo tambalearse a S\u00e1nchez. \u00abHab\u00eda preocupaci\u00f3n porque se asentara el mensaje en la sociedad de que todo fallaba, que se instalara un estado de ansiedad que no se correspond\u00eda con la realidad y los datos\u00bb, defiende un miembro del Gobierno. Las personas consultadas no creen que el apag\u00f3n o el caos ferroviario pusieran en riesgo el Ejecutivo, algo que s\u00ed hizo la entrada en prisi\u00f3n del que fuera mano derecha de S\u00e1nchez.<\/p>\n<hr\/>\n<\/div>\n","protected":false},"excerpt":{"rendered":"<p>Acaba de terminar el comit\u00e9 de direcci\u00f3n que se celebra todos los lunes en La Moncloa, la cita que re\u00fane al n\u00facleo duro de Pedro S\u00e1nchez. El presidente del Gobierno se encuentra reunido con su hom\u00f3logo de Chipre, Nikos Christodoulides. Ma\u00f1ana de actividad en el complejo presidencial. El sol ba\u00f1a todo el recinto. Se avecina<\/p>\n","protected":false},"author":1,"featured_media":334807,"comment_status":"open","ping_status":"open","sticky":false,"template":"","format":"standard","meta":{"footnotes":""},"categories":[47],"tags":[],"class_list":["post-334813","post","type-post","status-publish","format-standard","has-post-thumbnail","hentry","category-interview-es"],"acf":[],"yoast_head":"<!-- This site is optimized with the Yoast SEO plugin v22.9 - https:\/\/yoast.com\/wordpress\/plugins\/seo\/ -->\n<title>Reconstrucci\u00f3n del d\u00eda que el Gobierno se fue a negro con el gran apag\u00f3n: &quot;Un drama que no nos ten\u00eda que\u00a0 haber pasado&quot; - vof-news.eu<\/title>\n<meta name=\"description\" content=\"Acaba de terminar el comit\u00e9 de direcci\u00f3n que se celebra todos los lunes en La Moncloa, la cita que re\u00fane al n\u00facleo duro de Pedro S\u00e1nchez. El presidente del Gobierno se encuentra reunido con su hom\u00f3logo de Chipre, Nikos Christodoulides. Ma\u00f1ana de actividad en el complejo presidencial. El sol ba\u00f1a todo el recinto. Se avecina oscuridad. Literal. Los m\u00f3viles empiezan a sonar y vibrar. Mensajes en el grupo de las delegaciones de Gobierno. Desde Murcia y La Rioja advierten de que en esas comunidades se ha ido la luz. Los mensajes son muy seguidos. Es el primer aviso que tienen en La Moncloa de que algo est\u00e1 pasando en Espa\u00f1a. Acto seguido entra la llamada de la vicepresidenta tercera y ministra para la Transici\u00f3n Ecol\u00f3gica, Sara Aagesen, que estaba en un foro con inversores. Traslada que cree que el pa\u00eds se encamina a un cero energ\u00e9tico, \u00abvamos a una ca\u00edda total\u00bb. Avisan a S\u00e1nchez: se est\u00e1 yendo la luz, pero a\u00fan no tienen informaci\u00f3n. Habla con Aagesen. \u00abTodos a Red El\u00e9ctrica, \u00a1Ya!\u00bb, es su orden.Nada hac\u00eda prever en el Gobierno el 28 de abril de 2025 que Espa\u00f1a protagonizar\u00eda un gran apag\u00f3n. Se produjo a las 12.33 horas. \u00abLo que pas\u00f3 fue un drama y no ten\u00eda que pasar. La miseria es que nos pas\u00f3\u00bb, reconoce una de las personas del Ejecutivo que vivi\u00f3 de primera mano aquel d\u00eda. \u00abHay que entender que el apag\u00f3n fue una vulnerabilidad\u00bb, se justifica otra. Una jornada que queda ya registrada en la historia del pa\u00eds. S\u00e1nchez pide que hablen con Seguridad Nacional y que avisen a un grupo de ministros para que se re\u00fanan con \u00e9l en Red El\u00e9ctrica. Aagesen y Carlos Cuerpo, entonces ministro de Econom\u00eda, abandonan precipitadamente el Invest in Spain Summit, donde manten\u00edan encuentros con inversores. El jefe del Ejecutivo deja ordenado que se convoque una reuni\u00f3n del Consejo de Seguridad Nacional para cuando regrese. Sale de Moncloa junto a Aagesen a las 13.10 horas. Llega a Red El\u00e9ctrica a las 13.30 horas.Los ministros convocados de urgencia -la vicepresidenta primera, Mar\u00eda Jes\u00fas Montero; el ministro del Interior, Fernando Grande-Marlaska; el ministro de Transportes y Movilidad Sostenible, \u00d3scar Puente; la ministra de Sanidad, M\u00f3nica Garc\u00eda, y el ministro para la Transformaci\u00f3n Digital y de la Funci\u00f3n P\u00fablica, \u00d3scar L\u00f3pez- se apresuran a montar en sus coches para desplazarse hasta el madrile\u00f1o municipio de Alcobendas. Tienen problemas para llegar. Durante el camino, la se\u00f1al GPS se pierde, no hay conexi\u00f3n y no saben llegar. Muchos lo hacen tarde. El primero en aparecer es L\u00f3pez. Hab\u00eda estado varias veces en la sede del operador. Recuerda el camino y hace de gu\u00eda. \u00abIba dando instrucciones desv\u00edo a desv\u00edo, si no, no llegamos\u00bb. Intuye d\u00eda largo, as\u00ed que seg\u00fan entra por la puerta se quita la chaqueta. Es de los pocos en camisa.Otros miembros del Consejo de Ministros tambi\u00e9n sufrieron el apag\u00f3n de sopet\u00f3n. La vicepresidenta segunda, Yolanda D\u00edaz, iba en un tren camino de Murcia para clausurar el acto Juntas por la econom\u00eda social. La luz se apag\u00f3 entrando en la estaci\u00f3n de Orihuela - Miguel Hern\u00e1ndez, la pen\u00faltima. \u00abPensamos que era una incidencia m\u00e1s hasta que vimos que no ten\u00edamos cobertura\u00bb. Ella y su equipo tuvieron que esperar hora y media antes de que los sacaran del tren. En los momentos que ten\u00edan cobertura les llegaban las noticias. Cogieron un coche y de vuelta a Madrid. No lleg\u00f3 al primer Consejo de Seguridad de las 15.00 horas.En Red El\u00e9ctrica, ya en la mesa con los t\u00e9cnicos, S\u00e1nchez pide \u00abclaridad\u00bb y \u00abentender el alcance\u00bb de lo que est\u00e1 pasando. Est\u00e1 presente Beatriz Corredor, presidenta del operador nombrada por el Gobierno, pero la voz cantante la llevan los t\u00e9cnicos. Fija la prioridad de que se restablezca el servicio. Pide plazos para trabajar internamente con ellos, no para hacerlos p\u00fablicos. Sin embargo, Red El\u00e9ctrica traslada p\u00fablicamente un rango de entre 6 y 10 horas. \u00abLos t\u00e9cnicos transmitieron cierta tranquilidad en el sentido de que el sistema se iba a recuperar, que se estaba recuperando. Pero no ten\u00edan una explicaci\u00f3n para lo que hab\u00eda pasado. Hab\u00eda incertidumbre\u00bb, relatan fuentes presentes en la reuni\u00f3n.Aagesen ejerce de traductora. S\u00e1nchez exig\u00eda claridad, entender \u00abqu\u00e9 est\u00e1 pasando\u00bb en t\u00e9rminos comprensibles. Ella \u00ablo entendi\u00f3 desde el principio y lo explic\u00f3. Eso ayud\u00f3 a, dentro de lo posible, tener calma y tomar decisiones\u00bb. Mientras tanto, L\u00f3pez est\u00e1 en contacto con organismos como el Instituto Nacional de Ciberseguridad (Incibe) ante la posibilidad de que hubiera sido un ciberataque, algo que se descartar\u00eda con el paso del tiempo. \u00abEl apag\u00f3n sucedi\u00f3 de d\u00eda. Hac\u00eda buen tiempo. Eso nos ayud\u00f3, claro\u00bb, relata otra persona que estuvo en primera fila ese 28 de abril.Los mensajes de WhatsApp y Telegram, canales por los que se comunica el Gobierno, no funcionaban, o, al menos, lo hac\u00edan de manera intermitente. La informaci\u00f3n flu\u00eda a cuentagotas. La radio cobr\u00f3 protagonismo para informarse. S\u00e1nchez comparece en La Moncloa sobre las 18 horas. Seis horas despu\u00e9s de que se produzca el gran apag\u00f3n. Desde la oposici\u00f3n se reproch\u00f3 la tardanza y el hecho de que el presidente no se dirigiera antes a la naci\u00f3n para trasladar un mensaje de calma.\u00abEn relaci\u00f3n con si se compareci\u00f3 tarde, no tarde, el Gobierno comparece en cuanto tiene informaci\u00f3n\u00bb, explic\u00f3 el jefe del Ejecutivo. \u00abHemos sido absolutamente transparentes y comparecido, evidentemente, cuando ten\u00edamos una informaci\u00f3n mucho m\u00e1s precisa de qu\u00e9 es lo que estaba aconteciendo y tambi\u00e9n l\u00f3gicamente, de las decisiones que est\u00e1bamos tomando\u00bb. Lo que se dictamin\u00f3, a ejemplo de la pandemia, es que fueran los t\u00e9cnicos los que ofrecieran las primeras explicaciones. As\u00ed, a la hora de comer Eduardo Prieto, director de Servicios para la Operaci\u00f3n de Red El\u00e9ctrica, ofrece una rueda de prensa telem\u00e1tica. En torno a 70 periodistas pueden conectarse a ella. \u00abPara que el presidente pueda mandarle un mensaje a la naci\u00f3n tiene que tener informaci\u00f3n, y no la ten\u00edamos\u00bb, justifican en el Ejecutivo.En La Moncloa niegan el \u00abapag\u00f3n informativo\u00bb que denunci\u00f3 el PP. \u00abEl Gobierno emit\u00eda. Priorizamos la informaci\u00f3n de servicio. Polic\u00eda, Guardia Civil, Adif, Renfe, la DGT, Enaire... todos trasladaban a trav\u00e9s de las redes sociales. Se dio la informaci\u00f3n que era importante, la de servicio p\u00fablico, con un mensaje de precauci\u00f3n y de no salir de casa. El presidente no puede salir a informar del corte de una carretera\u00bb. Mientras en el seno del Gobierno hay quien admite que \u00abpuede haber debate en si se tard\u00f3 mucho o no\u00bb, otras voces califican de \u00abfalta de lealtad institucional decir que ocultamos informaci\u00f3n\u00bb.En esas horas, hay que tener en consideraci\u00f3n otro factor: la informaci\u00f3n de las el\u00e9ctricas flu\u00eda, pero no los datos. Esto es, en La Moncloa hab\u00eda la queja y el enfado de que no se les permit\u00eda el acceso a los datos -y eso que pusieron a personal de Defensa y del CNI a trabajar en ello- para conocer las tripas de lo que hab\u00eda ocurrido. De ah\u00ed que S\u00e1nchez, en un primer momento, salga muy duro contra las el\u00e9ctricas, poniendo el foco en ellas y advirtiendo que se les exigir\u00edan responsabilidades. \u00abLa informaci\u00f3n flu\u00eda, pero no ten\u00edamos acceso a los datos\u00bb, se quejan fuentes gubernamentales. S\u00e1nchez, el martes 29 de abril, decide convocarlas de urgencia en La Moncloa. Fuentes conocedoras de la cita explican que les pidi\u00f3 \u00abcolaboraci\u00f3n con el Gobierno y los organismos independientes para identificar las causas del incidente\u00bb. Hab\u00eda enfado y \u00abdescontento\u00bb con el sector.El Gobierno, el propio jefe del Ejecutivo, prometi\u00f3 \u00abllegar al fondo del asunto, porque queremos asumir esas responsabilidades pol\u00edticas, exigirlas tambi\u00e9n\u00bb. Pero un a\u00f1o despu\u00e9s, no se ha depurado ninguna. Corredor, pese al malestar que esos d\u00edas cundi\u00f3 en el Gobierno con Red El\u00e9ctrica -se admite que \u00abhubo momentos de descoordinaci\u00f3n\u00bb como descartar un ciberataque cuando Moncloa no negaba ninguna hip\u00f3tesis- y su gesti\u00f3n, sigue en el cargo.El apag\u00f3n fue el inicio de un trimestre complicado para el Gobierno: el cero energ\u00e9tico, c\u00famulo de incidencias en los trenes y el estallido del informe Cerd\u00e1n, que s\u00ed hizo tambalearse a S\u00e1nchez. \u00abHab\u00eda preocupaci\u00f3n porque se asentara el mensaje en la sociedad de que todo fallaba, que se instalara un estado de ansiedad que no se correspond\u00eda con la realidad y los datos\u00bb, defiende un miembro del Gobierno. Las personas consultadas no creen que el apag\u00f3n o el caos ferroviario pusieran en riesgo el Ejecutivo, algo que s\u00ed hizo la entrada en prisi\u00f3n del que fuera mano derecha de S\u00e1nchez.\" \/>\n<meta name=\"robots\" content=\"noindex, follow, max-snippet:-1, max-image-preview:large, max-video-preview:-1\" \/>\n<meta property=\"og:locale\" content=\"es_ES\" \/>\n<meta property=\"og:type\" content=\"article\" \/>\n<meta property=\"og:title\" content=\"Reconstrucci\u00f3n del d\u00eda que el Gobierno se fue a negro con el gran apag\u00f3n: &quot;Un drama que no nos ten\u00eda que\u00a0 haber pasado&quot; - vof-news.eu\" \/>\n<meta property=\"og:description\" content=\"Acaba de terminar el comit\u00e9 de direcci\u00f3n que se celebra todos los lunes en La Moncloa, la cita que re\u00fane al n\u00facleo duro de Pedro S\u00e1nchez. El presidente del Gobierno se encuentra reunido con su hom\u00f3logo de Chipre, Nikos Christodoulides. Ma\u00f1ana de actividad en el complejo presidencial. El sol ba\u00f1a todo el recinto. Se avecina oscuridad. Literal. Los m\u00f3viles empiezan a sonar y vibrar. Mensajes en el grupo de las delegaciones de Gobierno. Desde Murcia y La Rioja advierten de que en esas comunidades se ha ido la luz. Los mensajes son muy seguidos. Es el primer aviso que tienen en La Moncloa de que algo est\u00e1 pasando en Espa\u00f1a. Acto seguido entra la llamada de la vicepresidenta tercera y ministra para la Transici\u00f3n Ecol\u00f3gica, Sara Aagesen, que estaba en un foro con inversores. Traslada que cree que el pa\u00eds se encamina a un cero energ\u00e9tico, \u00abvamos a una ca\u00edda total\u00bb. Avisan a S\u00e1nchez: se est\u00e1 yendo la luz, pero a\u00fan no tienen informaci\u00f3n. Habla con Aagesen. \u00abTodos a Red El\u00e9ctrica, \u00a1Ya!\u00bb, es su orden.Nada hac\u00eda prever en el Gobierno el 28 de abril de 2025 que Espa\u00f1a protagonizar\u00eda un gran apag\u00f3n. Se produjo a las 12.33 horas. \u00abLo que pas\u00f3 fue un drama y no ten\u00eda que pasar. La miseria es que nos pas\u00f3\u00bb, reconoce una de las personas del Ejecutivo que vivi\u00f3 de primera mano aquel d\u00eda. \u00abHay que entender que el apag\u00f3n fue una vulnerabilidad\u00bb, se justifica otra. Una jornada que queda ya registrada en la historia del pa\u00eds. S\u00e1nchez pide que hablen con Seguridad Nacional y que avisen a un grupo de ministros para que se re\u00fanan con \u00e9l en Red El\u00e9ctrica. Aagesen y Carlos Cuerpo, entonces ministro de Econom\u00eda, abandonan precipitadamente el Invest in Spain Summit, donde manten\u00edan encuentros con inversores. El jefe del Ejecutivo deja ordenado que se convoque una reuni\u00f3n del Consejo de Seguridad Nacional para cuando regrese. Sale de Moncloa junto a Aagesen a las 13.10 horas. Llega a Red El\u00e9ctrica a las 13.30 horas.Los ministros convocados de urgencia -la vicepresidenta primera, Mar\u00eda Jes\u00fas Montero; el ministro del Interior, Fernando Grande-Marlaska; el ministro de Transportes y Movilidad Sostenible, \u00d3scar Puente; la ministra de Sanidad, M\u00f3nica Garc\u00eda, y el ministro para la Transformaci\u00f3n Digital y de la Funci\u00f3n P\u00fablica, \u00d3scar L\u00f3pez- se apresuran a montar en sus coches para desplazarse hasta el madrile\u00f1o municipio de Alcobendas. Tienen problemas para llegar. Durante el camino, la se\u00f1al GPS se pierde, no hay conexi\u00f3n y no saben llegar. Muchos lo hacen tarde. El primero en aparecer es L\u00f3pez. Hab\u00eda estado varias veces en la sede del operador. Recuerda el camino y hace de gu\u00eda. \u00abIba dando instrucciones desv\u00edo a desv\u00edo, si no, no llegamos\u00bb. Intuye d\u00eda largo, as\u00ed que seg\u00fan entra por la puerta se quita la chaqueta. Es de los pocos en camisa.Otros miembros del Consejo de Ministros tambi\u00e9n sufrieron el apag\u00f3n de sopet\u00f3n. La vicepresidenta segunda, Yolanda D\u00edaz, iba en un tren camino de Murcia para clausurar el acto Juntas por la econom\u00eda social. La luz se apag\u00f3 entrando en la estaci\u00f3n de Orihuela - Miguel Hern\u00e1ndez, la pen\u00faltima. \u00abPensamos que era una incidencia m\u00e1s hasta que vimos que no ten\u00edamos cobertura\u00bb. Ella y su equipo tuvieron que esperar hora y media antes de que los sacaran del tren. En los momentos que ten\u00edan cobertura les llegaban las noticias. Cogieron un coche y de vuelta a Madrid. No lleg\u00f3 al primer Consejo de Seguridad de las 15.00 horas.En Red El\u00e9ctrica, ya en la mesa con los t\u00e9cnicos, S\u00e1nchez pide \u00abclaridad\u00bb y \u00abentender el alcance\u00bb de lo que est\u00e1 pasando. Est\u00e1 presente Beatriz Corredor, presidenta del operador nombrada por el Gobierno, pero la voz cantante la llevan los t\u00e9cnicos. Fija la prioridad de que se restablezca el servicio. Pide plazos para trabajar internamente con ellos, no para hacerlos p\u00fablicos. Sin embargo, Red El\u00e9ctrica traslada p\u00fablicamente un rango de entre 6 y 10 horas. \u00abLos t\u00e9cnicos transmitieron cierta tranquilidad en el sentido de que el sistema se iba a recuperar, que se estaba recuperando. Pero no ten\u00edan una explicaci\u00f3n para lo que hab\u00eda pasado. Hab\u00eda incertidumbre\u00bb, relatan fuentes presentes en la reuni\u00f3n.Aagesen ejerce de traductora. S\u00e1nchez exig\u00eda claridad, entender \u00abqu\u00e9 est\u00e1 pasando\u00bb en t\u00e9rminos comprensibles. Ella \u00ablo entendi\u00f3 desde el principio y lo explic\u00f3. Eso ayud\u00f3 a, dentro de lo posible, tener calma y tomar decisiones\u00bb. Mientras tanto, L\u00f3pez est\u00e1 en contacto con organismos como el Instituto Nacional de Ciberseguridad (Incibe) ante la posibilidad de que hubiera sido un ciberataque, algo que se descartar\u00eda con el paso del tiempo. \u00abEl apag\u00f3n sucedi\u00f3 de d\u00eda. Hac\u00eda buen tiempo. Eso nos ayud\u00f3, claro\u00bb, relata otra persona que estuvo en primera fila ese 28 de abril.Los mensajes de WhatsApp y Telegram, canales por los que se comunica el Gobierno, no funcionaban, o, al menos, lo hac\u00edan de manera intermitente. La informaci\u00f3n flu\u00eda a cuentagotas. La radio cobr\u00f3 protagonismo para informarse. S\u00e1nchez comparece en La Moncloa sobre las 18 horas. Seis horas despu\u00e9s de que se produzca el gran apag\u00f3n. Desde la oposici\u00f3n se reproch\u00f3 la tardanza y el hecho de que el presidente no se dirigiera antes a la naci\u00f3n para trasladar un mensaje de calma.\u00abEn relaci\u00f3n con si se compareci\u00f3 tarde, no tarde, el Gobierno comparece en cuanto tiene informaci\u00f3n\u00bb, explic\u00f3 el jefe del Ejecutivo. \u00abHemos sido absolutamente transparentes y comparecido, evidentemente, cuando ten\u00edamos una informaci\u00f3n mucho m\u00e1s precisa de qu\u00e9 es lo que estaba aconteciendo y tambi\u00e9n l\u00f3gicamente, de las decisiones que est\u00e1bamos tomando\u00bb. Lo que se dictamin\u00f3, a ejemplo de la pandemia, es que fueran los t\u00e9cnicos los que ofrecieran las primeras explicaciones. As\u00ed, a la hora de comer Eduardo Prieto, director de Servicios para la Operaci\u00f3n de Red El\u00e9ctrica, ofrece una rueda de prensa telem\u00e1tica. En torno a 70 periodistas pueden conectarse a ella. \u00abPara que el presidente pueda mandarle un mensaje a la naci\u00f3n tiene que tener informaci\u00f3n, y no la ten\u00edamos\u00bb, justifican en el Ejecutivo.En La Moncloa niegan el \u00abapag\u00f3n informativo\u00bb que denunci\u00f3 el PP. \u00abEl Gobierno emit\u00eda. Priorizamos la informaci\u00f3n de servicio. Polic\u00eda, Guardia Civil, Adif, Renfe, la DGT, Enaire... todos trasladaban a trav\u00e9s de las redes sociales. Se dio la informaci\u00f3n que era importante, la de servicio p\u00fablico, con un mensaje de precauci\u00f3n y de no salir de casa. El presidente no puede salir a informar del corte de una carretera\u00bb. Mientras en el seno del Gobierno hay quien admite que \u00abpuede haber debate en si se tard\u00f3 mucho o no\u00bb, otras voces califican de \u00abfalta de lealtad institucional decir que ocultamos informaci\u00f3n\u00bb.En esas horas, hay que tener en consideraci\u00f3n otro factor: la informaci\u00f3n de las el\u00e9ctricas flu\u00eda, pero no los datos. Esto es, en La Moncloa hab\u00eda la queja y el enfado de que no se les permit\u00eda el acceso a los datos -y eso que pusieron a personal de Defensa y del CNI a trabajar en ello- para conocer las tripas de lo que hab\u00eda ocurrido. De ah\u00ed que S\u00e1nchez, en un primer momento, salga muy duro contra las el\u00e9ctricas, poniendo el foco en ellas y advirtiendo que se les exigir\u00edan responsabilidades. \u00abLa informaci\u00f3n flu\u00eda, pero no ten\u00edamos acceso a los datos\u00bb, se quejan fuentes gubernamentales. S\u00e1nchez, el martes 29 de abril, decide convocarlas de urgencia en La Moncloa. Fuentes conocedoras de la cita explican que les pidi\u00f3 \u00abcolaboraci\u00f3n con el Gobierno y los organismos independientes para identificar las causas del incidente\u00bb. Hab\u00eda enfado y \u00abdescontento\u00bb con el sector.El Gobierno, el propio jefe del Ejecutivo, prometi\u00f3 \u00abllegar al fondo del asunto, porque queremos asumir esas responsabilidades pol\u00edticas, exigirlas tambi\u00e9n\u00bb. Pero un a\u00f1o despu\u00e9s, no se ha depurado ninguna. Corredor, pese al malestar que esos d\u00edas cundi\u00f3 en el Gobierno con Red El\u00e9ctrica -se admite que \u00abhubo momentos de descoordinaci\u00f3n\u00bb como descartar un ciberataque cuando Moncloa no negaba ninguna hip\u00f3tesis- y su gesti\u00f3n, sigue en el cargo.El apag\u00f3n fue el inicio de un trimestre complicado para el Gobierno: el cero energ\u00e9tico, c\u00famulo de incidencias en los trenes y el estallido del informe Cerd\u00e1n, que s\u00ed hizo tambalearse a S\u00e1nchez. \u00abHab\u00eda preocupaci\u00f3n porque se asentara el mensaje en la sociedad de que todo fallaba, que se instalara un estado de ansiedad que no se correspond\u00eda con la realidad y los datos\u00bb, defiende un miembro del Gobierno. Las personas consultadas no creen que el apag\u00f3n o el caos ferroviario pusieran en riesgo el Ejecutivo, algo que s\u00ed hizo la entrada en prisi\u00f3n del que fuera mano derecha de S\u00e1nchez.\" \/>\n<meta property=\"og:url\" content=\"https:\/\/vof-news.eu\/es\/reconstruccion-del-dia-que-el-gobierno-se-fue-a-negro-con-el-gran-apagon-un-drama-que-no-nos-tenia-que-haber-pasado\/\" \/>\n<meta property=\"og:site_name\" content=\"vof-news.eu\" \/>\n<meta property=\"article:published_time\" content=\"2026-04-27T00:24:41+00:00\" \/>\n<meta property=\"article:modified_time\" content=\"2026-04-27T00:24:54+00:00\" \/>\n<meta property=\"og:image\" content=\"https:\/\/vof-news.eu\/wp-content\/uploads\/2026\/04\/17772235633168.jpg\" \/>\n\t<meta property=\"og:image:width\" content=\"1366\" \/>\n\t<meta property=\"og:image:height\" content=\"1164\" \/>\n\t<meta property=\"og:image:type\" content=\"image\/jpeg\" \/>\n<meta name=\"author\" content=\"Author\" \/>\n<meta name=\"twitter:card\" content=\"summary_large_image\" \/>\n<meta name=\"twitter:label1\" content=\"Escrito por\" \/>\n\t<meta name=\"twitter:data1\" content=\"Author\" \/>\n\t<meta name=\"twitter:label2\" content=\"Tiempo de lectura\" \/>\n\t<meta name=\"twitter:data2\" content=\"8 minutos\" \/>\n<script type=\"application\/ld+json\" class=\"yoast-schema-graph\">{\"@context\":\"https:\/\/schema.org\",\"@graph\":[{\"@type\":\"WebPage\",\"@id\":\"https:\/\/vof-news.eu\/es\/reconstruccion-del-dia-que-el-gobierno-se-fue-a-negro-con-el-gran-apagon-un-drama-que-no-nos-tenia-que-haber-pasado\/\",\"url\":\"https:\/\/vof-news.eu\/es\/reconstruccion-del-dia-que-el-gobierno-se-fue-a-negro-con-el-gran-apagon-un-drama-que-no-nos-tenia-que-haber-pasado\/\",\"name\":\"Reconstrucci\u00f3n del d\u00eda que el Gobierno se fue a negro con el gran apag\u00f3n: \\\"Un drama que no nos ten\u00eda que\u00a0 haber pasado\\\" - vof-news.eu\",\"isPartOf\":{\"@id\":\"https:\/\/vof-news.eu\/es\/#website\"},\"primaryImageOfPage\":{\"@id\":\"https:\/\/vof-news.eu\/es\/reconstruccion-del-dia-que-el-gobierno-se-fue-a-negro-con-el-gran-apagon-un-drama-que-no-nos-tenia-que-haber-pasado\/#primaryimage\"},\"image\":{\"@id\":\"https:\/\/vof-news.eu\/es\/reconstruccion-del-dia-que-el-gobierno-se-fue-a-negro-con-el-gran-apagon-un-drama-que-no-nos-tenia-que-haber-pasado\/#primaryimage\"},\"thumbnailUrl\":\"https:\/\/vof-news.eu\/wp-content\/uploads\/2026\/04\/17772235633168.jpg\",\"datePublished\":\"2026-04-27T00:24:41+00:00\",\"dateModified\":\"2026-04-27T00:24:54+00:00\",\"author\":{\"@id\":\"https:\/\/vof-news.eu\/es\/#\/schema\/person\/f6a2a4309f0561835797fd8c19b333ed\"},\"description\":\"Acaba de terminar el comit\u00e9 de direcci\u00f3n que se celebra todos los lunes en La Moncloa, la cita que re\u00fane al n\u00facleo duro de Pedro S\u00e1nchez. El presidente del Gobierno se encuentra reunido con su hom\u00f3logo de Chipre, Nikos Christodoulides. Ma\u00f1ana de actividad en el complejo presidencial. El sol ba\u00f1a todo el recinto. Se avecina oscuridad. Literal. Los m\u00f3viles empiezan a sonar y vibrar. Mensajes en el grupo de las delegaciones de Gobierno. Desde Murcia y La Rioja advierten de que en esas comunidades se ha ido la luz. Los mensajes son muy seguidos. Es el primer aviso que tienen en La Moncloa de que algo est\u00e1 pasando en Espa\u00f1a. Acto seguido entra la llamada de la vicepresidenta tercera y ministra para la Transici\u00f3n Ecol\u00f3gica, Sara Aagesen, que estaba en un foro con inversores. Traslada que cree que el pa\u00eds se encamina a un cero energ\u00e9tico, \u00abvamos a una ca\u00edda total\u00bb. Avisan a S\u00e1nchez: se est\u00e1 yendo la luz, pero a\u00fan no tienen informaci\u00f3n. Habla con Aagesen. \u00abTodos a Red El\u00e9ctrica, \u00a1Ya!\u00bb, es su orden.Nada hac\u00eda prever en el Gobierno el 28 de abril de 2025 que Espa\u00f1a protagonizar\u00eda un gran apag\u00f3n. Se produjo a las 12.33 horas. \u00abLo que pas\u00f3 fue un drama y no ten\u00eda que pasar. La miseria es que nos pas\u00f3\u00bb, reconoce una de las personas del Ejecutivo que vivi\u00f3 de primera mano aquel d\u00eda. \u00abHay que entender que el apag\u00f3n fue una vulnerabilidad\u00bb, se justifica otra. Una jornada que queda ya registrada en la historia del pa\u00eds. S\u00e1nchez pide que hablen con Seguridad Nacional y que avisen a un grupo de ministros para que se re\u00fanan con \u00e9l en Red El\u00e9ctrica. Aagesen y Carlos Cuerpo, entonces ministro de Econom\u00eda, abandonan precipitadamente el Invest in Spain Summit, donde manten\u00edan encuentros con inversores. El jefe del Ejecutivo deja ordenado que se convoque una reuni\u00f3n del Consejo de Seguridad Nacional para cuando regrese. Sale de Moncloa junto a Aagesen a las 13.10 horas. Llega a Red El\u00e9ctrica a las 13.30 horas.Los ministros convocados de urgencia -la vicepresidenta primera, Mar\u00eda Jes\u00fas Montero; el ministro del Interior, Fernando Grande-Marlaska; el ministro de Transportes y Movilidad Sostenible, \u00d3scar Puente; la ministra de Sanidad, M\u00f3nica Garc\u00eda, y el ministro para la Transformaci\u00f3n Digital y de la Funci\u00f3n P\u00fablica, \u00d3scar L\u00f3pez- se apresuran a montar en sus coches para desplazarse hasta el madrile\u00f1o municipio de Alcobendas. Tienen problemas para llegar. Durante el camino, la se\u00f1al GPS se pierde, no hay conexi\u00f3n y no saben llegar. Muchos lo hacen tarde. El primero en aparecer es L\u00f3pez. Hab\u00eda estado varias veces en la sede del operador. Recuerda el camino y hace de gu\u00eda. \u00abIba dando instrucciones desv\u00edo a desv\u00edo, si no, no llegamos\u00bb. Intuye d\u00eda largo, as\u00ed que seg\u00fan entra por la puerta se quita la chaqueta. Es de los pocos en camisa.Otros miembros del Consejo de Ministros tambi\u00e9n sufrieron el apag\u00f3n de sopet\u00f3n. La vicepresidenta segunda, Yolanda D\u00edaz, iba en un tren camino de Murcia para clausurar el acto Juntas por la econom\u00eda social. La luz se apag\u00f3 entrando en la estaci\u00f3n de Orihuela - Miguel Hern\u00e1ndez, la pen\u00faltima. \u00abPensamos que era una incidencia m\u00e1s hasta que vimos que no ten\u00edamos cobertura\u00bb. Ella y su equipo tuvieron que esperar hora y media antes de que los sacaran del tren. En los momentos que ten\u00edan cobertura les llegaban las noticias. Cogieron un coche y de vuelta a Madrid. No lleg\u00f3 al primer Consejo de Seguridad de las 15.00 horas.En Red El\u00e9ctrica, ya en la mesa con los t\u00e9cnicos, S\u00e1nchez pide \u00abclaridad\u00bb y \u00abentender el alcance\u00bb de lo que est\u00e1 pasando. Est\u00e1 presente Beatriz Corredor, presidenta del operador nombrada por el Gobierno, pero la voz cantante la llevan los t\u00e9cnicos. Fija la prioridad de que se restablezca el servicio. Pide plazos para trabajar internamente con ellos, no para hacerlos p\u00fablicos. Sin embargo, Red El\u00e9ctrica traslada p\u00fablicamente un rango de entre 6 y 10 horas. \u00abLos t\u00e9cnicos transmitieron cierta tranquilidad en el sentido de que el sistema se iba a recuperar, que se estaba recuperando. Pero no ten\u00edan una explicaci\u00f3n para lo que hab\u00eda pasado. Hab\u00eda incertidumbre\u00bb, relatan fuentes presentes en la reuni\u00f3n.Aagesen ejerce de traductora. S\u00e1nchez exig\u00eda claridad, entender \u00abqu\u00e9 est\u00e1 pasando\u00bb en t\u00e9rminos comprensibles. Ella \u00ablo entendi\u00f3 desde el principio y lo explic\u00f3. Eso ayud\u00f3 a, dentro de lo posible, tener calma y tomar decisiones\u00bb. Mientras tanto, L\u00f3pez est\u00e1 en contacto con organismos como el Instituto Nacional de Ciberseguridad (Incibe) ante la posibilidad de que hubiera sido un ciberataque, algo que se descartar\u00eda con el paso del tiempo. \u00abEl apag\u00f3n sucedi\u00f3 de d\u00eda. Hac\u00eda buen tiempo. Eso nos ayud\u00f3, claro\u00bb, relata otra persona que estuvo en primera fila ese 28 de abril.Los mensajes de WhatsApp y Telegram, canales por los que se comunica el Gobierno, no funcionaban, o, al menos, lo hac\u00edan de manera intermitente. La informaci\u00f3n flu\u00eda a cuentagotas. La radio cobr\u00f3 protagonismo para informarse. S\u00e1nchez comparece en La Moncloa sobre las 18 horas. Seis horas despu\u00e9s de que se produzca el gran apag\u00f3n. Desde la oposici\u00f3n se reproch\u00f3 la tardanza y el hecho de que el presidente no se dirigiera antes a la naci\u00f3n para trasladar un mensaje de calma.\u00abEn relaci\u00f3n con si se compareci\u00f3 tarde, no tarde, el Gobierno comparece en cuanto tiene informaci\u00f3n\u00bb, explic\u00f3 el jefe del Ejecutivo. \u00abHemos sido absolutamente transparentes y comparecido, evidentemente, cuando ten\u00edamos una informaci\u00f3n mucho m\u00e1s precisa de qu\u00e9 es lo que estaba aconteciendo y tambi\u00e9n l\u00f3gicamente, de las decisiones que est\u00e1bamos tomando\u00bb. Lo que se dictamin\u00f3, a ejemplo de la pandemia, es que fueran los t\u00e9cnicos los que ofrecieran las primeras explicaciones. As\u00ed, a la hora de comer Eduardo Prieto, director de Servicios para la Operaci\u00f3n de Red El\u00e9ctrica, ofrece una rueda de prensa telem\u00e1tica. En torno a 70 periodistas pueden conectarse a ella. \u00abPara que el presidente pueda mandarle un mensaje a la naci\u00f3n tiene que tener informaci\u00f3n, y no la ten\u00edamos\u00bb, justifican en el Ejecutivo.En La Moncloa niegan el \u00abapag\u00f3n informativo\u00bb que denunci\u00f3 el PP. \u00abEl Gobierno emit\u00eda. Priorizamos la informaci\u00f3n de servicio. Polic\u00eda, Guardia Civil, Adif, Renfe, la DGT, Enaire... todos trasladaban a trav\u00e9s de las redes sociales. Se dio la informaci\u00f3n que era importante, la de servicio p\u00fablico, con un mensaje de precauci\u00f3n y de no salir de casa. El presidente no puede salir a informar del corte de una carretera\u00bb. Mientras en el seno del Gobierno hay quien admite que \u00abpuede haber debate en si se tard\u00f3 mucho o no\u00bb, otras voces califican de \u00abfalta de lealtad institucional decir que ocultamos informaci\u00f3n\u00bb.En esas horas, hay que tener en consideraci\u00f3n otro factor: la informaci\u00f3n de las el\u00e9ctricas flu\u00eda, pero no los datos. Esto es, en La Moncloa hab\u00eda la queja y el enfado de que no se les permit\u00eda el acceso a los datos -y eso que pusieron a personal de Defensa y del CNI a trabajar en ello- para conocer las tripas de lo que hab\u00eda ocurrido. De ah\u00ed que S\u00e1nchez, en un primer momento, salga muy duro contra las el\u00e9ctricas, poniendo el foco en ellas y advirtiendo que se les exigir\u00edan responsabilidades. \u00abLa informaci\u00f3n flu\u00eda, pero no ten\u00edamos acceso a los datos\u00bb, se quejan fuentes gubernamentales. S\u00e1nchez, el martes 29 de abril, decide convocarlas de urgencia en La Moncloa. Fuentes conocedoras de la cita explican que les pidi\u00f3 \u00abcolaboraci\u00f3n con el Gobierno y los organismos independientes para identificar las causas del incidente\u00bb. Hab\u00eda enfado y \u00abdescontento\u00bb con el sector.El Gobierno, el propio jefe del Ejecutivo, prometi\u00f3 \u00abllegar al fondo del asunto, porque queremos asumir esas responsabilidades pol\u00edticas, exigirlas tambi\u00e9n\u00bb. Pero un a\u00f1o despu\u00e9s, no se ha depurado ninguna. Corredor, pese al malestar que esos d\u00edas cundi\u00f3 en el Gobierno con Red El\u00e9ctrica -se admite que \u00abhubo momentos de descoordinaci\u00f3n\u00bb como descartar un ciberataque cuando Moncloa no negaba ninguna hip\u00f3tesis- y su gesti\u00f3n, sigue en el cargo.El apag\u00f3n fue el inicio de un trimestre complicado para el Gobierno: el cero energ\u00e9tico, c\u00famulo de incidencias en los trenes y el estallido del informe Cerd\u00e1n, que s\u00ed hizo tambalearse a S\u00e1nchez. \u00abHab\u00eda preocupaci\u00f3n porque se asentara el mensaje en la sociedad de que todo fallaba, que se instalara un estado de ansiedad que no se correspond\u00eda con la realidad y los datos\u00bb, defiende un miembro del Gobierno. Las personas consultadas no creen que el apag\u00f3n o el caos ferroviario pusieran en riesgo el Ejecutivo, algo que s\u00ed hizo la entrada en prisi\u00f3n del que fuera mano derecha de S\u00e1nchez.\",\"breadcrumb\":{\"@id\":\"https:\/\/vof-news.eu\/es\/reconstruccion-del-dia-que-el-gobierno-se-fue-a-negro-con-el-gran-apagon-un-drama-que-no-nos-tenia-que-haber-pasado\/#breadcrumb\"},\"inLanguage\":\"es\",\"potentialAction\":[{\"@type\":\"ReadAction\",\"target\":[\"https:\/\/vof-news.eu\/es\/reconstruccion-del-dia-que-el-gobierno-se-fue-a-negro-con-el-gran-apagon-un-drama-que-no-nos-tenia-que-haber-pasado\/\"]}]},{\"@type\":\"ImageObject\",\"inLanguage\":\"es\",\"@id\":\"https:\/\/vof-news.eu\/es\/reconstruccion-del-dia-que-el-gobierno-se-fue-a-negro-con-el-gran-apagon-un-drama-que-no-nos-tenia-que-haber-pasado\/#primaryimage\",\"url\":\"https:\/\/vof-news.eu\/wp-content\/uploads\/2026\/04\/17772235633168.jpg\",\"contentUrl\":\"https:\/\/vof-news.eu\/wp-content\/uploads\/2026\/04\/17772235633168.jpg\",\"width\":1366,\"height\":1164,\"caption\":\"NO UTILIZAR SIN PERMISO DE FOTOGRAF\u00cdA - Fot\u00f3grafo: Carlos Garc\u00eda Pozo 28\/04\/2025 - - Madrid - - APAGON DE LUZ - ELECTRICIDAD - APAG\u00d3N ELECTRICO - ENERGIO - APAGON ENERGIA - FALLO RED EL\u00c9CTRICA - ESTACI\u00d3N DE MENDEZ \u00c1LVARO - PASAJEROS\"},{\"@type\":\"BreadcrumbList\",\"@id\":\"https:\/\/vof-news.eu\/es\/reconstruccion-del-dia-que-el-gobierno-se-fue-a-negro-con-el-gran-apagon-un-drama-que-no-nos-tenia-que-haber-pasado\/#breadcrumb\",\"itemListElement\":[{\"@type\":\"ListItem\",\"position\":1,\"name\":\"Home\",\"item\":\"https:\/\/vof-news.eu\/es\/\"},{\"@type\":\"ListItem\",\"position\":2,\"name\":\"Reconstrucci\u00f3n del d\u00eda que el Gobierno se fue a negro con el gran apag\u00f3n: &#8220;Un drama que no nos ten\u00eda que\u00a0 haber pasado&#8221;\"}]},{\"@type\":\"WebSite\",\"@id\":\"https:\/\/vof-news.eu\/es\/#website\",\"url\":\"https:\/\/vof-news.eu\/es\/\",\"name\":\"vof-news.eu\",\"description\":\"\",\"potentialAction\":[{\"@type\":\"SearchAction\",\"target\":{\"@type\":\"EntryPoint\",\"urlTemplate\":\"https:\/\/vof-news.eu\/es\/?s={search_term_string}\"},\"query-input\":\"required name=search_term_string\"}],\"inLanguage\":\"es\"},{\"@type\":\"Person\",\"@id\":\"https:\/\/vof-news.eu\/es\/#\/schema\/person\/f6a2a4309f0561835797fd8c19b333ed\",\"name\":\"Author\",\"image\":{\"@type\":\"ImageObject\",\"inLanguage\":\"es\",\"@id\":\"https:\/\/vof-news.eu\/es\/#\/schema\/person\/image\/\",\"url\":\"https:\/\/secure.gravatar.com\/avatar\/b67e614b1b25b3e9c0c239efdd2fde5ab015b5affd6f1c3c85911ca4b384e790?s=96&d=mm&r=g\",\"contentUrl\":\"https:\/\/secure.gravatar.com\/avatar\/b67e614b1b25b3e9c0c239efdd2fde5ab015b5affd6f1c3c85911ca4b384e790?s=96&d=mm&r=g\",\"caption\":\"Author\"},\"sameAs\":[\"http:\/\/vof-news.eu\"],\"url\":\"https:\/\/vof-news.eu\/es\/author\/zwt6qxnjulxbnyg\/\"}]}<\/script>\n<!-- \/ Yoast SEO plugin. -->","yoast_head_json":{"title":"Reconstrucci\u00f3n del d\u00eda que el Gobierno se fue a negro con el gran apag\u00f3n: \"Un drama que no nos ten\u00eda que\u00a0 haber pasado\" - vof-news.eu","description":"Acaba de terminar el comit\u00e9 de direcci\u00f3n que se celebra todos los lunes en La Moncloa, la cita que re\u00fane al n\u00facleo duro de Pedro S\u00e1nchez. El presidente del Gobierno se encuentra reunido con su hom\u00f3logo de Chipre, Nikos Christodoulides. Ma\u00f1ana de actividad en el complejo presidencial. El sol ba\u00f1a todo el recinto. Se avecina oscuridad. Literal. Los m\u00f3viles empiezan a sonar y vibrar. Mensajes en el grupo de las delegaciones de Gobierno. Desde Murcia y La Rioja advierten de que en esas comunidades se ha ido la luz. Los mensajes son muy seguidos. Es el primer aviso que tienen en La Moncloa de que algo est\u00e1 pasando en Espa\u00f1a. Acto seguido entra la llamada de la vicepresidenta tercera y ministra para la Transici\u00f3n Ecol\u00f3gica, Sara Aagesen, que estaba en un foro con inversores. Traslada que cree que el pa\u00eds se encamina a un cero energ\u00e9tico, \u00abvamos a una ca\u00edda total\u00bb. Avisan a S\u00e1nchez: se est\u00e1 yendo la luz, pero a\u00fan no tienen informaci\u00f3n. Habla con Aagesen. \u00abTodos a Red El\u00e9ctrica, \u00a1Ya!\u00bb, es su orden.Nada hac\u00eda prever en el Gobierno el 28 de abril de 2025 que Espa\u00f1a protagonizar\u00eda un gran apag\u00f3n. Se produjo a las 12.33 horas. \u00abLo que pas\u00f3 fue un drama y no ten\u00eda que pasar. La miseria es que nos pas\u00f3\u00bb, reconoce una de las personas del Ejecutivo que vivi\u00f3 de primera mano aquel d\u00eda. \u00abHay que entender que el apag\u00f3n fue una vulnerabilidad\u00bb, se justifica otra. Una jornada que queda ya registrada en la historia del pa\u00eds. S\u00e1nchez pide que hablen con Seguridad Nacional y que avisen a un grupo de ministros para que se re\u00fanan con \u00e9l en Red El\u00e9ctrica. Aagesen y Carlos Cuerpo, entonces ministro de Econom\u00eda, abandonan precipitadamente el Invest in Spain Summit, donde manten\u00edan encuentros con inversores. El jefe del Ejecutivo deja ordenado que se convoque una reuni\u00f3n del Consejo de Seguridad Nacional para cuando regrese. Sale de Moncloa junto a Aagesen a las 13.10 horas. Llega a Red El\u00e9ctrica a las 13.30 horas.Los ministros convocados de urgencia -la vicepresidenta primera, Mar\u00eda Jes\u00fas Montero; el ministro del Interior, Fernando Grande-Marlaska; el ministro de Transportes y Movilidad Sostenible, \u00d3scar Puente; la ministra de Sanidad, M\u00f3nica Garc\u00eda, y el ministro para la Transformaci\u00f3n Digital y de la Funci\u00f3n P\u00fablica, \u00d3scar L\u00f3pez- se apresuran a montar en sus coches para desplazarse hasta el madrile\u00f1o municipio de Alcobendas. Tienen problemas para llegar. Durante el camino, la se\u00f1al GPS se pierde, no hay conexi\u00f3n y no saben llegar. Muchos lo hacen tarde. El primero en aparecer es L\u00f3pez. Hab\u00eda estado varias veces en la sede del operador. Recuerda el camino y hace de gu\u00eda. \u00abIba dando instrucciones desv\u00edo a desv\u00edo, si no, no llegamos\u00bb. Intuye d\u00eda largo, as\u00ed que seg\u00fan entra por la puerta se quita la chaqueta. Es de los pocos en camisa.Otros miembros del Consejo de Ministros tambi\u00e9n sufrieron el apag\u00f3n de sopet\u00f3n. La vicepresidenta segunda, Yolanda D\u00edaz, iba en un tren camino de Murcia para clausurar el acto Juntas por la econom\u00eda social. La luz se apag\u00f3 entrando en la estaci\u00f3n de Orihuela - Miguel Hern\u00e1ndez, la pen\u00faltima. \u00abPensamos que era una incidencia m\u00e1s hasta que vimos que no ten\u00edamos cobertura\u00bb. Ella y su equipo tuvieron que esperar hora y media antes de que los sacaran del tren. En los momentos que ten\u00edan cobertura les llegaban las noticias. Cogieron un coche y de vuelta a Madrid. No lleg\u00f3 al primer Consejo de Seguridad de las 15.00 horas.En Red El\u00e9ctrica, ya en la mesa con los t\u00e9cnicos, S\u00e1nchez pide \u00abclaridad\u00bb y \u00abentender el alcance\u00bb de lo que est\u00e1 pasando. Est\u00e1 presente Beatriz Corredor, presidenta del operador nombrada por el Gobierno, pero la voz cantante la llevan los t\u00e9cnicos. Fija la prioridad de que se restablezca el servicio. Pide plazos para trabajar internamente con ellos, no para hacerlos p\u00fablicos. Sin embargo, Red El\u00e9ctrica traslada p\u00fablicamente un rango de entre 6 y 10 horas. \u00abLos t\u00e9cnicos transmitieron cierta tranquilidad en el sentido de que el sistema se iba a recuperar, que se estaba recuperando. Pero no ten\u00edan una explicaci\u00f3n para lo que hab\u00eda pasado. Hab\u00eda incertidumbre\u00bb, relatan fuentes presentes en la reuni\u00f3n.Aagesen ejerce de traductora. S\u00e1nchez exig\u00eda claridad, entender \u00abqu\u00e9 est\u00e1 pasando\u00bb en t\u00e9rminos comprensibles. Ella \u00ablo entendi\u00f3 desde el principio y lo explic\u00f3. Eso ayud\u00f3 a, dentro de lo posible, tener calma y tomar decisiones\u00bb. Mientras tanto, L\u00f3pez est\u00e1 en contacto con organismos como el Instituto Nacional de Ciberseguridad (Incibe) ante la posibilidad de que hubiera sido un ciberataque, algo que se descartar\u00eda con el paso del tiempo. \u00abEl apag\u00f3n sucedi\u00f3 de d\u00eda. Hac\u00eda buen tiempo. Eso nos ayud\u00f3, claro\u00bb, relata otra persona que estuvo en primera fila ese 28 de abril.Los mensajes de WhatsApp y Telegram, canales por los que se comunica el Gobierno, no funcionaban, o, al menos, lo hac\u00edan de manera intermitente. La informaci\u00f3n flu\u00eda a cuentagotas. La radio cobr\u00f3 protagonismo para informarse. S\u00e1nchez comparece en La Moncloa sobre las 18 horas. Seis horas despu\u00e9s de que se produzca el gran apag\u00f3n. Desde la oposici\u00f3n se reproch\u00f3 la tardanza y el hecho de que el presidente no se dirigiera antes a la naci\u00f3n para trasladar un mensaje de calma.\u00abEn relaci\u00f3n con si se compareci\u00f3 tarde, no tarde, el Gobierno comparece en cuanto tiene informaci\u00f3n\u00bb, explic\u00f3 el jefe del Ejecutivo. \u00abHemos sido absolutamente transparentes y comparecido, evidentemente, cuando ten\u00edamos una informaci\u00f3n mucho m\u00e1s precisa de qu\u00e9 es lo que estaba aconteciendo y tambi\u00e9n l\u00f3gicamente, de las decisiones que est\u00e1bamos tomando\u00bb. Lo que se dictamin\u00f3, a ejemplo de la pandemia, es que fueran los t\u00e9cnicos los que ofrecieran las primeras explicaciones. As\u00ed, a la hora de comer Eduardo Prieto, director de Servicios para la Operaci\u00f3n de Red El\u00e9ctrica, ofrece una rueda de prensa telem\u00e1tica. En torno a 70 periodistas pueden conectarse a ella. \u00abPara que el presidente pueda mandarle un mensaje a la naci\u00f3n tiene que tener informaci\u00f3n, y no la ten\u00edamos\u00bb, justifican en el Ejecutivo.En La Moncloa niegan el \u00abapag\u00f3n informativo\u00bb que denunci\u00f3 el PP. \u00abEl Gobierno emit\u00eda. Priorizamos la informaci\u00f3n de servicio. Polic\u00eda, Guardia Civil, Adif, Renfe, la DGT, Enaire... todos trasladaban a trav\u00e9s de las redes sociales. Se dio la informaci\u00f3n que era importante, la de servicio p\u00fablico, con un mensaje de precauci\u00f3n y de no salir de casa. El presidente no puede salir a informar del corte de una carretera\u00bb. Mientras en el seno del Gobierno hay quien admite que \u00abpuede haber debate en si se tard\u00f3 mucho o no\u00bb, otras voces califican de \u00abfalta de lealtad institucional decir que ocultamos informaci\u00f3n\u00bb.En esas horas, hay que tener en consideraci\u00f3n otro factor: la informaci\u00f3n de las el\u00e9ctricas flu\u00eda, pero no los datos. Esto es, en La Moncloa hab\u00eda la queja y el enfado de que no se les permit\u00eda el acceso a los datos -y eso que pusieron a personal de Defensa y del CNI a trabajar en ello- para conocer las tripas de lo que hab\u00eda ocurrido. De ah\u00ed que S\u00e1nchez, en un primer momento, salga muy duro contra las el\u00e9ctricas, poniendo el foco en ellas y advirtiendo que se les exigir\u00edan responsabilidades. \u00abLa informaci\u00f3n flu\u00eda, pero no ten\u00edamos acceso a los datos\u00bb, se quejan fuentes gubernamentales. S\u00e1nchez, el martes 29 de abril, decide convocarlas de urgencia en La Moncloa. Fuentes conocedoras de la cita explican que les pidi\u00f3 \u00abcolaboraci\u00f3n con el Gobierno y los organismos independientes para identificar las causas del incidente\u00bb. Hab\u00eda enfado y \u00abdescontento\u00bb con el sector.El Gobierno, el propio jefe del Ejecutivo, prometi\u00f3 \u00abllegar al fondo del asunto, porque queremos asumir esas responsabilidades pol\u00edticas, exigirlas tambi\u00e9n\u00bb. Pero un a\u00f1o despu\u00e9s, no se ha depurado ninguna. Corredor, pese al malestar que esos d\u00edas cundi\u00f3 en el Gobierno con Red El\u00e9ctrica -se admite que \u00abhubo momentos de descoordinaci\u00f3n\u00bb como descartar un ciberataque cuando Moncloa no negaba ninguna hip\u00f3tesis- y su gesti\u00f3n, sigue en el cargo.El apag\u00f3n fue el inicio de un trimestre complicado para el Gobierno: el cero energ\u00e9tico, c\u00famulo de incidencias en los trenes y el estallido del informe Cerd\u00e1n, que s\u00ed hizo tambalearse a S\u00e1nchez. \u00abHab\u00eda preocupaci\u00f3n porque se asentara el mensaje en la sociedad de que todo fallaba, que se instalara un estado de ansiedad que no se correspond\u00eda con la realidad y los datos\u00bb, defiende un miembro del Gobierno. Las personas consultadas no creen que el apag\u00f3n o el caos ferroviario pusieran en riesgo el Ejecutivo, algo que s\u00ed hizo la entrada en prisi\u00f3n del que fuera mano derecha de S\u00e1nchez.","robots":{"index":"noindex","follow":"follow","max-snippet":"max-snippet:-1","max-image-preview":"max-image-preview:large","max-video-preview":"max-video-preview:-1"},"og_locale":"es_ES","og_type":"article","og_title":"Reconstrucci\u00f3n del d\u00eda que el Gobierno se fue a negro con el gran apag\u00f3n: \"Un drama que no nos ten\u00eda que\u00a0 haber pasado\" - vof-news.eu","og_description":"Acaba de terminar el comit\u00e9 de direcci\u00f3n que se celebra todos los lunes en La Moncloa, la cita que re\u00fane al n\u00facleo duro de Pedro S\u00e1nchez. El presidente del Gobierno se encuentra reunido con su hom\u00f3logo de Chipre, Nikos Christodoulides. Ma\u00f1ana de actividad en el complejo presidencial. El sol ba\u00f1a todo el recinto. Se avecina oscuridad. Literal. Los m\u00f3viles empiezan a sonar y vibrar. Mensajes en el grupo de las delegaciones de Gobierno. Desde Murcia y La Rioja advierten de que en esas comunidades se ha ido la luz. Los mensajes son muy seguidos. Es el primer aviso que tienen en La Moncloa de que algo est\u00e1 pasando en Espa\u00f1a. Acto seguido entra la llamada de la vicepresidenta tercera y ministra para la Transici\u00f3n Ecol\u00f3gica, Sara Aagesen, que estaba en un foro con inversores. Traslada que cree que el pa\u00eds se encamina a un cero energ\u00e9tico, \u00abvamos a una ca\u00edda total\u00bb. Avisan a S\u00e1nchez: se est\u00e1 yendo la luz, pero a\u00fan no tienen informaci\u00f3n. Habla con Aagesen. \u00abTodos a Red El\u00e9ctrica, \u00a1Ya!\u00bb, es su orden.Nada hac\u00eda prever en el Gobierno el 28 de abril de 2025 que Espa\u00f1a protagonizar\u00eda un gran apag\u00f3n. Se produjo a las 12.33 horas. \u00abLo que pas\u00f3 fue un drama y no ten\u00eda que pasar. La miseria es que nos pas\u00f3\u00bb, reconoce una de las personas del Ejecutivo que vivi\u00f3 de primera mano aquel d\u00eda. \u00abHay que entender que el apag\u00f3n fue una vulnerabilidad\u00bb, se justifica otra. Una jornada que queda ya registrada en la historia del pa\u00eds. S\u00e1nchez pide que hablen con Seguridad Nacional y que avisen a un grupo de ministros para que se re\u00fanan con \u00e9l en Red El\u00e9ctrica. Aagesen y Carlos Cuerpo, entonces ministro de Econom\u00eda, abandonan precipitadamente el Invest in Spain Summit, donde manten\u00edan encuentros con inversores. El jefe del Ejecutivo deja ordenado que se convoque una reuni\u00f3n del Consejo de Seguridad Nacional para cuando regrese. Sale de Moncloa junto a Aagesen a las 13.10 horas. Llega a Red El\u00e9ctrica a las 13.30 horas.Los ministros convocados de urgencia -la vicepresidenta primera, Mar\u00eda Jes\u00fas Montero; el ministro del Interior, Fernando Grande-Marlaska; el ministro de Transportes y Movilidad Sostenible, \u00d3scar Puente; la ministra de Sanidad, M\u00f3nica Garc\u00eda, y el ministro para la Transformaci\u00f3n Digital y de la Funci\u00f3n P\u00fablica, \u00d3scar L\u00f3pez- se apresuran a montar en sus coches para desplazarse hasta el madrile\u00f1o municipio de Alcobendas. Tienen problemas para llegar. Durante el camino, la se\u00f1al GPS se pierde, no hay conexi\u00f3n y no saben llegar. Muchos lo hacen tarde. El primero en aparecer es L\u00f3pez. Hab\u00eda estado varias veces en la sede del operador. Recuerda el camino y hace de gu\u00eda. \u00abIba dando instrucciones desv\u00edo a desv\u00edo, si no, no llegamos\u00bb. Intuye d\u00eda largo, as\u00ed que seg\u00fan entra por la puerta se quita la chaqueta. Es de los pocos en camisa.Otros miembros del Consejo de Ministros tambi\u00e9n sufrieron el apag\u00f3n de sopet\u00f3n. La vicepresidenta segunda, Yolanda D\u00edaz, iba en un tren camino de Murcia para clausurar el acto Juntas por la econom\u00eda social. La luz se apag\u00f3 entrando en la estaci\u00f3n de Orihuela - Miguel Hern\u00e1ndez, la pen\u00faltima. \u00abPensamos que era una incidencia m\u00e1s hasta que vimos que no ten\u00edamos cobertura\u00bb. Ella y su equipo tuvieron que esperar hora y media antes de que los sacaran del tren. En los momentos que ten\u00edan cobertura les llegaban las noticias. Cogieron un coche y de vuelta a Madrid. No lleg\u00f3 al primer Consejo de Seguridad de las 15.00 horas.En Red El\u00e9ctrica, ya en la mesa con los t\u00e9cnicos, S\u00e1nchez pide \u00abclaridad\u00bb y \u00abentender el alcance\u00bb de lo que est\u00e1 pasando. Est\u00e1 presente Beatriz Corredor, presidenta del operador nombrada por el Gobierno, pero la voz cantante la llevan los t\u00e9cnicos. Fija la prioridad de que se restablezca el servicio. Pide plazos para trabajar internamente con ellos, no para hacerlos p\u00fablicos. Sin embargo, Red El\u00e9ctrica traslada p\u00fablicamente un rango de entre 6 y 10 horas. \u00abLos t\u00e9cnicos transmitieron cierta tranquilidad en el sentido de que el sistema se iba a recuperar, que se estaba recuperando. Pero no ten\u00edan una explicaci\u00f3n para lo que hab\u00eda pasado. Hab\u00eda incertidumbre\u00bb, relatan fuentes presentes en la reuni\u00f3n.Aagesen ejerce de traductora. S\u00e1nchez exig\u00eda claridad, entender \u00abqu\u00e9 est\u00e1 pasando\u00bb en t\u00e9rminos comprensibles. Ella \u00ablo entendi\u00f3 desde el principio y lo explic\u00f3. Eso ayud\u00f3 a, dentro de lo posible, tener calma y tomar decisiones\u00bb. Mientras tanto, L\u00f3pez est\u00e1 en contacto con organismos como el Instituto Nacional de Ciberseguridad (Incibe) ante la posibilidad de que hubiera sido un ciberataque, algo que se descartar\u00eda con el paso del tiempo. \u00abEl apag\u00f3n sucedi\u00f3 de d\u00eda. Hac\u00eda buen tiempo. Eso nos ayud\u00f3, claro\u00bb, relata otra persona que estuvo en primera fila ese 28 de abril.Los mensajes de WhatsApp y Telegram, canales por los que se comunica el Gobierno, no funcionaban, o, al menos, lo hac\u00edan de manera intermitente. La informaci\u00f3n flu\u00eda a cuentagotas. La radio cobr\u00f3 protagonismo para informarse. S\u00e1nchez comparece en La Moncloa sobre las 18 horas. Seis horas despu\u00e9s de que se produzca el gran apag\u00f3n. Desde la oposici\u00f3n se reproch\u00f3 la tardanza y el hecho de que el presidente no se dirigiera antes a la naci\u00f3n para trasladar un mensaje de calma.\u00abEn relaci\u00f3n con si se compareci\u00f3 tarde, no tarde, el Gobierno comparece en cuanto tiene informaci\u00f3n\u00bb, explic\u00f3 el jefe del Ejecutivo. \u00abHemos sido absolutamente transparentes y comparecido, evidentemente, cuando ten\u00edamos una informaci\u00f3n mucho m\u00e1s precisa de qu\u00e9 es lo que estaba aconteciendo y tambi\u00e9n l\u00f3gicamente, de las decisiones que est\u00e1bamos tomando\u00bb. Lo que se dictamin\u00f3, a ejemplo de la pandemia, es que fueran los t\u00e9cnicos los que ofrecieran las primeras explicaciones. As\u00ed, a la hora de comer Eduardo Prieto, director de Servicios para la Operaci\u00f3n de Red El\u00e9ctrica, ofrece una rueda de prensa telem\u00e1tica. En torno a 70 periodistas pueden conectarse a ella. \u00abPara que el presidente pueda mandarle un mensaje a la naci\u00f3n tiene que tener informaci\u00f3n, y no la ten\u00edamos\u00bb, justifican en el Ejecutivo.En La Moncloa niegan el \u00abapag\u00f3n informativo\u00bb que denunci\u00f3 el PP. \u00abEl Gobierno emit\u00eda. Priorizamos la informaci\u00f3n de servicio. Polic\u00eda, Guardia Civil, Adif, Renfe, la DGT, Enaire... todos trasladaban a trav\u00e9s de las redes sociales. Se dio la informaci\u00f3n que era importante, la de servicio p\u00fablico, con un mensaje de precauci\u00f3n y de no salir de casa. El presidente no puede salir a informar del corte de una carretera\u00bb. Mientras en el seno del Gobierno hay quien admite que \u00abpuede haber debate en si se tard\u00f3 mucho o no\u00bb, otras voces califican de \u00abfalta de lealtad institucional decir que ocultamos informaci\u00f3n\u00bb.En esas horas, hay que tener en consideraci\u00f3n otro factor: la informaci\u00f3n de las el\u00e9ctricas flu\u00eda, pero no los datos. Esto es, en La Moncloa hab\u00eda la queja y el enfado de que no se les permit\u00eda el acceso a los datos -y eso que pusieron a personal de Defensa y del CNI a trabajar en ello- para conocer las tripas de lo que hab\u00eda ocurrido. De ah\u00ed que S\u00e1nchez, en un primer momento, salga muy duro contra las el\u00e9ctricas, poniendo el foco en ellas y advirtiendo que se les exigir\u00edan responsabilidades. \u00abLa informaci\u00f3n flu\u00eda, pero no ten\u00edamos acceso a los datos\u00bb, se quejan fuentes gubernamentales. S\u00e1nchez, el martes 29 de abril, decide convocarlas de urgencia en La Moncloa. Fuentes conocedoras de la cita explican que les pidi\u00f3 \u00abcolaboraci\u00f3n con el Gobierno y los organismos independientes para identificar las causas del incidente\u00bb. Hab\u00eda enfado y \u00abdescontento\u00bb con el sector.El Gobierno, el propio jefe del Ejecutivo, prometi\u00f3 \u00abllegar al fondo del asunto, porque queremos asumir esas responsabilidades pol\u00edticas, exigirlas tambi\u00e9n\u00bb. Pero un a\u00f1o despu\u00e9s, no se ha depurado ninguna. Corredor, pese al malestar que esos d\u00edas cundi\u00f3 en el Gobierno con Red El\u00e9ctrica -se admite que \u00abhubo momentos de descoordinaci\u00f3n\u00bb como descartar un ciberataque cuando Moncloa no negaba ninguna hip\u00f3tesis- y su gesti\u00f3n, sigue en el cargo.El apag\u00f3n fue el inicio de un trimestre complicado para el Gobierno: el cero energ\u00e9tico, c\u00famulo de incidencias en los trenes y el estallido del informe Cerd\u00e1n, que s\u00ed hizo tambalearse a S\u00e1nchez. \u00abHab\u00eda preocupaci\u00f3n porque se asentara el mensaje en la sociedad de que todo fallaba, que se instalara un estado de ansiedad que no se correspond\u00eda con la realidad y los datos\u00bb, defiende un miembro del Gobierno. Las personas consultadas no creen que el apag\u00f3n o el caos ferroviario pusieran en riesgo el Ejecutivo, algo que s\u00ed hizo la entrada en prisi\u00f3n del que fuera mano derecha de S\u00e1nchez.","og_url":"https:\/\/vof-news.eu\/es\/reconstruccion-del-dia-que-el-gobierno-se-fue-a-negro-con-el-gran-apagon-un-drama-que-no-nos-tenia-que-haber-pasado\/","og_site_name":"vof-news.eu","article_published_time":"2026-04-27T00:24:41+00:00","article_modified_time":"2026-04-27T00:24:54+00:00","og_image":[{"width":1366,"height":1164,"url":"https:\/\/vof-news.eu\/wp-content\/uploads\/2026\/04\/17772235633168.jpg","type":"image\/jpeg"}],"author":"Author","twitter_card":"summary_large_image","twitter_misc":{"Escrito por":"Author","Tiempo de lectura":"8 minutos"},"schema":{"@context":"https:\/\/schema.org","@graph":[{"@type":"WebPage","@id":"https:\/\/vof-news.eu\/es\/reconstruccion-del-dia-que-el-gobierno-se-fue-a-negro-con-el-gran-apagon-un-drama-que-no-nos-tenia-que-haber-pasado\/","url":"https:\/\/vof-news.eu\/es\/reconstruccion-del-dia-que-el-gobierno-se-fue-a-negro-con-el-gran-apagon-un-drama-que-no-nos-tenia-que-haber-pasado\/","name":"Reconstrucci\u00f3n del d\u00eda que el Gobierno se fue a negro con el gran apag\u00f3n: \"Un drama que no nos ten\u00eda que\u00a0 haber pasado\" - vof-news.eu","isPartOf":{"@id":"https:\/\/vof-news.eu\/es\/#website"},"primaryImageOfPage":{"@id":"https:\/\/vof-news.eu\/es\/reconstruccion-del-dia-que-el-gobierno-se-fue-a-negro-con-el-gran-apagon-un-drama-que-no-nos-tenia-que-haber-pasado\/#primaryimage"},"image":{"@id":"https:\/\/vof-news.eu\/es\/reconstruccion-del-dia-que-el-gobierno-se-fue-a-negro-con-el-gran-apagon-un-drama-que-no-nos-tenia-que-haber-pasado\/#primaryimage"},"thumbnailUrl":"https:\/\/vof-news.eu\/wp-content\/uploads\/2026\/04\/17772235633168.jpg","datePublished":"2026-04-27T00:24:41+00:00","dateModified":"2026-04-27T00:24:54+00:00","author":{"@id":"https:\/\/vof-news.eu\/es\/#\/schema\/person\/f6a2a4309f0561835797fd8c19b333ed"},"description":"Acaba de terminar el comit\u00e9 de direcci\u00f3n que se celebra todos los lunes en La Moncloa, la cita que re\u00fane al n\u00facleo duro de Pedro S\u00e1nchez. El presidente del Gobierno se encuentra reunido con su hom\u00f3logo de Chipre, Nikos Christodoulides. Ma\u00f1ana de actividad en el complejo presidencial. El sol ba\u00f1a todo el recinto. Se avecina oscuridad. Literal. Los m\u00f3viles empiezan a sonar y vibrar. Mensajes en el grupo de las delegaciones de Gobierno. Desde Murcia y La Rioja advierten de que en esas comunidades se ha ido la luz. Los mensajes son muy seguidos. Es el primer aviso que tienen en La Moncloa de que algo est\u00e1 pasando en Espa\u00f1a. Acto seguido entra la llamada de la vicepresidenta tercera y ministra para la Transici\u00f3n Ecol\u00f3gica, Sara Aagesen, que estaba en un foro con inversores. Traslada que cree que el pa\u00eds se encamina a un cero energ\u00e9tico, \u00abvamos a una ca\u00edda total\u00bb. Avisan a S\u00e1nchez: se est\u00e1 yendo la luz, pero a\u00fan no tienen informaci\u00f3n. Habla con Aagesen. \u00abTodos a Red El\u00e9ctrica, \u00a1Ya!\u00bb, es su orden.Nada hac\u00eda prever en el Gobierno el 28 de abril de 2025 que Espa\u00f1a protagonizar\u00eda un gran apag\u00f3n. Se produjo a las 12.33 horas. \u00abLo que pas\u00f3 fue un drama y no ten\u00eda que pasar. La miseria es que nos pas\u00f3\u00bb, reconoce una de las personas del Ejecutivo que vivi\u00f3 de primera mano aquel d\u00eda. \u00abHay que entender que el apag\u00f3n fue una vulnerabilidad\u00bb, se justifica otra. Una jornada que queda ya registrada en la historia del pa\u00eds. S\u00e1nchez pide que hablen con Seguridad Nacional y que avisen a un grupo de ministros para que se re\u00fanan con \u00e9l en Red El\u00e9ctrica. Aagesen y Carlos Cuerpo, entonces ministro de Econom\u00eda, abandonan precipitadamente el Invest in Spain Summit, donde manten\u00edan encuentros con inversores. El jefe del Ejecutivo deja ordenado que se convoque una reuni\u00f3n del Consejo de Seguridad Nacional para cuando regrese. Sale de Moncloa junto a Aagesen a las 13.10 horas. Llega a Red El\u00e9ctrica a las 13.30 horas.Los ministros convocados de urgencia -la vicepresidenta primera, Mar\u00eda Jes\u00fas Montero; el ministro del Interior, Fernando Grande-Marlaska; el ministro de Transportes y Movilidad Sostenible, \u00d3scar Puente; la ministra de Sanidad, M\u00f3nica Garc\u00eda, y el ministro para la Transformaci\u00f3n Digital y de la Funci\u00f3n P\u00fablica, \u00d3scar L\u00f3pez- se apresuran a montar en sus coches para desplazarse hasta el madrile\u00f1o municipio de Alcobendas. Tienen problemas para llegar. Durante el camino, la se\u00f1al GPS se pierde, no hay conexi\u00f3n y no saben llegar. Muchos lo hacen tarde. El primero en aparecer es L\u00f3pez. Hab\u00eda estado varias veces en la sede del operador. Recuerda el camino y hace de gu\u00eda. \u00abIba dando instrucciones desv\u00edo a desv\u00edo, si no, no llegamos\u00bb. Intuye d\u00eda largo, as\u00ed que seg\u00fan entra por la puerta se quita la chaqueta. Es de los pocos en camisa.Otros miembros del Consejo de Ministros tambi\u00e9n sufrieron el apag\u00f3n de sopet\u00f3n. La vicepresidenta segunda, Yolanda D\u00edaz, iba en un tren camino de Murcia para clausurar el acto Juntas por la econom\u00eda social. La luz se apag\u00f3 entrando en la estaci\u00f3n de Orihuela - Miguel Hern\u00e1ndez, la pen\u00faltima. \u00abPensamos que era una incidencia m\u00e1s hasta que vimos que no ten\u00edamos cobertura\u00bb. Ella y su equipo tuvieron que esperar hora y media antes de que los sacaran del tren. En los momentos que ten\u00edan cobertura les llegaban las noticias. Cogieron un coche y de vuelta a Madrid. No lleg\u00f3 al primer Consejo de Seguridad de las 15.00 horas.En Red El\u00e9ctrica, ya en la mesa con los t\u00e9cnicos, S\u00e1nchez pide \u00abclaridad\u00bb y \u00abentender el alcance\u00bb de lo que est\u00e1 pasando. Est\u00e1 presente Beatriz Corredor, presidenta del operador nombrada por el Gobierno, pero la voz cantante la llevan los t\u00e9cnicos. Fija la prioridad de que se restablezca el servicio. Pide plazos para trabajar internamente con ellos, no para hacerlos p\u00fablicos. Sin embargo, Red El\u00e9ctrica traslada p\u00fablicamente un rango de entre 6 y 10 horas. \u00abLos t\u00e9cnicos transmitieron cierta tranquilidad en el sentido de que el sistema se iba a recuperar, que se estaba recuperando. Pero no ten\u00edan una explicaci\u00f3n para lo que hab\u00eda pasado. Hab\u00eda incertidumbre\u00bb, relatan fuentes presentes en la reuni\u00f3n.Aagesen ejerce de traductora. S\u00e1nchez exig\u00eda claridad, entender \u00abqu\u00e9 est\u00e1 pasando\u00bb en t\u00e9rminos comprensibles. Ella \u00ablo entendi\u00f3 desde el principio y lo explic\u00f3. Eso ayud\u00f3 a, dentro de lo posible, tener calma y tomar decisiones\u00bb. Mientras tanto, L\u00f3pez est\u00e1 en contacto con organismos como el Instituto Nacional de Ciberseguridad (Incibe) ante la posibilidad de que hubiera sido un ciberataque, algo que se descartar\u00eda con el paso del tiempo. \u00abEl apag\u00f3n sucedi\u00f3 de d\u00eda. Hac\u00eda buen tiempo. Eso nos ayud\u00f3, claro\u00bb, relata otra persona que estuvo en primera fila ese 28 de abril.Los mensajes de WhatsApp y Telegram, canales por los que se comunica el Gobierno, no funcionaban, o, al menos, lo hac\u00edan de manera intermitente. La informaci\u00f3n flu\u00eda a cuentagotas. La radio cobr\u00f3 protagonismo para informarse. S\u00e1nchez comparece en La Moncloa sobre las 18 horas. Seis horas despu\u00e9s de que se produzca el gran apag\u00f3n. Desde la oposici\u00f3n se reproch\u00f3 la tardanza y el hecho de que el presidente no se dirigiera antes a la naci\u00f3n para trasladar un mensaje de calma.\u00abEn relaci\u00f3n con si se compareci\u00f3 tarde, no tarde, el Gobierno comparece en cuanto tiene informaci\u00f3n\u00bb, explic\u00f3 el jefe del Ejecutivo. \u00abHemos sido absolutamente transparentes y comparecido, evidentemente, cuando ten\u00edamos una informaci\u00f3n mucho m\u00e1s precisa de qu\u00e9 es lo que estaba aconteciendo y tambi\u00e9n l\u00f3gicamente, de las decisiones que est\u00e1bamos tomando\u00bb. Lo que se dictamin\u00f3, a ejemplo de la pandemia, es que fueran los t\u00e9cnicos los que ofrecieran las primeras explicaciones. As\u00ed, a la hora de comer Eduardo Prieto, director de Servicios para la Operaci\u00f3n de Red El\u00e9ctrica, ofrece una rueda de prensa telem\u00e1tica. En torno a 70 periodistas pueden conectarse a ella. \u00abPara que el presidente pueda mandarle un mensaje a la naci\u00f3n tiene que tener informaci\u00f3n, y no la ten\u00edamos\u00bb, justifican en el Ejecutivo.En La Moncloa niegan el \u00abapag\u00f3n informativo\u00bb que denunci\u00f3 el PP. \u00abEl Gobierno emit\u00eda. Priorizamos la informaci\u00f3n de servicio. Polic\u00eda, Guardia Civil, Adif, Renfe, la DGT, Enaire... todos trasladaban a trav\u00e9s de las redes sociales. Se dio la informaci\u00f3n que era importante, la de servicio p\u00fablico, con un mensaje de precauci\u00f3n y de no salir de casa. El presidente no puede salir a informar del corte de una carretera\u00bb. Mientras en el seno del Gobierno hay quien admite que \u00abpuede haber debate en si se tard\u00f3 mucho o no\u00bb, otras voces califican de \u00abfalta de lealtad institucional decir que ocultamos informaci\u00f3n\u00bb.En esas horas, hay que tener en consideraci\u00f3n otro factor: la informaci\u00f3n de las el\u00e9ctricas flu\u00eda, pero no los datos. Esto es, en La Moncloa hab\u00eda la queja y el enfado de que no se les permit\u00eda el acceso a los datos -y eso que pusieron a personal de Defensa y del CNI a trabajar en ello- para conocer las tripas de lo que hab\u00eda ocurrido. De ah\u00ed que S\u00e1nchez, en un primer momento, salga muy duro contra las el\u00e9ctricas, poniendo el foco en ellas y advirtiendo que se les exigir\u00edan responsabilidades. \u00abLa informaci\u00f3n flu\u00eda, pero no ten\u00edamos acceso a los datos\u00bb, se quejan fuentes gubernamentales. S\u00e1nchez, el martes 29 de abril, decide convocarlas de urgencia en La Moncloa. Fuentes conocedoras de la cita explican que les pidi\u00f3 \u00abcolaboraci\u00f3n con el Gobierno y los organismos independientes para identificar las causas del incidente\u00bb. Hab\u00eda enfado y \u00abdescontento\u00bb con el sector.El Gobierno, el propio jefe del Ejecutivo, prometi\u00f3 \u00abllegar al fondo del asunto, porque queremos asumir esas responsabilidades pol\u00edticas, exigirlas tambi\u00e9n\u00bb. Pero un a\u00f1o despu\u00e9s, no se ha depurado ninguna. Corredor, pese al malestar que esos d\u00edas cundi\u00f3 en el Gobierno con Red El\u00e9ctrica -se admite que \u00abhubo momentos de descoordinaci\u00f3n\u00bb como descartar un ciberataque cuando Moncloa no negaba ninguna hip\u00f3tesis- y su gesti\u00f3n, sigue en el cargo.El apag\u00f3n fue el inicio de un trimestre complicado para el Gobierno: el cero energ\u00e9tico, c\u00famulo de incidencias en los trenes y el estallido del informe Cerd\u00e1n, que s\u00ed hizo tambalearse a S\u00e1nchez. \u00abHab\u00eda preocupaci\u00f3n porque se asentara el mensaje en la sociedad de que todo fallaba, que se instalara un estado de ansiedad que no se correspond\u00eda con la realidad y los datos\u00bb, defiende un miembro del Gobierno. Las personas consultadas no creen que el apag\u00f3n o el caos ferroviario pusieran en riesgo el Ejecutivo, algo que s\u00ed hizo la entrada en prisi\u00f3n del que fuera mano derecha de S\u00e1nchez.","breadcrumb":{"@id":"https:\/\/vof-news.eu\/es\/reconstruccion-del-dia-que-el-gobierno-se-fue-a-negro-con-el-gran-apagon-un-drama-que-no-nos-tenia-que-haber-pasado\/#breadcrumb"},"inLanguage":"es","potentialAction":[{"@type":"ReadAction","target":["https:\/\/vof-news.eu\/es\/reconstruccion-del-dia-que-el-gobierno-se-fue-a-negro-con-el-gran-apagon-un-drama-que-no-nos-tenia-que-haber-pasado\/"]}]},{"@type":"ImageObject","inLanguage":"es","@id":"https:\/\/vof-news.eu\/es\/reconstruccion-del-dia-que-el-gobierno-se-fue-a-negro-con-el-gran-apagon-un-drama-que-no-nos-tenia-que-haber-pasado\/#primaryimage","url":"https:\/\/vof-news.eu\/wp-content\/uploads\/2026\/04\/17772235633168.jpg","contentUrl":"https:\/\/vof-news.eu\/wp-content\/uploads\/2026\/04\/17772235633168.jpg","width":1366,"height":1164,"caption":"NO UTILIZAR SIN PERMISO DE FOTOGRAF\u00cdA - Fot\u00f3grafo: Carlos Garc\u00eda Pozo 28\/04\/2025 - - Madrid - - APAGON DE LUZ - ELECTRICIDAD - APAG\u00d3N ELECTRICO - ENERGIO - APAGON ENERGIA - FALLO RED EL\u00c9CTRICA - ESTACI\u00d3N DE MENDEZ \u00c1LVARO - PASAJEROS"},{"@type":"BreadcrumbList","@id":"https:\/\/vof-news.eu\/es\/reconstruccion-del-dia-que-el-gobierno-se-fue-a-negro-con-el-gran-apagon-un-drama-que-no-nos-tenia-que-haber-pasado\/#breadcrumb","itemListElement":[{"@type":"ListItem","position":1,"name":"Home","item":"https:\/\/vof-news.eu\/es\/"},{"@type":"ListItem","position":2,"name":"Reconstrucci\u00f3n del d\u00eda que el Gobierno se fue a negro con el gran apag\u00f3n: &#8220;Un drama que no nos ten\u00eda que\u00a0 haber pasado&#8221;"}]},{"@type":"WebSite","@id":"https:\/\/vof-news.eu\/es\/#website","url":"https:\/\/vof-news.eu\/es\/","name":"vof-news.eu","description":"","potentialAction":[{"@type":"SearchAction","target":{"@type":"EntryPoint","urlTemplate":"https:\/\/vof-news.eu\/es\/?s={search_term_string}"},"query-input":"required name=search_term_string"}],"inLanguage":"es"},{"@type":"Person","@id":"https:\/\/vof-news.eu\/es\/#\/schema\/person\/f6a2a4309f0561835797fd8c19b333ed","name":"Author","image":{"@type":"ImageObject","inLanguage":"es","@id":"https:\/\/vof-news.eu\/es\/#\/schema\/person\/image\/","url":"https:\/\/secure.gravatar.com\/avatar\/b67e614b1b25b3e9c0c239efdd2fde5ab015b5affd6f1c3c85911ca4b384e790?s=96&d=mm&r=g","contentUrl":"https:\/\/secure.gravatar.com\/avatar\/b67e614b1b25b3e9c0c239efdd2fde5ab015b5affd6f1c3c85911ca4b384e790?s=96&d=mm&r=g","caption":"Author"},"sameAs":["http:\/\/vof-news.eu"],"url":"https:\/\/vof-news.eu\/es\/author\/zwt6qxnjulxbnyg\/"}]}},"yoast_meta":{"yoast_wpseo_title":"","yoast_wpseo_metadesc":"","yoast_wpseo_canonical":""},"_links":{"self":[{"href":"https:\/\/vof-news.eu\/es\/wp-json\/wp\/v2\/posts\/334813","targetHints":{"allow":["GET"]}}],"collection":[{"href":"https:\/\/vof-news.eu\/es\/wp-json\/wp\/v2\/posts"}],"about":[{"href":"https:\/\/vof-news.eu\/es\/wp-json\/wp\/v2\/types\/post"}],"author":[{"embeddable":true,"href":"https:\/\/vof-news.eu\/es\/wp-json\/wp\/v2\/users\/1"}],"replies":[{"embeddable":true,"href":"https:\/\/vof-news.eu\/es\/wp-json\/wp\/v2\/comments?post=334813"}],"version-history":[{"count":1,"href":"https:\/\/vof-news.eu\/es\/wp-json\/wp\/v2\/posts\/334813\/revisions"}],"predecessor-version":[{"id":334815,"href":"https:\/\/vof-news.eu\/es\/wp-json\/wp\/v2\/posts\/334813\/revisions\/334815"}],"wp:featuredmedia":[{"embeddable":true,"href":"https:\/\/vof-news.eu\/es\/wp-json\/wp\/v2\/media\/334807"}],"wp:attachment":[{"href":"https:\/\/vof-news.eu\/es\/wp-json\/wp\/v2\/media?parent=334813"}],"wp:term":[{"taxonomy":"category","embeddable":true,"href":"https:\/\/vof-news.eu\/es\/wp-json\/wp\/v2\/categories?post=334813"},{"taxonomy":"post_tag","embeddable":true,"href":"https:\/\/vof-news.eu\/es\/wp-json\/wp\/v2\/tags?post=334813"}],"curies":[{"name":"wp","href":"https:\/\/api.w.org\/{rel}","templated":true}]}}