{"id":333517,"date":"2026-04-16T00:17:32","date_gmt":"2026-04-15T21:17:32","guid":{"rendered":"https:\/\/vof-news.eu\/tuvimos-a-la-mas-bella-teresa-de-calcuta-en-adif\/"},"modified":"2026-04-16T00:17:44","modified_gmt":"2026-04-15T21:17:44","slug":"tuvimos-a-la-mas-bella-teresa-de-calcuta-en-adif","status":"publish","type":"post","link":"https:\/\/vof-news.eu\/es\/tuvimos-a-la-mas-bella-teresa-de-calcuta-en-adif\/","title":{"rendered":"Tuvimos a la m\u00e1s bella Teresa de Calcuta en Adif"},"content":{"rendered":"<div>\n<p>Cuando <strong>Isabel Pardo de Vera<\/strong> y <strong>Koldo Garc\u00eda<\/strong> se vieron las caras en el Tribunal Supremo, lo m\u00e1s dif\u00edcil era olvidarse de aquel mensaje: \u00abTe he visto con el pantal\u00f3n&#8230; est\u00e1s buen\u00edsima\u00bb.<\/p>\n<p>La Justicia decidir\u00e1, pero si la ex presidenta de Adif y ex secretaria de Estado de Transportes particip\u00f3 en los ama\u00f1os de mascarillas y de obras p\u00fablicas y en el enchufe de <strong>J\u00e9sica<\/strong>, se demostrar\u00e1 una vez m\u00e1s que hay corruptos con pinta de corruptos y corruptos con una pinta estupenda. \u00abYo soy una persona profundamente institucionalista\u00bb fue la frase m\u00e1s definitoria de la alta funcionaria de Adif, que ayer se dio un paseo por el Supremo para regalarnos a todos un bocadito de <i>savoir faire<\/i>.<\/p>\n<p>En lo est\u00e9tico, al menos, inaugur\u00f3 un estilo. Lleg\u00f3 elegante, muy guapa. Pantalones negros -cont\u00e9ngase, don Koldo-, discretos zapatos de tac\u00f3n, chaqueta blanca, inmaculada. Dijo \u00aben el \u00ednter\u00bb en vez de \u00aben el \u00ednterin\u00bb, pero no pate\u00f3 m\u00e1s el diccionario. Respondi\u00f3 a todas las preguntas sin aspavientos. El acento gallego le asomaba al improvisar. Se defendi\u00f3 bien, aunque luego ya se ver\u00e1. Seg\u00fan declar\u00f3, ella s\u00f3lo cumpli\u00f3 \u00f3rdenes ateni\u00e9ndose a la ley y las mascarillas de Soluciones de Gesti\u00f3n no fueron decisi\u00f3n suya.<\/p>\n<p>La dama se mostr\u00f3 cordial\u00edsima con <strong>\u00c1balos<\/strong>, por el que sent\u00eda \u00abmucho respeto y confianza profesional\u00bb. Eran muy cercanos. Tanto que, seg\u00fan la UCO, tras declarar ante la Guardia Civil, Pardo de Vera llam\u00f3 al presunto cabecilla de la organizaci\u00f3n criminal para recomendarle que buscara un abogado. <strong>Alberto Dur\u00e1n<\/strong>, el letrado de la acusaci\u00f3n popular, le pregunt\u00f3 por este inc\u00f3modo episodio. Pero <strong>Marino Turiel<\/strong> -el abogado de voz curil que, iron\u00edas de la vida, representa al ex ministro- protest\u00f3, <strong>Andr\u00e9s Mart\u00ednez<\/strong><strong>Arrieta <\/strong>le dio la raz\u00f3n y la testigo, que est\u00e1 imputada en la Audiencia Nacional, pudo refugiarse en un silencio eterno.<\/p>\n<p>Ella lo que prefiri\u00f3 fue narrar otros episodios que la retratan mejor como ella quiere que creamos que es. Sobre \u00c1balos explic\u00f3 que le generaba \u00abdesasosiego\u00bb ver demasiadas veces a <strong>V\u00edctor de Aldama<\/strong> metido en el <i>hall <\/i>privado del Ministerio cuando el ministro no estaba all\u00ed. No porque creyera que el comisionista -para ella, un simple empresario que ten\u00eda un restaurante en las Cuatro Torres- estuviera recibiendo adjudicaciones de Transportes, qu\u00e9 va. S\u00f3lo es que no le parec\u00eda est\u00e9tico que alguien ajeno a la administraci\u00f3n anduviera por la planta noble \u00abcomo gato por su casa\u00bb, en palabras de la impagable <strong>Leticia de la Hoz<\/strong>.<\/p>\n<p>De forma que nuestra dama le expres\u00f3 a \u00c1balos su extra\u00f1eza, a lo que \u00e9ste le respondi\u00f3 \u00abque por supuesto no era una situaci\u00f3n normal, que [Aldama] era amigo de Koldo y que Koldo era de esa manera&#8230; y que tomaba nota\u00bb. Desde entonces, dijo, no volvi\u00f3 a verle solo por el Ministerio. Y parece que ella se qued\u00f3 satisfecha. Luego conocimos la versi\u00f3n de <strong>Jos\u00e9 Luis Rodr\u00edguez<\/strong>, un guardia civil del Ministerio que respond\u00eda al juez como responden los guardias civiles (\u00abafirmativo\u00bb, \u00abnegativo\u00bb) y que explic\u00f3 que el comisionista sigui\u00f3 entrando y saliendo ma\u00f1ana y tarde del Ministerio, e incluso aparcando en \u00abel estacionamiento de las autoridades\u00bb, hasta que \u00c1balos sali\u00f3 del Gobierno.<\/p>\n<p>Un par de apuntes m\u00e1s. A Aldama -a quien, sin ser preguntada, describi\u00f3 como \u00abafable, siempre muy educado\u00bb- se lo present\u00f3 Koldo \u00abcomo el hermano del escolta del se\u00f1or ministro <strong>[\u00cd\u00f1igo] De la Serna<\/strong>\u00bb, a cuyas \u00f3rdenes ella tambi\u00e9n trabaj\u00f3. De modo que puede decirse que dos escoltas fueron el Bing Bang de esta estridente macrocorrupci\u00f3n.<\/p>\n<p>El \u00fanico acusado que se qued\u00f3 sin los delicados elogios de Pardo de Vera fue Koldo. Aunque no le llam\u00f3 bruto ni nada parecido: era \u00abel transmisor\u00bb del ministro y un tipo \u00absingular\u00bb que \u00abno respond\u00eda a los est\u00e1ndares institucionales de las administraciones p\u00fablicas en las formas\u00bb. \u00abNo he conocido a una persona as\u00ed en mi trayectoria profesional\u00bb, se sincer\u00f3.<\/p>\n<p>Por lo dem\u00e1s, ya se sabe que las damas no pierden el tiempo en chismorreos, as\u00ed que la nuestra fue \u00abla \u00faltima\u00bb en enterarse de que J\u00e9sica y \u00c1balos estaban juntos. Y, como es l\u00f3gico, se disgust\u00f3. Aquella relaci\u00f3n amorosa\/contractual no cumpl\u00eda, por entendernos, los est\u00e1ndares. \u00bfPardo de Vera movi\u00f3 el curr\u00edculum de la joven amante? S\u00ed, s\u00ed. Pero vivi\u00f3 enga\u00f1ada. Como nosotros: tuvimos a la m\u00e1s bella Santa Teresa de Calcuta en Adif y no lo sab\u00edamos.<\/p>\n<\/div>\n","protected":false},"excerpt":{"rendered":"<p>Cuando Isabel Pardo de Vera y Koldo Garc\u00eda se vieron las caras en el Tribunal Supremo, lo m\u00e1s dif\u00edcil era olvidarse de aquel mensaje: \u00abTe he visto con el pantal\u00f3n&#8230; est\u00e1s buen\u00edsima\u00bb. La Justicia decidir\u00e1, pero si la ex presidenta de Adif y ex secretaria de Estado de Transportes particip\u00f3 en los ama\u00f1os de mascarillas<\/p>\n","protected":false},"author":1,"featured_media":333511,"comment_status":"open","ping_status":"open","sticky":false,"template":"","format":"standard","meta":{"footnotes":""},"categories":[47],"tags":[],"class_list":["post-333517","post","type-post","status-publish","format-standard","has-post-thumbnail","hentry","category-interview-es"],"acf":[],"yoast_head":"<!-- This site is optimized with the Yoast SEO plugin v22.9 - https:\/\/yoast.com\/wordpress\/plugins\/seo\/ -->\n<title>Tuvimos a la m\u00e1s bella Teresa de Calcuta en Adif - vof-news.eu<\/title>\n<meta name=\"description\" content=\"Cuando Isabel Pardo de Vera y Koldo Garc\u00eda se vieron las caras en el Tribunal Supremo, lo m\u00e1s dif\u00edcil era olvidarse de aquel mensaje: \u00abTe he visto con el pantal\u00f3n... est\u00e1s buen\u00edsima\u00bb.La Justicia decidir\u00e1, pero si la ex presidenta de Adif y ex secretaria de Estado de Transportes particip\u00f3 en los ama\u00f1os de mascarillas y de obras p\u00fablicas y en el enchufe de J\u00e9sica, se demostrar\u00e1 una vez m\u00e1s que hay corruptos con pinta de corruptos y corruptos con una pinta estupenda. \u00abYo soy una persona profundamente institucionalista\u00bb fue la frase m\u00e1s definitoria de la alta funcionaria de Adif, que ayer se dio un paseo por el Supremo para regalarnos a todos un bocadito de savoir faire.En lo est\u00e9tico, al menos, inaugur\u00f3 un estilo. Lleg\u00f3 elegante, muy guapa. Pantalones negros -cont\u00e9ngase, don Koldo-, discretos zapatos de tac\u00f3n, chaqueta blanca, inmaculada. Dijo \u00aben el \u00ednter\u00bb en vez de \u00aben el \u00ednterin\u00bb, pero no pate\u00f3 m\u00e1s el diccionario. Respondi\u00f3 a todas las preguntas sin aspavientos. El acento gallego le asomaba al improvisar. Se defendi\u00f3 bien, aunque luego ya se ver\u00e1. Seg\u00fan declar\u00f3, ella s\u00f3lo cumpli\u00f3 \u00f3rdenes ateni\u00e9ndose a la ley y las mascarillas de Soluciones de Gesti\u00f3n no fueron decisi\u00f3n suya.La dama se mostr\u00f3 cordial\u00edsima con \u00c1balos, por el que sent\u00eda \u00abmucho respeto y confianza profesional\u00bb. Eran muy cercanos. Tanto que, seg\u00fan la UCO, tras declarar ante la Guardia Civil, Pardo de Vera llam\u00f3 al presunto cabecilla de la organizaci\u00f3n criminal para recomendarle que buscara un abogado. Alberto Dur\u00e1n, el letrado de la acusaci\u00f3n popular, le pregunt\u00f3 por este inc\u00f3modo episodio. Pero Marino Turiel -el abogado de voz curil que, iron\u00edas de la vida, representa al ex ministro- protest\u00f3, Andr\u00e9s Mart\u00ednezArrieta le dio la raz\u00f3n y la testigo, que est\u00e1 imputada en la Audiencia Nacional, pudo refugiarse en un silencio eterno.Ella lo que prefiri\u00f3 fue narrar otros episodios que la retratan mejor como ella quiere que creamos que es. Sobre \u00c1balos explic\u00f3 que le generaba \u00abdesasosiego\u00bb ver demasiadas veces a V\u00edctor de Aldama metido en el hall privado del Ministerio cuando el ministro no estaba all\u00ed. No porque creyera que el comisionista -para ella, un simple empresario que ten\u00eda un restaurante en las Cuatro Torres- estuviera recibiendo adjudicaciones de Transportes, qu\u00e9 va. S\u00f3lo es que no le parec\u00eda est\u00e9tico que alguien ajeno a la administraci\u00f3n anduviera por la planta noble \u00abcomo gato por su casa\u00bb, en palabras de la impagable Leticia de la Hoz.De forma que nuestra dama le expres\u00f3 a \u00c1balos su extra\u00f1eza, a lo que \u00e9ste le respondi\u00f3 \u00abque por supuesto no era una situaci\u00f3n normal, que [Aldama] era amigo de Koldo y que Koldo era de esa manera... y que tomaba nota\u00bb. Desde entonces, dijo, no volvi\u00f3 a verle solo por el Ministerio. Y parece que ella se qued\u00f3 satisfecha. Luego conocimos la versi\u00f3n de Jos\u00e9 Luis Rodr\u00edguez, un guardia civil del Ministerio que respond\u00eda al juez como responden los guardias civiles (\u00abafirmativo\u00bb, \u00abnegativo\u00bb) y que explic\u00f3 que el comisionista sigui\u00f3 entrando y saliendo ma\u00f1ana y tarde del Ministerio, e incluso aparcando en \u00abel estacionamiento de las autoridades\u00bb, hasta que \u00c1balos sali\u00f3 del Gobierno.Un par de apuntes m\u00e1s. A Aldama -a quien, sin ser preguntada, describi\u00f3 como \u00abafable, siempre muy educado\u00bb- se lo present\u00f3 Koldo \u00abcomo el hermano del escolta del se\u00f1or ministro [\u00cd\u00f1igo] De la Serna\u00bb, a cuyas \u00f3rdenes ella tambi\u00e9n trabaj\u00f3. De modo que puede decirse que dos escoltas fueron el Bing Bang de esta estridente macrocorrupci\u00f3n.El \u00fanico acusado que se qued\u00f3 sin los delicados elogios de Pardo de Vera fue Koldo. Aunque no le llam\u00f3 bruto ni nada parecido: era \u00abel transmisor\u00bb del ministro y un tipo \u00absingular\u00bb que \u00abno respond\u00eda a los est\u00e1ndares institucionales de las administraciones p\u00fablicas en las formas\u00bb. \u00abNo he conocido a una persona as\u00ed en mi trayectoria profesional\u00bb, se sincer\u00f3.Por lo dem\u00e1s, ya se sabe que las damas no pierden el tiempo en chismorreos, as\u00ed que la nuestra fue \u00abla \u00faltima\u00bb en enterarse de que J\u00e9sica y \u00c1balos estaban juntos. Y, como es l\u00f3gico, se disgust\u00f3. Aquella relaci\u00f3n amorosa\/contractual no cumpl\u00eda, por entendernos, los est\u00e1ndares. \u00bfPardo de Vera movi\u00f3 el curr\u00edculum de la joven amante? S\u00ed, s\u00ed. Pero vivi\u00f3 enga\u00f1ada. Como nosotros: tuvimos a la m\u00e1s bella Santa Teresa de Calcuta en Adif y no lo sab\u00edamos.\" \/>\n<meta name=\"robots\" content=\"noindex, follow, max-snippet:-1, max-image-preview:large, max-video-preview:-1\" \/>\n<meta property=\"og:locale\" content=\"es_ES\" \/>\n<meta property=\"og:type\" content=\"article\" \/>\n<meta property=\"og:title\" content=\"Tuvimos a la m\u00e1s bella Teresa de Calcuta en Adif - vof-news.eu\" \/>\n<meta property=\"og:description\" content=\"Cuando Isabel Pardo de Vera y Koldo Garc\u00eda se vieron las caras en el Tribunal Supremo, lo m\u00e1s dif\u00edcil era olvidarse de aquel mensaje: \u00abTe he visto con el pantal\u00f3n... est\u00e1s buen\u00edsima\u00bb.La Justicia decidir\u00e1, pero si la ex presidenta de Adif y ex secretaria de Estado de Transportes particip\u00f3 en los ama\u00f1os de mascarillas y de obras p\u00fablicas y en el enchufe de J\u00e9sica, se demostrar\u00e1 una vez m\u00e1s que hay corruptos con pinta de corruptos y corruptos con una pinta estupenda. \u00abYo soy una persona profundamente institucionalista\u00bb fue la frase m\u00e1s definitoria de la alta funcionaria de Adif, que ayer se dio un paseo por el Supremo para regalarnos a todos un bocadito de savoir faire.En lo est\u00e9tico, al menos, inaugur\u00f3 un estilo. Lleg\u00f3 elegante, muy guapa. Pantalones negros -cont\u00e9ngase, don Koldo-, discretos zapatos de tac\u00f3n, chaqueta blanca, inmaculada. Dijo \u00aben el \u00ednter\u00bb en vez de \u00aben el \u00ednterin\u00bb, pero no pate\u00f3 m\u00e1s el diccionario. Respondi\u00f3 a todas las preguntas sin aspavientos. El acento gallego le asomaba al improvisar. Se defendi\u00f3 bien, aunque luego ya se ver\u00e1. Seg\u00fan declar\u00f3, ella s\u00f3lo cumpli\u00f3 \u00f3rdenes ateni\u00e9ndose a la ley y las mascarillas de Soluciones de Gesti\u00f3n no fueron decisi\u00f3n suya.La dama se mostr\u00f3 cordial\u00edsima con \u00c1balos, por el que sent\u00eda \u00abmucho respeto y confianza profesional\u00bb. Eran muy cercanos. Tanto que, seg\u00fan la UCO, tras declarar ante la Guardia Civil, Pardo de Vera llam\u00f3 al presunto cabecilla de la organizaci\u00f3n criminal para recomendarle que buscara un abogado. Alberto Dur\u00e1n, el letrado de la acusaci\u00f3n popular, le pregunt\u00f3 por este inc\u00f3modo episodio. Pero Marino Turiel -el abogado de voz curil que, iron\u00edas de la vida, representa al ex ministro- protest\u00f3, Andr\u00e9s Mart\u00ednezArrieta le dio la raz\u00f3n y la testigo, que est\u00e1 imputada en la Audiencia Nacional, pudo refugiarse en un silencio eterno.Ella lo que prefiri\u00f3 fue narrar otros episodios que la retratan mejor como ella quiere que creamos que es. Sobre \u00c1balos explic\u00f3 que le generaba \u00abdesasosiego\u00bb ver demasiadas veces a V\u00edctor de Aldama metido en el hall privado del Ministerio cuando el ministro no estaba all\u00ed. No porque creyera que el comisionista -para ella, un simple empresario que ten\u00eda un restaurante en las Cuatro Torres- estuviera recibiendo adjudicaciones de Transportes, qu\u00e9 va. S\u00f3lo es que no le parec\u00eda est\u00e9tico que alguien ajeno a la administraci\u00f3n anduviera por la planta noble \u00abcomo gato por su casa\u00bb, en palabras de la impagable Leticia de la Hoz.De forma que nuestra dama le expres\u00f3 a \u00c1balos su extra\u00f1eza, a lo que \u00e9ste le respondi\u00f3 \u00abque por supuesto no era una situaci\u00f3n normal, que [Aldama] era amigo de Koldo y que Koldo era de esa manera... y que tomaba nota\u00bb. Desde entonces, dijo, no volvi\u00f3 a verle solo por el Ministerio. Y parece que ella se qued\u00f3 satisfecha. Luego conocimos la versi\u00f3n de Jos\u00e9 Luis Rodr\u00edguez, un guardia civil del Ministerio que respond\u00eda al juez como responden los guardias civiles (\u00abafirmativo\u00bb, \u00abnegativo\u00bb) y que explic\u00f3 que el comisionista sigui\u00f3 entrando y saliendo ma\u00f1ana y tarde del Ministerio, e incluso aparcando en \u00abel estacionamiento de las autoridades\u00bb, hasta que \u00c1balos sali\u00f3 del Gobierno.Un par de apuntes m\u00e1s. A Aldama -a quien, sin ser preguntada, describi\u00f3 como \u00abafable, siempre muy educado\u00bb- se lo present\u00f3 Koldo \u00abcomo el hermano del escolta del se\u00f1or ministro [\u00cd\u00f1igo] De la Serna\u00bb, a cuyas \u00f3rdenes ella tambi\u00e9n trabaj\u00f3. De modo que puede decirse que dos escoltas fueron el Bing Bang de esta estridente macrocorrupci\u00f3n.El \u00fanico acusado que se qued\u00f3 sin los delicados elogios de Pardo de Vera fue Koldo. Aunque no le llam\u00f3 bruto ni nada parecido: era \u00abel transmisor\u00bb del ministro y un tipo \u00absingular\u00bb que \u00abno respond\u00eda a los est\u00e1ndares institucionales de las administraciones p\u00fablicas en las formas\u00bb. \u00abNo he conocido a una persona as\u00ed en mi trayectoria profesional\u00bb, se sincer\u00f3.Por lo dem\u00e1s, ya se sabe que las damas no pierden el tiempo en chismorreos, as\u00ed que la nuestra fue \u00abla \u00faltima\u00bb en enterarse de que J\u00e9sica y \u00c1balos estaban juntos. Y, como es l\u00f3gico, se disgust\u00f3. Aquella relaci\u00f3n amorosa\/contractual no cumpl\u00eda, por entendernos, los est\u00e1ndares. \u00bfPardo de Vera movi\u00f3 el curr\u00edculum de la joven amante? S\u00ed, s\u00ed. Pero vivi\u00f3 enga\u00f1ada. Como nosotros: tuvimos a la m\u00e1s bella Santa Teresa de Calcuta en Adif y no lo sab\u00edamos.\" \/>\n<meta property=\"og:url\" content=\"https:\/\/vof-news.eu\/es\/tuvimos-a-la-mas-bella-teresa-de-calcuta-en-adif\/\" \/>\n<meta property=\"og:site_name\" content=\"vof-news.eu\" \/>\n<meta property=\"article:published_time\" content=\"2026-04-15T21:17:32+00:00\" \/>\n<meta property=\"article:modified_time\" content=\"2026-04-15T21:17:44+00:00\" \/>\n<meta property=\"og:image\" content=\"https:\/\/vof-news.eu\/wp-content\/uploads\/2026\/04\/17762847276431.jpg\" \/>\n\t<meta property=\"og:image:width\" content=\"1146\" \/>\n\t<meta property=\"og:image:height\" content=\"788\" \/>\n\t<meta property=\"og:image:type\" content=\"image\/jpeg\" \/>\n<meta name=\"author\" content=\"Author\" \/>\n<meta name=\"twitter:card\" content=\"summary_large_image\" \/>\n<meta name=\"twitter:label1\" content=\"Escrito por\" \/>\n\t<meta name=\"twitter:data1\" content=\"Author\" \/>\n\t<meta name=\"twitter:label2\" content=\"Tiempo de lectura\" \/>\n\t<meta name=\"twitter:data2\" content=\"4 minutos\" \/>\n<script type=\"application\/ld+json\" class=\"yoast-schema-graph\">{\"@context\":\"https:\/\/schema.org\",\"@graph\":[{\"@type\":\"WebPage\",\"@id\":\"https:\/\/vof-news.eu\/es\/tuvimos-a-la-mas-bella-teresa-de-calcuta-en-adif\/\",\"url\":\"https:\/\/vof-news.eu\/es\/tuvimos-a-la-mas-bella-teresa-de-calcuta-en-adif\/\",\"name\":\"Tuvimos a la m\u00e1s bella Teresa de Calcuta en Adif - vof-news.eu\",\"isPartOf\":{\"@id\":\"https:\/\/vof-news.eu\/es\/#website\"},\"primaryImageOfPage\":{\"@id\":\"https:\/\/vof-news.eu\/es\/tuvimos-a-la-mas-bella-teresa-de-calcuta-en-adif\/#primaryimage\"},\"image\":{\"@id\":\"https:\/\/vof-news.eu\/es\/tuvimos-a-la-mas-bella-teresa-de-calcuta-en-adif\/#primaryimage\"},\"thumbnailUrl\":\"https:\/\/vof-news.eu\/wp-content\/uploads\/2026\/04\/17762847276431.jpg\",\"datePublished\":\"2026-04-15T21:17:32+00:00\",\"dateModified\":\"2026-04-15T21:17:44+00:00\",\"author\":{\"@id\":\"https:\/\/vof-news.eu\/es\/#\/schema\/person\/f6a2a4309f0561835797fd8c19b333ed\"},\"description\":\"Cuando Isabel Pardo de Vera y Koldo Garc\u00eda se vieron las caras en el Tribunal Supremo, lo m\u00e1s dif\u00edcil era olvidarse de aquel mensaje: \u00abTe he visto con el pantal\u00f3n... est\u00e1s buen\u00edsima\u00bb.La Justicia decidir\u00e1, pero si la ex presidenta de Adif y ex secretaria de Estado de Transportes particip\u00f3 en los ama\u00f1os de mascarillas y de obras p\u00fablicas y en el enchufe de J\u00e9sica, se demostrar\u00e1 una vez m\u00e1s que hay corruptos con pinta de corruptos y corruptos con una pinta estupenda. \u00abYo soy una persona profundamente institucionalista\u00bb fue la frase m\u00e1s definitoria de la alta funcionaria de Adif, que ayer se dio un paseo por el Supremo para regalarnos a todos un bocadito de savoir faire.En lo est\u00e9tico, al menos, inaugur\u00f3 un estilo. Lleg\u00f3 elegante, muy guapa. Pantalones negros -cont\u00e9ngase, don Koldo-, discretos zapatos de tac\u00f3n, chaqueta blanca, inmaculada. Dijo \u00aben el \u00ednter\u00bb en vez de \u00aben el \u00ednterin\u00bb, pero no pate\u00f3 m\u00e1s el diccionario. Respondi\u00f3 a todas las preguntas sin aspavientos. El acento gallego le asomaba al improvisar. Se defendi\u00f3 bien, aunque luego ya se ver\u00e1. Seg\u00fan declar\u00f3, ella s\u00f3lo cumpli\u00f3 \u00f3rdenes ateni\u00e9ndose a la ley y las mascarillas de Soluciones de Gesti\u00f3n no fueron decisi\u00f3n suya.La dama se mostr\u00f3 cordial\u00edsima con \u00c1balos, por el que sent\u00eda \u00abmucho respeto y confianza profesional\u00bb. Eran muy cercanos. Tanto que, seg\u00fan la UCO, tras declarar ante la Guardia Civil, Pardo de Vera llam\u00f3 al presunto cabecilla de la organizaci\u00f3n criminal para recomendarle que buscara un abogado. Alberto Dur\u00e1n, el letrado de la acusaci\u00f3n popular, le pregunt\u00f3 por este inc\u00f3modo episodio. Pero Marino Turiel -el abogado de voz curil que, iron\u00edas de la vida, representa al ex ministro- protest\u00f3, Andr\u00e9s Mart\u00ednezArrieta le dio la raz\u00f3n y la testigo, que est\u00e1 imputada en la Audiencia Nacional, pudo refugiarse en un silencio eterno.Ella lo que prefiri\u00f3 fue narrar otros episodios que la retratan mejor como ella quiere que creamos que es. Sobre \u00c1balos explic\u00f3 que le generaba \u00abdesasosiego\u00bb ver demasiadas veces a V\u00edctor de Aldama metido en el hall privado del Ministerio cuando el ministro no estaba all\u00ed. No porque creyera que el comisionista -para ella, un simple empresario que ten\u00eda un restaurante en las Cuatro Torres- estuviera recibiendo adjudicaciones de Transportes, qu\u00e9 va. S\u00f3lo es que no le parec\u00eda est\u00e9tico que alguien ajeno a la administraci\u00f3n anduviera por la planta noble \u00abcomo gato por su casa\u00bb, en palabras de la impagable Leticia de la Hoz.De forma que nuestra dama le expres\u00f3 a \u00c1balos su extra\u00f1eza, a lo que \u00e9ste le respondi\u00f3 \u00abque por supuesto no era una situaci\u00f3n normal, que [Aldama] era amigo de Koldo y que Koldo era de esa manera... y que tomaba nota\u00bb. Desde entonces, dijo, no volvi\u00f3 a verle solo por el Ministerio. Y parece que ella se qued\u00f3 satisfecha. Luego conocimos la versi\u00f3n de Jos\u00e9 Luis Rodr\u00edguez, un guardia civil del Ministerio que respond\u00eda al juez como responden los guardias civiles (\u00abafirmativo\u00bb, \u00abnegativo\u00bb) y que explic\u00f3 que el comisionista sigui\u00f3 entrando y saliendo ma\u00f1ana y tarde del Ministerio, e incluso aparcando en \u00abel estacionamiento de las autoridades\u00bb, hasta que \u00c1balos sali\u00f3 del Gobierno.Un par de apuntes m\u00e1s. A Aldama -a quien, sin ser preguntada, describi\u00f3 como \u00abafable, siempre muy educado\u00bb- se lo present\u00f3 Koldo \u00abcomo el hermano del escolta del se\u00f1or ministro [\u00cd\u00f1igo] De la Serna\u00bb, a cuyas \u00f3rdenes ella tambi\u00e9n trabaj\u00f3. De modo que puede decirse que dos escoltas fueron el Bing Bang de esta estridente macrocorrupci\u00f3n.El \u00fanico acusado que se qued\u00f3 sin los delicados elogios de Pardo de Vera fue Koldo. Aunque no le llam\u00f3 bruto ni nada parecido: era \u00abel transmisor\u00bb del ministro y un tipo \u00absingular\u00bb que \u00abno respond\u00eda a los est\u00e1ndares institucionales de las administraciones p\u00fablicas en las formas\u00bb. \u00abNo he conocido a una persona as\u00ed en mi trayectoria profesional\u00bb, se sincer\u00f3.Por lo dem\u00e1s, ya se sabe que las damas no pierden el tiempo en chismorreos, as\u00ed que la nuestra fue \u00abla \u00faltima\u00bb en enterarse de que J\u00e9sica y \u00c1balos estaban juntos. Y, como es l\u00f3gico, se disgust\u00f3. Aquella relaci\u00f3n amorosa\/contractual no cumpl\u00eda, por entendernos, los est\u00e1ndares. \u00bfPardo de Vera movi\u00f3 el curr\u00edculum de la joven amante? S\u00ed, s\u00ed. Pero vivi\u00f3 enga\u00f1ada. Como nosotros: tuvimos a la m\u00e1s bella Santa Teresa de Calcuta en Adif y no lo sab\u00edamos.\",\"breadcrumb\":{\"@id\":\"https:\/\/vof-news.eu\/es\/tuvimos-a-la-mas-bella-teresa-de-calcuta-en-adif\/#breadcrumb\"},\"inLanguage\":\"es\",\"potentialAction\":[{\"@type\":\"ReadAction\",\"target\":[\"https:\/\/vof-news.eu\/es\/tuvimos-a-la-mas-bella-teresa-de-calcuta-en-adif\/\"]}]},{\"@type\":\"ImageObject\",\"inLanguage\":\"es\",\"@id\":\"https:\/\/vof-news.eu\/es\/tuvimos-a-la-mas-bella-teresa-de-calcuta-en-adif\/#primaryimage\",\"url\":\"https:\/\/vof-news.eu\/wp-content\/uploads\/2026\/04\/17762847276431.jpg\",\"contentUrl\":\"https:\/\/vof-news.eu\/wp-content\/uploads\/2026\/04\/17762847276431.jpg\",\"width\":1146,\"height\":788,\"caption\":\"2026\/04\/15.Foto Javier Barbancho. Juicio Supremo. Pardo de Vera. Tribunal Superemo\"},{\"@type\":\"BreadcrumbList\",\"@id\":\"https:\/\/vof-news.eu\/es\/tuvimos-a-la-mas-bella-teresa-de-calcuta-en-adif\/#breadcrumb\",\"itemListElement\":[{\"@type\":\"ListItem\",\"position\":1,\"name\":\"Home\",\"item\":\"https:\/\/vof-news.eu\/es\/\"},{\"@type\":\"ListItem\",\"position\":2,\"name\":\"Tuvimos a la m\u00e1s bella Teresa de Calcuta en Adif\"}]},{\"@type\":\"WebSite\",\"@id\":\"https:\/\/vof-news.eu\/es\/#website\",\"url\":\"https:\/\/vof-news.eu\/es\/\",\"name\":\"vof-news.eu\",\"description\":\"\",\"potentialAction\":[{\"@type\":\"SearchAction\",\"target\":{\"@type\":\"EntryPoint\",\"urlTemplate\":\"https:\/\/vof-news.eu\/es\/?s={search_term_string}\"},\"query-input\":\"required name=search_term_string\"}],\"inLanguage\":\"es\"},{\"@type\":\"Person\",\"@id\":\"https:\/\/vof-news.eu\/es\/#\/schema\/person\/f6a2a4309f0561835797fd8c19b333ed\",\"name\":\"Author\",\"image\":{\"@type\":\"ImageObject\",\"inLanguage\":\"es\",\"@id\":\"https:\/\/vof-news.eu\/es\/#\/schema\/person\/image\/\",\"url\":\"https:\/\/secure.gravatar.com\/avatar\/b67e614b1b25b3e9c0c239efdd2fde5ab015b5affd6f1c3c85911ca4b384e790?s=96&d=mm&r=g\",\"contentUrl\":\"https:\/\/secure.gravatar.com\/avatar\/b67e614b1b25b3e9c0c239efdd2fde5ab015b5affd6f1c3c85911ca4b384e790?s=96&d=mm&r=g\",\"caption\":\"Author\"},\"sameAs\":[\"http:\/\/vof-news.eu\"],\"url\":\"https:\/\/vof-news.eu\/es\/author\/zwt6qxnjulxbnyg\/\"}]}<\/script>\n<!-- \/ Yoast SEO plugin. -->","yoast_head_json":{"title":"Tuvimos a la m\u00e1s bella Teresa de Calcuta en Adif - vof-news.eu","description":"Cuando Isabel Pardo de Vera y Koldo Garc\u00eda se vieron las caras en el Tribunal Supremo, lo m\u00e1s dif\u00edcil era olvidarse de aquel mensaje: \u00abTe he visto con el pantal\u00f3n... est\u00e1s buen\u00edsima\u00bb.La Justicia decidir\u00e1, pero si la ex presidenta de Adif y ex secretaria de Estado de Transportes particip\u00f3 en los ama\u00f1os de mascarillas y de obras p\u00fablicas y en el enchufe de J\u00e9sica, se demostrar\u00e1 una vez m\u00e1s que hay corruptos con pinta de corruptos y corruptos con una pinta estupenda. \u00abYo soy una persona profundamente institucionalista\u00bb fue la frase m\u00e1s definitoria de la alta funcionaria de Adif, que ayer se dio un paseo por el Supremo para regalarnos a todos un bocadito de savoir faire.En lo est\u00e9tico, al menos, inaugur\u00f3 un estilo. Lleg\u00f3 elegante, muy guapa. Pantalones negros -cont\u00e9ngase, don Koldo-, discretos zapatos de tac\u00f3n, chaqueta blanca, inmaculada. Dijo \u00aben el \u00ednter\u00bb en vez de \u00aben el \u00ednterin\u00bb, pero no pate\u00f3 m\u00e1s el diccionario. Respondi\u00f3 a todas las preguntas sin aspavientos. El acento gallego le asomaba al improvisar. Se defendi\u00f3 bien, aunque luego ya se ver\u00e1. Seg\u00fan declar\u00f3, ella s\u00f3lo cumpli\u00f3 \u00f3rdenes ateni\u00e9ndose a la ley y las mascarillas de Soluciones de Gesti\u00f3n no fueron decisi\u00f3n suya.La dama se mostr\u00f3 cordial\u00edsima con \u00c1balos, por el que sent\u00eda \u00abmucho respeto y confianza profesional\u00bb. Eran muy cercanos. Tanto que, seg\u00fan la UCO, tras declarar ante la Guardia Civil, Pardo de Vera llam\u00f3 al presunto cabecilla de la organizaci\u00f3n criminal para recomendarle que buscara un abogado. Alberto Dur\u00e1n, el letrado de la acusaci\u00f3n popular, le pregunt\u00f3 por este inc\u00f3modo episodio. Pero Marino Turiel -el abogado de voz curil que, iron\u00edas de la vida, representa al ex ministro- protest\u00f3, Andr\u00e9s Mart\u00ednezArrieta le dio la raz\u00f3n y la testigo, que est\u00e1 imputada en la Audiencia Nacional, pudo refugiarse en un silencio eterno.Ella lo que prefiri\u00f3 fue narrar otros episodios que la retratan mejor como ella quiere que creamos que es. Sobre \u00c1balos explic\u00f3 que le generaba \u00abdesasosiego\u00bb ver demasiadas veces a V\u00edctor de Aldama metido en el hall privado del Ministerio cuando el ministro no estaba all\u00ed. No porque creyera que el comisionista -para ella, un simple empresario que ten\u00eda un restaurante en las Cuatro Torres- estuviera recibiendo adjudicaciones de Transportes, qu\u00e9 va. S\u00f3lo es que no le parec\u00eda est\u00e9tico que alguien ajeno a la administraci\u00f3n anduviera por la planta noble \u00abcomo gato por su casa\u00bb, en palabras de la impagable Leticia de la Hoz.De forma que nuestra dama le expres\u00f3 a \u00c1balos su extra\u00f1eza, a lo que \u00e9ste le respondi\u00f3 \u00abque por supuesto no era una situaci\u00f3n normal, que [Aldama] era amigo de Koldo y que Koldo era de esa manera... y que tomaba nota\u00bb. Desde entonces, dijo, no volvi\u00f3 a verle solo por el Ministerio. Y parece que ella se qued\u00f3 satisfecha. Luego conocimos la versi\u00f3n de Jos\u00e9 Luis Rodr\u00edguez, un guardia civil del Ministerio que respond\u00eda al juez como responden los guardias civiles (\u00abafirmativo\u00bb, \u00abnegativo\u00bb) y que explic\u00f3 que el comisionista sigui\u00f3 entrando y saliendo ma\u00f1ana y tarde del Ministerio, e incluso aparcando en \u00abel estacionamiento de las autoridades\u00bb, hasta que \u00c1balos sali\u00f3 del Gobierno.Un par de apuntes m\u00e1s. A Aldama -a quien, sin ser preguntada, describi\u00f3 como \u00abafable, siempre muy educado\u00bb- se lo present\u00f3 Koldo \u00abcomo el hermano del escolta del se\u00f1or ministro [\u00cd\u00f1igo] De la Serna\u00bb, a cuyas \u00f3rdenes ella tambi\u00e9n trabaj\u00f3. De modo que puede decirse que dos escoltas fueron el Bing Bang de esta estridente macrocorrupci\u00f3n.El \u00fanico acusado que se qued\u00f3 sin los delicados elogios de Pardo de Vera fue Koldo. Aunque no le llam\u00f3 bruto ni nada parecido: era \u00abel transmisor\u00bb del ministro y un tipo \u00absingular\u00bb que \u00abno respond\u00eda a los est\u00e1ndares institucionales de las administraciones p\u00fablicas en las formas\u00bb. \u00abNo he conocido a una persona as\u00ed en mi trayectoria profesional\u00bb, se sincer\u00f3.Por lo dem\u00e1s, ya se sabe que las damas no pierden el tiempo en chismorreos, as\u00ed que la nuestra fue \u00abla \u00faltima\u00bb en enterarse de que J\u00e9sica y \u00c1balos estaban juntos. Y, como es l\u00f3gico, se disgust\u00f3. Aquella relaci\u00f3n amorosa\/contractual no cumpl\u00eda, por entendernos, los est\u00e1ndares. \u00bfPardo de Vera movi\u00f3 el curr\u00edculum de la joven amante? S\u00ed, s\u00ed. Pero vivi\u00f3 enga\u00f1ada. Como nosotros: tuvimos a la m\u00e1s bella Santa Teresa de Calcuta en Adif y no lo sab\u00edamos.","robots":{"index":"noindex","follow":"follow","max-snippet":"max-snippet:-1","max-image-preview":"max-image-preview:large","max-video-preview":"max-video-preview:-1"},"og_locale":"es_ES","og_type":"article","og_title":"Tuvimos a la m\u00e1s bella Teresa de Calcuta en Adif - vof-news.eu","og_description":"Cuando Isabel Pardo de Vera y Koldo Garc\u00eda se vieron las caras en el Tribunal Supremo, lo m\u00e1s dif\u00edcil era olvidarse de aquel mensaje: \u00abTe he visto con el pantal\u00f3n... est\u00e1s buen\u00edsima\u00bb.La Justicia decidir\u00e1, pero si la ex presidenta de Adif y ex secretaria de Estado de Transportes particip\u00f3 en los ama\u00f1os de mascarillas y de obras p\u00fablicas y en el enchufe de J\u00e9sica, se demostrar\u00e1 una vez m\u00e1s que hay corruptos con pinta de corruptos y corruptos con una pinta estupenda. \u00abYo soy una persona profundamente institucionalista\u00bb fue la frase m\u00e1s definitoria de la alta funcionaria de Adif, que ayer se dio un paseo por el Supremo para regalarnos a todos un bocadito de savoir faire.En lo est\u00e9tico, al menos, inaugur\u00f3 un estilo. Lleg\u00f3 elegante, muy guapa. Pantalones negros -cont\u00e9ngase, don Koldo-, discretos zapatos de tac\u00f3n, chaqueta blanca, inmaculada. Dijo \u00aben el \u00ednter\u00bb en vez de \u00aben el \u00ednterin\u00bb, pero no pate\u00f3 m\u00e1s el diccionario. Respondi\u00f3 a todas las preguntas sin aspavientos. El acento gallego le asomaba al improvisar. Se defendi\u00f3 bien, aunque luego ya se ver\u00e1. Seg\u00fan declar\u00f3, ella s\u00f3lo cumpli\u00f3 \u00f3rdenes ateni\u00e9ndose a la ley y las mascarillas de Soluciones de Gesti\u00f3n no fueron decisi\u00f3n suya.La dama se mostr\u00f3 cordial\u00edsima con \u00c1balos, por el que sent\u00eda \u00abmucho respeto y confianza profesional\u00bb. Eran muy cercanos. Tanto que, seg\u00fan la UCO, tras declarar ante la Guardia Civil, Pardo de Vera llam\u00f3 al presunto cabecilla de la organizaci\u00f3n criminal para recomendarle que buscara un abogado. Alberto Dur\u00e1n, el letrado de la acusaci\u00f3n popular, le pregunt\u00f3 por este inc\u00f3modo episodio. Pero Marino Turiel -el abogado de voz curil que, iron\u00edas de la vida, representa al ex ministro- protest\u00f3, Andr\u00e9s Mart\u00ednezArrieta le dio la raz\u00f3n y la testigo, que est\u00e1 imputada en la Audiencia Nacional, pudo refugiarse en un silencio eterno.Ella lo que prefiri\u00f3 fue narrar otros episodios que la retratan mejor como ella quiere que creamos que es. Sobre \u00c1balos explic\u00f3 que le generaba \u00abdesasosiego\u00bb ver demasiadas veces a V\u00edctor de Aldama metido en el hall privado del Ministerio cuando el ministro no estaba all\u00ed. No porque creyera que el comisionista -para ella, un simple empresario que ten\u00eda un restaurante en las Cuatro Torres- estuviera recibiendo adjudicaciones de Transportes, qu\u00e9 va. S\u00f3lo es que no le parec\u00eda est\u00e9tico que alguien ajeno a la administraci\u00f3n anduviera por la planta noble \u00abcomo gato por su casa\u00bb, en palabras de la impagable Leticia de la Hoz.De forma que nuestra dama le expres\u00f3 a \u00c1balos su extra\u00f1eza, a lo que \u00e9ste le respondi\u00f3 \u00abque por supuesto no era una situaci\u00f3n normal, que [Aldama] era amigo de Koldo y que Koldo era de esa manera... y que tomaba nota\u00bb. Desde entonces, dijo, no volvi\u00f3 a verle solo por el Ministerio. Y parece que ella se qued\u00f3 satisfecha. Luego conocimos la versi\u00f3n de Jos\u00e9 Luis Rodr\u00edguez, un guardia civil del Ministerio que respond\u00eda al juez como responden los guardias civiles (\u00abafirmativo\u00bb, \u00abnegativo\u00bb) y que explic\u00f3 que el comisionista sigui\u00f3 entrando y saliendo ma\u00f1ana y tarde del Ministerio, e incluso aparcando en \u00abel estacionamiento de las autoridades\u00bb, hasta que \u00c1balos sali\u00f3 del Gobierno.Un par de apuntes m\u00e1s. A Aldama -a quien, sin ser preguntada, describi\u00f3 como \u00abafable, siempre muy educado\u00bb- se lo present\u00f3 Koldo \u00abcomo el hermano del escolta del se\u00f1or ministro [\u00cd\u00f1igo] De la Serna\u00bb, a cuyas \u00f3rdenes ella tambi\u00e9n trabaj\u00f3. De modo que puede decirse que dos escoltas fueron el Bing Bang de esta estridente macrocorrupci\u00f3n.El \u00fanico acusado que se qued\u00f3 sin los delicados elogios de Pardo de Vera fue Koldo. Aunque no le llam\u00f3 bruto ni nada parecido: era \u00abel transmisor\u00bb del ministro y un tipo \u00absingular\u00bb que \u00abno respond\u00eda a los est\u00e1ndares institucionales de las administraciones p\u00fablicas en las formas\u00bb. \u00abNo he conocido a una persona as\u00ed en mi trayectoria profesional\u00bb, se sincer\u00f3.Por lo dem\u00e1s, ya se sabe que las damas no pierden el tiempo en chismorreos, as\u00ed que la nuestra fue \u00abla \u00faltima\u00bb en enterarse de que J\u00e9sica y \u00c1balos estaban juntos. Y, como es l\u00f3gico, se disgust\u00f3. Aquella relaci\u00f3n amorosa\/contractual no cumpl\u00eda, por entendernos, los est\u00e1ndares. \u00bfPardo de Vera movi\u00f3 el curr\u00edculum de la joven amante? S\u00ed, s\u00ed. Pero vivi\u00f3 enga\u00f1ada. Como nosotros: tuvimos a la m\u00e1s bella Santa Teresa de Calcuta en Adif y no lo sab\u00edamos.","og_url":"https:\/\/vof-news.eu\/es\/tuvimos-a-la-mas-bella-teresa-de-calcuta-en-adif\/","og_site_name":"vof-news.eu","article_published_time":"2026-04-15T21:17:32+00:00","article_modified_time":"2026-04-15T21:17:44+00:00","og_image":[{"width":1146,"height":788,"url":"https:\/\/vof-news.eu\/wp-content\/uploads\/2026\/04\/17762847276431.jpg","type":"image\/jpeg"}],"author":"Author","twitter_card":"summary_large_image","twitter_misc":{"Escrito por":"Author","Tiempo de lectura":"4 minutos"},"schema":{"@context":"https:\/\/schema.org","@graph":[{"@type":"WebPage","@id":"https:\/\/vof-news.eu\/es\/tuvimos-a-la-mas-bella-teresa-de-calcuta-en-adif\/","url":"https:\/\/vof-news.eu\/es\/tuvimos-a-la-mas-bella-teresa-de-calcuta-en-adif\/","name":"Tuvimos a la m\u00e1s bella Teresa de Calcuta en Adif - vof-news.eu","isPartOf":{"@id":"https:\/\/vof-news.eu\/es\/#website"},"primaryImageOfPage":{"@id":"https:\/\/vof-news.eu\/es\/tuvimos-a-la-mas-bella-teresa-de-calcuta-en-adif\/#primaryimage"},"image":{"@id":"https:\/\/vof-news.eu\/es\/tuvimos-a-la-mas-bella-teresa-de-calcuta-en-adif\/#primaryimage"},"thumbnailUrl":"https:\/\/vof-news.eu\/wp-content\/uploads\/2026\/04\/17762847276431.jpg","datePublished":"2026-04-15T21:17:32+00:00","dateModified":"2026-04-15T21:17:44+00:00","author":{"@id":"https:\/\/vof-news.eu\/es\/#\/schema\/person\/f6a2a4309f0561835797fd8c19b333ed"},"description":"Cuando Isabel Pardo de Vera y Koldo Garc\u00eda se vieron las caras en el Tribunal Supremo, lo m\u00e1s dif\u00edcil era olvidarse de aquel mensaje: \u00abTe he visto con el pantal\u00f3n... est\u00e1s buen\u00edsima\u00bb.La Justicia decidir\u00e1, pero si la ex presidenta de Adif y ex secretaria de Estado de Transportes particip\u00f3 en los ama\u00f1os de mascarillas y de obras p\u00fablicas y en el enchufe de J\u00e9sica, se demostrar\u00e1 una vez m\u00e1s que hay corruptos con pinta de corruptos y corruptos con una pinta estupenda. \u00abYo soy una persona profundamente institucionalista\u00bb fue la frase m\u00e1s definitoria de la alta funcionaria de Adif, que ayer se dio un paseo por el Supremo para regalarnos a todos un bocadito de savoir faire.En lo est\u00e9tico, al menos, inaugur\u00f3 un estilo. Lleg\u00f3 elegante, muy guapa. Pantalones negros -cont\u00e9ngase, don Koldo-, discretos zapatos de tac\u00f3n, chaqueta blanca, inmaculada. Dijo \u00aben el \u00ednter\u00bb en vez de \u00aben el \u00ednterin\u00bb, pero no pate\u00f3 m\u00e1s el diccionario. Respondi\u00f3 a todas las preguntas sin aspavientos. El acento gallego le asomaba al improvisar. Se defendi\u00f3 bien, aunque luego ya se ver\u00e1. Seg\u00fan declar\u00f3, ella s\u00f3lo cumpli\u00f3 \u00f3rdenes ateni\u00e9ndose a la ley y las mascarillas de Soluciones de Gesti\u00f3n no fueron decisi\u00f3n suya.La dama se mostr\u00f3 cordial\u00edsima con \u00c1balos, por el que sent\u00eda \u00abmucho respeto y confianza profesional\u00bb. Eran muy cercanos. Tanto que, seg\u00fan la UCO, tras declarar ante la Guardia Civil, Pardo de Vera llam\u00f3 al presunto cabecilla de la organizaci\u00f3n criminal para recomendarle que buscara un abogado. Alberto Dur\u00e1n, el letrado de la acusaci\u00f3n popular, le pregunt\u00f3 por este inc\u00f3modo episodio. Pero Marino Turiel -el abogado de voz curil que, iron\u00edas de la vida, representa al ex ministro- protest\u00f3, Andr\u00e9s Mart\u00ednezArrieta le dio la raz\u00f3n y la testigo, que est\u00e1 imputada en la Audiencia Nacional, pudo refugiarse en un silencio eterno.Ella lo que prefiri\u00f3 fue narrar otros episodios que la retratan mejor como ella quiere que creamos que es. Sobre \u00c1balos explic\u00f3 que le generaba \u00abdesasosiego\u00bb ver demasiadas veces a V\u00edctor de Aldama metido en el hall privado del Ministerio cuando el ministro no estaba all\u00ed. No porque creyera que el comisionista -para ella, un simple empresario que ten\u00eda un restaurante en las Cuatro Torres- estuviera recibiendo adjudicaciones de Transportes, qu\u00e9 va. S\u00f3lo es que no le parec\u00eda est\u00e9tico que alguien ajeno a la administraci\u00f3n anduviera por la planta noble \u00abcomo gato por su casa\u00bb, en palabras de la impagable Leticia de la Hoz.De forma que nuestra dama le expres\u00f3 a \u00c1balos su extra\u00f1eza, a lo que \u00e9ste le respondi\u00f3 \u00abque por supuesto no era una situaci\u00f3n normal, que [Aldama] era amigo de Koldo y que Koldo era de esa manera... y que tomaba nota\u00bb. Desde entonces, dijo, no volvi\u00f3 a verle solo por el Ministerio. Y parece que ella se qued\u00f3 satisfecha. Luego conocimos la versi\u00f3n de Jos\u00e9 Luis Rodr\u00edguez, un guardia civil del Ministerio que respond\u00eda al juez como responden los guardias civiles (\u00abafirmativo\u00bb, \u00abnegativo\u00bb) y que explic\u00f3 que el comisionista sigui\u00f3 entrando y saliendo ma\u00f1ana y tarde del Ministerio, e incluso aparcando en \u00abel estacionamiento de las autoridades\u00bb, hasta que \u00c1balos sali\u00f3 del Gobierno.Un par de apuntes m\u00e1s. A Aldama -a quien, sin ser preguntada, describi\u00f3 como \u00abafable, siempre muy educado\u00bb- se lo present\u00f3 Koldo \u00abcomo el hermano del escolta del se\u00f1or ministro [\u00cd\u00f1igo] De la Serna\u00bb, a cuyas \u00f3rdenes ella tambi\u00e9n trabaj\u00f3. De modo que puede decirse que dos escoltas fueron el Bing Bang de esta estridente macrocorrupci\u00f3n.El \u00fanico acusado que se qued\u00f3 sin los delicados elogios de Pardo de Vera fue Koldo. Aunque no le llam\u00f3 bruto ni nada parecido: era \u00abel transmisor\u00bb del ministro y un tipo \u00absingular\u00bb que \u00abno respond\u00eda a los est\u00e1ndares institucionales de las administraciones p\u00fablicas en las formas\u00bb. \u00abNo he conocido a una persona as\u00ed en mi trayectoria profesional\u00bb, se sincer\u00f3.Por lo dem\u00e1s, ya se sabe que las damas no pierden el tiempo en chismorreos, as\u00ed que la nuestra fue \u00abla \u00faltima\u00bb en enterarse de que J\u00e9sica y \u00c1balos estaban juntos. Y, como es l\u00f3gico, se disgust\u00f3. Aquella relaci\u00f3n amorosa\/contractual no cumpl\u00eda, por entendernos, los est\u00e1ndares. \u00bfPardo de Vera movi\u00f3 el curr\u00edculum de la joven amante? S\u00ed, s\u00ed. Pero vivi\u00f3 enga\u00f1ada. Como nosotros: tuvimos a la m\u00e1s bella Santa Teresa de Calcuta en Adif y no lo sab\u00edamos.","breadcrumb":{"@id":"https:\/\/vof-news.eu\/es\/tuvimos-a-la-mas-bella-teresa-de-calcuta-en-adif\/#breadcrumb"},"inLanguage":"es","potentialAction":[{"@type":"ReadAction","target":["https:\/\/vof-news.eu\/es\/tuvimos-a-la-mas-bella-teresa-de-calcuta-en-adif\/"]}]},{"@type":"ImageObject","inLanguage":"es","@id":"https:\/\/vof-news.eu\/es\/tuvimos-a-la-mas-bella-teresa-de-calcuta-en-adif\/#primaryimage","url":"https:\/\/vof-news.eu\/wp-content\/uploads\/2026\/04\/17762847276431.jpg","contentUrl":"https:\/\/vof-news.eu\/wp-content\/uploads\/2026\/04\/17762847276431.jpg","width":1146,"height":788,"caption":"2026\/04\/15.Foto Javier Barbancho. Juicio Supremo. Pardo de Vera. Tribunal Superemo"},{"@type":"BreadcrumbList","@id":"https:\/\/vof-news.eu\/es\/tuvimos-a-la-mas-bella-teresa-de-calcuta-en-adif\/#breadcrumb","itemListElement":[{"@type":"ListItem","position":1,"name":"Home","item":"https:\/\/vof-news.eu\/es\/"},{"@type":"ListItem","position":2,"name":"Tuvimos a la m\u00e1s bella Teresa de Calcuta en Adif"}]},{"@type":"WebSite","@id":"https:\/\/vof-news.eu\/es\/#website","url":"https:\/\/vof-news.eu\/es\/","name":"vof-news.eu","description":"","potentialAction":[{"@type":"SearchAction","target":{"@type":"EntryPoint","urlTemplate":"https:\/\/vof-news.eu\/es\/?s={search_term_string}"},"query-input":"required name=search_term_string"}],"inLanguage":"es"},{"@type":"Person","@id":"https:\/\/vof-news.eu\/es\/#\/schema\/person\/f6a2a4309f0561835797fd8c19b333ed","name":"Author","image":{"@type":"ImageObject","inLanguage":"es","@id":"https:\/\/vof-news.eu\/es\/#\/schema\/person\/image\/","url":"https:\/\/secure.gravatar.com\/avatar\/b67e614b1b25b3e9c0c239efdd2fde5ab015b5affd6f1c3c85911ca4b384e790?s=96&d=mm&r=g","contentUrl":"https:\/\/secure.gravatar.com\/avatar\/b67e614b1b25b3e9c0c239efdd2fde5ab015b5affd6f1c3c85911ca4b384e790?s=96&d=mm&r=g","caption":"Author"},"sameAs":["http:\/\/vof-news.eu"],"url":"https:\/\/vof-news.eu\/es\/author\/zwt6qxnjulxbnyg\/"}]}},"yoast_meta":{"yoast_wpseo_title":"","yoast_wpseo_metadesc":"","yoast_wpseo_canonical":""},"_links":{"self":[{"href":"https:\/\/vof-news.eu\/es\/wp-json\/wp\/v2\/posts\/333517","targetHints":{"allow":["GET"]}}],"collection":[{"href":"https:\/\/vof-news.eu\/es\/wp-json\/wp\/v2\/posts"}],"about":[{"href":"https:\/\/vof-news.eu\/es\/wp-json\/wp\/v2\/types\/post"}],"author":[{"embeddable":true,"href":"https:\/\/vof-news.eu\/es\/wp-json\/wp\/v2\/users\/1"}],"replies":[{"embeddable":true,"href":"https:\/\/vof-news.eu\/es\/wp-json\/wp\/v2\/comments?post=333517"}],"version-history":[{"count":1,"href":"https:\/\/vof-news.eu\/es\/wp-json\/wp\/v2\/posts\/333517\/revisions"}],"predecessor-version":[{"id":333520,"href":"https:\/\/vof-news.eu\/es\/wp-json\/wp\/v2\/posts\/333517\/revisions\/333520"}],"wp:featuredmedia":[{"embeddable":true,"href":"https:\/\/vof-news.eu\/es\/wp-json\/wp\/v2\/media\/333511"}],"wp:attachment":[{"href":"https:\/\/vof-news.eu\/es\/wp-json\/wp\/v2\/media?parent=333517"}],"wp:term":[{"taxonomy":"category","embeddable":true,"href":"https:\/\/vof-news.eu\/es\/wp-json\/wp\/v2\/categories?post=333517"},{"taxonomy":"post_tag","embeddable":true,"href":"https:\/\/vof-news.eu\/es\/wp-json\/wp\/v2\/tags?post=333517"}],"curies":[{"name":"wp","href":"https:\/\/api.w.org\/{rel}","templated":true}]}}