{"id":333496,"date":"2026-04-15T22:44:36","date_gmt":"2026-04-15T19:44:36","guid":{"rendered":"https:\/\/vof-news.eu\/pardo-de-vera-y-el-ex-secretario-general-de-puertos-destacan-la-influencia-de-aldama-en-el-ministerio-de-transportes\/"},"modified":"2026-04-15T22:44:53","modified_gmt":"2026-04-15T19:44:53","slug":"pardo-de-vera-y-el-ex-secretario-general-de-puertos-destacan-la-influencia-de-aldama-en-el-ministerio-de-transportes","status":"publish","type":"post","link":"https:\/\/vof-news.eu\/es\/pardo-de-vera-y-el-ex-secretario-general-de-puertos-destacan-la-influencia-de-aldama-en-el-ministerio-de-transportes\/","title":{"rendered":"Pardo de Vera y el ex secretario general de Puertos destacan la influencia de Aldama en el Ministerio de Transportes"},"content":{"rendered":"<div>\n<p>La sexta sesi\u00f3n del juicio de las mascarillas ha estado centrada en el contrato que el Ministerio de Transportes adjudic\u00f3 a la empresa de la trama <strong>Soluciones de Gesti\u00f3n<\/strong>, vinculada al empresario <strong>V\u00edctor de Aldama<\/strong>.<\/p>\n<p>La jornada comenz\u00f3 con la declaraci\u00f3n de la ex presidenta de <strong>Adif<\/strong>, <strong>Isabel Pardo de Vera<\/strong>, imputada en la <a href=\"https:\/\/www.elmundo.es\/e\/au\/audiencia-nacional.html\" rel=\"nofollow\">Audiencia Nacional<\/a> con esta misma causa de corrupci\u00f3n. En el Sal\u00f3n de Plenos del <a href=\"https:\/\/www.elmundo.es\/e\/tr\/tribunal-supremo.html\" rel=\"nofollow\">Tribunal Supremo<\/a> ha declarado, sin embargo, como testigo y ha manifestado que le extra\u00f1\u00f3 ver frecuentemente a Aldama en la planta tercera del Ministerio de Transportes, la del ministro.<\/p>\n<p>La extra\u00f1eza y el desconcierto era tal que se lo traslad\u00f3 a <strong>Jos\u00e9 Luis \u00c1balos<\/strong>, con quien ten\u00eda cierta confianza. \u00abLe cont\u00e9 que me preocupaba que muchas veces estuviera all\u00ed el se\u00f1or Aldama, porque no entend\u00eda su papel all\u00ed. Eso chocaba a los funcionarios. Me respondi\u00f3 que por supuesto no era normal y que tomaba nota. A partir de esa fecha no lo volv\u00ed a ver en el ministerio. No me dio explicaci\u00f3n. Lo achac\u00f3 a que era amigo de <strong>Koldo <\/strong>y que Koldo era de esa manera\u00bb, ha declarado Pardo de Vera.<\/p>\n<p>La testigo ha declarado adem\u00e1s que Koldo, el ex asesor del ministro \u00c1balos, era una persona \u00abpeculiar\u00bb por lo que ella decidi\u00f3 que era mejor despachar con \u00e9l directamente en vez de que lo hiciese su equipo en Adif. \u00abManejaba la agenda del ministro. Agendaba las citas. Era el interlocutor natural para hablar con el ministro\u00bb, ha indicado.<\/p>\n<p>La ex presidenta de Adif tambi\u00e9n ha sido interrogada por la contrataci\u00f3n de <strong>J\u00e9sica Rodr\u00edguez<\/strong>, ex amante del tambi\u00e9n ex secretario de Organizaci\u00f3n del <a href=\"https:\/\/www.elmundo.es\/e\/ps\/psoe-partido-socialista-obrero-espanol.html\" rel=\"nofollow\">PSOE<\/a>, en dos empresas p\u00fablicas dependientes de Transportes. Durante el interrogatorio, Pardo de Vera ha repetido en distintas ocasiones que \u00abno conoc\u00eda a esa se\u00f1ora\u00bb a la par que ha indicado que el ministro \u00abjam\u00e1s\u00bb la llam\u00f3 para colocarla en las empresas p\u00fablicas <strong>Ineco <\/strong>y <strong>Tragsa<\/strong>. \u00abEs imposible que el ministro me llamase por esta se\u00f1ora\u00bb, ha declarado. \u00abDeb\u00ed ser la \u00faltima en enterarme de que el ministro hab\u00eda tenido una relaci\u00f3n con esta persona\u00bb, ha agregado.<\/p>\n<p>Durante la sesi\u00f3n de este mi\u00e9rcoles tambi\u00e9n ha testificado el ex secretario general de Puertos del Estado <strong>\u00c1lvaro S\u00e1nchez Manzanares<\/strong>, destituido por haber ocultado, en una investigaci\u00f3n interna, sus contactos con el empresario Aldama. Al igual que Pardo de Vera, el testigo -tambi\u00e9n imputado en la Audiencia Nacional- ha confirmado el poder de influencia y la v\u00eda directa que ten\u00eda el empresario con \u00c1balos y Koldo.<\/p>\n<p>El fiscal jefe Anticorrupci\u00f3n,<strong> Alejandro Luz\u00f3n<\/strong>, le ha preguntado S\u00e1nchez Manzanares por qu\u00e9 enviaba al empresario acusado correos oficiales sobre las decisiones de comprar mascarillas, incluso la oferta de un competidor de la empresa de la trama. \u00abPara nosotros, Aldama estaba en la parte del ministerio. Estaba en estrecha relaci\u00f3n con el ministerio, con la gesti\u00f3n de los aviones\u00bb, ha respondido a Luz\u00f3n, que ha recogido esas palabras con satisfacci\u00f3n. \u00abLe he entendido perfectamente\u00bb, a\u00f1adi\u00f3 el fiscal.<\/p>\n<p>Adem\u00e1s, S\u00e1nchez Manzanares ha eludido su supuesta responsabilidad indicando que \u00e9l se limitaba a cumplir lo que le llegaba del ministerio. Si eran cuatro millones de mascarillas, pues cuatro; y si a los pocos minutos eran ocho, pues ocho. \u00ab\u00bfLa selecci\u00f3n de la empresa ven\u00eda decidida del ministerio?\u00bb. \u00abS\u00ed, se\u00f1or\u00bb, indic\u00f3 el testigo.<\/p>\n<p>El momento m\u00e1s inc\u00f3modo de su comparecencia se ha producido cuando el ex alto cargo de Puertos del Estado ha tenido que dar explicaciones sobre algunos correos llamativos cruzados con sus colaboradores en Puertos durante el proceso de compra de las mascarillas. En uno de esos mails escribi\u00f3: \u00abS\u00f3lo espero no acabar en el fondo del Manzanares con una losa de hormig\u00f3n\u00bb. \u00abEra broma para rebajar tensi\u00f3n en momentos dificil\u00edsimos, una broma m\u00e1s o menos afortunada\u00bb, ha indicado el testigo.<\/p>\n<p>\u00c9l mismo escribi\u00f3 otro: \u00abDespu\u00e9s de esto nos vamos a gestionar el c\u00e1rtel de Cali?\u00bb. \u00ab\u00bfQu\u00e9 sentido tiene?\u00bb, le ha preguntado el fiscal jefe. \u00abVisto ahora ninguno. Era una broma sacada de contexto no tiene sentido\u00bb, contest\u00f3.<\/p>\n<p>Por otro lado, ha comparecido este mi\u00e9rcoles en el Tribunal Supremo el ex director general de Organizaci\u00f3n e Inspecci\u00f3n del Ministerio de Transportes, <strong>Javier S\u00e1nchez Fuentefr\u00eda<\/strong>, quien ha declarado que la oferta de mascarillas de Soluciones de Gesti\u00f3n se la envi\u00f3 el ex subsecretario de Transportes. El testigo ha indicado que no conoc\u00eda otras ofertas pero ha manifestado que le dijeron que esta era \u00abla mejor\u00bb.<\/p>\n<p>Por su parte, el ex subsecretario <strong>Jes\u00fas Manuel G\u00f3mez<\/strong> declar\u00f3 ayer en el juicio que fue Koldo Garc\u00eda quien le transmiti\u00f3 la orden de comprar ocho millones de mascarillas -la oferta inicial era de cuatro millones- a Soluciones de Gesti\u00f3n. \u00abEntend\u00ed que me transmit\u00eda la decisi\u00f3n final del ministro y por eso \u00e9l luego firma la orden\u00bb, asegur\u00f3 el testigo.<\/p>\n<hr\/>\n<\/div>\n","protected":false},"excerpt":{"rendered":"<p>La sexta sesi\u00f3n del juicio de las mascarillas ha estado centrada en el contrato que el Ministerio de Transportes adjudic\u00f3 a la empresa de la trama Soluciones de Gesti\u00f3n, vinculada al empresario V\u00edctor de Aldama. La jornada comenz\u00f3 con la declaraci\u00f3n de la ex presidenta de Adif, Isabel Pardo de Vera, imputada en la Audiencia<\/p>\n","protected":false},"author":1,"featured_media":333490,"comment_status":"open","ping_status":"open","sticky":false,"template":"","format":"standard","meta":{"footnotes":""},"categories":[47],"tags":[],"class_list":["post-333496","post","type-post","status-publish","format-standard","has-post-thumbnail","hentry","category-interview-es"],"acf":[],"yoast_head":"<!-- This site is optimized with the Yoast SEO plugin v22.9 - https:\/\/yoast.com\/wordpress\/plugins\/seo\/ -->\n<title>Pardo de Vera y el ex secretario general de Puertos destacan la influencia de Aldama en el Ministerio de Transportes - vof-news.eu<\/title>\n<meta name=\"description\" content=\"La sexta sesi\u00f3n del juicio de las mascarillas ha estado centrada en el contrato que el Ministerio de Transportes adjudic\u00f3 a la empresa de la trama Soluciones de Gesti\u00f3n, vinculada al empresario V\u00edctor de Aldama.La jornada comenz\u00f3 con la declaraci\u00f3n de la ex presidenta de Adif, Isabel Pardo de Vera, imputada en la Audiencia Nacional con esta misma causa de corrupci\u00f3n. En el Sal\u00f3n de Plenos del Tribunal Supremo ha declarado, sin embargo, como testigo y ha manifestado que le extra\u00f1\u00f3 ver frecuentemente a Aldama en la planta tercera del Ministerio de Transportes, la del ministro.La extra\u00f1eza y el desconcierto era tal que se lo traslad\u00f3 a Jos\u00e9 Luis \u00c1balos, con quien ten\u00eda cierta confianza. &quot;Le cont\u00e9 que me preocupaba que muchas veces estuviera all\u00ed el se\u00f1or Aldama, porque no entend\u00eda su papel all\u00ed. Eso chocaba a los funcionarios. Me respondi\u00f3 que por supuesto no era normal y que tomaba nota. A partir de esa fecha no lo volv\u00ed a ver en el ministerio. No me dio explicaci\u00f3n. Lo achac\u00f3 a que era amigo de Koldo y que Koldo era de esa manera&quot;, ha declarado Pardo de Vera.La testigo ha declarado adem\u00e1s que Koldo, el ex asesor del ministro \u00c1balos, era una persona &quot;peculiar&quot; por lo que ella decidi\u00f3 que era mejor despachar con \u00e9l directamente en vez de que lo hiciese su equipo en Adif. &quot;Manejaba la agenda del ministro. Agendaba las citas. Era el interlocutor natural para hablar con el ministro&quot;, ha indicado.La ex presidenta de Adif tambi\u00e9n ha sido interrogada por la contrataci\u00f3n de J\u00e9sica Rodr\u00edguez, ex amante del tambi\u00e9n ex secretario de Organizaci\u00f3n del PSOE, en dos empresas p\u00fablicas dependientes de Transportes. Durante el interrogatorio, Pardo de Vera ha repetido en distintas ocasiones que &quot;no conoc\u00eda a esa se\u00f1ora&quot; a la par que ha indicado que el ministro &quot;jam\u00e1s&quot; la llam\u00f3 para colocarla en las empresas p\u00fablicas Ineco y Tragsa. &quot;Es imposible que el ministro me llamase por esta se\u00f1ora&quot;, ha declarado. &quot;Deb\u00ed ser la \u00faltima en enterarme de que el ministro hab\u00eda tenido una relaci\u00f3n con esta persona&quot;, ha agregado.Durante la sesi\u00f3n de este mi\u00e9rcoles tambi\u00e9n ha testificado el ex secretario general de Puertos del Estado \u00c1lvaro S\u00e1nchez Manzanares, destituido por haber ocultado, en una investigaci\u00f3n interna, sus contactos con el empresario Aldama. Al igual que Pardo de Vera, el testigo -tambi\u00e9n imputado en la Audiencia Nacional- ha confirmado el poder de influencia y la v\u00eda directa que ten\u00eda el empresario con \u00c1balos y Koldo.El fiscal jefe Anticorrupci\u00f3n, Alejandro Luz\u00f3n, le ha preguntado S\u00e1nchez Manzanares por qu\u00e9 enviaba al empresario acusado correos oficiales sobre las decisiones de comprar mascarillas, incluso la oferta de un competidor de la empresa de la trama. &quot;Para nosotros, Aldama estaba en la parte del ministerio. Estaba en estrecha relaci\u00f3n con el ministerio, con la gesti\u00f3n de los aviones&quot;, ha respondido a Luz\u00f3n, que ha recogido esas palabras con satisfacci\u00f3n. &quot;Le he entendido perfectamente&quot;, a\u00f1adi\u00f3 el fiscal.Adem\u00e1s, S\u00e1nchez Manzanares ha eludido su supuesta responsabilidad indicando que \u00e9l se limitaba a cumplir lo que le llegaba del ministerio. Si eran cuatro millones de mascarillas, pues cuatro; y si a los pocos minutos eran ocho, pues ocho. &quot;\u00bfLa selecci\u00f3n de la empresa ven\u00eda decidida del ministerio?&quot;. &quot;S\u00ed, se\u00f1or&quot;, indic\u00f3 el testigo.El momento m\u00e1s inc\u00f3modo de su comparecencia se ha producido cuando el ex alto cargo de Puertos del Estado ha tenido que dar explicaciones sobre algunos correos llamativos cruzados con sus colaboradores en Puertos durante el proceso de compra de las mascarillas. En uno de esos mails escribi\u00f3: &quot;S\u00f3lo espero no acabar en el fondo del Manzanares con una losa de hormig\u00f3n&quot;. &quot;Era broma para rebajar tensi\u00f3n en momentos dificil\u00edsimos, una broma m\u00e1s o menos afortunada&quot;, ha indicado el testigo.\u00c9l mismo escribi\u00f3 otro: &quot;Despu\u00e9s de esto nos vamos a gestionar el c\u00e1rtel de Cali?&quot;. &quot;\u00bfQu\u00e9 sentido tiene?&quot;, le ha preguntado el fiscal jefe. &quot;Visto ahora ninguno. Era una broma sacada de contexto no tiene sentido&quot;, contest\u00f3.Por otro lado, ha comparecido este mi\u00e9rcoles en el Tribunal Supremo el ex director general de Organizaci\u00f3n e Inspecci\u00f3n del Ministerio de Transportes, Javier S\u00e1nchez Fuentefr\u00eda, quien ha declarado que la oferta de mascarillas de Soluciones de Gesti\u00f3n se la envi\u00f3 el ex subsecretario de Transportes. El testigo ha indicado que no conoc\u00eda otras ofertas pero ha manifestado que le dijeron que esta era &quot;la mejor&quot;.Por su parte, el ex subsecretario Jes\u00fas Manuel G\u00f3mez declar\u00f3 ayer en el juicio que fue Koldo Garc\u00eda quien le transmiti\u00f3 la orden de comprar ocho millones de mascarillas -la oferta inicial era de cuatro millones- a Soluciones de Gesti\u00f3n. &quot;Entend\u00ed que me transmit\u00eda la decisi\u00f3n final del ministro y por eso \u00e9l luego firma la orden&quot;, asegur\u00f3 el testigo.\" \/>\n<meta name=\"robots\" content=\"noindex, follow, max-snippet:-1, max-image-preview:large, max-video-preview:-1\" \/>\n<meta property=\"og:locale\" content=\"es_ES\" \/>\n<meta property=\"og:type\" content=\"article\" \/>\n<meta property=\"og:title\" content=\"Pardo de Vera y el ex secretario general de Puertos destacan la influencia de Aldama en el Ministerio de Transportes - vof-news.eu\" \/>\n<meta property=\"og:description\" content=\"La sexta sesi\u00f3n del juicio de las mascarillas ha estado centrada en el contrato que el Ministerio de Transportes adjudic\u00f3 a la empresa de la trama Soluciones de Gesti\u00f3n, vinculada al empresario V\u00edctor de Aldama.La jornada comenz\u00f3 con la declaraci\u00f3n de la ex presidenta de Adif, Isabel Pardo de Vera, imputada en la Audiencia Nacional con esta misma causa de corrupci\u00f3n. En el Sal\u00f3n de Plenos del Tribunal Supremo ha declarado, sin embargo, como testigo y ha manifestado que le extra\u00f1\u00f3 ver frecuentemente a Aldama en la planta tercera del Ministerio de Transportes, la del ministro.La extra\u00f1eza y el desconcierto era tal que se lo traslad\u00f3 a Jos\u00e9 Luis \u00c1balos, con quien ten\u00eda cierta confianza. &quot;Le cont\u00e9 que me preocupaba que muchas veces estuviera all\u00ed el se\u00f1or Aldama, porque no entend\u00eda su papel all\u00ed. Eso chocaba a los funcionarios. Me respondi\u00f3 que por supuesto no era normal y que tomaba nota. A partir de esa fecha no lo volv\u00ed a ver en el ministerio. No me dio explicaci\u00f3n. Lo achac\u00f3 a que era amigo de Koldo y que Koldo era de esa manera&quot;, ha declarado Pardo de Vera.La testigo ha declarado adem\u00e1s que Koldo, el ex asesor del ministro \u00c1balos, era una persona &quot;peculiar&quot; por lo que ella decidi\u00f3 que era mejor despachar con \u00e9l directamente en vez de que lo hiciese su equipo en Adif. &quot;Manejaba la agenda del ministro. Agendaba las citas. Era el interlocutor natural para hablar con el ministro&quot;, ha indicado.La ex presidenta de Adif tambi\u00e9n ha sido interrogada por la contrataci\u00f3n de J\u00e9sica Rodr\u00edguez, ex amante del tambi\u00e9n ex secretario de Organizaci\u00f3n del PSOE, en dos empresas p\u00fablicas dependientes de Transportes. Durante el interrogatorio, Pardo de Vera ha repetido en distintas ocasiones que &quot;no conoc\u00eda a esa se\u00f1ora&quot; a la par que ha indicado que el ministro &quot;jam\u00e1s&quot; la llam\u00f3 para colocarla en las empresas p\u00fablicas Ineco y Tragsa. &quot;Es imposible que el ministro me llamase por esta se\u00f1ora&quot;, ha declarado. &quot;Deb\u00ed ser la \u00faltima en enterarme de que el ministro hab\u00eda tenido una relaci\u00f3n con esta persona&quot;, ha agregado.Durante la sesi\u00f3n de este mi\u00e9rcoles tambi\u00e9n ha testificado el ex secretario general de Puertos del Estado \u00c1lvaro S\u00e1nchez Manzanares, destituido por haber ocultado, en una investigaci\u00f3n interna, sus contactos con el empresario Aldama. Al igual que Pardo de Vera, el testigo -tambi\u00e9n imputado en la Audiencia Nacional- ha confirmado el poder de influencia y la v\u00eda directa que ten\u00eda el empresario con \u00c1balos y Koldo.El fiscal jefe Anticorrupci\u00f3n, Alejandro Luz\u00f3n, le ha preguntado S\u00e1nchez Manzanares por qu\u00e9 enviaba al empresario acusado correos oficiales sobre las decisiones de comprar mascarillas, incluso la oferta de un competidor de la empresa de la trama. &quot;Para nosotros, Aldama estaba en la parte del ministerio. Estaba en estrecha relaci\u00f3n con el ministerio, con la gesti\u00f3n de los aviones&quot;, ha respondido a Luz\u00f3n, que ha recogido esas palabras con satisfacci\u00f3n. &quot;Le he entendido perfectamente&quot;, a\u00f1adi\u00f3 el fiscal.Adem\u00e1s, S\u00e1nchez Manzanares ha eludido su supuesta responsabilidad indicando que \u00e9l se limitaba a cumplir lo que le llegaba del ministerio. Si eran cuatro millones de mascarillas, pues cuatro; y si a los pocos minutos eran ocho, pues ocho. &quot;\u00bfLa selecci\u00f3n de la empresa ven\u00eda decidida del ministerio?&quot;. &quot;S\u00ed, se\u00f1or&quot;, indic\u00f3 el testigo.El momento m\u00e1s inc\u00f3modo de su comparecencia se ha producido cuando el ex alto cargo de Puertos del Estado ha tenido que dar explicaciones sobre algunos correos llamativos cruzados con sus colaboradores en Puertos durante el proceso de compra de las mascarillas. En uno de esos mails escribi\u00f3: &quot;S\u00f3lo espero no acabar en el fondo del Manzanares con una losa de hormig\u00f3n&quot;. &quot;Era broma para rebajar tensi\u00f3n en momentos dificil\u00edsimos, una broma m\u00e1s o menos afortunada&quot;, ha indicado el testigo.\u00c9l mismo escribi\u00f3 otro: &quot;Despu\u00e9s de esto nos vamos a gestionar el c\u00e1rtel de Cali?&quot;. &quot;\u00bfQu\u00e9 sentido tiene?&quot;, le ha preguntado el fiscal jefe. &quot;Visto ahora ninguno. Era una broma sacada de contexto no tiene sentido&quot;, contest\u00f3.Por otro lado, ha comparecido este mi\u00e9rcoles en el Tribunal Supremo el ex director general de Organizaci\u00f3n e Inspecci\u00f3n del Ministerio de Transportes, Javier S\u00e1nchez Fuentefr\u00eda, quien ha declarado que la oferta de mascarillas de Soluciones de Gesti\u00f3n se la envi\u00f3 el ex subsecretario de Transportes. El testigo ha indicado que no conoc\u00eda otras ofertas pero ha manifestado que le dijeron que esta era &quot;la mejor&quot;.Por su parte, el ex subsecretario Jes\u00fas Manuel G\u00f3mez declar\u00f3 ayer en el juicio que fue Koldo Garc\u00eda quien le transmiti\u00f3 la orden de comprar ocho millones de mascarillas -la oferta inicial era de cuatro millones- a Soluciones de Gesti\u00f3n. &quot;Entend\u00ed que me transmit\u00eda la decisi\u00f3n final del ministro y por eso \u00e9l luego firma la orden&quot;, asegur\u00f3 el testigo.\" \/>\n<meta property=\"og:url\" content=\"https:\/\/vof-news.eu\/es\/pardo-de-vera-y-el-ex-secretario-general-de-puertos-destacan-la-influencia-de-aldama-en-el-ministerio-de-transportes\/\" \/>\n<meta property=\"og:site_name\" content=\"vof-news.eu\" \/>\n<meta property=\"article:published_time\" content=\"2026-04-15T19:44:36+00:00\" \/>\n<meta property=\"article:modified_time\" content=\"2026-04-15T19:44:53+00:00\" \/>\n<meta property=\"og:image\" content=\"https:\/\/vof-news.eu\/wp-content\/uploads\/2026\/04\/17762807410868.jpg\" \/>\n\t<meta property=\"og:image:width\" content=\"1366\" \/>\n\t<meta property=\"og:image:height\" content=\"911\" \/>\n\t<meta property=\"og:image:type\" content=\"image\/jpeg\" \/>\n<meta name=\"author\" content=\"Author\" \/>\n<meta name=\"twitter:card\" content=\"summary_large_image\" \/>\n<meta name=\"twitter:label1\" content=\"Escrito por\" \/>\n\t<meta name=\"twitter:data1\" content=\"Author\" \/>\n\t<meta name=\"twitter:label2\" content=\"Tiempo de lectura\" \/>\n\t<meta name=\"twitter:data2\" content=\"4 minutos\" \/>\n<script type=\"application\/ld+json\" class=\"yoast-schema-graph\">{\"@context\":\"https:\/\/schema.org\",\"@graph\":[{\"@type\":\"WebPage\",\"@id\":\"https:\/\/vof-news.eu\/es\/pardo-de-vera-y-el-ex-secretario-general-de-puertos-destacan-la-influencia-de-aldama-en-el-ministerio-de-transportes\/\",\"url\":\"https:\/\/vof-news.eu\/es\/pardo-de-vera-y-el-ex-secretario-general-de-puertos-destacan-la-influencia-de-aldama-en-el-ministerio-de-transportes\/\",\"name\":\"Pardo de Vera y el ex secretario general de Puertos destacan la influencia de Aldama en el Ministerio de Transportes - vof-news.eu\",\"isPartOf\":{\"@id\":\"https:\/\/vof-news.eu\/es\/#website\"},\"primaryImageOfPage\":{\"@id\":\"https:\/\/vof-news.eu\/es\/pardo-de-vera-y-el-ex-secretario-general-de-puertos-destacan-la-influencia-de-aldama-en-el-ministerio-de-transportes\/#primaryimage\"},\"image\":{\"@id\":\"https:\/\/vof-news.eu\/es\/pardo-de-vera-y-el-ex-secretario-general-de-puertos-destacan-la-influencia-de-aldama-en-el-ministerio-de-transportes\/#primaryimage\"},\"thumbnailUrl\":\"https:\/\/vof-news.eu\/wp-content\/uploads\/2026\/04\/17762807410868.jpg\",\"datePublished\":\"2026-04-15T19:44:36+00:00\",\"dateModified\":\"2026-04-15T19:44:53+00:00\",\"author\":{\"@id\":\"https:\/\/vof-news.eu\/es\/#\/schema\/person\/f6a2a4309f0561835797fd8c19b333ed\"},\"description\":\"La sexta sesi\u00f3n del juicio de las mascarillas ha estado centrada en el contrato que el Ministerio de Transportes adjudic\u00f3 a la empresa de la trama Soluciones de Gesti\u00f3n, vinculada al empresario V\u00edctor de Aldama.La jornada comenz\u00f3 con la declaraci\u00f3n de la ex presidenta de Adif, Isabel Pardo de Vera, imputada en la Audiencia Nacional con esta misma causa de corrupci\u00f3n. En el Sal\u00f3n de Plenos del Tribunal Supremo ha declarado, sin embargo, como testigo y ha manifestado que le extra\u00f1\u00f3 ver frecuentemente a Aldama en la planta tercera del Ministerio de Transportes, la del ministro.La extra\u00f1eza y el desconcierto era tal que se lo traslad\u00f3 a Jos\u00e9 Luis \u00c1balos, con quien ten\u00eda cierta confianza. \\\"Le cont\u00e9 que me preocupaba que muchas veces estuviera all\u00ed el se\u00f1or Aldama, porque no entend\u00eda su papel all\u00ed. Eso chocaba a los funcionarios. Me respondi\u00f3 que por supuesto no era normal y que tomaba nota. A partir de esa fecha no lo volv\u00ed a ver en el ministerio. No me dio explicaci\u00f3n. Lo achac\u00f3 a que era amigo de Koldo y que Koldo era de esa manera\\\", ha declarado Pardo de Vera.La testigo ha declarado adem\u00e1s que Koldo, el ex asesor del ministro \u00c1balos, era una persona \\\"peculiar\\\" por lo que ella decidi\u00f3 que era mejor despachar con \u00e9l directamente en vez de que lo hiciese su equipo en Adif. \\\"Manejaba la agenda del ministro. Agendaba las citas. Era el interlocutor natural para hablar con el ministro\\\", ha indicado.La ex presidenta de Adif tambi\u00e9n ha sido interrogada por la contrataci\u00f3n de J\u00e9sica Rodr\u00edguez, ex amante del tambi\u00e9n ex secretario de Organizaci\u00f3n del PSOE, en dos empresas p\u00fablicas dependientes de Transportes. Durante el interrogatorio, Pardo de Vera ha repetido en distintas ocasiones que \\\"no conoc\u00eda a esa se\u00f1ora\\\" a la par que ha indicado que el ministro \\\"jam\u00e1s\\\" la llam\u00f3 para colocarla en las empresas p\u00fablicas Ineco y Tragsa. \\\"Es imposible que el ministro me llamase por esta se\u00f1ora\\\", ha declarado. \\\"Deb\u00ed ser la \u00faltima en enterarme de que el ministro hab\u00eda tenido una relaci\u00f3n con esta persona\\\", ha agregado.Durante la sesi\u00f3n de este mi\u00e9rcoles tambi\u00e9n ha testificado el ex secretario general de Puertos del Estado \u00c1lvaro S\u00e1nchez Manzanares, destituido por haber ocultado, en una investigaci\u00f3n interna, sus contactos con el empresario Aldama. Al igual que Pardo de Vera, el testigo -tambi\u00e9n imputado en la Audiencia Nacional- ha confirmado el poder de influencia y la v\u00eda directa que ten\u00eda el empresario con \u00c1balos y Koldo.El fiscal jefe Anticorrupci\u00f3n, Alejandro Luz\u00f3n, le ha preguntado S\u00e1nchez Manzanares por qu\u00e9 enviaba al empresario acusado correos oficiales sobre las decisiones de comprar mascarillas, incluso la oferta de un competidor de la empresa de la trama. \\\"Para nosotros, Aldama estaba en la parte del ministerio. Estaba en estrecha relaci\u00f3n con el ministerio, con la gesti\u00f3n de los aviones\\\", ha respondido a Luz\u00f3n, que ha recogido esas palabras con satisfacci\u00f3n. \\\"Le he entendido perfectamente\\\", a\u00f1adi\u00f3 el fiscal.Adem\u00e1s, S\u00e1nchez Manzanares ha eludido su supuesta responsabilidad indicando que \u00e9l se limitaba a cumplir lo que le llegaba del ministerio. Si eran cuatro millones de mascarillas, pues cuatro; y si a los pocos minutos eran ocho, pues ocho. \\\"\u00bfLa selecci\u00f3n de la empresa ven\u00eda decidida del ministerio?\\\". \\\"S\u00ed, se\u00f1or\\\", indic\u00f3 el testigo.El momento m\u00e1s inc\u00f3modo de su comparecencia se ha producido cuando el ex alto cargo de Puertos del Estado ha tenido que dar explicaciones sobre algunos correos llamativos cruzados con sus colaboradores en Puertos durante el proceso de compra de las mascarillas. En uno de esos mails escribi\u00f3: \\\"S\u00f3lo espero no acabar en el fondo del Manzanares con una losa de hormig\u00f3n\\\". \\\"Era broma para rebajar tensi\u00f3n en momentos dificil\u00edsimos, una broma m\u00e1s o menos afortunada\\\", ha indicado el testigo.\u00c9l mismo escribi\u00f3 otro: \\\"Despu\u00e9s de esto nos vamos a gestionar el c\u00e1rtel de Cali?\\\". \\\"\u00bfQu\u00e9 sentido tiene?\\\", le ha preguntado el fiscal jefe. \\\"Visto ahora ninguno. Era una broma sacada de contexto no tiene sentido\\\", contest\u00f3.Por otro lado, ha comparecido este mi\u00e9rcoles en el Tribunal Supremo el ex director general de Organizaci\u00f3n e Inspecci\u00f3n del Ministerio de Transportes, Javier S\u00e1nchez Fuentefr\u00eda, quien ha declarado que la oferta de mascarillas de Soluciones de Gesti\u00f3n se la envi\u00f3 el ex subsecretario de Transportes. El testigo ha indicado que no conoc\u00eda otras ofertas pero ha manifestado que le dijeron que esta era \\\"la mejor\\\".Por su parte, el ex subsecretario Jes\u00fas Manuel G\u00f3mez declar\u00f3 ayer en el juicio que fue Koldo Garc\u00eda quien le transmiti\u00f3 la orden de comprar ocho millones de mascarillas -la oferta inicial era de cuatro millones- a Soluciones de Gesti\u00f3n. \\\"Entend\u00ed que me transmit\u00eda la decisi\u00f3n final del ministro y por eso \u00e9l luego firma la orden\\\", asegur\u00f3 el testigo.\",\"breadcrumb\":{\"@id\":\"https:\/\/vof-news.eu\/es\/pardo-de-vera-y-el-ex-secretario-general-de-puertos-destacan-la-influencia-de-aldama-en-el-ministerio-de-transportes\/#breadcrumb\"},\"inLanguage\":\"es\",\"potentialAction\":[{\"@type\":\"ReadAction\",\"target\":[\"https:\/\/vof-news.eu\/es\/pardo-de-vera-y-el-ex-secretario-general-de-puertos-destacan-la-influencia-de-aldama-en-el-ministerio-de-transportes\/\"]}]},{\"@type\":\"ImageObject\",\"inLanguage\":\"es\",\"@id\":\"https:\/\/vof-news.eu\/es\/pardo-de-vera-y-el-ex-secretario-general-de-puertos-destacan-la-influencia-de-aldama-en-el-ministerio-de-transportes\/#primaryimage\",\"url\":\"https:\/\/vof-news.eu\/wp-content\/uploads\/2026\/04\/17762807410868.jpg\",\"contentUrl\":\"https:\/\/vof-news.eu\/wp-content\/uploads\/2026\/04\/17762807410868.jpg\",\"width\":1366,\"height\":911,\"caption\":\"MADRID, 15\/04\/2026.- La expresidenta de Adif Isabel Pardo de Vera se marcha este mi\u00e9rcoles tras declarar en la sesi\u00f3n del juicio del caso Koldo y \u00c1balos en el Tribunal Supremo, en Madrid. Pardo de Vera ha negado presiones del exministro Jose Luis \u00c1balos para contratar a su expareja J\u00e9ssica Rodr\u00edguez en Ineco pues solo reenvi\u00f3 su curr\u00edculum y que cuando m\u00e1s tarde se enter\u00f3 de quien era, le dijo al exdiputado que no pod\u00eda ser contratada despu\u00e9s en Tragsatec. EFE\/ V\u00edctor Lerena\"},{\"@type\":\"BreadcrumbList\",\"@id\":\"https:\/\/vof-news.eu\/es\/pardo-de-vera-y-el-ex-secretario-general-de-puertos-destacan-la-influencia-de-aldama-en-el-ministerio-de-transportes\/#breadcrumb\",\"itemListElement\":[{\"@type\":\"ListItem\",\"position\":1,\"name\":\"Home\",\"item\":\"https:\/\/vof-news.eu\/es\/\"},{\"@type\":\"ListItem\",\"position\":2,\"name\":\"Pardo de Vera y el ex secretario general de Puertos destacan la influencia de Aldama en el Ministerio de Transportes\"}]},{\"@type\":\"WebSite\",\"@id\":\"https:\/\/vof-news.eu\/es\/#website\",\"url\":\"https:\/\/vof-news.eu\/es\/\",\"name\":\"vof-news.eu\",\"description\":\"\",\"potentialAction\":[{\"@type\":\"SearchAction\",\"target\":{\"@type\":\"EntryPoint\",\"urlTemplate\":\"https:\/\/vof-news.eu\/es\/?s={search_term_string}\"},\"query-input\":\"required name=search_term_string\"}],\"inLanguage\":\"es\"},{\"@type\":\"Person\",\"@id\":\"https:\/\/vof-news.eu\/es\/#\/schema\/person\/f6a2a4309f0561835797fd8c19b333ed\",\"name\":\"Author\",\"image\":{\"@type\":\"ImageObject\",\"inLanguage\":\"es\",\"@id\":\"https:\/\/vof-news.eu\/es\/#\/schema\/person\/image\/\",\"url\":\"https:\/\/secure.gravatar.com\/avatar\/b67e614b1b25b3e9c0c239efdd2fde5ab015b5affd6f1c3c85911ca4b384e790?s=96&d=mm&r=g\",\"contentUrl\":\"https:\/\/secure.gravatar.com\/avatar\/b67e614b1b25b3e9c0c239efdd2fde5ab015b5affd6f1c3c85911ca4b384e790?s=96&d=mm&r=g\",\"caption\":\"Author\"},\"sameAs\":[\"http:\/\/vof-news.eu\"],\"url\":\"https:\/\/vof-news.eu\/es\/author\/zwt6qxnjulxbnyg\/\"}]}<\/script>\n<!-- \/ Yoast SEO plugin. -->","yoast_head_json":{"title":"Pardo de Vera y el ex secretario general de Puertos destacan la influencia de Aldama en el Ministerio de Transportes - vof-news.eu","description":"La sexta sesi\u00f3n del juicio de las mascarillas ha estado centrada en el contrato que el Ministerio de Transportes adjudic\u00f3 a la empresa de la trama Soluciones de Gesti\u00f3n, vinculada al empresario V\u00edctor de Aldama.La jornada comenz\u00f3 con la declaraci\u00f3n de la ex presidenta de Adif, Isabel Pardo de Vera, imputada en la Audiencia Nacional con esta misma causa de corrupci\u00f3n. En el Sal\u00f3n de Plenos del Tribunal Supremo ha declarado, sin embargo, como testigo y ha manifestado que le extra\u00f1\u00f3 ver frecuentemente a Aldama en la planta tercera del Ministerio de Transportes, la del ministro.La extra\u00f1eza y el desconcierto era tal que se lo traslad\u00f3 a Jos\u00e9 Luis \u00c1balos, con quien ten\u00eda cierta confianza. \"Le cont\u00e9 que me preocupaba que muchas veces estuviera all\u00ed el se\u00f1or Aldama, porque no entend\u00eda su papel all\u00ed. Eso chocaba a los funcionarios. Me respondi\u00f3 que por supuesto no era normal y que tomaba nota. A partir de esa fecha no lo volv\u00ed a ver en el ministerio. No me dio explicaci\u00f3n. Lo achac\u00f3 a que era amigo de Koldo y que Koldo era de esa manera\", ha declarado Pardo de Vera.La testigo ha declarado adem\u00e1s que Koldo, el ex asesor del ministro \u00c1balos, era una persona \"peculiar\" por lo que ella decidi\u00f3 que era mejor despachar con \u00e9l directamente en vez de que lo hiciese su equipo en Adif. \"Manejaba la agenda del ministro. Agendaba las citas. Era el interlocutor natural para hablar con el ministro\", ha indicado.La ex presidenta de Adif tambi\u00e9n ha sido interrogada por la contrataci\u00f3n de J\u00e9sica Rodr\u00edguez, ex amante del tambi\u00e9n ex secretario de Organizaci\u00f3n del PSOE, en dos empresas p\u00fablicas dependientes de Transportes. Durante el interrogatorio, Pardo de Vera ha repetido en distintas ocasiones que \"no conoc\u00eda a esa se\u00f1ora\" a la par que ha indicado que el ministro \"jam\u00e1s\" la llam\u00f3 para colocarla en las empresas p\u00fablicas Ineco y Tragsa. \"Es imposible que el ministro me llamase por esta se\u00f1ora\", ha declarado. \"Deb\u00ed ser la \u00faltima en enterarme de que el ministro hab\u00eda tenido una relaci\u00f3n con esta persona\", ha agregado.Durante la sesi\u00f3n de este mi\u00e9rcoles tambi\u00e9n ha testificado el ex secretario general de Puertos del Estado \u00c1lvaro S\u00e1nchez Manzanares, destituido por haber ocultado, en una investigaci\u00f3n interna, sus contactos con el empresario Aldama. Al igual que Pardo de Vera, el testigo -tambi\u00e9n imputado en la Audiencia Nacional- ha confirmado el poder de influencia y la v\u00eda directa que ten\u00eda el empresario con \u00c1balos y Koldo.El fiscal jefe Anticorrupci\u00f3n, Alejandro Luz\u00f3n, le ha preguntado S\u00e1nchez Manzanares por qu\u00e9 enviaba al empresario acusado correos oficiales sobre las decisiones de comprar mascarillas, incluso la oferta de un competidor de la empresa de la trama. \"Para nosotros, Aldama estaba en la parte del ministerio. Estaba en estrecha relaci\u00f3n con el ministerio, con la gesti\u00f3n de los aviones\", ha respondido a Luz\u00f3n, que ha recogido esas palabras con satisfacci\u00f3n. \"Le he entendido perfectamente\", a\u00f1adi\u00f3 el fiscal.Adem\u00e1s, S\u00e1nchez Manzanares ha eludido su supuesta responsabilidad indicando que \u00e9l se limitaba a cumplir lo que le llegaba del ministerio. Si eran cuatro millones de mascarillas, pues cuatro; y si a los pocos minutos eran ocho, pues ocho. \"\u00bfLa selecci\u00f3n de la empresa ven\u00eda decidida del ministerio?\". \"S\u00ed, se\u00f1or\", indic\u00f3 el testigo.El momento m\u00e1s inc\u00f3modo de su comparecencia se ha producido cuando el ex alto cargo de Puertos del Estado ha tenido que dar explicaciones sobre algunos correos llamativos cruzados con sus colaboradores en Puertos durante el proceso de compra de las mascarillas. En uno de esos mails escribi\u00f3: \"S\u00f3lo espero no acabar en el fondo del Manzanares con una losa de hormig\u00f3n\". \"Era broma para rebajar tensi\u00f3n en momentos dificil\u00edsimos, una broma m\u00e1s o menos afortunada\", ha indicado el testigo.\u00c9l mismo escribi\u00f3 otro: \"Despu\u00e9s de esto nos vamos a gestionar el c\u00e1rtel de Cali?\". \"\u00bfQu\u00e9 sentido tiene?\", le ha preguntado el fiscal jefe. \"Visto ahora ninguno. Era una broma sacada de contexto no tiene sentido\", contest\u00f3.Por otro lado, ha comparecido este mi\u00e9rcoles en el Tribunal Supremo el ex director general de Organizaci\u00f3n e Inspecci\u00f3n del Ministerio de Transportes, Javier S\u00e1nchez Fuentefr\u00eda, quien ha declarado que la oferta de mascarillas de Soluciones de Gesti\u00f3n se la envi\u00f3 el ex subsecretario de Transportes. El testigo ha indicado que no conoc\u00eda otras ofertas pero ha manifestado que le dijeron que esta era \"la mejor\".Por su parte, el ex subsecretario Jes\u00fas Manuel G\u00f3mez declar\u00f3 ayer en el juicio que fue Koldo Garc\u00eda quien le transmiti\u00f3 la orden de comprar ocho millones de mascarillas -la oferta inicial era de cuatro millones- a Soluciones de Gesti\u00f3n. \"Entend\u00ed que me transmit\u00eda la decisi\u00f3n final del ministro y por eso \u00e9l luego firma la orden\", asegur\u00f3 el testigo.","robots":{"index":"noindex","follow":"follow","max-snippet":"max-snippet:-1","max-image-preview":"max-image-preview:large","max-video-preview":"max-video-preview:-1"},"og_locale":"es_ES","og_type":"article","og_title":"Pardo de Vera y el ex secretario general de Puertos destacan la influencia de Aldama en el Ministerio de Transportes - vof-news.eu","og_description":"La sexta sesi\u00f3n del juicio de las mascarillas ha estado centrada en el contrato que el Ministerio de Transportes adjudic\u00f3 a la empresa de la trama Soluciones de Gesti\u00f3n, vinculada al empresario V\u00edctor de Aldama.La jornada comenz\u00f3 con la declaraci\u00f3n de la ex presidenta de Adif, Isabel Pardo de Vera, imputada en la Audiencia Nacional con esta misma causa de corrupci\u00f3n. En el Sal\u00f3n de Plenos del Tribunal Supremo ha declarado, sin embargo, como testigo y ha manifestado que le extra\u00f1\u00f3 ver frecuentemente a Aldama en la planta tercera del Ministerio de Transportes, la del ministro.La extra\u00f1eza y el desconcierto era tal que se lo traslad\u00f3 a Jos\u00e9 Luis \u00c1balos, con quien ten\u00eda cierta confianza. \"Le cont\u00e9 que me preocupaba que muchas veces estuviera all\u00ed el se\u00f1or Aldama, porque no entend\u00eda su papel all\u00ed. Eso chocaba a los funcionarios. Me respondi\u00f3 que por supuesto no era normal y que tomaba nota. A partir de esa fecha no lo volv\u00ed a ver en el ministerio. No me dio explicaci\u00f3n. Lo achac\u00f3 a que era amigo de Koldo y que Koldo era de esa manera\", ha declarado Pardo de Vera.La testigo ha declarado adem\u00e1s que Koldo, el ex asesor del ministro \u00c1balos, era una persona \"peculiar\" por lo que ella decidi\u00f3 que era mejor despachar con \u00e9l directamente en vez de que lo hiciese su equipo en Adif. \"Manejaba la agenda del ministro. Agendaba las citas. Era el interlocutor natural para hablar con el ministro\", ha indicado.La ex presidenta de Adif tambi\u00e9n ha sido interrogada por la contrataci\u00f3n de J\u00e9sica Rodr\u00edguez, ex amante del tambi\u00e9n ex secretario de Organizaci\u00f3n del PSOE, en dos empresas p\u00fablicas dependientes de Transportes. Durante el interrogatorio, Pardo de Vera ha repetido en distintas ocasiones que \"no conoc\u00eda a esa se\u00f1ora\" a la par que ha indicado que el ministro \"jam\u00e1s\" la llam\u00f3 para colocarla en las empresas p\u00fablicas Ineco y Tragsa. \"Es imposible que el ministro me llamase por esta se\u00f1ora\", ha declarado. \"Deb\u00ed ser la \u00faltima en enterarme de que el ministro hab\u00eda tenido una relaci\u00f3n con esta persona\", ha agregado.Durante la sesi\u00f3n de este mi\u00e9rcoles tambi\u00e9n ha testificado el ex secretario general de Puertos del Estado \u00c1lvaro S\u00e1nchez Manzanares, destituido por haber ocultado, en una investigaci\u00f3n interna, sus contactos con el empresario Aldama. Al igual que Pardo de Vera, el testigo -tambi\u00e9n imputado en la Audiencia Nacional- ha confirmado el poder de influencia y la v\u00eda directa que ten\u00eda el empresario con \u00c1balos y Koldo.El fiscal jefe Anticorrupci\u00f3n, Alejandro Luz\u00f3n, le ha preguntado S\u00e1nchez Manzanares por qu\u00e9 enviaba al empresario acusado correos oficiales sobre las decisiones de comprar mascarillas, incluso la oferta de un competidor de la empresa de la trama. \"Para nosotros, Aldama estaba en la parte del ministerio. Estaba en estrecha relaci\u00f3n con el ministerio, con la gesti\u00f3n de los aviones\", ha respondido a Luz\u00f3n, que ha recogido esas palabras con satisfacci\u00f3n. \"Le he entendido perfectamente\", a\u00f1adi\u00f3 el fiscal.Adem\u00e1s, S\u00e1nchez Manzanares ha eludido su supuesta responsabilidad indicando que \u00e9l se limitaba a cumplir lo que le llegaba del ministerio. Si eran cuatro millones de mascarillas, pues cuatro; y si a los pocos minutos eran ocho, pues ocho. \"\u00bfLa selecci\u00f3n de la empresa ven\u00eda decidida del ministerio?\". \"S\u00ed, se\u00f1or\", indic\u00f3 el testigo.El momento m\u00e1s inc\u00f3modo de su comparecencia se ha producido cuando el ex alto cargo de Puertos del Estado ha tenido que dar explicaciones sobre algunos correos llamativos cruzados con sus colaboradores en Puertos durante el proceso de compra de las mascarillas. En uno de esos mails escribi\u00f3: \"S\u00f3lo espero no acabar en el fondo del Manzanares con una losa de hormig\u00f3n\". \"Era broma para rebajar tensi\u00f3n en momentos dificil\u00edsimos, una broma m\u00e1s o menos afortunada\", ha indicado el testigo.\u00c9l mismo escribi\u00f3 otro: \"Despu\u00e9s de esto nos vamos a gestionar el c\u00e1rtel de Cali?\". \"\u00bfQu\u00e9 sentido tiene?\", le ha preguntado el fiscal jefe. \"Visto ahora ninguno. Era una broma sacada de contexto no tiene sentido\", contest\u00f3.Por otro lado, ha comparecido este mi\u00e9rcoles en el Tribunal Supremo el ex director general de Organizaci\u00f3n e Inspecci\u00f3n del Ministerio de Transportes, Javier S\u00e1nchez Fuentefr\u00eda, quien ha declarado que la oferta de mascarillas de Soluciones de Gesti\u00f3n se la envi\u00f3 el ex subsecretario de Transportes. El testigo ha indicado que no conoc\u00eda otras ofertas pero ha manifestado que le dijeron que esta era \"la mejor\".Por su parte, el ex subsecretario Jes\u00fas Manuel G\u00f3mez declar\u00f3 ayer en el juicio que fue Koldo Garc\u00eda quien le transmiti\u00f3 la orden de comprar ocho millones de mascarillas -la oferta inicial era de cuatro millones- a Soluciones de Gesti\u00f3n. \"Entend\u00ed que me transmit\u00eda la decisi\u00f3n final del ministro y por eso \u00e9l luego firma la orden\", asegur\u00f3 el testigo.","og_url":"https:\/\/vof-news.eu\/es\/pardo-de-vera-y-el-ex-secretario-general-de-puertos-destacan-la-influencia-de-aldama-en-el-ministerio-de-transportes\/","og_site_name":"vof-news.eu","article_published_time":"2026-04-15T19:44:36+00:00","article_modified_time":"2026-04-15T19:44:53+00:00","og_image":[{"width":1366,"height":911,"url":"https:\/\/vof-news.eu\/wp-content\/uploads\/2026\/04\/17762807410868.jpg","type":"image\/jpeg"}],"author":"Author","twitter_card":"summary_large_image","twitter_misc":{"Escrito por":"Author","Tiempo de lectura":"4 minutos"},"schema":{"@context":"https:\/\/schema.org","@graph":[{"@type":"WebPage","@id":"https:\/\/vof-news.eu\/es\/pardo-de-vera-y-el-ex-secretario-general-de-puertos-destacan-la-influencia-de-aldama-en-el-ministerio-de-transportes\/","url":"https:\/\/vof-news.eu\/es\/pardo-de-vera-y-el-ex-secretario-general-de-puertos-destacan-la-influencia-de-aldama-en-el-ministerio-de-transportes\/","name":"Pardo de Vera y el ex secretario general de Puertos destacan la influencia de Aldama en el Ministerio de Transportes - vof-news.eu","isPartOf":{"@id":"https:\/\/vof-news.eu\/es\/#website"},"primaryImageOfPage":{"@id":"https:\/\/vof-news.eu\/es\/pardo-de-vera-y-el-ex-secretario-general-de-puertos-destacan-la-influencia-de-aldama-en-el-ministerio-de-transportes\/#primaryimage"},"image":{"@id":"https:\/\/vof-news.eu\/es\/pardo-de-vera-y-el-ex-secretario-general-de-puertos-destacan-la-influencia-de-aldama-en-el-ministerio-de-transportes\/#primaryimage"},"thumbnailUrl":"https:\/\/vof-news.eu\/wp-content\/uploads\/2026\/04\/17762807410868.jpg","datePublished":"2026-04-15T19:44:36+00:00","dateModified":"2026-04-15T19:44:53+00:00","author":{"@id":"https:\/\/vof-news.eu\/es\/#\/schema\/person\/f6a2a4309f0561835797fd8c19b333ed"},"description":"La sexta sesi\u00f3n del juicio de las mascarillas ha estado centrada en el contrato que el Ministerio de Transportes adjudic\u00f3 a la empresa de la trama Soluciones de Gesti\u00f3n, vinculada al empresario V\u00edctor de Aldama.La jornada comenz\u00f3 con la declaraci\u00f3n de la ex presidenta de Adif, Isabel Pardo de Vera, imputada en la Audiencia Nacional con esta misma causa de corrupci\u00f3n. En el Sal\u00f3n de Plenos del Tribunal Supremo ha declarado, sin embargo, como testigo y ha manifestado que le extra\u00f1\u00f3 ver frecuentemente a Aldama en la planta tercera del Ministerio de Transportes, la del ministro.La extra\u00f1eza y el desconcierto era tal que se lo traslad\u00f3 a Jos\u00e9 Luis \u00c1balos, con quien ten\u00eda cierta confianza. \"Le cont\u00e9 que me preocupaba que muchas veces estuviera all\u00ed el se\u00f1or Aldama, porque no entend\u00eda su papel all\u00ed. Eso chocaba a los funcionarios. Me respondi\u00f3 que por supuesto no era normal y que tomaba nota. A partir de esa fecha no lo volv\u00ed a ver en el ministerio. No me dio explicaci\u00f3n. Lo achac\u00f3 a que era amigo de Koldo y que Koldo era de esa manera\", ha declarado Pardo de Vera.La testigo ha declarado adem\u00e1s que Koldo, el ex asesor del ministro \u00c1balos, era una persona \"peculiar\" por lo que ella decidi\u00f3 que era mejor despachar con \u00e9l directamente en vez de que lo hiciese su equipo en Adif. \"Manejaba la agenda del ministro. Agendaba las citas. Era el interlocutor natural para hablar con el ministro\", ha indicado.La ex presidenta de Adif tambi\u00e9n ha sido interrogada por la contrataci\u00f3n de J\u00e9sica Rodr\u00edguez, ex amante del tambi\u00e9n ex secretario de Organizaci\u00f3n del PSOE, en dos empresas p\u00fablicas dependientes de Transportes. Durante el interrogatorio, Pardo de Vera ha repetido en distintas ocasiones que \"no conoc\u00eda a esa se\u00f1ora\" a la par que ha indicado que el ministro \"jam\u00e1s\" la llam\u00f3 para colocarla en las empresas p\u00fablicas Ineco y Tragsa. \"Es imposible que el ministro me llamase por esta se\u00f1ora\", ha declarado. \"Deb\u00ed ser la \u00faltima en enterarme de que el ministro hab\u00eda tenido una relaci\u00f3n con esta persona\", ha agregado.Durante la sesi\u00f3n de este mi\u00e9rcoles tambi\u00e9n ha testificado el ex secretario general de Puertos del Estado \u00c1lvaro S\u00e1nchez Manzanares, destituido por haber ocultado, en una investigaci\u00f3n interna, sus contactos con el empresario Aldama. Al igual que Pardo de Vera, el testigo -tambi\u00e9n imputado en la Audiencia Nacional- ha confirmado el poder de influencia y la v\u00eda directa que ten\u00eda el empresario con \u00c1balos y Koldo.El fiscal jefe Anticorrupci\u00f3n, Alejandro Luz\u00f3n, le ha preguntado S\u00e1nchez Manzanares por qu\u00e9 enviaba al empresario acusado correos oficiales sobre las decisiones de comprar mascarillas, incluso la oferta de un competidor de la empresa de la trama. \"Para nosotros, Aldama estaba en la parte del ministerio. Estaba en estrecha relaci\u00f3n con el ministerio, con la gesti\u00f3n de los aviones\", ha respondido a Luz\u00f3n, que ha recogido esas palabras con satisfacci\u00f3n. \"Le he entendido perfectamente\", a\u00f1adi\u00f3 el fiscal.Adem\u00e1s, S\u00e1nchez Manzanares ha eludido su supuesta responsabilidad indicando que \u00e9l se limitaba a cumplir lo que le llegaba del ministerio. Si eran cuatro millones de mascarillas, pues cuatro; y si a los pocos minutos eran ocho, pues ocho. \"\u00bfLa selecci\u00f3n de la empresa ven\u00eda decidida del ministerio?\". \"S\u00ed, se\u00f1or\", indic\u00f3 el testigo.El momento m\u00e1s inc\u00f3modo de su comparecencia se ha producido cuando el ex alto cargo de Puertos del Estado ha tenido que dar explicaciones sobre algunos correos llamativos cruzados con sus colaboradores en Puertos durante el proceso de compra de las mascarillas. En uno de esos mails escribi\u00f3: \"S\u00f3lo espero no acabar en el fondo del Manzanares con una losa de hormig\u00f3n\". \"Era broma para rebajar tensi\u00f3n en momentos dificil\u00edsimos, una broma m\u00e1s o menos afortunada\", ha indicado el testigo.\u00c9l mismo escribi\u00f3 otro: \"Despu\u00e9s de esto nos vamos a gestionar el c\u00e1rtel de Cali?\". \"\u00bfQu\u00e9 sentido tiene?\", le ha preguntado el fiscal jefe. \"Visto ahora ninguno. Era una broma sacada de contexto no tiene sentido\", contest\u00f3.Por otro lado, ha comparecido este mi\u00e9rcoles en el Tribunal Supremo el ex director general de Organizaci\u00f3n e Inspecci\u00f3n del Ministerio de Transportes, Javier S\u00e1nchez Fuentefr\u00eda, quien ha declarado que la oferta de mascarillas de Soluciones de Gesti\u00f3n se la envi\u00f3 el ex subsecretario de Transportes. El testigo ha indicado que no conoc\u00eda otras ofertas pero ha manifestado que le dijeron que esta era \"la mejor\".Por su parte, el ex subsecretario Jes\u00fas Manuel G\u00f3mez declar\u00f3 ayer en el juicio que fue Koldo Garc\u00eda quien le transmiti\u00f3 la orden de comprar ocho millones de mascarillas -la oferta inicial era de cuatro millones- a Soluciones de Gesti\u00f3n. \"Entend\u00ed que me transmit\u00eda la decisi\u00f3n final del ministro y por eso \u00e9l luego firma la orden\", asegur\u00f3 el testigo.","breadcrumb":{"@id":"https:\/\/vof-news.eu\/es\/pardo-de-vera-y-el-ex-secretario-general-de-puertos-destacan-la-influencia-de-aldama-en-el-ministerio-de-transportes\/#breadcrumb"},"inLanguage":"es","potentialAction":[{"@type":"ReadAction","target":["https:\/\/vof-news.eu\/es\/pardo-de-vera-y-el-ex-secretario-general-de-puertos-destacan-la-influencia-de-aldama-en-el-ministerio-de-transportes\/"]}]},{"@type":"ImageObject","inLanguage":"es","@id":"https:\/\/vof-news.eu\/es\/pardo-de-vera-y-el-ex-secretario-general-de-puertos-destacan-la-influencia-de-aldama-en-el-ministerio-de-transportes\/#primaryimage","url":"https:\/\/vof-news.eu\/wp-content\/uploads\/2026\/04\/17762807410868.jpg","contentUrl":"https:\/\/vof-news.eu\/wp-content\/uploads\/2026\/04\/17762807410868.jpg","width":1366,"height":911,"caption":"MADRID, 15\/04\/2026.- La expresidenta de Adif Isabel Pardo de Vera se marcha este mi\u00e9rcoles tras declarar en la sesi\u00f3n del juicio del caso Koldo y \u00c1balos en el Tribunal Supremo, en Madrid. Pardo de Vera ha negado presiones del exministro Jose Luis \u00c1balos para contratar a su expareja J\u00e9ssica Rodr\u00edguez en Ineco pues solo reenvi\u00f3 su curr\u00edculum y que cuando m\u00e1s tarde se enter\u00f3 de quien era, le dijo al exdiputado que no pod\u00eda ser contratada despu\u00e9s en Tragsatec. EFE\/ V\u00edctor Lerena"},{"@type":"BreadcrumbList","@id":"https:\/\/vof-news.eu\/es\/pardo-de-vera-y-el-ex-secretario-general-de-puertos-destacan-la-influencia-de-aldama-en-el-ministerio-de-transportes\/#breadcrumb","itemListElement":[{"@type":"ListItem","position":1,"name":"Home","item":"https:\/\/vof-news.eu\/es\/"},{"@type":"ListItem","position":2,"name":"Pardo de Vera y el ex secretario general de Puertos destacan la influencia de Aldama en el Ministerio de Transportes"}]},{"@type":"WebSite","@id":"https:\/\/vof-news.eu\/es\/#website","url":"https:\/\/vof-news.eu\/es\/","name":"vof-news.eu","description":"","potentialAction":[{"@type":"SearchAction","target":{"@type":"EntryPoint","urlTemplate":"https:\/\/vof-news.eu\/es\/?s={search_term_string}"},"query-input":"required name=search_term_string"}],"inLanguage":"es"},{"@type":"Person","@id":"https:\/\/vof-news.eu\/es\/#\/schema\/person\/f6a2a4309f0561835797fd8c19b333ed","name":"Author","image":{"@type":"ImageObject","inLanguage":"es","@id":"https:\/\/vof-news.eu\/es\/#\/schema\/person\/image\/","url":"https:\/\/secure.gravatar.com\/avatar\/b67e614b1b25b3e9c0c239efdd2fde5ab015b5affd6f1c3c85911ca4b384e790?s=96&d=mm&r=g","contentUrl":"https:\/\/secure.gravatar.com\/avatar\/b67e614b1b25b3e9c0c239efdd2fde5ab015b5affd6f1c3c85911ca4b384e790?s=96&d=mm&r=g","caption":"Author"},"sameAs":["http:\/\/vof-news.eu"],"url":"https:\/\/vof-news.eu\/es\/author\/zwt6qxnjulxbnyg\/"}]}},"yoast_meta":{"yoast_wpseo_title":"","yoast_wpseo_metadesc":"","yoast_wpseo_canonical":""},"_links":{"self":[{"href":"https:\/\/vof-news.eu\/es\/wp-json\/wp\/v2\/posts\/333496","targetHints":{"allow":["GET"]}}],"collection":[{"href":"https:\/\/vof-news.eu\/es\/wp-json\/wp\/v2\/posts"}],"about":[{"href":"https:\/\/vof-news.eu\/es\/wp-json\/wp\/v2\/types\/post"}],"author":[{"embeddable":true,"href":"https:\/\/vof-news.eu\/es\/wp-json\/wp\/v2\/users\/1"}],"replies":[{"embeddable":true,"href":"https:\/\/vof-news.eu\/es\/wp-json\/wp\/v2\/comments?post=333496"}],"version-history":[{"count":1,"href":"https:\/\/vof-news.eu\/es\/wp-json\/wp\/v2\/posts\/333496\/revisions"}],"predecessor-version":[{"id":333498,"href":"https:\/\/vof-news.eu\/es\/wp-json\/wp\/v2\/posts\/333496\/revisions\/333498"}],"wp:featuredmedia":[{"embeddable":true,"href":"https:\/\/vof-news.eu\/es\/wp-json\/wp\/v2\/media\/333490"}],"wp:attachment":[{"href":"https:\/\/vof-news.eu\/es\/wp-json\/wp\/v2\/media?parent=333496"}],"wp:term":[{"taxonomy":"category","embeddable":true,"href":"https:\/\/vof-news.eu\/es\/wp-json\/wp\/v2\/categories?post=333496"},{"taxonomy":"post_tag","embeddable":true,"href":"https:\/\/vof-news.eu\/es\/wp-json\/wp\/v2\/tags?post=333496"}],"curies":[{"name":"wp","href":"https:\/\/api.w.org\/{rel}","templated":true}]}}