{"id":333484,"date":"2026-04-15T21:11:29","date_gmt":"2026-04-15T18:11:29","guid":{"rendered":"https:\/\/vof-news.eu\/juicio-contra-abalos-koldo-y-aldama-por-el-caso-mascarillas-ultima-hora-hoy-en-directo-pardo-de-vera-desvela-que-veia-a-aldama-mucho-en-la-planta-noble-del-ministerio-de-transportes-y-abalos-le-r\/"},"modified":"2026-04-15T21:11:38","modified_gmt":"2026-04-15T18:11:38","slug":"juicio-contra-abalos-koldo-y-aldama-por-el-caso-mascarillas-ultima-hora-hoy-en-directo-pardo-de-vera-desvela-que-veia-a-aldama-mucho-en-la-planta-noble-del-ministerio-de-transportes-y-abalos-le-r","status":"publish","type":"post","link":"https:\/\/vof-news.eu\/es\/juicio-contra-abalos-koldo-y-aldama-por-el-caso-mascarillas-ultima-hora-hoy-en-directo-pardo-de-vera-desvela-que-veia-a-aldama-mucho-en-la-planta-noble-del-ministerio-de-transportes-y-abalos-le-r\/","title":{"rendered":"Juicio contra \u00c1balos, Koldo y Aldama por el caso mascarillas, \u00faltima hora hoy, en directo | Pardo de Vera desvela que ve\u00eda a Aldama mucho en la planta noble del ministerio de Transportes y \u00c1balos le reconoci\u00f3: \u00abNo es algo normal, pero es amigo de Koldo\u00bb"},"content":{"rendered":"<div>\n<p>El Tribunal Supremo (TS) cierra este mi\u00e9rcoles la segunda semana del juicio por presunta corrupci\u00f3n en contratos de mascarillas contra el exministro de Transportes Jos\u00e9 Luis \u00c1balos, su asesor Koldo Garc\u00eda y el comisionista V\u00edctor de Aldama, con una jornada en la que est\u00e1 citada la expresidenta de Adif Isabel Pardo de Vera.<\/p>\n<p>Investigada en la parte del caso que instruye la Audiencia Nacional, que incluye presuntas mordidas en adjudicaciones de obra p\u00fablica, Pardo de Vera tiene derecho a no contestar a las preguntas que le formulen en el juicio contra quien fue su superior.<\/p>\n<p>A la espera de saber si declara o no, la tambi\u00e9n ex secretaria de Estado de Transportes ha negado ya en varias ocasiones haber tenido participaci\u00f3n directa en los contratos de mascarillas adjudicados por entes p\u00fablicos como ADIF en plena pandemia.<\/p>\n<p>Su actuaci\u00f3n, seg\u00fan sostiene, se limit\u00f3 a remitir los contactos que el exasesor ministerial Koldo Garc\u00eda, en prisi\u00f3n provisional junto a \u00c1balos, le hab\u00eda dado previamente.<\/p>\n<\/div>\n","protected":false},"excerpt":{"rendered":"<p>El Tribunal Supremo (TS) cierra este mi\u00e9rcoles la segunda semana del juicio por presunta corrupci\u00f3n en contratos de mascarillas contra el exministro de Transportes Jos\u00e9 Luis \u00c1balos, su asesor Koldo Garc\u00eda y el comisionista V\u00edctor de Aldama, con una jornada en la que est\u00e1 citada la expresidenta de Adif Isabel Pardo de Vera. Investigada en<\/p>\n","protected":false},"author":1,"featured_media":333478,"comment_status":"open","ping_status":"open","sticky":false,"template":"","format":"standard","meta":{"footnotes":""},"categories":[47],"tags":[],"class_list":["post-333484","post","type-post","status-publish","format-standard","has-post-thumbnail","hentry","category-interview-es"],"acf":[],"yoast_head":"<!-- This site is optimized with the Yoast SEO plugin v22.9 - https:\/\/yoast.com\/wordpress\/plugins\/seo\/ -->\n<title>Juicio contra \u00c1balos, Koldo y Aldama por el caso mascarillas, \u00faltima hora hoy, en directo | Pardo de Vera desvela que ve\u00eda a Aldama mucho en la planta noble del ministerio de Transportes y \u00c1balos le reconoci\u00f3: &quot;No es algo normal, pero es amigo de Koldo&quot; - vof-news.eu<\/title>\n<meta name=\"description\" content=\"El Tribunal Supremo (TS) cierra este mi\u00e9rcoles la segunda semana del juicio por presunta corrupci\u00f3n en contratos de mascarillas contra el exministro de Transportes Jos\u00e9 Luis \u00c1balos, su asesor Koldo Garc\u00eda y el comisionista V\u00edctor de Aldama, con una jornada en la que est\u00e1 citada la expresidenta de Adif Isabel Pardo de Vera.Investigada en la parte del caso que instruye la Audiencia Nacional, que incluye presuntas mordidas en adjudicaciones de obra p\u00fablica, Pardo de Vera tiene derecho a no contestar a las preguntas que le formulen en el juicio contra quien fue su superior.A la espera de saber si declara o no, la tambi\u00e9n ex secretaria de Estado de Transportes ha negado ya en varias ocasiones haber tenido participaci\u00f3n directa en los contratos de mascarillas adjudicados por entes p\u00fablicos como ADIF en plena pandemia.Su actuaci\u00f3n, seg\u00fan sostiene, se limit\u00f3 a remitir los contactos que el exasesor ministerial Koldo Garc\u00eda, en prisi\u00f3n provisional junto a \u00c1balos, le hab\u00eda dado previamente.\" \/>\n<meta name=\"robots\" content=\"noindex, follow, max-snippet:-1, max-image-preview:large, max-video-preview:-1\" \/>\n<meta property=\"og:locale\" content=\"es_ES\" \/>\n<meta property=\"og:type\" content=\"article\" \/>\n<meta property=\"og:title\" content=\"Juicio contra \u00c1balos, Koldo y Aldama por el caso mascarillas, \u00faltima hora hoy, en directo | Pardo de Vera desvela que ve\u00eda a Aldama mucho en la planta noble del ministerio de Transportes y \u00c1balos le reconoci\u00f3: &quot;No es algo normal, pero es amigo de Koldo&quot; - vof-news.eu\" \/>\n<meta property=\"og:description\" content=\"El Tribunal Supremo (TS) cierra este mi\u00e9rcoles la segunda semana del juicio por presunta corrupci\u00f3n en contratos de mascarillas contra el exministro de Transportes Jos\u00e9 Luis \u00c1balos, su asesor Koldo Garc\u00eda y el comisionista V\u00edctor de Aldama, con una jornada en la que est\u00e1 citada la expresidenta de Adif Isabel Pardo de Vera.Investigada en la parte del caso que instruye la Audiencia Nacional, que incluye presuntas mordidas en adjudicaciones de obra p\u00fablica, Pardo de Vera tiene derecho a no contestar a las preguntas que le formulen en el juicio contra quien fue su superior.A la espera de saber si declara o no, la tambi\u00e9n ex secretaria de Estado de Transportes ha negado ya en varias ocasiones haber tenido participaci\u00f3n directa en los contratos de mascarillas adjudicados por entes p\u00fablicos como ADIF en plena pandemia.Su actuaci\u00f3n, seg\u00fan sostiene, se limit\u00f3 a remitir los contactos que el exasesor ministerial Koldo Garc\u00eda, en prisi\u00f3n provisional junto a \u00c1balos, le hab\u00eda dado previamente.\" \/>\n<meta property=\"og:url\" content=\"https:\/\/vof-news.eu\/es\/juicio-contra-abalos-koldo-y-aldama-por-el-caso-mascarillas-ultima-hora-hoy-en-directo-pardo-de-vera-desvela-que-veia-a-aldama-mucho-en-la-planta-noble-del-ministerio-de-transportes-y-abalos-le-r\/\" \/>\n<meta property=\"og:site_name\" content=\"vof-news.eu\" \/>\n<meta property=\"article:published_time\" content=\"2026-04-15T18:11:29+00:00\" \/>\n<meta property=\"article:modified_time\" content=\"2026-04-15T18:11:38+00:00\" \/>\n<meta property=\"og:image\" content=\"https:\/\/vof-news.eu\/wp-content\/uploads\/2026\/04\/17762725489662.jpg\" \/>\n\t<meta property=\"og:image:width\" content=\"600\" \/>\n\t<meta property=\"og:image:height\" content=\"448\" \/>\n\t<meta property=\"og:image:type\" content=\"image\/jpeg\" \/>\n<meta name=\"author\" content=\"Author\" \/>\n<meta name=\"twitter:card\" content=\"summary_large_image\" \/>\n<meta name=\"twitter:label1\" content=\"Escrito por\" \/>\n\t<meta name=\"twitter:data1\" content=\"Author\" \/>\n\t<meta name=\"twitter:label2\" content=\"Tiempo de lectura\" \/>\n\t<meta name=\"twitter:data2\" content=\"1 minuto\" \/>\n<script type=\"application\/ld+json\" class=\"yoast-schema-graph\">{\"@context\":\"https:\/\/schema.org\",\"@graph\":[{\"@type\":\"WebPage\",\"@id\":\"https:\/\/vof-news.eu\/es\/juicio-contra-abalos-koldo-y-aldama-por-el-caso-mascarillas-ultima-hora-hoy-en-directo-pardo-de-vera-desvela-que-veia-a-aldama-mucho-en-la-planta-noble-del-ministerio-de-transportes-y-abalos-le-r\/\",\"url\":\"https:\/\/vof-news.eu\/es\/juicio-contra-abalos-koldo-y-aldama-por-el-caso-mascarillas-ultima-hora-hoy-en-directo-pardo-de-vera-desvela-que-veia-a-aldama-mucho-en-la-planta-noble-del-ministerio-de-transportes-y-abalos-le-r\/\",\"name\":\"Juicio contra \u00c1balos, Koldo y Aldama por el caso mascarillas, \u00faltima hora hoy, en directo | Pardo de Vera desvela que ve\u00eda a Aldama mucho en la planta noble del ministerio de Transportes y \u00c1balos le reconoci\u00f3: \\\"No es algo normal, pero es amigo de Koldo\\\" - vof-news.eu\",\"isPartOf\":{\"@id\":\"https:\/\/vof-news.eu\/es\/#website\"},\"primaryImageOfPage\":{\"@id\":\"https:\/\/vof-news.eu\/es\/juicio-contra-abalos-koldo-y-aldama-por-el-caso-mascarillas-ultima-hora-hoy-en-directo-pardo-de-vera-desvela-que-veia-a-aldama-mucho-en-la-planta-noble-del-ministerio-de-transportes-y-abalos-le-r\/#primaryimage\"},\"image\":{\"@id\":\"https:\/\/vof-news.eu\/es\/juicio-contra-abalos-koldo-y-aldama-por-el-caso-mascarillas-ultima-hora-hoy-en-directo-pardo-de-vera-desvela-que-veia-a-aldama-mucho-en-la-planta-noble-del-ministerio-de-transportes-y-abalos-le-r\/#primaryimage\"},\"thumbnailUrl\":\"https:\/\/vof-news.eu\/wp-content\/uploads\/2026\/04\/17762725489662.jpg\",\"datePublished\":\"2026-04-15T18:11:29+00:00\",\"dateModified\":\"2026-04-15T18:11:38+00:00\",\"author\":{\"@id\":\"https:\/\/vof-news.eu\/es\/#\/schema\/person\/f6a2a4309f0561835797fd8c19b333ed\"},\"description\":\"El Tribunal Supremo (TS) cierra este mi\u00e9rcoles la segunda semana del juicio por presunta corrupci\u00f3n en contratos de mascarillas contra el exministro de Transportes Jos\u00e9 Luis \u00c1balos, su asesor Koldo Garc\u00eda y el comisionista V\u00edctor de Aldama, con una jornada en la que est\u00e1 citada la expresidenta de Adif Isabel Pardo de Vera.Investigada en la parte del caso que instruye la Audiencia Nacional, que incluye presuntas mordidas en adjudicaciones de obra p\u00fablica, Pardo de Vera tiene derecho a no contestar a las preguntas que le formulen en el juicio contra quien fue su superior.A la espera de saber si declara o no, la tambi\u00e9n ex secretaria de Estado de Transportes ha negado ya en varias ocasiones haber tenido participaci\u00f3n directa en los contratos de mascarillas adjudicados por entes p\u00fablicos como ADIF en plena pandemia.Su actuaci\u00f3n, seg\u00fan sostiene, se limit\u00f3 a remitir los contactos que el exasesor ministerial Koldo Garc\u00eda, en prisi\u00f3n provisional junto a \u00c1balos, le hab\u00eda dado previamente.\",\"breadcrumb\":{\"@id\":\"https:\/\/vof-news.eu\/es\/juicio-contra-abalos-koldo-y-aldama-por-el-caso-mascarillas-ultima-hora-hoy-en-directo-pardo-de-vera-desvela-que-veia-a-aldama-mucho-en-la-planta-noble-del-ministerio-de-transportes-y-abalos-le-r\/#breadcrumb\"},\"inLanguage\":\"es\",\"potentialAction\":[{\"@type\":\"ReadAction\",\"target\":[\"https:\/\/vof-news.eu\/es\/juicio-contra-abalos-koldo-y-aldama-por-el-caso-mascarillas-ultima-hora-hoy-en-directo-pardo-de-vera-desvela-que-veia-a-aldama-mucho-en-la-planta-noble-del-ministerio-de-transportes-y-abalos-le-r\/\"]}]},{\"@type\":\"ImageObject\",\"inLanguage\":\"es\",\"@id\":\"https:\/\/vof-news.eu\/es\/juicio-contra-abalos-koldo-y-aldama-por-el-caso-mascarillas-ultima-hora-hoy-en-directo-pardo-de-vera-desvela-que-veia-a-aldama-mucho-en-la-planta-noble-del-ministerio-de-transportes-y-abalos-le-r\/#primaryimage\",\"url\":\"https:\/\/vof-news.eu\/wp-content\/uploads\/2026\/04\/17762725489662.jpg\",\"contentUrl\":\"https:\/\/vof-news.eu\/wp-content\/uploads\/2026\/04\/17762725489662.jpg\",\"width\":600,\"height\":448},{\"@type\":\"BreadcrumbList\",\"@id\":\"https:\/\/vof-news.eu\/es\/juicio-contra-abalos-koldo-y-aldama-por-el-caso-mascarillas-ultima-hora-hoy-en-directo-pardo-de-vera-desvela-que-veia-a-aldama-mucho-en-la-planta-noble-del-ministerio-de-transportes-y-abalos-le-r\/#breadcrumb\",\"itemListElement\":[{\"@type\":\"ListItem\",\"position\":1,\"name\":\"Home\",\"item\":\"https:\/\/vof-news.eu\/es\/\"},{\"@type\":\"ListItem\",\"position\":2,\"name\":\"Juicio contra \u00c1balos, Koldo y Aldama por el caso mascarillas, \u00faltima hora hoy, en directo | Pardo de Vera desvela que ve\u00eda a Aldama mucho en la planta noble del ministerio de Transportes y \u00c1balos le reconoci\u00f3: &#8220;No es algo normal, pero es amigo de Koldo&#8221;\"}]},{\"@type\":\"WebSite\",\"@id\":\"https:\/\/vof-news.eu\/es\/#website\",\"url\":\"https:\/\/vof-news.eu\/es\/\",\"name\":\"vof-news.eu\",\"description\":\"\",\"potentialAction\":[{\"@type\":\"SearchAction\",\"target\":{\"@type\":\"EntryPoint\",\"urlTemplate\":\"https:\/\/vof-news.eu\/es\/?s={search_term_string}\"},\"query-input\":\"required name=search_term_string\"}],\"inLanguage\":\"es\"},{\"@type\":\"Person\",\"@id\":\"https:\/\/vof-news.eu\/es\/#\/schema\/person\/f6a2a4309f0561835797fd8c19b333ed\",\"name\":\"Author\",\"image\":{\"@type\":\"ImageObject\",\"inLanguage\":\"es\",\"@id\":\"https:\/\/vof-news.eu\/es\/#\/schema\/person\/image\/\",\"url\":\"https:\/\/secure.gravatar.com\/avatar\/b67e614b1b25b3e9c0c239efdd2fde5ab015b5affd6f1c3c85911ca4b384e790?s=96&d=mm&r=g\",\"contentUrl\":\"https:\/\/secure.gravatar.com\/avatar\/b67e614b1b25b3e9c0c239efdd2fde5ab015b5affd6f1c3c85911ca4b384e790?s=96&d=mm&r=g\",\"caption\":\"Author\"},\"sameAs\":[\"http:\/\/vof-news.eu\"],\"url\":\"https:\/\/vof-news.eu\/es\/author\/zwt6qxnjulxbnyg\/\"}]}<\/script>\n<!-- \/ Yoast SEO plugin. -->","yoast_head_json":{"title":"Juicio contra \u00c1balos, Koldo y Aldama por el caso mascarillas, \u00faltima hora hoy, en directo | Pardo de Vera desvela que ve\u00eda a Aldama mucho en la planta noble del ministerio de Transportes y \u00c1balos le reconoci\u00f3: \"No es algo normal, pero es amigo de Koldo\" - vof-news.eu","description":"El Tribunal Supremo (TS) cierra este mi\u00e9rcoles la segunda semana del juicio por presunta corrupci\u00f3n en contratos de mascarillas contra el exministro de Transportes Jos\u00e9 Luis \u00c1balos, su asesor Koldo Garc\u00eda y el comisionista V\u00edctor de Aldama, con una jornada en la que est\u00e1 citada la expresidenta de Adif Isabel Pardo de Vera.Investigada en la parte del caso que instruye la Audiencia Nacional, que incluye presuntas mordidas en adjudicaciones de obra p\u00fablica, Pardo de Vera tiene derecho a no contestar a las preguntas que le formulen en el juicio contra quien fue su superior.A la espera de saber si declara o no, la tambi\u00e9n ex secretaria de Estado de Transportes ha negado ya en varias ocasiones haber tenido participaci\u00f3n directa en los contratos de mascarillas adjudicados por entes p\u00fablicos como ADIF en plena pandemia.Su actuaci\u00f3n, seg\u00fan sostiene, se limit\u00f3 a remitir los contactos que el exasesor ministerial Koldo Garc\u00eda, en prisi\u00f3n provisional junto a \u00c1balos, le hab\u00eda dado previamente.","robots":{"index":"noindex","follow":"follow","max-snippet":"max-snippet:-1","max-image-preview":"max-image-preview:large","max-video-preview":"max-video-preview:-1"},"og_locale":"es_ES","og_type":"article","og_title":"Juicio contra \u00c1balos, Koldo y Aldama por el caso mascarillas, \u00faltima hora hoy, en directo | Pardo de Vera desvela que ve\u00eda a Aldama mucho en la planta noble del ministerio de Transportes y \u00c1balos le reconoci\u00f3: \"No es algo normal, pero es amigo de Koldo\" - vof-news.eu","og_description":"El Tribunal Supremo (TS) cierra este mi\u00e9rcoles la segunda semana del juicio por presunta corrupci\u00f3n en contratos de mascarillas contra el exministro de Transportes Jos\u00e9 Luis \u00c1balos, su asesor Koldo Garc\u00eda y el comisionista V\u00edctor de Aldama, con una jornada en la que est\u00e1 citada la expresidenta de Adif Isabel Pardo de Vera.Investigada en la parte del caso que instruye la Audiencia Nacional, que incluye presuntas mordidas en adjudicaciones de obra p\u00fablica, Pardo de Vera tiene derecho a no contestar a las preguntas que le formulen en el juicio contra quien fue su superior.A la espera de saber si declara o no, la tambi\u00e9n ex secretaria de Estado de Transportes ha negado ya en varias ocasiones haber tenido participaci\u00f3n directa en los contratos de mascarillas adjudicados por entes p\u00fablicos como ADIF en plena pandemia.Su actuaci\u00f3n, seg\u00fan sostiene, se limit\u00f3 a remitir los contactos que el exasesor ministerial Koldo Garc\u00eda, en prisi\u00f3n provisional junto a \u00c1balos, le hab\u00eda dado previamente.","og_url":"https:\/\/vof-news.eu\/es\/juicio-contra-abalos-koldo-y-aldama-por-el-caso-mascarillas-ultima-hora-hoy-en-directo-pardo-de-vera-desvela-que-veia-a-aldama-mucho-en-la-planta-noble-del-ministerio-de-transportes-y-abalos-le-r\/","og_site_name":"vof-news.eu","article_published_time":"2026-04-15T18:11:29+00:00","article_modified_time":"2026-04-15T18:11:38+00:00","og_image":[{"width":600,"height":448,"url":"https:\/\/vof-news.eu\/wp-content\/uploads\/2026\/04\/17762725489662.jpg","type":"image\/jpeg"}],"author":"Author","twitter_card":"summary_large_image","twitter_misc":{"Escrito por":"Author","Tiempo de lectura":"1 minuto"},"schema":{"@context":"https:\/\/schema.org","@graph":[{"@type":"WebPage","@id":"https:\/\/vof-news.eu\/es\/juicio-contra-abalos-koldo-y-aldama-por-el-caso-mascarillas-ultima-hora-hoy-en-directo-pardo-de-vera-desvela-que-veia-a-aldama-mucho-en-la-planta-noble-del-ministerio-de-transportes-y-abalos-le-r\/","url":"https:\/\/vof-news.eu\/es\/juicio-contra-abalos-koldo-y-aldama-por-el-caso-mascarillas-ultima-hora-hoy-en-directo-pardo-de-vera-desvela-que-veia-a-aldama-mucho-en-la-planta-noble-del-ministerio-de-transportes-y-abalos-le-r\/","name":"Juicio contra \u00c1balos, Koldo y Aldama por el caso mascarillas, \u00faltima hora hoy, en directo | Pardo de Vera desvela que ve\u00eda a Aldama mucho en la planta noble del ministerio de Transportes y \u00c1balos le reconoci\u00f3: \"No es algo normal, pero es amigo de Koldo\" - vof-news.eu","isPartOf":{"@id":"https:\/\/vof-news.eu\/es\/#website"},"primaryImageOfPage":{"@id":"https:\/\/vof-news.eu\/es\/juicio-contra-abalos-koldo-y-aldama-por-el-caso-mascarillas-ultima-hora-hoy-en-directo-pardo-de-vera-desvela-que-veia-a-aldama-mucho-en-la-planta-noble-del-ministerio-de-transportes-y-abalos-le-r\/#primaryimage"},"image":{"@id":"https:\/\/vof-news.eu\/es\/juicio-contra-abalos-koldo-y-aldama-por-el-caso-mascarillas-ultima-hora-hoy-en-directo-pardo-de-vera-desvela-que-veia-a-aldama-mucho-en-la-planta-noble-del-ministerio-de-transportes-y-abalos-le-r\/#primaryimage"},"thumbnailUrl":"https:\/\/vof-news.eu\/wp-content\/uploads\/2026\/04\/17762725489662.jpg","datePublished":"2026-04-15T18:11:29+00:00","dateModified":"2026-04-15T18:11:38+00:00","author":{"@id":"https:\/\/vof-news.eu\/es\/#\/schema\/person\/f6a2a4309f0561835797fd8c19b333ed"},"description":"El Tribunal Supremo (TS) cierra este mi\u00e9rcoles la segunda semana del juicio por presunta corrupci\u00f3n en contratos de mascarillas contra el exministro de Transportes Jos\u00e9 Luis \u00c1balos, su asesor Koldo Garc\u00eda y el comisionista V\u00edctor de Aldama, con una jornada en la que est\u00e1 citada la expresidenta de Adif Isabel Pardo de Vera.Investigada en la parte del caso que instruye la Audiencia Nacional, que incluye presuntas mordidas en adjudicaciones de obra p\u00fablica, Pardo de Vera tiene derecho a no contestar a las preguntas que le formulen en el juicio contra quien fue su superior.A la espera de saber si declara o no, la tambi\u00e9n ex secretaria de Estado de Transportes ha negado ya en varias ocasiones haber tenido participaci\u00f3n directa en los contratos de mascarillas adjudicados por entes p\u00fablicos como ADIF en plena pandemia.Su actuaci\u00f3n, seg\u00fan sostiene, se limit\u00f3 a remitir los contactos que el exasesor ministerial Koldo Garc\u00eda, en prisi\u00f3n provisional junto a \u00c1balos, le hab\u00eda dado previamente.","breadcrumb":{"@id":"https:\/\/vof-news.eu\/es\/juicio-contra-abalos-koldo-y-aldama-por-el-caso-mascarillas-ultima-hora-hoy-en-directo-pardo-de-vera-desvela-que-veia-a-aldama-mucho-en-la-planta-noble-del-ministerio-de-transportes-y-abalos-le-r\/#breadcrumb"},"inLanguage":"es","potentialAction":[{"@type":"ReadAction","target":["https:\/\/vof-news.eu\/es\/juicio-contra-abalos-koldo-y-aldama-por-el-caso-mascarillas-ultima-hora-hoy-en-directo-pardo-de-vera-desvela-que-veia-a-aldama-mucho-en-la-planta-noble-del-ministerio-de-transportes-y-abalos-le-r\/"]}]},{"@type":"ImageObject","inLanguage":"es","@id":"https:\/\/vof-news.eu\/es\/juicio-contra-abalos-koldo-y-aldama-por-el-caso-mascarillas-ultima-hora-hoy-en-directo-pardo-de-vera-desvela-que-veia-a-aldama-mucho-en-la-planta-noble-del-ministerio-de-transportes-y-abalos-le-r\/#primaryimage","url":"https:\/\/vof-news.eu\/wp-content\/uploads\/2026\/04\/17762725489662.jpg","contentUrl":"https:\/\/vof-news.eu\/wp-content\/uploads\/2026\/04\/17762725489662.jpg","width":600,"height":448},{"@type":"BreadcrumbList","@id":"https:\/\/vof-news.eu\/es\/juicio-contra-abalos-koldo-y-aldama-por-el-caso-mascarillas-ultima-hora-hoy-en-directo-pardo-de-vera-desvela-que-veia-a-aldama-mucho-en-la-planta-noble-del-ministerio-de-transportes-y-abalos-le-r\/#breadcrumb","itemListElement":[{"@type":"ListItem","position":1,"name":"Home","item":"https:\/\/vof-news.eu\/es\/"},{"@type":"ListItem","position":2,"name":"Juicio contra \u00c1balos, Koldo y Aldama por el caso mascarillas, \u00faltima hora hoy, en directo | Pardo de Vera desvela que ve\u00eda a Aldama mucho en la planta noble del ministerio de Transportes y \u00c1balos le reconoci\u00f3: &#8220;No es algo normal, pero es amigo de Koldo&#8221;"}]},{"@type":"WebSite","@id":"https:\/\/vof-news.eu\/es\/#website","url":"https:\/\/vof-news.eu\/es\/","name":"vof-news.eu","description":"","potentialAction":[{"@type":"SearchAction","target":{"@type":"EntryPoint","urlTemplate":"https:\/\/vof-news.eu\/es\/?s={search_term_string}"},"query-input":"required name=search_term_string"}],"inLanguage":"es"},{"@type":"Person","@id":"https:\/\/vof-news.eu\/es\/#\/schema\/person\/f6a2a4309f0561835797fd8c19b333ed","name":"Author","image":{"@type":"ImageObject","inLanguage":"es","@id":"https:\/\/vof-news.eu\/es\/#\/schema\/person\/image\/","url":"https:\/\/secure.gravatar.com\/avatar\/b67e614b1b25b3e9c0c239efdd2fde5ab015b5affd6f1c3c85911ca4b384e790?s=96&d=mm&r=g","contentUrl":"https:\/\/secure.gravatar.com\/avatar\/b67e614b1b25b3e9c0c239efdd2fde5ab015b5affd6f1c3c85911ca4b384e790?s=96&d=mm&r=g","caption":"Author"},"sameAs":["http:\/\/vof-news.eu"],"url":"https:\/\/vof-news.eu\/es\/author\/zwt6qxnjulxbnyg\/"}]}},"yoast_meta":{"yoast_wpseo_title":"","yoast_wpseo_metadesc":"","yoast_wpseo_canonical":""},"_links":{"self":[{"href":"https:\/\/vof-news.eu\/es\/wp-json\/wp\/v2\/posts\/333484","targetHints":{"allow":["GET"]}}],"collection":[{"href":"https:\/\/vof-news.eu\/es\/wp-json\/wp\/v2\/posts"}],"about":[{"href":"https:\/\/vof-news.eu\/es\/wp-json\/wp\/v2\/types\/post"}],"author":[{"embeddable":true,"href":"https:\/\/vof-news.eu\/es\/wp-json\/wp\/v2\/users\/1"}],"replies":[{"embeddable":true,"href":"https:\/\/vof-news.eu\/es\/wp-json\/wp\/v2\/comments?post=333484"}],"version-history":[{"count":1,"href":"https:\/\/vof-news.eu\/es\/wp-json\/wp\/v2\/posts\/333484\/revisions"}],"predecessor-version":[{"id":333485,"href":"https:\/\/vof-news.eu\/es\/wp-json\/wp\/v2\/posts\/333484\/revisions\/333485"}],"wp:featuredmedia":[{"embeddable":true,"href":"https:\/\/vof-news.eu\/es\/wp-json\/wp\/v2\/media\/333478"}],"wp:attachment":[{"href":"https:\/\/vof-news.eu\/es\/wp-json\/wp\/v2\/media?parent=333484"}],"wp:term":[{"taxonomy":"category","embeddable":true,"href":"https:\/\/vof-news.eu\/es\/wp-json\/wp\/v2\/categories?post=333484"},{"taxonomy":"post_tag","embeddable":true,"href":"https:\/\/vof-news.eu\/es\/wp-json\/wp\/v2\/tags?post=333484"}],"curies":[{"name":"wp","href":"https:\/\/api.w.org\/{rel}","templated":true}]}}