{"id":333328,"date":"2026-04-14T21:56:27","date_gmt":"2026-04-14T18:56:27","guid":{"rendered":"https:\/\/vof-news.eu\/el-gobierno-no-expulsara-a-los-inmigrantes-que-no-obtengan-el-permiso-tras-la-regularizacion-seguiran-en-espana-en-situacion-irregular\/"},"modified":"2026-04-14T21:56:54","modified_gmt":"2026-04-14T18:56:54","slug":"el-gobierno-no-expulsara-a-los-inmigrantes-que-no-obtengan-el-permiso-tras-la-regularizacion-seguiran-en-espana-en-situacion-irregular","status":"publish","type":"post","link":"https:\/\/vof-news.eu\/es\/el-gobierno-no-expulsara-a-los-inmigrantes-que-no-obtengan-el-permiso-tras-la-regularizacion-seguiran-en-espana-en-situacion-irregular\/","title":{"rendered":"El Gobierno no expulsar\u00e1 a los inmigrantes que no obtengan el permiso tras la regularizaci\u00f3n: seguir\u00e1n en Espa\u00f1a en situaci\u00f3n irregular"},"content":{"rendered":"<div>\n<p>Los inmigrantes que reciban una resoluci\u00f3n negativa a su proceso de <strong>regularizaci\u00f3n extraordinaria <\/strong>permanecer\u00e1n en Espa\u00f1a tal y como estaban: en situaci\u00f3n irregular. El Gobierno, que calcula un total de <strong>500.000 beneficiarios finales <\/strong>de esta medida, no expulsar\u00e1 a las personas que no obtengan los papeles tras haber iniciado el tr\u00e1mite. <\/p>\n<p>As\u00ed lo han afirmado fuentes del Ministerio de Inclusi\u00f3n, Seguridad Social y Migraciones, que llevado al Consejo de Ministros <a href=\"https:\/\/www.elmundo.es\/espana\/2026\/04\/14\/69dd30b1fc6c83b21d8b459f.html\" rel=\"nofollow\">el real decreto que regularizar\u00e1 <\/a>de forma extraordinaria a estas personas. De acuerdo con las <a href=\"https:\/\/www.elmundo.es\/espana\/2026\/04\/11\/69da9c43fc6c83014c8b457b.html\" rel=\"nofollow\">observaciones <\/a>del <strong>Consejo de Estado<\/strong>, el Gobierno ha endurecido el texto, que ahora obliga a que los extranjeros certifiquen que no tienen antecedentes penales para legalizarse, toda vez que el Ejecutivo colaborar\u00e1 con ellos para maximizar el n\u00famero de beneficiarios de esta medida. <\/p>\n<p>Desde ahora, los interesados en acogerse a la regularizaci\u00f3n disponen de un mes para solicitar un certificado de antecedentes que demuestre que carecen de ellos en Espa\u00f1a y en el pa\u00eds de origen desde los 5 a\u00f1os anteriores a la presentaci\u00f3n de la solicitud. Las fuentes del Ministerio consultadas precisan que, en el caso de haber vivido en otro pa\u00eds diferente a los ya citados, tambi\u00e9n deber\u00e1n solicitar este certificado en esos lugares. Si no consiguen recabar esta documentaci\u00f3n, el <strong>ministerio de la Presidencia, Justicia y Relaciones con las Cortes<\/strong> podr\u00e1 solicitarla por la v\u00eda diplom\u00e1tica en un plazo de tres meses.<\/p>\n<p>Los extranjeros podr\u00e1n presentar sus solicitudes de forma telem\u00e1tica o presencial, con cita previa y en oficinas de la <strong>Seguridad Social<\/strong>, <strong>Correos <\/strong>y <strong>Extranjer\u00eda<\/strong>, entre este jueves 16 de abril y el pr\u00f3ximo 30 de junio de 2026. <\/p>\n<p>Adem\u00e1s del certificado de antecedentes, deber\u00e1n acreditar que llegaron a Espa\u00f1a antes del 1 de enero de 2026, que han permanecido en el pa\u00eds al menos cinco meses consecutivos y que no representan \u00abuna amenaza para el orden p\u00fablico\u00bb. Adem\u00e1s, deber\u00e1n acreditar uno de estos tres requisitos: tener alg\u00fan v\u00ednculo laboral en Espa\u00f1a, que permanecen en el pa\u00eds junto a su familia si hay hijos menores o personas dependientes o que se encuentran en una situaci\u00f3n de vulnerabilidad.<\/p>\n<p>Este \u00faltimo criterio deber\u00e1 acreditarse \u00absiempre y cuando est\u00e9 accediendo a la regularizaci\u00f3n por la disposici\u00f3n adicional vig\u00e9simoprimera [referente a los solicitantes de protecci\u00f3n internacional] y no cuente con un proyecto laboral, ni circunstancias para acceder por los aspectos familiares\u00bb, explican fuentes de Migraciones. Ser\u00e1 una entidad del tercer sector inscrita en el <strong>Registro de Colaborades de Extranjer\u00eda<\/strong> la encargada de certificar esta situaci\u00f3n, reflejando en dicho documento \u00abel nombre, la entidad, y las circunstancias que dan lugar a esa situaci\u00f3n de precariedad. Por ejemplo: la situaci\u00f3n de precariedad, el riesgo psicosocial o la imposibilidad de acceder a una vivienda, entre otros\u00bb.<\/p>\n<p>Pero la obtenci\u00f3n del certificado de antecedentes es uno de los grandes retos a los que se enfrentan los extranjeros que deseen legalizarse. De ah\u00ed las <a href=\"https:\/\/www.elmundo.es\/comunidad-valenciana\/2026\/02\/04\/69838a01e4d4d8413b8b45c0.html\" rel=\"nofollow\">colas que se formaron frente a consulados <\/a>en cuanto se anunci\u00f3 la puesta en marcha de esta medida. En principio, el primer borrador del Ejecutivo planteaba la presentaci\u00f3n del justificante de petici\u00f3n de dicho documento, as\u00ed como una declaraci\u00f3n voluntaria en la que el interesado aseguraba no tenerlos. Tras las consideraciones del Consejo de Estado, esto \u00faltimo ya no basta en caso de no ser capaz de recabar el documento. As\u00ed, el nuevo texto del Gobierno, adelantado por la Cadena Ser y <i>El Pa\u00eds<\/i>, prev\u00e9 un modelo menos permisivo que el anterior.<\/p>\n<p>No obstante, para no mermar el n\u00famero de beneficiarios, la norma alarga los plazos para obtenerlo, colaborando as\u00ed el Gobierno con los inmigrantes. Si despu\u00e9s de un mes desde la solicitud del certificado de penales \u00e9ste no se ha recibido, el Ministerio de Presidencia podr\u00e1 de recabarlo por v\u00eda diplom\u00e1tica, siempre que el extranjero aporte <a href=\"https:\/\/www.elmundo.es\/espana\/2026\/04\/14\/69ddfb8c21efa0630e8b459b.html\" rel=\"nofollow\">la documentaci\u00f3n necesaria<\/a>. Se abrir\u00e1 entonces un plazo de tres meses para recibir esa documentaci\u00f3n y, si no llega, el extranjero dispondr\u00e1 de 15 d\u00edas adicionales para intentarlo de nuevo. Si no lo consigue, no podr\u00e1 optar al proceso.<\/p>\n<p>Por su parte, el socio minoritario del Gobierno discrepa de la seria exigencia planteada por el Consejo de Estado e implementada por el Ejecutivo respecto a la necesidad de presentar un certificado que acredite la ausencia de antecedentes penales tanto en Espa\u00f1a como en cualquier pa\u00eds en el que hayan residido en los \u00faltimos cinco a\u00f1os.<\/p>\n<p>Para Sumar, como ha advertido su portavoz en el Congreso, <strong>Ver\u00f3nica Barbero<\/strong>, \u00ablos problemas administrativos o de plazos no deber\u00edan obstaculizar la regularizaci\u00f3n de todas las personas\u00bb. Y, en consecuencia, insiste en que el Gobierno tendr\u00e1 que poner cuantos instrumentos est\u00e9n en su mano para conseguir que el objetivo del reglamento de regularizaci\u00f3n se cumpla \u00edntegramente. Esto es as\u00ed porque, seg\u00fan Barbero, los inmigrantes \u00abse lo merecen y se lo han ganado\u00bb.<\/p>\n<p>Con esta respuesta, la portavoz parlamentaria, se ha referido tambi\u00e9n al anuncio de <strong>Comisiones Obreras <\/strong>de convocatoria de huelga en las oficinas de extranjer\u00eda por la sobrecarga de trabajo que supone la regularizaci\u00f3n masiva. Sumar asegura respetar y respaldar el derecho de huelga de estos trabajadores e insiste en que este anuncio \u00abinterpela al Gobierno\u00bb que es, afirma, el que debe poner todos los medios a disposici\u00f3n de las oficinas de extranjer\u00eda para que todo el que lo desee pueda ejercer su derecho a pedir la regularizaci\u00f3n.<\/p>\n<p>Comprom\u00eds coincide en que la regularizaci\u00f3n masiva hace de Espa\u00f1a un \u00abEstado m\u00e1s justo\u00bb. \u00abEstas personas forman parte de nuestra sociedad y negarles derechos b\u00e1sicos es una anomal\u00eda que no nos podemos permitir\u00bb. No obstante, esta formaci\u00f3n denuncia que los ap\u00e1tridas, en concreto, los inmigrantes saharauis, quedan fuera del objetivo del Reglamento, informa <strong>Marisa Cruz<\/strong>.<\/p>\n<h2>Solicitantes de asilo<\/h2>\n<p>Por otra parte, en los primeros borradores hab\u00eda cierta confusi\u00f3n con respecto a los solicitantes de protecci\u00f3n internacional, a los que se exig\u00eda renunciar a estos procesos para adherirse a la regularizaci\u00f3n. De nuevo, tras las consideraciones del Consejo, s\u00f3lo se les exige abandonar la v\u00eda de la protecci\u00f3n internacional si el permiso de residencia por regularizaci\u00f3n extraordinaria les ha sido concedido.<\/p>\n<p>El Ejecutivo aprobar\u00e1 as\u00ed la iniciativa <a href=\"https:\/\/www.elmundo.es\/espana\/2026\/01\/26\/69779954e85ece783b8b459f.html\" rel=\"nofollow\">pactada con Podemos <\/a>el pasado 26 de enero que, pese a las aseveraciones del Gobierno sobre el consenso logrado, ha suscitado numerosas cr\u00edticas. Entre ellas las del propio Consejo de Estado, que apreciaba en el texto de la norma que le fue remitido \u00abun <strong>considerable desorden <\/strong>y falta sistem\u00e1tica en sus estructuras y distribuci\u00f3n de materias\u00bb.<\/p>\n<p>Las estimaciones del Gobierno apuntaban a que medio mill\u00f3n de inmigrantes en situaci\u00f3n irregular podr\u00edan beneficiarse de esta medida, pero un an\u00e1lisis de <strong>Funcas <\/strong>apunto que el n\u00famero de benecificiarios podr\u00eda acercarse mucho al mill\u00f3n: 870.000. Sea como fuere, el Ejecutivo est\u00e1 decicido a maximizar el n\u00famero de personas que se acojan a la medida por \u00abuna cuesti\u00f3n moral\u00bb, ha se\u00f1alado esta ma\u00f1ana desde Pek\u00edn el presidente, <a href=\"https:\/\/www.elmundo.es\/e\/pe\/pedro-sanchez.html\" rel=\"nofollow\">Pedro S\u00e1nchez<\/a>, as\u00ed como \u00abdesde un punto de vista de inter\u00e9s econ\u00f3mico\u00bb de cara a hacer frente al \u00abinvierno demogr\u00e1fico\u00bb que atraviesa el pa\u00eds.<\/p>\n<hr\/>\n<\/div>\n","protected":false},"excerpt":{"rendered":"<p>Los inmigrantes que reciban una resoluci\u00f3n negativa a su proceso de regularizaci\u00f3n extraordinaria permanecer\u00e1n en Espa\u00f1a tal y como estaban: en situaci\u00f3n irregular. El Gobierno, que calcula un total de 500.000 beneficiarios finales de esta medida, no expulsar\u00e1 a las personas que no obtengan los papeles tras haber iniciado el tr\u00e1mite. As\u00ed lo han afirmado<\/p>\n","protected":false},"author":1,"featured_media":0,"comment_status":"open","ping_status":"open","sticky":false,"template":"","format":"standard","meta":{"footnotes":""},"categories":[47],"tags":[],"class_list":["post-333328","post","type-post","status-publish","format-standard","hentry","category-interview-es"],"acf":[],"yoast_head":"<!-- This site is optimized with the Yoast SEO plugin v22.9 - https:\/\/yoast.com\/wordpress\/plugins\/seo\/ -->\n<title>El Gobierno no expulsar\u00e1 a los inmigrantes que no obtengan el permiso tras la regularizaci\u00f3n: seguir\u00e1n en Espa\u00f1a en situaci\u00f3n irregular - vof-news.eu<\/title>\n<meta name=\"description\" content=\"Los inmigrantes que reciban una resoluci\u00f3n negativa a su proceso de regularizaci\u00f3n extraordinaria permanecer\u00e1n en Espa\u00f1a tal y como estaban: en situaci\u00f3n irregular. El Gobierno, que calcula un total de 500.000 beneficiarios finales de esta medida, no expulsar\u00e1 a las personas que no obtengan los papeles tras haber iniciado el tr\u00e1mite. As\u00ed lo han afirmado fuentes del Ministerio de Inclusi\u00f3n, Seguridad Social y Migraciones, que llevado al Consejo de Ministros el real decreto que regularizar\u00e1 de forma extraordinaria a estas personas. De acuerdo con las observaciones del Consejo de Estado, el Gobierno ha endurecido el texto, que ahora obliga a que los extranjeros certifiquen que no tienen antecedentes penales para legalizarse, toda vez que el Ejecutivo colaborar\u00e1 con ellos para maximizar el n\u00famero de beneficiarios de esta medida. Desde ahora, los interesados en acogerse a la regularizaci\u00f3n disponen de un mes para solicitar un certificado de antecedentes que demuestre que carecen de ellos en Espa\u00f1a y en el pa\u00eds de origen desde los 5 a\u00f1os anteriores a la presentaci\u00f3n de la solicitud. Las fuentes del Ministerio consultadas precisan que, en el caso de haber vivido en otro pa\u00eds diferente a los ya citados, tambi\u00e9n deber\u00e1n solicitar este certificado en esos lugares. Si no consiguen recabar esta documentaci\u00f3n, el ministerio de la Presidencia, Justicia y Relaciones con las Cortes podr\u00e1 solicitarla por la v\u00eda diplom\u00e1tica en un plazo de tres meses.Los extranjeros podr\u00e1n presentar sus solicitudes de forma telem\u00e1tica o presencial, con cita previa y en oficinas de la Seguridad Social, Correos y Extranjer\u00eda, entre este jueves 16 de abril y el pr\u00f3ximo 30 de junio de 2026. Adem\u00e1s del certificado de antecedentes, deber\u00e1n acreditar que llegaron a Espa\u00f1a antes del 1 de enero de 2026, que han permanecido en el pa\u00eds al menos cinco meses consecutivos y que no representan &quot;una amenaza para el orden p\u00fablico&quot;. Adem\u00e1s, deber\u00e1n acreditar uno de estos tres requisitos: tener alg\u00fan v\u00ednculo laboral en Espa\u00f1a, que permanecen en el pa\u00eds junto a su familia si hay hijos menores o personas dependientes o que se encuentran en una situaci\u00f3n de vulnerabilidad.Este \u00faltimo criterio deber\u00e1 acreditarse &quot;siempre y cuando est\u00e9 accediendo a la regularizaci\u00f3n por la disposici\u00f3n adicional vig\u00e9simoprimera [referente a los solicitantes de protecci\u00f3n internacional] y no cuente con un proyecto laboral, ni circunstancias para acceder por los aspectos familiares&quot;, explican fuentes de Migraciones. Ser\u00e1 una entidad del tercer sector inscrita en el Registro de Colaborades de Extranjer\u00eda la encargada de certificar esta situaci\u00f3n, reflejando en dicho documento &quot;el nombre, la entidad, y las circunstancias que dan lugar a esa situaci\u00f3n de precariedad. Por ejemplo: la situaci\u00f3n de precariedad, el riesgo psicosocial o la imposibilidad de acceder a una vivienda, entre otros&quot;.Pero la obtenci\u00f3n del certificado de antecedentes es uno de los grandes retos a los que se enfrentan los extranjeros que deseen legalizarse. De ah\u00ed las colas que se formaron frente a consulados en cuanto se anunci\u00f3 la puesta en marcha de esta medida. En principio, el primer borrador del Ejecutivo planteaba la presentaci\u00f3n del justificante de petici\u00f3n de dicho documento, as\u00ed como una declaraci\u00f3n voluntaria en la que el interesado aseguraba no tenerlos. Tras las consideraciones del Consejo de Estado, esto \u00faltimo ya no basta en caso de no ser capaz de recabar el documento. As\u00ed, el nuevo texto del Gobierno, adelantado por la Cadena Ser y El Pa\u00eds, prev\u00e9 un modelo menos permisivo que el anterior.No obstante, para no mermar el n\u00famero de beneficiarios, la norma alarga los plazos para obtenerlo, colaborando as\u00ed el Gobierno con los inmigrantes. Si despu\u00e9s de un mes desde la solicitud del certificado de penales \u00e9ste no se ha recibido, el Ministerio de Presidencia podr\u00e1 de recabarlo por v\u00eda diplom\u00e1tica, siempre que el extranjero aporte la documentaci\u00f3n necesaria. Se abrir\u00e1 entonces un plazo de tres meses para recibir esa documentaci\u00f3n y, si no llega, el extranjero dispondr\u00e1 de 15 d\u00edas adicionales para intentarlo de nuevo. Si no lo consigue, no podr\u00e1 optar al proceso.Por su parte, el socio minoritario del Gobierno discrepa de la seria exigencia planteada por el Consejo de Estado e implementada por el Ejecutivo respecto a la necesidad de presentar un certificado que acredite la ausencia de antecedentes penales tanto en Espa\u00f1a como en cualquier pa\u00eds en el que hayan residido en los \u00faltimos cinco a\u00f1os.Para Sumar, como ha advertido su portavoz en el Congreso, Ver\u00f3nica Barbero, &quot;los problemas administrativos o de plazos no deber\u00edan obstaculizar la regularizaci\u00f3n de todas las personas&quot;. Y, en consecuencia, insiste en que el Gobierno tendr\u00e1 que poner cuantos instrumentos est\u00e9n en su mano para conseguir que el objetivo del reglamento de regularizaci\u00f3n se cumpla \u00edntegramente. Esto es as\u00ed porque, seg\u00fan Barbero, los inmigrantes &quot;se lo merecen y se lo han ganado&quot;.Con esta respuesta, la portavoz parlamentaria, se ha referido tambi\u00e9n al anuncio de Comisiones Obreras de convocatoria de huelga en las oficinas de extranjer\u00eda por la sobrecarga de trabajo que supone la regularizaci\u00f3n masiva. Sumar asegura respetar y respaldar el derecho de huelga de estos trabajadores e insiste en que este anuncio &quot;interpela al Gobierno&quot; que es, afirma, el que debe poner todos los medios a disposici\u00f3n de las oficinas de extranjer\u00eda para que todo el que lo desee pueda ejercer su derecho a pedir la regularizaci\u00f3n.Comprom\u00eds coincide en que la regularizaci\u00f3n masiva hace de Espa\u00f1a un &quot;Estado m\u00e1s justo&quot;. &quot;Estas personas forman parte de nuestra sociedad y negarles derechos b\u00e1sicos es una anomal\u00eda que no nos podemos permitir&quot;. No obstante, esta formaci\u00f3n denuncia que los ap\u00e1tridas, en concreto, los inmigrantes saharauis, quedan fuera del objetivo del Reglamento, informa Marisa Cruz.Solicitantes de asiloPor otra parte, en los primeros borradores hab\u00eda cierta confusi\u00f3n con respecto a los solicitantes de protecci\u00f3n internacional, a los que se exig\u00eda renunciar a estos procesos para adherirse a la regularizaci\u00f3n. De nuevo, tras las consideraciones del Consejo, s\u00f3lo se les exige abandonar la v\u00eda de la protecci\u00f3n internacional si el permiso de residencia por regularizaci\u00f3n extraordinaria les ha sido concedido.El Ejecutivo aprobar\u00e1 as\u00ed la iniciativa pactada con Podemos el pasado 26 de enero que, pese a las aseveraciones del Gobierno sobre el consenso logrado, ha suscitado numerosas cr\u00edticas. Entre ellas las del propio Consejo de Estado, que apreciaba en el texto de la norma que le fue remitido &quot;un considerable desorden y falta sistem\u00e1tica en sus estructuras y distribuci\u00f3n de materias&quot;.Las estimaciones del Gobierno apuntaban a que medio mill\u00f3n de inmigrantes en situaci\u00f3n irregular podr\u00edan beneficiarse de esta medida, pero un an\u00e1lisis de Funcas apunto que el n\u00famero de benecificiarios podr\u00eda acercarse mucho al mill\u00f3n: 870.000. Sea como fuere, el Ejecutivo est\u00e1 decicido a maximizar el n\u00famero de personas que se acojan a la medida por &quot;una cuesti\u00f3n moral&quot;, ha se\u00f1alado esta ma\u00f1ana desde Pek\u00edn el presidente, Pedro S\u00e1nchez, as\u00ed como &quot;desde un punto de vista de inter\u00e9s econ\u00f3mico&quot; de cara a hacer frente al &quot;invierno demogr\u00e1fico&quot; que atraviesa el pa\u00eds.\" \/>\n<meta name=\"robots\" content=\"noindex, follow, max-snippet:-1, max-image-preview:large, max-video-preview:-1\" \/>\n<meta property=\"og:locale\" content=\"es_ES\" \/>\n<meta property=\"og:type\" content=\"article\" \/>\n<meta property=\"og:title\" content=\"El Gobierno no expulsar\u00e1 a los inmigrantes que no obtengan el permiso tras la regularizaci\u00f3n: seguir\u00e1n en Espa\u00f1a en situaci\u00f3n irregular - vof-news.eu\" \/>\n<meta property=\"og:description\" content=\"Los inmigrantes que reciban una resoluci\u00f3n negativa a su proceso de regularizaci\u00f3n extraordinaria permanecer\u00e1n en Espa\u00f1a tal y como estaban: en situaci\u00f3n irregular. El Gobierno, que calcula un total de 500.000 beneficiarios finales de esta medida, no expulsar\u00e1 a las personas que no obtengan los papeles tras haber iniciado el tr\u00e1mite. As\u00ed lo han afirmado fuentes del Ministerio de Inclusi\u00f3n, Seguridad Social y Migraciones, que llevado al Consejo de Ministros el real decreto que regularizar\u00e1 de forma extraordinaria a estas personas. De acuerdo con las observaciones del Consejo de Estado, el Gobierno ha endurecido el texto, que ahora obliga a que los extranjeros certifiquen que no tienen antecedentes penales para legalizarse, toda vez que el Ejecutivo colaborar\u00e1 con ellos para maximizar el n\u00famero de beneficiarios de esta medida. Desde ahora, los interesados en acogerse a la regularizaci\u00f3n disponen de un mes para solicitar un certificado de antecedentes que demuestre que carecen de ellos en Espa\u00f1a y en el pa\u00eds de origen desde los 5 a\u00f1os anteriores a la presentaci\u00f3n de la solicitud. Las fuentes del Ministerio consultadas precisan que, en el caso de haber vivido en otro pa\u00eds diferente a los ya citados, tambi\u00e9n deber\u00e1n solicitar este certificado en esos lugares. Si no consiguen recabar esta documentaci\u00f3n, el ministerio de la Presidencia, Justicia y Relaciones con las Cortes podr\u00e1 solicitarla por la v\u00eda diplom\u00e1tica en un plazo de tres meses.Los extranjeros podr\u00e1n presentar sus solicitudes de forma telem\u00e1tica o presencial, con cita previa y en oficinas de la Seguridad Social, Correos y Extranjer\u00eda, entre este jueves 16 de abril y el pr\u00f3ximo 30 de junio de 2026. Adem\u00e1s del certificado de antecedentes, deber\u00e1n acreditar que llegaron a Espa\u00f1a antes del 1 de enero de 2026, que han permanecido en el pa\u00eds al menos cinco meses consecutivos y que no representan &quot;una amenaza para el orden p\u00fablico&quot;. Adem\u00e1s, deber\u00e1n acreditar uno de estos tres requisitos: tener alg\u00fan v\u00ednculo laboral en Espa\u00f1a, que permanecen en el pa\u00eds junto a su familia si hay hijos menores o personas dependientes o que se encuentran en una situaci\u00f3n de vulnerabilidad.Este \u00faltimo criterio deber\u00e1 acreditarse &quot;siempre y cuando est\u00e9 accediendo a la regularizaci\u00f3n por la disposici\u00f3n adicional vig\u00e9simoprimera [referente a los solicitantes de protecci\u00f3n internacional] y no cuente con un proyecto laboral, ni circunstancias para acceder por los aspectos familiares&quot;, explican fuentes de Migraciones. Ser\u00e1 una entidad del tercer sector inscrita en el Registro de Colaborades de Extranjer\u00eda la encargada de certificar esta situaci\u00f3n, reflejando en dicho documento &quot;el nombre, la entidad, y las circunstancias que dan lugar a esa situaci\u00f3n de precariedad. Por ejemplo: la situaci\u00f3n de precariedad, el riesgo psicosocial o la imposibilidad de acceder a una vivienda, entre otros&quot;.Pero la obtenci\u00f3n del certificado de antecedentes es uno de los grandes retos a los que se enfrentan los extranjeros que deseen legalizarse. De ah\u00ed las colas que se formaron frente a consulados en cuanto se anunci\u00f3 la puesta en marcha de esta medida. En principio, el primer borrador del Ejecutivo planteaba la presentaci\u00f3n del justificante de petici\u00f3n de dicho documento, as\u00ed como una declaraci\u00f3n voluntaria en la que el interesado aseguraba no tenerlos. Tras las consideraciones del Consejo de Estado, esto \u00faltimo ya no basta en caso de no ser capaz de recabar el documento. As\u00ed, el nuevo texto del Gobierno, adelantado por la Cadena Ser y El Pa\u00eds, prev\u00e9 un modelo menos permisivo que el anterior.No obstante, para no mermar el n\u00famero de beneficiarios, la norma alarga los plazos para obtenerlo, colaborando as\u00ed el Gobierno con los inmigrantes. Si despu\u00e9s de un mes desde la solicitud del certificado de penales \u00e9ste no se ha recibido, el Ministerio de Presidencia podr\u00e1 de recabarlo por v\u00eda diplom\u00e1tica, siempre que el extranjero aporte la documentaci\u00f3n necesaria. Se abrir\u00e1 entonces un plazo de tres meses para recibir esa documentaci\u00f3n y, si no llega, el extranjero dispondr\u00e1 de 15 d\u00edas adicionales para intentarlo de nuevo. Si no lo consigue, no podr\u00e1 optar al proceso.Por su parte, el socio minoritario del Gobierno discrepa de la seria exigencia planteada por el Consejo de Estado e implementada por el Ejecutivo respecto a la necesidad de presentar un certificado que acredite la ausencia de antecedentes penales tanto en Espa\u00f1a como en cualquier pa\u00eds en el que hayan residido en los \u00faltimos cinco a\u00f1os.Para Sumar, como ha advertido su portavoz en el Congreso, Ver\u00f3nica Barbero, &quot;los problemas administrativos o de plazos no deber\u00edan obstaculizar la regularizaci\u00f3n de todas las personas&quot;. Y, en consecuencia, insiste en que el Gobierno tendr\u00e1 que poner cuantos instrumentos est\u00e9n en su mano para conseguir que el objetivo del reglamento de regularizaci\u00f3n se cumpla \u00edntegramente. Esto es as\u00ed porque, seg\u00fan Barbero, los inmigrantes &quot;se lo merecen y se lo han ganado&quot;.Con esta respuesta, la portavoz parlamentaria, se ha referido tambi\u00e9n al anuncio de Comisiones Obreras de convocatoria de huelga en las oficinas de extranjer\u00eda por la sobrecarga de trabajo que supone la regularizaci\u00f3n masiva. Sumar asegura respetar y respaldar el derecho de huelga de estos trabajadores e insiste en que este anuncio &quot;interpela al Gobierno&quot; que es, afirma, el que debe poner todos los medios a disposici\u00f3n de las oficinas de extranjer\u00eda para que todo el que lo desee pueda ejercer su derecho a pedir la regularizaci\u00f3n.Comprom\u00eds coincide en que la regularizaci\u00f3n masiva hace de Espa\u00f1a un &quot;Estado m\u00e1s justo&quot;. &quot;Estas personas forman parte de nuestra sociedad y negarles derechos b\u00e1sicos es una anomal\u00eda que no nos podemos permitir&quot;. No obstante, esta formaci\u00f3n denuncia que los ap\u00e1tridas, en concreto, los inmigrantes saharauis, quedan fuera del objetivo del Reglamento, informa Marisa Cruz.Solicitantes de asiloPor otra parte, en los primeros borradores hab\u00eda cierta confusi\u00f3n con respecto a los solicitantes de protecci\u00f3n internacional, a los que se exig\u00eda renunciar a estos procesos para adherirse a la regularizaci\u00f3n. De nuevo, tras las consideraciones del Consejo, s\u00f3lo se les exige abandonar la v\u00eda de la protecci\u00f3n internacional si el permiso de residencia por regularizaci\u00f3n extraordinaria les ha sido concedido.El Ejecutivo aprobar\u00e1 as\u00ed la iniciativa pactada con Podemos el pasado 26 de enero que, pese a las aseveraciones del Gobierno sobre el consenso logrado, ha suscitado numerosas cr\u00edticas. Entre ellas las del propio Consejo de Estado, que apreciaba en el texto de la norma que le fue remitido &quot;un considerable desorden y falta sistem\u00e1tica en sus estructuras y distribuci\u00f3n de materias&quot;.Las estimaciones del Gobierno apuntaban a que medio mill\u00f3n de inmigrantes en situaci\u00f3n irregular podr\u00edan beneficiarse de esta medida, pero un an\u00e1lisis de Funcas apunto que el n\u00famero de benecificiarios podr\u00eda acercarse mucho al mill\u00f3n: 870.000. Sea como fuere, el Ejecutivo est\u00e1 decicido a maximizar el n\u00famero de personas que se acojan a la medida por &quot;una cuesti\u00f3n moral&quot;, ha se\u00f1alado esta ma\u00f1ana desde Pek\u00edn el presidente, Pedro S\u00e1nchez, as\u00ed como &quot;desde un punto de vista de inter\u00e9s econ\u00f3mico&quot; de cara a hacer frente al &quot;invierno demogr\u00e1fico&quot; que atraviesa el pa\u00eds.\" \/>\n<meta property=\"og:url\" content=\"https:\/\/vof-news.eu\/es\/el-gobierno-no-expulsara-a-los-inmigrantes-que-no-obtengan-el-permiso-tras-la-regularizacion-seguiran-en-espana-en-situacion-irregular\/\" \/>\n<meta property=\"og:site_name\" content=\"vof-news.eu\" \/>\n<meta property=\"article:published_time\" content=\"2026-04-14T18:56:27+00:00\" \/>\n<meta property=\"article:modified_time\" content=\"2026-04-14T18:56:54+00:00\" \/>\n<meta name=\"author\" content=\"Author\" \/>\n<meta name=\"twitter:card\" content=\"summary_large_image\" \/>\n<meta name=\"twitter:label1\" content=\"Escrito por\" \/>\n\t<meta name=\"twitter:data1\" content=\"Author\" \/>\n\t<meta name=\"twitter:label2\" content=\"Tiempo de lectura\" \/>\n\t<meta name=\"twitter:data2\" content=\"6 minutos\" \/>\n<script type=\"application\/ld+json\" class=\"yoast-schema-graph\">{\"@context\":\"https:\/\/schema.org\",\"@graph\":[{\"@type\":\"WebPage\",\"@id\":\"https:\/\/vof-news.eu\/es\/el-gobierno-no-expulsara-a-los-inmigrantes-que-no-obtengan-el-permiso-tras-la-regularizacion-seguiran-en-espana-en-situacion-irregular\/\",\"url\":\"https:\/\/vof-news.eu\/es\/el-gobierno-no-expulsara-a-los-inmigrantes-que-no-obtengan-el-permiso-tras-la-regularizacion-seguiran-en-espana-en-situacion-irregular\/\",\"name\":\"El Gobierno no expulsar\u00e1 a los inmigrantes que no obtengan el permiso tras la regularizaci\u00f3n: seguir\u00e1n en Espa\u00f1a en situaci\u00f3n irregular - vof-news.eu\",\"isPartOf\":{\"@id\":\"https:\/\/vof-news.eu\/es\/#website\"},\"datePublished\":\"2026-04-14T18:56:27+00:00\",\"dateModified\":\"2026-04-14T18:56:54+00:00\",\"author\":{\"@id\":\"https:\/\/vof-news.eu\/es\/#\/schema\/person\/f6a2a4309f0561835797fd8c19b333ed\"},\"description\":\"Los inmigrantes que reciban una resoluci\u00f3n negativa a su proceso de regularizaci\u00f3n extraordinaria permanecer\u00e1n en Espa\u00f1a tal y como estaban: en situaci\u00f3n irregular. El Gobierno, que calcula un total de 500.000 beneficiarios finales de esta medida, no expulsar\u00e1 a las personas que no obtengan los papeles tras haber iniciado el tr\u00e1mite. As\u00ed lo han afirmado fuentes del Ministerio de Inclusi\u00f3n, Seguridad Social y Migraciones, que llevado al Consejo de Ministros el real decreto que regularizar\u00e1 de forma extraordinaria a estas personas. De acuerdo con las observaciones del Consejo de Estado, el Gobierno ha endurecido el texto, que ahora obliga a que los extranjeros certifiquen que no tienen antecedentes penales para legalizarse, toda vez que el Ejecutivo colaborar\u00e1 con ellos para maximizar el n\u00famero de beneficiarios de esta medida. Desde ahora, los interesados en acogerse a la regularizaci\u00f3n disponen de un mes para solicitar un certificado de antecedentes que demuestre que carecen de ellos en Espa\u00f1a y en el pa\u00eds de origen desde los 5 a\u00f1os anteriores a la presentaci\u00f3n de la solicitud. Las fuentes del Ministerio consultadas precisan que, en el caso de haber vivido en otro pa\u00eds diferente a los ya citados, tambi\u00e9n deber\u00e1n solicitar este certificado en esos lugares. Si no consiguen recabar esta documentaci\u00f3n, el ministerio de la Presidencia, Justicia y Relaciones con las Cortes podr\u00e1 solicitarla por la v\u00eda diplom\u00e1tica en un plazo de tres meses.Los extranjeros podr\u00e1n presentar sus solicitudes de forma telem\u00e1tica o presencial, con cita previa y en oficinas de la Seguridad Social, Correos y Extranjer\u00eda, entre este jueves 16 de abril y el pr\u00f3ximo 30 de junio de 2026. Adem\u00e1s del certificado de antecedentes, deber\u00e1n acreditar que llegaron a Espa\u00f1a antes del 1 de enero de 2026, que han permanecido en el pa\u00eds al menos cinco meses consecutivos y que no representan \\\"una amenaza para el orden p\u00fablico\\\". Adem\u00e1s, deber\u00e1n acreditar uno de estos tres requisitos: tener alg\u00fan v\u00ednculo laboral en Espa\u00f1a, que permanecen en el pa\u00eds junto a su familia si hay hijos menores o personas dependientes o que se encuentran en una situaci\u00f3n de vulnerabilidad.Este \u00faltimo criterio deber\u00e1 acreditarse \\\"siempre y cuando est\u00e9 accediendo a la regularizaci\u00f3n por la disposici\u00f3n adicional vig\u00e9simoprimera [referente a los solicitantes de protecci\u00f3n internacional] y no cuente con un proyecto laboral, ni circunstancias para acceder por los aspectos familiares\\\", explican fuentes de Migraciones. Ser\u00e1 una entidad del tercer sector inscrita en el Registro de Colaborades de Extranjer\u00eda la encargada de certificar esta situaci\u00f3n, reflejando en dicho documento \\\"el nombre, la entidad, y las circunstancias que dan lugar a esa situaci\u00f3n de precariedad. Por ejemplo: la situaci\u00f3n de precariedad, el riesgo psicosocial o la imposibilidad de acceder a una vivienda, entre otros\\\".Pero la obtenci\u00f3n del certificado de antecedentes es uno de los grandes retos a los que se enfrentan los extranjeros que deseen legalizarse. De ah\u00ed las colas que se formaron frente a consulados en cuanto se anunci\u00f3 la puesta en marcha de esta medida. En principio, el primer borrador del Ejecutivo planteaba la presentaci\u00f3n del justificante de petici\u00f3n de dicho documento, as\u00ed como una declaraci\u00f3n voluntaria en la que el interesado aseguraba no tenerlos. Tras las consideraciones del Consejo de Estado, esto \u00faltimo ya no basta en caso de no ser capaz de recabar el documento. As\u00ed, el nuevo texto del Gobierno, adelantado por la Cadena Ser y El Pa\u00eds, prev\u00e9 un modelo menos permisivo que el anterior.No obstante, para no mermar el n\u00famero de beneficiarios, la norma alarga los plazos para obtenerlo, colaborando as\u00ed el Gobierno con los inmigrantes. Si despu\u00e9s de un mes desde la solicitud del certificado de penales \u00e9ste no se ha recibido, el Ministerio de Presidencia podr\u00e1 de recabarlo por v\u00eda diplom\u00e1tica, siempre que el extranjero aporte la documentaci\u00f3n necesaria. Se abrir\u00e1 entonces un plazo de tres meses para recibir esa documentaci\u00f3n y, si no llega, el extranjero dispondr\u00e1 de 15 d\u00edas adicionales para intentarlo de nuevo. Si no lo consigue, no podr\u00e1 optar al proceso.Por su parte, el socio minoritario del Gobierno discrepa de la seria exigencia planteada por el Consejo de Estado e implementada por el Ejecutivo respecto a la necesidad de presentar un certificado que acredite la ausencia de antecedentes penales tanto en Espa\u00f1a como en cualquier pa\u00eds en el que hayan residido en los \u00faltimos cinco a\u00f1os.Para Sumar, como ha advertido su portavoz en el Congreso, Ver\u00f3nica Barbero, \\\"los problemas administrativos o de plazos no deber\u00edan obstaculizar la regularizaci\u00f3n de todas las personas\\\". Y, en consecuencia, insiste en que el Gobierno tendr\u00e1 que poner cuantos instrumentos est\u00e9n en su mano para conseguir que el objetivo del reglamento de regularizaci\u00f3n se cumpla \u00edntegramente. Esto es as\u00ed porque, seg\u00fan Barbero, los inmigrantes \\\"se lo merecen y se lo han ganado\\\".Con esta respuesta, la portavoz parlamentaria, se ha referido tambi\u00e9n al anuncio de Comisiones Obreras de convocatoria de huelga en las oficinas de extranjer\u00eda por la sobrecarga de trabajo que supone la regularizaci\u00f3n masiva. Sumar asegura respetar y respaldar el derecho de huelga de estos trabajadores e insiste en que este anuncio \\\"interpela al Gobierno\\\" que es, afirma, el que debe poner todos los medios a disposici\u00f3n de las oficinas de extranjer\u00eda para que todo el que lo desee pueda ejercer su derecho a pedir la regularizaci\u00f3n.Comprom\u00eds coincide en que la regularizaci\u00f3n masiva hace de Espa\u00f1a un \\\"Estado m\u00e1s justo\\\". \\\"Estas personas forman parte de nuestra sociedad y negarles derechos b\u00e1sicos es una anomal\u00eda que no nos podemos permitir\\\". No obstante, esta formaci\u00f3n denuncia que los ap\u00e1tridas, en concreto, los inmigrantes saharauis, quedan fuera del objetivo del Reglamento, informa Marisa Cruz.Solicitantes de asiloPor otra parte, en los primeros borradores hab\u00eda cierta confusi\u00f3n con respecto a los solicitantes de protecci\u00f3n internacional, a los que se exig\u00eda renunciar a estos procesos para adherirse a la regularizaci\u00f3n. De nuevo, tras las consideraciones del Consejo, s\u00f3lo se les exige abandonar la v\u00eda de la protecci\u00f3n internacional si el permiso de residencia por regularizaci\u00f3n extraordinaria les ha sido concedido.El Ejecutivo aprobar\u00e1 as\u00ed la iniciativa pactada con Podemos el pasado 26 de enero que, pese a las aseveraciones del Gobierno sobre el consenso logrado, ha suscitado numerosas cr\u00edticas. Entre ellas las del propio Consejo de Estado, que apreciaba en el texto de la norma que le fue remitido \\\"un considerable desorden y falta sistem\u00e1tica en sus estructuras y distribuci\u00f3n de materias\\\".Las estimaciones del Gobierno apuntaban a que medio mill\u00f3n de inmigrantes en situaci\u00f3n irregular podr\u00edan beneficiarse de esta medida, pero un an\u00e1lisis de Funcas apunto que el n\u00famero de benecificiarios podr\u00eda acercarse mucho al mill\u00f3n: 870.000. Sea como fuere, el Ejecutivo est\u00e1 decicido a maximizar el n\u00famero de personas que se acojan a la medida por \\\"una cuesti\u00f3n moral\\\", ha se\u00f1alado esta ma\u00f1ana desde Pek\u00edn el presidente, Pedro S\u00e1nchez, as\u00ed como \\\"desde un punto de vista de inter\u00e9s econ\u00f3mico\\\" de cara a hacer frente al \\\"invierno demogr\u00e1fico\\\" que atraviesa el pa\u00eds.\",\"breadcrumb\":{\"@id\":\"https:\/\/vof-news.eu\/es\/el-gobierno-no-expulsara-a-los-inmigrantes-que-no-obtengan-el-permiso-tras-la-regularizacion-seguiran-en-espana-en-situacion-irregular\/#breadcrumb\"},\"inLanguage\":\"es\",\"potentialAction\":[{\"@type\":\"ReadAction\",\"target\":[\"https:\/\/vof-news.eu\/es\/el-gobierno-no-expulsara-a-los-inmigrantes-que-no-obtengan-el-permiso-tras-la-regularizacion-seguiran-en-espana-en-situacion-irregular\/\"]}]},{\"@type\":\"BreadcrumbList\",\"@id\":\"https:\/\/vof-news.eu\/es\/el-gobierno-no-expulsara-a-los-inmigrantes-que-no-obtengan-el-permiso-tras-la-regularizacion-seguiran-en-espana-en-situacion-irregular\/#breadcrumb\",\"itemListElement\":[{\"@type\":\"ListItem\",\"position\":1,\"name\":\"Home\",\"item\":\"https:\/\/vof-news.eu\/es\/\"},{\"@type\":\"ListItem\",\"position\":2,\"name\":\"El Gobierno no expulsar\u00e1 a los inmigrantes que no obtengan el permiso tras la regularizaci\u00f3n: seguir\u00e1n en Espa\u00f1a en situaci\u00f3n irregular\"}]},{\"@type\":\"WebSite\",\"@id\":\"https:\/\/vof-news.eu\/es\/#website\",\"url\":\"https:\/\/vof-news.eu\/es\/\",\"name\":\"vof-news.eu\",\"description\":\"\",\"potentialAction\":[{\"@type\":\"SearchAction\",\"target\":{\"@type\":\"EntryPoint\",\"urlTemplate\":\"https:\/\/vof-news.eu\/es\/?s={search_term_string}\"},\"query-input\":\"required name=search_term_string\"}],\"inLanguage\":\"es\"},{\"@type\":\"Person\",\"@id\":\"https:\/\/vof-news.eu\/es\/#\/schema\/person\/f6a2a4309f0561835797fd8c19b333ed\",\"name\":\"Author\",\"image\":{\"@type\":\"ImageObject\",\"inLanguage\":\"es\",\"@id\":\"https:\/\/vof-news.eu\/es\/#\/schema\/person\/image\/\",\"url\":\"https:\/\/secure.gravatar.com\/avatar\/b67e614b1b25b3e9c0c239efdd2fde5ab015b5affd6f1c3c85911ca4b384e790?s=96&d=mm&r=g\",\"contentUrl\":\"https:\/\/secure.gravatar.com\/avatar\/b67e614b1b25b3e9c0c239efdd2fde5ab015b5affd6f1c3c85911ca4b384e790?s=96&d=mm&r=g\",\"caption\":\"Author\"},\"sameAs\":[\"http:\/\/vof-news.eu\"],\"url\":\"https:\/\/vof-news.eu\/es\/author\/zwt6qxnjulxbnyg\/\"}]}<\/script>\n<!-- \/ Yoast SEO plugin. -->","yoast_head_json":{"title":"El Gobierno no expulsar\u00e1 a los inmigrantes que no obtengan el permiso tras la regularizaci\u00f3n: seguir\u00e1n en Espa\u00f1a en situaci\u00f3n irregular - vof-news.eu","description":"Los inmigrantes que reciban una resoluci\u00f3n negativa a su proceso de regularizaci\u00f3n extraordinaria permanecer\u00e1n en Espa\u00f1a tal y como estaban: en situaci\u00f3n irregular. El Gobierno, que calcula un total de 500.000 beneficiarios finales de esta medida, no expulsar\u00e1 a las personas que no obtengan los papeles tras haber iniciado el tr\u00e1mite. As\u00ed lo han afirmado fuentes del Ministerio de Inclusi\u00f3n, Seguridad Social y Migraciones, que llevado al Consejo de Ministros el real decreto que regularizar\u00e1 de forma extraordinaria a estas personas. De acuerdo con las observaciones del Consejo de Estado, el Gobierno ha endurecido el texto, que ahora obliga a que los extranjeros certifiquen que no tienen antecedentes penales para legalizarse, toda vez que el Ejecutivo colaborar\u00e1 con ellos para maximizar el n\u00famero de beneficiarios de esta medida. Desde ahora, los interesados en acogerse a la regularizaci\u00f3n disponen de un mes para solicitar un certificado de antecedentes que demuestre que carecen de ellos en Espa\u00f1a y en el pa\u00eds de origen desde los 5 a\u00f1os anteriores a la presentaci\u00f3n de la solicitud. Las fuentes del Ministerio consultadas precisan que, en el caso de haber vivido en otro pa\u00eds diferente a los ya citados, tambi\u00e9n deber\u00e1n solicitar este certificado en esos lugares. Si no consiguen recabar esta documentaci\u00f3n, el ministerio de la Presidencia, Justicia y Relaciones con las Cortes podr\u00e1 solicitarla por la v\u00eda diplom\u00e1tica en un plazo de tres meses.Los extranjeros podr\u00e1n presentar sus solicitudes de forma telem\u00e1tica o presencial, con cita previa y en oficinas de la Seguridad Social, Correos y Extranjer\u00eda, entre este jueves 16 de abril y el pr\u00f3ximo 30 de junio de 2026. Adem\u00e1s del certificado de antecedentes, deber\u00e1n acreditar que llegaron a Espa\u00f1a antes del 1 de enero de 2026, que han permanecido en el pa\u00eds al menos cinco meses consecutivos y que no representan \"una amenaza para el orden p\u00fablico\". Adem\u00e1s, deber\u00e1n acreditar uno de estos tres requisitos: tener alg\u00fan v\u00ednculo laboral en Espa\u00f1a, que permanecen en el pa\u00eds junto a su familia si hay hijos menores o personas dependientes o que se encuentran en una situaci\u00f3n de vulnerabilidad.Este \u00faltimo criterio deber\u00e1 acreditarse \"siempre y cuando est\u00e9 accediendo a la regularizaci\u00f3n por la disposici\u00f3n adicional vig\u00e9simoprimera [referente a los solicitantes de protecci\u00f3n internacional] y no cuente con un proyecto laboral, ni circunstancias para acceder por los aspectos familiares\", explican fuentes de Migraciones. Ser\u00e1 una entidad del tercer sector inscrita en el Registro de Colaborades de Extranjer\u00eda la encargada de certificar esta situaci\u00f3n, reflejando en dicho documento \"el nombre, la entidad, y las circunstancias que dan lugar a esa situaci\u00f3n de precariedad. Por ejemplo: la situaci\u00f3n de precariedad, el riesgo psicosocial o la imposibilidad de acceder a una vivienda, entre otros\".Pero la obtenci\u00f3n del certificado de antecedentes es uno de los grandes retos a los que se enfrentan los extranjeros que deseen legalizarse. De ah\u00ed las colas que se formaron frente a consulados en cuanto se anunci\u00f3 la puesta en marcha de esta medida. En principio, el primer borrador del Ejecutivo planteaba la presentaci\u00f3n del justificante de petici\u00f3n de dicho documento, as\u00ed como una declaraci\u00f3n voluntaria en la que el interesado aseguraba no tenerlos. Tras las consideraciones del Consejo de Estado, esto \u00faltimo ya no basta en caso de no ser capaz de recabar el documento. As\u00ed, el nuevo texto del Gobierno, adelantado por la Cadena Ser y El Pa\u00eds, prev\u00e9 un modelo menos permisivo que el anterior.No obstante, para no mermar el n\u00famero de beneficiarios, la norma alarga los plazos para obtenerlo, colaborando as\u00ed el Gobierno con los inmigrantes. Si despu\u00e9s de un mes desde la solicitud del certificado de penales \u00e9ste no se ha recibido, el Ministerio de Presidencia podr\u00e1 de recabarlo por v\u00eda diplom\u00e1tica, siempre que el extranjero aporte la documentaci\u00f3n necesaria. Se abrir\u00e1 entonces un plazo de tres meses para recibir esa documentaci\u00f3n y, si no llega, el extranjero dispondr\u00e1 de 15 d\u00edas adicionales para intentarlo de nuevo. Si no lo consigue, no podr\u00e1 optar al proceso.Por su parte, el socio minoritario del Gobierno discrepa de la seria exigencia planteada por el Consejo de Estado e implementada por el Ejecutivo respecto a la necesidad de presentar un certificado que acredite la ausencia de antecedentes penales tanto en Espa\u00f1a como en cualquier pa\u00eds en el que hayan residido en los \u00faltimos cinco a\u00f1os.Para Sumar, como ha advertido su portavoz en el Congreso, Ver\u00f3nica Barbero, \"los problemas administrativos o de plazos no deber\u00edan obstaculizar la regularizaci\u00f3n de todas las personas\". Y, en consecuencia, insiste en que el Gobierno tendr\u00e1 que poner cuantos instrumentos est\u00e9n en su mano para conseguir que el objetivo del reglamento de regularizaci\u00f3n se cumpla \u00edntegramente. Esto es as\u00ed porque, seg\u00fan Barbero, los inmigrantes \"se lo merecen y se lo han ganado\".Con esta respuesta, la portavoz parlamentaria, se ha referido tambi\u00e9n al anuncio de Comisiones Obreras de convocatoria de huelga en las oficinas de extranjer\u00eda por la sobrecarga de trabajo que supone la regularizaci\u00f3n masiva. Sumar asegura respetar y respaldar el derecho de huelga de estos trabajadores e insiste en que este anuncio \"interpela al Gobierno\" que es, afirma, el que debe poner todos los medios a disposici\u00f3n de las oficinas de extranjer\u00eda para que todo el que lo desee pueda ejercer su derecho a pedir la regularizaci\u00f3n.Comprom\u00eds coincide en que la regularizaci\u00f3n masiva hace de Espa\u00f1a un \"Estado m\u00e1s justo\". \"Estas personas forman parte de nuestra sociedad y negarles derechos b\u00e1sicos es una anomal\u00eda que no nos podemos permitir\". No obstante, esta formaci\u00f3n denuncia que los ap\u00e1tridas, en concreto, los inmigrantes saharauis, quedan fuera del objetivo del Reglamento, informa Marisa Cruz.Solicitantes de asiloPor otra parte, en los primeros borradores hab\u00eda cierta confusi\u00f3n con respecto a los solicitantes de protecci\u00f3n internacional, a los que se exig\u00eda renunciar a estos procesos para adherirse a la regularizaci\u00f3n. De nuevo, tras las consideraciones del Consejo, s\u00f3lo se les exige abandonar la v\u00eda de la protecci\u00f3n internacional si el permiso de residencia por regularizaci\u00f3n extraordinaria les ha sido concedido.El Ejecutivo aprobar\u00e1 as\u00ed la iniciativa pactada con Podemos el pasado 26 de enero que, pese a las aseveraciones del Gobierno sobre el consenso logrado, ha suscitado numerosas cr\u00edticas. Entre ellas las del propio Consejo de Estado, que apreciaba en el texto de la norma que le fue remitido \"un considerable desorden y falta sistem\u00e1tica en sus estructuras y distribuci\u00f3n de materias\".Las estimaciones del Gobierno apuntaban a que medio mill\u00f3n de inmigrantes en situaci\u00f3n irregular podr\u00edan beneficiarse de esta medida, pero un an\u00e1lisis de Funcas apunto que el n\u00famero de benecificiarios podr\u00eda acercarse mucho al mill\u00f3n: 870.000. Sea como fuere, el Ejecutivo est\u00e1 decicido a maximizar el n\u00famero de personas que se acojan a la medida por \"una cuesti\u00f3n moral\", ha se\u00f1alado esta ma\u00f1ana desde Pek\u00edn el presidente, Pedro S\u00e1nchez, as\u00ed como \"desde un punto de vista de inter\u00e9s econ\u00f3mico\" de cara a hacer frente al \"invierno demogr\u00e1fico\" que atraviesa el pa\u00eds.","robots":{"index":"noindex","follow":"follow","max-snippet":"max-snippet:-1","max-image-preview":"max-image-preview:large","max-video-preview":"max-video-preview:-1"},"og_locale":"es_ES","og_type":"article","og_title":"El Gobierno no expulsar\u00e1 a los inmigrantes que no obtengan el permiso tras la regularizaci\u00f3n: seguir\u00e1n en Espa\u00f1a en situaci\u00f3n irregular - vof-news.eu","og_description":"Los inmigrantes que reciban una resoluci\u00f3n negativa a su proceso de regularizaci\u00f3n extraordinaria permanecer\u00e1n en Espa\u00f1a tal y como estaban: en situaci\u00f3n irregular. El Gobierno, que calcula un total de 500.000 beneficiarios finales de esta medida, no expulsar\u00e1 a las personas que no obtengan los papeles tras haber iniciado el tr\u00e1mite. As\u00ed lo han afirmado fuentes del Ministerio de Inclusi\u00f3n, Seguridad Social y Migraciones, que llevado al Consejo de Ministros el real decreto que regularizar\u00e1 de forma extraordinaria a estas personas. De acuerdo con las observaciones del Consejo de Estado, el Gobierno ha endurecido el texto, que ahora obliga a que los extranjeros certifiquen que no tienen antecedentes penales para legalizarse, toda vez que el Ejecutivo colaborar\u00e1 con ellos para maximizar el n\u00famero de beneficiarios de esta medida. Desde ahora, los interesados en acogerse a la regularizaci\u00f3n disponen de un mes para solicitar un certificado de antecedentes que demuestre que carecen de ellos en Espa\u00f1a y en el pa\u00eds de origen desde los 5 a\u00f1os anteriores a la presentaci\u00f3n de la solicitud. Las fuentes del Ministerio consultadas precisan que, en el caso de haber vivido en otro pa\u00eds diferente a los ya citados, tambi\u00e9n deber\u00e1n solicitar este certificado en esos lugares. Si no consiguen recabar esta documentaci\u00f3n, el ministerio de la Presidencia, Justicia y Relaciones con las Cortes podr\u00e1 solicitarla por la v\u00eda diplom\u00e1tica en un plazo de tres meses.Los extranjeros podr\u00e1n presentar sus solicitudes de forma telem\u00e1tica o presencial, con cita previa y en oficinas de la Seguridad Social, Correos y Extranjer\u00eda, entre este jueves 16 de abril y el pr\u00f3ximo 30 de junio de 2026. Adem\u00e1s del certificado de antecedentes, deber\u00e1n acreditar que llegaron a Espa\u00f1a antes del 1 de enero de 2026, que han permanecido en el pa\u00eds al menos cinco meses consecutivos y que no representan \"una amenaza para el orden p\u00fablico\". Adem\u00e1s, deber\u00e1n acreditar uno de estos tres requisitos: tener alg\u00fan v\u00ednculo laboral en Espa\u00f1a, que permanecen en el pa\u00eds junto a su familia si hay hijos menores o personas dependientes o que se encuentran en una situaci\u00f3n de vulnerabilidad.Este \u00faltimo criterio deber\u00e1 acreditarse \"siempre y cuando est\u00e9 accediendo a la regularizaci\u00f3n por la disposici\u00f3n adicional vig\u00e9simoprimera [referente a los solicitantes de protecci\u00f3n internacional] y no cuente con un proyecto laboral, ni circunstancias para acceder por los aspectos familiares\", explican fuentes de Migraciones. Ser\u00e1 una entidad del tercer sector inscrita en el Registro de Colaborades de Extranjer\u00eda la encargada de certificar esta situaci\u00f3n, reflejando en dicho documento \"el nombre, la entidad, y las circunstancias que dan lugar a esa situaci\u00f3n de precariedad. Por ejemplo: la situaci\u00f3n de precariedad, el riesgo psicosocial o la imposibilidad de acceder a una vivienda, entre otros\".Pero la obtenci\u00f3n del certificado de antecedentes es uno de los grandes retos a los que se enfrentan los extranjeros que deseen legalizarse. De ah\u00ed las colas que se formaron frente a consulados en cuanto se anunci\u00f3 la puesta en marcha de esta medida. En principio, el primer borrador del Ejecutivo planteaba la presentaci\u00f3n del justificante de petici\u00f3n de dicho documento, as\u00ed como una declaraci\u00f3n voluntaria en la que el interesado aseguraba no tenerlos. Tras las consideraciones del Consejo de Estado, esto \u00faltimo ya no basta en caso de no ser capaz de recabar el documento. As\u00ed, el nuevo texto del Gobierno, adelantado por la Cadena Ser y El Pa\u00eds, prev\u00e9 un modelo menos permisivo que el anterior.No obstante, para no mermar el n\u00famero de beneficiarios, la norma alarga los plazos para obtenerlo, colaborando as\u00ed el Gobierno con los inmigrantes. Si despu\u00e9s de un mes desde la solicitud del certificado de penales \u00e9ste no se ha recibido, el Ministerio de Presidencia podr\u00e1 de recabarlo por v\u00eda diplom\u00e1tica, siempre que el extranjero aporte la documentaci\u00f3n necesaria. Se abrir\u00e1 entonces un plazo de tres meses para recibir esa documentaci\u00f3n y, si no llega, el extranjero dispondr\u00e1 de 15 d\u00edas adicionales para intentarlo de nuevo. Si no lo consigue, no podr\u00e1 optar al proceso.Por su parte, el socio minoritario del Gobierno discrepa de la seria exigencia planteada por el Consejo de Estado e implementada por el Ejecutivo respecto a la necesidad de presentar un certificado que acredite la ausencia de antecedentes penales tanto en Espa\u00f1a como en cualquier pa\u00eds en el que hayan residido en los \u00faltimos cinco a\u00f1os.Para Sumar, como ha advertido su portavoz en el Congreso, Ver\u00f3nica Barbero, \"los problemas administrativos o de plazos no deber\u00edan obstaculizar la regularizaci\u00f3n de todas las personas\". Y, en consecuencia, insiste en que el Gobierno tendr\u00e1 que poner cuantos instrumentos est\u00e9n en su mano para conseguir que el objetivo del reglamento de regularizaci\u00f3n se cumpla \u00edntegramente. Esto es as\u00ed porque, seg\u00fan Barbero, los inmigrantes \"se lo merecen y se lo han ganado\".Con esta respuesta, la portavoz parlamentaria, se ha referido tambi\u00e9n al anuncio de Comisiones Obreras de convocatoria de huelga en las oficinas de extranjer\u00eda por la sobrecarga de trabajo que supone la regularizaci\u00f3n masiva. Sumar asegura respetar y respaldar el derecho de huelga de estos trabajadores e insiste en que este anuncio \"interpela al Gobierno\" que es, afirma, el que debe poner todos los medios a disposici\u00f3n de las oficinas de extranjer\u00eda para que todo el que lo desee pueda ejercer su derecho a pedir la regularizaci\u00f3n.Comprom\u00eds coincide en que la regularizaci\u00f3n masiva hace de Espa\u00f1a un \"Estado m\u00e1s justo\". \"Estas personas forman parte de nuestra sociedad y negarles derechos b\u00e1sicos es una anomal\u00eda que no nos podemos permitir\". No obstante, esta formaci\u00f3n denuncia que los ap\u00e1tridas, en concreto, los inmigrantes saharauis, quedan fuera del objetivo del Reglamento, informa Marisa Cruz.Solicitantes de asiloPor otra parte, en los primeros borradores hab\u00eda cierta confusi\u00f3n con respecto a los solicitantes de protecci\u00f3n internacional, a los que se exig\u00eda renunciar a estos procesos para adherirse a la regularizaci\u00f3n. De nuevo, tras las consideraciones del Consejo, s\u00f3lo se les exige abandonar la v\u00eda de la protecci\u00f3n internacional si el permiso de residencia por regularizaci\u00f3n extraordinaria les ha sido concedido.El Ejecutivo aprobar\u00e1 as\u00ed la iniciativa pactada con Podemos el pasado 26 de enero que, pese a las aseveraciones del Gobierno sobre el consenso logrado, ha suscitado numerosas cr\u00edticas. Entre ellas las del propio Consejo de Estado, que apreciaba en el texto de la norma que le fue remitido \"un considerable desorden y falta sistem\u00e1tica en sus estructuras y distribuci\u00f3n de materias\".Las estimaciones del Gobierno apuntaban a que medio mill\u00f3n de inmigrantes en situaci\u00f3n irregular podr\u00edan beneficiarse de esta medida, pero un an\u00e1lisis de Funcas apunto que el n\u00famero de benecificiarios podr\u00eda acercarse mucho al mill\u00f3n: 870.000. Sea como fuere, el Ejecutivo est\u00e1 decicido a maximizar el n\u00famero de personas que se acojan a la medida por \"una cuesti\u00f3n moral\", ha se\u00f1alado esta ma\u00f1ana desde Pek\u00edn el presidente, Pedro S\u00e1nchez, as\u00ed como \"desde un punto de vista de inter\u00e9s econ\u00f3mico\" de cara a hacer frente al \"invierno demogr\u00e1fico\" que atraviesa el pa\u00eds.","og_url":"https:\/\/vof-news.eu\/es\/el-gobierno-no-expulsara-a-los-inmigrantes-que-no-obtengan-el-permiso-tras-la-regularizacion-seguiran-en-espana-en-situacion-irregular\/","og_site_name":"vof-news.eu","article_published_time":"2026-04-14T18:56:27+00:00","article_modified_time":"2026-04-14T18:56:54+00:00","author":"Author","twitter_card":"summary_large_image","twitter_misc":{"Escrito por":"Author","Tiempo de lectura":"6 minutos"},"schema":{"@context":"https:\/\/schema.org","@graph":[{"@type":"WebPage","@id":"https:\/\/vof-news.eu\/es\/el-gobierno-no-expulsara-a-los-inmigrantes-que-no-obtengan-el-permiso-tras-la-regularizacion-seguiran-en-espana-en-situacion-irregular\/","url":"https:\/\/vof-news.eu\/es\/el-gobierno-no-expulsara-a-los-inmigrantes-que-no-obtengan-el-permiso-tras-la-regularizacion-seguiran-en-espana-en-situacion-irregular\/","name":"El Gobierno no expulsar\u00e1 a los inmigrantes que no obtengan el permiso tras la regularizaci\u00f3n: seguir\u00e1n en Espa\u00f1a en situaci\u00f3n irregular - vof-news.eu","isPartOf":{"@id":"https:\/\/vof-news.eu\/es\/#website"},"datePublished":"2026-04-14T18:56:27+00:00","dateModified":"2026-04-14T18:56:54+00:00","author":{"@id":"https:\/\/vof-news.eu\/es\/#\/schema\/person\/f6a2a4309f0561835797fd8c19b333ed"},"description":"Los inmigrantes que reciban una resoluci\u00f3n negativa a su proceso de regularizaci\u00f3n extraordinaria permanecer\u00e1n en Espa\u00f1a tal y como estaban: en situaci\u00f3n irregular. El Gobierno, que calcula un total de 500.000 beneficiarios finales de esta medida, no expulsar\u00e1 a las personas que no obtengan los papeles tras haber iniciado el tr\u00e1mite. As\u00ed lo han afirmado fuentes del Ministerio de Inclusi\u00f3n, Seguridad Social y Migraciones, que llevado al Consejo de Ministros el real decreto que regularizar\u00e1 de forma extraordinaria a estas personas. De acuerdo con las observaciones del Consejo de Estado, el Gobierno ha endurecido el texto, que ahora obliga a que los extranjeros certifiquen que no tienen antecedentes penales para legalizarse, toda vez que el Ejecutivo colaborar\u00e1 con ellos para maximizar el n\u00famero de beneficiarios de esta medida. Desde ahora, los interesados en acogerse a la regularizaci\u00f3n disponen de un mes para solicitar un certificado de antecedentes que demuestre que carecen de ellos en Espa\u00f1a y en el pa\u00eds de origen desde los 5 a\u00f1os anteriores a la presentaci\u00f3n de la solicitud. Las fuentes del Ministerio consultadas precisan que, en el caso de haber vivido en otro pa\u00eds diferente a los ya citados, tambi\u00e9n deber\u00e1n solicitar este certificado en esos lugares. Si no consiguen recabar esta documentaci\u00f3n, el ministerio de la Presidencia, Justicia y Relaciones con las Cortes podr\u00e1 solicitarla por la v\u00eda diplom\u00e1tica en un plazo de tres meses.Los extranjeros podr\u00e1n presentar sus solicitudes de forma telem\u00e1tica o presencial, con cita previa y en oficinas de la Seguridad Social, Correos y Extranjer\u00eda, entre este jueves 16 de abril y el pr\u00f3ximo 30 de junio de 2026. Adem\u00e1s del certificado de antecedentes, deber\u00e1n acreditar que llegaron a Espa\u00f1a antes del 1 de enero de 2026, que han permanecido en el pa\u00eds al menos cinco meses consecutivos y que no representan \"una amenaza para el orden p\u00fablico\". Adem\u00e1s, deber\u00e1n acreditar uno de estos tres requisitos: tener alg\u00fan v\u00ednculo laboral en Espa\u00f1a, que permanecen en el pa\u00eds junto a su familia si hay hijos menores o personas dependientes o que se encuentran en una situaci\u00f3n de vulnerabilidad.Este \u00faltimo criterio deber\u00e1 acreditarse \"siempre y cuando est\u00e9 accediendo a la regularizaci\u00f3n por la disposici\u00f3n adicional vig\u00e9simoprimera [referente a los solicitantes de protecci\u00f3n internacional] y no cuente con un proyecto laboral, ni circunstancias para acceder por los aspectos familiares\", explican fuentes de Migraciones. Ser\u00e1 una entidad del tercer sector inscrita en el Registro de Colaborades de Extranjer\u00eda la encargada de certificar esta situaci\u00f3n, reflejando en dicho documento \"el nombre, la entidad, y las circunstancias que dan lugar a esa situaci\u00f3n de precariedad. Por ejemplo: la situaci\u00f3n de precariedad, el riesgo psicosocial o la imposibilidad de acceder a una vivienda, entre otros\".Pero la obtenci\u00f3n del certificado de antecedentes es uno de los grandes retos a los que se enfrentan los extranjeros que deseen legalizarse. De ah\u00ed las colas que se formaron frente a consulados en cuanto se anunci\u00f3 la puesta en marcha de esta medida. En principio, el primer borrador del Ejecutivo planteaba la presentaci\u00f3n del justificante de petici\u00f3n de dicho documento, as\u00ed como una declaraci\u00f3n voluntaria en la que el interesado aseguraba no tenerlos. Tras las consideraciones del Consejo de Estado, esto \u00faltimo ya no basta en caso de no ser capaz de recabar el documento. As\u00ed, el nuevo texto del Gobierno, adelantado por la Cadena Ser y El Pa\u00eds, prev\u00e9 un modelo menos permisivo que el anterior.No obstante, para no mermar el n\u00famero de beneficiarios, la norma alarga los plazos para obtenerlo, colaborando as\u00ed el Gobierno con los inmigrantes. Si despu\u00e9s de un mes desde la solicitud del certificado de penales \u00e9ste no se ha recibido, el Ministerio de Presidencia podr\u00e1 de recabarlo por v\u00eda diplom\u00e1tica, siempre que el extranjero aporte la documentaci\u00f3n necesaria. Se abrir\u00e1 entonces un plazo de tres meses para recibir esa documentaci\u00f3n y, si no llega, el extranjero dispondr\u00e1 de 15 d\u00edas adicionales para intentarlo de nuevo. Si no lo consigue, no podr\u00e1 optar al proceso.Por su parte, el socio minoritario del Gobierno discrepa de la seria exigencia planteada por el Consejo de Estado e implementada por el Ejecutivo respecto a la necesidad de presentar un certificado que acredite la ausencia de antecedentes penales tanto en Espa\u00f1a como en cualquier pa\u00eds en el que hayan residido en los \u00faltimos cinco a\u00f1os.Para Sumar, como ha advertido su portavoz en el Congreso, Ver\u00f3nica Barbero, \"los problemas administrativos o de plazos no deber\u00edan obstaculizar la regularizaci\u00f3n de todas las personas\". Y, en consecuencia, insiste en que el Gobierno tendr\u00e1 que poner cuantos instrumentos est\u00e9n en su mano para conseguir que el objetivo del reglamento de regularizaci\u00f3n se cumpla \u00edntegramente. Esto es as\u00ed porque, seg\u00fan Barbero, los inmigrantes \"se lo merecen y se lo han ganado\".Con esta respuesta, la portavoz parlamentaria, se ha referido tambi\u00e9n al anuncio de Comisiones Obreras de convocatoria de huelga en las oficinas de extranjer\u00eda por la sobrecarga de trabajo que supone la regularizaci\u00f3n masiva. Sumar asegura respetar y respaldar el derecho de huelga de estos trabajadores e insiste en que este anuncio \"interpela al Gobierno\" que es, afirma, el que debe poner todos los medios a disposici\u00f3n de las oficinas de extranjer\u00eda para que todo el que lo desee pueda ejercer su derecho a pedir la regularizaci\u00f3n.Comprom\u00eds coincide en que la regularizaci\u00f3n masiva hace de Espa\u00f1a un \"Estado m\u00e1s justo\". \"Estas personas forman parte de nuestra sociedad y negarles derechos b\u00e1sicos es una anomal\u00eda que no nos podemos permitir\". No obstante, esta formaci\u00f3n denuncia que los ap\u00e1tridas, en concreto, los inmigrantes saharauis, quedan fuera del objetivo del Reglamento, informa Marisa Cruz.Solicitantes de asiloPor otra parte, en los primeros borradores hab\u00eda cierta confusi\u00f3n con respecto a los solicitantes de protecci\u00f3n internacional, a los que se exig\u00eda renunciar a estos procesos para adherirse a la regularizaci\u00f3n. De nuevo, tras las consideraciones del Consejo, s\u00f3lo se les exige abandonar la v\u00eda de la protecci\u00f3n internacional si el permiso de residencia por regularizaci\u00f3n extraordinaria les ha sido concedido.El Ejecutivo aprobar\u00e1 as\u00ed la iniciativa pactada con Podemos el pasado 26 de enero que, pese a las aseveraciones del Gobierno sobre el consenso logrado, ha suscitado numerosas cr\u00edticas. Entre ellas las del propio Consejo de Estado, que apreciaba en el texto de la norma que le fue remitido \"un considerable desorden y falta sistem\u00e1tica en sus estructuras y distribuci\u00f3n de materias\".Las estimaciones del Gobierno apuntaban a que medio mill\u00f3n de inmigrantes en situaci\u00f3n irregular podr\u00edan beneficiarse de esta medida, pero un an\u00e1lisis de Funcas apunto que el n\u00famero de benecificiarios podr\u00eda acercarse mucho al mill\u00f3n: 870.000. Sea como fuere, el Ejecutivo est\u00e1 decicido a maximizar el n\u00famero de personas que se acojan a la medida por \"una cuesti\u00f3n moral\", ha se\u00f1alado esta ma\u00f1ana desde Pek\u00edn el presidente, Pedro S\u00e1nchez, as\u00ed como \"desde un punto de vista de inter\u00e9s econ\u00f3mico\" de cara a hacer frente al \"invierno demogr\u00e1fico\" que atraviesa el pa\u00eds.","breadcrumb":{"@id":"https:\/\/vof-news.eu\/es\/el-gobierno-no-expulsara-a-los-inmigrantes-que-no-obtengan-el-permiso-tras-la-regularizacion-seguiran-en-espana-en-situacion-irregular\/#breadcrumb"},"inLanguage":"es","potentialAction":[{"@type":"ReadAction","target":["https:\/\/vof-news.eu\/es\/el-gobierno-no-expulsara-a-los-inmigrantes-que-no-obtengan-el-permiso-tras-la-regularizacion-seguiran-en-espana-en-situacion-irregular\/"]}]},{"@type":"BreadcrumbList","@id":"https:\/\/vof-news.eu\/es\/el-gobierno-no-expulsara-a-los-inmigrantes-que-no-obtengan-el-permiso-tras-la-regularizacion-seguiran-en-espana-en-situacion-irregular\/#breadcrumb","itemListElement":[{"@type":"ListItem","position":1,"name":"Home","item":"https:\/\/vof-news.eu\/es\/"},{"@type":"ListItem","position":2,"name":"El Gobierno no expulsar\u00e1 a los inmigrantes que no obtengan el permiso tras la regularizaci\u00f3n: seguir\u00e1n en Espa\u00f1a en situaci\u00f3n irregular"}]},{"@type":"WebSite","@id":"https:\/\/vof-news.eu\/es\/#website","url":"https:\/\/vof-news.eu\/es\/","name":"vof-news.eu","description":"","potentialAction":[{"@type":"SearchAction","target":{"@type":"EntryPoint","urlTemplate":"https:\/\/vof-news.eu\/es\/?s={search_term_string}"},"query-input":"required name=search_term_string"}],"inLanguage":"es"},{"@type":"Person","@id":"https:\/\/vof-news.eu\/es\/#\/schema\/person\/f6a2a4309f0561835797fd8c19b333ed","name":"Author","image":{"@type":"ImageObject","inLanguage":"es","@id":"https:\/\/vof-news.eu\/es\/#\/schema\/person\/image\/","url":"https:\/\/secure.gravatar.com\/avatar\/b67e614b1b25b3e9c0c239efdd2fde5ab015b5affd6f1c3c85911ca4b384e790?s=96&d=mm&r=g","contentUrl":"https:\/\/secure.gravatar.com\/avatar\/b67e614b1b25b3e9c0c239efdd2fde5ab015b5affd6f1c3c85911ca4b384e790?s=96&d=mm&r=g","caption":"Author"},"sameAs":["http:\/\/vof-news.eu"],"url":"https:\/\/vof-news.eu\/es\/author\/zwt6qxnjulxbnyg\/"}]}},"yoast_meta":{"yoast_wpseo_title":"","yoast_wpseo_metadesc":"","yoast_wpseo_canonical":""},"_links":{"self":[{"href":"https:\/\/vof-news.eu\/es\/wp-json\/wp\/v2\/posts\/333328","targetHints":{"allow":["GET"]}}],"collection":[{"href":"https:\/\/vof-news.eu\/es\/wp-json\/wp\/v2\/posts"}],"about":[{"href":"https:\/\/vof-news.eu\/es\/wp-json\/wp\/v2\/types\/post"}],"author":[{"embeddable":true,"href":"https:\/\/vof-news.eu\/es\/wp-json\/wp\/v2\/users\/1"}],"replies":[{"embeddable":true,"href":"https:\/\/vof-news.eu\/es\/wp-json\/wp\/v2\/comments?post=333328"}],"version-history":[{"count":1,"href":"https:\/\/vof-news.eu\/es\/wp-json\/wp\/v2\/posts\/333328\/revisions"}],"predecessor-version":[{"id":333339,"href":"https:\/\/vof-news.eu\/es\/wp-json\/wp\/v2\/posts\/333328\/revisions\/333339"}],"wp:attachment":[{"href":"https:\/\/vof-news.eu\/es\/wp-json\/wp\/v2\/media?parent=333328"}],"wp:term":[{"taxonomy":"category","embeddable":true,"href":"https:\/\/vof-news.eu\/es\/wp-json\/wp\/v2\/categories?post=333328"},{"taxonomy":"post_tag","embeddable":true,"href":"https:\/\/vof-news.eu\/es\/wp-json\/wp\/v2\/tags?post=333328"}],"curies":[{"name":"wp","href":"https:\/\/api.w.org\/{rel}","templated":true}]}}