{"id":329665,"date":"2026-03-16T20:57:20","date_gmt":"2026-03-16T17:57:20","guid":{"rendered":"https:\/\/vof-news.eu\/manueco-pide-a-vox-un-pacto-parlamentario-de-cuatro-anos-pero-sin-entrar-en-el-gobierno\/"},"modified":"2026-03-16T20:57:37","modified_gmt":"2026-03-16T17:57:37","slug":"manueco-pide-a-vox-un-pacto-parlamentario-de-cuatro-anos-pero-sin-entrar-en-el-gobierno","status":"publish","type":"post","link":"https:\/\/vof-news.eu\/es\/manueco-pide-a-vox-un-pacto-parlamentario-de-cuatro-anos-pero-sin-entrar-en-el-gobierno\/","title":{"rendered":"Ma\u00f1ueco pide a Vox un pacto parlamentario \u00abde cuatro a\u00f1os\u00bb, pero sin entrar en el Gobierno"},"content":{"rendered":"<div>\n<p>\u00abIniciamos un nuevo camino\u00bb. \u00abLos ciudadanos nos han mandado dos mensajes. El primero es de respaldo a nuestra gesti\u00f3n y a nuestro proyecto de futuro. Pero tambi\u00e9n nos han dicho que hay que dialogar\u00bb. As\u00ed ha resumido <a href=\"https:\/\/www.elmundo.es\/espana\/alfonso-fernandez-manueco.html\" rel=\"nofollow\">Alfonso Fern\u00e1ndez Ma\u00f1ueco<\/a> el <a href=\"https:\/\/www.elmundo.es\/elecciones\/elecciones-castilla-y-leon\/2026\/03\/16\/69b6ef7de4d4d8b1638b4580.html\" rel=\"nofollow\">mandato de las urnas<\/a> en <a href=\"https:\/\/www.elmundo.es\/elecciones\/elecciones-castilla-y-leon.html\" rel=\"nofollow\">Castilla y Le\u00f3n<\/a>.<\/p>\n<p>En una entrevista en Cope este lunes, el candidato ganador de las elecciones, que ha logrado <a href=\"https:\/\/www.elmundo.es\/elecciones\/elecciones-castilla-y-leon\/2026\/03\/16\/69b6f06ee4d4d895408b4582.html\" rel=\"nofollow\">ser el que m\u00e1s crece<\/a> y frenar la inercia de <a href=\"https:\/\/www.elmundo.es\/e\/vo\/vox.html\" rel=\"nofollow\">Vox<\/a>, ha apostado por un acuerdo \u00abde cuatro a\u00f1os\u00bb con Vox, pero prefiere que la formaci\u00f3n de <a href=\"https:\/\/www.elmundo.es\/e\/sa\/santiago-abascal.html\" rel=\"nofollow\">Santiago Abascal<\/a> \u00abse quede fuera\u00bb del Gobierno de la Junta.<\/p>\n<p>Ser\u00eda una f\u00f3rmula, ha dicho, mejor que el Ejecutivo de coalici\u00f3n, que ha funcionado peor en los \u00faltimos a\u00f1os. \u00abAh\u00ed coincidimos Abascal y yo: lo importante no son los sillones, sino construir un proyecto para dar respuesta a los problemas\u00bb, ha subrayado el presidente en funciones de esta comunidad.<\/p>\n<p>\u00abLo que los ciudadanos han dicho es que tiene que liderar el PP\u00bb cualquier acuerdo de gobernabilidad, y que \u00abel proyecto del PP es la base sobre la que se tiene que construir\u00bb esa \u00abalternativa al sanchismo\u00bb, que \u00absirva de modelo para Espa\u00f1a\u00bb.<\/p>\n<p>O sea, que el pacto con el <a href=\"https:\/\/www.elmundo.es\/e\/ps\/psoe-partido-socialista-obrero-espanol.html\" rel=\"nofollow\">PSOE<\/a> se descarta por completo. \u00abCon el sanchismo actual es absolutamente inviable pactar; hay que construir un proyecto a futuro\u00bb, ha zanjado. S\u00f3lo le queda la opci\u00f3n del acuerdo con Vox. \u00abUna de las conclusiones es que la gente nos est\u00e1 pidiendo\u00bb a PP y Vox, ha dicho, \u00abque construyamos una alternativa para Castilla y Le\u00f3n, que resuelva los problemas de Castilla y Le\u00f3n\u00bb. \u00abY que haya un proyecto de cuatro a\u00f1os\u00bb.<\/p>\n<p>Ma\u00f1ueco se ha mostrado \u00absatisfecho de todo el trabajo del PP de Castilla y Leon\u00bb, haciendo especial hincapi\u00e9 en todos los cuadros <i>populares<\/i> de las localidades peque\u00f1as, pero tambi\u00e9n ha valorado la implicaci\u00f3n de <a href=\"https:\/\/www.elmundo.es\/e\/al\/alberto-nunez-feijoo.html\" rel=\"nofollow\">Feij\u00f3o<\/a> en la campa\u00f1a.<\/p>\n<hr\/>\n<\/div>\n","protected":false},"excerpt":{"rendered":"<p>\u00abIniciamos un nuevo camino\u00bb. \u00abLos ciudadanos nos han mandado dos mensajes. El primero es de respaldo a nuestra gesti\u00f3n y a nuestro proyecto de futuro. Pero tambi\u00e9n nos han dicho que hay que dialogar\u00bb. As\u00ed ha resumido Alfonso Fern\u00e1ndez Ma\u00f1ueco el mandato de las urnas en Castilla y Le\u00f3n. En una entrevista en Cope este<\/p>\n","protected":false},"author":1,"featured_media":0,"comment_status":"open","ping_status":"open","sticky":false,"template":"","format":"standard","meta":{"footnotes":""},"categories":[47],"tags":[],"class_list":["post-329665","post","type-post","status-publish","format-standard","hentry","category-interview-es"],"acf":[],"yoast_head":"<!-- This site is optimized with the Yoast SEO plugin v22.9 - https:\/\/yoast.com\/wordpress\/plugins\/seo\/ -->\n<title>Ma\u00f1ueco pide a Vox un pacto parlamentario &quot;de cuatro a\u00f1os&quot;, pero sin entrar en el Gobierno - vof-news.eu<\/title>\n<meta name=\"description\" content=\"&quot;Iniciamos un nuevo camino&quot;. &quot;Los ciudadanos nos han mandado dos mensajes. El primero es de respaldo a nuestra gesti\u00f3n y a nuestro proyecto de futuro. Pero tambi\u00e9n nos han dicho que hay que dialogar&quot;. As\u00ed ha resumido Alfonso Fern\u00e1ndez Ma\u00f1ueco el mandato de las urnas en Castilla y Le\u00f3n.En una entrevista en Cope este lunes, el candidato ganador de las elecciones, que ha logrado ser el que m\u00e1s crece y frenar la inercia de Vox, ha apostado por un acuerdo &quot;de cuatro a\u00f1os&quot; con Vox, pero prefiere que la formaci\u00f3n de Santiago Abascal &quot;se quede fuera&quot; del Gobierno de la Junta.Ser\u00eda una f\u00f3rmula, ha dicho, mejor que el Ejecutivo de coalici\u00f3n, que ha funcionado peor en los \u00faltimos a\u00f1os. &quot;Ah\u00ed coincidimos Abascal y yo: lo importante no son los sillones, sino construir un proyecto para dar respuesta a los problemas&quot;, ha subrayado el presidente en funciones de esta comunidad.&quot;Lo que los ciudadanos han dicho es que tiene que liderar el PP&quot; cualquier acuerdo de gobernabilidad, y que &quot;el proyecto del PP es la base sobre la que se tiene que construir&quot; esa &quot;alternativa al sanchismo&quot;, que &quot;sirva de modelo para Espa\u00f1a&quot;.O sea, que el pacto con el PSOE se descarta por completo. &quot;Con el sanchismo actual es absolutamente inviable pactar; hay que construir un proyecto a futuro&quot;, ha zanjado. S\u00f3lo le queda la opci\u00f3n del acuerdo con Vox. &quot;Una de las conclusiones es que la gente nos est\u00e1 pidiendo&quot; a PP y Vox, ha dicho, &quot;que construyamos una alternativa para Castilla y Le\u00f3n, que resuelva los problemas de Castilla y Le\u00f3n&quot;. &quot;Y que haya un proyecto de cuatro a\u00f1os&quot;.Ma\u00f1ueco se ha mostrado &quot;satisfecho de todo el trabajo del PP de Castilla y Leon&quot;, haciendo especial hincapi\u00e9 en todos los cuadros populares de las localidades peque\u00f1as, pero tambi\u00e9n ha valorado la implicaci\u00f3n de Feij\u00f3o en la campa\u00f1a.\" \/>\n<meta name=\"robots\" content=\"noindex, follow, max-snippet:-1, max-image-preview:large, max-video-preview:-1\" \/>\n<meta property=\"og:locale\" content=\"es_ES\" \/>\n<meta property=\"og:type\" content=\"article\" \/>\n<meta property=\"og:title\" content=\"Ma\u00f1ueco pide a Vox un pacto parlamentario &quot;de cuatro a\u00f1os&quot;, pero sin entrar en el Gobierno - vof-news.eu\" \/>\n<meta property=\"og:description\" content=\"&quot;Iniciamos un nuevo camino&quot;. &quot;Los ciudadanos nos han mandado dos mensajes. El primero es de respaldo a nuestra gesti\u00f3n y a nuestro proyecto de futuro. Pero tambi\u00e9n nos han dicho que hay que dialogar&quot;. As\u00ed ha resumido Alfonso Fern\u00e1ndez Ma\u00f1ueco el mandato de las urnas en Castilla y Le\u00f3n.En una entrevista en Cope este lunes, el candidato ganador de las elecciones, que ha logrado ser el que m\u00e1s crece y frenar la inercia de Vox, ha apostado por un acuerdo &quot;de cuatro a\u00f1os&quot; con Vox, pero prefiere que la formaci\u00f3n de Santiago Abascal &quot;se quede fuera&quot; del Gobierno de la Junta.Ser\u00eda una f\u00f3rmula, ha dicho, mejor que el Ejecutivo de coalici\u00f3n, que ha funcionado peor en los \u00faltimos a\u00f1os. &quot;Ah\u00ed coincidimos Abascal y yo: lo importante no son los sillones, sino construir un proyecto para dar respuesta a los problemas&quot;, ha subrayado el presidente en funciones de esta comunidad.&quot;Lo que los ciudadanos han dicho es que tiene que liderar el PP&quot; cualquier acuerdo de gobernabilidad, y que &quot;el proyecto del PP es la base sobre la que se tiene que construir&quot; esa &quot;alternativa al sanchismo&quot;, que &quot;sirva de modelo para Espa\u00f1a&quot;.O sea, que el pacto con el PSOE se descarta por completo. &quot;Con el sanchismo actual es absolutamente inviable pactar; hay que construir un proyecto a futuro&quot;, ha zanjado. S\u00f3lo le queda la opci\u00f3n del acuerdo con Vox. &quot;Una de las conclusiones es que la gente nos est\u00e1 pidiendo&quot; a PP y Vox, ha dicho, &quot;que construyamos una alternativa para Castilla y Le\u00f3n, que resuelva los problemas de Castilla y Le\u00f3n&quot;. &quot;Y que haya un proyecto de cuatro a\u00f1os&quot;.Ma\u00f1ueco se ha mostrado &quot;satisfecho de todo el trabajo del PP de Castilla y Leon&quot;, haciendo especial hincapi\u00e9 en todos los cuadros populares de las localidades peque\u00f1as, pero tambi\u00e9n ha valorado la implicaci\u00f3n de Feij\u00f3o en la campa\u00f1a.\" \/>\n<meta property=\"og:url\" content=\"https:\/\/vof-news.eu\/es\/manueco-pide-a-vox-un-pacto-parlamentario-de-cuatro-anos-pero-sin-entrar-en-el-gobierno\/\" \/>\n<meta property=\"og:site_name\" content=\"vof-news.eu\" \/>\n<meta property=\"article:published_time\" content=\"2026-03-16T17:57:20+00:00\" \/>\n<meta property=\"article:modified_time\" content=\"2026-03-16T17:57:37+00:00\" \/>\n<meta name=\"author\" content=\"Author\" \/>\n<meta name=\"twitter:card\" content=\"summary_large_image\" \/>\n<meta name=\"twitter:label1\" content=\"Escrito por\" \/>\n\t<meta name=\"twitter:data1\" content=\"Author\" \/>\n\t<meta name=\"twitter:label2\" content=\"Tiempo de lectura\" \/>\n\t<meta name=\"twitter:data2\" content=\"2 minutos\" \/>\n<script type=\"application\/ld+json\" class=\"yoast-schema-graph\">{\"@context\":\"https:\/\/schema.org\",\"@graph\":[{\"@type\":\"WebPage\",\"@id\":\"https:\/\/vof-news.eu\/es\/manueco-pide-a-vox-un-pacto-parlamentario-de-cuatro-anos-pero-sin-entrar-en-el-gobierno\/\",\"url\":\"https:\/\/vof-news.eu\/es\/manueco-pide-a-vox-un-pacto-parlamentario-de-cuatro-anos-pero-sin-entrar-en-el-gobierno\/\",\"name\":\"Ma\u00f1ueco pide a Vox un pacto parlamentario \\\"de cuatro a\u00f1os\\\", pero sin entrar en el Gobierno - vof-news.eu\",\"isPartOf\":{\"@id\":\"https:\/\/vof-news.eu\/es\/#website\"},\"datePublished\":\"2026-03-16T17:57:20+00:00\",\"dateModified\":\"2026-03-16T17:57:37+00:00\",\"author\":{\"@id\":\"https:\/\/vof-news.eu\/es\/#\/schema\/person\/f6a2a4309f0561835797fd8c19b333ed\"},\"description\":\"\\\"Iniciamos un nuevo camino\\\". \\\"Los ciudadanos nos han mandado dos mensajes. El primero es de respaldo a nuestra gesti\u00f3n y a nuestro proyecto de futuro. Pero tambi\u00e9n nos han dicho que hay que dialogar\\\". As\u00ed ha resumido Alfonso Fern\u00e1ndez Ma\u00f1ueco el mandato de las urnas en Castilla y Le\u00f3n.En una entrevista en Cope este lunes, el candidato ganador de las elecciones, que ha logrado ser el que m\u00e1s crece y frenar la inercia de Vox, ha apostado por un acuerdo \\\"de cuatro a\u00f1os\\\" con Vox, pero prefiere que la formaci\u00f3n de Santiago Abascal \\\"se quede fuera\\\" del Gobierno de la Junta.Ser\u00eda una f\u00f3rmula, ha dicho, mejor que el Ejecutivo de coalici\u00f3n, que ha funcionado peor en los \u00faltimos a\u00f1os. \\\"Ah\u00ed coincidimos Abascal y yo: lo importante no son los sillones, sino construir un proyecto para dar respuesta a los problemas\\\", ha subrayado el presidente en funciones de esta comunidad.\\\"Lo que los ciudadanos han dicho es que tiene que liderar el PP\\\" cualquier acuerdo de gobernabilidad, y que \\\"el proyecto del PP es la base sobre la que se tiene que construir\\\" esa \\\"alternativa al sanchismo\\\", que \\\"sirva de modelo para Espa\u00f1a\\\".O sea, que el pacto con el PSOE se descarta por completo. \\\"Con el sanchismo actual es absolutamente inviable pactar; hay que construir un proyecto a futuro\\\", ha zanjado. S\u00f3lo le queda la opci\u00f3n del acuerdo con Vox. \\\"Una de las conclusiones es que la gente nos est\u00e1 pidiendo\\\" a PP y Vox, ha dicho, \\\"que construyamos una alternativa para Castilla y Le\u00f3n, que resuelva los problemas de Castilla y Le\u00f3n\\\". \\\"Y que haya un proyecto de cuatro a\u00f1os\\\".Ma\u00f1ueco se ha mostrado \\\"satisfecho de todo el trabajo del PP de Castilla y Leon\\\", haciendo especial hincapi\u00e9 en todos los cuadros populares de las localidades peque\u00f1as, pero tambi\u00e9n ha valorado la implicaci\u00f3n de Feij\u00f3o en la campa\u00f1a.\",\"breadcrumb\":{\"@id\":\"https:\/\/vof-news.eu\/es\/manueco-pide-a-vox-un-pacto-parlamentario-de-cuatro-anos-pero-sin-entrar-en-el-gobierno\/#breadcrumb\"},\"inLanguage\":\"es\",\"potentialAction\":[{\"@type\":\"ReadAction\",\"target\":[\"https:\/\/vof-news.eu\/es\/manueco-pide-a-vox-un-pacto-parlamentario-de-cuatro-anos-pero-sin-entrar-en-el-gobierno\/\"]}]},{\"@type\":\"BreadcrumbList\",\"@id\":\"https:\/\/vof-news.eu\/es\/manueco-pide-a-vox-un-pacto-parlamentario-de-cuatro-anos-pero-sin-entrar-en-el-gobierno\/#breadcrumb\",\"itemListElement\":[{\"@type\":\"ListItem\",\"position\":1,\"name\":\"Home\",\"item\":\"https:\/\/vof-news.eu\/es\/\"},{\"@type\":\"ListItem\",\"position\":2,\"name\":\"Ma\u00f1ueco pide a Vox un pacto parlamentario &#8220;de cuatro a\u00f1os&#8221;, pero sin entrar en el Gobierno\"}]},{\"@type\":\"WebSite\",\"@id\":\"https:\/\/vof-news.eu\/es\/#website\",\"url\":\"https:\/\/vof-news.eu\/es\/\",\"name\":\"vof-news.eu\",\"description\":\"\",\"potentialAction\":[{\"@type\":\"SearchAction\",\"target\":{\"@type\":\"EntryPoint\",\"urlTemplate\":\"https:\/\/vof-news.eu\/es\/?s={search_term_string}\"},\"query-input\":\"required name=search_term_string\"}],\"inLanguage\":\"es\"},{\"@type\":\"Person\",\"@id\":\"https:\/\/vof-news.eu\/es\/#\/schema\/person\/f6a2a4309f0561835797fd8c19b333ed\",\"name\":\"Author\",\"image\":{\"@type\":\"ImageObject\",\"inLanguage\":\"es\",\"@id\":\"https:\/\/vof-news.eu\/es\/#\/schema\/person\/image\/\",\"url\":\"https:\/\/secure.gravatar.com\/avatar\/b67e614b1b25b3e9c0c239efdd2fde5ab015b5affd6f1c3c85911ca4b384e790?s=96&d=mm&r=g\",\"contentUrl\":\"https:\/\/secure.gravatar.com\/avatar\/b67e614b1b25b3e9c0c239efdd2fde5ab015b5affd6f1c3c85911ca4b384e790?s=96&d=mm&r=g\",\"caption\":\"Author\"},\"sameAs\":[\"http:\/\/vof-news.eu\"],\"url\":\"https:\/\/vof-news.eu\/es\/author\/zwt6qxnjulxbnyg\/\"}]}<\/script>\n<!-- \/ Yoast SEO plugin. -->","yoast_head_json":{"title":"Ma\u00f1ueco pide a Vox un pacto parlamentario \"de cuatro a\u00f1os\", pero sin entrar en el Gobierno - vof-news.eu","description":"\"Iniciamos un nuevo camino\". \"Los ciudadanos nos han mandado dos mensajes. El primero es de respaldo a nuestra gesti\u00f3n y a nuestro proyecto de futuro. Pero tambi\u00e9n nos han dicho que hay que dialogar\". As\u00ed ha resumido Alfonso Fern\u00e1ndez Ma\u00f1ueco el mandato de las urnas en Castilla y Le\u00f3n.En una entrevista en Cope este lunes, el candidato ganador de las elecciones, que ha logrado ser el que m\u00e1s crece y frenar la inercia de Vox, ha apostado por un acuerdo \"de cuatro a\u00f1os\" con Vox, pero prefiere que la formaci\u00f3n de Santiago Abascal \"se quede fuera\" del Gobierno de la Junta.Ser\u00eda una f\u00f3rmula, ha dicho, mejor que el Ejecutivo de coalici\u00f3n, que ha funcionado peor en los \u00faltimos a\u00f1os. \"Ah\u00ed coincidimos Abascal y yo: lo importante no son los sillones, sino construir un proyecto para dar respuesta a los problemas\", ha subrayado el presidente en funciones de esta comunidad.\"Lo que los ciudadanos han dicho es que tiene que liderar el PP\" cualquier acuerdo de gobernabilidad, y que \"el proyecto del PP es la base sobre la que se tiene que construir\" esa \"alternativa al sanchismo\", que \"sirva de modelo para Espa\u00f1a\".O sea, que el pacto con el PSOE se descarta por completo. \"Con el sanchismo actual es absolutamente inviable pactar; hay que construir un proyecto a futuro\", ha zanjado. S\u00f3lo le queda la opci\u00f3n del acuerdo con Vox. \"Una de las conclusiones es que la gente nos est\u00e1 pidiendo\" a PP y Vox, ha dicho, \"que construyamos una alternativa para Castilla y Le\u00f3n, que resuelva los problemas de Castilla y Le\u00f3n\". \"Y que haya un proyecto de cuatro a\u00f1os\".Ma\u00f1ueco se ha mostrado \"satisfecho de todo el trabajo del PP de Castilla y Leon\", haciendo especial hincapi\u00e9 en todos los cuadros populares de las localidades peque\u00f1as, pero tambi\u00e9n ha valorado la implicaci\u00f3n de Feij\u00f3o en la campa\u00f1a.","robots":{"index":"noindex","follow":"follow","max-snippet":"max-snippet:-1","max-image-preview":"max-image-preview:large","max-video-preview":"max-video-preview:-1"},"og_locale":"es_ES","og_type":"article","og_title":"Ma\u00f1ueco pide a Vox un pacto parlamentario \"de cuatro a\u00f1os\", pero sin entrar en el Gobierno - vof-news.eu","og_description":"\"Iniciamos un nuevo camino\". \"Los ciudadanos nos han mandado dos mensajes. El primero es de respaldo a nuestra gesti\u00f3n y a nuestro proyecto de futuro. Pero tambi\u00e9n nos han dicho que hay que dialogar\". As\u00ed ha resumido Alfonso Fern\u00e1ndez Ma\u00f1ueco el mandato de las urnas en Castilla y Le\u00f3n.En una entrevista en Cope este lunes, el candidato ganador de las elecciones, que ha logrado ser el que m\u00e1s crece y frenar la inercia de Vox, ha apostado por un acuerdo \"de cuatro a\u00f1os\" con Vox, pero prefiere que la formaci\u00f3n de Santiago Abascal \"se quede fuera\" del Gobierno de la Junta.Ser\u00eda una f\u00f3rmula, ha dicho, mejor que el Ejecutivo de coalici\u00f3n, que ha funcionado peor en los \u00faltimos a\u00f1os. \"Ah\u00ed coincidimos Abascal y yo: lo importante no son los sillones, sino construir un proyecto para dar respuesta a los problemas\", ha subrayado el presidente en funciones de esta comunidad.\"Lo que los ciudadanos han dicho es que tiene que liderar el PP\" cualquier acuerdo de gobernabilidad, y que \"el proyecto del PP es la base sobre la que se tiene que construir\" esa \"alternativa al sanchismo\", que \"sirva de modelo para Espa\u00f1a\".O sea, que el pacto con el PSOE se descarta por completo. \"Con el sanchismo actual es absolutamente inviable pactar; hay que construir un proyecto a futuro\", ha zanjado. S\u00f3lo le queda la opci\u00f3n del acuerdo con Vox. \"Una de las conclusiones es que la gente nos est\u00e1 pidiendo\" a PP y Vox, ha dicho, \"que construyamos una alternativa para Castilla y Le\u00f3n, que resuelva los problemas de Castilla y Le\u00f3n\". \"Y que haya un proyecto de cuatro a\u00f1os\".Ma\u00f1ueco se ha mostrado \"satisfecho de todo el trabajo del PP de Castilla y Leon\", haciendo especial hincapi\u00e9 en todos los cuadros populares de las localidades peque\u00f1as, pero tambi\u00e9n ha valorado la implicaci\u00f3n de Feij\u00f3o en la campa\u00f1a.","og_url":"https:\/\/vof-news.eu\/es\/manueco-pide-a-vox-un-pacto-parlamentario-de-cuatro-anos-pero-sin-entrar-en-el-gobierno\/","og_site_name":"vof-news.eu","article_published_time":"2026-03-16T17:57:20+00:00","article_modified_time":"2026-03-16T17:57:37+00:00","author":"Author","twitter_card":"summary_large_image","twitter_misc":{"Escrito por":"Author","Tiempo de lectura":"2 minutos"},"schema":{"@context":"https:\/\/schema.org","@graph":[{"@type":"WebPage","@id":"https:\/\/vof-news.eu\/es\/manueco-pide-a-vox-un-pacto-parlamentario-de-cuatro-anos-pero-sin-entrar-en-el-gobierno\/","url":"https:\/\/vof-news.eu\/es\/manueco-pide-a-vox-un-pacto-parlamentario-de-cuatro-anos-pero-sin-entrar-en-el-gobierno\/","name":"Ma\u00f1ueco pide a Vox un pacto parlamentario \"de cuatro a\u00f1os\", pero sin entrar en el Gobierno - vof-news.eu","isPartOf":{"@id":"https:\/\/vof-news.eu\/es\/#website"},"datePublished":"2026-03-16T17:57:20+00:00","dateModified":"2026-03-16T17:57:37+00:00","author":{"@id":"https:\/\/vof-news.eu\/es\/#\/schema\/person\/f6a2a4309f0561835797fd8c19b333ed"},"description":"\"Iniciamos un nuevo camino\". \"Los ciudadanos nos han mandado dos mensajes. El primero es de respaldo a nuestra gesti\u00f3n y a nuestro proyecto de futuro. Pero tambi\u00e9n nos han dicho que hay que dialogar\". As\u00ed ha resumido Alfonso Fern\u00e1ndez Ma\u00f1ueco el mandato de las urnas en Castilla y Le\u00f3n.En una entrevista en Cope este lunes, el candidato ganador de las elecciones, que ha logrado ser el que m\u00e1s crece y frenar la inercia de Vox, ha apostado por un acuerdo \"de cuatro a\u00f1os\" con Vox, pero prefiere que la formaci\u00f3n de Santiago Abascal \"se quede fuera\" del Gobierno de la Junta.Ser\u00eda una f\u00f3rmula, ha dicho, mejor que el Ejecutivo de coalici\u00f3n, que ha funcionado peor en los \u00faltimos a\u00f1os. \"Ah\u00ed coincidimos Abascal y yo: lo importante no son los sillones, sino construir un proyecto para dar respuesta a los problemas\", ha subrayado el presidente en funciones de esta comunidad.\"Lo que los ciudadanos han dicho es que tiene que liderar el PP\" cualquier acuerdo de gobernabilidad, y que \"el proyecto del PP es la base sobre la que se tiene que construir\" esa \"alternativa al sanchismo\", que \"sirva de modelo para Espa\u00f1a\".O sea, que el pacto con el PSOE se descarta por completo. \"Con el sanchismo actual es absolutamente inviable pactar; hay que construir un proyecto a futuro\", ha zanjado. S\u00f3lo le queda la opci\u00f3n del acuerdo con Vox. \"Una de las conclusiones es que la gente nos est\u00e1 pidiendo\" a PP y Vox, ha dicho, \"que construyamos una alternativa para Castilla y Le\u00f3n, que resuelva los problemas de Castilla y Le\u00f3n\". \"Y que haya un proyecto de cuatro a\u00f1os\".Ma\u00f1ueco se ha mostrado \"satisfecho de todo el trabajo del PP de Castilla y Leon\", haciendo especial hincapi\u00e9 en todos los cuadros populares de las localidades peque\u00f1as, pero tambi\u00e9n ha valorado la implicaci\u00f3n de Feij\u00f3o en la campa\u00f1a.","breadcrumb":{"@id":"https:\/\/vof-news.eu\/es\/manueco-pide-a-vox-un-pacto-parlamentario-de-cuatro-anos-pero-sin-entrar-en-el-gobierno\/#breadcrumb"},"inLanguage":"es","potentialAction":[{"@type":"ReadAction","target":["https:\/\/vof-news.eu\/es\/manueco-pide-a-vox-un-pacto-parlamentario-de-cuatro-anos-pero-sin-entrar-en-el-gobierno\/"]}]},{"@type":"BreadcrumbList","@id":"https:\/\/vof-news.eu\/es\/manueco-pide-a-vox-un-pacto-parlamentario-de-cuatro-anos-pero-sin-entrar-en-el-gobierno\/#breadcrumb","itemListElement":[{"@type":"ListItem","position":1,"name":"Home","item":"https:\/\/vof-news.eu\/es\/"},{"@type":"ListItem","position":2,"name":"Ma\u00f1ueco pide a Vox un pacto parlamentario &#8220;de cuatro a\u00f1os&#8221;, pero sin entrar en el Gobierno"}]},{"@type":"WebSite","@id":"https:\/\/vof-news.eu\/es\/#website","url":"https:\/\/vof-news.eu\/es\/","name":"vof-news.eu","description":"","potentialAction":[{"@type":"SearchAction","target":{"@type":"EntryPoint","urlTemplate":"https:\/\/vof-news.eu\/es\/?s={search_term_string}"},"query-input":"required name=search_term_string"}],"inLanguage":"es"},{"@type":"Person","@id":"https:\/\/vof-news.eu\/es\/#\/schema\/person\/f6a2a4309f0561835797fd8c19b333ed","name":"Author","image":{"@type":"ImageObject","inLanguage":"es","@id":"https:\/\/vof-news.eu\/es\/#\/schema\/person\/image\/","url":"https:\/\/secure.gravatar.com\/avatar\/b67e614b1b25b3e9c0c239efdd2fde5ab015b5affd6f1c3c85911ca4b384e790?s=96&d=mm&r=g","contentUrl":"https:\/\/secure.gravatar.com\/avatar\/b67e614b1b25b3e9c0c239efdd2fde5ab015b5affd6f1c3c85911ca4b384e790?s=96&d=mm&r=g","caption":"Author"},"sameAs":["http:\/\/vof-news.eu"],"url":"https:\/\/vof-news.eu\/es\/author\/zwt6qxnjulxbnyg\/"}]}},"yoast_meta":{"yoast_wpseo_title":"","yoast_wpseo_metadesc":"","yoast_wpseo_canonical":""},"_links":{"self":[{"href":"https:\/\/vof-news.eu\/es\/wp-json\/wp\/v2\/posts\/329665","targetHints":{"allow":["GET"]}}],"collection":[{"href":"https:\/\/vof-news.eu\/es\/wp-json\/wp\/v2\/posts"}],"about":[{"href":"https:\/\/vof-news.eu\/es\/wp-json\/wp\/v2\/types\/post"}],"author":[{"embeddable":true,"href":"https:\/\/vof-news.eu\/es\/wp-json\/wp\/v2\/users\/1"}],"replies":[{"embeddable":true,"href":"https:\/\/vof-news.eu\/es\/wp-json\/wp\/v2\/comments?post=329665"}],"version-history":[{"count":1,"href":"https:\/\/vof-news.eu\/es\/wp-json\/wp\/v2\/posts\/329665\/revisions"}],"predecessor-version":[{"id":329666,"href":"https:\/\/vof-news.eu\/es\/wp-json\/wp\/v2\/posts\/329665\/revisions\/329666"}],"wp:attachment":[{"href":"https:\/\/vof-news.eu\/es\/wp-json\/wp\/v2\/media?parent=329665"}],"wp:term":[{"taxonomy":"category","embeddable":true,"href":"https:\/\/vof-news.eu\/es\/wp-json\/wp\/v2\/categories?post=329665"},{"taxonomy":"post_tag","embeddable":true,"href":"https:\/\/vof-news.eu\/es\/wp-json\/wp\/v2\/tags?post=329665"}],"curies":[{"name":"wp","href":"https:\/\/api.w.org\/{rel}","templated":true}]}}