{"id":329645,"date":"2026-03-16T15:47:40","date_gmt":"2026-03-16T12:47:40","guid":{"rendered":"https:\/\/vof-news.eu\/abascal-asegura-que-vox-entrara-en-los-tres-gobiernos-autonomicos-si-hay-un-acuerdo-programatico-con-el-pp\/"},"modified":"2026-03-16T15:47:57","modified_gmt":"2026-03-16T12:47:57","slug":"abascal-asegura-que-vox-entrara-en-los-tres-gobiernos-autonomicos-si-hay-un-acuerdo-programatico-con-el-pp","status":"publish","type":"post","link":"https:\/\/vof-news.eu\/es\/abascal-asegura-que-vox-entrara-en-los-tres-gobiernos-autonomicos-si-hay-un-acuerdo-programatico-con-el-pp\/","title":{"rendered":"Abascal asegura que Vox entrar\u00e1 en los tres gobiernos auton\u00f3micos si hay un \u00abacuerdo program\u00e1tico\u00bb con el PP"},"content":{"rendered":"<div>\n<p>Por si hab\u00eda lugar a dudas, quedan despejadas. \u00abSi hay un acuerdo program\u00e1tico de Gobierno, medida a medida, s\u00ed\u00bb, ha respondido <strong>Santiago Abascal<\/strong> a la pregunta de si <a href=\"https:\/\/www.elmundo.es\/e\/vo\/vox.html\" rel=\"nofollow\">Vox <\/a>entrar\u00e1 en los gobiernos de Extremadura, Arag\u00f3n y Castilla y Le\u00f3n. \u00abSi no lo hay, no\u00bb, ha a\u00f1adido. \u00abVamos a gobernar en las tres regiones\u00bb, ha repetido el dirigente, dibujando su entrada en los ejecutivos como, \u00abquiz\u00e1\u00bb, la \u00abprincipal garant\u00eda\u00bb para poner en marcha las pol\u00edticas que piden.<\/p>\n<p>El presidente de Vox ha sonado hoy m\u00e1s rotundo que nunca respecto a su intenci\u00f3n de volver a compartir ejecutivos con el PP, aunque siempre supedit\u00e1ndolo a que antes se cierre un pacto sobre las medidas a aplicar en la legislatura. \u00abDonde haya posibilidad de programa de gobierno, habr\u00e1 gobiernos de coalici\u00f3n\u00bb, ha insistido Abascal, y de nuevo, ha despejado dudas sobre cualquier otra posibilidad: \u00abDonde no haya posibilidad de programa de gobierno, pues ser\u00e1 porque hay gobierno con el PSOE o porque deciden convocar a las elecciones otra vez\u00bb.<\/p>\n<hr\/>\n<\/div>\n","protected":false},"excerpt":{"rendered":"<p>Por si hab\u00eda lugar a dudas, quedan despejadas. \u00abSi hay un acuerdo program\u00e1tico de Gobierno, medida a medida, s\u00ed\u00bb, ha respondido Santiago Abascal a la pregunta de si Vox entrar\u00e1 en los gobiernos de Extremadura, Arag\u00f3n y Castilla y Le\u00f3n. \u00abSi no lo hay, no\u00bb, ha a\u00f1adido. \u00abVamos a gobernar en las tres regiones\u00bb, ha<\/p>\n","protected":false},"author":1,"featured_media":329639,"comment_status":"open","ping_status":"open","sticky":false,"template":"","format":"standard","meta":{"footnotes":""},"categories":[47],"tags":[],"class_list":["post-329645","post","type-post","status-publish","format-standard","has-post-thumbnail","hentry","category-interview-es"],"acf":[],"yoast_head":"<!-- This site is optimized with the Yoast SEO plugin v22.9 - https:\/\/yoast.com\/wordpress\/plugins\/seo\/ -->\n<title>Abascal asegura que Vox entrar\u00e1 en los tres gobiernos auton\u00f3micos si hay un &quot;acuerdo program\u00e1tico&quot; con el PP - vof-news.eu<\/title>\n<meta name=\"description\" content=\"Por si hab\u00eda lugar a dudas, quedan despejadas. &quot;Si hay un acuerdo program\u00e1tico de Gobierno, medida a medida, s\u00ed&quot;, ha respondido Santiago Abascal a la pregunta de si Vox entrar\u00e1 en los gobiernos de Extremadura, Arag\u00f3n y Castilla y Le\u00f3n. &quot;Si no lo hay, no&quot;, ha a\u00f1adido. &quot;Vamos a gobernar en las tres regiones&quot;, ha repetido el dirigente, dibujando su entrada en los ejecutivos como, &quot;quiz\u00e1&quot;, la &quot;principal garant\u00eda&quot; para poner en marcha las pol\u00edticas que piden.El presidente de Vox ha sonado hoy m\u00e1s rotundo que nunca respecto a su intenci\u00f3n de volver a compartir ejecutivos con el PP, aunque siempre supedit\u00e1ndolo a que antes se cierre un pacto sobre las medidas a aplicar en la legislatura. &quot;Donde haya posibilidad de programa de gobierno, habr\u00e1 gobiernos de coalici\u00f3n&quot;, ha insistido Abascal, y de nuevo, ha despejado dudas sobre cualquier otra posibilidad: &quot;Donde no haya posibilidad de programa de gobierno, pues ser\u00e1 porque hay gobierno con el PSOE o porque deciden convocar a las elecciones otra vez&quot;.\" \/>\n<meta name=\"robots\" content=\"noindex, follow, max-snippet:-1, max-image-preview:large, max-video-preview:-1\" \/>\n<meta property=\"og:locale\" content=\"es_ES\" \/>\n<meta property=\"og:type\" content=\"article\" \/>\n<meta property=\"og:title\" content=\"Abascal asegura que Vox entrar\u00e1 en los tres gobiernos auton\u00f3micos si hay un &quot;acuerdo program\u00e1tico&quot; con el PP - vof-news.eu\" \/>\n<meta property=\"og:description\" content=\"Por si hab\u00eda lugar a dudas, quedan despejadas. &quot;Si hay un acuerdo program\u00e1tico de Gobierno, medida a medida, s\u00ed&quot;, ha respondido Santiago Abascal a la pregunta de si Vox entrar\u00e1 en los gobiernos de Extremadura, Arag\u00f3n y Castilla y Le\u00f3n. &quot;Si no lo hay, no&quot;, ha a\u00f1adido. &quot;Vamos a gobernar en las tres regiones&quot;, ha repetido el dirigente, dibujando su entrada en los ejecutivos como, &quot;quiz\u00e1&quot;, la &quot;principal garant\u00eda&quot; para poner en marcha las pol\u00edticas que piden.El presidente de Vox ha sonado hoy m\u00e1s rotundo que nunca respecto a su intenci\u00f3n de volver a compartir ejecutivos con el PP, aunque siempre supedit\u00e1ndolo a que antes se cierre un pacto sobre las medidas a aplicar en la legislatura. &quot;Donde haya posibilidad de programa de gobierno, habr\u00e1 gobiernos de coalici\u00f3n&quot;, ha insistido Abascal, y de nuevo, ha despejado dudas sobre cualquier otra posibilidad: &quot;Donde no haya posibilidad de programa de gobierno, pues ser\u00e1 porque hay gobierno con el PSOE o porque deciden convocar a las elecciones otra vez&quot;.\" \/>\n<meta property=\"og:url\" content=\"https:\/\/vof-news.eu\/es\/abascal-asegura-que-vox-entrara-en-los-tres-gobiernos-autonomicos-si-hay-un-acuerdo-programatico-con-el-pp\/\" \/>\n<meta property=\"og:site_name\" content=\"vof-news.eu\" \/>\n<meta property=\"article:published_time\" content=\"2026-03-16T12:47:40+00:00\" \/>\n<meta property=\"article:modified_time\" content=\"2026-03-16T12:47:57+00:00\" \/>\n<meta property=\"og:image\" content=\"https:\/\/vof-news.eu\/wp-content\/uploads\/2026\/03\/17736601933510.jpg\" \/>\n\t<meta property=\"og:image:width\" content=\"1366\" \/>\n\t<meta property=\"og:image:height\" content=\"902\" \/>\n\t<meta property=\"og:image:type\" content=\"image\/jpeg\" \/>\n<meta name=\"author\" content=\"Author\" \/>\n<meta name=\"twitter:card\" content=\"summary_large_image\" \/>\n<meta name=\"twitter:label1\" content=\"Escrito por\" \/>\n\t<meta name=\"twitter:data1\" content=\"Author\" \/>\n\t<meta name=\"twitter:label2\" content=\"Tiempo de lectura\" \/>\n\t<meta name=\"twitter:data2\" content=\"1 minuto\" \/>\n<script type=\"application\/ld+json\" class=\"yoast-schema-graph\">{\"@context\":\"https:\/\/schema.org\",\"@graph\":[{\"@type\":\"WebPage\",\"@id\":\"https:\/\/vof-news.eu\/es\/abascal-asegura-que-vox-entrara-en-los-tres-gobiernos-autonomicos-si-hay-un-acuerdo-programatico-con-el-pp\/\",\"url\":\"https:\/\/vof-news.eu\/es\/abascal-asegura-que-vox-entrara-en-los-tres-gobiernos-autonomicos-si-hay-un-acuerdo-programatico-con-el-pp\/\",\"name\":\"Abascal asegura que Vox entrar\u00e1 en los tres gobiernos auton\u00f3micos si hay un \\\"acuerdo program\u00e1tico\\\" con el PP - vof-news.eu\",\"isPartOf\":{\"@id\":\"https:\/\/vof-news.eu\/es\/#website\"},\"primaryImageOfPage\":{\"@id\":\"https:\/\/vof-news.eu\/es\/abascal-asegura-que-vox-entrara-en-los-tres-gobiernos-autonomicos-si-hay-un-acuerdo-programatico-con-el-pp\/#primaryimage\"},\"image\":{\"@id\":\"https:\/\/vof-news.eu\/es\/abascal-asegura-que-vox-entrara-en-los-tres-gobiernos-autonomicos-si-hay-un-acuerdo-programatico-con-el-pp\/#primaryimage\"},\"thumbnailUrl\":\"https:\/\/vof-news.eu\/wp-content\/uploads\/2026\/03\/17736601933510.jpg\",\"datePublished\":\"2026-03-16T12:47:40+00:00\",\"dateModified\":\"2026-03-16T12:47:57+00:00\",\"author\":{\"@id\":\"https:\/\/vof-news.eu\/es\/#\/schema\/person\/f6a2a4309f0561835797fd8c19b333ed\"},\"description\":\"Por si hab\u00eda lugar a dudas, quedan despejadas. \\\"Si hay un acuerdo program\u00e1tico de Gobierno, medida a medida, s\u00ed\\\", ha respondido Santiago Abascal a la pregunta de si Vox entrar\u00e1 en los gobiernos de Extremadura, Arag\u00f3n y Castilla y Le\u00f3n. \\\"Si no lo hay, no\\\", ha a\u00f1adido. \\\"Vamos a gobernar en las tres regiones\\\", ha repetido el dirigente, dibujando su entrada en los ejecutivos como, \\\"quiz\u00e1\\\", la \\\"principal garant\u00eda\\\" para poner en marcha las pol\u00edticas que piden.El presidente de Vox ha sonado hoy m\u00e1s rotundo que nunca respecto a su intenci\u00f3n de volver a compartir ejecutivos con el PP, aunque siempre supedit\u00e1ndolo a que antes se cierre un pacto sobre las medidas a aplicar en la legislatura. \\\"Donde haya posibilidad de programa de gobierno, habr\u00e1 gobiernos de coalici\u00f3n\\\", ha insistido Abascal, y de nuevo, ha despejado dudas sobre cualquier otra posibilidad: \\\"Donde no haya posibilidad de programa de gobierno, pues ser\u00e1 porque hay gobierno con el PSOE o porque deciden convocar a las elecciones otra vez\\\".\",\"breadcrumb\":{\"@id\":\"https:\/\/vof-news.eu\/es\/abascal-asegura-que-vox-entrara-en-los-tres-gobiernos-autonomicos-si-hay-un-acuerdo-programatico-con-el-pp\/#breadcrumb\"},\"inLanguage\":\"es\",\"potentialAction\":[{\"@type\":\"ReadAction\",\"target\":[\"https:\/\/vof-news.eu\/es\/abascal-asegura-que-vox-entrara-en-los-tres-gobiernos-autonomicos-si-hay-un-acuerdo-programatico-con-el-pp\/\"]}]},{\"@type\":\"ImageObject\",\"inLanguage\":\"es\",\"@id\":\"https:\/\/vof-news.eu\/es\/abascal-asegura-que-vox-entrara-en-los-tres-gobiernos-autonomicos-si-hay-un-acuerdo-programatico-con-el-pp\/#primaryimage\",\"url\":\"https:\/\/vof-news.eu\/wp-content\/uploads\/2026\/03\/17736601933510.jpg\",\"contentUrl\":\"https:\/\/vof-news.eu\/wp-content\/uploads\/2026\/03\/17736601933510.jpg\",\"width\":1366,\"height\":902,\"caption\":\"MADRID 15\/03\/2026.- El presidente de VOX Santiago Abascal comparece ante los medios para comentar los resultados electorales en Castilla y Le\u00f3n, hoy domingo en la sede del partido en Madrid. EFE\/VOX S\u00d3LO USO EDITORIAL\/S\u00d3LO DISPONIBLE PARA ILUSTRAR LA NOTICIA QUE ACOMPA\u00d1A (CR\u00c9DITO OBLIGATORIO)\"},{\"@type\":\"BreadcrumbList\",\"@id\":\"https:\/\/vof-news.eu\/es\/abascal-asegura-que-vox-entrara-en-los-tres-gobiernos-autonomicos-si-hay-un-acuerdo-programatico-con-el-pp\/#breadcrumb\",\"itemListElement\":[{\"@type\":\"ListItem\",\"position\":1,\"name\":\"Home\",\"item\":\"https:\/\/vof-news.eu\/es\/\"},{\"@type\":\"ListItem\",\"position\":2,\"name\":\"Abascal asegura que Vox entrar\u00e1 en los tres gobiernos auton\u00f3micos si hay un &#8220;acuerdo program\u00e1tico&#8221; con el PP\"}]},{\"@type\":\"WebSite\",\"@id\":\"https:\/\/vof-news.eu\/es\/#website\",\"url\":\"https:\/\/vof-news.eu\/es\/\",\"name\":\"vof-news.eu\",\"description\":\"\",\"potentialAction\":[{\"@type\":\"SearchAction\",\"target\":{\"@type\":\"EntryPoint\",\"urlTemplate\":\"https:\/\/vof-news.eu\/es\/?s={search_term_string}\"},\"query-input\":\"required name=search_term_string\"}],\"inLanguage\":\"es\"},{\"@type\":\"Person\",\"@id\":\"https:\/\/vof-news.eu\/es\/#\/schema\/person\/f6a2a4309f0561835797fd8c19b333ed\",\"name\":\"Author\",\"image\":{\"@type\":\"ImageObject\",\"inLanguage\":\"es\",\"@id\":\"https:\/\/vof-news.eu\/es\/#\/schema\/person\/image\/\",\"url\":\"https:\/\/secure.gravatar.com\/avatar\/b67e614b1b25b3e9c0c239efdd2fde5ab015b5affd6f1c3c85911ca4b384e790?s=96&d=mm&r=g\",\"contentUrl\":\"https:\/\/secure.gravatar.com\/avatar\/b67e614b1b25b3e9c0c239efdd2fde5ab015b5affd6f1c3c85911ca4b384e790?s=96&d=mm&r=g\",\"caption\":\"Author\"},\"sameAs\":[\"http:\/\/vof-news.eu\"],\"url\":\"https:\/\/vof-news.eu\/es\/author\/zwt6qxnjulxbnyg\/\"}]}<\/script>\n<!-- \/ Yoast SEO plugin. -->","yoast_head_json":{"title":"Abascal asegura que Vox entrar\u00e1 en los tres gobiernos auton\u00f3micos si hay un \"acuerdo program\u00e1tico\" con el PP - vof-news.eu","description":"Por si hab\u00eda lugar a dudas, quedan despejadas. \"Si hay un acuerdo program\u00e1tico de Gobierno, medida a medida, s\u00ed\", ha respondido Santiago Abascal a la pregunta de si Vox entrar\u00e1 en los gobiernos de Extremadura, Arag\u00f3n y Castilla y Le\u00f3n. \"Si no lo hay, no\", ha a\u00f1adido. \"Vamos a gobernar en las tres regiones\", ha repetido el dirigente, dibujando su entrada en los ejecutivos como, \"quiz\u00e1\", la \"principal garant\u00eda\" para poner en marcha las pol\u00edticas que piden.El presidente de Vox ha sonado hoy m\u00e1s rotundo que nunca respecto a su intenci\u00f3n de volver a compartir ejecutivos con el PP, aunque siempre supedit\u00e1ndolo a que antes se cierre un pacto sobre las medidas a aplicar en la legislatura. \"Donde haya posibilidad de programa de gobierno, habr\u00e1 gobiernos de coalici\u00f3n\", ha insistido Abascal, y de nuevo, ha despejado dudas sobre cualquier otra posibilidad: \"Donde no haya posibilidad de programa de gobierno, pues ser\u00e1 porque hay gobierno con el PSOE o porque deciden convocar a las elecciones otra vez\".","robots":{"index":"noindex","follow":"follow","max-snippet":"max-snippet:-1","max-image-preview":"max-image-preview:large","max-video-preview":"max-video-preview:-1"},"og_locale":"es_ES","og_type":"article","og_title":"Abascal asegura que Vox entrar\u00e1 en los tres gobiernos auton\u00f3micos si hay un \"acuerdo program\u00e1tico\" con el PP - vof-news.eu","og_description":"Por si hab\u00eda lugar a dudas, quedan despejadas. \"Si hay un acuerdo program\u00e1tico de Gobierno, medida a medida, s\u00ed\", ha respondido Santiago Abascal a la pregunta de si Vox entrar\u00e1 en los gobiernos de Extremadura, Arag\u00f3n y Castilla y Le\u00f3n. \"Si no lo hay, no\", ha a\u00f1adido. \"Vamos a gobernar en las tres regiones\", ha repetido el dirigente, dibujando su entrada en los ejecutivos como, \"quiz\u00e1\", la \"principal garant\u00eda\" para poner en marcha las pol\u00edticas que piden.El presidente de Vox ha sonado hoy m\u00e1s rotundo que nunca respecto a su intenci\u00f3n de volver a compartir ejecutivos con el PP, aunque siempre supedit\u00e1ndolo a que antes se cierre un pacto sobre las medidas a aplicar en la legislatura. \"Donde haya posibilidad de programa de gobierno, habr\u00e1 gobiernos de coalici\u00f3n\", ha insistido Abascal, y de nuevo, ha despejado dudas sobre cualquier otra posibilidad: \"Donde no haya posibilidad de programa de gobierno, pues ser\u00e1 porque hay gobierno con el PSOE o porque deciden convocar a las elecciones otra vez\".","og_url":"https:\/\/vof-news.eu\/es\/abascal-asegura-que-vox-entrara-en-los-tres-gobiernos-autonomicos-si-hay-un-acuerdo-programatico-con-el-pp\/","og_site_name":"vof-news.eu","article_published_time":"2026-03-16T12:47:40+00:00","article_modified_time":"2026-03-16T12:47:57+00:00","og_image":[{"width":1366,"height":902,"url":"https:\/\/vof-news.eu\/wp-content\/uploads\/2026\/03\/17736601933510.jpg","type":"image\/jpeg"}],"author":"Author","twitter_card":"summary_large_image","twitter_misc":{"Escrito por":"Author","Tiempo de lectura":"1 minuto"},"schema":{"@context":"https:\/\/schema.org","@graph":[{"@type":"WebPage","@id":"https:\/\/vof-news.eu\/es\/abascal-asegura-que-vox-entrara-en-los-tres-gobiernos-autonomicos-si-hay-un-acuerdo-programatico-con-el-pp\/","url":"https:\/\/vof-news.eu\/es\/abascal-asegura-que-vox-entrara-en-los-tres-gobiernos-autonomicos-si-hay-un-acuerdo-programatico-con-el-pp\/","name":"Abascal asegura que Vox entrar\u00e1 en los tres gobiernos auton\u00f3micos si hay un \"acuerdo program\u00e1tico\" con el PP - vof-news.eu","isPartOf":{"@id":"https:\/\/vof-news.eu\/es\/#website"},"primaryImageOfPage":{"@id":"https:\/\/vof-news.eu\/es\/abascal-asegura-que-vox-entrara-en-los-tres-gobiernos-autonomicos-si-hay-un-acuerdo-programatico-con-el-pp\/#primaryimage"},"image":{"@id":"https:\/\/vof-news.eu\/es\/abascal-asegura-que-vox-entrara-en-los-tres-gobiernos-autonomicos-si-hay-un-acuerdo-programatico-con-el-pp\/#primaryimage"},"thumbnailUrl":"https:\/\/vof-news.eu\/wp-content\/uploads\/2026\/03\/17736601933510.jpg","datePublished":"2026-03-16T12:47:40+00:00","dateModified":"2026-03-16T12:47:57+00:00","author":{"@id":"https:\/\/vof-news.eu\/es\/#\/schema\/person\/f6a2a4309f0561835797fd8c19b333ed"},"description":"Por si hab\u00eda lugar a dudas, quedan despejadas. \"Si hay un acuerdo program\u00e1tico de Gobierno, medida a medida, s\u00ed\", ha respondido Santiago Abascal a la pregunta de si Vox entrar\u00e1 en los gobiernos de Extremadura, Arag\u00f3n y Castilla y Le\u00f3n. \"Si no lo hay, no\", ha a\u00f1adido. \"Vamos a gobernar en las tres regiones\", ha repetido el dirigente, dibujando su entrada en los ejecutivos como, \"quiz\u00e1\", la \"principal garant\u00eda\" para poner en marcha las pol\u00edticas que piden.El presidente de Vox ha sonado hoy m\u00e1s rotundo que nunca respecto a su intenci\u00f3n de volver a compartir ejecutivos con el PP, aunque siempre supedit\u00e1ndolo a que antes se cierre un pacto sobre las medidas a aplicar en la legislatura. \"Donde haya posibilidad de programa de gobierno, habr\u00e1 gobiernos de coalici\u00f3n\", ha insistido Abascal, y de nuevo, ha despejado dudas sobre cualquier otra posibilidad: \"Donde no haya posibilidad de programa de gobierno, pues ser\u00e1 porque hay gobierno con el PSOE o porque deciden convocar a las elecciones otra vez\".","breadcrumb":{"@id":"https:\/\/vof-news.eu\/es\/abascal-asegura-que-vox-entrara-en-los-tres-gobiernos-autonomicos-si-hay-un-acuerdo-programatico-con-el-pp\/#breadcrumb"},"inLanguage":"es","potentialAction":[{"@type":"ReadAction","target":["https:\/\/vof-news.eu\/es\/abascal-asegura-que-vox-entrara-en-los-tres-gobiernos-autonomicos-si-hay-un-acuerdo-programatico-con-el-pp\/"]}]},{"@type":"ImageObject","inLanguage":"es","@id":"https:\/\/vof-news.eu\/es\/abascal-asegura-que-vox-entrara-en-los-tres-gobiernos-autonomicos-si-hay-un-acuerdo-programatico-con-el-pp\/#primaryimage","url":"https:\/\/vof-news.eu\/wp-content\/uploads\/2026\/03\/17736601933510.jpg","contentUrl":"https:\/\/vof-news.eu\/wp-content\/uploads\/2026\/03\/17736601933510.jpg","width":1366,"height":902,"caption":"MADRID 15\/03\/2026.- El presidente de VOX Santiago Abascal comparece ante los medios para comentar los resultados electorales en Castilla y Le\u00f3n, hoy domingo en la sede del partido en Madrid. EFE\/VOX S\u00d3LO USO EDITORIAL\/S\u00d3LO DISPONIBLE PARA ILUSTRAR LA NOTICIA QUE ACOMPA\u00d1A (CR\u00c9DITO OBLIGATORIO)"},{"@type":"BreadcrumbList","@id":"https:\/\/vof-news.eu\/es\/abascal-asegura-que-vox-entrara-en-los-tres-gobiernos-autonomicos-si-hay-un-acuerdo-programatico-con-el-pp\/#breadcrumb","itemListElement":[{"@type":"ListItem","position":1,"name":"Home","item":"https:\/\/vof-news.eu\/es\/"},{"@type":"ListItem","position":2,"name":"Abascal asegura que Vox entrar\u00e1 en los tres gobiernos auton\u00f3micos si hay un &#8220;acuerdo program\u00e1tico&#8221; con el PP"}]},{"@type":"WebSite","@id":"https:\/\/vof-news.eu\/es\/#website","url":"https:\/\/vof-news.eu\/es\/","name":"vof-news.eu","description":"","potentialAction":[{"@type":"SearchAction","target":{"@type":"EntryPoint","urlTemplate":"https:\/\/vof-news.eu\/es\/?s={search_term_string}"},"query-input":"required name=search_term_string"}],"inLanguage":"es"},{"@type":"Person","@id":"https:\/\/vof-news.eu\/es\/#\/schema\/person\/f6a2a4309f0561835797fd8c19b333ed","name":"Author","image":{"@type":"ImageObject","inLanguage":"es","@id":"https:\/\/vof-news.eu\/es\/#\/schema\/person\/image\/","url":"https:\/\/secure.gravatar.com\/avatar\/b67e614b1b25b3e9c0c239efdd2fde5ab015b5affd6f1c3c85911ca4b384e790?s=96&d=mm&r=g","contentUrl":"https:\/\/secure.gravatar.com\/avatar\/b67e614b1b25b3e9c0c239efdd2fde5ab015b5affd6f1c3c85911ca4b384e790?s=96&d=mm&r=g","caption":"Author"},"sameAs":["http:\/\/vof-news.eu"],"url":"https:\/\/vof-news.eu\/es\/author\/zwt6qxnjulxbnyg\/"}]}},"yoast_meta":{"yoast_wpseo_title":"","yoast_wpseo_metadesc":"","yoast_wpseo_canonical":""},"_links":{"self":[{"href":"https:\/\/vof-news.eu\/es\/wp-json\/wp\/v2\/posts\/329645","targetHints":{"allow":["GET"]}}],"collection":[{"href":"https:\/\/vof-news.eu\/es\/wp-json\/wp\/v2\/posts"}],"about":[{"href":"https:\/\/vof-news.eu\/es\/wp-json\/wp\/v2\/types\/post"}],"author":[{"embeddable":true,"href":"https:\/\/vof-news.eu\/es\/wp-json\/wp\/v2\/users\/1"}],"replies":[{"embeddable":true,"href":"https:\/\/vof-news.eu\/es\/wp-json\/wp\/v2\/comments?post=329645"}],"version-history":[{"count":1,"href":"https:\/\/vof-news.eu\/es\/wp-json\/wp\/v2\/posts\/329645\/revisions"}],"predecessor-version":[{"id":329647,"href":"https:\/\/vof-news.eu\/es\/wp-json\/wp\/v2\/posts\/329645\/revisions\/329647"}],"wp:featuredmedia":[{"embeddable":true,"href":"https:\/\/vof-news.eu\/es\/wp-json\/wp\/v2\/media\/329639"}],"wp:attachment":[{"href":"https:\/\/vof-news.eu\/es\/wp-json\/wp\/v2\/media?parent=329645"}],"wp:term":[{"taxonomy":"category","embeddable":true,"href":"https:\/\/vof-news.eu\/es\/wp-json\/wp\/v2\/categories?post=329645"},{"taxonomy":"post_tag","embeddable":true,"href":"https:\/\/vof-news.eu\/es\/wp-json\/wp\/v2\/tags?post=329645"}],"curies":[{"name":"wp","href":"https:\/\/api.w.org\/{rel}","templated":true}]}}