{"id":329513,"date":"2026-03-16T00:48:46","date_gmt":"2026-03-15T21:48:46","guid":{"rendered":"https:\/\/vof-news.eu\/alfonso-fernandez-manueco-el-baron-tranquilo-que-puso-techo-a-vox\/"},"modified":"2026-03-16T00:49:01","modified_gmt":"2026-03-15T21:49:01","slug":"alfonso-fernandez-manueco-el-baron-tranquilo-que-puso-techo-a-vox","status":"publish","type":"post","link":"https:\/\/vof-news.eu\/es\/alfonso-fernandez-manueco-el-baron-tranquilo-que-puso-techo-a-vox\/","title":{"rendered":"Alfonso Fern\u00e1ndez Ma\u00f1ueco, el bar\u00f3n tranquilo que puso techo a Vox"},"content":{"rendered":"<div>\n<p><a href=\"https:\/\/www.elmundo.es\/espana\/alfonso-fernandez-manueco.html\" rel=\"nofollow\">Alfonso Fern\u00e1ndez Ma\u00f1ueco<\/a> es un hombre tranquilo, pero astuto. Calmado de puertas para afuera y voraz en el ejercicio del poder. Gasta certezas y maneras de otra \u00e9poca. Cree firmemente que los hechos deben hablar de uno antes que las palabras. Y sigue confiando ahora y siempre en la fuerza determinante de los caladeros templados del electorado. Por eso ha planificado toda su campa\u00f1a como quien esparce un reguero de miguitas de gesti\u00f3n, porque para \u00e9l, la moderaci\u00f3n no es sino la fuerza desinflamatoria de lo contante y sonante.<\/p>\n<p>Una caracter\u00edstica estructural -y quiz\u00e1 desconocida- del pol\u00edtico Alfonso Fern\u00e1ndez Ma\u00f1ueco es su pericia en el manejo de los hilos del poder. Toda la pausa y toda la flema que destila en sus discursos -\u00abno hace falta gritar para ser firme\u00bb, predica- se convierten en voracidad estrat\u00e9gica en la trastienda org\u00e1nica y gubernamental.<\/p>\n<p>El presidente de Castilla y Le\u00f3n en funciones se maneja con fluidez y <i>finezza<\/i> en las cuitas internas de su partido. Si frente a las c\u00e1maras se asemeja a otro salmantino como<strong> Vicente del Bosque<\/strong> -pausado, reflexivo y de oratoria poco sexy pero eficaz-, en las tripas de la gesti\u00f3n se desenvuelve con la letal profesionalidad de su adorado <strong>Mbapp\u00e9<\/strong>, y con la solvencia sobria de su \u00eddolo en los ruedos, <strong>Santiago Mart\u00edn <\/strong><i>El Viti<\/i>.<br \/>Los resultados de este domingo premiaron claramente este clasicismo.<\/p>\n<p>Quienes lo conocen bien coinciden: \u00abEl partido y el Gobierno los controla con guante de seda y mano de hierro, y en lo org\u00e1nico es imbatible\u00bb. Ma\u00f1ueco es un pol\u00edtico m\u00e1s bien de puertas para adentro&#8230; para ofrecer resultados. <br \/>Hombre familiar y amante de la lectura, el cine, la m\u00fasica, la tauromaquia y el f\u00fatbol, es tambi\u00e9n un gran aficionado a la historia y el arte de su ciudad, Salamanca. No s\u00f3lo se ha pateado cada rinc\u00f3n de su provincia y de su regi\u00f3n, sino que en todos ellos escudri\u00f1a un dato, una an\u00e9cdota y una propuesta. De cada iglesia, cada f\u00e1brica, cada gran explotaci\u00f3n agraria. De cada edificio hist\u00f3rico. De cada carretera&#8230;<\/p>\n<blockquote>\n<p>Podr\u00eda decirse que Ma\u00f1ueco es el alcalde de Castilla y Le\u00f3n<\/p>\n<p><span><\/span><\/p><\/blockquote>\n<p>Bien pensado, podr\u00eda decirse que Alfonso Fern\u00e1ndez Ma\u00f1ueco es el alcalde de Castilla y Le\u00f3n. As\u00ed se desempe\u00f1a y as\u00ed le votaron sus conciudadanos. Prioriza las \u00abnueces\u00bb al \u00abruido\u00bb, intenta solucionar los problemas de uno en uno, antepone las soluciones espec\u00edficas a los anuncios grandilocuentes y cree con fe ciega en la pol\u00edtica de microcirug\u00eda sectorial. \u00abLa gente no quiere ocurrencias, sino trabajo, di\u00e1logo y mesura\u00bb, es su mantra. Por eso le afect\u00f3 tanto la mala gesti\u00f3n de los incendios de Le\u00f3n, su peor borr\u00f3n.<\/p>\n<blockquote>\n<p>El 15-M lo sit\u00faa como el bar\u00f3n que logra frenar la inercia de Vox <\/p>\n<p><span><\/span><\/p><\/blockquote>\n<p>Ma\u00f1ueco, salmantino del 65, es licenciado en Derecho por la Universidad de Salamanca. Hijo del alcalde de la ciudad, a los 18 a\u00f1os se afilia a Nuevas Generaciones. A los 20 a\u00f1os funda la primera asociaci\u00f3n de estudiantes independientes de Castilla y Le\u00f3n.<br \/>Tras la mili y un breve periodo como pasante en el bufete familiar, entra en pol\u00edtica como concejal de su ciudad en 1995. En 1996, ya preside la diputaci\u00f3n provincial. En 2001 da el salto a la pol\u00edtica regional como consejero de <strong>Juan Vicente Herrera<\/strong>. Desde 2002, es secretario general del <a href=\"https:\/\/www.elmundo.es\/e\/pp\/pp-partido-popular.html\" rel=\"nofollow\">PP<\/a> de Castilla y Le\u00f3n y de 2011 a 2018, alcalde de Salamanca. <br \/>En 2017 es elegido como presidente auton\u00f3mico del PP. En 2019 pierde las elecciones, pero gobierna junto a <a href=\"https:\/\/www.elmundo.es\/e\/cs\/cs-ciudadanos.html\" rel=\"nofollow\">Cs<\/a>. En 2022 se desquita con una victoria que revalida ahora con m\u00e1s margen y con el <i>milagro<\/i> de refrenar la inercia alcista de <a href=\"https:\/\/www.elmundo.es\/e\/vo\/vox.html\" rel=\"nofollow\">Vox<\/a>. <br \/>De hecho, el 15-M lo sit\u00faa como el bar\u00f3n que le puso techo a Vox.<\/p>\n<hr\/>\n<\/div>\n","protected":false},"excerpt":{"rendered":"<p>Alfonso Fern\u00e1ndez Ma\u00f1ueco es un hombre tranquilo, pero astuto. Calmado de puertas para afuera y voraz en el ejercicio del poder. Gasta certezas y maneras de otra \u00e9poca. Cree firmemente que los hechos deben hablar de uno antes que las palabras. Y sigue confiando ahora y siempre en la fuerza determinante de los caladeros templados<\/p>\n","protected":false},"author":1,"featured_media":329507,"comment_status":"open","ping_status":"open","sticky":false,"template":"","format":"standard","meta":{"footnotes":""},"categories":[47],"tags":[],"class_list":["post-329513","post","type-post","status-publish","format-standard","has-post-thumbnail","hentry","category-interview-es"],"acf":[],"yoast_head":"<!-- This site is optimized with the Yoast SEO plugin v22.9 - https:\/\/yoast.com\/wordpress\/plugins\/seo\/ -->\n<title>Alfonso Fern\u00e1ndez Ma\u00f1ueco, el bar\u00f3n tranquilo que puso techo a Vox - vof-news.eu<\/title>\n<meta name=\"description\" content=\"Alfonso Fern\u00e1ndez Ma\u00f1ueco es un hombre tranquilo, pero astuto. Calmado de puertas para afuera y voraz en el ejercicio del poder. Gasta certezas y maneras de otra \u00e9poca. Cree firmemente que los hechos deben hablar de uno antes que las palabras. Y sigue confiando ahora y siempre en la fuerza determinante de los caladeros templados del electorado. Por eso ha planificado toda su campa\u00f1a como quien esparce un reguero de miguitas de gesti\u00f3n, porque para \u00e9l, la moderaci\u00f3n no es sino la fuerza desinflamatoria de lo contante y sonante.Una caracter\u00edstica estructural -y quiz\u00e1 desconocida- del pol\u00edtico Alfonso Fern\u00e1ndez Ma\u00f1ueco es su pericia en el manejo de los hilos del poder. Toda la pausa y toda la flema que destila en sus discursos -\u00abno hace falta gritar para ser firme\u00bb, predica- se convierten en voracidad estrat\u00e9gica en la trastienda org\u00e1nica y gubernamental.El presidente de Castilla y Le\u00f3n en funciones se maneja con fluidez y finezza en las cuitas internas de su partido. Si frente a las c\u00e1maras se asemeja a otro salmantino como Vicente del Bosque -pausado, reflexivo y de oratoria poco sexy pero eficaz-, en las tripas de la gesti\u00f3n se desenvuelve con la letal profesionalidad de su adorado Mbapp\u00e9, y con la solvencia sobria de su \u00eddolo en los ruedos, Santiago Mart\u00edn El Viti.Los resultados de este domingo premiaron claramente este clasicismo.Quienes lo conocen bien coinciden: \u00abEl partido y el Gobierno los controla con guante de seda y mano de hierro, y en lo org\u00e1nico es imbatible\u00bb. Ma\u00f1ueco es un pol\u00edtico m\u00e1s bien de puertas para adentro... para ofrecer resultados. Hombre familiar y amante de la lectura, el cine, la m\u00fasica, la tauromaquia y el f\u00fatbol, es tambi\u00e9n un gran aficionado a la historia y el arte de su ciudad, Salamanca. No s\u00f3lo se ha pateado cada rinc\u00f3n de su provincia y de su regi\u00f3n, sino que en todos ellos escudri\u00f1a un dato, una an\u00e9cdota y una propuesta. De cada iglesia, cada f\u00e1brica, cada gran explotaci\u00f3n agraria. De cada edificio hist\u00f3rico. De cada carretera...Podr\u00eda decirse que Ma\u00f1ueco es el alcalde de Castilla y Le\u00f3nBien pensado, podr\u00eda decirse que Alfonso Fern\u00e1ndez Ma\u00f1ueco es el alcalde de Castilla y Le\u00f3n. As\u00ed se desempe\u00f1a y as\u00ed le votaron sus conciudadanos. Prioriza las \u00abnueces\u00bb al \u00abruido\u00bb, intenta solucionar los problemas de uno en uno, antepone las soluciones espec\u00edficas a los anuncios grandilocuentes y cree con fe ciega en la pol\u00edtica de microcirug\u00eda sectorial. \u00abLa gente no quiere ocurrencias, sino trabajo, di\u00e1logo y mesura\u00bb, es su mantra. Por eso le afect\u00f3 tanto la mala gesti\u00f3n de los incendios de Le\u00f3n, su peor borr\u00f3n.El 15-M lo sit\u00faa como el bar\u00f3n que logra frenar la inercia de Vox Ma\u00f1ueco, salmantino del 65, es licenciado en Derecho por la Universidad de Salamanca. Hijo del alcalde de la ciudad, a los 18 a\u00f1os se afilia a Nuevas Generaciones. A los 20 a\u00f1os funda la primera asociaci\u00f3n de estudiantes independientes de Castilla y Le\u00f3n.Tras la mili y un breve periodo como pasante en el bufete familiar, entra en pol\u00edtica como concejal de su ciudad en 1995. En 1996, ya preside la diputaci\u00f3n provincial. En 2001 da el salto a la pol\u00edtica regional como consejero de Juan Vicente Herrera. Desde 2002, es secretario general del PP de Castilla y Le\u00f3n y de 2011 a 2018, alcalde de Salamanca. En 2017 es elegido como presidente auton\u00f3mico del PP. En 2019 pierde las elecciones, pero gobierna junto a Cs. En 2022 se desquita con una victoria que revalida ahora con m\u00e1s margen y con el milagro de refrenar la inercia alcista de Vox. De hecho, el 15-M lo sit\u00faa como el bar\u00f3n que le puso techo a Vox.\" \/>\n<meta name=\"robots\" content=\"noindex, follow, max-snippet:-1, max-image-preview:large, max-video-preview:-1\" \/>\n<meta property=\"og:locale\" content=\"es_ES\" \/>\n<meta property=\"og:type\" content=\"article\" \/>\n<meta property=\"og:title\" content=\"Alfonso Fern\u00e1ndez Ma\u00f1ueco, el bar\u00f3n tranquilo que puso techo a Vox - vof-news.eu\" \/>\n<meta property=\"og:description\" content=\"Alfonso Fern\u00e1ndez Ma\u00f1ueco es un hombre tranquilo, pero astuto. Calmado de puertas para afuera y voraz en el ejercicio del poder. Gasta certezas y maneras de otra \u00e9poca. Cree firmemente que los hechos deben hablar de uno antes que las palabras. Y sigue confiando ahora y siempre en la fuerza determinante de los caladeros templados del electorado. Por eso ha planificado toda su campa\u00f1a como quien esparce un reguero de miguitas de gesti\u00f3n, porque para \u00e9l, la moderaci\u00f3n no es sino la fuerza desinflamatoria de lo contante y sonante.Una caracter\u00edstica estructural -y quiz\u00e1 desconocida- del pol\u00edtico Alfonso Fern\u00e1ndez Ma\u00f1ueco es su pericia en el manejo de los hilos del poder. Toda la pausa y toda la flema que destila en sus discursos -\u00abno hace falta gritar para ser firme\u00bb, predica- se convierten en voracidad estrat\u00e9gica en la trastienda org\u00e1nica y gubernamental.El presidente de Castilla y Le\u00f3n en funciones se maneja con fluidez y finezza en las cuitas internas de su partido. Si frente a las c\u00e1maras se asemeja a otro salmantino como Vicente del Bosque -pausado, reflexivo y de oratoria poco sexy pero eficaz-, en las tripas de la gesti\u00f3n se desenvuelve con la letal profesionalidad de su adorado Mbapp\u00e9, y con la solvencia sobria de su \u00eddolo en los ruedos, Santiago Mart\u00edn El Viti.Los resultados de este domingo premiaron claramente este clasicismo.Quienes lo conocen bien coinciden: \u00abEl partido y el Gobierno los controla con guante de seda y mano de hierro, y en lo org\u00e1nico es imbatible\u00bb. Ma\u00f1ueco es un pol\u00edtico m\u00e1s bien de puertas para adentro... para ofrecer resultados. Hombre familiar y amante de la lectura, el cine, la m\u00fasica, la tauromaquia y el f\u00fatbol, es tambi\u00e9n un gran aficionado a la historia y el arte de su ciudad, Salamanca. No s\u00f3lo se ha pateado cada rinc\u00f3n de su provincia y de su regi\u00f3n, sino que en todos ellos escudri\u00f1a un dato, una an\u00e9cdota y una propuesta. De cada iglesia, cada f\u00e1brica, cada gran explotaci\u00f3n agraria. De cada edificio hist\u00f3rico. De cada carretera...Podr\u00eda decirse que Ma\u00f1ueco es el alcalde de Castilla y Le\u00f3nBien pensado, podr\u00eda decirse que Alfonso Fern\u00e1ndez Ma\u00f1ueco es el alcalde de Castilla y Le\u00f3n. As\u00ed se desempe\u00f1a y as\u00ed le votaron sus conciudadanos. Prioriza las \u00abnueces\u00bb al \u00abruido\u00bb, intenta solucionar los problemas de uno en uno, antepone las soluciones espec\u00edficas a los anuncios grandilocuentes y cree con fe ciega en la pol\u00edtica de microcirug\u00eda sectorial. \u00abLa gente no quiere ocurrencias, sino trabajo, di\u00e1logo y mesura\u00bb, es su mantra. Por eso le afect\u00f3 tanto la mala gesti\u00f3n de los incendios de Le\u00f3n, su peor borr\u00f3n.El 15-M lo sit\u00faa como el bar\u00f3n que logra frenar la inercia de Vox Ma\u00f1ueco, salmantino del 65, es licenciado en Derecho por la Universidad de Salamanca. Hijo del alcalde de la ciudad, a los 18 a\u00f1os se afilia a Nuevas Generaciones. A los 20 a\u00f1os funda la primera asociaci\u00f3n de estudiantes independientes de Castilla y Le\u00f3n.Tras la mili y un breve periodo como pasante en el bufete familiar, entra en pol\u00edtica como concejal de su ciudad en 1995. En 1996, ya preside la diputaci\u00f3n provincial. En 2001 da el salto a la pol\u00edtica regional como consejero de Juan Vicente Herrera. Desde 2002, es secretario general del PP de Castilla y Le\u00f3n y de 2011 a 2018, alcalde de Salamanca. En 2017 es elegido como presidente auton\u00f3mico del PP. En 2019 pierde las elecciones, pero gobierna junto a Cs. En 2022 se desquita con una victoria que revalida ahora con m\u00e1s margen y con el milagro de refrenar la inercia alcista de Vox. De hecho, el 15-M lo sit\u00faa como el bar\u00f3n que le puso techo a Vox.\" \/>\n<meta property=\"og:url\" content=\"https:\/\/vof-news.eu\/es\/alfonso-fernandez-manueco-el-baron-tranquilo-que-puso-techo-a-vox\/\" \/>\n<meta property=\"og:site_name\" content=\"vof-news.eu\" \/>\n<meta property=\"article:published_time\" content=\"2026-03-15T21:48:46+00:00\" \/>\n<meta property=\"article:modified_time\" content=\"2026-03-15T21:49:01+00:00\" \/>\n<meta property=\"og:image\" content=\"https:\/\/vof-news.eu\/wp-content\/uploads\/2026\/03\/17736069699577.jpg\" \/>\n\t<meta property=\"og:image:width\" content=\"1116\" \/>\n\t<meta property=\"og:image:height\" content=\"754\" \/>\n\t<meta property=\"og:image:type\" content=\"image\/jpeg\" \/>\n<meta name=\"author\" content=\"Author\" \/>\n<meta name=\"twitter:card\" content=\"summary_large_image\" \/>\n<meta name=\"twitter:label1\" content=\"Escrito por\" \/>\n\t<meta name=\"twitter:data1\" content=\"Author\" \/>\n\t<meta name=\"twitter:label2\" content=\"Tiempo de lectura\" \/>\n\t<meta name=\"twitter:data2\" content=\"3 minutos\" \/>\n<script type=\"application\/ld+json\" class=\"yoast-schema-graph\">{\"@context\":\"https:\/\/schema.org\",\"@graph\":[{\"@type\":\"WebPage\",\"@id\":\"https:\/\/vof-news.eu\/es\/alfonso-fernandez-manueco-el-baron-tranquilo-que-puso-techo-a-vox\/\",\"url\":\"https:\/\/vof-news.eu\/es\/alfonso-fernandez-manueco-el-baron-tranquilo-que-puso-techo-a-vox\/\",\"name\":\"Alfonso Fern\u00e1ndez Ma\u00f1ueco, el bar\u00f3n tranquilo que puso techo a Vox - vof-news.eu\",\"isPartOf\":{\"@id\":\"https:\/\/vof-news.eu\/es\/#website\"},\"primaryImageOfPage\":{\"@id\":\"https:\/\/vof-news.eu\/es\/alfonso-fernandez-manueco-el-baron-tranquilo-que-puso-techo-a-vox\/#primaryimage\"},\"image\":{\"@id\":\"https:\/\/vof-news.eu\/es\/alfonso-fernandez-manueco-el-baron-tranquilo-que-puso-techo-a-vox\/#primaryimage\"},\"thumbnailUrl\":\"https:\/\/vof-news.eu\/wp-content\/uploads\/2026\/03\/17736069699577.jpg\",\"datePublished\":\"2026-03-15T21:48:46+00:00\",\"dateModified\":\"2026-03-15T21:49:01+00:00\",\"author\":{\"@id\":\"https:\/\/vof-news.eu\/es\/#\/schema\/person\/f6a2a4309f0561835797fd8c19b333ed\"},\"description\":\"Alfonso Fern\u00e1ndez Ma\u00f1ueco es un hombre tranquilo, pero astuto. Calmado de puertas para afuera y voraz en el ejercicio del poder. Gasta certezas y maneras de otra \u00e9poca. Cree firmemente que los hechos deben hablar de uno antes que las palabras. Y sigue confiando ahora y siempre en la fuerza determinante de los caladeros templados del electorado. Por eso ha planificado toda su campa\u00f1a como quien esparce un reguero de miguitas de gesti\u00f3n, porque para \u00e9l, la moderaci\u00f3n no es sino la fuerza desinflamatoria de lo contante y sonante.Una caracter\u00edstica estructural -y quiz\u00e1 desconocida- del pol\u00edtico Alfonso Fern\u00e1ndez Ma\u00f1ueco es su pericia en el manejo de los hilos del poder. Toda la pausa y toda la flema que destila en sus discursos -\u00abno hace falta gritar para ser firme\u00bb, predica- se convierten en voracidad estrat\u00e9gica en la trastienda org\u00e1nica y gubernamental.El presidente de Castilla y Le\u00f3n en funciones se maneja con fluidez y finezza en las cuitas internas de su partido. Si frente a las c\u00e1maras se asemeja a otro salmantino como Vicente del Bosque -pausado, reflexivo y de oratoria poco sexy pero eficaz-, en las tripas de la gesti\u00f3n se desenvuelve con la letal profesionalidad de su adorado Mbapp\u00e9, y con la solvencia sobria de su \u00eddolo en los ruedos, Santiago Mart\u00edn El Viti.Los resultados de este domingo premiaron claramente este clasicismo.Quienes lo conocen bien coinciden: \u00abEl partido y el Gobierno los controla con guante de seda y mano de hierro, y en lo org\u00e1nico es imbatible\u00bb. Ma\u00f1ueco es un pol\u00edtico m\u00e1s bien de puertas para adentro... para ofrecer resultados. Hombre familiar y amante de la lectura, el cine, la m\u00fasica, la tauromaquia y el f\u00fatbol, es tambi\u00e9n un gran aficionado a la historia y el arte de su ciudad, Salamanca. No s\u00f3lo se ha pateado cada rinc\u00f3n de su provincia y de su regi\u00f3n, sino que en todos ellos escudri\u00f1a un dato, una an\u00e9cdota y una propuesta. De cada iglesia, cada f\u00e1brica, cada gran explotaci\u00f3n agraria. De cada edificio hist\u00f3rico. De cada carretera...Podr\u00eda decirse que Ma\u00f1ueco es el alcalde de Castilla y Le\u00f3nBien pensado, podr\u00eda decirse que Alfonso Fern\u00e1ndez Ma\u00f1ueco es el alcalde de Castilla y Le\u00f3n. As\u00ed se desempe\u00f1a y as\u00ed le votaron sus conciudadanos. Prioriza las \u00abnueces\u00bb al \u00abruido\u00bb, intenta solucionar los problemas de uno en uno, antepone las soluciones espec\u00edficas a los anuncios grandilocuentes y cree con fe ciega en la pol\u00edtica de microcirug\u00eda sectorial. \u00abLa gente no quiere ocurrencias, sino trabajo, di\u00e1logo y mesura\u00bb, es su mantra. Por eso le afect\u00f3 tanto la mala gesti\u00f3n de los incendios de Le\u00f3n, su peor borr\u00f3n.El 15-M lo sit\u00faa como el bar\u00f3n que logra frenar la inercia de Vox Ma\u00f1ueco, salmantino del 65, es licenciado en Derecho por la Universidad de Salamanca. Hijo del alcalde de la ciudad, a los 18 a\u00f1os se afilia a Nuevas Generaciones. A los 20 a\u00f1os funda la primera asociaci\u00f3n de estudiantes independientes de Castilla y Le\u00f3n.Tras la mili y un breve periodo como pasante en el bufete familiar, entra en pol\u00edtica como concejal de su ciudad en 1995. En 1996, ya preside la diputaci\u00f3n provincial. En 2001 da el salto a la pol\u00edtica regional como consejero de Juan Vicente Herrera. Desde 2002, es secretario general del PP de Castilla y Le\u00f3n y de 2011 a 2018, alcalde de Salamanca. En 2017 es elegido como presidente auton\u00f3mico del PP. En 2019 pierde las elecciones, pero gobierna junto a Cs. En 2022 se desquita con una victoria que revalida ahora con m\u00e1s margen y con el milagro de refrenar la inercia alcista de Vox. De hecho, el 15-M lo sit\u00faa como el bar\u00f3n que le puso techo a Vox.\",\"breadcrumb\":{\"@id\":\"https:\/\/vof-news.eu\/es\/alfonso-fernandez-manueco-el-baron-tranquilo-que-puso-techo-a-vox\/#breadcrumb\"},\"inLanguage\":\"es\",\"potentialAction\":[{\"@type\":\"ReadAction\",\"target\":[\"https:\/\/vof-news.eu\/es\/alfonso-fernandez-manueco-el-baron-tranquilo-que-puso-techo-a-vox\/\"]}]},{\"@type\":\"ImageObject\",\"inLanguage\":\"es\",\"@id\":\"https:\/\/vof-news.eu\/es\/alfonso-fernandez-manueco-el-baron-tranquilo-que-puso-techo-a-vox\/#primaryimage\",\"url\":\"https:\/\/vof-news.eu\/wp-content\/uploads\/2026\/03\/17736069699577.jpg\",\"contentUrl\":\"https:\/\/vof-news.eu\/wp-content\/uploads\/2026\/03\/17736069699577.jpg\",\"width\":1116,\"height\":754},{\"@type\":\"BreadcrumbList\",\"@id\":\"https:\/\/vof-news.eu\/es\/alfonso-fernandez-manueco-el-baron-tranquilo-que-puso-techo-a-vox\/#breadcrumb\",\"itemListElement\":[{\"@type\":\"ListItem\",\"position\":1,\"name\":\"Home\",\"item\":\"https:\/\/vof-news.eu\/es\/\"},{\"@type\":\"ListItem\",\"position\":2,\"name\":\"Alfonso Fern\u00e1ndez Ma\u00f1ueco, el bar\u00f3n tranquilo que puso techo a Vox\"}]},{\"@type\":\"WebSite\",\"@id\":\"https:\/\/vof-news.eu\/es\/#website\",\"url\":\"https:\/\/vof-news.eu\/es\/\",\"name\":\"vof-news.eu\",\"description\":\"\",\"potentialAction\":[{\"@type\":\"SearchAction\",\"target\":{\"@type\":\"EntryPoint\",\"urlTemplate\":\"https:\/\/vof-news.eu\/es\/?s={search_term_string}\"},\"query-input\":\"required name=search_term_string\"}],\"inLanguage\":\"es\"},{\"@type\":\"Person\",\"@id\":\"https:\/\/vof-news.eu\/es\/#\/schema\/person\/f6a2a4309f0561835797fd8c19b333ed\",\"name\":\"Author\",\"image\":{\"@type\":\"ImageObject\",\"inLanguage\":\"es\",\"@id\":\"https:\/\/vof-news.eu\/es\/#\/schema\/person\/image\/\",\"url\":\"https:\/\/secure.gravatar.com\/avatar\/b67e614b1b25b3e9c0c239efdd2fde5ab015b5affd6f1c3c85911ca4b384e790?s=96&d=mm&r=g\",\"contentUrl\":\"https:\/\/secure.gravatar.com\/avatar\/b67e614b1b25b3e9c0c239efdd2fde5ab015b5affd6f1c3c85911ca4b384e790?s=96&d=mm&r=g\",\"caption\":\"Author\"},\"sameAs\":[\"http:\/\/vof-news.eu\"],\"url\":\"https:\/\/vof-news.eu\/es\/author\/zwt6qxnjulxbnyg\/\"}]}<\/script>\n<!-- \/ Yoast SEO plugin. -->","yoast_head_json":{"title":"Alfonso Fern\u00e1ndez Ma\u00f1ueco, el bar\u00f3n tranquilo que puso techo a Vox - vof-news.eu","description":"Alfonso Fern\u00e1ndez Ma\u00f1ueco es un hombre tranquilo, pero astuto. Calmado de puertas para afuera y voraz en el ejercicio del poder. Gasta certezas y maneras de otra \u00e9poca. Cree firmemente que los hechos deben hablar de uno antes que las palabras. Y sigue confiando ahora y siempre en la fuerza determinante de los caladeros templados del electorado. Por eso ha planificado toda su campa\u00f1a como quien esparce un reguero de miguitas de gesti\u00f3n, porque para \u00e9l, la moderaci\u00f3n no es sino la fuerza desinflamatoria de lo contante y sonante.Una caracter\u00edstica estructural -y quiz\u00e1 desconocida- del pol\u00edtico Alfonso Fern\u00e1ndez Ma\u00f1ueco es su pericia en el manejo de los hilos del poder. Toda la pausa y toda la flema que destila en sus discursos -\u00abno hace falta gritar para ser firme\u00bb, predica- se convierten en voracidad estrat\u00e9gica en la trastienda org\u00e1nica y gubernamental.El presidente de Castilla y Le\u00f3n en funciones se maneja con fluidez y finezza en las cuitas internas de su partido. Si frente a las c\u00e1maras se asemeja a otro salmantino como Vicente del Bosque -pausado, reflexivo y de oratoria poco sexy pero eficaz-, en las tripas de la gesti\u00f3n se desenvuelve con la letal profesionalidad de su adorado Mbapp\u00e9, y con la solvencia sobria de su \u00eddolo en los ruedos, Santiago Mart\u00edn El Viti.Los resultados de este domingo premiaron claramente este clasicismo.Quienes lo conocen bien coinciden: \u00abEl partido y el Gobierno los controla con guante de seda y mano de hierro, y en lo org\u00e1nico es imbatible\u00bb. Ma\u00f1ueco es un pol\u00edtico m\u00e1s bien de puertas para adentro... para ofrecer resultados. Hombre familiar y amante de la lectura, el cine, la m\u00fasica, la tauromaquia y el f\u00fatbol, es tambi\u00e9n un gran aficionado a la historia y el arte de su ciudad, Salamanca. No s\u00f3lo se ha pateado cada rinc\u00f3n de su provincia y de su regi\u00f3n, sino que en todos ellos escudri\u00f1a un dato, una an\u00e9cdota y una propuesta. De cada iglesia, cada f\u00e1brica, cada gran explotaci\u00f3n agraria. De cada edificio hist\u00f3rico. De cada carretera...Podr\u00eda decirse que Ma\u00f1ueco es el alcalde de Castilla y Le\u00f3nBien pensado, podr\u00eda decirse que Alfonso Fern\u00e1ndez Ma\u00f1ueco es el alcalde de Castilla y Le\u00f3n. As\u00ed se desempe\u00f1a y as\u00ed le votaron sus conciudadanos. Prioriza las \u00abnueces\u00bb al \u00abruido\u00bb, intenta solucionar los problemas de uno en uno, antepone las soluciones espec\u00edficas a los anuncios grandilocuentes y cree con fe ciega en la pol\u00edtica de microcirug\u00eda sectorial. \u00abLa gente no quiere ocurrencias, sino trabajo, di\u00e1logo y mesura\u00bb, es su mantra. Por eso le afect\u00f3 tanto la mala gesti\u00f3n de los incendios de Le\u00f3n, su peor borr\u00f3n.El 15-M lo sit\u00faa como el bar\u00f3n que logra frenar la inercia de Vox Ma\u00f1ueco, salmantino del 65, es licenciado en Derecho por la Universidad de Salamanca. Hijo del alcalde de la ciudad, a los 18 a\u00f1os se afilia a Nuevas Generaciones. A los 20 a\u00f1os funda la primera asociaci\u00f3n de estudiantes independientes de Castilla y Le\u00f3n.Tras la mili y un breve periodo como pasante en el bufete familiar, entra en pol\u00edtica como concejal de su ciudad en 1995. En 1996, ya preside la diputaci\u00f3n provincial. En 2001 da el salto a la pol\u00edtica regional como consejero de Juan Vicente Herrera. Desde 2002, es secretario general del PP de Castilla y Le\u00f3n y de 2011 a 2018, alcalde de Salamanca. En 2017 es elegido como presidente auton\u00f3mico del PP. En 2019 pierde las elecciones, pero gobierna junto a Cs. En 2022 se desquita con una victoria que revalida ahora con m\u00e1s margen y con el milagro de refrenar la inercia alcista de Vox. De hecho, el 15-M lo sit\u00faa como el bar\u00f3n que le puso techo a Vox.","robots":{"index":"noindex","follow":"follow","max-snippet":"max-snippet:-1","max-image-preview":"max-image-preview:large","max-video-preview":"max-video-preview:-1"},"og_locale":"es_ES","og_type":"article","og_title":"Alfonso Fern\u00e1ndez Ma\u00f1ueco, el bar\u00f3n tranquilo que puso techo a Vox - vof-news.eu","og_description":"Alfonso Fern\u00e1ndez Ma\u00f1ueco es un hombre tranquilo, pero astuto. Calmado de puertas para afuera y voraz en el ejercicio del poder. Gasta certezas y maneras de otra \u00e9poca. Cree firmemente que los hechos deben hablar de uno antes que las palabras. Y sigue confiando ahora y siempre en la fuerza determinante de los caladeros templados del electorado. Por eso ha planificado toda su campa\u00f1a como quien esparce un reguero de miguitas de gesti\u00f3n, porque para \u00e9l, la moderaci\u00f3n no es sino la fuerza desinflamatoria de lo contante y sonante.Una caracter\u00edstica estructural -y quiz\u00e1 desconocida- del pol\u00edtico Alfonso Fern\u00e1ndez Ma\u00f1ueco es su pericia en el manejo de los hilos del poder. Toda la pausa y toda la flema que destila en sus discursos -\u00abno hace falta gritar para ser firme\u00bb, predica- se convierten en voracidad estrat\u00e9gica en la trastienda org\u00e1nica y gubernamental.El presidente de Castilla y Le\u00f3n en funciones se maneja con fluidez y finezza en las cuitas internas de su partido. Si frente a las c\u00e1maras se asemeja a otro salmantino como Vicente del Bosque -pausado, reflexivo y de oratoria poco sexy pero eficaz-, en las tripas de la gesti\u00f3n se desenvuelve con la letal profesionalidad de su adorado Mbapp\u00e9, y con la solvencia sobria de su \u00eddolo en los ruedos, Santiago Mart\u00edn El Viti.Los resultados de este domingo premiaron claramente este clasicismo.Quienes lo conocen bien coinciden: \u00abEl partido y el Gobierno los controla con guante de seda y mano de hierro, y en lo org\u00e1nico es imbatible\u00bb. Ma\u00f1ueco es un pol\u00edtico m\u00e1s bien de puertas para adentro... para ofrecer resultados. Hombre familiar y amante de la lectura, el cine, la m\u00fasica, la tauromaquia y el f\u00fatbol, es tambi\u00e9n un gran aficionado a la historia y el arte de su ciudad, Salamanca. No s\u00f3lo se ha pateado cada rinc\u00f3n de su provincia y de su regi\u00f3n, sino que en todos ellos escudri\u00f1a un dato, una an\u00e9cdota y una propuesta. De cada iglesia, cada f\u00e1brica, cada gran explotaci\u00f3n agraria. De cada edificio hist\u00f3rico. De cada carretera...Podr\u00eda decirse que Ma\u00f1ueco es el alcalde de Castilla y Le\u00f3nBien pensado, podr\u00eda decirse que Alfonso Fern\u00e1ndez Ma\u00f1ueco es el alcalde de Castilla y Le\u00f3n. As\u00ed se desempe\u00f1a y as\u00ed le votaron sus conciudadanos. Prioriza las \u00abnueces\u00bb al \u00abruido\u00bb, intenta solucionar los problemas de uno en uno, antepone las soluciones espec\u00edficas a los anuncios grandilocuentes y cree con fe ciega en la pol\u00edtica de microcirug\u00eda sectorial. \u00abLa gente no quiere ocurrencias, sino trabajo, di\u00e1logo y mesura\u00bb, es su mantra. Por eso le afect\u00f3 tanto la mala gesti\u00f3n de los incendios de Le\u00f3n, su peor borr\u00f3n.El 15-M lo sit\u00faa como el bar\u00f3n que logra frenar la inercia de Vox Ma\u00f1ueco, salmantino del 65, es licenciado en Derecho por la Universidad de Salamanca. Hijo del alcalde de la ciudad, a los 18 a\u00f1os se afilia a Nuevas Generaciones. A los 20 a\u00f1os funda la primera asociaci\u00f3n de estudiantes independientes de Castilla y Le\u00f3n.Tras la mili y un breve periodo como pasante en el bufete familiar, entra en pol\u00edtica como concejal de su ciudad en 1995. En 1996, ya preside la diputaci\u00f3n provincial. En 2001 da el salto a la pol\u00edtica regional como consejero de Juan Vicente Herrera. Desde 2002, es secretario general del PP de Castilla y Le\u00f3n y de 2011 a 2018, alcalde de Salamanca. En 2017 es elegido como presidente auton\u00f3mico del PP. En 2019 pierde las elecciones, pero gobierna junto a Cs. En 2022 se desquita con una victoria que revalida ahora con m\u00e1s margen y con el milagro de refrenar la inercia alcista de Vox. De hecho, el 15-M lo sit\u00faa como el bar\u00f3n que le puso techo a Vox.","og_url":"https:\/\/vof-news.eu\/es\/alfonso-fernandez-manueco-el-baron-tranquilo-que-puso-techo-a-vox\/","og_site_name":"vof-news.eu","article_published_time":"2026-03-15T21:48:46+00:00","article_modified_time":"2026-03-15T21:49:01+00:00","og_image":[{"width":1116,"height":754,"url":"https:\/\/vof-news.eu\/wp-content\/uploads\/2026\/03\/17736069699577.jpg","type":"image\/jpeg"}],"author":"Author","twitter_card":"summary_large_image","twitter_misc":{"Escrito por":"Author","Tiempo de lectura":"3 minutos"},"schema":{"@context":"https:\/\/schema.org","@graph":[{"@type":"WebPage","@id":"https:\/\/vof-news.eu\/es\/alfonso-fernandez-manueco-el-baron-tranquilo-que-puso-techo-a-vox\/","url":"https:\/\/vof-news.eu\/es\/alfonso-fernandez-manueco-el-baron-tranquilo-que-puso-techo-a-vox\/","name":"Alfonso Fern\u00e1ndez Ma\u00f1ueco, el bar\u00f3n tranquilo que puso techo a Vox - vof-news.eu","isPartOf":{"@id":"https:\/\/vof-news.eu\/es\/#website"},"primaryImageOfPage":{"@id":"https:\/\/vof-news.eu\/es\/alfonso-fernandez-manueco-el-baron-tranquilo-que-puso-techo-a-vox\/#primaryimage"},"image":{"@id":"https:\/\/vof-news.eu\/es\/alfonso-fernandez-manueco-el-baron-tranquilo-que-puso-techo-a-vox\/#primaryimage"},"thumbnailUrl":"https:\/\/vof-news.eu\/wp-content\/uploads\/2026\/03\/17736069699577.jpg","datePublished":"2026-03-15T21:48:46+00:00","dateModified":"2026-03-15T21:49:01+00:00","author":{"@id":"https:\/\/vof-news.eu\/es\/#\/schema\/person\/f6a2a4309f0561835797fd8c19b333ed"},"description":"Alfonso Fern\u00e1ndez Ma\u00f1ueco es un hombre tranquilo, pero astuto. Calmado de puertas para afuera y voraz en el ejercicio del poder. Gasta certezas y maneras de otra \u00e9poca. Cree firmemente que los hechos deben hablar de uno antes que las palabras. Y sigue confiando ahora y siempre en la fuerza determinante de los caladeros templados del electorado. Por eso ha planificado toda su campa\u00f1a como quien esparce un reguero de miguitas de gesti\u00f3n, porque para \u00e9l, la moderaci\u00f3n no es sino la fuerza desinflamatoria de lo contante y sonante.Una caracter\u00edstica estructural -y quiz\u00e1 desconocida- del pol\u00edtico Alfonso Fern\u00e1ndez Ma\u00f1ueco es su pericia en el manejo de los hilos del poder. Toda la pausa y toda la flema que destila en sus discursos -\u00abno hace falta gritar para ser firme\u00bb, predica- se convierten en voracidad estrat\u00e9gica en la trastienda org\u00e1nica y gubernamental.El presidente de Castilla y Le\u00f3n en funciones se maneja con fluidez y finezza en las cuitas internas de su partido. Si frente a las c\u00e1maras se asemeja a otro salmantino como Vicente del Bosque -pausado, reflexivo y de oratoria poco sexy pero eficaz-, en las tripas de la gesti\u00f3n se desenvuelve con la letal profesionalidad de su adorado Mbapp\u00e9, y con la solvencia sobria de su \u00eddolo en los ruedos, Santiago Mart\u00edn El Viti.Los resultados de este domingo premiaron claramente este clasicismo.Quienes lo conocen bien coinciden: \u00abEl partido y el Gobierno los controla con guante de seda y mano de hierro, y en lo org\u00e1nico es imbatible\u00bb. Ma\u00f1ueco es un pol\u00edtico m\u00e1s bien de puertas para adentro... para ofrecer resultados. Hombre familiar y amante de la lectura, el cine, la m\u00fasica, la tauromaquia y el f\u00fatbol, es tambi\u00e9n un gran aficionado a la historia y el arte de su ciudad, Salamanca. No s\u00f3lo se ha pateado cada rinc\u00f3n de su provincia y de su regi\u00f3n, sino que en todos ellos escudri\u00f1a un dato, una an\u00e9cdota y una propuesta. De cada iglesia, cada f\u00e1brica, cada gran explotaci\u00f3n agraria. De cada edificio hist\u00f3rico. De cada carretera...Podr\u00eda decirse que Ma\u00f1ueco es el alcalde de Castilla y Le\u00f3nBien pensado, podr\u00eda decirse que Alfonso Fern\u00e1ndez Ma\u00f1ueco es el alcalde de Castilla y Le\u00f3n. As\u00ed se desempe\u00f1a y as\u00ed le votaron sus conciudadanos. Prioriza las \u00abnueces\u00bb al \u00abruido\u00bb, intenta solucionar los problemas de uno en uno, antepone las soluciones espec\u00edficas a los anuncios grandilocuentes y cree con fe ciega en la pol\u00edtica de microcirug\u00eda sectorial. \u00abLa gente no quiere ocurrencias, sino trabajo, di\u00e1logo y mesura\u00bb, es su mantra. Por eso le afect\u00f3 tanto la mala gesti\u00f3n de los incendios de Le\u00f3n, su peor borr\u00f3n.El 15-M lo sit\u00faa como el bar\u00f3n que logra frenar la inercia de Vox Ma\u00f1ueco, salmantino del 65, es licenciado en Derecho por la Universidad de Salamanca. Hijo del alcalde de la ciudad, a los 18 a\u00f1os se afilia a Nuevas Generaciones. A los 20 a\u00f1os funda la primera asociaci\u00f3n de estudiantes independientes de Castilla y Le\u00f3n.Tras la mili y un breve periodo como pasante en el bufete familiar, entra en pol\u00edtica como concejal de su ciudad en 1995. En 1996, ya preside la diputaci\u00f3n provincial. En 2001 da el salto a la pol\u00edtica regional como consejero de Juan Vicente Herrera. Desde 2002, es secretario general del PP de Castilla y Le\u00f3n y de 2011 a 2018, alcalde de Salamanca. En 2017 es elegido como presidente auton\u00f3mico del PP. En 2019 pierde las elecciones, pero gobierna junto a Cs. En 2022 se desquita con una victoria que revalida ahora con m\u00e1s margen y con el milagro de refrenar la inercia alcista de Vox. De hecho, el 15-M lo sit\u00faa como el bar\u00f3n que le puso techo a Vox.","breadcrumb":{"@id":"https:\/\/vof-news.eu\/es\/alfonso-fernandez-manueco-el-baron-tranquilo-que-puso-techo-a-vox\/#breadcrumb"},"inLanguage":"es","potentialAction":[{"@type":"ReadAction","target":["https:\/\/vof-news.eu\/es\/alfonso-fernandez-manueco-el-baron-tranquilo-que-puso-techo-a-vox\/"]}]},{"@type":"ImageObject","inLanguage":"es","@id":"https:\/\/vof-news.eu\/es\/alfonso-fernandez-manueco-el-baron-tranquilo-que-puso-techo-a-vox\/#primaryimage","url":"https:\/\/vof-news.eu\/wp-content\/uploads\/2026\/03\/17736069699577.jpg","contentUrl":"https:\/\/vof-news.eu\/wp-content\/uploads\/2026\/03\/17736069699577.jpg","width":1116,"height":754},{"@type":"BreadcrumbList","@id":"https:\/\/vof-news.eu\/es\/alfonso-fernandez-manueco-el-baron-tranquilo-que-puso-techo-a-vox\/#breadcrumb","itemListElement":[{"@type":"ListItem","position":1,"name":"Home","item":"https:\/\/vof-news.eu\/es\/"},{"@type":"ListItem","position":2,"name":"Alfonso Fern\u00e1ndez Ma\u00f1ueco, el bar\u00f3n tranquilo que puso techo a Vox"}]},{"@type":"WebSite","@id":"https:\/\/vof-news.eu\/es\/#website","url":"https:\/\/vof-news.eu\/es\/","name":"vof-news.eu","description":"","potentialAction":[{"@type":"SearchAction","target":{"@type":"EntryPoint","urlTemplate":"https:\/\/vof-news.eu\/es\/?s={search_term_string}"},"query-input":"required name=search_term_string"}],"inLanguage":"es"},{"@type":"Person","@id":"https:\/\/vof-news.eu\/es\/#\/schema\/person\/f6a2a4309f0561835797fd8c19b333ed","name":"Author","image":{"@type":"ImageObject","inLanguage":"es","@id":"https:\/\/vof-news.eu\/es\/#\/schema\/person\/image\/","url":"https:\/\/secure.gravatar.com\/avatar\/b67e614b1b25b3e9c0c239efdd2fde5ab015b5affd6f1c3c85911ca4b384e790?s=96&d=mm&r=g","contentUrl":"https:\/\/secure.gravatar.com\/avatar\/b67e614b1b25b3e9c0c239efdd2fde5ab015b5affd6f1c3c85911ca4b384e790?s=96&d=mm&r=g","caption":"Author"},"sameAs":["http:\/\/vof-news.eu"],"url":"https:\/\/vof-news.eu\/es\/author\/zwt6qxnjulxbnyg\/"}]}},"yoast_meta":{"yoast_wpseo_title":"","yoast_wpseo_metadesc":"","yoast_wpseo_canonical":""},"_links":{"self":[{"href":"https:\/\/vof-news.eu\/es\/wp-json\/wp\/v2\/posts\/329513","targetHints":{"allow":["GET"]}}],"collection":[{"href":"https:\/\/vof-news.eu\/es\/wp-json\/wp\/v2\/posts"}],"about":[{"href":"https:\/\/vof-news.eu\/es\/wp-json\/wp\/v2\/types\/post"}],"author":[{"embeddable":true,"href":"https:\/\/vof-news.eu\/es\/wp-json\/wp\/v2\/users\/1"}],"replies":[{"embeddable":true,"href":"https:\/\/vof-news.eu\/es\/wp-json\/wp\/v2\/comments?post=329513"}],"version-history":[{"count":1,"href":"https:\/\/vof-news.eu\/es\/wp-json\/wp\/v2\/posts\/329513\/revisions"}],"predecessor-version":[{"id":329514,"href":"https:\/\/vof-news.eu\/es\/wp-json\/wp\/v2\/posts\/329513\/revisions\/329514"}],"wp:featuredmedia":[{"embeddable":true,"href":"https:\/\/vof-news.eu\/es\/wp-json\/wp\/v2\/media\/329507"}],"wp:attachment":[{"href":"https:\/\/vof-news.eu\/es\/wp-json\/wp\/v2\/media?parent=329513"}],"wp:term":[{"taxonomy":"category","embeddable":true,"href":"https:\/\/vof-news.eu\/es\/wp-json\/wp\/v2\/categories?post=329513"},{"taxonomy":"post_tag","embeddable":true,"href":"https:\/\/vof-news.eu\/es\/wp-json\/wp\/v2\/tags?post=329513"}],"curies":[{"name":"wp","href":"https:\/\/api.w.org\/{rel}","templated":true}]}}