{"id":328795,"date":"2026-03-10T22:52:27","date_gmt":"2026-03-10T19:52:27","guid":{"rendered":"https:\/\/vof-news.eu\/ribera-critica-a-von-der-leyen-por-su-posicion-en-la-guerra-de-iran-y-advierte-de-que-se-excede-en-sus-funciones-no-me-parece-acertada\/"},"modified":"2026-03-10T22:52:36","modified_gmt":"2026-03-10T19:52:36","slug":"ribera-critica-a-von-der-leyen-por-su-posicion-en-la-guerra-de-iran-y-advierte-de-que-se-excede-en-sus-funciones-no-me-parece-acertada","status":"publish","type":"post","link":"https:\/\/vof-news.eu\/es\/ribera-critica-a-von-der-leyen-por-su-posicion-en-la-guerra-de-iran-y-advierte-de-que-se-excede-en-sus-funciones-no-me-parece-acertada\/","title":{"rendered":"Ribera critica a Von der Leyen por su posici\u00f3n en la guerra de Ir\u00e1n y advierte de que se excede en sus funciones: \u00abNo me parece acertada\u00bb"},"content":{"rendered":"<div>\n<p>A Teresa Ribera, vicepresidenta de la Comisi\u00f3n Europea y ex vicepresidenta del Gobierno de Espa\u00f1a, no le ha gustado en absoluto el posicionamiento de Ursula von der Leyen ante la guerra de Ir\u00e1n y las palabras de su propia presidenta sobre el nuevo orden mundial en el que Europa se est\u00e1 quedando atr\u00e1s. \u00ab<strong>No me parece acertada la forma en la que se expres\u00f3<\/strong>\u00ab, ha asegurado este martes la responsable para la Transici\u00f3n Limpia que fue aupada a ese relevante puesto por la propia alta funcionaria alemana.<\/p>\n<p>\u00abLa forma en la que introdujo el asunto de hasta qu\u00e9 punto la construcci\u00f3n del orden internacional desde el final de la Segunda Guerra Mundial basado en la Carta de Naciones Unidas, <strong>no respond\u00eda a los desaf\u00edos actuales<\/strong>\u00ab, ha se\u00f1alado Ribera en una entrevista concedida a <i>Onda Cero<\/i>. \u00abNo puede quedar en el aire como un espacio de dudas con respecto a si debemos actualizarlo y encontrar la forma en la que afrontar las mejores respuestas a los grandes temas actuales. O si lo dejamos en un caj\u00f3n y nos olvidamos. Me parece que esto segundo ser\u00eda un grave error y no tengo la sensaci\u00f3n de que sea la posici\u00f3n defendida por Europa ni por los europeos\u00bb, ha proseguido la responsable comunitaria.<\/p>\n<p>Y a todo ello, ha a\u00f1adido una cr\u00edtica que estos d\u00edas sobrevuela muchas de las conversaciones que se tienen en Bruselas: que Von der Leyen se est\u00e1 excediendo en sus funciones y que las medidas en materia de pol\u00edtica exterior corresponden al Consejo Europeo y a la jefa de la diplomacia europea, Kaja Kallas.<\/p>\n<p>\u00abYo creo que Ursula von der Leyen ayer hizo una reflexi\u00f3n en voz alta de la que se puede discrepar o no, y corresponde al Consejo Europeo que de hecho tendr\u00e1 este debate la semana que viene junto con la Alta Representante de Acci\u00f3n Exterior, <strong>fijar posici\u00f3n con respecto a la acci\u00f3n exterior<\/strong>. Y me parece que es importante recordar que el respeto al derecho internacional es una premisa b\u00e1sica no solamente desde el punto de vista moral o de construcci\u00f3n de la paz\u00bb, ha se\u00f1alado.<\/p>\n<p>Ribera, adem\u00e1s, no ha sido la \u00fanica voz socialista cr\u00edtica con Von der Leyen o, al menos, que se ha desmarcado de la presidenta. El responsable del Consejo Europeo, Ant\u00f3nio Costa, ha afirmado que es necesario \u00ab<strong>garantizar que el mundo siga siendo un sistema basado en normas<\/strong>\u00ab, esto es, una postura muy alejada del \u00abantiguo orden mundial desaparecido\u00bb que ayer se\u00f1al\u00f3 la presidenta de la Comisi\u00f3n.<\/p>\n<p>Y el lugar elegido por Costa para tambi\u00e9n \u00abdefender los principios de la Carta de las Naciones Unidas y el derecho internacional\u00bb ha sido el mismo que ayer emple\u00f3 Von der Leyen: la conferencia ante los embajadores de la UE.<\/p>\n<hr\/>\n<\/div>\n","protected":false},"excerpt":{"rendered":"<p>A Teresa Ribera, vicepresidenta de la Comisi\u00f3n Europea y ex vicepresidenta del Gobierno de Espa\u00f1a, no le ha gustado en absoluto el posicionamiento de Ursula von der Leyen ante la guerra de Ir\u00e1n y las palabras de su propia presidenta sobre el nuevo orden mundial en el que Europa se est\u00e1 quedando atr\u00e1s. \u00abNo me<\/p>\n","protected":false},"author":1,"featured_media":0,"comment_status":"open","ping_status":"open","sticky":false,"template":"","format":"standard","meta":{"footnotes":""},"categories":[47],"tags":[],"class_list":["post-328795","post","type-post","status-publish","format-standard","hentry","category-interview-es"],"acf":[],"yoast_head":"<!-- This site is optimized with the Yoast SEO plugin v22.9 - https:\/\/yoast.com\/wordpress\/plugins\/seo\/ -->\n<title>Ribera critica a Von der Leyen por su posici\u00f3n en la guerra de Ir\u00e1n y advierte de que se excede en sus funciones: &quot;No me parece acertada&quot; - vof-news.eu<\/title>\n<meta name=\"description\" content=\"A Teresa Ribera, vicepresidenta de la Comisi\u00f3n Europea y ex vicepresidenta del Gobierno de Espa\u00f1a, no le ha gustado en absoluto el posicionamiento de Ursula von der Leyen ante la guerra de Ir\u00e1n y las palabras de su propia presidenta sobre el nuevo orden mundial en el que Europa se est\u00e1 quedando atr\u00e1s. &quot;No me parece acertada la forma en la que se expres\u00f3&quot;, ha asegurado este martes la responsable para la Transici\u00f3n Limpia que fue aupada a ese relevante puesto por la propia alta funcionaria alemana.&quot;La forma en la que introdujo el asunto de hasta qu\u00e9 punto la construcci\u00f3n del orden internacional desde el final de la Segunda Guerra Mundial basado en la Carta de Naciones Unidas, no respond\u00eda a los desaf\u00edos actuales&quot;, ha se\u00f1alado Ribera en una entrevista concedida a Onda Cero. &quot;No puede quedar en el aire como un espacio de dudas con respecto a si debemos actualizarlo y encontrar la forma en la que afrontar las mejores respuestas a los grandes temas actuales. O si lo dejamos en un caj\u00f3n y nos olvidamos. Me parece que esto segundo ser\u00eda un grave error y no tengo la sensaci\u00f3n de que sea la posici\u00f3n defendida por Europa ni por los europeos&quot;, ha proseguido la responsable comunitaria.Y a todo ello, ha a\u00f1adido una cr\u00edtica que estos d\u00edas sobrevuela muchas de las conversaciones que se tienen en Bruselas: que Von der Leyen se est\u00e1 excediendo en sus funciones y que las medidas en materia de pol\u00edtica exterior corresponden al Consejo Europeo y a la jefa de la diplomacia europea, Kaja Kallas.&quot;Yo creo que Ursula von der Leyen ayer hizo una reflexi\u00f3n en voz alta de la que se puede discrepar o no, y corresponde al Consejo Europeo que de hecho tendr\u00e1 este debate la semana que viene junto con la Alta Representante de Acci\u00f3n Exterior, fijar posici\u00f3n con respecto a la acci\u00f3n exterior. Y me parece que es importante recordar que el respeto al derecho internacional es una premisa b\u00e1sica no solamente desde el punto de vista moral o de construcci\u00f3n de la paz&quot;, ha se\u00f1alado.Ribera, adem\u00e1s, no ha sido la \u00fanica voz socialista cr\u00edtica con Von der Leyen o, al menos, que se ha desmarcado de la presidenta. El responsable del Consejo Europeo, Ant\u00f3nio Costa, ha afirmado que es necesario &quot;garantizar que el mundo siga siendo un sistema basado en normas&quot;, esto es, una postura muy alejada del &quot;antiguo orden mundial desaparecido&quot; que ayer se\u00f1al\u00f3 la presidenta de la Comisi\u00f3n.Y el lugar elegido por Costa para tambi\u00e9n &quot;defender los principios de la Carta de las Naciones Unidas y el derecho internacional&quot; ha sido el mismo que ayer emple\u00f3 Von der Leyen: la conferencia ante los embajadores de la UE.\" \/>\n<meta name=\"robots\" content=\"noindex, follow, max-snippet:-1, max-image-preview:large, max-video-preview:-1\" \/>\n<meta property=\"og:locale\" content=\"es_ES\" \/>\n<meta property=\"og:type\" content=\"article\" \/>\n<meta property=\"og:title\" content=\"Ribera critica a Von der Leyen por su posici\u00f3n en la guerra de Ir\u00e1n y advierte de que se excede en sus funciones: &quot;No me parece acertada&quot; - vof-news.eu\" \/>\n<meta property=\"og:description\" content=\"A Teresa Ribera, vicepresidenta de la Comisi\u00f3n Europea y ex vicepresidenta del Gobierno de Espa\u00f1a, no le ha gustado en absoluto el posicionamiento de Ursula von der Leyen ante la guerra de Ir\u00e1n y las palabras de su propia presidenta sobre el nuevo orden mundial en el que Europa se est\u00e1 quedando atr\u00e1s. &quot;No me parece acertada la forma en la que se expres\u00f3&quot;, ha asegurado este martes la responsable para la Transici\u00f3n Limpia que fue aupada a ese relevante puesto por la propia alta funcionaria alemana.&quot;La forma en la que introdujo el asunto de hasta qu\u00e9 punto la construcci\u00f3n del orden internacional desde el final de la Segunda Guerra Mundial basado en la Carta de Naciones Unidas, no respond\u00eda a los desaf\u00edos actuales&quot;, ha se\u00f1alado Ribera en una entrevista concedida a Onda Cero. &quot;No puede quedar en el aire como un espacio de dudas con respecto a si debemos actualizarlo y encontrar la forma en la que afrontar las mejores respuestas a los grandes temas actuales. O si lo dejamos en un caj\u00f3n y nos olvidamos. Me parece que esto segundo ser\u00eda un grave error y no tengo la sensaci\u00f3n de que sea la posici\u00f3n defendida por Europa ni por los europeos&quot;, ha proseguido la responsable comunitaria.Y a todo ello, ha a\u00f1adido una cr\u00edtica que estos d\u00edas sobrevuela muchas de las conversaciones que se tienen en Bruselas: que Von der Leyen se est\u00e1 excediendo en sus funciones y que las medidas en materia de pol\u00edtica exterior corresponden al Consejo Europeo y a la jefa de la diplomacia europea, Kaja Kallas.&quot;Yo creo que Ursula von der Leyen ayer hizo una reflexi\u00f3n en voz alta de la que se puede discrepar o no, y corresponde al Consejo Europeo que de hecho tendr\u00e1 este debate la semana que viene junto con la Alta Representante de Acci\u00f3n Exterior, fijar posici\u00f3n con respecto a la acci\u00f3n exterior. Y me parece que es importante recordar que el respeto al derecho internacional es una premisa b\u00e1sica no solamente desde el punto de vista moral o de construcci\u00f3n de la paz&quot;, ha se\u00f1alado.Ribera, adem\u00e1s, no ha sido la \u00fanica voz socialista cr\u00edtica con Von der Leyen o, al menos, que se ha desmarcado de la presidenta. El responsable del Consejo Europeo, Ant\u00f3nio Costa, ha afirmado que es necesario &quot;garantizar que el mundo siga siendo un sistema basado en normas&quot;, esto es, una postura muy alejada del &quot;antiguo orden mundial desaparecido&quot; que ayer se\u00f1al\u00f3 la presidenta de la Comisi\u00f3n.Y el lugar elegido por Costa para tambi\u00e9n &quot;defender los principios de la Carta de las Naciones Unidas y el derecho internacional&quot; ha sido el mismo que ayer emple\u00f3 Von der Leyen: la conferencia ante los embajadores de la UE.\" \/>\n<meta property=\"og:url\" content=\"https:\/\/vof-news.eu\/es\/ribera-critica-a-von-der-leyen-por-su-posicion-en-la-guerra-de-iran-y-advierte-de-que-se-excede-en-sus-funciones-no-me-parece-acertada\/\" \/>\n<meta property=\"og:site_name\" content=\"vof-news.eu\" \/>\n<meta property=\"article:published_time\" content=\"2026-03-10T19:52:27+00:00\" \/>\n<meta property=\"article:modified_time\" content=\"2026-03-10T19:52:36+00:00\" \/>\n<meta name=\"author\" content=\"Author\" \/>\n<meta name=\"twitter:card\" content=\"summary_large_image\" \/>\n<meta name=\"twitter:label1\" content=\"Escrito por\" \/>\n\t<meta name=\"twitter:data1\" content=\"Author\" \/>\n\t<meta name=\"twitter:label2\" content=\"Tiempo de lectura\" \/>\n\t<meta name=\"twitter:data2\" content=\"2 minutos\" \/>\n<script type=\"application\/ld+json\" class=\"yoast-schema-graph\">{\"@context\":\"https:\/\/schema.org\",\"@graph\":[{\"@type\":\"WebPage\",\"@id\":\"https:\/\/vof-news.eu\/es\/ribera-critica-a-von-der-leyen-por-su-posicion-en-la-guerra-de-iran-y-advierte-de-que-se-excede-en-sus-funciones-no-me-parece-acertada\/\",\"url\":\"https:\/\/vof-news.eu\/es\/ribera-critica-a-von-der-leyen-por-su-posicion-en-la-guerra-de-iran-y-advierte-de-que-se-excede-en-sus-funciones-no-me-parece-acertada\/\",\"name\":\"Ribera critica a Von der Leyen por su posici\u00f3n en la guerra de Ir\u00e1n y advierte de que se excede en sus funciones: \\\"No me parece acertada\\\" - vof-news.eu\",\"isPartOf\":{\"@id\":\"https:\/\/vof-news.eu\/es\/#website\"},\"datePublished\":\"2026-03-10T19:52:27+00:00\",\"dateModified\":\"2026-03-10T19:52:36+00:00\",\"author\":{\"@id\":\"https:\/\/vof-news.eu\/es\/#\/schema\/person\/f6a2a4309f0561835797fd8c19b333ed\"},\"description\":\"A Teresa Ribera, vicepresidenta de la Comisi\u00f3n Europea y ex vicepresidenta del Gobierno de Espa\u00f1a, no le ha gustado en absoluto el posicionamiento de Ursula von der Leyen ante la guerra de Ir\u00e1n y las palabras de su propia presidenta sobre el nuevo orden mundial en el que Europa se est\u00e1 quedando atr\u00e1s. \\\"No me parece acertada la forma en la que se expres\u00f3\\\", ha asegurado este martes la responsable para la Transici\u00f3n Limpia que fue aupada a ese relevante puesto por la propia alta funcionaria alemana.\\\"La forma en la que introdujo el asunto de hasta qu\u00e9 punto la construcci\u00f3n del orden internacional desde el final de la Segunda Guerra Mundial basado en la Carta de Naciones Unidas, no respond\u00eda a los desaf\u00edos actuales\\\", ha se\u00f1alado Ribera en una entrevista concedida a Onda Cero. \\\"No puede quedar en el aire como un espacio de dudas con respecto a si debemos actualizarlo y encontrar la forma en la que afrontar las mejores respuestas a los grandes temas actuales. O si lo dejamos en un caj\u00f3n y nos olvidamos. Me parece que esto segundo ser\u00eda un grave error y no tengo la sensaci\u00f3n de que sea la posici\u00f3n defendida por Europa ni por los europeos\\\", ha proseguido la responsable comunitaria.Y a todo ello, ha a\u00f1adido una cr\u00edtica que estos d\u00edas sobrevuela muchas de las conversaciones que se tienen en Bruselas: que Von der Leyen se est\u00e1 excediendo en sus funciones y que las medidas en materia de pol\u00edtica exterior corresponden al Consejo Europeo y a la jefa de la diplomacia europea, Kaja Kallas.\\\"Yo creo que Ursula von der Leyen ayer hizo una reflexi\u00f3n en voz alta de la que se puede discrepar o no, y corresponde al Consejo Europeo que de hecho tendr\u00e1 este debate la semana que viene junto con la Alta Representante de Acci\u00f3n Exterior, fijar posici\u00f3n con respecto a la acci\u00f3n exterior. Y me parece que es importante recordar que el respeto al derecho internacional es una premisa b\u00e1sica no solamente desde el punto de vista moral o de construcci\u00f3n de la paz\\\", ha se\u00f1alado.Ribera, adem\u00e1s, no ha sido la \u00fanica voz socialista cr\u00edtica con Von der Leyen o, al menos, que se ha desmarcado de la presidenta. El responsable del Consejo Europeo, Ant\u00f3nio Costa, ha afirmado que es necesario \\\"garantizar que el mundo siga siendo un sistema basado en normas\\\", esto es, una postura muy alejada del \\\"antiguo orden mundial desaparecido\\\" que ayer se\u00f1al\u00f3 la presidenta de la Comisi\u00f3n.Y el lugar elegido por Costa para tambi\u00e9n \\\"defender los principios de la Carta de las Naciones Unidas y el derecho internacional\\\" ha sido el mismo que ayer emple\u00f3 Von der Leyen: la conferencia ante los embajadores de la UE.\",\"breadcrumb\":{\"@id\":\"https:\/\/vof-news.eu\/es\/ribera-critica-a-von-der-leyen-por-su-posicion-en-la-guerra-de-iran-y-advierte-de-que-se-excede-en-sus-funciones-no-me-parece-acertada\/#breadcrumb\"},\"inLanguage\":\"es\",\"potentialAction\":[{\"@type\":\"ReadAction\",\"target\":[\"https:\/\/vof-news.eu\/es\/ribera-critica-a-von-der-leyen-por-su-posicion-en-la-guerra-de-iran-y-advierte-de-que-se-excede-en-sus-funciones-no-me-parece-acertada\/\"]}]},{\"@type\":\"BreadcrumbList\",\"@id\":\"https:\/\/vof-news.eu\/es\/ribera-critica-a-von-der-leyen-por-su-posicion-en-la-guerra-de-iran-y-advierte-de-que-se-excede-en-sus-funciones-no-me-parece-acertada\/#breadcrumb\",\"itemListElement\":[{\"@type\":\"ListItem\",\"position\":1,\"name\":\"Home\",\"item\":\"https:\/\/vof-news.eu\/es\/\"},{\"@type\":\"ListItem\",\"position\":2,\"name\":\"Ribera critica a Von der Leyen por su posici\u00f3n en la guerra de Ir\u00e1n y advierte de que se excede en sus funciones: &#8220;No me parece acertada&#8221;\"}]},{\"@type\":\"WebSite\",\"@id\":\"https:\/\/vof-news.eu\/es\/#website\",\"url\":\"https:\/\/vof-news.eu\/es\/\",\"name\":\"vof-news.eu\",\"description\":\"\",\"potentialAction\":[{\"@type\":\"SearchAction\",\"target\":{\"@type\":\"EntryPoint\",\"urlTemplate\":\"https:\/\/vof-news.eu\/es\/?s={search_term_string}\"},\"query-input\":\"required name=search_term_string\"}],\"inLanguage\":\"es\"},{\"@type\":\"Person\",\"@id\":\"https:\/\/vof-news.eu\/es\/#\/schema\/person\/f6a2a4309f0561835797fd8c19b333ed\",\"name\":\"Author\",\"image\":{\"@type\":\"ImageObject\",\"inLanguage\":\"es\",\"@id\":\"https:\/\/vof-news.eu\/es\/#\/schema\/person\/image\/\",\"url\":\"https:\/\/secure.gravatar.com\/avatar\/b67e614b1b25b3e9c0c239efdd2fde5ab015b5affd6f1c3c85911ca4b384e790?s=96&d=mm&r=g\",\"contentUrl\":\"https:\/\/secure.gravatar.com\/avatar\/b67e614b1b25b3e9c0c239efdd2fde5ab015b5affd6f1c3c85911ca4b384e790?s=96&d=mm&r=g\",\"caption\":\"Author\"},\"sameAs\":[\"http:\/\/vof-news.eu\"],\"url\":\"https:\/\/vof-news.eu\/es\/author\/zwt6qxnjulxbnyg\/\"}]}<\/script>\n<!-- \/ Yoast SEO plugin. -->","yoast_head_json":{"title":"Ribera critica a Von der Leyen por su posici\u00f3n en la guerra de Ir\u00e1n y advierte de que se excede en sus funciones: \"No me parece acertada\" - vof-news.eu","description":"A Teresa Ribera, vicepresidenta de la Comisi\u00f3n Europea y ex vicepresidenta del Gobierno de Espa\u00f1a, no le ha gustado en absoluto el posicionamiento de Ursula von der Leyen ante la guerra de Ir\u00e1n y las palabras de su propia presidenta sobre el nuevo orden mundial en el que Europa se est\u00e1 quedando atr\u00e1s. \"No me parece acertada la forma en la que se expres\u00f3\", ha asegurado este martes la responsable para la Transici\u00f3n Limpia que fue aupada a ese relevante puesto por la propia alta funcionaria alemana.\"La forma en la que introdujo el asunto de hasta qu\u00e9 punto la construcci\u00f3n del orden internacional desde el final de la Segunda Guerra Mundial basado en la Carta de Naciones Unidas, no respond\u00eda a los desaf\u00edos actuales\", ha se\u00f1alado Ribera en una entrevista concedida a Onda Cero. \"No puede quedar en el aire como un espacio de dudas con respecto a si debemos actualizarlo y encontrar la forma en la que afrontar las mejores respuestas a los grandes temas actuales. O si lo dejamos en un caj\u00f3n y nos olvidamos. Me parece que esto segundo ser\u00eda un grave error y no tengo la sensaci\u00f3n de que sea la posici\u00f3n defendida por Europa ni por los europeos\", ha proseguido la responsable comunitaria.Y a todo ello, ha a\u00f1adido una cr\u00edtica que estos d\u00edas sobrevuela muchas de las conversaciones que se tienen en Bruselas: que Von der Leyen se est\u00e1 excediendo en sus funciones y que las medidas en materia de pol\u00edtica exterior corresponden al Consejo Europeo y a la jefa de la diplomacia europea, Kaja Kallas.\"Yo creo que Ursula von der Leyen ayer hizo una reflexi\u00f3n en voz alta de la que se puede discrepar o no, y corresponde al Consejo Europeo que de hecho tendr\u00e1 este debate la semana que viene junto con la Alta Representante de Acci\u00f3n Exterior, fijar posici\u00f3n con respecto a la acci\u00f3n exterior. Y me parece que es importante recordar que el respeto al derecho internacional es una premisa b\u00e1sica no solamente desde el punto de vista moral o de construcci\u00f3n de la paz\", ha se\u00f1alado.Ribera, adem\u00e1s, no ha sido la \u00fanica voz socialista cr\u00edtica con Von der Leyen o, al menos, que se ha desmarcado de la presidenta. El responsable del Consejo Europeo, Ant\u00f3nio Costa, ha afirmado que es necesario \"garantizar que el mundo siga siendo un sistema basado en normas\", esto es, una postura muy alejada del \"antiguo orden mundial desaparecido\" que ayer se\u00f1al\u00f3 la presidenta de la Comisi\u00f3n.Y el lugar elegido por Costa para tambi\u00e9n \"defender los principios de la Carta de las Naciones Unidas y el derecho internacional\" ha sido el mismo que ayer emple\u00f3 Von der Leyen: la conferencia ante los embajadores de la UE.","robots":{"index":"noindex","follow":"follow","max-snippet":"max-snippet:-1","max-image-preview":"max-image-preview:large","max-video-preview":"max-video-preview:-1"},"og_locale":"es_ES","og_type":"article","og_title":"Ribera critica a Von der Leyen por su posici\u00f3n en la guerra de Ir\u00e1n y advierte de que se excede en sus funciones: \"No me parece acertada\" - vof-news.eu","og_description":"A Teresa Ribera, vicepresidenta de la Comisi\u00f3n Europea y ex vicepresidenta del Gobierno de Espa\u00f1a, no le ha gustado en absoluto el posicionamiento de Ursula von der Leyen ante la guerra de Ir\u00e1n y las palabras de su propia presidenta sobre el nuevo orden mundial en el que Europa se est\u00e1 quedando atr\u00e1s. \"No me parece acertada la forma en la que se expres\u00f3\", ha asegurado este martes la responsable para la Transici\u00f3n Limpia que fue aupada a ese relevante puesto por la propia alta funcionaria alemana.\"La forma en la que introdujo el asunto de hasta qu\u00e9 punto la construcci\u00f3n del orden internacional desde el final de la Segunda Guerra Mundial basado en la Carta de Naciones Unidas, no respond\u00eda a los desaf\u00edos actuales\", ha se\u00f1alado Ribera en una entrevista concedida a Onda Cero. \"No puede quedar en el aire como un espacio de dudas con respecto a si debemos actualizarlo y encontrar la forma en la que afrontar las mejores respuestas a los grandes temas actuales. O si lo dejamos en un caj\u00f3n y nos olvidamos. Me parece que esto segundo ser\u00eda un grave error y no tengo la sensaci\u00f3n de que sea la posici\u00f3n defendida por Europa ni por los europeos\", ha proseguido la responsable comunitaria.Y a todo ello, ha a\u00f1adido una cr\u00edtica que estos d\u00edas sobrevuela muchas de las conversaciones que se tienen en Bruselas: que Von der Leyen se est\u00e1 excediendo en sus funciones y que las medidas en materia de pol\u00edtica exterior corresponden al Consejo Europeo y a la jefa de la diplomacia europea, Kaja Kallas.\"Yo creo que Ursula von der Leyen ayer hizo una reflexi\u00f3n en voz alta de la que se puede discrepar o no, y corresponde al Consejo Europeo que de hecho tendr\u00e1 este debate la semana que viene junto con la Alta Representante de Acci\u00f3n Exterior, fijar posici\u00f3n con respecto a la acci\u00f3n exterior. Y me parece que es importante recordar que el respeto al derecho internacional es una premisa b\u00e1sica no solamente desde el punto de vista moral o de construcci\u00f3n de la paz\", ha se\u00f1alado.Ribera, adem\u00e1s, no ha sido la \u00fanica voz socialista cr\u00edtica con Von der Leyen o, al menos, que se ha desmarcado de la presidenta. El responsable del Consejo Europeo, Ant\u00f3nio Costa, ha afirmado que es necesario \"garantizar que el mundo siga siendo un sistema basado en normas\", esto es, una postura muy alejada del \"antiguo orden mundial desaparecido\" que ayer se\u00f1al\u00f3 la presidenta de la Comisi\u00f3n.Y el lugar elegido por Costa para tambi\u00e9n \"defender los principios de la Carta de las Naciones Unidas y el derecho internacional\" ha sido el mismo que ayer emple\u00f3 Von der Leyen: la conferencia ante los embajadores de la UE.","og_url":"https:\/\/vof-news.eu\/es\/ribera-critica-a-von-der-leyen-por-su-posicion-en-la-guerra-de-iran-y-advierte-de-que-se-excede-en-sus-funciones-no-me-parece-acertada\/","og_site_name":"vof-news.eu","article_published_time":"2026-03-10T19:52:27+00:00","article_modified_time":"2026-03-10T19:52:36+00:00","author":"Author","twitter_card":"summary_large_image","twitter_misc":{"Escrito por":"Author","Tiempo de lectura":"2 minutos"},"schema":{"@context":"https:\/\/schema.org","@graph":[{"@type":"WebPage","@id":"https:\/\/vof-news.eu\/es\/ribera-critica-a-von-der-leyen-por-su-posicion-en-la-guerra-de-iran-y-advierte-de-que-se-excede-en-sus-funciones-no-me-parece-acertada\/","url":"https:\/\/vof-news.eu\/es\/ribera-critica-a-von-der-leyen-por-su-posicion-en-la-guerra-de-iran-y-advierte-de-que-se-excede-en-sus-funciones-no-me-parece-acertada\/","name":"Ribera critica a Von der Leyen por su posici\u00f3n en la guerra de Ir\u00e1n y advierte de que se excede en sus funciones: \"No me parece acertada\" - vof-news.eu","isPartOf":{"@id":"https:\/\/vof-news.eu\/es\/#website"},"datePublished":"2026-03-10T19:52:27+00:00","dateModified":"2026-03-10T19:52:36+00:00","author":{"@id":"https:\/\/vof-news.eu\/es\/#\/schema\/person\/f6a2a4309f0561835797fd8c19b333ed"},"description":"A Teresa Ribera, vicepresidenta de la Comisi\u00f3n Europea y ex vicepresidenta del Gobierno de Espa\u00f1a, no le ha gustado en absoluto el posicionamiento de Ursula von der Leyen ante la guerra de Ir\u00e1n y las palabras de su propia presidenta sobre el nuevo orden mundial en el que Europa se est\u00e1 quedando atr\u00e1s. \"No me parece acertada la forma en la que se expres\u00f3\", ha asegurado este martes la responsable para la Transici\u00f3n Limpia que fue aupada a ese relevante puesto por la propia alta funcionaria alemana.\"La forma en la que introdujo el asunto de hasta qu\u00e9 punto la construcci\u00f3n del orden internacional desde el final de la Segunda Guerra Mundial basado en la Carta de Naciones Unidas, no respond\u00eda a los desaf\u00edos actuales\", ha se\u00f1alado Ribera en una entrevista concedida a Onda Cero. \"No puede quedar en el aire como un espacio de dudas con respecto a si debemos actualizarlo y encontrar la forma en la que afrontar las mejores respuestas a los grandes temas actuales. O si lo dejamos en un caj\u00f3n y nos olvidamos. Me parece que esto segundo ser\u00eda un grave error y no tengo la sensaci\u00f3n de que sea la posici\u00f3n defendida por Europa ni por los europeos\", ha proseguido la responsable comunitaria.Y a todo ello, ha a\u00f1adido una cr\u00edtica que estos d\u00edas sobrevuela muchas de las conversaciones que se tienen en Bruselas: que Von der Leyen se est\u00e1 excediendo en sus funciones y que las medidas en materia de pol\u00edtica exterior corresponden al Consejo Europeo y a la jefa de la diplomacia europea, Kaja Kallas.\"Yo creo que Ursula von der Leyen ayer hizo una reflexi\u00f3n en voz alta de la que se puede discrepar o no, y corresponde al Consejo Europeo que de hecho tendr\u00e1 este debate la semana que viene junto con la Alta Representante de Acci\u00f3n Exterior, fijar posici\u00f3n con respecto a la acci\u00f3n exterior. Y me parece que es importante recordar que el respeto al derecho internacional es una premisa b\u00e1sica no solamente desde el punto de vista moral o de construcci\u00f3n de la paz\", ha se\u00f1alado.Ribera, adem\u00e1s, no ha sido la \u00fanica voz socialista cr\u00edtica con Von der Leyen o, al menos, que se ha desmarcado de la presidenta. El responsable del Consejo Europeo, Ant\u00f3nio Costa, ha afirmado que es necesario \"garantizar que el mundo siga siendo un sistema basado en normas\", esto es, una postura muy alejada del \"antiguo orden mundial desaparecido\" que ayer se\u00f1al\u00f3 la presidenta de la Comisi\u00f3n.Y el lugar elegido por Costa para tambi\u00e9n \"defender los principios de la Carta de las Naciones Unidas y el derecho internacional\" ha sido el mismo que ayer emple\u00f3 Von der Leyen: la conferencia ante los embajadores de la UE.","breadcrumb":{"@id":"https:\/\/vof-news.eu\/es\/ribera-critica-a-von-der-leyen-por-su-posicion-en-la-guerra-de-iran-y-advierte-de-que-se-excede-en-sus-funciones-no-me-parece-acertada\/#breadcrumb"},"inLanguage":"es","potentialAction":[{"@type":"ReadAction","target":["https:\/\/vof-news.eu\/es\/ribera-critica-a-von-der-leyen-por-su-posicion-en-la-guerra-de-iran-y-advierte-de-que-se-excede-en-sus-funciones-no-me-parece-acertada\/"]}]},{"@type":"BreadcrumbList","@id":"https:\/\/vof-news.eu\/es\/ribera-critica-a-von-der-leyen-por-su-posicion-en-la-guerra-de-iran-y-advierte-de-que-se-excede-en-sus-funciones-no-me-parece-acertada\/#breadcrumb","itemListElement":[{"@type":"ListItem","position":1,"name":"Home","item":"https:\/\/vof-news.eu\/es\/"},{"@type":"ListItem","position":2,"name":"Ribera critica a Von der Leyen por su posici\u00f3n en la guerra de Ir\u00e1n y advierte de que se excede en sus funciones: &#8220;No me parece acertada&#8221;"}]},{"@type":"WebSite","@id":"https:\/\/vof-news.eu\/es\/#website","url":"https:\/\/vof-news.eu\/es\/","name":"vof-news.eu","description":"","potentialAction":[{"@type":"SearchAction","target":{"@type":"EntryPoint","urlTemplate":"https:\/\/vof-news.eu\/es\/?s={search_term_string}"},"query-input":"required name=search_term_string"}],"inLanguage":"es"},{"@type":"Person","@id":"https:\/\/vof-news.eu\/es\/#\/schema\/person\/f6a2a4309f0561835797fd8c19b333ed","name":"Author","image":{"@type":"ImageObject","inLanguage":"es","@id":"https:\/\/vof-news.eu\/es\/#\/schema\/person\/image\/","url":"https:\/\/secure.gravatar.com\/avatar\/b67e614b1b25b3e9c0c239efdd2fde5ab015b5affd6f1c3c85911ca4b384e790?s=96&d=mm&r=g","contentUrl":"https:\/\/secure.gravatar.com\/avatar\/b67e614b1b25b3e9c0c239efdd2fde5ab015b5affd6f1c3c85911ca4b384e790?s=96&d=mm&r=g","caption":"Author"},"sameAs":["http:\/\/vof-news.eu"],"url":"https:\/\/vof-news.eu\/es\/author\/zwt6qxnjulxbnyg\/"}]}},"yoast_meta":{"yoast_wpseo_title":"","yoast_wpseo_metadesc":"","yoast_wpseo_canonical":""},"_links":{"self":[{"href":"https:\/\/vof-news.eu\/es\/wp-json\/wp\/v2\/posts\/328795","targetHints":{"allow":["GET"]}}],"collection":[{"href":"https:\/\/vof-news.eu\/es\/wp-json\/wp\/v2\/posts"}],"about":[{"href":"https:\/\/vof-news.eu\/es\/wp-json\/wp\/v2\/types\/post"}],"author":[{"embeddable":true,"href":"https:\/\/vof-news.eu\/es\/wp-json\/wp\/v2\/users\/1"}],"replies":[{"embeddable":true,"href":"https:\/\/vof-news.eu\/es\/wp-json\/wp\/v2\/comments?post=328795"}],"version-history":[{"count":1,"href":"https:\/\/vof-news.eu\/es\/wp-json\/wp\/v2\/posts\/328795\/revisions"}],"predecessor-version":[{"id":328797,"href":"https:\/\/vof-news.eu\/es\/wp-json\/wp\/v2\/posts\/328795\/revisions\/328797"}],"wp:attachment":[{"href":"https:\/\/vof-news.eu\/es\/wp-json\/wp\/v2\/media?parent=328795"}],"wp:term":[{"taxonomy":"category","embeddable":true,"href":"https:\/\/vof-news.eu\/es\/wp-json\/wp\/v2\/categories?post=328795"},{"taxonomy":"post_tag","embeddable":true,"href":"https:\/\/vof-news.eu\/es\/wp-json\/wp\/v2\/tags?post=328795"}],"curies":[{"name":"wp","href":"https:\/\/api.w.org\/{rel}","templated":true}]}}