{"id":328311,"date":"2026-03-07T05:29:24","date_gmt":"2026-03-07T02:29:24","guid":{"rendered":"https:\/\/vof-news.eu\/si-hemos-tocado-el-manifiesto-la-izquierda-redirige-el-8-m-hacia-el-no-a-la-guerra-de-sanchez\/"},"modified":"2026-03-07T05:29:44","modified_gmt":"2026-03-07T02:29:44","slug":"si-hemos-tocado-el-manifiesto-la-izquierda-redirige-el-8-m-hacia-el-no-a-la-guerra-de-sanchez","status":"publish","type":"post","link":"https:\/\/vof-news.eu\/es\/si-hemos-tocado-el-manifiesto-la-izquierda-redirige-el-8-m-hacia-el-no-a-la-guerra-de-sanchez\/","title":{"rendered":"\u00abS\u00ed, hemos tocado el manifiesto\u00bb: la izquierda redirige el 8-M hacia el &#8216;No a la guerra&#8217; de S\u00e1nchez"},"content":{"rendered":"<div>\n<p>\u00abFeliz y reivindicativo 8-M. No a la guerra\u00bb. En esa despedida televisiva de la ministra de Igualdad, <strong>Ana Redondo,<\/strong> se condensa el nuevo rumbo con el que la izquierda y el feminismo van a redirigir ma\u00f1ana el <strong>D\u00eda Internacional de la Mujer<\/strong>. Desde el trampol\u00edn feminista, el <i>no a la guerra<\/i> que abander\u00f3 el presidente del Gobierno, <strong>Pedro S\u00e1nchez<\/strong>, se someter\u00e1 al <i>checkride<\/i>, un ensayo en las calles de la consigna lanzada por La Moncloa para activar al votante de izquierdas. El apoyo a las marchas de este domingo ser\u00e1 decisivo para saber si la estrategia del Ejecutivo echar\u00e1 a volar.<\/p>\n<p>Los manifiestos de las entidades convocantes de las manifestaciones en todo el pa\u00eds parecen refrendarla. La primera de las seis paradas que realizar\u00e1 <strong>Comisi\u00f3n 8-M<\/strong> en Madrid protestar\u00e1 contra el \u00abgenocidio\u00bb en Palestina, contra la guerra y el \u00abimperialismo\u00bb. El manifiesto del <strong>Movimiento Feminista de Madrid <\/strong>(MFM) arranca a su vez denunciando \u00ablas guerras, los fundamentalismos y reg\u00edmenes que utilizan el control de las mujeres como herramienta pol\u00edtica.<\/p>\n<p>Ante la petici\u00f3n de este diario de sondear las diferencias que a\u00fan dividen a las facciones del feminismo con nombres propios de gran calado dentro del movimiento, el MFM a\u00fan no ha atendido la petici\u00f3n y la Comisi\u00f3n 8-M deneg\u00f3 participar considerando que el foco no deb\u00eda estar ah\u00ed teniendo en cuenta el contexto b\u00e9lico actual. El no a la guerra ser\u00e1 \u00abbastante importante\u00bb este 8-M y no opacar\u00e1 la causa feminista porque, seg\u00fan aseguran desde la Comisi\u00f3n, \u00abel antimilitarismo es una reivindicaci\u00f3n feminista\u00bb.<\/p>\n<p>Desde ese prisma han enfocado las izquierdas este 8-M. En el <a href=\"https:\/\/www.elmundo.es\/e\/ps\/psoe-partido-socialista-obrero-espanol.html\" rel=\"nofollow\">PSOE<\/a> van a aprovechar la coyuntura internacional para introducir en las manifestaciones el posicionamiento pol\u00edtico marcado por el l\u00edder del Ejecutivo en contra de la intervenci\u00f3n de EEUU en Ir\u00e1n. La <i>n\u00famero dos<\/i> del partido y vicepresidenta primera del Gobierno, <strong>Mar\u00eda Jes\u00fas Montero<\/strong>, pidi\u00f3 ayer a la militancia que traslade el mensaje de que este d\u00eda tambi\u00e9n \u00abse ti\u00f1e de violeta\u00bb para reivindicar que las mujeres dicen \u00abno a la guerra, no a la violencia, no al abandono de foros multilaterales y no a la ley del m\u00e1s fuerte\u00bb.<\/p>\n<p>La ministra Redondo, que adem\u00e1s es presidenta de la federaci\u00f3n socialista de Castilla y Le\u00f3n, tiene previsto acudir este domingo a la celebraci\u00f3n del D\u00eda Internacional de las Mujeres en Valladolid, coincidiendo con el ecuador de la campa\u00f1a electoral en la comunidad, aprovechando el tir\u00f3n en la movilizaci\u00f3n del votante de izquierdas que, seg\u00fan confirman en la propia direcci\u00f3n de Ferraz, tiene el frente anti <strong>Trump <\/strong>alentado por La Moncloa, informa <strong>Marta Belver<\/strong>.<\/p>\n<p>El presidente abander\u00f3 su oposici\u00f3n al conflicto b\u00e9lico el mi\u00e9rcoles, llevando tambi\u00e9n la consigna al acto institucional del 8-M. El jueves el colectivo feminista de <a href=\"https:\/\/www.elmundo.es\/e\/iu\/iu-izquierda-unida.html\" rel=\"nofollow\">Izquierda Unida<\/a> lanz\u00f3 su cartel del D\u00eda de la Mujer: la guerra es la segunda cosa a la que se oponen. Y otras formaciones de izquierda regionalista, como <strong>Chunta Aragonesista<\/strong>, tambi\u00e9n destacar\u00e1n su rechazo al conflicto.<\/p>\n<p>En Arag\u00f3n, asociaciones como <strong>El Paraguas Feminista<\/strong> incluir\u00e1n el no a la guerra en los manifiestos. Pero fuentes consultadas por este medio sostienen que el \u00abmovimiento debe tener su propia agenda\u00bb, por lo que prefieren que esta cuesti\u00f3n no capitalice la marcha y deje en un segundo plano las reivindicaciones asociadas al papel de la mujer en la sociedad. Tambi\u00e9n habr\u00e1 una pancarta que muestre la oposici\u00f3n a la guerra durante la marcha por el centro de Zaragoza, que ser\u00e1 desplegada por la <strong>Asamblea por la Paz<\/strong>, informa <strong>Ismael Poveda<\/strong>.<\/p>\n<p>En esta misma l\u00ednea, la <strong>Coordinadora Feminista de Valencia <\/strong>que organiza en la capital de la Comunidad Valenciana la manifestaci\u00f3n del 8M tampoco es ajena a la consigna lanzada por el Gobierno. Fuentes de la misma admiten a este diario que el manifiesto se ha modificado en las \u00faltimas horas para incluir precisamente en la lista de reivindicaciones el rechazo a la escalada b\u00e9lica en todo el mundo, ante la \u00abgravedad\u00bb de los \u00faltimos acontecimientos. \u00abLas feministas decimos tambi\u00e9n no a las guerras, expresi\u00f3n m\u00e1xima del patriarcado y del sistema de dominaci\u00f3n\u00bb, reza el manifiesto del 8M en Valencia, informa <strong>Noa de la Torre<\/strong>.<\/p>\n<p>\u00abUno de los ejes fundamentales del manifiesto de este a\u00f1o ser\u00e1 el rechazo al imperialismo y a la militarizaci\u00f3n, tanto en la movilizaci\u00f3n que convoca la CIG por la ma\u00f1ana como en el conjunto de las acciones del movimiento feminista durante el resto de la jornada\u00bb, afirma <strong>Susana M\u00e9ndez<\/strong>, secretaria de <strong>Organizaci\u00f3n de la Confederaci\u00f3n Intersindical Galega<\/strong> (CIG), convocantes de la manifestaci\u00f3n en Santiago de Compostela, informa <strong>Juan B. Ca\u00f1ellas<\/strong>. \u00abLas guerras y la escalada militar tienen un impacto directo en la vida de las mujeres, por lo que desde el feminismo tambi\u00e9n se plantea una cr\u00edtica a la militarizaci\u00f3n y a las pol\u00edticas que alimentan estos conflictos\u00bb, a\u00f1aden.<\/p>\n<p>Desde la <strong>Marcha Mundial das Mulleres en Galicia<\/strong>, que convoca la concentraci\u00f3n en A Coru\u00f1a, agregan que \u00abel feminismo no se basa en pol\u00edticas de guerra\u00bb. \u00abSe basa en el di\u00e1logo y en la resoluci\u00f3n de conflictos por v\u00edas diplom\u00e1ticas. Una pol\u00edtica feminista nunca terminar\u00eda en un conflicto b\u00e9lico\u00bb, apunta <strong>Marta Romero<\/strong>.<\/p>\n<p>En Barcelona, por segundo a\u00f1o consecutivo se celebrar\u00e1n dos manifestaciones distintas del 8M. La llamada \u00abunitaria\u00bb, organizada por la <strong>Assemblea 8M<\/strong>, dir\u00e1 no \u00aba las pol\u00edticas de ultraderecha, al racismo, a los discursos de odio, al antifeminismo y a la LGTBIQA+fobia\u00bb, recoge su manifiesto. \u00abNo solo estamos en el no a la guerra, sino que somos un movimiento antimilitarista\u00bb, a\u00f1ade la activista <strong>Mari Pueyo<\/strong>.<\/p>\n<p>La segunda marcha est\u00e1 encabezada por la <strong>Coordinadora Moviment Feminista de Barcelona<\/strong>, que denuncian la persistencia de mujeres \u00abv\u00edctimas de conflictos armados y de reg\u00edmenes patriarcales que las matan en vida\u00bb. \u00abEl no a la guerra comenzamos a decirlo cuando Israel atac\u00f3 Gaza\u00bb, recuerda <strong>Silvia Carrasco<\/strong> (<strong>Feministes de Catalunya<\/strong>), informa <strong>Cristina Rubio<\/strong>.<\/p>\n<hr\/>\n<\/div>\n","protected":false},"excerpt":{"rendered":"<p>\u00abFeliz y reivindicativo 8-M. No a la guerra\u00bb. En esa despedida televisiva de la ministra de Igualdad, Ana Redondo, se condensa el nuevo rumbo con el que la izquierda y el feminismo van a redirigir ma\u00f1ana el D\u00eda Internacional de la Mujer. Desde el trampol\u00edn feminista, el no a la guerra que abander\u00f3 el presidente<\/p>\n","protected":false},"author":1,"featured_media":328302,"comment_status":"open","ping_status":"open","sticky":false,"template":"","format":"standard","meta":{"footnotes":""},"categories":[47],"tags":[],"class_list":["post-328311","post","type-post","status-publish","format-standard","has-post-thumbnail","hentry","category-interview-es"],"acf":[],"yoast_head":"<!-- This site is optimized with the Yoast SEO plugin v22.9 - https:\/\/yoast.com\/wordpress\/plugins\/seo\/ -->\n<title>&quot;S\u00ed, hemos tocado el manifiesto&quot;: la izquierda redirige el 8-M hacia el &#039;No a la guerra&#039; de S\u00e1nchez - vof-news.eu<\/title>\n<meta name=\"description\" content=\"\u00abFeliz y reivindicativo 8-M. No a la guerra\u00bb. En esa despedida televisiva de la ministra de Igualdad, Ana Redondo, se condensa el nuevo rumbo con el que la izquierda y el feminismo van a redirigir ma\u00f1ana el D\u00eda Internacional de la Mujer. Desde el trampol\u00edn feminista, el no a la guerra que abander\u00f3 el presidente del Gobierno, Pedro S\u00e1nchez, se someter\u00e1 al checkride, un ensayo en las calles de la consigna lanzada por La Moncloa para activar al votante de izquierdas. El apoyo a las marchas de este domingo ser\u00e1 decisivo para saber si la estrategia del Ejecutivo echar\u00e1 a volar.Los manifiestos de las entidades convocantes de las manifestaciones en todo el pa\u00eds parecen refrendarla. La primera de las seis paradas que realizar\u00e1 Comisi\u00f3n 8-M en Madrid protestar\u00e1 contra el \u00abgenocidio\u00bb en Palestina, contra la guerra y el \u00abimperialismo\u00bb. El manifiesto del Movimiento Feminista de Madrid (MFM) arranca a su vez denunciando \u00ablas guerras, los fundamentalismos y reg\u00edmenes que utilizan el control de las mujeres como herramienta pol\u00edtica.Ante la petici\u00f3n de este diario de sondear las diferencias que a\u00fan dividen a las facciones del feminismo con nombres propios de gran calado dentro del movimiento, el MFM a\u00fan no ha atendido la petici\u00f3n y la Comisi\u00f3n 8-M deneg\u00f3 participar considerando que el foco no deb\u00eda estar ah\u00ed teniendo en cuenta el contexto b\u00e9lico actual. El no a la guerra ser\u00e1 \u00abbastante importante\u00bb este 8-M y no opacar\u00e1 la causa feminista porque, seg\u00fan aseguran desde la Comisi\u00f3n, \u00abel antimilitarismo es una reivindicaci\u00f3n feminista\u00bb.Desde ese prisma han enfocado las izquierdas este 8-M. En el PSOE van a aprovechar la coyuntura internacional para introducir en las manifestaciones el posicionamiento pol\u00edtico marcado por el l\u00edder del Ejecutivo en contra de la intervenci\u00f3n de EEUU en Ir\u00e1n. La n\u00famero dos del partido y vicepresidenta primera del Gobierno, Mar\u00eda Jes\u00fas Montero, pidi\u00f3 ayer a la militancia que traslade el mensaje de que este d\u00eda tambi\u00e9n \u00abse ti\u00f1e de violeta\u00bb para reivindicar que las mujeres dicen \u00abno a la guerra, no a la violencia, no al abandono de foros multilaterales y no a la ley del m\u00e1s fuerte\u00bb.La ministra Redondo, que adem\u00e1s es presidenta de la federaci\u00f3n socialista de Castilla y Le\u00f3n, tiene previsto acudir este domingo a la celebraci\u00f3n del D\u00eda Internacional de las Mujeres en Valladolid, coincidiendo con el ecuador de la campa\u00f1a electoral en la comunidad, aprovechando el tir\u00f3n en la movilizaci\u00f3n del votante de izquierdas que, seg\u00fan confirman en la propia direcci\u00f3n de Ferraz, tiene el frente anti Trump alentado por La Moncloa, informa Marta Belver.El presidente abander\u00f3 su oposici\u00f3n al conflicto b\u00e9lico el mi\u00e9rcoles, llevando tambi\u00e9n la consigna al acto institucional del 8-M. El jueves el colectivo feminista de Izquierda Unida lanz\u00f3 su cartel del D\u00eda de la Mujer: la guerra es la segunda cosa a la que se oponen. Y otras formaciones de izquierda regionalista, como Chunta Aragonesista, tambi\u00e9n destacar\u00e1n su rechazo al conflicto.En Arag\u00f3n, asociaciones como El Paraguas Feminista incluir\u00e1n el no a la guerra en los manifiestos. Pero fuentes consultadas por este medio sostienen que el \u00abmovimiento debe tener su propia agenda\u00bb, por lo que prefieren que esta cuesti\u00f3n no capitalice la marcha y deje en un segundo plano las reivindicaciones asociadas al papel de la mujer en la sociedad. Tambi\u00e9n habr\u00e1 una pancarta que muestre la oposici\u00f3n a la guerra durante la marcha por el centro de Zaragoza, que ser\u00e1 desplegada por la Asamblea por la Paz, informa Ismael Poveda.En esta misma l\u00ednea, la Coordinadora Feminista de Valencia que organiza en la capital de la Comunidad Valenciana la manifestaci\u00f3n del 8M tampoco es ajena a la consigna lanzada por el Gobierno. Fuentes de la misma admiten a este diario que el manifiesto se ha modificado en las \u00faltimas horas para incluir precisamente en la lista de reivindicaciones el rechazo a la escalada b\u00e9lica en todo el mundo, ante la \u00abgravedad\u00bb de los \u00faltimos acontecimientos. \u00abLas feministas decimos tambi\u00e9n no a las guerras, expresi\u00f3n m\u00e1xima del patriarcado y del sistema de dominaci\u00f3n\u00bb, reza el manifiesto del 8M en Valencia, informa Noa de la Torre.\u00abUno de los ejes fundamentales del manifiesto de este a\u00f1o ser\u00e1 el rechazo al imperialismo y a la militarizaci\u00f3n, tanto en la movilizaci\u00f3n que convoca la CIG por la ma\u00f1ana como en el conjunto de las acciones del movimiento feminista durante el resto de la jornada\u00bb, afirma Susana M\u00e9ndez, secretaria de Organizaci\u00f3n de la Confederaci\u00f3n Intersindical Galega (CIG), convocantes de la manifestaci\u00f3n en Santiago de Compostela, informa Juan B. Ca\u00f1ellas. \u00abLas guerras y la escalada militar tienen un impacto directo en la vida de las mujeres, por lo que desde el feminismo tambi\u00e9n se plantea una cr\u00edtica a la militarizaci\u00f3n y a las pol\u00edticas que alimentan estos conflictos\u00bb, a\u00f1aden.Desde la Marcha Mundial das Mulleres en Galicia, que convoca la concentraci\u00f3n en A Coru\u00f1a, agregan que \u00abel feminismo no se basa en pol\u00edticas de guerra\u00bb. \u00abSe basa en el di\u00e1logo y en la resoluci\u00f3n de conflictos por v\u00edas diplom\u00e1ticas. Una pol\u00edtica feminista nunca terminar\u00eda en un conflicto b\u00e9lico\u00bb, apunta Marta Romero.En Barcelona, por segundo a\u00f1o consecutivo se celebrar\u00e1n dos manifestaciones distintas del 8M. La llamada \u00abunitaria\u00bb, organizada por la Assemblea 8M, dir\u00e1 no \u00aba las pol\u00edticas de ultraderecha, al racismo, a los discursos de odio, al antifeminismo y a la LGTBIQA+fobia\u00bb, recoge su manifiesto. \u00abNo solo estamos en el no a la guerra, sino que somos un movimiento antimilitarista\u00bb, a\u00f1ade la activista Mari Pueyo.La segunda marcha est\u00e1 encabezada por la Coordinadora Moviment Feminista de Barcelona, que denuncian la persistencia de mujeres \u00abv\u00edctimas de conflictos armados y de reg\u00edmenes patriarcales que las matan en vida\u00bb. \u00abEl no a la guerra comenzamos a decirlo cuando Israel atac\u00f3 Gaza\u00bb, recuerda Silvia Carrasco (Feministes de Catalunya), informa Cristina Rubio.\" \/>\n<meta name=\"robots\" content=\"noindex, follow, max-snippet:-1, max-image-preview:large, max-video-preview:-1\" \/>\n<meta property=\"og:locale\" content=\"es_ES\" \/>\n<meta property=\"og:type\" content=\"article\" \/>\n<meta property=\"og:title\" content=\"&quot;S\u00ed, hemos tocado el manifiesto&quot;: la izquierda redirige el 8-M hacia el &#039;No a la guerra&#039; de S\u00e1nchez - vof-news.eu\" \/>\n<meta property=\"og:description\" content=\"\u00abFeliz y reivindicativo 8-M. No a la guerra\u00bb. En esa despedida televisiva de la ministra de Igualdad, Ana Redondo, se condensa el nuevo rumbo con el que la izquierda y el feminismo van a redirigir ma\u00f1ana el D\u00eda Internacional de la Mujer. Desde el trampol\u00edn feminista, el no a la guerra que abander\u00f3 el presidente del Gobierno, Pedro S\u00e1nchez, se someter\u00e1 al checkride, un ensayo en las calles de la consigna lanzada por La Moncloa para activar al votante de izquierdas. El apoyo a las marchas de este domingo ser\u00e1 decisivo para saber si la estrategia del Ejecutivo echar\u00e1 a volar.Los manifiestos de las entidades convocantes de las manifestaciones en todo el pa\u00eds parecen refrendarla. La primera de las seis paradas que realizar\u00e1 Comisi\u00f3n 8-M en Madrid protestar\u00e1 contra el \u00abgenocidio\u00bb en Palestina, contra la guerra y el \u00abimperialismo\u00bb. El manifiesto del Movimiento Feminista de Madrid (MFM) arranca a su vez denunciando \u00ablas guerras, los fundamentalismos y reg\u00edmenes que utilizan el control de las mujeres como herramienta pol\u00edtica.Ante la petici\u00f3n de este diario de sondear las diferencias que a\u00fan dividen a las facciones del feminismo con nombres propios de gran calado dentro del movimiento, el MFM a\u00fan no ha atendido la petici\u00f3n y la Comisi\u00f3n 8-M deneg\u00f3 participar considerando que el foco no deb\u00eda estar ah\u00ed teniendo en cuenta el contexto b\u00e9lico actual. El no a la guerra ser\u00e1 \u00abbastante importante\u00bb este 8-M y no opacar\u00e1 la causa feminista porque, seg\u00fan aseguran desde la Comisi\u00f3n, \u00abel antimilitarismo es una reivindicaci\u00f3n feminista\u00bb.Desde ese prisma han enfocado las izquierdas este 8-M. En el PSOE van a aprovechar la coyuntura internacional para introducir en las manifestaciones el posicionamiento pol\u00edtico marcado por el l\u00edder del Ejecutivo en contra de la intervenci\u00f3n de EEUU en Ir\u00e1n. La n\u00famero dos del partido y vicepresidenta primera del Gobierno, Mar\u00eda Jes\u00fas Montero, pidi\u00f3 ayer a la militancia que traslade el mensaje de que este d\u00eda tambi\u00e9n \u00abse ti\u00f1e de violeta\u00bb para reivindicar que las mujeres dicen \u00abno a la guerra, no a la violencia, no al abandono de foros multilaterales y no a la ley del m\u00e1s fuerte\u00bb.La ministra Redondo, que adem\u00e1s es presidenta de la federaci\u00f3n socialista de Castilla y Le\u00f3n, tiene previsto acudir este domingo a la celebraci\u00f3n del D\u00eda Internacional de las Mujeres en Valladolid, coincidiendo con el ecuador de la campa\u00f1a electoral en la comunidad, aprovechando el tir\u00f3n en la movilizaci\u00f3n del votante de izquierdas que, seg\u00fan confirman en la propia direcci\u00f3n de Ferraz, tiene el frente anti Trump alentado por La Moncloa, informa Marta Belver.El presidente abander\u00f3 su oposici\u00f3n al conflicto b\u00e9lico el mi\u00e9rcoles, llevando tambi\u00e9n la consigna al acto institucional del 8-M. El jueves el colectivo feminista de Izquierda Unida lanz\u00f3 su cartel del D\u00eda de la Mujer: la guerra es la segunda cosa a la que se oponen. Y otras formaciones de izquierda regionalista, como Chunta Aragonesista, tambi\u00e9n destacar\u00e1n su rechazo al conflicto.En Arag\u00f3n, asociaciones como El Paraguas Feminista incluir\u00e1n el no a la guerra en los manifiestos. Pero fuentes consultadas por este medio sostienen que el \u00abmovimiento debe tener su propia agenda\u00bb, por lo que prefieren que esta cuesti\u00f3n no capitalice la marcha y deje en un segundo plano las reivindicaciones asociadas al papel de la mujer en la sociedad. Tambi\u00e9n habr\u00e1 una pancarta que muestre la oposici\u00f3n a la guerra durante la marcha por el centro de Zaragoza, que ser\u00e1 desplegada por la Asamblea por la Paz, informa Ismael Poveda.En esta misma l\u00ednea, la Coordinadora Feminista de Valencia que organiza en la capital de la Comunidad Valenciana la manifestaci\u00f3n del 8M tampoco es ajena a la consigna lanzada por el Gobierno. Fuentes de la misma admiten a este diario que el manifiesto se ha modificado en las \u00faltimas horas para incluir precisamente en la lista de reivindicaciones el rechazo a la escalada b\u00e9lica en todo el mundo, ante la \u00abgravedad\u00bb de los \u00faltimos acontecimientos. \u00abLas feministas decimos tambi\u00e9n no a las guerras, expresi\u00f3n m\u00e1xima del patriarcado y del sistema de dominaci\u00f3n\u00bb, reza el manifiesto del 8M en Valencia, informa Noa de la Torre.\u00abUno de los ejes fundamentales del manifiesto de este a\u00f1o ser\u00e1 el rechazo al imperialismo y a la militarizaci\u00f3n, tanto en la movilizaci\u00f3n que convoca la CIG por la ma\u00f1ana como en el conjunto de las acciones del movimiento feminista durante el resto de la jornada\u00bb, afirma Susana M\u00e9ndez, secretaria de Organizaci\u00f3n de la Confederaci\u00f3n Intersindical Galega (CIG), convocantes de la manifestaci\u00f3n en Santiago de Compostela, informa Juan B. Ca\u00f1ellas. \u00abLas guerras y la escalada militar tienen un impacto directo en la vida de las mujeres, por lo que desde el feminismo tambi\u00e9n se plantea una cr\u00edtica a la militarizaci\u00f3n y a las pol\u00edticas que alimentan estos conflictos\u00bb, a\u00f1aden.Desde la Marcha Mundial das Mulleres en Galicia, que convoca la concentraci\u00f3n en A Coru\u00f1a, agregan que \u00abel feminismo no se basa en pol\u00edticas de guerra\u00bb. \u00abSe basa en el di\u00e1logo y en la resoluci\u00f3n de conflictos por v\u00edas diplom\u00e1ticas. Una pol\u00edtica feminista nunca terminar\u00eda en un conflicto b\u00e9lico\u00bb, apunta Marta Romero.En Barcelona, por segundo a\u00f1o consecutivo se celebrar\u00e1n dos manifestaciones distintas del 8M. La llamada \u00abunitaria\u00bb, organizada por la Assemblea 8M, dir\u00e1 no \u00aba las pol\u00edticas de ultraderecha, al racismo, a los discursos de odio, al antifeminismo y a la LGTBIQA+fobia\u00bb, recoge su manifiesto. \u00abNo solo estamos en el no a la guerra, sino que somos un movimiento antimilitarista\u00bb, a\u00f1ade la activista Mari Pueyo.La segunda marcha est\u00e1 encabezada por la Coordinadora Moviment Feminista de Barcelona, que denuncian la persistencia de mujeres \u00abv\u00edctimas de conflictos armados y de reg\u00edmenes patriarcales que las matan en vida\u00bb. \u00abEl no a la guerra comenzamos a decirlo cuando Israel atac\u00f3 Gaza\u00bb, recuerda Silvia Carrasco (Feministes de Catalunya), informa Cristina Rubio.\" \/>\n<meta property=\"og:url\" content=\"https:\/\/vof-news.eu\/es\/si-hemos-tocado-el-manifiesto-la-izquierda-redirige-el-8-m-hacia-el-no-a-la-guerra-de-sanchez\/\" \/>\n<meta property=\"og:site_name\" content=\"vof-news.eu\" \/>\n<meta property=\"article:published_time\" content=\"2026-03-07T02:29:24+00:00\" \/>\n<meta property=\"article:modified_time\" content=\"2026-03-07T02:29:44+00:00\" \/>\n<meta property=\"og:image\" content=\"https:\/\/vof-news.eu\/wp-content\/uploads\/2026\/03\/17728304026623.jpg\" \/>\n\t<meta property=\"og:image:width\" content=\"1366\" \/>\n\t<meta property=\"og:image:height\" content=\"980\" \/>\n\t<meta property=\"og:image:type\" content=\"image\/jpeg\" \/>\n<meta name=\"author\" content=\"Author\" \/>\n<meta name=\"twitter:card\" content=\"summary_large_image\" \/>\n<meta name=\"twitter:label1\" content=\"Escrito por\" \/>\n\t<meta name=\"twitter:data1\" content=\"Author\" \/>\n\t<meta name=\"twitter:label2\" content=\"Tiempo de lectura\" \/>\n\t<meta name=\"twitter:data2\" content=\"5 minutos\" \/>\n<script type=\"application\/ld+json\" class=\"yoast-schema-graph\">{\"@context\":\"https:\/\/schema.org\",\"@graph\":[{\"@type\":\"WebPage\",\"@id\":\"https:\/\/vof-news.eu\/es\/si-hemos-tocado-el-manifiesto-la-izquierda-redirige-el-8-m-hacia-el-no-a-la-guerra-de-sanchez\/\",\"url\":\"https:\/\/vof-news.eu\/es\/si-hemos-tocado-el-manifiesto-la-izquierda-redirige-el-8-m-hacia-el-no-a-la-guerra-de-sanchez\/\",\"name\":\"\\\"S\u00ed, hemos tocado el manifiesto\\\": la izquierda redirige el 8-M hacia el 'No a la guerra' de S\u00e1nchez - vof-news.eu\",\"isPartOf\":{\"@id\":\"https:\/\/vof-news.eu\/es\/#website\"},\"primaryImageOfPage\":{\"@id\":\"https:\/\/vof-news.eu\/es\/si-hemos-tocado-el-manifiesto-la-izquierda-redirige-el-8-m-hacia-el-no-a-la-guerra-de-sanchez\/#primaryimage\"},\"image\":{\"@id\":\"https:\/\/vof-news.eu\/es\/si-hemos-tocado-el-manifiesto-la-izquierda-redirige-el-8-m-hacia-el-no-a-la-guerra-de-sanchez\/#primaryimage\"},\"thumbnailUrl\":\"https:\/\/vof-news.eu\/wp-content\/uploads\/2026\/03\/17728304026623.jpg\",\"datePublished\":\"2026-03-07T02:29:24+00:00\",\"dateModified\":\"2026-03-07T02:29:44+00:00\",\"author\":{\"@id\":\"https:\/\/vof-news.eu\/es\/#\/schema\/person\/f6a2a4309f0561835797fd8c19b333ed\"},\"description\":\"\u00abFeliz y reivindicativo 8-M. No a la guerra\u00bb. En esa despedida televisiva de la ministra de Igualdad, Ana Redondo, se condensa el nuevo rumbo con el que la izquierda y el feminismo van a redirigir ma\u00f1ana el D\u00eda Internacional de la Mujer. Desde el trampol\u00edn feminista, el no a la guerra que abander\u00f3 el presidente del Gobierno, Pedro S\u00e1nchez, se someter\u00e1 al checkride, un ensayo en las calles de la consigna lanzada por La Moncloa para activar al votante de izquierdas. El apoyo a las marchas de este domingo ser\u00e1 decisivo para saber si la estrategia del Ejecutivo echar\u00e1 a volar.Los manifiestos de las entidades convocantes de las manifestaciones en todo el pa\u00eds parecen refrendarla. La primera de las seis paradas que realizar\u00e1 Comisi\u00f3n 8-M en Madrid protestar\u00e1 contra el \u00abgenocidio\u00bb en Palestina, contra la guerra y el \u00abimperialismo\u00bb. El manifiesto del Movimiento Feminista de Madrid (MFM) arranca a su vez denunciando \u00ablas guerras, los fundamentalismos y reg\u00edmenes que utilizan el control de las mujeres como herramienta pol\u00edtica.Ante la petici\u00f3n de este diario de sondear las diferencias que a\u00fan dividen a las facciones del feminismo con nombres propios de gran calado dentro del movimiento, el MFM a\u00fan no ha atendido la petici\u00f3n y la Comisi\u00f3n 8-M deneg\u00f3 participar considerando que el foco no deb\u00eda estar ah\u00ed teniendo en cuenta el contexto b\u00e9lico actual. El no a la guerra ser\u00e1 \u00abbastante importante\u00bb este 8-M y no opacar\u00e1 la causa feminista porque, seg\u00fan aseguran desde la Comisi\u00f3n, \u00abel antimilitarismo es una reivindicaci\u00f3n feminista\u00bb.Desde ese prisma han enfocado las izquierdas este 8-M. En el PSOE van a aprovechar la coyuntura internacional para introducir en las manifestaciones el posicionamiento pol\u00edtico marcado por el l\u00edder del Ejecutivo en contra de la intervenci\u00f3n de EEUU en Ir\u00e1n. La n\u00famero dos del partido y vicepresidenta primera del Gobierno, Mar\u00eda Jes\u00fas Montero, pidi\u00f3 ayer a la militancia que traslade el mensaje de que este d\u00eda tambi\u00e9n \u00abse ti\u00f1e de violeta\u00bb para reivindicar que las mujeres dicen \u00abno a la guerra, no a la violencia, no al abandono de foros multilaterales y no a la ley del m\u00e1s fuerte\u00bb.La ministra Redondo, que adem\u00e1s es presidenta de la federaci\u00f3n socialista de Castilla y Le\u00f3n, tiene previsto acudir este domingo a la celebraci\u00f3n del D\u00eda Internacional de las Mujeres en Valladolid, coincidiendo con el ecuador de la campa\u00f1a electoral en la comunidad, aprovechando el tir\u00f3n en la movilizaci\u00f3n del votante de izquierdas que, seg\u00fan confirman en la propia direcci\u00f3n de Ferraz, tiene el frente anti Trump alentado por La Moncloa, informa Marta Belver.El presidente abander\u00f3 su oposici\u00f3n al conflicto b\u00e9lico el mi\u00e9rcoles, llevando tambi\u00e9n la consigna al acto institucional del 8-M. El jueves el colectivo feminista de Izquierda Unida lanz\u00f3 su cartel del D\u00eda de la Mujer: la guerra es la segunda cosa a la que se oponen. Y otras formaciones de izquierda regionalista, como Chunta Aragonesista, tambi\u00e9n destacar\u00e1n su rechazo al conflicto.En Arag\u00f3n, asociaciones como El Paraguas Feminista incluir\u00e1n el no a la guerra en los manifiestos. Pero fuentes consultadas por este medio sostienen que el \u00abmovimiento debe tener su propia agenda\u00bb, por lo que prefieren que esta cuesti\u00f3n no capitalice la marcha y deje en un segundo plano las reivindicaciones asociadas al papel de la mujer en la sociedad. Tambi\u00e9n habr\u00e1 una pancarta que muestre la oposici\u00f3n a la guerra durante la marcha por el centro de Zaragoza, que ser\u00e1 desplegada por la Asamblea por la Paz, informa Ismael Poveda.En esta misma l\u00ednea, la Coordinadora Feminista de Valencia que organiza en la capital de la Comunidad Valenciana la manifestaci\u00f3n del 8M tampoco es ajena a la consigna lanzada por el Gobierno. Fuentes de la misma admiten a este diario que el manifiesto se ha modificado en las \u00faltimas horas para incluir precisamente en la lista de reivindicaciones el rechazo a la escalada b\u00e9lica en todo el mundo, ante la \u00abgravedad\u00bb de los \u00faltimos acontecimientos. \u00abLas feministas decimos tambi\u00e9n no a las guerras, expresi\u00f3n m\u00e1xima del patriarcado y del sistema de dominaci\u00f3n\u00bb, reza el manifiesto del 8M en Valencia, informa Noa de la Torre.\u00abUno de los ejes fundamentales del manifiesto de este a\u00f1o ser\u00e1 el rechazo al imperialismo y a la militarizaci\u00f3n, tanto en la movilizaci\u00f3n que convoca la CIG por la ma\u00f1ana como en el conjunto de las acciones del movimiento feminista durante el resto de la jornada\u00bb, afirma Susana M\u00e9ndez, secretaria de Organizaci\u00f3n de la Confederaci\u00f3n Intersindical Galega (CIG), convocantes de la manifestaci\u00f3n en Santiago de Compostela, informa Juan B. Ca\u00f1ellas. \u00abLas guerras y la escalada militar tienen un impacto directo en la vida de las mujeres, por lo que desde el feminismo tambi\u00e9n se plantea una cr\u00edtica a la militarizaci\u00f3n y a las pol\u00edticas que alimentan estos conflictos\u00bb, a\u00f1aden.Desde la Marcha Mundial das Mulleres en Galicia, que convoca la concentraci\u00f3n en A Coru\u00f1a, agregan que \u00abel feminismo no se basa en pol\u00edticas de guerra\u00bb. \u00abSe basa en el di\u00e1logo y en la resoluci\u00f3n de conflictos por v\u00edas diplom\u00e1ticas. Una pol\u00edtica feminista nunca terminar\u00eda en un conflicto b\u00e9lico\u00bb, apunta Marta Romero.En Barcelona, por segundo a\u00f1o consecutivo se celebrar\u00e1n dos manifestaciones distintas del 8M. La llamada \u00abunitaria\u00bb, organizada por la Assemblea 8M, dir\u00e1 no \u00aba las pol\u00edticas de ultraderecha, al racismo, a los discursos de odio, al antifeminismo y a la LGTBIQA+fobia\u00bb, recoge su manifiesto. \u00abNo solo estamos en el no a la guerra, sino que somos un movimiento antimilitarista\u00bb, a\u00f1ade la activista Mari Pueyo.La segunda marcha est\u00e1 encabezada por la Coordinadora Moviment Feminista de Barcelona, que denuncian la persistencia de mujeres \u00abv\u00edctimas de conflictos armados y de reg\u00edmenes patriarcales que las matan en vida\u00bb. \u00abEl no a la guerra comenzamos a decirlo cuando Israel atac\u00f3 Gaza\u00bb, recuerda Silvia Carrasco (Feministes de Catalunya), informa Cristina Rubio.\",\"breadcrumb\":{\"@id\":\"https:\/\/vof-news.eu\/es\/si-hemos-tocado-el-manifiesto-la-izquierda-redirige-el-8-m-hacia-el-no-a-la-guerra-de-sanchez\/#breadcrumb\"},\"inLanguage\":\"es\",\"potentialAction\":[{\"@type\":\"ReadAction\",\"target\":[\"https:\/\/vof-news.eu\/es\/si-hemos-tocado-el-manifiesto-la-izquierda-redirige-el-8-m-hacia-el-no-a-la-guerra-de-sanchez\/\"]}]},{\"@type\":\"ImageObject\",\"inLanguage\":\"es\",\"@id\":\"https:\/\/vof-news.eu\/es\/si-hemos-tocado-el-manifiesto-la-izquierda-redirige-el-8-m-hacia-el-no-a-la-guerra-de-sanchez\/#primaryimage\",\"url\":\"https:\/\/vof-news.eu\/wp-content\/uploads\/2026\/03\/17728304026623.jpg\",\"contentUrl\":\"https:\/\/vof-news.eu\/wp-content\/uploads\/2026\/03\/17728304026623.jpg\",\"width\":1366,\"height\":980,\"caption\":\"Madrid, 8 de marzo de 2024. Manifestacion con motivo del D\u00eda Internacional de la Mujer convocada por la Comisi\u00f3n 8M. del Foto: Antonio Heredia\"},{\"@type\":\"BreadcrumbList\",\"@id\":\"https:\/\/vof-news.eu\/es\/si-hemos-tocado-el-manifiesto-la-izquierda-redirige-el-8-m-hacia-el-no-a-la-guerra-de-sanchez\/#breadcrumb\",\"itemListElement\":[{\"@type\":\"ListItem\",\"position\":1,\"name\":\"Home\",\"item\":\"https:\/\/vof-news.eu\/es\/\"},{\"@type\":\"ListItem\",\"position\":2,\"name\":\"&#8220;S\u00ed, hemos tocado el manifiesto&#8221;: la izquierda redirige el 8-M hacia el &#8216;No a la guerra&#8217; de S\u00e1nchez\"}]},{\"@type\":\"WebSite\",\"@id\":\"https:\/\/vof-news.eu\/es\/#website\",\"url\":\"https:\/\/vof-news.eu\/es\/\",\"name\":\"vof-news.eu\",\"description\":\"\",\"potentialAction\":[{\"@type\":\"SearchAction\",\"target\":{\"@type\":\"EntryPoint\",\"urlTemplate\":\"https:\/\/vof-news.eu\/es\/?s={search_term_string}\"},\"query-input\":\"required name=search_term_string\"}],\"inLanguage\":\"es\"},{\"@type\":\"Person\",\"@id\":\"https:\/\/vof-news.eu\/es\/#\/schema\/person\/f6a2a4309f0561835797fd8c19b333ed\",\"name\":\"Author\",\"image\":{\"@type\":\"ImageObject\",\"inLanguage\":\"es\",\"@id\":\"https:\/\/vof-news.eu\/es\/#\/schema\/person\/image\/\",\"url\":\"https:\/\/secure.gravatar.com\/avatar\/b67e614b1b25b3e9c0c239efdd2fde5ab015b5affd6f1c3c85911ca4b384e790?s=96&d=mm&r=g\",\"contentUrl\":\"https:\/\/secure.gravatar.com\/avatar\/b67e614b1b25b3e9c0c239efdd2fde5ab015b5affd6f1c3c85911ca4b384e790?s=96&d=mm&r=g\",\"caption\":\"Author\"},\"sameAs\":[\"http:\/\/vof-news.eu\"],\"url\":\"https:\/\/vof-news.eu\/es\/author\/zwt6qxnjulxbnyg\/\"}]}<\/script>\n<!-- \/ Yoast SEO plugin. -->","yoast_head_json":{"title":"\"S\u00ed, hemos tocado el manifiesto\": la izquierda redirige el 8-M hacia el 'No a la guerra' de S\u00e1nchez - vof-news.eu","description":"\u00abFeliz y reivindicativo 8-M. No a la guerra\u00bb. En esa despedida televisiva de la ministra de Igualdad, Ana Redondo, se condensa el nuevo rumbo con el que la izquierda y el feminismo van a redirigir ma\u00f1ana el D\u00eda Internacional de la Mujer. Desde el trampol\u00edn feminista, el no a la guerra que abander\u00f3 el presidente del Gobierno, Pedro S\u00e1nchez, se someter\u00e1 al checkride, un ensayo en las calles de la consigna lanzada por La Moncloa para activar al votante de izquierdas. El apoyo a las marchas de este domingo ser\u00e1 decisivo para saber si la estrategia del Ejecutivo echar\u00e1 a volar.Los manifiestos de las entidades convocantes de las manifestaciones en todo el pa\u00eds parecen refrendarla. La primera de las seis paradas que realizar\u00e1 Comisi\u00f3n 8-M en Madrid protestar\u00e1 contra el \u00abgenocidio\u00bb en Palestina, contra la guerra y el \u00abimperialismo\u00bb. El manifiesto del Movimiento Feminista de Madrid (MFM) arranca a su vez denunciando \u00ablas guerras, los fundamentalismos y reg\u00edmenes que utilizan el control de las mujeres como herramienta pol\u00edtica.Ante la petici\u00f3n de este diario de sondear las diferencias que a\u00fan dividen a las facciones del feminismo con nombres propios de gran calado dentro del movimiento, el MFM a\u00fan no ha atendido la petici\u00f3n y la Comisi\u00f3n 8-M deneg\u00f3 participar considerando que el foco no deb\u00eda estar ah\u00ed teniendo en cuenta el contexto b\u00e9lico actual. El no a la guerra ser\u00e1 \u00abbastante importante\u00bb este 8-M y no opacar\u00e1 la causa feminista porque, seg\u00fan aseguran desde la Comisi\u00f3n, \u00abel antimilitarismo es una reivindicaci\u00f3n feminista\u00bb.Desde ese prisma han enfocado las izquierdas este 8-M. En el PSOE van a aprovechar la coyuntura internacional para introducir en las manifestaciones el posicionamiento pol\u00edtico marcado por el l\u00edder del Ejecutivo en contra de la intervenci\u00f3n de EEUU en Ir\u00e1n. La n\u00famero dos del partido y vicepresidenta primera del Gobierno, Mar\u00eda Jes\u00fas Montero, pidi\u00f3 ayer a la militancia que traslade el mensaje de que este d\u00eda tambi\u00e9n \u00abse ti\u00f1e de violeta\u00bb para reivindicar que las mujeres dicen \u00abno a la guerra, no a la violencia, no al abandono de foros multilaterales y no a la ley del m\u00e1s fuerte\u00bb.La ministra Redondo, que adem\u00e1s es presidenta de la federaci\u00f3n socialista de Castilla y Le\u00f3n, tiene previsto acudir este domingo a la celebraci\u00f3n del D\u00eda Internacional de las Mujeres en Valladolid, coincidiendo con el ecuador de la campa\u00f1a electoral en la comunidad, aprovechando el tir\u00f3n en la movilizaci\u00f3n del votante de izquierdas que, seg\u00fan confirman en la propia direcci\u00f3n de Ferraz, tiene el frente anti Trump alentado por La Moncloa, informa Marta Belver.El presidente abander\u00f3 su oposici\u00f3n al conflicto b\u00e9lico el mi\u00e9rcoles, llevando tambi\u00e9n la consigna al acto institucional del 8-M. El jueves el colectivo feminista de Izquierda Unida lanz\u00f3 su cartel del D\u00eda de la Mujer: la guerra es la segunda cosa a la que se oponen. Y otras formaciones de izquierda regionalista, como Chunta Aragonesista, tambi\u00e9n destacar\u00e1n su rechazo al conflicto.En Arag\u00f3n, asociaciones como El Paraguas Feminista incluir\u00e1n el no a la guerra en los manifiestos. Pero fuentes consultadas por este medio sostienen que el \u00abmovimiento debe tener su propia agenda\u00bb, por lo que prefieren que esta cuesti\u00f3n no capitalice la marcha y deje en un segundo plano las reivindicaciones asociadas al papel de la mujer en la sociedad. Tambi\u00e9n habr\u00e1 una pancarta que muestre la oposici\u00f3n a la guerra durante la marcha por el centro de Zaragoza, que ser\u00e1 desplegada por la Asamblea por la Paz, informa Ismael Poveda.En esta misma l\u00ednea, la Coordinadora Feminista de Valencia que organiza en la capital de la Comunidad Valenciana la manifestaci\u00f3n del 8M tampoco es ajena a la consigna lanzada por el Gobierno. Fuentes de la misma admiten a este diario que el manifiesto se ha modificado en las \u00faltimas horas para incluir precisamente en la lista de reivindicaciones el rechazo a la escalada b\u00e9lica en todo el mundo, ante la \u00abgravedad\u00bb de los \u00faltimos acontecimientos. \u00abLas feministas decimos tambi\u00e9n no a las guerras, expresi\u00f3n m\u00e1xima del patriarcado y del sistema de dominaci\u00f3n\u00bb, reza el manifiesto del 8M en Valencia, informa Noa de la Torre.\u00abUno de los ejes fundamentales del manifiesto de este a\u00f1o ser\u00e1 el rechazo al imperialismo y a la militarizaci\u00f3n, tanto en la movilizaci\u00f3n que convoca la CIG por la ma\u00f1ana como en el conjunto de las acciones del movimiento feminista durante el resto de la jornada\u00bb, afirma Susana M\u00e9ndez, secretaria de Organizaci\u00f3n de la Confederaci\u00f3n Intersindical Galega (CIG), convocantes de la manifestaci\u00f3n en Santiago de Compostela, informa Juan B. Ca\u00f1ellas. \u00abLas guerras y la escalada militar tienen un impacto directo en la vida de las mujeres, por lo que desde el feminismo tambi\u00e9n se plantea una cr\u00edtica a la militarizaci\u00f3n y a las pol\u00edticas que alimentan estos conflictos\u00bb, a\u00f1aden.Desde la Marcha Mundial das Mulleres en Galicia, que convoca la concentraci\u00f3n en A Coru\u00f1a, agregan que \u00abel feminismo no se basa en pol\u00edticas de guerra\u00bb. \u00abSe basa en el di\u00e1logo y en la resoluci\u00f3n de conflictos por v\u00edas diplom\u00e1ticas. Una pol\u00edtica feminista nunca terminar\u00eda en un conflicto b\u00e9lico\u00bb, apunta Marta Romero.En Barcelona, por segundo a\u00f1o consecutivo se celebrar\u00e1n dos manifestaciones distintas del 8M. La llamada \u00abunitaria\u00bb, organizada por la Assemblea 8M, dir\u00e1 no \u00aba las pol\u00edticas de ultraderecha, al racismo, a los discursos de odio, al antifeminismo y a la LGTBIQA+fobia\u00bb, recoge su manifiesto. \u00abNo solo estamos en el no a la guerra, sino que somos un movimiento antimilitarista\u00bb, a\u00f1ade la activista Mari Pueyo.La segunda marcha est\u00e1 encabezada por la Coordinadora Moviment Feminista de Barcelona, que denuncian la persistencia de mujeres \u00abv\u00edctimas de conflictos armados y de reg\u00edmenes patriarcales que las matan en vida\u00bb. \u00abEl no a la guerra comenzamos a decirlo cuando Israel atac\u00f3 Gaza\u00bb, recuerda Silvia Carrasco (Feministes de Catalunya), informa Cristina Rubio.","robots":{"index":"noindex","follow":"follow","max-snippet":"max-snippet:-1","max-image-preview":"max-image-preview:large","max-video-preview":"max-video-preview:-1"},"og_locale":"es_ES","og_type":"article","og_title":"\"S\u00ed, hemos tocado el manifiesto\": la izquierda redirige el 8-M hacia el 'No a la guerra' de S\u00e1nchez - vof-news.eu","og_description":"\u00abFeliz y reivindicativo 8-M. No a la guerra\u00bb. En esa despedida televisiva de la ministra de Igualdad, Ana Redondo, se condensa el nuevo rumbo con el que la izquierda y el feminismo van a redirigir ma\u00f1ana el D\u00eda Internacional de la Mujer. Desde el trampol\u00edn feminista, el no a la guerra que abander\u00f3 el presidente del Gobierno, Pedro S\u00e1nchez, se someter\u00e1 al checkride, un ensayo en las calles de la consigna lanzada por La Moncloa para activar al votante de izquierdas. El apoyo a las marchas de este domingo ser\u00e1 decisivo para saber si la estrategia del Ejecutivo echar\u00e1 a volar.Los manifiestos de las entidades convocantes de las manifestaciones en todo el pa\u00eds parecen refrendarla. La primera de las seis paradas que realizar\u00e1 Comisi\u00f3n 8-M en Madrid protestar\u00e1 contra el \u00abgenocidio\u00bb en Palestina, contra la guerra y el \u00abimperialismo\u00bb. El manifiesto del Movimiento Feminista de Madrid (MFM) arranca a su vez denunciando \u00ablas guerras, los fundamentalismos y reg\u00edmenes que utilizan el control de las mujeres como herramienta pol\u00edtica.Ante la petici\u00f3n de este diario de sondear las diferencias que a\u00fan dividen a las facciones del feminismo con nombres propios de gran calado dentro del movimiento, el MFM a\u00fan no ha atendido la petici\u00f3n y la Comisi\u00f3n 8-M deneg\u00f3 participar considerando que el foco no deb\u00eda estar ah\u00ed teniendo en cuenta el contexto b\u00e9lico actual. El no a la guerra ser\u00e1 \u00abbastante importante\u00bb este 8-M y no opacar\u00e1 la causa feminista porque, seg\u00fan aseguran desde la Comisi\u00f3n, \u00abel antimilitarismo es una reivindicaci\u00f3n feminista\u00bb.Desde ese prisma han enfocado las izquierdas este 8-M. En el PSOE van a aprovechar la coyuntura internacional para introducir en las manifestaciones el posicionamiento pol\u00edtico marcado por el l\u00edder del Ejecutivo en contra de la intervenci\u00f3n de EEUU en Ir\u00e1n. La n\u00famero dos del partido y vicepresidenta primera del Gobierno, Mar\u00eda Jes\u00fas Montero, pidi\u00f3 ayer a la militancia que traslade el mensaje de que este d\u00eda tambi\u00e9n \u00abse ti\u00f1e de violeta\u00bb para reivindicar que las mujeres dicen \u00abno a la guerra, no a la violencia, no al abandono de foros multilaterales y no a la ley del m\u00e1s fuerte\u00bb.La ministra Redondo, que adem\u00e1s es presidenta de la federaci\u00f3n socialista de Castilla y Le\u00f3n, tiene previsto acudir este domingo a la celebraci\u00f3n del D\u00eda Internacional de las Mujeres en Valladolid, coincidiendo con el ecuador de la campa\u00f1a electoral en la comunidad, aprovechando el tir\u00f3n en la movilizaci\u00f3n del votante de izquierdas que, seg\u00fan confirman en la propia direcci\u00f3n de Ferraz, tiene el frente anti Trump alentado por La Moncloa, informa Marta Belver.El presidente abander\u00f3 su oposici\u00f3n al conflicto b\u00e9lico el mi\u00e9rcoles, llevando tambi\u00e9n la consigna al acto institucional del 8-M. El jueves el colectivo feminista de Izquierda Unida lanz\u00f3 su cartel del D\u00eda de la Mujer: la guerra es la segunda cosa a la que se oponen. Y otras formaciones de izquierda regionalista, como Chunta Aragonesista, tambi\u00e9n destacar\u00e1n su rechazo al conflicto.En Arag\u00f3n, asociaciones como El Paraguas Feminista incluir\u00e1n el no a la guerra en los manifiestos. Pero fuentes consultadas por este medio sostienen que el \u00abmovimiento debe tener su propia agenda\u00bb, por lo que prefieren que esta cuesti\u00f3n no capitalice la marcha y deje en un segundo plano las reivindicaciones asociadas al papel de la mujer en la sociedad. Tambi\u00e9n habr\u00e1 una pancarta que muestre la oposici\u00f3n a la guerra durante la marcha por el centro de Zaragoza, que ser\u00e1 desplegada por la Asamblea por la Paz, informa Ismael Poveda.En esta misma l\u00ednea, la Coordinadora Feminista de Valencia que organiza en la capital de la Comunidad Valenciana la manifestaci\u00f3n del 8M tampoco es ajena a la consigna lanzada por el Gobierno. Fuentes de la misma admiten a este diario que el manifiesto se ha modificado en las \u00faltimas horas para incluir precisamente en la lista de reivindicaciones el rechazo a la escalada b\u00e9lica en todo el mundo, ante la \u00abgravedad\u00bb de los \u00faltimos acontecimientos. \u00abLas feministas decimos tambi\u00e9n no a las guerras, expresi\u00f3n m\u00e1xima del patriarcado y del sistema de dominaci\u00f3n\u00bb, reza el manifiesto del 8M en Valencia, informa Noa de la Torre.\u00abUno de los ejes fundamentales del manifiesto de este a\u00f1o ser\u00e1 el rechazo al imperialismo y a la militarizaci\u00f3n, tanto en la movilizaci\u00f3n que convoca la CIG por la ma\u00f1ana como en el conjunto de las acciones del movimiento feminista durante el resto de la jornada\u00bb, afirma Susana M\u00e9ndez, secretaria de Organizaci\u00f3n de la Confederaci\u00f3n Intersindical Galega (CIG), convocantes de la manifestaci\u00f3n en Santiago de Compostela, informa Juan B. Ca\u00f1ellas. \u00abLas guerras y la escalada militar tienen un impacto directo en la vida de las mujeres, por lo que desde el feminismo tambi\u00e9n se plantea una cr\u00edtica a la militarizaci\u00f3n y a las pol\u00edticas que alimentan estos conflictos\u00bb, a\u00f1aden.Desde la Marcha Mundial das Mulleres en Galicia, que convoca la concentraci\u00f3n en A Coru\u00f1a, agregan que \u00abel feminismo no se basa en pol\u00edticas de guerra\u00bb. \u00abSe basa en el di\u00e1logo y en la resoluci\u00f3n de conflictos por v\u00edas diplom\u00e1ticas. Una pol\u00edtica feminista nunca terminar\u00eda en un conflicto b\u00e9lico\u00bb, apunta Marta Romero.En Barcelona, por segundo a\u00f1o consecutivo se celebrar\u00e1n dos manifestaciones distintas del 8M. La llamada \u00abunitaria\u00bb, organizada por la Assemblea 8M, dir\u00e1 no \u00aba las pol\u00edticas de ultraderecha, al racismo, a los discursos de odio, al antifeminismo y a la LGTBIQA+fobia\u00bb, recoge su manifiesto. \u00abNo solo estamos en el no a la guerra, sino que somos un movimiento antimilitarista\u00bb, a\u00f1ade la activista Mari Pueyo.La segunda marcha est\u00e1 encabezada por la Coordinadora Moviment Feminista de Barcelona, que denuncian la persistencia de mujeres \u00abv\u00edctimas de conflictos armados y de reg\u00edmenes patriarcales que las matan en vida\u00bb. \u00abEl no a la guerra comenzamos a decirlo cuando Israel atac\u00f3 Gaza\u00bb, recuerda Silvia Carrasco (Feministes de Catalunya), informa Cristina Rubio.","og_url":"https:\/\/vof-news.eu\/es\/si-hemos-tocado-el-manifiesto-la-izquierda-redirige-el-8-m-hacia-el-no-a-la-guerra-de-sanchez\/","og_site_name":"vof-news.eu","article_published_time":"2026-03-07T02:29:24+00:00","article_modified_time":"2026-03-07T02:29:44+00:00","og_image":[{"width":1366,"height":980,"url":"https:\/\/vof-news.eu\/wp-content\/uploads\/2026\/03\/17728304026623.jpg","type":"image\/jpeg"}],"author":"Author","twitter_card":"summary_large_image","twitter_misc":{"Escrito por":"Author","Tiempo de lectura":"5 minutos"},"schema":{"@context":"https:\/\/schema.org","@graph":[{"@type":"WebPage","@id":"https:\/\/vof-news.eu\/es\/si-hemos-tocado-el-manifiesto-la-izquierda-redirige-el-8-m-hacia-el-no-a-la-guerra-de-sanchez\/","url":"https:\/\/vof-news.eu\/es\/si-hemos-tocado-el-manifiesto-la-izquierda-redirige-el-8-m-hacia-el-no-a-la-guerra-de-sanchez\/","name":"\"S\u00ed, hemos tocado el manifiesto\": la izquierda redirige el 8-M hacia el 'No a la guerra' de S\u00e1nchez - vof-news.eu","isPartOf":{"@id":"https:\/\/vof-news.eu\/es\/#website"},"primaryImageOfPage":{"@id":"https:\/\/vof-news.eu\/es\/si-hemos-tocado-el-manifiesto-la-izquierda-redirige-el-8-m-hacia-el-no-a-la-guerra-de-sanchez\/#primaryimage"},"image":{"@id":"https:\/\/vof-news.eu\/es\/si-hemos-tocado-el-manifiesto-la-izquierda-redirige-el-8-m-hacia-el-no-a-la-guerra-de-sanchez\/#primaryimage"},"thumbnailUrl":"https:\/\/vof-news.eu\/wp-content\/uploads\/2026\/03\/17728304026623.jpg","datePublished":"2026-03-07T02:29:24+00:00","dateModified":"2026-03-07T02:29:44+00:00","author":{"@id":"https:\/\/vof-news.eu\/es\/#\/schema\/person\/f6a2a4309f0561835797fd8c19b333ed"},"description":"\u00abFeliz y reivindicativo 8-M. No a la guerra\u00bb. En esa despedida televisiva de la ministra de Igualdad, Ana Redondo, se condensa el nuevo rumbo con el que la izquierda y el feminismo van a redirigir ma\u00f1ana el D\u00eda Internacional de la Mujer. Desde el trampol\u00edn feminista, el no a la guerra que abander\u00f3 el presidente del Gobierno, Pedro S\u00e1nchez, se someter\u00e1 al checkride, un ensayo en las calles de la consigna lanzada por La Moncloa para activar al votante de izquierdas. El apoyo a las marchas de este domingo ser\u00e1 decisivo para saber si la estrategia del Ejecutivo echar\u00e1 a volar.Los manifiestos de las entidades convocantes de las manifestaciones en todo el pa\u00eds parecen refrendarla. La primera de las seis paradas que realizar\u00e1 Comisi\u00f3n 8-M en Madrid protestar\u00e1 contra el \u00abgenocidio\u00bb en Palestina, contra la guerra y el \u00abimperialismo\u00bb. El manifiesto del Movimiento Feminista de Madrid (MFM) arranca a su vez denunciando \u00ablas guerras, los fundamentalismos y reg\u00edmenes que utilizan el control de las mujeres como herramienta pol\u00edtica.Ante la petici\u00f3n de este diario de sondear las diferencias que a\u00fan dividen a las facciones del feminismo con nombres propios de gran calado dentro del movimiento, el MFM a\u00fan no ha atendido la petici\u00f3n y la Comisi\u00f3n 8-M deneg\u00f3 participar considerando que el foco no deb\u00eda estar ah\u00ed teniendo en cuenta el contexto b\u00e9lico actual. El no a la guerra ser\u00e1 \u00abbastante importante\u00bb este 8-M y no opacar\u00e1 la causa feminista porque, seg\u00fan aseguran desde la Comisi\u00f3n, \u00abel antimilitarismo es una reivindicaci\u00f3n feminista\u00bb.Desde ese prisma han enfocado las izquierdas este 8-M. En el PSOE van a aprovechar la coyuntura internacional para introducir en las manifestaciones el posicionamiento pol\u00edtico marcado por el l\u00edder del Ejecutivo en contra de la intervenci\u00f3n de EEUU en Ir\u00e1n. La n\u00famero dos del partido y vicepresidenta primera del Gobierno, Mar\u00eda Jes\u00fas Montero, pidi\u00f3 ayer a la militancia que traslade el mensaje de que este d\u00eda tambi\u00e9n \u00abse ti\u00f1e de violeta\u00bb para reivindicar que las mujeres dicen \u00abno a la guerra, no a la violencia, no al abandono de foros multilaterales y no a la ley del m\u00e1s fuerte\u00bb.La ministra Redondo, que adem\u00e1s es presidenta de la federaci\u00f3n socialista de Castilla y Le\u00f3n, tiene previsto acudir este domingo a la celebraci\u00f3n del D\u00eda Internacional de las Mujeres en Valladolid, coincidiendo con el ecuador de la campa\u00f1a electoral en la comunidad, aprovechando el tir\u00f3n en la movilizaci\u00f3n del votante de izquierdas que, seg\u00fan confirman en la propia direcci\u00f3n de Ferraz, tiene el frente anti Trump alentado por La Moncloa, informa Marta Belver.El presidente abander\u00f3 su oposici\u00f3n al conflicto b\u00e9lico el mi\u00e9rcoles, llevando tambi\u00e9n la consigna al acto institucional del 8-M. El jueves el colectivo feminista de Izquierda Unida lanz\u00f3 su cartel del D\u00eda de la Mujer: la guerra es la segunda cosa a la que se oponen. Y otras formaciones de izquierda regionalista, como Chunta Aragonesista, tambi\u00e9n destacar\u00e1n su rechazo al conflicto.En Arag\u00f3n, asociaciones como El Paraguas Feminista incluir\u00e1n el no a la guerra en los manifiestos. Pero fuentes consultadas por este medio sostienen que el \u00abmovimiento debe tener su propia agenda\u00bb, por lo que prefieren que esta cuesti\u00f3n no capitalice la marcha y deje en un segundo plano las reivindicaciones asociadas al papel de la mujer en la sociedad. Tambi\u00e9n habr\u00e1 una pancarta que muestre la oposici\u00f3n a la guerra durante la marcha por el centro de Zaragoza, que ser\u00e1 desplegada por la Asamblea por la Paz, informa Ismael Poveda.En esta misma l\u00ednea, la Coordinadora Feminista de Valencia que organiza en la capital de la Comunidad Valenciana la manifestaci\u00f3n del 8M tampoco es ajena a la consigna lanzada por el Gobierno. Fuentes de la misma admiten a este diario que el manifiesto se ha modificado en las \u00faltimas horas para incluir precisamente en la lista de reivindicaciones el rechazo a la escalada b\u00e9lica en todo el mundo, ante la \u00abgravedad\u00bb de los \u00faltimos acontecimientos. \u00abLas feministas decimos tambi\u00e9n no a las guerras, expresi\u00f3n m\u00e1xima del patriarcado y del sistema de dominaci\u00f3n\u00bb, reza el manifiesto del 8M en Valencia, informa Noa de la Torre.\u00abUno de los ejes fundamentales del manifiesto de este a\u00f1o ser\u00e1 el rechazo al imperialismo y a la militarizaci\u00f3n, tanto en la movilizaci\u00f3n que convoca la CIG por la ma\u00f1ana como en el conjunto de las acciones del movimiento feminista durante el resto de la jornada\u00bb, afirma Susana M\u00e9ndez, secretaria de Organizaci\u00f3n de la Confederaci\u00f3n Intersindical Galega (CIG), convocantes de la manifestaci\u00f3n en Santiago de Compostela, informa Juan B. Ca\u00f1ellas. \u00abLas guerras y la escalada militar tienen un impacto directo en la vida de las mujeres, por lo que desde el feminismo tambi\u00e9n se plantea una cr\u00edtica a la militarizaci\u00f3n y a las pol\u00edticas que alimentan estos conflictos\u00bb, a\u00f1aden.Desde la Marcha Mundial das Mulleres en Galicia, que convoca la concentraci\u00f3n en A Coru\u00f1a, agregan que \u00abel feminismo no se basa en pol\u00edticas de guerra\u00bb. \u00abSe basa en el di\u00e1logo y en la resoluci\u00f3n de conflictos por v\u00edas diplom\u00e1ticas. Una pol\u00edtica feminista nunca terminar\u00eda en un conflicto b\u00e9lico\u00bb, apunta Marta Romero.En Barcelona, por segundo a\u00f1o consecutivo se celebrar\u00e1n dos manifestaciones distintas del 8M. La llamada \u00abunitaria\u00bb, organizada por la Assemblea 8M, dir\u00e1 no \u00aba las pol\u00edticas de ultraderecha, al racismo, a los discursos de odio, al antifeminismo y a la LGTBIQA+fobia\u00bb, recoge su manifiesto. \u00abNo solo estamos en el no a la guerra, sino que somos un movimiento antimilitarista\u00bb, a\u00f1ade la activista Mari Pueyo.La segunda marcha est\u00e1 encabezada por la Coordinadora Moviment Feminista de Barcelona, que denuncian la persistencia de mujeres \u00abv\u00edctimas de conflictos armados y de reg\u00edmenes patriarcales que las matan en vida\u00bb. \u00abEl no a la guerra comenzamos a decirlo cuando Israel atac\u00f3 Gaza\u00bb, recuerda Silvia Carrasco (Feministes de Catalunya), informa Cristina Rubio.","breadcrumb":{"@id":"https:\/\/vof-news.eu\/es\/si-hemos-tocado-el-manifiesto-la-izquierda-redirige-el-8-m-hacia-el-no-a-la-guerra-de-sanchez\/#breadcrumb"},"inLanguage":"es","potentialAction":[{"@type":"ReadAction","target":["https:\/\/vof-news.eu\/es\/si-hemos-tocado-el-manifiesto-la-izquierda-redirige-el-8-m-hacia-el-no-a-la-guerra-de-sanchez\/"]}]},{"@type":"ImageObject","inLanguage":"es","@id":"https:\/\/vof-news.eu\/es\/si-hemos-tocado-el-manifiesto-la-izquierda-redirige-el-8-m-hacia-el-no-a-la-guerra-de-sanchez\/#primaryimage","url":"https:\/\/vof-news.eu\/wp-content\/uploads\/2026\/03\/17728304026623.jpg","contentUrl":"https:\/\/vof-news.eu\/wp-content\/uploads\/2026\/03\/17728304026623.jpg","width":1366,"height":980,"caption":"Madrid, 8 de marzo de 2024. Manifestacion con motivo del D\u00eda Internacional de la Mujer convocada por la Comisi\u00f3n 8M. del Foto: Antonio Heredia"},{"@type":"BreadcrumbList","@id":"https:\/\/vof-news.eu\/es\/si-hemos-tocado-el-manifiesto-la-izquierda-redirige-el-8-m-hacia-el-no-a-la-guerra-de-sanchez\/#breadcrumb","itemListElement":[{"@type":"ListItem","position":1,"name":"Home","item":"https:\/\/vof-news.eu\/es\/"},{"@type":"ListItem","position":2,"name":"&#8220;S\u00ed, hemos tocado el manifiesto&#8221;: la izquierda redirige el 8-M hacia el &#8216;No a la guerra&#8217; de S\u00e1nchez"}]},{"@type":"WebSite","@id":"https:\/\/vof-news.eu\/es\/#website","url":"https:\/\/vof-news.eu\/es\/","name":"vof-news.eu","description":"","potentialAction":[{"@type":"SearchAction","target":{"@type":"EntryPoint","urlTemplate":"https:\/\/vof-news.eu\/es\/?s={search_term_string}"},"query-input":"required name=search_term_string"}],"inLanguage":"es"},{"@type":"Person","@id":"https:\/\/vof-news.eu\/es\/#\/schema\/person\/f6a2a4309f0561835797fd8c19b333ed","name":"Author","image":{"@type":"ImageObject","inLanguage":"es","@id":"https:\/\/vof-news.eu\/es\/#\/schema\/person\/image\/","url":"https:\/\/secure.gravatar.com\/avatar\/b67e614b1b25b3e9c0c239efdd2fde5ab015b5affd6f1c3c85911ca4b384e790?s=96&d=mm&r=g","contentUrl":"https:\/\/secure.gravatar.com\/avatar\/b67e614b1b25b3e9c0c239efdd2fde5ab015b5affd6f1c3c85911ca4b384e790?s=96&d=mm&r=g","caption":"Author"},"sameAs":["http:\/\/vof-news.eu"],"url":"https:\/\/vof-news.eu\/es\/author\/zwt6qxnjulxbnyg\/"}]}},"yoast_meta":{"yoast_wpseo_title":"","yoast_wpseo_metadesc":"","yoast_wpseo_canonical":""},"_links":{"self":[{"href":"https:\/\/vof-news.eu\/es\/wp-json\/wp\/v2\/posts\/328311","targetHints":{"allow":["GET"]}}],"collection":[{"href":"https:\/\/vof-news.eu\/es\/wp-json\/wp\/v2\/posts"}],"about":[{"href":"https:\/\/vof-news.eu\/es\/wp-json\/wp\/v2\/types\/post"}],"author":[{"embeddable":true,"href":"https:\/\/vof-news.eu\/es\/wp-json\/wp\/v2\/users\/1"}],"replies":[{"embeddable":true,"href":"https:\/\/vof-news.eu\/es\/wp-json\/wp\/v2\/comments?post=328311"}],"version-history":[{"count":1,"href":"https:\/\/vof-news.eu\/es\/wp-json\/wp\/v2\/posts\/328311\/revisions"}],"predecessor-version":[{"id":328313,"href":"https:\/\/vof-news.eu\/es\/wp-json\/wp\/v2\/posts\/328311\/revisions\/328313"}],"wp:featuredmedia":[{"embeddable":true,"href":"https:\/\/vof-news.eu\/es\/wp-json\/wp\/v2\/media\/328302"}],"wp:attachment":[{"href":"https:\/\/vof-news.eu\/es\/wp-json\/wp\/v2\/media?parent=328311"}],"wp:term":[{"taxonomy":"category","embeddable":true,"href":"https:\/\/vof-news.eu\/es\/wp-json\/wp\/v2\/categories?post=328311"},{"taxonomy":"post_tag","embeddable":true,"href":"https:\/\/vof-news.eu\/es\/wp-json\/wp\/v2\/tags?post=328311"}],"curies":[{"name":"wp","href":"https:\/\/api.w.org\/{rel}","templated":true}]}}