{"id":328243,"date":"2026-03-06T17:36:24","date_gmt":"2026-03-06T14:36:24","guid":{"rendered":"https:\/\/vof-news.eu\/sanchez-no-sometera-a-votacion-del-congreso-el-envio-de-la-fragata-colon-amparandose-en-la-ley-de-defensa-nacional\/"},"modified":"2026-03-06T17:36:30","modified_gmt":"2026-03-06T14:36:30","slug":"sanchez-no-sometera-a-votacion-del-congreso-el-envio-de-la-fragata-colon-amparandose-en-la-ley-de-defensa-nacional","status":"publish","type":"post","link":"https:\/\/vof-news.eu\/es\/sanchez-no-sometera-a-votacion-del-congreso-el-envio-de-la-fragata-colon-amparandose-en-la-ley-de-defensa-nacional\/","title":{"rendered":"S\u00e1nchez no someter\u00e1 a votaci\u00f3n del Congreso el env\u00edo de la fragata Col\u00f3n ampar\u00e1ndose en la ley de Defensa Nacional"},"content":{"rendered":"<div>\n<p>El presidente del Gobierno, <strong>Pedro S\u00e1nchez<\/strong>, tiene previsto comparecer en el Congreso, en principio, a finales del mes de marzo para, entre otras cosas, informar sobre la posici\u00f3n del Ejecutivo ante el conflicto de <strong>Oriente Pr\u00f3ximo<\/strong>. Pero lo que no tiene previsto es someter a votaci\u00f3n el env\u00edo de la <strong>fragata Cristobal Col\u00f3n<\/strong>, uno de los barcos de guerra m\u00e1s modernos de la Armada, a Chipre para defender ese flanco de Europa de posibles ataques de Ir\u00e1n. El jefe del Ejecutivo se ampara en la <strong>ley de Defensa Nacional<\/strong> y en que el buque no se inserta en una misi\u00f3n militar nueva, sino que se contin\u00faa el trabajo que ya hac\u00eda en el B\u00e1ltico, s\u00f3lo que ahora en esta nueva ubicaci\u00f3n.<\/p>\n<p>\u00abSi nosotros defendemos la legalidad internacional, y esa es nuestra tranquilidad, en todos y cada uno de los conflictos que asolan el mundo, ajustamos nuestras decisiones a la legalidad nacional\u00bb, ha expuesto S\u00e1nchez en una comparecencia conjunta ante los medios con <strong>Luis Montenegro<\/strong>, primer ministro de Portugal, tras la celebraci\u00f3n de una nueva cumbre bilateral entre ambos pa\u00edses. Para S\u00e1nchez, lo que ha sucedido es que La Moncloa ha tomado la decisi\u00f3n de \u00abechar una mano a <strong>Chipre <\/strong>en una misi\u00f3n que es defensiva y nada ofensiva\u00bb. Y considera que \u00abse ajusta a la Ley Org\u00e1nica de Defensa Nacional\u00bb aprobada por las Cortes en 2005.<\/p>\n<p>El <strong>PP <\/strong>hab\u00eda exigido al Gobierno que sometiera a votaci\u00f3n del Congreso el env\u00edo de la fragata Crist\u00f3bal Col\u00f3n. S\u00e1nchez se escuda en la ley para no tener que hacerlo. En concreto, en el Ejecutivo apelan al art\u00edculo 17 de la normativa sobre Defensa Nacional, de cuya redacci\u00f3n se desprende que el Gobierno est\u00e1 habilitado para ordenar operaciones en el exterior que est\u00e9n relacionadas con el inter\u00e9s nacional. Y en este caso, lo que explican es que se trata de la defensa de la frontera europea, por tanto de la frontera espa\u00f1ola y, en consecuencia, un asunto de inter\u00e9s nacional.<\/p>\n<p>El apartado 1 del punto 17 recoge: \u00abPara ordenar operaciones en el exterior que no est\u00e9n directamente relacionadas con la defensa de Espa\u00f1a o del inter\u00e9s nacional, el Gobierno realizar\u00e1 una consulta previa y recabar\u00e1 la autorizaci\u00f3n del <strong>Congreso de los Diputados<\/strong>\u00ab.<\/p>\n<p>El otro asidero al que se agarra el Gobierno para acudir a una votaci\u00f3n de la C\u00e1mara Baja es que el trabajo de la Crist\u00f3bal Col\u00f3n no es una nueva misi\u00f3n, sino que, explican, contin\u00faa las labores de escolta, adiestramiento y cooperaci\u00f3n bilateral con el grupo aeronaval franc\u00e9s del <strong>Charles de Gaulle<\/strong> que ya ven\u00edan desarrollando en el Mar B\u00e1ltico, otra frontera europea. \u00abNo incumplimos ninguna ley. Lo que hacemos es cumplir con nuestros compromisos europeos\u00bb, se\u00f1alan fuentes del Ejecutivo.<\/p>\n<p>\u00abEsto es una misi\u00f3n europea formada por socios europeos en apoyo a un pa\u00eds europeo como Chipre y ese es el contexto por el cual est\u00e1 all\u00ed esta fragata espa\u00f1ola\u00bb, ha expuesto <strong>F\u00e9lix Bola\u00f1os<\/strong> este viernes a los medios a su llegada a un Consejo de ministros de Justicia de la Uni\u00f3n Europea.<\/p>\n<p>S\u00e1nchez ha negado que exista paralelismo alguno con lo sucedido hace 23 a\u00f1os con la guerra de Irak. Entonces, en 2003, <strong>Jos\u00e9 Mar\u00eda Aznar<\/strong> no pidi\u00f3 permiso a la C\u00e1mara Baja para consumar la participaci\u00f3n de Espa\u00f1a en el conflicto b\u00e9lico. \u00abHace 23 a\u00f1os un presidente nos meti\u00f3 en una guerra ilegal y tard\u00f3 10 meses en comparecer en el Congreso. Hoy he anunciado una comparecencia para explicar la posici\u00f3n del Gobierno, que es la contraria a entonces: Espa\u00f1a no participa en la guerra\u00bb.<\/p>\n<hr\/>\n<\/div>\n","protected":false},"excerpt":{"rendered":"<p>El presidente del Gobierno, Pedro S\u00e1nchez, tiene previsto comparecer en el Congreso, en principio, a finales del mes de marzo para, entre otras cosas, informar sobre la posici\u00f3n del Ejecutivo ante el conflicto de Oriente Pr\u00f3ximo. Pero lo que no tiene previsto es someter a votaci\u00f3n el env\u00edo de la fragata Cristobal Col\u00f3n, uno de<\/p>\n","protected":false},"author":1,"featured_media":328227,"comment_status":"open","ping_status":"open","sticky":false,"template":"","format":"standard","meta":{"footnotes":""},"categories":[47],"tags":[],"class_list":["post-328243","post","type-post","status-publish","format-standard","has-post-thumbnail","hentry","category-interview-es"],"acf":[],"yoast_head":"<!-- This site is optimized with the Yoast SEO plugin v22.9 - https:\/\/yoast.com\/wordpress\/plugins\/seo\/ -->\n<title>S\u00e1nchez no someter\u00e1 a votaci\u00f3n del Congreso el env\u00edo de la fragata Col\u00f3n ampar\u00e1ndose en la ley de Defensa Nacional - vof-news.eu<\/title>\n<meta name=\"description\" content=\"El presidente del Gobierno, Pedro S\u00e1nchez, tiene previsto comparecer en el Congreso, en principio, a finales del mes de marzo para, entre otras cosas, informar sobre la posici\u00f3n del Ejecutivo ante el conflicto de Oriente Pr\u00f3ximo. Pero lo que no tiene previsto es someter a votaci\u00f3n el env\u00edo de la fragata Cristobal Col\u00f3n, uno de los barcos de guerra m\u00e1s modernos de la Armada, a Chipre para defender ese flanco de Europa de posibles ataques de Ir\u00e1n. El jefe del Ejecutivo se ampara en la ley de Defensa Nacional y en que el buque no se inserta en una misi\u00f3n militar nueva, sino que se contin\u00faa el trabajo que ya hac\u00eda en el B\u00e1ltico, s\u00f3lo que ahora en esta nueva ubicaci\u00f3n.&quot;Si nosotros defendemos la legalidad internacional, y esa es nuestra tranquilidad, en todos y cada uno de los conflictos que asolan el mundo, ajustamos nuestras decisiones a la legalidad nacional&quot;, ha expuesto S\u00e1nchez en una comparecencia conjunta ante los medios con Luis Montenegro, primer ministro de Portugal, tras la celebraci\u00f3n de una nueva cumbre bilateral entre ambos pa\u00edses. Para S\u00e1nchez, lo que ha sucedido es que La Moncloa ha tomado la decisi\u00f3n de &quot;echar una mano a Chipre en una misi\u00f3n que es defensiva y nada ofensiva&quot;. Y considera que &quot;se ajusta a la Ley Org\u00e1nica de Defensa Nacional&quot; aprobada por las Cortes en 2005.El PP hab\u00eda exigido al Gobierno que sometiera a votaci\u00f3n del Congreso el env\u00edo de la fragata Crist\u00f3bal Col\u00f3n. S\u00e1nchez se escuda en la ley para no tener que hacerlo. En concreto, en el Ejecutivo apelan al art\u00edculo 17 de la normativa sobre Defensa Nacional, de cuya redacci\u00f3n se desprende que el Gobierno est\u00e1 habilitado para ordenar operaciones en el exterior que est\u00e9n relacionadas con el inter\u00e9s nacional. Y en este caso, lo que explican es que se trata de la defensa de la frontera europea, por tanto de la frontera espa\u00f1ola y, en consecuencia, un asunto de inter\u00e9s nacional.El apartado 1 del punto 17 recoge: &quot;Para ordenar operaciones en el exterior que no est\u00e9n directamente relacionadas con la defensa de Espa\u00f1a o del inter\u00e9s nacional, el Gobierno realizar\u00e1 una consulta previa y recabar\u00e1 la autorizaci\u00f3n del Congreso de los Diputados&quot;.El otro asidero al que se agarra el Gobierno para acudir a una votaci\u00f3n de la C\u00e1mara Baja es que el trabajo de la Crist\u00f3bal Col\u00f3n no es una nueva misi\u00f3n, sino que, explican, contin\u00faa las labores de escolta, adiestramiento y cooperaci\u00f3n bilateral con el grupo aeronaval franc\u00e9s del Charles de Gaulle que ya ven\u00edan desarrollando en el Mar B\u00e1ltico, otra frontera europea. &quot;No incumplimos ninguna ley. Lo que hacemos es cumplir con nuestros compromisos europeos&quot;, se\u00f1alan fuentes del Ejecutivo.&quot;Esto es una misi\u00f3n europea formada por socios europeos en apoyo a un pa\u00eds europeo como Chipre y ese es el contexto por el cual est\u00e1 all\u00ed esta fragata espa\u00f1ola&quot;, ha expuesto F\u00e9lix Bola\u00f1os este viernes a los medios a su llegada a un Consejo de ministros de Justicia de la Uni\u00f3n Europea.S\u00e1nchez ha negado que exista paralelismo alguno con lo sucedido hace 23 a\u00f1os con la guerra de Irak. Entonces, en 2003, Jos\u00e9 Mar\u00eda Aznar no pidi\u00f3 permiso a la C\u00e1mara Baja para consumar la participaci\u00f3n de Espa\u00f1a en el conflicto b\u00e9lico. &quot;Hace 23 a\u00f1os un presidente nos meti\u00f3 en una guerra ilegal y tard\u00f3 10 meses en comparecer en el Congreso. Hoy he anunciado una comparecencia para explicar la posici\u00f3n del Gobierno, que es la contraria a entonces: Espa\u00f1a no participa en la guerra&quot;.\" \/>\n<meta name=\"robots\" content=\"noindex, follow, max-snippet:-1, max-image-preview:large, max-video-preview:-1\" \/>\n<meta property=\"og:locale\" content=\"es_ES\" \/>\n<meta property=\"og:type\" content=\"article\" \/>\n<meta property=\"og:title\" content=\"S\u00e1nchez no someter\u00e1 a votaci\u00f3n del Congreso el env\u00edo de la fragata Col\u00f3n ampar\u00e1ndose en la ley de Defensa Nacional - vof-news.eu\" \/>\n<meta property=\"og:description\" content=\"El presidente del Gobierno, Pedro S\u00e1nchez, tiene previsto comparecer en el Congreso, en principio, a finales del mes de marzo para, entre otras cosas, informar sobre la posici\u00f3n del Ejecutivo ante el conflicto de Oriente Pr\u00f3ximo. Pero lo que no tiene previsto es someter a votaci\u00f3n el env\u00edo de la fragata Cristobal Col\u00f3n, uno de los barcos de guerra m\u00e1s modernos de la Armada, a Chipre para defender ese flanco de Europa de posibles ataques de Ir\u00e1n. El jefe del Ejecutivo se ampara en la ley de Defensa Nacional y en que el buque no se inserta en una misi\u00f3n militar nueva, sino que se contin\u00faa el trabajo que ya hac\u00eda en el B\u00e1ltico, s\u00f3lo que ahora en esta nueva ubicaci\u00f3n.&quot;Si nosotros defendemos la legalidad internacional, y esa es nuestra tranquilidad, en todos y cada uno de los conflictos que asolan el mundo, ajustamos nuestras decisiones a la legalidad nacional&quot;, ha expuesto S\u00e1nchez en una comparecencia conjunta ante los medios con Luis Montenegro, primer ministro de Portugal, tras la celebraci\u00f3n de una nueva cumbre bilateral entre ambos pa\u00edses. Para S\u00e1nchez, lo que ha sucedido es que La Moncloa ha tomado la decisi\u00f3n de &quot;echar una mano a Chipre en una misi\u00f3n que es defensiva y nada ofensiva&quot;. Y considera que &quot;se ajusta a la Ley Org\u00e1nica de Defensa Nacional&quot; aprobada por las Cortes en 2005.El PP hab\u00eda exigido al Gobierno que sometiera a votaci\u00f3n del Congreso el env\u00edo de la fragata Crist\u00f3bal Col\u00f3n. S\u00e1nchez se escuda en la ley para no tener que hacerlo. En concreto, en el Ejecutivo apelan al art\u00edculo 17 de la normativa sobre Defensa Nacional, de cuya redacci\u00f3n se desprende que el Gobierno est\u00e1 habilitado para ordenar operaciones en el exterior que est\u00e9n relacionadas con el inter\u00e9s nacional. Y en este caso, lo que explican es que se trata de la defensa de la frontera europea, por tanto de la frontera espa\u00f1ola y, en consecuencia, un asunto de inter\u00e9s nacional.El apartado 1 del punto 17 recoge: &quot;Para ordenar operaciones en el exterior que no est\u00e9n directamente relacionadas con la defensa de Espa\u00f1a o del inter\u00e9s nacional, el Gobierno realizar\u00e1 una consulta previa y recabar\u00e1 la autorizaci\u00f3n del Congreso de los Diputados&quot;.El otro asidero al que se agarra el Gobierno para acudir a una votaci\u00f3n de la C\u00e1mara Baja es que el trabajo de la Crist\u00f3bal Col\u00f3n no es una nueva misi\u00f3n, sino que, explican, contin\u00faa las labores de escolta, adiestramiento y cooperaci\u00f3n bilateral con el grupo aeronaval franc\u00e9s del Charles de Gaulle que ya ven\u00edan desarrollando en el Mar B\u00e1ltico, otra frontera europea. &quot;No incumplimos ninguna ley. Lo que hacemos es cumplir con nuestros compromisos europeos&quot;, se\u00f1alan fuentes del Ejecutivo.&quot;Esto es una misi\u00f3n europea formada por socios europeos en apoyo a un pa\u00eds europeo como Chipre y ese es el contexto por el cual est\u00e1 all\u00ed esta fragata espa\u00f1ola&quot;, ha expuesto F\u00e9lix Bola\u00f1os este viernes a los medios a su llegada a un Consejo de ministros de Justicia de la Uni\u00f3n Europea.S\u00e1nchez ha negado que exista paralelismo alguno con lo sucedido hace 23 a\u00f1os con la guerra de Irak. Entonces, en 2003, Jos\u00e9 Mar\u00eda Aznar no pidi\u00f3 permiso a la C\u00e1mara Baja para consumar la participaci\u00f3n de Espa\u00f1a en el conflicto b\u00e9lico. &quot;Hace 23 a\u00f1os un presidente nos meti\u00f3 en una guerra ilegal y tard\u00f3 10 meses en comparecer en el Congreso. Hoy he anunciado una comparecencia para explicar la posici\u00f3n del Gobierno, que es la contraria a entonces: Espa\u00f1a no participa en la guerra&quot;.\" \/>\n<meta property=\"og:url\" content=\"https:\/\/vof-news.eu\/es\/sanchez-no-sometera-a-votacion-del-congreso-el-envio-de-la-fragata-colon-amparandose-en-la-ley-de-defensa-nacional\/\" \/>\n<meta property=\"og:site_name\" content=\"vof-news.eu\" \/>\n<meta property=\"article:published_time\" content=\"2026-03-06T14:36:24+00:00\" \/>\n<meta property=\"article:modified_time\" content=\"2026-03-06T14:36:30+00:00\" \/>\n<meta property=\"og:image\" content=\"https:\/\/vof-news.eu\/wp-content\/uploads\/2026\/03\/17728057498411.jpg\" \/>\n\t<meta property=\"og:image:width\" content=\"1366\" \/>\n\t<meta property=\"og:image:height\" content=\"911\" \/>\n\t<meta property=\"og:image:type\" content=\"image\/jpeg\" \/>\n<meta name=\"author\" content=\"Author\" \/>\n<meta name=\"twitter:card\" content=\"summary_large_image\" \/>\n<meta name=\"twitter:label1\" content=\"Escrito por\" \/>\n\t<meta name=\"twitter:data1\" content=\"Author\" \/>\n\t<meta name=\"twitter:label2\" content=\"Tiempo de lectura\" \/>\n\t<meta name=\"twitter:data2\" content=\"3 minutos\" \/>\n<script type=\"application\/ld+json\" class=\"yoast-schema-graph\">{\"@context\":\"https:\/\/schema.org\",\"@graph\":[{\"@type\":\"WebPage\",\"@id\":\"https:\/\/vof-news.eu\/es\/sanchez-no-sometera-a-votacion-del-congreso-el-envio-de-la-fragata-colon-amparandose-en-la-ley-de-defensa-nacional\/\",\"url\":\"https:\/\/vof-news.eu\/es\/sanchez-no-sometera-a-votacion-del-congreso-el-envio-de-la-fragata-colon-amparandose-en-la-ley-de-defensa-nacional\/\",\"name\":\"S\u00e1nchez no someter\u00e1 a votaci\u00f3n del Congreso el env\u00edo de la fragata Col\u00f3n ampar\u00e1ndose en la ley de Defensa Nacional - vof-news.eu\",\"isPartOf\":{\"@id\":\"https:\/\/vof-news.eu\/es\/#website\"},\"primaryImageOfPage\":{\"@id\":\"https:\/\/vof-news.eu\/es\/sanchez-no-sometera-a-votacion-del-congreso-el-envio-de-la-fragata-colon-amparandose-en-la-ley-de-defensa-nacional\/#primaryimage\"},\"image\":{\"@id\":\"https:\/\/vof-news.eu\/es\/sanchez-no-sometera-a-votacion-del-congreso-el-envio-de-la-fragata-colon-amparandose-en-la-ley-de-defensa-nacional\/#primaryimage\"},\"thumbnailUrl\":\"https:\/\/vof-news.eu\/wp-content\/uploads\/2026\/03\/17728057498411.jpg\",\"datePublished\":\"2026-03-06T14:36:24+00:00\",\"dateModified\":\"2026-03-06T14:36:30+00:00\",\"author\":{\"@id\":\"https:\/\/vof-news.eu\/es\/#\/schema\/person\/f6a2a4309f0561835797fd8c19b333ed\"},\"description\":\"El presidente del Gobierno, Pedro S\u00e1nchez, tiene previsto comparecer en el Congreso, en principio, a finales del mes de marzo para, entre otras cosas, informar sobre la posici\u00f3n del Ejecutivo ante el conflicto de Oriente Pr\u00f3ximo. Pero lo que no tiene previsto es someter a votaci\u00f3n el env\u00edo de la fragata Cristobal Col\u00f3n, uno de los barcos de guerra m\u00e1s modernos de la Armada, a Chipre para defender ese flanco de Europa de posibles ataques de Ir\u00e1n. El jefe del Ejecutivo se ampara en la ley de Defensa Nacional y en que el buque no se inserta en una misi\u00f3n militar nueva, sino que se contin\u00faa el trabajo que ya hac\u00eda en el B\u00e1ltico, s\u00f3lo que ahora en esta nueva ubicaci\u00f3n.\\\"Si nosotros defendemos la legalidad internacional, y esa es nuestra tranquilidad, en todos y cada uno de los conflictos que asolan el mundo, ajustamos nuestras decisiones a la legalidad nacional\\\", ha expuesto S\u00e1nchez en una comparecencia conjunta ante los medios con Luis Montenegro, primer ministro de Portugal, tras la celebraci\u00f3n de una nueva cumbre bilateral entre ambos pa\u00edses. Para S\u00e1nchez, lo que ha sucedido es que La Moncloa ha tomado la decisi\u00f3n de \\\"echar una mano a Chipre en una misi\u00f3n que es defensiva y nada ofensiva\\\". Y considera que \\\"se ajusta a la Ley Org\u00e1nica de Defensa Nacional\\\" aprobada por las Cortes en 2005.El PP hab\u00eda exigido al Gobierno que sometiera a votaci\u00f3n del Congreso el env\u00edo de la fragata Crist\u00f3bal Col\u00f3n. S\u00e1nchez se escuda en la ley para no tener que hacerlo. En concreto, en el Ejecutivo apelan al art\u00edculo 17 de la normativa sobre Defensa Nacional, de cuya redacci\u00f3n se desprende que el Gobierno est\u00e1 habilitado para ordenar operaciones en el exterior que est\u00e9n relacionadas con el inter\u00e9s nacional. Y en este caso, lo que explican es que se trata de la defensa de la frontera europea, por tanto de la frontera espa\u00f1ola y, en consecuencia, un asunto de inter\u00e9s nacional.El apartado 1 del punto 17 recoge: \\\"Para ordenar operaciones en el exterior que no est\u00e9n directamente relacionadas con la defensa de Espa\u00f1a o del inter\u00e9s nacional, el Gobierno realizar\u00e1 una consulta previa y recabar\u00e1 la autorizaci\u00f3n del Congreso de los Diputados\\\".El otro asidero al que se agarra el Gobierno para acudir a una votaci\u00f3n de la C\u00e1mara Baja es que el trabajo de la Crist\u00f3bal Col\u00f3n no es una nueva misi\u00f3n, sino que, explican, contin\u00faa las labores de escolta, adiestramiento y cooperaci\u00f3n bilateral con el grupo aeronaval franc\u00e9s del Charles de Gaulle que ya ven\u00edan desarrollando en el Mar B\u00e1ltico, otra frontera europea. \\\"No incumplimos ninguna ley. Lo que hacemos es cumplir con nuestros compromisos europeos\\\", se\u00f1alan fuentes del Ejecutivo.\\\"Esto es una misi\u00f3n europea formada por socios europeos en apoyo a un pa\u00eds europeo como Chipre y ese es el contexto por el cual est\u00e1 all\u00ed esta fragata espa\u00f1ola\\\", ha expuesto F\u00e9lix Bola\u00f1os este viernes a los medios a su llegada a un Consejo de ministros de Justicia de la Uni\u00f3n Europea.S\u00e1nchez ha negado que exista paralelismo alguno con lo sucedido hace 23 a\u00f1os con la guerra de Irak. Entonces, en 2003, Jos\u00e9 Mar\u00eda Aznar no pidi\u00f3 permiso a la C\u00e1mara Baja para consumar la participaci\u00f3n de Espa\u00f1a en el conflicto b\u00e9lico. \\\"Hace 23 a\u00f1os un presidente nos meti\u00f3 en una guerra ilegal y tard\u00f3 10 meses en comparecer en el Congreso. Hoy he anunciado una comparecencia para explicar la posici\u00f3n del Gobierno, que es la contraria a entonces: Espa\u00f1a no participa en la guerra\\\".\",\"breadcrumb\":{\"@id\":\"https:\/\/vof-news.eu\/es\/sanchez-no-sometera-a-votacion-del-congreso-el-envio-de-la-fragata-colon-amparandose-en-la-ley-de-defensa-nacional\/#breadcrumb\"},\"inLanguage\":\"es\",\"potentialAction\":[{\"@type\":\"ReadAction\",\"target\":[\"https:\/\/vof-news.eu\/es\/sanchez-no-sometera-a-votacion-del-congreso-el-envio-de-la-fragata-colon-amparandose-en-la-ley-de-defensa-nacional\/\"]}]},{\"@type\":\"ImageObject\",\"inLanguage\":\"es\",\"@id\":\"https:\/\/vof-news.eu\/es\/sanchez-no-sometera-a-votacion-del-congreso-el-envio-de-la-fragata-colon-amparandose-en-la-ley-de-defensa-nacional\/#primaryimage\",\"url\":\"https:\/\/vof-news.eu\/wp-content\/uploads\/2026\/03\/17728057498411.jpg\",\"contentUrl\":\"https:\/\/vof-news.eu\/wp-content\/uploads\/2026\/03\/17728057498411.jpg\",\"width\":1366,\"height\":911,\"caption\":\"Spain's Prime Minister Pedro Sanchez gestures during a joint press conference with Portugal's Prime Minister Luis Montenegro during a Spain-Portugal summit held at the La Rabida Monastery in Palos de la Frontera on March 6, 2026. (Photo by CRISTINA QUICLER \/ AFP)\"},{\"@type\":\"BreadcrumbList\",\"@id\":\"https:\/\/vof-news.eu\/es\/sanchez-no-sometera-a-votacion-del-congreso-el-envio-de-la-fragata-colon-amparandose-en-la-ley-de-defensa-nacional\/#breadcrumb\",\"itemListElement\":[{\"@type\":\"ListItem\",\"position\":1,\"name\":\"Home\",\"item\":\"https:\/\/vof-news.eu\/es\/\"},{\"@type\":\"ListItem\",\"position\":2,\"name\":\"S\u00e1nchez no someter\u00e1 a votaci\u00f3n del Congreso el env\u00edo de la fragata Col\u00f3n ampar\u00e1ndose en la ley de Defensa Nacional\"}]},{\"@type\":\"WebSite\",\"@id\":\"https:\/\/vof-news.eu\/es\/#website\",\"url\":\"https:\/\/vof-news.eu\/es\/\",\"name\":\"vof-news.eu\",\"description\":\"\",\"potentialAction\":[{\"@type\":\"SearchAction\",\"target\":{\"@type\":\"EntryPoint\",\"urlTemplate\":\"https:\/\/vof-news.eu\/es\/?s={search_term_string}\"},\"query-input\":\"required name=search_term_string\"}],\"inLanguage\":\"es\"},{\"@type\":\"Person\",\"@id\":\"https:\/\/vof-news.eu\/es\/#\/schema\/person\/f6a2a4309f0561835797fd8c19b333ed\",\"name\":\"Author\",\"image\":{\"@type\":\"ImageObject\",\"inLanguage\":\"es\",\"@id\":\"https:\/\/vof-news.eu\/es\/#\/schema\/person\/image\/\",\"url\":\"https:\/\/secure.gravatar.com\/avatar\/b67e614b1b25b3e9c0c239efdd2fde5ab015b5affd6f1c3c85911ca4b384e790?s=96&d=mm&r=g\",\"contentUrl\":\"https:\/\/secure.gravatar.com\/avatar\/b67e614b1b25b3e9c0c239efdd2fde5ab015b5affd6f1c3c85911ca4b384e790?s=96&d=mm&r=g\",\"caption\":\"Author\"},\"sameAs\":[\"http:\/\/vof-news.eu\"],\"url\":\"https:\/\/vof-news.eu\/es\/author\/zwt6qxnjulxbnyg\/\"}]}<\/script>\n<!-- \/ Yoast SEO plugin. -->","yoast_head_json":{"title":"S\u00e1nchez no someter\u00e1 a votaci\u00f3n del Congreso el env\u00edo de la fragata Col\u00f3n ampar\u00e1ndose en la ley de Defensa Nacional - vof-news.eu","description":"El presidente del Gobierno, Pedro S\u00e1nchez, tiene previsto comparecer en el Congreso, en principio, a finales del mes de marzo para, entre otras cosas, informar sobre la posici\u00f3n del Ejecutivo ante el conflicto de Oriente Pr\u00f3ximo. Pero lo que no tiene previsto es someter a votaci\u00f3n el env\u00edo de la fragata Cristobal Col\u00f3n, uno de los barcos de guerra m\u00e1s modernos de la Armada, a Chipre para defender ese flanco de Europa de posibles ataques de Ir\u00e1n. El jefe del Ejecutivo se ampara en la ley de Defensa Nacional y en que el buque no se inserta en una misi\u00f3n militar nueva, sino que se contin\u00faa el trabajo que ya hac\u00eda en el B\u00e1ltico, s\u00f3lo que ahora en esta nueva ubicaci\u00f3n.\"Si nosotros defendemos la legalidad internacional, y esa es nuestra tranquilidad, en todos y cada uno de los conflictos que asolan el mundo, ajustamos nuestras decisiones a la legalidad nacional\", ha expuesto S\u00e1nchez en una comparecencia conjunta ante los medios con Luis Montenegro, primer ministro de Portugal, tras la celebraci\u00f3n de una nueva cumbre bilateral entre ambos pa\u00edses. Para S\u00e1nchez, lo que ha sucedido es que La Moncloa ha tomado la decisi\u00f3n de \"echar una mano a Chipre en una misi\u00f3n que es defensiva y nada ofensiva\". Y considera que \"se ajusta a la Ley Org\u00e1nica de Defensa Nacional\" aprobada por las Cortes en 2005.El PP hab\u00eda exigido al Gobierno que sometiera a votaci\u00f3n del Congreso el env\u00edo de la fragata Crist\u00f3bal Col\u00f3n. S\u00e1nchez se escuda en la ley para no tener que hacerlo. En concreto, en el Ejecutivo apelan al art\u00edculo 17 de la normativa sobre Defensa Nacional, de cuya redacci\u00f3n se desprende que el Gobierno est\u00e1 habilitado para ordenar operaciones en el exterior que est\u00e9n relacionadas con el inter\u00e9s nacional. Y en este caso, lo que explican es que se trata de la defensa de la frontera europea, por tanto de la frontera espa\u00f1ola y, en consecuencia, un asunto de inter\u00e9s nacional.El apartado 1 del punto 17 recoge: \"Para ordenar operaciones en el exterior que no est\u00e9n directamente relacionadas con la defensa de Espa\u00f1a o del inter\u00e9s nacional, el Gobierno realizar\u00e1 una consulta previa y recabar\u00e1 la autorizaci\u00f3n del Congreso de los Diputados\".El otro asidero al que se agarra el Gobierno para acudir a una votaci\u00f3n de la C\u00e1mara Baja es que el trabajo de la Crist\u00f3bal Col\u00f3n no es una nueva misi\u00f3n, sino que, explican, contin\u00faa las labores de escolta, adiestramiento y cooperaci\u00f3n bilateral con el grupo aeronaval franc\u00e9s del Charles de Gaulle que ya ven\u00edan desarrollando en el Mar B\u00e1ltico, otra frontera europea. \"No incumplimos ninguna ley. Lo que hacemos es cumplir con nuestros compromisos europeos\", se\u00f1alan fuentes del Ejecutivo.\"Esto es una misi\u00f3n europea formada por socios europeos en apoyo a un pa\u00eds europeo como Chipre y ese es el contexto por el cual est\u00e1 all\u00ed esta fragata espa\u00f1ola\", ha expuesto F\u00e9lix Bola\u00f1os este viernes a los medios a su llegada a un Consejo de ministros de Justicia de la Uni\u00f3n Europea.S\u00e1nchez ha negado que exista paralelismo alguno con lo sucedido hace 23 a\u00f1os con la guerra de Irak. Entonces, en 2003, Jos\u00e9 Mar\u00eda Aznar no pidi\u00f3 permiso a la C\u00e1mara Baja para consumar la participaci\u00f3n de Espa\u00f1a en el conflicto b\u00e9lico. \"Hace 23 a\u00f1os un presidente nos meti\u00f3 en una guerra ilegal y tard\u00f3 10 meses en comparecer en el Congreso. Hoy he anunciado una comparecencia para explicar la posici\u00f3n del Gobierno, que es la contraria a entonces: Espa\u00f1a no participa en la guerra\".","robots":{"index":"noindex","follow":"follow","max-snippet":"max-snippet:-1","max-image-preview":"max-image-preview:large","max-video-preview":"max-video-preview:-1"},"og_locale":"es_ES","og_type":"article","og_title":"S\u00e1nchez no someter\u00e1 a votaci\u00f3n del Congreso el env\u00edo de la fragata Col\u00f3n ampar\u00e1ndose en la ley de Defensa Nacional - vof-news.eu","og_description":"El presidente del Gobierno, Pedro S\u00e1nchez, tiene previsto comparecer en el Congreso, en principio, a finales del mes de marzo para, entre otras cosas, informar sobre la posici\u00f3n del Ejecutivo ante el conflicto de Oriente Pr\u00f3ximo. Pero lo que no tiene previsto es someter a votaci\u00f3n el env\u00edo de la fragata Cristobal Col\u00f3n, uno de los barcos de guerra m\u00e1s modernos de la Armada, a Chipre para defender ese flanco de Europa de posibles ataques de Ir\u00e1n. El jefe del Ejecutivo se ampara en la ley de Defensa Nacional y en que el buque no se inserta en una misi\u00f3n militar nueva, sino que se contin\u00faa el trabajo que ya hac\u00eda en el B\u00e1ltico, s\u00f3lo que ahora en esta nueva ubicaci\u00f3n.\"Si nosotros defendemos la legalidad internacional, y esa es nuestra tranquilidad, en todos y cada uno de los conflictos que asolan el mundo, ajustamos nuestras decisiones a la legalidad nacional\", ha expuesto S\u00e1nchez en una comparecencia conjunta ante los medios con Luis Montenegro, primer ministro de Portugal, tras la celebraci\u00f3n de una nueva cumbre bilateral entre ambos pa\u00edses. Para S\u00e1nchez, lo que ha sucedido es que La Moncloa ha tomado la decisi\u00f3n de \"echar una mano a Chipre en una misi\u00f3n que es defensiva y nada ofensiva\". Y considera que \"se ajusta a la Ley Org\u00e1nica de Defensa Nacional\" aprobada por las Cortes en 2005.El PP hab\u00eda exigido al Gobierno que sometiera a votaci\u00f3n del Congreso el env\u00edo de la fragata Crist\u00f3bal Col\u00f3n. S\u00e1nchez se escuda en la ley para no tener que hacerlo. En concreto, en el Ejecutivo apelan al art\u00edculo 17 de la normativa sobre Defensa Nacional, de cuya redacci\u00f3n se desprende que el Gobierno est\u00e1 habilitado para ordenar operaciones en el exterior que est\u00e9n relacionadas con el inter\u00e9s nacional. Y en este caso, lo que explican es que se trata de la defensa de la frontera europea, por tanto de la frontera espa\u00f1ola y, en consecuencia, un asunto de inter\u00e9s nacional.El apartado 1 del punto 17 recoge: \"Para ordenar operaciones en el exterior que no est\u00e9n directamente relacionadas con la defensa de Espa\u00f1a o del inter\u00e9s nacional, el Gobierno realizar\u00e1 una consulta previa y recabar\u00e1 la autorizaci\u00f3n del Congreso de los Diputados\".El otro asidero al que se agarra el Gobierno para acudir a una votaci\u00f3n de la C\u00e1mara Baja es que el trabajo de la Crist\u00f3bal Col\u00f3n no es una nueva misi\u00f3n, sino que, explican, contin\u00faa las labores de escolta, adiestramiento y cooperaci\u00f3n bilateral con el grupo aeronaval franc\u00e9s del Charles de Gaulle que ya ven\u00edan desarrollando en el Mar B\u00e1ltico, otra frontera europea. \"No incumplimos ninguna ley. Lo que hacemos es cumplir con nuestros compromisos europeos\", se\u00f1alan fuentes del Ejecutivo.\"Esto es una misi\u00f3n europea formada por socios europeos en apoyo a un pa\u00eds europeo como Chipre y ese es el contexto por el cual est\u00e1 all\u00ed esta fragata espa\u00f1ola\", ha expuesto F\u00e9lix Bola\u00f1os este viernes a los medios a su llegada a un Consejo de ministros de Justicia de la Uni\u00f3n Europea.S\u00e1nchez ha negado que exista paralelismo alguno con lo sucedido hace 23 a\u00f1os con la guerra de Irak. Entonces, en 2003, Jos\u00e9 Mar\u00eda Aznar no pidi\u00f3 permiso a la C\u00e1mara Baja para consumar la participaci\u00f3n de Espa\u00f1a en el conflicto b\u00e9lico. \"Hace 23 a\u00f1os un presidente nos meti\u00f3 en una guerra ilegal y tard\u00f3 10 meses en comparecer en el Congreso. Hoy he anunciado una comparecencia para explicar la posici\u00f3n del Gobierno, que es la contraria a entonces: Espa\u00f1a no participa en la guerra\".","og_url":"https:\/\/vof-news.eu\/es\/sanchez-no-sometera-a-votacion-del-congreso-el-envio-de-la-fragata-colon-amparandose-en-la-ley-de-defensa-nacional\/","og_site_name":"vof-news.eu","article_published_time":"2026-03-06T14:36:24+00:00","article_modified_time":"2026-03-06T14:36:30+00:00","og_image":[{"width":1366,"height":911,"url":"https:\/\/vof-news.eu\/wp-content\/uploads\/2026\/03\/17728057498411.jpg","type":"image\/jpeg"}],"author":"Author","twitter_card":"summary_large_image","twitter_misc":{"Escrito por":"Author","Tiempo de lectura":"3 minutos"},"schema":{"@context":"https:\/\/schema.org","@graph":[{"@type":"WebPage","@id":"https:\/\/vof-news.eu\/es\/sanchez-no-sometera-a-votacion-del-congreso-el-envio-de-la-fragata-colon-amparandose-en-la-ley-de-defensa-nacional\/","url":"https:\/\/vof-news.eu\/es\/sanchez-no-sometera-a-votacion-del-congreso-el-envio-de-la-fragata-colon-amparandose-en-la-ley-de-defensa-nacional\/","name":"S\u00e1nchez no someter\u00e1 a votaci\u00f3n del Congreso el env\u00edo de la fragata Col\u00f3n ampar\u00e1ndose en la ley de Defensa Nacional - vof-news.eu","isPartOf":{"@id":"https:\/\/vof-news.eu\/es\/#website"},"primaryImageOfPage":{"@id":"https:\/\/vof-news.eu\/es\/sanchez-no-sometera-a-votacion-del-congreso-el-envio-de-la-fragata-colon-amparandose-en-la-ley-de-defensa-nacional\/#primaryimage"},"image":{"@id":"https:\/\/vof-news.eu\/es\/sanchez-no-sometera-a-votacion-del-congreso-el-envio-de-la-fragata-colon-amparandose-en-la-ley-de-defensa-nacional\/#primaryimage"},"thumbnailUrl":"https:\/\/vof-news.eu\/wp-content\/uploads\/2026\/03\/17728057498411.jpg","datePublished":"2026-03-06T14:36:24+00:00","dateModified":"2026-03-06T14:36:30+00:00","author":{"@id":"https:\/\/vof-news.eu\/es\/#\/schema\/person\/f6a2a4309f0561835797fd8c19b333ed"},"description":"El presidente del Gobierno, Pedro S\u00e1nchez, tiene previsto comparecer en el Congreso, en principio, a finales del mes de marzo para, entre otras cosas, informar sobre la posici\u00f3n del Ejecutivo ante el conflicto de Oriente Pr\u00f3ximo. Pero lo que no tiene previsto es someter a votaci\u00f3n el env\u00edo de la fragata Cristobal Col\u00f3n, uno de los barcos de guerra m\u00e1s modernos de la Armada, a Chipre para defender ese flanco de Europa de posibles ataques de Ir\u00e1n. El jefe del Ejecutivo se ampara en la ley de Defensa Nacional y en que el buque no se inserta en una misi\u00f3n militar nueva, sino que se contin\u00faa el trabajo que ya hac\u00eda en el B\u00e1ltico, s\u00f3lo que ahora en esta nueva ubicaci\u00f3n.\"Si nosotros defendemos la legalidad internacional, y esa es nuestra tranquilidad, en todos y cada uno de los conflictos que asolan el mundo, ajustamos nuestras decisiones a la legalidad nacional\", ha expuesto S\u00e1nchez en una comparecencia conjunta ante los medios con Luis Montenegro, primer ministro de Portugal, tras la celebraci\u00f3n de una nueva cumbre bilateral entre ambos pa\u00edses. Para S\u00e1nchez, lo que ha sucedido es que La Moncloa ha tomado la decisi\u00f3n de \"echar una mano a Chipre en una misi\u00f3n que es defensiva y nada ofensiva\". Y considera que \"se ajusta a la Ley Org\u00e1nica de Defensa Nacional\" aprobada por las Cortes en 2005.El PP hab\u00eda exigido al Gobierno que sometiera a votaci\u00f3n del Congreso el env\u00edo de la fragata Crist\u00f3bal Col\u00f3n. S\u00e1nchez se escuda en la ley para no tener que hacerlo. En concreto, en el Ejecutivo apelan al art\u00edculo 17 de la normativa sobre Defensa Nacional, de cuya redacci\u00f3n se desprende que el Gobierno est\u00e1 habilitado para ordenar operaciones en el exterior que est\u00e9n relacionadas con el inter\u00e9s nacional. Y en este caso, lo que explican es que se trata de la defensa de la frontera europea, por tanto de la frontera espa\u00f1ola y, en consecuencia, un asunto de inter\u00e9s nacional.El apartado 1 del punto 17 recoge: \"Para ordenar operaciones en el exterior que no est\u00e9n directamente relacionadas con la defensa de Espa\u00f1a o del inter\u00e9s nacional, el Gobierno realizar\u00e1 una consulta previa y recabar\u00e1 la autorizaci\u00f3n del Congreso de los Diputados\".El otro asidero al que se agarra el Gobierno para acudir a una votaci\u00f3n de la C\u00e1mara Baja es que el trabajo de la Crist\u00f3bal Col\u00f3n no es una nueva misi\u00f3n, sino que, explican, contin\u00faa las labores de escolta, adiestramiento y cooperaci\u00f3n bilateral con el grupo aeronaval franc\u00e9s del Charles de Gaulle que ya ven\u00edan desarrollando en el Mar B\u00e1ltico, otra frontera europea. \"No incumplimos ninguna ley. Lo que hacemos es cumplir con nuestros compromisos europeos\", se\u00f1alan fuentes del Ejecutivo.\"Esto es una misi\u00f3n europea formada por socios europeos en apoyo a un pa\u00eds europeo como Chipre y ese es el contexto por el cual est\u00e1 all\u00ed esta fragata espa\u00f1ola\", ha expuesto F\u00e9lix Bola\u00f1os este viernes a los medios a su llegada a un Consejo de ministros de Justicia de la Uni\u00f3n Europea.S\u00e1nchez ha negado que exista paralelismo alguno con lo sucedido hace 23 a\u00f1os con la guerra de Irak. Entonces, en 2003, Jos\u00e9 Mar\u00eda Aznar no pidi\u00f3 permiso a la C\u00e1mara Baja para consumar la participaci\u00f3n de Espa\u00f1a en el conflicto b\u00e9lico. \"Hace 23 a\u00f1os un presidente nos meti\u00f3 en una guerra ilegal y tard\u00f3 10 meses en comparecer en el Congreso. Hoy he anunciado una comparecencia para explicar la posici\u00f3n del Gobierno, que es la contraria a entonces: Espa\u00f1a no participa en la guerra\".","breadcrumb":{"@id":"https:\/\/vof-news.eu\/es\/sanchez-no-sometera-a-votacion-del-congreso-el-envio-de-la-fragata-colon-amparandose-en-la-ley-de-defensa-nacional\/#breadcrumb"},"inLanguage":"es","potentialAction":[{"@type":"ReadAction","target":["https:\/\/vof-news.eu\/es\/sanchez-no-sometera-a-votacion-del-congreso-el-envio-de-la-fragata-colon-amparandose-en-la-ley-de-defensa-nacional\/"]}]},{"@type":"ImageObject","inLanguage":"es","@id":"https:\/\/vof-news.eu\/es\/sanchez-no-sometera-a-votacion-del-congreso-el-envio-de-la-fragata-colon-amparandose-en-la-ley-de-defensa-nacional\/#primaryimage","url":"https:\/\/vof-news.eu\/wp-content\/uploads\/2026\/03\/17728057498411.jpg","contentUrl":"https:\/\/vof-news.eu\/wp-content\/uploads\/2026\/03\/17728057498411.jpg","width":1366,"height":911,"caption":"Spain's Prime Minister Pedro Sanchez gestures during a joint press conference with Portugal's Prime Minister Luis Montenegro during a Spain-Portugal summit held at the La Rabida Monastery in Palos de la Frontera on March 6, 2026. (Photo by CRISTINA QUICLER \/ AFP)"},{"@type":"BreadcrumbList","@id":"https:\/\/vof-news.eu\/es\/sanchez-no-sometera-a-votacion-del-congreso-el-envio-de-la-fragata-colon-amparandose-en-la-ley-de-defensa-nacional\/#breadcrumb","itemListElement":[{"@type":"ListItem","position":1,"name":"Home","item":"https:\/\/vof-news.eu\/es\/"},{"@type":"ListItem","position":2,"name":"S\u00e1nchez no someter\u00e1 a votaci\u00f3n del Congreso el env\u00edo de la fragata Col\u00f3n ampar\u00e1ndose en la ley de Defensa Nacional"}]},{"@type":"WebSite","@id":"https:\/\/vof-news.eu\/es\/#website","url":"https:\/\/vof-news.eu\/es\/","name":"vof-news.eu","description":"","potentialAction":[{"@type":"SearchAction","target":{"@type":"EntryPoint","urlTemplate":"https:\/\/vof-news.eu\/es\/?s={search_term_string}"},"query-input":"required name=search_term_string"}],"inLanguage":"es"},{"@type":"Person","@id":"https:\/\/vof-news.eu\/es\/#\/schema\/person\/f6a2a4309f0561835797fd8c19b333ed","name":"Author","image":{"@type":"ImageObject","inLanguage":"es","@id":"https:\/\/vof-news.eu\/es\/#\/schema\/person\/image\/","url":"https:\/\/secure.gravatar.com\/avatar\/b67e614b1b25b3e9c0c239efdd2fde5ab015b5affd6f1c3c85911ca4b384e790?s=96&d=mm&r=g","contentUrl":"https:\/\/secure.gravatar.com\/avatar\/b67e614b1b25b3e9c0c239efdd2fde5ab015b5affd6f1c3c85911ca4b384e790?s=96&d=mm&r=g","caption":"Author"},"sameAs":["http:\/\/vof-news.eu"],"url":"https:\/\/vof-news.eu\/es\/author\/zwt6qxnjulxbnyg\/"}]}},"yoast_meta":{"yoast_wpseo_title":"","yoast_wpseo_metadesc":"","yoast_wpseo_canonical":""},"_links":{"self":[{"href":"https:\/\/vof-news.eu\/es\/wp-json\/wp\/v2\/posts\/328243","targetHints":{"allow":["GET"]}}],"collection":[{"href":"https:\/\/vof-news.eu\/es\/wp-json\/wp\/v2\/posts"}],"about":[{"href":"https:\/\/vof-news.eu\/es\/wp-json\/wp\/v2\/types\/post"}],"author":[{"embeddable":true,"href":"https:\/\/vof-news.eu\/es\/wp-json\/wp\/v2\/users\/1"}],"replies":[{"embeddable":true,"href":"https:\/\/vof-news.eu\/es\/wp-json\/wp\/v2\/comments?post=328243"}],"version-history":[{"count":1,"href":"https:\/\/vof-news.eu\/es\/wp-json\/wp\/v2\/posts\/328243\/revisions"}],"predecessor-version":[{"id":328249,"href":"https:\/\/vof-news.eu\/es\/wp-json\/wp\/v2\/posts\/328243\/revisions\/328249"}],"wp:featuredmedia":[{"embeddable":true,"href":"https:\/\/vof-news.eu\/es\/wp-json\/wp\/v2\/media\/328227"}],"wp:attachment":[{"href":"https:\/\/vof-news.eu\/es\/wp-json\/wp\/v2\/media?parent=328243"}],"wp:term":[{"taxonomy":"category","embeddable":true,"href":"https:\/\/vof-news.eu\/es\/wp-json\/wp\/v2\/categories?post=328243"},{"taxonomy":"post_tag","embeddable":true,"href":"https:\/\/vof-news.eu\/es\/wp-json\/wp\/v2\/tags?post=328243"}],"curies":[{"name":"wp","href":"https:\/\/api.w.org\/{rel}","templated":true}]}}